{"id":4970,"date":"2025-07-29T13:50:05","date_gmt":"2025-07-29T16:50:05","guid":{"rendered":"https:\/\/modoviajeok.com.ar\/?p=4970"},"modified":"2025-07-30T09:40:21","modified_gmt":"2025-07-30T12:40:21","slug":"segun-el-indec-1-200-00-argentinos-viajaron-al-exterior-en-junio","status":"publish","type":"post","link":"https:\/\/modoviajeok.com.ar\/index.php\/2025\/07\/29\/segun-el-indec-1-200-00-argentinos-viajaron-al-exterior-en-junio\/","title":{"rendered":"Seg\u00fan el INDEC, 1.200.000 argentinos viajaron al exterior en junio"},"content":{"rendered":"\n<figure class=\"wp-block-pullquote\"><blockquote><p>C\u00f3rdoba fue una de las grandes protagonistas del movimiento tur\u00edstico hacia el exterior. 182 mil cordobeses salieron del pa\u00eds. <\/p><\/blockquote><\/figure>\n\n\n\n<p><\/p>\n\n\n\n<p>En un contexto de tipo de cambio a\u00fan favorable para los consumos en el exterior,&nbsp;el turismo emisivo volvi\u00f3 a superar con fuerza al receptivo en la Argentina. Durante junio, salieron del pa\u00eds m\u00e1s del doble de residentes respecto de los turistas que arribaron, marcando el mayor desequilibrio en una d\u00e9cada y dejando un fuerte impacto en la balanza de divisas del sector.<\/p>\n\n\n\n<p>De acuerdo con el \u00faltimo informe de turismo internacional elaborado por el Instituto Nacional de Estad\u00edstica y Censos (Indec), en junio se registraron&nbsp;1,2 millones de salidas&nbsp;de residentes hacia el exterior, frente a&nbsp;542 mil ingresos&nbsp;de viajeros no residentes. Esa diferencia implic\u00f3 un saldo negativo de m\u00e1s de&nbsp;677 mil personas, consolidando una tendencia que se arrastra desde el inicio del a\u00f1o.<\/p>\n\n\n\n<p>El&nbsp;d\u00e9ficit del turismo internacional&nbsp;alcanz\u00f3 los&nbsp;2.300 millones de d\u00f3lares&nbsp;en el primer semestre, una cifra que triplica el rojo registrado en el mismo per\u00edodo del a\u00f1o anterior. La raz\u00f3n principal, seg\u00fan se desprende del reporte oficial, es el fuerte incremento del turismo emisivo: entre enero y junio se concretaron&nbsp;10,9 millones de salidas, un aumento del&nbsp;54,6%&nbsp;en comparaci\u00f3n con 2024. En contraste, los viajes hacia la Argentina cayeron&nbsp;23,6%, con apenas&nbsp;4,4 millones de ingresos.<\/p>\n\n\n\n<p>El gasto tambi\u00e9n evidenci\u00f3 el desbalance: mientras que los argentinos que viajaron al exterior desembolsaron&nbsp;3.847 millones de d\u00f3lares&nbsp;en el semestre, los turistas extranjeros que visitaron el pa\u00eds dejaron apenas&nbsp;1.518 millones.<\/p>\n\n\n\n<p>Entre los destinos m\u00e1s elegidos por los argentinos figuran&nbsp;Brasil y Chile, que concentraron m\u00e1s de un tercio del turismo saliente. La mayor parte de los traslados al exterior se realiz\u00f3 por v\u00eda a\u00e9rea (57%), aunque el transporte terrestre tambi\u00e9n tuvo un rol importante (35,9%).<\/p>\n\n\n\n<p><strong>C\u00f3rdoba entre las provincias con m\u00e1s salidas<\/strong><\/p>\n\n\n\n<p>La provincia de C\u00f3rdoba fue una de las grandes protagonistas del movimiento tur\u00edstico hacia el exterior. De los&nbsp;argentinos que viajaron fuera del pa\u00eds en junio,&nbsp;182 mil fueron cordobeses, lo que representa una participaci\u00f3n significativa dentro del total nacional.<\/p>\n\n\n\n<p>Por el lado del&nbsp;turismo receptivo, el 71,7% de los viajeros no residentes que llegaron al pa\u00eds proven\u00edan de pa\u00edses vecinos.&nbsp;Brasil, Uruguay y Chile&nbsp;encabezaron el ranking de nacionalidades. El&nbsp;gasto promedio diario&nbsp;de esos visitantes fue de&nbsp;91,8 d\u00f3lares, siendo los brasile\u00f1os los que m\u00e1s gastaron por jornada, con un promedio de&nbsp;119,9 d\u00f3lares.<\/p>\n\n\n\n<p>El Indec tambi\u00e9n revel\u00f3 datos sobre la duraci\u00f3n de las estad\u00edas: los turistas argentinos permanecieron en promedio&nbsp;13,9 noches&nbsp;fuera del pa\u00eds, con picos en destinos como Europa (23,2 noches) y otras regiones fuera de Am\u00e9rica del Sur. En cambio, los visitantes extranjeros que ingresaron a la Argentina pasaron&nbsp;11,8 noches&nbsp;en promedio, siendo los europeos quienes extendieron m\u00e1s su permanencia.<\/p>\n\n\n\n<p>Esta nota fue publicada en <a href=\"https:\/\/www.perfil.com\/noticias\/cordoba\/boom-de-viajes-al-exterior-cordoba-aporta-182-mil-turistas-y-el-deficit-supera-los-usd-2300-millones.phtml\">Diario Perfil C\u00f3rdoba<\/a><a href=\" https:\/\/www.perfil.com\/noticias\/cordoba\/boom-de-viajes-al-exterior-cordoba-aporta-182-mil-turistas-y-el-deficit-supera-los-usd-2300-millones.phtml\"> <\/a><\/p>\n\n\n\n<p><\/p>\n\n\n      <div class=\"wp_bannerize_container wp_bannerize_layout_vertical\">\n\n        <div class=\"wp_bannerize_banner_box wp_bannerize_category_intertexto-1\" data-title=\"Modo viaje\" data-mime_type=\"image-gif\" data-banner_id=\"1783\" id=\"wpbanner-1783\" data-impressions_enabled=\"true\" data-clicks_enabled=\"true\"><a href=\"https:\/\/www.instagram.com\/modoviaje.ok?igsh=Z3c5emxsZWFtdXN3\"><img decoding=\"async\" border=\"0\" src=\"https:\/\/modoviajeok.com.ar\/wp-content\/uploads\/2025\/02\/modoviaje.ok-300-x-250-px.gif\" alt=\"Modo viaje\" title=\"Modo viaje\" \/><\/a><\/div>      <\/div>\n\n\n","protected":false},"excerpt":{"rendered":"<p>C\u00f3rdoba fue una de las grandes protagonistas del movimiento tur\u00edstico hacia el exterior. 182 mil cordobeses salieron del pa\u00eds. En un contexto de tipo de cambio a\u00fan favorable para los consumos en el exterior,&nbsp;el turismo emisivo volvi\u00f3 a superar con fuerza al receptivo en la Argentina. Durante junio, salieron del pa\u00eds m\u00e1s del doble de [&hellip;]<\/p>\n","protected":false},"author":3,"featured_media":4971,"comment_status":"open","ping_status":"open","sticky":false,"template":"","format":"standard","meta":{"_acf_changed":false,"footnotes":""},"categories":[13,10],"tags":[31,48],"class_list":{"0":"post-4970","1":"post","2":"type-post","3":"status-publish","4":"format-standard","5":"has-post-thumbnail","7":"category-argentina","8":"category-noticias","9":"tag-argentina","10":"tag-cordoba"},"acf":[],"yoast_head":"<!-- This site is optimized with the Yoast SEO plugin v24.8.1 - https:\/\/yoast.com\/wordpress\/plugins\/seo\/ -->\n<title>Seg\u00fan el INDEC, 1.200.000 argentinos viajaron al exterior en junio -<\/title>\n<meta name=\"robots\" content=\"index, follow, max-snippet:-1, max-image-preview:large, max-video-preview:-1\" \/>\n<link rel=\"canonical\" href=\"https:\/\/modoviajeok.com.ar\/index.php\/2025\/07\/29\/segun-el-indec-1-200-00-argentinos-viajaron-al-exterior-en-junio\/\" \/>\n<meta property=\"og:locale\" content=\"es_ES\" \/>\n<meta property=\"og:type\" content=\"article\" \/>\n<meta property=\"og:title\" content=\"Seg\u00fan el INDEC, 1.200.000 argentinos viajaron al exterior en junio -\" \/>\n<meta property=\"og:description\" content=\"C\u00f3rdoba fue una de las grandes protagonistas del movimiento tur\u00edstico hacia el exterior. 182 mil cordobeses salieron del pa\u00eds. En un contexto de tipo de cambio a\u00fan favorable para los consumos en el exterior,&nbsp;el turismo emisivo volvi\u00f3 a superar con fuerza al receptivo en la Argentina. Durante junio, salieron del pa\u00eds m\u00e1s del doble de [&hellip;]\" \/>\n<meta property=\"og:url\" content=\"https:\/\/modoviajeok.com.ar\/index.php\/2025\/07\/29\/segun-el-indec-1-200-00-argentinos-viajaron-al-exterior-en-junio\/\" \/>\n<meta property=\"article:publisher\" content=\"https:\/\/www.facebook.com\/mariana.otero1\/\" \/>\n<meta property=\"article:published_time\" content=\"2025-07-29T16:50:05+00:00\" \/>\n<meta property=\"article:modified_time\" content=\"2025-07-30T12:40:21+00:00\" \/>\n<meta property=\"og:image\" content=\"https:\/\/modoviajeok.com.ar\/wp-content\/uploads\/2025\/07\/depositphotos_47106619-stock-photo-businessman-at-the-airport.webp\" \/>\n\t<meta property=\"og:image:width\" content=\"600\" \/>\n\t<meta property=\"og:image:height\" content=\"400\" \/>\n\t<meta property=\"og:image:type\" content=\"image\/webp\" \/>\n<meta name=\"author\" content=\"Pepe Segura\" \/>\n<meta name=\"twitter:card\" content=\"summary_large_image\" \/>\n<meta name=\"twitter:label1\" content=\"Escrito por\" \/>\n\t<meta name=\"twitter:data1\" content=\"Pepe Segura\" \/>\n\t<meta name=\"twitter:label2\" content=\"Tiempo de lectura\" \/>\n\t<meta name=\"twitter:data2\" content=\"3 minutos\" \/>\n<script type=\"application\/ld+json\" class=\"yoast-schema-graph\">{\"@context\":\"https:\/\/schema.org\",\"@graph\":[{\"@type\":\"Article\",\"@id\":\"https:\/\/modoviajeok.com.ar\/index.php\/2025\/07\/29\/segun-el-indec-1-200-00-argentinos-viajaron-al-exterior-en-junio\/#article\",\"isPartOf\":{\"@id\":\"https:\/\/modoviajeok.com.ar\/index.php\/2025\/07\/29\/segun-el-indec-1-200-00-argentinos-viajaron-al-exterior-en-junio\/\"},\"author\":{\"name\":\"Pepe Segura\",\"@id\":\"https:\/\/modoviajeok.com.ar\/#\/schema\/person\/2e299ed0d3d412a01d244fe28260d7f5\"},\"headline\":\"Seg\u00fan el INDEC, 1.200.000 argentinos viajaron al exterior en junio\",\"datePublished\":\"2025-07-29T16:50:05+00:00\",\"dateModified\":\"2025-07-30T12:40:21+00:00\",\"mainEntityOfPage\":{\"@id\":\"https:\/\/modoviajeok.com.ar\/index.php\/2025\/07\/29\/segun-el-indec-1-200-00-argentinos-viajaron-al-exterior-en-junio\/\"},\"wordCount\":547,\"commentCount\":0,\"publisher\":{\"@id\":\"https:\/\/modoviajeok.com.ar\/#organization\"},\"image\":{\"@id\":\"https:\/\/modoviajeok.com.ar\/index.php\/2025\/07\/29\/segun-el-indec-1-200-00-argentinos-viajaron-al-exterior-en-junio\/#primaryimage\"},\"thumbnailUrl\":\"https:\/\/modoviajeok.com.ar\/wp-content\/uploads\/2025\/07\/depositphotos_47106619-stock-photo-businessman-at-the-airport.webp\",\"keywords\":[\"argentina\",\"c\u00f3rdoba\"],\"articleSection\":[\"Argentina\",\"Noticias\"],\"inLanguage\":\"es\",\"potentialAction\":[{\"@type\":\"CommentAction\",\"name\":\"Comment\",\"target\":[\"https:\/\/modoviajeok.com.ar\/index.php\/2025\/07\/29\/segun-el-indec-1-200-00-argentinos-viajaron-al-exterior-en-junio\/#respond\"]}]},{\"@type\":\"WebPage\",\"@id\":\"https:\/\/modoviajeok.com.ar\/index.php\/2025\/07\/29\/segun-el-indec-1-200-00-argentinos-viajaron-al-exterior-en-junio\/\",\"url\":\"https:\/\/modoviajeok.com.ar\/index.php\/2025\/07\/29\/segun-el-indec-1-200-00-argentinos-viajaron-al-exterior-en-junio\/\",\"name\":\"Seg\u00fan el INDEC, 1.200.000 argentinos viajaron al exterior en junio -\",\"isPartOf\":{\"@id\":\"https:\/\/modoviajeok.com.ar\/#website\"},\"primaryImageOfPage\":{\"@id\":\"https:\/\/modoviajeok.com.ar\/index.php\/2025\/07\/29\/segun-el-indec-1-200-00-argentinos-viajaron-al-exterior-en-junio\/#primaryimage\"},\"image\":{\"@id\":\"https:\/\/modoviajeok.com.ar\/index.php\/2025\/07\/29\/segun-el-indec-1-200-00-argentinos-viajaron-al-exterior-en-junio\/#primaryimage\"},\"thumbnailUrl\":\"https:\/\/modoviajeok.com.ar\/wp-content\/uploads\/2025\/07\/depositphotos_47106619-stock-photo-businessman-at-the-airport.webp\",\"datePublished\":\"2025-07-29T16:50:05+00:00\",\"dateModified\":\"2025-07-30T12:40:21+00:00\",\"breadcrumb\":{\"@id\":\"https:\/\/modoviajeok.com.ar\/index.php\/2025\/07\/29\/segun-el-indec-1-200-00-argentinos-viajaron-al-exterior-en-junio\/#breadcrumb\"},\"inLanguage\":\"es\",\"potentialAction\":[{\"@type\":\"ReadAction\",\"target\":[\"https:\/\/modoviajeok.com.ar\/index.php\/2025\/07\/29\/segun-el-indec-1-200-00-argentinos-viajaron-al-exterior-en-junio\/\"]}]},{\"@type\":\"ImageObject\",\"inLanguage\":\"es\",\"@id\":\"https:\/\/modoviajeok.com.ar\/index.php\/2025\/07\/29\/segun-el-indec-1-200-00-argentinos-viajaron-al-exterior-en-junio\/#primaryimage\",\"url\":\"https:\/\/modoviajeok.com.ar\/wp-content\/uploads\/2025\/07\/depositphotos_47106619-stock-photo-businessman-at-the-airport.webp\",\"contentUrl\":\"https:\/\/modoviajeok.com.ar\/wp-content\/uploads\/2025\/07\/depositphotos_47106619-stock-photo-businessman-at-the-airport.webp\",\"width\":600,\"height\":400},{\"@type\":\"BreadcrumbList\",\"@id\":\"https:\/\/modoviajeok.com.ar\/index.php\/2025\/07\/29\/segun-el-indec-1-200-00-argentinos-viajaron-al-exterior-en-junio\/#breadcrumb\",\"itemListElement\":[{\"@type\":\"ListItem\",\"position\":1,\"name\":\"Portada\",\"item\":\"https:\/\/modoviajeok.com.ar\/\"},{\"@type\":\"ListItem\",\"position\":2,\"name\":\"Seg\u00fan el INDEC, 1.200.000 argentinos viajaron al exterior en junio\"}]},{\"@type\":\"WebSite\",\"@id\":\"https:\/\/modoviajeok.com.ar\/#website\",\"url\":\"https:\/\/modoviajeok.com.ar\/\",\"name\":\"ModoViajeOK\",\"description\":\"\",\"publisher\":{\"@id\":\"https:\/\/modoviajeok.com.ar\/#organization\"},\"potentialAction\":[{\"@type\":\"SearchAction\",\"target\":{\"@type\":\"EntryPoint\",\"urlTemplate\":\"https:\/\/modoviajeok.com.ar\/?s={search_term_string}\"},\"query-input\":{\"@type\":\"PropertyValueSpecification\",\"valueRequired\":true,\"valueName\":\"search_term_string\"}}],\"inLanguage\":\"es\"},{\"@type\":\"Organization\",\"@id\":\"https:\/\/modoviajeok.com.ar\/#organization\",\"name\":\"ModoViajeOK\",\"url\":\"https:\/\/modoviajeok.com.ar\/\",\"logo\":{\"@type\":\"ImageObject\",\"inLanguage\":\"es\",\"@id\":\"https:\/\/modoviajeok.com.ar\/#\/schema\/logo\/image\/\",\"url\":\"https:\/\/modoviajeok.com.ar\/wp-content\/uploads\/2025\/01\/Logo-modoviajeok.png\",\"contentUrl\":\"https:\/\/modoviajeok.com.ar\/wp-content\/uploads\/2025\/01\/Logo-modoviajeok.png\",\"width\":2938,\"height\":2276,\"caption\":\"ModoViajeOK\"},\"image\":{\"@id\":\"https:\/\/modoviajeok.com.ar\/#\/schema\/logo\/image\/\"},\"sameAs\":[\"https:\/\/www.facebook.com\/mariana.otero1\/\",\"https:\/\/www.instagram.com\/modoviaje.ok\/\"]},{\"@type\":\"Person\",\"@id\":\"https:\/\/modoviajeok.com.ar\/#\/schema\/person\/2e299ed0d3d412a01d244fe28260d7f5\",\"name\":\"Pepe Segura\",\"image\":{\"@type\":\"ImageObject\",\"inLanguage\":\"es\",\"@id\":\"https:\/\/modoviajeok.com.ar\/#\/schema\/person\/image\/\",\"url\":\"https:\/\/secure.gravatar.com\/avatar\/65eb4b34deed761327f5b2c5535b987318ae807900ac46426de7258f5de6d345?s=96&d=mm&r=g\",\"contentUrl\":\"https:\/\/secure.gravatar.com\/avatar\/65eb4b34deed761327f5b2c5535b987318ae807900ac46426de7258f5de6d345?s=96&d=mm&r=g\",\"caption\":\"Pepe Segura\"},\"url\":\"https:\/\/modoviajeok.com.ar\/index.php\/author\/pepe2025\/\"}]}<\/script>\n<!-- \/ Yoast SEO plugin. -->","yoast_head_json":{"title":"Seg\u00fan el INDEC, 1.200.000 argentinos viajaron al exterior en junio -","robots":{"index":"index","follow":"follow","max-snippet":"max-snippet:-1","max-image-preview":"max-image-preview:large","max-video-preview":"max-video-preview:-1"},"canonical":"https:\/\/modoviajeok.com.ar\/index.php\/2025\/07\/29\/segun-el-indec-1-200-00-argentinos-viajaron-al-exterior-en-junio\/","og_locale":"es_ES","og_type":"article","og_title":"Seg\u00fan el INDEC, 1.200.000 argentinos viajaron al exterior en junio -","og_description":"C\u00f3rdoba fue una de las grandes protagonistas del movimiento tur\u00edstico hacia el exterior. 182 mil cordobeses salieron del pa\u00eds. En un contexto de tipo de cambio a\u00fan favorable para los consumos en el exterior,&nbsp;el turismo emisivo volvi\u00f3 a superar con fuerza al receptivo en la Argentina. Durante junio, salieron del pa\u00eds m\u00e1s del doble de [&hellip;]","og_url":"https:\/\/modoviajeok.com.ar\/index.php\/2025\/07\/29\/segun-el-indec-1-200-00-argentinos-viajaron-al-exterior-en-junio\/","article_publisher":"https:\/\/www.facebook.com\/mariana.otero1\/","article_published_time":"2025-07-29T16:50:05+00:00","article_modified_time":"2025-07-30T12:40:21+00:00","og_image":[{"width":600,"height":400,"url":"https:\/\/modoviajeok.com.ar\/wp-content\/uploads\/2025\/07\/depositphotos_47106619-stock-photo-businessman-at-the-airport.webp","type":"image\/webp"}],"author":"Pepe Segura","twitter_card":"summary_large_image","twitter_misc":{"Escrito por":"Pepe Segura","Tiempo de lectura":"3 minutos"},"schema":{"@context":"https:\/\/schema.org","@graph":[{"@type":"Article","@id":"https:\/\/modoviajeok.com.ar\/index.php\/2025\/07\/29\/segun-el-indec-1-200-00-argentinos-viajaron-al-exterior-en-junio\/#article","isPartOf":{"@id":"https:\/\/modoviajeok.com.ar\/index.php\/2025\/07\/29\/segun-el-indec-1-200-00-argentinos-viajaron-al-exterior-en-junio\/"},"author":{"name":"Pepe Segura","@id":"https:\/\/modoviajeok.com.ar\/#\/schema\/person\/2e299ed0d3d412a01d244fe28260d7f5"},"headline":"Seg\u00fan el INDEC, 1.200.000 argentinos viajaron al exterior en junio","datePublished":"2025-07-29T16:50:05+00:00","dateModified":"2025-07-30T12:40:21+00:00","mainEntityOfPage":{"@id":"https:\/\/modoviajeok.com.ar\/index.php\/2025\/07\/29\/segun-el-indec-1-200-00-argentinos-viajaron-al-exterior-en-junio\/"},"wordCount":547,"commentCount":0,"publisher":{"@id":"https:\/\/modoviajeok.com.ar\/#organization"},"image":{"@id":"https:\/\/modoviajeok.com.ar\/index.php\/2025\/07\/29\/segun-el-indec-1-200-00-argentinos-viajaron-al-exterior-en-junio\/#primaryimage"},"thumbnailUrl":"https:\/\/modoviajeok.com.ar\/wp-content\/uploads\/2025\/07\/depositphotos_47106619-stock-photo-businessman-at-the-airport.webp","keywords":["argentina","c\u00f3rdoba"],"articleSection":["Argentina","Noticias"],"inLanguage":"es","potentialAction":[{"@type":"CommentAction","name":"Comment","target":["https:\/\/modoviajeok.com.ar\/index.php\/2025\/07\/29\/segun-el-indec-1-200-00-argentinos-viajaron-al-exterior-en-junio\/#respond"]}]},{"@type":"WebPage","@id":"https:\/\/modoviajeok.com.ar\/index.php\/2025\/07\/29\/segun-el-indec-1-200-00-argentinos-viajaron-al-exterior-en-junio\/","url":"https:\/\/modoviajeok.com.ar\/index.php\/2025\/07\/29\/segun-el-indec-1-200-00-argentinos-viajaron-al-exterior-en-junio\/","name":"Seg\u00fan el INDEC, 1.200.000 argentinos viajaron al exterior en junio -","isPartOf":{"@id":"https:\/\/modoviajeok.com.ar\/#website"},"primaryImageOfPage":{"@id":"https:\/\/modoviajeok.com.ar\/index.php\/2025\/07\/29\/segun-el-indec-1-200-00-argentinos-viajaron-al-exterior-en-junio\/#primaryimage"},"image":{"@id":"https:\/\/modoviajeok.com.ar\/index.php\/2025\/07\/29\/segun-el-indec-1-200-00-argentinos-viajaron-al-exterior-en-junio\/#primaryimage"},"thumbnailUrl":"https:\/\/modoviajeok.com.ar\/wp-content\/uploads\/2025\/07\/depositphotos_47106619-stock-photo-businessman-at-the-airport.webp","datePublished":"2025-07-29T16:50:05+00:00","dateModified":"2025-07-30T12:40:21+00:00","breadcrumb":{"@id":"https:\/\/modoviajeok.com.ar\/index.php\/2025\/07\/29\/segun-el-indec-1-200-00-argentinos-viajaron-al-exterior-en-junio\/#breadcrumb"},"inLanguage":"es","potentialAction":[{"@type":"ReadAction","target":["https:\/\/modoviajeok.com.ar\/index.php\/2025\/07\/29\/segun-el-indec-1-200-00-argentinos-viajaron-al-exterior-en-junio\/"]}]},{"@type":"ImageObject","inLanguage":"es","@id":"https:\/\/modoviajeok.com.ar\/index.php\/2025\/07\/29\/segun-el-indec-1-200-00-argentinos-viajaron-al-exterior-en-junio\/#primaryimage","url":"https:\/\/modoviajeok.com.ar\/wp-content\/uploads\/2025\/07\/depositphotos_47106619-stock-photo-businessman-at-the-airport.webp","contentUrl":"https:\/\/modoviajeok.com.ar\/wp-content\/uploads\/2025\/07\/depositphotos_47106619-stock-photo-businessman-at-the-airport.webp","width":600,"height":400},{"@type":"BreadcrumbList","@id":"https:\/\/modoviajeok.com.ar\/index.php\/2025\/07\/29\/segun-el-indec-1-200-00-argentinos-viajaron-al-exterior-en-junio\/#breadcrumb","itemListElement":[{"@type":"ListItem","position":1,"name":"Portada","item":"https:\/\/modoviajeok.com.ar\/"},{"@type":"ListItem","position":2,"name":"Seg\u00fan el INDEC, 1.200.000 argentinos viajaron al exterior en junio"}]},{"@type":"WebSite","@id":"https:\/\/modoviajeok.com.ar\/#website","url":"https:\/\/modoviajeok.com.ar\/","name":"ModoViajeOK","description":"","publisher":{"@id":"https:\/\/modoviajeok.com.ar\/#organization"},"potentialAction":[{"@type":"SearchAction","target":{"@type":"EntryPoint","urlTemplate":"https:\/\/modoviajeok.com.ar\/?s={search_term_string}"},"query-input":{"@type":"PropertyValueSpecification","valueRequired":true,"valueName":"search_term_string"}}],"inLanguage":"es"},{"@type":"Organization","@id":"https:\/\/modoviajeok.com.ar\/#organization","name":"ModoViajeOK","url":"https:\/\/modoviajeok.com.ar\/","logo":{"@type":"ImageObject","inLanguage":"es","@id":"https:\/\/modoviajeok.com.ar\/#\/schema\/logo\/image\/","url":"https:\/\/modoviajeok.com.ar\/wp-content\/uploads\/2025\/01\/Logo-modoviajeok.png","contentUrl":"https:\/\/modoviajeok.com.ar\/wp-content\/uploads\/2025\/01\/Logo-modoviajeok.png","width":2938,"height":2276,"caption":"ModoViajeOK"},"image":{"@id":"https:\/\/modoviajeok.com.ar\/#\/schema\/logo\/image\/"},"sameAs":["https:\/\/www.facebook.com\/mariana.otero1\/","https:\/\/www.instagram.com\/modoviaje.ok\/"]},{"@type":"Person","@id":"https:\/\/modoviajeok.com.ar\/#\/schema\/person\/2e299ed0d3d412a01d244fe28260d7f5","name":"Pepe Segura","image":{"@type":"ImageObject","inLanguage":"es","@id":"https:\/\/modoviajeok.com.ar\/#\/schema\/person\/image\/","url":"https:\/\/secure.gravatar.com\/avatar\/65eb4b34deed761327f5b2c5535b987318ae807900ac46426de7258f5de6d345?s=96&d=mm&r=g","contentUrl":"https:\/\/secure.gravatar.com\/avatar\/65eb4b34deed761327f5b2c5535b987318ae807900ac46426de7258f5de6d345?s=96&d=mm&r=g","caption":"Pepe Segura"},"url":"https:\/\/modoviajeok.com.ar\/index.php\/author\/pepe2025\/"}]}},"_links":{"self":[{"href":"https:\/\/modoviajeok.com.ar\/index.php\/wp-json\/wp\/v2\/posts\/4970","targetHints":{"allow":["GET"]}}],"collection":[{"href":"https:\/\/modoviajeok.com.ar\/index.php\/wp-json\/wp\/v2\/posts"}],"about":[{"href":"https:\/\/modoviajeok.com.ar\/index.php\/wp-json\/wp\/v2\/types\/post"}],"author":[{"embeddable":true,"href":"https:\/\/modoviajeok.com.ar\/index.php\/wp-json\/wp\/v2\/users\/3"}],"replies":[{"embeddable":true,"href":"https:\/\/modoviajeok.com.ar\/index.php\/wp-json\/wp\/v2\/comments?post=4970"}],"version-history":[{"count":3,"href":"https:\/\/modoviajeok.com.ar\/index.php\/wp-json\/wp\/v2\/posts\/4970\/revisions"}],"predecessor-version":[{"id":4980,"href":"https:\/\/modoviajeok.com.ar\/index.php\/wp-json\/wp\/v2\/posts\/4970\/revisions\/4980"}],"wp:featuredmedia":[{"embeddable":true,"href":"https:\/\/modoviajeok.com.ar\/index.php\/wp-json\/wp\/v2\/media\/4971"}],"wp:attachment":[{"href":"https:\/\/modoviajeok.com.ar\/index.php\/wp-json\/wp\/v2\/media?parent=4970"}],"wp:term":[{"taxonomy":"category","embeddable":true,"href":"https:\/\/modoviajeok.com.ar\/index.php\/wp-json\/wp\/v2\/categories?post=4970"},{"taxonomy":"post_tag","embeddable":true,"href":"https:\/\/modoviajeok.com.ar\/index.php\/wp-json\/wp\/v2\/tags?post=4970"}],"curies":[{"name":"wp","href":"https:\/\/api.w.org\/{rel}","templated":true}]}}