{"id":4998,"date":"2025-08-14T00:23:12","date_gmt":"2025-08-14T03:23:12","guid":{"rendered":"https:\/\/modoviajeok.com.ar\/?p=4998"},"modified":"2025-09-17T22:24:57","modified_gmt":"2025-09-18T01:24:57","slug":"lisboa-vibra-a-la-vera-del-tajo","status":"publish","type":"post","link":"https:\/\/modoviajeok.com.ar\/index.php\/2025\/08\/14\/lisboa-vibra-a-la-vera-del-tajo\/","title":{"rendered":"Lisboa vibra a la vera del Tajo"},"content":{"rendered":"\n<h2 class=\"wp-block-heading\">La capital portuguesa es una de las ciudades con m\u00e1s encanto de Europa. Conocida como la \u00abciudad de las siete colinas\u00bb, es ideal para recorrerla en tres o cuatro d\u00edas.<\/h2>\n\n\n\n<figure class=\"wp-block-image size-full\"><img loading=\"lazy\" decoding=\"async\" width=\"1439\" height=\"2560\" src=\"https:\/\/modoviajeok.com.ar\/wp-content\/uploads\/2025\/08\/IMG_20230818_091654-scaled.jpg\" alt=\"\" class=\"wp-image-5022\" srcset=\"https:\/\/modoviajeok.com.ar\/wp-content\/uploads\/2025\/08\/IMG_20230818_091654-scaled.jpg 1439w, https:\/\/modoviajeok.com.ar\/wp-content\/uploads\/2025\/08\/IMG_20230818_091654-768x1367.jpg 768w, https:\/\/modoviajeok.com.ar\/wp-content\/uploads\/2025\/08\/IMG_20230818_091654-863x1536.jpg 863w, https:\/\/modoviajeok.com.ar\/wp-content\/uploads\/2025\/08\/IMG_20230818_091654-1151x2048.jpg 1151w, https:\/\/modoviajeok.com.ar\/wp-content\/uploads\/2025\/08\/IMG_20230818_091654-236x420.jpg 236w, https:\/\/modoviajeok.com.ar\/wp-content\/uploads\/2025\/08\/IMG_20230818_091654-150x267.jpg 150w, https:\/\/modoviajeok.com.ar\/wp-content\/uploads\/2025\/08\/IMG_20230818_091654-300x534.jpg 300w, https:\/\/modoviajeok.com.ar\/wp-content\/uploads\/2025\/08\/IMG_20230818_091654-696x1238.jpg 696w, https:\/\/modoviajeok.com.ar\/wp-content\/uploads\/2025\/08\/IMG_20230818_091654-1068x1900.jpg 1068w, https:\/\/modoviajeok.com.ar\/wp-content\/uploads\/2025\/08\/IMG_20230818_091654-1920x3416.jpg 1920w\" sizes=\"auto, (max-width: 1439px) 100vw, 1439px\" \/><\/figure>\n\n\n\n<p>Amor a primera vista: as\u00ed nos cautiv\u00f3 Lisboa,&nbsp; la capital de Portugal. La llamada \u00abciudad de las siete colinas\u00bb es cultural, vibrante y hermosa con un aires descontracturados y alejados de la perfecci\u00f3n y pulcritud de otras ciudades europeas (ese esp\u00edritu rebelde nos atrajo irremediablemente). <\/p>\n\n\n\n<p>Nos alojamos en el barrio bohemio del Chiado (en el Teatro Boutique Rooms &amp; Suites), cerca de la Rua Garret y a metros de la Cervejaria Trindade, situada en un antiguo monasterio. Muy bella y recomendable. <\/p>\n\n\n\n<figure class=\"wp-block-image size-full\"><img loading=\"lazy\" decoding=\"async\" width=\"2560\" height=\"1088\" src=\"https:\/\/modoviajeok.com.ar\/wp-content\/uploads\/2025\/08\/IMG_20230821_171443-scaled.jpg\" alt=\"\" class=\"wp-image-5004\" srcset=\"https:\/\/modoviajeok.com.ar\/wp-content\/uploads\/2025\/08\/IMG_20230821_171443-scaled.jpg 2560w, https:\/\/modoviajeok.com.ar\/wp-content\/uploads\/2025\/08\/IMG_20230821_171443-768x326.jpg 768w, https:\/\/modoviajeok.com.ar\/wp-content\/uploads\/2025\/08\/IMG_20230821_171443-1536x653.jpg 1536w, https:\/\/modoviajeok.com.ar\/wp-content\/uploads\/2025\/08\/IMG_20230821_171443-2048x870.jpg 2048w, https:\/\/modoviajeok.com.ar\/wp-content\/uploads\/2025\/08\/IMG_20230821_171443-988x420.jpg 988w, https:\/\/modoviajeok.com.ar\/wp-content\/uploads\/2025\/08\/IMG_20230821_171443-150x64.jpg 150w, https:\/\/modoviajeok.com.ar\/wp-content\/uploads\/2025\/08\/IMG_20230821_171443-300x127.jpg 300w, https:\/\/modoviajeok.com.ar\/wp-content\/uploads\/2025\/08\/IMG_20230821_171443-696x296.jpg 696w, https:\/\/modoviajeok.com.ar\/wp-content\/uploads\/2025\/08\/IMG_20230821_171443-1068x454.jpg 1068w, https:\/\/modoviajeok.com.ar\/wp-content\/uploads\/2025\/08\/IMG_20230821_171443-1920x816.jpg 1920w\" sizes=\"auto, (max-width: 2560px) 100vw, 2560px\" \/><\/figure>\n\n\n\n<p>El vecindiario es maravilloso, lleno de librer\u00edas (entre ellas Bertrand, una de las m\u00e1s antiguas de Europa),&nbsp;tiendas originales, teatros y cafeter\u00edas como el famoso Caf\u00e9 a Brasileiro. All\u00ed desayun\u00e1bamos cada ma\u00f1ana viendo pasar los m\u00edticos tranv\u00edas amarillos y a los turistas sacarse fotos con la estatua de bronce del gran poeta, escritor y cr\u00edtico literario portugu\u00e9s Fernando Pessoa, autor de El Libro del Desasosiego, entre tantos otros.&nbsp;<\/p>\n\n\n\n<figure class=\"wp-block-image size-full\"><img loading=\"lazy\" decoding=\"async\" width=\"2560\" height=\"2290\" src=\"https:\/\/modoviajeok.com.ar\/wp-content\/uploads\/2025\/08\/20230821_103038-scaled.jpg\" alt=\"\" class=\"wp-image-5008\" srcset=\"https:\/\/modoviajeok.com.ar\/wp-content\/uploads\/2025\/08\/20230821_103038-scaled.jpg 2560w, https:\/\/modoviajeok.com.ar\/wp-content\/uploads\/2025\/08\/20230821_103038-768x687.jpg 768w, https:\/\/modoviajeok.com.ar\/wp-content\/uploads\/2025\/08\/20230821_103038-1536x1374.jpg 1536w, https:\/\/modoviajeok.com.ar\/wp-content\/uploads\/2025\/08\/20230821_103038-2048x1832.jpg 2048w, https:\/\/modoviajeok.com.ar\/wp-content\/uploads\/2025\/08\/20230821_103038-470x420.jpg 470w, https:\/\/modoviajeok.com.ar\/wp-content\/uploads\/2025\/08\/20230821_103038-150x134.jpg 150w, https:\/\/modoviajeok.com.ar\/wp-content\/uploads\/2025\/08\/20230821_103038-300x268.jpg 300w, https:\/\/modoviajeok.com.ar\/wp-content\/uploads\/2025\/08\/20230821_103038-696x622.jpg 696w, https:\/\/modoviajeok.com.ar\/wp-content\/uploads\/2025\/08\/20230821_103038-1068x955.jpg 1068w, https:\/\/modoviajeok.com.ar\/wp-content\/uploads\/2025\/08\/20230821_103038-1920x1717.jpg 1920w\" sizes=\"auto, (max-width: 2560px) 100vw, 2560px\" \/><\/figure>\n\n\n\n<p>Desde nuestro alojamiento lleg\u00e1bamos a pie hasta el Convento do Carmo, un edificio religioso medieval que se qued\u00f3 sin tejado desde el terremoto de 1755, que vale la pena visitar.&nbsp;<\/p>\n\n\n\n<p>Nosotros tuvimos la suerte de que nuestra estad\u00eda en Lisboa coincidiera con el 50 aniversario de la Revoluci\u00f3n de los Claveles, que se celebr\u00f3 en la plaza Largo do Carmo, enfrente del convento. Vimos a soldados y civiles portando claveles mientras entonaban \u00abGr\u00e1ndola, Vila Morena\u00bb, el himno del levantamiento, que hab\u00eda sido prohibido por el dictador Antonio Salazar. Emocionante.<\/p>\n\n\n\n<figure class=\"wp-block-image size-full\"><img loading=\"lazy\" decoding=\"async\" width=\"1212\" height=\"2560\" src=\"https:\/\/modoviajeok.com.ar\/wp-content\/uploads\/2025\/08\/20230818_115248-scaled.jpg\" alt=\"\" class=\"wp-image-5019\" srcset=\"https:\/\/modoviajeok.com.ar\/wp-content\/uploads\/2025\/08\/20230818_115248-scaled.jpg 1212w, https:\/\/modoviajeok.com.ar\/wp-content\/uploads\/2025\/08\/20230818_115248-768x1623.jpg 768w, https:\/\/modoviajeok.com.ar\/wp-content\/uploads\/2025\/08\/20230818_115248-727x1536.jpg 727w, https:\/\/modoviajeok.com.ar\/wp-content\/uploads\/2025\/08\/20230818_115248-969x2048.jpg 969w, https:\/\/modoviajeok.com.ar\/wp-content\/uploads\/2025\/08\/20230818_115248-199x420.jpg 199w, https:\/\/modoviajeok.com.ar\/wp-content\/uploads\/2025\/08\/20230818_115248-150x317.jpg 150w, https:\/\/modoviajeok.com.ar\/wp-content\/uploads\/2025\/08\/20230818_115248-300x634.jpg 300w, https:\/\/modoviajeok.com.ar\/wp-content\/uploads\/2025\/08\/20230818_115248-696x1471.jpg 696w, https:\/\/modoviajeok.com.ar\/wp-content\/uploads\/2025\/08\/20230818_115248-1068x2257.jpg 1068w\" sizes=\"auto, (max-width: 1212px) 100vw, 1212px\" \/><\/figure>\n\n\n\n<p>La Revoluci\u00f3n, que ocurri\u00f3 el 25 de abril de 1974, termin\u00f3 con el r\u00e9gimen dictatorial salazarista, el m\u00e1s antiguo de Europa occidental, y marc\u00f3 el inicio de la transici\u00f3n portuguesa hacia la democracia.&nbsp;<\/p>\n\n\n\n<p>La revoluci\u00f3n tom\u00f3 su nombre de los claveles que la gente coloc\u00f3 en los fusiles de los soldados.&nbsp;<\/p>\n\n\n\n<p>Con la suerte de ser testigos de este acontecimiento comenz\u00f3 nuestra inolvidable visita a Lisboa que, en nuestra experiencia, requiere no menos de cuatro d\u00edas de visita (para dedicar un d\u00eda a <a href=\"https:\/\/modoviajeok.com.ar\/index.php\/2025\/07\/19\/palacio-da-pena-sintra-un-castillo-de-cuentos\/\">Sintra<\/a>), probar la exquisita comida local y escuchar un espect\u00e1culo musical de fado, ese canto nost\u00e1lgico y melanc\u00f3lico declarado Patrimonio Cultural Inmaterial de la Humanidad por la Unesco (nosotros ya nos hab\u00edamos deleitado con ese espect\u00e1culo en Coimbra).<\/p>\n\n\n\n<figure class=\"wp-block-image size-full\"><img loading=\"lazy\" decoding=\"async\" width=\"2560\" height=\"1152\" src=\"https:\/\/modoviajeok.com.ar\/wp-content\/uploads\/2025\/08\/20230818_132506-scaled.jpg\" alt=\"\" class=\"wp-image-5016\" srcset=\"https:\/\/modoviajeok.com.ar\/wp-content\/uploads\/2025\/08\/20230818_132506-scaled.jpg 2560w, https:\/\/modoviajeok.com.ar\/wp-content\/uploads\/2025\/08\/20230818_132506-768x346.jpg 768w, https:\/\/modoviajeok.com.ar\/wp-content\/uploads\/2025\/08\/20230818_132506-1536x691.jpg 1536w, https:\/\/modoviajeok.com.ar\/wp-content\/uploads\/2025\/08\/20230818_132506-2048x922.jpg 2048w, https:\/\/modoviajeok.com.ar\/wp-content\/uploads\/2025\/08\/20230818_132506-933x420.jpg 933w, https:\/\/modoviajeok.com.ar\/wp-content\/uploads\/2025\/08\/20230818_132506-150x68.jpg 150w, https:\/\/modoviajeok.com.ar\/wp-content\/uploads\/2025\/08\/20230818_132506-300x135.jpg 300w, https:\/\/modoviajeok.com.ar\/wp-content\/uploads\/2025\/08\/20230818_132506-696x313.jpg 696w, https:\/\/modoviajeok.com.ar\/wp-content\/uploads\/2025\/08\/20230818_132506-1068x481.jpg 1068w, https:\/\/modoviajeok.com.ar\/wp-content\/uploads\/2025\/08\/20230818_132506-1920x864.jpg 1920w\" sizes=\"auto, (max-width: 2560px) 100vw, 2560px\" \/><\/figure>\n\n\n\n<p><strong>C\u00f3mo llegar<\/strong><\/p>\n\n\n\n<p>Llegamos desde Oporto a Lisboa en \u00f3mnibus. Desde la terminal tomamos el metro que nos deposit\u00f3 en el Chiado (ojo que las calles tienen diagonales y muchas subidas y bajadas y el GPS suele confundirse y confundirnos), a pocas cuadras de nuestro departamento.<\/p>\n\n\n\n<p>Una buena forma de ahorrar en movilidad en Lisboa es comprar un billete 24 horas por 6,15 euros, que incluye todo el transporte p\u00fablico. Pero si uno se queda varios d\u00edas, es \u00fatil comprar la <a href=\"https:\/\/www.lisboacard.com\/es\/lisboacard-ads\/?gad_source=1&amp;gad_campaignid=22165130341&amp;gbraid=0AAAAApaIoHLJsQpK0XkuS4_g_aLbaM0JC&amp;gclid=CjwKCAjwkbzEBhAVEiwA4V-yqrB1sOmxvBmLZmFQrIGvaZ1DJbNXrGj0tv8AvIRsb1KqdUIMTJ1m7xoCANsQAvD_BwE\">Lisboa Card<\/a> que incluye el transporte p\u00fablico y varias atracciones como el Monasterio de los Jer\u00f3nimos, la Torre de Belem, el Elevador de Santa Justa y otros.&nbsp;<\/p>\n\n\n\n<figure class=\"wp-block-image size-full\"><img loading=\"lazy\" decoding=\"async\" width=\"2560\" height=\"1563\" src=\"https:\/\/modoviajeok.com.ar\/wp-content\/uploads\/2025\/08\/IMG_20230818_122358-scaled.jpg\" alt=\"\" class=\"wp-image-5018\" srcset=\"https:\/\/modoviajeok.com.ar\/wp-content\/uploads\/2025\/08\/IMG_20230818_122358-scaled.jpg 2560w, https:\/\/modoviajeok.com.ar\/wp-content\/uploads\/2025\/08\/IMG_20230818_122358-768x469.jpg 768w, https:\/\/modoviajeok.com.ar\/wp-content\/uploads\/2025\/08\/IMG_20230818_122358-1536x938.jpg 1536w, https:\/\/modoviajeok.com.ar\/wp-content\/uploads\/2025\/08\/IMG_20230818_122358-2048x1250.jpg 2048w, https:\/\/modoviajeok.com.ar\/wp-content\/uploads\/2025\/08\/IMG_20230818_122358-688x420.jpg 688w, https:\/\/modoviajeok.com.ar\/wp-content\/uploads\/2025\/08\/IMG_20230818_122358-150x92.jpg 150w, https:\/\/modoviajeok.com.ar\/wp-content\/uploads\/2025\/08\/IMG_20230818_122358-300x183.jpg 300w, https:\/\/modoviajeok.com.ar\/wp-content\/uploads\/2025\/08\/IMG_20230818_122358-696x425.jpg 696w, https:\/\/modoviajeok.com.ar\/wp-content\/uploads\/2025\/08\/IMG_20230818_122358-1068x652.jpg 1068w, https:\/\/modoviajeok.com.ar\/wp-content\/uploads\/2025\/08\/IMG_20230818_122358-1920x1172.jpg 1920w\" sizes=\"auto, (max-width: 2560px) 100vw, 2560px\" \/><\/figure>\n\n\n\n<p>Como siempre, recomendamos conocer la ciudad a trav\u00e9s de los <em>free tours<\/em>, con gu\u00edas expertos a pie y a la gorra. Creemos que es la mejor manera de hacer una primera inmersi\u00f3n en la ciudad para despu\u00e9s profundizar en lo que m\u00e1s nos atrae. Nosotros hicimos dos: uno por las atracciones principales del barrio Bajo y del barrio Alto, que parti\u00f3 de la Plaza Lu\u00eds de Cam\u00f5es; y, otro, por el barrio \u00e1rabe de Alfama (su nombre significa fuente ya que por debajo de sus calles corre agua que abastece las fuentes del barrio).<\/p>\n\n\n\n<p>El barrio \u00e1rabe, uno de los imprescindibles de Lisboa, tiene unos miradores preciosos: Portas do Sol y Santa Lucia, desde donde hay unas magn\u00edficas vistas del Castillo de San Jorge. <\/p>\n\n\n\n<figure class=\"wp-block-image size-full\"><img loading=\"lazy\" decoding=\"async\" width=\"1236\" height=\"2248\" src=\"https:\/\/modoviajeok.com.ar\/wp-content\/uploads\/2025\/08\/IMG_20230817_225421.jpg\" alt=\"\" class=\"wp-image-5023\" srcset=\"https:\/\/modoviajeok.com.ar\/wp-content\/uploads\/2025\/08\/IMG_20230817_225421.jpg 1236w, https:\/\/modoviajeok.com.ar\/wp-content\/uploads\/2025\/08\/IMG_20230817_225421-768x1397.jpg 768w, https:\/\/modoviajeok.com.ar\/wp-content\/uploads\/2025\/08\/IMG_20230817_225421-845x1536.jpg 845w, https:\/\/modoviajeok.com.ar\/wp-content\/uploads\/2025\/08\/IMG_20230817_225421-1126x2048.jpg 1126w, https:\/\/modoviajeok.com.ar\/wp-content\/uploads\/2025\/08\/IMG_20230817_225421-231x420.jpg 231w, https:\/\/modoviajeok.com.ar\/wp-content\/uploads\/2025\/08\/IMG_20230817_225421-150x273.jpg 150w, https:\/\/modoviajeok.com.ar\/wp-content\/uploads\/2025\/08\/IMG_20230817_225421-300x546.jpg 300w, https:\/\/modoviajeok.com.ar\/wp-content\/uploads\/2025\/08\/IMG_20230817_225421-696x1266.jpg 696w, https:\/\/modoviajeok.com.ar\/wp-content\/uploads\/2025\/08\/IMG_20230817_225421-1068x1942.jpg 1068w\" sizes=\"auto, (max-width: 1236px) 100vw, 1236px\" \/><\/figure>\n\n\n\n<p>Hasta Alfama se puede llegar a pie pasando por el Arco de Jes\u00fas, hasta la orilla del r\u00edo Tajo. De regreso, se puede ver la Catedral de Lisboa o La S\u00e9 (a\u00fan estaba fresca la visita del papa Francisco en la fecha de nuestra visita a Portugal) y pasar por delante de la preciosa fachada de la Casa dos Bicos, para despu\u00e9s continuar por la Rua Augusta para cruzar el Arco Triunfal, la puerta de entrada a la popular Plaza del Comercio.<\/p>\n\n\n\n<p>Un dato: Desde aqu\u00ed, se puede tomar el tranv\u00eda 15 para llegar al Barrio de Belem en menos de media hora. Esto te lo contamos en otro posteo.<\/p>\n\n\n\n<p><strong>Caminar es la consigna<\/strong><\/p>\n\n\n\n<p>Una de las plazas m\u00e1s famosas de Lisboa es la de Rossio, rodeada de edificios interesantes como el Teatro Nacional Do\u00f1a Mar\u00eda II, la Estaci\u00f3n ferroviaria de Rossio (desde all\u00ed salen los trenes para visitar Sintra), la estatua de Pedro IV, la Iglesia de Santo Domingo, con su interior totalmente calcinado producto de un incendio.<\/p>\n\n\n\n<p>Nuestra visita fue casi toda a pie. Para llegar al Barrio Alto hay ascensores o funiculares, pero suele haber colas interminables. Con paciencia y a paso tranquilo se puede remontar las cuestas a pie.<\/p>\n\n\n\n<p>Despu\u00e9s de la vista al Alto, se recomienda bajar caminando, llegar al Mercado da Ribeira, lleno de puestos de comida asi\u00e1tica y portuguesa, y a la pintoresca Pink Street, una calle con el suelo pintado de rosa. <\/p>\n\n\n\n<figure class=\"wp-block-image size-full\"><img loading=\"lazy\" decoding=\"async\" width=\"1439\" height=\"2560\" src=\"https:\/\/modoviajeok.com.ar\/wp-content\/uploads\/2025\/08\/IMG_20230821_154215-scaled.jpg\" alt=\"\" class=\"wp-image-5005\" srcset=\"https:\/\/modoviajeok.com.ar\/wp-content\/uploads\/2025\/08\/IMG_20230821_154215-scaled.jpg 1439w, https:\/\/modoviajeok.com.ar\/wp-content\/uploads\/2025\/08\/IMG_20230821_154215-768x1367.jpg 768w, https:\/\/modoviajeok.com.ar\/wp-content\/uploads\/2025\/08\/IMG_20230821_154215-863x1536.jpg 863w, https:\/\/modoviajeok.com.ar\/wp-content\/uploads\/2025\/08\/IMG_20230821_154215-1151x2048.jpg 1151w, https:\/\/modoviajeok.com.ar\/wp-content\/uploads\/2025\/08\/IMG_20230821_154215-236x420.jpg 236w, https:\/\/modoviajeok.com.ar\/wp-content\/uploads\/2025\/08\/IMG_20230821_154215-150x267.jpg 150w, https:\/\/modoviajeok.com.ar\/wp-content\/uploads\/2025\/08\/IMG_20230821_154215-300x534.jpg 300w, https:\/\/modoviajeok.com.ar\/wp-content\/uploads\/2025\/08\/IMG_20230821_154215-696x1238.jpg 696w, https:\/\/modoviajeok.com.ar\/wp-content\/uploads\/2025\/08\/IMG_20230821_154215-1068x1900.jpg 1068w, https:\/\/modoviajeok.com.ar\/wp-content\/uploads\/2025\/08\/IMG_20230821_154215-1920x3416.jpg 1920w\" sizes=\"auto, (max-width: 1439px) 100vw, 1439px\" \/><\/figure>\n\n\n\n<p><\/p>\n\n\n\n<figure class=\"wp-block-gallery has-nested-images columns-default is-cropped wp-block-gallery-1 is-layout-flex wp-block-gallery-is-layout-flex\">\n<figure class=\"wp-block-image size-large\"><img loading=\"lazy\" decoding=\"async\" width=\"1544\" height=\"2560\" data-id=\"5021\" src=\"https:\/\/modoviajeok.com.ar\/wp-content\/uploads\/2025\/08\/IMG_20230818_104313-scaled.jpg\" alt=\"\" class=\"wp-image-5021\" srcset=\"https:\/\/modoviajeok.com.ar\/wp-content\/uploads\/2025\/08\/IMG_20230818_104313-scaled.jpg 1544w, https:\/\/modoviajeok.com.ar\/wp-content\/uploads\/2025\/08\/IMG_20230818_104313-768x1273.jpg 768w, https:\/\/modoviajeok.com.ar\/wp-content\/uploads\/2025\/08\/IMG_20230818_104313-927x1536.jpg 927w, https:\/\/modoviajeok.com.ar\/wp-content\/uploads\/2025\/08\/IMG_20230818_104313-1235x2048.jpg 1235w, https:\/\/modoviajeok.com.ar\/wp-content\/uploads\/2025\/08\/IMG_20230818_104313-253x420.jpg 253w, https:\/\/modoviajeok.com.ar\/wp-content\/uploads\/2025\/08\/IMG_20230818_104313-150x249.jpg 150w, https:\/\/modoviajeok.com.ar\/wp-content\/uploads\/2025\/08\/IMG_20230818_104313-300x497.jpg 300w, https:\/\/modoviajeok.com.ar\/wp-content\/uploads\/2025\/08\/IMG_20230818_104313-696x1154.jpg 696w, https:\/\/modoviajeok.com.ar\/wp-content\/uploads\/2025\/08\/IMG_20230818_104313-1068x1770.jpg 1068w, https:\/\/modoviajeok.com.ar\/wp-content\/uploads\/2025\/08\/IMG_20230818_104313-1920x3183.jpg 1920w\" sizes=\"auto, (max-width: 1544px) 100vw, 1544px\" \/><\/figure>\n\n\n\n<figure class=\"wp-block-image size-large\"><img loading=\"lazy\" decoding=\"async\" width=\"1622\" height=\"2560\" data-id=\"5020\" src=\"https:\/\/modoviajeok.com.ar\/wp-content\/uploads\/2025\/08\/IMG_20230818_111214-scaled.jpg\" alt=\"\" class=\"wp-image-5020\" srcset=\"https:\/\/modoviajeok.com.ar\/wp-content\/uploads\/2025\/08\/IMG_20230818_111214-scaled.jpg 1622w, https:\/\/modoviajeok.com.ar\/wp-content\/uploads\/2025\/08\/IMG_20230818_111214-768x1212.jpg 768w, https:\/\/modoviajeok.com.ar\/wp-content\/uploads\/2025\/08\/IMG_20230818_111214-973x1536.jpg 973w, https:\/\/modoviajeok.com.ar\/wp-content\/uploads\/2025\/08\/IMG_20230818_111214-1297x2048.jpg 1297w, https:\/\/modoviajeok.com.ar\/wp-content\/uploads\/2025\/08\/IMG_20230818_111214-266x420.jpg 266w, https:\/\/modoviajeok.com.ar\/wp-content\/uploads\/2025\/08\/IMG_20230818_111214-150x237.jpg 150w, https:\/\/modoviajeok.com.ar\/wp-content\/uploads\/2025\/08\/IMG_20230818_111214-300x474.jpg 300w, https:\/\/modoviajeok.com.ar\/wp-content\/uploads\/2025\/08\/IMG_20230818_111214-696x1099.jpg 696w, https:\/\/modoviajeok.com.ar\/wp-content\/uploads\/2025\/08\/IMG_20230818_111214-1068x1686.jpg 1068w, https:\/\/modoviajeok.com.ar\/wp-content\/uploads\/2025\/08\/IMG_20230818_111214-1920x3031.jpg 1920w\" sizes=\"auto, (max-width: 1622px) 100vw, 1622px\" \/><\/figure>\n\n\n\n<figure class=\"wp-block-image size-large\"><img loading=\"lazy\" decoding=\"async\" width=\"1390\" height=\"2560\" data-id=\"5017\" src=\"https:\/\/modoviajeok.com.ar\/wp-content\/uploads\/2025\/08\/IMG_20230818_123159-scaled.jpg\" alt=\"\" class=\"wp-image-5017\" srcset=\"https:\/\/modoviajeok.com.ar\/wp-content\/uploads\/2025\/08\/IMG_20230818_123159-scaled.jpg 1390w, https:\/\/modoviajeok.com.ar\/wp-content\/uploads\/2025\/08\/IMG_20230818_123159-768x1414.jpg 768w, https:\/\/modoviajeok.com.ar\/wp-content\/uploads\/2025\/08\/IMG_20230818_123159-834x1536.jpg 834w, https:\/\/modoviajeok.com.ar\/wp-content\/uploads\/2025\/08\/IMG_20230818_123159-1112x2048.jpg 1112w, https:\/\/modoviajeok.com.ar\/wp-content\/uploads\/2025\/08\/IMG_20230818_123159-228x420.jpg 228w, https:\/\/modoviajeok.com.ar\/wp-content\/uploads\/2025\/08\/IMG_20230818_123159-150x276.jpg 150w, https:\/\/modoviajeok.com.ar\/wp-content\/uploads\/2025\/08\/IMG_20230818_123159-300x552.jpg 300w, https:\/\/modoviajeok.com.ar\/wp-content\/uploads\/2025\/08\/IMG_20230818_123159-696x1282.jpg 696w, https:\/\/modoviajeok.com.ar\/wp-content\/uploads\/2025\/08\/IMG_20230818_123159-1068x1967.jpg 1068w\" sizes=\"auto, (max-width: 1390px) 100vw, 1390px\" \/><\/figure>\n\n\n\n<figure class=\"wp-block-image size-large\"><img loading=\"lazy\" decoding=\"async\" width=\"1396\" height=\"2560\" data-id=\"5011\" src=\"https:\/\/modoviajeok.com.ar\/wp-content\/uploads\/2025\/08\/20230818_143018-scaled.jpg\" alt=\"\" class=\"wp-image-5011\" srcset=\"https:\/\/modoviajeok.com.ar\/wp-content\/uploads\/2025\/08\/20230818_143018-scaled.jpg 1396w, https:\/\/modoviajeok.com.ar\/wp-content\/uploads\/2025\/08\/20230818_143018-768x1408.jpg 768w, https:\/\/modoviajeok.com.ar\/wp-content\/uploads\/2025\/08\/20230818_143018-838x1536.jpg 838w, https:\/\/modoviajeok.com.ar\/wp-content\/uploads\/2025\/08\/20230818_143018-1117x2048.jpg 1117w, https:\/\/modoviajeok.com.ar\/wp-content\/uploads\/2025\/08\/20230818_143018-229x420.jpg 229w, https:\/\/modoviajeok.com.ar\/wp-content\/uploads\/2025\/08\/20230818_143018-150x275.jpg 150w, https:\/\/modoviajeok.com.ar\/wp-content\/uploads\/2025\/08\/20230818_143018-300x550.jpg 300w, https:\/\/modoviajeok.com.ar\/wp-content\/uploads\/2025\/08\/20230818_143018-696x1276.jpg 696w, https:\/\/modoviajeok.com.ar\/wp-content\/uploads\/2025\/08\/20230818_143018-1068x1958.jpg 1068w\" sizes=\"auto, (max-width: 1396px) 100vw, 1396px\" \/><\/figure>\n\n\n\n<figure class=\"wp-block-image size-large\"><img loading=\"lazy\" decoding=\"async\" width=\"1804\" height=\"2051\" data-id=\"5009\" src=\"https:\/\/modoviajeok.com.ar\/wp-content\/uploads\/2025\/08\/20230821_094222.jpg\" alt=\"\" class=\"wp-image-5009\" srcset=\"https:\/\/modoviajeok.com.ar\/wp-content\/uploads\/2025\/08\/20230821_094222.jpg 1804w, https:\/\/modoviajeok.com.ar\/wp-content\/uploads\/2025\/08\/20230821_094222-768x873.jpg 768w, https:\/\/modoviajeok.com.ar\/wp-content\/uploads\/2025\/08\/20230821_094222-1351x1536.jpg 1351w, https:\/\/modoviajeok.com.ar\/wp-content\/uploads\/2025\/08\/20230821_094222-1801x2048.jpg 1801w, https:\/\/modoviajeok.com.ar\/wp-content\/uploads\/2025\/08\/20230821_094222-369x420.jpg 369w, https:\/\/modoviajeok.com.ar\/wp-content\/uploads\/2025\/08\/20230821_094222-150x171.jpg 150w, https:\/\/modoviajeok.com.ar\/wp-content\/uploads\/2025\/08\/20230821_094222-300x341.jpg 300w, https:\/\/modoviajeok.com.ar\/wp-content\/uploads\/2025\/08\/20230821_094222-696x791.jpg 696w, https:\/\/modoviajeok.com.ar\/wp-content\/uploads\/2025\/08\/20230821_094222-1068x1214.jpg 1068w\" sizes=\"auto, (max-width: 1804px) 100vw, 1804px\" \/><\/figure>\n\n\n\n<figure class=\"wp-block-image size-full\"><img loading=\"lazy\" decoding=\"async\" width=\"990\" height=\"1815\" data-id=\"5015\" src=\"https:\/\/modoviajeok.com.ar\/wp-content\/uploads\/2025\/08\/20230818_135305.jpg\" alt=\"\" class=\"wp-image-5015\" srcset=\"https:\/\/modoviajeok.com.ar\/wp-content\/uploads\/2025\/08\/20230818_135305.jpg 990w, https:\/\/modoviajeok.com.ar\/wp-content\/uploads\/2025\/08\/20230818_135305-768x1408.jpg 768w, https:\/\/modoviajeok.com.ar\/wp-content\/uploads\/2025\/08\/20230818_135305-838x1536.jpg 838w, https:\/\/modoviajeok.com.ar\/wp-content\/uploads\/2025\/08\/20230818_135305-229x420.jpg 229w, https:\/\/modoviajeok.com.ar\/wp-content\/uploads\/2025\/08\/20230818_135305-150x275.jpg 150w, https:\/\/modoviajeok.com.ar\/wp-content\/uploads\/2025\/08\/20230818_135305-300x550.jpg 300w, https:\/\/modoviajeok.com.ar\/wp-content\/uploads\/2025\/08\/20230818_135305-696x1276.jpg 696w\" sizes=\"auto, (max-width: 990px) 100vw, 990px\" \/><\/figure>\n\n\n\n<figure class=\"wp-block-image size-full\"><img loading=\"lazy\" decoding=\"async\" width=\"2560\" height=\"1227\" data-id=\"5014\" src=\"https:\/\/modoviajeok.com.ar\/wp-content\/uploads\/2025\/08\/IMG_20230818_140012-scaled.jpg\" alt=\"\" class=\"wp-image-5014\" srcset=\"https:\/\/modoviajeok.com.ar\/wp-content\/uploads\/2025\/08\/IMG_20230818_140012-scaled.jpg 2560w, https:\/\/modoviajeok.com.ar\/wp-content\/uploads\/2025\/08\/IMG_20230818_140012-768x368.jpg 768w, https:\/\/modoviajeok.com.ar\/wp-content\/uploads\/2025\/08\/IMG_20230818_140012-1536x736.jpg 1536w, https:\/\/modoviajeok.com.ar\/wp-content\/uploads\/2025\/08\/IMG_20230818_140012-2048x981.jpg 2048w, https:\/\/modoviajeok.com.ar\/wp-content\/uploads\/2025\/08\/IMG_20230818_140012-877x420.jpg 877w, https:\/\/modoviajeok.com.ar\/wp-content\/uploads\/2025\/08\/IMG_20230818_140012-150x72.jpg 150w, https:\/\/modoviajeok.com.ar\/wp-content\/uploads\/2025\/08\/IMG_20230818_140012-300x144.jpg 300w, https:\/\/modoviajeok.com.ar\/wp-content\/uploads\/2025\/08\/IMG_20230818_140012-696x333.jpg 696w, https:\/\/modoviajeok.com.ar\/wp-content\/uploads\/2025\/08\/IMG_20230818_140012-1068x512.jpg 1068w, https:\/\/modoviajeok.com.ar\/wp-content\/uploads\/2025\/08\/IMG_20230818_140012-1920x920.jpg 1920w\" sizes=\"auto, (max-width: 2560px) 100vw, 2560px\" \/><\/figure>\n<\/figure>\n","protected":false},"excerpt":{"rendered":"<p>La capital portuguesa es una de las ciudades con m\u00e1s encanto de Europa. Conocida como la \u00abciudad de las siete colinas\u00bb, es ideal para recorrerla en tres o cuatro d\u00edas. Amor a primera vista: as\u00ed nos cautiv\u00f3 Lisboa,&nbsp; la capital de Portugal. La llamada \u00abciudad de las siete colinas\u00bb es cultural, vibrante y hermosa con [&hellip;]<\/p>\n","protected":false},"author":2,"featured_media":5012,"comment_status":"open","ping_status":"open","sticky":false,"template":"","format":"standard","meta":{"_acf_changed":false,"footnotes":""},"categories":[2,9,15],"tags":[1181,1182,1180,70,1010,1009,1179,1184],"class_list":{"0":"post-4998","1":"post","2":"type-post","3":"status-publish","4":"format-standard","5":"has-post-thumbnail","7":"category-destacadas","8":"category-mundo","9":"category-recomendaciones","10":"tag-barrio-alto","11":"tag-barrio-bajo","12":"tag-chiado","13":"tag-europa","14":"tag-lisboa","15":"tag-portugal","16":"tag-revolucion-de-los-claveles","17":"tag-rio-tajo"},"acf":[],"yoast_head":"<!-- This site is optimized with the Yoast SEO plugin v24.8.1 - https:\/\/yoast.com\/wordpress\/plugins\/seo\/ -->\n<title>Lisboa vibra a la vera del Tajo -<\/title>\n<meta name=\"description\" content=\"La capital portuguesa es una de las ciudades con m\u00e1s encanto de Europa. Conocida como la &quot;ciudad de las siete colinas&quot;, es ideal para recorrerla en tres o cuatro d\u00edas.\" \/>\n<meta name=\"robots\" content=\"index, follow, max-snippet:-1, max-image-preview:large, max-video-preview:-1\" \/>\n<link rel=\"canonical\" href=\"https:\/\/modoviajeok.com.ar\/index.php\/2025\/08\/14\/lisboa-vibra-a-la-vera-del-tajo\/\" \/>\n<meta property=\"og:locale\" content=\"es_ES\" \/>\n<meta property=\"og:type\" content=\"article\" \/>\n<meta property=\"og:title\" content=\"Lisboa vibra a la vera del Tajo -\" \/>\n<meta property=\"og:description\" content=\"La capital portuguesa es una de las ciudades con m\u00e1s encanto de Europa. Conocida como la &quot;ciudad de las siete colinas&quot;, es ideal para recorrerla en tres o cuatro d\u00edas.\" \/>\n<meta property=\"og:url\" content=\"https:\/\/modoviajeok.com.ar\/index.php\/2025\/08\/14\/lisboa-vibra-a-la-vera-del-tajo\/\" \/>\n<meta property=\"article:publisher\" content=\"https:\/\/www.facebook.com\/mariana.otero1\/\" \/>\n<meta property=\"article:published_time\" content=\"2025-08-14T03:23:12+00:00\" \/>\n<meta property=\"article:modified_time\" content=\"2025-09-18T01:24:57+00:00\" \/>\n<meta property=\"og:image\" content=\"https:\/\/modoviajeok.com.ar\/wp-content\/uploads\/2025\/08\/20230818_141941.jpg\" \/>\n\t<meta property=\"og:image:width\" content=\"2560\" \/>\n\t<meta property=\"og:image:height\" content=\"1152\" \/>\n\t<meta property=\"og:image:type\" content=\"image\/jpeg\" \/>\n<meta name=\"author\" content=\"Mariana Otero\" \/>\n<meta name=\"twitter:card\" content=\"summary_large_image\" \/>\n<meta name=\"twitter:label1\" content=\"Escrito por\" \/>\n\t<meta name=\"twitter:data1\" content=\"Mariana Otero\" \/>\n\t<meta name=\"twitter:label2\" content=\"Tiempo de lectura\" \/>\n\t<meta name=\"twitter:data2\" content=\"8 minutos\" \/>\n<script type=\"application\/ld+json\" class=\"yoast-schema-graph\">{\"@context\":\"https:\/\/schema.org\",\"@graph\":[{\"@type\":\"Article\",\"@id\":\"https:\/\/modoviajeok.com.ar\/index.php\/2025\/08\/14\/lisboa-vibra-a-la-vera-del-tajo\/#article\",\"isPartOf\":{\"@id\":\"https:\/\/modoviajeok.com.ar\/index.php\/2025\/08\/14\/lisboa-vibra-a-la-vera-del-tajo\/\"},\"author\":{\"name\":\"Mariana Otero\",\"@id\":\"https:\/\/modoviajeok.com.ar\/#\/schema\/person\/1187013488537969db5b1320484d24f4\"},\"headline\":\"Lisboa vibra a la vera del Tajo\",\"datePublished\":\"2025-08-14T03:23:12+00:00\",\"dateModified\":\"2025-09-18T01:24:57+00:00\",\"mainEntityOfPage\":{\"@id\":\"https:\/\/modoviajeok.com.ar\/index.php\/2025\/08\/14\/lisboa-vibra-a-la-vera-del-tajo\/\"},\"wordCount\":921,\"commentCount\":0,\"publisher\":{\"@id\":\"https:\/\/modoviajeok.com.ar\/#organization\"},\"image\":{\"@id\":\"https:\/\/modoviajeok.com.ar\/index.php\/2025\/08\/14\/lisboa-vibra-a-la-vera-del-tajo\/#primaryimage\"},\"thumbnailUrl\":\"https:\/\/modoviajeok.com.ar\/wp-content\/uploads\/2025\/08\/20230818_141941.jpg\",\"keywords\":[\"barrio alto\",\"barrio bajo\",\"chiado\",\"europa\",\"lisboa\",\"portugal\",\"revoluci\u00f3n de los claveles\",\"r\u00edo tajo\"],\"articleSection\":[\"Destacadas\",\"Mundo\",\"Recomendaciones\"],\"inLanguage\":\"es\",\"potentialAction\":[{\"@type\":\"CommentAction\",\"name\":\"Comment\",\"target\":[\"https:\/\/modoviajeok.com.ar\/index.php\/2025\/08\/14\/lisboa-vibra-a-la-vera-del-tajo\/#respond\"]}]},{\"@type\":\"WebPage\",\"@id\":\"https:\/\/modoviajeok.com.ar\/index.php\/2025\/08\/14\/lisboa-vibra-a-la-vera-del-tajo\/\",\"url\":\"https:\/\/modoviajeok.com.ar\/index.php\/2025\/08\/14\/lisboa-vibra-a-la-vera-del-tajo\/\",\"name\":\"Lisboa vibra a la vera del Tajo -\",\"isPartOf\":{\"@id\":\"https:\/\/modoviajeok.com.ar\/#website\"},\"primaryImageOfPage\":{\"@id\":\"https:\/\/modoviajeok.com.ar\/index.php\/2025\/08\/14\/lisboa-vibra-a-la-vera-del-tajo\/#primaryimage\"},\"image\":{\"@id\":\"https:\/\/modoviajeok.com.ar\/index.php\/2025\/08\/14\/lisboa-vibra-a-la-vera-del-tajo\/#primaryimage\"},\"thumbnailUrl\":\"https:\/\/modoviajeok.com.ar\/wp-content\/uploads\/2025\/08\/20230818_141941.jpg\",\"datePublished\":\"2025-08-14T03:23:12+00:00\",\"dateModified\":\"2025-09-18T01:24:57+00:00\",\"description\":\"La capital portuguesa es una de las ciudades con m\u00e1s encanto de Europa. Conocida como la \\\"ciudad de las siete colinas\\\", es ideal para recorrerla en tres o cuatro d\u00edas.\",\"breadcrumb\":{\"@id\":\"https:\/\/modoviajeok.com.ar\/index.php\/2025\/08\/14\/lisboa-vibra-a-la-vera-del-tajo\/#breadcrumb\"},\"inLanguage\":\"es\",\"potentialAction\":[{\"@type\":\"ReadAction\",\"target\":[\"https:\/\/modoviajeok.com.ar\/index.php\/2025\/08\/14\/lisboa-vibra-a-la-vera-del-tajo\/\"]}]},{\"@type\":\"ImageObject\",\"inLanguage\":\"es\",\"@id\":\"https:\/\/modoviajeok.com.ar\/index.php\/2025\/08\/14\/lisboa-vibra-a-la-vera-del-tajo\/#primaryimage\",\"url\":\"https:\/\/modoviajeok.com.ar\/wp-content\/uploads\/2025\/08\/20230818_141941.jpg\",\"contentUrl\":\"https:\/\/modoviajeok.com.ar\/wp-content\/uploads\/2025\/08\/20230818_141941.jpg\",\"width\":2560,\"height\":1152},{\"@type\":\"BreadcrumbList\",\"@id\":\"https:\/\/modoviajeok.com.ar\/index.php\/2025\/08\/14\/lisboa-vibra-a-la-vera-del-tajo\/#breadcrumb\",\"itemListElement\":[{\"@type\":\"ListItem\",\"position\":1,\"name\":\"Portada\",\"item\":\"https:\/\/modoviajeok.com.ar\/\"},{\"@type\":\"ListItem\",\"position\":2,\"name\":\"Lisboa vibra a la vera del Tajo\"}]},{\"@type\":\"WebSite\",\"@id\":\"https:\/\/modoviajeok.com.ar\/#website\",\"url\":\"https:\/\/modoviajeok.com.ar\/\",\"name\":\"ModoViajeOK\",\"description\":\"\",\"publisher\":{\"@id\":\"https:\/\/modoviajeok.com.ar\/#organization\"},\"potentialAction\":[{\"@type\":\"SearchAction\",\"target\":{\"@type\":\"EntryPoint\",\"urlTemplate\":\"https:\/\/modoviajeok.com.ar\/?s={search_term_string}\"},\"query-input\":{\"@type\":\"PropertyValueSpecification\",\"valueRequired\":true,\"valueName\":\"search_term_string\"}}],\"inLanguage\":\"es\"},{\"@type\":\"Organization\",\"@id\":\"https:\/\/modoviajeok.com.ar\/#organization\",\"name\":\"ModoViajeOK\",\"url\":\"https:\/\/modoviajeok.com.ar\/\",\"logo\":{\"@type\":\"ImageObject\",\"inLanguage\":\"es\",\"@id\":\"https:\/\/modoviajeok.com.ar\/#\/schema\/logo\/image\/\",\"url\":\"https:\/\/modoviajeok.com.ar\/wp-content\/uploads\/2025\/01\/Logo-modoviajeok.png\",\"contentUrl\":\"https:\/\/modoviajeok.com.ar\/wp-content\/uploads\/2025\/01\/Logo-modoviajeok.png\",\"width\":2938,\"height\":2276,\"caption\":\"ModoViajeOK\"},\"image\":{\"@id\":\"https:\/\/modoviajeok.com.ar\/#\/schema\/logo\/image\/\"},\"sameAs\":[\"https:\/\/www.facebook.com\/mariana.otero1\/\",\"https:\/\/www.instagram.com\/modoviaje.ok\/\"]},{\"@type\":\"Person\",\"@id\":\"https:\/\/modoviajeok.com.ar\/#\/schema\/person\/1187013488537969db5b1320484d24f4\",\"name\":\"Mariana Otero\",\"image\":{\"@type\":\"ImageObject\",\"inLanguage\":\"es\",\"@id\":\"https:\/\/modoviajeok.com.ar\/#\/schema\/person\/image\/\",\"url\":\"https:\/\/secure.gravatar.com\/avatar\/8a91a502a9336849a3500b9090c431bc1418f1d1263d893afeddba065f5add82?s=96&d=mm&r=g\",\"contentUrl\":\"https:\/\/secure.gravatar.com\/avatar\/8a91a502a9336849a3500b9090c431bc1418f1d1263d893afeddba065f5add82?s=96&d=mm&r=g\",\"caption\":\"Mariana Otero\"},\"url\":\"https:\/\/modoviajeok.com.ar\/index.php\/author\/mariana2025\/\"}]}<\/script>\n<!-- \/ Yoast SEO plugin. -->","yoast_head_json":{"title":"Lisboa vibra a la vera del Tajo -","description":"La capital portuguesa es una de las ciudades con m\u00e1s encanto de Europa. Conocida como la \"ciudad de las siete colinas\", es ideal para recorrerla en tres o cuatro d\u00edas.","robots":{"index":"index","follow":"follow","max-snippet":"max-snippet:-1","max-image-preview":"max-image-preview:large","max-video-preview":"max-video-preview:-1"},"canonical":"https:\/\/modoviajeok.com.ar\/index.php\/2025\/08\/14\/lisboa-vibra-a-la-vera-del-tajo\/","og_locale":"es_ES","og_type":"article","og_title":"Lisboa vibra a la vera del Tajo -","og_description":"La capital portuguesa es una de las ciudades con m\u00e1s encanto de Europa. Conocida como la \"ciudad de las siete colinas\", es ideal para recorrerla en tres o cuatro d\u00edas.","og_url":"https:\/\/modoviajeok.com.ar\/index.php\/2025\/08\/14\/lisboa-vibra-a-la-vera-del-tajo\/","article_publisher":"https:\/\/www.facebook.com\/mariana.otero1\/","article_published_time":"2025-08-14T03:23:12+00:00","article_modified_time":"2025-09-18T01:24:57+00:00","og_image":[{"width":2560,"height":1152,"url":"https:\/\/modoviajeok.com.ar\/wp-content\/uploads\/2025\/08\/20230818_141941.jpg","type":"image\/jpeg"}],"author":"Mariana Otero","twitter_card":"summary_large_image","twitter_misc":{"Escrito por":"Mariana Otero","Tiempo de lectura":"8 minutos"},"schema":{"@context":"https:\/\/schema.org","@graph":[{"@type":"Article","@id":"https:\/\/modoviajeok.com.ar\/index.php\/2025\/08\/14\/lisboa-vibra-a-la-vera-del-tajo\/#article","isPartOf":{"@id":"https:\/\/modoviajeok.com.ar\/index.php\/2025\/08\/14\/lisboa-vibra-a-la-vera-del-tajo\/"},"author":{"name":"Mariana Otero","@id":"https:\/\/modoviajeok.com.ar\/#\/schema\/person\/1187013488537969db5b1320484d24f4"},"headline":"Lisboa vibra a la vera del Tajo","datePublished":"2025-08-14T03:23:12+00:00","dateModified":"2025-09-18T01:24:57+00:00","mainEntityOfPage":{"@id":"https:\/\/modoviajeok.com.ar\/index.php\/2025\/08\/14\/lisboa-vibra-a-la-vera-del-tajo\/"},"wordCount":921,"commentCount":0,"publisher":{"@id":"https:\/\/modoviajeok.com.ar\/#organization"},"image":{"@id":"https:\/\/modoviajeok.com.ar\/index.php\/2025\/08\/14\/lisboa-vibra-a-la-vera-del-tajo\/#primaryimage"},"thumbnailUrl":"https:\/\/modoviajeok.com.ar\/wp-content\/uploads\/2025\/08\/20230818_141941.jpg","keywords":["barrio alto","barrio bajo","chiado","europa","lisboa","portugal","revoluci\u00f3n de los claveles","r\u00edo tajo"],"articleSection":["Destacadas","Mundo","Recomendaciones"],"inLanguage":"es","potentialAction":[{"@type":"CommentAction","name":"Comment","target":["https:\/\/modoviajeok.com.ar\/index.php\/2025\/08\/14\/lisboa-vibra-a-la-vera-del-tajo\/#respond"]}]},{"@type":"WebPage","@id":"https:\/\/modoviajeok.com.ar\/index.php\/2025\/08\/14\/lisboa-vibra-a-la-vera-del-tajo\/","url":"https:\/\/modoviajeok.com.ar\/index.php\/2025\/08\/14\/lisboa-vibra-a-la-vera-del-tajo\/","name":"Lisboa vibra a la vera del Tajo -","isPartOf":{"@id":"https:\/\/modoviajeok.com.ar\/#website"},"primaryImageOfPage":{"@id":"https:\/\/modoviajeok.com.ar\/index.php\/2025\/08\/14\/lisboa-vibra-a-la-vera-del-tajo\/#primaryimage"},"image":{"@id":"https:\/\/modoviajeok.com.ar\/index.php\/2025\/08\/14\/lisboa-vibra-a-la-vera-del-tajo\/#primaryimage"},"thumbnailUrl":"https:\/\/modoviajeok.com.ar\/wp-content\/uploads\/2025\/08\/20230818_141941.jpg","datePublished":"2025-08-14T03:23:12+00:00","dateModified":"2025-09-18T01:24:57+00:00","description":"La capital portuguesa es una de las ciudades con m\u00e1s encanto de Europa. Conocida como la \"ciudad de las siete colinas\", es ideal para recorrerla en tres o cuatro d\u00edas.","breadcrumb":{"@id":"https:\/\/modoviajeok.com.ar\/index.php\/2025\/08\/14\/lisboa-vibra-a-la-vera-del-tajo\/#breadcrumb"},"inLanguage":"es","potentialAction":[{"@type":"ReadAction","target":["https:\/\/modoviajeok.com.ar\/index.php\/2025\/08\/14\/lisboa-vibra-a-la-vera-del-tajo\/"]}]},{"@type":"ImageObject","inLanguage":"es","@id":"https:\/\/modoviajeok.com.ar\/index.php\/2025\/08\/14\/lisboa-vibra-a-la-vera-del-tajo\/#primaryimage","url":"https:\/\/modoviajeok.com.ar\/wp-content\/uploads\/2025\/08\/20230818_141941.jpg","contentUrl":"https:\/\/modoviajeok.com.ar\/wp-content\/uploads\/2025\/08\/20230818_141941.jpg","width":2560,"height":1152},{"@type":"BreadcrumbList","@id":"https:\/\/modoviajeok.com.ar\/index.php\/2025\/08\/14\/lisboa-vibra-a-la-vera-del-tajo\/#breadcrumb","itemListElement":[{"@type":"ListItem","position":1,"name":"Portada","item":"https:\/\/modoviajeok.com.ar\/"},{"@type":"ListItem","position":2,"name":"Lisboa vibra a la vera del Tajo"}]},{"@type":"WebSite","@id":"https:\/\/modoviajeok.com.ar\/#website","url":"https:\/\/modoviajeok.com.ar\/","name":"ModoViajeOK","description":"","publisher":{"@id":"https:\/\/modoviajeok.com.ar\/#organization"},"potentialAction":[{"@type":"SearchAction","target":{"@type":"EntryPoint","urlTemplate":"https:\/\/modoviajeok.com.ar\/?s={search_term_string}"},"query-input":{"@type":"PropertyValueSpecification","valueRequired":true,"valueName":"search_term_string"}}],"inLanguage":"es"},{"@type":"Organization","@id":"https:\/\/modoviajeok.com.ar\/#organization","name":"ModoViajeOK","url":"https:\/\/modoviajeok.com.ar\/","logo":{"@type":"ImageObject","inLanguage":"es","@id":"https:\/\/modoviajeok.com.ar\/#\/schema\/logo\/image\/","url":"https:\/\/modoviajeok.com.ar\/wp-content\/uploads\/2025\/01\/Logo-modoviajeok.png","contentUrl":"https:\/\/modoviajeok.com.ar\/wp-content\/uploads\/2025\/01\/Logo-modoviajeok.png","width":2938,"height":2276,"caption":"ModoViajeOK"},"image":{"@id":"https:\/\/modoviajeok.com.ar\/#\/schema\/logo\/image\/"},"sameAs":["https:\/\/www.facebook.com\/mariana.otero1\/","https:\/\/www.instagram.com\/modoviaje.ok\/"]},{"@type":"Person","@id":"https:\/\/modoviajeok.com.ar\/#\/schema\/person\/1187013488537969db5b1320484d24f4","name":"Mariana Otero","image":{"@type":"ImageObject","inLanguage":"es","@id":"https:\/\/modoviajeok.com.ar\/#\/schema\/person\/image\/","url":"https:\/\/secure.gravatar.com\/avatar\/8a91a502a9336849a3500b9090c431bc1418f1d1263d893afeddba065f5add82?s=96&d=mm&r=g","contentUrl":"https:\/\/secure.gravatar.com\/avatar\/8a91a502a9336849a3500b9090c431bc1418f1d1263d893afeddba065f5add82?s=96&d=mm&r=g","caption":"Mariana Otero"},"url":"https:\/\/modoviajeok.com.ar\/index.php\/author\/mariana2025\/"}]}},"_links":{"self":[{"href":"https:\/\/modoviajeok.com.ar\/index.php\/wp-json\/wp\/v2\/posts\/4998","targetHints":{"allow":["GET"]}}],"collection":[{"href":"https:\/\/modoviajeok.com.ar\/index.php\/wp-json\/wp\/v2\/posts"}],"about":[{"href":"https:\/\/modoviajeok.com.ar\/index.php\/wp-json\/wp\/v2\/types\/post"}],"author":[{"embeddable":true,"href":"https:\/\/modoviajeok.com.ar\/index.php\/wp-json\/wp\/v2\/users\/2"}],"replies":[{"embeddable":true,"href":"https:\/\/modoviajeok.com.ar\/index.php\/wp-json\/wp\/v2\/comments?post=4998"}],"version-history":[{"count":7,"href":"https:\/\/modoviajeok.com.ar\/index.php\/wp-json\/wp\/v2\/posts\/4998\/revisions"}],"predecessor-version":[{"id":5030,"href":"https:\/\/modoviajeok.com.ar\/index.php\/wp-json\/wp\/v2\/posts\/4998\/revisions\/5030"}],"wp:featuredmedia":[{"embeddable":true,"href":"https:\/\/modoviajeok.com.ar\/index.php\/wp-json\/wp\/v2\/media\/5012"}],"wp:attachment":[{"href":"https:\/\/modoviajeok.com.ar\/index.php\/wp-json\/wp\/v2\/media?parent=4998"}],"wp:term":[{"taxonomy":"category","embeddable":true,"href":"https:\/\/modoviajeok.com.ar\/index.php\/wp-json\/wp\/v2\/categories?post=4998"},{"taxonomy":"post_tag","embeddable":true,"href":"https:\/\/modoviajeok.com.ar\/index.php\/wp-json\/wp\/v2\/tags?post=4998"}],"curies":[{"name":"wp","href":"https:\/\/api.w.org\/{rel}","templated":true}]}}