{"id":5061,"date":"2025-08-04T20:48:47","date_gmt":"2025-08-04T23:48:47","guid":{"rendered":"https:\/\/modoviajeok.com.ar\/?p=5061"},"modified":"2025-08-04T20:48:47","modified_gmt":"2025-08-04T23:48:47","slug":"las-vacaciones-de-invierno-generaron-mas-de-284-mil-millones-en-movimiento-economico","status":"publish","type":"post","link":"https:\/\/modoviajeok.com.ar\/index.php\/2025\/08\/04\/las-vacaciones-de-invierno-generaron-mas-de-284-mil-millones-en-movimiento-economico\/","title":{"rendered":"Las vacaciones de invierno generaron m\u00e1s de $284 mil millones en movimiento econ\u00f3mico"},"content":{"rendered":"\n<p><\/p>\n\n\n\n<figure class=\"wp-block-pullquote\"><blockquote><p>El gasto promedio diario por persona fue de $102 mil. El c\u00e1lculo incluye servicios de alojamiento formal, gastronom\u00eda, ocio y transporte terrestre, principales rubros dinamizados por la actividad.<\/p><\/blockquote><\/figure>\n\n\n\n<p><\/p>\n\n\n\n<figure class=\"wp-block-image size-full\"><img loading=\"lazy\" decoding=\"async\" width=\"1836\" height=\"1990\" src=\"https:\/\/modoviajeok.com.ar\/wp-content\/uploads\/2025\/08\/20250629_122432.jpg\" alt=\"\" class=\"wp-image-5062\" srcset=\"https:\/\/modoviajeok.com.ar\/wp-content\/uploads\/2025\/08\/20250629_122432.jpg 1836w, https:\/\/modoviajeok.com.ar\/wp-content\/uploads\/2025\/08\/20250629_122432-768x832.jpg 768w, https:\/\/modoviajeok.com.ar\/wp-content\/uploads\/2025\/08\/20250629_122432-1417x1536.jpg 1417w, https:\/\/modoviajeok.com.ar\/wp-content\/uploads\/2025\/08\/20250629_122432-387x420.jpg 387w, https:\/\/modoviajeok.com.ar\/wp-content\/uploads\/2025\/08\/20250629_122432-150x163.jpg 150w, https:\/\/modoviajeok.com.ar\/wp-content\/uploads\/2025\/08\/20250629_122432-300x325.jpg 300w, https:\/\/modoviajeok.com.ar\/wp-content\/uploads\/2025\/08\/20250629_122432-696x754.jpg 696w, https:\/\/modoviajeok.com.ar\/wp-content\/uploads\/2025\/08\/20250629_122432-1068x1158.jpg 1068w\" sizes=\"auto, (max-width: 1836px) 100vw, 1836px\" \/><figcaption class=\"wp-element-caption\">La nieve en el Valle de Calamuchita fue uno de los atractivos de la temporada. La Cumbrecita fue el lugar elegido por los turistas.<br><\/figcaption><\/figure>\n\n\n\n<p> <\/p>\n\n\n\n<p>Durante las cuatro semanas de vacaciones de invierno que se distribuyeron en todo el pa\u00eds, el turismo dej\u00f3 un movimiento econ\u00f3mico estimado en $284 mil millones de pesos, con un gasto promedio diario por persona de $102 mil. El c\u00e1lculo incluye servicios de alojamiento formal, gastronom\u00eda, ocio y transporte terrestre, principales rubros dinamizados por la actividad.<\/p>\n\n\n\n<p>En C\u00f3rdoba, la tercera semana del receso fue la de mayor movimiento, con un importante flujo tur\u00edstico en todo el territorio provincial, especialmente en los valles de Punilla y Calamuchita.<\/p>\n\n\n\n<p>\u201cEl receso invernal represent\u00f3 una etapa de buena actividad para el sector tur\u00edstico en C\u00f3rdoba, m\u00e1s all\u00e1 de la coyuntura econ\u00f3mica que es de p\u00fablico conocimiento. Se not\u00f3 un movimiento sostenido en distintas regiones con una distribuci\u00f3n territorial que favoreci\u00f3 a destinos tradicionales y emergentes\u201d, expres\u00f3 Dar\u00edo Capitani, presidente de la Agencia C\u00f3rdoba Turismo.<\/p>\n\n\n\n<p>Por su parte, Gustavo Peralta, presidente de la C\u00e1mara de Turismo de C\u00f3rdoba, se\u00f1al\u00f3: \u201cEste buen resultado final refleja el trabajo articulado en conjunto con los municipios y la provincia, y el compromiso de todo el sector respecto al mantenimiento de precios y accesos a distintas promociones que impactaron de manera positiva\u201d.<\/p>\n\n\n\n<p>Durante el receso invernal 2025, se contabilizaron algo m\u00e1s de 850 mil turistas en la provincia, una cifra superior a la registrada en 2024, cuando se contabilizaron 765 mil visitantes en tres semanas.<\/p>\n\n\n\n<p>La temporada dej\u00f3 niveles de ocupaci\u00f3n aceptables y una agenda que permiti\u00f3 sostener el flujo tur\u00edstico en distintos puntos del mapa provincial.<\/p>\n","protected":false},"excerpt":{"rendered":"<p>El gasto promedio diario por persona fue de $102 mil. El c\u00e1lculo incluye servicios de alojamiento formal, gastronom\u00eda, ocio y transporte terrestre, principales rubros dinamizados por la actividad. Durante las cuatro semanas de vacaciones de invierno que se distribuyeron en todo el pa\u00eds, el turismo dej\u00f3 un movimiento econ\u00f3mico estimado en $284 mil millones de [&hellip;]<\/p>\n","protected":false},"author":3,"featured_media":5063,"comment_status":"open","ping_status":"open","sticky":false,"template":"","format":"standard","meta":{"_acf_changed":false,"footnotes":""},"categories":[11,10],"tags":[814,547,1107],"class_list":{"0":"post-5061","1":"post","2":"type-post","3":"status-publish","4":"format-standard","5":"has-post-thumbnail","7":"category-cordoba","8":"category-noticias","9":"tag-calamuchita","10":"tag-punilla","11":"tag-vacaciones-de-invierno"},"acf":[],"yoast_head":"<!-- This site is optimized with the Yoast SEO plugin v24.8.1 - https:\/\/yoast.com\/wordpress\/plugins\/seo\/ -->\n<title>Las vacaciones de invierno generaron m\u00e1s de $284 mil millones en movimiento econ\u00f3mico -<\/title>\n<meta name=\"robots\" content=\"index, follow, max-snippet:-1, max-image-preview:large, max-video-preview:-1\" \/>\n<link rel=\"canonical\" href=\"https:\/\/modoviajeok.com.ar\/index.php\/2025\/08\/04\/las-vacaciones-de-invierno-generaron-mas-de-284-mil-millones-en-movimiento-economico\/\" \/>\n<meta property=\"og:locale\" content=\"es_ES\" \/>\n<meta property=\"og:type\" content=\"article\" \/>\n<meta property=\"og:title\" content=\"Las vacaciones de invierno generaron m\u00e1s de $284 mil millones en movimiento econ\u00f3mico -\" \/>\n<meta property=\"og:description\" content=\"El gasto promedio diario por persona fue de $102 mil. El c\u00e1lculo incluye servicios de alojamiento formal, gastronom\u00eda, ocio y transporte terrestre, principales rubros dinamizados por la actividad. Durante las cuatro semanas de vacaciones de invierno que se distribuyeron en todo el pa\u00eds, el turismo dej\u00f3 un movimiento econ\u00f3mico estimado en $284 mil millones de [&hellip;]\" \/>\n<meta property=\"og:url\" content=\"https:\/\/modoviajeok.com.ar\/index.php\/2025\/08\/04\/las-vacaciones-de-invierno-generaron-mas-de-284-mil-millones-en-movimiento-economico\/\" \/>\n<meta property=\"article:publisher\" content=\"https:\/\/www.facebook.com\/mariana.otero1\/\" \/>\n<meta property=\"article:published_time\" content=\"2025-08-04T23:48:47+00:00\" \/>\n<meta property=\"og:image\" content=\"https:\/\/modoviajeok.com.ar\/wp-content\/uploads\/2025\/08\/20250629_122313-scaled.jpg\" \/>\n\t<meta property=\"og:image:width\" content=\"1152\" \/>\n\t<meta property=\"og:image:height\" content=\"2560\" \/>\n\t<meta property=\"og:image:type\" content=\"image\/jpeg\" \/>\n<meta name=\"author\" content=\"Pepe Segura\" \/>\n<meta name=\"twitter:card\" content=\"summary_large_image\" \/>\n<meta name=\"twitter:label1\" content=\"Escrito por\" \/>\n\t<meta name=\"twitter:data1\" content=\"Pepe Segura\" \/>\n\t<meta name=\"twitter:label2\" content=\"Tiempo de lectura\" \/>\n\t<meta name=\"twitter:data2\" content=\"2 minutos\" \/>\n<script type=\"application\/ld+json\" class=\"yoast-schema-graph\">{\"@context\":\"https:\/\/schema.org\",\"@graph\":[{\"@type\":\"Article\",\"@id\":\"https:\/\/modoviajeok.com.ar\/index.php\/2025\/08\/04\/las-vacaciones-de-invierno-generaron-mas-de-284-mil-millones-en-movimiento-economico\/#article\",\"isPartOf\":{\"@id\":\"https:\/\/modoviajeok.com.ar\/index.php\/2025\/08\/04\/las-vacaciones-de-invierno-generaron-mas-de-284-mil-millones-en-movimiento-economico\/\"},\"author\":{\"name\":\"Pepe Segura\",\"@id\":\"https:\/\/modoviajeok.com.ar\/#\/schema\/person\/2e299ed0d3d412a01d244fe28260d7f5\"},\"headline\":\"Las vacaciones de invierno generaron m\u00e1s de $284 mil millones en movimiento econ\u00f3mico\",\"datePublished\":\"2025-08-04T23:48:47+00:00\",\"mainEntityOfPage\":{\"@id\":\"https:\/\/modoviajeok.com.ar\/index.php\/2025\/08\/04\/las-vacaciones-de-invierno-generaron-mas-de-284-mil-millones-en-movimiento-economico\/\"},\"wordCount\":328,\"commentCount\":0,\"publisher\":{\"@id\":\"https:\/\/modoviajeok.com.ar\/#organization\"},\"image\":{\"@id\":\"https:\/\/modoviajeok.com.ar\/index.php\/2025\/08\/04\/las-vacaciones-de-invierno-generaron-mas-de-284-mil-millones-en-movimiento-economico\/#primaryimage\"},\"thumbnailUrl\":\"https:\/\/modoviajeok.com.ar\/wp-content\/uploads\/2025\/08\/20250629_122313-scaled.jpg\",\"keywords\":[\"calamuchita\",\"punilla\",\"vacaciones de invierno\"],\"articleSection\":[\"C\u00f3rdoba\",\"Noticias\"],\"inLanguage\":\"es\",\"potentialAction\":[{\"@type\":\"CommentAction\",\"name\":\"Comment\",\"target\":[\"https:\/\/modoviajeok.com.ar\/index.php\/2025\/08\/04\/las-vacaciones-de-invierno-generaron-mas-de-284-mil-millones-en-movimiento-economico\/#respond\"]}]},{\"@type\":\"WebPage\",\"@id\":\"https:\/\/modoviajeok.com.ar\/index.php\/2025\/08\/04\/las-vacaciones-de-invierno-generaron-mas-de-284-mil-millones-en-movimiento-economico\/\",\"url\":\"https:\/\/modoviajeok.com.ar\/index.php\/2025\/08\/04\/las-vacaciones-de-invierno-generaron-mas-de-284-mil-millones-en-movimiento-economico\/\",\"name\":\"Las vacaciones de invierno generaron m\u00e1s de $284 mil millones en movimiento econ\u00f3mico -\",\"isPartOf\":{\"@id\":\"https:\/\/modoviajeok.com.ar\/#website\"},\"primaryImageOfPage\":{\"@id\":\"https:\/\/modoviajeok.com.ar\/index.php\/2025\/08\/04\/las-vacaciones-de-invierno-generaron-mas-de-284-mil-millones-en-movimiento-economico\/#primaryimage\"},\"image\":{\"@id\":\"https:\/\/modoviajeok.com.ar\/index.php\/2025\/08\/04\/las-vacaciones-de-invierno-generaron-mas-de-284-mil-millones-en-movimiento-economico\/#primaryimage\"},\"thumbnailUrl\":\"https:\/\/modoviajeok.com.ar\/wp-content\/uploads\/2025\/08\/20250629_122313-scaled.jpg\",\"datePublished\":\"2025-08-04T23:48:47+00:00\",\"breadcrumb\":{\"@id\":\"https:\/\/modoviajeok.com.ar\/index.php\/2025\/08\/04\/las-vacaciones-de-invierno-generaron-mas-de-284-mil-millones-en-movimiento-economico\/#breadcrumb\"},\"inLanguage\":\"es\",\"potentialAction\":[{\"@type\":\"ReadAction\",\"target\":[\"https:\/\/modoviajeok.com.ar\/index.php\/2025\/08\/04\/las-vacaciones-de-invierno-generaron-mas-de-284-mil-millones-en-movimiento-economico\/\"]}]},{\"@type\":\"ImageObject\",\"inLanguage\":\"es\",\"@id\":\"https:\/\/modoviajeok.com.ar\/index.php\/2025\/08\/04\/las-vacaciones-de-invierno-generaron-mas-de-284-mil-millones-en-movimiento-economico\/#primaryimage\",\"url\":\"https:\/\/modoviajeok.com.ar\/wp-content\/uploads\/2025\/08\/20250629_122313-scaled.jpg\",\"contentUrl\":\"https:\/\/modoviajeok.com.ar\/wp-content\/uploads\/2025\/08\/20250629_122313-scaled.jpg\",\"width\":1152,\"height\":2560},{\"@type\":\"BreadcrumbList\",\"@id\":\"https:\/\/modoviajeok.com.ar\/index.php\/2025\/08\/04\/las-vacaciones-de-invierno-generaron-mas-de-284-mil-millones-en-movimiento-economico\/#breadcrumb\",\"itemListElement\":[{\"@type\":\"ListItem\",\"position\":1,\"name\":\"Portada\",\"item\":\"https:\/\/modoviajeok.com.ar\/\"},{\"@type\":\"ListItem\",\"position\":2,\"name\":\"Las vacaciones de invierno generaron m\u00e1s de $284 mil millones en movimiento econ\u00f3mico\"}]},{\"@type\":\"WebSite\",\"@id\":\"https:\/\/modoviajeok.com.ar\/#website\",\"url\":\"https:\/\/modoviajeok.com.ar\/\",\"name\":\"ModoViajeOK\",\"description\":\"\",\"publisher\":{\"@id\":\"https:\/\/modoviajeok.com.ar\/#organization\"},\"potentialAction\":[{\"@type\":\"SearchAction\",\"target\":{\"@type\":\"EntryPoint\",\"urlTemplate\":\"https:\/\/modoviajeok.com.ar\/?s={search_term_string}\"},\"query-input\":{\"@type\":\"PropertyValueSpecification\",\"valueRequired\":true,\"valueName\":\"search_term_string\"}}],\"inLanguage\":\"es\"},{\"@type\":\"Organization\",\"@id\":\"https:\/\/modoviajeok.com.ar\/#organization\",\"name\":\"ModoViajeOK\",\"url\":\"https:\/\/modoviajeok.com.ar\/\",\"logo\":{\"@type\":\"ImageObject\",\"inLanguage\":\"es\",\"@id\":\"https:\/\/modoviajeok.com.ar\/#\/schema\/logo\/image\/\",\"url\":\"https:\/\/modoviajeok.com.ar\/wp-content\/uploads\/2025\/01\/Logo-modoviajeok.png\",\"contentUrl\":\"https:\/\/modoviajeok.com.ar\/wp-content\/uploads\/2025\/01\/Logo-modoviajeok.png\",\"width\":2938,\"height\":2276,\"caption\":\"ModoViajeOK\"},\"image\":{\"@id\":\"https:\/\/modoviajeok.com.ar\/#\/schema\/logo\/image\/\"},\"sameAs\":[\"https:\/\/www.facebook.com\/mariana.otero1\/\",\"https:\/\/www.instagram.com\/modoviaje.ok\/\"]},{\"@type\":\"Person\",\"@id\":\"https:\/\/modoviajeok.com.ar\/#\/schema\/person\/2e299ed0d3d412a01d244fe28260d7f5\",\"name\":\"Pepe Segura\",\"image\":{\"@type\":\"ImageObject\",\"inLanguage\":\"es\",\"@id\":\"https:\/\/modoviajeok.com.ar\/#\/schema\/person\/image\/\",\"url\":\"https:\/\/secure.gravatar.com\/avatar\/65eb4b34deed761327f5b2c5535b987318ae807900ac46426de7258f5de6d345?s=96&d=mm&r=g\",\"contentUrl\":\"https:\/\/secure.gravatar.com\/avatar\/65eb4b34deed761327f5b2c5535b987318ae807900ac46426de7258f5de6d345?s=96&d=mm&r=g\",\"caption\":\"Pepe Segura\"},\"url\":\"https:\/\/modoviajeok.com.ar\/index.php\/author\/pepe2025\/\"}]}<\/script>\n<!-- \/ Yoast SEO plugin. -->","yoast_head_json":{"title":"Las vacaciones de invierno generaron m\u00e1s de $284 mil millones en movimiento econ\u00f3mico -","robots":{"index":"index","follow":"follow","max-snippet":"max-snippet:-1","max-image-preview":"max-image-preview:large","max-video-preview":"max-video-preview:-1"},"canonical":"https:\/\/modoviajeok.com.ar\/index.php\/2025\/08\/04\/las-vacaciones-de-invierno-generaron-mas-de-284-mil-millones-en-movimiento-economico\/","og_locale":"es_ES","og_type":"article","og_title":"Las vacaciones de invierno generaron m\u00e1s de $284 mil millones en movimiento econ\u00f3mico -","og_description":"El gasto promedio diario por persona fue de $102 mil. El c\u00e1lculo incluye servicios de alojamiento formal, gastronom\u00eda, ocio y transporte terrestre, principales rubros dinamizados por la actividad. Durante las cuatro semanas de vacaciones de invierno que se distribuyeron en todo el pa\u00eds, el turismo dej\u00f3 un movimiento econ\u00f3mico estimado en $284 mil millones de [&hellip;]","og_url":"https:\/\/modoviajeok.com.ar\/index.php\/2025\/08\/04\/las-vacaciones-de-invierno-generaron-mas-de-284-mil-millones-en-movimiento-economico\/","article_publisher":"https:\/\/www.facebook.com\/mariana.otero1\/","article_published_time":"2025-08-04T23:48:47+00:00","og_image":[{"width":1152,"height":2560,"url":"https:\/\/modoviajeok.com.ar\/wp-content\/uploads\/2025\/08\/20250629_122313-scaled.jpg","type":"image\/jpeg"}],"author":"Pepe Segura","twitter_card":"summary_large_image","twitter_misc":{"Escrito por":"Pepe Segura","Tiempo de lectura":"2 minutos"},"schema":{"@context":"https:\/\/schema.org","@graph":[{"@type":"Article","@id":"https:\/\/modoviajeok.com.ar\/index.php\/2025\/08\/04\/las-vacaciones-de-invierno-generaron-mas-de-284-mil-millones-en-movimiento-economico\/#article","isPartOf":{"@id":"https:\/\/modoviajeok.com.ar\/index.php\/2025\/08\/04\/las-vacaciones-de-invierno-generaron-mas-de-284-mil-millones-en-movimiento-economico\/"},"author":{"name":"Pepe Segura","@id":"https:\/\/modoviajeok.com.ar\/#\/schema\/person\/2e299ed0d3d412a01d244fe28260d7f5"},"headline":"Las vacaciones de invierno generaron m\u00e1s de $284 mil millones en movimiento econ\u00f3mico","datePublished":"2025-08-04T23:48:47+00:00","mainEntityOfPage":{"@id":"https:\/\/modoviajeok.com.ar\/index.php\/2025\/08\/04\/las-vacaciones-de-invierno-generaron-mas-de-284-mil-millones-en-movimiento-economico\/"},"wordCount":328,"commentCount":0,"publisher":{"@id":"https:\/\/modoviajeok.com.ar\/#organization"},"image":{"@id":"https:\/\/modoviajeok.com.ar\/index.php\/2025\/08\/04\/las-vacaciones-de-invierno-generaron-mas-de-284-mil-millones-en-movimiento-economico\/#primaryimage"},"thumbnailUrl":"https:\/\/modoviajeok.com.ar\/wp-content\/uploads\/2025\/08\/20250629_122313-scaled.jpg","keywords":["calamuchita","punilla","vacaciones de invierno"],"articleSection":["C\u00f3rdoba","Noticias"],"inLanguage":"es","potentialAction":[{"@type":"CommentAction","name":"Comment","target":["https:\/\/modoviajeok.com.ar\/index.php\/2025\/08\/04\/las-vacaciones-de-invierno-generaron-mas-de-284-mil-millones-en-movimiento-economico\/#respond"]}]},{"@type":"WebPage","@id":"https:\/\/modoviajeok.com.ar\/index.php\/2025\/08\/04\/las-vacaciones-de-invierno-generaron-mas-de-284-mil-millones-en-movimiento-economico\/","url":"https:\/\/modoviajeok.com.ar\/index.php\/2025\/08\/04\/las-vacaciones-de-invierno-generaron-mas-de-284-mil-millones-en-movimiento-economico\/","name":"Las vacaciones de invierno generaron m\u00e1s de $284 mil millones en movimiento econ\u00f3mico -","isPartOf":{"@id":"https:\/\/modoviajeok.com.ar\/#website"},"primaryImageOfPage":{"@id":"https:\/\/modoviajeok.com.ar\/index.php\/2025\/08\/04\/las-vacaciones-de-invierno-generaron-mas-de-284-mil-millones-en-movimiento-economico\/#primaryimage"},"image":{"@id":"https:\/\/modoviajeok.com.ar\/index.php\/2025\/08\/04\/las-vacaciones-de-invierno-generaron-mas-de-284-mil-millones-en-movimiento-economico\/#primaryimage"},"thumbnailUrl":"https:\/\/modoviajeok.com.ar\/wp-content\/uploads\/2025\/08\/20250629_122313-scaled.jpg","datePublished":"2025-08-04T23:48:47+00:00","breadcrumb":{"@id":"https:\/\/modoviajeok.com.ar\/index.php\/2025\/08\/04\/las-vacaciones-de-invierno-generaron-mas-de-284-mil-millones-en-movimiento-economico\/#breadcrumb"},"inLanguage":"es","potentialAction":[{"@type":"ReadAction","target":["https:\/\/modoviajeok.com.ar\/index.php\/2025\/08\/04\/las-vacaciones-de-invierno-generaron-mas-de-284-mil-millones-en-movimiento-economico\/"]}]},{"@type":"ImageObject","inLanguage":"es","@id":"https:\/\/modoviajeok.com.ar\/index.php\/2025\/08\/04\/las-vacaciones-de-invierno-generaron-mas-de-284-mil-millones-en-movimiento-economico\/#primaryimage","url":"https:\/\/modoviajeok.com.ar\/wp-content\/uploads\/2025\/08\/20250629_122313-scaled.jpg","contentUrl":"https:\/\/modoviajeok.com.ar\/wp-content\/uploads\/2025\/08\/20250629_122313-scaled.jpg","width":1152,"height":2560},{"@type":"BreadcrumbList","@id":"https:\/\/modoviajeok.com.ar\/index.php\/2025\/08\/04\/las-vacaciones-de-invierno-generaron-mas-de-284-mil-millones-en-movimiento-economico\/#breadcrumb","itemListElement":[{"@type":"ListItem","position":1,"name":"Portada","item":"https:\/\/modoviajeok.com.ar\/"},{"@type":"ListItem","position":2,"name":"Las vacaciones de invierno generaron m\u00e1s de $284 mil millones en movimiento econ\u00f3mico"}]},{"@type":"WebSite","@id":"https:\/\/modoviajeok.com.ar\/#website","url":"https:\/\/modoviajeok.com.ar\/","name":"ModoViajeOK","description":"","publisher":{"@id":"https:\/\/modoviajeok.com.ar\/#organization"},"potentialAction":[{"@type":"SearchAction","target":{"@type":"EntryPoint","urlTemplate":"https:\/\/modoviajeok.com.ar\/?s={search_term_string}"},"query-input":{"@type":"PropertyValueSpecification","valueRequired":true,"valueName":"search_term_string"}}],"inLanguage":"es"},{"@type":"Organization","@id":"https:\/\/modoviajeok.com.ar\/#organization","name":"ModoViajeOK","url":"https:\/\/modoviajeok.com.ar\/","logo":{"@type":"ImageObject","inLanguage":"es","@id":"https:\/\/modoviajeok.com.ar\/#\/schema\/logo\/image\/","url":"https:\/\/modoviajeok.com.ar\/wp-content\/uploads\/2025\/01\/Logo-modoviajeok.png","contentUrl":"https:\/\/modoviajeok.com.ar\/wp-content\/uploads\/2025\/01\/Logo-modoviajeok.png","width":2938,"height":2276,"caption":"ModoViajeOK"},"image":{"@id":"https:\/\/modoviajeok.com.ar\/#\/schema\/logo\/image\/"},"sameAs":["https:\/\/www.facebook.com\/mariana.otero1\/","https:\/\/www.instagram.com\/modoviaje.ok\/"]},{"@type":"Person","@id":"https:\/\/modoviajeok.com.ar\/#\/schema\/person\/2e299ed0d3d412a01d244fe28260d7f5","name":"Pepe Segura","image":{"@type":"ImageObject","inLanguage":"es","@id":"https:\/\/modoviajeok.com.ar\/#\/schema\/person\/image\/","url":"https:\/\/secure.gravatar.com\/avatar\/65eb4b34deed761327f5b2c5535b987318ae807900ac46426de7258f5de6d345?s=96&d=mm&r=g","contentUrl":"https:\/\/secure.gravatar.com\/avatar\/65eb4b34deed761327f5b2c5535b987318ae807900ac46426de7258f5de6d345?s=96&d=mm&r=g","caption":"Pepe Segura"},"url":"https:\/\/modoviajeok.com.ar\/index.php\/author\/pepe2025\/"}]}},"_links":{"self":[{"href":"https:\/\/modoviajeok.com.ar\/index.php\/wp-json\/wp\/v2\/posts\/5061","targetHints":{"allow":["GET"]}}],"collection":[{"href":"https:\/\/modoviajeok.com.ar\/index.php\/wp-json\/wp\/v2\/posts"}],"about":[{"href":"https:\/\/modoviajeok.com.ar\/index.php\/wp-json\/wp\/v2\/types\/post"}],"author":[{"embeddable":true,"href":"https:\/\/modoviajeok.com.ar\/index.php\/wp-json\/wp\/v2\/users\/3"}],"replies":[{"embeddable":true,"href":"https:\/\/modoviajeok.com.ar\/index.php\/wp-json\/wp\/v2\/comments?post=5061"}],"version-history":[{"count":1,"href":"https:\/\/modoviajeok.com.ar\/index.php\/wp-json\/wp\/v2\/posts\/5061\/revisions"}],"predecessor-version":[{"id":5064,"href":"https:\/\/modoviajeok.com.ar\/index.php\/wp-json\/wp\/v2\/posts\/5061\/revisions\/5064"}],"wp:featuredmedia":[{"embeddable":true,"href":"https:\/\/modoviajeok.com.ar\/index.php\/wp-json\/wp\/v2\/media\/5063"}],"wp:attachment":[{"href":"https:\/\/modoviajeok.com.ar\/index.php\/wp-json\/wp\/v2\/media?parent=5061"}],"wp:term":[{"taxonomy":"category","embeddable":true,"href":"https:\/\/modoviajeok.com.ar\/index.php\/wp-json\/wp\/v2\/categories?post=5061"},{"taxonomy":"post_tag","embeddable":true,"href":"https:\/\/modoviajeok.com.ar\/index.php\/wp-json\/wp\/v2\/tags?post=5061"}],"curies":[{"name":"wp","href":"https:\/\/api.w.org\/{rel}","templated":true}]}}