{"id":5065,"date":"2025-08-18T09:00:04","date_gmt":"2025-08-18T12:00:04","guid":{"rendered":"https:\/\/modoviajeok.com.ar\/?p=5065"},"modified":"2025-09-17T22:25:21","modified_gmt":"2025-09-18T01:25:21","slug":"cuenca-y-el-embrujo-de-las-casas-colgadas","status":"publish","type":"post","link":"https:\/\/modoviajeok.com.ar\/index.php\/2025\/08\/18\/cuenca-y-el-embrujo-de-las-casas-colgadas\/","title":{"rendered":"Cuenca y el embrujo de las \u201ccasas colgadas\u201d"},"content":{"rendered":"\n<h2 class=\"wp-block-heading\">La ciudad de Castilla La Mancha es Patrimonio de la Humanidad. Sorprende con sus balcones colgando desde los acantilados y con sus \u00abrascacielos\u00bb construidos en la Edad Media.<\/h2>\n\n\n\n<figure class=\"wp-block-image size-full\"><img loading=\"lazy\" decoding=\"async\" width=\"2560\" height=\"1506\" src=\"https:\/\/modoviajeok.com.ar\/wp-content\/uploads\/2025\/08\/IMG_20230809_173844-1-scaled.jpg\" alt=\"\" class=\"wp-image-5073\" srcset=\"https:\/\/modoviajeok.com.ar\/wp-content\/uploads\/2025\/08\/IMG_20230809_173844-1-scaled.jpg 2560w, https:\/\/modoviajeok.com.ar\/wp-content\/uploads\/2025\/08\/IMG_20230809_173844-1-768x452.jpg 768w, https:\/\/modoviajeok.com.ar\/wp-content\/uploads\/2025\/08\/IMG_20230809_173844-1-1536x903.jpg 1536w, https:\/\/modoviajeok.com.ar\/wp-content\/uploads\/2025\/08\/IMG_20230809_173844-1-2048x1204.jpg 2048w, https:\/\/modoviajeok.com.ar\/wp-content\/uploads\/2025\/08\/IMG_20230809_173844-1-714x420.jpg 714w, https:\/\/modoviajeok.com.ar\/wp-content\/uploads\/2025\/08\/IMG_20230809_173844-1-150x88.jpg 150w, https:\/\/modoviajeok.com.ar\/wp-content\/uploads\/2025\/08\/IMG_20230809_173844-1-300x176.jpg 300w, https:\/\/modoviajeok.com.ar\/wp-content\/uploads\/2025\/08\/IMG_20230809_173844-1-696x409.jpg 696w, https:\/\/modoviajeok.com.ar\/wp-content\/uploads\/2025\/08\/IMG_20230809_173844-1-1068x628.jpg 1068w, https:\/\/modoviajeok.com.ar\/wp-content\/uploads\/2025\/08\/IMG_20230809_173844-1-1920x1129.jpg 1920w\" sizes=\"auto, (max-width: 2560px) 100vw, 2560px\" \/><\/figure>\n\n\n\n<p>Llegamos a Cuenca con la ilusi\u00f3n de conocer las \u201ccasas colgadas\u201d, cuyos balcones y ventanas de madera se asoman al r\u00edo Hu\u00e9car suspendidas en los acantilados.&nbsp;<\/p>\n\n\n\n<p>Hasta all\u00ed llegamos para comprobar que, de alguna manera, la identidad de Cuenca se la dieron los r\u00edos J\u00facar y Hu\u00e9car, que con sus meandros dibujan un paisaje magn\u00edfico que se aprecia desde los cerros con sus construcciones medievales.<\/p>\n\n\n\n<figure class=\"wp-block-image size-full\"><img loading=\"lazy\" decoding=\"async\" width=\"2560\" height=\"1920\" src=\"https:\/\/modoviajeok.com.ar\/wp-content\/uploads\/2025\/08\/DSCN0095-scaled.jpg\" alt=\"\" class=\"wp-image-5088\" srcset=\"https:\/\/modoviajeok.com.ar\/wp-content\/uploads\/2025\/08\/DSCN0095-scaled.jpg 2560w, https:\/\/modoviajeok.com.ar\/wp-content\/uploads\/2025\/08\/DSCN0095-768x576.jpg 768w, https:\/\/modoviajeok.com.ar\/wp-content\/uploads\/2025\/08\/DSCN0095-1536x1152.jpg 1536w, https:\/\/modoviajeok.com.ar\/wp-content\/uploads\/2025\/08\/DSCN0095-2048x1536.jpg 2048w, https:\/\/modoviajeok.com.ar\/wp-content\/uploads\/2025\/08\/DSCN0095-560x420.jpg 560w, https:\/\/modoviajeok.com.ar\/wp-content\/uploads\/2025\/08\/DSCN0095-80x60.jpg 80w, https:\/\/modoviajeok.com.ar\/wp-content\/uploads\/2025\/08\/DSCN0095-150x113.jpg 150w, https:\/\/modoviajeok.com.ar\/wp-content\/uploads\/2025\/08\/DSCN0095-300x225.jpg 300w, https:\/\/modoviajeok.com.ar\/wp-content\/uploads\/2025\/08\/DSCN0095-696x522.jpg 696w, https:\/\/modoviajeok.com.ar\/wp-content\/uploads\/2025\/08\/DSCN0095-1068x801.jpg 1068w, https:\/\/modoviajeok.com.ar\/wp-content\/uploads\/2025\/08\/DSCN0095-1920x1440.jpg 1920w, https:\/\/modoviajeok.com.ar\/wp-content\/uploads\/2025\/08\/DSCN0095-265x198.jpg 265w\" sizes=\"auto, (max-width: 2560px) 100vw, 2560px\" \/><\/figure>\n\n\n\n<p>Cuenca est\u00e1 ubicada en el noroeste de Castilla &#8211; La Mancha, a s\u00f3lo una hora en tren de Madrid. La ciudad es una de las 15 ciudades Patrimonio de la Humanidad de Espa\u00f1a y se destaca por su peculiar casco antiguo sobre un cerro rocoso, rodeado por las hoces de ambos r\u00edos, a m\u00e1s de mil metros de altura. La hoz del r\u00edo es un valle estrecho con curvas pronunciadas entre paredes de roca.&nbsp;<\/p>\n\n\n\n<figure class=\"wp-block-image size-full\"><img loading=\"lazy\" decoding=\"async\" width=\"1797\" height=\"1139\" src=\"https:\/\/modoviajeok.com.ar\/wp-content\/uploads\/2025\/08\/20230809_110912.jpg\" alt=\"\" class=\"wp-image-5077\" srcset=\"https:\/\/modoviajeok.com.ar\/wp-content\/uploads\/2025\/08\/20230809_110912.jpg 1797w, https:\/\/modoviajeok.com.ar\/wp-content\/uploads\/2025\/08\/20230809_110912-768x487.jpg 768w, https:\/\/modoviajeok.com.ar\/wp-content\/uploads\/2025\/08\/20230809_110912-1536x974.jpg 1536w, https:\/\/modoviajeok.com.ar\/wp-content\/uploads\/2025\/08\/20230809_110912-663x420.jpg 663w, https:\/\/modoviajeok.com.ar\/wp-content\/uploads\/2025\/08\/20230809_110912-150x95.jpg 150w, https:\/\/modoviajeok.com.ar\/wp-content\/uploads\/2025\/08\/20230809_110912-300x190.jpg 300w, https:\/\/modoviajeok.com.ar\/wp-content\/uploads\/2025\/08\/20230809_110912-696x441.jpg 696w, https:\/\/modoviajeok.com.ar\/wp-content\/uploads\/2025\/08\/20230809_110912-1068x677.jpg 1068w\" sizes=\"auto, (max-width: 1797px) 100vw, 1797px\" \/><\/figure>\n\n\n\n<p>Cuenca es un viaje al medioevo. Fue musulmana hasta la conquista cristiana en el siglo XVIII por el rey Alfonso VIII de Castilla. Sus primeros habitantes \u00e1rabes la construyeron sobre terreno escarpado&nbsp; rodeado de precipicios. Cuenca guarda cierto embrujo: tiene una catedral inacabada, una parroquia con c\u00fapula octogonal como gui\u00f1o a sus or\u00edgenes musulmantes&nbsp; y un castillo que durante siglos fue C\u00e1rcel Perpetua de la Inquisici\u00f3n. Hay historias y leyendas en sus monumentos y callejuelas.<\/p>\n\n\n\n<p><strong>Un viaje al pasado<\/strong><\/p>\n\n\n\n<p>Decidimos quedarnos a pasar la noche en Cuenca. La mayor\u00eda de los visitantes van a pasar el d\u00eda, pero el esp\u00edritu de la ciudad se comprende mejor al caer la tarde. Nos alojamos en la <a href=\"https:\/\/hospederiadelseminario.es\/\">Hospeder\u00eda Seminario Conciliar de San Juli\u00e1n<\/a>, ubicada en el coraz\u00f3n del casco antiguo, en la c\u00e9ntrica plaza de la Merced (donde algunas noches de verano los vecinos se congregan a disfrutar de una pel\u00edcula en blanco y negro del cine mudo, al aire libre. Vivimos esa experiencia!).<\/p>\n\n\n\n<figure class=\"wp-block-image size-full\"><img loading=\"lazy\" decoding=\"async\" width=\"1280\" height=\"576\" src=\"https:\/\/modoviajeok.com.ar\/wp-content\/uploads\/2025\/08\/IMG-20230810-WA0027.jpg\" alt=\"\" class=\"wp-image-5068\" srcset=\"https:\/\/modoviajeok.com.ar\/wp-content\/uploads\/2025\/08\/IMG-20230810-WA0027.jpg 1280w, https:\/\/modoviajeok.com.ar\/wp-content\/uploads\/2025\/08\/IMG-20230810-WA0027-768x346.jpg 768w, https:\/\/modoviajeok.com.ar\/wp-content\/uploads\/2025\/08\/IMG-20230810-WA0027-933x420.jpg 933w, https:\/\/modoviajeok.com.ar\/wp-content\/uploads\/2025\/08\/IMG-20230810-WA0027-150x68.jpg 150w, https:\/\/modoviajeok.com.ar\/wp-content\/uploads\/2025\/08\/IMG-20230810-WA0027-300x135.jpg 300w, https:\/\/modoviajeok.com.ar\/wp-content\/uploads\/2025\/08\/IMG-20230810-WA0027-696x313.jpg 696w, https:\/\/modoviajeok.com.ar\/wp-content\/uploads\/2025\/08\/IMG-20230810-WA0027-1068x481.jpg 1068w\" sizes=\"auto, (max-width: 1280px) 100vw, 1280px\" \/><\/figure>\n\n\n\n<p>Alojarse aqu\u00ed es vivir en otro tiempo, imaginar la vida del siglo XVIII. Es muy, MUY, recomendable (aqu\u00ed valen las may\u00fasculas).&nbsp;<\/p>\n\n\n\n<p>El Seminario data de 1741 y fue construido sobre los restos del palacio del marqu\u00e9s de Siruela. Hoy en d\u00eda all\u00ed siguen form\u00e1ndose los futuros sacerdotes de la di\u00f3cesis conquense.<\/p>\n\n\n\n<p><strong>Recorrido a pie<\/strong><\/p>\n\n\n\n<p>Iniciamos nuestro recorrido por la Plaza Mayor, que es lo primero que uno ve cuando ingresa con la l\u00ednea 1 del \u00f3mnibus. Es el centro neur\u00e1lgico.&nbsp;<\/p>\n\n\n\n<p>La plaza est\u00e1 rodeada de edificios de fachadas de colores, entre ellos el Ayuntamiento de estilo barroco y con tres arcos de medio punto; el Convento de las Petras y la impresionante Catedral de Santa Mar\u00eda y San Juli\u00e1n. La plaza est\u00e1 repleta de terrazas para tomar y comer algo y ver pasar la vida.<\/p>\n\n\n\n<figure class=\"wp-block-image size-full\"><img loading=\"lazy\" decoding=\"async\" width=\"2560\" height=\"1920\" src=\"https:\/\/modoviajeok.com.ar\/wp-content\/uploads\/2025\/08\/DSCN0086-scaled.jpg\" alt=\"\" class=\"wp-image-5080\" srcset=\"https:\/\/modoviajeok.com.ar\/wp-content\/uploads\/2025\/08\/DSCN0086-scaled.jpg 2560w, https:\/\/modoviajeok.com.ar\/wp-content\/uploads\/2025\/08\/DSCN0086-768x576.jpg 768w, https:\/\/modoviajeok.com.ar\/wp-content\/uploads\/2025\/08\/DSCN0086-1536x1152.jpg 1536w, https:\/\/modoviajeok.com.ar\/wp-content\/uploads\/2025\/08\/DSCN0086-2048x1536.jpg 2048w, https:\/\/modoviajeok.com.ar\/wp-content\/uploads\/2025\/08\/DSCN0086-560x420.jpg 560w, https:\/\/modoviajeok.com.ar\/wp-content\/uploads\/2025\/08\/DSCN0086-80x60.jpg 80w, https:\/\/modoviajeok.com.ar\/wp-content\/uploads\/2025\/08\/DSCN0086-150x113.jpg 150w, https:\/\/modoviajeok.com.ar\/wp-content\/uploads\/2025\/08\/DSCN0086-300x225.jpg 300w, https:\/\/modoviajeok.com.ar\/wp-content\/uploads\/2025\/08\/DSCN0086-696x522.jpg 696w, https:\/\/modoviajeok.com.ar\/wp-content\/uploads\/2025\/08\/DSCN0086-1068x801.jpg 1068w, https:\/\/modoviajeok.com.ar\/wp-content\/uploads\/2025\/08\/DSCN0086-1920x1440.jpg 1920w, https:\/\/modoviajeok.com.ar\/wp-content\/uploads\/2025\/08\/DSCN0086-265x198.jpg 265w\" sizes=\"auto, (max-width: 2560px) 100vw, 2560px\" \/><\/figure>\n\n\n\n<p>Listos para conocer esta Cuenca, esta joya arquitect\u00f3nica, tomamos<a href=\"https:\/\/www.civitatis.com\/es\/cuenca\/free-tour-cuenca\/?aid=1051\"> este free tou<\/a>r y, luego, ingresamos a la Catedral (la primera g\u00f3tica de Castilla junto a la de \u00c1vila) construida en el a\u00f1o 1177 por orden del rey Alfonso VIII, pocos a\u00f1os despu\u00e9s de la reconquista de la ciudad.&nbsp;<\/p>\n\n\n\n<p>Se encuentra sobre una mezquita \u00e1rabe. La fabulosa fachada neog\u00f3tica fue reconstruida en el siglo XX, debido a un derrumbe. En el interior tiene m\u00e1s 20 capillas, el Coro, la Sacrist\u00eda Mayor, la Sala Capitular, el claustro renacentista, el Arco de Jamete y la Torre del \u00c1ngel, todas iluminadas por la luz natural que ingresa por los ventanales. Est\u00e1 abierta todos los d\u00edas de 10 a 19.30.<\/p>\n\n\n\n<p><strong>Miradores y rascacielos<\/strong>&nbsp;<\/p>\n\n\n\n<p>Los miradores hacia los r\u00edos J\u00facar y Hu\u00e9car y el entorno monta\u00f1oso son gran parte del atractivo de Cuenca. Hay que dar un paseo por el mirador de San Miguel, al lado de la Iglesia del mismo nombre; el Florencio Ca\u00f1as, cerca de la Plaza Mayor; el mirador hoz del J\u00facar y el mirador del Rey, que tiene unas vistas preciosas de todo el conjunto (hay que caminar diez minutos en subida).<\/p>\n\n\n\n<figure class=\"wp-block-image size-full\"><img loading=\"lazy\" decoding=\"async\" width=\"1471\" height=\"2560\" src=\"https:\/\/modoviajeok.com.ar\/wp-content\/uploads\/2025\/08\/DSCN0089-scaled.jpg\" alt=\"\" class=\"wp-image-5087\" srcset=\"https:\/\/modoviajeok.com.ar\/wp-content\/uploads\/2025\/08\/DSCN0089-scaled.jpg 1471w, https:\/\/modoviajeok.com.ar\/wp-content\/uploads\/2025\/08\/DSCN0089-768x1337.jpg 768w, https:\/\/modoviajeok.com.ar\/wp-content\/uploads\/2025\/08\/DSCN0089-882x1536.jpg 882w, https:\/\/modoviajeok.com.ar\/wp-content\/uploads\/2025\/08\/DSCN0089-1176x2048.jpg 1176w, https:\/\/modoviajeok.com.ar\/wp-content\/uploads\/2025\/08\/DSCN0089-241x420.jpg 241w, https:\/\/modoviajeok.com.ar\/wp-content\/uploads\/2025\/08\/DSCN0089-150x261.jpg 150w, https:\/\/modoviajeok.com.ar\/wp-content\/uploads\/2025\/08\/DSCN0089-300x522.jpg 300w, https:\/\/modoviajeok.com.ar\/wp-content\/uploads\/2025\/08\/DSCN0089-696x1212.jpg 696w, https:\/\/modoviajeok.com.ar\/wp-content\/uploads\/2025\/08\/DSCN0089-1068x1859.jpg 1068w, https:\/\/modoviajeok.com.ar\/wp-content\/uploads\/2025\/08\/DSCN0089-1920x3342.jpg 1920w\" sizes=\"auto, (max-width: 1471px) 100vw, 1471px\" \/><\/figure>\n\n\n\n<p>Otra opci\u00f3n que garantiza incre\u00edbles vistas es visitar las ruinas del castillo de Cuenca, una fortaleza \u00e1rabe que fue conquistada por las tropas cristianas en 1177.<\/p>\n\n\n\n<p>Llegamos, al fin, a las ic\u00f3nicas Casas Colgadas. Son<strong> <\/strong>una serie de edificios que tienen&nbsp; fotog\u00e9nicos balcones de madera<strong> <\/strong>colgando sobre los acantilados de la hoz del r\u00edo Hu\u00e9car, Est\u00e1n a m\u00e1s de 60 metros de altura. Fueron levantadas entre los siglos XIII y XV, y hoy s\u00f3lo se conservan tres: la Casa de la Sirena, que alberga un mes\u00f3n y las dos Casas de los Reyes, en la que se encuentra un Museo de Arte Abstracto. En el interior se puede apreciar la arquitectura: artesonados mud\u00e9jares, decoraciones renacentistas en algunos arcos y pinturas murales del g\u00f3tico tard\u00edo.&nbsp;<\/p>\n\n\n\n<figure class=\"wp-block-image size-full\"><img loading=\"lazy\" decoding=\"async\" width=\"2560\" height=\"1439\" src=\"https:\/\/modoviajeok.com.ar\/wp-content\/uploads\/2025\/08\/IMG_20230809_174026-scaled.jpg\" alt=\"\" class=\"wp-image-5072\" srcset=\"https:\/\/modoviajeok.com.ar\/wp-content\/uploads\/2025\/08\/IMG_20230809_174026-scaled.jpg 2560w, https:\/\/modoviajeok.com.ar\/wp-content\/uploads\/2025\/08\/IMG_20230809_174026-768x432.jpg 768w, https:\/\/modoviajeok.com.ar\/wp-content\/uploads\/2025\/08\/IMG_20230809_174026-1536x863.jpg 1536w, https:\/\/modoviajeok.com.ar\/wp-content\/uploads\/2025\/08\/IMG_20230809_174026-2048x1151.jpg 2048w, https:\/\/modoviajeok.com.ar\/wp-content\/uploads\/2025\/08\/IMG_20230809_174026-747x420.jpg 747w, https:\/\/modoviajeok.com.ar\/wp-content\/uploads\/2025\/08\/IMG_20230809_174026-150x84.jpg 150w, https:\/\/modoviajeok.com.ar\/wp-content\/uploads\/2025\/08\/IMG_20230809_174026-300x169.jpg 300w, https:\/\/modoviajeok.com.ar\/wp-content\/uploads\/2025\/08\/IMG_20230809_174026-696x391.jpg 696w, https:\/\/modoviajeok.com.ar\/wp-content\/uploads\/2025\/08\/IMG_20230809_174026-1068x600.jpg 1068w, https:\/\/modoviajeok.com.ar\/wp-content\/uploads\/2025\/08\/IMG_20230809_174026-1920x1079.jpg 1920w\" sizes=\"auto, (max-width: 2560px) 100vw, 2560px\" \/><\/figure>\n\n\n\n<p>Para sacar las mejores fotos de las Casas Colgadas, hay que pararse a la mitad del Puente de San Pablo o en la subida al Convento de San Pablo.<\/p>\n\n\n\n<p>El puente en s\u00ed tiene su historia. Seg\u00fan nos cont\u00f3 nuestro gu\u00eda, fue construido en hierro y madera en el a\u00f1o 1902, en reemplazo del antiguo puente de piedra del siglo XVI, que se derrumb\u00f3. Tiene 60 metros de altura y, adem\u00e1s de sacar la foto del mill\u00f3n a las Casas Colgadas, permite cruzar el r\u00edo Hu\u00e9car y llegar m\u00e1s f\u00e1cilmente al Convento de San Pablo, de la orden de los dominicos, donde hay un parador.<\/p>\n\n\n\n<p>Otra curiosidad de la ciudad son los \u201crascacielos\u201d del barrio de San Mart\u00edn, uno de los m\u00e1s antiguos que visitar en Cuenca. Se trata de un conjunto de casas estrechas de gran altura con fachadas de colores, de 3 o 4 pisos. Pero siguiendo la calle Alfonso VIII se ven construcciones&nbsp; que llegan hasta los 11 pisos en la parte delantera que da al r\u00edo Hu\u00e9car. Seg\u00fan nos contaron esta particularidad, que hace famosa a Cuenca, se explica por el terreno monta\u00f1oso y la arquitectura medieval del siglo XV, cuando fueron construidos.<\/p>\n\n\n\n<figure class=\"wp-block-image size-full\"><img loading=\"lazy\" decoding=\"async\" width=\"2560\" height=\"968\" src=\"https:\/\/modoviajeok.com.ar\/wp-content\/uploads\/2025\/08\/IMG_20230809_110011-scaled.jpg\" alt=\"\" class=\"wp-image-5094\" srcset=\"https:\/\/modoviajeok.com.ar\/wp-content\/uploads\/2025\/08\/IMG_20230809_110011-scaled.jpg 2560w, https:\/\/modoviajeok.com.ar\/wp-content\/uploads\/2025\/08\/IMG_20230809_110011-768x290.jpg 768w, https:\/\/modoviajeok.com.ar\/wp-content\/uploads\/2025\/08\/IMG_20230809_110011-1536x581.jpg 1536w, https:\/\/modoviajeok.com.ar\/wp-content\/uploads\/2025\/08\/IMG_20230809_110011-2048x774.jpg 2048w, https:\/\/modoviajeok.com.ar\/wp-content\/uploads\/2025\/08\/IMG_20230809_110011-1111x420.jpg 1111w, https:\/\/modoviajeok.com.ar\/wp-content\/uploads\/2025\/08\/IMG_20230809_110011-150x57.jpg 150w, https:\/\/modoviajeok.com.ar\/wp-content\/uploads\/2025\/08\/IMG_20230809_110011-300x113.jpg 300w, https:\/\/modoviajeok.com.ar\/wp-content\/uploads\/2025\/08\/IMG_20230809_110011-696x263.jpg 696w, https:\/\/modoviajeok.com.ar\/wp-content\/uploads\/2025\/08\/IMG_20230809_110011-1068x404.jpg 1068w, https:\/\/modoviajeok.com.ar\/wp-content\/uploads\/2025\/08\/IMG_20230809_110011-1920x726.jpg 1920w\" sizes=\"auto, (max-width: 2560px) 100vw, 2560px\" \/><\/figure>\n\n\n\n<h2 class=\"wp-block-heading\"><strong>C\u00f3mo llegar a Cuenca desde Madrid<\/strong><\/h2>\n\n\n\n<p>Es posible tomar un tren AVE en la Estaci\u00f3n de Atocha de Madrid que te deja en la estaci\u00f3n de Cuenca Fernando Z\u00f3bel, en menos de una hora, por unos 25 euros. En temporada alta es recomendable reservar el boleto con antelaci\u00f3n. Pod\u00e9s hacerlo en <a href=\"https:\/\/omio.sjv.io\/qzDjyN\">esta p\u00e1gina web<\/a> o en la de Renfe.<\/p>\n\n\n\n<figure class=\"wp-block-image size-full\"><img loading=\"lazy\" decoding=\"async\" width=\"2560\" height=\"1152\" src=\"https:\/\/modoviajeok.com.ar\/wp-content\/uploads\/2025\/08\/20230809_090455-scaled.jpg\" alt=\"\" class=\"wp-image-5078\" srcset=\"https:\/\/modoviajeok.com.ar\/wp-content\/uploads\/2025\/08\/20230809_090455-scaled.jpg 2560w, https:\/\/modoviajeok.com.ar\/wp-content\/uploads\/2025\/08\/20230809_090455-768x346.jpg 768w, https:\/\/modoviajeok.com.ar\/wp-content\/uploads\/2025\/08\/20230809_090455-1536x691.jpg 1536w, https:\/\/modoviajeok.com.ar\/wp-content\/uploads\/2025\/08\/20230809_090455-2048x922.jpg 2048w, https:\/\/modoviajeok.com.ar\/wp-content\/uploads\/2025\/08\/20230809_090455-933x420.jpg 933w, https:\/\/modoviajeok.com.ar\/wp-content\/uploads\/2025\/08\/20230809_090455-150x68.jpg 150w, https:\/\/modoviajeok.com.ar\/wp-content\/uploads\/2025\/08\/20230809_090455-300x135.jpg 300w, https:\/\/modoviajeok.com.ar\/wp-content\/uploads\/2025\/08\/20230809_090455-696x313.jpg 696w, https:\/\/modoviajeok.com.ar\/wp-content\/uploads\/2025\/08\/20230809_090455-1068x481.jpg 1068w, https:\/\/modoviajeok.com.ar\/wp-content\/uploads\/2025\/08\/20230809_090455-1920x864.jpg 1920w\" sizes=\"auto, (max-width: 2560px) 100vw, 2560px\" \/><\/figure>\n\n\n\n<p>Una vez en la estaci\u00f3n, hay que tomar la l\u00ednea 1 del \u00f3mnibus urbano que te deja en media hora en la Plaza Mayor por unos 2 euros.<\/p>\n\n\n\n<p>Otra forma m\u00e1s econ\u00f3mica de llegar a Cuenca es tomar un bus de la compa\u00f1\u00eda Avanza, que sale de la Estaci\u00f3n Sur de Autobuses M\u00e9ndez Alvaro y te deja en la estaci\u00f3n de Ferm\u00edn Caballero de Cuenca en unas dos horas y media por 13 euros. Desde esta estaci\u00f3n tambi\u00e9n hay que tomar el urbano hasta el casco viejo.<\/p>\n\n\n\n<figure class=\"wp-block-gallery has-nested-images columns-default is-cropped wp-block-gallery-1 is-layout-flex wp-block-gallery-is-layout-flex\">\n<figure class=\"wp-block-image size-large\"><img loading=\"lazy\" decoding=\"async\" width=\"1152\" height=\"2560\" data-id=\"5082\" src=\"https:\/\/modoviajeok.com.ar\/wp-content\/uploads\/2025\/08\/20230809_174945-scaled.jpg\" alt=\"\" class=\"wp-image-5082\" srcset=\"https:\/\/modoviajeok.com.ar\/wp-content\/uploads\/2025\/08\/20230809_174945-scaled.jpg 1152w, https:\/\/modoviajeok.com.ar\/wp-content\/uploads\/2025\/08\/20230809_174945-768x1707.jpg 768w, https:\/\/modoviajeok.com.ar\/wp-content\/uploads\/2025\/08\/20230809_174945-691x1536.jpg 691w, https:\/\/modoviajeok.com.ar\/wp-content\/uploads\/2025\/08\/20230809_174945-922x2048.jpg 922w, https:\/\/modoviajeok.com.ar\/wp-content\/uploads\/2025\/08\/20230809_174945-189x420.jpg 189w, https:\/\/modoviajeok.com.ar\/wp-content\/uploads\/2025\/08\/20230809_174945-150x333.jpg 150w, https:\/\/modoviajeok.com.ar\/wp-content\/uploads\/2025\/08\/20230809_174945-300x667.jpg 300w, https:\/\/modoviajeok.com.ar\/wp-content\/uploads\/2025\/08\/20230809_174945-696x1547.jpg 696w, https:\/\/modoviajeok.com.ar\/wp-content\/uploads\/2025\/08\/20230809_174945-1068x2373.jpg 1068w\" sizes=\"auto, (max-width: 1152px) 100vw, 1152px\" \/><\/figure>\n\n\n\n<figure class=\"wp-block-image size-large\"><img loading=\"lazy\" decoding=\"async\" width=\"1471\" height=\"2560\" data-id=\"5090\" src=\"https:\/\/modoviajeok.com.ar\/wp-content\/uploads\/2025\/08\/DSCN0101-scaled.jpg\" alt=\"\" class=\"wp-image-5090\" srcset=\"https:\/\/modoviajeok.com.ar\/wp-content\/uploads\/2025\/08\/DSCN0101-scaled.jpg 1471w, https:\/\/modoviajeok.com.ar\/wp-content\/uploads\/2025\/08\/DSCN0101-768x1336.jpg 768w, https:\/\/modoviajeok.com.ar\/wp-content\/uploads\/2025\/08\/DSCN0101-883x1536.jpg 883w, https:\/\/modoviajeok.com.ar\/wp-content\/uploads\/2025\/08\/DSCN0101-1177x2048.jpg 1177w, https:\/\/modoviajeok.com.ar\/wp-content\/uploads\/2025\/08\/DSCN0101-241x420.jpg 241w, https:\/\/modoviajeok.com.ar\/wp-content\/uploads\/2025\/08\/DSCN0101-150x261.jpg 150w, https:\/\/modoviajeok.com.ar\/wp-content\/uploads\/2025\/08\/DSCN0101-300x522.jpg 300w, https:\/\/modoviajeok.com.ar\/wp-content\/uploads\/2025\/08\/DSCN0101-696x1211.jpg 696w, https:\/\/modoviajeok.com.ar\/wp-content\/uploads\/2025\/08\/DSCN0101-1068x1859.jpg 1068w, https:\/\/modoviajeok.com.ar\/wp-content\/uploads\/2025\/08\/DSCN0101-1920x3341.jpg 1920w\" sizes=\"auto, (max-width: 1471px) 100vw, 1471px\" \/><\/figure>\n\n\n\n<figure class=\"wp-block-image size-large\"><img loading=\"lazy\" decoding=\"async\" width=\"1439\" height=\"2560\" data-id=\"5091\" src=\"https:\/\/modoviajeok.com.ar\/wp-content\/uploads\/2025\/08\/IMG_20230809_140046-scaled.jpg\" alt=\"\" class=\"wp-image-5091\" srcset=\"https:\/\/modoviajeok.com.ar\/wp-content\/uploads\/2025\/08\/IMG_20230809_140046-scaled.jpg 1439w, https:\/\/modoviajeok.com.ar\/wp-content\/uploads\/2025\/08\/IMG_20230809_140046-768x1367.jpg 768w, https:\/\/modoviajeok.com.ar\/wp-content\/uploads\/2025\/08\/IMG_20230809_140046-863x1536.jpg 863w, https:\/\/modoviajeok.com.ar\/wp-content\/uploads\/2025\/08\/IMG_20230809_140046-1151x2048.jpg 1151w, https:\/\/modoviajeok.com.ar\/wp-content\/uploads\/2025\/08\/IMG_20230809_140046-236x420.jpg 236w, https:\/\/modoviajeok.com.ar\/wp-content\/uploads\/2025\/08\/IMG_20230809_140046-150x267.jpg 150w, https:\/\/modoviajeok.com.ar\/wp-content\/uploads\/2025\/08\/IMG_20230809_140046-300x534.jpg 300w, https:\/\/modoviajeok.com.ar\/wp-content\/uploads\/2025\/08\/IMG_20230809_140046-696x1238.jpg 696w, https:\/\/modoviajeok.com.ar\/wp-content\/uploads\/2025\/08\/IMG_20230809_140046-1068x1900.jpg 1068w, https:\/\/modoviajeok.com.ar\/wp-content\/uploads\/2025\/08\/IMG_20230809_140046-1920x3416.jpg 1920w\" sizes=\"auto, (max-width: 1439px) 100vw, 1439px\" \/><\/figure>\n\n\n\n<figure class=\"wp-block-image size-large\"><img loading=\"lazy\" decoding=\"async\" width=\"1439\" height=\"2560\" data-id=\"5092\" src=\"https:\/\/modoviajeok.com.ar\/wp-content\/uploads\/2025\/08\/IMG_20230809_135321-scaled.jpg\" alt=\"\" class=\"wp-image-5092\" srcset=\"https:\/\/modoviajeok.com.ar\/wp-content\/uploads\/2025\/08\/IMG_20230809_135321-scaled.jpg 1439w, https:\/\/modoviajeok.com.ar\/wp-content\/uploads\/2025\/08\/IMG_20230809_135321-768x1367.jpg 768w, https:\/\/modoviajeok.com.ar\/wp-content\/uploads\/2025\/08\/IMG_20230809_135321-863x1536.jpg 863w, https:\/\/modoviajeok.com.ar\/wp-content\/uploads\/2025\/08\/IMG_20230809_135321-1151x2048.jpg 1151w, https:\/\/modoviajeok.com.ar\/wp-content\/uploads\/2025\/08\/IMG_20230809_135321-236x420.jpg 236w, https:\/\/modoviajeok.com.ar\/wp-content\/uploads\/2025\/08\/IMG_20230809_135321-150x267.jpg 150w, https:\/\/modoviajeok.com.ar\/wp-content\/uploads\/2025\/08\/IMG_20230809_135321-300x534.jpg 300w, https:\/\/modoviajeok.com.ar\/wp-content\/uploads\/2025\/08\/IMG_20230809_135321-696x1238.jpg 696w, https:\/\/modoviajeok.com.ar\/wp-content\/uploads\/2025\/08\/IMG_20230809_135321-1068x1900.jpg 1068w, https:\/\/modoviajeok.com.ar\/wp-content\/uploads\/2025\/08\/IMG_20230809_135321-1920x3416.jpg 1920w\" sizes=\"auto, (max-width: 1439px) 100vw, 1439px\" \/><\/figure>\n\n\n\n<figure class=\"wp-block-image size-large\"><img loading=\"lazy\" decoding=\"async\" width=\"1920\" height=\"2560\" data-id=\"5079\" src=\"https:\/\/modoviajeok.com.ar\/wp-content\/uploads\/2025\/08\/DSCN0087-scaled.jpg\" alt=\"\" class=\"wp-image-5079\" srcset=\"https:\/\/modoviajeok.com.ar\/wp-content\/uploads\/2025\/08\/DSCN0087-scaled.jpg 1920w, https:\/\/modoviajeok.com.ar\/wp-content\/uploads\/2025\/08\/DSCN0087-768x1024.jpg 768w, https:\/\/modoviajeok.com.ar\/wp-content\/uploads\/2025\/08\/DSCN0087-1152x1536.jpg 1152w, https:\/\/modoviajeok.com.ar\/wp-content\/uploads\/2025\/08\/DSCN0087-1536x2048.jpg 1536w, https:\/\/modoviajeok.com.ar\/wp-content\/uploads\/2025\/08\/DSCN0087-315x420.jpg 315w, https:\/\/modoviajeok.com.ar\/wp-content\/uploads\/2025\/08\/DSCN0087-150x200.jpg 150w, https:\/\/modoviajeok.com.ar\/wp-content\/uploads\/2025\/08\/DSCN0087-300x400.jpg 300w, https:\/\/modoviajeok.com.ar\/wp-content\/uploads\/2025\/08\/DSCN0087-696x928.jpg 696w, https:\/\/modoviajeok.com.ar\/wp-content\/uploads\/2025\/08\/DSCN0087-1068x1424.jpg 1068w\" sizes=\"auto, (max-width: 1920px) 100vw, 1920px\" \/><\/figure>\n\n\n\n<figure class=\"wp-block-image size-large\"><img loading=\"lazy\" decoding=\"async\" width=\"1405\" height=\"2560\" data-id=\"5076\" src=\"https:\/\/modoviajeok.com.ar\/wp-content\/uploads\/2025\/08\/DSCN0099-scaled.jpg\" alt=\"\" class=\"wp-image-5076\" srcset=\"https:\/\/modoviajeok.com.ar\/wp-content\/uploads\/2025\/08\/DSCN0099-scaled.jpg 1405w, https:\/\/modoviajeok.com.ar\/wp-content\/uploads\/2025\/08\/DSCN0099-768x1399.jpg 768w, https:\/\/modoviajeok.com.ar\/wp-content\/uploads\/2025\/08\/DSCN0099-843x1536.jpg 843w, https:\/\/modoviajeok.com.ar\/wp-content\/uploads\/2025\/08\/DSCN0099-1124x2048.jpg 1124w, https:\/\/modoviajeok.com.ar\/wp-content\/uploads\/2025\/08\/DSCN0099-231x420.jpg 231w, https:\/\/modoviajeok.com.ar\/wp-content\/uploads\/2025\/08\/DSCN0099-150x273.jpg 150w, https:\/\/modoviajeok.com.ar\/wp-content\/uploads\/2025\/08\/DSCN0099-300x547.jpg 300w, https:\/\/modoviajeok.com.ar\/wp-content\/uploads\/2025\/08\/DSCN0099-696x1268.jpg 696w, https:\/\/modoviajeok.com.ar\/wp-content\/uploads\/2025\/08\/DSCN0099-1068x1946.jpg 1068w, https:\/\/modoviajeok.com.ar\/wp-content\/uploads\/2025\/08\/DSCN0099-1920x3498.jpg 1920w\" sizes=\"auto, (max-width: 1405px) 100vw, 1405px\" \/><\/figure>\n\n\n\n<figure class=\"wp-block-image size-large\"><img loading=\"lazy\" decoding=\"async\" width=\"1536\" height=\"2048\" data-id=\"5069\" src=\"https:\/\/modoviajeok.com.ar\/wp-content\/uploads\/2025\/08\/IMG-20230810-WA0009.jpg\" alt=\"\" class=\"wp-image-5069\" srcset=\"https:\/\/modoviajeok.com.ar\/wp-content\/uploads\/2025\/08\/IMG-20230810-WA0009.jpg 1536w, https:\/\/modoviajeok.com.ar\/wp-content\/uploads\/2025\/08\/IMG-20230810-WA0009-768x1024.jpg 768w, https:\/\/modoviajeok.com.ar\/wp-content\/uploads\/2025\/08\/IMG-20230810-WA0009-1152x1536.jpg 1152w, https:\/\/modoviajeok.com.ar\/wp-content\/uploads\/2025\/08\/IMG-20230810-WA0009-315x420.jpg 315w, https:\/\/modoviajeok.com.ar\/wp-content\/uploads\/2025\/08\/IMG-20230810-WA0009-150x200.jpg 150w, https:\/\/modoviajeok.com.ar\/wp-content\/uploads\/2025\/08\/IMG-20230810-WA0009-300x400.jpg 300w, https:\/\/modoviajeok.com.ar\/wp-content\/uploads\/2025\/08\/IMG-20230810-WA0009-696x928.jpg 696w, https:\/\/modoviajeok.com.ar\/wp-content\/uploads\/2025\/08\/IMG-20230810-WA0009-1068x1424.jpg 1068w\" sizes=\"auto, (max-width: 1536px) 100vw, 1536px\" \/><\/figure>\n<\/figure>\n","protected":false},"excerpt":{"rendered":"<p>La ciudad de Castilla La Mancha es Patrimonio de la Humanidad. Sorprende con sus balcones colgando desde los acantilados y con sus \u00abrascacielos\u00bb construidos en la Edad Media. Llegamos a Cuenca con la ilusi\u00f3n de conocer las \u201ccasas colgadas\u201d, cuyos balcones y ventanas de madera se asoman al r\u00edo Hu\u00e9car suspendidas en los acantilados.&nbsp; Hasta [&hellip;]<\/p>\n","protected":false},"author":2,"featured_media":5071,"comment_status":"open","ping_status":"open","sticky":false,"template":"","format":"standard","meta":{"_acf_changed":false,"footnotes":""},"categories":[9,15],"tags":[1190,1189,990,1188,128],"class_list":{"0":"post-5065","1":"post","2":"type-post","3":"status-publish","4":"format-standard","5":"has-post-thumbnail","7":"category-mundo","8":"category-recomendaciones","9":"tag-casas-colgadas","10":"tag-castilla-la-mancha","11":"tag-ciudad-medieval","13":"tag-espana"},"acf":[],"yoast_head":"<!-- This site is optimized with the Yoast SEO plugin v24.8.1 - https:\/\/yoast.com\/wordpress\/plugins\/seo\/ -->\n<title>Cuenca y el embrujo de las \u201ccasas colgadas\u201d -<\/title>\n<meta name=\"description\" content=\"A una hora de Madrid, esta ciudad medieval de Castilla La Mancha soprende por su arquitectura, su ambiente y su geograf\u00eda.\" \/>\n<meta name=\"robots\" content=\"index, follow, max-snippet:-1, max-image-preview:large, max-video-preview:-1\" \/>\n<link rel=\"canonical\" href=\"https:\/\/modoviajeok.com.ar\/index.php\/2025\/08\/18\/cuenca-y-el-embrujo-de-las-casas-colgadas\/\" \/>\n<meta property=\"og:locale\" content=\"es_ES\" \/>\n<meta property=\"og:type\" content=\"article\" \/>\n<meta property=\"og:title\" content=\"Cuenca y el embrujo de las \u201ccasas colgadas\u201d -\" \/>\n<meta property=\"og:description\" content=\"A una hora de Madrid, esta ciudad medieval de Castilla La Mancha soprende por su arquitectura, su ambiente y su geograf\u00eda.\" \/>\n<meta property=\"og:url\" content=\"https:\/\/modoviajeok.com.ar\/index.php\/2025\/08\/18\/cuenca-y-el-embrujo-de-las-casas-colgadas\/\" \/>\n<meta property=\"article:publisher\" content=\"https:\/\/www.facebook.com\/mariana.otero1\/\" \/>\n<meta property=\"article:published_time\" content=\"2025-08-18T12:00:04+00:00\" \/>\n<meta property=\"article:modified_time\" content=\"2025-09-18T01:25:21+00:00\" \/>\n<meta property=\"og:image\" content=\"https:\/\/modoviajeok.com.ar\/wp-content\/uploads\/2025\/08\/20230809_174154-1-scaled.jpg\" \/>\n\t<meta property=\"og:image:width\" content=\"2560\" \/>\n\t<meta property=\"og:image:height\" content=\"1152\" \/>\n\t<meta property=\"og:image:type\" content=\"image\/jpeg\" \/>\n<meta name=\"author\" content=\"Mariana Otero\" \/>\n<meta name=\"twitter:card\" content=\"summary_large_image\" \/>\n<meta name=\"twitter:label1\" content=\"Escrito por\" \/>\n\t<meta name=\"twitter:data1\" content=\"Mariana Otero\" \/>\n\t<meta name=\"twitter:label2\" content=\"Tiempo de lectura\" \/>\n\t<meta name=\"twitter:data2\" content=\"9 minutos\" \/>\n<script type=\"application\/ld+json\" class=\"yoast-schema-graph\">{\"@context\":\"https:\/\/schema.org\",\"@graph\":[{\"@type\":\"Article\",\"@id\":\"https:\/\/modoviajeok.com.ar\/index.php\/2025\/08\/18\/cuenca-y-el-embrujo-de-las-casas-colgadas\/#article\",\"isPartOf\":{\"@id\":\"https:\/\/modoviajeok.com.ar\/index.php\/2025\/08\/18\/cuenca-y-el-embrujo-de-las-casas-colgadas\/\"},\"author\":{\"name\":\"Mariana Otero\",\"@id\":\"https:\/\/modoviajeok.com.ar\/#\/schema\/person\/1187013488537969db5b1320484d24f4\"},\"headline\":\"Cuenca y el embrujo de las \u201ccasas colgadas\u201d\",\"datePublished\":\"2025-08-18T12:00:04+00:00\",\"dateModified\":\"2025-09-18T01:25:21+00:00\",\"mainEntityOfPage\":{\"@id\":\"https:\/\/modoviajeok.com.ar\/index.php\/2025\/08\/18\/cuenca-y-el-embrujo-de-las-casas-colgadas\/\"},\"wordCount\":1216,\"commentCount\":0,\"publisher\":{\"@id\":\"https:\/\/modoviajeok.com.ar\/#organization\"},\"image\":{\"@id\":\"https:\/\/modoviajeok.com.ar\/index.php\/2025\/08\/18\/cuenca-y-el-embrujo-de-las-casas-colgadas\/#primaryimage\"},\"thumbnailUrl\":\"https:\/\/modoviajeok.com.ar\/wp-content\/uploads\/2025\/08\/20230809_174154-1-scaled.jpg\",\"keywords\":[\"casas colgadas\",\"castilla la mancha\",\"ciudad medieval\",\"cuenca\",\"espa\u00f1a\"],\"articleSection\":[\"Mundo\",\"Recomendaciones\"],\"inLanguage\":\"es\",\"potentialAction\":[{\"@type\":\"CommentAction\",\"name\":\"Comment\",\"target\":[\"https:\/\/modoviajeok.com.ar\/index.php\/2025\/08\/18\/cuenca-y-el-embrujo-de-las-casas-colgadas\/#respond\"]}]},{\"@type\":\"WebPage\",\"@id\":\"https:\/\/modoviajeok.com.ar\/index.php\/2025\/08\/18\/cuenca-y-el-embrujo-de-las-casas-colgadas\/\",\"url\":\"https:\/\/modoviajeok.com.ar\/index.php\/2025\/08\/18\/cuenca-y-el-embrujo-de-las-casas-colgadas\/\",\"name\":\"Cuenca y el embrujo de las \u201ccasas colgadas\u201d -\",\"isPartOf\":{\"@id\":\"https:\/\/modoviajeok.com.ar\/#website\"},\"primaryImageOfPage\":{\"@id\":\"https:\/\/modoviajeok.com.ar\/index.php\/2025\/08\/18\/cuenca-y-el-embrujo-de-las-casas-colgadas\/#primaryimage\"},\"image\":{\"@id\":\"https:\/\/modoviajeok.com.ar\/index.php\/2025\/08\/18\/cuenca-y-el-embrujo-de-las-casas-colgadas\/#primaryimage\"},\"thumbnailUrl\":\"https:\/\/modoviajeok.com.ar\/wp-content\/uploads\/2025\/08\/20230809_174154-1-scaled.jpg\",\"datePublished\":\"2025-08-18T12:00:04+00:00\",\"dateModified\":\"2025-09-18T01:25:21+00:00\",\"description\":\"A una hora de Madrid, esta ciudad medieval de Castilla La Mancha soprende por su arquitectura, su ambiente y su geograf\u00eda.\",\"breadcrumb\":{\"@id\":\"https:\/\/modoviajeok.com.ar\/index.php\/2025\/08\/18\/cuenca-y-el-embrujo-de-las-casas-colgadas\/#breadcrumb\"},\"inLanguage\":\"es\",\"potentialAction\":[{\"@type\":\"ReadAction\",\"target\":[\"https:\/\/modoviajeok.com.ar\/index.php\/2025\/08\/18\/cuenca-y-el-embrujo-de-las-casas-colgadas\/\"]}]},{\"@type\":\"ImageObject\",\"inLanguage\":\"es\",\"@id\":\"https:\/\/modoviajeok.com.ar\/index.php\/2025\/08\/18\/cuenca-y-el-embrujo-de-las-casas-colgadas\/#primaryimage\",\"url\":\"https:\/\/modoviajeok.com.ar\/wp-content\/uploads\/2025\/08\/20230809_174154-1-scaled.jpg\",\"contentUrl\":\"https:\/\/modoviajeok.com.ar\/wp-content\/uploads\/2025\/08\/20230809_174154-1-scaled.jpg\",\"width\":2560,\"height\":1152},{\"@type\":\"BreadcrumbList\",\"@id\":\"https:\/\/modoviajeok.com.ar\/index.php\/2025\/08\/18\/cuenca-y-el-embrujo-de-las-casas-colgadas\/#breadcrumb\",\"itemListElement\":[{\"@type\":\"ListItem\",\"position\":1,\"name\":\"Portada\",\"item\":\"https:\/\/modoviajeok.com.ar\/\"},{\"@type\":\"ListItem\",\"position\":2,\"name\":\"Cuenca y el embrujo de las \u201ccasas colgadas\u201d\"}]},{\"@type\":\"WebSite\",\"@id\":\"https:\/\/modoviajeok.com.ar\/#website\",\"url\":\"https:\/\/modoviajeok.com.ar\/\",\"name\":\"ModoViajeOK\",\"description\":\"\",\"publisher\":{\"@id\":\"https:\/\/modoviajeok.com.ar\/#organization\"},\"potentialAction\":[{\"@type\":\"SearchAction\",\"target\":{\"@type\":\"EntryPoint\",\"urlTemplate\":\"https:\/\/modoviajeok.com.ar\/?s={search_term_string}\"},\"query-input\":{\"@type\":\"PropertyValueSpecification\",\"valueRequired\":true,\"valueName\":\"search_term_string\"}}],\"inLanguage\":\"es\"},{\"@type\":\"Organization\",\"@id\":\"https:\/\/modoviajeok.com.ar\/#organization\",\"name\":\"ModoViajeOK\",\"url\":\"https:\/\/modoviajeok.com.ar\/\",\"logo\":{\"@type\":\"ImageObject\",\"inLanguage\":\"es\",\"@id\":\"https:\/\/modoviajeok.com.ar\/#\/schema\/logo\/image\/\",\"url\":\"https:\/\/modoviajeok.com.ar\/wp-content\/uploads\/2025\/01\/Logo-modoviajeok.png\",\"contentUrl\":\"https:\/\/modoviajeok.com.ar\/wp-content\/uploads\/2025\/01\/Logo-modoviajeok.png\",\"width\":2938,\"height\":2276,\"caption\":\"ModoViajeOK\"},\"image\":{\"@id\":\"https:\/\/modoviajeok.com.ar\/#\/schema\/logo\/image\/\"},\"sameAs\":[\"https:\/\/www.facebook.com\/mariana.otero1\/\",\"https:\/\/www.instagram.com\/modoviaje.ok\/\"]},{\"@type\":\"Person\",\"@id\":\"https:\/\/modoviajeok.com.ar\/#\/schema\/person\/1187013488537969db5b1320484d24f4\",\"name\":\"Mariana Otero\",\"image\":{\"@type\":\"ImageObject\",\"inLanguage\":\"es\",\"@id\":\"https:\/\/modoviajeok.com.ar\/#\/schema\/person\/image\/\",\"url\":\"https:\/\/secure.gravatar.com\/avatar\/8a91a502a9336849a3500b9090c431bc1418f1d1263d893afeddba065f5add82?s=96&d=mm&r=g\",\"contentUrl\":\"https:\/\/secure.gravatar.com\/avatar\/8a91a502a9336849a3500b9090c431bc1418f1d1263d893afeddba065f5add82?s=96&d=mm&r=g\",\"caption\":\"Mariana Otero\"},\"url\":\"https:\/\/modoviajeok.com.ar\/index.php\/author\/mariana2025\/\"}]}<\/script>\n<!-- \/ Yoast SEO plugin. -->","yoast_head_json":{"title":"Cuenca y el embrujo de las \u201ccasas colgadas\u201d -","description":"A una hora de Madrid, esta ciudad medieval de Castilla La Mancha soprende por su arquitectura, su ambiente y su geograf\u00eda.","robots":{"index":"index","follow":"follow","max-snippet":"max-snippet:-1","max-image-preview":"max-image-preview:large","max-video-preview":"max-video-preview:-1"},"canonical":"https:\/\/modoviajeok.com.ar\/index.php\/2025\/08\/18\/cuenca-y-el-embrujo-de-las-casas-colgadas\/","og_locale":"es_ES","og_type":"article","og_title":"Cuenca y el embrujo de las \u201ccasas colgadas\u201d -","og_description":"A una hora de Madrid, esta ciudad medieval de Castilla La Mancha soprende por su arquitectura, su ambiente y su geograf\u00eda.","og_url":"https:\/\/modoviajeok.com.ar\/index.php\/2025\/08\/18\/cuenca-y-el-embrujo-de-las-casas-colgadas\/","article_publisher":"https:\/\/www.facebook.com\/mariana.otero1\/","article_published_time":"2025-08-18T12:00:04+00:00","article_modified_time":"2025-09-18T01:25:21+00:00","og_image":[{"width":2560,"height":1152,"url":"https:\/\/modoviajeok.com.ar\/wp-content\/uploads\/2025\/08\/20230809_174154-1-scaled.jpg","type":"image\/jpeg"}],"author":"Mariana Otero","twitter_card":"summary_large_image","twitter_misc":{"Escrito por":"Mariana Otero","Tiempo de lectura":"9 minutos"},"schema":{"@context":"https:\/\/schema.org","@graph":[{"@type":"Article","@id":"https:\/\/modoviajeok.com.ar\/index.php\/2025\/08\/18\/cuenca-y-el-embrujo-de-las-casas-colgadas\/#article","isPartOf":{"@id":"https:\/\/modoviajeok.com.ar\/index.php\/2025\/08\/18\/cuenca-y-el-embrujo-de-las-casas-colgadas\/"},"author":{"name":"Mariana Otero","@id":"https:\/\/modoviajeok.com.ar\/#\/schema\/person\/1187013488537969db5b1320484d24f4"},"headline":"Cuenca y el embrujo de las \u201ccasas colgadas\u201d","datePublished":"2025-08-18T12:00:04+00:00","dateModified":"2025-09-18T01:25:21+00:00","mainEntityOfPage":{"@id":"https:\/\/modoviajeok.com.ar\/index.php\/2025\/08\/18\/cuenca-y-el-embrujo-de-las-casas-colgadas\/"},"wordCount":1216,"commentCount":0,"publisher":{"@id":"https:\/\/modoviajeok.com.ar\/#organization"},"image":{"@id":"https:\/\/modoviajeok.com.ar\/index.php\/2025\/08\/18\/cuenca-y-el-embrujo-de-las-casas-colgadas\/#primaryimage"},"thumbnailUrl":"https:\/\/modoviajeok.com.ar\/wp-content\/uploads\/2025\/08\/20230809_174154-1-scaled.jpg","keywords":["casas colgadas","castilla la mancha","ciudad medieval","cuenca","espa\u00f1a"],"articleSection":["Mundo","Recomendaciones"],"inLanguage":"es","potentialAction":[{"@type":"CommentAction","name":"Comment","target":["https:\/\/modoviajeok.com.ar\/index.php\/2025\/08\/18\/cuenca-y-el-embrujo-de-las-casas-colgadas\/#respond"]}]},{"@type":"WebPage","@id":"https:\/\/modoviajeok.com.ar\/index.php\/2025\/08\/18\/cuenca-y-el-embrujo-de-las-casas-colgadas\/","url":"https:\/\/modoviajeok.com.ar\/index.php\/2025\/08\/18\/cuenca-y-el-embrujo-de-las-casas-colgadas\/","name":"Cuenca y el embrujo de las \u201ccasas colgadas\u201d -","isPartOf":{"@id":"https:\/\/modoviajeok.com.ar\/#website"},"primaryImageOfPage":{"@id":"https:\/\/modoviajeok.com.ar\/index.php\/2025\/08\/18\/cuenca-y-el-embrujo-de-las-casas-colgadas\/#primaryimage"},"image":{"@id":"https:\/\/modoviajeok.com.ar\/index.php\/2025\/08\/18\/cuenca-y-el-embrujo-de-las-casas-colgadas\/#primaryimage"},"thumbnailUrl":"https:\/\/modoviajeok.com.ar\/wp-content\/uploads\/2025\/08\/20230809_174154-1-scaled.jpg","datePublished":"2025-08-18T12:00:04+00:00","dateModified":"2025-09-18T01:25:21+00:00","description":"A una hora de Madrid, esta ciudad medieval de Castilla La Mancha soprende por su arquitectura, su ambiente y su geograf\u00eda.","breadcrumb":{"@id":"https:\/\/modoviajeok.com.ar\/index.php\/2025\/08\/18\/cuenca-y-el-embrujo-de-las-casas-colgadas\/#breadcrumb"},"inLanguage":"es","potentialAction":[{"@type":"ReadAction","target":["https:\/\/modoviajeok.com.ar\/index.php\/2025\/08\/18\/cuenca-y-el-embrujo-de-las-casas-colgadas\/"]}]},{"@type":"ImageObject","inLanguage":"es","@id":"https:\/\/modoviajeok.com.ar\/index.php\/2025\/08\/18\/cuenca-y-el-embrujo-de-las-casas-colgadas\/#primaryimage","url":"https:\/\/modoviajeok.com.ar\/wp-content\/uploads\/2025\/08\/20230809_174154-1-scaled.jpg","contentUrl":"https:\/\/modoviajeok.com.ar\/wp-content\/uploads\/2025\/08\/20230809_174154-1-scaled.jpg","width":2560,"height":1152},{"@type":"BreadcrumbList","@id":"https:\/\/modoviajeok.com.ar\/index.php\/2025\/08\/18\/cuenca-y-el-embrujo-de-las-casas-colgadas\/#breadcrumb","itemListElement":[{"@type":"ListItem","position":1,"name":"Portada","item":"https:\/\/modoviajeok.com.ar\/"},{"@type":"ListItem","position":2,"name":"Cuenca y el embrujo de las \u201ccasas colgadas\u201d"}]},{"@type":"WebSite","@id":"https:\/\/modoviajeok.com.ar\/#website","url":"https:\/\/modoviajeok.com.ar\/","name":"ModoViajeOK","description":"","publisher":{"@id":"https:\/\/modoviajeok.com.ar\/#organization"},"potentialAction":[{"@type":"SearchAction","target":{"@type":"EntryPoint","urlTemplate":"https:\/\/modoviajeok.com.ar\/?s={search_term_string}"},"query-input":{"@type":"PropertyValueSpecification","valueRequired":true,"valueName":"search_term_string"}}],"inLanguage":"es"},{"@type":"Organization","@id":"https:\/\/modoviajeok.com.ar\/#organization","name":"ModoViajeOK","url":"https:\/\/modoviajeok.com.ar\/","logo":{"@type":"ImageObject","inLanguage":"es","@id":"https:\/\/modoviajeok.com.ar\/#\/schema\/logo\/image\/","url":"https:\/\/modoviajeok.com.ar\/wp-content\/uploads\/2025\/01\/Logo-modoviajeok.png","contentUrl":"https:\/\/modoviajeok.com.ar\/wp-content\/uploads\/2025\/01\/Logo-modoviajeok.png","width":2938,"height":2276,"caption":"ModoViajeOK"},"image":{"@id":"https:\/\/modoviajeok.com.ar\/#\/schema\/logo\/image\/"},"sameAs":["https:\/\/www.facebook.com\/mariana.otero1\/","https:\/\/www.instagram.com\/modoviaje.ok\/"]},{"@type":"Person","@id":"https:\/\/modoviajeok.com.ar\/#\/schema\/person\/1187013488537969db5b1320484d24f4","name":"Mariana Otero","image":{"@type":"ImageObject","inLanguage":"es","@id":"https:\/\/modoviajeok.com.ar\/#\/schema\/person\/image\/","url":"https:\/\/secure.gravatar.com\/avatar\/8a91a502a9336849a3500b9090c431bc1418f1d1263d893afeddba065f5add82?s=96&d=mm&r=g","contentUrl":"https:\/\/secure.gravatar.com\/avatar\/8a91a502a9336849a3500b9090c431bc1418f1d1263d893afeddba065f5add82?s=96&d=mm&r=g","caption":"Mariana Otero"},"url":"https:\/\/modoviajeok.com.ar\/index.php\/author\/mariana2025\/"}]}},"_links":{"self":[{"href":"https:\/\/modoviajeok.com.ar\/index.php\/wp-json\/wp\/v2\/posts\/5065","targetHints":{"allow":["GET"]}}],"collection":[{"href":"https:\/\/modoviajeok.com.ar\/index.php\/wp-json\/wp\/v2\/posts"}],"about":[{"href":"https:\/\/modoviajeok.com.ar\/index.php\/wp-json\/wp\/v2\/types\/post"}],"author":[{"embeddable":true,"href":"https:\/\/modoviajeok.com.ar\/index.php\/wp-json\/wp\/v2\/users\/2"}],"replies":[{"embeddable":true,"href":"https:\/\/modoviajeok.com.ar\/index.php\/wp-json\/wp\/v2\/comments?post=5065"}],"version-history":[{"count":2,"href":"https:\/\/modoviajeok.com.ar\/index.php\/wp-json\/wp\/v2\/posts\/5065\/revisions"}],"predecessor-version":[{"id":5096,"href":"https:\/\/modoviajeok.com.ar\/index.php\/wp-json\/wp\/v2\/posts\/5065\/revisions\/5096"}],"wp:featuredmedia":[{"embeddable":true,"href":"https:\/\/modoviajeok.com.ar\/index.php\/wp-json\/wp\/v2\/media\/5071"}],"wp:attachment":[{"href":"https:\/\/modoviajeok.com.ar\/index.php\/wp-json\/wp\/v2\/media?parent=5065"}],"wp:term":[{"taxonomy":"category","embeddable":true,"href":"https:\/\/modoviajeok.com.ar\/index.php\/wp-json\/wp\/v2\/categories?post=5065"},{"taxonomy":"post_tag","embeddable":true,"href":"https:\/\/modoviajeok.com.ar\/index.php\/wp-json\/wp\/v2\/tags?post=5065"}],"curies":[{"name":"wp","href":"https:\/\/api.w.org\/{rel}","templated":true}]}}