{"id":5097,"date":"2025-08-06T10:02:59","date_gmt":"2025-08-06T13:02:59","guid":{"rendered":"https:\/\/modoviajeok.com.ar\/?p=5097"},"modified":"2025-08-06T10:06:19","modified_gmt":"2025-08-06T13:06:19","slug":"tercera-copa-mundial-de-natacion-de-invierno-en-el-calafate","status":"publish","type":"post","link":"https:\/\/modoviajeok.com.ar\/index.php\/2025\/08\/06\/tercera-copa-mundial-de-natacion-de-invierno-en-el-calafate\/","title":{"rendered":"Tercera copa mundial de nataci\u00f3n de invierno en El Calafate"},"content":{"rendered":"\n<figure class=\"wp-block-pullquote\"><blockquote><p>Participan 17 pa\u00edses y m\u00e1s de 150 nadadores que disputan sus lugares en una competencia que combina deporte y naturaleza. <br><\/p><\/blockquote><\/figure>\n\n\n\n<figure class=\"wp-block-image size-full\"><img loading=\"lazy\" decoding=\"async\" width=\"2560\" height=\"1826\" src=\"https:\/\/modoviajeok.com.ar\/wp-content\/uploads\/2025\/08\/Winter-Swimming-World-Cup-2025-portada-scaled.jpg\" alt=\"\" class=\"wp-image-5101\" srcset=\"https:\/\/modoviajeok.com.ar\/wp-content\/uploads\/2025\/08\/Winter-Swimming-World-Cup-2025-portada-scaled.jpg 2560w, https:\/\/modoviajeok.com.ar\/wp-content\/uploads\/2025\/08\/Winter-Swimming-World-Cup-2025-portada-768x548.jpg 768w, https:\/\/modoviajeok.com.ar\/wp-content\/uploads\/2025\/08\/Winter-Swimming-World-Cup-2025-portada-1536x1096.jpg 1536w, https:\/\/modoviajeok.com.ar\/wp-content\/uploads\/2025\/08\/Winter-Swimming-World-Cup-2025-portada-2048x1461.jpg 2048w, https:\/\/modoviajeok.com.ar\/wp-content\/uploads\/2025\/08\/Winter-Swimming-World-Cup-2025-portada-589x420.jpg 589w, https:\/\/modoviajeok.com.ar\/wp-content\/uploads\/2025\/08\/Winter-Swimming-World-Cup-2025-portada-150x107.jpg 150w, https:\/\/modoviajeok.com.ar\/wp-content\/uploads\/2025\/08\/Winter-Swimming-World-Cup-2025-portada-300x214.jpg 300w, https:\/\/modoviajeok.com.ar\/wp-content\/uploads\/2025\/08\/Winter-Swimming-World-Cup-2025-portada-696x496.jpg 696w, https:\/\/modoviajeok.com.ar\/wp-content\/uploads\/2025\/08\/Winter-Swimming-World-Cup-2025-portada-1068x762.jpg 1068w, https:\/\/modoviajeok.com.ar\/wp-content\/uploads\/2025\/08\/Winter-Swimming-World-Cup-2025-portada-1920x1369.jpg 1920w, https:\/\/modoviajeok.com.ar\/wp-content\/uploads\/2025\/08\/Winter-Swimming-World-Cup-2025-portada-100x70.jpg 100w\" sizes=\"auto, (max-width: 2560px) 100vw, 2560px\" \/><\/figure>\n\n\n\n<p>El secretario de Turismo, Ambiente y Deportes de la Naci\u00f3n, Daniel Scioli, particip\u00f3 el pasado 5 de agosto de la inauguraci\u00f3n de la tercera edici\u00f3n de la Winter Swimming World Cup 2025, que se realiz\u00f3 en el lago Argentino, en el Parque Nacional Los Glaciares, frente al glaciar Perito Moreno, en El Calafate, Santa Cruz. La iniciativa colabora con el impulso al turismo y la econom\u00eda local y resalta el valor de \u00e1reas protegidas del pa\u00eds.<br>Scioli se\u00f1al\u00f3 que \u00abes un acontecimiento \u00fanico para Argentina y el Mundo. La copa representa mucho m\u00e1s que una competencia deportiva, es una celebraci\u00f3n de la valent\u00eda, el esfuerzo y la conexi\u00f3n profunda entre el ser humano y la naturaleza, concretada en uno de los destinos tur\u00edsticos m\u00e1s emblem\u00e1ticos de la Argentina\u201d, fundament\u00f3.<br><br>Adem\u00e1s, el secretario asegur\u00f3 que las delegaciones internacionales en competencia \u201cayudan a consolidar al pa\u00eds como punto de encuentro global para el deporte extremo, la naturaleza y la integraci\u00f3n entre culturas. Desde la Secretar\u00eda, apoyamos iniciativas como \u00e9sta, porque reflejan nuestra convicci\u00f3n de que el turismo sostenible, el deporte de alto impacto y el respeto por el ambiente deben ir de la mano\u201d, puntualiz\u00f3.<br><br>Para finalizar asegur\u00f3 que \u00abel pr\u00f3ximo a\u00f1o se realizar\u00e1 nuevamente una nueva edici\u00f3n de la Winter Swimming World Cup en El Calafate\u00bb.<br><br>En la competencia participan 150 nadadores de Argentina, Australia, Brasil, Canad\u00e1, Chile, Colombia, Dinamarca, Espa\u00f1a, Finlandia, Gran Breta\u00f1a, M\u00e9xico, Polonia, Rusia, USA, B\u00e9lgica y Costa de Marfil.<br><br>La organizaci\u00f3n del torneo est\u00e1 a cargo de la International Winter Swimming Association (IWSA) y la organizaci\u00f3n Nadando Argentina, que promueve la nataci\u00f3n en aguas abiertas y fr\u00edas como experiencia de conexi\u00f3n con la naturaleza.<br><br>Acompa\u00f1aron a Scioli, el presidente de Parques Nacionales, Sergio \u00c1lvarez; el intendente de Calafate, Javier Belloni; la presidenta de IWSA, Maria Yrjo-Koskinen, Jos\u00e9 \u00c1lvarez, jefe de Gabinete de Ministros de Santa Cruz ; Mat\u00edas Ola, presidente de Nadando Argentina, nadadores y otros deportistas.<\/p>\n","protected":false},"excerpt":{"rendered":"<p>Participan 17 pa\u00edses y m\u00e1s de 150 nadadores que disputan sus lugares en una competencia que combina deporte y naturaleza. El secretario de Turismo, Ambiente y Deportes de la Naci\u00f3n, Daniel Scioli, particip\u00f3 el pasado 5 de agosto de la inauguraci\u00f3n de la tercera edici\u00f3n de la Winter Swimming World Cup 2025, que se realiz\u00f3 [&hellip;]<\/p>\n","protected":false},"author":3,"featured_media":4737,"comment_status":"open","ping_status":"open","sticky":false,"template":"","format":"standard","meta":{"_acf_changed":false,"footnotes":""},"categories":[13,10],"tags":[1140,1191,429],"class_list":{"0":"post-5097","1":"post","2":"type-post","3":"status-publish","4":"format-standard","5":"has-post-thumbnail","7":"category-argentina","8":"category-noticias","9":"tag-el-calafate","10":"tag-natacion-de-invierno","11":"tag-perito-moreno"},"acf":[],"yoast_head":"<!-- This site is optimized with the Yoast SEO plugin v24.8.1 - https:\/\/yoast.com\/wordpress\/plugins\/seo\/ -->\n<title>Tercera copa mundial de nataci\u00f3n de invierno en El Calafate -<\/title>\n<meta name=\"robots\" content=\"index, follow, max-snippet:-1, max-image-preview:large, max-video-preview:-1\" \/>\n<link rel=\"canonical\" href=\"https:\/\/modoviajeok.com.ar\/index.php\/2025\/08\/06\/tercera-copa-mundial-de-natacion-de-invierno-en-el-calafate\/\" \/>\n<meta property=\"og:locale\" content=\"es_ES\" \/>\n<meta property=\"og:type\" content=\"article\" \/>\n<meta property=\"og:title\" content=\"Tercera copa mundial de nataci\u00f3n de invierno en El Calafate -\" \/>\n<meta property=\"og:description\" content=\"Participan 17 pa\u00edses y m\u00e1s de 150 nadadores que disputan sus lugares en una competencia que combina deporte y naturaleza. El secretario de Turismo, Ambiente y Deportes de la Naci\u00f3n, Daniel Scioli, particip\u00f3 el pasado 5 de agosto de la inauguraci\u00f3n de la tercera edici\u00f3n de la Winter Swimming World Cup 2025, que se realiz\u00f3 [&hellip;]\" \/>\n<meta property=\"og:url\" content=\"https:\/\/modoviajeok.com.ar\/index.php\/2025\/08\/06\/tercera-copa-mundial-de-natacion-de-invierno-en-el-calafate\/\" \/>\n<meta property=\"article:publisher\" content=\"https:\/\/www.facebook.com\/mariana.otero1\/\" \/>\n<meta property=\"article:published_time\" content=\"2025-08-06T13:02:59+00:00\" \/>\n<meta property=\"article:modified_time\" content=\"2025-08-06T13:06:19+00:00\" \/>\n<meta property=\"og:image\" content=\"https:\/\/modoviajeok.com.ar\/wp-content\/uploads\/2025\/07\/multimedia.normal.95cceeb997bb0448.bmFkYXItZ2xhY2lhci1wZXJpdG8tbW9yZW5vLWFmcGpfbm9ybWFsLndlYnA.webp\" \/>\n\t<meta property=\"og:image:width\" content=\"1200\" \/>\n\t<meta property=\"og:image:height\" content=\"675\" \/>\n\t<meta property=\"og:image:type\" content=\"image\/webp\" \/>\n<meta name=\"author\" content=\"Pepe Segura\" \/>\n<meta name=\"twitter:card\" content=\"summary_large_image\" \/>\n<meta name=\"twitter:label1\" content=\"Escrito por\" \/>\n\t<meta name=\"twitter:data1\" content=\"Pepe Segura\" \/>\n\t<meta name=\"twitter:label2\" content=\"Tiempo de lectura\" \/>\n\t<meta name=\"twitter:data2\" content=\"2 minutos\" \/>\n<script type=\"application\/ld+json\" class=\"yoast-schema-graph\">{\"@context\":\"https:\/\/schema.org\",\"@graph\":[{\"@type\":\"Article\",\"@id\":\"https:\/\/modoviajeok.com.ar\/index.php\/2025\/08\/06\/tercera-copa-mundial-de-natacion-de-invierno-en-el-calafate\/#article\",\"isPartOf\":{\"@id\":\"https:\/\/modoviajeok.com.ar\/index.php\/2025\/08\/06\/tercera-copa-mundial-de-natacion-de-invierno-en-el-calafate\/\"},\"author\":{\"name\":\"Pepe Segura\",\"@id\":\"https:\/\/modoviajeok.com.ar\/#\/schema\/person\/2e299ed0d3d412a01d244fe28260d7f5\"},\"headline\":\"Tercera copa mundial de nataci\u00f3n de invierno en El Calafate\",\"datePublished\":\"2025-08-06T13:02:59+00:00\",\"dateModified\":\"2025-08-06T13:06:19+00:00\",\"mainEntityOfPage\":{\"@id\":\"https:\/\/modoviajeok.com.ar\/index.php\/2025\/08\/06\/tercera-copa-mundial-de-natacion-de-invierno-en-el-calafate\/\"},\"wordCount\":379,\"commentCount\":0,\"publisher\":{\"@id\":\"https:\/\/modoviajeok.com.ar\/#organization\"},\"image\":{\"@id\":\"https:\/\/modoviajeok.com.ar\/index.php\/2025\/08\/06\/tercera-copa-mundial-de-natacion-de-invierno-en-el-calafate\/#primaryimage\"},\"thumbnailUrl\":\"https:\/\/modoviajeok.com.ar\/wp-content\/uploads\/2025\/07\/multimedia.normal.95cceeb997bb0448.bmFkYXItZ2xhY2lhci1wZXJpdG8tbW9yZW5vLWFmcGpfbm9ybWFsLndlYnA.webp\",\"keywords\":[\"el calafate\",\"natacion de invierno\",\"perito moreno\"],\"articleSection\":[\"Argentina\",\"Noticias\"],\"inLanguage\":\"es\",\"potentialAction\":[{\"@type\":\"CommentAction\",\"name\":\"Comment\",\"target\":[\"https:\/\/modoviajeok.com.ar\/index.php\/2025\/08\/06\/tercera-copa-mundial-de-natacion-de-invierno-en-el-calafate\/#respond\"]}]},{\"@type\":\"WebPage\",\"@id\":\"https:\/\/modoviajeok.com.ar\/index.php\/2025\/08\/06\/tercera-copa-mundial-de-natacion-de-invierno-en-el-calafate\/\",\"url\":\"https:\/\/modoviajeok.com.ar\/index.php\/2025\/08\/06\/tercera-copa-mundial-de-natacion-de-invierno-en-el-calafate\/\",\"name\":\"Tercera copa mundial de nataci\u00f3n de invierno en El Calafate -\",\"isPartOf\":{\"@id\":\"https:\/\/modoviajeok.com.ar\/#website\"},\"primaryImageOfPage\":{\"@id\":\"https:\/\/modoviajeok.com.ar\/index.php\/2025\/08\/06\/tercera-copa-mundial-de-natacion-de-invierno-en-el-calafate\/#primaryimage\"},\"image\":{\"@id\":\"https:\/\/modoviajeok.com.ar\/index.php\/2025\/08\/06\/tercera-copa-mundial-de-natacion-de-invierno-en-el-calafate\/#primaryimage\"},\"thumbnailUrl\":\"https:\/\/modoviajeok.com.ar\/wp-content\/uploads\/2025\/07\/multimedia.normal.95cceeb997bb0448.bmFkYXItZ2xhY2lhci1wZXJpdG8tbW9yZW5vLWFmcGpfbm9ybWFsLndlYnA.webp\",\"datePublished\":\"2025-08-06T13:02:59+00:00\",\"dateModified\":\"2025-08-06T13:06:19+00:00\",\"breadcrumb\":{\"@id\":\"https:\/\/modoviajeok.com.ar\/index.php\/2025\/08\/06\/tercera-copa-mundial-de-natacion-de-invierno-en-el-calafate\/#breadcrumb\"},\"inLanguage\":\"es\",\"potentialAction\":[{\"@type\":\"ReadAction\",\"target\":[\"https:\/\/modoviajeok.com.ar\/index.php\/2025\/08\/06\/tercera-copa-mundial-de-natacion-de-invierno-en-el-calafate\/\"]}]},{\"@type\":\"ImageObject\",\"inLanguage\":\"es\",\"@id\":\"https:\/\/modoviajeok.com.ar\/index.php\/2025\/08\/06\/tercera-copa-mundial-de-natacion-de-invierno-en-el-calafate\/#primaryimage\",\"url\":\"https:\/\/modoviajeok.com.ar\/wp-content\/uploads\/2025\/07\/multimedia.normal.95cceeb997bb0448.bmFkYXItZ2xhY2lhci1wZXJpdG8tbW9yZW5vLWFmcGpfbm9ybWFsLndlYnA.webp\",\"contentUrl\":\"https:\/\/modoviajeok.com.ar\/wp-content\/uploads\/2025\/07\/multimedia.normal.95cceeb997bb0448.bmFkYXItZ2xhY2lhci1wZXJpdG8tbW9yZW5vLWFmcGpfbm9ybWFsLndlYnA.webp\",\"width\":1200,\"height\":675},{\"@type\":\"BreadcrumbList\",\"@id\":\"https:\/\/modoviajeok.com.ar\/index.php\/2025\/08\/06\/tercera-copa-mundial-de-natacion-de-invierno-en-el-calafate\/#breadcrumb\",\"itemListElement\":[{\"@type\":\"ListItem\",\"position\":1,\"name\":\"Portada\",\"item\":\"https:\/\/modoviajeok.com.ar\/\"},{\"@type\":\"ListItem\",\"position\":2,\"name\":\"Tercera copa mundial de nataci\u00f3n de invierno en El Calafate\"}]},{\"@type\":\"WebSite\",\"@id\":\"https:\/\/modoviajeok.com.ar\/#website\",\"url\":\"https:\/\/modoviajeok.com.ar\/\",\"name\":\"ModoViajeOK\",\"description\":\"\",\"publisher\":{\"@id\":\"https:\/\/modoviajeok.com.ar\/#organization\"},\"potentialAction\":[{\"@type\":\"SearchAction\",\"target\":{\"@type\":\"EntryPoint\",\"urlTemplate\":\"https:\/\/modoviajeok.com.ar\/?s={search_term_string}\"},\"query-input\":{\"@type\":\"PropertyValueSpecification\",\"valueRequired\":true,\"valueName\":\"search_term_string\"}}],\"inLanguage\":\"es\"},{\"@type\":\"Organization\",\"@id\":\"https:\/\/modoviajeok.com.ar\/#organization\",\"name\":\"ModoViajeOK\",\"url\":\"https:\/\/modoviajeok.com.ar\/\",\"logo\":{\"@type\":\"ImageObject\",\"inLanguage\":\"es\",\"@id\":\"https:\/\/modoviajeok.com.ar\/#\/schema\/logo\/image\/\",\"url\":\"https:\/\/modoviajeok.com.ar\/wp-content\/uploads\/2025\/01\/Logo-modoviajeok.png\",\"contentUrl\":\"https:\/\/modoviajeok.com.ar\/wp-content\/uploads\/2025\/01\/Logo-modoviajeok.png\",\"width\":2938,\"height\":2276,\"caption\":\"ModoViajeOK\"},\"image\":{\"@id\":\"https:\/\/modoviajeok.com.ar\/#\/schema\/logo\/image\/\"},\"sameAs\":[\"https:\/\/www.facebook.com\/mariana.otero1\/\",\"https:\/\/www.instagram.com\/modoviaje.ok\/\"]},{\"@type\":\"Person\",\"@id\":\"https:\/\/modoviajeok.com.ar\/#\/schema\/person\/2e299ed0d3d412a01d244fe28260d7f5\",\"name\":\"Pepe Segura\",\"image\":{\"@type\":\"ImageObject\",\"inLanguage\":\"es\",\"@id\":\"https:\/\/modoviajeok.com.ar\/#\/schema\/person\/image\/\",\"url\":\"https:\/\/secure.gravatar.com\/avatar\/65eb4b34deed761327f5b2c5535b987318ae807900ac46426de7258f5de6d345?s=96&d=mm&r=g\",\"contentUrl\":\"https:\/\/secure.gravatar.com\/avatar\/65eb4b34deed761327f5b2c5535b987318ae807900ac46426de7258f5de6d345?s=96&d=mm&r=g\",\"caption\":\"Pepe Segura\"},\"url\":\"https:\/\/modoviajeok.com.ar\/index.php\/author\/pepe2025\/\"}]}<\/script>\n<!-- \/ Yoast SEO plugin. -->","yoast_head_json":{"title":"Tercera copa mundial de nataci\u00f3n de invierno en El Calafate -","robots":{"index":"index","follow":"follow","max-snippet":"max-snippet:-1","max-image-preview":"max-image-preview:large","max-video-preview":"max-video-preview:-1"},"canonical":"https:\/\/modoviajeok.com.ar\/index.php\/2025\/08\/06\/tercera-copa-mundial-de-natacion-de-invierno-en-el-calafate\/","og_locale":"es_ES","og_type":"article","og_title":"Tercera copa mundial de nataci\u00f3n de invierno en El Calafate -","og_description":"Participan 17 pa\u00edses y m\u00e1s de 150 nadadores que disputan sus lugares en una competencia que combina deporte y naturaleza. El secretario de Turismo, Ambiente y Deportes de la Naci\u00f3n, Daniel Scioli, particip\u00f3 el pasado 5 de agosto de la inauguraci\u00f3n de la tercera edici\u00f3n de la Winter Swimming World Cup 2025, que se realiz\u00f3 [&hellip;]","og_url":"https:\/\/modoviajeok.com.ar\/index.php\/2025\/08\/06\/tercera-copa-mundial-de-natacion-de-invierno-en-el-calafate\/","article_publisher":"https:\/\/www.facebook.com\/mariana.otero1\/","article_published_time":"2025-08-06T13:02:59+00:00","article_modified_time":"2025-08-06T13:06:19+00:00","og_image":[{"width":1200,"height":675,"url":"https:\/\/modoviajeok.com.ar\/wp-content\/uploads\/2025\/07\/multimedia.normal.95cceeb997bb0448.bmFkYXItZ2xhY2lhci1wZXJpdG8tbW9yZW5vLWFmcGpfbm9ybWFsLndlYnA.webp","type":"image\/webp"}],"author":"Pepe Segura","twitter_card":"summary_large_image","twitter_misc":{"Escrito por":"Pepe Segura","Tiempo de lectura":"2 minutos"},"schema":{"@context":"https:\/\/schema.org","@graph":[{"@type":"Article","@id":"https:\/\/modoviajeok.com.ar\/index.php\/2025\/08\/06\/tercera-copa-mundial-de-natacion-de-invierno-en-el-calafate\/#article","isPartOf":{"@id":"https:\/\/modoviajeok.com.ar\/index.php\/2025\/08\/06\/tercera-copa-mundial-de-natacion-de-invierno-en-el-calafate\/"},"author":{"name":"Pepe Segura","@id":"https:\/\/modoviajeok.com.ar\/#\/schema\/person\/2e299ed0d3d412a01d244fe28260d7f5"},"headline":"Tercera copa mundial de nataci\u00f3n de invierno en El Calafate","datePublished":"2025-08-06T13:02:59+00:00","dateModified":"2025-08-06T13:06:19+00:00","mainEntityOfPage":{"@id":"https:\/\/modoviajeok.com.ar\/index.php\/2025\/08\/06\/tercera-copa-mundial-de-natacion-de-invierno-en-el-calafate\/"},"wordCount":379,"commentCount":0,"publisher":{"@id":"https:\/\/modoviajeok.com.ar\/#organization"},"image":{"@id":"https:\/\/modoviajeok.com.ar\/index.php\/2025\/08\/06\/tercera-copa-mundial-de-natacion-de-invierno-en-el-calafate\/#primaryimage"},"thumbnailUrl":"https:\/\/modoviajeok.com.ar\/wp-content\/uploads\/2025\/07\/multimedia.normal.95cceeb997bb0448.bmFkYXItZ2xhY2lhci1wZXJpdG8tbW9yZW5vLWFmcGpfbm9ybWFsLndlYnA.webp","keywords":["el calafate","natacion de invierno","perito moreno"],"articleSection":["Argentina","Noticias"],"inLanguage":"es","potentialAction":[{"@type":"CommentAction","name":"Comment","target":["https:\/\/modoviajeok.com.ar\/index.php\/2025\/08\/06\/tercera-copa-mundial-de-natacion-de-invierno-en-el-calafate\/#respond"]}]},{"@type":"WebPage","@id":"https:\/\/modoviajeok.com.ar\/index.php\/2025\/08\/06\/tercera-copa-mundial-de-natacion-de-invierno-en-el-calafate\/","url":"https:\/\/modoviajeok.com.ar\/index.php\/2025\/08\/06\/tercera-copa-mundial-de-natacion-de-invierno-en-el-calafate\/","name":"Tercera copa mundial de nataci\u00f3n de invierno en El Calafate -","isPartOf":{"@id":"https:\/\/modoviajeok.com.ar\/#website"},"primaryImageOfPage":{"@id":"https:\/\/modoviajeok.com.ar\/index.php\/2025\/08\/06\/tercera-copa-mundial-de-natacion-de-invierno-en-el-calafate\/#primaryimage"},"image":{"@id":"https:\/\/modoviajeok.com.ar\/index.php\/2025\/08\/06\/tercera-copa-mundial-de-natacion-de-invierno-en-el-calafate\/#primaryimage"},"thumbnailUrl":"https:\/\/modoviajeok.com.ar\/wp-content\/uploads\/2025\/07\/multimedia.normal.95cceeb997bb0448.bmFkYXItZ2xhY2lhci1wZXJpdG8tbW9yZW5vLWFmcGpfbm9ybWFsLndlYnA.webp","datePublished":"2025-08-06T13:02:59+00:00","dateModified":"2025-08-06T13:06:19+00:00","breadcrumb":{"@id":"https:\/\/modoviajeok.com.ar\/index.php\/2025\/08\/06\/tercera-copa-mundial-de-natacion-de-invierno-en-el-calafate\/#breadcrumb"},"inLanguage":"es","potentialAction":[{"@type":"ReadAction","target":["https:\/\/modoviajeok.com.ar\/index.php\/2025\/08\/06\/tercera-copa-mundial-de-natacion-de-invierno-en-el-calafate\/"]}]},{"@type":"ImageObject","inLanguage":"es","@id":"https:\/\/modoviajeok.com.ar\/index.php\/2025\/08\/06\/tercera-copa-mundial-de-natacion-de-invierno-en-el-calafate\/#primaryimage","url":"https:\/\/modoviajeok.com.ar\/wp-content\/uploads\/2025\/07\/multimedia.normal.95cceeb997bb0448.bmFkYXItZ2xhY2lhci1wZXJpdG8tbW9yZW5vLWFmcGpfbm9ybWFsLndlYnA.webp","contentUrl":"https:\/\/modoviajeok.com.ar\/wp-content\/uploads\/2025\/07\/multimedia.normal.95cceeb997bb0448.bmFkYXItZ2xhY2lhci1wZXJpdG8tbW9yZW5vLWFmcGpfbm9ybWFsLndlYnA.webp","width":1200,"height":675},{"@type":"BreadcrumbList","@id":"https:\/\/modoviajeok.com.ar\/index.php\/2025\/08\/06\/tercera-copa-mundial-de-natacion-de-invierno-en-el-calafate\/#breadcrumb","itemListElement":[{"@type":"ListItem","position":1,"name":"Portada","item":"https:\/\/modoviajeok.com.ar\/"},{"@type":"ListItem","position":2,"name":"Tercera copa mundial de nataci\u00f3n de invierno en El Calafate"}]},{"@type":"WebSite","@id":"https:\/\/modoviajeok.com.ar\/#website","url":"https:\/\/modoviajeok.com.ar\/","name":"ModoViajeOK","description":"","publisher":{"@id":"https:\/\/modoviajeok.com.ar\/#organization"},"potentialAction":[{"@type":"SearchAction","target":{"@type":"EntryPoint","urlTemplate":"https:\/\/modoviajeok.com.ar\/?s={search_term_string}"},"query-input":{"@type":"PropertyValueSpecification","valueRequired":true,"valueName":"search_term_string"}}],"inLanguage":"es"},{"@type":"Organization","@id":"https:\/\/modoviajeok.com.ar\/#organization","name":"ModoViajeOK","url":"https:\/\/modoviajeok.com.ar\/","logo":{"@type":"ImageObject","inLanguage":"es","@id":"https:\/\/modoviajeok.com.ar\/#\/schema\/logo\/image\/","url":"https:\/\/modoviajeok.com.ar\/wp-content\/uploads\/2025\/01\/Logo-modoviajeok.png","contentUrl":"https:\/\/modoviajeok.com.ar\/wp-content\/uploads\/2025\/01\/Logo-modoviajeok.png","width":2938,"height":2276,"caption":"ModoViajeOK"},"image":{"@id":"https:\/\/modoviajeok.com.ar\/#\/schema\/logo\/image\/"},"sameAs":["https:\/\/www.facebook.com\/mariana.otero1\/","https:\/\/www.instagram.com\/modoviaje.ok\/"]},{"@type":"Person","@id":"https:\/\/modoviajeok.com.ar\/#\/schema\/person\/2e299ed0d3d412a01d244fe28260d7f5","name":"Pepe Segura","image":{"@type":"ImageObject","inLanguage":"es","@id":"https:\/\/modoviajeok.com.ar\/#\/schema\/person\/image\/","url":"https:\/\/secure.gravatar.com\/avatar\/65eb4b34deed761327f5b2c5535b987318ae807900ac46426de7258f5de6d345?s=96&d=mm&r=g","contentUrl":"https:\/\/secure.gravatar.com\/avatar\/65eb4b34deed761327f5b2c5535b987318ae807900ac46426de7258f5de6d345?s=96&d=mm&r=g","caption":"Pepe Segura"},"url":"https:\/\/modoviajeok.com.ar\/index.php\/author\/pepe2025\/"}]}},"_links":{"self":[{"href":"https:\/\/modoviajeok.com.ar\/index.php\/wp-json\/wp\/v2\/posts\/5097","targetHints":{"allow":["GET"]}}],"collection":[{"href":"https:\/\/modoviajeok.com.ar\/index.php\/wp-json\/wp\/v2\/posts"}],"about":[{"href":"https:\/\/modoviajeok.com.ar\/index.php\/wp-json\/wp\/v2\/types\/post"}],"author":[{"embeddable":true,"href":"https:\/\/modoviajeok.com.ar\/index.php\/wp-json\/wp\/v2\/users\/3"}],"replies":[{"embeddable":true,"href":"https:\/\/modoviajeok.com.ar\/index.php\/wp-json\/wp\/v2\/comments?post=5097"}],"version-history":[{"count":2,"href":"https:\/\/modoviajeok.com.ar\/index.php\/wp-json\/wp\/v2\/posts\/5097\/revisions"}],"predecessor-version":[{"id":5103,"href":"https:\/\/modoviajeok.com.ar\/index.php\/wp-json\/wp\/v2\/posts\/5097\/revisions\/5103"}],"wp:featuredmedia":[{"embeddable":true,"href":"https:\/\/modoviajeok.com.ar\/index.php\/wp-json\/wp\/v2\/media\/4737"}],"wp:attachment":[{"href":"https:\/\/modoviajeok.com.ar\/index.php\/wp-json\/wp\/v2\/media?parent=5097"}],"wp:term":[{"taxonomy":"category","embeddable":true,"href":"https:\/\/modoviajeok.com.ar\/index.php\/wp-json\/wp\/v2\/categories?post=5097"},{"taxonomy":"post_tag","embeddable":true,"href":"https:\/\/modoviajeok.com.ar\/index.php\/wp-json\/wp\/v2\/tags?post=5097"}],"curies":[{"name":"wp","href":"https:\/\/api.w.org\/{rel}","templated":true}]}}