{"id":5138,"date":"2025-08-08T11:08:14","date_gmt":"2025-08-08T14:08:14","guid":{"rendered":"https:\/\/modoviajeok.com.ar\/?p=5138"},"modified":"2025-08-12T09:05:10","modified_gmt":"2025-08-12T12:05:10","slug":"colonia-caroya-presento-su-fiesta-de-comidas-tipicas","status":"publish","type":"post","link":"https:\/\/modoviajeok.com.ar\/index.php\/2025\/08\/08\/colonia-caroya-presento-su-fiesta-de-comidas-tipicas\/","title":{"rendered":"Colonia Caroya present\u00f3 su Fiesta de Comidas T\u00edpicas"},"content":{"rendered":"\n<p><\/p>\n\n\n\n<figure class=\"wp-block-pullquote\"><blockquote><p>La tradicional celebraci\u00f3n se realizar\u00e1 el s\u00e1bado 16 y domingo 17 de agosto en la Plaza Nicol\u00e1s Avellaneda de la ciudad de Colonia Caroya, con entrada libre y gratuita ambos d\u00edas.<br><\/p><\/blockquote><\/figure>\n\n\n\n<figure class=\"wp-block-image size-full\"><img loading=\"lazy\" decoding=\"async\" width=\"974\" height=\"1014\" src=\"https:\/\/modoviajeok.com.ar\/wp-content\/uploads\/2025\/08\/WhatsApp-Image-2025-08-07-at-17.00.29-1536x1152-1.jpeg\" alt=\"\" class=\"wp-image-5143\" srcset=\"https:\/\/modoviajeok.com.ar\/wp-content\/uploads\/2025\/08\/WhatsApp-Image-2025-08-07-at-17.00.29-1536x1152-1.jpeg 974w, https:\/\/modoviajeok.com.ar\/wp-content\/uploads\/2025\/08\/WhatsApp-Image-2025-08-07-at-17.00.29-1536x1152-1-768x800.jpeg 768w, https:\/\/modoviajeok.com.ar\/wp-content\/uploads\/2025\/08\/WhatsApp-Image-2025-08-07-at-17.00.29-1536x1152-1-403x420.jpeg 403w, https:\/\/modoviajeok.com.ar\/wp-content\/uploads\/2025\/08\/WhatsApp-Image-2025-08-07-at-17.00.29-1536x1152-1-150x156.jpeg 150w, https:\/\/modoviajeok.com.ar\/wp-content\/uploads\/2025\/08\/WhatsApp-Image-2025-08-07-at-17.00.29-1536x1152-1-300x312.jpeg 300w, https:\/\/modoviajeok.com.ar\/wp-content\/uploads\/2025\/08\/WhatsApp-Image-2025-08-07-at-17.00.29-1536x1152-1-696x725.jpeg 696w\" sizes=\"auto, (max-width: 974px) 100vw, 974px\" \/><\/figure>\n\n\n\n<p>  El pasado jueves, en el Cabildo de la ciudad de C\u00f3rdoba, se llev\u00f3 a cabo la presentaci\u00f3n oficial de la 29\u00b0 edici\u00f3n de la Fiesta de las Comidas T\u00edpicas Caroyenses, uno de los eventos gastron\u00f3micos y culturales emblem\u00e1ticos de la provincia.<\/p>\n\n\n\n<p>Estuvieron presentes, Paola Nannini, la intendenta de Colonia &nbsp;Caroya, &nbsp;Dar\u00edo Capitani, presidente de la Agencia C\u00f3rdoba Turismo y H\u00e9ctor Campana, secretario de Fortalecimiento Vecinal y Deportes de la provincia.<\/p>\n\n\n\n<p>La tradicional celebraci\u00f3n tendr\u00e1 lugar el s\u00e1bado 16 y domingo 17 de agosto en la Plaza Nicol\u00e1s Avellaneda de la ciudad de Colonia Caroya, con entrada libre y gratuita ambos d\u00edas. En esta edici\u00f3n, la fiesta reafirma su identidad recuperando el formato original en carpa, reinstalado en 2024, que se emplazar\u00e1 en el coraz\u00f3n de la ciudad.<\/p>\n\n\n\n<p>\u201cLa gastronom\u00eda es una forma poderosa de contar qui\u00e9nes somos y de mostrar la identidad de nuestros pueblos. Colonia Caroya tiene una identidad fuerte, arraigada en sus sabores, y este tipo de celebraciones son claves para proyectarla hacia toda la provincia y el pa\u00eds\u201d,&nbsp;expres\u00f3 Dar\u00edo Capitani.<\/p>\n\n\n\n<p>Desde su primera edici\u00f3n en 1989, esta fiesta ha rendido homenaje a los sabores tradicionales heredados por los colonos friulanos y v\u00e9netos. Con platos de elaboraci\u00f3n artesanal, m\u00fasica, danzas t\u00edpicas y artesan\u00edas, el evento se ha convertido en un verdadero patrimonio gastron\u00f3mico y cultural de la regi\u00f3n.<\/p>\n\n\n\n<figure class=\"wp-block-image size-full\"><img loading=\"lazy\" decoding=\"async\" width=\"768\" height=\"576\" src=\"https:\/\/modoviajeok.com.ar\/wp-content\/uploads\/2025\/08\/WhatsApp-Image-2025-08-07-at-17.00.28-1-768x576-1.jpeg\" alt=\"\" class=\"wp-image-5140\" srcset=\"https:\/\/modoviajeok.com.ar\/wp-content\/uploads\/2025\/08\/WhatsApp-Image-2025-08-07-at-17.00.28-1-768x576-1.jpeg 768w, https:\/\/modoviajeok.com.ar\/wp-content\/uploads\/2025\/08\/WhatsApp-Image-2025-08-07-at-17.00.28-1-768x576-1-560x420.jpeg 560w, https:\/\/modoviajeok.com.ar\/wp-content\/uploads\/2025\/08\/WhatsApp-Image-2025-08-07-at-17.00.28-1-768x576-1-80x60.jpeg 80w, https:\/\/modoviajeok.com.ar\/wp-content\/uploads\/2025\/08\/WhatsApp-Image-2025-08-07-at-17.00.28-1-768x576-1-150x113.jpeg 150w, https:\/\/modoviajeok.com.ar\/wp-content\/uploads\/2025\/08\/WhatsApp-Image-2025-08-07-at-17.00.28-1-768x576-1-300x225.jpeg 300w, https:\/\/modoviajeok.com.ar\/wp-content\/uploads\/2025\/08\/WhatsApp-Image-2025-08-07-at-17.00.28-1-768x576-1-696x522.jpeg 696w, https:\/\/modoviajeok.com.ar\/wp-content\/uploads\/2025\/08\/WhatsApp-Image-2025-08-07-at-17.00.28-1-768x576-1-265x198.jpeg 265w\" sizes=\"auto, (max-width: 768px) 100vw, 768px\" \/><\/figure>\n\n\n\n<p>Luego de cinco a\u00f1os sin realizarse, el regreso en 2024 marc\u00f3 un hito con una multitudinaria convocatoria. En 2025, el evento redobla la apuesta con una programaci\u00f3n art\u00edstica de primer nivel, invitados especiales y una organizaci\u00f3n profesional que garantiza una experiencia inolvidable.<\/p>\n\n\n\n<p>Al respecto, la intendenta Nannini destac\u00f3:&nbsp;\u201cEsta fiesta es mucho m\u00e1s que una propuesta gastron\u00f3mica; es un acto de amor por nuestras ra\u00edces, una oportunidad para que vengan a nuestra mesa para vivir y compartir las costumbres que nos hacen \u00fanicos\u201d.<\/p>\n","protected":false},"excerpt":{"rendered":"<p>La tradicional celebraci\u00f3n se realizar\u00e1 el s\u00e1bado 16 y domingo 17 de agosto en la Plaza Nicol\u00e1s Avellaneda de la ciudad de Colonia Caroya, con entrada libre y gratuita ambos d\u00edas. El pasado jueves, en el Cabildo de la ciudad de C\u00f3rdoba, se llev\u00f3 a cabo la presentaci\u00f3n oficial de la 29\u00b0 edici\u00f3n de la [&hellip;]<\/p>\n","protected":false},"author":3,"featured_media":5142,"comment_status":"open","ping_status":"open","sticky":false,"template":"","format":"standard","meta":{"_acf_changed":false,"footnotes":""},"categories":[11,10],"tags":[1197],"class_list":{"0":"post-5138","1":"post","2":"type-post","3":"status-publish","4":"format-standard","5":"has-post-thumbnail","7":"category-cordoba","8":"category-noticias","9":"tag-colonia-caroya"},"acf":[],"yoast_head":"<!-- This site is optimized with the Yoast SEO plugin v24.8.1 - https:\/\/yoast.com\/wordpress\/plugins\/seo\/ -->\n<title>Colonia Caroya present\u00f3 su Fiesta de Comidas T\u00edpicas -<\/title>\n<meta name=\"robots\" content=\"index, follow, max-snippet:-1, max-image-preview:large, max-video-preview:-1\" \/>\n<link rel=\"canonical\" href=\"https:\/\/modoviajeok.com.ar\/index.php\/2025\/08\/08\/colonia-caroya-presento-su-fiesta-de-comidas-tipicas\/\" \/>\n<meta property=\"og:locale\" content=\"es_ES\" \/>\n<meta property=\"og:type\" content=\"article\" \/>\n<meta property=\"og:title\" content=\"Colonia Caroya present\u00f3 su Fiesta de Comidas T\u00edpicas -\" \/>\n<meta property=\"og:description\" content=\"La tradicional celebraci\u00f3n se realizar\u00e1 el s\u00e1bado 16 y domingo 17 de agosto en la Plaza Nicol\u00e1s Avellaneda de la ciudad de Colonia Caroya, con entrada libre y gratuita ambos d\u00edas. El pasado jueves, en el Cabildo de la ciudad de C\u00f3rdoba, se llev\u00f3 a cabo la presentaci\u00f3n oficial de la 29\u00b0 edici\u00f3n de la [&hellip;]\" \/>\n<meta property=\"og:url\" content=\"https:\/\/modoviajeok.com.ar\/index.php\/2025\/08\/08\/colonia-caroya-presento-su-fiesta-de-comidas-tipicas\/\" \/>\n<meta property=\"article:publisher\" content=\"https:\/\/www.facebook.com\/mariana.otero1\/\" \/>\n<meta property=\"article:published_time\" content=\"2025-08-08T14:08:14+00:00\" \/>\n<meta property=\"article:modified_time\" content=\"2025-08-12T12:05:10+00:00\" \/>\n<meta property=\"og:image\" content=\"https:\/\/modoviajeok.com.ar\/wp-content\/uploads\/2025\/08\/WhatsApp-Image-2025-08-07-at-17.00.28-1536x1152-1.jpeg\" \/>\n\t<meta property=\"og:image:width\" content=\"1536\" \/>\n\t<meta property=\"og:image:height\" content=\"1152\" \/>\n\t<meta property=\"og:image:type\" content=\"image\/jpeg\" \/>\n<meta name=\"author\" content=\"Pepe Segura\" \/>\n<meta name=\"twitter:card\" content=\"summary_large_image\" \/>\n<meta name=\"twitter:label1\" content=\"Escrito por\" \/>\n\t<meta name=\"twitter:data1\" content=\"Pepe Segura\" \/>\n\t<meta name=\"twitter:label2\" content=\"Tiempo de lectura\" \/>\n\t<meta name=\"twitter:data2\" content=\"2 minutos\" \/>\n<script type=\"application\/ld+json\" class=\"yoast-schema-graph\">{\"@context\":\"https:\/\/schema.org\",\"@graph\":[{\"@type\":\"Article\",\"@id\":\"https:\/\/modoviajeok.com.ar\/index.php\/2025\/08\/08\/colonia-caroya-presento-su-fiesta-de-comidas-tipicas\/#article\",\"isPartOf\":{\"@id\":\"https:\/\/modoviajeok.com.ar\/index.php\/2025\/08\/08\/colonia-caroya-presento-su-fiesta-de-comidas-tipicas\/\"},\"author\":{\"name\":\"Pepe Segura\",\"@id\":\"https:\/\/modoviajeok.com.ar\/#\/schema\/person\/2e299ed0d3d412a01d244fe28260d7f5\"},\"headline\":\"Colonia Caroya present\u00f3 su Fiesta de Comidas T\u00edpicas\",\"datePublished\":\"2025-08-08T14:08:14+00:00\",\"dateModified\":\"2025-08-12T12:05:10+00:00\",\"mainEntityOfPage\":{\"@id\":\"https:\/\/modoviajeok.com.ar\/index.php\/2025\/08\/08\/colonia-caroya-presento-su-fiesta-de-comidas-tipicas\/\"},\"wordCount\":377,\"commentCount\":0,\"publisher\":{\"@id\":\"https:\/\/modoviajeok.com.ar\/#organization\"},\"image\":{\"@id\":\"https:\/\/modoviajeok.com.ar\/index.php\/2025\/08\/08\/colonia-caroya-presento-su-fiesta-de-comidas-tipicas\/#primaryimage\"},\"thumbnailUrl\":\"https:\/\/modoviajeok.com.ar\/wp-content\/uploads\/2025\/08\/WhatsApp-Image-2025-08-07-at-17.00.28-1536x1152-1.jpeg\",\"keywords\":[\"colonia caroya\"],\"articleSection\":[\"C\u00f3rdoba\",\"Noticias\"],\"inLanguage\":\"es\",\"potentialAction\":[{\"@type\":\"CommentAction\",\"name\":\"Comment\",\"target\":[\"https:\/\/modoviajeok.com.ar\/index.php\/2025\/08\/08\/colonia-caroya-presento-su-fiesta-de-comidas-tipicas\/#respond\"]}]},{\"@type\":\"WebPage\",\"@id\":\"https:\/\/modoviajeok.com.ar\/index.php\/2025\/08\/08\/colonia-caroya-presento-su-fiesta-de-comidas-tipicas\/\",\"url\":\"https:\/\/modoviajeok.com.ar\/index.php\/2025\/08\/08\/colonia-caroya-presento-su-fiesta-de-comidas-tipicas\/\",\"name\":\"Colonia Caroya present\u00f3 su Fiesta de Comidas T\u00edpicas -\",\"isPartOf\":{\"@id\":\"https:\/\/modoviajeok.com.ar\/#website\"},\"primaryImageOfPage\":{\"@id\":\"https:\/\/modoviajeok.com.ar\/index.php\/2025\/08\/08\/colonia-caroya-presento-su-fiesta-de-comidas-tipicas\/#primaryimage\"},\"image\":{\"@id\":\"https:\/\/modoviajeok.com.ar\/index.php\/2025\/08\/08\/colonia-caroya-presento-su-fiesta-de-comidas-tipicas\/#primaryimage\"},\"thumbnailUrl\":\"https:\/\/modoviajeok.com.ar\/wp-content\/uploads\/2025\/08\/WhatsApp-Image-2025-08-07-at-17.00.28-1536x1152-1.jpeg\",\"datePublished\":\"2025-08-08T14:08:14+00:00\",\"dateModified\":\"2025-08-12T12:05:10+00:00\",\"breadcrumb\":{\"@id\":\"https:\/\/modoviajeok.com.ar\/index.php\/2025\/08\/08\/colonia-caroya-presento-su-fiesta-de-comidas-tipicas\/#breadcrumb\"},\"inLanguage\":\"es\",\"potentialAction\":[{\"@type\":\"ReadAction\",\"target\":[\"https:\/\/modoviajeok.com.ar\/index.php\/2025\/08\/08\/colonia-caroya-presento-su-fiesta-de-comidas-tipicas\/\"]}]},{\"@type\":\"ImageObject\",\"inLanguage\":\"es\",\"@id\":\"https:\/\/modoviajeok.com.ar\/index.php\/2025\/08\/08\/colonia-caroya-presento-su-fiesta-de-comidas-tipicas\/#primaryimage\",\"url\":\"https:\/\/modoviajeok.com.ar\/wp-content\/uploads\/2025\/08\/WhatsApp-Image-2025-08-07-at-17.00.28-1536x1152-1.jpeg\",\"contentUrl\":\"https:\/\/modoviajeok.com.ar\/wp-content\/uploads\/2025\/08\/WhatsApp-Image-2025-08-07-at-17.00.28-1536x1152-1.jpeg\",\"width\":1536,\"height\":1152},{\"@type\":\"BreadcrumbList\",\"@id\":\"https:\/\/modoviajeok.com.ar\/index.php\/2025\/08\/08\/colonia-caroya-presento-su-fiesta-de-comidas-tipicas\/#breadcrumb\",\"itemListElement\":[{\"@type\":\"ListItem\",\"position\":1,\"name\":\"Portada\",\"item\":\"https:\/\/modoviajeok.com.ar\/\"},{\"@type\":\"ListItem\",\"position\":2,\"name\":\"Colonia Caroya present\u00f3 su Fiesta de Comidas T\u00edpicas\"}]},{\"@type\":\"WebSite\",\"@id\":\"https:\/\/modoviajeok.com.ar\/#website\",\"url\":\"https:\/\/modoviajeok.com.ar\/\",\"name\":\"ModoViajeOK\",\"description\":\"\",\"publisher\":{\"@id\":\"https:\/\/modoviajeok.com.ar\/#organization\"},\"potentialAction\":[{\"@type\":\"SearchAction\",\"target\":{\"@type\":\"EntryPoint\",\"urlTemplate\":\"https:\/\/modoviajeok.com.ar\/?s={search_term_string}\"},\"query-input\":{\"@type\":\"PropertyValueSpecification\",\"valueRequired\":true,\"valueName\":\"search_term_string\"}}],\"inLanguage\":\"es\"},{\"@type\":\"Organization\",\"@id\":\"https:\/\/modoviajeok.com.ar\/#organization\",\"name\":\"ModoViajeOK\",\"url\":\"https:\/\/modoviajeok.com.ar\/\",\"logo\":{\"@type\":\"ImageObject\",\"inLanguage\":\"es\",\"@id\":\"https:\/\/modoviajeok.com.ar\/#\/schema\/logo\/image\/\",\"url\":\"https:\/\/modoviajeok.com.ar\/wp-content\/uploads\/2025\/01\/Logo-modoviajeok.png\",\"contentUrl\":\"https:\/\/modoviajeok.com.ar\/wp-content\/uploads\/2025\/01\/Logo-modoviajeok.png\",\"width\":2938,\"height\":2276,\"caption\":\"ModoViajeOK\"},\"image\":{\"@id\":\"https:\/\/modoviajeok.com.ar\/#\/schema\/logo\/image\/\"},\"sameAs\":[\"https:\/\/www.facebook.com\/mariana.otero1\/\",\"https:\/\/www.instagram.com\/modoviaje.ok\/\"]},{\"@type\":\"Person\",\"@id\":\"https:\/\/modoviajeok.com.ar\/#\/schema\/person\/2e299ed0d3d412a01d244fe28260d7f5\",\"name\":\"Pepe Segura\",\"image\":{\"@type\":\"ImageObject\",\"inLanguage\":\"es\",\"@id\":\"https:\/\/modoviajeok.com.ar\/#\/schema\/person\/image\/\",\"url\":\"https:\/\/secure.gravatar.com\/avatar\/65eb4b34deed761327f5b2c5535b987318ae807900ac46426de7258f5de6d345?s=96&d=mm&r=g\",\"contentUrl\":\"https:\/\/secure.gravatar.com\/avatar\/65eb4b34deed761327f5b2c5535b987318ae807900ac46426de7258f5de6d345?s=96&d=mm&r=g\",\"caption\":\"Pepe Segura\"},\"url\":\"https:\/\/modoviajeok.com.ar\/index.php\/author\/pepe2025\/\"}]}<\/script>\n<!-- \/ Yoast SEO plugin. -->","yoast_head_json":{"title":"Colonia Caroya present\u00f3 su Fiesta de Comidas T\u00edpicas -","robots":{"index":"index","follow":"follow","max-snippet":"max-snippet:-1","max-image-preview":"max-image-preview:large","max-video-preview":"max-video-preview:-1"},"canonical":"https:\/\/modoviajeok.com.ar\/index.php\/2025\/08\/08\/colonia-caroya-presento-su-fiesta-de-comidas-tipicas\/","og_locale":"es_ES","og_type":"article","og_title":"Colonia Caroya present\u00f3 su Fiesta de Comidas T\u00edpicas -","og_description":"La tradicional celebraci\u00f3n se realizar\u00e1 el s\u00e1bado 16 y domingo 17 de agosto en la Plaza Nicol\u00e1s Avellaneda de la ciudad de Colonia Caroya, con entrada libre y gratuita ambos d\u00edas. El pasado jueves, en el Cabildo de la ciudad de C\u00f3rdoba, se llev\u00f3 a cabo la presentaci\u00f3n oficial de la 29\u00b0 edici\u00f3n de la [&hellip;]","og_url":"https:\/\/modoviajeok.com.ar\/index.php\/2025\/08\/08\/colonia-caroya-presento-su-fiesta-de-comidas-tipicas\/","article_publisher":"https:\/\/www.facebook.com\/mariana.otero1\/","article_published_time":"2025-08-08T14:08:14+00:00","article_modified_time":"2025-08-12T12:05:10+00:00","og_image":[{"width":1536,"height":1152,"url":"https:\/\/modoviajeok.com.ar\/wp-content\/uploads\/2025\/08\/WhatsApp-Image-2025-08-07-at-17.00.28-1536x1152-1.jpeg","type":"image\/jpeg"}],"author":"Pepe Segura","twitter_card":"summary_large_image","twitter_misc":{"Escrito por":"Pepe Segura","Tiempo de lectura":"2 minutos"},"schema":{"@context":"https:\/\/schema.org","@graph":[{"@type":"Article","@id":"https:\/\/modoviajeok.com.ar\/index.php\/2025\/08\/08\/colonia-caroya-presento-su-fiesta-de-comidas-tipicas\/#article","isPartOf":{"@id":"https:\/\/modoviajeok.com.ar\/index.php\/2025\/08\/08\/colonia-caroya-presento-su-fiesta-de-comidas-tipicas\/"},"author":{"name":"Pepe Segura","@id":"https:\/\/modoviajeok.com.ar\/#\/schema\/person\/2e299ed0d3d412a01d244fe28260d7f5"},"headline":"Colonia Caroya present\u00f3 su Fiesta de Comidas T\u00edpicas","datePublished":"2025-08-08T14:08:14+00:00","dateModified":"2025-08-12T12:05:10+00:00","mainEntityOfPage":{"@id":"https:\/\/modoviajeok.com.ar\/index.php\/2025\/08\/08\/colonia-caroya-presento-su-fiesta-de-comidas-tipicas\/"},"wordCount":377,"commentCount":0,"publisher":{"@id":"https:\/\/modoviajeok.com.ar\/#organization"},"image":{"@id":"https:\/\/modoviajeok.com.ar\/index.php\/2025\/08\/08\/colonia-caroya-presento-su-fiesta-de-comidas-tipicas\/#primaryimage"},"thumbnailUrl":"https:\/\/modoviajeok.com.ar\/wp-content\/uploads\/2025\/08\/WhatsApp-Image-2025-08-07-at-17.00.28-1536x1152-1.jpeg","keywords":["colonia caroya"],"articleSection":["C\u00f3rdoba","Noticias"],"inLanguage":"es","potentialAction":[{"@type":"CommentAction","name":"Comment","target":["https:\/\/modoviajeok.com.ar\/index.php\/2025\/08\/08\/colonia-caroya-presento-su-fiesta-de-comidas-tipicas\/#respond"]}]},{"@type":"WebPage","@id":"https:\/\/modoviajeok.com.ar\/index.php\/2025\/08\/08\/colonia-caroya-presento-su-fiesta-de-comidas-tipicas\/","url":"https:\/\/modoviajeok.com.ar\/index.php\/2025\/08\/08\/colonia-caroya-presento-su-fiesta-de-comidas-tipicas\/","name":"Colonia Caroya present\u00f3 su Fiesta de Comidas T\u00edpicas -","isPartOf":{"@id":"https:\/\/modoviajeok.com.ar\/#website"},"primaryImageOfPage":{"@id":"https:\/\/modoviajeok.com.ar\/index.php\/2025\/08\/08\/colonia-caroya-presento-su-fiesta-de-comidas-tipicas\/#primaryimage"},"image":{"@id":"https:\/\/modoviajeok.com.ar\/index.php\/2025\/08\/08\/colonia-caroya-presento-su-fiesta-de-comidas-tipicas\/#primaryimage"},"thumbnailUrl":"https:\/\/modoviajeok.com.ar\/wp-content\/uploads\/2025\/08\/WhatsApp-Image-2025-08-07-at-17.00.28-1536x1152-1.jpeg","datePublished":"2025-08-08T14:08:14+00:00","dateModified":"2025-08-12T12:05:10+00:00","breadcrumb":{"@id":"https:\/\/modoviajeok.com.ar\/index.php\/2025\/08\/08\/colonia-caroya-presento-su-fiesta-de-comidas-tipicas\/#breadcrumb"},"inLanguage":"es","potentialAction":[{"@type":"ReadAction","target":["https:\/\/modoviajeok.com.ar\/index.php\/2025\/08\/08\/colonia-caroya-presento-su-fiesta-de-comidas-tipicas\/"]}]},{"@type":"ImageObject","inLanguage":"es","@id":"https:\/\/modoviajeok.com.ar\/index.php\/2025\/08\/08\/colonia-caroya-presento-su-fiesta-de-comidas-tipicas\/#primaryimage","url":"https:\/\/modoviajeok.com.ar\/wp-content\/uploads\/2025\/08\/WhatsApp-Image-2025-08-07-at-17.00.28-1536x1152-1.jpeg","contentUrl":"https:\/\/modoviajeok.com.ar\/wp-content\/uploads\/2025\/08\/WhatsApp-Image-2025-08-07-at-17.00.28-1536x1152-1.jpeg","width":1536,"height":1152},{"@type":"BreadcrumbList","@id":"https:\/\/modoviajeok.com.ar\/index.php\/2025\/08\/08\/colonia-caroya-presento-su-fiesta-de-comidas-tipicas\/#breadcrumb","itemListElement":[{"@type":"ListItem","position":1,"name":"Portada","item":"https:\/\/modoviajeok.com.ar\/"},{"@type":"ListItem","position":2,"name":"Colonia Caroya present\u00f3 su Fiesta de Comidas T\u00edpicas"}]},{"@type":"WebSite","@id":"https:\/\/modoviajeok.com.ar\/#website","url":"https:\/\/modoviajeok.com.ar\/","name":"ModoViajeOK","description":"","publisher":{"@id":"https:\/\/modoviajeok.com.ar\/#organization"},"potentialAction":[{"@type":"SearchAction","target":{"@type":"EntryPoint","urlTemplate":"https:\/\/modoviajeok.com.ar\/?s={search_term_string}"},"query-input":{"@type":"PropertyValueSpecification","valueRequired":true,"valueName":"search_term_string"}}],"inLanguage":"es"},{"@type":"Organization","@id":"https:\/\/modoviajeok.com.ar\/#organization","name":"ModoViajeOK","url":"https:\/\/modoviajeok.com.ar\/","logo":{"@type":"ImageObject","inLanguage":"es","@id":"https:\/\/modoviajeok.com.ar\/#\/schema\/logo\/image\/","url":"https:\/\/modoviajeok.com.ar\/wp-content\/uploads\/2025\/01\/Logo-modoviajeok.png","contentUrl":"https:\/\/modoviajeok.com.ar\/wp-content\/uploads\/2025\/01\/Logo-modoviajeok.png","width":2938,"height":2276,"caption":"ModoViajeOK"},"image":{"@id":"https:\/\/modoviajeok.com.ar\/#\/schema\/logo\/image\/"},"sameAs":["https:\/\/www.facebook.com\/mariana.otero1\/","https:\/\/www.instagram.com\/modoviaje.ok\/"]},{"@type":"Person","@id":"https:\/\/modoviajeok.com.ar\/#\/schema\/person\/2e299ed0d3d412a01d244fe28260d7f5","name":"Pepe Segura","image":{"@type":"ImageObject","inLanguage":"es","@id":"https:\/\/modoviajeok.com.ar\/#\/schema\/person\/image\/","url":"https:\/\/secure.gravatar.com\/avatar\/65eb4b34deed761327f5b2c5535b987318ae807900ac46426de7258f5de6d345?s=96&d=mm&r=g","contentUrl":"https:\/\/secure.gravatar.com\/avatar\/65eb4b34deed761327f5b2c5535b987318ae807900ac46426de7258f5de6d345?s=96&d=mm&r=g","caption":"Pepe Segura"},"url":"https:\/\/modoviajeok.com.ar\/index.php\/author\/pepe2025\/"}]}},"_links":{"self":[{"href":"https:\/\/modoviajeok.com.ar\/index.php\/wp-json\/wp\/v2\/posts\/5138","targetHints":{"allow":["GET"]}}],"collection":[{"href":"https:\/\/modoviajeok.com.ar\/index.php\/wp-json\/wp\/v2\/posts"}],"about":[{"href":"https:\/\/modoviajeok.com.ar\/index.php\/wp-json\/wp\/v2\/types\/post"}],"author":[{"embeddable":true,"href":"https:\/\/modoviajeok.com.ar\/index.php\/wp-json\/wp\/v2\/users\/3"}],"replies":[{"embeddable":true,"href":"https:\/\/modoviajeok.com.ar\/index.php\/wp-json\/wp\/v2\/comments?post=5138"}],"version-history":[{"count":1,"href":"https:\/\/modoviajeok.com.ar\/index.php\/wp-json\/wp\/v2\/posts\/5138\/revisions"}],"predecessor-version":[{"id":5144,"href":"https:\/\/modoviajeok.com.ar\/index.php\/wp-json\/wp\/v2\/posts\/5138\/revisions\/5144"}],"wp:featuredmedia":[{"embeddable":true,"href":"https:\/\/modoviajeok.com.ar\/index.php\/wp-json\/wp\/v2\/media\/5142"}],"wp:attachment":[{"href":"https:\/\/modoviajeok.com.ar\/index.php\/wp-json\/wp\/v2\/media?parent=5138"}],"wp:term":[{"taxonomy":"category","embeddable":true,"href":"https:\/\/modoviajeok.com.ar\/index.php\/wp-json\/wp\/v2\/categories?post=5138"},{"taxonomy":"post_tag","embeddable":true,"href":"https:\/\/modoviajeok.com.ar\/index.php\/wp-json\/wp\/v2\/tags?post=5138"}],"curies":[{"name":"wp","href":"https:\/\/api.w.org\/{rel}","templated":true}]}}