{"id":5165,"date":"2025-08-28T09:00:00","date_gmt":"2025-08-28T12:00:00","guid":{"rendered":"https:\/\/modoviajeok.com.ar\/?p=5165"},"modified":"2025-08-12T18:10:58","modified_gmt":"2025-08-12T21:10:58","slug":"trekking-de-fira-a-oia-un-poema-griego","status":"publish","type":"post","link":"https:\/\/modoviajeok.com.ar\/index.php\/2025\/08\/28\/trekking-de-fira-a-oia-un-poema-griego\/","title":{"rendered":"Trekking de Fira a Oia, un poema griego"},"content":{"rendered":"\n<figure class=\"wp-block-pullquote\"><blockquote><p>La isla de Santorini no necesita presentaci\u00f3n; siempre es hermosa. Recomendamos un circuito que merece la pena: una caminata de diez kil\u00f3metros por los paisajes m\u00e1s bellos que uno pueda imaginar.<br><br><\/p><\/blockquote><\/figure>\n\n\n\n<figure class=\"wp-block-image size-full\"><img loading=\"lazy\" decoding=\"async\" width=\"2560\" height=\"1152\" src=\"https:\/\/modoviajeok.com.ar\/wp-content\/uploads\/2025\/09\/20240525_104047-1-scaled.jpg\" alt=\"\" class=\"wp-image-5182\" srcset=\"https:\/\/modoviajeok.com.ar\/wp-content\/uploads\/2025\/09\/20240525_104047-1-scaled.jpg 2560w, https:\/\/modoviajeok.com.ar\/wp-content\/uploads\/2025\/09\/20240525_104047-1-768x346.jpg 768w, https:\/\/modoviajeok.com.ar\/wp-content\/uploads\/2025\/09\/20240525_104047-1-1536x691.jpg 1536w, https:\/\/modoviajeok.com.ar\/wp-content\/uploads\/2025\/09\/20240525_104047-1-2048x922.jpg 2048w, https:\/\/modoviajeok.com.ar\/wp-content\/uploads\/2025\/09\/20240525_104047-1-933x420.jpg 933w, https:\/\/modoviajeok.com.ar\/wp-content\/uploads\/2025\/09\/20240525_104047-1-150x68.jpg 150w, https:\/\/modoviajeok.com.ar\/wp-content\/uploads\/2025\/09\/20240525_104047-1-300x135.jpg 300w, https:\/\/modoviajeok.com.ar\/wp-content\/uploads\/2025\/09\/20240525_104047-1-696x313.jpg 696w, https:\/\/modoviajeok.com.ar\/wp-content\/uploads\/2025\/09\/20240525_104047-1-1068x481.jpg 1068w, https:\/\/modoviajeok.com.ar\/wp-content\/uploads\/2025\/09\/20240525_104047-1-1920x864.jpg 1920w\" sizes=\"auto, (max-width: 2560px) 100vw, 2560px\" \/><\/figure>\n\n\n\n<p>\u201cCuando lleguen a Santorini lo primero que tienen que hacer es la caminata hasta Oia. Es la mejor manera de dimensionar la belleza de este lugar\u201d. Eso nos dijo Efi, nuestra gu\u00eda de @toptoursgreece en la Acr\u00f3polis de Atenas (a quien, valga el par\u00e9ntesis, recomendamos 100% para conocer en serio la Antigua Grecia).&nbsp;<\/p>\n\n\n\n<p>Seguimos su consejo al pie de la letra.&nbsp;<\/p>\n\n\n\n<p>Ya en Fira, la capital de esta paradis\u00edaca isla griega (nunca mejor dicha esta frase com\u00fan que remite a lo que creemos que es el Para\u00edso), fijamos el paseo para las primeras horas del siguiente d\u00eda.&nbsp;<\/p>\n\n\n\n<figure class=\"wp-block-image size-full\"><img loading=\"lazy\" decoding=\"async\" width=\"2560\" height=\"1152\" src=\"https:\/\/modoviajeok.com.ar\/wp-content\/uploads\/2025\/09\/20240525_090502-1-scaled.jpg\" alt=\"\" class=\"wp-image-5176\" srcset=\"https:\/\/modoviajeok.com.ar\/wp-content\/uploads\/2025\/09\/20240525_090502-1-scaled.jpg 2560w, https:\/\/modoviajeok.com.ar\/wp-content\/uploads\/2025\/09\/20240525_090502-1-768x346.jpg 768w, https:\/\/modoviajeok.com.ar\/wp-content\/uploads\/2025\/09\/20240525_090502-1-1536x691.jpg 1536w, https:\/\/modoviajeok.com.ar\/wp-content\/uploads\/2025\/09\/20240525_090502-1-2048x922.jpg 2048w, https:\/\/modoviajeok.com.ar\/wp-content\/uploads\/2025\/09\/20240525_090502-1-933x420.jpg 933w, https:\/\/modoviajeok.com.ar\/wp-content\/uploads\/2025\/09\/20240525_090502-1-150x68.jpg 150w, https:\/\/modoviajeok.com.ar\/wp-content\/uploads\/2025\/09\/20240525_090502-1-300x135.jpg 300w, https:\/\/modoviajeok.com.ar\/wp-content\/uploads\/2025\/09\/20240525_090502-1-696x313.jpg 696w, https:\/\/modoviajeok.com.ar\/wp-content\/uploads\/2025\/09\/20240525_090502-1-1068x481.jpg 1068w, https:\/\/modoviajeok.com.ar\/wp-content\/uploads\/2025\/09\/20240525_090502-1-1920x864.jpg 1920w\" sizes=\"auto, (max-width: 2560px) 100vw, 2560px\" \/><\/figure>\n\n\n\n<p>Nuestra amable anfitriona en @zaharoula_pansion (un alojamiento muy recomendable a pocas cuadras de la terminal y frente al mar) nos dio los datos imprescindibles.<\/p>\n\n\n\n<p>Son 10 km los que separan a Fira de Oia, uno de los lugares top de Santorini, donde se ven algunos de los mejores atardeceres del mundo.&nbsp;<\/p>\n\n\n\n<p>As\u00ed, entusiasmados, arrancamos cuatro horas de caminata por el acantilado de Fira-Oia (con&nbsp; paradas para las fotos y la hidrataci\u00f3n), uno de los paisajes m\u00e1s incre\u00edbles que uno pueda imaginar. No hay im\u00e1genes que hagan honor a lo que uno ve a lo largo del sendero.&nbsp;<\/p>\n\n\n\n<p>El camino es sencillo, est\u00e1 bien marcado y es de baja dificultad (hasta la trepada final, m\u00e1s exigente antes del tramo cuesta abajo). Atraviesa pueblos encalados entre escarpados paisajes mediterr\u00e1neos con vistas a la caldera.&nbsp;<\/p>\n\n\n\n<figure class=\"wp-block-image size-full\"><img loading=\"lazy\" decoding=\"async\" width=\"2294\" height=\"2110\" src=\"https:\/\/modoviajeok.com.ar\/wp-content\/uploads\/2025\/09\/IMG_20240525_103634-2.jpg\" alt=\"\" class=\"wp-image-5184\" srcset=\"https:\/\/modoviajeok.com.ar\/wp-content\/uploads\/2025\/09\/IMG_20240525_103634-2.jpg 2294w, https:\/\/modoviajeok.com.ar\/wp-content\/uploads\/2025\/09\/IMG_20240525_103634-2-768x706.jpg 768w, https:\/\/modoviajeok.com.ar\/wp-content\/uploads\/2025\/09\/IMG_20240525_103634-2-1536x1413.jpg 1536w, https:\/\/modoviajeok.com.ar\/wp-content\/uploads\/2025\/09\/IMG_20240525_103634-2-2048x1884.jpg 2048w, https:\/\/modoviajeok.com.ar\/wp-content\/uploads\/2025\/09\/IMG_20240525_103634-2-457x420.jpg 457w, https:\/\/modoviajeok.com.ar\/wp-content\/uploads\/2025\/09\/IMG_20240525_103634-2-150x138.jpg 150w, https:\/\/modoviajeok.com.ar\/wp-content\/uploads\/2025\/09\/IMG_20240525_103634-2-300x276.jpg 300w, https:\/\/modoviajeok.com.ar\/wp-content\/uploads\/2025\/09\/IMG_20240525_103634-2-696x640.jpg 696w, https:\/\/modoviajeok.com.ar\/wp-content\/uploads\/2025\/09\/IMG_20240525_103634-2-1068x982.jpg 1068w, https:\/\/modoviajeok.com.ar\/wp-content\/uploads\/2025\/09\/IMG_20240525_103634-2-1920x1766.jpg 1920w\" sizes=\"auto, (max-width: 2294px) 100vw, 2294px\" \/><\/figure>\n\n\n\n<p>El primer pueblo que cruzamos fue Firostefani, un encanto dibujado en la monta\u00f1a con el mar, m\u00e1s azul que celeste.&nbsp;<\/p>\n\n\n\n<p>M\u00e1s adelante, pasamos por Imerovigli sin ser conscientes de d\u00f3nde empieza y termina cada poblaci\u00f3n. A partir de all\u00ed todo se torna m\u00e1s agreste, sobre sedimentos volc\u00e1nicos. S\u00f3lo cruzamos peque\u00f1as iglesias, pobladores que nos saludaban y alojamientos de lujo en balcones naturales que se descuelgan hacia el acantilado.<\/p>\n\n\n\n<p>Antes de la meta, una buena parada es la Iglesia del Profeta El\u00edas, una t\u00edpica construcci\u00f3n de las C\u00edcladas, de paredes blancas y c\u00fapulas azules, donde mujeres de todas las edades con vestidos largos y de colores buscan la foto perfecta. Todas las selfies salen bien en ese escenario.<\/p>\n\n\n\n<figure class=\"wp-block-image size-full\"><img loading=\"lazy\" decoding=\"async\" width=\"2426\" height=\"1146\" src=\"https:\/\/modoviajeok.com.ar\/wp-content\/uploads\/2025\/09\/IMG_20240525_1054042.jpg\" alt=\"\" class=\"wp-image-5185\" srcset=\"https:\/\/modoviajeok.com.ar\/wp-content\/uploads\/2025\/09\/IMG_20240525_1054042.jpg 2426w, https:\/\/modoviajeok.com.ar\/wp-content\/uploads\/2025\/09\/IMG_20240525_1054042-768x363.jpg 768w, https:\/\/modoviajeok.com.ar\/wp-content\/uploads\/2025\/09\/IMG_20240525_1054042-1536x726.jpg 1536w, https:\/\/modoviajeok.com.ar\/wp-content\/uploads\/2025\/09\/IMG_20240525_1054042-2048x967.jpg 2048w, https:\/\/modoviajeok.com.ar\/wp-content\/uploads\/2025\/09\/IMG_20240525_1054042-889x420.jpg 889w, https:\/\/modoviajeok.com.ar\/wp-content\/uploads\/2025\/09\/IMG_20240525_1054042-150x71.jpg 150w, https:\/\/modoviajeok.com.ar\/wp-content\/uploads\/2025\/09\/IMG_20240525_1054042-300x142.jpg 300w, https:\/\/modoviajeok.com.ar\/wp-content\/uploads\/2025\/09\/IMG_20240525_1054042-696x329.jpg 696w, https:\/\/modoviajeok.com.ar\/wp-content\/uploads\/2025\/09\/IMG_20240525_1054042-1068x505.jpg 1068w, https:\/\/modoviajeok.com.ar\/wp-content\/uploads\/2025\/09\/IMG_20240525_1054042-1920x907.jpg 1920w\" sizes=\"auto, (max-width: 2426px) 100vw, 2426px\" \/><\/figure>\n\n\n\n<p>Al continuar, conviene fijar la mirada en el horizonte y observar c\u00f3mo se va acercando Oia: la vista vale en verdad la pena.&nbsp;<\/p>\n\n\n\n<p>Ya bien cerca, aparecen los puestos de venta de fruta. El cansancio, si existe, no se nota. Ya estamos cerca de uno de los pueblos m\u00e1s encantadores de Grecia.<\/p>\n\n\n\n<p>Una vez en Oia, se impone la pausa, con la t\u00edpica cerveza griega Mythos bien fr\u00eda. Caminar y contemplar. M\u00e1s nada hace falta.<\/p>\n\n\n\n<p><\/p>\n\n\n\n<figure class=\"wp-block-gallery has-nested-images columns-default is-cropped wp-block-gallery-1 is-layout-flex wp-block-gallery-is-layout-flex\">\n<figure class=\"wp-block-image size-large\"><img loading=\"lazy\" decoding=\"async\" width=\"1928\" height=\"2560\" data-id=\"5177\" src=\"https:\/\/modoviajeok.com.ar\/wp-content\/uploads\/2025\/09\/IMG_20240525_103528-scaled.jpg\" alt=\"\" class=\"wp-image-5177\" srcset=\"https:\/\/modoviajeok.com.ar\/wp-content\/uploads\/2025\/09\/IMG_20240525_103528-scaled.jpg 1928w, https:\/\/modoviajeok.com.ar\/wp-content\/uploads\/2025\/09\/IMG_20240525_103528-768x1020.jpg 768w, https:\/\/modoviajeok.com.ar\/wp-content\/uploads\/2025\/09\/IMG_20240525_103528-1157x1536.jpg 1157w, https:\/\/modoviajeok.com.ar\/wp-content\/uploads\/2025\/09\/IMG_20240525_103528-1542x2048.jpg 1542w, https:\/\/modoviajeok.com.ar\/wp-content\/uploads\/2025\/09\/IMG_20240525_103528-316x420.jpg 316w, https:\/\/modoviajeok.com.ar\/wp-content\/uploads\/2025\/09\/IMG_20240525_103528-150x199.jpg 150w, https:\/\/modoviajeok.com.ar\/wp-content\/uploads\/2025\/09\/IMG_20240525_103528-300x398.jpg 300w, https:\/\/modoviajeok.com.ar\/wp-content\/uploads\/2025\/09\/IMG_20240525_103528-696x924.jpg 696w, https:\/\/modoviajeok.com.ar\/wp-content\/uploads\/2025\/09\/IMG_20240525_103528-1068x1418.jpg 1068w, https:\/\/modoviajeok.com.ar\/wp-content\/uploads\/2025\/09\/IMG_20240525_103528-1920x2550.jpg 1920w\" sizes=\"auto, (max-width: 1928px) 100vw, 1928px\" \/><\/figure>\n\n\n\n<figure class=\"wp-block-image size-large\"><img loading=\"lazy\" decoding=\"async\" width=\"1152\" height=\"2560\" data-id=\"5179\" src=\"https:\/\/modoviajeok.com.ar\/wp-content\/uploads\/2025\/09\/20240525_135212-1-scaled.jpg\" alt=\"\" class=\"wp-image-5179\" srcset=\"https:\/\/modoviajeok.com.ar\/wp-content\/uploads\/2025\/09\/20240525_135212-1-scaled.jpg 1152w, https:\/\/modoviajeok.com.ar\/wp-content\/uploads\/2025\/09\/20240525_135212-1-768x1707.jpg 768w, https:\/\/modoviajeok.com.ar\/wp-content\/uploads\/2025\/09\/20240525_135212-1-691x1536.jpg 691w, https:\/\/modoviajeok.com.ar\/wp-content\/uploads\/2025\/09\/20240525_135212-1-922x2048.jpg 922w, https:\/\/modoviajeok.com.ar\/wp-content\/uploads\/2025\/09\/20240525_135212-1-189x420.jpg 189w, https:\/\/modoviajeok.com.ar\/wp-content\/uploads\/2025\/09\/20240525_135212-1-150x333.jpg 150w, https:\/\/modoviajeok.com.ar\/wp-content\/uploads\/2025\/09\/20240525_135212-1-300x667.jpg 300w, https:\/\/modoviajeok.com.ar\/wp-content\/uploads\/2025\/09\/20240525_135212-1-696x1547.jpg 696w, https:\/\/modoviajeok.com.ar\/wp-content\/uploads\/2025\/09\/20240525_135212-1-1068x2373.jpg 1068w\" sizes=\"auto, (max-width: 1152px) 100vw, 1152px\" \/><\/figure>\n\n\n\n<figure class=\"wp-block-image size-full\"><img loading=\"lazy\" decoding=\"async\" width=\"1589\" height=\"2560\" data-id=\"5187\" src=\"https:\/\/modoviajeok.com.ar\/wp-content\/uploads\/2025\/09\/IMG_20240525_120532-scaled.jpg\" alt=\"\" class=\"wp-image-5187\" srcset=\"https:\/\/modoviajeok.com.ar\/wp-content\/uploads\/2025\/09\/IMG_20240525_120532-scaled.jpg 1589w, https:\/\/modoviajeok.com.ar\/wp-content\/uploads\/2025\/09\/IMG_20240525_120532-768x1237.jpg 768w, https:\/\/modoviajeok.com.ar\/wp-content\/uploads\/2025\/09\/IMG_20240525_120532-954x1536.jpg 954w, https:\/\/modoviajeok.com.ar\/wp-content\/uploads\/2025\/09\/IMG_20240525_120532-1271x2048.jpg 1271w, https:\/\/modoviajeok.com.ar\/wp-content\/uploads\/2025\/09\/IMG_20240525_120532-261x420.jpg 261w, https:\/\/modoviajeok.com.ar\/wp-content\/uploads\/2025\/09\/IMG_20240525_120532-150x242.jpg 150w, https:\/\/modoviajeok.com.ar\/wp-content\/uploads\/2025\/09\/IMG_20240525_120532-300x483.jpg 300w, https:\/\/modoviajeok.com.ar\/wp-content\/uploads\/2025\/09\/IMG_20240525_120532-696x1121.jpg 696w, https:\/\/modoviajeok.com.ar\/wp-content\/uploads\/2025\/09\/IMG_20240525_120532-1068x1720.jpg 1068w\" sizes=\"auto, (max-width: 1589px) 100vw, 1589px\" \/><\/figure>\n\n\n\n<figure class=\"wp-block-image size-large\"><img loading=\"lazy\" decoding=\"async\" width=\"1928\" height=\"2560\" data-id=\"5180\" src=\"https:\/\/modoviajeok.com.ar\/wp-content\/uploads\/2025\/09\/IMG_20240525_112341-scaled.jpg\" alt=\"\" class=\"wp-image-5180\" srcset=\"https:\/\/modoviajeok.com.ar\/wp-content\/uploads\/2025\/09\/IMG_20240525_112341-scaled.jpg 1928w, https:\/\/modoviajeok.com.ar\/wp-content\/uploads\/2025\/09\/IMG_20240525_112341-768x1020.jpg 768w, https:\/\/modoviajeok.com.ar\/wp-content\/uploads\/2025\/09\/IMG_20240525_112341-1157x1536.jpg 1157w, https:\/\/modoviajeok.com.ar\/wp-content\/uploads\/2025\/09\/IMG_20240525_112341-1542x2048.jpg 1542w, https:\/\/modoviajeok.com.ar\/wp-content\/uploads\/2025\/09\/IMG_20240525_112341-316x420.jpg 316w, https:\/\/modoviajeok.com.ar\/wp-content\/uploads\/2025\/09\/IMG_20240525_112341-150x199.jpg 150w, https:\/\/modoviajeok.com.ar\/wp-content\/uploads\/2025\/09\/IMG_20240525_112341-300x398.jpg 300w, https:\/\/modoviajeok.com.ar\/wp-content\/uploads\/2025\/09\/IMG_20240525_112341-696x924.jpg 696w, https:\/\/modoviajeok.com.ar\/wp-content\/uploads\/2025\/09\/IMG_20240525_112341-1068x1418.jpg 1068w, https:\/\/modoviajeok.com.ar\/wp-content\/uploads\/2025\/09\/IMG_20240525_112341-1920x2550.jpg 1920w\" sizes=\"auto, (max-width: 1928px) 100vw, 1928px\" \/><\/figure>\n<\/figure>\n","protected":false},"excerpt":{"rendered":"<p>La isla de Santorini no necesita presentaci\u00f3n; siempre es hermosa. Recomendamos un circuito que merece la pena: una caminata de diez kil\u00f3metros por los paisajes m\u00e1s bellos que uno pueda imaginar. \u201cCuando lleguen a Santorini lo primero que tienen que hacer es la caminata hasta Oia. Es la mejor manera de dimensionar la belleza de [&hellip;]<\/p>\n","protected":false},"author":2,"featured_media":5181,"comment_status":"open","ping_status":"open","sticky":false,"template":"","format":"standard","meta":{"_acf_changed":false,"footnotes":""},"categories":[9,15],"tags":[475,478,759,477,476,457],"class_list":{"0":"post-5165","1":"post","2":"type-post","3":"status-publish","4":"format-standard","5":"has-post-thumbnail","7":"category-mundo","8":"category-recomendaciones","9":"tag-fira","10":"tag-grecia","11":"tag-isla","12":"tag-oia","13":"tag-santorini","14":"tag-trekking"},"acf":[],"yoast_head":"<!-- This site is optimized with the Yoast SEO plugin v24.8.1 - https:\/\/yoast.com\/wordpress\/plugins\/seo\/ -->\n<title>Trekking de Fira a Oia, un poema griego -<\/title>\n<meta name=\"description\" content=\"La isla de Santorini no necesita presentaci\u00f3n; siempre es hermosa. Recomendamos un circuito que merece la pena: una caminata de diez kil\u00f3metros por los paisajes m\u00e1s bellos que uno pueda imaginar.\" \/>\n<meta name=\"robots\" content=\"index, follow, max-snippet:-1, max-image-preview:large, max-video-preview:-1\" \/>\n<link rel=\"canonical\" href=\"https:\/\/modoviajeok.com.ar\/index.php\/2025\/08\/28\/trekking-de-fira-a-oia-un-poema-griego\/\" \/>\n<meta property=\"og:locale\" content=\"es_ES\" \/>\n<meta property=\"og:type\" content=\"article\" \/>\n<meta property=\"og:title\" content=\"Trekking de Fira a Oia, un poema griego -\" \/>\n<meta property=\"og:description\" content=\"La isla de Santorini no necesita presentaci\u00f3n; siempre es hermosa. Recomendamos un circuito que merece la pena: una caminata de diez kil\u00f3metros por los paisajes m\u00e1s bellos que uno pueda imaginar.\" \/>\n<meta property=\"og:url\" content=\"https:\/\/modoviajeok.com.ar\/index.php\/2025\/08\/28\/trekking-de-fira-a-oia-un-poema-griego\/\" \/>\n<meta property=\"article:publisher\" content=\"https:\/\/www.facebook.com\/mariana.otero1\/\" \/>\n<meta property=\"article:published_time\" content=\"2025-08-28T12:00:00+00:00\" \/>\n<meta property=\"og:image\" content=\"https:\/\/modoviajeok.com.ar\/wp-content\/uploads\/2025\/09\/IMG_20240525_105108-1-scaled.jpg\" \/>\n\t<meta property=\"og:image:width\" content=\"2560\" \/>\n\t<meta property=\"og:image:height\" content=\"1928\" \/>\n\t<meta property=\"og:image:type\" content=\"image\/jpeg\" \/>\n<meta name=\"author\" content=\"Mariana Otero\" \/>\n<meta name=\"twitter:card\" content=\"summary_large_image\" \/>\n<meta name=\"twitter:label1\" content=\"Escrito por\" \/>\n\t<meta name=\"twitter:data1\" content=\"Mariana Otero\" \/>\n\t<meta name=\"twitter:label2\" content=\"Tiempo de lectura\" \/>\n\t<meta name=\"twitter:data2\" content=\"4 minutos\" \/>\n<script type=\"application\/ld+json\" class=\"yoast-schema-graph\">{\"@context\":\"https:\/\/schema.org\",\"@graph\":[{\"@type\":\"Article\",\"@id\":\"https:\/\/modoviajeok.com.ar\/index.php\/2025\/08\/28\/trekking-de-fira-a-oia-un-poema-griego\/#article\",\"isPartOf\":{\"@id\":\"https:\/\/modoviajeok.com.ar\/index.php\/2025\/08\/28\/trekking-de-fira-a-oia-un-poema-griego\/\"},\"author\":{\"name\":\"Mariana Otero\",\"@id\":\"https:\/\/modoviajeok.com.ar\/#\/schema\/person\/1187013488537969db5b1320484d24f4\"},\"headline\":\"Trekking de Fira a Oia, un poema griego\",\"datePublished\":\"2025-08-28T12:00:00+00:00\",\"mainEntityOfPage\":{\"@id\":\"https:\/\/modoviajeok.com.ar\/index.php\/2025\/08\/28\/trekking-de-fira-a-oia-un-poema-griego\/\"},\"wordCount\":503,\"commentCount\":0,\"publisher\":{\"@id\":\"https:\/\/modoviajeok.com.ar\/#organization\"},\"image\":{\"@id\":\"https:\/\/modoviajeok.com.ar\/index.php\/2025\/08\/28\/trekking-de-fira-a-oia-un-poema-griego\/#primaryimage\"},\"thumbnailUrl\":\"https:\/\/modoviajeok.com.ar\/wp-content\/uploads\/2025\/09\/IMG_20240525_105108-1-scaled.jpg\",\"keywords\":[\"fira\",\"grecia\",\"isla\",\"oia\",\"santorini\",\"trekking\"],\"articleSection\":[\"Mundo\",\"Recomendaciones\"],\"inLanguage\":\"es\",\"potentialAction\":[{\"@type\":\"CommentAction\",\"name\":\"Comment\",\"target\":[\"https:\/\/modoviajeok.com.ar\/index.php\/2025\/08\/28\/trekking-de-fira-a-oia-un-poema-griego\/#respond\"]}]},{\"@type\":\"WebPage\",\"@id\":\"https:\/\/modoviajeok.com.ar\/index.php\/2025\/08\/28\/trekking-de-fira-a-oia-un-poema-griego\/\",\"url\":\"https:\/\/modoviajeok.com.ar\/index.php\/2025\/08\/28\/trekking-de-fira-a-oia-un-poema-griego\/\",\"name\":\"Trekking de Fira a Oia, un poema griego -\",\"isPartOf\":{\"@id\":\"https:\/\/modoviajeok.com.ar\/#website\"},\"primaryImageOfPage\":{\"@id\":\"https:\/\/modoviajeok.com.ar\/index.php\/2025\/08\/28\/trekking-de-fira-a-oia-un-poema-griego\/#primaryimage\"},\"image\":{\"@id\":\"https:\/\/modoviajeok.com.ar\/index.php\/2025\/08\/28\/trekking-de-fira-a-oia-un-poema-griego\/#primaryimage\"},\"thumbnailUrl\":\"https:\/\/modoviajeok.com.ar\/wp-content\/uploads\/2025\/09\/IMG_20240525_105108-1-scaled.jpg\",\"datePublished\":\"2025-08-28T12:00:00+00:00\",\"description\":\"La isla de Santorini no necesita presentaci\u00f3n; siempre es hermosa. Recomendamos un circuito que merece la pena: una caminata de diez kil\u00f3metros por los paisajes m\u00e1s bellos que uno pueda imaginar.\",\"breadcrumb\":{\"@id\":\"https:\/\/modoviajeok.com.ar\/index.php\/2025\/08\/28\/trekking-de-fira-a-oia-un-poema-griego\/#breadcrumb\"},\"inLanguage\":\"es\",\"potentialAction\":[{\"@type\":\"ReadAction\",\"target\":[\"https:\/\/modoviajeok.com.ar\/index.php\/2025\/08\/28\/trekking-de-fira-a-oia-un-poema-griego\/\"]}]},{\"@type\":\"ImageObject\",\"inLanguage\":\"es\",\"@id\":\"https:\/\/modoviajeok.com.ar\/index.php\/2025\/08\/28\/trekking-de-fira-a-oia-un-poema-griego\/#primaryimage\",\"url\":\"https:\/\/modoviajeok.com.ar\/wp-content\/uploads\/2025\/09\/IMG_20240525_105108-1-scaled.jpg\",\"contentUrl\":\"https:\/\/modoviajeok.com.ar\/wp-content\/uploads\/2025\/09\/IMG_20240525_105108-1-scaled.jpg\",\"width\":2560,\"height\":1928},{\"@type\":\"BreadcrumbList\",\"@id\":\"https:\/\/modoviajeok.com.ar\/index.php\/2025\/08\/28\/trekking-de-fira-a-oia-un-poema-griego\/#breadcrumb\",\"itemListElement\":[{\"@type\":\"ListItem\",\"position\":1,\"name\":\"Portada\",\"item\":\"https:\/\/modoviajeok.com.ar\/\"},{\"@type\":\"ListItem\",\"position\":2,\"name\":\"Trekking de Fira a Oia, un poema griego\"}]},{\"@type\":\"WebSite\",\"@id\":\"https:\/\/modoviajeok.com.ar\/#website\",\"url\":\"https:\/\/modoviajeok.com.ar\/\",\"name\":\"ModoViajeOK\",\"description\":\"\",\"publisher\":{\"@id\":\"https:\/\/modoviajeok.com.ar\/#organization\"},\"potentialAction\":[{\"@type\":\"SearchAction\",\"target\":{\"@type\":\"EntryPoint\",\"urlTemplate\":\"https:\/\/modoviajeok.com.ar\/?s={search_term_string}\"},\"query-input\":{\"@type\":\"PropertyValueSpecification\",\"valueRequired\":true,\"valueName\":\"search_term_string\"}}],\"inLanguage\":\"es\"},{\"@type\":\"Organization\",\"@id\":\"https:\/\/modoviajeok.com.ar\/#organization\",\"name\":\"ModoViajeOK\",\"url\":\"https:\/\/modoviajeok.com.ar\/\",\"logo\":{\"@type\":\"ImageObject\",\"inLanguage\":\"es\",\"@id\":\"https:\/\/modoviajeok.com.ar\/#\/schema\/logo\/image\/\",\"url\":\"https:\/\/modoviajeok.com.ar\/wp-content\/uploads\/2025\/01\/Logo-modoviajeok.png\",\"contentUrl\":\"https:\/\/modoviajeok.com.ar\/wp-content\/uploads\/2025\/01\/Logo-modoviajeok.png\",\"width\":2938,\"height\":2276,\"caption\":\"ModoViajeOK\"},\"image\":{\"@id\":\"https:\/\/modoviajeok.com.ar\/#\/schema\/logo\/image\/\"},\"sameAs\":[\"https:\/\/www.facebook.com\/mariana.otero1\/\",\"https:\/\/www.instagram.com\/modoviaje.ok\/\"]},{\"@type\":\"Person\",\"@id\":\"https:\/\/modoviajeok.com.ar\/#\/schema\/person\/1187013488537969db5b1320484d24f4\",\"name\":\"Mariana Otero\",\"image\":{\"@type\":\"ImageObject\",\"inLanguage\":\"es\",\"@id\":\"https:\/\/modoviajeok.com.ar\/#\/schema\/person\/image\/\",\"url\":\"https:\/\/secure.gravatar.com\/avatar\/8a91a502a9336849a3500b9090c431bc1418f1d1263d893afeddba065f5add82?s=96&d=mm&r=g\",\"contentUrl\":\"https:\/\/secure.gravatar.com\/avatar\/8a91a502a9336849a3500b9090c431bc1418f1d1263d893afeddba065f5add82?s=96&d=mm&r=g\",\"caption\":\"Mariana Otero\"},\"url\":\"https:\/\/modoviajeok.com.ar\/index.php\/author\/mariana2025\/\"}]}<\/script>\n<!-- \/ Yoast SEO plugin. -->","yoast_head_json":{"title":"Trekking de Fira a Oia, un poema griego -","description":"La isla de Santorini no necesita presentaci\u00f3n; siempre es hermosa. Recomendamos un circuito que merece la pena: una caminata de diez kil\u00f3metros por los paisajes m\u00e1s bellos que uno pueda imaginar.","robots":{"index":"index","follow":"follow","max-snippet":"max-snippet:-1","max-image-preview":"max-image-preview:large","max-video-preview":"max-video-preview:-1"},"canonical":"https:\/\/modoviajeok.com.ar\/index.php\/2025\/08\/28\/trekking-de-fira-a-oia-un-poema-griego\/","og_locale":"es_ES","og_type":"article","og_title":"Trekking de Fira a Oia, un poema griego -","og_description":"La isla de Santorini no necesita presentaci\u00f3n; siempre es hermosa. Recomendamos un circuito que merece la pena: una caminata de diez kil\u00f3metros por los paisajes m\u00e1s bellos que uno pueda imaginar.","og_url":"https:\/\/modoviajeok.com.ar\/index.php\/2025\/08\/28\/trekking-de-fira-a-oia-un-poema-griego\/","article_publisher":"https:\/\/www.facebook.com\/mariana.otero1\/","article_published_time":"2025-08-28T12:00:00+00:00","og_image":[{"width":2560,"height":1928,"url":"https:\/\/modoviajeok.com.ar\/wp-content\/uploads\/2025\/09\/IMG_20240525_105108-1-scaled.jpg","type":"image\/jpeg"}],"author":"Mariana Otero","twitter_card":"summary_large_image","twitter_misc":{"Escrito por":"Mariana Otero","Tiempo de lectura":"4 minutos"},"schema":{"@context":"https:\/\/schema.org","@graph":[{"@type":"Article","@id":"https:\/\/modoviajeok.com.ar\/index.php\/2025\/08\/28\/trekking-de-fira-a-oia-un-poema-griego\/#article","isPartOf":{"@id":"https:\/\/modoviajeok.com.ar\/index.php\/2025\/08\/28\/trekking-de-fira-a-oia-un-poema-griego\/"},"author":{"name":"Mariana Otero","@id":"https:\/\/modoviajeok.com.ar\/#\/schema\/person\/1187013488537969db5b1320484d24f4"},"headline":"Trekking de Fira a Oia, un poema griego","datePublished":"2025-08-28T12:00:00+00:00","mainEntityOfPage":{"@id":"https:\/\/modoviajeok.com.ar\/index.php\/2025\/08\/28\/trekking-de-fira-a-oia-un-poema-griego\/"},"wordCount":503,"commentCount":0,"publisher":{"@id":"https:\/\/modoviajeok.com.ar\/#organization"},"image":{"@id":"https:\/\/modoviajeok.com.ar\/index.php\/2025\/08\/28\/trekking-de-fira-a-oia-un-poema-griego\/#primaryimage"},"thumbnailUrl":"https:\/\/modoviajeok.com.ar\/wp-content\/uploads\/2025\/09\/IMG_20240525_105108-1-scaled.jpg","keywords":["fira","grecia","isla","oia","santorini","trekking"],"articleSection":["Mundo","Recomendaciones"],"inLanguage":"es","potentialAction":[{"@type":"CommentAction","name":"Comment","target":["https:\/\/modoviajeok.com.ar\/index.php\/2025\/08\/28\/trekking-de-fira-a-oia-un-poema-griego\/#respond"]}]},{"@type":"WebPage","@id":"https:\/\/modoviajeok.com.ar\/index.php\/2025\/08\/28\/trekking-de-fira-a-oia-un-poema-griego\/","url":"https:\/\/modoviajeok.com.ar\/index.php\/2025\/08\/28\/trekking-de-fira-a-oia-un-poema-griego\/","name":"Trekking de Fira a Oia, un poema griego -","isPartOf":{"@id":"https:\/\/modoviajeok.com.ar\/#website"},"primaryImageOfPage":{"@id":"https:\/\/modoviajeok.com.ar\/index.php\/2025\/08\/28\/trekking-de-fira-a-oia-un-poema-griego\/#primaryimage"},"image":{"@id":"https:\/\/modoviajeok.com.ar\/index.php\/2025\/08\/28\/trekking-de-fira-a-oia-un-poema-griego\/#primaryimage"},"thumbnailUrl":"https:\/\/modoviajeok.com.ar\/wp-content\/uploads\/2025\/09\/IMG_20240525_105108-1-scaled.jpg","datePublished":"2025-08-28T12:00:00+00:00","description":"La isla de Santorini no necesita presentaci\u00f3n; siempre es hermosa. Recomendamos un circuito que merece la pena: una caminata de diez kil\u00f3metros por los paisajes m\u00e1s bellos que uno pueda imaginar.","breadcrumb":{"@id":"https:\/\/modoviajeok.com.ar\/index.php\/2025\/08\/28\/trekking-de-fira-a-oia-un-poema-griego\/#breadcrumb"},"inLanguage":"es","potentialAction":[{"@type":"ReadAction","target":["https:\/\/modoviajeok.com.ar\/index.php\/2025\/08\/28\/trekking-de-fira-a-oia-un-poema-griego\/"]}]},{"@type":"ImageObject","inLanguage":"es","@id":"https:\/\/modoviajeok.com.ar\/index.php\/2025\/08\/28\/trekking-de-fira-a-oia-un-poema-griego\/#primaryimage","url":"https:\/\/modoviajeok.com.ar\/wp-content\/uploads\/2025\/09\/IMG_20240525_105108-1-scaled.jpg","contentUrl":"https:\/\/modoviajeok.com.ar\/wp-content\/uploads\/2025\/09\/IMG_20240525_105108-1-scaled.jpg","width":2560,"height":1928},{"@type":"BreadcrumbList","@id":"https:\/\/modoviajeok.com.ar\/index.php\/2025\/08\/28\/trekking-de-fira-a-oia-un-poema-griego\/#breadcrumb","itemListElement":[{"@type":"ListItem","position":1,"name":"Portada","item":"https:\/\/modoviajeok.com.ar\/"},{"@type":"ListItem","position":2,"name":"Trekking de Fira a Oia, un poema griego"}]},{"@type":"WebSite","@id":"https:\/\/modoviajeok.com.ar\/#website","url":"https:\/\/modoviajeok.com.ar\/","name":"ModoViajeOK","description":"","publisher":{"@id":"https:\/\/modoviajeok.com.ar\/#organization"},"potentialAction":[{"@type":"SearchAction","target":{"@type":"EntryPoint","urlTemplate":"https:\/\/modoviajeok.com.ar\/?s={search_term_string}"},"query-input":{"@type":"PropertyValueSpecification","valueRequired":true,"valueName":"search_term_string"}}],"inLanguage":"es"},{"@type":"Organization","@id":"https:\/\/modoviajeok.com.ar\/#organization","name":"ModoViajeOK","url":"https:\/\/modoviajeok.com.ar\/","logo":{"@type":"ImageObject","inLanguage":"es","@id":"https:\/\/modoviajeok.com.ar\/#\/schema\/logo\/image\/","url":"https:\/\/modoviajeok.com.ar\/wp-content\/uploads\/2025\/01\/Logo-modoviajeok.png","contentUrl":"https:\/\/modoviajeok.com.ar\/wp-content\/uploads\/2025\/01\/Logo-modoviajeok.png","width":2938,"height":2276,"caption":"ModoViajeOK"},"image":{"@id":"https:\/\/modoviajeok.com.ar\/#\/schema\/logo\/image\/"},"sameAs":["https:\/\/www.facebook.com\/mariana.otero1\/","https:\/\/www.instagram.com\/modoviaje.ok\/"]},{"@type":"Person","@id":"https:\/\/modoviajeok.com.ar\/#\/schema\/person\/1187013488537969db5b1320484d24f4","name":"Mariana Otero","image":{"@type":"ImageObject","inLanguage":"es","@id":"https:\/\/modoviajeok.com.ar\/#\/schema\/person\/image\/","url":"https:\/\/secure.gravatar.com\/avatar\/8a91a502a9336849a3500b9090c431bc1418f1d1263d893afeddba065f5add82?s=96&d=mm&r=g","contentUrl":"https:\/\/secure.gravatar.com\/avatar\/8a91a502a9336849a3500b9090c431bc1418f1d1263d893afeddba065f5add82?s=96&d=mm&r=g","caption":"Mariana Otero"},"url":"https:\/\/modoviajeok.com.ar\/index.php\/author\/mariana2025\/"}]}},"_links":{"self":[{"href":"https:\/\/modoviajeok.com.ar\/index.php\/wp-json\/wp\/v2\/posts\/5165","targetHints":{"allow":["GET"]}}],"collection":[{"href":"https:\/\/modoviajeok.com.ar\/index.php\/wp-json\/wp\/v2\/posts"}],"about":[{"href":"https:\/\/modoviajeok.com.ar\/index.php\/wp-json\/wp\/v2\/types\/post"}],"author":[{"embeddable":true,"href":"https:\/\/modoviajeok.com.ar\/index.php\/wp-json\/wp\/v2\/users\/2"}],"replies":[{"embeddable":true,"href":"https:\/\/modoviajeok.com.ar\/index.php\/wp-json\/wp\/v2\/comments?post=5165"}],"version-history":[{"count":2,"href":"https:\/\/modoviajeok.com.ar\/index.php\/wp-json\/wp\/v2\/posts\/5165\/revisions"}],"predecessor-version":[{"id":5188,"href":"https:\/\/modoviajeok.com.ar\/index.php\/wp-json\/wp\/v2\/posts\/5165\/revisions\/5188"}],"wp:featuredmedia":[{"embeddable":true,"href":"https:\/\/modoviajeok.com.ar\/index.php\/wp-json\/wp\/v2\/media\/5181"}],"wp:attachment":[{"href":"https:\/\/modoviajeok.com.ar\/index.php\/wp-json\/wp\/v2\/media?parent=5165"}],"wp:term":[{"taxonomy":"category","embeddable":true,"href":"https:\/\/modoviajeok.com.ar\/index.php\/wp-json\/wp\/v2\/categories?post=5165"},{"taxonomy":"post_tag","embeddable":true,"href":"https:\/\/modoviajeok.com.ar\/index.php\/wp-json\/wp\/v2\/tags?post=5165"}],"curies":[{"name":"wp","href":"https:\/\/api.w.org\/{rel}","templated":true}]}}