{"id":5252,"date":"2025-09-25T12:12:49","date_gmt":"2025-09-25T15:12:49","guid":{"rendered":"https:\/\/modoviajeok.com.ar\/?p=5252"},"modified":"2025-09-25T13:34:47","modified_gmt":"2025-09-25T16:34:47","slug":"el-palau-de-la-musica-catalana-una-de-las-joyas-modernistas-de-barcelona","status":"publish","type":"post","link":"https:\/\/modoviajeok.com.ar\/index.php\/2025\/09\/25\/el-palau-de-la-musica-catalana-una-de-las-joyas-modernistas-de-barcelona\/","title":{"rendered":"El Palau de la M\u00fasica Catalana, una de las joyas modernistas de Barcelona"},"content":{"rendered":"\n<figure class=\"wp-block-pullquote\"><blockquote><p>Es la \u00fanica sala de conciertos declarada Patrimonio Mundial de la Humanidad.<\/p><\/blockquote><\/figure>\n\n\n\n<figure class=\"wp-block-pullquote\"><blockquote><p><\/p><cite>.<\/cite><\/blockquote><\/figure>\n\n\n\n<figure class=\"wp-block-image size-full\"><img loading=\"lazy\" decoding=\"async\" width=\"1928\" height=\"2560\" src=\"https:\/\/modoviajeok.com.ar\/wp-content\/uploads\/2025\/09\/IMG_20250821_160559-scaled.jpg\" alt=\"\" class=\"wp-image-5272\" srcset=\"https:\/\/modoviajeok.com.ar\/wp-content\/uploads\/2025\/09\/IMG_20250821_160559-scaled.jpg 1928w, https:\/\/modoviajeok.com.ar\/wp-content\/uploads\/2025\/09\/IMG_20250821_160559-768x1020.jpg 768w, https:\/\/modoviajeok.com.ar\/wp-content\/uploads\/2025\/09\/IMG_20250821_160559-1157x1536.jpg 1157w, https:\/\/modoviajeok.com.ar\/wp-content\/uploads\/2025\/09\/IMG_20250821_160559-1542x2048.jpg 1542w, https:\/\/modoviajeok.com.ar\/wp-content\/uploads\/2025\/09\/IMG_20250821_160559-316x420.jpg 316w, https:\/\/modoviajeok.com.ar\/wp-content\/uploads\/2025\/09\/IMG_20250821_160559-150x199.jpg 150w, https:\/\/modoviajeok.com.ar\/wp-content\/uploads\/2025\/09\/IMG_20250821_160559-300x398.jpg 300w, https:\/\/modoviajeok.com.ar\/wp-content\/uploads\/2025\/09\/IMG_20250821_160559-696x924.jpg 696w, https:\/\/modoviajeok.com.ar\/wp-content\/uploads\/2025\/09\/IMG_20250821_160559-1068x1418.jpg 1068w, https:\/\/modoviajeok.com.ar\/wp-content\/uploads\/2025\/09\/IMG_20250821_160559-1920x2550.jpg 1920w\" sizes=\"auto, (max-width: 1928px) 100vw, 1928px\" \/><\/figure>\n\n\n\n<p>La ruta de la arquitectura modernista en <a href=\"https:\/\/vagamundosviajeros.com\/tag\/barcelona\/\">Barcelona<\/a> es tan maravillosa que obliga a organizarla en varias paradas. Por supuesto, siempre se comienza por los imperdibles de Gaud\u00ed: la Sagrada Familia, el Parque Guell, la Casa Batll\u00f3 y <a href=\"https:\/\/vagamundosviajeros.com\/catalunya-barcelona-pedrera-casa-mila-gaudi\">la Pedrera<\/a> en el Paseo de Gracia. Pero en esta bell\u00edsima ciudad catalana siempre hay m\u00e1s.&nbsp;<\/p>\n\n\n\n<figure class=\"wp-block-image size-full\"><img loading=\"lazy\" decoding=\"async\" width=\"2560\" height=\"1152\" src=\"https:\/\/modoviajeok.com.ar\/wp-content\/uploads\/2025\/09\/20250821_161922-scaled.jpg\" alt=\"\" class=\"wp-image-5269\" srcset=\"https:\/\/modoviajeok.com.ar\/wp-content\/uploads\/2025\/09\/20250821_161922-scaled.jpg 2560w, https:\/\/modoviajeok.com.ar\/wp-content\/uploads\/2025\/09\/20250821_161922-768x346.jpg 768w, https:\/\/modoviajeok.com.ar\/wp-content\/uploads\/2025\/09\/20250821_161922-1536x691.jpg 1536w, https:\/\/modoviajeok.com.ar\/wp-content\/uploads\/2025\/09\/20250821_161922-2048x922.jpg 2048w, https:\/\/modoviajeok.com.ar\/wp-content\/uploads\/2025\/09\/20250821_161922-933x420.jpg 933w, https:\/\/modoviajeok.com.ar\/wp-content\/uploads\/2025\/09\/20250821_161922-150x68.jpg 150w, https:\/\/modoviajeok.com.ar\/wp-content\/uploads\/2025\/09\/20250821_161922-300x135.jpg 300w, https:\/\/modoviajeok.com.ar\/wp-content\/uploads\/2025\/09\/20250821_161922-696x313.jpg 696w, https:\/\/modoviajeok.com.ar\/wp-content\/uploads\/2025\/09\/20250821_161922-1068x481.jpg 1068w, https:\/\/modoviajeok.com.ar\/wp-content\/uploads\/2025\/09\/20250821_161922-1920x864.jpg 1920w\" sizes=\"auto, (max-width: 2560px) 100vw, 2560px\" \/><\/figure>\n\n\n\n<p>En nuestra \u00faltima visita de agosto de 2025 descubrimos el Palau de la M\u00fasica Catalana del genial Llu\u00eds Dom\u00e8nech i Montaner, considerado el padre del modernismo catal\u00e1n y maestro de Gaud\u00ed.&nbsp;<\/p>\n\n\n\n<p>La verdad es que el Palacio nos ha sorprendido, y mucho, con su estructura con hierros, cristales y ornamentaci\u00f3n de mosaicos, vidrios y cer\u00e1micas. Y, por supuesto, por su luminosidad.<\/p>\n\n\n\n<figure class=\"wp-block-image size-full\"><img loading=\"lazy\" decoding=\"async\" width=\"1928\" height=\"2560\" src=\"https:\/\/modoviajeok.com.ar\/wp-content\/uploads\/2025\/09\/IMG_20250821_162911-scaled.jpg\" alt=\"\" class=\"wp-image-5263\" srcset=\"https:\/\/modoviajeok.com.ar\/wp-content\/uploads\/2025\/09\/IMG_20250821_162911-scaled.jpg 1928w, https:\/\/modoviajeok.com.ar\/wp-content\/uploads\/2025\/09\/IMG_20250821_162911-768x1020.jpg 768w, https:\/\/modoviajeok.com.ar\/wp-content\/uploads\/2025\/09\/IMG_20250821_162911-1157x1536.jpg 1157w, https:\/\/modoviajeok.com.ar\/wp-content\/uploads\/2025\/09\/IMG_20250821_162911-1542x2048.jpg 1542w, https:\/\/modoviajeok.com.ar\/wp-content\/uploads\/2025\/09\/IMG_20250821_162911-316x420.jpg 316w, https:\/\/modoviajeok.com.ar\/wp-content\/uploads\/2025\/09\/IMG_20250821_162911-150x199.jpg 150w, https:\/\/modoviajeok.com.ar\/wp-content\/uploads\/2025\/09\/IMG_20250821_162911-300x398.jpg 300w, https:\/\/modoviajeok.com.ar\/wp-content\/uploads\/2025\/09\/IMG_20250821_162911-696x924.jpg 696w, https:\/\/modoviajeok.com.ar\/wp-content\/uploads\/2025\/09\/IMG_20250821_162911-1068x1418.jpg 1068w, https:\/\/modoviajeok.com.ar\/wp-content\/uploads\/2025\/09\/IMG_20250821_162911-1920x2550.jpg 1920w\" sizes=\"auto, (max-width: 1928px) 100vw, 1928px\" \/><\/figure>\n\n\n\n<p>Fue construido entre 1905 y 1908 como sede del Orfe\u00f3 Catal\u00e0 en el precioso barrio de Sant Pere y, seg\u00fan nos cont\u00f3 una gu\u00eda apasionada, se construy\u00f3 gracias al aporte de los vecinos. Hay que decir que si por fuera llama la atenci\u00f3n, por dentro realmente te deja sin palabras. Vamos all\u00e1.<\/p>\n\n\n\n<figure class=\"wp-block-image size-full\"><img loading=\"lazy\" decoding=\"async\" width=\"1152\" height=\"2560\" src=\"https:\/\/modoviajeok.com.ar\/wp-content\/uploads\/2025\/09\/20250821_170709-scaled.jpg\" alt=\"\" class=\"wp-image-5255\" srcset=\"https:\/\/modoviajeok.com.ar\/wp-content\/uploads\/2025\/09\/20250821_170709-scaled.jpg 1152w, https:\/\/modoviajeok.com.ar\/wp-content\/uploads\/2025\/09\/20250821_170709-768x1707.jpg 768w, https:\/\/modoviajeok.com.ar\/wp-content\/uploads\/2025\/09\/20250821_170709-691x1536.jpg 691w, https:\/\/modoviajeok.com.ar\/wp-content\/uploads\/2025\/09\/20250821_170709-922x2048.jpg 922w, https:\/\/modoviajeok.com.ar\/wp-content\/uploads\/2025\/09\/20250821_170709-189x420.jpg 189w, https:\/\/modoviajeok.com.ar\/wp-content\/uploads\/2025\/09\/20250821_170709-150x333.jpg 150w, https:\/\/modoviajeok.com.ar\/wp-content\/uploads\/2025\/09\/20250821_170709-300x667.jpg 300w, https:\/\/modoviajeok.com.ar\/wp-content\/uploads\/2025\/09\/20250821_170709-696x1547.jpg 696w, https:\/\/modoviajeok.com.ar\/wp-content\/uploads\/2025\/09\/20250821_170709-1068x2373.jpg 1068w\" sizes=\"auto, (max-width: 1152px) 100vw, 1152px\" \/><\/figure>\n\n\n\n<p>La fachada de la entrada original en la esquina de las calles Sant Pere M\u00e9s Alt y Amadeu Vives est\u00e1 adornada con un gran conjunto escult\u00f3rico donde se representa a la m\u00fasica como una mujer ubicada debajo San Jorge y rodeada de campesinos, marineros, ancianos y ni\u00f1os. El balc\u00f3n de columnas cubiertas de coloridos mosaicos es espectacular. Una vez adentro es posible observarlos de cerca.<\/p>\n\n\n\n<p>Se ingresa por el vest\u00edbulo con techo de cer\u00e1mica de colores y una escalera decorada e iluminada con farolas. Antes de subir, no hay que olvidar mirar los techos con arcos de ladrillos y cer\u00e1mica vidriada del Foyer del Palau.<\/p>\n\n\n\n<figure class=\"wp-block-image size-full\"><img loading=\"lazy\" decoding=\"async\" width=\"2560\" height=\"1152\" src=\"https:\/\/modoviajeok.com.ar\/wp-content\/uploads\/2025\/09\/20250821_165710-scaled.jpg\" alt=\"\" class=\"wp-image-5256\" srcset=\"https:\/\/modoviajeok.com.ar\/wp-content\/uploads\/2025\/09\/20250821_165710-scaled.jpg 2560w, https:\/\/modoviajeok.com.ar\/wp-content\/uploads\/2025\/09\/20250821_165710-768x346.jpg 768w, https:\/\/modoviajeok.com.ar\/wp-content\/uploads\/2025\/09\/20250821_165710-1536x691.jpg 1536w, https:\/\/modoviajeok.com.ar\/wp-content\/uploads\/2025\/09\/20250821_165710-2048x922.jpg 2048w, https:\/\/modoviajeok.com.ar\/wp-content\/uploads\/2025\/09\/20250821_165710-933x420.jpg 933w, https:\/\/modoviajeok.com.ar\/wp-content\/uploads\/2025\/09\/20250821_165710-150x68.jpg 150w, https:\/\/modoviajeok.com.ar\/wp-content\/uploads\/2025\/09\/20250821_165710-300x135.jpg 300w, https:\/\/modoviajeok.com.ar\/wp-content\/uploads\/2025\/09\/20250821_165710-696x313.jpg 696w, https:\/\/modoviajeok.com.ar\/wp-content\/uploads\/2025\/09\/20250821_165710-1068x481.jpg 1068w, https:\/\/modoviajeok.com.ar\/wp-content\/uploads\/2025\/09\/20250821_165710-1920x864.jpg 1920w\" sizes=\"auto, (max-width: 2560px) 100vw, 2560px\" \/><\/figure>\n\n\n\n<p>En el primer piso hay dos salas: el Sal\u00f3n Lluis Millet, dedicado al fundador del Orfe\u00f3 Catal\u00e0 que se utiliza para eventos. Tiene una l\u00e1mpara incre\u00edble y las puertas de cristal pintadas con flores. Por all\u00ed se entra al balc\u00f3n de las 14 columnas con mosaicos (un dato: \u00a1todas son diferentes!).<\/p>\n\n\n\n<p>Al frente del sal\u00f3n est\u00e1 la Sala de Conciertos con una ac\u00fastica espectacular, orientada a la m\u00fasica coral. Tiene capacidad para 2.040 personas. Lo m\u00e1s llamativo es la luz natural que ingresa a trav\u00e9s de una claraboya central que simula ser el sol de la sala: dorado en el centro, m\u00e1s azulado hacia los costados. Tambi\u00e9n la sala recibe luz por las enormes vidrieras en ambos lados que van del suelo al techo, y las l\u00e1mparas laterales con forma de girasoles, inclinadas hacia el sol de la l\u00e1mpara central.<\/p>\n\n\n\n<figure class=\"wp-block-image size-full\"><img loading=\"lazy\" decoding=\"async\" width=\"1928\" height=\"2560\" src=\"https:\/\/modoviajeok.com.ar\/wp-content\/uploads\/2025\/09\/IMG_20250821_164604-scaled.jpg\" alt=\"\" class=\"wp-image-5258\" srcset=\"https:\/\/modoviajeok.com.ar\/wp-content\/uploads\/2025\/09\/IMG_20250821_164604-scaled.jpg 1928w, https:\/\/modoviajeok.com.ar\/wp-content\/uploads\/2025\/09\/IMG_20250821_164604-768x1020.jpg 768w, https:\/\/modoviajeok.com.ar\/wp-content\/uploads\/2025\/09\/IMG_20250821_164604-1157x1536.jpg 1157w, https:\/\/modoviajeok.com.ar\/wp-content\/uploads\/2025\/09\/IMG_20250821_164604-1542x2048.jpg 1542w, https:\/\/modoviajeok.com.ar\/wp-content\/uploads\/2025\/09\/IMG_20250821_164604-316x420.jpg 316w, https:\/\/modoviajeok.com.ar\/wp-content\/uploads\/2025\/09\/IMG_20250821_164604-150x199.jpg 150w, https:\/\/modoviajeok.com.ar\/wp-content\/uploads\/2025\/09\/IMG_20250821_164604-300x398.jpg 300w, https:\/\/modoviajeok.com.ar\/wp-content\/uploads\/2025\/09\/IMG_20250821_164604-696x924.jpg 696w, https:\/\/modoviajeok.com.ar\/wp-content\/uploads\/2025\/09\/IMG_20250821_164604-1068x1418.jpg 1068w, https:\/\/modoviajeok.com.ar\/wp-content\/uploads\/2025\/09\/IMG_20250821_164604-1920x2550.jpg 1920w\" sizes=\"auto, (max-width: 1928px) 100vw, 1928px\" \/><\/figure>\n\n\n\n<p>La estructura es met\u00e1lica recubierta de vidrio en la que se integran las esculturas y los mosaicos. Es la \u00fanica sala de conciertos declarada <a href=\"https:\/\/vagamundosviajeros.com\/tag\/patrimonio-de-la-unesco\/\">Patrimonio Mundial por la U<\/a>nesco.<\/p>\n\n\n\n<p>El dise\u00f1o fusiona la m\u00fasica local y la universal: hay esculturas inspiradas en los grandes compositores internacionales (Wagner, Bach, Beethoven) con otras de figuras espa\u00f1olas.<\/p>\n\n\n\n<p>Toda la sala est\u00e1 llena de figuras y s\u00edmbolos (recomendamos sentarse en la platea a observar minuciosamente porque cada pieza es una obra de arte). En el techo hay m\u00e1s de 2.000 rosas rojas y blancas en cer\u00e1mica vidriada. Pero tambi\u00e9n hay hojas de palmeras, frutas, colas de pavo real. Impresionante.<\/p>\n\n\n\n<figure class=\"wp-block-image size-full\"><img loading=\"lazy\" decoding=\"async\" width=\"1928\" height=\"2560\" src=\"https:\/\/modoviajeok.com.ar\/wp-content\/uploads\/2025\/09\/IMG_20250821_162011-scaled.jpg\" alt=\"\" class=\"wp-image-5267\" srcset=\"https:\/\/modoviajeok.com.ar\/wp-content\/uploads\/2025\/09\/IMG_20250821_162011-scaled.jpg 1928w, https:\/\/modoviajeok.com.ar\/wp-content\/uploads\/2025\/09\/IMG_20250821_162011-768x1020.jpg 768w, https:\/\/modoviajeok.com.ar\/wp-content\/uploads\/2025\/09\/IMG_20250821_162011-1157x1536.jpg 1157w, https:\/\/modoviajeok.com.ar\/wp-content\/uploads\/2025\/09\/IMG_20250821_162011-1542x2048.jpg 1542w, https:\/\/modoviajeok.com.ar\/wp-content\/uploads\/2025\/09\/IMG_20250821_162011-316x420.jpg 316w, https:\/\/modoviajeok.com.ar\/wp-content\/uploads\/2025\/09\/IMG_20250821_162011-150x199.jpg 150w, https:\/\/modoviajeok.com.ar\/wp-content\/uploads\/2025\/09\/IMG_20250821_162011-300x398.jpg 300w, https:\/\/modoviajeok.com.ar\/wp-content\/uploads\/2025\/09\/IMG_20250821_162011-696x924.jpg 696w, https:\/\/modoviajeok.com.ar\/wp-content\/uploads\/2025\/09\/IMG_20250821_162011-1068x1418.jpg 1068w, https:\/\/modoviajeok.com.ar\/wp-content\/uploads\/2025\/09\/IMG_20250821_162011-1920x2550.jpg 1920w\" sizes=\"auto, (max-width: 1928px) 100vw, 1928px\" \/><\/figure>\n\n\n\n<p>El escenario es magn\u00edfico. A un lado, la cabalgata de las Valquirias, en alusi\u00f3n a la \u00f3pera de Wagner, y un busto de Beethoven. En el otro, el de Anselmo Clav\u00e9 bajo un gran \u00e1rbol y un grupo de cantantes que simbolizan la m\u00fasica catalana.&nbsp;<\/p>\n\n\n\n<p>Tambi\u00e9n hay 18 musas que sobresalen, de cintura para arriba, en la pared que rodea el escenario. Cada una toca un instrumento, todos de distintas partes del mundo. Sobre ellas se encuentra uno de los pocos \u00f3rganos en funcionamiento fuera de una iglesia. Tiene 3700 tubos y es de estilo rom\u00e1nico. \u00a1Lo escuchamos sonar!<\/p>\n\n\n\n<p>Entradas: Visita guiada o autoguiada 22 euros. Visita libre: 18 euros.<\/p>\n\n\n\n<p><\/p>\n\n\n\n<figure class=\"wp-block-gallery has-nested-images columns-default is-cropped wp-block-gallery-1 is-layout-flex wp-block-gallery-is-layout-flex\">\n<figure class=\"wp-block-image size-large\"><img loading=\"lazy\" decoding=\"async\" width=\"1928\" height=\"2560\" data-id=\"5262\" src=\"https:\/\/modoviajeok.com.ar\/wp-content\/uploads\/2025\/09\/IMG_20250821_163617-scaled.jpg\" alt=\"\" class=\"wp-image-5262\" srcset=\"https:\/\/modoviajeok.com.ar\/wp-content\/uploads\/2025\/09\/IMG_20250821_163617-scaled.jpg 1928w, https:\/\/modoviajeok.com.ar\/wp-content\/uploads\/2025\/09\/IMG_20250821_163617-768x1020.jpg 768w, https:\/\/modoviajeok.com.ar\/wp-content\/uploads\/2025\/09\/IMG_20250821_163617-1157x1536.jpg 1157w, https:\/\/modoviajeok.com.ar\/wp-content\/uploads\/2025\/09\/IMG_20250821_163617-1542x2048.jpg 1542w, https:\/\/modoviajeok.com.ar\/wp-content\/uploads\/2025\/09\/IMG_20250821_163617-316x420.jpg 316w, https:\/\/modoviajeok.com.ar\/wp-content\/uploads\/2025\/09\/IMG_20250821_163617-150x199.jpg 150w, https:\/\/modoviajeok.com.ar\/wp-content\/uploads\/2025\/09\/IMG_20250821_163617-300x398.jpg 300w, https:\/\/modoviajeok.com.ar\/wp-content\/uploads\/2025\/09\/IMG_20250821_163617-696x924.jpg 696w, https:\/\/modoviajeok.com.ar\/wp-content\/uploads\/2025\/09\/IMG_20250821_163617-1068x1418.jpg 1068w, https:\/\/modoviajeok.com.ar\/wp-content\/uploads\/2025\/09\/IMG_20250821_163617-1920x2550.jpg 1920w\" sizes=\"auto, (max-width: 1928px) 100vw, 1928px\" \/><\/figure>\n\n\n\n<figure class=\"wp-block-image size-large\"><img loading=\"lazy\" decoding=\"async\" width=\"1928\" height=\"2560\" data-id=\"5260\" src=\"https:\/\/modoviajeok.com.ar\/wp-content\/uploads\/2025\/09\/IMG_20250821_163927-scaled.jpg\" alt=\"\" class=\"wp-image-5260\" srcset=\"https:\/\/modoviajeok.com.ar\/wp-content\/uploads\/2025\/09\/IMG_20250821_163927-scaled.jpg 1928w, https:\/\/modoviajeok.com.ar\/wp-content\/uploads\/2025\/09\/IMG_20250821_163927-768x1020.jpg 768w, https:\/\/modoviajeok.com.ar\/wp-content\/uploads\/2025\/09\/IMG_20250821_163927-1157x1536.jpg 1157w, https:\/\/modoviajeok.com.ar\/wp-content\/uploads\/2025\/09\/IMG_20250821_163927-1542x2048.jpg 1542w, https:\/\/modoviajeok.com.ar\/wp-content\/uploads\/2025\/09\/IMG_20250821_163927-316x420.jpg 316w, https:\/\/modoviajeok.com.ar\/wp-content\/uploads\/2025\/09\/IMG_20250821_163927-150x199.jpg 150w, https:\/\/modoviajeok.com.ar\/wp-content\/uploads\/2025\/09\/IMG_20250821_163927-300x398.jpg 300w, https:\/\/modoviajeok.com.ar\/wp-content\/uploads\/2025\/09\/IMG_20250821_163927-696x924.jpg 696w, https:\/\/modoviajeok.com.ar\/wp-content\/uploads\/2025\/09\/IMG_20250821_163927-1068x1418.jpg 1068w, https:\/\/modoviajeok.com.ar\/wp-content\/uploads\/2025\/09\/IMG_20250821_163927-1920x2550.jpg 1920w\" sizes=\"auto, (max-width: 1928px) 100vw, 1928px\" \/><\/figure>\n\n\n\n<figure class=\"wp-block-image size-large\"><img loading=\"lazy\" decoding=\"async\" width=\"1152\" height=\"2560\" data-id=\"5257\" src=\"https:\/\/modoviajeok.com.ar\/wp-content\/uploads\/2025\/09\/20250821_164810-scaled.jpg\" alt=\"\" class=\"wp-image-5257\" srcset=\"https:\/\/modoviajeok.com.ar\/wp-content\/uploads\/2025\/09\/20250821_164810-scaled.jpg 1152w, https:\/\/modoviajeok.com.ar\/wp-content\/uploads\/2025\/09\/20250821_164810-768x1707.jpg 768w, https:\/\/modoviajeok.com.ar\/wp-content\/uploads\/2025\/09\/20250821_164810-691x1536.jpg 691w, https:\/\/modoviajeok.com.ar\/wp-content\/uploads\/2025\/09\/20250821_164810-922x2048.jpg 922w, https:\/\/modoviajeok.com.ar\/wp-content\/uploads\/2025\/09\/20250821_164810-189x420.jpg 189w, https:\/\/modoviajeok.com.ar\/wp-content\/uploads\/2025\/09\/20250821_164810-150x333.jpg 150w, https:\/\/modoviajeok.com.ar\/wp-content\/uploads\/2025\/09\/20250821_164810-300x667.jpg 300w, https:\/\/modoviajeok.com.ar\/wp-content\/uploads\/2025\/09\/20250821_164810-696x1547.jpg 696w, https:\/\/modoviajeok.com.ar\/wp-content\/uploads\/2025\/09\/20250821_164810-1068x2373.jpg 1068w\" sizes=\"auto, (max-width: 1152px) 100vw, 1152px\" \/><\/figure>\n\n\n\n<figure class=\"wp-block-image size-large\"><img loading=\"lazy\" decoding=\"async\" width=\"1152\" height=\"2560\" data-id=\"5265\" src=\"https:\/\/modoviajeok.com.ar\/wp-content\/uploads\/2025\/09\/20250821_162504-scaled.jpg\" alt=\"\" class=\"wp-image-5265\" srcset=\"https:\/\/modoviajeok.com.ar\/wp-content\/uploads\/2025\/09\/20250821_162504-scaled.jpg 1152w, https:\/\/modoviajeok.com.ar\/wp-content\/uploads\/2025\/09\/20250821_162504-768x1707.jpg 768w, https:\/\/modoviajeok.com.ar\/wp-content\/uploads\/2025\/09\/20250821_162504-691x1536.jpg 691w, https:\/\/modoviajeok.com.ar\/wp-content\/uploads\/2025\/09\/20250821_162504-922x2048.jpg 922w, https:\/\/modoviajeok.com.ar\/wp-content\/uploads\/2025\/09\/20250821_162504-189x420.jpg 189w, https:\/\/modoviajeok.com.ar\/wp-content\/uploads\/2025\/09\/20250821_162504-150x333.jpg 150w, https:\/\/modoviajeok.com.ar\/wp-content\/uploads\/2025\/09\/20250821_162504-300x667.jpg 300w, https:\/\/modoviajeok.com.ar\/wp-content\/uploads\/2025\/09\/20250821_162504-696x1547.jpg 696w, https:\/\/modoviajeok.com.ar\/wp-content\/uploads\/2025\/09\/20250821_162504-1068x2373.jpg 1068w\" sizes=\"auto, (max-width: 1152px) 100vw, 1152px\" \/><\/figure>\n\n\n\n<figure class=\"wp-block-image size-large\"><img loading=\"lazy\" decoding=\"async\" width=\"1928\" height=\"2560\" data-id=\"5261\" src=\"https:\/\/modoviajeok.com.ar\/wp-content\/uploads\/2025\/09\/IMG_20250821_163644-scaled.jpg\" alt=\"\" class=\"wp-image-5261\" srcset=\"https:\/\/modoviajeok.com.ar\/wp-content\/uploads\/2025\/09\/IMG_20250821_163644-scaled.jpg 1928w, https:\/\/modoviajeok.com.ar\/wp-content\/uploads\/2025\/09\/IMG_20250821_163644-768x1020.jpg 768w, https:\/\/modoviajeok.com.ar\/wp-content\/uploads\/2025\/09\/IMG_20250821_163644-1157x1536.jpg 1157w, https:\/\/modoviajeok.com.ar\/wp-content\/uploads\/2025\/09\/IMG_20250821_163644-1542x2048.jpg 1542w, https:\/\/modoviajeok.com.ar\/wp-content\/uploads\/2025\/09\/IMG_20250821_163644-316x420.jpg 316w, https:\/\/modoviajeok.com.ar\/wp-content\/uploads\/2025\/09\/IMG_20250821_163644-150x199.jpg 150w, https:\/\/modoviajeok.com.ar\/wp-content\/uploads\/2025\/09\/IMG_20250821_163644-300x398.jpg 300w, https:\/\/modoviajeok.com.ar\/wp-content\/uploads\/2025\/09\/IMG_20250821_163644-696x924.jpg 696w, https:\/\/modoviajeok.com.ar\/wp-content\/uploads\/2025\/09\/IMG_20250821_163644-1068x1418.jpg 1068w, https:\/\/modoviajeok.com.ar\/wp-content\/uploads\/2025\/09\/IMG_20250821_163644-1920x2550.jpg 1920w\" sizes=\"auto, (max-width: 1928px) 100vw, 1928px\" \/><\/figure>\n<\/figure>\n\n\n\n<p><\/p>\n","protected":false},"excerpt":{"rendered":"<p>Es la \u00fanica sala de conciertos declarada Patrimonio Mundial de la Humanidad. . La ruta de la arquitectura modernista en Barcelona es tan maravillosa que obliga a organizarla en varias paradas. Por supuesto, siempre se comienza por los imperdibles de Gaud\u00ed: la Sagrada Familia, el Parque Guell, la Casa Batll\u00f3 y la Pedrera en el [&hellip;]<\/p>\n","protected":false},"author":2,"featured_media":5272,"comment_status":"open","ping_status":"open","sticky":false,"template":"","format":"standard","meta":{"_acf_changed":false,"footnotes":""},"categories":[1],"tags":[],"class_list":{"0":"post-5252","1":"post","2":"type-post","3":"status-publish","4":"format-standard","5":"has-post-thumbnail","7":"category-sin-categoria"},"acf":[],"yoast_head":"<!-- This site is optimized with the Yoast SEO plugin v24.8.1 - https:\/\/yoast.com\/wordpress\/plugins\/seo\/ -->\n<title>El Palau de la M\u00fasica Catalana, una de las joyas modernistas de Barcelona -<\/title>\n<meta name=\"robots\" content=\"index, follow, max-snippet:-1, max-image-preview:large, max-video-preview:-1\" \/>\n<link rel=\"canonical\" href=\"https:\/\/modoviajeok.com.ar\/index.php\/2025\/09\/25\/el-palau-de-la-musica-catalana-una-de-las-joyas-modernistas-de-barcelona\/\" \/>\n<meta property=\"og:locale\" content=\"es_ES\" \/>\n<meta property=\"og:type\" content=\"article\" \/>\n<meta property=\"og:title\" content=\"El Palau de la M\u00fasica Catalana, una de las joyas modernistas de Barcelona -\" \/>\n<meta property=\"og:description\" content=\"Es la \u00fanica sala de conciertos declarada Patrimonio Mundial de la Humanidad. . La ruta de la arquitectura modernista en Barcelona es tan maravillosa que obliga a organizarla en varias paradas. Por supuesto, siempre se comienza por los imperdibles de Gaud\u00ed: la Sagrada Familia, el Parque Guell, la Casa Batll\u00f3 y la Pedrera en el [&hellip;]\" \/>\n<meta property=\"og:url\" content=\"https:\/\/modoviajeok.com.ar\/index.php\/2025\/09\/25\/el-palau-de-la-musica-catalana-una-de-las-joyas-modernistas-de-barcelona\/\" \/>\n<meta property=\"article:publisher\" content=\"https:\/\/www.facebook.com\/mariana.otero1\/\" \/>\n<meta property=\"article:published_time\" content=\"2025-09-25T15:12:49+00:00\" \/>\n<meta property=\"article:modified_time\" content=\"2025-09-25T16:34:47+00:00\" \/>\n<meta property=\"og:image\" content=\"https:\/\/modoviajeok.com.ar\/wp-content\/uploads\/2025\/09\/IMG_20250821_160559-scaled.jpg\" \/>\n\t<meta property=\"og:image:width\" content=\"1928\" \/>\n\t<meta property=\"og:image:height\" content=\"2560\" \/>\n\t<meta property=\"og:image:type\" content=\"image\/jpeg\" \/>\n<meta name=\"author\" content=\"Mariana Otero\" \/>\n<meta name=\"twitter:card\" content=\"summary_large_image\" \/>\n<meta name=\"twitter:label1\" content=\"Escrito por\" \/>\n\t<meta name=\"twitter:data1\" content=\"Mariana Otero\" \/>\n\t<meta name=\"twitter:label2\" content=\"Tiempo de lectura\" \/>\n\t<meta name=\"twitter:data2\" content=\"6 minutos\" \/>\n<script type=\"application\/ld+json\" class=\"yoast-schema-graph\">{\"@context\":\"https:\/\/schema.org\",\"@graph\":[{\"@type\":\"Article\",\"@id\":\"https:\/\/modoviajeok.com.ar\/index.php\/2025\/09\/25\/el-palau-de-la-musica-catalana-una-de-las-joyas-modernistas-de-barcelona\/#article\",\"isPartOf\":{\"@id\":\"https:\/\/modoviajeok.com.ar\/index.php\/2025\/09\/25\/el-palau-de-la-musica-catalana-una-de-las-joyas-modernistas-de-barcelona\/\"},\"author\":{\"name\":\"Mariana Otero\",\"@id\":\"https:\/\/modoviajeok.com.ar\/#\/schema\/person\/1187013488537969db5b1320484d24f4\"},\"headline\":\"El Palau de la M\u00fasica Catalana, una de las joyas modernistas de Barcelona\",\"datePublished\":\"2025-09-25T15:12:49+00:00\",\"dateModified\":\"2025-09-25T16:34:47+00:00\",\"mainEntityOfPage\":{\"@id\":\"https:\/\/modoviajeok.com.ar\/index.php\/2025\/09\/25\/el-palau-de-la-musica-catalana-una-de-las-joyas-modernistas-de-barcelona\/\"},\"wordCount\":691,\"commentCount\":0,\"publisher\":{\"@id\":\"https:\/\/modoviajeok.com.ar\/#organization\"},\"image\":{\"@id\":\"https:\/\/modoviajeok.com.ar\/index.php\/2025\/09\/25\/el-palau-de-la-musica-catalana-una-de-las-joyas-modernistas-de-barcelona\/#primaryimage\"},\"thumbnailUrl\":\"https:\/\/modoviajeok.com.ar\/wp-content\/uploads\/2025\/09\/IMG_20250821_160559-scaled.jpg\",\"inLanguage\":\"es\",\"potentialAction\":[{\"@type\":\"CommentAction\",\"name\":\"Comment\",\"target\":[\"https:\/\/modoviajeok.com.ar\/index.php\/2025\/09\/25\/el-palau-de-la-musica-catalana-una-de-las-joyas-modernistas-de-barcelona\/#respond\"]}]},{\"@type\":\"WebPage\",\"@id\":\"https:\/\/modoviajeok.com.ar\/index.php\/2025\/09\/25\/el-palau-de-la-musica-catalana-una-de-las-joyas-modernistas-de-barcelona\/\",\"url\":\"https:\/\/modoviajeok.com.ar\/index.php\/2025\/09\/25\/el-palau-de-la-musica-catalana-una-de-las-joyas-modernistas-de-barcelona\/\",\"name\":\"El Palau de la M\u00fasica Catalana, una de las joyas modernistas de Barcelona -\",\"isPartOf\":{\"@id\":\"https:\/\/modoviajeok.com.ar\/#website\"},\"primaryImageOfPage\":{\"@id\":\"https:\/\/modoviajeok.com.ar\/index.php\/2025\/09\/25\/el-palau-de-la-musica-catalana-una-de-las-joyas-modernistas-de-barcelona\/#primaryimage\"},\"image\":{\"@id\":\"https:\/\/modoviajeok.com.ar\/index.php\/2025\/09\/25\/el-palau-de-la-musica-catalana-una-de-las-joyas-modernistas-de-barcelona\/#primaryimage\"},\"thumbnailUrl\":\"https:\/\/modoviajeok.com.ar\/wp-content\/uploads\/2025\/09\/IMG_20250821_160559-scaled.jpg\",\"datePublished\":\"2025-09-25T15:12:49+00:00\",\"dateModified\":\"2025-09-25T16:34:47+00:00\",\"breadcrumb\":{\"@id\":\"https:\/\/modoviajeok.com.ar\/index.php\/2025\/09\/25\/el-palau-de-la-musica-catalana-una-de-las-joyas-modernistas-de-barcelona\/#breadcrumb\"},\"inLanguage\":\"es\",\"potentialAction\":[{\"@type\":\"ReadAction\",\"target\":[\"https:\/\/modoviajeok.com.ar\/index.php\/2025\/09\/25\/el-palau-de-la-musica-catalana-una-de-las-joyas-modernistas-de-barcelona\/\"]}]},{\"@type\":\"ImageObject\",\"inLanguage\":\"es\",\"@id\":\"https:\/\/modoviajeok.com.ar\/index.php\/2025\/09\/25\/el-palau-de-la-musica-catalana-una-de-las-joyas-modernistas-de-barcelona\/#primaryimage\",\"url\":\"https:\/\/modoviajeok.com.ar\/wp-content\/uploads\/2025\/09\/IMG_20250821_160559-scaled.jpg\",\"contentUrl\":\"https:\/\/modoviajeok.com.ar\/wp-content\/uploads\/2025\/09\/IMG_20250821_160559-scaled.jpg\",\"width\":1928,\"height\":2560},{\"@type\":\"BreadcrumbList\",\"@id\":\"https:\/\/modoviajeok.com.ar\/index.php\/2025\/09\/25\/el-palau-de-la-musica-catalana-una-de-las-joyas-modernistas-de-barcelona\/#breadcrumb\",\"itemListElement\":[{\"@type\":\"ListItem\",\"position\":1,\"name\":\"Portada\",\"item\":\"https:\/\/modoviajeok.com.ar\/\"},{\"@type\":\"ListItem\",\"position\":2,\"name\":\"El Palau de la M\u00fasica Catalana, una de las joyas modernistas de Barcelona\"}]},{\"@type\":\"WebSite\",\"@id\":\"https:\/\/modoviajeok.com.ar\/#website\",\"url\":\"https:\/\/modoviajeok.com.ar\/\",\"name\":\"ModoViajeOK\",\"description\":\"\",\"publisher\":{\"@id\":\"https:\/\/modoviajeok.com.ar\/#organization\"},\"potentialAction\":[{\"@type\":\"SearchAction\",\"target\":{\"@type\":\"EntryPoint\",\"urlTemplate\":\"https:\/\/modoviajeok.com.ar\/?s={search_term_string}\"},\"query-input\":{\"@type\":\"PropertyValueSpecification\",\"valueRequired\":true,\"valueName\":\"search_term_string\"}}],\"inLanguage\":\"es\"},{\"@type\":\"Organization\",\"@id\":\"https:\/\/modoviajeok.com.ar\/#organization\",\"name\":\"ModoViajeOK\",\"url\":\"https:\/\/modoviajeok.com.ar\/\",\"logo\":{\"@type\":\"ImageObject\",\"inLanguage\":\"es\",\"@id\":\"https:\/\/modoviajeok.com.ar\/#\/schema\/logo\/image\/\",\"url\":\"https:\/\/modoviajeok.com.ar\/wp-content\/uploads\/2025\/01\/Logo-modoviajeok.png\",\"contentUrl\":\"https:\/\/modoviajeok.com.ar\/wp-content\/uploads\/2025\/01\/Logo-modoviajeok.png\",\"width\":2938,\"height\":2276,\"caption\":\"ModoViajeOK\"},\"image\":{\"@id\":\"https:\/\/modoviajeok.com.ar\/#\/schema\/logo\/image\/\"},\"sameAs\":[\"https:\/\/www.facebook.com\/mariana.otero1\/\",\"https:\/\/www.instagram.com\/modoviaje.ok\/\"]},{\"@type\":\"Person\",\"@id\":\"https:\/\/modoviajeok.com.ar\/#\/schema\/person\/1187013488537969db5b1320484d24f4\",\"name\":\"Mariana Otero\",\"image\":{\"@type\":\"ImageObject\",\"inLanguage\":\"es\",\"@id\":\"https:\/\/modoviajeok.com.ar\/#\/schema\/person\/image\/\",\"url\":\"https:\/\/secure.gravatar.com\/avatar\/8a91a502a9336849a3500b9090c431bc1418f1d1263d893afeddba065f5add82?s=96&d=mm&r=g\",\"contentUrl\":\"https:\/\/secure.gravatar.com\/avatar\/8a91a502a9336849a3500b9090c431bc1418f1d1263d893afeddba065f5add82?s=96&d=mm&r=g\",\"caption\":\"Mariana Otero\"},\"url\":\"https:\/\/modoviajeok.com.ar\/index.php\/author\/mariana2025\/\"}]}<\/script>\n<!-- \/ Yoast SEO plugin. -->","yoast_head_json":{"title":"El Palau de la M\u00fasica Catalana, una de las joyas modernistas de Barcelona -","robots":{"index":"index","follow":"follow","max-snippet":"max-snippet:-1","max-image-preview":"max-image-preview:large","max-video-preview":"max-video-preview:-1"},"canonical":"https:\/\/modoviajeok.com.ar\/index.php\/2025\/09\/25\/el-palau-de-la-musica-catalana-una-de-las-joyas-modernistas-de-barcelona\/","og_locale":"es_ES","og_type":"article","og_title":"El Palau de la M\u00fasica Catalana, una de las joyas modernistas de Barcelona -","og_description":"Es la \u00fanica sala de conciertos declarada Patrimonio Mundial de la Humanidad. . La ruta de la arquitectura modernista en Barcelona es tan maravillosa que obliga a organizarla en varias paradas. Por supuesto, siempre se comienza por los imperdibles de Gaud\u00ed: la Sagrada Familia, el Parque Guell, la Casa Batll\u00f3 y la Pedrera en el [&hellip;]","og_url":"https:\/\/modoviajeok.com.ar\/index.php\/2025\/09\/25\/el-palau-de-la-musica-catalana-una-de-las-joyas-modernistas-de-barcelona\/","article_publisher":"https:\/\/www.facebook.com\/mariana.otero1\/","article_published_time":"2025-09-25T15:12:49+00:00","article_modified_time":"2025-09-25T16:34:47+00:00","og_image":[{"width":1928,"height":2560,"url":"https:\/\/modoviajeok.com.ar\/wp-content\/uploads\/2025\/09\/IMG_20250821_160559-scaled.jpg","type":"image\/jpeg"}],"author":"Mariana Otero","twitter_card":"summary_large_image","twitter_misc":{"Escrito por":"Mariana Otero","Tiempo de lectura":"6 minutos"},"schema":{"@context":"https:\/\/schema.org","@graph":[{"@type":"Article","@id":"https:\/\/modoviajeok.com.ar\/index.php\/2025\/09\/25\/el-palau-de-la-musica-catalana-una-de-las-joyas-modernistas-de-barcelona\/#article","isPartOf":{"@id":"https:\/\/modoviajeok.com.ar\/index.php\/2025\/09\/25\/el-palau-de-la-musica-catalana-una-de-las-joyas-modernistas-de-barcelona\/"},"author":{"name":"Mariana Otero","@id":"https:\/\/modoviajeok.com.ar\/#\/schema\/person\/1187013488537969db5b1320484d24f4"},"headline":"El Palau de la M\u00fasica Catalana, una de las joyas modernistas de Barcelona","datePublished":"2025-09-25T15:12:49+00:00","dateModified":"2025-09-25T16:34:47+00:00","mainEntityOfPage":{"@id":"https:\/\/modoviajeok.com.ar\/index.php\/2025\/09\/25\/el-palau-de-la-musica-catalana-una-de-las-joyas-modernistas-de-barcelona\/"},"wordCount":691,"commentCount":0,"publisher":{"@id":"https:\/\/modoviajeok.com.ar\/#organization"},"image":{"@id":"https:\/\/modoviajeok.com.ar\/index.php\/2025\/09\/25\/el-palau-de-la-musica-catalana-una-de-las-joyas-modernistas-de-barcelona\/#primaryimage"},"thumbnailUrl":"https:\/\/modoviajeok.com.ar\/wp-content\/uploads\/2025\/09\/IMG_20250821_160559-scaled.jpg","inLanguage":"es","potentialAction":[{"@type":"CommentAction","name":"Comment","target":["https:\/\/modoviajeok.com.ar\/index.php\/2025\/09\/25\/el-palau-de-la-musica-catalana-una-de-las-joyas-modernistas-de-barcelona\/#respond"]}]},{"@type":"WebPage","@id":"https:\/\/modoviajeok.com.ar\/index.php\/2025\/09\/25\/el-palau-de-la-musica-catalana-una-de-las-joyas-modernistas-de-barcelona\/","url":"https:\/\/modoviajeok.com.ar\/index.php\/2025\/09\/25\/el-palau-de-la-musica-catalana-una-de-las-joyas-modernistas-de-barcelona\/","name":"El Palau de la M\u00fasica Catalana, una de las joyas modernistas de Barcelona -","isPartOf":{"@id":"https:\/\/modoviajeok.com.ar\/#website"},"primaryImageOfPage":{"@id":"https:\/\/modoviajeok.com.ar\/index.php\/2025\/09\/25\/el-palau-de-la-musica-catalana-una-de-las-joyas-modernistas-de-barcelona\/#primaryimage"},"image":{"@id":"https:\/\/modoviajeok.com.ar\/index.php\/2025\/09\/25\/el-palau-de-la-musica-catalana-una-de-las-joyas-modernistas-de-barcelona\/#primaryimage"},"thumbnailUrl":"https:\/\/modoviajeok.com.ar\/wp-content\/uploads\/2025\/09\/IMG_20250821_160559-scaled.jpg","datePublished":"2025-09-25T15:12:49+00:00","dateModified":"2025-09-25T16:34:47+00:00","breadcrumb":{"@id":"https:\/\/modoviajeok.com.ar\/index.php\/2025\/09\/25\/el-palau-de-la-musica-catalana-una-de-las-joyas-modernistas-de-barcelona\/#breadcrumb"},"inLanguage":"es","potentialAction":[{"@type":"ReadAction","target":["https:\/\/modoviajeok.com.ar\/index.php\/2025\/09\/25\/el-palau-de-la-musica-catalana-una-de-las-joyas-modernistas-de-barcelona\/"]}]},{"@type":"ImageObject","inLanguage":"es","@id":"https:\/\/modoviajeok.com.ar\/index.php\/2025\/09\/25\/el-palau-de-la-musica-catalana-una-de-las-joyas-modernistas-de-barcelona\/#primaryimage","url":"https:\/\/modoviajeok.com.ar\/wp-content\/uploads\/2025\/09\/IMG_20250821_160559-scaled.jpg","contentUrl":"https:\/\/modoviajeok.com.ar\/wp-content\/uploads\/2025\/09\/IMG_20250821_160559-scaled.jpg","width":1928,"height":2560},{"@type":"BreadcrumbList","@id":"https:\/\/modoviajeok.com.ar\/index.php\/2025\/09\/25\/el-palau-de-la-musica-catalana-una-de-las-joyas-modernistas-de-barcelona\/#breadcrumb","itemListElement":[{"@type":"ListItem","position":1,"name":"Portada","item":"https:\/\/modoviajeok.com.ar\/"},{"@type":"ListItem","position":2,"name":"El Palau de la M\u00fasica Catalana, una de las joyas modernistas de Barcelona"}]},{"@type":"WebSite","@id":"https:\/\/modoviajeok.com.ar\/#website","url":"https:\/\/modoviajeok.com.ar\/","name":"ModoViajeOK","description":"","publisher":{"@id":"https:\/\/modoviajeok.com.ar\/#organization"},"potentialAction":[{"@type":"SearchAction","target":{"@type":"EntryPoint","urlTemplate":"https:\/\/modoviajeok.com.ar\/?s={search_term_string}"},"query-input":{"@type":"PropertyValueSpecification","valueRequired":true,"valueName":"search_term_string"}}],"inLanguage":"es"},{"@type":"Organization","@id":"https:\/\/modoviajeok.com.ar\/#organization","name":"ModoViajeOK","url":"https:\/\/modoviajeok.com.ar\/","logo":{"@type":"ImageObject","inLanguage":"es","@id":"https:\/\/modoviajeok.com.ar\/#\/schema\/logo\/image\/","url":"https:\/\/modoviajeok.com.ar\/wp-content\/uploads\/2025\/01\/Logo-modoviajeok.png","contentUrl":"https:\/\/modoviajeok.com.ar\/wp-content\/uploads\/2025\/01\/Logo-modoviajeok.png","width":2938,"height":2276,"caption":"ModoViajeOK"},"image":{"@id":"https:\/\/modoviajeok.com.ar\/#\/schema\/logo\/image\/"},"sameAs":["https:\/\/www.facebook.com\/mariana.otero1\/","https:\/\/www.instagram.com\/modoviaje.ok\/"]},{"@type":"Person","@id":"https:\/\/modoviajeok.com.ar\/#\/schema\/person\/1187013488537969db5b1320484d24f4","name":"Mariana Otero","image":{"@type":"ImageObject","inLanguage":"es","@id":"https:\/\/modoviajeok.com.ar\/#\/schema\/person\/image\/","url":"https:\/\/secure.gravatar.com\/avatar\/8a91a502a9336849a3500b9090c431bc1418f1d1263d893afeddba065f5add82?s=96&d=mm&r=g","contentUrl":"https:\/\/secure.gravatar.com\/avatar\/8a91a502a9336849a3500b9090c431bc1418f1d1263d893afeddba065f5add82?s=96&d=mm&r=g","caption":"Mariana Otero"},"url":"https:\/\/modoviajeok.com.ar\/index.php\/author\/mariana2025\/"}]}},"_links":{"self":[{"href":"https:\/\/modoviajeok.com.ar\/index.php\/wp-json\/wp\/v2\/posts\/5252","targetHints":{"allow":["GET"]}}],"collection":[{"href":"https:\/\/modoviajeok.com.ar\/index.php\/wp-json\/wp\/v2\/posts"}],"about":[{"href":"https:\/\/modoviajeok.com.ar\/index.php\/wp-json\/wp\/v2\/types\/post"}],"author":[{"embeddable":true,"href":"https:\/\/modoviajeok.com.ar\/index.php\/wp-json\/wp\/v2\/users\/2"}],"replies":[{"embeddable":true,"href":"https:\/\/modoviajeok.com.ar\/index.php\/wp-json\/wp\/v2\/comments?post=5252"}],"version-history":[{"count":4,"href":"https:\/\/modoviajeok.com.ar\/index.php\/wp-json\/wp\/v2\/posts\/5252\/revisions"}],"predecessor-version":[{"id":5279,"href":"https:\/\/modoviajeok.com.ar\/index.php\/wp-json\/wp\/v2\/posts\/5252\/revisions\/5279"}],"wp:featuredmedia":[{"embeddable":true,"href":"https:\/\/modoviajeok.com.ar\/index.php\/wp-json\/wp\/v2\/media\/5272"}],"wp:attachment":[{"href":"https:\/\/modoviajeok.com.ar\/index.php\/wp-json\/wp\/v2\/media?parent=5252"}],"wp:term":[{"taxonomy":"category","embeddable":true,"href":"https:\/\/modoviajeok.com.ar\/index.php\/wp-json\/wp\/v2\/categories?post=5252"},{"taxonomy":"post_tag","embeddable":true,"href":"https:\/\/modoviajeok.com.ar\/index.php\/wp-json\/wp\/v2\/tags?post=5252"}],"curies":[{"name":"wp","href":"https:\/\/api.w.org\/{rel}","templated":true}]}}