{"id":5280,"date":"2025-09-23T20:12:14","date_gmt":"2025-09-23T23:12:14","guid":{"rendered":"https:\/\/modoviajeok.com.ar\/?p=5280"},"modified":"2025-09-23T20:12:15","modified_gmt":"2025-09-23T23:12:15","slug":"mas-de-70-operadores-turisticos-de-brasil-estan-reunidos-en-cordoba","status":"publish","type":"post","link":"https:\/\/modoviajeok.com.ar\/index.php\/2025\/09\/23\/mas-de-70-operadores-turisticos-de-brasil-estan-reunidos-en-cordoba\/","title":{"rendered":"M\u00e1s de 70 operadores tur\u00edsticos de Brasil est\u00e1n reunidos en C\u00f3rdoba"},"content":{"rendered":"\n<p><\/p>\n\n\n\n<figure class=\"wp-block-pullquote\"><blockquote><p>Hoy martes comenz\u00f3 la Convenci\u00f3n Anual de BRAZTOA (Asociaci\u00f3n Brasile\u00f1a de Operadores de Turismo) que por primera vez se realiza en nuestra provincia.<br><br><\/p><\/blockquote><\/figure>\n\n\n\n<figure class=\"wp-block-image size-full\"><img loading=\"lazy\" decoding=\"async\" width=\"1280\" height=\"855\" src=\"https:\/\/modoviajeok.com.ar\/wp-content\/uploads\/2025\/09\/WhatsApp-Image-2025-09-23-at-15.48.38.jpeg\" alt=\"\" class=\"wp-image-5283\" srcset=\"https:\/\/modoviajeok.com.ar\/wp-content\/uploads\/2025\/09\/WhatsApp-Image-2025-09-23-at-15.48.38.jpeg 1280w, https:\/\/modoviajeok.com.ar\/wp-content\/uploads\/2025\/09\/WhatsApp-Image-2025-09-23-at-15.48.38-768x513.jpeg 768w, https:\/\/modoviajeok.com.ar\/wp-content\/uploads\/2025\/09\/WhatsApp-Image-2025-09-23-at-15.48.38-629x420.jpeg 629w, https:\/\/modoviajeok.com.ar\/wp-content\/uploads\/2025\/09\/WhatsApp-Image-2025-09-23-at-15.48.38-150x100.jpeg 150w, https:\/\/modoviajeok.com.ar\/wp-content\/uploads\/2025\/09\/WhatsApp-Image-2025-09-23-at-15.48.38-300x200.jpeg 300w, https:\/\/modoviajeok.com.ar\/wp-content\/uploads\/2025\/09\/WhatsApp-Image-2025-09-23-at-15.48.38-696x465.jpeg 696w, https:\/\/modoviajeok.com.ar\/wp-content\/uploads\/2025\/09\/WhatsApp-Image-2025-09-23-at-15.48.38-1068x713.jpeg 1068w\" sizes=\"auto, (max-width: 1280px) 100vw, 1280px\" \/><\/figure>\n\n\n\n<p>La provincia de C\u00f3rdoba recibe desde hoy a la Convenci\u00f3n Anual de BRAZTOA 2025, uno de los encuentros m\u00e1s relevantes para el turismo de la regi\u00f3n. El evento, organizado por la Asociaci\u00f3n Brasile\u00f1a de Operadores de Turismo, re\u00fane hasta el 27 de septiembre a cerca de 70 representantes del mercado tur\u00edstico brasile\u00f1o, consolidando a C\u00f3rdoba como destino estrat\u00e9gico y competitivo para los viajes internacionales.<\/p>\n\n\n\n<p>BRAZTOA nuclea a 86 empresas asociadas, incluidas las 56 operadoras m\u00e1s importantes del mercado brasile\u00f1o de viajes emisivos nacionales e internacionales, as\u00ed como asistencias al viajero y prestadores de servicios tur\u00edsticos.<\/p>\n\n\n\n<p>Este encuentro ofrece una oportunidad \u00fanica para fortalecer la presencia de C\u00f3rdoba ante un mercado clave, generando nuevas oportunidades de negocios y potenciando el turismo receptivo.<\/p>\n\n\n\n<p>Durante cinco d\u00edas, los operadores realizar\u00e1n un viaje de familiarizaci\u00f3n del destino, recorriendo los principales atractivos tur\u00edsticos, disfrutando de experiencias culturales y gastron\u00f3micas, y manteniendo reuniones privadas con prestadores locales. Tambi\u00e9n se prev\u00e9 una instancia comercial con agentes de viajes cordobeses para consolidar alianzas y ampliar la llegada de visitantes internacionales.<\/p>\n\n\n\n<p>En la presentaci\u00f3n realizada esta ma\u00f1ana, Dar\u00edo Capitani, presidente de la Agencia C\u00f3rdoba Turismo, destac\u00f3 la importancia estrat\u00e9gica de este acontecimiento: \u201cEs la puesta en marcha de la segunda etapa de lo que C\u00f3rdoba se propuso. La primera tuvo que ver con recuperar la conectividad a\u00e9rea directa con Brasil y destinos que nos permitieran entrar en esta segunda etapa, que es poder tener a BRAZTOA. Es un paso estrat\u00e9gico, clave, que no solo fortalece la b\u00fasqueda de turismo internacional sino que pone en eje, a pesar del contexto econ\u00f3mico, la decisi\u00f3n de C\u00f3rdoba de no claudicar en la b\u00fasqueda del turista extranjero y consolidar un mercado clave como es el brasile\u00f1o\u201d.<\/p>\n\n\n\n<p>Las autoridades de BRAZTOA, en tanto, remarcaron el valor de esta experiencia para sus asociados, al tiempo que se mostraron entusiasmados por conocer en profundidad la oferta tur\u00edstica cordobesa.<\/p>\n\n\n\n<p>La mesa de autoridades estuvo presidida por Dar\u00edo Capitani, presidente de la Agencia C\u00f3rdoba Turismo; Fabiano Camargo, presidente del Consejo de Administraci\u00f3n de BRAZTOA; Marina Figueiredo, presidenta ejecutiva de BRAZTOA; y Gustavo Peralta, presidente de la C\u00e1mara de Turismo de la Provincia de C\u00f3rdoba. Tambi\u00e9n participaron miembros del Directorio de la Agencia C\u00f3rdoba Turismo y asociados de BRAZTOA.<\/p>\n\n\n\n<p>Con esta convenci\u00f3n, C\u00f3rdoba reafirma su posici\u00f3n como destino competitivo y su pol\u00edtica p\u00fablica de conectividad y promoci\u00f3n internacional, apostando a atraer m\u00e1s visitantes, generar empleo y dinamizar la econom\u00eda provincial.<\/p>\n","protected":false},"excerpt":{"rendered":"<p>Hoy martes comenz\u00f3 la Convenci\u00f3n Anual de BRAZTOA (Asociaci\u00f3n Brasile\u00f1a de Operadores de Turismo) que por primera vez se realiza en nuestra provincia. La provincia de C\u00f3rdoba recibe desde hoy a la Convenci\u00f3n Anual de BRAZTOA 2025, uno de los encuentros m\u00e1s relevantes para el turismo de la regi\u00f3n. El evento, organizado por la Asociaci\u00f3n [&hellip;]<\/p>\n","protected":false},"author":3,"featured_media":5281,"comment_status":"open","ping_status":"open","sticky":false,"template":"","format":"standard","meta":{"_acf_changed":false,"footnotes":""},"categories":[11,9,10],"tags":[345,73,750],"class_list":{"0":"post-5280","1":"post","2":"type-post","3":"status-publish","4":"format-standard","5":"has-post-thumbnail","7":"category-cordoba","8":"category-mundo","9":"category-noticias","10":"tag-agencia-cordoba-turismo-2","11":"tag-brasil","12":"tag-braztoa"},"acf":[],"yoast_head":"<!-- This site is optimized with the Yoast SEO plugin v24.8.1 - https:\/\/yoast.com\/wordpress\/plugins\/seo\/ -->\n<title>M\u00e1s de 70 operadores tur\u00edsticos de Brasil est\u00e1n reunidos en C\u00f3rdoba -<\/title>\n<meta name=\"description\" content=\"Comenz\u00f3 la Convenci\u00f3n Anual de BRAZTOA (Asociaci\u00f3n Brasile\u00f1a de Operadores de Turismo) que por primera vez se realiza en nuestra provincia.\" \/>\n<meta name=\"robots\" content=\"index, follow, max-snippet:-1, max-image-preview:large, max-video-preview:-1\" \/>\n<link rel=\"canonical\" href=\"https:\/\/modoviajeok.com.ar\/index.php\/2025\/09\/23\/mas-de-70-operadores-turisticos-de-brasil-estan-reunidos-en-cordoba\/\" \/>\n<meta property=\"og:locale\" content=\"es_ES\" \/>\n<meta property=\"og:type\" content=\"article\" \/>\n<meta property=\"og:title\" content=\"M\u00e1s de 70 operadores tur\u00edsticos de Brasil est\u00e1n reunidos en C\u00f3rdoba -\" \/>\n<meta property=\"og:description\" content=\"Comenz\u00f3 la Convenci\u00f3n Anual de BRAZTOA (Asociaci\u00f3n Brasile\u00f1a de Operadores de Turismo) que por primera vez se realiza en nuestra provincia.\" \/>\n<meta property=\"og:url\" content=\"https:\/\/modoviajeok.com.ar\/index.php\/2025\/09\/23\/mas-de-70-operadores-turisticos-de-brasil-estan-reunidos-en-cordoba\/\" \/>\n<meta property=\"article:publisher\" content=\"https:\/\/www.facebook.com\/mariana.otero1\/\" \/>\n<meta property=\"article:published_time\" content=\"2025-09-23T23:12:14+00:00\" \/>\n<meta property=\"article:modified_time\" content=\"2025-09-23T23:12:15+00:00\" \/>\n<meta property=\"og:image\" content=\"https:\/\/modoviajeok.com.ar\/wp-content\/uploads\/2025\/09\/WhatsApp-Image-2025-09-23-at-15.48.40-1.jpeg\" \/>\n\t<meta property=\"og:image:width\" content=\"1280\" \/>\n\t<meta property=\"og:image:height\" content=\"855\" \/>\n\t<meta property=\"og:image:type\" content=\"image\/jpeg\" \/>\n<meta name=\"author\" content=\"Pepe Segura\" \/>\n<meta name=\"twitter:card\" content=\"summary_large_image\" \/>\n<meta name=\"twitter:label1\" content=\"Escrito por\" \/>\n\t<meta name=\"twitter:data1\" content=\"Pepe Segura\" \/>\n\t<meta name=\"twitter:label2\" content=\"Tiempo de lectura\" \/>\n\t<meta name=\"twitter:data2\" content=\"3 minutos\" \/>\n<script type=\"application\/ld+json\" class=\"yoast-schema-graph\">{\"@context\":\"https:\/\/schema.org\",\"@graph\":[{\"@type\":\"Article\",\"@id\":\"https:\/\/modoviajeok.com.ar\/index.php\/2025\/09\/23\/mas-de-70-operadores-turisticos-de-brasil-estan-reunidos-en-cordoba\/#article\",\"isPartOf\":{\"@id\":\"https:\/\/modoviajeok.com.ar\/index.php\/2025\/09\/23\/mas-de-70-operadores-turisticos-de-brasil-estan-reunidos-en-cordoba\/\"},\"author\":{\"name\":\"Pepe Segura\",\"@id\":\"https:\/\/modoviajeok.com.ar\/#\/schema\/person\/2e299ed0d3d412a01d244fe28260d7f5\"},\"headline\":\"M\u00e1s de 70 operadores tur\u00edsticos de Brasil est\u00e1n reunidos en C\u00f3rdoba\",\"datePublished\":\"2025-09-23T23:12:14+00:00\",\"dateModified\":\"2025-09-23T23:12:15+00:00\",\"mainEntityOfPage\":{\"@id\":\"https:\/\/modoviajeok.com.ar\/index.php\/2025\/09\/23\/mas-de-70-operadores-turisticos-de-brasil-estan-reunidos-en-cordoba\/\"},\"wordCount\":487,\"commentCount\":0,\"publisher\":{\"@id\":\"https:\/\/modoviajeok.com.ar\/#organization\"},\"image\":{\"@id\":\"https:\/\/modoviajeok.com.ar\/index.php\/2025\/09\/23\/mas-de-70-operadores-turisticos-de-brasil-estan-reunidos-en-cordoba\/#primaryimage\"},\"thumbnailUrl\":\"https:\/\/modoviajeok.com.ar\/wp-content\/uploads\/2025\/09\/WhatsApp-Image-2025-09-23-at-15.48.40-1.jpeg\",\"keywords\":[\"agencia cordoba turismo\",\"brasil\",\"braztoa\"],\"articleSection\":[\"C\u00f3rdoba\",\"Mundo\",\"Noticias\"],\"inLanguage\":\"es\",\"potentialAction\":[{\"@type\":\"CommentAction\",\"name\":\"Comment\",\"target\":[\"https:\/\/modoviajeok.com.ar\/index.php\/2025\/09\/23\/mas-de-70-operadores-turisticos-de-brasil-estan-reunidos-en-cordoba\/#respond\"]}]},{\"@type\":\"WebPage\",\"@id\":\"https:\/\/modoviajeok.com.ar\/index.php\/2025\/09\/23\/mas-de-70-operadores-turisticos-de-brasil-estan-reunidos-en-cordoba\/\",\"url\":\"https:\/\/modoviajeok.com.ar\/index.php\/2025\/09\/23\/mas-de-70-operadores-turisticos-de-brasil-estan-reunidos-en-cordoba\/\",\"name\":\"M\u00e1s de 70 operadores tur\u00edsticos de Brasil est\u00e1n reunidos en C\u00f3rdoba -\",\"isPartOf\":{\"@id\":\"https:\/\/modoviajeok.com.ar\/#website\"},\"primaryImageOfPage\":{\"@id\":\"https:\/\/modoviajeok.com.ar\/index.php\/2025\/09\/23\/mas-de-70-operadores-turisticos-de-brasil-estan-reunidos-en-cordoba\/#primaryimage\"},\"image\":{\"@id\":\"https:\/\/modoviajeok.com.ar\/index.php\/2025\/09\/23\/mas-de-70-operadores-turisticos-de-brasil-estan-reunidos-en-cordoba\/#primaryimage\"},\"thumbnailUrl\":\"https:\/\/modoviajeok.com.ar\/wp-content\/uploads\/2025\/09\/WhatsApp-Image-2025-09-23-at-15.48.40-1.jpeg\",\"datePublished\":\"2025-09-23T23:12:14+00:00\",\"dateModified\":\"2025-09-23T23:12:15+00:00\",\"description\":\"Comenz\u00f3 la Convenci\u00f3n Anual de BRAZTOA (Asociaci\u00f3n Brasile\u00f1a de Operadores de Turismo) que por primera vez se realiza en nuestra provincia.\",\"breadcrumb\":{\"@id\":\"https:\/\/modoviajeok.com.ar\/index.php\/2025\/09\/23\/mas-de-70-operadores-turisticos-de-brasil-estan-reunidos-en-cordoba\/#breadcrumb\"},\"inLanguage\":\"es\",\"potentialAction\":[{\"@type\":\"ReadAction\",\"target\":[\"https:\/\/modoviajeok.com.ar\/index.php\/2025\/09\/23\/mas-de-70-operadores-turisticos-de-brasil-estan-reunidos-en-cordoba\/\"]}]},{\"@type\":\"ImageObject\",\"inLanguage\":\"es\",\"@id\":\"https:\/\/modoviajeok.com.ar\/index.php\/2025\/09\/23\/mas-de-70-operadores-turisticos-de-brasil-estan-reunidos-en-cordoba\/#primaryimage\",\"url\":\"https:\/\/modoviajeok.com.ar\/wp-content\/uploads\/2025\/09\/WhatsApp-Image-2025-09-23-at-15.48.40-1.jpeg\",\"contentUrl\":\"https:\/\/modoviajeok.com.ar\/wp-content\/uploads\/2025\/09\/WhatsApp-Image-2025-09-23-at-15.48.40-1.jpeg\",\"width\":1280,\"height\":855},{\"@type\":\"BreadcrumbList\",\"@id\":\"https:\/\/modoviajeok.com.ar\/index.php\/2025\/09\/23\/mas-de-70-operadores-turisticos-de-brasil-estan-reunidos-en-cordoba\/#breadcrumb\",\"itemListElement\":[{\"@type\":\"ListItem\",\"position\":1,\"name\":\"Portada\",\"item\":\"https:\/\/modoviajeok.com.ar\/\"},{\"@type\":\"ListItem\",\"position\":2,\"name\":\"M\u00e1s de 70 operadores tur\u00edsticos de Brasil est\u00e1n reunidos en C\u00f3rdoba\"}]},{\"@type\":\"WebSite\",\"@id\":\"https:\/\/modoviajeok.com.ar\/#website\",\"url\":\"https:\/\/modoviajeok.com.ar\/\",\"name\":\"ModoViajeOK\",\"description\":\"\",\"publisher\":{\"@id\":\"https:\/\/modoviajeok.com.ar\/#organization\"},\"potentialAction\":[{\"@type\":\"SearchAction\",\"target\":{\"@type\":\"EntryPoint\",\"urlTemplate\":\"https:\/\/modoviajeok.com.ar\/?s={search_term_string}\"},\"query-input\":{\"@type\":\"PropertyValueSpecification\",\"valueRequired\":true,\"valueName\":\"search_term_string\"}}],\"inLanguage\":\"es\"},{\"@type\":\"Organization\",\"@id\":\"https:\/\/modoviajeok.com.ar\/#organization\",\"name\":\"ModoViajeOK\",\"url\":\"https:\/\/modoviajeok.com.ar\/\",\"logo\":{\"@type\":\"ImageObject\",\"inLanguage\":\"es\",\"@id\":\"https:\/\/modoviajeok.com.ar\/#\/schema\/logo\/image\/\",\"url\":\"https:\/\/modoviajeok.com.ar\/wp-content\/uploads\/2025\/01\/Logo-modoviajeok.png\",\"contentUrl\":\"https:\/\/modoviajeok.com.ar\/wp-content\/uploads\/2025\/01\/Logo-modoviajeok.png\",\"width\":2938,\"height\":2276,\"caption\":\"ModoViajeOK\"},\"image\":{\"@id\":\"https:\/\/modoviajeok.com.ar\/#\/schema\/logo\/image\/\"},\"sameAs\":[\"https:\/\/www.facebook.com\/mariana.otero1\/\",\"https:\/\/www.instagram.com\/modoviaje.ok\/\"]},{\"@type\":\"Person\",\"@id\":\"https:\/\/modoviajeok.com.ar\/#\/schema\/person\/2e299ed0d3d412a01d244fe28260d7f5\",\"name\":\"Pepe Segura\",\"image\":{\"@type\":\"ImageObject\",\"inLanguage\":\"es\",\"@id\":\"https:\/\/modoviajeok.com.ar\/#\/schema\/person\/image\/\",\"url\":\"https:\/\/secure.gravatar.com\/avatar\/65eb4b34deed761327f5b2c5535b987318ae807900ac46426de7258f5de6d345?s=96&d=mm&r=g\",\"contentUrl\":\"https:\/\/secure.gravatar.com\/avatar\/65eb4b34deed761327f5b2c5535b987318ae807900ac46426de7258f5de6d345?s=96&d=mm&r=g\",\"caption\":\"Pepe Segura\"},\"url\":\"https:\/\/modoviajeok.com.ar\/index.php\/author\/pepe2025\/\"}]}<\/script>\n<!-- \/ Yoast SEO plugin. -->","yoast_head_json":{"title":"M\u00e1s de 70 operadores tur\u00edsticos de Brasil est\u00e1n reunidos en C\u00f3rdoba -","description":"Comenz\u00f3 la Convenci\u00f3n Anual de BRAZTOA (Asociaci\u00f3n Brasile\u00f1a de Operadores de Turismo) que por primera vez se realiza en nuestra provincia.","robots":{"index":"index","follow":"follow","max-snippet":"max-snippet:-1","max-image-preview":"max-image-preview:large","max-video-preview":"max-video-preview:-1"},"canonical":"https:\/\/modoviajeok.com.ar\/index.php\/2025\/09\/23\/mas-de-70-operadores-turisticos-de-brasil-estan-reunidos-en-cordoba\/","og_locale":"es_ES","og_type":"article","og_title":"M\u00e1s de 70 operadores tur\u00edsticos de Brasil est\u00e1n reunidos en C\u00f3rdoba -","og_description":"Comenz\u00f3 la Convenci\u00f3n Anual de BRAZTOA (Asociaci\u00f3n Brasile\u00f1a de Operadores de Turismo) que por primera vez se realiza en nuestra provincia.","og_url":"https:\/\/modoviajeok.com.ar\/index.php\/2025\/09\/23\/mas-de-70-operadores-turisticos-de-brasil-estan-reunidos-en-cordoba\/","article_publisher":"https:\/\/www.facebook.com\/mariana.otero1\/","article_published_time":"2025-09-23T23:12:14+00:00","article_modified_time":"2025-09-23T23:12:15+00:00","og_image":[{"width":1280,"height":855,"url":"https:\/\/modoviajeok.com.ar\/wp-content\/uploads\/2025\/09\/WhatsApp-Image-2025-09-23-at-15.48.40-1.jpeg","type":"image\/jpeg"}],"author":"Pepe Segura","twitter_card":"summary_large_image","twitter_misc":{"Escrito por":"Pepe Segura","Tiempo de lectura":"3 minutos"},"schema":{"@context":"https:\/\/schema.org","@graph":[{"@type":"Article","@id":"https:\/\/modoviajeok.com.ar\/index.php\/2025\/09\/23\/mas-de-70-operadores-turisticos-de-brasil-estan-reunidos-en-cordoba\/#article","isPartOf":{"@id":"https:\/\/modoviajeok.com.ar\/index.php\/2025\/09\/23\/mas-de-70-operadores-turisticos-de-brasil-estan-reunidos-en-cordoba\/"},"author":{"name":"Pepe Segura","@id":"https:\/\/modoviajeok.com.ar\/#\/schema\/person\/2e299ed0d3d412a01d244fe28260d7f5"},"headline":"M\u00e1s de 70 operadores tur\u00edsticos de Brasil est\u00e1n reunidos en C\u00f3rdoba","datePublished":"2025-09-23T23:12:14+00:00","dateModified":"2025-09-23T23:12:15+00:00","mainEntityOfPage":{"@id":"https:\/\/modoviajeok.com.ar\/index.php\/2025\/09\/23\/mas-de-70-operadores-turisticos-de-brasil-estan-reunidos-en-cordoba\/"},"wordCount":487,"commentCount":0,"publisher":{"@id":"https:\/\/modoviajeok.com.ar\/#organization"},"image":{"@id":"https:\/\/modoviajeok.com.ar\/index.php\/2025\/09\/23\/mas-de-70-operadores-turisticos-de-brasil-estan-reunidos-en-cordoba\/#primaryimage"},"thumbnailUrl":"https:\/\/modoviajeok.com.ar\/wp-content\/uploads\/2025\/09\/WhatsApp-Image-2025-09-23-at-15.48.40-1.jpeg","keywords":["agencia cordoba turismo","brasil","braztoa"],"articleSection":["C\u00f3rdoba","Mundo","Noticias"],"inLanguage":"es","potentialAction":[{"@type":"CommentAction","name":"Comment","target":["https:\/\/modoviajeok.com.ar\/index.php\/2025\/09\/23\/mas-de-70-operadores-turisticos-de-brasil-estan-reunidos-en-cordoba\/#respond"]}]},{"@type":"WebPage","@id":"https:\/\/modoviajeok.com.ar\/index.php\/2025\/09\/23\/mas-de-70-operadores-turisticos-de-brasil-estan-reunidos-en-cordoba\/","url":"https:\/\/modoviajeok.com.ar\/index.php\/2025\/09\/23\/mas-de-70-operadores-turisticos-de-brasil-estan-reunidos-en-cordoba\/","name":"M\u00e1s de 70 operadores tur\u00edsticos de Brasil est\u00e1n reunidos en C\u00f3rdoba -","isPartOf":{"@id":"https:\/\/modoviajeok.com.ar\/#website"},"primaryImageOfPage":{"@id":"https:\/\/modoviajeok.com.ar\/index.php\/2025\/09\/23\/mas-de-70-operadores-turisticos-de-brasil-estan-reunidos-en-cordoba\/#primaryimage"},"image":{"@id":"https:\/\/modoviajeok.com.ar\/index.php\/2025\/09\/23\/mas-de-70-operadores-turisticos-de-brasil-estan-reunidos-en-cordoba\/#primaryimage"},"thumbnailUrl":"https:\/\/modoviajeok.com.ar\/wp-content\/uploads\/2025\/09\/WhatsApp-Image-2025-09-23-at-15.48.40-1.jpeg","datePublished":"2025-09-23T23:12:14+00:00","dateModified":"2025-09-23T23:12:15+00:00","description":"Comenz\u00f3 la Convenci\u00f3n Anual de BRAZTOA (Asociaci\u00f3n Brasile\u00f1a de Operadores de Turismo) que por primera vez se realiza en nuestra provincia.","breadcrumb":{"@id":"https:\/\/modoviajeok.com.ar\/index.php\/2025\/09\/23\/mas-de-70-operadores-turisticos-de-brasil-estan-reunidos-en-cordoba\/#breadcrumb"},"inLanguage":"es","potentialAction":[{"@type":"ReadAction","target":["https:\/\/modoviajeok.com.ar\/index.php\/2025\/09\/23\/mas-de-70-operadores-turisticos-de-brasil-estan-reunidos-en-cordoba\/"]}]},{"@type":"ImageObject","inLanguage":"es","@id":"https:\/\/modoviajeok.com.ar\/index.php\/2025\/09\/23\/mas-de-70-operadores-turisticos-de-brasil-estan-reunidos-en-cordoba\/#primaryimage","url":"https:\/\/modoviajeok.com.ar\/wp-content\/uploads\/2025\/09\/WhatsApp-Image-2025-09-23-at-15.48.40-1.jpeg","contentUrl":"https:\/\/modoviajeok.com.ar\/wp-content\/uploads\/2025\/09\/WhatsApp-Image-2025-09-23-at-15.48.40-1.jpeg","width":1280,"height":855},{"@type":"BreadcrumbList","@id":"https:\/\/modoviajeok.com.ar\/index.php\/2025\/09\/23\/mas-de-70-operadores-turisticos-de-brasil-estan-reunidos-en-cordoba\/#breadcrumb","itemListElement":[{"@type":"ListItem","position":1,"name":"Portada","item":"https:\/\/modoviajeok.com.ar\/"},{"@type":"ListItem","position":2,"name":"M\u00e1s de 70 operadores tur\u00edsticos de Brasil est\u00e1n reunidos en C\u00f3rdoba"}]},{"@type":"WebSite","@id":"https:\/\/modoviajeok.com.ar\/#website","url":"https:\/\/modoviajeok.com.ar\/","name":"ModoViajeOK","description":"","publisher":{"@id":"https:\/\/modoviajeok.com.ar\/#organization"},"potentialAction":[{"@type":"SearchAction","target":{"@type":"EntryPoint","urlTemplate":"https:\/\/modoviajeok.com.ar\/?s={search_term_string}"},"query-input":{"@type":"PropertyValueSpecification","valueRequired":true,"valueName":"search_term_string"}}],"inLanguage":"es"},{"@type":"Organization","@id":"https:\/\/modoviajeok.com.ar\/#organization","name":"ModoViajeOK","url":"https:\/\/modoviajeok.com.ar\/","logo":{"@type":"ImageObject","inLanguage":"es","@id":"https:\/\/modoviajeok.com.ar\/#\/schema\/logo\/image\/","url":"https:\/\/modoviajeok.com.ar\/wp-content\/uploads\/2025\/01\/Logo-modoviajeok.png","contentUrl":"https:\/\/modoviajeok.com.ar\/wp-content\/uploads\/2025\/01\/Logo-modoviajeok.png","width":2938,"height":2276,"caption":"ModoViajeOK"},"image":{"@id":"https:\/\/modoviajeok.com.ar\/#\/schema\/logo\/image\/"},"sameAs":["https:\/\/www.facebook.com\/mariana.otero1\/","https:\/\/www.instagram.com\/modoviaje.ok\/"]},{"@type":"Person","@id":"https:\/\/modoviajeok.com.ar\/#\/schema\/person\/2e299ed0d3d412a01d244fe28260d7f5","name":"Pepe Segura","image":{"@type":"ImageObject","inLanguage":"es","@id":"https:\/\/modoviajeok.com.ar\/#\/schema\/person\/image\/","url":"https:\/\/secure.gravatar.com\/avatar\/65eb4b34deed761327f5b2c5535b987318ae807900ac46426de7258f5de6d345?s=96&d=mm&r=g","contentUrl":"https:\/\/secure.gravatar.com\/avatar\/65eb4b34deed761327f5b2c5535b987318ae807900ac46426de7258f5de6d345?s=96&d=mm&r=g","caption":"Pepe Segura"},"url":"https:\/\/modoviajeok.com.ar\/index.php\/author\/pepe2025\/"}]}},"_links":{"self":[{"href":"https:\/\/modoviajeok.com.ar\/index.php\/wp-json\/wp\/v2\/posts\/5280","targetHints":{"allow":["GET"]}}],"collection":[{"href":"https:\/\/modoviajeok.com.ar\/index.php\/wp-json\/wp\/v2\/posts"}],"about":[{"href":"https:\/\/modoviajeok.com.ar\/index.php\/wp-json\/wp\/v2\/types\/post"}],"author":[{"embeddable":true,"href":"https:\/\/modoviajeok.com.ar\/index.php\/wp-json\/wp\/v2\/users\/3"}],"replies":[{"embeddable":true,"href":"https:\/\/modoviajeok.com.ar\/index.php\/wp-json\/wp\/v2\/comments?post=5280"}],"version-history":[{"count":1,"href":"https:\/\/modoviajeok.com.ar\/index.php\/wp-json\/wp\/v2\/posts\/5280\/revisions"}],"predecessor-version":[{"id":5284,"href":"https:\/\/modoviajeok.com.ar\/index.php\/wp-json\/wp\/v2\/posts\/5280\/revisions\/5284"}],"wp:featuredmedia":[{"embeddable":true,"href":"https:\/\/modoviajeok.com.ar\/index.php\/wp-json\/wp\/v2\/media\/5281"}],"wp:attachment":[{"href":"https:\/\/modoviajeok.com.ar\/index.php\/wp-json\/wp\/v2\/media?parent=5280"}],"wp:term":[{"taxonomy":"category","embeddable":true,"href":"https:\/\/modoviajeok.com.ar\/index.php\/wp-json\/wp\/v2\/categories?post=5280"},{"taxonomy":"post_tag","embeddable":true,"href":"https:\/\/modoviajeok.com.ar\/index.php\/wp-json\/wp\/v2\/tags?post=5280"}],"curies":[{"name":"wp","href":"https:\/\/api.w.org\/{rel}","templated":true}]}}