{"id":5300,"date":"2025-09-24T20:03:00","date_gmt":"2025-09-24T23:03:00","guid":{"rendered":"https:\/\/modoviajeok.com.ar\/?p=5300"},"modified":"2025-10-03T09:24:21","modified_gmt":"2025-10-03T12:24:21","slug":"con-un-stand-de-mas-de-700-m2-cordoba-muestra-su-potencial-en-la-feria-internacional-de-turismo","status":"publish","type":"post","link":"https:\/\/modoviajeok.com.ar\/index.php\/2025\/09\/24\/con-un-stand-de-mas-de-700-m2-cordoba-muestra-su-potencial-en-la-feria-internacional-de-turismo\/","title":{"rendered":"Con un stand de m\u00e1s de 700 m2, C\u00f3rdoba muestra su potencial en la Feria Internacional de Turismo"},"content":{"rendered":"\n<figure class=\"wp-block-pullquote\"><blockquote><p>En un espacio renovado y m\u00faltiples experiencias, la provincia presentar\u00e1 su oferta tur\u00edstica en La Rural de Palermo. La Feria se extiende del 27 al 30 de setiembre.<\/p><\/blockquote><\/figure>\n\n\n\n<p><\/p>\n\n\n\n<figure class=\"wp-block-image size-full\"><img loading=\"lazy\" decoding=\"async\" width=\"1398\" height=\"366\" src=\"https:\/\/modoviajeok.com.ar\/wp-content\/uploads\/2025\/09\/WhatsApp-Image-2025-09-24-at-14.53.26-1-1.jpeg\" alt=\"\" class=\"wp-image-5303\" srcset=\"https:\/\/modoviajeok.com.ar\/wp-content\/uploads\/2025\/09\/WhatsApp-Image-2025-09-24-at-14.53.26-1-1.jpeg 1398w, https:\/\/modoviajeok.com.ar\/wp-content\/uploads\/2025\/09\/WhatsApp-Image-2025-09-24-at-14.53.26-1-1-768x201.jpeg 768w, https:\/\/modoviajeok.com.ar\/wp-content\/uploads\/2025\/09\/WhatsApp-Image-2025-09-24-at-14.53.26-1-1-150x39.jpeg 150w, https:\/\/modoviajeok.com.ar\/wp-content\/uploads\/2025\/09\/WhatsApp-Image-2025-09-24-at-14.53.26-1-1-300x79.jpeg 300w, https:\/\/modoviajeok.com.ar\/wp-content\/uploads\/2025\/09\/WhatsApp-Image-2025-09-24-at-14.53.26-1-1-696x182.jpeg 696w, https:\/\/modoviajeok.com.ar\/wp-content\/uploads\/2025\/09\/WhatsApp-Image-2025-09-24-at-14.53.26-1-1-1068x280.jpeg 1068w\" sizes=\"auto, (max-width: 1398px) 100vw, 1398px\" \/><\/figure>\n\n\n\n<p><\/p>\n\n\n\n<p>C\u00f3rdoba se prepara para participar, del 27 al 30 de septiembre, en la Feria Internacional de Turismo (FIT) 2025, el evento m\u00e1s relevante del sector en Latinoam\u00e9rica, que se desarrollar\u00e1 en La Rural de Palermo, Buenos Aires. La Agencia C\u00f3rdoba Turismo, junto a municipios, c\u00e1maras empresariales y prestadores privados, presentar\u00e1 la diversidad de productos y experiencias que ofrece la provincia para todo el a\u00f1o.<\/p>\n\n\n\n<p>Este a\u00f1o el stand de C\u00f3rdoba tendr\u00e1 700 m\u00b2 de superficie (N\u00ba 1125) y contar\u00e1 con 84 escritorios destinados a la atenci\u00f3n de visitantes, operadores y municipios tur\u00edsticos. Todas las regiones tur\u00edsticas de la provincia estar\u00e1n representadas con propuestas propias, generando un espacio de vinculaci\u00f3n para nuevos negocios y alianzas.<\/p>\n\n\n\n<p>\u00abFIT es la vidriera m\u00e1s importante para mostrarle al pa\u00eds y al mundo lo que C\u00f3rdoba tiene para ofrecer. Llegamos a esta edici\u00f3n con una estrategia s\u00f3lida, basada en la conectividad, la promoci\u00f3n y la articulaci\u00f3n p\u00fablico privada, para seguir consolidando a C\u00f3rdoba como destino l\u00edder\u00bb,&nbsp;destac\u00f3 Dar\u00edo Capitani, presidente de la Agencia C\u00f3rdoba Turismo.<\/p>\n\n\n\n<p>Adem\u00e1s, C\u00f3rdoba aprovechar\u00e1 la FIT 2025 para presentar oficialmente su campa\u00f1a de verano, en un acto especial que tendr\u00e1 lugar en uno de los d\u00edas de feria. Tambi\u00e9n inundar\u00e1 La Socidad Rural con el ritmo caracter\u00edstico del cuarteto, con m\u00fasicos reconocidos de la provincia, llevando la esencia de su cultura popular al escenario de turismo m\u00e1s importante del pa\u00eds.<\/p>\n\n\n\n<p>En esta edici\u00f3n, la provincia tambi\u00e9n dar\u00e1 a conocer nuevos productos tur\u00edsticos y experiencias innovadoras, orientadas a diversificar la oferta y a fortalecer la conexi\u00f3n con grandes rutas internacionales. Entre ellas se destacan propuestas que vinculan caminos hist\u00f3ricos y nuevas modalidades de viaje, reforzando la posici\u00f3n de C\u00f3rdoba como un destino abierto a las tendencias globales y a los hermanamientos estrat\u00e9gicos con circuitos de relevancia mundial.<\/p>\n\n\n\n<p>El stand cordob\u00e9s incluir\u00e1 m\u00faltiples espacios tem\u00e1ticos:<\/p>\n\n\n\n<ul class=\"wp-block-list\">\n<li>Gastronom\u00eda y cocina en vivo, con degustaciones, catas y maridajes de productos regionales.<\/li>\n\n\n\n<li>Caminos del Vino, con presentaciones del terru\u00f1o cordob\u00e9s y maridajes de platos t\u00edpicos con vinos provinciales.<\/li>\n\n\n\n<li>Espacio Bienestar, con propuestas de yoga, mindfulness y terapias alternativas que integran naturaleza y salud.<\/li>\n\n\n\n<li>Shows y presentaciones especiales, con festivales tradicionales y n\u00fameros musicales en vivo que llevar\u00e1n el esp\u00edritu cordob\u00e9s a la feria.<\/li>\n\n\n\n<li>Espacio Gamer e interacciones digitales, con experiencias inmersivas, sorteos y propuestas l\u00fadicas para toda la familia.<\/li>\n<\/ul>\n\n\n\n<p>Adem\u00e1s, durante las cuatro jornadas se presentar\u00e1n las temporadas de las distintas regiones de la provincia, reforzando la visibilidad de C\u00f3rdoba como destino integral para vacaciones, escapadas y turismo de reuniones.<\/p>\n\n\n\n<p>Con su participaci\u00f3n en FIT 2025, C\u00f3rdoba reafirma su compromiso con la promoci\u00f3n nacional e internacional del destino, impulsando el empleo, la econom\u00eda local y el desarrollo tur\u00edstico sostenible.<\/p>\n","protected":false},"excerpt":{"rendered":"<p>En un espacio renovado y m\u00faltiples experiencias, la provincia presentar\u00e1 su oferta tur\u00edstica en La Rural de Palermo. La Feria se extiende del 27 al 30 de setiembre. C\u00f3rdoba se prepara para participar, del 27 al 30 de septiembre, en la Feria Internacional de Turismo (FIT) 2025, el evento m\u00e1s relevante del sector en Latinoam\u00e9rica, [&hellip;]<\/p>\n","protected":false},"author":3,"featured_media":5302,"comment_status":"open","ping_status":"open","sticky":false,"template":"","format":"standard","meta":{"_acf_changed":false,"footnotes":""},"categories":[13,11,10],"tags":[1227,1225,1226],"class_list":{"0":"post-5300","1":"post","2":"type-post","3":"status-publish","4":"format-standard","5":"has-post-thumbnail","7":"category-argentina","8":"category-cordoba","9":"category-noticias","10":"tag-agencia-cordoba-turismo-turismo","11":"tag-feria-internacional-de-turismo","12":"tag-la-rural"},"acf":[],"yoast_head":"<!-- This site is optimized with the Yoast SEO plugin v24.8.1 - https:\/\/yoast.com\/wordpress\/plugins\/seo\/ -->\n<title>Con un stand de m\u00e1s de 700 m2, C\u00f3rdoba muestra su potencial en la Feria Internacional de Turismo -<\/title>\n<meta name=\"robots\" content=\"index, follow, max-snippet:-1, max-image-preview:large, max-video-preview:-1\" \/>\n<link rel=\"canonical\" href=\"https:\/\/modoviajeok.com.ar\/index.php\/2025\/09\/24\/con-un-stand-de-mas-de-700-m2-cordoba-muestra-su-potencial-en-la-feria-internacional-de-turismo\/\" \/>\n<meta property=\"og:locale\" content=\"es_ES\" \/>\n<meta property=\"og:type\" content=\"article\" \/>\n<meta property=\"og:title\" content=\"Con un stand de m\u00e1s de 700 m2, C\u00f3rdoba muestra su potencial en la Feria Internacional de Turismo -\" \/>\n<meta property=\"og:description\" content=\"En un espacio renovado y m\u00faltiples experiencias, la provincia presentar\u00e1 su oferta tur\u00edstica en La Rural de Palermo. La Feria se extiende del 27 al 30 de setiembre. C\u00f3rdoba se prepara para participar, del 27 al 30 de septiembre, en la Feria Internacional de Turismo (FIT) 2025, el evento m\u00e1s relevante del sector en Latinoam\u00e9rica, [&hellip;]\" \/>\n<meta property=\"og:url\" content=\"https:\/\/modoviajeok.com.ar\/index.php\/2025\/09\/24\/con-un-stand-de-mas-de-700-m2-cordoba-muestra-su-potencial-en-la-feria-internacional-de-turismo\/\" \/>\n<meta property=\"article:publisher\" content=\"https:\/\/www.facebook.com\/mariana.otero1\/\" \/>\n<meta property=\"article:published_time\" content=\"2025-09-24T23:03:00+00:00\" \/>\n<meta property=\"article:modified_time\" content=\"2025-10-03T12:24:21+00:00\" \/>\n<meta property=\"og:image\" content=\"https:\/\/modoviajeok.com.ar\/wp-content\/uploads\/2025\/09\/WhatsApp-Image-2025-09-24-at-14.53.26-768x499-1.jpeg\" \/>\n\t<meta property=\"og:image:width\" content=\"768\" \/>\n\t<meta property=\"og:image:height\" content=\"499\" \/>\n\t<meta property=\"og:image:type\" content=\"image\/jpeg\" \/>\n<meta name=\"author\" content=\"Pepe Segura\" \/>\n<meta name=\"twitter:card\" content=\"summary_large_image\" \/>\n<meta name=\"twitter:label1\" content=\"Escrito por\" \/>\n\t<meta name=\"twitter:data1\" content=\"Pepe Segura\" \/>\n\t<meta name=\"twitter:label2\" content=\"Tiempo de lectura\" \/>\n\t<meta name=\"twitter:data2\" content=\"3 minutos\" \/>\n<script type=\"application\/ld+json\" class=\"yoast-schema-graph\">{\"@context\":\"https:\/\/schema.org\",\"@graph\":[{\"@type\":\"Article\",\"@id\":\"https:\/\/modoviajeok.com.ar\/index.php\/2025\/09\/24\/con-un-stand-de-mas-de-700-m2-cordoba-muestra-su-potencial-en-la-feria-internacional-de-turismo\/#article\",\"isPartOf\":{\"@id\":\"https:\/\/modoviajeok.com.ar\/index.php\/2025\/09\/24\/con-un-stand-de-mas-de-700-m2-cordoba-muestra-su-potencial-en-la-feria-internacional-de-turismo\/\"},\"author\":{\"name\":\"Pepe Segura\",\"@id\":\"https:\/\/modoviajeok.com.ar\/#\/schema\/person\/2e299ed0d3d412a01d244fe28260d7f5\"},\"headline\":\"Con un stand de m\u00e1s de 700 m2, C\u00f3rdoba muestra su potencial en la Feria Internacional de Turismo\",\"datePublished\":\"2025-09-24T23:03:00+00:00\",\"dateModified\":\"2025-10-03T12:24:21+00:00\",\"mainEntityOfPage\":{\"@id\":\"https:\/\/modoviajeok.com.ar\/index.php\/2025\/09\/24\/con-un-stand-de-mas-de-700-m2-cordoba-muestra-su-potencial-en-la-feria-internacional-de-turismo\/\"},\"wordCount\":543,\"commentCount\":0,\"publisher\":{\"@id\":\"https:\/\/modoviajeok.com.ar\/#organization\"},\"image\":{\"@id\":\"https:\/\/modoviajeok.com.ar\/index.php\/2025\/09\/24\/con-un-stand-de-mas-de-700-m2-cordoba-muestra-su-potencial-en-la-feria-internacional-de-turismo\/#primaryimage\"},\"thumbnailUrl\":\"https:\/\/modoviajeok.com.ar\/wp-content\/uploads\/2025\/09\/WhatsApp-Image-2025-09-24-at-14.53.26-768x499-1.jpeg\",\"keywords\":[\"agencia cordoba turismo turismo\",\"feria internacional de turismo\",\"la rural\"],\"articleSection\":[\"Argentina\",\"C\u00f3rdoba\",\"Noticias\"],\"inLanguage\":\"es\",\"potentialAction\":[{\"@type\":\"CommentAction\",\"name\":\"Comment\",\"target\":[\"https:\/\/modoviajeok.com.ar\/index.php\/2025\/09\/24\/con-un-stand-de-mas-de-700-m2-cordoba-muestra-su-potencial-en-la-feria-internacional-de-turismo\/#respond\"]}]},{\"@type\":\"WebPage\",\"@id\":\"https:\/\/modoviajeok.com.ar\/index.php\/2025\/09\/24\/con-un-stand-de-mas-de-700-m2-cordoba-muestra-su-potencial-en-la-feria-internacional-de-turismo\/\",\"url\":\"https:\/\/modoviajeok.com.ar\/index.php\/2025\/09\/24\/con-un-stand-de-mas-de-700-m2-cordoba-muestra-su-potencial-en-la-feria-internacional-de-turismo\/\",\"name\":\"Con un stand de m\u00e1s de 700 m2, C\u00f3rdoba muestra su potencial en la Feria Internacional de Turismo -\",\"isPartOf\":{\"@id\":\"https:\/\/modoviajeok.com.ar\/#website\"},\"primaryImageOfPage\":{\"@id\":\"https:\/\/modoviajeok.com.ar\/index.php\/2025\/09\/24\/con-un-stand-de-mas-de-700-m2-cordoba-muestra-su-potencial-en-la-feria-internacional-de-turismo\/#primaryimage\"},\"image\":{\"@id\":\"https:\/\/modoviajeok.com.ar\/index.php\/2025\/09\/24\/con-un-stand-de-mas-de-700-m2-cordoba-muestra-su-potencial-en-la-feria-internacional-de-turismo\/#primaryimage\"},\"thumbnailUrl\":\"https:\/\/modoviajeok.com.ar\/wp-content\/uploads\/2025\/09\/WhatsApp-Image-2025-09-24-at-14.53.26-768x499-1.jpeg\",\"datePublished\":\"2025-09-24T23:03:00+00:00\",\"dateModified\":\"2025-10-03T12:24:21+00:00\",\"breadcrumb\":{\"@id\":\"https:\/\/modoviajeok.com.ar\/index.php\/2025\/09\/24\/con-un-stand-de-mas-de-700-m2-cordoba-muestra-su-potencial-en-la-feria-internacional-de-turismo\/#breadcrumb\"},\"inLanguage\":\"es\",\"potentialAction\":[{\"@type\":\"ReadAction\",\"target\":[\"https:\/\/modoviajeok.com.ar\/index.php\/2025\/09\/24\/con-un-stand-de-mas-de-700-m2-cordoba-muestra-su-potencial-en-la-feria-internacional-de-turismo\/\"]}]},{\"@type\":\"ImageObject\",\"inLanguage\":\"es\",\"@id\":\"https:\/\/modoviajeok.com.ar\/index.php\/2025\/09\/24\/con-un-stand-de-mas-de-700-m2-cordoba-muestra-su-potencial-en-la-feria-internacional-de-turismo\/#primaryimage\",\"url\":\"https:\/\/modoviajeok.com.ar\/wp-content\/uploads\/2025\/09\/WhatsApp-Image-2025-09-24-at-14.53.26-768x499-1.jpeg\",\"contentUrl\":\"https:\/\/modoviajeok.com.ar\/wp-content\/uploads\/2025\/09\/WhatsApp-Image-2025-09-24-at-14.53.26-768x499-1.jpeg\",\"width\":768,\"height\":499},{\"@type\":\"BreadcrumbList\",\"@id\":\"https:\/\/modoviajeok.com.ar\/index.php\/2025\/09\/24\/con-un-stand-de-mas-de-700-m2-cordoba-muestra-su-potencial-en-la-feria-internacional-de-turismo\/#breadcrumb\",\"itemListElement\":[{\"@type\":\"ListItem\",\"position\":1,\"name\":\"Portada\",\"item\":\"https:\/\/modoviajeok.com.ar\/\"},{\"@type\":\"ListItem\",\"position\":2,\"name\":\"Con un stand de m\u00e1s de 700 m2, C\u00f3rdoba muestra su potencial en la Feria Internacional de Turismo\"}]},{\"@type\":\"WebSite\",\"@id\":\"https:\/\/modoviajeok.com.ar\/#website\",\"url\":\"https:\/\/modoviajeok.com.ar\/\",\"name\":\"ModoViajeOK\",\"description\":\"\",\"publisher\":{\"@id\":\"https:\/\/modoviajeok.com.ar\/#organization\"},\"potentialAction\":[{\"@type\":\"SearchAction\",\"target\":{\"@type\":\"EntryPoint\",\"urlTemplate\":\"https:\/\/modoviajeok.com.ar\/?s={search_term_string}\"},\"query-input\":{\"@type\":\"PropertyValueSpecification\",\"valueRequired\":true,\"valueName\":\"search_term_string\"}}],\"inLanguage\":\"es\"},{\"@type\":\"Organization\",\"@id\":\"https:\/\/modoviajeok.com.ar\/#organization\",\"name\":\"ModoViajeOK\",\"url\":\"https:\/\/modoviajeok.com.ar\/\",\"logo\":{\"@type\":\"ImageObject\",\"inLanguage\":\"es\",\"@id\":\"https:\/\/modoviajeok.com.ar\/#\/schema\/logo\/image\/\",\"url\":\"https:\/\/modoviajeok.com.ar\/wp-content\/uploads\/2025\/01\/Logo-modoviajeok.png\",\"contentUrl\":\"https:\/\/modoviajeok.com.ar\/wp-content\/uploads\/2025\/01\/Logo-modoviajeok.png\",\"width\":2938,\"height\":2276,\"caption\":\"ModoViajeOK\"},\"image\":{\"@id\":\"https:\/\/modoviajeok.com.ar\/#\/schema\/logo\/image\/\"},\"sameAs\":[\"https:\/\/www.facebook.com\/mariana.otero1\/\",\"https:\/\/www.instagram.com\/modoviaje.ok\/\"]},{\"@type\":\"Person\",\"@id\":\"https:\/\/modoviajeok.com.ar\/#\/schema\/person\/2e299ed0d3d412a01d244fe28260d7f5\",\"name\":\"Pepe Segura\",\"image\":{\"@type\":\"ImageObject\",\"inLanguage\":\"es\",\"@id\":\"https:\/\/modoviajeok.com.ar\/#\/schema\/person\/image\/\",\"url\":\"https:\/\/secure.gravatar.com\/avatar\/65eb4b34deed761327f5b2c5535b987318ae807900ac46426de7258f5de6d345?s=96&d=mm&r=g\",\"contentUrl\":\"https:\/\/secure.gravatar.com\/avatar\/65eb4b34deed761327f5b2c5535b987318ae807900ac46426de7258f5de6d345?s=96&d=mm&r=g\",\"caption\":\"Pepe Segura\"},\"url\":\"https:\/\/modoviajeok.com.ar\/index.php\/author\/pepe2025\/\"}]}<\/script>\n<!-- \/ Yoast SEO plugin. -->","yoast_head_json":{"title":"Con un stand de m\u00e1s de 700 m2, C\u00f3rdoba muestra su potencial en la Feria Internacional de Turismo -","robots":{"index":"index","follow":"follow","max-snippet":"max-snippet:-1","max-image-preview":"max-image-preview:large","max-video-preview":"max-video-preview:-1"},"canonical":"https:\/\/modoviajeok.com.ar\/index.php\/2025\/09\/24\/con-un-stand-de-mas-de-700-m2-cordoba-muestra-su-potencial-en-la-feria-internacional-de-turismo\/","og_locale":"es_ES","og_type":"article","og_title":"Con un stand de m\u00e1s de 700 m2, C\u00f3rdoba muestra su potencial en la Feria Internacional de Turismo -","og_description":"En un espacio renovado y m\u00faltiples experiencias, la provincia presentar\u00e1 su oferta tur\u00edstica en La Rural de Palermo. La Feria se extiende del 27 al 30 de setiembre. C\u00f3rdoba se prepara para participar, del 27 al 30 de septiembre, en la Feria Internacional de Turismo (FIT) 2025, el evento m\u00e1s relevante del sector en Latinoam\u00e9rica, [&hellip;]","og_url":"https:\/\/modoviajeok.com.ar\/index.php\/2025\/09\/24\/con-un-stand-de-mas-de-700-m2-cordoba-muestra-su-potencial-en-la-feria-internacional-de-turismo\/","article_publisher":"https:\/\/www.facebook.com\/mariana.otero1\/","article_published_time":"2025-09-24T23:03:00+00:00","article_modified_time":"2025-10-03T12:24:21+00:00","og_image":[{"width":768,"height":499,"url":"https:\/\/modoviajeok.com.ar\/wp-content\/uploads\/2025\/09\/WhatsApp-Image-2025-09-24-at-14.53.26-768x499-1.jpeg","type":"image\/jpeg"}],"author":"Pepe Segura","twitter_card":"summary_large_image","twitter_misc":{"Escrito por":"Pepe Segura","Tiempo de lectura":"3 minutos"},"schema":{"@context":"https:\/\/schema.org","@graph":[{"@type":"Article","@id":"https:\/\/modoviajeok.com.ar\/index.php\/2025\/09\/24\/con-un-stand-de-mas-de-700-m2-cordoba-muestra-su-potencial-en-la-feria-internacional-de-turismo\/#article","isPartOf":{"@id":"https:\/\/modoviajeok.com.ar\/index.php\/2025\/09\/24\/con-un-stand-de-mas-de-700-m2-cordoba-muestra-su-potencial-en-la-feria-internacional-de-turismo\/"},"author":{"name":"Pepe Segura","@id":"https:\/\/modoviajeok.com.ar\/#\/schema\/person\/2e299ed0d3d412a01d244fe28260d7f5"},"headline":"Con un stand de m\u00e1s de 700 m2, C\u00f3rdoba muestra su potencial en la Feria Internacional de Turismo","datePublished":"2025-09-24T23:03:00+00:00","dateModified":"2025-10-03T12:24:21+00:00","mainEntityOfPage":{"@id":"https:\/\/modoviajeok.com.ar\/index.php\/2025\/09\/24\/con-un-stand-de-mas-de-700-m2-cordoba-muestra-su-potencial-en-la-feria-internacional-de-turismo\/"},"wordCount":543,"commentCount":0,"publisher":{"@id":"https:\/\/modoviajeok.com.ar\/#organization"},"image":{"@id":"https:\/\/modoviajeok.com.ar\/index.php\/2025\/09\/24\/con-un-stand-de-mas-de-700-m2-cordoba-muestra-su-potencial-en-la-feria-internacional-de-turismo\/#primaryimage"},"thumbnailUrl":"https:\/\/modoviajeok.com.ar\/wp-content\/uploads\/2025\/09\/WhatsApp-Image-2025-09-24-at-14.53.26-768x499-1.jpeg","keywords":["agencia cordoba turismo turismo","feria internacional de turismo","la rural"],"articleSection":["Argentina","C\u00f3rdoba","Noticias"],"inLanguage":"es","potentialAction":[{"@type":"CommentAction","name":"Comment","target":["https:\/\/modoviajeok.com.ar\/index.php\/2025\/09\/24\/con-un-stand-de-mas-de-700-m2-cordoba-muestra-su-potencial-en-la-feria-internacional-de-turismo\/#respond"]}]},{"@type":"WebPage","@id":"https:\/\/modoviajeok.com.ar\/index.php\/2025\/09\/24\/con-un-stand-de-mas-de-700-m2-cordoba-muestra-su-potencial-en-la-feria-internacional-de-turismo\/","url":"https:\/\/modoviajeok.com.ar\/index.php\/2025\/09\/24\/con-un-stand-de-mas-de-700-m2-cordoba-muestra-su-potencial-en-la-feria-internacional-de-turismo\/","name":"Con un stand de m\u00e1s de 700 m2, C\u00f3rdoba muestra su potencial en la Feria Internacional de Turismo -","isPartOf":{"@id":"https:\/\/modoviajeok.com.ar\/#website"},"primaryImageOfPage":{"@id":"https:\/\/modoviajeok.com.ar\/index.php\/2025\/09\/24\/con-un-stand-de-mas-de-700-m2-cordoba-muestra-su-potencial-en-la-feria-internacional-de-turismo\/#primaryimage"},"image":{"@id":"https:\/\/modoviajeok.com.ar\/index.php\/2025\/09\/24\/con-un-stand-de-mas-de-700-m2-cordoba-muestra-su-potencial-en-la-feria-internacional-de-turismo\/#primaryimage"},"thumbnailUrl":"https:\/\/modoviajeok.com.ar\/wp-content\/uploads\/2025\/09\/WhatsApp-Image-2025-09-24-at-14.53.26-768x499-1.jpeg","datePublished":"2025-09-24T23:03:00+00:00","dateModified":"2025-10-03T12:24:21+00:00","breadcrumb":{"@id":"https:\/\/modoviajeok.com.ar\/index.php\/2025\/09\/24\/con-un-stand-de-mas-de-700-m2-cordoba-muestra-su-potencial-en-la-feria-internacional-de-turismo\/#breadcrumb"},"inLanguage":"es","potentialAction":[{"@type":"ReadAction","target":["https:\/\/modoviajeok.com.ar\/index.php\/2025\/09\/24\/con-un-stand-de-mas-de-700-m2-cordoba-muestra-su-potencial-en-la-feria-internacional-de-turismo\/"]}]},{"@type":"ImageObject","inLanguage":"es","@id":"https:\/\/modoviajeok.com.ar\/index.php\/2025\/09\/24\/con-un-stand-de-mas-de-700-m2-cordoba-muestra-su-potencial-en-la-feria-internacional-de-turismo\/#primaryimage","url":"https:\/\/modoviajeok.com.ar\/wp-content\/uploads\/2025\/09\/WhatsApp-Image-2025-09-24-at-14.53.26-768x499-1.jpeg","contentUrl":"https:\/\/modoviajeok.com.ar\/wp-content\/uploads\/2025\/09\/WhatsApp-Image-2025-09-24-at-14.53.26-768x499-1.jpeg","width":768,"height":499},{"@type":"BreadcrumbList","@id":"https:\/\/modoviajeok.com.ar\/index.php\/2025\/09\/24\/con-un-stand-de-mas-de-700-m2-cordoba-muestra-su-potencial-en-la-feria-internacional-de-turismo\/#breadcrumb","itemListElement":[{"@type":"ListItem","position":1,"name":"Portada","item":"https:\/\/modoviajeok.com.ar\/"},{"@type":"ListItem","position":2,"name":"Con un stand de m\u00e1s de 700 m2, C\u00f3rdoba muestra su potencial en la Feria Internacional de Turismo"}]},{"@type":"WebSite","@id":"https:\/\/modoviajeok.com.ar\/#website","url":"https:\/\/modoviajeok.com.ar\/","name":"ModoViajeOK","description":"","publisher":{"@id":"https:\/\/modoviajeok.com.ar\/#organization"},"potentialAction":[{"@type":"SearchAction","target":{"@type":"EntryPoint","urlTemplate":"https:\/\/modoviajeok.com.ar\/?s={search_term_string}"},"query-input":{"@type":"PropertyValueSpecification","valueRequired":true,"valueName":"search_term_string"}}],"inLanguage":"es"},{"@type":"Organization","@id":"https:\/\/modoviajeok.com.ar\/#organization","name":"ModoViajeOK","url":"https:\/\/modoviajeok.com.ar\/","logo":{"@type":"ImageObject","inLanguage":"es","@id":"https:\/\/modoviajeok.com.ar\/#\/schema\/logo\/image\/","url":"https:\/\/modoviajeok.com.ar\/wp-content\/uploads\/2025\/01\/Logo-modoviajeok.png","contentUrl":"https:\/\/modoviajeok.com.ar\/wp-content\/uploads\/2025\/01\/Logo-modoviajeok.png","width":2938,"height":2276,"caption":"ModoViajeOK"},"image":{"@id":"https:\/\/modoviajeok.com.ar\/#\/schema\/logo\/image\/"},"sameAs":["https:\/\/www.facebook.com\/mariana.otero1\/","https:\/\/www.instagram.com\/modoviaje.ok\/"]},{"@type":"Person","@id":"https:\/\/modoviajeok.com.ar\/#\/schema\/person\/2e299ed0d3d412a01d244fe28260d7f5","name":"Pepe Segura","image":{"@type":"ImageObject","inLanguage":"es","@id":"https:\/\/modoviajeok.com.ar\/#\/schema\/person\/image\/","url":"https:\/\/secure.gravatar.com\/avatar\/65eb4b34deed761327f5b2c5535b987318ae807900ac46426de7258f5de6d345?s=96&d=mm&r=g","contentUrl":"https:\/\/secure.gravatar.com\/avatar\/65eb4b34deed761327f5b2c5535b987318ae807900ac46426de7258f5de6d345?s=96&d=mm&r=g","caption":"Pepe Segura"},"url":"https:\/\/modoviajeok.com.ar\/index.php\/author\/pepe2025\/"}]}},"_links":{"self":[{"href":"https:\/\/modoviajeok.com.ar\/index.php\/wp-json\/wp\/v2\/posts\/5300","targetHints":{"allow":["GET"]}}],"collection":[{"href":"https:\/\/modoviajeok.com.ar\/index.php\/wp-json\/wp\/v2\/posts"}],"about":[{"href":"https:\/\/modoviajeok.com.ar\/index.php\/wp-json\/wp\/v2\/types\/post"}],"author":[{"embeddable":true,"href":"https:\/\/modoviajeok.com.ar\/index.php\/wp-json\/wp\/v2\/users\/3"}],"replies":[{"embeddable":true,"href":"https:\/\/modoviajeok.com.ar\/index.php\/wp-json\/wp\/v2\/comments?post=5300"}],"version-history":[{"count":2,"href":"https:\/\/modoviajeok.com.ar\/index.php\/wp-json\/wp\/v2\/posts\/5300\/revisions"}],"predecessor-version":[{"id":5305,"href":"https:\/\/modoviajeok.com.ar\/index.php\/wp-json\/wp\/v2\/posts\/5300\/revisions\/5305"}],"wp:featuredmedia":[{"embeddable":true,"href":"https:\/\/modoviajeok.com.ar\/index.php\/wp-json\/wp\/v2\/media\/5302"}],"wp:attachment":[{"href":"https:\/\/modoviajeok.com.ar\/index.php\/wp-json\/wp\/v2\/media?parent=5300"}],"wp:term":[{"taxonomy":"category","embeddable":true,"href":"https:\/\/modoviajeok.com.ar\/index.php\/wp-json\/wp\/v2\/categories?post=5300"},{"taxonomy":"post_tag","embeddable":true,"href":"https:\/\/modoviajeok.com.ar\/index.php\/wp-json\/wp\/v2\/tags?post=5300"}],"curies":[{"name":"wp","href":"https:\/\/api.w.org\/{rel}","templated":true}]}}