{"id":5330,"date":"2025-09-28T13:19:54","date_gmt":"2025-09-28T16:19:54","guid":{"rendered":"https:\/\/modoviajeok.com.ar\/?p=5330"},"modified":"2025-10-03T09:23:59","modified_gmt":"2025-10-03T12:23:59","slug":"cordoba-presento-la-ruta-del-motorhome-en-la-feria-internacional-de-turismo","status":"publish","type":"post","link":"https:\/\/modoviajeok.com.ar\/index.php\/2025\/09\/28\/cordoba-presento-la-ruta-del-motorhome-en-la-feria-internacional-de-turismo\/","title":{"rendered":"C\u00f3rdoba present\u00f3 la Ruta del Motorhome en la Feria Internacional de Turismo"},"content":{"rendered":"\n<p><\/p>\n\n\n\n<figure class=\"wp-block-pullquote\"><blockquote><p>La provincia fue la primera del pa\u00eds en mostrar un recorrido dise\u00f1ado especialmente para rodanteros, en el marco del primer d\u00eda de la Feria Internacional de Turismo en La Rural de Palermo.<br><br><\/p><\/blockquote><\/figure>\n\n\n\n<figure class=\"wp-block-image size-full\"><img loading=\"lazy\" decoding=\"async\" width=\"2560\" height=\"1697\" src=\"https:\/\/modoviajeok.com.ar\/wp-content\/uploads\/2025\/09\/WhatsApp-Image-2025-09-28-at-11.25.19-scaled.jpeg\" alt=\"\" class=\"wp-image-5334\" srcset=\"https:\/\/modoviajeok.com.ar\/wp-content\/uploads\/2025\/09\/WhatsApp-Image-2025-09-28-at-11.25.19-scaled.jpeg 2560w, https:\/\/modoviajeok.com.ar\/wp-content\/uploads\/2025\/09\/WhatsApp-Image-2025-09-28-at-11.25.19-768x509.jpeg 768w, https:\/\/modoviajeok.com.ar\/wp-content\/uploads\/2025\/09\/WhatsApp-Image-2025-09-28-at-11.25.19-1536x1018.jpeg 1536w, https:\/\/modoviajeok.com.ar\/wp-content\/uploads\/2025\/09\/WhatsApp-Image-2025-09-28-at-11.25.19-2048x1358.jpeg 2048w, https:\/\/modoviajeok.com.ar\/wp-content\/uploads\/2025\/09\/WhatsApp-Image-2025-09-28-at-11.25.19-634x420.jpeg 634w, https:\/\/modoviajeok.com.ar\/wp-content\/uploads\/2025\/09\/WhatsApp-Image-2025-09-28-at-11.25.19-150x99.jpeg 150w, https:\/\/modoviajeok.com.ar\/wp-content\/uploads\/2025\/09\/WhatsApp-Image-2025-09-28-at-11.25.19-300x199.jpeg 300w, https:\/\/modoviajeok.com.ar\/wp-content\/uploads\/2025\/09\/WhatsApp-Image-2025-09-28-at-11.25.19-696x461.jpeg 696w, https:\/\/modoviajeok.com.ar\/wp-content\/uploads\/2025\/09\/WhatsApp-Image-2025-09-28-at-11.25.19-1068x708.jpeg 1068w, https:\/\/modoviajeok.com.ar\/wp-content\/uploads\/2025\/09\/WhatsApp-Image-2025-09-28-at-11.25.19-1920x1273.jpeg 1920w\" sizes=\"auto, (max-width: 2560px) 100vw, 2560px\" \/><\/figure>\n\n\n\n<p>Con un stand renovado y gran convocatoria, C\u00f3rdoba abri\u00f3 su participaci\u00f3n en la Feria Internacional de Turismo (FIT) 2025, que comenz\u00f3 este s\u00e1bado 27 de septiembre en La Rural de Palermo. El lanzamiento de la Ruta del Motorhome se convirti\u00f3 en el gran protagonista de la jornada, marcando un hito para la provincia en la feria m\u00e1s importante del sector tur\u00edstico de Latinoam\u00e9rica.<\/p>\n\n\n\n<p>La Agencia C\u00f3rdoba Turismo present\u00f3 el trazado inicial de esta nueva propuesta, la primera en el pa\u00eds en ofrecer un recorrido pensado para quienes viajan en motorhome. Desarrollada en alianza estrat\u00e9gica entre el sector p\u00fablico y el privado, con la participaci\u00f3n de la empresa Cinzia, esta iniciativa conecta los principales atractivos tur\u00edsticos del territorio provincial y contempla puntos preparados para la provisi\u00f3n de agua potable, electricidad y descarga de aguas grises, brindando servicios de calidad para una experiencia \u00fanica de viaje sobre ruedas.<\/p>\n\n\n\n<figure class=\"wp-block-image size-full\"><img loading=\"lazy\" decoding=\"async\" width=\"1707\" height=\"2560\" src=\"https:\/\/modoviajeok.com.ar\/wp-content\/uploads\/2025\/09\/WhatsApp-Image-2025-09-28-at-11.25.20-scaled.jpeg\" alt=\"\" class=\"wp-image-5333\" srcset=\"https:\/\/modoviajeok.com.ar\/wp-content\/uploads\/2025\/09\/WhatsApp-Image-2025-09-28-at-11.25.20-scaled.jpeg 1707w, https:\/\/modoviajeok.com.ar\/wp-content\/uploads\/2025\/09\/WhatsApp-Image-2025-09-28-at-11.25.20-768x1152.jpeg 768w, https:\/\/modoviajeok.com.ar\/wp-content\/uploads\/2025\/09\/WhatsApp-Image-2025-09-28-at-11.25.20-1024x1536.jpeg 1024w, https:\/\/modoviajeok.com.ar\/wp-content\/uploads\/2025\/09\/WhatsApp-Image-2025-09-28-at-11.25.20-1366x2048.jpeg 1366w, https:\/\/modoviajeok.com.ar\/wp-content\/uploads\/2025\/09\/WhatsApp-Image-2025-09-28-at-11.25.20-280x420.jpeg 280w, https:\/\/modoviajeok.com.ar\/wp-content\/uploads\/2025\/09\/WhatsApp-Image-2025-09-28-at-11.25.20-150x225.jpeg 150w, https:\/\/modoviajeok.com.ar\/wp-content\/uploads\/2025\/09\/WhatsApp-Image-2025-09-28-at-11.25.20-300x450.jpeg 300w, https:\/\/modoviajeok.com.ar\/wp-content\/uploads\/2025\/09\/WhatsApp-Image-2025-09-28-at-11.25.20-696x1044.jpeg 696w, https:\/\/modoviajeok.com.ar\/wp-content\/uploads\/2025\/09\/WhatsApp-Image-2025-09-28-at-11.25.20-1068x1602.jpeg 1068w, https:\/\/modoviajeok.com.ar\/wp-content\/uploads\/2025\/09\/WhatsApp-Image-2025-09-28-at-11.25.20-1920x2879.jpeg 1920w\" sizes=\"auto, (max-width: 1707px) 100vw, 1707px\" \/><\/figure>\n\n\n\n<p>\u201cC\u00f3rdoba hace gala de su alianza estrat\u00e9gica entre el sector p\u00fablico y el privado. La nueva ruta del motorhome que estamos desarrollando y estar\u00e1 disponible a partir de noviembre es un ejemplo de c\u00f3mo planificando y trabajando juntos podemos generar productos tur\u00edsticos innovadores y con alto potencial de crecimiento. Este proyecto refleja el compromiso de municipios, comunas y prestadores para brindar infraestructura, conectividad y servicios de calidad, consolidando a C\u00f3rdoba como un destino l\u00edder en turismo de naturaleza y experiencias\u201d, destac\u00f3 Dar\u00edo Capitani, presidente de la Agencia C\u00f3rdoba Turismo.<\/p>\n\n\n\n<p>El stand cordob\u00e9s \u2014de 700 m\u00b2 y con 84 escritorios para atenci\u00f3n a operadores, municipios y p\u00fablico general\u2014 mostr\u00f3 durante la primera jornada una intensa agenda de actividades. Desde degustaciones gastron\u00f3micas y catas en el espacio Caminos del Vino, hasta experiencias de bienestar, shows en vivo y propuestas digitales en el Espacio Gamer, C\u00f3rdoba puso en escena su diversidad tur\u00edstica.<\/p>\n\n\n\n<p>En el escenario central, el Festival Nacional de Doma y Folklore de Jes\u00fas Mar\u00eda y el Festival Nacional de Folklore de Cosqu\u00edn desplegaron todo su color y tradici\u00f3n con presentaciones art\u00edsticas a cargo de El indio Rojas, el grupo El Ceibo y cuerpos de baile folkl\u00f3ricos, llevando al p\u00fablico una muestra representativa de la m\u00fasica y la danza de C\u00f3rdoba.<\/p>\n\n\n\n<p>Entre las actividades destacadas del s\u00e1bado tambi\u00e9n se realizaron degustaciones de comidas t\u00edpicas de distintas localidades, charlas de bienestar y salud, y experiencias inmersivas para toda la familia.<\/p>\n\n\n\n<figure class=\"wp-block-image size-full\"><img loading=\"lazy\" decoding=\"async\" width=\"1280\" height=\"852\" src=\"https:\/\/modoviajeok.com.ar\/wp-content\/uploads\/2025\/09\/WhatsApp-Image-2025-09-28-at-11.25.26.jpeg\" alt=\"\" class=\"wp-image-5331\" srcset=\"https:\/\/modoviajeok.com.ar\/wp-content\/uploads\/2025\/09\/WhatsApp-Image-2025-09-28-at-11.25.26.jpeg 1280w, https:\/\/modoviajeok.com.ar\/wp-content\/uploads\/2025\/09\/WhatsApp-Image-2025-09-28-at-11.25.26-768x511.jpeg 768w, https:\/\/modoviajeok.com.ar\/wp-content\/uploads\/2025\/09\/WhatsApp-Image-2025-09-28-at-11.25.26-631x420.jpeg 631w, https:\/\/modoviajeok.com.ar\/wp-content\/uploads\/2025\/09\/WhatsApp-Image-2025-09-28-at-11.25.26-150x100.jpeg 150w, https:\/\/modoviajeok.com.ar\/wp-content\/uploads\/2025\/09\/WhatsApp-Image-2025-09-28-at-11.25.26-300x200.jpeg 300w, https:\/\/modoviajeok.com.ar\/wp-content\/uploads\/2025\/09\/WhatsApp-Image-2025-09-28-at-11.25.26-696x463.jpeg 696w, https:\/\/modoviajeok.com.ar\/wp-content\/uploads\/2025\/09\/WhatsApp-Image-2025-09-28-at-11.25.26-1068x711.jpeg 1068w\" sizes=\"auto, (max-width: 1280px) 100vw, 1280px\" \/><\/figure>\n\n\n\n<p>Adem\u00e1s, el Ente Ansenuza firm\u00f3 un acuerdo entre doce municipios de la regi\u00f3n que establece una hoja de ruta com\u00fan para fortalecer el desarrollo tur\u00edstico sostenible de Ansenuza, potenciando sus atractivos naturales y culturales, mejorando la infraestructura y profesionalizando la oferta local. Entre los principales ejes figuran la coordinaci\u00f3n intermunicipal, la capacitaci\u00f3n de actores tur\u00edsticos, la organizaci\u00f3n de un calendario de eventos regional, la promoci\u00f3n conjunta bajo la marca \u201cAnsenuza\u201d y la protecci\u00f3n del Parque Nacional y su biodiversidad.<\/p>\n","protected":false},"excerpt":{"rendered":"<p>La provincia fue la primera del pa\u00eds en mostrar un recorrido dise\u00f1ado especialmente para rodanteros, en el marco del primer d\u00eda de la Feria Internacional de Turismo en La Rural de Palermo. Con un stand renovado y gran convocatoria, C\u00f3rdoba abri\u00f3 su participaci\u00f3n en la Feria Internacional de Turismo (FIT) 2025, que comenz\u00f3 este s\u00e1bado [&hellip;]<\/p>\n","protected":false},"author":3,"featured_media":5332,"comment_status":"open","ping_status":"open","sticky":false,"template":"","format":"standard","meta":{"_acf_changed":false,"footnotes":""},"categories":[13,11,10,12],"tags":[320,548,1225,1234],"class_list":{"0":"post-5330","1":"post","2":"type-post","3":"status-publish","4":"format-standard","5":"has-post-thumbnail","7":"category-argentina","8":"category-cordoba","9":"category-noticias","10":"category-novedades","11":"tag-agencia-cordoba-turismo","12":"tag-ansenuza","13":"tag-feria-internacional-de-turismo","14":"tag-motorhome"},"acf":[],"yoast_head":"<!-- This site is optimized with the Yoast SEO plugin v24.8.1 - https:\/\/yoast.com\/wordpress\/plugins\/seo\/ -->\n<title>C\u00f3rdoba present\u00f3 la Ruta del Motorhome en la Feria Internacional de Turismo -<\/title>\n<meta name=\"robots\" content=\"index, follow, max-snippet:-1, max-image-preview:large, max-video-preview:-1\" \/>\n<link rel=\"canonical\" href=\"https:\/\/modoviajeok.com.ar\/index.php\/2025\/09\/28\/cordoba-presento-la-ruta-del-motorhome-en-la-feria-internacional-de-turismo\/\" \/>\n<meta property=\"og:locale\" content=\"es_ES\" \/>\n<meta property=\"og:type\" content=\"article\" \/>\n<meta property=\"og:title\" content=\"C\u00f3rdoba present\u00f3 la Ruta del Motorhome en la Feria Internacional de Turismo -\" \/>\n<meta property=\"og:description\" content=\"La provincia fue la primera del pa\u00eds en mostrar un recorrido dise\u00f1ado especialmente para rodanteros, en el marco del primer d\u00eda de la Feria Internacional de Turismo en La Rural de Palermo. Con un stand renovado y gran convocatoria, C\u00f3rdoba abri\u00f3 su participaci\u00f3n en la Feria Internacional de Turismo (FIT) 2025, que comenz\u00f3 este s\u00e1bado [&hellip;]\" \/>\n<meta property=\"og:url\" content=\"https:\/\/modoviajeok.com.ar\/index.php\/2025\/09\/28\/cordoba-presento-la-ruta-del-motorhome-en-la-feria-internacional-de-turismo\/\" \/>\n<meta property=\"article:publisher\" content=\"https:\/\/www.facebook.com\/mariana.otero1\/\" \/>\n<meta property=\"article:published_time\" content=\"2025-09-28T16:19:54+00:00\" \/>\n<meta property=\"article:modified_time\" content=\"2025-10-03T12:23:59+00:00\" \/>\n<meta property=\"og:image\" content=\"https:\/\/modoviajeok.com.ar\/wp-content\/uploads\/2025\/09\/WhatsApp-Image-2025-09-28-at-11.25.24-scaled.jpeg\" \/>\n\t<meta property=\"og:image:width\" content=\"2560\" \/>\n\t<meta property=\"og:image:height\" content=\"1440\" \/>\n\t<meta property=\"og:image:type\" content=\"image\/jpeg\" \/>\n<meta name=\"author\" content=\"Pepe Segura\" \/>\n<meta name=\"twitter:card\" content=\"summary_large_image\" \/>\n<meta name=\"twitter:label1\" content=\"Escrito por\" \/>\n\t<meta name=\"twitter:data1\" content=\"Pepe Segura\" \/>\n\t<meta name=\"twitter:label2\" content=\"Tiempo de lectura\" \/>\n\t<meta name=\"twitter:data2\" content=\"3 minutos\" \/>\n<script type=\"application\/ld+json\" class=\"yoast-schema-graph\">{\"@context\":\"https:\/\/schema.org\",\"@graph\":[{\"@type\":\"Article\",\"@id\":\"https:\/\/modoviajeok.com.ar\/index.php\/2025\/09\/28\/cordoba-presento-la-ruta-del-motorhome-en-la-feria-internacional-de-turismo\/#article\",\"isPartOf\":{\"@id\":\"https:\/\/modoviajeok.com.ar\/index.php\/2025\/09\/28\/cordoba-presento-la-ruta-del-motorhome-en-la-feria-internacional-de-turismo\/\"},\"author\":{\"name\":\"Pepe Segura\",\"@id\":\"https:\/\/modoviajeok.com.ar\/#\/schema\/person\/2e299ed0d3d412a01d244fe28260d7f5\"},\"headline\":\"C\u00f3rdoba present\u00f3 la Ruta del Motorhome en la Feria Internacional de Turismo\",\"datePublished\":\"2025-09-28T16:19:54+00:00\",\"dateModified\":\"2025-10-03T12:23:59+00:00\",\"mainEntityOfPage\":{\"@id\":\"https:\/\/modoviajeok.com.ar\/index.php\/2025\/09\/28\/cordoba-presento-la-ruta-del-motorhome-en-la-feria-internacional-de-turismo\/\"},\"wordCount\":556,\"commentCount\":0,\"publisher\":{\"@id\":\"https:\/\/modoviajeok.com.ar\/#organization\"},\"image\":{\"@id\":\"https:\/\/modoviajeok.com.ar\/index.php\/2025\/09\/28\/cordoba-presento-la-ruta-del-motorhome-en-la-feria-internacional-de-turismo\/#primaryimage\"},\"thumbnailUrl\":\"https:\/\/modoviajeok.com.ar\/wp-content\/uploads\/2025\/09\/WhatsApp-Image-2025-09-28-at-11.25.24-scaled.jpeg\",\"keywords\":[\"Agencia C\u00f3rdoba Turismo\",\"ansenuza\",\"feria internacional de turismo\",\"motorhome\"],\"articleSection\":[\"Argentina\",\"C\u00f3rdoba\",\"Noticias\",\"Novedades\"],\"inLanguage\":\"es\",\"potentialAction\":[{\"@type\":\"CommentAction\",\"name\":\"Comment\",\"target\":[\"https:\/\/modoviajeok.com.ar\/index.php\/2025\/09\/28\/cordoba-presento-la-ruta-del-motorhome-en-la-feria-internacional-de-turismo\/#respond\"]}]},{\"@type\":\"WebPage\",\"@id\":\"https:\/\/modoviajeok.com.ar\/index.php\/2025\/09\/28\/cordoba-presento-la-ruta-del-motorhome-en-la-feria-internacional-de-turismo\/\",\"url\":\"https:\/\/modoviajeok.com.ar\/index.php\/2025\/09\/28\/cordoba-presento-la-ruta-del-motorhome-en-la-feria-internacional-de-turismo\/\",\"name\":\"C\u00f3rdoba present\u00f3 la Ruta del Motorhome en la Feria Internacional de Turismo -\",\"isPartOf\":{\"@id\":\"https:\/\/modoviajeok.com.ar\/#website\"},\"primaryImageOfPage\":{\"@id\":\"https:\/\/modoviajeok.com.ar\/index.php\/2025\/09\/28\/cordoba-presento-la-ruta-del-motorhome-en-la-feria-internacional-de-turismo\/#primaryimage\"},\"image\":{\"@id\":\"https:\/\/modoviajeok.com.ar\/index.php\/2025\/09\/28\/cordoba-presento-la-ruta-del-motorhome-en-la-feria-internacional-de-turismo\/#primaryimage\"},\"thumbnailUrl\":\"https:\/\/modoviajeok.com.ar\/wp-content\/uploads\/2025\/09\/WhatsApp-Image-2025-09-28-at-11.25.24-scaled.jpeg\",\"datePublished\":\"2025-09-28T16:19:54+00:00\",\"dateModified\":\"2025-10-03T12:23:59+00:00\",\"breadcrumb\":{\"@id\":\"https:\/\/modoviajeok.com.ar\/index.php\/2025\/09\/28\/cordoba-presento-la-ruta-del-motorhome-en-la-feria-internacional-de-turismo\/#breadcrumb\"},\"inLanguage\":\"es\",\"potentialAction\":[{\"@type\":\"ReadAction\",\"target\":[\"https:\/\/modoviajeok.com.ar\/index.php\/2025\/09\/28\/cordoba-presento-la-ruta-del-motorhome-en-la-feria-internacional-de-turismo\/\"]}]},{\"@type\":\"ImageObject\",\"inLanguage\":\"es\",\"@id\":\"https:\/\/modoviajeok.com.ar\/index.php\/2025\/09\/28\/cordoba-presento-la-ruta-del-motorhome-en-la-feria-internacional-de-turismo\/#primaryimage\",\"url\":\"https:\/\/modoviajeok.com.ar\/wp-content\/uploads\/2025\/09\/WhatsApp-Image-2025-09-28-at-11.25.24-scaled.jpeg\",\"contentUrl\":\"https:\/\/modoviajeok.com.ar\/wp-content\/uploads\/2025\/09\/WhatsApp-Image-2025-09-28-at-11.25.24-scaled.jpeg\",\"width\":2560,\"height\":1440},{\"@type\":\"BreadcrumbList\",\"@id\":\"https:\/\/modoviajeok.com.ar\/index.php\/2025\/09\/28\/cordoba-presento-la-ruta-del-motorhome-en-la-feria-internacional-de-turismo\/#breadcrumb\",\"itemListElement\":[{\"@type\":\"ListItem\",\"position\":1,\"name\":\"Portada\",\"item\":\"https:\/\/modoviajeok.com.ar\/\"},{\"@type\":\"ListItem\",\"position\":2,\"name\":\"C\u00f3rdoba present\u00f3 la Ruta del Motorhome en la Feria Internacional de Turismo\"}]},{\"@type\":\"WebSite\",\"@id\":\"https:\/\/modoviajeok.com.ar\/#website\",\"url\":\"https:\/\/modoviajeok.com.ar\/\",\"name\":\"ModoViajeOK\",\"description\":\"\",\"publisher\":{\"@id\":\"https:\/\/modoviajeok.com.ar\/#organization\"},\"potentialAction\":[{\"@type\":\"SearchAction\",\"target\":{\"@type\":\"EntryPoint\",\"urlTemplate\":\"https:\/\/modoviajeok.com.ar\/?s={search_term_string}\"},\"query-input\":{\"@type\":\"PropertyValueSpecification\",\"valueRequired\":true,\"valueName\":\"search_term_string\"}}],\"inLanguage\":\"es\"},{\"@type\":\"Organization\",\"@id\":\"https:\/\/modoviajeok.com.ar\/#organization\",\"name\":\"ModoViajeOK\",\"url\":\"https:\/\/modoviajeok.com.ar\/\",\"logo\":{\"@type\":\"ImageObject\",\"inLanguage\":\"es\",\"@id\":\"https:\/\/modoviajeok.com.ar\/#\/schema\/logo\/image\/\",\"url\":\"https:\/\/modoviajeok.com.ar\/wp-content\/uploads\/2025\/01\/Logo-modoviajeok.png\",\"contentUrl\":\"https:\/\/modoviajeok.com.ar\/wp-content\/uploads\/2025\/01\/Logo-modoviajeok.png\",\"width\":2938,\"height\":2276,\"caption\":\"ModoViajeOK\"},\"image\":{\"@id\":\"https:\/\/modoviajeok.com.ar\/#\/schema\/logo\/image\/\"},\"sameAs\":[\"https:\/\/www.facebook.com\/mariana.otero1\/\",\"https:\/\/www.instagram.com\/modoviaje.ok\/\"]},{\"@type\":\"Person\",\"@id\":\"https:\/\/modoviajeok.com.ar\/#\/schema\/person\/2e299ed0d3d412a01d244fe28260d7f5\",\"name\":\"Pepe Segura\",\"image\":{\"@type\":\"ImageObject\",\"inLanguage\":\"es\",\"@id\":\"https:\/\/modoviajeok.com.ar\/#\/schema\/person\/image\/\",\"url\":\"https:\/\/secure.gravatar.com\/avatar\/65eb4b34deed761327f5b2c5535b987318ae807900ac46426de7258f5de6d345?s=96&d=mm&r=g\",\"contentUrl\":\"https:\/\/secure.gravatar.com\/avatar\/65eb4b34deed761327f5b2c5535b987318ae807900ac46426de7258f5de6d345?s=96&d=mm&r=g\",\"caption\":\"Pepe Segura\"},\"url\":\"https:\/\/modoviajeok.com.ar\/index.php\/author\/pepe2025\/\"}]}<\/script>\n<!-- \/ Yoast SEO plugin. -->","yoast_head_json":{"title":"C\u00f3rdoba present\u00f3 la Ruta del Motorhome en la Feria Internacional de Turismo -","robots":{"index":"index","follow":"follow","max-snippet":"max-snippet:-1","max-image-preview":"max-image-preview:large","max-video-preview":"max-video-preview:-1"},"canonical":"https:\/\/modoviajeok.com.ar\/index.php\/2025\/09\/28\/cordoba-presento-la-ruta-del-motorhome-en-la-feria-internacional-de-turismo\/","og_locale":"es_ES","og_type":"article","og_title":"C\u00f3rdoba present\u00f3 la Ruta del Motorhome en la Feria Internacional de Turismo -","og_description":"La provincia fue la primera del pa\u00eds en mostrar un recorrido dise\u00f1ado especialmente para rodanteros, en el marco del primer d\u00eda de la Feria Internacional de Turismo en La Rural de Palermo. Con un stand renovado y gran convocatoria, C\u00f3rdoba abri\u00f3 su participaci\u00f3n en la Feria Internacional de Turismo (FIT) 2025, que comenz\u00f3 este s\u00e1bado [&hellip;]","og_url":"https:\/\/modoviajeok.com.ar\/index.php\/2025\/09\/28\/cordoba-presento-la-ruta-del-motorhome-en-la-feria-internacional-de-turismo\/","article_publisher":"https:\/\/www.facebook.com\/mariana.otero1\/","article_published_time":"2025-09-28T16:19:54+00:00","article_modified_time":"2025-10-03T12:23:59+00:00","og_image":[{"width":2560,"height":1440,"url":"https:\/\/modoviajeok.com.ar\/wp-content\/uploads\/2025\/09\/WhatsApp-Image-2025-09-28-at-11.25.24-scaled.jpeg","type":"image\/jpeg"}],"author":"Pepe Segura","twitter_card":"summary_large_image","twitter_misc":{"Escrito por":"Pepe Segura","Tiempo de lectura":"3 minutos"},"schema":{"@context":"https:\/\/schema.org","@graph":[{"@type":"Article","@id":"https:\/\/modoviajeok.com.ar\/index.php\/2025\/09\/28\/cordoba-presento-la-ruta-del-motorhome-en-la-feria-internacional-de-turismo\/#article","isPartOf":{"@id":"https:\/\/modoviajeok.com.ar\/index.php\/2025\/09\/28\/cordoba-presento-la-ruta-del-motorhome-en-la-feria-internacional-de-turismo\/"},"author":{"name":"Pepe Segura","@id":"https:\/\/modoviajeok.com.ar\/#\/schema\/person\/2e299ed0d3d412a01d244fe28260d7f5"},"headline":"C\u00f3rdoba present\u00f3 la Ruta del Motorhome en la Feria Internacional de Turismo","datePublished":"2025-09-28T16:19:54+00:00","dateModified":"2025-10-03T12:23:59+00:00","mainEntityOfPage":{"@id":"https:\/\/modoviajeok.com.ar\/index.php\/2025\/09\/28\/cordoba-presento-la-ruta-del-motorhome-en-la-feria-internacional-de-turismo\/"},"wordCount":556,"commentCount":0,"publisher":{"@id":"https:\/\/modoviajeok.com.ar\/#organization"},"image":{"@id":"https:\/\/modoviajeok.com.ar\/index.php\/2025\/09\/28\/cordoba-presento-la-ruta-del-motorhome-en-la-feria-internacional-de-turismo\/#primaryimage"},"thumbnailUrl":"https:\/\/modoviajeok.com.ar\/wp-content\/uploads\/2025\/09\/WhatsApp-Image-2025-09-28-at-11.25.24-scaled.jpeg","keywords":["Agencia C\u00f3rdoba Turismo","ansenuza","feria internacional de turismo","motorhome"],"articleSection":["Argentina","C\u00f3rdoba","Noticias","Novedades"],"inLanguage":"es","potentialAction":[{"@type":"CommentAction","name":"Comment","target":["https:\/\/modoviajeok.com.ar\/index.php\/2025\/09\/28\/cordoba-presento-la-ruta-del-motorhome-en-la-feria-internacional-de-turismo\/#respond"]}]},{"@type":"WebPage","@id":"https:\/\/modoviajeok.com.ar\/index.php\/2025\/09\/28\/cordoba-presento-la-ruta-del-motorhome-en-la-feria-internacional-de-turismo\/","url":"https:\/\/modoviajeok.com.ar\/index.php\/2025\/09\/28\/cordoba-presento-la-ruta-del-motorhome-en-la-feria-internacional-de-turismo\/","name":"C\u00f3rdoba present\u00f3 la Ruta del Motorhome en la Feria Internacional de Turismo -","isPartOf":{"@id":"https:\/\/modoviajeok.com.ar\/#website"},"primaryImageOfPage":{"@id":"https:\/\/modoviajeok.com.ar\/index.php\/2025\/09\/28\/cordoba-presento-la-ruta-del-motorhome-en-la-feria-internacional-de-turismo\/#primaryimage"},"image":{"@id":"https:\/\/modoviajeok.com.ar\/index.php\/2025\/09\/28\/cordoba-presento-la-ruta-del-motorhome-en-la-feria-internacional-de-turismo\/#primaryimage"},"thumbnailUrl":"https:\/\/modoviajeok.com.ar\/wp-content\/uploads\/2025\/09\/WhatsApp-Image-2025-09-28-at-11.25.24-scaled.jpeg","datePublished":"2025-09-28T16:19:54+00:00","dateModified":"2025-10-03T12:23:59+00:00","breadcrumb":{"@id":"https:\/\/modoviajeok.com.ar\/index.php\/2025\/09\/28\/cordoba-presento-la-ruta-del-motorhome-en-la-feria-internacional-de-turismo\/#breadcrumb"},"inLanguage":"es","potentialAction":[{"@type":"ReadAction","target":["https:\/\/modoviajeok.com.ar\/index.php\/2025\/09\/28\/cordoba-presento-la-ruta-del-motorhome-en-la-feria-internacional-de-turismo\/"]}]},{"@type":"ImageObject","inLanguage":"es","@id":"https:\/\/modoviajeok.com.ar\/index.php\/2025\/09\/28\/cordoba-presento-la-ruta-del-motorhome-en-la-feria-internacional-de-turismo\/#primaryimage","url":"https:\/\/modoviajeok.com.ar\/wp-content\/uploads\/2025\/09\/WhatsApp-Image-2025-09-28-at-11.25.24-scaled.jpeg","contentUrl":"https:\/\/modoviajeok.com.ar\/wp-content\/uploads\/2025\/09\/WhatsApp-Image-2025-09-28-at-11.25.24-scaled.jpeg","width":2560,"height":1440},{"@type":"BreadcrumbList","@id":"https:\/\/modoviajeok.com.ar\/index.php\/2025\/09\/28\/cordoba-presento-la-ruta-del-motorhome-en-la-feria-internacional-de-turismo\/#breadcrumb","itemListElement":[{"@type":"ListItem","position":1,"name":"Portada","item":"https:\/\/modoviajeok.com.ar\/"},{"@type":"ListItem","position":2,"name":"C\u00f3rdoba present\u00f3 la Ruta del Motorhome en la Feria Internacional de Turismo"}]},{"@type":"WebSite","@id":"https:\/\/modoviajeok.com.ar\/#website","url":"https:\/\/modoviajeok.com.ar\/","name":"ModoViajeOK","description":"","publisher":{"@id":"https:\/\/modoviajeok.com.ar\/#organization"},"potentialAction":[{"@type":"SearchAction","target":{"@type":"EntryPoint","urlTemplate":"https:\/\/modoviajeok.com.ar\/?s={search_term_string}"},"query-input":{"@type":"PropertyValueSpecification","valueRequired":true,"valueName":"search_term_string"}}],"inLanguage":"es"},{"@type":"Organization","@id":"https:\/\/modoviajeok.com.ar\/#organization","name":"ModoViajeOK","url":"https:\/\/modoviajeok.com.ar\/","logo":{"@type":"ImageObject","inLanguage":"es","@id":"https:\/\/modoviajeok.com.ar\/#\/schema\/logo\/image\/","url":"https:\/\/modoviajeok.com.ar\/wp-content\/uploads\/2025\/01\/Logo-modoviajeok.png","contentUrl":"https:\/\/modoviajeok.com.ar\/wp-content\/uploads\/2025\/01\/Logo-modoviajeok.png","width":2938,"height":2276,"caption":"ModoViajeOK"},"image":{"@id":"https:\/\/modoviajeok.com.ar\/#\/schema\/logo\/image\/"},"sameAs":["https:\/\/www.facebook.com\/mariana.otero1\/","https:\/\/www.instagram.com\/modoviaje.ok\/"]},{"@type":"Person","@id":"https:\/\/modoviajeok.com.ar\/#\/schema\/person\/2e299ed0d3d412a01d244fe28260d7f5","name":"Pepe Segura","image":{"@type":"ImageObject","inLanguage":"es","@id":"https:\/\/modoviajeok.com.ar\/#\/schema\/person\/image\/","url":"https:\/\/secure.gravatar.com\/avatar\/65eb4b34deed761327f5b2c5535b987318ae807900ac46426de7258f5de6d345?s=96&d=mm&r=g","contentUrl":"https:\/\/secure.gravatar.com\/avatar\/65eb4b34deed761327f5b2c5535b987318ae807900ac46426de7258f5de6d345?s=96&d=mm&r=g","caption":"Pepe Segura"},"url":"https:\/\/modoviajeok.com.ar\/index.php\/author\/pepe2025\/"}]}},"_links":{"self":[{"href":"https:\/\/modoviajeok.com.ar\/index.php\/wp-json\/wp\/v2\/posts\/5330","targetHints":{"allow":["GET"]}}],"collection":[{"href":"https:\/\/modoviajeok.com.ar\/index.php\/wp-json\/wp\/v2\/posts"}],"about":[{"href":"https:\/\/modoviajeok.com.ar\/index.php\/wp-json\/wp\/v2\/types\/post"}],"author":[{"embeddable":true,"href":"https:\/\/modoviajeok.com.ar\/index.php\/wp-json\/wp\/v2\/users\/3"}],"replies":[{"embeddable":true,"href":"https:\/\/modoviajeok.com.ar\/index.php\/wp-json\/wp\/v2\/comments?post=5330"}],"version-history":[{"count":1,"href":"https:\/\/modoviajeok.com.ar\/index.php\/wp-json\/wp\/v2\/posts\/5330\/revisions"}],"predecessor-version":[{"id":5335,"href":"https:\/\/modoviajeok.com.ar\/index.php\/wp-json\/wp\/v2\/posts\/5330\/revisions\/5335"}],"wp:featuredmedia":[{"embeddable":true,"href":"https:\/\/modoviajeok.com.ar\/index.php\/wp-json\/wp\/v2\/media\/5332"}],"wp:attachment":[{"href":"https:\/\/modoviajeok.com.ar\/index.php\/wp-json\/wp\/v2\/media?parent=5330"}],"wp:term":[{"taxonomy":"category","embeddable":true,"href":"https:\/\/modoviajeok.com.ar\/index.php\/wp-json\/wp\/v2\/categories?post=5330"},{"taxonomy":"post_tag","embeddable":true,"href":"https:\/\/modoviajeok.com.ar\/index.php\/wp-json\/wp\/v2\/tags?post=5330"}],"curies":[{"name":"wp","href":"https:\/\/api.w.org\/{rel}","templated":true}]}}