{"id":5584,"date":"2025-10-02T09:45:05","date_gmt":"2025-10-02T12:45:05","guid":{"rendered":"https:\/\/modoviajeok.com.ar\/?p=5584"},"modified":"2025-10-09T16:31:31","modified_gmt":"2025-10-09T19:31:31","slug":"flybondi-amplio-su-oferta-de-vuelos-desde-cordoba-pasan-de-17-a-28-frecuencias-semanales","status":"publish","type":"post","link":"https:\/\/modoviajeok.com.ar\/index.php\/2025\/10\/02\/flybondi-amplio-su-oferta-de-vuelos-desde-cordoba-pasan-de-17-a-28-frecuencias-semanales\/","title":{"rendered":"Flybondi ampli\u00f3 su oferta de vuelos  C\u00f3rdoba &#8211; Buenos Aires: pasan de 17 a 28 frecuencias semanales"},"content":{"rendered":"\n<p><\/p>\n\n\n\n<figure class=\"wp-block-pullquote\"><blockquote><p>Lo anunci\u00f3 en el cierre de la FIT junto a la Agencia C\u00f3rdoba Turismo. Tambi\u00e9n aumentan las frecuencias a Bariloche, Salta y Neuqu\u00e9n. Desde diciembre habr\u00e1 nuevas rutas nacionales.<\/p><\/blockquote><\/figure>\n\n\n\n<p><\/p>\n\n\n\n<p>El cuarto y \u00faltimo d\u00eda de la Feria Internacional de Turismo 2025 volvi\u00f3 a tener a C\u00f3rdoba en el centro de la escena con anuncios que marcan un antes y un despu\u00e9s para el turismo provincial. La jornada tuvo como eje central la presentaci\u00f3n de nuevas rutas a\u00e9reas en C\u00f3rdoba de Flybondi, que ampliar\u00e1 la conectividad a\u00e9rea desde el Aeropuerto Internacional Ambrosio Taravella con nuevos vuelos nacionales e internacionales, fortaleciendo as\u00ed el rol de la provincia como punto estrat\u00e9gico en el mapa tur\u00edstico argentino y regional.<\/p>\n\n\n\n<p>En la presentaci\u00f3n, Dar\u00edo Capitani, presidente de la Agencia C\u00f3rdoba Turismo, y autoridades de Flybondi, destacaron que esta iniciativa es fruto del trabajo conjunto entre el sector p\u00fablico y privado, y que representa una oportunidad concreta para que m\u00e1s turistas lleguen a C\u00f3rdoba y desde aqu\u00ed puedan conectar con los principales destinos del pa\u00eds y la regi\u00f3n. El anuncio estuvo acompa\u00f1ado de un sorteo de pasajes, que sum\u00f3 un clima festivo y reforz\u00f3 la expectativa que genera este nuevo hub.<\/p>\n\n\n\n<figure class=\"wp-block-image size-full\"><img loading=\"lazy\" decoding=\"async\" width=\"1536\" height=\"1152\" src=\"https:\/\/modoviajeok.com.ar\/wp-content\/uploads\/2025\/10\/WhatsApp-Image-2025-09-30-at-20.23.45-1536x1152-1.jpeg\" alt=\"\" class=\"wp-image-5585\" srcset=\"https:\/\/modoviajeok.com.ar\/wp-content\/uploads\/2025\/10\/WhatsApp-Image-2025-09-30-at-20.23.45-1536x1152-1.jpeg 1536w, https:\/\/modoviajeok.com.ar\/wp-content\/uploads\/2025\/10\/WhatsApp-Image-2025-09-30-at-20.23.45-1536x1152-1-768x576.jpeg 768w, https:\/\/modoviajeok.com.ar\/wp-content\/uploads\/2025\/10\/WhatsApp-Image-2025-09-30-at-20.23.45-1536x1152-1-560x420.jpeg 560w, https:\/\/modoviajeok.com.ar\/wp-content\/uploads\/2025\/10\/WhatsApp-Image-2025-09-30-at-20.23.45-1536x1152-1-80x60.jpeg 80w, https:\/\/modoviajeok.com.ar\/wp-content\/uploads\/2025\/10\/WhatsApp-Image-2025-09-30-at-20.23.45-1536x1152-1-150x113.jpeg 150w, https:\/\/modoviajeok.com.ar\/wp-content\/uploads\/2025\/10\/WhatsApp-Image-2025-09-30-at-20.23.45-1536x1152-1-300x225.jpeg 300w, https:\/\/modoviajeok.com.ar\/wp-content\/uploads\/2025\/10\/WhatsApp-Image-2025-09-30-at-20.23.45-1536x1152-1-696x522.jpeg 696w, https:\/\/modoviajeok.com.ar\/wp-content\/uploads\/2025\/10\/WhatsApp-Image-2025-09-30-at-20.23.45-1536x1152-1-1068x801.jpeg 1068w, https:\/\/modoviajeok.com.ar\/wp-content\/uploads\/2025\/10\/WhatsApp-Image-2025-09-30-at-20.23.45-1536x1152-1-265x198.jpeg 265w\" sizes=\"auto, (max-width: 1536px) 100vw, 1536px\" \/><\/figure>\n\n\n\n<p><strong>C\u00f3rdoba crece en conectividad<\/strong><\/p>\n\n\n\n<p>Flybondi anunci\u00f3 un fuerte incremento en su operaci\u00f3n desde C\u00f3rdoba de cara a la pr\u00f3xima temporada de verano, consolidando la conectividad de la provincia. Las cuatro rutas nacionales ya operativas desde C\u00f3rdoba ver\u00e1n un aumento significativo en sus frecuencias entre diciembre y marzo. El trayecto a Buenos Aires sube un 65% (pasando de 17 a 28 vuelos semanales), mientras que las rutas a Bariloche y Salta experimentar\u00e1n un aumento de m\u00e1s del 130%, ofreciendo un vuelo diario en cada una. La conexi\u00f3n con Neuqu\u00e9n tambi\u00e9n crecer\u00e1 m\u00e1s del 75%, llegando a siete vuelos semanales.<\/p>\n\n\n\n<p>Adem\u00e1s de este refuerzo, la compa\u00f1\u00eda sumar\u00e1 tres nuevas rutas nacionales a partir de diciembre, que estar\u00e1n disponibles a la venta en octubre: C\u00f3rdoba-Ushuaia, C\u00f3rdoba-Puerto Iguaz\u00fa y C\u00f3rdoba-El Calafate. Esta expansi\u00f3n complementa la oferta internacional, que ya incluye destinos a Brasil (R\u00edo de Janeiro y Florian\u00f3polis) y Paraguay (Asunci\u00f3n). Para celebrar la ampliaci\u00f3n de vuelos, Flybondi lanz\u00f3 el promocode FLYCORDOBA, que ofrece un 20% de descuento en pasajes nacionales y un 10% en internacionales para compras en su web.<\/p>\n\n\n\n<p><strong>Reconocimiento al turismo cordob\u00e9s<\/strong><\/p>\n\n\n\n<p>Durante la \u00faltima jornada quedo confirmado que los Premios Bit\u00e1cora 2025, el m\u00e1ximo reconocimiento de la industria tur\u00edstica nacional, se realizar\u00e1n por primera vez fuera de Buenos Aires y ser\u00e1 en C\u00f3rdoba, en noviembre pr\u00f3ximo. Adem\u00e1s, un dia antes, se entregar\u00e1n los Premios Bit\u00e1cora C\u00f3rdoba, que distinguir\u00e1n a referentes y protagonistas de la actividad tur\u00edstica provincial.<\/p>\n","protected":false},"excerpt":{"rendered":"<p>Lo anunci\u00f3 en el cierre de la FIT junto a la Agencia C\u00f3rdoba Turismo. Tambi\u00e9n aumentan las frecuencias a Bariloche, Salta y Neuqu\u00e9n. Desde diciembre habr\u00e1 nuevas rutas nacionales. El cuarto y \u00faltimo d\u00eda de la Feria Internacional de Turismo 2025 volvi\u00f3 a tener a C\u00f3rdoba en el centro de la escena con anuncios que [&hellip;]<\/p>\n","protected":false},"author":3,"featured_media":5586,"comment_status":"open","ping_status":"open","sticky":false,"template":"","format":"standard","meta":{"_acf_changed":false,"footnotes":""},"categories":[11,10,12],"tags":[345,875],"class_list":{"0":"post-5584","1":"post","2":"type-post","3":"status-publish","4":"format-standard","5":"has-post-thumbnail","7":"category-cordoba","8":"category-noticias","9":"category-novedades","10":"tag-agencia-cordoba-turismo-2","11":"tag-flybondi"},"acf":[],"yoast_head":"<!-- This site is optimized with the Yoast SEO plugin v24.8.1 - https:\/\/yoast.com\/wordpress\/plugins\/seo\/ -->\n<title>Flybondi ampli\u00f3 su oferta de vuelos C\u00f3rdoba - Buenos Aires: pasan de 17 a 28 frecuencias semanales -<\/title>\n<meta name=\"description\" content=\"Lo anunci\u00f3 en el cierre de la FIT junto a la Agencia C\u00f3rdoba Turismo. Tambi\u00e9n aumentan las frecuencias a Bariloche, Salta y Neuqu\u00e9n.\" \/>\n<meta name=\"robots\" content=\"index, follow, max-snippet:-1, max-image-preview:large, max-video-preview:-1\" \/>\n<link rel=\"canonical\" href=\"https:\/\/modoviajeok.com.ar\/index.php\/2025\/10\/02\/flybondi-amplio-su-oferta-de-vuelos-desde-cordoba-pasan-de-17-a-28-frecuencias-semanales\/\" \/>\n<meta property=\"og:locale\" content=\"es_ES\" \/>\n<meta property=\"og:type\" content=\"article\" \/>\n<meta property=\"og:title\" content=\"Flybondi ampli\u00f3 su oferta de vuelos C\u00f3rdoba - Buenos Aires: pasan de 17 a 28 frecuencias semanales -\" \/>\n<meta property=\"og:description\" content=\"Lo anunci\u00f3 en el cierre de la FIT junto a la Agencia C\u00f3rdoba Turismo. Tambi\u00e9n aumentan las frecuencias a Bariloche, Salta y Neuqu\u00e9n.\" \/>\n<meta property=\"og:url\" content=\"https:\/\/modoviajeok.com.ar\/index.php\/2025\/10\/02\/flybondi-amplio-su-oferta-de-vuelos-desde-cordoba-pasan-de-17-a-28-frecuencias-semanales\/\" \/>\n<meta property=\"article:publisher\" content=\"https:\/\/www.facebook.com\/mariana.otero1\/\" \/>\n<meta property=\"article:published_time\" content=\"2025-10-02T12:45:05+00:00\" \/>\n<meta property=\"article:modified_time\" content=\"2025-10-09T19:31:31+00:00\" \/>\n<meta property=\"og:image\" content=\"https:\/\/modoviajeok.com.ar\/wp-content\/uploads\/2025\/10\/Pasajeros-Flybondi-PLACA-2-1536x864-1.jpg\" \/>\n\t<meta property=\"og:image:width\" content=\"1536\" \/>\n\t<meta property=\"og:image:height\" content=\"864\" \/>\n\t<meta property=\"og:image:type\" content=\"image\/jpeg\" \/>\n<meta name=\"author\" content=\"Pepe Segura\" \/>\n<meta name=\"twitter:card\" content=\"summary_large_image\" \/>\n<meta name=\"twitter:label1\" content=\"Escrito por\" \/>\n\t<meta name=\"twitter:data1\" content=\"Pepe Segura\" \/>\n\t<meta name=\"twitter:label2\" content=\"Tiempo de lectura\" \/>\n\t<meta name=\"twitter:data2\" content=\"3 minutos\" \/>\n<script type=\"application\/ld+json\" class=\"yoast-schema-graph\">{\"@context\":\"https:\/\/schema.org\",\"@graph\":[{\"@type\":\"Article\",\"@id\":\"https:\/\/modoviajeok.com.ar\/index.php\/2025\/10\/02\/flybondi-amplio-su-oferta-de-vuelos-desde-cordoba-pasan-de-17-a-28-frecuencias-semanales\/#article\",\"isPartOf\":{\"@id\":\"https:\/\/modoviajeok.com.ar\/index.php\/2025\/10\/02\/flybondi-amplio-su-oferta-de-vuelos-desde-cordoba-pasan-de-17-a-28-frecuencias-semanales\/\"},\"author\":{\"name\":\"Pepe Segura\",\"@id\":\"https:\/\/modoviajeok.com.ar\/#\/schema\/person\/2e299ed0d3d412a01d244fe28260d7f5\"},\"headline\":\"Flybondi ampli\u00f3 su oferta de vuelos C\u00f3rdoba &#8211; Buenos Aires: pasan de 17 a 28 frecuencias semanales\",\"datePublished\":\"2025-10-02T12:45:05+00:00\",\"dateModified\":\"2025-10-09T19:31:31+00:00\",\"mainEntityOfPage\":{\"@id\":\"https:\/\/modoviajeok.com.ar\/index.php\/2025\/10\/02\/flybondi-amplio-su-oferta-de-vuelos-desde-cordoba-pasan-de-17-a-28-frecuencias-semanales\/\"},\"wordCount\":496,\"commentCount\":0,\"publisher\":{\"@id\":\"https:\/\/modoviajeok.com.ar\/#organization\"},\"image\":{\"@id\":\"https:\/\/modoviajeok.com.ar\/index.php\/2025\/10\/02\/flybondi-amplio-su-oferta-de-vuelos-desde-cordoba-pasan-de-17-a-28-frecuencias-semanales\/#primaryimage\"},\"thumbnailUrl\":\"https:\/\/modoviajeok.com.ar\/wp-content\/uploads\/2025\/10\/Pasajeros-Flybondi-PLACA-2-1536x864-1.jpg\",\"keywords\":[\"agencia cordoba turismo\",\"flybondi\"],\"articleSection\":[\"C\u00f3rdoba\",\"Noticias\",\"Novedades\"],\"inLanguage\":\"es\",\"potentialAction\":[{\"@type\":\"CommentAction\",\"name\":\"Comment\",\"target\":[\"https:\/\/modoviajeok.com.ar\/index.php\/2025\/10\/02\/flybondi-amplio-su-oferta-de-vuelos-desde-cordoba-pasan-de-17-a-28-frecuencias-semanales\/#respond\"]}]},{\"@type\":\"WebPage\",\"@id\":\"https:\/\/modoviajeok.com.ar\/index.php\/2025\/10\/02\/flybondi-amplio-su-oferta-de-vuelos-desde-cordoba-pasan-de-17-a-28-frecuencias-semanales\/\",\"url\":\"https:\/\/modoviajeok.com.ar\/index.php\/2025\/10\/02\/flybondi-amplio-su-oferta-de-vuelos-desde-cordoba-pasan-de-17-a-28-frecuencias-semanales\/\",\"name\":\"Flybondi ampli\u00f3 su oferta de vuelos C\u00f3rdoba - Buenos Aires: pasan de 17 a 28 frecuencias semanales -\",\"isPartOf\":{\"@id\":\"https:\/\/modoviajeok.com.ar\/#website\"},\"primaryImageOfPage\":{\"@id\":\"https:\/\/modoviajeok.com.ar\/index.php\/2025\/10\/02\/flybondi-amplio-su-oferta-de-vuelos-desde-cordoba-pasan-de-17-a-28-frecuencias-semanales\/#primaryimage\"},\"image\":{\"@id\":\"https:\/\/modoviajeok.com.ar\/index.php\/2025\/10\/02\/flybondi-amplio-su-oferta-de-vuelos-desde-cordoba-pasan-de-17-a-28-frecuencias-semanales\/#primaryimage\"},\"thumbnailUrl\":\"https:\/\/modoviajeok.com.ar\/wp-content\/uploads\/2025\/10\/Pasajeros-Flybondi-PLACA-2-1536x864-1.jpg\",\"datePublished\":\"2025-10-02T12:45:05+00:00\",\"dateModified\":\"2025-10-09T19:31:31+00:00\",\"description\":\"Lo anunci\u00f3 en el cierre de la FIT junto a la Agencia C\u00f3rdoba Turismo. Tambi\u00e9n aumentan las frecuencias a Bariloche, Salta y Neuqu\u00e9n.\",\"breadcrumb\":{\"@id\":\"https:\/\/modoviajeok.com.ar\/index.php\/2025\/10\/02\/flybondi-amplio-su-oferta-de-vuelos-desde-cordoba-pasan-de-17-a-28-frecuencias-semanales\/#breadcrumb\"},\"inLanguage\":\"es\",\"potentialAction\":[{\"@type\":\"ReadAction\",\"target\":[\"https:\/\/modoviajeok.com.ar\/index.php\/2025\/10\/02\/flybondi-amplio-su-oferta-de-vuelos-desde-cordoba-pasan-de-17-a-28-frecuencias-semanales\/\"]}]},{\"@type\":\"ImageObject\",\"inLanguage\":\"es\",\"@id\":\"https:\/\/modoviajeok.com.ar\/index.php\/2025\/10\/02\/flybondi-amplio-su-oferta-de-vuelos-desde-cordoba-pasan-de-17-a-28-frecuencias-semanales\/#primaryimage\",\"url\":\"https:\/\/modoviajeok.com.ar\/wp-content\/uploads\/2025\/10\/Pasajeros-Flybondi-PLACA-2-1536x864-1.jpg\",\"contentUrl\":\"https:\/\/modoviajeok.com.ar\/wp-content\/uploads\/2025\/10\/Pasajeros-Flybondi-PLACA-2-1536x864-1.jpg\",\"width\":1536,\"height\":864},{\"@type\":\"BreadcrumbList\",\"@id\":\"https:\/\/modoviajeok.com.ar\/index.php\/2025\/10\/02\/flybondi-amplio-su-oferta-de-vuelos-desde-cordoba-pasan-de-17-a-28-frecuencias-semanales\/#breadcrumb\",\"itemListElement\":[{\"@type\":\"ListItem\",\"position\":1,\"name\":\"Portada\",\"item\":\"https:\/\/modoviajeok.com.ar\/\"},{\"@type\":\"ListItem\",\"position\":2,\"name\":\"Flybondi ampli\u00f3 su oferta de vuelos C\u00f3rdoba &#8211; Buenos Aires: pasan de 17 a 28 frecuencias semanales\"}]},{\"@type\":\"WebSite\",\"@id\":\"https:\/\/modoviajeok.com.ar\/#website\",\"url\":\"https:\/\/modoviajeok.com.ar\/\",\"name\":\"ModoViajeOK\",\"description\":\"\",\"publisher\":{\"@id\":\"https:\/\/modoviajeok.com.ar\/#organization\"},\"potentialAction\":[{\"@type\":\"SearchAction\",\"target\":{\"@type\":\"EntryPoint\",\"urlTemplate\":\"https:\/\/modoviajeok.com.ar\/?s={search_term_string}\"},\"query-input\":{\"@type\":\"PropertyValueSpecification\",\"valueRequired\":true,\"valueName\":\"search_term_string\"}}],\"inLanguage\":\"es\"},{\"@type\":\"Organization\",\"@id\":\"https:\/\/modoviajeok.com.ar\/#organization\",\"name\":\"ModoViajeOK\",\"url\":\"https:\/\/modoviajeok.com.ar\/\",\"logo\":{\"@type\":\"ImageObject\",\"inLanguage\":\"es\",\"@id\":\"https:\/\/modoviajeok.com.ar\/#\/schema\/logo\/image\/\",\"url\":\"https:\/\/modoviajeok.com.ar\/wp-content\/uploads\/2025\/01\/Logo-modoviajeok.png\",\"contentUrl\":\"https:\/\/modoviajeok.com.ar\/wp-content\/uploads\/2025\/01\/Logo-modoviajeok.png\",\"width\":2938,\"height\":2276,\"caption\":\"ModoViajeOK\"},\"image\":{\"@id\":\"https:\/\/modoviajeok.com.ar\/#\/schema\/logo\/image\/\"},\"sameAs\":[\"https:\/\/www.facebook.com\/mariana.otero1\/\",\"https:\/\/www.instagram.com\/modoviaje.ok\/\"]},{\"@type\":\"Person\",\"@id\":\"https:\/\/modoviajeok.com.ar\/#\/schema\/person\/2e299ed0d3d412a01d244fe28260d7f5\",\"name\":\"Pepe Segura\",\"image\":{\"@type\":\"ImageObject\",\"inLanguage\":\"es\",\"@id\":\"https:\/\/modoviajeok.com.ar\/#\/schema\/person\/image\/\",\"url\":\"https:\/\/secure.gravatar.com\/avatar\/65eb4b34deed761327f5b2c5535b987318ae807900ac46426de7258f5de6d345?s=96&d=mm&r=g\",\"contentUrl\":\"https:\/\/secure.gravatar.com\/avatar\/65eb4b34deed761327f5b2c5535b987318ae807900ac46426de7258f5de6d345?s=96&d=mm&r=g\",\"caption\":\"Pepe Segura\"},\"url\":\"https:\/\/modoviajeok.com.ar\/index.php\/author\/pepe2025\/\"}]}<\/script>\n<!-- \/ Yoast SEO plugin. -->","yoast_head_json":{"title":"Flybondi ampli\u00f3 su oferta de vuelos C\u00f3rdoba - Buenos Aires: pasan de 17 a 28 frecuencias semanales -","description":"Lo anunci\u00f3 en el cierre de la FIT junto a la Agencia C\u00f3rdoba Turismo. Tambi\u00e9n aumentan las frecuencias a Bariloche, Salta y Neuqu\u00e9n.","robots":{"index":"index","follow":"follow","max-snippet":"max-snippet:-1","max-image-preview":"max-image-preview:large","max-video-preview":"max-video-preview:-1"},"canonical":"https:\/\/modoviajeok.com.ar\/index.php\/2025\/10\/02\/flybondi-amplio-su-oferta-de-vuelos-desde-cordoba-pasan-de-17-a-28-frecuencias-semanales\/","og_locale":"es_ES","og_type":"article","og_title":"Flybondi ampli\u00f3 su oferta de vuelos C\u00f3rdoba - Buenos Aires: pasan de 17 a 28 frecuencias semanales -","og_description":"Lo anunci\u00f3 en el cierre de la FIT junto a la Agencia C\u00f3rdoba Turismo. Tambi\u00e9n aumentan las frecuencias a Bariloche, Salta y Neuqu\u00e9n.","og_url":"https:\/\/modoviajeok.com.ar\/index.php\/2025\/10\/02\/flybondi-amplio-su-oferta-de-vuelos-desde-cordoba-pasan-de-17-a-28-frecuencias-semanales\/","article_publisher":"https:\/\/www.facebook.com\/mariana.otero1\/","article_published_time":"2025-10-02T12:45:05+00:00","article_modified_time":"2025-10-09T19:31:31+00:00","og_image":[{"width":1536,"height":864,"url":"https:\/\/modoviajeok.com.ar\/wp-content\/uploads\/2025\/10\/Pasajeros-Flybondi-PLACA-2-1536x864-1.jpg","type":"image\/jpeg"}],"author":"Pepe Segura","twitter_card":"summary_large_image","twitter_misc":{"Escrito por":"Pepe Segura","Tiempo de lectura":"3 minutos"},"schema":{"@context":"https:\/\/schema.org","@graph":[{"@type":"Article","@id":"https:\/\/modoviajeok.com.ar\/index.php\/2025\/10\/02\/flybondi-amplio-su-oferta-de-vuelos-desde-cordoba-pasan-de-17-a-28-frecuencias-semanales\/#article","isPartOf":{"@id":"https:\/\/modoviajeok.com.ar\/index.php\/2025\/10\/02\/flybondi-amplio-su-oferta-de-vuelos-desde-cordoba-pasan-de-17-a-28-frecuencias-semanales\/"},"author":{"name":"Pepe Segura","@id":"https:\/\/modoviajeok.com.ar\/#\/schema\/person\/2e299ed0d3d412a01d244fe28260d7f5"},"headline":"Flybondi ampli\u00f3 su oferta de vuelos C\u00f3rdoba &#8211; Buenos Aires: pasan de 17 a 28 frecuencias semanales","datePublished":"2025-10-02T12:45:05+00:00","dateModified":"2025-10-09T19:31:31+00:00","mainEntityOfPage":{"@id":"https:\/\/modoviajeok.com.ar\/index.php\/2025\/10\/02\/flybondi-amplio-su-oferta-de-vuelos-desde-cordoba-pasan-de-17-a-28-frecuencias-semanales\/"},"wordCount":496,"commentCount":0,"publisher":{"@id":"https:\/\/modoviajeok.com.ar\/#organization"},"image":{"@id":"https:\/\/modoviajeok.com.ar\/index.php\/2025\/10\/02\/flybondi-amplio-su-oferta-de-vuelos-desde-cordoba-pasan-de-17-a-28-frecuencias-semanales\/#primaryimage"},"thumbnailUrl":"https:\/\/modoviajeok.com.ar\/wp-content\/uploads\/2025\/10\/Pasajeros-Flybondi-PLACA-2-1536x864-1.jpg","keywords":["agencia cordoba turismo","flybondi"],"articleSection":["C\u00f3rdoba","Noticias","Novedades"],"inLanguage":"es","potentialAction":[{"@type":"CommentAction","name":"Comment","target":["https:\/\/modoviajeok.com.ar\/index.php\/2025\/10\/02\/flybondi-amplio-su-oferta-de-vuelos-desde-cordoba-pasan-de-17-a-28-frecuencias-semanales\/#respond"]}]},{"@type":"WebPage","@id":"https:\/\/modoviajeok.com.ar\/index.php\/2025\/10\/02\/flybondi-amplio-su-oferta-de-vuelos-desde-cordoba-pasan-de-17-a-28-frecuencias-semanales\/","url":"https:\/\/modoviajeok.com.ar\/index.php\/2025\/10\/02\/flybondi-amplio-su-oferta-de-vuelos-desde-cordoba-pasan-de-17-a-28-frecuencias-semanales\/","name":"Flybondi ampli\u00f3 su oferta de vuelos C\u00f3rdoba - Buenos Aires: pasan de 17 a 28 frecuencias semanales -","isPartOf":{"@id":"https:\/\/modoviajeok.com.ar\/#website"},"primaryImageOfPage":{"@id":"https:\/\/modoviajeok.com.ar\/index.php\/2025\/10\/02\/flybondi-amplio-su-oferta-de-vuelos-desde-cordoba-pasan-de-17-a-28-frecuencias-semanales\/#primaryimage"},"image":{"@id":"https:\/\/modoviajeok.com.ar\/index.php\/2025\/10\/02\/flybondi-amplio-su-oferta-de-vuelos-desde-cordoba-pasan-de-17-a-28-frecuencias-semanales\/#primaryimage"},"thumbnailUrl":"https:\/\/modoviajeok.com.ar\/wp-content\/uploads\/2025\/10\/Pasajeros-Flybondi-PLACA-2-1536x864-1.jpg","datePublished":"2025-10-02T12:45:05+00:00","dateModified":"2025-10-09T19:31:31+00:00","description":"Lo anunci\u00f3 en el cierre de la FIT junto a la Agencia C\u00f3rdoba Turismo. Tambi\u00e9n aumentan las frecuencias a Bariloche, Salta y Neuqu\u00e9n.","breadcrumb":{"@id":"https:\/\/modoviajeok.com.ar\/index.php\/2025\/10\/02\/flybondi-amplio-su-oferta-de-vuelos-desde-cordoba-pasan-de-17-a-28-frecuencias-semanales\/#breadcrumb"},"inLanguage":"es","potentialAction":[{"@type":"ReadAction","target":["https:\/\/modoviajeok.com.ar\/index.php\/2025\/10\/02\/flybondi-amplio-su-oferta-de-vuelos-desde-cordoba-pasan-de-17-a-28-frecuencias-semanales\/"]}]},{"@type":"ImageObject","inLanguage":"es","@id":"https:\/\/modoviajeok.com.ar\/index.php\/2025\/10\/02\/flybondi-amplio-su-oferta-de-vuelos-desde-cordoba-pasan-de-17-a-28-frecuencias-semanales\/#primaryimage","url":"https:\/\/modoviajeok.com.ar\/wp-content\/uploads\/2025\/10\/Pasajeros-Flybondi-PLACA-2-1536x864-1.jpg","contentUrl":"https:\/\/modoviajeok.com.ar\/wp-content\/uploads\/2025\/10\/Pasajeros-Flybondi-PLACA-2-1536x864-1.jpg","width":1536,"height":864},{"@type":"BreadcrumbList","@id":"https:\/\/modoviajeok.com.ar\/index.php\/2025\/10\/02\/flybondi-amplio-su-oferta-de-vuelos-desde-cordoba-pasan-de-17-a-28-frecuencias-semanales\/#breadcrumb","itemListElement":[{"@type":"ListItem","position":1,"name":"Portada","item":"https:\/\/modoviajeok.com.ar\/"},{"@type":"ListItem","position":2,"name":"Flybondi ampli\u00f3 su oferta de vuelos C\u00f3rdoba &#8211; Buenos Aires: pasan de 17 a 28 frecuencias semanales"}]},{"@type":"WebSite","@id":"https:\/\/modoviajeok.com.ar\/#website","url":"https:\/\/modoviajeok.com.ar\/","name":"ModoViajeOK","description":"","publisher":{"@id":"https:\/\/modoviajeok.com.ar\/#organization"},"potentialAction":[{"@type":"SearchAction","target":{"@type":"EntryPoint","urlTemplate":"https:\/\/modoviajeok.com.ar\/?s={search_term_string}"},"query-input":{"@type":"PropertyValueSpecification","valueRequired":true,"valueName":"search_term_string"}}],"inLanguage":"es"},{"@type":"Organization","@id":"https:\/\/modoviajeok.com.ar\/#organization","name":"ModoViajeOK","url":"https:\/\/modoviajeok.com.ar\/","logo":{"@type":"ImageObject","inLanguage":"es","@id":"https:\/\/modoviajeok.com.ar\/#\/schema\/logo\/image\/","url":"https:\/\/modoviajeok.com.ar\/wp-content\/uploads\/2025\/01\/Logo-modoviajeok.png","contentUrl":"https:\/\/modoviajeok.com.ar\/wp-content\/uploads\/2025\/01\/Logo-modoviajeok.png","width":2938,"height":2276,"caption":"ModoViajeOK"},"image":{"@id":"https:\/\/modoviajeok.com.ar\/#\/schema\/logo\/image\/"},"sameAs":["https:\/\/www.facebook.com\/mariana.otero1\/","https:\/\/www.instagram.com\/modoviaje.ok\/"]},{"@type":"Person","@id":"https:\/\/modoviajeok.com.ar\/#\/schema\/person\/2e299ed0d3d412a01d244fe28260d7f5","name":"Pepe Segura","image":{"@type":"ImageObject","inLanguage":"es","@id":"https:\/\/modoviajeok.com.ar\/#\/schema\/person\/image\/","url":"https:\/\/secure.gravatar.com\/avatar\/65eb4b34deed761327f5b2c5535b987318ae807900ac46426de7258f5de6d345?s=96&d=mm&r=g","contentUrl":"https:\/\/secure.gravatar.com\/avatar\/65eb4b34deed761327f5b2c5535b987318ae807900ac46426de7258f5de6d345?s=96&d=mm&r=g","caption":"Pepe Segura"},"url":"https:\/\/modoviajeok.com.ar\/index.php\/author\/pepe2025\/"}]}},"_links":{"self":[{"href":"https:\/\/modoviajeok.com.ar\/index.php\/wp-json\/wp\/v2\/posts\/5584","targetHints":{"allow":["GET"]}}],"collection":[{"href":"https:\/\/modoviajeok.com.ar\/index.php\/wp-json\/wp\/v2\/posts"}],"about":[{"href":"https:\/\/modoviajeok.com.ar\/index.php\/wp-json\/wp\/v2\/types\/post"}],"author":[{"embeddable":true,"href":"https:\/\/modoviajeok.com.ar\/index.php\/wp-json\/wp\/v2\/users\/3"}],"replies":[{"embeddable":true,"href":"https:\/\/modoviajeok.com.ar\/index.php\/wp-json\/wp\/v2\/comments?post=5584"}],"version-history":[{"count":2,"href":"https:\/\/modoviajeok.com.ar\/index.php\/wp-json\/wp\/v2\/posts\/5584\/revisions"}],"predecessor-version":[{"id":5589,"href":"https:\/\/modoviajeok.com.ar\/index.php\/wp-json\/wp\/v2\/posts\/5584\/revisions\/5589"}],"wp:featuredmedia":[{"embeddable":true,"href":"https:\/\/modoviajeok.com.ar\/index.php\/wp-json\/wp\/v2\/media\/5586"}],"wp:attachment":[{"href":"https:\/\/modoviajeok.com.ar\/index.php\/wp-json\/wp\/v2\/media?parent=5584"}],"wp:term":[{"taxonomy":"category","embeddable":true,"href":"https:\/\/modoviajeok.com.ar\/index.php\/wp-json\/wp\/v2\/categories?post=5584"},{"taxonomy":"post_tag","embeddable":true,"href":"https:\/\/modoviajeok.com.ar\/index.php\/wp-json\/wp\/v2\/tags?post=5584"}],"curies":[{"name":"wp","href":"https:\/\/api.w.org\/{rel}","templated":true}]}}