{"id":5757,"date":"2025-10-09T12:29:47","date_gmt":"2025-10-09T15:29:47","guid":{"rendered":"https:\/\/modoviajeok.com.ar\/?p=5757"},"modified":"2025-10-12T17:54:50","modified_gmt":"2025-10-12T20:54:50","slug":"el-turismo-religioso-celebra-un-encuentro-en-villa-maria-del-rio-seco","status":"publish","type":"post","link":"https:\/\/modoviajeok.com.ar\/index.php\/2025\/10\/09\/el-turismo-religioso-celebra-un-encuentro-en-villa-maria-del-rio-seco\/","title":{"rendered":"El Turismo Religioso celebra un Encuentro en Villa Mar\u00eda del R\u00edo Seco \u00a0"},"content":{"rendered":"\n<figure class=\"wp-block-pullquote\"><blockquote><p>De car\u00e1cter presencial y virtual, el Encuentro tiene como objetivo destacar la devoci\u00f3n y la tradici\u00f3n religiosa de la regi\u00f3n, en particular a trav\u00e9s de la figura de la Virgen Cautivita, una de las advocaciones m\u00e1s representativas del norte cordob\u00e9s.<\/p><\/blockquote><\/figure>\n\n\n\n<p><\/p>\n\n\n\n<figure class=\"wp-block-image size-full\"><img loading=\"lazy\" decoding=\"async\" width=\"1008\" height=\"558\" src=\"https:\/\/modoviajeok.com.ar\/wp-content\/uploads\/2025\/10\/villa-maria-rio-seco.jpg\" alt=\"\" class=\"wp-image-5758\" srcset=\"https:\/\/modoviajeok.com.ar\/wp-content\/uploads\/2025\/10\/villa-maria-rio-seco.jpg 1008w, https:\/\/modoviajeok.com.ar\/wp-content\/uploads\/2025\/10\/villa-maria-rio-seco-768x425.jpg 768w, https:\/\/modoviajeok.com.ar\/wp-content\/uploads\/2025\/10\/villa-maria-rio-seco-759x420.jpg 759w, https:\/\/modoviajeok.com.ar\/wp-content\/uploads\/2025\/10\/villa-maria-rio-seco-150x83.jpg 150w, https:\/\/modoviajeok.com.ar\/wp-content\/uploads\/2025\/10\/villa-maria-rio-seco-300x166.jpg 300w, https:\/\/modoviajeok.com.ar\/wp-content\/uploads\/2025\/10\/villa-maria-rio-seco-696x385.jpg 696w\" sizes=\"auto, (max-width: 1008px) 100vw, 1008px\" \/><\/figure>\n\n\n\n<p>Entre el viernes 10 y el domingo 12 de octubre, C\u00f3rdoba ser\u00e1 el centro del turismo religioso en Argentina con la realizaci\u00f3n del 1er Encuentro de Turismo Religioso de la Provincia de C\u00f3rdoba. El encuentro ser\u00e1 &nbsp;en Villa de Mar\u00eda del R\u00edo Seco y es una buena oportunidad para disfrutar de un programa que incluye: conferencias, exposiciones, visitas guiadas, misas, procesiones y una serie de actividades culturales que invitan a los participantes a conocer la historia y la espiritualidad que rodea a los santos de la regi\u00f3n. Adem\u00e1s, se ofrecer\u00e1 una transmisi\u00f3n en vivo para aquellos que no puedan asistir de manera presencial.<\/p>\n\n\n\n<p>La sede del evento ser\u00e1 en la intersecci\u00f3n de Sarmiento y 9 de Julio, en el centro de Villa de Mar\u00eda del R\u00edo Seco, con una capacidad limitada para los asistentes presenciales. Quienes no puedan asistir podr\u00e1n participar en forma virtual a trav\u00e9s de Zoom y Facebook Live desde el lugar en que se encuentren.<\/p>\n\n\n\n<p>La inscripci\u00f3n es gratuita a trav\u00e9s de la plataforma oficial del evento y las plazas son limitadas.<\/p>\n\n\n\n<p><strong>Programa<\/strong><\/p>\n\n\n\n<p><strong><u>Viernes 10 de octubre, <\/u><\/strong>Jornada de Reflexi\u00f3n y Apertura<\/p>\n\n\n\n<p>9.30: recepci\u00f3n y acreditaci\u00f3n de los participantes y bienvenida de las autoridades locales y provinciales.<\/p>\n\n\n\n<p>10:15: disertaci\u00f3n del Profesor Santiago Cano sobre c\u00f3mo el turismo religioso puede ser un motor de desarrollo para destinos de fe.<\/p>\n\n\n\n<p>Panel 1 explorar\u00e1 los v\u00ednculos hist\u00f3ricos y espirituales entre Santa Mama Antula y el Cura Brochero, con intervenciones de expertos como el Padre Mario Tenti y el Lic. Ariel Moyano. La jornada culminar\u00e1 con un almuerzo libre y una serie de actividades vespertinas como el certamen de dibujos de la Virgen Peregrina y una misa de novena a las 20:00, seguida de un Coro musical barroco en la iglesia a las 21:00.<\/p>\n\n\n\n<p><strong><u>S\u00e1bado 11 de octubre,<\/u><\/strong> Jornada de Tradici\u00f3n, Recorrido y Representaci\u00f3n<\/p>\n\n\n\n<p>06:00 Rosario de la Aurora, donde la imagen de la Virgen Cautivita recorrer\u00e1 las calles del pueblo. Por la ma\u00f1ana, se realizar\u00e1 un Fam Tour por los caminos y oratorios dedicados a la Virgen Cautivita.<\/p>\n\n\n\n<p>20:00: misa de novena.<\/p>\n\n\n\n<p>21.30: representaci\u00f3n teatral sobre el rescate de la Virgen Cautivita, uno de los momentos m\u00e1s emotivos de la tradici\u00f3n local.<\/p>\n\n\n\n<p><strong><u>Domingo 12 de octubre<\/u><\/strong>&nbsp;\u2013 Jornada de Encuentro y Consagraci\u00f3n<\/p>\n\n\n\n<p>12.30: Almuerzo criollo.<\/p>\n\n\n\n<p>17.00: Consagraci\u00f3n del Santuario Mariano Virgen Cautivita.<\/p>\n\n\n\n<p>18.00: Procesi\u00f3n de cierre con la imagen de la Virgen Cautivita recorriendo las principales calles del pueblo, acompa\u00f1ada por un desfile de carrosas y agrupaciones gauchas.<\/p>\n\n\n\n<p><strong>Actividades Nocturnas y Exposiciones. <\/strong>Durante el Encuentro habr\u00e1 &nbsp;&nbsp;una feria de artesanos y emprendedores locales, exposiciones de arte religioso y m\u00fasica en vivo. La gastronom\u00eda criolla ser\u00e1 otro de los atractivos del evento, permitiendo a los visitantes saborear lo mejor de la cocina tradicional cordobesa.<\/p>\n\n\n\n<p><strong>Inscripciones:<a href=\" https:\/\/qrcd.org\/9HQx\"> <\/a><\/strong><a href=\"https:\/\/qrcd.org\/9HQx\">https:\/\/qrcd.org\/9HQx<\/a><\/p>\n\n\n\n<p><\/p>\n","protected":false},"excerpt":{"rendered":"<p>De car\u00e1cter presencial y virtual, el Encuentro tiene como objetivo destacar la devoci\u00f3n y la tradici\u00f3n religiosa de la regi\u00f3n, en particular a trav\u00e9s de la figura de la Virgen Cautivita, una de las advocaciones m\u00e1s representativas del norte cordob\u00e9s. Entre el viernes 10 y el domingo 12 de octubre, C\u00f3rdoba ser\u00e1 el centro del [&hellip;]<\/p>\n","protected":false},"author":3,"featured_media":5759,"comment_status":"open","ping_status":"open","sticky":false,"template":"","format":"standard","meta":{"_acf_changed":false,"footnotes":""},"categories":[11,10,12],"tags":[387,1278],"class_list":{"0":"post-5757","1":"post","2":"type-post","3":"status-publish","4":"format-standard","5":"has-post-thumbnail","7":"category-cordoba","8":"category-noticias","9":"category-novedades","10":"tag-turismo-religioso","11":"tag-villa-maria-del-rio-seco"},"acf":[],"yoast_head":"<!-- This site is optimized with the Yoast SEO plugin v24.8.1 - https:\/\/yoast.com\/wordpress\/plugins\/seo\/ -->\n<title>El Turismo Religioso celebra un Encuentro en Villa Mar\u00eda del R\u00edo Seco \u00a0 -<\/title>\n<meta name=\"robots\" content=\"index, follow, max-snippet:-1, max-image-preview:large, max-video-preview:-1\" \/>\n<link rel=\"canonical\" href=\"https:\/\/modoviajeok.com.ar\/index.php\/2025\/10\/09\/el-turismo-religioso-celebra-un-encuentro-en-villa-maria-del-rio-seco\/\" \/>\n<meta property=\"og:locale\" content=\"es_ES\" \/>\n<meta property=\"og:type\" content=\"article\" \/>\n<meta property=\"og:title\" content=\"El Turismo Religioso celebra un Encuentro en Villa Mar\u00eda del R\u00edo Seco \u00a0 -\" \/>\n<meta property=\"og:description\" content=\"De car\u00e1cter presencial y virtual, el Encuentro tiene como objetivo destacar la devoci\u00f3n y la tradici\u00f3n religiosa de la regi\u00f3n, en particular a trav\u00e9s de la figura de la Virgen Cautivita, una de las advocaciones m\u00e1s representativas del norte cordob\u00e9s. Entre el viernes 10 y el domingo 12 de octubre, C\u00f3rdoba ser\u00e1 el centro del [&hellip;]\" \/>\n<meta property=\"og:url\" content=\"https:\/\/modoviajeok.com.ar\/index.php\/2025\/10\/09\/el-turismo-religioso-celebra-un-encuentro-en-villa-maria-del-rio-seco\/\" \/>\n<meta property=\"article:publisher\" content=\"https:\/\/www.facebook.com\/mariana.otero1\/\" \/>\n<meta property=\"article:published_time\" content=\"2025-10-09T15:29:47+00:00\" \/>\n<meta property=\"article:modified_time\" content=\"2025-10-12T20:54:50+00:00\" \/>\n<meta property=\"og:image\" content=\"https:\/\/modoviajeok.com.ar\/wp-content\/uploads\/2025\/10\/1ed61fdd2045ff550.jpg\" \/>\n\t<meta property=\"og:image:width\" content=\"800\" \/>\n\t<meta property=\"og:image:height\" content=\"440\" \/>\n\t<meta property=\"og:image:type\" content=\"image\/jpeg\" \/>\n<meta name=\"author\" content=\"Pepe Segura\" \/>\n<meta name=\"twitter:card\" content=\"summary_large_image\" \/>\n<meta name=\"twitter:label1\" content=\"Escrito por\" \/>\n\t<meta name=\"twitter:data1\" content=\"Pepe Segura\" \/>\n\t<meta name=\"twitter:label2\" content=\"Tiempo de lectura\" \/>\n\t<meta name=\"twitter:data2\" content=\"3 minutos\" \/>\n<script type=\"application\/ld+json\" class=\"yoast-schema-graph\">{\"@context\":\"https:\/\/schema.org\",\"@graph\":[{\"@type\":\"Article\",\"@id\":\"https:\/\/modoviajeok.com.ar\/index.php\/2025\/10\/09\/el-turismo-religioso-celebra-un-encuentro-en-villa-maria-del-rio-seco\/#article\",\"isPartOf\":{\"@id\":\"https:\/\/modoviajeok.com.ar\/index.php\/2025\/10\/09\/el-turismo-religioso-celebra-un-encuentro-en-villa-maria-del-rio-seco\/\"},\"author\":{\"name\":\"Pepe Segura\",\"@id\":\"https:\/\/modoviajeok.com.ar\/#\/schema\/person\/2e299ed0d3d412a01d244fe28260d7f5\"},\"headline\":\"El Turismo Religioso celebra un Encuentro en Villa Mar\u00eda del R\u00edo Seco \u00a0\",\"datePublished\":\"2025-10-09T15:29:47+00:00\",\"dateModified\":\"2025-10-12T20:54:50+00:00\",\"mainEntityOfPage\":{\"@id\":\"https:\/\/modoviajeok.com.ar\/index.php\/2025\/10\/09\/el-turismo-religioso-celebra-un-encuentro-en-villa-maria-del-rio-seco\/\"},\"wordCount\":540,\"commentCount\":0,\"publisher\":{\"@id\":\"https:\/\/modoviajeok.com.ar\/#organization\"},\"image\":{\"@id\":\"https:\/\/modoviajeok.com.ar\/index.php\/2025\/10\/09\/el-turismo-religioso-celebra-un-encuentro-en-villa-maria-del-rio-seco\/#primaryimage\"},\"thumbnailUrl\":\"https:\/\/modoviajeok.com.ar\/wp-content\/uploads\/2025\/10\/1ed61fdd2045ff550.jpg\",\"keywords\":[\"turismo religioso\",\"villa maria del rio seco\"],\"articleSection\":[\"C\u00f3rdoba\",\"Noticias\",\"Novedades\"],\"inLanguage\":\"es\",\"potentialAction\":[{\"@type\":\"CommentAction\",\"name\":\"Comment\",\"target\":[\"https:\/\/modoviajeok.com.ar\/index.php\/2025\/10\/09\/el-turismo-religioso-celebra-un-encuentro-en-villa-maria-del-rio-seco\/#respond\"]}]},{\"@type\":\"WebPage\",\"@id\":\"https:\/\/modoviajeok.com.ar\/index.php\/2025\/10\/09\/el-turismo-religioso-celebra-un-encuentro-en-villa-maria-del-rio-seco\/\",\"url\":\"https:\/\/modoviajeok.com.ar\/index.php\/2025\/10\/09\/el-turismo-religioso-celebra-un-encuentro-en-villa-maria-del-rio-seco\/\",\"name\":\"El Turismo Religioso celebra un Encuentro en Villa Mar\u00eda del R\u00edo Seco \u00a0 -\",\"isPartOf\":{\"@id\":\"https:\/\/modoviajeok.com.ar\/#website\"},\"primaryImageOfPage\":{\"@id\":\"https:\/\/modoviajeok.com.ar\/index.php\/2025\/10\/09\/el-turismo-religioso-celebra-un-encuentro-en-villa-maria-del-rio-seco\/#primaryimage\"},\"image\":{\"@id\":\"https:\/\/modoviajeok.com.ar\/index.php\/2025\/10\/09\/el-turismo-religioso-celebra-un-encuentro-en-villa-maria-del-rio-seco\/#primaryimage\"},\"thumbnailUrl\":\"https:\/\/modoviajeok.com.ar\/wp-content\/uploads\/2025\/10\/1ed61fdd2045ff550.jpg\",\"datePublished\":\"2025-10-09T15:29:47+00:00\",\"dateModified\":\"2025-10-12T20:54:50+00:00\",\"breadcrumb\":{\"@id\":\"https:\/\/modoviajeok.com.ar\/index.php\/2025\/10\/09\/el-turismo-religioso-celebra-un-encuentro-en-villa-maria-del-rio-seco\/#breadcrumb\"},\"inLanguage\":\"es\",\"potentialAction\":[{\"@type\":\"ReadAction\",\"target\":[\"https:\/\/modoviajeok.com.ar\/index.php\/2025\/10\/09\/el-turismo-religioso-celebra-un-encuentro-en-villa-maria-del-rio-seco\/\"]}]},{\"@type\":\"ImageObject\",\"inLanguage\":\"es\",\"@id\":\"https:\/\/modoviajeok.com.ar\/index.php\/2025\/10\/09\/el-turismo-religioso-celebra-un-encuentro-en-villa-maria-del-rio-seco\/#primaryimage\",\"url\":\"https:\/\/modoviajeok.com.ar\/wp-content\/uploads\/2025\/10\/1ed61fdd2045ff550.jpg\",\"contentUrl\":\"https:\/\/modoviajeok.com.ar\/wp-content\/uploads\/2025\/10\/1ed61fdd2045ff550.jpg\",\"width\":800,\"height\":440},{\"@type\":\"BreadcrumbList\",\"@id\":\"https:\/\/modoviajeok.com.ar\/index.php\/2025\/10\/09\/el-turismo-religioso-celebra-un-encuentro-en-villa-maria-del-rio-seco\/#breadcrumb\",\"itemListElement\":[{\"@type\":\"ListItem\",\"position\":1,\"name\":\"Portada\",\"item\":\"https:\/\/modoviajeok.com.ar\/\"},{\"@type\":\"ListItem\",\"position\":2,\"name\":\"El Turismo Religioso celebra un Encuentro en Villa Mar\u00eda del R\u00edo Seco \u00a0\"}]},{\"@type\":\"WebSite\",\"@id\":\"https:\/\/modoviajeok.com.ar\/#website\",\"url\":\"https:\/\/modoviajeok.com.ar\/\",\"name\":\"ModoViajeOK\",\"description\":\"\",\"publisher\":{\"@id\":\"https:\/\/modoviajeok.com.ar\/#organization\"},\"potentialAction\":[{\"@type\":\"SearchAction\",\"target\":{\"@type\":\"EntryPoint\",\"urlTemplate\":\"https:\/\/modoviajeok.com.ar\/?s={search_term_string}\"},\"query-input\":{\"@type\":\"PropertyValueSpecification\",\"valueRequired\":true,\"valueName\":\"search_term_string\"}}],\"inLanguage\":\"es\"},{\"@type\":\"Organization\",\"@id\":\"https:\/\/modoviajeok.com.ar\/#organization\",\"name\":\"ModoViajeOK\",\"url\":\"https:\/\/modoviajeok.com.ar\/\",\"logo\":{\"@type\":\"ImageObject\",\"inLanguage\":\"es\",\"@id\":\"https:\/\/modoviajeok.com.ar\/#\/schema\/logo\/image\/\",\"url\":\"https:\/\/modoviajeok.com.ar\/wp-content\/uploads\/2025\/01\/Logo-modoviajeok.png\",\"contentUrl\":\"https:\/\/modoviajeok.com.ar\/wp-content\/uploads\/2025\/01\/Logo-modoviajeok.png\",\"width\":2938,\"height\":2276,\"caption\":\"ModoViajeOK\"},\"image\":{\"@id\":\"https:\/\/modoviajeok.com.ar\/#\/schema\/logo\/image\/\"},\"sameAs\":[\"https:\/\/www.facebook.com\/mariana.otero1\/\",\"https:\/\/www.instagram.com\/modoviaje.ok\/\"]},{\"@type\":\"Person\",\"@id\":\"https:\/\/modoviajeok.com.ar\/#\/schema\/person\/2e299ed0d3d412a01d244fe28260d7f5\",\"name\":\"Pepe Segura\",\"image\":{\"@type\":\"ImageObject\",\"inLanguage\":\"es\",\"@id\":\"https:\/\/modoviajeok.com.ar\/#\/schema\/person\/image\/\",\"url\":\"https:\/\/secure.gravatar.com\/avatar\/65eb4b34deed761327f5b2c5535b987318ae807900ac46426de7258f5de6d345?s=96&d=mm&r=g\",\"contentUrl\":\"https:\/\/secure.gravatar.com\/avatar\/65eb4b34deed761327f5b2c5535b987318ae807900ac46426de7258f5de6d345?s=96&d=mm&r=g\",\"caption\":\"Pepe Segura\"},\"url\":\"https:\/\/modoviajeok.com.ar\/index.php\/author\/pepe2025\/\"}]}<\/script>\n<!-- \/ Yoast SEO plugin. -->","yoast_head_json":{"title":"El Turismo Religioso celebra un Encuentro en Villa Mar\u00eda del R\u00edo Seco \u00a0 -","robots":{"index":"index","follow":"follow","max-snippet":"max-snippet:-1","max-image-preview":"max-image-preview:large","max-video-preview":"max-video-preview:-1"},"canonical":"https:\/\/modoviajeok.com.ar\/index.php\/2025\/10\/09\/el-turismo-religioso-celebra-un-encuentro-en-villa-maria-del-rio-seco\/","og_locale":"es_ES","og_type":"article","og_title":"El Turismo Religioso celebra un Encuentro en Villa Mar\u00eda del R\u00edo Seco \u00a0 -","og_description":"De car\u00e1cter presencial y virtual, el Encuentro tiene como objetivo destacar la devoci\u00f3n y la tradici\u00f3n religiosa de la regi\u00f3n, en particular a trav\u00e9s de la figura de la Virgen Cautivita, una de las advocaciones m\u00e1s representativas del norte cordob\u00e9s. Entre el viernes 10 y el domingo 12 de octubre, C\u00f3rdoba ser\u00e1 el centro del [&hellip;]","og_url":"https:\/\/modoviajeok.com.ar\/index.php\/2025\/10\/09\/el-turismo-religioso-celebra-un-encuentro-en-villa-maria-del-rio-seco\/","article_publisher":"https:\/\/www.facebook.com\/mariana.otero1\/","article_published_time":"2025-10-09T15:29:47+00:00","article_modified_time":"2025-10-12T20:54:50+00:00","og_image":[{"width":800,"height":440,"url":"https:\/\/modoviajeok.com.ar\/wp-content\/uploads\/2025\/10\/1ed61fdd2045ff550.jpg","type":"image\/jpeg"}],"author":"Pepe Segura","twitter_card":"summary_large_image","twitter_misc":{"Escrito por":"Pepe Segura","Tiempo de lectura":"3 minutos"},"schema":{"@context":"https:\/\/schema.org","@graph":[{"@type":"Article","@id":"https:\/\/modoviajeok.com.ar\/index.php\/2025\/10\/09\/el-turismo-religioso-celebra-un-encuentro-en-villa-maria-del-rio-seco\/#article","isPartOf":{"@id":"https:\/\/modoviajeok.com.ar\/index.php\/2025\/10\/09\/el-turismo-religioso-celebra-un-encuentro-en-villa-maria-del-rio-seco\/"},"author":{"name":"Pepe Segura","@id":"https:\/\/modoviajeok.com.ar\/#\/schema\/person\/2e299ed0d3d412a01d244fe28260d7f5"},"headline":"El Turismo Religioso celebra un Encuentro en Villa Mar\u00eda del R\u00edo Seco \u00a0","datePublished":"2025-10-09T15:29:47+00:00","dateModified":"2025-10-12T20:54:50+00:00","mainEntityOfPage":{"@id":"https:\/\/modoviajeok.com.ar\/index.php\/2025\/10\/09\/el-turismo-religioso-celebra-un-encuentro-en-villa-maria-del-rio-seco\/"},"wordCount":540,"commentCount":0,"publisher":{"@id":"https:\/\/modoviajeok.com.ar\/#organization"},"image":{"@id":"https:\/\/modoviajeok.com.ar\/index.php\/2025\/10\/09\/el-turismo-religioso-celebra-un-encuentro-en-villa-maria-del-rio-seco\/#primaryimage"},"thumbnailUrl":"https:\/\/modoviajeok.com.ar\/wp-content\/uploads\/2025\/10\/1ed61fdd2045ff550.jpg","keywords":["turismo religioso","villa maria del rio seco"],"articleSection":["C\u00f3rdoba","Noticias","Novedades"],"inLanguage":"es","potentialAction":[{"@type":"CommentAction","name":"Comment","target":["https:\/\/modoviajeok.com.ar\/index.php\/2025\/10\/09\/el-turismo-religioso-celebra-un-encuentro-en-villa-maria-del-rio-seco\/#respond"]}]},{"@type":"WebPage","@id":"https:\/\/modoviajeok.com.ar\/index.php\/2025\/10\/09\/el-turismo-religioso-celebra-un-encuentro-en-villa-maria-del-rio-seco\/","url":"https:\/\/modoviajeok.com.ar\/index.php\/2025\/10\/09\/el-turismo-religioso-celebra-un-encuentro-en-villa-maria-del-rio-seco\/","name":"El Turismo Religioso celebra un Encuentro en Villa Mar\u00eda del R\u00edo Seco \u00a0 -","isPartOf":{"@id":"https:\/\/modoviajeok.com.ar\/#website"},"primaryImageOfPage":{"@id":"https:\/\/modoviajeok.com.ar\/index.php\/2025\/10\/09\/el-turismo-religioso-celebra-un-encuentro-en-villa-maria-del-rio-seco\/#primaryimage"},"image":{"@id":"https:\/\/modoviajeok.com.ar\/index.php\/2025\/10\/09\/el-turismo-religioso-celebra-un-encuentro-en-villa-maria-del-rio-seco\/#primaryimage"},"thumbnailUrl":"https:\/\/modoviajeok.com.ar\/wp-content\/uploads\/2025\/10\/1ed61fdd2045ff550.jpg","datePublished":"2025-10-09T15:29:47+00:00","dateModified":"2025-10-12T20:54:50+00:00","breadcrumb":{"@id":"https:\/\/modoviajeok.com.ar\/index.php\/2025\/10\/09\/el-turismo-religioso-celebra-un-encuentro-en-villa-maria-del-rio-seco\/#breadcrumb"},"inLanguage":"es","potentialAction":[{"@type":"ReadAction","target":["https:\/\/modoviajeok.com.ar\/index.php\/2025\/10\/09\/el-turismo-religioso-celebra-un-encuentro-en-villa-maria-del-rio-seco\/"]}]},{"@type":"ImageObject","inLanguage":"es","@id":"https:\/\/modoviajeok.com.ar\/index.php\/2025\/10\/09\/el-turismo-religioso-celebra-un-encuentro-en-villa-maria-del-rio-seco\/#primaryimage","url":"https:\/\/modoviajeok.com.ar\/wp-content\/uploads\/2025\/10\/1ed61fdd2045ff550.jpg","contentUrl":"https:\/\/modoviajeok.com.ar\/wp-content\/uploads\/2025\/10\/1ed61fdd2045ff550.jpg","width":800,"height":440},{"@type":"BreadcrumbList","@id":"https:\/\/modoviajeok.com.ar\/index.php\/2025\/10\/09\/el-turismo-religioso-celebra-un-encuentro-en-villa-maria-del-rio-seco\/#breadcrumb","itemListElement":[{"@type":"ListItem","position":1,"name":"Portada","item":"https:\/\/modoviajeok.com.ar\/"},{"@type":"ListItem","position":2,"name":"El Turismo Religioso celebra un Encuentro en Villa Mar\u00eda del R\u00edo Seco \u00a0"}]},{"@type":"WebSite","@id":"https:\/\/modoviajeok.com.ar\/#website","url":"https:\/\/modoviajeok.com.ar\/","name":"ModoViajeOK","description":"","publisher":{"@id":"https:\/\/modoviajeok.com.ar\/#organization"},"potentialAction":[{"@type":"SearchAction","target":{"@type":"EntryPoint","urlTemplate":"https:\/\/modoviajeok.com.ar\/?s={search_term_string}"},"query-input":{"@type":"PropertyValueSpecification","valueRequired":true,"valueName":"search_term_string"}}],"inLanguage":"es"},{"@type":"Organization","@id":"https:\/\/modoviajeok.com.ar\/#organization","name":"ModoViajeOK","url":"https:\/\/modoviajeok.com.ar\/","logo":{"@type":"ImageObject","inLanguage":"es","@id":"https:\/\/modoviajeok.com.ar\/#\/schema\/logo\/image\/","url":"https:\/\/modoviajeok.com.ar\/wp-content\/uploads\/2025\/01\/Logo-modoviajeok.png","contentUrl":"https:\/\/modoviajeok.com.ar\/wp-content\/uploads\/2025\/01\/Logo-modoviajeok.png","width":2938,"height":2276,"caption":"ModoViajeOK"},"image":{"@id":"https:\/\/modoviajeok.com.ar\/#\/schema\/logo\/image\/"},"sameAs":["https:\/\/www.facebook.com\/mariana.otero1\/","https:\/\/www.instagram.com\/modoviaje.ok\/"]},{"@type":"Person","@id":"https:\/\/modoviajeok.com.ar\/#\/schema\/person\/2e299ed0d3d412a01d244fe28260d7f5","name":"Pepe Segura","image":{"@type":"ImageObject","inLanguage":"es","@id":"https:\/\/modoviajeok.com.ar\/#\/schema\/person\/image\/","url":"https:\/\/secure.gravatar.com\/avatar\/65eb4b34deed761327f5b2c5535b987318ae807900ac46426de7258f5de6d345?s=96&d=mm&r=g","contentUrl":"https:\/\/secure.gravatar.com\/avatar\/65eb4b34deed761327f5b2c5535b987318ae807900ac46426de7258f5de6d345?s=96&d=mm&r=g","caption":"Pepe Segura"},"url":"https:\/\/modoviajeok.com.ar\/index.php\/author\/pepe2025\/"}]}},"_links":{"self":[{"href":"https:\/\/modoviajeok.com.ar\/index.php\/wp-json\/wp\/v2\/posts\/5757","targetHints":{"allow":["GET"]}}],"collection":[{"href":"https:\/\/modoviajeok.com.ar\/index.php\/wp-json\/wp\/v2\/posts"}],"about":[{"href":"https:\/\/modoviajeok.com.ar\/index.php\/wp-json\/wp\/v2\/types\/post"}],"author":[{"embeddable":true,"href":"https:\/\/modoviajeok.com.ar\/index.php\/wp-json\/wp\/v2\/users\/3"}],"replies":[{"embeddable":true,"href":"https:\/\/modoviajeok.com.ar\/index.php\/wp-json\/wp\/v2\/comments?post=5757"}],"version-history":[{"count":1,"href":"https:\/\/modoviajeok.com.ar\/index.php\/wp-json\/wp\/v2\/posts\/5757\/revisions"}],"predecessor-version":[{"id":5760,"href":"https:\/\/modoviajeok.com.ar\/index.php\/wp-json\/wp\/v2\/posts\/5757\/revisions\/5760"}],"wp:featuredmedia":[{"embeddable":true,"href":"https:\/\/modoviajeok.com.ar\/index.php\/wp-json\/wp\/v2\/media\/5759"}],"wp:attachment":[{"href":"https:\/\/modoviajeok.com.ar\/index.php\/wp-json\/wp\/v2\/media?parent=5757"}],"wp:term":[{"taxonomy":"category","embeddable":true,"href":"https:\/\/modoviajeok.com.ar\/index.php\/wp-json\/wp\/v2\/categories?post=5757"},{"taxonomy":"post_tag","embeddable":true,"href":"https:\/\/modoviajeok.com.ar\/index.php\/wp-json\/wp\/v2\/tags?post=5757"}],"curies":[{"name":"wp","href":"https:\/\/api.w.org\/{rel}","templated":true}]}}