{"id":5761,"date":"2025-10-09T13:09:27","date_gmt":"2025-10-09T16:09:27","guid":{"rendered":"https:\/\/modoviajeok.com.ar\/?p=5761"},"modified":"2025-10-12T17:54:09","modified_gmt":"2025-10-12T20:54:09","slug":"inversiones-innovacion-y-trabajo-conjunto-ejes-del-lanzamiento-de-la-temporada-de-verano-de-cordoba","status":"publish","type":"post","link":"https:\/\/modoviajeok.com.ar\/index.php\/2025\/10\/09\/inversiones-innovacion-y-trabajo-conjunto-ejes-del-lanzamiento-de-la-temporada-de-verano-de-cordoba\/","title":{"rendered":"M\u00e1s de 400 fiestas y festivales en el verano cordob\u00e9s"},"content":{"rendered":"\n<figure class=\"wp-block-pullquote\"><blockquote><p>14 destinos a\u00e9reos nacionales, 10 internacionales, m\u00e1s de 400 fiestas y festivales, una nueva Ruta del Motorhome, la ampliaci\u00f3n del Camino de Brochero y la calidez de nuestra gente nos permite encarar una temporada que reafirme nuestro liderazgo a nivel nacional\u201d,\u00a0destac\u00f3 Capitani.<br><\/p><\/blockquote><\/figure>\n\n\n\n<figure class=\"wp-block-image size-full\"><img loading=\"lazy\" decoding=\"async\" width=\"1536\" height=\"1025\" src=\"https:\/\/modoviajeok.com.ar\/wp-content\/uploads\/2025\/10\/WhatsApp-Image-2025-10-09-at-11.37.36-1536x1025-1.jpeg\" alt=\"\" class=\"wp-image-5764\" srcset=\"https:\/\/modoviajeok.com.ar\/wp-content\/uploads\/2025\/10\/WhatsApp-Image-2025-10-09-at-11.37.36-1536x1025-1.jpeg 1536w, https:\/\/modoviajeok.com.ar\/wp-content\/uploads\/2025\/10\/WhatsApp-Image-2025-10-09-at-11.37.36-1536x1025-1-768x513.jpeg 768w, https:\/\/modoviajeok.com.ar\/wp-content\/uploads\/2025\/10\/WhatsApp-Image-2025-10-09-at-11.37.36-1536x1025-1-629x420.jpeg 629w, https:\/\/modoviajeok.com.ar\/wp-content\/uploads\/2025\/10\/WhatsApp-Image-2025-10-09-at-11.37.36-1536x1025-1-150x100.jpeg 150w, https:\/\/modoviajeok.com.ar\/wp-content\/uploads\/2025\/10\/WhatsApp-Image-2025-10-09-at-11.37.36-1536x1025-1-300x200.jpeg 300w, https:\/\/modoviajeok.com.ar\/wp-content\/uploads\/2025\/10\/WhatsApp-Image-2025-10-09-at-11.37.36-1536x1025-1-696x464.jpeg 696w, https:\/\/modoviajeok.com.ar\/wp-content\/uploads\/2025\/10\/WhatsApp-Image-2025-10-09-at-11.37.36-1536x1025-1-1068x713.jpeg 1068w\" sizes=\"auto, (max-width: 1536px) 100vw, 1536px\" \/><\/figure>\n\n\n\n<p><\/p>\n\n\n\n<p>La provincia de C\u00f3rdoba present\u00f3 oficialmente su temporada de verano 2025\/2026 en el Parque del Chateau, en un encuentro que reuni\u00f3 a autoridades provinciales, intendentes, representantes del sector tur\u00edstico, prestadores y medios de comunicaci\u00f3n.<\/p>\n\n\n\n<p>El gobernador Mart\u00edn Llaryora, la vicegobernadora Myriam Prunotto y el presidente de la Agencia C\u00f3rdoba Turismo Dar\u00edo Capitani, &nbsp;encabezaron la presentaci\u00f3n de la campa\u00f1a \u201cVerano C\u00f3rdoba 2025\/2026\u201d y realizaron anuncios estrat\u00e9gicos que refuerzan el posicionamiento de C\u00f3rdoba como uno de los destinos tur\u00edsticos m\u00e1s elegidos del pa\u00eds.<\/p>\n\n\n\n<p>&nbsp;\u201cSi no ten\u00e9s caminos y rutas en condiciones, es muy dif\u00edcil que los turistas te puedan visitar. Entonces la infraestructura es un valor que, vinculada a la capacidad de nuestros emprendedores y de nuestra gente, nos hace un producto tur\u00edstico que genera miles de puestos de trabajo.&nbsp;C\u00f3rdoba seguir\u00e1 invirtiendo en rutas, aeropuertos y productos tur\u00edsticos porque esta actividad es motor de empleo y progreso para las familias cordobesas\u201d,&nbsp;afirm\u00f3 el gobernador Mart\u00edn Llaryora.<\/p>\n\n\n\n<figure class=\"wp-block-image size-full\"><img loading=\"lazy\" decoding=\"async\" width=\"1536\" height=\"1025\" src=\"https:\/\/modoviajeok.com.ar\/wp-content\/uploads\/2025\/10\/WhatsApp-Image-2025-10-09-at-09.47.53-1-1536x1025-1.jpeg\" alt=\"\" class=\"wp-image-5763\" srcset=\"https:\/\/modoviajeok.com.ar\/wp-content\/uploads\/2025\/10\/WhatsApp-Image-2025-10-09-at-09.47.53-1-1536x1025-1.jpeg 1536w, https:\/\/modoviajeok.com.ar\/wp-content\/uploads\/2025\/10\/WhatsApp-Image-2025-10-09-at-09.47.53-1-1536x1025-1-768x513.jpeg 768w, https:\/\/modoviajeok.com.ar\/wp-content\/uploads\/2025\/10\/WhatsApp-Image-2025-10-09-at-09.47.53-1-1536x1025-1-629x420.jpeg 629w, https:\/\/modoviajeok.com.ar\/wp-content\/uploads\/2025\/10\/WhatsApp-Image-2025-10-09-at-09.47.53-1-1536x1025-1-150x100.jpeg 150w, https:\/\/modoviajeok.com.ar\/wp-content\/uploads\/2025\/10\/WhatsApp-Image-2025-10-09-at-09.47.53-1-1536x1025-1-300x200.jpeg 300w, https:\/\/modoviajeok.com.ar\/wp-content\/uploads\/2025\/10\/WhatsApp-Image-2025-10-09-at-09.47.53-1-1536x1025-1-696x464.jpeg 696w, https:\/\/modoviajeok.com.ar\/wp-content\/uploads\/2025\/10\/WhatsApp-Image-2025-10-09-at-09.47.53-1-1536x1025-1-1068x713.jpeg 1068w\" sizes=\"auto, (max-width: 1536px) 100vw, 1536px\" \/><\/figure>\n\n\n\n<p>\u201cHoy C\u00f3rdoba es el primer destino tur\u00edstico dom\u00e9stico de la Argentina, y eso es fruto de un trabajo conjunto entre el sector p\u00fablico y privado, acompa\u00f1ado por infraestructura, conectividad y una gran capacidad de nuestros emprendedores y comunidades\u201d,&nbsp;agreg\u00f3.<\/p>\n\n\n\n<p>A su turno, Dar\u00edo Capitani, Presidente de la Agencia C\u00f3rdoba Turismo, &nbsp;destac\u00f3:&nbsp;\u201cC\u00f3rdoba sigue creyendo y apostando al turismo como una decisi\u00f3n estrat\u00e9gica para fortalecer su econom\u00eda y generar desarrollo, con el acompa\u00f1amiento del gobernador y el trabajo conjunto de intendentes, comunas y el sector privado. La Provincia est\u00e1 decidida y segura de su potencial tur\u00edstico, a\u00fan en un contexto complejo. Seguimos posicion\u00e1ndonos con inversiones, innovaci\u00f3n y trabajo conjunto\u201d.<\/p>\n\n\n\n<p><strong>Conectividad y nuevos productos tur\u00edsticos<\/strong><strong><\/strong><\/p>\n\n\n\n<p>Durante el lanzamiento se destacaron los avances en conectividad a\u00e9rea y terrestre, fundamentales para facilitar la llegada de visitantes a cada rinc\u00f3n de la provincia, junto con la presentaci\u00f3n de nuevos productos tur\u00edsticos. Entre ellos, la&nbsp;Ruta del Motorhome, que propone un recorrido por m\u00e1s de 20 localidades con infraestructura especialmente dise\u00f1ada para rodanteros \u2014incluye puntos de abastecimiento de agua potable, energ\u00eda el\u00e9ctrica y descarga de aguas grises\u2014, y la ampliaci\u00f3n de propuestas en torno al&nbsp;Camino de Brochero, hermanado con el Camino de Santiago de Compostela, que contin\u00faa posicion\u00e1ndose como una experiencia de turismo religioso, cultural y natural de alcance internacional.<\/p>\n\n\n\n<p>&nbsp;\u201cContamos con 14 destinos a\u00e9reos nacionales y 10 internacionales, m\u00e1s de 400 fiestas y festivales a lo largo del a\u00f1o \u2014de los cuales 200 se concentran en verano\u2014, una nueva Ruta del Motorhome y la ampliaci\u00f3n de nuestro Camino de Brochero. Todo esto, sumado a la potencia de nuestros valles tur\u00edsticos y a la calidez de nuestra gente, nos permite encarar una temporada que reafirma el liderazgo de C\u00f3rdoba a nivel nacional\u201d,&nbsp;destac\u00f3 Capitani.<\/p>\n\n\n\n<p><strong>El Cuc\u00fa, protagonista de la nueva campa\u00f1a<\/strong><strong><\/strong><\/p>\n\n\n\n<p>Este a\u00f1o, la campa\u00f1a de comunicaci\u00f3n tiene como protagonista al tradicional Cuc\u00fa de Villa Carlos Paz, que por primera vez en 67 a\u00f1os \u201csale de vacaciones\u201d para recorrer y descubrir los paisajes y experiencias \u00fanicas que ofrece C\u00f3rdoba.<\/p>\n\n\n\n<p>La narrativa invita a turistas de todo el pa\u00eds a disfrutar de sierras, r\u00edos, gastronom\u00eda regional, festivales y propuestas culturales a lo largo de toda la temporada. Adem\u00e1s, el Cuc\u00fa estar\u00e1 acompa\u00f1ado por \u201cCuc\u00fa and Friends\u201d, una serie de personajes que llevar\u00e1n el esp\u00edritu del verano cordob\u00e9s a diferentes plataformas y redes sociales.<\/p>\n","protected":false},"excerpt":{"rendered":"<p>14 destinos a\u00e9reos nacionales, 10 internacionales, m\u00e1s de 400 fiestas y festivales, una nueva Ruta del Motorhome, la ampliaci\u00f3n del Camino de Brochero y la calidez de nuestra gente nos permite encarar una temporada que reafirme nuestro liderazgo a nivel nacional\u201d,\u00a0destac\u00f3 Capitani. La provincia de C\u00f3rdoba present\u00f3 oficialmente su temporada de verano 2025\/2026 en el [&hellip;]<\/p>\n","protected":false},"author":3,"featured_media":5762,"comment_status":"open","ping_status":"open","sticky":false,"template":"","format":"standard","meta":{"_acf_changed":false,"footnotes":""},"categories":[11,2,10],"tags":[320,666,1280,1279],"class_list":{"0":"post-5761","1":"post","2":"type-post","3":"status-publish","4":"format-standard","5":"has-post-thumbnail","7":"category-cordoba","8":"category-destacadas","9":"category-noticias","10":"tag-agencia-cordoba-turismo","11":"tag-camino-de-brochero","12":"tag-ruta-del-motorhome","13":"tag-verano-25-26"},"acf":[],"yoast_head":"<!-- This site is optimized with the Yoast SEO plugin v24.8.1 - https:\/\/yoast.com\/wordpress\/plugins\/seo\/ -->\n<title>M\u00e1s de 400 fiestas y festivales en el verano cordob\u00e9s -<\/title>\n<meta name=\"robots\" content=\"index, follow, max-snippet:-1, max-image-preview:large, max-video-preview:-1\" \/>\n<link rel=\"canonical\" href=\"https:\/\/modoviajeok.com.ar\/index.php\/2025\/10\/09\/inversiones-innovacion-y-trabajo-conjunto-ejes-del-lanzamiento-de-la-temporada-de-verano-de-cordoba\/\" \/>\n<meta property=\"og:locale\" content=\"es_ES\" \/>\n<meta property=\"og:type\" content=\"article\" \/>\n<meta property=\"og:title\" content=\"M\u00e1s de 400 fiestas y festivales en el verano cordob\u00e9s -\" \/>\n<meta property=\"og:description\" content=\"14 destinos a\u00e9reos nacionales, 10 internacionales, m\u00e1s de 400 fiestas y festivales, una nueva Ruta del Motorhome, la ampliaci\u00f3n del Camino de Brochero y la calidez de nuestra gente nos permite encarar una temporada que reafirme nuestro liderazgo a nivel nacional\u201d,\u00a0destac\u00f3 Capitani. La provincia de C\u00f3rdoba present\u00f3 oficialmente su temporada de verano 2025\/2026 en el [&hellip;]\" \/>\n<meta property=\"og:url\" content=\"https:\/\/modoviajeok.com.ar\/index.php\/2025\/10\/09\/inversiones-innovacion-y-trabajo-conjunto-ejes-del-lanzamiento-de-la-temporada-de-verano-de-cordoba\/\" \/>\n<meta property=\"article:publisher\" content=\"https:\/\/www.facebook.com\/mariana.otero1\/\" \/>\n<meta property=\"article:published_time\" content=\"2025-10-09T16:09:27+00:00\" \/>\n<meta property=\"article:modified_time\" content=\"2025-10-12T20:54:09+00:00\" \/>\n<meta property=\"og:image\" content=\"https:\/\/modoviajeok.com.ar\/wp-content\/uploads\/2025\/10\/WhatsApp-Image-2025-10-09-at-10.41.25-1536x1152-1.jpeg\" \/>\n\t<meta property=\"og:image:width\" content=\"1536\" \/>\n\t<meta property=\"og:image:height\" content=\"1152\" \/>\n\t<meta property=\"og:image:type\" content=\"image\/jpeg\" \/>\n<meta name=\"author\" content=\"Pepe Segura\" \/>\n<meta name=\"twitter:card\" content=\"summary_large_image\" \/>\n<meta name=\"twitter:label1\" content=\"Escrito por\" \/>\n\t<meta name=\"twitter:data1\" content=\"Pepe Segura\" \/>\n\t<meta name=\"twitter:label2\" content=\"Tiempo de lectura\" \/>\n\t<meta name=\"twitter:data2\" content=\"4 minutos\" \/>\n<script type=\"application\/ld+json\" class=\"yoast-schema-graph\">{\"@context\":\"https:\/\/schema.org\",\"@graph\":[{\"@type\":\"Article\",\"@id\":\"https:\/\/modoviajeok.com.ar\/index.php\/2025\/10\/09\/inversiones-innovacion-y-trabajo-conjunto-ejes-del-lanzamiento-de-la-temporada-de-verano-de-cordoba\/#article\",\"isPartOf\":{\"@id\":\"https:\/\/modoviajeok.com.ar\/index.php\/2025\/10\/09\/inversiones-innovacion-y-trabajo-conjunto-ejes-del-lanzamiento-de-la-temporada-de-verano-de-cordoba\/\"},\"author\":{\"name\":\"Pepe Segura\",\"@id\":\"https:\/\/modoviajeok.com.ar\/#\/schema\/person\/2e299ed0d3d412a01d244fe28260d7f5\"},\"headline\":\"M\u00e1s de 400 fiestas y festivales en el verano cordob\u00e9s\",\"datePublished\":\"2025-10-09T16:09:27+00:00\",\"dateModified\":\"2025-10-12T20:54:09+00:00\",\"mainEntityOfPage\":{\"@id\":\"https:\/\/modoviajeok.com.ar\/index.php\/2025\/10\/09\/inversiones-innovacion-y-trabajo-conjunto-ejes-del-lanzamiento-de-la-temporada-de-verano-de-cordoba\/\"},\"wordCount\":667,\"commentCount\":0,\"publisher\":{\"@id\":\"https:\/\/modoviajeok.com.ar\/#organization\"},\"image\":{\"@id\":\"https:\/\/modoviajeok.com.ar\/index.php\/2025\/10\/09\/inversiones-innovacion-y-trabajo-conjunto-ejes-del-lanzamiento-de-la-temporada-de-verano-de-cordoba\/#primaryimage\"},\"thumbnailUrl\":\"https:\/\/modoviajeok.com.ar\/wp-content\/uploads\/2025\/10\/WhatsApp-Image-2025-10-09-at-10.41.25-1536x1152-1.jpeg\",\"keywords\":[\"Agencia C\u00f3rdoba Turismo\",\"camino de brochero\",\"ruta del motorhome\",\"verano 25\/26\"],\"articleSection\":[\"C\u00f3rdoba\",\"Destacadas\",\"Noticias\"],\"inLanguage\":\"es\",\"potentialAction\":[{\"@type\":\"CommentAction\",\"name\":\"Comment\",\"target\":[\"https:\/\/modoviajeok.com.ar\/index.php\/2025\/10\/09\/inversiones-innovacion-y-trabajo-conjunto-ejes-del-lanzamiento-de-la-temporada-de-verano-de-cordoba\/#respond\"]}]},{\"@type\":\"WebPage\",\"@id\":\"https:\/\/modoviajeok.com.ar\/index.php\/2025\/10\/09\/inversiones-innovacion-y-trabajo-conjunto-ejes-del-lanzamiento-de-la-temporada-de-verano-de-cordoba\/\",\"url\":\"https:\/\/modoviajeok.com.ar\/index.php\/2025\/10\/09\/inversiones-innovacion-y-trabajo-conjunto-ejes-del-lanzamiento-de-la-temporada-de-verano-de-cordoba\/\",\"name\":\"M\u00e1s de 400 fiestas y festivales en el verano cordob\u00e9s -\",\"isPartOf\":{\"@id\":\"https:\/\/modoviajeok.com.ar\/#website\"},\"primaryImageOfPage\":{\"@id\":\"https:\/\/modoviajeok.com.ar\/index.php\/2025\/10\/09\/inversiones-innovacion-y-trabajo-conjunto-ejes-del-lanzamiento-de-la-temporada-de-verano-de-cordoba\/#primaryimage\"},\"image\":{\"@id\":\"https:\/\/modoviajeok.com.ar\/index.php\/2025\/10\/09\/inversiones-innovacion-y-trabajo-conjunto-ejes-del-lanzamiento-de-la-temporada-de-verano-de-cordoba\/#primaryimage\"},\"thumbnailUrl\":\"https:\/\/modoviajeok.com.ar\/wp-content\/uploads\/2025\/10\/WhatsApp-Image-2025-10-09-at-10.41.25-1536x1152-1.jpeg\",\"datePublished\":\"2025-10-09T16:09:27+00:00\",\"dateModified\":\"2025-10-12T20:54:09+00:00\",\"breadcrumb\":{\"@id\":\"https:\/\/modoviajeok.com.ar\/index.php\/2025\/10\/09\/inversiones-innovacion-y-trabajo-conjunto-ejes-del-lanzamiento-de-la-temporada-de-verano-de-cordoba\/#breadcrumb\"},\"inLanguage\":\"es\",\"potentialAction\":[{\"@type\":\"ReadAction\",\"target\":[\"https:\/\/modoviajeok.com.ar\/index.php\/2025\/10\/09\/inversiones-innovacion-y-trabajo-conjunto-ejes-del-lanzamiento-de-la-temporada-de-verano-de-cordoba\/\"]}]},{\"@type\":\"ImageObject\",\"inLanguage\":\"es\",\"@id\":\"https:\/\/modoviajeok.com.ar\/index.php\/2025\/10\/09\/inversiones-innovacion-y-trabajo-conjunto-ejes-del-lanzamiento-de-la-temporada-de-verano-de-cordoba\/#primaryimage\",\"url\":\"https:\/\/modoviajeok.com.ar\/wp-content\/uploads\/2025\/10\/WhatsApp-Image-2025-10-09-at-10.41.25-1536x1152-1.jpeg\",\"contentUrl\":\"https:\/\/modoviajeok.com.ar\/wp-content\/uploads\/2025\/10\/WhatsApp-Image-2025-10-09-at-10.41.25-1536x1152-1.jpeg\",\"width\":1536,\"height\":1152},{\"@type\":\"BreadcrumbList\",\"@id\":\"https:\/\/modoviajeok.com.ar\/index.php\/2025\/10\/09\/inversiones-innovacion-y-trabajo-conjunto-ejes-del-lanzamiento-de-la-temporada-de-verano-de-cordoba\/#breadcrumb\",\"itemListElement\":[{\"@type\":\"ListItem\",\"position\":1,\"name\":\"Portada\",\"item\":\"https:\/\/modoviajeok.com.ar\/\"},{\"@type\":\"ListItem\",\"position\":2,\"name\":\"M\u00e1s de 400 fiestas y festivales en el verano cordob\u00e9s\"}]},{\"@type\":\"WebSite\",\"@id\":\"https:\/\/modoviajeok.com.ar\/#website\",\"url\":\"https:\/\/modoviajeok.com.ar\/\",\"name\":\"ModoViajeOK\",\"description\":\"\",\"publisher\":{\"@id\":\"https:\/\/modoviajeok.com.ar\/#organization\"},\"potentialAction\":[{\"@type\":\"SearchAction\",\"target\":{\"@type\":\"EntryPoint\",\"urlTemplate\":\"https:\/\/modoviajeok.com.ar\/?s={search_term_string}\"},\"query-input\":{\"@type\":\"PropertyValueSpecification\",\"valueRequired\":true,\"valueName\":\"search_term_string\"}}],\"inLanguage\":\"es\"},{\"@type\":\"Organization\",\"@id\":\"https:\/\/modoviajeok.com.ar\/#organization\",\"name\":\"ModoViajeOK\",\"url\":\"https:\/\/modoviajeok.com.ar\/\",\"logo\":{\"@type\":\"ImageObject\",\"inLanguage\":\"es\",\"@id\":\"https:\/\/modoviajeok.com.ar\/#\/schema\/logo\/image\/\",\"url\":\"https:\/\/modoviajeok.com.ar\/wp-content\/uploads\/2025\/01\/Logo-modoviajeok.png\",\"contentUrl\":\"https:\/\/modoviajeok.com.ar\/wp-content\/uploads\/2025\/01\/Logo-modoviajeok.png\",\"width\":2938,\"height\":2276,\"caption\":\"ModoViajeOK\"},\"image\":{\"@id\":\"https:\/\/modoviajeok.com.ar\/#\/schema\/logo\/image\/\"},\"sameAs\":[\"https:\/\/www.facebook.com\/mariana.otero1\/\",\"https:\/\/www.instagram.com\/modoviaje.ok\/\"]},{\"@type\":\"Person\",\"@id\":\"https:\/\/modoviajeok.com.ar\/#\/schema\/person\/2e299ed0d3d412a01d244fe28260d7f5\",\"name\":\"Pepe Segura\",\"image\":{\"@type\":\"ImageObject\",\"inLanguage\":\"es\",\"@id\":\"https:\/\/modoviajeok.com.ar\/#\/schema\/person\/image\/\",\"url\":\"https:\/\/secure.gravatar.com\/avatar\/65eb4b34deed761327f5b2c5535b987318ae807900ac46426de7258f5de6d345?s=96&d=mm&r=g\",\"contentUrl\":\"https:\/\/secure.gravatar.com\/avatar\/65eb4b34deed761327f5b2c5535b987318ae807900ac46426de7258f5de6d345?s=96&d=mm&r=g\",\"caption\":\"Pepe Segura\"},\"url\":\"https:\/\/modoviajeok.com.ar\/index.php\/author\/pepe2025\/\"}]}<\/script>\n<!-- \/ Yoast SEO plugin. -->","yoast_head_json":{"title":"M\u00e1s de 400 fiestas y festivales en el verano cordob\u00e9s -","robots":{"index":"index","follow":"follow","max-snippet":"max-snippet:-1","max-image-preview":"max-image-preview:large","max-video-preview":"max-video-preview:-1"},"canonical":"https:\/\/modoviajeok.com.ar\/index.php\/2025\/10\/09\/inversiones-innovacion-y-trabajo-conjunto-ejes-del-lanzamiento-de-la-temporada-de-verano-de-cordoba\/","og_locale":"es_ES","og_type":"article","og_title":"M\u00e1s de 400 fiestas y festivales en el verano cordob\u00e9s -","og_description":"14 destinos a\u00e9reos nacionales, 10 internacionales, m\u00e1s de 400 fiestas y festivales, una nueva Ruta del Motorhome, la ampliaci\u00f3n del Camino de Brochero y la calidez de nuestra gente nos permite encarar una temporada que reafirme nuestro liderazgo a nivel nacional\u201d,\u00a0destac\u00f3 Capitani. La provincia de C\u00f3rdoba present\u00f3 oficialmente su temporada de verano 2025\/2026 en el [&hellip;]","og_url":"https:\/\/modoviajeok.com.ar\/index.php\/2025\/10\/09\/inversiones-innovacion-y-trabajo-conjunto-ejes-del-lanzamiento-de-la-temporada-de-verano-de-cordoba\/","article_publisher":"https:\/\/www.facebook.com\/mariana.otero1\/","article_published_time":"2025-10-09T16:09:27+00:00","article_modified_time":"2025-10-12T20:54:09+00:00","og_image":[{"width":1536,"height":1152,"url":"https:\/\/modoviajeok.com.ar\/wp-content\/uploads\/2025\/10\/WhatsApp-Image-2025-10-09-at-10.41.25-1536x1152-1.jpeg","type":"image\/jpeg"}],"author":"Pepe Segura","twitter_card":"summary_large_image","twitter_misc":{"Escrito por":"Pepe Segura","Tiempo de lectura":"4 minutos"},"schema":{"@context":"https:\/\/schema.org","@graph":[{"@type":"Article","@id":"https:\/\/modoviajeok.com.ar\/index.php\/2025\/10\/09\/inversiones-innovacion-y-trabajo-conjunto-ejes-del-lanzamiento-de-la-temporada-de-verano-de-cordoba\/#article","isPartOf":{"@id":"https:\/\/modoviajeok.com.ar\/index.php\/2025\/10\/09\/inversiones-innovacion-y-trabajo-conjunto-ejes-del-lanzamiento-de-la-temporada-de-verano-de-cordoba\/"},"author":{"name":"Pepe Segura","@id":"https:\/\/modoviajeok.com.ar\/#\/schema\/person\/2e299ed0d3d412a01d244fe28260d7f5"},"headline":"M\u00e1s de 400 fiestas y festivales en el verano cordob\u00e9s","datePublished":"2025-10-09T16:09:27+00:00","dateModified":"2025-10-12T20:54:09+00:00","mainEntityOfPage":{"@id":"https:\/\/modoviajeok.com.ar\/index.php\/2025\/10\/09\/inversiones-innovacion-y-trabajo-conjunto-ejes-del-lanzamiento-de-la-temporada-de-verano-de-cordoba\/"},"wordCount":667,"commentCount":0,"publisher":{"@id":"https:\/\/modoviajeok.com.ar\/#organization"},"image":{"@id":"https:\/\/modoviajeok.com.ar\/index.php\/2025\/10\/09\/inversiones-innovacion-y-trabajo-conjunto-ejes-del-lanzamiento-de-la-temporada-de-verano-de-cordoba\/#primaryimage"},"thumbnailUrl":"https:\/\/modoviajeok.com.ar\/wp-content\/uploads\/2025\/10\/WhatsApp-Image-2025-10-09-at-10.41.25-1536x1152-1.jpeg","keywords":["Agencia C\u00f3rdoba Turismo","camino de brochero","ruta del motorhome","verano 25\/26"],"articleSection":["C\u00f3rdoba","Destacadas","Noticias"],"inLanguage":"es","potentialAction":[{"@type":"CommentAction","name":"Comment","target":["https:\/\/modoviajeok.com.ar\/index.php\/2025\/10\/09\/inversiones-innovacion-y-trabajo-conjunto-ejes-del-lanzamiento-de-la-temporada-de-verano-de-cordoba\/#respond"]}]},{"@type":"WebPage","@id":"https:\/\/modoviajeok.com.ar\/index.php\/2025\/10\/09\/inversiones-innovacion-y-trabajo-conjunto-ejes-del-lanzamiento-de-la-temporada-de-verano-de-cordoba\/","url":"https:\/\/modoviajeok.com.ar\/index.php\/2025\/10\/09\/inversiones-innovacion-y-trabajo-conjunto-ejes-del-lanzamiento-de-la-temporada-de-verano-de-cordoba\/","name":"M\u00e1s de 400 fiestas y festivales en el verano cordob\u00e9s -","isPartOf":{"@id":"https:\/\/modoviajeok.com.ar\/#website"},"primaryImageOfPage":{"@id":"https:\/\/modoviajeok.com.ar\/index.php\/2025\/10\/09\/inversiones-innovacion-y-trabajo-conjunto-ejes-del-lanzamiento-de-la-temporada-de-verano-de-cordoba\/#primaryimage"},"image":{"@id":"https:\/\/modoviajeok.com.ar\/index.php\/2025\/10\/09\/inversiones-innovacion-y-trabajo-conjunto-ejes-del-lanzamiento-de-la-temporada-de-verano-de-cordoba\/#primaryimage"},"thumbnailUrl":"https:\/\/modoviajeok.com.ar\/wp-content\/uploads\/2025\/10\/WhatsApp-Image-2025-10-09-at-10.41.25-1536x1152-1.jpeg","datePublished":"2025-10-09T16:09:27+00:00","dateModified":"2025-10-12T20:54:09+00:00","breadcrumb":{"@id":"https:\/\/modoviajeok.com.ar\/index.php\/2025\/10\/09\/inversiones-innovacion-y-trabajo-conjunto-ejes-del-lanzamiento-de-la-temporada-de-verano-de-cordoba\/#breadcrumb"},"inLanguage":"es","potentialAction":[{"@type":"ReadAction","target":["https:\/\/modoviajeok.com.ar\/index.php\/2025\/10\/09\/inversiones-innovacion-y-trabajo-conjunto-ejes-del-lanzamiento-de-la-temporada-de-verano-de-cordoba\/"]}]},{"@type":"ImageObject","inLanguage":"es","@id":"https:\/\/modoviajeok.com.ar\/index.php\/2025\/10\/09\/inversiones-innovacion-y-trabajo-conjunto-ejes-del-lanzamiento-de-la-temporada-de-verano-de-cordoba\/#primaryimage","url":"https:\/\/modoviajeok.com.ar\/wp-content\/uploads\/2025\/10\/WhatsApp-Image-2025-10-09-at-10.41.25-1536x1152-1.jpeg","contentUrl":"https:\/\/modoviajeok.com.ar\/wp-content\/uploads\/2025\/10\/WhatsApp-Image-2025-10-09-at-10.41.25-1536x1152-1.jpeg","width":1536,"height":1152},{"@type":"BreadcrumbList","@id":"https:\/\/modoviajeok.com.ar\/index.php\/2025\/10\/09\/inversiones-innovacion-y-trabajo-conjunto-ejes-del-lanzamiento-de-la-temporada-de-verano-de-cordoba\/#breadcrumb","itemListElement":[{"@type":"ListItem","position":1,"name":"Portada","item":"https:\/\/modoviajeok.com.ar\/"},{"@type":"ListItem","position":2,"name":"M\u00e1s de 400 fiestas y festivales en el verano cordob\u00e9s"}]},{"@type":"WebSite","@id":"https:\/\/modoviajeok.com.ar\/#website","url":"https:\/\/modoviajeok.com.ar\/","name":"ModoViajeOK","description":"","publisher":{"@id":"https:\/\/modoviajeok.com.ar\/#organization"},"potentialAction":[{"@type":"SearchAction","target":{"@type":"EntryPoint","urlTemplate":"https:\/\/modoviajeok.com.ar\/?s={search_term_string}"},"query-input":{"@type":"PropertyValueSpecification","valueRequired":true,"valueName":"search_term_string"}}],"inLanguage":"es"},{"@type":"Organization","@id":"https:\/\/modoviajeok.com.ar\/#organization","name":"ModoViajeOK","url":"https:\/\/modoviajeok.com.ar\/","logo":{"@type":"ImageObject","inLanguage":"es","@id":"https:\/\/modoviajeok.com.ar\/#\/schema\/logo\/image\/","url":"https:\/\/modoviajeok.com.ar\/wp-content\/uploads\/2025\/01\/Logo-modoviajeok.png","contentUrl":"https:\/\/modoviajeok.com.ar\/wp-content\/uploads\/2025\/01\/Logo-modoviajeok.png","width":2938,"height":2276,"caption":"ModoViajeOK"},"image":{"@id":"https:\/\/modoviajeok.com.ar\/#\/schema\/logo\/image\/"},"sameAs":["https:\/\/www.facebook.com\/mariana.otero1\/","https:\/\/www.instagram.com\/modoviaje.ok\/"]},{"@type":"Person","@id":"https:\/\/modoviajeok.com.ar\/#\/schema\/person\/2e299ed0d3d412a01d244fe28260d7f5","name":"Pepe Segura","image":{"@type":"ImageObject","inLanguage":"es","@id":"https:\/\/modoviajeok.com.ar\/#\/schema\/person\/image\/","url":"https:\/\/secure.gravatar.com\/avatar\/65eb4b34deed761327f5b2c5535b987318ae807900ac46426de7258f5de6d345?s=96&d=mm&r=g","contentUrl":"https:\/\/secure.gravatar.com\/avatar\/65eb4b34deed761327f5b2c5535b987318ae807900ac46426de7258f5de6d345?s=96&d=mm&r=g","caption":"Pepe Segura"},"url":"https:\/\/modoviajeok.com.ar\/index.php\/author\/pepe2025\/"}]}},"_links":{"self":[{"href":"https:\/\/modoviajeok.com.ar\/index.php\/wp-json\/wp\/v2\/posts\/5761","targetHints":{"allow":["GET"]}}],"collection":[{"href":"https:\/\/modoviajeok.com.ar\/index.php\/wp-json\/wp\/v2\/posts"}],"about":[{"href":"https:\/\/modoviajeok.com.ar\/index.php\/wp-json\/wp\/v2\/types\/post"}],"author":[{"embeddable":true,"href":"https:\/\/modoviajeok.com.ar\/index.php\/wp-json\/wp\/v2\/users\/3"}],"replies":[{"embeddable":true,"href":"https:\/\/modoviajeok.com.ar\/index.php\/wp-json\/wp\/v2\/comments?post=5761"}],"version-history":[{"count":2,"href":"https:\/\/modoviajeok.com.ar\/index.php\/wp-json\/wp\/v2\/posts\/5761\/revisions"}],"predecessor-version":[{"id":5779,"href":"https:\/\/modoviajeok.com.ar\/index.php\/wp-json\/wp\/v2\/posts\/5761\/revisions\/5779"}],"wp:featuredmedia":[{"embeddable":true,"href":"https:\/\/modoviajeok.com.ar\/index.php\/wp-json\/wp\/v2\/media\/5762"}],"wp:attachment":[{"href":"https:\/\/modoviajeok.com.ar\/index.php\/wp-json\/wp\/v2\/media?parent=5761"}],"wp:term":[{"taxonomy":"category","embeddable":true,"href":"https:\/\/modoviajeok.com.ar\/index.php\/wp-json\/wp\/v2\/categories?post=5761"},{"taxonomy":"post_tag","embeddable":true,"href":"https:\/\/modoviajeok.com.ar\/index.php\/wp-json\/wp\/v2\/tags?post=5761"}],"curies":[{"name":"wp","href":"https:\/\/api.w.org\/{rel}","templated":true}]}}