{"id":5771,"date":"2025-10-12T23:42:14","date_gmt":"2025-10-13T02:42:14","guid":{"rendered":"https:\/\/modoviajeok.com.ar\/?p=5771"},"modified":"2025-10-12T22:16:12","modified_gmt":"2025-10-13T01:16:12","slug":"villa-de-maria-de-rio-seco-el-rescate-de-la-cautivita","status":"publish","type":"post","link":"https:\/\/modoviajeok.com.ar\/index.php\/2025\/10\/12\/villa-de-maria-de-rio-seco-el-rescate-de-la-cautivita\/","title":{"rendered":"Villa de Mar\u00eda de R\u00edo Seco: el rescate de la Cautivita"},"content":{"rendered":"\n<figure class=\"wp-block-pullquote\"><blockquote><p>Las fiestas patronales en este pueblo del norte cordob\u00e9s reflejan la religiosidad de sus habitantes y de su tierra. La historia de la Virgen mestiza cautiva.<br><\/p><\/blockquote><\/figure>\n\n\n\n<figure class=\"wp-block-image size-full\"><img loading=\"lazy\" decoding=\"async\" width=\"2560\" height=\"1702\" src=\"https:\/\/modoviajeok.com.ar\/wp-content\/uploads\/2025\/10\/DSC_0057-scaled.jpg\" alt=\"\" class=\"wp-image-5791\" srcset=\"https:\/\/modoviajeok.com.ar\/wp-content\/uploads\/2025\/10\/DSC_0057-scaled.jpg 2560w, https:\/\/modoviajeok.com.ar\/wp-content\/uploads\/2025\/10\/DSC_0057-768x511.jpg 768w, https:\/\/modoviajeok.com.ar\/wp-content\/uploads\/2025\/10\/DSC_0057-1536x1021.jpg 1536w, https:\/\/modoviajeok.com.ar\/wp-content\/uploads\/2025\/10\/DSC_0057-2048x1362.jpg 2048w, https:\/\/modoviajeok.com.ar\/wp-content\/uploads\/2025\/10\/DSC_0057-632x420.jpg 632w, https:\/\/modoviajeok.com.ar\/wp-content\/uploads\/2025\/10\/DSC_0057-150x100.jpg 150w, https:\/\/modoviajeok.com.ar\/wp-content\/uploads\/2025\/10\/DSC_0057-300x199.jpg 300w, https:\/\/modoviajeok.com.ar\/wp-content\/uploads\/2025\/10\/DSC_0057-696x463.jpg 696w, https:\/\/modoviajeok.com.ar\/wp-content\/uploads\/2025\/10\/DSC_0057-1068x710.jpg 1068w, https:\/\/modoviajeok.com.ar\/wp-content\/uploads\/2025\/10\/DSC_0057-1920x1277.jpg 1920w\" sizes=\"auto, (max-width: 2560px) 100vw, 2560px\" \/><\/figure>\n\n\n\n<p>Nuestros ancestros nos legaron una misi\u00f3n sagrada: ser Caris y Custodios de la Virgen Cautivita. Aquella imagen de hechura mestiza y fe profunda no solo representa la devoci\u00f3n de un pueblo, sino tambi\u00e9n su nombre, su historia y su alma.<\/p>\n\n\n\n<figure class=\"wp-block-image size-full\"><img loading=\"lazy\" decoding=\"async\" width=\"2560\" height=\"1245\" src=\"https:\/\/modoviajeok.com.ar\/wp-content\/uploads\/2025\/10\/20251010_192433-scaled.jpg\" alt=\"\" class=\"wp-image-5781\" srcset=\"https:\/\/modoviajeok.com.ar\/wp-content\/uploads\/2025\/10\/20251010_192433-scaled.jpg 2560w, https:\/\/modoviajeok.com.ar\/wp-content\/uploads\/2025\/10\/20251010_192433-768x374.jpg 768w, https:\/\/modoviajeok.com.ar\/wp-content\/uploads\/2025\/10\/20251010_192433-1536x747.jpg 1536w, https:\/\/modoviajeok.com.ar\/wp-content\/uploads\/2025\/10\/20251010_192433-2048x996.jpg 2048w, https:\/\/modoviajeok.com.ar\/wp-content\/uploads\/2025\/10\/20251010_192433-863x420.jpg 863w, https:\/\/modoviajeok.com.ar\/wp-content\/uploads\/2025\/10\/20251010_192433-150x73.jpg 150w, https:\/\/modoviajeok.com.ar\/wp-content\/uploads\/2025\/10\/20251010_192433-300x146.jpg 300w, https:\/\/modoviajeok.com.ar\/wp-content\/uploads\/2025\/10\/20251010_192433-696x339.jpg 696w, https:\/\/modoviajeok.com.ar\/wp-content\/uploads\/2025\/10\/20251010_192433-1068x520.jpg 1068w, https:\/\/modoviajeok.com.ar\/wp-content\/uploads\/2025\/10\/20251010_192433-1920x934.jpg 1920w\" sizes=\"auto, (max-width: 2560px) 100vw, 2560px\" \/><\/figure>\n\n\n\n<figure class=\"wp-block-pullquote\"><blockquote><p>La Cautivita vive en la la tradici\u00f3n oral y escrita, contada de generaci\u00f3n en generaci\u00f3n y documentada.<\/p><\/blockquote><\/figure>\n\n\n\n<p>La Cautivita vive en la tradici\u00f3n oral y escrita, contada de generaci\u00f3n en generaci\u00f3n y registrada en documentos hist\u00f3ricos como los del cura doctrinante del R\u00edo Seco, Dr. Juan Jos\u00e9 de \u00c1vila, o el jesuita Martin Dobrizhoffer, quien en sus relatos sobre los Abipones dej\u00f3 testimonio de la religiosidad mestiza de estas tierras.<\/p>\n\n\n\n<figure class=\"wp-block-image size-full\"><img loading=\"lazy\" decoding=\"async\" width=\"1792\" height=\"2113\" src=\"https:\/\/modoviajeok.com.ar\/wp-content\/uploads\/2025\/10\/20251010_190952.jpg\" alt=\"\" class=\"wp-image-5782\" srcset=\"https:\/\/modoviajeok.com.ar\/wp-content\/uploads\/2025\/10\/20251010_190952.jpg 1792w, https:\/\/modoviajeok.com.ar\/wp-content\/uploads\/2025\/10\/20251010_190952-768x906.jpg 768w, https:\/\/modoviajeok.com.ar\/wp-content\/uploads\/2025\/10\/20251010_190952-1303x1536.jpg 1303w, https:\/\/modoviajeok.com.ar\/wp-content\/uploads\/2025\/10\/20251010_190952-1737x2048.jpg 1737w, https:\/\/modoviajeok.com.ar\/wp-content\/uploads\/2025\/10\/20251010_190952-356x420.jpg 356w, https:\/\/modoviajeok.com.ar\/wp-content\/uploads\/2025\/10\/20251010_190952-150x177.jpg 150w, https:\/\/modoviajeok.com.ar\/wp-content\/uploads\/2025\/10\/20251010_190952-300x354.jpg 300w, https:\/\/modoviajeok.com.ar\/wp-content\/uploads\/2025\/10\/20251010_190952-696x821.jpg 696w, https:\/\/modoviajeok.com.ar\/wp-content\/uploads\/2025\/10\/20251010_190952-1068x1259.jpg 1068w\" sizes=\"auto, (max-width: 1792px) 100vw, 1792px\" \/><\/figure>\n\n\n\n<p>Fue el gran poeta Leopoldo Lugones quien, en su poema El Rescate del libro Romances del R\u00edo Seco, conjug\u00f3 mitos, leyendas e historia para dejar impresa la expresi\u00f3n genuina de fe comunitaria y popular ue representa la Cautivita para nuestro pueblo. En sus versos resuena la voz de la tierra:<\/p>\n\n\n\n<figure class=\"wp-block-pullquote\"><blockquote><p><strong><em>\u201cY el pueblo entero, en procesi\u00f3n, baj\u00f3 cantando por la sierra,\u00a0\u00a0<br>con la Virgen en alto, como bandera de la fe\u201d<\/em><\/strong><br><\/p><\/blockquote><\/figure>\n\n\n\n<figure class=\"wp-block-image size-full\"><img loading=\"lazy\" decoding=\"async\" width=\"1467\" height=\"2560\" src=\"https:\/\/modoviajeok.com.ar\/wp-content\/uploads\/2025\/10\/20251010_1830312-scaled.jpg\" alt=\"\" class=\"wp-image-5783\" srcset=\"https:\/\/modoviajeok.com.ar\/wp-content\/uploads\/2025\/10\/20251010_1830312-scaled.jpg 1467w, https:\/\/modoviajeok.com.ar\/wp-content\/uploads\/2025\/10\/20251010_1830312-768x1340.jpg 768w, https:\/\/modoviajeok.com.ar\/wp-content\/uploads\/2025\/10\/20251010_1830312-880x1536.jpg 880w, https:\/\/modoviajeok.com.ar\/wp-content\/uploads\/2025\/10\/20251010_1830312-1173x2048.jpg 1173w, https:\/\/modoviajeok.com.ar\/wp-content\/uploads\/2025\/10\/20251010_1830312-241x420.jpg 241w, https:\/\/modoviajeok.com.ar\/wp-content\/uploads\/2025\/10\/20251010_1830312-150x262.jpg 150w, https:\/\/modoviajeok.com.ar\/wp-content\/uploads\/2025\/10\/20251010_1830312-300x524.jpg 300w, https:\/\/modoviajeok.com.ar\/wp-content\/uploads\/2025\/10\/20251010_1830312-696x1215.jpg 696w, https:\/\/modoviajeok.com.ar\/wp-content\/uploads\/2025\/10\/20251010_1830312-1068x1864.jpg 1068w\" sizes=\"auto, (max-width: 1467px) 100vw, 1467px\" \/><\/figure>\n\n\n\n<p><\/p>\n\n\n\n<p>Este 11 de octubre, una vez m\u00e1s, esa fe se hizo cuerpo y memoria viva en la tradicional representaci\u00f3n del Rescate de la Cautivita. Con la participaci\u00f3n comprometida de agrupaciones gauchas, academias de danzas y toda la comunidad, se revivi\u00f3 el momento fundacional que nos une como pueblo. Cada gesto, cada estampa, cada silencio compartido volvi\u00f3 a dar vida a una historia que trasciende generaciones.<\/p>\n\n\n\n<figure class=\"wp-block-image size-full\"><img loading=\"lazy\" decoding=\"async\" width=\"2560\" height=\"1152\" src=\"https:\/\/modoviajeok.com.ar\/wp-content\/uploads\/2025\/10\/20251010_132143-scaled.jpg\" alt=\"\" class=\"wp-image-5787\" srcset=\"https:\/\/modoviajeok.com.ar\/wp-content\/uploads\/2025\/10\/20251010_132143-scaled.jpg 2560w, https:\/\/modoviajeok.com.ar\/wp-content\/uploads\/2025\/10\/20251010_132143-768x346.jpg 768w, https:\/\/modoviajeok.com.ar\/wp-content\/uploads\/2025\/10\/20251010_132143-1536x691.jpg 1536w, https:\/\/modoviajeok.com.ar\/wp-content\/uploads\/2025\/10\/20251010_132143-2048x922.jpg 2048w, https:\/\/modoviajeok.com.ar\/wp-content\/uploads\/2025\/10\/20251010_132143-933x420.jpg 933w, https:\/\/modoviajeok.com.ar\/wp-content\/uploads\/2025\/10\/20251010_132143-150x68.jpg 150w, https:\/\/modoviajeok.com.ar\/wp-content\/uploads\/2025\/10\/20251010_132143-300x135.jpg 300w, https:\/\/modoviajeok.com.ar\/wp-content\/uploads\/2025\/10\/20251010_132143-696x313.jpg 696w, https:\/\/modoviajeok.com.ar\/wp-content\/uploads\/2025\/10\/20251010_132143-1068x481.jpg 1068w, https:\/\/modoviajeok.com.ar\/wp-content\/uploads\/2025\/10\/20251010_132143-1920x864.jpg 1920w\" sizes=\"auto, (max-width: 2560px) 100vw, 2560px\" \/><\/figure>\n\n\n\n<p>Esta expresi\u00f3n \u00fanica de espiritualidad popular forma parte de las experiencias inmersivas del 1\u00b0 Encuentro de Turismo Religioso de la Provincia de C\u00f3rdoba, reafirmando el valor de la memoria viva, la identidad territorial y la fe que nos hermana.<\/p>\n\n\n\n<p>La Cautivita no es solo una imagen: es el coraz\u00f3n espiritual de Villa de Mar\u00eda del R\u00edo Seco. Es ra\u00edz compartida, s\u00edmbolo de resistencia y esperanza, y legado profundo de quienes nos precedieron.<\/p>\n\n\n\n<figure class=\"wp-block-image size-full\"><img loading=\"lazy\" decoding=\"async\" width=\"2560\" height=\"1152\" src=\"https:\/\/modoviajeok.com.ar\/wp-content\/uploads\/2025\/10\/20251011_213428-scaled.jpg\" alt=\"\" class=\"wp-image-5780\" srcset=\"https:\/\/modoviajeok.com.ar\/wp-content\/uploads\/2025\/10\/20251011_213428-scaled.jpg 2560w, https:\/\/modoviajeok.com.ar\/wp-content\/uploads\/2025\/10\/20251011_213428-768x346.jpg 768w, https:\/\/modoviajeok.com.ar\/wp-content\/uploads\/2025\/10\/20251011_213428-1536x691.jpg 1536w, https:\/\/modoviajeok.com.ar\/wp-content\/uploads\/2025\/10\/20251011_213428-2048x922.jpg 2048w, https:\/\/modoviajeok.com.ar\/wp-content\/uploads\/2025\/10\/20251011_213428-933x420.jpg 933w, https:\/\/modoviajeok.com.ar\/wp-content\/uploads\/2025\/10\/20251011_213428-150x68.jpg 150w, https:\/\/modoviajeok.com.ar\/wp-content\/uploads\/2025\/10\/20251011_213428-300x135.jpg 300w, https:\/\/modoviajeok.com.ar\/wp-content\/uploads\/2025\/10\/20251011_213428-696x313.jpg 696w, https:\/\/modoviajeok.com.ar\/wp-content\/uploads\/2025\/10\/20251011_213428-1068x481.jpg 1068w, https:\/\/modoviajeok.com.ar\/wp-content\/uploads\/2025\/10\/20251011_213428-1920x864.jpg 1920w\" sizes=\"auto, (max-width: 2560px) 100vw, 2560px\" \/><\/figure>\n\n\n\n<blockquote class=\"wp-block-quote is-layout-flow wp-block-quote-is-layout-flow\">\n<p><\/p>\n<\/blockquote>\n\n\n\n<figure class=\"wp-block-pullquote\"><blockquote><p><\/p><\/blockquote><\/figure>\n","protected":false},"excerpt":{"rendered":"<p>Las fiestas patronales en este pueblo del norte cordob\u00e9s reflejan la religiosidad de sus habitantes y de su tierra. La historia de la Virgen mestiza cautiva. Nuestros ancestros nos legaron una misi\u00f3n sagrada: ser Caris y Custodios de la Virgen Cautivita. Aquella imagen de hechura mestiza y fe profunda no solo representa la devoci\u00f3n de [&hellip;]<\/p>\n","protected":false},"author":2,"featured_media":5790,"comment_status":"open","ping_status":"open","sticky":false,"template":"","format":"standard","meta":{"_acf_changed":false,"footnotes":""},"categories":[11,10],"tags":[48,132,1284,109,570,1283,1282,1285],"class_list":{"0":"post-5771","1":"post","2":"type-post","3":"status-publish","4":"format-standard","5":"has-post-thumbnail","7":"category-cordoba","8":"category-noticias","9":"tag-cordoba","10":"tag-fiestas-patronales","11":"tag-la-cautivita","12":"tag-norte-cordobes","13":"tag-norte-de-cordoba","14":"tag-rio-seca","15":"tag-villa-de-maria-de-rio-seco","16":"tag-virgen-del-rosario-del-milagro"},"acf":[],"yoast_head":"<!-- This site is optimized with the Yoast SEO plugin v24.8.1 - https:\/\/yoast.com\/wordpress\/plugins\/seo\/ -->\n<title>Villa de Mar\u00eda de R\u00edo Seco: el rescate de la Cautivita -<\/title>\n<meta name=\"description\" content=\"Las fiestas patronales en este pueblo del norte cordob\u00e9s reflejan la religiosidad de sus habitantes y de su tierra.\" \/>\n<meta name=\"robots\" content=\"index, follow, max-snippet:-1, max-image-preview:large, max-video-preview:-1\" \/>\n<link rel=\"canonical\" href=\"https:\/\/modoviajeok.com.ar\/index.php\/2025\/10\/12\/villa-de-maria-de-rio-seco-el-rescate-de-la-cautivita\/\" \/>\n<meta property=\"og:locale\" content=\"es_ES\" \/>\n<meta property=\"og:type\" content=\"article\" \/>\n<meta property=\"og:title\" content=\"Villa de Mar\u00eda de R\u00edo Seco: el rescate de la Cautivita -\" \/>\n<meta property=\"og:description\" content=\"Las fiestas patronales en este pueblo del norte cordob\u00e9s reflejan la religiosidad de sus habitantes y de su tierra.\" \/>\n<meta property=\"og:url\" content=\"https:\/\/modoviajeok.com.ar\/index.php\/2025\/10\/12\/villa-de-maria-de-rio-seco-el-rescate-de-la-cautivita\/\" \/>\n<meta property=\"article:publisher\" content=\"https:\/\/www.facebook.com\/mariana.otero1\/\" \/>\n<meta property=\"article:published_time\" content=\"2025-10-13T02:42:14+00:00\" \/>\n<meta property=\"og:image\" content=\"https:\/\/modoviajeok.com.ar\/wp-content\/uploads\/2025\/10\/DSC_0064-scaled.jpg\" \/>\n\t<meta property=\"og:image:width\" content=\"1545\" \/>\n\t<meta property=\"og:image:height\" content=\"2560\" \/>\n\t<meta property=\"og:image:type\" content=\"image\/jpeg\" \/>\n<meta name=\"author\" content=\"Mariana Otero\" \/>\n<meta name=\"twitter:card\" content=\"summary_large_image\" \/>\n<meta name=\"twitter:label1\" content=\"Escrito por\" \/>\n\t<meta name=\"twitter:data1\" content=\"Mariana Otero\" \/>\n\t<meta name=\"twitter:label2\" content=\"Tiempo de lectura\" \/>\n\t<meta name=\"twitter:data2\" content=\"3 minutos\" \/>\n<script type=\"application\/ld+json\" class=\"yoast-schema-graph\">{\"@context\":\"https:\/\/schema.org\",\"@graph\":[{\"@type\":\"Article\",\"@id\":\"https:\/\/modoviajeok.com.ar\/index.php\/2025\/10\/12\/villa-de-maria-de-rio-seco-el-rescate-de-la-cautivita\/#article\",\"isPartOf\":{\"@id\":\"https:\/\/modoviajeok.com.ar\/index.php\/2025\/10\/12\/villa-de-maria-de-rio-seco-el-rescate-de-la-cautivita\/\"},\"author\":{\"name\":\"Mariana Otero\",\"@id\":\"https:\/\/modoviajeok.com.ar\/#\/schema\/person\/1187013488537969db5b1320484d24f4\"},\"headline\":\"Villa de Mar\u00eda de R\u00edo Seco: el rescate de la Cautivita\",\"datePublished\":\"2025-10-13T02:42:14+00:00\",\"mainEntityOfPage\":{\"@id\":\"https:\/\/modoviajeok.com.ar\/index.php\/2025\/10\/12\/villa-de-maria-de-rio-seco-el-rescate-de-la-cautivita\/\"},\"wordCount\":380,\"commentCount\":0,\"publisher\":{\"@id\":\"https:\/\/modoviajeok.com.ar\/#organization\"},\"image\":{\"@id\":\"https:\/\/modoviajeok.com.ar\/index.php\/2025\/10\/12\/villa-de-maria-de-rio-seco-el-rescate-de-la-cautivita\/#primaryimage\"},\"thumbnailUrl\":\"https:\/\/modoviajeok.com.ar\/wp-content\/uploads\/2025\/10\/DSC_0064-scaled.jpg\",\"keywords\":[\"c\u00f3rdoba\",\"fiestas patronales\",\"la cautivita\",\"norte cordob\u00e9s\",\"norte de c\u00f3rdoba\",\"rio seca\",\"villa de mar\u00eda de rio seco\",\"virgen del rosario del milagro\"],\"articleSection\":[\"C\u00f3rdoba\",\"Noticias\"],\"inLanguage\":\"es\",\"potentialAction\":[{\"@type\":\"CommentAction\",\"name\":\"Comment\",\"target\":[\"https:\/\/modoviajeok.com.ar\/index.php\/2025\/10\/12\/villa-de-maria-de-rio-seco-el-rescate-de-la-cautivita\/#respond\"]}]},{\"@type\":\"WebPage\",\"@id\":\"https:\/\/modoviajeok.com.ar\/index.php\/2025\/10\/12\/villa-de-maria-de-rio-seco-el-rescate-de-la-cautivita\/\",\"url\":\"https:\/\/modoviajeok.com.ar\/index.php\/2025\/10\/12\/villa-de-maria-de-rio-seco-el-rescate-de-la-cautivita\/\",\"name\":\"Villa de Mar\u00eda de R\u00edo Seco: el rescate de la Cautivita -\",\"isPartOf\":{\"@id\":\"https:\/\/modoviajeok.com.ar\/#website\"},\"primaryImageOfPage\":{\"@id\":\"https:\/\/modoviajeok.com.ar\/index.php\/2025\/10\/12\/villa-de-maria-de-rio-seco-el-rescate-de-la-cautivita\/#primaryimage\"},\"image\":{\"@id\":\"https:\/\/modoviajeok.com.ar\/index.php\/2025\/10\/12\/villa-de-maria-de-rio-seco-el-rescate-de-la-cautivita\/#primaryimage\"},\"thumbnailUrl\":\"https:\/\/modoviajeok.com.ar\/wp-content\/uploads\/2025\/10\/DSC_0064-scaled.jpg\",\"datePublished\":\"2025-10-13T02:42:14+00:00\",\"description\":\"Las fiestas patronales en este pueblo del norte cordob\u00e9s reflejan la religiosidad de sus habitantes y de su tierra.\",\"breadcrumb\":{\"@id\":\"https:\/\/modoviajeok.com.ar\/index.php\/2025\/10\/12\/villa-de-maria-de-rio-seco-el-rescate-de-la-cautivita\/#breadcrumb\"},\"inLanguage\":\"es\",\"potentialAction\":[{\"@type\":\"ReadAction\",\"target\":[\"https:\/\/modoviajeok.com.ar\/index.php\/2025\/10\/12\/villa-de-maria-de-rio-seco-el-rescate-de-la-cautivita\/\"]}]},{\"@type\":\"ImageObject\",\"inLanguage\":\"es\",\"@id\":\"https:\/\/modoviajeok.com.ar\/index.php\/2025\/10\/12\/villa-de-maria-de-rio-seco-el-rescate-de-la-cautivita\/#primaryimage\",\"url\":\"https:\/\/modoviajeok.com.ar\/wp-content\/uploads\/2025\/10\/DSC_0064-scaled.jpg\",\"contentUrl\":\"https:\/\/modoviajeok.com.ar\/wp-content\/uploads\/2025\/10\/DSC_0064-scaled.jpg\",\"width\":1545,\"height\":2560},{\"@type\":\"BreadcrumbList\",\"@id\":\"https:\/\/modoviajeok.com.ar\/index.php\/2025\/10\/12\/villa-de-maria-de-rio-seco-el-rescate-de-la-cautivita\/#breadcrumb\",\"itemListElement\":[{\"@type\":\"ListItem\",\"position\":1,\"name\":\"Portada\",\"item\":\"https:\/\/modoviajeok.com.ar\/\"},{\"@type\":\"ListItem\",\"position\":2,\"name\":\"Villa de Mar\u00eda de R\u00edo Seco: el rescate de la Cautivita\"}]},{\"@type\":\"WebSite\",\"@id\":\"https:\/\/modoviajeok.com.ar\/#website\",\"url\":\"https:\/\/modoviajeok.com.ar\/\",\"name\":\"ModoViajeOK\",\"description\":\"\",\"publisher\":{\"@id\":\"https:\/\/modoviajeok.com.ar\/#organization\"},\"potentialAction\":[{\"@type\":\"SearchAction\",\"target\":{\"@type\":\"EntryPoint\",\"urlTemplate\":\"https:\/\/modoviajeok.com.ar\/?s={search_term_string}\"},\"query-input\":{\"@type\":\"PropertyValueSpecification\",\"valueRequired\":true,\"valueName\":\"search_term_string\"}}],\"inLanguage\":\"es\"},{\"@type\":\"Organization\",\"@id\":\"https:\/\/modoviajeok.com.ar\/#organization\",\"name\":\"ModoViajeOK\",\"url\":\"https:\/\/modoviajeok.com.ar\/\",\"logo\":{\"@type\":\"ImageObject\",\"inLanguage\":\"es\",\"@id\":\"https:\/\/modoviajeok.com.ar\/#\/schema\/logo\/image\/\",\"url\":\"https:\/\/modoviajeok.com.ar\/wp-content\/uploads\/2025\/01\/Logo-modoviajeok.png\",\"contentUrl\":\"https:\/\/modoviajeok.com.ar\/wp-content\/uploads\/2025\/01\/Logo-modoviajeok.png\",\"width\":2938,\"height\":2276,\"caption\":\"ModoViajeOK\"},\"image\":{\"@id\":\"https:\/\/modoviajeok.com.ar\/#\/schema\/logo\/image\/\"},\"sameAs\":[\"https:\/\/www.facebook.com\/mariana.otero1\/\",\"https:\/\/www.instagram.com\/modoviaje.ok\/\"]},{\"@type\":\"Person\",\"@id\":\"https:\/\/modoviajeok.com.ar\/#\/schema\/person\/1187013488537969db5b1320484d24f4\",\"name\":\"Mariana Otero\",\"image\":{\"@type\":\"ImageObject\",\"inLanguage\":\"es\",\"@id\":\"https:\/\/modoviajeok.com.ar\/#\/schema\/person\/image\/\",\"url\":\"https:\/\/secure.gravatar.com\/avatar\/8a91a502a9336849a3500b9090c431bc1418f1d1263d893afeddba065f5add82?s=96&d=mm&r=g\",\"contentUrl\":\"https:\/\/secure.gravatar.com\/avatar\/8a91a502a9336849a3500b9090c431bc1418f1d1263d893afeddba065f5add82?s=96&d=mm&r=g\",\"caption\":\"Mariana Otero\"},\"url\":\"https:\/\/modoviajeok.com.ar\/index.php\/author\/mariana2025\/\"}]}<\/script>\n<!-- \/ Yoast SEO plugin. -->","yoast_head_json":{"title":"Villa de Mar\u00eda de R\u00edo Seco: el rescate de la Cautivita -","description":"Las fiestas patronales en este pueblo del norte cordob\u00e9s reflejan la religiosidad de sus habitantes y de su tierra.","robots":{"index":"index","follow":"follow","max-snippet":"max-snippet:-1","max-image-preview":"max-image-preview:large","max-video-preview":"max-video-preview:-1"},"canonical":"https:\/\/modoviajeok.com.ar\/index.php\/2025\/10\/12\/villa-de-maria-de-rio-seco-el-rescate-de-la-cautivita\/","og_locale":"es_ES","og_type":"article","og_title":"Villa de Mar\u00eda de R\u00edo Seco: el rescate de la Cautivita -","og_description":"Las fiestas patronales en este pueblo del norte cordob\u00e9s reflejan la religiosidad de sus habitantes y de su tierra.","og_url":"https:\/\/modoviajeok.com.ar\/index.php\/2025\/10\/12\/villa-de-maria-de-rio-seco-el-rescate-de-la-cautivita\/","article_publisher":"https:\/\/www.facebook.com\/mariana.otero1\/","article_published_time":"2025-10-13T02:42:14+00:00","og_image":[{"width":1545,"height":2560,"url":"https:\/\/modoviajeok.com.ar\/wp-content\/uploads\/2025\/10\/DSC_0064-scaled.jpg","type":"image\/jpeg"}],"author":"Mariana Otero","twitter_card":"summary_large_image","twitter_misc":{"Escrito por":"Mariana Otero","Tiempo de lectura":"3 minutos"},"schema":{"@context":"https:\/\/schema.org","@graph":[{"@type":"Article","@id":"https:\/\/modoviajeok.com.ar\/index.php\/2025\/10\/12\/villa-de-maria-de-rio-seco-el-rescate-de-la-cautivita\/#article","isPartOf":{"@id":"https:\/\/modoviajeok.com.ar\/index.php\/2025\/10\/12\/villa-de-maria-de-rio-seco-el-rescate-de-la-cautivita\/"},"author":{"name":"Mariana Otero","@id":"https:\/\/modoviajeok.com.ar\/#\/schema\/person\/1187013488537969db5b1320484d24f4"},"headline":"Villa de Mar\u00eda de R\u00edo Seco: el rescate de la Cautivita","datePublished":"2025-10-13T02:42:14+00:00","mainEntityOfPage":{"@id":"https:\/\/modoviajeok.com.ar\/index.php\/2025\/10\/12\/villa-de-maria-de-rio-seco-el-rescate-de-la-cautivita\/"},"wordCount":380,"commentCount":0,"publisher":{"@id":"https:\/\/modoviajeok.com.ar\/#organization"},"image":{"@id":"https:\/\/modoviajeok.com.ar\/index.php\/2025\/10\/12\/villa-de-maria-de-rio-seco-el-rescate-de-la-cautivita\/#primaryimage"},"thumbnailUrl":"https:\/\/modoviajeok.com.ar\/wp-content\/uploads\/2025\/10\/DSC_0064-scaled.jpg","keywords":["c\u00f3rdoba","fiestas patronales","la cautivita","norte cordob\u00e9s","norte de c\u00f3rdoba","rio seca","villa de mar\u00eda de rio seco","virgen del rosario del milagro"],"articleSection":["C\u00f3rdoba","Noticias"],"inLanguage":"es","potentialAction":[{"@type":"CommentAction","name":"Comment","target":["https:\/\/modoviajeok.com.ar\/index.php\/2025\/10\/12\/villa-de-maria-de-rio-seco-el-rescate-de-la-cautivita\/#respond"]}]},{"@type":"WebPage","@id":"https:\/\/modoviajeok.com.ar\/index.php\/2025\/10\/12\/villa-de-maria-de-rio-seco-el-rescate-de-la-cautivita\/","url":"https:\/\/modoviajeok.com.ar\/index.php\/2025\/10\/12\/villa-de-maria-de-rio-seco-el-rescate-de-la-cautivita\/","name":"Villa de Mar\u00eda de R\u00edo Seco: el rescate de la Cautivita -","isPartOf":{"@id":"https:\/\/modoviajeok.com.ar\/#website"},"primaryImageOfPage":{"@id":"https:\/\/modoviajeok.com.ar\/index.php\/2025\/10\/12\/villa-de-maria-de-rio-seco-el-rescate-de-la-cautivita\/#primaryimage"},"image":{"@id":"https:\/\/modoviajeok.com.ar\/index.php\/2025\/10\/12\/villa-de-maria-de-rio-seco-el-rescate-de-la-cautivita\/#primaryimage"},"thumbnailUrl":"https:\/\/modoviajeok.com.ar\/wp-content\/uploads\/2025\/10\/DSC_0064-scaled.jpg","datePublished":"2025-10-13T02:42:14+00:00","description":"Las fiestas patronales en este pueblo del norte cordob\u00e9s reflejan la religiosidad de sus habitantes y de su tierra.","breadcrumb":{"@id":"https:\/\/modoviajeok.com.ar\/index.php\/2025\/10\/12\/villa-de-maria-de-rio-seco-el-rescate-de-la-cautivita\/#breadcrumb"},"inLanguage":"es","potentialAction":[{"@type":"ReadAction","target":["https:\/\/modoviajeok.com.ar\/index.php\/2025\/10\/12\/villa-de-maria-de-rio-seco-el-rescate-de-la-cautivita\/"]}]},{"@type":"ImageObject","inLanguage":"es","@id":"https:\/\/modoviajeok.com.ar\/index.php\/2025\/10\/12\/villa-de-maria-de-rio-seco-el-rescate-de-la-cautivita\/#primaryimage","url":"https:\/\/modoviajeok.com.ar\/wp-content\/uploads\/2025\/10\/DSC_0064-scaled.jpg","contentUrl":"https:\/\/modoviajeok.com.ar\/wp-content\/uploads\/2025\/10\/DSC_0064-scaled.jpg","width":1545,"height":2560},{"@type":"BreadcrumbList","@id":"https:\/\/modoviajeok.com.ar\/index.php\/2025\/10\/12\/villa-de-maria-de-rio-seco-el-rescate-de-la-cautivita\/#breadcrumb","itemListElement":[{"@type":"ListItem","position":1,"name":"Portada","item":"https:\/\/modoviajeok.com.ar\/"},{"@type":"ListItem","position":2,"name":"Villa de Mar\u00eda de R\u00edo Seco: el rescate de la Cautivita"}]},{"@type":"WebSite","@id":"https:\/\/modoviajeok.com.ar\/#website","url":"https:\/\/modoviajeok.com.ar\/","name":"ModoViajeOK","description":"","publisher":{"@id":"https:\/\/modoviajeok.com.ar\/#organization"},"potentialAction":[{"@type":"SearchAction","target":{"@type":"EntryPoint","urlTemplate":"https:\/\/modoviajeok.com.ar\/?s={search_term_string}"},"query-input":{"@type":"PropertyValueSpecification","valueRequired":true,"valueName":"search_term_string"}}],"inLanguage":"es"},{"@type":"Organization","@id":"https:\/\/modoviajeok.com.ar\/#organization","name":"ModoViajeOK","url":"https:\/\/modoviajeok.com.ar\/","logo":{"@type":"ImageObject","inLanguage":"es","@id":"https:\/\/modoviajeok.com.ar\/#\/schema\/logo\/image\/","url":"https:\/\/modoviajeok.com.ar\/wp-content\/uploads\/2025\/01\/Logo-modoviajeok.png","contentUrl":"https:\/\/modoviajeok.com.ar\/wp-content\/uploads\/2025\/01\/Logo-modoviajeok.png","width":2938,"height":2276,"caption":"ModoViajeOK"},"image":{"@id":"https:\/\/modoviajeok.com.ar\/#\/schema\/logo\/image\/"},"sameAs":["https:\/\/www.facebook.com\/mariana.otero1\/","https:\/\/www.instagram.com\/modoviaje.ok\/"]},{"@type":"Person","@id":"https:\/\/modoviajeok.com.ar\/#\/schema\/person\/1187013488537969db5b1320484d24f4","name":"Mariana Otero","image":{"@type":"ImageObject","inLanguage":"es","@id":"https:\/\/modoviajeok.com.ar\/#\/schema\/person\/image\/","url":"https:\/\/secure.gravatar.com\/avatar\/8a91a502a9336849a3500b9090c431bc1418f1d1263d893afeddba065f5add82?s=96&d=mm&r=g","contentUrl":"https:\/\/secure.gravatar.com\/avatar\/8a91a502a9336849a3500b9090c431bc1418f1d1263d893afeddba065f5add82?s=96&d=mm&r=g","caption":"Mariana Otero"},"url":"https:\/\/modoviajeok.com.ar\/index.php\/author\/mariana2025\/"}]}},"_links":{"self":[{"href":"https:\/\/modoviajeok.com.ar\/index.php\/wp-json\/wp\/v2\/posts\/5771","targetHints":{"allow":["GET"]}}],"collection":[{"href":"https:\/\/modoviajeok.com.ar\/index.php\/wp-json\/wp\/v2\/posts"}],"about":[{"href":"https:\/\/modoviajeok.com.ar\/index.php\/wp-json\/wp\/v2\/types\/post"}],"author":[{"embeddable":true,"href":"https:\/\/modoviajeok.com.ar\/index.php\/wp-json\/wp\/v2\/users\/2"}],"replies":[{"embeddable":true,"href":"https:\/\/modoviajeok.com.ar\/index.php\/wp-json\/wp\/v2\/comments?post=5771"}],"version-history":[{"count":6,"href":"https:\/\/modoviajeok.com.ar\/index.php\/wp-json\/wp\/v2\/posts\/5771\/revisions"}],"predecessor-version":[{"id":5793,"href":"https:\/\/modoviajeok.com.ar\/index.php\/wp-json\/wp\/v2\/posts\/5771\/revisions\/5793"}],"wp:featuredmedia":[{"embeddable":true,"href":"https:\/\/modoviajeok.com.ar\/index.php\/wp-json\/wp\/v2\/media\/5790"}],"wp:attachment":[{"href":"https:\/\/modoviajeok.com.ar\/index.php\/wp-json\/wp\/v2\/media?parent=5771"}],"wp:term":[{"taxonomy":"category","embeddable":true,"href":"https:\/\/modoviajeok.com.ar\/index.php\/wp-json\/wp\/v2\/categories?post=5771"},{"taxonomy":"post_tag","embeddable":true,"href":"https:\/\/modoviajeok.com.ar\/index.php\/wp-json\/wp\/v2\/tags?post=5771"}],"curies":[{"name":"wp","href":"https:\/\/api.w.org\/{rel}","templated":true}]}}