{"id":5803,"date":"2025-10-13T11:42:00","date_gmt":"2025-10-13T14:42:00","guid":{"rendered":"https:\/\/modoviajeok.com.ar\/?p=5803"},"modified":"2025-10-13T11:49:11","modified_gmt":"2025-10-13T14:49:11","slug":"la-cautivita-un-nuevo-santuario-de-peregrinacion","status":"publish","type":"post","link":"https:\/\/modoviajeok.com.ar\/index.php\/2025\/10\/13\/la-cautivita-un-nuevo-santuario-de-peregrinacion\/","title":{"rendered":"La Cautivita: un nuevo santuario de peregrinaci\u00f3n \u00a0"},"content":{"rendered":"\n<h1 class=\"wp-block-heading\">Se trata de la imagen mestiza de la Virgen del Rosario en Villa de Mar\u00eda de R\u00edo Seco. Se consagr\u00f3 la parroquia durante las fiestas patronales.<\/h1>\n\n\n\n<p>La provincia de C\u00f3rdoba (Rep\u00fablica Argentina), sum\u00f3 un nuevo santuario de peregrinaci\u00f3n: \u201cLa Cautivita, la patrona de Villa de Mar\u00eda de R\u00edo Seco, una localidad que se ubica a poco m\u00e1s de 200 kil\u00f3metros al norte de la ciudad de C\u00f3rdoba.\u00a0<\/p>\n\n\n\n<figure class=\"wp-block-image size-full\"><img loading=\"lazy\" decoding=\"async\" width=\"1204\" height=\"1600\" src=\"https:\/\/modoviajeok.com.ar\/wp-content\/uploads\/2025\/10\/WhatsApp-Image-2025-10-13-at-11.23.23.jpeg\" alt=\"\" class=\"wp-image-5805\" srcset=\"https:\/\/modoviajeok.com.ar\/wp-content\/uploads\/2025\/10\/WhatsApp-Image-2025-10-13-at-11.23.23.jpeg 1204w, https:\/\/modoviajeok.com.ar\/wp-content\/uploads\/2025\/10\/WhatsApp-Image-2025-10-13-at-11.23.23-768x1021.jpeg 768w, https:\/\/modoviajeok.com.ar\/wp-content\/uploads\/2025\/10\/WhatsApp-Image-2025-10-13-at-11.23.23-1156x1536.jpeg 1156w, https:\/\/modoviajeok.com.ar\/wp-content\/uploads\/2025\/10\/WhatsApp-Image-2025-10-13-at-11.23.23-316x420.jpeg 316w, https:\/\/modoviajeok.com.ar\/wp-content\/uploads\/2025\/10\/WhatsApp-Image-2025-10-13-at-11.23.23-150x199.jpeg 150w, https:\/\/modoviajeok.com.ar\/wp-content\/uploads\/2025\/10\/WhatsApp-Image-2025-10-13-at-11.23.23-300x399.jpeg 300w, https:\/\/modoviajeok.com.ar\/wp-content\/uploads\/2025\/10\/WhatsApp-Image-2025-10-13-at-11.23.23-696x925.jpeg 696w, https:\/\/modoviajeok.com.ar\/wp-content\/uploads\/2025\/10\/WhatsApp-Image-2025-10-13-at-11.23.23-1068x1419.jpeg 1068w\" sizes=\"auto, (max-width: 1204px) 100vw, 1204px\" \/><\/figure>\n\n\n\n<p>La consagraci\u00f3n de la parroquia Nuestra Se\u00f1ora del Rosario como santuario se vivi\u00f3 con emoci\u00f3n este pasado 12 de octubre durante las fiestas patronales que honran a la imagen de la virgen mestiza que data de 1657. Este hecho hist\u00f3rico ocurri\u00f3 al cierre del Primer Encuentro Provincial de Turismo Religioso que se llev\u00f3 a cabo durante tres d\u00edas, y del que particip\u00f3 ModoViaje.ok.<\/p>\n\n\n\n<figure class=\"wp-block-image size-full\"><img loading=\"lazy\" decoding=\"async\" width=\"1204\" height=\"1600\" src=\"https:\/\/modoviajeok.com.ar\/wp-content\/uploads\/2025\/10\/WhatsApp-Image-2025-10-13-at-11.23.21.jpeg\" alt=\"\" class=\"wp-image-5804\" srcset=\"https:\/\/modoviajeok.com.ar\/wp-content\/uploads\/2025\/10\/WhatsApp-Image-2025-10-13-at-11.23.21.jpeg 1204w, https:\/\/modoviajeok.com.ar\/wp-content\/uploads\/2025\/10\/WhatsApp-Image-2025-10-13-at-11.23.21-768x1021.jpeg 768w, https:\/\/modoviajeok.com.ar\/wp-content\/uploads\/2025\/10\/WhatsApp-Image-2025-10-13-at-11.23.21-1156x1536.jpeg 1156w, https:\/\/modoviajeok.com.ar\/wp-content\/uploads\/2025\/10\/WhatsApp-Image-2025-10-13-at-11.23.21-316x420.jpeg 316w, https:\/\/modoviajeok.com.ar\/wp-content\/uploads\/2025\/10\/WhatsApp-Image-2025-10-13-at-11.23.21-150x199.jpeg 150w, https:\/\/modoviajeok.com.ar\/wp-content\/uploads\/2025\/10\/WhatsApp-Image-2025-10-13-at-11.23.21-300x399.jpeg 300w, https:\/\/modoviajeok.com.ar\/wp-content\/uploads\/2025\/10\/WhatsApp-Image-2025-10-13-at-11.23.21-696x925.jpeg 696w, https:\/\/modoviajeok.com.ar\/wp-content\/uploads\/2025\/10\/WhatsApp-Image-2025-10-13-at-11.23.21-1068x1419.jpeg 1068w\" sizes=\"auto, (max-width: 1204px) 100vw, 1204px\" \/><\/figure>\n\n\n\n<p>La religiosidad de este pueblo est\u00e1 anclada en La Cautivita, considerada milagrosa, que da origen a la comunidad y que habla de la resistencia y la fe de todo un pueblo.\u00a0<\/p>\n\n\n\n<p>La imagen se llev\u00f3 a mediados del siglo XVII desde una ermita rural en la estancia de Mateo Barrera en un campo en el l\u00edmite entre C\u00f3rdoba y Santiago del Estero a la capilla del estanciero Domingo G\u00f3mez, en un sitio m\u00e1s poblado y accesible para ser visitada por los feligreses.&nbsp;<\/p>\n\n\n\n<figure class=\"wp-block-image size-full\"><img loading=\"lazy\" decoding=\"async\" width=\"1204\" height=\"1600\" src=\"https:\/\/modoviajeok.com.ar\/wp-content\/uploads\/2025\/10\/WhatsApp-Image-2025-10-13-at-11.23.22.jpeg\" alt=\"\" class=\"wp-image-5806\" srcset=\"https:\/\/modoviajeok.com.ar\/wp-content\/uploads\/2025\/10\/WhatsApp-Image-2025-10-13-at-11.23.22.jpeg 1204w, https:\/\/modoviajeok.com.ar\/wp-content\/uploads\/2025\/10\/WhatsApp-Image-2025-10-13-at-11.23.22-768x1021.jpeg 768w, https:\/\/modoviajeok.com.ar\/wp-content\/uploads\/2025\/10\/WhatsApp-Image-2025-10-13-at-11.23.22-1156x1536.jpeg 1156w, https:\/\/modoviajeok.com.ar\/wp-content\/uploads\/2025\/10\/WhatsApp-Image-2025-10-13-at-11.23.22-316x420.jpeg 316w, https:\/\/modoviajeok.com.ar\/wp-content\/uploads\/2025\/10\/WhatsApp-Image-2025-10-13-at-11.23.22-150x199.jpeg 150w, https:\/\/modoviajeok.com.ar\/wp-content\/uploads\/2025\/10\/WhatsApp-Image-2025-10-13-at-11.23.22-300x399.jpeg 300w, https:\/\/modoviajeok.com.ar\/wp-content\/uploads\/2025\/10\/WhatsApp-Image-2025-10-13-at-11.23.22-696x925.jpeg 696w, https:\/\/modoviajeok.com.ar\/wp-content\/uploads\/2025\/10\/WhatsApp-Image-2025-10-13-at-11.23.22-1068x1419.jpeg 1068w\" sizes=\"auto, (max-width: 1204px) 100vw, 1204px\" \/><\/figure>\n\n\n\n<p>Esto marc\u00f3 el inicio de una devoci\u00f3n que dar\u00eda identidad espiritual a todo el norte cordob\u00e9s, y que se traslad\u00f3 a distintas localidades.<\/p>\n\n\n\n<p>La imagen sencilla -de 67 cent\u00edmetros, vestida con t\u00fanica y manto y con pelo natural- es de madera dura en forma cuadrangular.&nbsp;<\/p>\n\n\n\n<figure class=\"wp-block-image size-full\"><img loading=\"lazy\" decoding=\"async\" width=\"1204\" height=\"1600\" src=\"https:\/\/modoviajeok.com.ar\/wp-content\/uploads\/2025\/10\/WhatsApp-Image-2025-10-13-at-11.23.23-2.jpeg\" alt=\"\" class=\"wp-image-5809\" srcset=\"https:\/\/modoviajeok.com.ar\/wp-content\/uploads\/2025\/10\/WhatsApp-Image-2025-10-13-at-11.23.23-2.jpeg 1204w, https:\/\/modoviajeok.com.ar\/wp-content\/uploads\/2025\/10\/WhatsApp-Image-2025-10-13-at-11.23.23-2-768x1021.jpeg 768w, https:\/\/modoviajeok.com.ar\/wp-content\/uploads\/2025\/10\/WhatsApp-Image-2025-10-13-at-11.23.23-2-1156x1536.jpeg 1156w, https:\/\/modoviajeok.com.ar\/wp-content\/uploads\/2025\/10\/WhatsApp-Image-2025-10-13-at-11.23.23-2-316x420.jpeg 316w, https:\/\/modoviajeok.com.ar\/wp-content\/uploads\/2025\/10\/WhatsApp-Image-2025-10-13-at-11.23.23-2-150x199.jpeg 150w, https:\/\/modoviajeok.com.ar\/wp-content\/uploads\/2025\/10\/WhatsApp-Image-2025-10-13-at-11.23.23-2-300x399.jpeg 300w, https:\/\/modoviajeok.com.ar\/wp-content\/uploads\/2025\/10\/WhatsApp-Image-2025-10-13-at-11.23.23-2-696x925.jpeg 696w, https:\/\/modoviajeok.com.ar\/wp-content\/uploads\/2025\/10\/WhatsApp-Image-2025-10-13-at-11.23.23-2-1068x1419.jpeg 1068w\" sizes=\"auto, (max-width: 1204px) 100vw, 1204px\" \/><\/figure>\n\n\n\n<p>La imagen pas\u00f3 a la historia en 1748, cuando un mal\u00f3n de abor\u00edgenes abipones, originarios del Chaco, atac\u00f3 la zona del R\u00edo Seco arrasando con casas y estancias y la capilla, desde donde secuestraron la imagen de Nuestra Se\u00f1ora del Rosario y la de San Jos\u00e9.<\/p>\n\n\n\n<p>Hay profusa documentaci\u00f3n hist\u00f3rica que acredita que el capit\u00e1n Francisco de la Barreda junto a otros hombres persiguieron a los ind\u00edgenas y recuperaron la imagen de la Virgen, aunque la de San Jos\u00e9 nunca se encontr\u00f3. As\u00ed pas\u00f3 a ser nombrada cari\u00f1osamente \u201cLa Cautivita\u201d. Su regreso fue apote\u00f3sico y emocionante.<\/p>\n\n\n\n<figure class=\"wp-block-image size-full\"><img loading=\"lazy\" decoding=\"async\" width=\"1204\" height=\"1600\" src=\"https:\/\/modoviajeok.com.ar\/wp-content\/uploads\/2025\/10\/WhatsApp-Image-2025-10-13-at-11.23.24.jpeg\" alt=\"\" class=\"wp-image-5810\" srcset=\"https:\/\/modoviajeok.com.ar\/wp-content\/uploads\/2025\/10\/WhatsApp-Image-2025-10-13-at-11.23.24.jpeg 1204w, https:\/\/modoviajeok.com.ar\/wp-content\/uploads\/2025\/10\/WhatsApp-Image-2025-10-13-at-11.23.24-768x1021.jpeg 768w, https:\/\/modoviajeok.com.ar\/wp-content\/uploads\/2025\/10\/WhatsApp-Image-2025-10-13-at-11.23.24-1156x1536.jpeg 1156w, https:\/\/modoviajeok.com.ar\/wp-content\/uploads\/2025\/10\/WhatsApp-Image-2025-10-13-at-11.23.24-316x420.jpeg 316w, https:\/\/modoviajeok.com.ar\/wp-content\/uploads\/2025\/10\/WhatsApp-Image-2025-10-13-at-11.23.24-150x199.jpeg 150w, https:\/\/modoviajeok.com.ar\/wp-content\/uploads\/2025\/10\/WhatsApp-Image-2025-10-13-at-11.23.24-300x399.jpeg 300w, https:\/\/modoviajeok.com.ar\/wp-content\/uploads\/2025\/10\/WhatsApp-Image-2025-10-13-at-11.23.24-696x925.jpeg 696w, https:\/\/modoviajeok.com.ar\/wp-content\/uploads\/2025\/10\/WhatsApp-Image-2025-10-13-at-11.23.24-1068x1419.jpeg 1068w\" sizes=\"auto, (max-width: 1204px) 100vw, 1204px\" \/><\/figure>\n\n\n\n<p>El propio Leopoldo Lugones vuelca esta historia a la poes\u00eda bajo el t\u00edtulo \u00abEl rescate\u00bb. Se puede leer \u00a0<a href=\"https:\/\/www.capillasytemplos.com.ar\/documentos\/villademariadelrioseco-elrescate.pdf\">aqu\u00ed<\/a>. La obra est\u00e1 inclu\u00edda en \u00abRomances del R\u00edo Seco\u00bb publicada en 1938 en una selecta impresi\u00f3n de mil ejemplares.<\/p>\n\n\n\n<p>Pero esta historia tiene a\u00fan m\u00e1s historia: se remonta a mediados del siglo XVI cuando pas\u00f3 por R\u00edo Seco la imagen de Nuestro Se\u00f1ora del Rosario, que hoy se encuentra en la Iglesia Santo Domingo de la ciudad C\u00f3rdoba. Esa imagen que hab\u00eda sido tra\u00edda desde Espa\u00f1a naufrag\u00f3 con el barco que la transportaba y fue encontrada en un cofre en el puerto de El Callao, junto a la imagen de El Se\u00f1or de los Milagros que se encuentra en Salta. En su viaje hacia la ciudad de C\u00f3rdoba, la Virgen pas\u00f3 por R\u00edo Seco. De all\u00ed que se realizara una r\u00e9plica con los rasgos mestizos de nuestra tierra.<\/p>\n\n\n\n<figure class=\"wp-block-image size-full\"><img loading=\"lazy\" decoding=\"async\" width=\"1204\" height=\"1600\" src=\"https:\/\/modoviajeok.com.ar\/wp-content\/uploads\/2025\/10\/WhatsApp-Image-2025-10-13-at-11.23.24-1.jpeg\" alt=\"\" class=\"wp-image-5811\" srcset=\"https:\/\/modoviajeok.com.ar\/wp-content\/uploads\/2025\/10\/WhatsApp-Image-2025-10-13-at-11.23.24-1.jpeg 1204w, https:\/\/modoviajeok.com.ar\/wp-content\/uploads\/2025\/10\/WhatsApp-Image-2025-10-13-at-11.23.24-1-768x1021.jpeg 768w, https:\/\/modoviajeok.com.ar\/wp-content\/uploads\/2025\/10\/WhatsApp-Image-2025-10-13-at-11.23.24-1-1156x1536.jpeg 1156w, https:\/\/modoviajeok.com.ar\/wp-content\/uploads\/2025\/10\/WhatsApp-Image-2025-10-13-at-11.23.24-1-316x420.jpeg 316w, https:\/\/modoviajeok.com.ar\/wp-content\/uploads\/2025\/10\/WhatsApp-Image-2025-10-13-at-11.23.24-1-150x199.jpeg 150w, https:\/\/modoviajeok.com.ar\/wp-content\/uploads\/2025\/10\/WhatsApp-Image-2025-10-13-at-11.23.24-1-300x399.jpeg 300w, https:\/\/modoviajeok.com.ar\/wp-content\/uploads\/2025\/10\/WhatsApp-Image-2025-10-13-at-11.23.24-1-696x925.jpeg 696w, https:\/\/modoviajeok.com.ar\/wp-content\/uploads\/2025\/10\/WhatsApp-Image-2025-10-13-at-11.23.24-1-1068x1419.jpeg 1068w\" sizes=\"auto, (max-width: 1204px) 100vw, 1204px\" \/><\/figure>\n\n\n\n<p><strong>Fiestas patronales <\/strong><\/p>\n\n\n\n<p>La historia de La Cautivita sigue viva en las fiestas patronales, en la devoci\u00f3n que se transmite de generaci\u00f3n en generaci\u00f3n. Es un s\u00edmbolo de identidad. Los registros parroquiales del siglo XVIII reconocen a los fieles que participaron de aquel rescate y a\u00fan hoy se representa en las calles de Villa de Mar\u00eda cada octubre aquella gesta heroica. <\/p>\n\n\n\n<p>Los pobladores de Villa de Mar\u00eda dicen que La Cautivita es un s\u00edmbolo de fe, pero tambi\u00e9n de uni\u00f3n y resistencia. Es testimonio de fidelidad de un pueblo, de tradici\u00f3n. Desde hace 400 a\u00f1os, por ejemplo, se mantiene la tradici\u00f3n de la procesi\u00f3n con el rosario de la aurora por las calles de la ciudad.<\/p>\n\n\n\n<p>La Cautivita es ahora sitio de peregrinaci\u00f3n. Se encuentra en la iglesia constru\u00edda a fines del siglo XIX frente a la plaza central del pueblo a 250 metros de la Casa-Museo de Leopoldo Lugones y a cinco cuadras de la antigua capilla cuyas ruinas se ven al pie del Cerro del Romero.<\/p>\n","protected":false},"excerpt":{"rendered":"<p>Se trata de la imagen mestiza de la Virgen del Rosario en Villa de Mar\u00eda de R\u00edo Seco. Se consagr\u00f3 la parroquia durante las fiestas patronales. La provincia de C\u00f3rdoba (Rep\u00fablica Argentina), sum\u00f3 un nuevo santuario de peregrinaci\u00f3n: \u201cLa Cautivita, la patrona de Villa de Mar\u00eda de R\u00edo Seco, una localidad que se ubica a [&hellip;]<\/p>\n","protected":false},"author":2,"featured_media":5809,"comment_status":"open","ping_status":"open","sticky":false,"template":"","format":"standard","meta":{"_acf_changed":false,"footnotes":""},"categories":[11,2],"tags":[48,1284,333,387,1290,1291],"class_list":{"0":"post-5803","1":"post","2":"type-post","3":"status-publish","4":"format-standard","5":"has-post-thumbnail","7":"category-cordoba","8":"category-destacadas","9":"tag-cordoba","10":"tag-la-cautivita","11":"tag-santuario","12":"tag-turismo-religioso","13":"tag-villa-de-maria-de-rio-seco-2","14":"tag-virgen-nuestra-senora-del-rosario"},"acf":[],"yoast_head":"<!-- This site is optimized with the Yoast SEO plugin v24.8.1 - https:\/\/yoast.com\/wordpress\/plugins\/seo\/ -->\n<title>La Cautivita: un nuevo santuario de peregrinaci\u00f3n \u00a0 -<\/title>\n<meta name=\"description\" content=\"Se trata de la imagen mestiza de la Virgen del Rosario en Villa de Mar\u00eda de R\u00edo Seco.\" \/>\n<meta name=\"robots\" content=\"index, follow, max-snippet:-1, max-image-preview:large, max-video-preview:-1\" \/>\n<link rel=\"canonical\" href=\"https:\/\/modoviajeok.com.ar\/index.php\/2025\/10\/13\/la-cautivita-un-nuevo-santuario-de-peregrinacion\/\" \/>\n<meta property=\"og:locale\" content=\"es_ES\" \/>\n<meta property=\"og:type\" content=\"article\" \/>\n<meta property=\"og:title\" content=\"La Cautivita: un nuevo santuario de peregrinaci\u00f3n \u00a0 -\" \/>\n<meta property=\"og:description\" content=\"Se trata de la imagen mestiza de la Virgen del Rosario en Villa de Mar\u00eda de R\u00edo Seco.\" \/>\n<meta property=\"og:url\" content=\"https:\/\/modoviajeok.com.ar\/index.php\/2025\/10\/13\/la-cautivita-un-nuevo-santuario-de-peregrinacion\/\" \/>\n<meta property=\"article:publisher\" content=\"https:\/\/www.facebook.com\/mariana.otero1\/\" \/>\n<meta property=\"article:published_time\" content=\"2025-10-13T14:42:00+00:00\" \/>\n<meta property=\"article:modified_time\" content=\"2025-10-13T14:49:11+00:00\" \/>\n<meta property=\"og:image\" content=\"https:\/\/modoviajeok.com.ar\/wp-content\/uploads\/2025\/10\/WhatsApp-Image-2025-10-13-at-11.23.23-2.jpeg\" \/>\n\t<meta property=\"og:image:width\" content=\"1204\" \/>\n\t<meta property=\"og:image:height\" content=\"1600\" \/>\n\t<meta property=\"og:image:type\" content=\"image\/jpeg\" \/>\n<meta name=\"author\" content=\"Mariana Otero\" \/>\n<meta name=\"twitter:card\" content=\"summary_large_image\" \/>\n<meta name=\"twitter:label1\" content=\"Escrito por\" \/>\n\t<meta name=\"twitter:data1\" content=\"Mariana Otero\" \/>\n\t<meta name=\"twitter:label2\" content=\"Tiempo de lectura\" \/>\n\t<meta name=\"twitter:data2\" content=\"5 minutos\" \/>\n<script type=\"application\/ld+json\" class=\"yoast-schema-graph\">{\"@context\":\"https:\/\/schema.org\",\"@graph\":[{\"@type\":\"Article\",\"@id\":\"https:\/\/modoviajeok.com.ar\/index.php\/2025\/10\/13\/la-cautivita-un-nuevo-santuario-de-peregrinacion\/#article\",\"isPartOf\":{\"@id\":\"https:\/\/modoviajeok.com.ar\/index.php\/2025\/10\/13\/la-cautivita-un-nuevo-santuario-de-peregrinacion\/\"},\"author\":{\"name\":\"Mariana Otero\",\"@id\":\"https:\/\/modoviajeok.com.ar\/#\/schema\/person\/1187013488537969db5b1320484d24f4\"},\"headline\":\"La Cautivita: un nuevo santuario de peregrinaci\u00f3n \u00a0\",\"datePublished\":\"2025-10-13T14:42:00+00:00\",\"dateModified\":\"2025-10-13T14:49:11+00:00\",\"mainEntityOfPage\":{\"@id\":\"https:\/\/modoviajeok.com.ar\/index.php\/2025\/10\/13\/la-cautivita-un-nuevo-santuario-de-peregrinacion\/\"},\"wordCount\":737,\"commentCount\":0,\"publisher\":{\"@id\":\"https:\/\/modoviajeok.com.ar\/#organization\"},\"image\":{\"@id\":\"https:\/\/modoviajeok.com.ar\/index.php\/2025\/10\/13\/la-cautivita-un-nuevo-santuario-de-peregrinacion\/#primaryimage\"},\"thumbnailUrl\":\"https:\/\/modoviajeok.com.ar\/wp-content\/uploads\/2025\/10\/WhatsApp-Image-2025-10-13-at-11.23.23-2.jpeg\",\"keywords\":[\"c\u00f3rdoba\",\"la cautivita\",\"santuario\",\"turismo religioso\",\"villa de mar\u00eda de r\u00edo seco\",\"virgen nuestra se\u00f1ora del rosario\"],\"articleSection\":[\"C\u00f3rdoba\",\"Destacadas\"],\"inLanguage\":\"es\",\"potentialAction\":[{\"@type\":\"CommentAction\",\"name\":\"Comment\",\"target\":[\"https:\/\/modoviajeok.com.ar\/index.php\/2025\/10\/13\/la-cautivita-un-nuevo-santuario-de-peregrinacion\/#respond\"]}]},{\"@type\":\"WebPage\",\"@id\":\"https:\/\/modoviajeok.com.ar\/index.php\/2025\/10\/13\/la-cautivita-un-nuevo-santuario-de-peregrinacion\/\",\"url\":\"https:\/\/modoviajeok.com.ar\/index.php\/2025\/10\/13\/la-cautivita-un-nuevo-santuario-de-peregrinacion\/\",\"name\":\"La Cautivita: un nuevo santuario de peregrinaci\u00f3n \u00a0 -\",\"isPartOf\":{\"@id\":\"https:\/\/modoviajeok.com.ar\/#website\"},\"primaryImageOfPage\":{\"@id\":\"https:\/\/modoviajeok.com.ar\/index.php\/2025\/10\/13\/la-cautivita-un-nuevo-santuario-de-peregrinacion\/#primaryimage\"},\"image\":{\"@id\":\"https:\/\/modoviajeok.com.ar\/index.php\/2025\/10\/13\/la-cautivita-un-nuevo-santuario-de-peregrinacion\/#primaryimage\"},\"thumbnailUrl\":\"https:\/\/modoviajeok.com.ar\/wp-content\/uploads\/2025\/10\/WhatsApp-Image-2025-10-13-at-11.23.23-2.jpeg\",\"datePublished\":\"2025-10-13T14:42:00+00:00\",\"dateModified\":\"2025-10-13T14:49:11+00:00\",\"description\":\"Se trata de la imagen mestiza de la Virgen del Rosario en Villa de Mar\u00eda de R\u00edo Seco.\",\"breadcrumb\":{\"@id\":\"https:\/\/modoviajeok.com.ar\/index.php\/2025\/10\/13\/la-cautivita-un-nuevo-santuario-de-peregrinacion\/#breadcrumb\"},\"inLanguage\":\"es\",\"potentialAction\":[{\"@type\":\"ReadAction\",\"target\":[\"https:\/\/modoviajeok.com.ar\/index.php\/2025\/10\/13\/la-cautivita-un-nuevo-santuario-de-peregrinacion\/\"]}]},{\"@type\":\"ImageObject\",\"inLanguage\":\"es\",\"@id\":\"https:\/\/modoviajeok.com.ar\/index.php\/2025\/10\/13\/la-cautivita-un-nuevo-santuario-de-peregrinacion\/#primaryimage\",\"url\":\"https:\/\/modoviajeok.com.ar\/wp-content\/uploads\/2025\/10\/WhatsApp-Image-2025-10-13-at-11.23.23-2.jpeg\",\"contentUrl\":\"https:\/\/modoviajeok.com.ar\/wp-content\/uploads\/2025\/10\/WhatsApp-Image-2025-10-13-at-11.23.23-2.jpeg\",\"width\":1204,\"height\":1600},{\"@type\":\"BreadcrumbList\",\"@id\":\"https:\/\/modoviajeok.com.ar\/index.php\/2025\/10\/13\/la-cautivita-un-nuevo-santuario-de-peregrinacion\/#breadcrumb\",\"itemListElement\":[{\"@type\":\"ListItem\",\"position\":1,\"name\":\"Portada\",\"item\":\"https:\/\/modoviajeok.com.ar\/\"},{\"@type\":\"ListItem\",\"position\":2,\"name\":\"La Cautivita: un nuevo santuario de peregrinaci\u00f3n \u00a0\"}]},{\"@type\":\"WebSite\",\"@id\":\"https:\/\/modoviajeok.com.ar\/#website\",\"url\":\"https:\/\/modoviajeok.com.ar\/\",\"name\":\"ModoViajeOK\",\"description\":\"\",\"publisher\":{\"@id\":\"https:\/\/modoviajeok.com.ar\/#organization\"},\"potentialAction\":[{\"@type\":\"SearchAction\",\"target\":{\"@type\":\"EntryPoint\",\"urlTemplate\":\"https:\/\/modoviajeok.com.ar\/?s={search_term_string}\"},\"query-input\":{\"@type\":\"PropertyValueSpecification\",\"valueRequired\":true,\"valueName\":\"search_term_string\"}}],\"inLanguage\":\"es\"},{\"@type\":\"Organization\",\"@id\":\"https:\/\/modoviajeok.com.ar\/#organization\",\"name\":\"ModoViajeOK\",\"url\":\"https:\/\/modoviajeok.com.ar\/\",\"logo\":{\"@type\":\"ImageObject\",\"inLanguage\":\"es\",\"@id\":\"https:\/\/modoviajeok.com.ar\/#\/schema\/logo\/image\/\",\"url\":\"https:\/\/modoviajeok.com.ar\/wp-content\/uploads\/2025\/01\/Logo-modoviajeok.png\",\"contentUrl\":\"https:\/\/modoviajeok.com.ar\/wp-content\/uploads\/2025\/01\/Logo-modoviajeok.png\",\"width\":2938,\"height\":2276,\"caption\":\"ModoViajeOK\"},\"image\":{\"@id\":\"https:\/\/modoviajeok.com.ar\/#\/schema\/logo\/image\/\"},\"sameAs\":[\"https:\/\/www.facebook.com\/mariana.otero1\/\",\"https:\/\/www.instagram.com\/modoviaje.ok\/\"]},{\"@type\":\"Person\",\"@id\":\"https:\/\/modoviajeok.com.ar\/#\/schema\/person\/1187013488537969db5b1320484d24f4\",\"name\":\"Mariana Otero\",\"image\":{\"@type\":\"ImageObject\",\"inLanguage\":\"es\",\"@id\":\"https:\/\/modoviajeok.com.ar\/#\/schema\/person\/image\/\",\"url\":\"https:\/\/secure.gravatar.com\/avatar\/8a91a502a9336849a3500b9090c431bc1418f1d1263d893afeddba065f5add82?s=96&d=mm&r=g\",\"contentUrl\":\"https:\/\/secure.gravatar.com\/avatar\/8a91a502a9336849a3500b9090c431bc1418f1d1263d893afeddba065f5add82?s=96&d=mm&r=g\",\"caption\":\"Mariana Otero\"},\"url\":\"https:\/\/modoviajeok.com.ar\/index.php\/author\/mariana2025\/\"}]}<\/script>\n<!-- \/ Yoast SEO plugin. -->","yoast_head_json":{"title":"La Cautivita: un nuevo santuario de peregrinaci\u00f3n \u00a0 -","description":"Se trata de la imagen mestiza de la Virgen del Rosario en Villa de Mar\u00eda de R\u00edo Seco.","robots":{"index":"index","follow":"follow","max-snippet":"max-snippet:-1","max-image-preview":"max-image-preview:large","max-video-preview":"max-video-preview:-1"},"canonical":"https:\/\/modoviajeok.com.ar\/index.php\/2025\/10\/13\/la-cautivita-un-nuevo-santuario-de-peregrinacion\/","og_locale":"es_ES","og_type":"article","og_title":"La Cautivita: un nuevo santuario de peregrinaci\u00f3n \u00a0 -","og_description":"Se trata de la imagen mestiza de la Virgen del Rosario en Villa de Mar\u00eda de R\u00edo Seco.","og_url":"https:\/\/modoviajeok.com.ar\/index.php\/2025\/10\/13\/la-cautivita-un-nuevo-santuario-de-peregrinacion\/","article_publisher":"https:\/\/www.facebook.com\/mariana.otero1\/","article_published_time":"2025-10-13T14:42:00+00:00","article_modified_time":"2025-10-13T14:49:11+00:00","og_image":[{"width":1204,"height":1600,"url":"https:\/\/modoviajeok.com.ar\/wp-content\/uploads\/2025\/10\/WhatsApp-Image-2025-10-13-at-11.23.23-2.jpeg","type":"image\/jpeg"}],"author":"Mariana Otero","twitter_card":"summary_large_image","twitter_misc":{"Escrito por":"Mariana Otero","Tiempo de lectura":"5 minutos"},"schema":{"@context":"https:\/\/schema.org","@graph":[{"@type":"Article","@id":"https:\/\/modoviajeok.com.ar\/index.php\/2025\/10\/13\/la-cautivita-un-nuevo-santuario-de-peregrinacion\/#article","isPartOf":{"@id":"https:\/\/modoviajeok.com.ar\/index.php\/2025\/10\/13\/la-cautivita-un-nuevo-santuario-de-peregrinacion\/"},"author":{"name":"Mariana Otero","@id":"https:\/\/modoviajeok.com.ar\/#\/schema\/person\/1187013488537969db5b1320484d24f4"},"headline":"La Cautivita: un nuevo santuario de peregrinaci\u00f3n \u00a0","datePublished":"2025-10-13T14:42:00+00:00","dateModified":"2025-10-13T14:49:11+00:00","mainEntityOfPage":{"@id":"https:\/\/modoviajeok.com.ar\/index.php\/2025\/10\/13\/la-cautivita-un-nuevo-santuario-de-peregrinacion\/"},"wordCount":737,"commentCount":0,"publisher":{"@id":"https:\/\/modoviajeok.com.ar\/#organization"},"image":{"@id":"https:\/\/modoviajeok.com.ar\/index.php\/2025\/10\/13\/la-cautivita-un-nuevo-santuario-de-peregrinacion\/#primaryimage"},"thumbnailUrl":"https:\/\/modoviajeok.com.ar\/wp-content\/uploads\/2025\/10\/WhatsApp-Image-2025-10-13-at-11.23.23-2.jpeg","keywords":["c\u00f3rdoba","la cautivita","santuario","turismo religioso","villa de mar\u00eda de r\u00edo seco","virgen nuestra se\u00f1ora del rosario"],"articleSection":["C\u00f3rdoba","Destacadas"],"inLanguage":"es","potentialAction":[{"@type":"CommentAction","name":"Comment","target":["https:\/\/modoviajeok.com.ar\/index.php\/2025\/10\/13\/la-cautivita-un-nuevo-santuario-de-peregrinacion\/#respond"]}]},{"@type":"WebPage","@id":"https:\/\/modoviajeok.com.ar\/index.php\/2025\/10\/13\/la-cautivita-un-nuevo-santuario-de-peregrinacion\/","url":"https:\/\/modoviajeok.com.ar\/index.php\/2025\/10\/13\/la-cautivita-un-nuevo-santuario-de-peregrinacion\/","name":"La Cautivita: un nuevo santuario de peregrinaci\u00f3n \u00a0 -","isPartOf":{"@id":"https:\/\/modoviajeok.com.ar\/#website"},"primaryImageOfPage":{"@id":"https:\/\/modoviajeok.com.ar\/index.php\/2025\/10\/13\/la-cautivita-un-nuevo-santuario-de-peregrinacion\/#primaryimage"},"image":{"@id":"https:\/\/modoviajeok.com.ar\/index.php\/2025\/10\/13\/la-cautivita-un-nuevo-santuario-de-peregrinacion\/#primaryimage"},"thumbnailUrl":"https:\/\/modoviajeok.com.ar\/wp-content\/uploads\/2025\/10\/WhatsApp-Image-2025-10-13-at-11.23.23-2.jpeg","datePublished":"2025-10-13T14:42:00+00:00","dateModified":"2025-10-13T14:49:11+00:00","description":"Se trata de la imagen mestiza de la Virgen del Rosario en Villa de Mar\u00eda de R\u00edo Seco.","breadcrumb":{"@id":"https:\/\/modoviajeok.com.ar\/index.php\/2025\/10\/13\/la-cautivita-un-nuevo-santuario-de-peregrinacion\/#breadcrumb"},"inLanguage":"es","potentialAction":[{"@type":"ReadAction","target":["https:\/\/modoviajeok.com.ar\/index.php\/2025\/10\/13\/la-cautivita-un-nuevo-santuario-de-peregrinacion\/"]}]},{"@type":"ImageObject","inLanguage":"es","@id":"https:\/\/modoviajeok.com.ar\/index.php\/2025\/10\/13\/la-cautivita-un-nuevo-santuario-de-peregrinacion\/#primaryimage","url":"https:\/\/modoviajeok.com.ar\/wp-content\/uploads\/2025\/10\/WhatsApp-Image-2025-10-13-at-11.23.23-2.jpeg","contentUrl":"https:\/\/modoviajeok.com.ar\/wp-content\/uploads\/2025\/10\/WhatsApp-Image-2025-10-13-at-11.23.23-2.jpeg","width":1204,"height":1600},{"@type":"BreadcrumbList","@id":"https:\/\/modoviajeok.com.ar\/index.php\/2025\/10\/13\/la-cautivita-un-nuevo-santuario-de-peregrinacion\/#breadcrumb","itemListElement":[{"@type":"ListItem","position":1,"name":"Portada","item":"https:\/\/modoviajeok.com.ar\/"},{"@type":"ListItem","position":2,"name":"La Cautivita: un nuevo santuario de peregrinaci\u00f3n \u00a0"}]},{"@type":"WebSite","@id":"https:\/\/modoviajeok.com.ar\/#website","url":"https:\/\/modoviajeok.com.ar\/","name":"ModoViajeOK","description":"","publisher":{"@id":"https:\/\/modoviajeok.com.ar\/#organization"},"potentialAction":[{"@type":"SearchAction","target":{"@type":"EntryPoint","urlTemplate":"https:\/\/modoviajeok.com.ar\/?s={search_term_string}"},"query-input":{"@type":"PropertyValueSpecification","valueRequired":true,"valueName":"search_term_string"}}],"inLanguage":"es"},{"@type":"Organization","@id":"https:\/\/modoviajeok.com.ar\/#organization","name":"ModoViajeOK","url":"https:\/\/modoviajeok.com.ar\/","logo":{"@type":"ImageObject","inLanguage":"es","@id":"https:\/\/modoviajeok.com.ar\/#\/schema\/logo\/image\/","url":"https:\/\/modoviajeok.com.ar\/wp-content\/uploads\/2025\/01\/Logo-modoviajeok.png","contentUrl":"https:\/\/modoviajeok.com.ar\/wp-content\/uploads\/2025\/01\/Logo-modoviajeok.png","width":2938,"height":2276,"caption":"ModoViajeOK"},"image":{"@id":"https:\/\/modoviajeok.com.ar\/#\/schema\/logo\/image\/"},"sameAs":["https:\/\/www.facebook.com\/mariana.otero1\/","https:\/\/www.instagram.com\/modoviaje.ok\/"]},{"@type":"Person","@id":"https:\/\/modoviajeok.com.ar\/#\/schema\/person\/1187013488537969db5b1320484d24f4","name":"Mariana Otero","image":{"@type":"ImageObject","inLanguage":"es","@id":"https:\/\/modoviajeok.com.ar\/#\/schema\/person\/image\/","url":"https:\/\/secure.gravatar.com\/avatar\/8a91a502a9336849a3500b9090c431bc1418f1d1263d893afeddba065f5add82?s=96&d=mm&r=g","contentUrl":"https:\/\/secure.gravatar.com\/avatar\/8a91a502a9336849a3500b9090c431bc1418f1d1263d893afeddba065f5add82?s=96&d=mm&r=g","caption":"Mariana Otero"},"url":"https:\/\/modoviajeok.com.ar\/index.php\/author\/mariana2025\/"}]}},"_links":{"self":[{"href":"https:\/\/modoviajeok.com.ar\/index.php\/wp-json\/wp\/v2\/posts\/5803","targetHints":{"allow":["GET"]}}],"collection":[{"href":"https:\/\/modoviajeok.com.ar\/index.php\/wp-json\/wp\/v2\/posts"}],"about":[{"href":"https:\/\/modoviajeok.com.ar\/index.php\/wp-json\/wp\/v2\/types\/post"}],"author":[{"embeddable":true,"href":"https:\/\/modoviajeok.com.ar\/index.php\/wp-json\/wp\/v2\/users\/2"}],"replies":[{"embeddable":true,"href":"https:\/\/modoviajeok.com.ar\/index.php\/wp-json\/wp\/v2\/comments?post=5803"}],"version-history":[{"count":3,"href":"https:\/\/modoviajeok.com.ar\/index.php\/wp-json\/wp\/v2\/posts\/5803\/revisions"}],"predecessor-version":[{"id":5814,"href":"https:\/\/modoviajeok.com.ar\/index.php\/wp-json\/wp\/v2\/posts\/5803\/revisions\/5814"}],"wp:featuredmedia":[{"embeddable":true,"href":"https:\/\/modoviajeok.com.ar\/index.php\/wp-json\/wp\/v2\/media\/5809"}],"wp:attachment":[{"href":"https:\/\/modoviajeok.com.ar\/index.php\/wp-json\/wp\/v2\/media?parent=5803"}],"wp:term":[{"taxonomy":"category","embeddable":true,"href":"https:\/\/modoviajeok.com.ar\/index.php\/wp-json\/wp\/v2\/categories?post=5803"},{"taxonomy":"post_tag","embeddable":true,"href":"https:\/\/modoviajeok.com.ar\/index.php\/wp-json\/wp\/v2\/tags?post=5803"}],"curies":[{"name":"wp","href":"https:\/\/api.w.org\/{rel}","templated":true}]}}