{"id":5815,"date":"2025-10-13T18:53:25","date_gmt":"2025-10-13T21:53:25","guid":{"rendered":"https:\/\/modoviajeok.com.ar\/?p=5815"},"modified":"2025-10-13T18:57:29","modified_gmt":"2025-10-13T21:57:29","slug":"arranco-la-feria-internacional-del-libro-monterrey-2025-celebrando-la-literatura-colombiana","status":"publish","type":"post","link":"https:\/\/modoviajeok.com.ar\/index.php\/2025\/10\/13\/arranco-la-feria-internacional-del-libro-monterrey-2025-celebrando-la-literatura-colombiana\/","title":{"rendered":"Arranc\u00f3 la Feria Internacional del Libro Monterrey 2025 celebrando la literatura colombiana"},"content":{"rendered":"\n<figure class=\"wp-block-pullquote\"><blockquote><p>Este a\u00f1o, la Feria Internacional del Libro contar\u00e1 con m\u00e1s de 650 actividades que incluyen presentaciones de libros, mesas de di\u00e1logo, talleres, conferencias y espect\u00e1culos culturales para todas las edades.<br><\/p><\/blockquote><\/figure>\n\n\n\n<p><\/p>\n\n\n\n<p><\/p>\n\n\n\n<p>Con un homenaje a la literatura y a los v\u00ednculos culturales entre M\u00e9xico y Colombia, la Feria Internacional del Libro Monterrey (FIL MTY) inaugur\u00f3 su trig\u00e9sima tercera edici\u00f3n, reafirmando su papel como uno de los encuentros literarios m\u00e1s relevantes de Am\u00e9rica Latina.<\/p>\n\n\n\n<p>Organizada por el Tecnol\u00f3gico de Monterrey, a trav\u00e9s de la Escuela de Humanidades y Educaci\u00f3n, y con el respaldo del Gobierno del Estado de Nuevo Le\u00f3n, el Municipio de Monterrey y m\u00e1s de veinte empresas y fundaciones, la FIL MTY re\u00fane cada a\u00f1o a miles de lectoras y lectores en torno a los libros, la palabra y las ideas.<\/p>\n\n\n\n<p>\u201cM\u00e9xico y Colombia compartimos culturas y valores que nos hermana, los encuentros, como la Feria del Libro, como el de Gabo y Celso, son espacios de di\u00e1logo entre historias, tradiciones y creatividad\u201d destac\u00f3 Juan Pablo Murra, rector del Tecnol\u00f3gico de Monterrey. \u201cTambi\u00e9n quiero resaltar la relaci\u00f3n con la Universidad de los Andes, instituci\u00f3n hermana que, en conjunto con la Universidad Cat\u00f3lica de Chile, conformamos La Tr\u00edada. Colaboraci\u00f3n lanzada en 2018 y que a la fecha ha generado m\u00e1s de 90 proyectos acad\u00e9micos, de investigaci\u00f3n y de impacto social\u201d puntualiz\u00f3.<\/p>\n\n\n\n<p>Durante la ceremonia inaugural, la escritora Laura Restrepo, una de las voces m\u00e1s reconocidas de la literatura en lengua espa\u00f1ola, comparti\u00f3 un mensaje que evoc\u00f3 la lectura como un espacio de encuentro y transformaci\u00f3n ante las circunstancias actuales del mundo. \u201cEl mundo atraviesa una era de crisis y transformaci\u00f3n que exige repensar la manera en que contamos nuestra realidad. La literatura, no es s\u00f3lo un refugio est\u00e9tico, sino una herramienta de conciencia y de cambio, capaz de nombrar lo que otros silencian y de imaginar los caminos por venir.\u201d<\/p>\n\n\n\n<p>Su intervenci\u00f3n plante\u00f3 una mirada l\u00facida sobre los contextos globales contempor\u00e1neos y la necesidad de construir nuevas narrativas capaces de dar sentido a la complejidad del presente.<\/p>\n\n\n\n<p>La presidenta de la FIL MTY, Carmen Junco de la Vega, destac\u00f3 la importancia de este espacio como reflejo de la identidad cultural de la ciudad y del esp\u00edritu de comunidad que lo sostiene: \u201cLa Feria no es solo un acontecimiento cultural: es un punto de encuentro que refleja lo que somos como comunidad y lo que aspiramos a seguir siendo. Este a\u00f1o tenemos un honor muy especial con la presencia de Colombia como Pa\u00eds Invitado de Honor. Porque esta Feria es \u00fanica, nacida del talento, la energ\u00eda y la hospitalidad de nuestra gente\u201d, afirm\u00f3.<\/p>\n\n\n\n<p>\u201cAl abrir un libro, tenemos una puerta para conocernos mejor y para so\u00f1ar, porque este es el primer paso para transformar la realidad. Leer nos ense\u00f1a a mirar con empat\u00eda, con respeto y a cuidar lo que tenemos alrededor\u201d, coment\u00f3 Mariana Rodr\u00edguez Cant\u00fa, titular de AMAR a Nuevo Le\u00f3n; y agreg\u00f3: \u201cLeer no debe ser un lujo, sino un derecho y una oportunidad para todas y todos\u201d.<\/p>\n\n\n\n<p>Tras la ceremonia inaugural, las autoridades realizaron un recorrido por los pabellones de la feria, visitando espacios dedicados a la ni\u00f1ez, la educaci\u00f3n, la cultura y la presencia internacional. La jornada marc\u00f3 el inicio de nueve d\u00edas de actividades que celebrar\u00e1n el libro, la lectura y el pensamiento como motores del di\u00e1logo contempor\u00e1neo.<\/p>\n","protected":false},"excerpt":{"rendered":"<p>Este a\u00f1o, la Feria Internacional del Libro contar\u00e1 con m\u00e1s de 650 actividades que incluyen presentaciones de libros, mesas de di\u00e1logo, talleres, conferencias y espect\u00e1culos culturales para todas las edades. Con un homenaje a la literatura y a los v\u00ednculos culturales entre M\u00e9xico y Colombia, la Feria Internacional del Libro Monterrey (FIL MTY) inaugur\u00f3 su [&hellip;]<\/p>\n","protected":false},"author":3,"featured_media":5816,"comment_status":"open","ping_status":"open","sticky":false,"template":"","format":"standard","meta":{"_acf_changed":false,"footnotes":""},"categories":[9,10],"tags":[144,1292],"class_list":{"0":"post-5815","1":"post","2":"type-post","3":"status-publish","4":"format-standard","5":"has-post-thumbnail","7":"category-mundo","8":"category-noticias","9":"tag-colombia","10":"tag-feria-del-libro-de-monterrey"},"acf":[],"yoast_head":"<!-- This site is optimized with the Yoast SEO plugin v24.8.1 - https:\/\/yoast.com\/wordpress\/plugins\/seo\/ -->\n<title>Arranc\u00f3 la Feria Internacional del Libro Monterrey 2025 celebrando la literatura colombiana -<\/title>\n<meta name=\"robots\" content=\"index, follow, max-snippet:-1, max-image-preview:large, max-video-preview:-1\" \/>\n<link rel=\"canonical\" href=\"https:\/\/modoviajeok.com.ar\/index.php\/2025\/10\/13\/arranco-la-feria-internacional-del-libro-monterrey-2025-celebrando-la-literatura-colombiana\/\" \/>\n<meta property=\"og:locale\" content=\"es_ES\" \/>\n<meta property=\"og:type\" content=\"article\" \/>\n<meta property=\"og:title\" content=\"Arranc\u00f3 la Feria Internacional del Libro Monterrey 2025 celebrando la literatura colombiana -\" \/>\n<meta property=\"og:description\" content=\"Este a\u00f1o, la Feria Internacional del Libro contar\u00e1 con m\u00e1s de 650 actividades que incluyen presentaciones de libros, mesas de di\u00e1logo, talleres, conferencias y espect\u00e1culos culturales para todas las edades. Con un homenaje a la literatura y a los v\u00ednculos culturales entre M\u00e9xico y Colombia, la Feria Internacional del Libro Monterrey (FIL MTY) inaugur\u00f3 su [&hellip;]\" \/>\n<meta property=\"og:url\" content=\"https:\/\/modoviajeok.com.ar\/index.php\/2025\/10\/13\/arranco-la-feria-internacional-del-libro-monterrey-2025-celebrando-la-literatura-colombiana\/\" \/>\n<meta property=\"article:publisher\" content=\"https:\/\/www.facebook.com\/mariana.otero1\/\" \/>\n<meta property=\"article:published_time\" content=\"2025-10-13T21:53:25+00:00\" \/>\n<meta property=\"article:modified_time\" content=\"2025-10-13T21:57:29+00:00\" \/>\n<meta property=\"og:image\" content=\"https:\/\/modoviajeok.com.ar\/wp-content\/uploads\/2025\/10\/FeriaLibro_Mainb.jpg\" \/>\n\t<meta property=\"og:image:width\" content=\"1402\" \/>\n\t<meta property=\"og:image:height\" content=\"600\" \/>\n\t<meta property=\"og:image:type\" content=\"image\/jpeg\" \/>\n<meta name=\"author\" content=\"Pepe Segura\" \/>\n<meta name=\"twitter:card\" content=\"summary_large_image\" \/>\n<meta name=\"twitter:label1\" content=\"Escrito por\" \/>\n\t<meta name=\"twitter:data1\" content=\"Pepe Segura\" \/>\n\t<meta name=\"twitter:label2\" content=\"Tiempo de lectura\" \/>\n\t<meta name=\"twitter:data2\" content=\"3 minutos\" \/>\n<script type=\"application\/ld+json\" class=\"yoast-schema-graph\">{\"@context\":\"https:\/\/schema.org\",\"@graph\":[{\"@type\":\"Article\",\"@id\":\"https:\/\/modoviajeok.com.ar\/index.php\/2025\/10\/13\/arranco-la-feria-internacional-del-libro-monterrey-2025-celebrando-la-literatura-colombiana\/#article\",\"isPartOf\":{\"@id\":\"https:\/\/modoviajeok.com.ar\/index.php\/2025\/10\/13\/arranco-la-feria-internacional-del-libro-monterrey-2025-celebrando-la-literatura-colombiana\/\"},\"author\":{\"name\":\"Pepe Segura\",\"@id\":\"https:\/\/modoviajeok.com.ar\/#\/schema\/person\/2e299ed0d3d412a01d244fe28260d7f5\"},\"headline\":\"Arranc\u00f3 la Feria Internacional del Libro Monterrey 2025 celebrando la literatura colombiana\",\"datePublished\":\"2025-10-13T21:53:25+00:00\",\"dateModified\":\"2025-10-13T21:57:29+00:00\",\"mainEntityOfPage\":{\"@id\":\"https:\/\/modoviajeok.com.ar\/index.php\/2025\/10\/13\/arranco-la-feria-internacional-del-libro-monterrey-2025-celebrando-la-literatura-colombiana\/\"},\"wordCount\":612,\"commentCount\":0,\"publisher\":{\"@id\":\"https:\/\/modoviajeok.com.ar\/#organization\"},\"image\":{\"@id\":\"https:\/\/modoviajeok.com.ar\/index.php\/2025\/10\/13\/arranco-la-feria-internacional-del-libro-monterrey-2025-celebrando-la-literatura-colombiana\/#primaryimage\"},\"thumbnailUrl\":\"https:\/\/modoviajeok.com.ar\/wp-content\/uploads\/2025\/10\/FeriaLibro_Mainb.jpg\",\"keywords\":[\"colombia\",\"feria del libro de monterrey\"],\"articleSection\":[\"Mundo\",\"Noticias\"],\"inLanguage\":\"es\",\"potentialAction\":[{\"@type\":\"CommentAction\",\"name\":\"Comment\",\"target\":[\"https:\/\/modoviajeok.com.ar\/index.php\/2025\/10\/13\/arranco-la-feria-internacional-del-libro-monterrey-2025-celebrando-la-literatura-colombiana\/#respond\"]}]},{\"@type\":\"WebPage\",\"@id\":\"https:\/\/modoviajeok.com.ar\/index.php\/2025\/10\/13\/arranco-la-feria-internacional-del-libro-monterrey-2025-celebrando-la-literatura-colombiana\/\",\"url\":\"https:\/\/modoviajeok.com.ar\/index.php\/2025\/10\/13\/arranco-la-feria-internacional-del-libro-monterrey-2025-celebrando-la-literatura-colombiana\/\",\"name\":\"Arranc\u00f3 la Feria Internacional del Libro Monterrey 2025 celebrando la literatura colombiana -\",\"isPartOf\":{\"@id\":\"https:\/\/modoviajeok.com.ar\/#website\"},\"primaryImageOfPage\":{\"@id\":\"https:\/\/modoviajeok.com.ar\/index.php\/2025\/10\/13\/arranco-la-feria-internacional-del-libro-monterrey-2025-celebrando-la-literatura-colombiana\/#primaryimage\"},\"image\":{\"@id\":\"https:\/\/modoviajeok.com.ar\/index.php\/2025\/10\/13\/arranco-la-feria-internacional-del-libro-monterrey-2025-celebrando-la-literatura-colombiana\/#primaryimage\"},\"thumbnailUrl\":\"https:\/\/modoviajeok.com.ar\/wp-content\/uploads\/2025\/10\/FeriaLibro_Mainb.jpg\",\"datePublished\":\"2025-10-13T21:53:25+00:00\",\"dateModified\":\"2025-10-13T21:57:29+00:00\",\"breadcrumb\":{\"@id\":\"https:\/\/modoviajeok.com.ar\/index.php\/2025\/10\/13\/arranco-la-feria-internacional-del-libro-monterrey-2025-celebrando-la-literatura-colombiana\/#breadcrumb\"},\"inLanguage\":\"es\",\"potentialAction\":[{\"@type\":\"ReadAction\",\"target\":[\"https:\/\/modoviajeok.com.ar\/index.php\/2025\/10\/13\/arranco-la-feria-internacional-del-libro-monterrey-2025-celebrando-la-literatura-colombiana\/\"]}]},{\"@type\":\"ImageObject\",\"inLanguage\":\"es\",\"@id\":\"https:\/\/modoviajeok.com.ar\/index.php\/2025\/10\/13\/arranco-la-feria-internacional-del-libro-monterrey-2025-celebrando-la-literatura-colombiana\/#primaryimage\",\"url\":\"https:\/\/modoviajeok.com.ar\/wp-content\/uploads\/2025\/10\/FeriaLibro_Mainb.jpg\",\"contentUrl\":\"https:\/\/modoviajeok.com.ar\/wp-content\/uploads\/2025\/10\/FeriaLibro_Mainb.jpg\",\"width\":1402,\"height\":600},{\"@type\":\"BreadcrumbList\",\"@id\":\"https:\/\/modoviajeok.com.ar\/index.php\/2025\/10\/13\/arranco-la-feria-internacional-del-libro-monterrey-2025-celebrando-la-literatura-colombiana\/#breadcrumb\",\"itemListElement\":[{\"@type\":\"ListItem\",\"position\":1,\"name\":\"Portada\",\"item\":\"https:\/\/modoviajeok.com.ar\/\"},{\"@type\":\"ListItem\",\"position\":2,\"name\":\"Arranc\u00f3 la Feria Internacional del Libro Monterrey 2025 celebrando la literatura colombiana\"}]},{\"@type\":\"WebSite\",\"@id\":\"https:\/\/modoviajeok.com.ar\/#website\",\"url\":\"https:\/\/modoviajeok.com.ar\/\",\"name\":\"ModoViajeOK\",\"description\":\"\",\"publisher\":{\"@id\":\"https:\/\/modoviajeok.com.ar\/#organization\"},\"potentialAction\":[{\"@type\":\"SearchAction\",\"target\":{\"@type\":\"EntryPoint\",\"urlTemplate\":\"https:\/\/modoviajeok.com.ar\/?s={search_term_string}\"},\"query-input\":{\"@type\":\"PropertyValueSpecification\",\"valueRequired\":true,\"valueName\":\"search_term_string\"}}],\"inLanguage\":\"es\"},{\"@type\":\"Organization\",\"@id\":\"https:\/\/modoviajeok.com.ar\/#organization\",\"name\":\"ModoViajeOK\",\"url\":\"https:\/\/modoviajeok.com.ar\/\",\"logo\":{\"@type\":\"ImageObject\",\"inLanguage\":\"es\",\"@id\":\"https:\/\/modoviajeok.com.ar\/#\/schema\/logo\/image\/\",\"url\":\"https:\/\/modoviajeok.com.ar\/wp-content\/uploads\/2025\/01\/Logo-modoviajeok.png\",\"contentUrl\":\"https:\/\/modoviajeok.com.ar\/wp-content\/uploads\/2025\/01\/Logo-modoviajeok.png\",\"width\":2938,\"height\":2276,\"caption\":\"ModoViajeOK\"},\"image\":{\"@id\":\"https:\/\/modoviajeok.com.ar\/#\/schema\/logo\/image\/\"},\"sameAs\":[\"https:\/\/www.facebook.com\/mariana.otero1\/\",\"https:\/\/www.instagram.com\/modoviaje.ok\/\"]},{\"@type\":\"Person\",\"@id\":\"https:\/\/modoviajeok.com.ar\/#\/schema\/person\/2e299ed0d3d412a01d244fe28260d7f5\",\"name\":\"Pepe Segura\",\"image\":{\"@type\":\"ImageObject\",\"inLanguage\":\"es\",\"@id\":\"https:\/\/modoviajeok.com.ar\/#\/schema\/person\/image\/\",\"url\":\"https:\/\/secure.gravatar.com\/avatar\/65eb4b34deed761327f5b2c5535b987318ae807900ac46426de7258f5de6d345?s=96&d=mm&r=g\",\"contentUrl\":\"https:\/\/secure.gravatar.com\/avatar\/65eb4b34deed761327f5b2c5535b987318ae807900ac46426de7258f5de6d345?s=96&d=mm&r=g\",\"caption\":\"Pepe Segura\"},\"url\":\"https:\/\/modoviajeok.com.ar\/index.php\/author\/pepe2025\/\"}]}<\/script>\n<!-- \/ Yoast SEO plugin. -->","yoast_head_json":{"title":"Arranc\u00f3 la Feria Internacional del Libro Monterrey 2025 celebrando la literatura colombiana -","robots":{"index":"index","follow":"follow","max-snippet":"max-snippet:-1","max-image-preview":"max-image-preview:large","max-video-preview":"max-video-preview:-1"},"canonical":"https:\/\/modoviajeok.com.ar\/index.php\/2025\/10\/13\/arranco-la-feria-internacional-del-libro-monterrey-2025-celebrando-la-literatura-colombiana\/","og_locale":"es_ES","og_type":"article","og_title":"Arranc\u00f3 la Feria Internacional del Libro Monterrey 2025 celebrando la literatura colombiana -","og_description":"Este a\u00f1o, la Feria Internacional del Libro contar\u00e1 con m\u00e1s de 650 actividades que incluyen presentaciones de libros, mesas de di\u00e1logo, talleres, conferencias y espect\u00e1culos culturales para todas las edades. Con un homenaje a la literatura y a los v\u00ednculos culturales entre M\u00e9xico y Colombia, la Feria Internacional del Libro Monterrey (FIL MTY) inaugur\u00f3 su [&hellip;]","og_url":"https:\/\/modoviajeok.com.ar\/index.php\/2025\/10\/13\/arranco-la-feria-internacional-del-libro-monterrey-2025-celebrando-la-literatura-colombiana\/","article_publisher":"https:\/\/www.facebook.com\/mariana.otero1\/","article_published_time":"2025-10-13T21:53:25+00:00","article_modified_time":"2025-10-13T21:57:29+00:00","og_image":[{"width":1402,"height":600,"url":"https:\/\/modoviajeok.com.ar\/wp-content\/uploads\/2025\/10\/FeriaLibro_Mainb.jpg","type":"image\/jpeg"}],"author":"Pepe Segura","twitter_card":"summary_large_image","twitter_misc":{"Escrito por":"Pepe Segura","Tiempo de lectura":"3 minutos"},"schema":{"@context":"https:\/\/schema.org","@graph":[{"@type":"Article","@id":"https:\/\/modoviajeok.com.ar\/index.php\/2025\/10\/13\/arranco-la-feria-internacional-del-libro-monterrey-2025-celebrando-la-literatura-colombiana\/#article","isPartOf":{"@id":"https:\/\/modoviajeok.com.ar\/index.php\/2025\/10\/13\/arranco-la-feria-internacional-del-libro-monterrey-2025-celebrando-la-literatura-colombiana\/"},"author":{"name":"Pepe Segura","@id":"https:\/\/modoviajeok.com.ar\/#\/schema\/person\/2e299ed0d3d412a01d244fe28260d7f5"},"headline":"Arranc\u00f3 la Feria Internacional del Libro Monterrey 2025 celebrando la literatura colombiana","datePublished":"2025-10-13T21:53:25+00:00","dateModified":"2025-10-13T21:57:29+00:00","mainEntityOfPage":{"@id":"https:\/\/modoviajeok.com.ar\/index.php\/2025\/10\/13\/arranco-la-feria-internacional-del-libro-monterrey-2025-celebrando-la-literatura-colombiana\/"},"wordCount":612,"commentCount":0,"publisher":{"@id":"https:\/\/modoviajeok.com.ar\/#organization"},"image":{"@id":"https:\/\/modoviajeok.com.ar\/index.php\/2025\/10\/13\/arranco-la-feria-internacional-del-libro-monterrey-2025-celebrando-la-literatura-colombiana\/#primaryimage"},"thumbnailUrl":"https:\/\/modoviajeok.com.ar\/wp-content\/uploads\/2025\/10\/FeriaLibro_Mainb.jpg","keywords":["colombia","feria del libro de monterrey"],"articleSection":["Mundo","Noticias"],"inLanguage":"es","potentialAction":[{"@type":"CommentAction","name":"Comment","target":["https:\/\/modoviajeok.com.ar\/index.php\/2025\/10\/13\/arranco-la-feria-internacional-del-libro-monterrey-2025-celebrando-la-literatura-colombiana\/#respond"]}]},{"@type":"WebPage","@id":"https:\/\/modoviajeok.com.ar\/index.php\/2025\/10\/13\/arranco-la-feria-internacional-del-libro-monterrey-2025-celebrando-la-literatura-colombiana\/","url":"https:\/\/modoviajeok.com.ar\/index.php\/2025\/10\/13\/arranco-la-feria-internacional-del-libro-monterrey-2025-celebrando-la-literatura-colombiana\/","name":"Arranc\u00f3 la Feria Internacional del Libro Monterrey 2025 celebrando la literatura colombiana -","isPartOf":{"@id":"https:\/\/modoviajeok.com.ar\/#website"},"primaryImageOfPage":{"@id":"https:\/\/modoviajeok.com.ar\/index.php\/2025\/10\/13\/arranco-la-feria-internacional-del-libro-monterrey-2025-celebrando-la-literatura-colombiana\/#primaryimage"},"image":{"@id":"https:\/\/modoviajeok.com.ar\/index.php\/2025\/10\/13\/arranco-la-feria-internacional-del-libro-monterrey-2025-celebrando-la-literatura-colombiana\/#primaryimage"},"thumbnailUrl":"https:\/\/modoviajeok.com.ar\/wp-content\/uploads\/2025\/10\/FeriaLibro_Mainb.jpg","datePublished":"2025-10-13T21:53:25+00:00","dateModified":"2025-10-13T21:57:29+00:00","breadcrumb":{"@id":"https:\/\/modoviajeok.com.ar\/index.php\/2025\/10\/13\/arranco-la-feria-internacional-del-libro-monterrey-2025-celebrando-la-literatura-colombiana\/#breadcrumb"},"inLanguage":"es","potentialAction":[{"@type":"ReadAction","target":["https:\/\/modoviajeok.com.ar\/index.php\/2025\/10\/13\/arranco-la-feria-internacional-del-libro-monterrey-2025-celebrando-la-literatura-colombiana\/"]}]},{"@type":"ImageObject","inLanguage":"es","@id":"https:\/\/modoviajeok.com.ar\/index.php\/2025\/10\/13\/arranco-la-feria-internacional-del-libro-monterrey-2025-celebrando-la-literatura-colombiana\/#primaryimage","url":"https:\/\/modoviajeok.com.ar\/wp-content\/uploads\/2025\/10\/FeriaLibro_Mainb.jpg","contentUrl":"https:\/\/modoviajeok.com.ar\/wp-content\/uploads\/2025\/10\/FeriaLibro_Mainb.jpg","width":1402,"height":600},{"@type":"BreadcrumbList","@id":"https:\/\/modoviajeok.com.ar\/index.php\/2025\/10\/13\/arranco-la-feria-internacional-del-libro-monterrey-2025-celebrando-la-literatura-colombiana\/#breadcrumb","itemListElement":[{"@type":"ListItem","position":1,"name":"Portada","item":"https:\/\/modoviajeok.com.ar\/"},{"@type":"ListItem","position":2,"name":"Arranc\u00f3 la Feria Internacional del Libro Monterrey 2025 celebrando la literatura colombiana"}]},{"@type":"WebSite","@id":"https:\/\/modoviajeok.com.ar\/#website","url":"https:\/\/modoviajeok.com.ar\/","name":"ModoViajeOK","description":"","publisher":{"@id":"https:\/\/modoviajeok.com.ar\/#organization"},"potentialAction":[{"@type":"SearchAction","target":{"@type":"EntryPoint","urlTemplate":"https:\/\/modoviajeok.com.ar\/?s={search_term_string}"},"query-input":{"@type":"PropertyValueSpecification","valueRequired":true,"valueName":"search_term_string"}}],"inLanguage":"es"},{"@type":"Organization","@id":"https:\/\/modoviajeok.com.ar\/#organization","name":"ModoViajeOK","url":"https:\/\/modoviajeok.com.ar\/","logo":{"@type":"ImageObject","inLanguage":"es","@id":"https:\/\/modoviajeok.com.ar\/#\/schema\/logo\/image\/","url":"https:\/\/modoviajeok.com.ar\/wp-content\/uploads\/2025\/01\/Logo-modoviajeok.png","contentUrl":"https:\/\/modoviajeok.com.ar\/wp-content\/uploads\/2025\/01\/Logo-modoviajeok.png","width":2938,"height":2276,"caption":"ModoViajeOK"},"image":{"@id":"https:\/\/modoviajeok.com.ar\/#\/schema\/logo\/image\/"},"sameAs":["https:\/\/www.facebook.com\/mariana.otero1\/","https:\/\/www.instagram.com\/modoviaje.ok\/"]},{"@type":"Person","@id":"https:\/\/modoviajeok.com.ar\/#\/schema\/person\/2e299ed0d3d412a01d244fe28260d7f5","name":"Pepe Segura","image":{"@type":"ImageObject","inLanguage":"es","@id":"https:\/\/modoviajeok.com.ar\/#\/schema\/person\/image\/","url":"https:\/\/secure.gravatar.com\/avatar\/65eb4b34deed761327f5b2c5535b987318ae807900ac46426de7258f5de6d345?s=96&d=mm&r=g","contentUrl":"https:\/\/secure.gravatar.com\/avatar\/65eb4b34deed761327f5b2c5535b987318ae807900ac46426de7258f5de6d345?s=96&d=mm&r=g","caption":"Pepe Segura"},"url":"https:\/\/modoviajeok.com.ar\/index.php\/author\/pepe2025\/"}]}},"_links":{"self":[{"href":"https:\/\/modoviajeok.com.ar\/index.php\/wp-json\/wp\/v2\/posts\/5815","targetHints":{"allow":["GET"]}}],"collection":[{"href":"https:\/\/modoviajeok.com.ar\/index.php\/wp-json\/wp\/v2\/posts"}],"about":[{"href":"https:\/\/modoviajeok.com.ar\/index.php\/wp-json\/wp\/v2\/types\/post"}],"author":[{"embeddable":true,"href":"https:\/\/modoviajeok.com.ar\/index.php\/wp-json\/wp\/v2\/users\/3"}],"replies":[{"embeddable":true,"href":"https:\/\/modoviajeok.com.ar\/index.php\/wp-json\/wp\/v2\/comments?post=5815"}],"version-history":[{"count":2,"href":"https:\/\/modoviajeok.com.ar\/index.php\/wp-json\/wp\/v2\/posts\/5815\/revisions"}],"predecessor-version":[{"id":5819,"href":"https:\/\/modoviajeok.com.ar\/index.php\/wp-json\/wp\/v2\/posts\/5815\/revisions\/5819"}],"wp:featuredmedia":[{"embeddable":true,"href":"https:\/\/modoviajeok.com.ar\/index.php\/wp-json\/wp\/v2\/media\/5816"}],"wp:attachment":[{"href":"https:\/\/modoviajeok.com.ar\/index.php\/wp-json\/wp\/v2\/media?parent=5815"}],"wp:term":[{"taxonomy":"category","embeddable":true,"href":"https:\/\/modoviajeok.com.ar\/index.php\/wp-json\/wp\/v2\/categories?post=5815"},{"taxonomy":"post_tag","embeddable":true,"href":"https:\/\/modoviajeok.com.ar\/index.php\/wp-json\/wp\/v2\/tags?post=5815"}],"curies":[{"name":"wp","href":"https:\/\/api.w.org\/{rel}","templated":true}]}}