{"id":5898,"date":"2025-10-18T08:38:00","date_gmt":"2025-10-18T11:38:00","guid":{"rendered":"https:\/\/modoviajeok.com.ar\/?p=5898"},"modified":"2025-11-17T20:05:29","modified_gmt":"2025-11-17T23:05:29","slug":"villa-de-maria-de-rio-seco-se-prepara-como-destino-religioso","status":"publish","type":"post","link":"https:\/\/modoviajeok.com.ar\/index.php\/2025\/10\/18\/villa-de-maria-de-rio-seco-se-prepara-como-destino-religioso\/","title":{"rendered":"Villa de Mar\u00eda de R\u00edo Seco se prepara como destino religioso"},"content":{"rendered":"\n<figure class=\"wp-block-pullquote\"><blockquote><p>La consagraci\u00f3n del&nbsp; santuario de la virgen La Cautivita abre las puertas a la llegada de peregrinos. Se celebr\u00f3 el Primer Encuentro de Turismo Religioso de la Provincia de C\u00f3rdoba.<br><\/p><\/blockquote><\/figure>\n\n\n\n<figure class=\"wp-block-image size-full\"><img loading=\"lazy\" decoding=\"async\" width=\"1152\" height=\"2560\" src=\"https:\/\/modoviajeok.com.ar\/wp-content\/uploads\/2025\/10\/20251010_175020-1-scaled.jpg\" alt=\"\" class=\"wp-image-5909\" srcset=\"https:\/\/modoviajeok.com.ar\/wp-content\/uploads\/2025\/10\/20251010_175020-1-scaled.jpg 1152w, https:\/\/modoviajeok.com.ar\/wp-content\/uploads\/2025\/10\/20251010_175020-1-768x1707.jpg 768w, https:\/\/modoviajeok.com.ar\/wp-content\/uploads\/2025\/10\/20251010_175020-1-691x1536.jpg 691w, https:\/\/modoviajeok.com.ar\/wp-content\/uploads\/2025\/10\/20251010_175020-1-922x2048.jpg 922w, https:\/\/modoviajeok.com.ar\/wp-content\/uploads\/2025\/10\/20251010_175020-1-189x420.jpg 189w, https:\/\/modoviajeok.com.ar\/wp-content\/uploads\/2025\/10\/20251010_175020-1-150x333.jpg 150w, https:\/\/modoviajeok.com.ar\/wp-content\/uploads\/2025\/10\/20251010_175020-1-300x667.jpg 300w, https:\/\/modoviajeok.com.ar\/wp-content\/uploads\/2025\/10\/20251010_175020-1-696x1547.jpg 696w, https:\/\/modoviajeok.com.ar\/wp-content\/uploads\/2025\/10\/20251010_175020-1-1068x2373.jpg 1068w\" sizes=\"auto, (max-width: 1152px) 100vw, 1152px\" \/><\/figure>\n\n\n\n<p>En el norte cordob\u00e9s, donde se respira historia y tradici\u00f3n, la localidad de Villa de Mar\u00eda de R\u00edo Seco se prepara para convertirse en un destino de turismo religioso.&nbsp;<\/p>\n\n\n\n<p>El pueblo, a unos 200 kil\u00f3metros de la ciudad de C\u00f3rdoba y muy cerca de la provincia de Santiago del Estero, ya es conocida por ser el lugar de nacimiento (y el sitio donde se encuentra enterrado) del gran poeta argentino Leopoldo Lugones. All\u00ed se concentran cada a\u00f1o escritores, artistas y narradores, pero tambi\u00e9n en R\u00edo Seco se re\u00fanen los fieles de \u201cLa Cautivita\u201d, la Virgen del Rosario del Milagro.&nbsp;<\/p>\n\n\n\n<p>La historia de la Cautivita es hermosa: una imagen mestiza saqueada por un mal\u00f3n que fue recuperada de su cautiverio por los feligreses. Pueden leerla aqu\u00ed.&nbsp;<\/p>\n\n\n\n<p>La virgen es venerada con mucha devoci\u00f3n y la consagraci\u00f3n de la parroquia como santuario fue vivida d\u00edas atr\u00e1s con mucha emoci\u00f3n. Desde ahora es un lugar de peregrinaci\u00f3n de fieles.&nbsp;<\/p>\n\n\n\n<p>Por eso, el pueblo se prepara e ilusiona con el turismo religioso.&nbsp;<\/p>\n\n\n\n<figure class=\"wp-block-image size-full\"><img loading=\"lazy\" decoding=\"async\" width=\"2560\" height=\"979\" src=\"https:\/\/modoviajeok.com.ar\/wp-content\/uploads\/2025\/10\/DSC_0032-scaled.jpg\" alt=\"\" class=\"wp-image-5915\" srcset=\"https:\/\/modoviajeok.com.ar\/wp-content\/uploads\/2025\/10\/DSC_0032-scaled.jpg 2560w, https:\/\/modoviajeok.com.ar\/wp-content\/uploads\/2025\/10\/DSC_0032-768x294.jpg 768w, https:\/\/modoviajeok.com.ar\/wp-content\/uploads\/2025\/10\/DSC_0032-1536x587.jpg 1536w, https:\/\/modoviajeok.com.ar\/wp-content\/uploads\/2025\/10\/DSC_0032-2048x783.jpg 2048w, https:\/\/modoviajeok.com.ar\/wp-content\/uploads\/2025\/10\/DSC_0032-1098x420.jpg 1098w, https:\/\/modoviajeok.com.ar\/wp-content\/uploads\/2025\/10\/DSC_0032-150x57.jpg 150w, https:\/\/modoviajeok.com.ar\/wp-content\/uploads\/2025\/10\/DSC_0032-300x115.jpg 300w, https:\/\/modoviajeok.com.ar\/wp-content\/uploads\/2025\/10\/DSC_0032-696x266.jpg 696w, https:\/\/modoviajeok.com.ar\/wp-content\/uploads\/2025\/10\/DSC_0032-1068x408.jpg 1068w, https:\/\/modoviajeok.com.ar\/wp-content\/uploads\/2025\/10\/DSC_0032-1920x734.jpg 1920w\" sizes=\"auto, (max-width: 2560px) 100vw, 2560px\" \/><\/figure>\n\n\n\n<p>El primer paso fue la realizaci\u00f3n del Primer Encuentro de Turismo Religioso de la Provincia de C\u00f3rdoba con las Jornadas de la Virgen Cautivita en el Camino de los Santos Argentinos (el Cura Brochero y Mama Antula), organizado por Municipalidad de Villa de Mar\u00eda de R\u00edo Seco, Stylo viajes y Empresur consultora tur\u00edstica, con la colaboraci\u00f3n de la consultora de turismo JC &amp; Asociados y la participaci\u00f3n de la Prelatura de De\u00e1n Funes, la Mesa de gesti\u00f3n turismo Villa de Mar\u00eda y la Agencia C\u00f3rdoba Turismo.<\/p>\n\n\n\n<figure class=\"wp-block-image size-full\"><img loading=\"lazy\" decoding=\"async\" width=\"2560\" height=\"1237\" src=\"https:\/\/modoviajeok.com.ar\/wp-content\/uploads\/2025\/10\/20251010_175244-scaled.jpg\" alt=\"\" class=\"wp-image-5908\" srcset=\"https:\/\/modoviajeok.com.ar\/wp-content\/uploads\/2025\/10\/20251010_175244-scaled.jpg 2560w, https:\/\/modoviajeok.com.ar\/wp-content\/uploads\/2025\/10\/20251010_175244-768x371.jpg 768w, https:\/\/modoviajeok.com.ar\/wp-content\/uploads\/2025\/10\/20251010_175244-1536x742.jpg 1536w, https:\/\/modoviajeok.com.ar\/wp-content\/uploads\/2025\/10\/20251010_175244-2048x989.jpg 2048w, https:\/\/modoviajeok.com.ar\/wp-content\/uploads\/2025\/10\/20251010_175244-869x420.jpg 869w, https:\/\/modoviajeok.com.ar\/wp-content\/uploads\/2025\/10\/20251010_175244-150x72.jpg 150w, https:\/\/modoviajeok.com.ar\/wp-content\/uploads\/2025\/10\/20251010_175244-300x145.jpg 300w, https:\/\/modoviajeok.com.ar\/wp-content\/uploads\/2025\/10\/20251010_175244-696x336.jpg 696w, https:\/\/modoviajeok.com.ar\/wp-content\/uploads\/2025\/10\/20251010_175244-1068x516.jpg 1068w, https:\/\/modoviajeok.com.ar\/wp-content\/uploads\/2025\/10\/20251010_175244-1920x928.jpg 1920w\" sizes=\"auto, (max-width: 2560px) 100vw, 2560px\" \/><\/figure>\n\n\n\n<p>El viernes 10 de octubre, el profesor Santiago Cano disert\u00f3 sobre el turismo religioso como motor de desarrollo para destinos religiosos.<\/p>\n\n\n\n<p>Posteriormente, se desarroll\u00f3 el panel: V\u00ednculo santo: Mama Antula y Brochero. El padre Mario Tenti de Villa Sil\u00edpica habl\u00f3 precisamente de los ejes que vinculan a santa Mama Antula y a san Cura Brochero.&nbsp;<\/p>\n\n\n\n<p>Ariel Moyano, director del Camino de Brochero, explic\u00f3 c\u00f3mo se gest\u00f3 el camino, la vinculaci\u00f3n con el Camino de Santiago (en Santiago de Compostela, Espa\u00f1a) y el trabajo que se viene realizando para unir todos los caminos y localidades por donde pas\u00f3 Brochero. Detall\u00f3, adem\u00e1s, la creaci\u00f3n de albergues p\u00fablicos para los peregrinos.&nbsp;<\/p>\n\n\n\n<p>El segundo panel estuvo dedicado a Nuestra Se\u00f1ora del Rosario y La Cautivita. Particip\u00f3 el padre dominico Guillermo Ju\u00e1rez, de Tucum\u00e1n, quien cont\u00f3 parte de la historia de la imagen de la virgen mestiza.&nbsp;<\/p>\n\n\n\n<p>A su turno, el consultor Julio Cama\u00f1o de Villa de Mar\u00eda cont\u00f3 historias y leyendas de La Cautivita y el cura p\u00e1rroco de R\u00edo Seco, el padre Jos\u00e9 Vera, habl\u00f3 sobre la devoci\u00f3n en el norte cordob\u00e9s y de la consagraci\u00f3n del templo donde se encuentra la Cautivita.<\/p>\n\n\n\n<figure class=\"wp-block-image size-full\"><img loading=\"lazy\" decoding=\"async\" width=\"1836\" height=\"1979\" src=\"https:\/\/modoviajeok.com.ar\/wp-content\/uploads\/2025\/10\/20251010_180626-1.jpg\" alt=\"\" class=\"wp-image-5921\" srcset=\"https:\/\/modoviajeok.com.ar\/wp-content\/uploads\/2025\/10\/20251010_180626-1.jpg 1836w, https:\/\/modoviajeok.com.ar\/wp-content\/uploads\/2025\/10\/20251010_180626-1-768x828.jpg 768w, https:\/\/modoviajeok.com.ar\/wp-content\/uploads\/2025\/10\/20251010_180626-1-1425x1536.jpg 1425w, https:\/\/modoviajeok.com.ar\/wp-content\/uploads\/2025\/10\/20251010_180626-1-390x420.jpg 390w, https:\/\/modoviajeok.com.ar\/wp-content\/uploads\/2025\/10\/20251010_180626-1-150x162.jpg 150w, https:\/\/modoviajeok.com.ar\/wp-content\/uploads\/2025\/10\/20251010_180626-1-300x323.jpg 300w, https:\/\/modoviajeok.com.ar\/wp-content\/uploads\/2025\/10\/20251010_180626-1-696x750.jpg 696w, https:\/\/modoviajeok.com.ar\/wp-content\/uploads\/2025\/10\/20251010_180626-1-1068x1151.jpg 1068w\" sizes=\"auto, (max-width: 1836px) 100vw, 1836px\" \/><\/figure>\n\n\n\n<p>Las conclusiones estuvieron a cargo de Gustavo Loza, referente t\u00e9cnico de Turismo Religioso de la Agencia C\u00f3rdoba Turismo.&nbsp;<\/p>\n\n\n\n<p>Por la tarde se cerr\u00f3 el certamen de dibujos de la Virgen Peregrina y al caer el sol se realiz\u00f3 una visita guiada por el pueblo que termin\u00f3 en el cerro del Romero, donde Juan y Liliana presentaron un recorrido de arte sacro de vitraux artesanales.<\/p>\n\n\n\n<figure class=\"wp-block-image size-full\"><img loading=\"lazy\" decoding=\"async\" width=\"1578\" height=\"2560\" src=\"https:\/\/modoviajeok.com.ar\/wp-content\/uploads\/2025\/10\/20251011_195708-scaled.jpg\" alt=\"\" class=\"wp-image-5904\" srcset=\"https:\/\/modoviajeok.com.ar\/wp-content\/uploads\/2025\/10\/20251011_195708-scaled.jpg 1578w, https:\/\/modoviajeok.com.ar\/wp-content\/uploads\/2025\/10\/20251011_195708-768x1246.jpg 768w, https:\/\/modoviajeok.com.ar\/wp-content\/uploads\/2025\/10\/20251011_195708-947x1536.jpg 947w, https:\/\/modoviajeok.com.ar\/wp-content\/uploads\/2025\/10\/20251011_195708-1262x2048.jpg 1262w, https:\/\/modoviajeok.com.ar\/wp-content\/uploads\/2025\/10\/20251011_195708-259x420.jpg 259w, https:\/\/modoviajeok.com.ar\/wp-content\/uploads\/2025\/10\/20251011_195708-150x243.jpg 150w, https:\/\/modoviajeok.com.ar\/wp-content\/uploads\/2025\/10\/20251011_195708-300x487.jpg 300w, https:\/\/modoviajeok.com.ar\/wp-content\/uploads\/2025\/10\/20251011_195708-696x1129.jpg 696w, https:\/\/modoviajeok.com.ar\/wp-content\/uploads\/2025\/10\/20251011_195708-1068x1733.jpg 1068w\" sizes=\"auto, (max-width: 1578px) 100vw, 1578px\" \/><\/figure>\n\n\n\n<p>A las 20 se celebr\u00f3 la misa de la novena a la Cautivita con la participaci\u00f3n del coro de m\u00fasica barroca.<\/p>\n\n\n\n<p>El s\u00e1bado, a las 6, se rez\u00f3 el rosario de la aurora con la imagen de la Virgen Cautivita peregrinando por las calles del pueblo. Esta celebraci\u00f3n se repite desde hace m\u00e1s de 400 a\u00f1os.<\/p>\n\n\n\n<p>Despu\u00e9s de la misa de la novena, se realiz\u00f3 la representaci\u00f3n del rescate de la Virgen Cautivita, frente a la plaza, con la participaci\u00f3n de cientos de personas. Este evento se realiza en cada fiesta patronal desde hace m\u00e1s de 50 a\u00f1os.<\/p>\n\n\n\n<p>El domingo, las agrupaciones gauchas se reunieron en un almuerzo criollo y, por la tarde, se realiz\u00f3 la consagraci\u00f3n del Santuario Mariano Virgen Cautivita.<\/p>\n\n\n\n<p>A las 18 comenz\u00f3 la procesi\u00f3n de cierre con la Virgen Cautivita y el desfile de carrozas y agrupaciones gauchas<\/p>\n\n\n\n<p>Todas las noches el pueblo se convoc\u00f3 en la feria de artesanos y emprendedores locales, gastronom\u00eda criolla y m\u00fasica en vivo.<\/p>\n\n\n\n<figure class=\"wp-block-image size-full\"><img loading=\"lazy\" decoding=\"async\" width=\"1693\" height=\"1414\" src=\"https:\/\/modoviajeok.com.ar\/wp-content\/uploads\/2025\/10\/20251011_213914-1.jpg\" alt=\"\" class=\"wp-image-5917\" srcset=\"https:\/\/modoviajeok.com.ar\/wp-content\/uploads\/2025\/10\/20251011_213914-1.jpg 1693w, https:\/\/modoviajeok.com.ar\/wp-content\/uploads\/2025\/10\/20251011_213914-1-768x641.jpg 768w, https:\/\/modoviajeok.com.ar\/wp-content\/uploads\/2025\/10\/20251011_213914-1-1536x1283.jpg 1536w, https:\/\/modoviajeok.com.ar\/wp-content\/uploads\/2025\/10\/20251011_213914-1-503x420.jpg 503w, https:\/\/modoviajeok.com.ar\/wp-content\/uploads\/2025\/10\/20251011_213914-1-150x125.jpg 150w, https:\/\/modoviajeok.com.ar\/wp-content\/uploads\/2025\/10\/20251011_213914-1-300x251.jpg 300w, https:\/\/modoviajeok.com.ar\/wp-content\/uploads\/2025\/10\/20251011_213914-1-696x581.jpg 696w, https:\/\/modoviajeok.com.ar\/wp-content\/uploads\/2025\/10\/20251011_213914-1-1068x892.jpg 1068w\" sizes=\"auto, (max-width: 1693px) 100vw, 1693px\" \/><\/figure>\n\n\n\n<figure class=\"wp-block-gallery has-nested-images columns-default is-cropped wp-block-gallery-1 is-layout-flex wp-block-gallery-is-layout-flex\">\n<figure class=\"wp-block-image size-large\"><img loading=\"lazy\" decoding=\"async\" width=\"1152\" height=\"2560\" data-id=\"5913\" src=\"https:\/\/modoviajeok.com.ar\/wp-content\/uploads\/2025\/10\/20251010_114227-1-scaled.jpg\" alt=\"\" class=\"wp-image-5913\" srcset=\"https:\/\/modoviajeok.com.ar\/wp-content\/uploads\/2025\/10\/20251010_114227-1-scaled.jpg 1152w, https:\/\/modoviajeok.com.ar\/wp-content\/uploads\/2025\/10\/20251010_114227-1-768x1707.jpg 768w, https:\/\/modoviajeok.com.ar\/wp-content\/uploads\/2025\/10\/20251010_114227-1-691x1536.jpg 691w, https:\/\/modoviajeok.com.ar\/wp-content\/uploads\/2025\/10\/20251010_114227-1-922x2048.jpg 922w, https:\/\/modoviajeok.com.ar\/wp-content\/uploads\/2025\/10\/20251010_114227-1-189x420.jpg 189w, https:\/\/modoviajeok.com.ar\/wp-content\/uploads\/2025\/10\/20251010_114227-1-150x333.jpg 150w, https:\/\/modoviajeok.com.ar\/wp-content\/uploads\/2025\/10\/20251010_114227-1-300x667.jpg 300w, https:\/\/modoviajeok.com.ar\/wp-content\/uploads\/2025\/10\/20251010_114227-1-696x1547.jpg 696w, https:\/\/modoviajeok.com.ar\/wp-content\/uploads\/2025\/10\/20251010_114227-1-1068x2373.jpg 1068w\" sizes=\"auto, (max-width: 1152px) 100vw, 1152px\" \/><\/figure>\n\n\n\n<figure class=\"wp-block-image size-large\"><img loading=\"lazy\" decoding=\"async\" width=\"1152\" height=\"2560\" data-id=\"5910\" src=\"https:\/\/modoviajeok.com.ar\/wp-content\/uploads\/2025\/10\/20251010_174406-1-scaled.jpg\" alt=\"\" class=\"wp-image-5910\" srcset=\"https:\/\/modoviajeok.com.ar\/wp-content\/uploads\/2025\/10\/20251010_174406-1-scaled.jpg 1152w, https:\/\/modoviajeok.com.ar\/wp-content\/uploads\/2025\/10\/20251010_174406-1-768x1707.jpg 768w, https:\/\/modoviajeok.com.ar\/wp-content\/uploads\/2025\/10\/20251010_174406-1-691x1536.jpg 691w, https:\/\/modoviajeok.com.ar\/wp-content\/uploads\/2025\/10\/20251010_174406-1-922x2048.jpg 922w, https:\/\/modoviajeok.com.ar\/wp-content\/uploads\/2025\/10\/20251010_174406-1-189x420.jpg 189w, https:\/\/modoviajeok.com.ar\/wp-content\/uploads\/2025\/10\/20251010_174406-1-150x333.jpg 150w, https:\/\/modoviajeok.com.ar\/wp-content\/uploads\/2025\/10\/20251010_174406-1-300x667.jpg 300w, https:\/\/modoviajeok.com.ar\/wp-content\/uploads\/2025\/10\/20251010_174406-1-696x1547.jpg 696w, https:\/\/modoviajeok.com.ar\/wp-content\/uploads\/2025\/10\/20251010_174406-1-1068x2373.jpg 1068w\" sizes=\"auto, (max-width: 1152px) 100vw, 1152px\" \/><\/figure>\n\n\n\n<figure class=\"wp-block-image size-large\"><img loading=\"lazy\" decoding=\"async\" width=\"1152\" height=\"2560\" data-id=\"5912\" src=\"https:\/\/modoviajeok.com.ar\/wp-content\/uploads\/2025\/10\/20251010_114316-scaled.jpg\" alt=\"\" class=\"wp-image-5912\" srcset=\"https:\/\/modoviajeok.com.ar\/wp-content\/uploads\/2025\/10\/20251010_114316-scaled.jpg 1152w, https:\/\/modoviajeok.com.ar\/wp-content\/uploads\/2025\/10\/20251010_114316-768x1707.jpg 768w, https:\/\/modoviajeok.com.ar\/wp-content\/uploads\/2025\/10\/20251010_114316-691x1536.jpg 691w, https:\/\/modoviajeok.com.ar\/wp-content\/uploads\/2025\/10\/20251010_114316-922x2048.jpg 922w, https:\/\/modoviajeok.com.ar\/wp-content\/uploads\/2025\/10\/20251010_114316-189x420.jpg 189w, https:\/\/modoviajeok.com.ar\/wp-content\/uploads\/2025\/10\/20251010_114316-150x333.jpg 150w, https:\/\/modoviajeok.com.ar\/wp-content\/uploads\/2025\/10\/20251010_114316-300x667.jpg 300w, https:\/\/modoviajeok.com.ar\/wp-content\/uploads\/2025\/10\/20251010_114316-696x1547.jpg 696w, https:\/\/modoviajeok.com.ar\/wp-content\/uploads\/2025\/10\/20251010_114316-1068x2373.jpg 1068w\" sizes=\"auto, (max-width: 1152px) 100vw, 1152px\" \/><\/figure>\n\n\n\n<figure class=\"wp-block-image size-large\"><img loading=\"lazy\" decoding=\"async\" width=\"1572\" height=\"2095\" data-id=\"5905\" src=\"https:\/\/modoviajeok.com.ar\/wp-content\/uploads\/2025\/10\/20251010_190939.jpg\" alt=\"\" class=\"wp-image-5905\" srcset=\"https:\/\/modoviajeok.com.ar\/wp-content\/uploads\/2025\/10\/20251010_190939.jpg 1572w, https:\/\/modoviajeok.com.ar\/wp-content\/uploads\/2025\/10\/20251010_190939-768x1024.jpg 768w, https:\/\/modoviajeok.com.ar\/wp-content\/uploads\/2025\/10\/20251010_190939-1153x1536.jpg 1153w, https:\/\/modoviajeok.com.ar\/wp-content\/uploads\/2025\/10\/20251010_190939-1537x2048.jpg 1537w, https:\/\/modoviajeok.com.ar\/wp-content\/uploads\/2025\/10\/20251010_190939-315x420.jpg 315w, https:\/\/modoviajeok.com.ar\/wp-content\/uploads\/2025\/10\/20251010_190939-150x200.jpg 150w, https:\/\/modoviajeok.com.ar\/wp-content\/uploads\/2025\/10\/20251010_190939-300x400.jpg 300w, https:\/\/modoviajeok.com.ar\/wp-content\/uploads\/2025\/10\/20251010_190939-696x928.jpg 696w, https:\/\/modoviajeok.com.ar\/wp-content\/uploads\/2025\/10\/20251010_190939-1068x1423.jpg 1068w\" sizes=\"auto, (max-width: 1572px) 100vw, 1572px\" \/><\/figure>\n\n\n\n<figure class=\"wp-block-image size-large\"><img loading=\"lazy\" decoding=\"async\" width=\"1152\" height=\"2560\" data-id=\"5907\" src=\"https:\/\/modoviajeok.com.ar\/wp-content\/uploads\/2025\/10\/20251010_175359-scaled.jpg\" alt=\"\" class=\"wp-image-5907\" srcset=\"https:\/\/modoviajeok.com.ar\/wp-content\/uploads\/2025\/10\/20251010_175359-scaled.jpg 1152w, https:\/\/modoviajeok.com.ar\/wp-content\/uploads\/2025\/10\/20251010_175359-768x1707.jpg 768w, https:\/\/modoviajeok.com.ar\/wp-content\/uploads\/2025\/10\/20251010_175359-691x1536.jpg 691w, https:\/\/modoviajeok.com.ar\/wp-content\/uploads\/2025\/10\/20251010_175359-922x2048.jpg 922w, https:\/\/modoviajeok.com.ar\/wp-content\/uploads\/2025\/10\/20251010_175359-189x420.jpg 189w, https:\/\/modoviajeok.com.ar\/wp-content\/uploads\/2025\/10\/20251010_175359-150x333.jpg 150w, https:\/\/modoviajeok.com.ar\/wp-content\/uploads\/2025\/10\/20251010_175359-300x667.jpg 300w, https:\/\/modoviajeok.com.ar\/wp-content\/uploads\/2025\/10\/20251010_175359-696x1547.jpg 696w, https:\/\/modoviajeok.com.ar\/wp-content\/uploads\/2025\/10\/20251010_175359-1068x2373.jpg 1068w\" sizes=\"auto, (max-width: 1152px) 100vw, 1152px\" \/><\/figure>\n<\/figure>\n","protected":false},"excerpt":{"rendered":"<p>La consagraci\u00f3n del&nbsp; santuario de la virgen La Cautivita abre las puertas a la llegada de peregrinos. Se celebr\u00f3 el Primer Encuentro de Turismo Religioso de la Provincia de C\u00f3rdoba. En el norte cordob\u00e9s, donde se respira historia y tradici\u00f3n, la localidad de Villa de Mar\u00eda de R\u00edo Seco se prepara para convertirse en un [&hellip;]<\/p>\n","protected":false},"author":2,"featured_media":5902,"comment_status":"open","ping_status":"open","sticky":false,"template":"","format":"standard","meta":{"_acf_changed":false,"footnotes":""},"categories":[11,12],"tags":[],"class_list":{"0":"post-5898","1":"post","2":"type-post","3":"status-publish","4":"format-standard","5":"has-post-thumbnail","7":"category-cordoba","8":"category-novedades"},"acf":[],"yoast_head":"<!-- This site is optimized with the Yoast SEO plugin v24.8.1 - https:\/\/yoast.com\/wordpress\/plugins\/seo\/ -->\n<title>Villa de Mar\u00eda de R\u00edo Seco se prepara como destino religioso -<\/title>\n<meta name=\"description\" content=\"La consagraci\u00f3n del\u00a0 santuario de la virgen La Cautivita abre las puertas a la llegada de peregrinos.\" \/>\n<meta name=\"robots\" content=\"index, follow, max-snippet:-1, max-image-preview:large, max-video-preview:-1\" \/>\n<link rel=\"canonical\" href=\"https:\/\/modoviajeok.com.ar\/index.php\/2025\/10\/18\/villa-de-maria-de-rio-seco-se-prepara-como-destino-religioso\/\" \/>\n<meta property=\"og:locale\" content=\"es_ES\" \/>\n<meta property=\"og:type\" content=\"article\" \/>\n<meta property=\"og:title\" content=\"Villa de Mar\u00eda de R\u00edo Seco se prepara como destino religioso -\" \/>\n<meta property=\"og:description\" content=\"La consagraci\u00f3n del\u00a0 santuario de la virgen La Cautivita abre las puertas a la llegada de peregrinos.\" \/>\n<meta property=\"og:url\" content=\"https:\/\/modoviajeok.com.ar\/index.php\/2025\/10\/18\/villa-de-maria-de-rio-seco-se-prepara-como-destino-religioso\/\" \/>\n<meta property=\"article:publisher\" content=\"https:\/\/www.facebook.com\/mariana.otero1\/\" \/>\n<meta property=\"article:published_time\" content=\"2025-10-18T11:38:00+00:00\" \/>\n<meta property=\"article:modified_time\" content=\"2025-11-17T23:05:29+00:00\" \/>\n<meta property=\"og:image\" content=\"https:\/\/modoviajeok.com.ar\/wp-content\/uploads\/2025\/10\/IMG-20251013-WA0019.jpg\" \/>\n\t<meta property=\"og:image:width\" content=\"1204\" \/>\n\t<meta property=\"og:image:height\" content=\"1387\" \/>\n\t<meta property=\"og:image:type\" content=\"image\/jpeg\" \/>\n<meta name=\"author\" content=\"Mariana Otero\" \/>\n<meta name=\"twitter:card\" content=\"summary_large_image\" \/>\n<meta name=\"twitter:label1\" content=\"Escrito por\" \/>\n\t<meta name=\"twitter:data1\" content=\"Mariana Otero\" \/>\n\t<meta name=\"twitter:label2\" content=\"Tiempo de lectura\" \/>\n\t<meta name=\"twitter:data2\" content=\"6 minutos\" \/>\n<script type=\"application\/ld+json\" class=\"yoast-schema-graph\">{\"@context\":\"https:\/\/schema.org\",\"@graph\":[{\"@type\":\"Article\",\"@id\":\"https:\/\/modoviajeok.com.ar\/index.php\/2025\/10\/18\/villa-de-maria-de-rio-seco-se-prepara-como-destino-religioso\/#article\",\"isPartOf\":{\"@id\":\"https:\/\/modoviajeok.com.ar\/index.php\/2025\/10\/18\/villa-de-maria-de-rio-seco-se-prepara-como-destino-religioso\/\"},\"author\":{\"name\":\"Mariana Otero\",\"@id\":\"https:\/\/modoviajeok.com.ar\/#\/schema\/person\/1187013488537969db5b1320484d24f4\"},\"headline\":\"Villa de Mar\u00eda de R\u00edo Seco se prepara como destino religioso\",\"datePublished\":\"2025-10-18T11:38:00+00:00\",\"dateModified\":\"2025-11-17T23:05:29+00:00\",\"mainEntityOfPage\":{\"@id\":\"https:\/\/modoviajeok.com.ar\/index.php\/2025\/10\/18\/villa-de-maria-de-rio-seco-se-prepara-como-destino-religioso\/\"},\"wordCount\":782,\"commentCount\":0,\"publisher\":{\"@id\":\"https:\/\/modoviajeok.com.ar\/#organization\"},\"image\":{\"@id\":\"https:\/\/modoviajeok.com.ar\/index.php\/2025\/10\/18\/villa-de-maria-de-rio-seco-se-prepara-como-destino-religioso\/#primaryimage\"},\"thumbnailUrl\":\"https:\/\/modoviajeok.com.ar\/wp-content\/uploads\/2025\/10\/IMG-20251013-WA0019.jpg\",\"articleSection\":[\"C\u00f3rdoba\",\"Novedades\"],\"inLanguage\":\"es\",\"potentialAction\":[{\"@type\":\"CommentAction\",\"name\":\"Comment\",\"target\":[\"https:\/\/modoviajeok.com.ar\/index.php\/2025\/10\/18\/villa-de-maria-de-rio-seco-se-prepara-como-destino-religioso\/#respond\"]}]},{\"@type\":\"WebPage\",\"@id\":\"https:\/\/modoviajeok.com.ar\/index.php\/2025\/10\/18\/villa-de-maria-de-rio-seco-se-prepara-como-destino-religioso\/\",\"url\":\"https:\/\/modoviajeok.com.ar\/index.php\/2025\/10\/18\/villa-de-maria-de-rio-seco-se-prepara-como-destino-religioso\/\",\"name\":\"Villa de Mar\u00eda de R\u00edo Seco se prepara como destino religioso -\",\"isPartOf\":{\"@id\":\"https:\/\/modoviajeok.com.ar\/#website\"},\"primaryImageOfPage\":{\"@id\":\"https:\/\/modoviajeok.com.ar\/index.php\/2025\/10\/18\/villa-de-maria-de-rio-seco-se-prepara-como-destino-religioso\/#primaryimage\"},\"image\":{\"@id\":\"https:\/\/modoviajeok.com.ar\/index.php\/2025\/10\/18\/villa-de-maria-de-rio-seco-se-prepara-como-destino-religioso\/#primaryimage\"},\"thumbnailUrl\":\"https:\/\/modoviajeok.com.ar\/wp-content\/uploads\/2025\/10\/IMG-20251013-WA0019.jpg\",\"datePublished\":\"2025-10-18T11:38:00+00:00\",\"dateModified\":\"2025-11-17T23:05:29+00:00\",\"description\":\"La consagraci\u00f3n del\u00a0 santuario de la virgen La Cautivita abre las puertas a la llegada de peregrinos.\",\"breadcrumb\":{\"@id\":\"https:\/\/modoviajeok.com.ar\/index.php\/2025\/10\/18\/villa-de-maria-de-rio-seco-se-prepara-como-destino-religioso\/#breadcrumb\"},\"inLanguage\":\"es\",\"potentialAction\":[{\"@type\":\"ReadAction\",\"target\":[\"https:\/\/modoviajeok.com.ar\/index.php\/2025\/10\/18\/villa-de-maria-de-rio-seco-se-prepara-como-destino-religioso\/\"]}]},{\"@type\":\"ImageObject\",\"inLanguage\":\"es\",\"@id\":\"https:\/\/modoviajeok.com.ar\/index.php\/2025\/10\/18\/villa-de-maria-de-rio-seco-se-prepara-como-destino-religioso\/#primaryimage\",\"url\":\"https:\/\/modoviajeok.com.ar\/wp-content\/uploads\/2025\/10\/IMG-20251013-WA0019.jpg\",\"contentUrl\":\"https:\/\/modoviajeok.com.ar\/wp-content\/uploads\/2025\/10\/IMG-20251013-WA0019.jpg\",\"width\":1204,\"height\":1387},{\"@type\":\"BreadcrumbList\",\"@id\":\"https:\/\/modoviajeok.com.ar\/index.php\/2025\/10\/18\/villa-de-maria-de-rio-seco-se-prepara-como-destino-religioso\/#breadcrumb\",\"itemListElement\":[{\"@type\":\"ListItem\",\"position\":1,\"name\":\"Portada\",\"item\":\"https:\/\/modoviajeok.com.ar\/\"},{\"@type\":\"ListItem\",\"position\":2,\"name\":\"Villa de Mar\u00eda de R\u00edo Seco se prepara como destino religioso\"}]},{\"@type\":\"WebSite\",\"@id\":\"https:\/\/modoviajeok.com.ar\/#website\",\"url\":\"https:\/\/modoviajeok.com.ar\/\",\"name\":\"ModoViajeOK\",\"description\":\"\",\"publisher\":{\"@id\":\"https:\/\/modoviajeok.com.ar\/#organization\"},\"potentialAction\":[{\"@type\":\"SearchAction\",\"target\":{\"@type\":\"EntryPoint\",\"urlTemplate\":\"https:\/\/modoviajeok.com.ar\/?s={search_term_string}\"},\"query-input\":{\"@type\":\"PropertyValueSpecification\",\"valueRequired\":true,\"valueName\":\"search_term_string\"}}],\"inLanguage\":\"es\"},{\"@type\":\"Organization\",\"@id\":\"https:\/\/modoviajeok.com.ar\/#organization\",\"name\":\"ModoViajeOK\",\"url\":\"https:\/\/modoviajeok.com.ar\/\",\"logo\":{\"@type\":\"ImageObject\",\"inLanguage\":\"es\",\"@id\":\"https:\/\/modoviajeok.com.ar\/#\/schema\/logo\/image\/\",\"url\":\"https:\/\/modoviajeok.com.ar\/wp-content\/uploads\/2025\/01\/Logo-modoviajeok.png\",\"contentUrl\":\"https:\/\/modoviajeok.com.ar\/wp-content\/uploads\/2025\/01\/Logo-modoviajeok.png\",\"width\":2938,\"height\":2276,\"caption\":\"ModoViajeOK\"},\"image\":{\"@id\":\"https:\/\/modoviajeok.com.ar\/#\/schema\/logo\/image\/\"},\"sameAs\":[\"https:\/\/www.facebook.com\/mariana.otero1\/\",\"https:\/\/www.instagram.com\/modoviaje.ok\/\"]},{\"@type\":\"Person\",\"@id\":\"https:\/\/modoviajeok.com.ar\/#\/schema\/person\/1187013488537969db5b1320484d24f4\",\"name\":\"Mariana Otero\",\"image\":{\"@type\":\"ImageObject\",\"inLanguage\":\"es\",\"@id\":\"https:\/\/modoviajeok.com.ar\/#\/schema\/person\/image\/\",\"url\":\"https:\/\/secure.gravatar.com\/avatar\/8a91a502a9336849a3500b9090c431bc1418f1d1263d893afeddba065f5add82?s=96&d=mm&r=g\",\"contentUrl\":\"https:\/\/secure.gravatar.com\/avatar\/8a91a502a9336849a3500b9090c431bc1418f1d1263d893afeddba065f5add82?s=96&d=mm&r=g\",\"caption\":\"Mariana Otero\"},\"url\":\"https:\/\/modoviajeok.com.ar\/index.php\/author\/mariana2025\/\"}]}<\/script>\n<!-- \/ Yoast SEO plugin. -->","yoast_head_json":{"title":"Villa de Mar\u00eda de R\u00edo Seco se prepara como destino religioso -","description":"La consagraci\u00f3n del\u00a0 santuario de la virgen La Cautivita abre las puertas a la llegada de peregrinos.","robots":{"index":"index","follow":"follow","max-snippet":"max-snippet:-1","max-image-preview":"max-image-preview:large","max-video-preview":"max-video-preview:-1"},"canonical":"https:\/\/modoviajeok.com.ar\/index.php\/2025\/10\/18\/villa-de-maria-de-rio-seco-se-prepara-como-destino-religioso\/","og_locale":"es_ES","og_type":"article","og_title":"Villa de Mar\u00eda de R\u00edo Seco se prepara como destino religioso -","og_description":"La consagraci\u00f3n del\u00a0 santuario de la virgen La Cautivita abre las puertas a la llegada de peregrinos.","og_url":"https:\/\/modoviajeok.com.ar\/index.php\/2025\/10\/18\/villa-de-maria-de-rio-seco-se-prepara-como-destino-religioso\/","article_publisher":"https:\/\/www.facebook.com\/mariana.otero1\/","article_published_time":"2025-10-18T11:38:00+00:00","article_modified_time":"2025-11-17T23:05:29+00:00","og_image":[{"width":1204,"height":1387,"url":"https:\/\/modoviajeok.com.ar\/wp-content\/uploads\/2025\/10\/IMG-20251013-WA0019.jpg","type":"image\/jpeg"}],"author":"Mariana Otero","twitter_card":"summary_large_image","twitter_misc":{"Escrito por":"Mariana Otero","Tiempo de lectura":"6 minutos"},"schema":{"@context":"https:\/\/schema.org","@graph":[{"@type":"Article","@id":"https:\/\/modoviajeok.com.ar\/index.php\/2025\/10\/18\/villa-de-maria-de-rio-seco-se-prepara-como-destino-religioso\/#article","isPartOf":{"@id":"https:\/\/modoviajeok.com.ar\/index.php\/2025\/10\/18\/villa-de-maria-de-rio-seco-se-prepara-como-destino-religioso\/"},"author":{"name":"Mariana Otero","@id":"https:\/\/modoviajeok.com.ar\/#\/schema\/person\/1187013488537969db5b1320484d24f4"},"headline":"Villa de Mar\u00eda de R\u00edo Seco se prepara como destino religioso","datePublished":"2025-10-18T11:38:00+00:00","dateModified":"2025-11-17T23:05:29+00:00","mainEntityOfPage":{"@id":"https:\/\/modoviajeok.com.ar\/index.php\/2025\/10\/18\/villa-de-maria-de-rio-seco-se-prepara-como-destino-religioso\/"},"wordCount":782,"commentCount":0,"publisher":{"@id":"https:\/\/modoviajeok.com.ar\/#organization"},"image":{"@id":"https:\/\/modoviajeok.com.ar\/index.php\/2025\/10\/18\/villa-de-maria-de-rio-seco-se-prepara-como-destino-religioso\/#primaryimage"},"thumbnailUrl":"https:\/\/modoviajeok.com.ar\/wp-content\/uploads\/2025\/10\/IMG-20251013-WA0019.jpg","articleSection":["C\u00f3rdoba","Novedades"],"inLanguage":"es","potentialAction":[{"@type":"CommentAction","name":"Comment","target":["https:\/\/modoviajeok.com.ar\/index.php\/2025\/10\/18\/villa-de-maria-de-rio-seco-se-prepara-como-destino-religioso\/#respond"]}]},{"@type":"WebPage","@id":"https:\/\/modoviajeok.com.ar\/index.php\/2025\/10\/18\/villa-de-maria-de-rio-seco-se-prepara-como-destino-religioso\/","url":"https:\/\/modoviajeok.com.ar\/index.php\/2025\/10\/18\/villa-de-maria-de-rio-seco-se-prepara-como-destino-religioso\/","name":"Villa de Mar\u00eda de R\u00edo Seco se prepara como destino religioso -","isPartOf":{"@id":"https:\/\/modoviajeok.com.ar\/#website"},"primaryImageOfPage":{"@id":"https:\/\/modoviajeok.com.ar\/index.php\/2025\/10\/18\/villa-de-maria-de-rio-seco-se-prepara-como-destino-religioso\/#primaryimage"},"image":{"@id":"https:\/\/modoviajeok.com.ar\/index.php\/2025\/10\/18\/villa-de-maria-de-rio-seco-se-prepara-como-destino-religioso\/#primaryimage"},"thumbnailUrl":"https:\/\/modoviajeok.com.ar\/wp-content\/uploads\/2025\/10\/IMG-20251013-WA0019.jpg","datePublished":"2025-10-18T11:38:00+00:00","dateModified":"2025-11-17T23:05:29+00:00","description":"La consagraci\u00f3n del\u00a0 santuario de la virgen La Cautivita abre las puertas a la llegada de peregrinos.","breadcrumb":{"@id":"https:\/\/modoviajeok.com.ar\/index.php\/2025\/10\/18\/villa-de-maria-de-rio-seco-se-prepara-como-destino-religioso\/#breadcrumb"},"inLanguage":"es","potentialAction":[{"@type":"ReadAction","target":["https:\/\/modoviajeok.com.ar\/index.php\/2025\/10\/18\/villa-de-maria-de-rio-seco-se-prepara-como-destino-religioso\/"]}]},{"@type":"ImageObject","inLanguage":"es","@id":"https:\/\/modoviajeok.com.ar\/index.php\/2025\/10\/18\/villa-de-maria-de-rio-seco-se-prepara-como-destino-religioso\/#primaryimage","url":"https:\/\/modoviajeok.com.ar\/wp-content\/uploads\/2025\/10\/IMG-20251013-WA0019.jpg","contentUrl":"https:\/\/modoviajeok.com.ar\/wp-content\/uploads\/2025\/10\/IMG-20251013-WA0019.jpg","width":1204,"height":1387},{"@type":"BreadcrumbList","@id":"https:\/\/modoviajeok.com.ar\/index.php\/2025\/10\/18\/villa-de-maria-de-rio-seco-se-prepara-como-destino-religioso\/#breadcrumb","itemListElement":[{"@type":"ListItem","position":1,"name":"Portada","item":"https:\/\/modoviajeok.com.ar\/"},{"@type":"ListItem","position":2,"name":"Villa de Mar\u00eda de R\u00edo Seco se prepara como destino religioso"}]},{"@type":"WebSite","@id":"https:\/\/modoviajeok.com.ar\/#website","url":"https:\/\/modoviajeok.com.ar\/","name":"ModoViajeOK","description":"","publisher":{"@id":"https:\/\/modoviajeok.com.ar\/#organization"},"potentialAction":[{"@type":"SearchAction","target":{"@type":"EntryPoint","urlTemplate":"https:\/\/modoviajeok.com.ar\/?s={search_term_string}"},"query-input":{"@type":"PropertyValueSpecification","valueRequired":true,"valueName":"search_term_string"}}],"inLanguage":"es"},{"@type":"Organization","@id":"https:\/\/modoviajeok.com.ar\/#organization","name":"ModoViajeOK","url":"https:\/\/modoviajeok.com.ar\/","logo":{"@type":"ImageObject","inLanguage":"es","@id":"https:\/\/modoviajeok.com.ar\/#\/schema\/logo\/image\/","url":"https:\/\/modoviajeok.com.ar\/wp-content\/uploads\/2025\/01\/Logo-modoviajeok.png","contentUrl":"https:\/\/modoviajeok.com.ar\/wp-content\/uploads\/2025\/01\/Logo-modoviajeok.png","width":2938,"height":2276,"caption":"ModoViajeOK"},"image":{"@id":"https:\/\/modoviajeok.com.ar\/#\/schema\/logo\/image\/"},"sameAs":["https:\/\/www.facebook.com\/mariana.otero1\/","https:\/\/www.instagram.com\/modoviaje.ok\/"]},{"@type":"Person","@id":"https:\/\/modoviajeok.com.ar\/#\/schema\/person\/1187013488537969db5b1320484d24f4","name":"Mariana Otero","image":{"@type":"ImageObject","inLanguage":"es","@id":"https:\/\/modoviajeok.com.ar\/#\/schema\/person\/image\/","url":"https:\/\/secure.gravatar.com\/avatar\/8a91a502a9336849a3500b9090c431bc1418f1d1263d893afeddba065f5add82?s=96&d=mm&r=g","contentUrl":"https:\/\/secure.gravatar.com\/avatar\/8a91a502a9336849a3500b9090c431bc1418f1d1263d893afeddba065f5add82?s=96&d=mm&r=g","caption":"Mariana Otero"},"url":"https:\/\/modoviajeok.com.ar\/index.php\/author\/mariana2025\/"}]}},"_links":{"self":[{"href":"https:\/\/modoviajeok.com.ar\/index.php\/wp-json\/wp\/v2\/posts\/5898","targetHints":{"allow":["GET"]}}],"collection":[{"href":"https:\/\/modoviajeok.com.ar\/index.php\/wp-json\/wp\/v2\/posts"}],"about":[{"href":"https:\/\/modoviajeok.com.ar\/index.php\/wp-json\/wp\/v2\/types\/post"}],"author":[{"embeddable":true,"href":"https:\/\/modoviajeok.com.ar\/index.php\/wp-json\/wp\/v2\/users\/2"}],"replies":[{"embeddable":true,"href":"https:\/\/modoviajeok.com.ar\/index.php\/wp-json\/wp\/v2\/comments?post=5898"}],"version-history":[{"count":4,"href":"https:\/\/modoviajeok.com.ar\/index.php\/wp-json\/wp\/v2\/posts\/5898\/revisions"}],"predecessor-version":[{"id":5922,"href":"https:\/\/modoviajeok.com.ar\/index.php\/wp-json\/wp\/v2\/posts\/5898\/revisions\/5922"}],"wp:featuredmedia":[{"embeddable":true,"href":"https:\/\/modoviajeok.com.ar\/index.php\/wp-json\/wp\/v2\/media\/5902"}],"wp:attachment":[{"href":"https:\/\/modoviajeok.com.ar\/index.php\/wp-json\/wp\/v2\/media?parent=5898"}],"wp:term":[{"taxonomy":"category","embeddable":true,"href":"https:\/\/modoviajeok.com.ar\/index.php\/wp-json\/wp\/v2\/categories?post=5898"},{"taxonomy":"post_tag","embeddable":true,"href":"https:\/\/modoviajeok.com.ar\/index.php\/wp-json\/wp\/v2\/tags?post=5898"}],"curies":[{"name":"wp","href":"https:\/\/api.w.org\/{rel}","templated":true}]}}