{"id":5947,"date":"2025-10-20T13:18:05","date_gmt":"2025-10-20T16:18:05","guid":{"rendered":"https:\/\/modoviajeok.com.ar\/?p=5947"},"modified":"2025-10-20T13:18:06","modified_gmt":"2025-10-20T16:18:06","slug":"san-javier-y-yacanto-distinguido-por-la-onu-turismo","status":"publish","type":"post","link":"https:\/\/modoviajeok.com.ar\/index.php\/2025\/10\/20\/san-javier-y-yacanto-distinguido-por-la-onu-turismo\/","title":{"rendered":"San Javier y Yacanto, distinguido por la ONU Turismo"},"content":{"rendered":"\n<figure class=\"wp-block-pullquote\"><blockquote><p>La localidad del Valle de Traslasierra fue distinguida en el  marco del\u00a0Programa Upgrade,\u00a0que acompa\u00f1a a destinos rurales en el proceso de alcanzar los est\u00e1ndares de la red internacional\u00a0Best Tourism Villages.<br><\/p><\/blockquote><\/figure>\n\n\n\n<figure class=\"wp-block-image size-full\"><img loading=\"lazy\" decoding=\"async\" width=\"960\" height=\"960\" src=\"https:\/\/modoviajeok.com.ar\/wp-content\/uploads\/2025\/10\/image4-1.jpeg\" alt=\"\" class=\"wp-image-5948\" srcset=\"https:\/\/modoviajeok.com.ar\/wp-content\/uploads\/2025\/10\/image4-1.jpeg 960w, https:\/\/modoviajeok.com.ar\/wp-content\/uploads\/2025\/10\/image4-1-768x768.jpeg 768w, https:\/\/modoviajeok.com.ar\/wp-content\/uploads\/2025\/10\/image4-1-420x420.jpeg 420w, https:\/\/modoviajeok.com.ar\/wp-content\/uploads\/2025\/10\/image4-1-150x150.jpeg 150w, https:\/\/modoviajeok.com.ar\/wp-content\/uploads\/2025\/10\/image4-1-300x300.jpeg 300w, https:\/\/modoviajeok.com.ar\/wp-content\/uploads\/2025\/10\/image4-1-696x696.jpeg 696w\" sizes=\"auto, (max-width: 960px) 100vw, 960px\" \/><\/figure>\n\n\n\n<p><\/p>\n\n\n\n<p>San Javier y Yacanto, en el Valle de Traslasierra, fue distinguida por ONU Turismo en el marco del&nbsp;Programa Upgrade,&nbsp;destinado a acompa\u00f1ar a los destinos rurales en el proceso de alcanzar los est\u00e1ndares de la red internacional&nbsp;Best Tourism Villages.<\/p>\n\n\n\n<p>Ubicados al pie del majestuoso cerro Champaqu\u00ed, con casi 3.000 habitantes y un 80% de su territorio cubierto por bosque nativo, estos pueblos cordobeses destacan por la&nbsp;convivencia de tradiciones criollas y serranas con la arquitectura inglesa,&nbsp;y por su modelo de turismo basado en la identidad local, el respeto por el entorno natural y el compromiso comunitario.<\/p>\n\n\n\n<p>\u201cEste reconocimiento es un orgullo para C\u00f3rdoba y refleja el trabajo conjunto con vecinos, emprendedores y prestadores tur\u00edsticos para fortalecer un turismo sostenible, con identidad serrana y respeto por nuestra cultura y naturaleza\u201d, &nbsp;se\u00f1al\u00f3&nbsp;Dar\u00edo Capitani, presidente de la Agencia C\u00f3rdoba Turismo, al celebrar la distinci\u00f3n de San Javier y Yacanto.<\/p>\n\n\n\n<p>En la edici\u00f3n 2025 del programa&nbsp;Best Tourism Villages,&nbsp;otros pueblos argentinos recibieron distinciones internacionales:&nbsp;Colonia Carlos Pellegrini&nbsp;(Corrientes) y&nbsp;Maimar\u00e1 (Jujuy) fueron seleccionados como los mejores destinos tur\u00edsticos rurales del pa\u00eds, en una ceremonia realizada en Huzhou, China. San Javier y Yacanto recibi\u00f3 el premio correspondiente al&nbsp;Programa Upgrade, una instancia previa que acompa\u00f1a a los destinos en su camino hacia la excelencia tur\u00edstica global.<\/p>\n\n\n\n<p>Este reconocimiento reafirma el compromiso de C\u00f3rdoba con un turismo de crecimiento sostenido, que respeta nuestra identidad serrana, conserva las bellezas naturales y genera oportunidades de empleo para las comunidades locales, consolidando una pol\u00edtica de Estado que impulsa el desarrollo tur\u00edstico responsable y con futuro.<\/p>\n\n\n      <div class=\"wp_bannerize_container wp_bannerize_layout_vertical\">\n\n        <div class=\"wp_bannerize_banner_box wp_bannerize_category_intertexto-1\" data-title=\"Modo viaje\" data-mime_type=\"image-gif\" data-banner_id=\"1783\" id=\"wpbanner-1783\" data-impressions_enabled=\"true\" data-clicks_enabled=\"true\"><a href=\"https:\/\/www.instagram.com\/modoviaje.ok?igsh=Z3c5emxsZWFtdXN3\"><img decoding=\"async\" border=\"0\" src=\"https:\/\/modoviajeok.com.ar\/wp-content\/uploads\/2025\/02\/modoviaje.ok-300-x-250-px.gif\" alt=\"Modo viaje\" title=\"Modo viaje\" \/><\/a><\/div>      <\/div>\n\n\n\n\n\n<figure class=\"wp-block-pullquote\"><blockquote><p><\/p><\/blockquote><\/figure>\n\n\n\n<figure class=\"wp-block-pullquote\"><blockquote><p><\/p><\/blockquote><\/figure>\n","protected":false},"excerpt":{"rendered":"<p>La localidad del Valle de Traslasierra fue distinguida en el marco del\u00a0Programa Upgrade,\u00a0que acompa\u00f1a a destinos rurales en el proceso de alcanzar los est\u00e1ndares de la red internacional\u00a0Best Tourism Villages. San Javier y Yacanto, en el Valle de Traslasierra, fue distinguida por ONU Turismo en el marco del&nbsp;Programa Upgrade,&nbsp;destinado a acompa\u00f1ar a los destinos rurales [&hellip;]<\/p>\n","protected":false},"author":3,"featured_media":5949,"comment_status":"open","ping_status":"open","sticky":false,"template":"","format":"standard","meta":{"_acf_changed":false,"footnotes":""},"categories":[11,2,10],"tags":[912,1312,904],"class_list":{"0":"post-5947","1":"post","2":"type-post","3":"status-publish","4":"format-standard","5":"has-post-thumbnail","7":"category-cordoba","8":"category-destacadas","9":"category-noticias","10":"tag-onu","11":"tag-programa-update","12":"tag-san-javier-y-yacanto"},"acf":[],"yoast_head":"<!-- This site is optimized with the Yoast SEO plugin v24.8.1 - https:\/\/yoast.com\/wordpress\/plugins\/seo\/ -->\n<title>San Javier y Yacanto, distinguido por la ONU Turismo -<\/title>\n<meta name=\"robots\" content=\"index, follow, max-snippet:-1, max-image-preview:large, max-video-preview:-1\" \/>\n<link rel=\"canonical\" href=\"https:\/\/modoviajeok.com.ar\/index.php\/2025\/10\/20\/san-javier-y-yacanto-distinguido-por-la-onu-turismo\/\" \/>\n<meta property=\"og:locale\" content=\"es_ES\" \/>\n<meta property=\"og:type\" content=\"article\" \/>\n<meta property=\"og:title\" content=\"San Javier y Yacanto, distinguido por la ONU Turismo -\" \/>\n<meta property=\"og:description\" content=\"La localidad del Valle de Traslasierra fue distinguida en el marco del\u00a0Programa Upgrade,\u00a0que acompa\u00f1a a destinos rurales en el proceso de alcanzar los est\u00e1ndares de la red internacional\u00a0Best Tourism Villages. San Javier y Yacanto, en el Valle de Traslasierra, fue distinguida por ONU Turismo en el marco del&nbsp;Programa Upgrade,&nbsp;destinado a acompa\u00f1ar a los destinos rurales [&hellip;]\" \/>\n<meta property=\"og:url\" content=\"https:\/\/modoviajeok.com.ar\/index.php\/2025\/10\/20\/san-javier-y-yacanto-distinguido-por-la-onu-turismo\/\" \/>\n<meta property=\"article:publisher\" content=\"https:\/\/www.facebook.com\/mariana.otero1\/\" \/>\n<meta property=\"article:published_time\" content=\"2025-10-20T16:18:05+00:00\" \/>\n<meta property=\"article:modified_time\" content=\"2025-10-20T16:18:06+00:00\" \/>\n<meta property=\"og:image\" content=\"https:\/\/modoviajeok.com.ar\/wp-content\/uploads\/2025\/10\/IMG_8233-1536x1024-1.jpg\" \/>\n\t<meta property=\"og:image:width\" content=\"1536\" \/>\n\t<meta property=\"og:image:height\" content=\"1024\" \/>\n\t<meta property=\"og:image:type\" content=\"image\/jpeg\" \/>\n<meta name=\"author\" content=\"Pepe Segura\" \/>\n<meta name=\"twitter:card\" content=\"summary_large_image\" \/>\n<meta name=\"twitter:label1\" content=\"Escrito por\" \/>\n\t<meta name=\"twitter:data1\" content=\"Pepe Segura\" \/>\n\t<meta name=\"twitter:label2\" content=\"Tiempo de lectura\" \/>\n\t<meta name=\"twitter:data2\" content=\"2 minutos\" \/>\n<script type=\"application\/ld+json\" class=\"yoast-schema-graph\">{\"@context\":\"https:\/\/schema.org\",\"@graph\":[{\"@type\":\"Article\",\"@id\":\"https:\/\/modoviajeok.com.ar\/index.php\/2025\/10\/20\/san-javier-y-yacanto-distinguido-por-la-onu-turismo\/#article\",\"isPartOf\":{\"@id\":\"https:\/\/modoviajeok.com.ar\/index.php\/2025\/10\/20\/san-javier-y-yacanto-distinguido-por-la-onu-turismo\/\"},\"author\":{\"name\":\"Pepe Segura\",\"@id\":\"https:\/\/modoviajeok.com.ar\/#\/schema\/person\/2e299ed0d3d412a01d244fe28260d7f5\"},\"headline\":\"San Javier y Yacanto, distinguido por la ONU Turismo\",\"datePublished\":\"2025-10-20T16:18:05+00:00\",\"dateModified\":\"2025-10-20T16:18:06+00:00\",\"mainEntityOfPage\":{\"@id\":\"https:\/\/modoviajeok.com.ar\/index.php\/2025\/10\/20\/san-javier-y-yacanto-distinguido-por-la-onu-turismo\/\"},\"wordCount\":338,\"commentCount\":0,\"publisher\":{\"@id\":\"https:\/\/modoviajeok.com.ar\/#organization\"},\"image\":{\"@id\":\"https:\/\/modoviajeok.com.ar\/index.php\/2025\/10\/20\/san-javier-y-yacanto-distinguido-por-la-onu-turismo\/#primaryimage\"},\"thumbnailUrl\":\"https:\/\/modoviajeok.com.ar\/wp-content\/uploads\/2025\/10\/IMG_8233-1536x1024-1.jpg\",\"keywords\":[\"onu\",\"programa update\",\"san javier y yacanto\"],\"articleSection\":[\"C\u00f3rdoba\",\"Destacadas\",\"Noticias\"],\"inLanguage\":\"es\",\"potentialAction\":[{\"@type\":\"CommentAction\",\"name\":\"Comment\",\"target\":[\"https:\/\/modoviajeok.com.ar\/index.php\/2025\/10\/20\/san-javier-y-yacanto-distinguido-por-la-onu-turismo\/#respond\"]}]},{\"@type\":\"WebPage\",\"@id\":\"https:\/\/modoviajeok.com.ar\/index.php\/2025\/10\/20\/san-javier-y-yacanto-distinguido-por-la-onu-turismo\/\",\"url\":\"https:\/\/modoviajeok.com.ar\/index.php\/2025\/10\/20\/san-javier-y-yacanto-distinguido-por-la-onu-turismo\/\",\"name\":\"San Javier y Yacanto, distinguido por la ONU Turismo -\",\"isPartOf\":{\"@id\":\"https:\/\/modoviajeok.com.ar\/#website\"},\"primaryImageOfPage\":{\"@id\":\"https:\/\/modoviajeok.com.ar\/index.php\/2025\/10\/20\/san-javier-y-yacanto-distinguido-por-la-onu-turismo\/#primaryimage\"},\"image\":{\"@id\":\"https:\/\/modoviajeok.com.ar\/index.php\/2025\/10\/20\/san-javier-y-yacanto-distinguido-por-la-onu-turismo\/#primaryimage\"},\"thumbnailUrl\":\"https:\/\/modoviajeok.com.ar\/wp-content\/uploads\/2025\/10\/IMG_8233-1536x1024-1.jpg\",\"datePublished\":\"2025-10-20T16:18:05+00:00\",\"dateModified\":\"2025-10-20T16:18:06+00:00\",\"breadcrumb\":{\"@id\":\"https:\/\/modoviajeok.com.ar\/index.php\/2025\/10\/20\/san-javier-y-yacanto-distinguido-por-la-onu-turismo\/#breadcrumb\"},\"inLanguage\":\"es\",\"potentialAction\":[{\"@type\":\"ReadAction\",\"target\":[\"https:\/\/modoviajeok.com.ar\/index.php\/2025\/10\/20\/san-javier-y-yacanto-distinguido-por-la-onu-turismo\/\"]}]},{\"@type\":\"ImageObject\",\"inLanguage\":\"es\",\"@id\":\"https:\/\/modoviajeok.com.ar\/index.php\/2025\/10\/20\/san-javier-y-yacanto-distinguido-por-la-onu-turismo\/#primaryimage\",\"url\":\"https:\/\/modoviajeok.com.ar\/wp-content\/uploads\/2025\/10\/IMG_8233-1536x1024-1.jpg\",\"contentUrl\":\"https:\/\/modoviajeok.com.ar\/wp-content\/uploads\/2025\/10\/IMG_8233-1536x1024-1.jpg\",\"width\":1536,\"height\":1024},{\"@type\":\"BreadcrumbList\",\"@id\":\"https:\/\/modoviajeok.com.ar\/index.php\/2025\/10\/20\/san-javier-y-yacanto-distinguido-por-la-onu-turismo\/#breadcrumb\",\"itemListElement\":[{\"@type\":\"ListItem\",\"position\":1,\"name\":\"Portada\",\"item\":\"https:\/\/modoviajeok.com.ar\/\"},{\"@type\":\"ListItem\",\"position\":2,\"name\":\"San Javier y Yacanto, distinguido por la ONU Turismo\"}]},{\"@type\":\"WebSite\",\"@id\":\"https:\/\/modoviajeok.com.ar\/#website\",\"url\":\"https:\/\/modoviajeok.com.ar\/\",\"name\":\"ModoViajeOK\",\"description\":\"\",\"publisher\":{\"@id\":\"https:\/\/modoviajeok.com.ar\/#organization\"},\"potentialAction\":[{\"@type\":\"SearchAction\",\"target\":{\"@type\":\"EntryPoint\",\"urlTemplate\":\"https:\/\/modoviajeok.com.ar\/?s={search_term_string}\"},\"query-input\":{\"@type\":\"PropertyValueSpecification\",\"valueRequired\":true,\"valueName\":\"search_term_string\"}}],\"inLanguage\":\"es\"},{\"@type\":\"Organization\",\"@id\":\"https:\/\/modoviajeok.com.ar\/#organization\",\"name\":\"ModoViajeOK\",\"url\":\"https:\/\/modoviajeok.com.ar\/\",\"logo\":{\"@type\":\"ImageObject\",\"inLanguage\":\"es\",\"@id\":\"https:\/\/modoviajeok.com.ar\/#\/schema\/logo\/image\/\",\"url\":\"https:\/\/modoviajeok.com.ar\/wp-content\/uploads\/2025\/01\/Logo-modoviajeok.png\",\"contentUrl\":\"https:\/\/modoviajeok.com.ar\/wp-content\/uploads\/2025\/01\/Logo-modoviajeok.png\",\"width\":2938,\"height\":2276,\"caption\":\"ModoViajeOK\"},\"image\":{\"@id\":\"https:\/\/modoviajeok.com.ar\/#\/schema\/logo\/image\/\"},\"sameAs\":[\"https:\/\/www.facebook.com\/mariana.otero1\/\",\"https:\/\/www.instagram.com\/modoviaje.ok\/\"]},{\"@type\":\"Person\",\"@id\":\"https:\/\/modoviajeok.com.ar\/#\/schema\/person\/2e299ed0d3d412a01d244fe28260d7f5\",\"name\":\"Pepe Segura\",\"image\":{\"@type\":\"ImageObject\",\"inLanguage\":\"es\",\"@id\":\"https:\/\/modoviajeok.com.ar\/#\/schema\/person\/image\/\",\"url\":\"https:\/\/secure.gravatar.com\/avatar\/65eb4b34deed761327f5b2c5535b987318ae807900ac46426de7258f5de6d345?s=96&d=mm&r=g\",\"contentUrl\":\"https:\/\/secure.gravatar.com\/avatar\/65eb4b34deed761327f5b2c5535b987318ae807900ac46426de7258f5de6d345?s=96&d=mm&r=g\",\"caption\":\"Pepe Segura\"},\"url\":\"https:\/\/modoviajeok.com.ar\/index.php\/author\/pepe2025\/\"}]}<\/script>\n<!-- \/ Yoast SEO plugin. -->","yoast_head_json":{"title":"San Javier y Yacanto, distinguido por la ONU Turismo -","robots":{"index":"index","follow":"follow","max-snippet":"max-snippet:-1","max-image-preview":"max-image-preview:large","max-video-preview":"max-video-preview:-1"},"canonical":"https:\/\/modoviajeok.com.ar\/index.php\/2025\/10\/20\/san-javier-y-yacanto-distinguido-por-la-onu-turismo\/","og_locale":"es_ES","og_type":"article","og_title":"San Javier y Yacanto, distinguido por la ONU Turismo -","og_description":"La localidad del Valle de Traslasierra fue distinguida en el marco del\u00a0Programa Upgrade,\u00a0que acompa\u00f1a a destinos rurales en el proceso de alcanzar los est\u00e1ndares de la red internacional\u00a0Best Tourism Villages. San Javier y Yacanto, en el Valle de Traslasierra, fue distinguida por ONU Turismo en el marco del&nbsp;Programa Upgrade,&nbsp;destinado a acompa\u00f1ar a los destinos rurales [&hellip;]","og_url":"https:\/\/modoviajeok.com.ar\/index.php\/2025\/10\/20\/san-javier-y-yacanto-distinguido-por-la-onu-turismo\/","article_publisher":"https:\/\/www.facebook.com\/mariana.otero1\/","article_published_time":"2025-10-20T16:18:05+00:00","article_modified_time":"2025-10-20T16:18:06+00:00","og_image":[{"width":1536,"height":1024,"url":"https:\/\/modoviajeok.com.ar\/wp-content\/uploads\/2025\/10\/IMG_8233-1536x1024-1.jpg","type":"image\/jpeg"}],"author":"Pepe Segura","twitter_card":"summary_large_image","twitter_misc":{"Escrito por":"Pepe Segura","Tiempo de lectura":"2 minutos"},"schema":{"@context":"https:\/\/schema.org","@graph":[{"@type":"Article","@id":"https:\/\/modoviajeok.com.ar\/index.php\/2025\/10\/20\/san-javier-y-yacanto-distinguido-por-la-onu-turismo\/#article","isPartOf":{"@id":"https:\/\/modoviajeok.com.ar\/index.php\/2025\/10\/20\/san-javier-y-yacanto-distinguido-por-la-onu-turismo\/"},"author":{"name":"Pepe Segura","@id":"https:\/\/modoviajeok.com.ar\/#\/schema\/person\/2e299ed0d3d412a01d244fe28260d7f5"},"headline":"San Javier y Yacanto, distinguido por la ONU Turismo","datePublished":"2025-10-20T16:18:05+00:00","dateModified":"2025-10-20T16:18:06+00:00","mainEntityOfPage":{"@id":"https:\/\/modoviajeok.com.ar\/index.php\/2025\/10\/20\/san-javier-y-yacanto-distinguido-por-la-onu-turismo\/"},"wordCount":338,"commentCount":0,"publisher":{"@id":"https:\/\/modoviajeok.com.ar\/#organization"},"image":{"@id":"https:\/\/modoviajeok.com.ar\/index.php\/2025\/10\/20\/san-javier-y-yacanto-distinguido-por-la-onu-turismo\/#primaryimage"},"thumbnailUrl":"https:\/\/modoviajeok.com.ar\/wp-content\/uploads\/2025\/10\/IMG_8233-1536x1024-1.jpg","keywords":["onu","programa update","san javier y yacanto"],"articleSection":["C\u00f3rdoba","Destacadas","Noticias"],"inLanguage":"es","potentialAction":[{"@type":"CommentAction","name":"Comment","target":["https:\/\/modoviajeok.com.ar\/index.php\/2025\/10\/20\/san-javier-y-yacanto-distinguido-por-la-onu-turismo\/#respond"]}]},{"@type":"WebPage","@id":"https:\/\/modoviajeok.com.ar\/index.php\/2025\/10\/20\/san-javier-y-yacanto-distinguido-por-la-onu-turismo\/","url":"https:\/\/modoviajeok.com.ar\/index.php\/2025\/10\/20\/san-javier-y-yacanto-distinguido-por-la-onu-turismo\/","name":"San Javier y Yacanto, distinguido por la ONU Turismo -","isPartOf":{"@id":"https:\/\/modoviajeok.com.ar\/#website"},"primaryImageOfPage":{"@id":"https:\/\/modoviajeok.com.ar\/index.php\/2025\/10\/20\/san-javier-y-yacanto-distinguido-por-la-onu-turismo\/#primaryimage"},"image":{"@id":"https:\/\/modoviajeok.com.ar\/index.php\/2025\/10\/20\/san-javier-y-yacanto-distinguido-por-la-onu-turismo\/#primaryimage"},"thumbnailUrl":"https:\/\/modoviajeok.com.ar\/wp-content\/uploads\/2025\/10\/IMG_8233-1536x1024-1.jpg","datePublished":"2025-10-20T16:18:05+00:00","dateModified":"2025-10-20T16:18:06+00:00","breadcrumb":{"@id":"https:\/\/modoviajeok.com.ar\/index.php\/2025\/10\/20\/san-javier-y-yacanto-distinguido-por-la-onu-turismo\/#breadcrumb"},"inLanguage":"es","potentialAction":[{"@type":"ReadAction","target":["https:\/\/modoviajeok.com.ar\/index.php\/2025\/10\/20\/san-javier-y-yacanto-distinguido-por-la-onu-turismo\/"]}]},{"@type":"ImageObject","inLanguage":"es","@id":"https:\/\/modoviajeok.com.ar\/index.php\/2025\/10\/20\/san-javier-y-yacanto-distinguido-por-la-onu-turismo\/#primaryimage","url":"https:\/\/modoviajeok.com.ar\/wp-content\/uploads\/2025\/10\/IMG_8233-1536x1024-1.jpg","contentUrl":"https:\/\/modoviajeok.com.ar\/wp-content\/uploads\/2025\/10\/IMG_8233-1536x1024-1.jpg","width":1536,"height":1024},{"@type":"BreadcrumbList","@id":"https:\/\/modoviajeok.com.ar\/index.php\/2025\/10\/20\/san-javier-y-yacanto-distinguido-por-la-onu-turismo\/#breadcrumb","itemListElement":[{"@type":"ListItem","position":1,"name":"Portada","item":"https:\/\/modoviajeok.com.ar\/"},{"@type":"ListItem","position":2,"name":"San Javier y Yacanto, distinguido por la ONU Turismo"}]},{"@type":"WebSite","@id":"https:\/\/modoviajeok.com.ar\/#website","url":"https:\/\/modoviajeok.com.ar\/","name":"ModoViajeOK","description":"","publisher":{"@id":"https:\/\/modoviajeok.com.ar\/#organization"},"potentialAction":[{"@type":"SearchAction","target":{"@type":"EntryPoint","urlTemplate":"https:\/\/modoviajeok.com.ar\/?s={search_term_string}"},"query-input":{"@type":"PropertyValueSpecification","valueRequired":true,"valueName":"search_term_string"}}],"inLanguage":"es"},{"@type":"Organization","@id":"https:\/\/modoviajeok.com.ar\/#organization","name":"ModoViajeOK","url":"https:\/\/modoviajeok.com.ar\/","logo":{"@type":"ImageObject","inLanguage":"es","@id":"https:\/\/modoviajeok.com.ar\/#\/schema\/logo\/image\/","url":"https:\/\/modoviajeok.com.ar\/wp-content\/uploads\/2025\/01\/Logo-modoviajeok.png","contentUrl":"https:\/\/modoviajeok.com.ar\/wp-content\/uploads\/2025\/01\/Logo-modoviajeok.png","width":2938,"height":2276,"caption":"ModoViajeOK"},"image":{"@id":"https:\/\/modoviajeok.com.ar\/#\/schema\/logo\/image\/"},"sameAs":["https:\/\/www.facebook.com\/mariana.otero1\/","https:\/\/www.instagram.com\/modoviaje.ok\/"]},{"@type":"Person","@id":"https:\/\/modoviajeok.com.ar\/#\/schema\/person\/2e299ed0d3d412a01d244fe28260d7f5","name":"Pepe Segura","image":{"@type":"ImageObject","inLanguage":"es","@id":"https:\/\/modoviajeok.com.ar\/#\/schema\/person\/image\/","url":"https:\/\/secure.gravatar.com\/avatar\/65eb4b34deed761327f5b2c5535b987318ae807900ac46426de7258f5de6d345?s=96&d=mm&r=g","contentUrl":"https:\/\/secure.gravatar.com\/avatar\/65eb4b34deed761327f5b2c5535b987318ae807900ac46426de7258f5de6d345?s=96&d=mm&r=g","caption":"Pepe Segura"},"url":"https:\/\/modoviajeok.com.ar\/index.php\/author\/pepe2025\/"}]}},"_links":{"self":[{"href":"https:\/\/modoviajeok.com.ar\/index.php\/wp-json\/wp\/v2\/posts\/5947","targetHints":{"allow":["GET"]}}],"collection":[{"href":"https:\/\/modoviajeok.com.ar\/index.php\/wp-json\/wp\/v2\/posts"}],"about":[{"href":"https:\/\/modoviajeok.com.ar\/index.php\/wp-json\/wp\/v2\/types\/post"}],"author":[{"embeddable":true,"href":"https:\/\/modoviajeok.com.ar\/index.php\/wp-json\/wp\/v2\/users\/3"}],"replies":[{"embeddable":true,"href":"https:\/\/modoviajeok.com.ar\/index.php\/wp-json\/wp\/v2\/comments?post=5947"}],"version-history":[{"count":1,"href":"https:\/\/modoviajeok.com.ar\/index.php\/wp-json\/wp\/v2\/posts\/5947\/revisions"}],"predecessor-version":[{"id":5950,"href":"https:\/\/modoviajeok.com.ar\/index.php\/wp-json\/wp\/v2\/posts\/5947\/revisions\/5950"}],"wp:featuredmedia":[{"embeddable":true,"href":"https:\/\/modoviajeok.com.ar\/index.php\/wp-json\/wp\/v2\/media\/5949"}],"wp:attachment":[{"href":"https:\/\/modoviajeok.com.ar\/index.php\/wp-json\/wp\/v2\/media?parent=5947"}],"wp:term":[{"taxonomy":"category","embeddable":true,"href":"https:\/\/modoviajeok.com.ar\/index.php\/wp-json\/wp\/v2\/categories?post=5947"},{"taxonomy":"post_tag","embeddable":true,"href":"https:\/\/modoviajeok.com.ar\/index.php\/wp-json\/wp\/v2\/tags?post=5947"}],"curies":[{"name":"wp","href":"https:\/\/api.w.org\/{rel}","templated":true}]}}