{"id":5958,"date":"2025-10-28T09:00:03","date_gmt":"2025-10-28T12:00:03","guid":{"rendered":"https:\/\/modoviajeok.com.ar\/?p=5958"},"modified":"2025-10-26T17:56:45","modified_gmt":"2025-10-26T20:56:45","slug":"signos-en-la-piel-del-adobe-relato-de-una-fachada-ancestral","status":"publish","type":"post","link":"https:\/\/modoviajeok.com.ar\/index.php\/2025\/10\/28\/signos-en-la-piel-del-adobe-relato-de-una-fachada-ancestral\/","title":{"rendered":"Signos en la piel del adobe: relato de una fachada ancestral"},"content":{"rendered":"\n<p><\/p>\n\n\n\n<figure class=\"wp-block-pullquote\"><blockquote><p>En Villa Mar\u00eda de R\u00edo Seco, una antigua casona de adobe en la calle Rivadavia da cuenta de siglos de historia. Se ubica sobre el curso ancestral del camino de los Sanavirones y el camino usado por la expedici\u00f3n de Jer\u00f3nimo Luis de Cabrera rumbo a la fundaci\u00f3n de C\u00f3rdoba, m\u00e1s tarde llamado Camino Real del Bajo.<\/p><\/blockquote><\/figure>\n\n\n\n<p>En el antiguo territorio de Quillovil, donde los pueblos sanavirones tej\u00edan su existencia entre r\u00edos secos y memorias vivas, una casona de adobe se alza como testigo silencioso de siglos entrelazados. Su fachada, marcada por el tiempo y la intenci\u00f3n, conserva signos tallados que no son ornamento: son palabra, rito y ra\u00edz.<\/p>\n\n\n\n<figure class=\"wp-block-image size-full\"><img loading=\"lazy\" decoding=\"async\" width=\"963\" height=\"1280\" src=\"https:\/\/modoviajeok.com.ar\/wp-content\/uploads\/2025\/10\/WhatsApp-Image-2025-10-18-at-11.14.01.jpeg\" alt=\"\" class=\"wp-image-5963\" srcset=\"https:\/\/modoviajeok.com.ar\/wp-content\/uploads\/2025\/10\/WhatsApp-Image-2025-10-18-at-11.14.01.jpeg 963w, https:\/\/modoviajeok.com.ar\/wp-content\/uploads\/2025\/10\/WhatsApp-Image-2025-10-18-at-11.14.01-768x1021.jpeg 768w, https:\/\/modoviajeok.com.ar\/wp-content\/uploads\/2025\/10\/WhatsApp-Image-2025-10-18-at-11.14.01-316x420.jpeg 316w, https:\/\/modoviajeok.com.ar\/wp-content\/uploads\/2025\/10\/WhatsApp-Image-2025-10-18-at-11.14.01-150x199.jpeg 150w, https:\/\/modoviajeok.com.ar\/wp-content\/uploads\/2025\/10\/WhatsApp-Image-2025-10-18-at-11.14.01-300x399.jpeg 300w, https:\/\/modoviajeok.com.ar\/wp-content\/uploads\/2025\/10\/WhatsApp-Image-2025-10-18-at-11.14.01-696x925.jpeg 696w\" sizes=\"auto, (max-width: 963px) 100vw, 963px\" \/><\/figure>\n\n\n\n<p><strong>\ud83d\udd37<\/strong><strong> El eje vertical con c\u00edrculo central y puntas en diamante<\/strong><\/p>\n\n\n\n<p>Este relieve se presenta como un eje c\u00f3smico, una columna que une cielo y tierra. El c\u00edrculo central representa el coraz\u00f3n del territorio, la matriz de lo sagrado. Las tres puntas en diamante, como caminos que se abren, evocan la tr\u00edada del andar: lo ancestral, lo comunitario y lo espiritual.&nbsp;<\/p>\n\n\n\n<p>Su geometr\u00eda recuerda saberes ind\u00edgenas reinterpretados en el cruce de culturas que defini\u00f3 la historia profunda de Quillovil.<\/p>\n\n\n\n<figure class=\"wp-block-image size-full\"><img loading=\"lazy\" decoding=\"async\" width=\"963\" height=\"1280\" src=\"https:\/\/modoviajeok.com.ar\/wp-content\/uploads\/2025\/10\/WhatsApp-Image-2025-10-18-at-11.14.01-1.jpeg\" alt=\"\" class=\"wp-image-5962\" srcset=\"https:\/\/modoviajeok.com.ar\/wp-content\/uploads\/2025\/10\/WhatsApp-Image-2025-10-18-at-11.14.01-1.jpeg 963w, https:\/\/modoviajeok.com.ar\/wp-content\/uploads\/2025\/10\/WhatsApp-Image-2025-10-18-at-11.14.01-1-768x1021.jpeg 768w, https:\/\/modoviajeok.com.ar\/wp-content\/uploads\/2025\/10\/WhatsApp-Image-2025-10-18-at-11.14.01-1-316x420.jpeg 316w, https:\/\/modoviajeok.com.ar\/wp-content\/uploads\/2025\/10\/WhatsApp-Image-2025-10-18-at-11.14.01-1-150x199.jpeg 150w, https:\/\/modoviajeok.com.ar\/wp-content\/uploads\/2025\/10\/WhatsApp-Image-2025-10-18-at-11.14.01-1-300x399.jpeg 300w, https:\/\/modoviajeok.com.ar\/wp-content\/uploads\/2025\/10\/WhatsApp-Image-2025-10-18-at-11.14.01-1-696x925.jpeg 696w\" sizes=\"auto, (max-width: 963px) 100vw, 963px\" \/><\/figure>\n\n\n\n<p><strong>\ud83d\udca0<\/strong><strong> El emblema con forma de tulip\u00e1n, coraz\u00f3n y flecha descendente<\/strong><\/p>\n\n\n\n<p>Este s\u00edmbolo, de est\u00e9tica estilizada, sugiere protecci\u00f3n y arraigo. El coraz\u00f3n central pulsa como signo de devoci\u00f3n, mientras que la flecha descendente se\u00f1ala la tierra como altar, como madre, como memoria.&nbsp;<\/p>\n\n\n\n<p>En el contexto local, puede vincularse con relatos de fe y resistencia, donde lo espiritual se encarna en el paisaje.<\/p>\n\n\n\n<figure class=\"wp-block-image size-full\"><img loading=\"lazy\" decoding=\"async\" width=\"963\" height=\"1280\" src=\"https:\/\/modoviajeok.com.ar\/wp-content\/uploads\/2025\/10\/WhatsApp-Image-2025-10-18-at-11.14.02.jpeg\" alt=\"\" class=\"wp-image-5961\" srcset=\"https:\/\/modoviajeok.com.ar\/wp-content\/uploads\/2025\/10\/WhatsApp-Image-2025-10-18-at-11.14.02.jpeg 963w, https:\/\/modoviajeok.com.ar\/wp-content\/uploads\/2025\/10\/WhatsApp-Image-2025-10-18-at-11.14.02-768x1021.jpeg 768w, https:\/\/modoviajeok.com.ar\/wp-content\/uploads\/2025\/10\/WhatsApp-Image-2025-10-18-at-11.14.02-316x420.jpeg 316w, https:\/\/modoviajeok.com.ar\/wp-content\/uploads\/2025\/10\/WhatsApp-Image-2025-10-18-at-11.14.02-150x199.jpeg 150w, https:\/\/modoviajeok.com.ar\/wp-content\/uploads\/2025\/10\/WhatsApp-Image-2025-10-18-at-11.14.02-300x399.jpeg 300w, https:\/\/modoviajeok.com.ar\/wp-content\/uploads\/2025\/10\/WhatsApp-Image-2025-10-18-at-11.14.02-696x925.jpeg 696w\" sizes=\"auto, (max-width: 963px) 100vw, 963px\" \/><\/figure>\n\n\n\n<p><strong>\ud83c\udfdb<\/strong><strong>\ufe0f<\/strong><strong> La moldura de discos apilados y el arco con clave<\/strong><\/p>\n\n\n\n<p>Los discos, como cuentas de un rosario territorial, podr\u00edan simbolizar linajes, saberes acumulados, generaciones que se suceden. El arco con clave es umbral: no s\u00f3lo se entra a la casona, se entra a la historia. Cada grieta, cada sombra proyectada por el sol cordob\u00e9s, parece decir: aqu\u00ed hubo encuentro, aqu\u00ed hubo origen.<\/p>\n\n\n\n<p><strong>\ud83c\udf3e<\/strong><strong> El territorio como memoria<\/strong><\/p>\n\n\n\n<p>La presencia de estos signos en la arquitectura colonial no puede desligarse del territorio que los sostiene. Quillovil no fue tierra vac\u00eda: fue espacio habitado, nombrado y ritualizado por los sanavirones, cuya cosmovisi\u00f3n dej\u00f3 huellas en el paisaje y en la forma de habitarlo.<\/p>\n\n\n\n<p>En 1573, el paso de Jer\u00f3nimo Luis de Cabrera por estas tierras marc\u00f3 el inicio de la ocupaci\u00f3n criolla organizada. La orden de instalar una pista de descanso para viajeros en Quillovil dio origen a un poblamiento que, sin fundaci\u00f3n formal, comenz\u00f3 a transformar el territorio en enclave colonial.&nbsp;<\/p>\n\n\n\n<p>Pero los signos en la casona no responden s\u00f3lo a esa historia: la trascienden. Son s\u00edntesis de lo ind\u00edgena, lo criollo y lo espiritual. Son memoria tallada en barro.<\/p>\n","protected":false},"excerpt":{"rendered":"<p>En Villa Mar\u00eda de R\u00edo Seco, una antigua casona de adobe en la calle Rivadavia da cuenta de siglos de historia. Se ubica sobre el curso ancestral del camino de los Sanavirones y el camino usado por la expedici\u00f3n de Jer\u00f3nimo Luis de Cabrera rumbo a la fundaci\u00f3n de C\u00f3rdoba, m\u00e1s tarde llamado Camino Real [&hellip;]<\/p>\n","protected":false},"author":3,"featured_media":5970,"comment_status":"open","ping_status":"open","sticky":false,"template":"","format":"standard","meta":{"_acf_changed":false,"footnotes":""},"categories":[11,12],"tags":[107,1282],"class_list":{"0":"post-5958","1":"post","2":"type-post","3":"status-publish","4":"format-standard","5":"has-post-thumbnail","7":"category-cordoba","8":"category-novedades","9":"tag-sanavirones","10":"tag-villa-de-maria-de-rio-seco"},"acf":[],"yoast_head":"<!-- This site is optimized with the Yoast SEO plugin v24.8.1 - https:\/\/yoast.com\/wordpress\/plugins\/seo\/ -->\n<title>Signos en la piel del adobe: relato de una fachada ancestral -<\/title>\n<meta name=\"robots\" content=\"index, follow, max-snippet:-1, max-image-preview:large, max-video-preview:-1\" \/>\n<link rel=\"canonical\" href=\"https:\/\/modoviajeok.com.ar\/index.php\/2025\/10\/28\/signos-en-la-piel-del-adobe-relato-de-una-fachada-ancestral\/\" \/>\n<meta property=\"og:locale\" content=\"es_ES\" \/>\n<meta property=\"og:type\" content=\"article\" \/>\n<meta property=\"og:title\" content=\"Signos en la piel del adobe: relato de una fachada ancestral -\" \/>\n<meta property=\"og:description\" content=\"En Villa Mar\u00eda de R\u00edo Seco, una antigua casona de adobe en la calle Rivadavia da cuenta de siglos de historia. Se ubica sobre el curso ancestral del camino de los Sanavirones y el camino usado por la expedici\u00f3n de Jer\u00f3nimo Luis de Cabrera rumbo a la fundaci\u00f3n de C\u00f3rdoba, m\u00e1s tarde llamado Camino Real [&hellip;]\" \/>\n<meta property=\"og:url\" content=\"https:\/\/modoviajeok.com.ar\/index.php\/2025\/10\/28\/signos-en-la-piel-del-adobe-relato-de-una-fachada-ancestral\/\" \/>\n<meta property=\"article:publisher\" content=\"https:\/\/www.facebook.com\/mariana.otero1\/\" \/>\n<meta property=\"article:published_time\" content=\"2025-10-28T12:00:03+00:00\" \/>\n<meta property=\"og:image\" content=\"https:\/\/modoviajeok.com.ar\/wp-content\/uploads\/2025\/10\/20251011_112243-scaled.jpg\" \/>\n\t<meta property=\"og:image:width\" content=\"1152\" \/>\n\t<meta property=\"og:image:height\" content=\"2560\" \/>\n\t<meta property=\"og:image:type\" content=\"image\/jpeg\" \/>\n<meta name=\"author\" content=\"Pepe Segura\" \/>\n<meta name=\"twitter:card\" content=\"summary_large_image\" \/>\n<meta name=\"twitter:label1\" content=\"Escrito por\" \/>\n\t<meta name=\"twitter:data1\" content=\"Pepe Segura\" \/>\n\t<meta name=\"twitter:label2\" content=\"Tiempo de lectura\" \/>\n\t<meta name=\"twitter:data2\" content=\"3 minutos\" \/>\n<script type=\"application\/ld+json\" class=\"yoast-schema-graph\">{\"@context\":\"https:\/\/schema.org\",\"@graph\":[{\"@type\":\"Article\",\"@id\":\"https:\/\/modoviajeok.com.ar\/index.php\/2025\/10\/28\/signos-en-la-piel-del-adobe-relato-de-una-fachada-ancestral\/#article\",\"isPartOf\":{\"@id\":\"https:\/\/modoviajeok.com.ar\/index.php\/2025\/10\/28\/signos-en-la-piel-del-adobe-relato-de-una-fachada-ancestral\/\"},\"author\":{\"name\":\"Pepe Segura\",\"@id\":\"https:\/\/modoviajeok.com.ar\/#\/schema\/person\/2e299ed0d3d412a01d244fe28260d7f5\"},\"headline\":\"Signos en la piel del adobe: relato de una fachada ancestral\",\"datePublished\":\"2025-10-28T12:00:03+00:00\",\"mainEntityOfPage\":{\"@id\":\"https:\/\/modoviajeok.com.ar\/index.php\/2025\/10\/28\/signos-en-la-piel-del-adobe-relato-de-una-fachada-ancestral\/\"},\"wordCount\":486,\"commentCount\":0,\"publisher\":{\"@id\":\"https:\/\/modoviajeok.com.ar\/#organization\"},\"image\":{\"@id\":\"https:\/\/modoviajeok.com.ar\/index.php\/2025\/10\/28\/signos-en-la-piel-del-adobe-relato-de-una-fachada-ancestral\/#primaryimage\"},\"thumbnailUrl\":\"https:\/\/modoviajeok.com.ar\/wp-content\/uploads\/2025\/10\/20251011_112243-scaled.jpg\",\"keywords\":[\"sanavirones\",\"villa de mar\u00eda de rio seco\"],\"articleSection\":[\"C\u00f3rdoba\",\"Novedades\"],\"inLanguage\":\"es\",\"potentialAction\":[{\"@type\":\"CommentAction\",\"name\":\"Comment\",\"target\":[\"https:\/\/modoviajeok.com.ar\/index.php\/2025\/10\/28\/signos-en-la-piel-del-adobe-relato-de-una-fachada-ancestral\/#respond\"]}]},{\"@type\":\"WebPage\",\"@id\":\"https:\/\/modoviajeok.com.ar\/index.php\/2025\/10\/28\/signos-en-la-piel-del-adobe-relato-de-una-fachada-ancestral\/\",\"url\":\"https:\/\/modoviajeok.com.ar\/index.php\/2025\/10\/28\/signos-en-la-piel-del-adobe-relato-de-una-fachada-ancestral\/\",\"name\":\"Signos en la piel del adobe: relato de una fachada ancestral -\",\"isPartOf\":{\"@id\":\"https:\/\/modoviajeok.com.ar\/#website\"},\"primaryImageOfPage\":{\"@id\":\"https:\/\/modoviajeok.com.ar\/index.php\/2025\/10\/28\/signos-en-la-piel-del-adobe-relato-de-una-fachada-ancestral\/#primaryimage\"},\"image\":{\"@id\":\"https:\/\/modoviajeok.com.ar\/index.php\/2025\/10\/28\/signos-en-la-piel-del-adobe-relato-de-una-fachada-ancestral\/#primaryimage\"},\"thumbnailUrl\":\"https:\/\/modoviajeok.com.ar\/wp-content\/uploads\/2025\/10\/20251011_112243-scaled.jpg\",\"datePublished\":\"2025-10-28T12:00:03+00:00\",\"breadcrumb\":{\"@id\":\"https:\/\/modoviajeok.com.ar\/index.php\/2025\/10\/28\/signos-en-la-piel-del-adobe-relato-de-una-fachada-ancestral\/#breadcrumb\"},\"inLanguage\":\"es\",\"potentialAction\":[{\"@type\":\"ReadAction\",\"target\":[\"https:\/\/modoviajeok.com.ar\/index.php\/2025\/10\/28\/signos-en-la-piel-del-adobe-relato-de-una-fachada-ancestral\/\"]}]},{\"@type\":\"ImageObject\",\"inLanguage\":\"es\",\"@id\":\"https:\/\/modoviajeok.com.ar\/index.php\/2025\/10\/28\/signos-en-la-piel-del-adobe-relato-de-una-fachada-ancestral\/#primaryimage\",\"url\":\"https:\/\/modoviajeok.com.ar\/wp-content\/uploads\/2025\/10\/20251011_112243-scaled.jpg\",\"contentUrl\":\"https:\/\/modoviajeok.com.ar\/wp-content\/uploads\/2025\/10\/20251011_112243-scaled.jpg\",\"width\":1152,\"height\":2560},{\"@type\":\"BreadcrumbList\",\"@id\":\"https:\/\/modoviajeok.com.ar\/index.php\/2025\/10\/28\/signos-en-la-piel-del-adobe-relato-de-una-fachada-ancestral\/#breadcrumb\",\"itemListElement\":[{\"@type\":\"ListItem\",\"position\":1,\"name\":\"Portada\",\"item\":\"https:\/\/modoviajeok.com.ar\/\"},{\"@type\":\"ListItem\",\"position\":2,\"name\":\"Signos en la piel del adobe: relato de una fachada ancestral\"}]},{\"@type\":\"WebSite\",\"@id\":\"https:\/\/modoviajeok.com.ar\/#website\",\"url\":\"https:\/\/modoviajeok.com.ar\/\",\"name\":\"ModoViajeOK\",\"description\":\"\",\"publisher\":{\"@id\":\"https:\/\/modoviajeok.com.ar\/#organization\"},\"potentialAction\":[{\"@type\":\"SearchAction\",\"target\":{\"@type\":\"EntryPoint\",\"urlTemplate\":\"https:\/\/modoviajeok.com.ar\/?s={search_term_string}\"},\"query-input\":{\"@type\":\"PropertyValueSpecification\",\"valueRequired\":true,\"valueName\":\"search_term_string\"}}],\"inLanguage\":\"es\"},{\"@type\":\"Organization\",\"@id\":\"https:\/\/modoviajeok.com.ar\/#organization\",\"name\":\"ModoViajeOK\",\"url\":\"https:\/\/modoviajeok.com.ar\/\",\"logo\":{\"@type\":\"ImageObject\",\"inLanguage\":\"es\",\"@id\":\"https:\/\/modoviajeok.com.ar\/#\/schema\/logo\/image\/\",\"url\":\"https:\/\/modoviajeok.com.ar\/wp-content\/uploads\/2025\/01\/Logo-modoviajeok.png\",\"contentUrl\":\"https:\/\/modoviajeok.com.ar\/wp-content\/uploads\/2025\/01\/Logo-modoviajeok.png\",\"width\":2938,\"height\":2276,\"caption\":\"ModoViajeOK\"},\"image\":{\"@id\":\"https:\/\/modoviajeok.com.ar\/#\/schema\/logo\/image\/\"},\"sameAs\":[\"https:\/\/www.facebook.com\/mariana.otero1\/\",\"https:\/\/www.instagram.com\/modoviaje.ok\/\"]},{\"@type\":\"Person\",\"@id\":\"https:\/\/modoviajeok.com.ar\/#\/schema\/person\/2e299ed0d3d412a01d244fe28260d7f5\",\"name\":\"Pepe Segura\",\"image\":{\"@type\":\"ImageObject\",\"inLanguage\":\"es\",\"@id\":\"https:\/\/modoviajeok.com.ar\/#\/schema\/person\/image\/\",\"url\":\"https:\/\/secure.gravatar.com\/avatar\/65eb4b34deed761327f5b2c5535b987318ae807900ac46426de7258f5de6d345?s=96&d=mm&r=g\",\"contentUrl\":\"https:\/\/secure.gravatar.com\/avatar\/65eb4b34deed761327f5b2c5535b987318ae807900ac46426de7258f5de6d345?s=96&d=mm&r=g\",\"caption\":\"Pepe Segura\"},\"url\":\"https:\/\/modoviajeok.com.ar\/index.php\/author\/pepe2025\/\"}]}<\/script>\n<!-- \/ Yoast SEO plugin. -->","yoast_head_json":{"title":"Signos en la piel del adobe: relato de una fachada ancestral -","robots":{"index":"index","follow":"follow","max-snippet":"max-snippet:-1","max-image-preview":"max-image-preview:large","max-video-preview":"max-video-preview:-1"},"canonical":"https:\/\/modoviajeok.com.ar\/index.php\/2025\/10\/28\/signos-en-la-piel-del-adobe-relato-de-una-fachada-ancestral\/","og_locale":"es_ES","og_type":"article","og_title":"Signos en la piel del adobe: relato de una fachada ancestral -","og_description":"En Villa Mar\u00eda de R\u00edo Seco, una antigua casona de adobe en la calle Rivadavia da cuenta de siglos de historia. Se ubica sobre el curso ancestral del camino de los Sanavirones y el camino usado por la expedici\u00f3n de Jer\u00f3nimo Luis de Cabrera rumbo a la fundaci\u00f3n de C\u00f3rdoba, m\u00e1s tarde llamado Camino Real [&hellip;]","og_url":"https:\/\/modoviajeok.com.ar\/index.php\/2025\/10\/28\/signos-en-la-piel-del-adobe-relato-de-una-fachada-ancestral\/","article_publisher":"https:\/\/www.facebook.com\/mariana.otero1\/","article_published_time":"2025-10-28T12:00:03+00:00","og_image":[{"width":1152,"height":2560,"url":"https:\/\/modoviajeok.com.ar\/wp-content\/uploads\/2025\/10\/20251011_112243-scaled.jpg","type":"image\/jpeg"}],"author":"Pepe Segura","twitter_card":"summary_large_image","twitter_misc":{"Escrito por":"Pepe Segura","Tiempo de lectura":"3 minutos"},"schema":{"@context":"https:\/\/schema.org","@graph":[{"@type":"Article","@id":"https:\/\/modoviajeok.com.ar\/index.php\/2025\/10\/28\/signos-en-la-piel-del-adobe-relato-de-una-fachada-ancestral\/#article","isPartOf":{"@id":"https:\/\/modoviajeok.com.ar\/index.php\/2025\/10\/28\/signos-en-la-piel-del-adobe-relato-de-una-fachada-ancestral\/"},"author":{"name":"Pepe Segura","@id":"https:\/\/modoviajeok.com.ar\/#\/schema\/person\/2e299ed0d3d412a01d244fe28260d7f5"},"headline":"Signos en la piel del adobe: relato de una fachada ancestral","datePublished":"2025-10-28T12:00:03+00:00","mainEntityOfPage":{"@id":"https:\/\/modoviajeok.com.ar\/index.php\/2025\/10\/28\/signos-en-la-piel-del-adobe-relato-de-una-fachada-ancestral\/"},"wordCount":486,"commentCount":0,"publisher":{"@id":"https:\/\/modoviajeok.com.ar\/#organization"},"image":{"@id":"https:\/\/modoviajeok.com.ar\/index.php\/2025\/10\/28\/signos-en-la-piel-del-adobe-relato-de-una-fachada-ancestral\/#primaryimage"},"thumbnailUrl":"https:\/\/modoviajeok.com.ar\/wp-content\/uploads\/2025\/10\/20251011_112243-scaled.jpg","keywords":["sanavirones","villa de mar\u00eda de rio seco"],"articleSection":["C\u00f3rdoba","Novedades"],"inLanguage":"es","potentialAction":[{"@type":"CommentAction","name":"Comment","target":["https:\/\/modoviajeok.com.ar\/index.php\/2025\/10\/28\/signos-en-la-piel-del-adobe-relato-de-una-fachada-ancestral\/#respond"]}]},{"@type":"WebPage","@id":"https:\/\/modoviajeok.com.ar\/index.php\/2025\/10\/28\/signos-en-la-piel-del-adobe-relato-de-una-fachada-ancestral\/","url":"https:\/\/modoviajeok.com.ar\/index.php\/2025\/10\/28\/signos-en-la-piel-del-adobe-relato-de-una-fachada-ancestral\/","name":"Signos en la piel del adobe: relato de una fachada ancestral -","isPartOf":{"@id":"https:\/\/modoviajeok.com.ar\/#website"},"primaryImageOfPage":{"@id":"https:\/\/modoviajeok.com.ar\/index.php\/2025\/10\/28\/signos-en-la-piel-del-adobe-relato-de-una-fachada-ancestral\/#primaryimage"},"image":{"@id":"https:\/\/modoviajeok.com.ar\/index.php\/2025\/10\/28\/signos-en-la-piel-del-adobe-relato-de-una-fachada-ancestral\/#primaryimage"},"thumbnailUrl":"https:\/\/modoviajeok.com.ar\/wp-content\/uploads\/2025\/10\/20251011_112243-scaled.jpg","datePublished":"2025-10-28T12:00:03+00:00","breadcrumb":{"@id":"https:\/\/modoviajeok.com.ar\/index.php\/2025\/10\/28\/signos-en-la-piel-del-adobe-relato-de-una-fachada-ancestral\/#breadcrumb"},"inLanguage":"es","potentialAction":[{"@type":"ReadAction","target":["https:\/\/modoviajeok.com.ar\/index.php\/2025\/10\/28\/signos-en-la-piel-del-adobe-relato-de-una-fachada-ancestral\/"]}]},{"@type":"ImageObject","inLanguage":"es","@id":"https:\/\/modoviajeok.com.ar\/index.php\/2025\/10\/28\/signos-en-la-piel-del-adobe-relato-de-una-fachada-ancestral\/#primaryimage","url":"https:\/\/modoviajeok.com.ar\/wp-content\/uploads\/2025\/10\/20251011_112243-scaled.jpg","contentUrl":"https:\/\/modoviajeok.com.ar\/wp-content\/uploads\/2025\/10\/20251011_112243-scaled.jpg","width":1152,"height":2560},{"@type":"BreadcrumbList","@id":"https:\/\/modoviajeok.com.ar\/index.php\/2025\/10\/28\/signos-en-la-piel-del-adobe-relato-de-una-fachada-ancestral\/#breadcrumb","itemListElement":[{"@type":"ListItem","position":1,"name":"Portada","item":"https:\/\/modoviajeok.com.ar\/"},{"@type":"ListItem","position":2,"name":"Signos en la piel del adobe: relato de una fachada ancestral"}]},{"@type":"WebSite","@id":"https:\/\/modoviajeok.com.ar\/#website","url":"https:\/\/modoviajeok.com.ar\/","name":"ModoViajeOK","description":"","publisher":{"@id":"https:\/\/modoviajeok.com.ar\/#organization"},"potentialAction":[{"@type":"SearchAction","target":{"@type":"EntryPoint","urlTemplate":"https:\/\/modoviajeok.com.ar\/?s={search_term_string}"},"query-input":{"@type":"PropertyValueSpecification","valueRequired":true,"valueName":"search_term_string"}}],"inLanguage":"es"},{"@type":"Organization","@id":"https:\/\/modoviajeok.com.ar\/#organization","name":"ModoViajeOK","url":"https:\/\/modoviajeok.com.ar\/","logo":{"@type":"ImageObject","inLanguage":"es","@id":"https:\/\/modoviajeok.com.ar\/#\/schema\/logo\/image\/","url":"https:\/\/modoviajeok.com.ar\/wp-content\/uploads\/2025\/01\/Logo-modoviajeok.png","contentUrl":"https:\/\/modoviajeok.com.ar\/wp-content\/uploads\/2025\/01\/Logo-modoviajeok.png","width":2938,"height":2276,"caption":"ModoViajeOK"},"image":{"@id":"https:\/\/modoviajeok.com.ar\/#\/schema\/logo\/image\/"},"sameAs":["https:\/\/www.facebook.com\/mariana.otero1\/","https:\/\/www.instagram.com\/modoviaje.ok\/"]},{"@type":"Person","@id":"https:\/\/modoviajeok.com.ar\/#\/schema\/person\/2e299ed0d3d412a01d244fe28260d7f5","name":"Pepe Segura","image":{"@type":"ImageObject","inLanguage":"es","@id":"https:\/\/modoviajeok.com.ar\/#\/schema\/person\/image\/","url":"https:\/\/secure.gravatar.com\/avatar\/65eb4b34deed761327f5b2c5535b987318ae807900ac46426de7258f5de6d345?s=96&d=mm&r=g","contentUrl":"https:\/\/secure.gravatar.com\/avatar\/65eb4b34deed761327f5b2c5535b987318ae807900ac46426de7258f5de6d345?s=96&d=mm&r=g","caption":"Pepe Segura"},"url":"https:\/\/modoviajeok.com.ar\/index.php\/author\/pepe2025\/"}]}},"_links":{"self":[{"href":"https:\/\/modoviajeok.com.ar\/index.php\/wp-json\/wp\/v2\/posts\/5958","targetHints":{"allow":["GET"]}}],"collection":[{"href":"https:\/\/modoviajeok.com.ar\/index.php\/wp-json\/wp\/v2\/posts"}],"about":[{"href":"https:\/\/modoviajeok.com.ar\/index.php\/wp-json\/wp\/v2\/types\/post"}],"author":[{"embeddable":true,"href":"https:\/\/modoviajeok.com.ar\/index.php\/wp-json\/wp\/v2\/users\/3"}],"replies":[{"embeddable":true,"href":"https:\/\/modoviajeok.com.ar\/index.php\/wp-json\/wp\/v2\/comments?post=5958"}],"version-history":[{"count":3,"href":"https:\/\/modoviajeok.com.ar\/index.php\/wp-json\/wp\/v2\/posts\/5958\/revisions"}],"predecessor-version":[{"id":5983,"href":"https:\/\/modoviajeok.com.ar\/index.php\/wp-json\/wp\/v2\/posts\/5958\/revisions\/5983"}],"wp:featuredmedia":[{"embeddable":true,"href":"https:\/\/modoviajeok.com.ar\/index.php\/wp-json\/wp\/v2\/media\/5970"}],"wp:attachment":[{"href":"https:\/\/modoviajeok.com.ar\/index.php\/wp-json\/wp\/v2\/media?parent=5958"}],"wp:term":[{"taxonomy":"category","embeddable":true,"href":"https:\/\/modoviajeok.com.ar\/index.php\/wp-json\/wp\/v2\/categories?post=5958"},{"taxonomy":"post_tag","embeddable":true,"href":"https:\/\/modoviajeok.com.ar\/index.php\/wp-json\/wp\/v2\/tags?post=5958"}],"curies":[{"name":"wp","href":"https:\/\/api.w.org\/{rel}","templated":true}]}}