{"id":5965,"date":"2025-10-21T09:00:00","date_gmt":"2025-10-21T12:00:00","guid":{"rendered":"https:\/\/modoviajeok.com.ar\/?p=5965"},"modified":"2025-10-22T09:06:08","modified_gmt":"2025-10-22T12:06:08","slug":"la-fabrica-de-alfombras-dio-a-conocer-los-ganadores-de-la-convocatoria-diseno-textil-catamarqueno","status":"publish","type":"post","link":"https:\/\/modoviajeok.com.ar\/index.php\/2025\/10\/21\/la-fabrica-de-alfombras-dio-a-conocer-los-ganadores-de-la-convocatoria-diseno-textil-catamarqueno\/","title":{"rendered":"La F\u00e1brica de Alfombras: conoc\u00e9 los ganadores de Dise\u00f1o Textil Catamarque\u00f1o"},"content":{"rendered":"\n<figure class=\"wp-block-pullquote\"><blockquote><p>Se postularon alrededor de 60 creativos y se recibieron 20 dise\u00f1os, provenientes de C\u00f3rdoba, Buenos Aires, Mendoza, Tucum\u00e1n, Misiones, La Rioja y Catamarca.<\/p><\/blockquote><\/figure>\n\n\n\n<p>La F\u00e1brica de Alfombras de Catamarca, dependiente de la Direcci\u00f3n Provincial de Artesan\u00edas del Ministerio de Cultura, Turismo y Deporte, llev\u00f3 a cabo la selecci\u00f3n de los dise\u00f1os ganadores de la primera convocatoria nacional de \u201cDise\u00f1o Textil Catamarque\u00f1o\u201d, iniciativa destinada a enriquecer el arte textil provincial y ampliar los dise\u00f1os de alfombras y tapices que se producen en esta reconocida instituci\u00f3n.<\/p>\n\n\n\n<p>El jurado determin\u00f3 los siguientes proyectos ganadores<\/p>\n\n\n\n<p>1.&nbsp;\u201cColores de monta\u00f1a\u201d, de Iara Fern\u00e1ndez (Tucum\u00e1n)<\/p>\n\n\n\n<p>2.&nbsp;\u201cEstampilla de la Virgen\u201d, de Evelina Garc\u00eda Merlo (Tucum\u00e1n)<\/p>\n\n\n\n<p>3.&nbsp;&nbsp;Tapiz de concepto floral, de Flora G\u00f3mez (La Rioja)<\/p>\n\n\n\n<p>4.&nbsp;\u201cFondo negro\u201d de Sof\u00eda Protsch (Capital Federal)<\/p>\n\n\n\n<p>5.&nbsp;\u201cGrises\u201d de Mar\u00eda In\u00e9s Vera Barros (Catamarca)<\/p>\n\n\n\n<p>Cada una de las propuestas seleccionadas se destac\u00f3 por su originalidad, fuerza conceptual y viabilidad de producci\u00f3n, dentro de los par\u00e1metros valorados para la producci\u00f3n de tapices alfombras.<\/p>\n\n\n\n<p>El jurado estuvo conformado por la secretaria de Gesti\u00f3n Cultural, Laura Maubec\u00edn; el director de Artesan\u00edas, Dise\u00f1o y F\u00e1brica de Alfombras, Gonzalo Cancino; Ayel\u00e9n Acosta, gerenta de la F\u00e1brica de Alfombras; el director de Desarrollo Cultural, Luis Castro; Claudia Gal\u00edndez, Jefa del Departamento de la F\u00e1brica y Esteban Cassinotti, dise\u00f1ador industrial.<\/p>\n\n\n\n<p>Durante la evaluaci\u00f3n se consideraron las tramas, los colores y los conceptos de cada dise\u00f1o, siguiendo los criterios de creatividad, originalidad, representatividad de la identidad catamarque\u00f1a, viabilidad t\u00e9cnica, armon\u00eda crom\u00e1tica e innovaci\u00f3n en el dise\u00f1o textil. Tras un proceso de selecci\u00f3n minucioso, fueron elegidos los cinco dise\u00f1os ganadores que pr\u00f3ximamente ser\u00e1n producidos por la f\u00e1brica, algunos como alfombras y otros como tapices, y que adem\u00e1s formar\u00e1n parte del cat\u00e1logo p\u00fablico de la instituci\u00f3n. De este modo, los nombres de los dise\u00f1adores quedar\u00e1n registrados en las etiquetas de los productos que se realicen a partir de sus dise\u00f1os.<\/p>\n\n\n\n<p>Se postularon alrededor de 60 creativos y se recibieron finalmente 20 dise\u00f1os, provenientes de C\u00f3rdoba, Buenos Aires, Mendoza, Tucum\u00e1n, Misiones, La Rioja y Catamarca, reflejando la diversidad y el alcance de la convocatoria.<\/p>\n\n\n\n<p>La&nbsp;F\u00e1brica&nbsp;de&nbsp;Alfombras&nbsp;de Catamarca es una instituci\u00f3n pionera y reconocida nacional e internacionalmente por su trayectoria y por preservar, sostener y optimizar la t\u00e9cnica de tejido con nudo smirna, que se elabora nudo por nudo sobre una urdimbre de hilo de algod\u00f3n. Originalmente fundada en 1954 por un inmigrante iran\u00ed en Andalgal\u00e1, la&nbsp;F\u00e1brica&nbsp;pas\u00f3 a los pocos a\u00f1os a manos del Estado Provincial y se traslad\u00f3 a la capital provincial. Desde entonces ha sido un destacado patrimonio cultural y un relevante atractivo tur\u00edstico.<\/p>\n\n\n\n<p>Actualmente funciona en el Predio Ferial Catamarca y depende de la Direcci\u00f3n de Artesan\u00edas de la Provincia. La&nbsp;f\u00e1brica&nbsp;comercializa sus producciones, con un stock y dise\u00f1os propios y a partir de pedidos personalizados de los clientes.<\/p>\n\n\n      <div class=\"wp_bannerize_container wp_bannerize_layout_vertical\">\n\n        <div class=\"wp_bannerize_banner_box wp_bannerize_category_intertexto-1\" data-title=\"Modo viaje\" data-mime_type=\"image-gif\" data-banner_id=\"1783\" id=\"wpbanner-1783\" data-impressions_enabled=\"true\" data-clicks_enabled=\"true\"><a href=\"https:\/\/www.instagram.com\/modoviaje.ok?igsh=Z3c5emxsZWFtdXN3\"><img decoding=\"async\" border=\"0\" src=\"https:\/\/modoviajeok.com.ar\/wp-content\/uploads\/2025\/02\/modoviaje.ok-300-x-250-px.gif\" alt=\"Modo viaje\" title=\"Modo viaje\" \/><\/a><\/div>      <\/div>\n\n\n","protected":false},"excerpt":{"rendered":"<p>Se postularon alrededor de 60 creativos y se recibieron 20 dise\u00f1os, provenientes de C\u00f3rdoba, Buenos Aires, Mendoza, Tucum\u00e1n, Misiones, La Rioja y Catamarca. La F\u00e1brica de Alfombras de Catamarca, dependiente de la Direcci\u00f3n Provincial de Artesan\u00edas del Ministerio de Cultura, Turismo y Deporte, llev\u00f3 a cabo la selecci\u00f3n de los dise\u00f1os ganadores de la primera [&hellip;]<\/p>\n","protected":false},"author":3,"featured_media":5966,"comment_status":"open","ping_status":"open","sticky":false,"template":"","format":"standard","meta":{"_acf_changed":false,"footnotes":""},"categories":[13,10],"tags":[30,1315],"class_list":{"0":"post-5965","1":"post","2":"type-post","3":"status-publish","4":"format-standard","5":"has-post-thumbnail","7":"category-argentina","8":"category-noticias","9":"tag-catamarca","10":"tag-fabrica-de-alfombras"},"acf":[],"yoast_head":"<!-- This site is optimized with the Yoast SEO plugin v24.8.1 - https:\/\/yoast.com\/wordpress\/plugins\/seo\/ -->\n<title>La F\u00e1brica de Alfombras: conoc\u00e9 los ganadores de Dise\u00f1o Textil Catamarque\u00f1o -<\/title>\n<meta name=\"robots\" content=\"index, follow, max-snippet:-1, max-image-preview:large, max-video-preview:-1\" \/>\n<link rel=\"canonical\" href=\"https:\/\/modoviajeok.com.ar\/index.php\/2025\/10\/21\/la-fabrica-de-alfombras-dio-a-conocer-los-ganadores-de-la-convocatoria-diseno-textil-catamarqueno\/\" \/>\n<meta property=\"og:locale\" content=\"es_ES\" \/>\n<meta property=\"og:type\" content=\"article\" \/>\n<meta property=\"og:title\" content=\"La F\u00e1brica de Alfombras: conoc\u00e9 los ganadores de Dise\u00f1o Textil Catamarque\u00f1o -\" \/>\n<meta property=\"og:description\" content=\"Se postularon alrededor de 60 creativos y se recibieron 20 dise\u00f1os, provenientes de C\u00f3rdoba, Buenos Aires, Mendoza, Tucum\u00e1n, Misiones, La Rioja y Catamarca. La F\u00e1brica de Alfombras de Catamarca, dependiente de la Direcci\u00f3n Provincial de Artesan\u00edas del Ministerio de Cultura, Turismo y Deporte, llev\u00f3 a cabo la selecci\u00f3n de los dise\u00f1os ganadores de la primera [&hellip;]\" \/>\n<meta property=\"og:url\" content=\"https:\/\/modoviajeok.com.ar\/index.php\/2025\/10\/21\/la-fabrica-de-alfombras-dio-a-conocer-los-ganadores-de-la-convocatoria-diseno-textil-catamarqueno\/\" \/>\n<meta property=\"article:publisher\" content=\"https:\/\/www.facebook.com\/mariana.otero1\/\" \/>\n<meta property=\"article:published_time\" content=\"2025-10-21T12:00:00+00:00\" \/>\n<meta property=\"article:modified_time\" content=\"2025-10-22T12:06:08+00:00\" \/>\n<meta property=\"og:image\" content=\"https:\/\/modoviajeok.com.ar\/wp-content\/uploads\/2025\/10\/Seleccion-Diseno-Textil-Catamarqueno-1_compr-1-scaled.jpg\" \/>\n\t<meta property=\"og:image:width\" content=\"2560\" \/>\n\t<meta property=\"og:image:height\" content=\"1706\" \/>\n\t<meta property=\"og:image:type\" content=\"image\/jpeg\" \/>\n<meta name=\"author\" content=\"Pepe Segura\" \/>\n<meta name=\"twitter:card\" content=\"summary_large_image\" \/>\n<meta name=\"twitter:label1\" content=\"Escrito por\" \/>\n\t<meta name=\"twitter:data1\" content=\"Pepe Segura\" \/>\n\t<meta name=\"twitter:label2\" content=\"Tiempo de lectura\" \/>\n\t<meta name=\"twitter:data2\" content=\"3 minutos\" \/>\n<script type=\"application\/ld+json\" class=\"yoast-schema-graph\">{\"@context\":\"https:\/\/schema.org\",\"@graph\":[{\"@type\":\"Article\",\"@id\":\"https:\/\/modoviajeok.com.ar\/index.php\/2025\/10\/21\/la-fabrica-de-alfombras-dio-a-conocer-los-ganadores-de-la-convocatoria-diseno-textil-catamarqueno\/#article\",\"isPartOf\":{\"@id\":\"https:\/\/modoviajeok.com.ar\/index.php\/2025\/10\/21\/la-fabrica-de-alfombras-dio-a-conocer-los-ganadores-de-la-convocatoria-diseno-textil-catamarqueno\/\"},\"author\":{\"name\":\"Pepe Segura\",\"@id\":\"https:\/\/modoviajeok.com.ar\/#\/schema\/person\/2e299ed0d3d412a01d244fe28260d7f5\"},\"headline\":\"La F\u00e1brica de Alfombras: conoc\u00e9 los ganadores de Dise\u00f1o Textil Catamarque\u00f1o\",\"datePublished\":\"2025-10-21T12:00:00+00:00\",\"dateModified\":\"2025-10-22T12:06:08+00:00\",\"mainEntityOfPage\":{\"@id\":\"https:\/\/modoviajeok.com.ar\/index.php\/2025\/10\/21\/la-fabrica-de-alfombras-dio-a-conocer-los-ganadores-de-la-convocatoria-diseno-textil-catamarqueno\/\"},\"wordCount\":561,\"commentCount\":0,\"publisher\":{\"@id\":\"https:\/\/modoviajeok.com.ar\/#organization\"},\"image\":{\"@id\":\"https:\/\/modoviajeok.com.ar\/index.php\/2025\/10\/21\/la-fabrica-de-alfombras-dio-a-conocer-los-ganadores-de-la-convocatoria-diseno-textil-catamarqueno\/#primaryimage\"},\"thumbnailUrl\":\"https:\/\/modoviajeok.com.ar\/wp-content\/uploads\/2025\/10\/Seleccion-Diseno-Textil-Catamarqueno-1_compr-1-scaled.jpg\",\"keywords\":[\"catamarca\",\"fabrica de alfombras\"],\"articleSection\":[\"Argentina\",\"Noticias\"],\"inLanguage\":\"es\",\"potentialAction\":[{\"@type\":\"CommentAction\",\"name\":\"Comment\",\"target\":[\"https:\/\/modoviajeok.com.ar\/index.php\/2025\/10\/21\/la-fabrica-de-alfombras-dio-a-conocer-los-ganadores-de-la-convocatoria-diseno-textil-catamarqueno\/#respond\"]}]},{\"@type\":\"WebPage\",\"@id\":\"https:\/\/modoviajeok.com.ar\/index.php\/2025\/10\/21\/la-fabrica-de-alfombras-dio-a-conocer-los-ganadores-de-la-convocatoria-diseno-textil-catamarqueno\/\",\"url\":\"https:\/\/modoviajeok.com.ar\/index.php\/2025\/10\/21\/la-fabrica-de-alfombras-dio-a-conocer-los-ganadores-de-la-convocatoria-diseno-textil-catamarqueno\/\",\"name\":\"La F\u00e1brica de Alfombras: conoc\u00e9 los ganadores de Dise\u00f1o Textil Catamarque\u00f1o -\",\"isPartOf\":{\"@id\":\"https:\/\/modoviajeok.com.ar\/#website\"},\"primaryImageOfPage\":{\"@id\":\"https:\/\/modoviajeok.com.ar\/index.php\/2025\/10\/21\/la-fabrica-de-alfombras-dio-a-conocer-los-ganadores-de-la-convocatoria-diseno-textil-catamarqueno\/#primaryimage\"},\"image\":{\"@id\":\"https:\/\/modoviajeok.com.ar\/index.php\/2025\/10\/21\/la-fabrica-de-alfombras-dio-a-conocer-los-ganadores-de-la-convocatoria-diseno-textil-catamarqueno\/#primaryimage\"},\"thumbnailUrl\":\"https:\/\/modoviajeok.com.ar\/wp-content\/uploads\/2025\/10\/Seleccion-Diseno-Textil-Catamarqueno-1_compr-1-scaled.jpg\",\"datePublished\":\"2025-10-21T12:00:00+00:00\",\"dateModified\":\"2025-10-22T12:06:08+00:00\",\"breadcrumb\":{\"@id\":\"https:\/\/modoviajeok.com.ar\/index.php\/2025\/10\/21\/la-fabrica-de-alfombras-dio-a-conocer-los-ganadores-de-la-convocatoria-diseno-textil-catamarqueno\/#breadcrumb\"},\"inLanguage\":\"es\",\"potentialAction\":[{\"@type\":\"ReadAction\",\"target\":[\"https:\/\/modoviajeok.com.ar\/index.php\/2025\/10\/21\/la-fabrica-de-alfombras-dio-a-conocer-los-ganadores-de-la-convocatoria-diseno-textil-catamarqueno\/\"]}]},{\"@type\":\"ImageObject\",\"inLanguage\":\"es\",\"@id\":\"https:\/\/modoviajeok.com.ar\/index.php\/2025\/10\/21\/la-fabrica-de-alfombras-dio-a-conocer-los-ganadores-de-la-convocatoria-diseno-textil-catamarqueno\/#primaryimage\",\"url\":\"https:\/\/modoviajeok.com.ar\/wp-content\/uploads\/2025\/10\/Seleccion-Diseno-Textil-Catamarqueno-1_compr-1-scaled.jpg\",\"contentUrl\":\"https:\/\/modoviajeok.com.ar\/wp-content\/uploads\/2025\/10\/Seleccion-Diseno-Textil-Catamarqueno-1_compr-1-scaled.jpg\",\"width\":2560,\"height\":1706},{\"@type\":\"BreadcrumbList\",\"@id\":\"https:\/\/modoviajeok.com.ar\/index.php\/2025\/10\/21\/la-fabrica-de-alfombras-dio-a-conocer-los-ganadores-de-la-convocatoria-diseno-textil-catamarqueno\/#breadcrumb\",\"itemListElement\":[{\"@type\":\"ListItem\",\"position\":1,\"name\":\"Portada\",\"item\":\"https:\/\/modoviajeok.com.ar\/\"},{\"@type\":\"ListItem\",\"position\":2,\"name\":\"La F\u00e1brica de Alfombras: conoc\u00e9 los ganadores de Dise\u00f1o Textil Catamarque\u00f1o\"}]},{\"@type\":\"WebSite\",\"@id\":\"https:\/\/modoviajeok.com.ar\/#website\",\"url\":\"https:\/\/modoviajeok.com.ar\/\",\"name\":\"ModoViajeOK\",\"description\":\"\",\"publisher\":{\"@id\":\"https:\/\/modoviajeok.com.ar\/#organization\"},\"potentialAction\":[{\"@type\":\"SearchAction\",\"target\":{\"@type\":\"EntryPoint\",\"urlTemplate\":\"https:\/\/modoviajeok.com.ar\/?s={search_term_string}\"},\"query-input\":{\"@type\":\"PropertyValueSpecification\",\"valueRequired\":true,\"valueName\":\"search_term_string\"}}],\"inLanguage\":\"es\"},{\"@type\":\"Organization\",\"@id\":\"https:\/\/modoviajeok.com.ar\/#organization\",\"name\":\"ModoViajeOK\",\"url\":\"https:\/\/modoviajeok.com.ar\/\",\"logo\":{\"@type\":\"ImageObject\",\"inLanguage\":\"es\",\"@id\":\"https:\/\/modoviajeok.com.ar\/#\/schema\/logo\/image\/\",\"url\":\"https:\/\/modoviajeok.com.ar\/wp-content\/uploads\/2025\/01\/Logo-modoviajeok.png\",\"contentUrl\":\"https:\/\/modoviajeok.com.ar\/wp-content\/uploads\/2025\/01\/Logo-modoviajeok.png\",\"width\":2938,\"height\":2276,\"caption\":\"ModoViajeOK\"},\"image\":{\"@id\":\"https:\/\/modoviajeok.com.ar\/#\/schema\/logo\/image\/\"},\"sameAs\":[\"https:\/\/www.facebook.com\/mariana.otero1\/\",\"https:\/\/www.instagram.com\/modoviaje.ok\/\"]},{\"@type\":\"Person\",\"@id\":\"https:\/\/modoviajeok.com.ar\/#\/schema\/person\/2e299ed0d3d412a01d244fe28260d7f5\",\"name\":\"Pepe Segura\",\"image\":{\"@type\":\"ImageObject\",\"inLanguage\":\"es\",\"@id\":\"https:\/\/modoviajeok.com.ar\/#\/schema\/person\/image\/\",\"url\":\"https:\/\/secure.gravatar.com\/avatar\/65eb4b34deed761327f5b2c5535b987318ae807900ac46426de7258f5de6d345?s=96&d=mm&r=g\",\"contentUrl\":\"https:\/\/secure.gravatar.com\/avatar\/65eb4b34deed761327f5b2c5535b987318ae807900ac46426de7258f5de6d345?s=96&d=mm&r=g\",\"caption\":\"Pepe Segura\"},\"url\":\"https:\/\/modoviajeok.com.ar\/index.php\/author\/pepe2025\/\"}]}<\/script>\n<!-- \/ Yoast SEO plugin. -->","yoast_head_json":{"title":"La F\u00e1brica de Alfombras: conoc\u00e9 los ganadores de Dise\u00f1o Textil Catamarque\u00f1o -","robots":{"index":"index","follow":"follow","max-snippet":"max-snippet:-1","max-image-preview":"max-image-preview:large","max-video-preview":"max-video-preview:-1"},"canonical":"https:\/\/modoviajeok.com.ar\/index.php\/2025\/10\/21\/la-fabrica-de-alfombras-dio-a-conocer-los-ganadores-de-la-convocatoria-diseno-textil-catamarqueno\/","og_locale":"es_ES","og_type":"article","og_title":"La F\u00e1brica de Alfombras: conoc\u00e9 los ganadores de Dise\u00f1o Textil Catamarque\u00f1o -","og_description":"Se postularon alrededor de 60 creativos y se recibieron 20 dise\u00f1os, provenientes de C\u00f3rdoba, Buenos Aires, Mendoza, Tucum\u00e1n, Misiones, La Rioja y Catamarca. La F\u00e1brica de Alfombras de Catamarca, dependiente de la Direcci\u00f3n Provincial de Artesan\u00edas del Ministerio de Cultura, Turismo y Deporte, llev\u00f3 a cabo la selecci\u00f3n de los dise\u00f1os ganadores de la primera [&hellip;]","og_url":"https:\/\/modoviajeok.com.ar\/index.php\/2025\/10\/21\/la-fabrica-de-alfombras-dio-a-conocer-los-ganadores-de-la-convocatoria-diseno-textil-catamarqueno\/","article_publisher":"https:\/\/www.facebook.com\/mariana.otero1\/","article_published_time":"2025-10-21T12:00:00+00:00","article_modified_time":"2025-10-22T12:06:08+00:00","og_image":[{"width":2560,"height":1706,"url":"https:\/\/modoviajeok.com.ar\/wp-content\/uploads\/2025\/10\/Seleccion-Diseno-Textil-Catamarqueno-1_compr-1-scaled.jpg","type":"image\/jpeg"}],"author":"Pepe Segura","twitter_card":"summary_large_image","twitter_misc":{"Escrito por":"Pepe Segura","Tiempo de lectura":"3 minutos"},"schema":{"@context":"https:\/\/schema.org","@graph":[{"@type":"Article","@id":"https:\/\/modoviajeok.com.ar\/index.php\/2025\/10\/21\/la-fabrica-de-alfombras-dio-a-conocer-los-ganadores-de-la-convocatoria-diseno-textil-catamarqueno\/#article","isPartOf":{"@id":"https:\/\/modoviajeok.com.ar\/index.php\/2025\/10\/21\/la-fabrica-de-alfombras-dio-a-conocer-los-ganadores-de-la-convocatoria-diseno-textil-catamarqueno\/"},"author":{"name":"Pepe Segura","@id":"https:\/\/modoviajeok.com.ar\/#\/schema\/person\/2e299ed0d3d412a01d244fe28260d7f5"},"headline":"La F\u00e1brica de Alfombras: conoc\u00e9 los ganadores de Dise\u00f1o Textil Catamarque\u00f1o","datePublished":"2025-10-21T12:00:00+00:00","dateModified":"2025-10-22T12:06:08+00:00","mainEntityOfPage":{"@id":"https:\/\/modoviajeok.com.ar\/index.php\/2025\/10\/21\/la-fabrica-de-alfombras-dio-a-conocer-los-ganadores-de-la-convocatoria-diseno-textil-catamarqueno\/"},"wordCount":561,"commentCount":0,"publisher":{"@id":"https:\/\/modoviajeok.com.ar\/#organization"},"image":{"@id":"https:\/\/modoviajeok.com.ar\/index.php\/2025\/10\/21\/la-fabrica-de-alfombras-dio-a-conocer-los-ganadores-de-la-convocatoria-diseno-textil-catamarqueno\/#primaryimage"},"thumbnailUrl":"https:\/\/modoviajeok.com.ar\/wp-content\/uploads\/2025\/10\/Seleccion-Diseno-Textil-Catamarqueno-1_compr-1-scaled.jpg","keywords":["catamarca","fabrica de alfombras"],"articleSection":["Argentina","Noticias"],"inLanguage":"es","potentialAction":[{"@type":"CommentAction","name":"Comment","target":["https:\/\/modoviajeok.com.ar\/index.php\/2025\/10\/21\/la-fabrica-de-alfombras-dio-a-conocer-los-ganadores-de-la-convocatoria-diseno-textil-catamarqueno\/#respond"]}]},{"@type":"WebPage","@id":"https:\/\/modoviajeok.com.ar\/index.php\/2025\/10\/21\/la-fabrica-de-alfombras-dio-a-conocer-los-ganadores-de-la-convocatoria-diseno-textil-catamarqueno\/","url":"https:\/\/modoviajeok.com.ar\/index.php\/2025\/10\/21\/la-fabrica-de-alfombras-dio-a-conocer-los-ganadores-de-la-convocatoria-diseno-textil-catamarqueno\/","name":"La F\u00e1brica de Alfombras: conoc\u00e9 los ganadores de Dise\u00f1o Textil Catamarque\u00f1o -","isPartOf":{"@id":"https:\/\/modoviajeok.com.ar\/#website"},"primaryImageOfPage":{"@id":"https:\/\/modoviajeok.com.ar\/index.php\/2025\/10\/21\/la-fabrica-de-alfombras-dio-a-conocer-los-ganadores-de-la-convocatoria-diseno-textil-catamarqueno\/#primaryimage"},"image":{"@id":"https:\/\/modoviajeok.com.ar\/index.php\/2025\/10\/21\/la-fabrica-de-alfombras-dio-a-conocer-los-ganadores-de-la-convocatoria-diseno-textil-catamarqueno\/#primaryimage"},"thumbnailUrl":"https:\/\/modoviajeok.com.ar\/wp-content\/uploads\/2025\/10\/Seleccion-Diseno-Textil-Catamarqueno-1_compr-1-scaled.jpg","datePublished":"2025-10-21T12:00:00+00:00","dateModified":"2025-10-22T12:06:08+00:00","breadcrumb":{"@id":"https:\/\/modoviajeok.com.ar\/index.php\/2025\/10\/21\/la-fabrica-de-alfombras-dio-a-conocer-los-ganadores-de-la-convocatoria-diseno-textil-catamarqueno\/#breadcrumb"},"inLanguage":"es","potentialAction":[{"@type":"ReadAction","target":["https:\/\/modoviajeok.com.ar\/index.php\/2025\/10\/21\/la-fabrica-de-alfombras-dio-a-conocer-los-ganadores-de-la-convocatoria-diseno-textil-catamarqueno\/"]}]},{"@type":"ImageObject","inLanguage":"es","@id":"https:\/\/modoviajeok.com.ar\/index.php\/2025\/10\/21\/la-fabrica-de-alfombras-dio-a-conocer-los-ganadores-de-la-convocatoria-diseno-textil-catamarqueno\/#primaryimage","url":"https:\/\/modoviajeok.com.ar\/wp-content\/uploads\/2025\/10\/Seleccion-Diseno-Textil-Catamarqueno-1_compr-1-scaled.jpg","contentUrl":"https:\/\/modoviajeok.com.ar\/wp-content\/uploads\/2025\/10\/Seleccion-Diseno-Textil-Catamarqueno-1_compr-1-scaled.jpg","width":2560,"height":1706},{"@type":"BreadcrumbList","@id":"https:\/\/modoviajeok.com.ar\/index.php\/2025\/10\/21\/la-fabrica-de-alfombras-dio-a-conocer-los-ganadores-de-la-convocatoria-diseno-textil-catamarqueno\/#breadcrumb","itemListElement":[{"@type":"ListItem","position":1,"name":"Portada","item":"https:\/\/modoviajeok.com.ar\/"},{"@type":"ListItem","position":2,"name":"La F\u00e1brica de Alfombras: conoc\u00e9 los ganadores de Dise\u00f1o Textil Catamarque\u00f1o"}]},{"@type":"WebSite","@id":"https:\/\/modoviajeok.com.ar\/#website","url":"https:\/\/modoviajeok.com.ar\/","name":"ModoViajeOK","description":"","publisher":{"@id":"https:\/\/modoviajeok.com.ar\/#organization"},"potentialAction":[{"@type":"SearchAction","target":{"@type":"EntryPoint","urlTemplate":"https:\/\/modoviajeok.com.ar\/?s={search_term_string}"},"query-input":{"@type":"PropertyValueSpecification","valueRequired":true,"valueName":"search_term_string"}}],"inLanguage":"es"},{"@type":"Organization","@id":"https:\/\/modoviajeok.com.ar\/#organization","name":"ModoViajeOK","url":"https:\/\/modoviajeok.com.ar\/","logo":{"@type":"ImageObject","inLanguage":"es","@id":"https:\/\/modoviajeok.com.ar\/#\/schema\/logo\/image\/","url":"https:\/\/modoviajeok.com.ar\/wp-content\/uploads\/2025\/01\/Logo-modoviajeok.png","contentUrl":"https:\/\/modoviajeok.com.ar\/wp-content\/uploads\/2025\/01\/Logo-modoviajeok.png","width":2938,"height":2276,"caption":"ModoViajeOK"},"image":{"@id":"https:\/\/modoviajeok.com.ar\/#\/schema\/logo\/image\/"},"sameAs":["https:\/\/www.facebook.com\/mariana.otero1\/","https:\/\/www.instagram.com\/modoviaje.ok\/"]},{"@type":"Person","@id":"https:\/\/modoviajeok.com.ar\/#\/schema\/person\/2e299ed0d3d412a01d244fe28260d7f5","name":"Pepe Segura","image":{"@type":"ImageObject","inLanguage":"es","@id":"https:\/\/modoviajeok.com.ar\/#\/schema\/person\/image\/","url":"https:\/\/secure.gravatar.com\/avatar\/65eb4b34deed761327f5b2c5535b987318ae807900ac46426de7258f5de6d345?s=96&d=mm&r=g","contentUrl":"https:\/\/secure.gravatar.com\/avatar\/65eb4b34deed761327f5b2c5535b987318ae807900ac46426de7258f5de6d345?s=96&d=mm&r=g","caption":"Pepe Segura"},"url":"https:\/\/modoviajeok.com.ar\/index.php\/author\/pepe2025\/"}]}},"_links":{"self":[{"href":"https:\/\/modoviajeok.com.ar\/index.php\/wp-json\/wp\/v2\/posts\/5965","targetHints":{"allow":["GET"]}}],"collection":[{"href":"https:\/\/modoviajeok.com.ar\/index.php\/wp-json\/wp\/v2\/posts"}],"about":[{"href":"https:\/\/modoviajeok.com.ar\/index.php\/wp-json\/wp\/v2\/types\/post"}],"author":[{"embeddable":true,"href":"https:\/\/modoviajeok.com.ar\/index.php\/wp-json\/wp\/v2\/users\/3"}],"replies":[{"embeddable":true,"href":"https:\/\/modoviajeok.com.ar\/index.php\/wp-json\/wp\/v2\/comments?post=5965"}],"version-history":[{"count":3,"href":"https:\/\/modoviajeok.com.ar\/index.php\/wp-json\/wp\/v2\/posts\/5965\/revisions"}],"predecessor-version":[{"id":5996,"href":"https:\/\/modoviajeok.com.ar\/index.php\/wp-json\/wp\/v2\/posts\/5965\/revisions\/5996"}],"wp:featuredmedia":[{"embeddable":true,"href":"https:\/\/modoviajeok.com.ar\/index.php\/wp-json\/wp\/v2\/media\/5966"}],"wp:attachment":[{"href":"https:\/\/modoviajeok.com.ar\/index.php\/wp-json\/wp\/v2\/media?parent=5965"}],"wp:term":[{"taxonomy":"category","embeddable":true,"href":"https:\/\/modoviajeok.com.ar\/index.php\/wp-json\/wp\/v2\/categories?post=5965"},{"taxonomy":"post_tag","embeddable":true,"href":"https:\/\/modoviajeok.com.ar\/index.php\/wp-json\/wp\/v2\/tags?post=5965"}],"curies":[{"name":"wp","href":"https:\/\/api.w.org\/{rel}","templated":true}]}}