{"id":6026,"date":"2025-10-27T12:14:21","date_gmt":"2025-10-27T15:14:21","guid":{"rendered":"https:\/\/modoviajeok.com.ar\/?p=6026"},"modified":"2025-10-27T12:20:53","modified_gmt":"2025-10-27T15:20:53","slug":"latam-reinicia-su-ruta-directa-entre-cordoba-y-sao-paulo","status":"publish","type":"post","link":"https:\/\/modoviajeok.com.ar\/index.php\/2025\/10\/27\/latam-reinicia-su-ruta-directa-entre-cordoba-y-sao-paulo\/","title":{"rendered":"LATAM reinicia su ruta directa entre C\u00f3rdoba y S\u00e3o Paulo"},"content":{"rendered":"\n<figure class=\"wp-block-pullquote\"><blockquote><p>El vuelo inaugural tuvo lugar el pasado domingo y la ruta tendr\u00e1 una frecuencia diaria conectando a la provincia de C\u00f3rdoba con m\u00e1s de 50 destinos nacionales y 20 internacionales.<\/p><\/blockquote><\/figure>\n\n\n\n<p>LATAM inaugur\u00f3 la nueva ruta directa entre el Aeropuerto de C\u00f3rdoba y el Aeropuerto de S\u00e3o Paulo\/Guarulhos. La operaci\u00f3n tendr\u00e1 una frecuencia diaria (7 vuelos semanales) con horarios que conectan en los hubs de vuelos internacionales al hub de conexiones de LATAM en Guarulhos, ampliando las opciones de viaje entre Brasil y Argentina.<\/p>\n\n\n\n<p>\u201cEsta ruta nos permitir\u00e1 fortalecer nuestra posici\u00f3n en Argentina y, principalmente, conectar a la provincia de C\u00f3rdoba con nuestros tres centros de conexi\u00f3n en Lima, Santiago y S\u00e3o Paulo. C\u00f3rdoba es un mercado clave para nosotros, y este vuelo diario a S\u00e3o Paulo no solo facilita el turismo y los negocios con Brasil, sino que tambi\u00e9n abre la puerta a m\u00e1s destinos nacionales e internacionales.\u201d, comenta Florencia Scardaccione, Gerente Comercial de LATAM en Argentina.<\/p>\n\n\n\n<h2 class=\"wp-block-heading\"><a><\/a><strong>Frecuencias y horarios de ruta<\/strong><\/h2>\n\n\n\n<p>Lunes, mi\u00e9rcoles, viernes y domingo<\/p>\n\n\n\n<ul class=\"wp-block-list\">\n<li>S\u00e3o Paulo\/Guarulhos &#8211; C\u00f3rdoba: despega a las 08:00 \u00b7 aterriza a las 11:35<\/li>\n\n\n\n<li>C\u00f3rdoba &#8211; S\u00e3o Paulo\/Guarulhos: despega a las 12:35 \u00b7 aterriza a las 15:35<\/li>\n<\/ul>\n\n\n\n<p>Martes, jueves y s\u00e1bados<\/p>\n\n\n\n<ul class=\"wp-block-list\">\n<li>S\u00e3o Paulo\/Guarulhos &#8211; C\u00f3rdoba: despega a las 13:00 \u00b7 aterriza a las 16:35<\/li>\n\n\n\n<li>C\u00f3rdoba &#8211; S\u00e3o Paulo\/Guarulhos: despega 17:35 \u00b7 aterriza a las 20:35<br><\/li>\n\n\n\n<li>Con este nuevo vuelo, los clientes de C\u00f3rdoba ahora pueden acceder f\u00e1cilmente al centro de conexiones de LATAM en Guarulhos y, desde all\u00ed, a m\u00e1s de 50 destinos nacionales en Brasil y a m\u00e1s de 20 destinos internacionales en Sudam\u00e9rica, Am\u00e9rica del Norte, Europa y \u00c1frica; mientras que los viajeros brasile\u00f1os suman una nueva puerta de entrada en Argentina.<\/li>\n<\/ul>\n\n\n\n<p>Adem\u00e1s de la nueva ruta a C\u00f3rdoba, LATAM reinici\u00f3 la ruta R\u00edo de Janeiro &#8211; Buenos Aires, la ruta estacional de invierno S\u00e3o Paulo-Bariloche y el vuelo Porto Alegre-Buenos Aires. Asimismo, ha anunciado que pondr\u00e1 en marcha otras dos rutas con vuelos directos entre ambos pa\u00edses: Sao Paulo\u2013Rosario y Florian\u00f3polis\u2013Buenos Aires. Con estos nuevos lanzamientos, la compa\u00f1\u00eda alcanzar\u00e1 las 7 rutas directas entre Brasil y Argentina a principios de 2026.<\/p>\n\n\n\n<p><strong>Crecimiento en Argentina<\/strong><\/p>\n\n\n\n<p>Este plan de expansi\u00f3n que ya evidencia un s\u00f3lido crecimiento de la conectividad entre Argentina y Brasil, se ver\u00e1 reforzado a partir de diciembre con la inauguraci\u00f3n de dos importantes rutas internacionales. La compa\u00f1\u00eda lanzar\u00e1 el esperado vuelo directo que conectar\u00e1 Buenos Aires con Miami, partiendo inicialmente desde Santiago de Chile y que ofrecer\u00e1 a los pasajeros argentinos una alternativa sin escalas a uno de sus destinos favoritos en Estados Unidos. Adicionalmente, se reactivar\u00e1 la ruta Tucum\u00e1n-Lima con tres frecuencias semanales, posicionando a la provincia del norte argentino como un punto estrat\u00e9gico para la conexi\u00f3n con el resto del continente y el mundo.<\/p>\n\n\n      <div class=\"wp_bannerize_container wp_bannerize_layout_vertical\">\n\n        <div class=\"wp_bannerize_banner_box wp_bannerize_category_intertexto-1\" data-title=\"Modo viaje\" data-mime_type=\"image-gif\" data-banner_id=\"1783\" id=\"wpbanner-1783\" data-impressions_enabled=\"true\" data-clicks_enabled=\"true\"><a href=\"https:\/\/www.instagram.com\/modoviaje.ok?igsh=Z3c5emxsZWFtdXN3\"><img decoding=\"async\" border=\"0\" src=\"https:\/\/modoviajeok.com.ar\/wp-content\/uploads\/2025\/02\/modoviaje.ok-300-x-250-px.gif\" alt=\"Modo viaje\" title=\"Modo viaje\" \/><\/a><\/div>      <\/div>\n\n\n","protected":false},"excerpt":{"rendered":"<p>El vuelo inaugural tuvo lugar el pasado domingo y la ruta tendr\u00e1 una frecuencia diaria conectando a la provincia de C\u00f3rdoba con m\u00e1s de 50 destinos nacionales y 20 internacionales. LATAM inaugur\u00f3 la nueva ruta directa entre el Aeropuerto de C\u00f3rdoba y el Aeropuerto de S\u00e3o Paulo\/Guarulhos. La operaci\u00f3n tendr\u00e1 una frecuencia diaria (7 vuelos [&hellip;]<\/p>\n","protected":false},"author":3,"featured_media":6029,"comment_status":"open","ping_status":"open","sticky":false,"template":"","format":"standard","meta":{"_acf_changed":false,"footnotes":""},"categories":[11,10],"tags":[137,1090],"class_list":{"0":"post-6026","1":"post","2":"type-post","3":"status-publish","4":"format-standard","5":"has-post-thumbnail","7":"category-cordoba","8":"category-noticias","9":"tag-latam","10":"tag-sao-paulo"},"acf":[],"yoast_head":"<!-- This site is optimized with the Yoast SEO plugin v24.8.1 - https:\/\/yoast.com\/wordpress\/plugins\/seo\/ -->\n<title>LATAM reinicia su ruta directa entre C\u00f3rdoba y S\u00e3o Paulo -<\/title>\n<meta name=\"robots\" content=\"index, follow, max-snippet:-1, max-image-preview:large, max-video-preview:-1\" \/>\n<link rel=\"canonical\" href=\"https:\/\/modoviajeok.com.ar\/index.php\/2025\/10\/27\/latam-reinicia-su-ruta-directa-entre-cordoba-y-sao-paulo\/\" \/>\n<meta property=\"og:locale\" content=\"es_ES\" \/>\n<meta property=\"og:type\" content=\"article\" \/>\n<meta property=\"og:title\" content=\"LATAM reinicia su ruta directa entre C\u00f3rdoba y S\u00e3o Paulo -\" \/>\n<meta property=\"og:description\" content=\"El vuelo inaugural tuvo lugar el pasado domingo y la ruta tendr\u00e1 una frecuencia diaria conectando a la provincia de C\u00f3rdoba con m\u00e1s de 50 destinos nacionales y 20 internacionales. LATAM inaugur\u00f3 la nueva ruta directa entre el Aeropuerto de C\u00f3rdoba y el Aeropuerto de S\u00e3o Paulo\/Guarulhos. La operaci\u00f3n tendr\u00e1 una frecuencia diaria (7 vuelos [&hellip;]\" \/>\n<meta property=\"og:url\" content=\"https:\/\/modoviajeok.com.ar\/index.php\/2025\/10\/27\/latam-reinicia-su-ruta-directa-entre-cordoba-y-sao-paulo\/\" \/>\n<meta property=\"article:publisher\" content=\"https:\/\/www.facebook.com\/mariana.otero1\/\" \/>\n<meta property=\"article:published_time\" content=\"2025-10-27T15:14:21+00:00\" \/>\n<meta property=\"article:modified_time\" content=\"2025-10-27T15:20:53+00:00\" \/>\n<meta property=\"og:image\" content=\"https:\/\/modoviajeok.com.ar\/wp-content\/uploads\/2025\/10\/11e863e3-al-LA-186e06970c7.jpg\" \/>\n\t<meta property=\"og:image:width\" content=\"787\" \/>\n\t<meta property=\"og:image:height\" content=\"768\" \/>\n\t<meta property=\"og:image:type\" content=\"image\/jpeg\" \/>\n<meta name=\"author\" content=\"Pepe Segura\" \/>\n<meta name=\"twitter:card\" content=\"summary_large_image\" \/>\n<meta name=\"twitter:label1\" content=\"Escrito por\" \/>\n\t<meta name=\"twitter:data1\" content=\"Pepe Segura\" \/>\n\t<meta name=\"twitter:label2\" content=\"Tiempo de lectura\" \/>\n\t<meta name=\"twitter:data2\" content=\"3 minutos\" \/>\n<script type=\"application\/ld+json\" class=\"yoast-schema-graph\">{\"@context\":\"https:\/\/schema.org\",\"@graph\":[{\"@type\":\"Article\",\"@id\":\"https:\/\/modoviajeok.com.ar\/index.php\/2025\/10\/27\/latam-reinicia-su-ruta-directa-entre-cordoba-y-sao-paulo\/#article\",\"isPartOf\":{\"@id\":\"https:\/\/modoviajeok.com.ar\/index.php\/2025\/10\/27\/latam-reinicia-su-ruta-directa-entre-cordoba-y-sao-paulo\/\"},\"author\":{\"name\":\"Pepe Segura\",\"@id\":\"https:\/\/modoviajeok.com.ar\/#\/schema\/person\/2e299ed0d3d412a01d244fe28260d7f5\"},\"headline\":\"LATAM reinicia su ruta directa entre C\u00f3rdoba y S\u00e3o Paulo\",\"datePublished\":\"2025-10-27T15:14:21+00:00\",\"dateModified\":\"2025-10-27T15:20:53+00:00\",\"mainEntityOfPage\":{\"@id\":\"https:\/\/modoviajeok.com.ar\/index.php\/2025\/10\/27\/latam-reinicia-su-ruta-directa-entre-cordoba-y-sao-paulo\/\"},\"wordCount\":507,\"commentCount\":0,\"publisher\":{\"@id\":\"https:\/\/modoviajeok.com.ar\/#organization\"},\"image\":{\"@id\":\"https:\/\/modoviajeok.com.ar\/index.php\/2025\/10\/27\/latam-reinicia-su-ruta-directa-entre-cordoba-y-sao-paulo\/#primaryimage\"},\"thumbnailUrl\":\"https:\/\/modoviajeok.com.ar\/wp-content\/uploads\/2025\/10\/11e863e3-al-LA-186e06970c7.jpg\",\"keywords\":[\"latam\",\"sao paulo\"],\"articleSection\":[\"C\u00f3rdoba\",\"Noticias\"],\"inLanguage\":\"es\",\"potentialAction\":[{\"@type\":\"CommentAction\",\"name\":\"Comment\",\"target\":[\"https:\/\/modoviajeok.com.ar\/index.php\/2025\/10\/27\/latam-reinicia-su-ruta-directa-entre-cordoba-y-sao-paulo\/#respond\"]}]},{\"@type\":\"WebPage\",\"@id\":\"https:\/\/modoviajeok.com.ar\/index.php\/2025\/10\/27\/latam-reinicia-su-ruta-directa-entre-cordoba-y-sao-paulo\/\",\"url\":\"https:\/\/modoviajeok.com.ar\/index.php\/2025\/10\/27\/latam-reinicia-su-ruta-directa-entre-cordoba-y-sao-paulo\/\",\"name\":\"LATAM reinicia su ruta directa entre C\u00f3rdoba y S\u00e3o Paulo -\",\"isPartOf\":{\"@id\":\"https:\/\/modoviajeok.com.ar\/#website\"},\"primaryImageOfPage\":{\"@id\":\"https:\/\/modoviajeok.com.ar\/index.php\/2025\/10\/27\/latam-reinicia-su-ruta-directa-entre-cordoba-y-sao-paulo\/#primaryimage\"},\"image\":{\"@id\":\"https:\/\/modoviajeok.com.ar\/index.php\/2025\/10\/27\/latam-reinicia-su-ruta-directa-entre-cordoba-y-sao-paulo\/#primaryimage\"},\"thumbnailUrl\":\"https:\/\/modoviajeok.com.ar\/wp-content\/uploads\/2025\/10\/11e863e3-al-LA-186e06970c7.jpg\",\"datePublished\":\"2025-10-27T15:14:21+00:00\",\"dateModified\":\"2025-10-27T15:20:53+00:00\",\"breadcrumb\":{\"@id\":\"https:\/\/modoviajeok.com.ar\/index.php\/2025\/10\/27\/latam-reinicia-su-ruta-directa-entre-cordoba-y-sao-paulo\/#breadcrumb\"},\"inLanguage\":\"es\",\"potentialAction\":[{\"@type\":\"ReadAction\",\"target\":[\"https:\/\/modoviajeok.com.ar\/index.php\/2025\/10\/27\/latam-reinicia-su-ruta-directa-entre-cordoba-y-sao-paulo\/\"]}]},{\"@type\":\"ImageObject\",\"inLanguage\":\"es\",\"@id\":\"https:\/\/modoviajeok.com.ar\/index.php\/2025\/10\/27\/latam-reinicia-su-ruta-directa-entre-cordoba-y-sao-paulo\/#primaryimage\",\"url\":\"https:\/\/modoviajeok.com.ar\/wp-content\/uploads\/2025\/10\/11e863e3-al-LA-186e06970c7.jpg\",\"contentUrl\":\"https:\/\/modoviajeok.com.ar\/wp-content\/uploads\/2025\/10\/11e863e3-al-LA-186e06970c7.jpg\",\"width\":787,\"height\":768},{\"@type\":\"BreadcrumbList\",\"@id\":\"https:\/\/modoviajeok.com.ar\/index.php\/2025\/10\/27\/latam-reinicia-su-ruta-directa-entre-cordoba-y-sao-paulo\/#breadcrumb\",\"itemListElement\":[{\"@type\":\"ListItem\",\"position\":1,\"name\":\"Portada\",\"item\":\"https:\/\/modoviajeok.com.ar\/\"},{\"@type\":\"ListItem\",\"position\":2,\"name\":\"LATAM reinicia su ruta directa entre C\u00f3rdoba y S\u00e3o Paulo\"}]},{\"@type\":\"WebSite\",\"@id\":\"https:\/\/modoviajeok.com.ar\/#website\",\"url\":\"https:\/\/modoviajeok.com.ar\/\",\"name\":\"ModoViajeOK\",\"description\":\"\",\"publisher\":{\"@id\":\"https:\/\/modoviajeok.com.ar\/#organization\"},\"potentialAction\":[{\"@type\":\"SearchAction\",\"target\":{\"@type\":\"EntryPoint\",\"urlTemplate\":\"https:\/\/modoviajeok.com.ar\/?s={search_term_string}\"},\"query-input\":{\"@type\":\"PropertyValueSpecification\",\"valueRequired\":true,\"valueName\":\"search_term_string\"}}],\"inLanguage\":\"es\"},{\"@type\":\"Organization\",\"@id\":\"https:\/\/modoviajeok.com.ar\/#organization\",\"name\":\"ModoViajeOK\",\"url\":\"https:\/\/modoviajeok.com.ar\/\",\"logo\":{\"@type\":\"ImageObject\",\"inLanguage\":\"es\",\"@id\":\"https:\/\/modoviajeok.com.ar\/#\/schema\/logo\/image\/\",\"url\":\"https:\/\/modoviajeok.com.ar\/wp-content\/uploads\/2025\/01\/Logo-modoviajeok.png\",\"contentUrl\":\"https:\/\/modoviajeok.com.ar\/wp-content\/uploads\/2025\/01\/Logo-modoviajeok.png\",\"width\":2938,\"height\":2276,\"caption\":\"ModoViajeOK\"},\"image\":{\"@id\":\"https:\/\/modoviajeok.com.ar\/#\/schema\/logo\/image\/\"},\"sameAs\":[\"https:\/\/www.facebook.com\/mariana.otero1\/\",\"https:\/\/www.instagram.com\/modoviaje.ok\/\"]},{\"@type\":\"Person\",\"@id\":\"https:\/\/modoviajeok.com.ar\/#\/schema\/person\/2e299ed0d3d412a01d244fe28260d7f5\",\"name\":\"Pepe Segura\",\"image\":{\"@type\":\"ImageObject\",\"inLanguage\":\"es\",\"@id\":\"https:\/\/modoviajeok.com.ar\/#\/schema\/person\/image\/\",\"url\":\"https:\/\/secure.gravatar.com\/avatar\/65eb4b34deed761327f5b2c5535b987318ae807900ac46426de7258f5de6d345?s=96&d=mm&r=g\",\"contentUrl\":\"https:\/\/secure.gravatar.com\/avatar\/65eb4b34deed761327f5b2c5535b987318ae807900ac46426de7258f5de6d345?s=96&d=mm&r=g\",\"caption\":\"Pepe Segura\"},\"url\":\"https:\/\/modoviajeok.com.ar\/index.php\/author\/pepe2025\/\"}]}<\/script>\n<!-- \/ Yoast SEO plugin. -->","yoast_head_json":{"title":"LATAM reinicia su ruta directa entre C\u00f3rdoba y S\u00e3o Paulo -","robots":{"index":"index","follow":"follow","max-snippet":"max-snippet:-1","max-image-preview":"max-image-preview:large","max-video-preview":"max-video-preview:-1"},"canonical":"https:\/\/modoviajeok.com.ar\/index.php\/2025\/10\/27\/latam-reinicia-su-ruta-directa-entre-cordoba-y-sao-paulo\/","og_locale":"es_ES","og_type":"article","og_title":"LATAM reinicia su ruta directa entre C\u00f3rdoba y S\u00e3o Paulo -","og_description":"El vuelo inaugural tuvo lugar el pasado domingo y la ruta tendr\u00e1 una frecuencia diaria conectando a la provincia de C\u00f3rdoba con m\u00e1s de 50 destinos nacionales y 20 internacionales. LATAM inaugur\u00f3 la nueva ruta directa entre el Aeropuerto de C\u00f3rdoba y el Aeropuerto de S\u00e3o Paulo\/Guarulhos. La operaci\u00f3n tendr\u00e1 una frecuencia diaria (7 vuelos [&hellip;]","og_url":"https:\/\/modoviajeok.com.ar\/index.php\/2025\/10\/27\/latam-reinicia-su-ruta-directa-entre-cordoba-y-sao-paulo\/","article_publisher":"https:\/\/www.facebook.com\/mariana.otero1\/","article_published_time":"2025-10-27T15:14:21+00:00","article_modified_time":"2025-10-27T15:20:53+00:00","og_image":[{"width":787,"height":768,"url":"https:\/\/modoviajeok.com.ar\/wp-content\/uploads\/2025\/10\/11e863e3-al-LA-186e06970c7.jpg","type":"image\/jpeg"}],"author":"Pepe Segura","twitter_card":"summary_large_image","twitter_misc":{"Escrito por":"Pepe Segura","Tiempo de lectura":"3 minutos"},"schema":{"@context":"https:\/\/schema.org","@graph":[{"@type":"Article","@id":"https:\/\/modoviajeok.com.ar\/index.php\/2025\/10\/27\/latam-reinicia-su-ruta-directa-entre-cordoba-y-sao-paulo\/#article","isPartOf":{"@id":"https:\/\/modoviajeok.com.ar\/index.php\/2025\/10\/27\/latam-reinicia-su-ruta-directa-entre-cordoba-y-sao-paulo\/"},"author":{"name":"Pepe Segura","@id":"https:\/\/modoviajeok.com.ar\/#\/schema\/person\/2e299ed0d3d412a01d244fe28260d7f5"},"headline":"LATAM reinicia su ruta directa entre C\u00f3rdoba y S\u00e3o Paulo","datePublished":"2025-10-27T15:14:21+00:00","dateModified":"2025-10-27T15:20:53+00:00","mainEntityOfPage":{"@id":"https:\/\/modoviajeok.com.ar\/index.php\/2025\/10\/27\/latam-reinicia-su-ruta-directa-entre-cordoba-y-sao-paulo\/"},"wordCount":507,"commentCount":0,"publisher":{"@id":"https:\/\/modoviajeok.com.ar\/#organization"},"image":{"@id":"https:\/\/modoviajeok.com.ar\/index.php\/2025\/10\/27\/latam-reinicia-su-ruta-directa-entre-cordoba-y-sao-paulo\/#primaryimage"},"thumbnailUrl":"https:\/\/modoviajeok.com.ar\/wp-content\/uploads\/2025\/10\/11e863e3-al-LA-186e06970c7.jpg","keywords":["latam","sao paulo"],"articleSection":["C\u00f3rdoba","Noticias"],"inLanguage":"es","potentialAction":[{"@type":"CommentAction","name":"Comment","target":["https:\/\/modoviajeok.com.ar\/index.php\/2025\/10\/27\/latam-reinicia-su-ruta-directa-entre-cordoba-y-sao-paulo\/#respond"]}]},{"@type":"WebPage","@id":"https:\/\/modoviajeok.com.ar\/index.php\/2025\/10\/27\/latam-reinicia-su-ruta-directa-entre-cordoba-y-sao-paulo\/","url":"https:\/\/modoviajeok.com.ar\/index.php\/2025\/10\/27\/latam-reinicia-su-ruta-directa-entre-cordoba-y-sao-paulo\/","name":"LATAM reinicia su ruta directa entre C\u00f3rdoba y S\u00e3o Paulo -","isPartOf":{"@id":"https:\/\/modoviajeok.com.ar\/#website"},"primaryImageOfPage":{"@id":"https:\/\/modoviajeok.com.ar\/index.php\/2025\/10\/27\/latam-reinicia-su-ruta-directa-entre-cordoba-y-sao-paulo\/#primaryimage"},"image":{"@id":"https:\/\/modoviajeok.com.ar\/index.php\/2025\/10\/27\/latam-reinicia-su-ruta-directa-entre-cordoba-y-sao-paulo\/#primaryimage"},"thumbnailUrl":"https:\/\/modoviajeok.com.ar\/wp-content\/uploads\/2025\/10\/11e863e3-al-LA-186e06970c7.jpg","datePublished":"2025-10-27T15:14:21+00:00","dateModified":"2025-10-27T15:20:53+00:00","breadcrumb":{"@id":"https:\/\/modoviajeok.com.ar\/index.php\/2025\/10\/27\/latam-reinicia-su-ruta-directa-entre-cordoba-y-sao-paulo\/#breadcrumb"},"inLanguage":"es","potentialAction":[{"@type":"ReadAction","target":["https:\/\/modoviajeok.com.ar\/index.php\/2025\/10\/27\/latam-reinicia-su-ruta-directa-entre-cordoba-y-sao-paulo\/"]}]},{"@type":"ImageObject","inLanguage":"es","@id":"https:\/\/modoviajeok.com.ar\/index.php\/2025\/10\/27\/latam-reinicia-su-ruta-directa-entre-cordoba-y-sao-paulo\/#primaryimage","url":"https:\/\/modoviajeok.com.ar\/wp-content\/uploads\/2025\/10\/11e863e3-al-LA-186e06970c7.jpg","contentUrl":"https:\/\/modoviajeok.com.ar\/wp-content\/uploads\/2025\/10\/11e863e3-al-LA-186e06970c7.jpg","width":787,"height":768},{"@type":"BreadcrumbList","@id":"https:\/\/modoviajeok.com.ar\/index.php\/2025\/10\/27\/latam-reinicia-su-ruta-directa-entre-cordoba-y-sao-paulo\/#breadcrumb","itemListElement":[{"@type":"ListItem","position":1,"name":"Portada","item":"https:\/\/modoviajeok.com.ar\/"},{"@type":"ListItem","position":2,"name":"LATAM reinicia su ruta directa entre C\u00f3rdoba y S\u00e3o Paulo"}]},{"@type":"WebSite","@id":"https:\/\/modoviajeok.com.ar\/#website","url":"https:\/\/modoviajeok.com.ar\/","name":"ModoViajeOK","description":"","publisher":{"@id":"https:\/\/modoviajeok.com.ar\/#organization"},"potentialAction":[{"@type":"SearchAction","target":{"@type":"EntryPoint","urlTemplate":"https:\/\/modoviajeok.com.ar\/?s={search_term_string}"},"query-input":{"@type":"PropertyValueSpecification","valueRequired":true,"valueName":"search_term_string"}}],"inLanguage":"es"},{"@type":"Organization","@id":"https:\/\/modoviajeok.com.ar\/#organization","name":"ModoViajeOK","url":"https:\/\/modoviajeok.com.ar\/","logo":{"@type":"ImageObject","inLanguage":"es","@id":"https:\/\/modoviajeok.com.ar\/#\/schema\/logo\/image\/","url":"https:\/\/modoviajeok.com.ar\/wp-content\/uploads\/2025\/01\/Logo-modoviajeok.png","contentUrl":"https:\/\/modoviajeok.com.ar\/wp-content\/uploads\/2025\/01\/Logo-modoviajeok.png","width":2938,"height":2276,"caption":"ModoViajeOK"},"image":{"@id":"https:\/\/modoviajeok.com.ar\/#\/schema\/logo\/image\/"},"sameAs":["https:\/\/www.facebook.com\/mariana.otero1\/","https:\/\/www.instagram.com\/modoviaje.ok\/"]},{"@type":"Person","@id":"https:\/\/modoviajeok.com.ar\/#\/schema\/person\/2e299ed0d3d412a01d244fe28260d7f5","name":"Pepe Segura","image":{"@type":"ImageObject","inLanguage":"es","@id":"https:\/\/modoviajeok.com.ar\/#\/schema\/person\/image\/","url":"https:\/\/secure.gravatar.com\/avatar\/65eb4b34deed761327f5b2c5535b987318ae807900ac46426de7258f5de6d345?s=96&d=mm&r=g","contentUrl":"https:\/\/secure.gravatar.com\/avatar\/65eb4b34deed761327f5b2c5535b987318ae807900ac46426de7258f5de6d345?s=96&d=mm&r=g","caption":"Pepe Segura"},"url":"https:\/\/modoviajeok.com.ar\/index.php\/author\/pepe2025\/"}]}},"_links":{"self":[{"href":"https:\/\/modoviajeok.com.ar\/index.php\/wp-json\/wp\/v2\/posts\/6026","targetHints":{"allow":["GET"]}}],"collection":[{"href":"https:\/\/modoviajeok.com.ar\/index.php\/wp-json\/wp\/v2\/posts"}],"about":[{"href":"https:\/\/modoviajeok.com.ar\/index.php\/wp-json\/wp\/v2\/types\/post"}],"author":[{"embeddable":true,"href":"https:\/\/modoviajeok.com.ar\/index.php\/wp-json\/wp\/v2\/users\/3"}],"replies":[{"embeddable":true,"href":"https:\/\/modoviajeok.com.ar\/index.php\/wp-json\/wp\/v2\/comments?post=6026"}],"version-history":[{"count":1,"href":"https:\/\/modoviajeok.com.ar\/index.php\/wp-json\/wp\/v2\/posts\/6026\/revisions"}],"predecessor-version":[{"id":6028,"href":"https:\/\/modoviajeok.com.ar\/index.php\/wp-json\/wp\/v2\/posts\/6026\/revisions\/6028"}],"wp:featuredmedia":[{"embeddable":true,"href":"https:\/\/modoviajeok.com.ar\/index.php\/wp-json\/wp\/v2\/media\/6029"}],"wp:attachment":[{"href":"https:\/\/modoviajeok.com.ar\/index.php\/wp-json\/wp\/v2\/media?parent=6026"}],"wp:term":[{"taxonomy":"category","embeddable":true,"href":"https:\/\/modoviajeok.com.ar\/index.php\/wp-json\/wp\/v2\/categories?post=6026"},{"taxonomy":"post_tag","embeddable":true,"href":"https:\/\/modoviajeok.com.ar\/index.php\/wp-json\/wp\/v2\/tags?post=6026"}],"curies":[{"name":"wp","href":"https:\/\/api.w.org\/{rel}","templated":true}]}}