{"id":6067,"date":"2025-11-07T19:48:33","date_gmt":"2025-11-07T22:48:33","guid":{"rendered":"https:\/\/modoviajeok.com.ar\/?p=6067"},"modified":"2025-11-09T21:05:11","modified_gmt":"2025-11-10T00:05:11","slug":"tintos-y-tintas-arte-vino-y-cultura-en-una-jornada-unica-en-san-javier-y-yacanto","status":"publish","type":"post","link":"https:\/\/modoviajeok.com.ar\/index.php\/2025\/11\/07\/tintos-y-tintas-arte-vino-y-cultura-en-una-jornada-unica-en-san-javier-y-yacanto\/","title":{"rendered":"\u201cTintos y Tintas\u201d: arte, vino y cultura en una jornada \u00fanica en San Javier y Yacanto"},"content":{"rendered":"\n<figure class=\"wp-block-pullquote\"><blockquote><p>El encuentro ser\u00e1 el s\u00e1bado 8 de noviembre, de 11:00 a 16:30, en el Balneario Municipal de San Javier, con una propuesta que inluir\u00e1 m\u00fasica, gastronom\u00eda y espect\u00e1culos en vivo.<\/p><\/blockquote><\/figure>\n\n\n\n<p>La C\u00e1mara de Turismo de San Javier, con el auspicio del Municipio de San Javier y Yacanto y de la Agencia C\u00f3rdoba Turismo, presenta el evento de cierre y premiaci\u00f3n del concurso \u201cDe Tintos y Tintas\u201d, una propuesta que celebra la identidad art\u00edstica y productiva del Valle de Traslasierra.<\/p>\n\n\n\n<figure class=\"wp-block-image size-full\"><img loading=\"lazy\" decoding=\"async\" width=\"1024\" height=\"768\" src=\"https:\/\/modoviajeok.com.ar\/wp-content\/uploads\/2025\/10\/WhatsApp-Image-2025-10-29-at-16.38.43.jpeg\" alt=\"\" class=\"wp-image-6086\" srcset=\"https:\/\/modoviajeok.com.ar\/wp-content\/uploads\/2025\/10\/WhatsApp-Image-2025-10-29-at-16.38.43.jpeg 1024w, https:\/\/modoviajeok.com.ar\/wp-content\/uploads\/2025\/10\/WhatsApp-Image-2025-10-29-at-16.38.43-768x576.jpeg 768w, https:\/\/modoviajeok.com.ar\/wp-content\/uploads\/2025\/10\/WhatsApp-Image-2025-10-29-at-16.38.43-560x420.jpeg 560w, https:\/\/modoviajeok.com.ar\/wp-content\/uploads\/2025\/10\/WhatsApp-Image-2025-10-29-at-16.38.43-80x60.jpeg 80w, https:\/\/modoviajeok.com.ar\/wp-content\/uploads\/2025\/10\/WhatsApp-Image-2025-10-29-at-16.38.43-150x113.jpeg 150w, https:\/\/modoviajeok.com.ar\/wp-content\/uploads\/2025\/10\/WhatsApp-Image-2025-10-29-at-16.38.43-300x225.jpeg 300w, https:\/\/modoviajeok.com.ar\/wp-content\/uploads\/2025\/10\/WhatsApp-Image-2025-10-29-at-16.38.43-696x522.jpeg 696w, https:\/\/modoviajeok.com.ar\/wp-content\/uploads\/2025\/10\/WhatsApp-Image-2025-10-29-at-16.38.43-265x198.jpeg 265w\" sizes=\"auto, (max-width: 1024px) 100vw, 1024px\" \/><\/figure>\n\n\n\n<p>Este encuentro re\u00fane el talento de 29 artistas pl\u00e1sticos locales y la excelencia de 7 bodegas de Traslasierra asociadas a la C\u00e1mara, en una experiencia que combina creatividad, producci\u00f3n vitivin\u00edcola y cultura regional. Durante la jornada se dar\u00e1n a conocer las etiquetas ganadoras, que vestir\u00e1n una edici\u00f3n especial de los vinos de la regi\u00f3n, reflejando el esp\u00edritu del arte local.<\/p>\n\n\n\n<p>El encuentro ser\u00e1 el s\u00e1bado 8 de noviembre, de 11:00 a 16:30, en el Balneario Municipal de San Javier, con una propuesta que inluir\u00e1 m\u00fasica, gastronom\u00eda y espect\u00e1culos en vivo.<\/p>\n\n\n\n<p><strong>Para tener en cuenta<\/strong><br>&nbsp;Lugar: Balneario Municipal de San Javier<br>&nbsp;Fecha: S\u00e1bado 8 de noviembre<br>&nbsp;Horario: De 11:00 a 16:30<br>&nbsp;Entrada: $3.000<\/p>\n\n\n\n<p><strong>Protagonistas<\/strong><\/p>\n\n\n\n<p>&nbsp;7 bodegas del Valle de Traslasierra<br>&nbsp;29 artistas pl\u00e1sticos locales<br>&nbsp;6 puestos gastron\u00f3micos con lo mejor de los sabores regionales<\/p>\n\n\n\n<p>Folklore y danza: actuaci\u00f3n del cantante Marcos Ceballos junto al Ballet Folcl\u00f3rico El Ceibal, con un cuadro de m\u00fasica y baile regional.<\/p>\n\n\n\n<p>M\u00fasica de acorde\u00f3n: la sensibilidad de Leonardo Dyzen brindar\u00e1 un momento musical lleno de encanto.<\/p>\n\n\n\n<p>Armon\u00eda vocal: el Coro El Tempranillo sumar\u00e1 su sello coral al evento.<\/p>\n\n\n\n<p>Misticismo y sorpresa: Mar\u00eda Colombi ofrecer\u00e1 una experiencia especial de Tarot, agregando un toque de magia y curiosidad.<\/p>\n\n\n\n<p>&nbsp;\u201cDe Tintos y Tintas\u201d se consolida como una iniciativa que fortalece el desarrollo cultural y tur\u00edstico del interior cordob\u00e9s, integrando arte, vino, gastronom\u00eda y m\u00fasica en un mismo espacio de encuentro comunitario.<\/p>\n","protected":false},"excerpt":{"rendered":"<p>El encuentro ser\u00e1 el s\u00e1bado 8 de noviembre, de 11:00 a 16:30, en el Balneario Municipal de San Javier, con una propuesta que inluir\u00e1 m\u00fasica, gastronom\u00eda y espect\u00e1culos en vivo. La C\u00e1mara de Turismo de San Javier, con el auspicio del Municipio de San Javier y Yacanto y de la Agencia C\u00f3rdoba Turismo, presenta el [&hellip;]<\/p>\n","protected":false},"author":3,"featured_media":6097,"comment_status":"open","ping_status":"open","sticky":false,"template":"","format":"standard","meta":{"_acf_changed":false,"footnotes":""},"categories":[11],"tags":[904,1328,675],"class_list":{"0":"post-6067","1":"post","2":"type-post","3":"status-publish","4":"format-standard","5":"has-post-thumbnail","7":"category-cordoba","8":"tag-san-javier-y-yacanto","9":"tag-tintos-y-tintas","10":"tag-valle-de-traslasierra"},"acf":[],"yoast_head":"<!-- This site is optimized with the Yoast SEO plugin v24.8.1 - https:\/\/yoast.com\/wordpress\/plugins\/seo\/ -->\n<title>\u201cTintos y Tintas\u201d: arte, vino y cultura en una jornada \u00fanica en San Javier y Yacanto -<\/title>\n<meta name=\"robots\" content=\"index, follow, max-snippet:-1, max-image-preview:large, max-video-preview:-1\" \/>\n<link rel=\"canonical\" href=\"https:\/\/modoviajeok.com.ar\/index.php\/2025\/11\/07\/tintos-y-tintas-arte-vino-y-cultura-en-una-jornada-unica-en-san-javier-y-yacanto\/\" \/>\n<meta property=\"og:locale\" content=\"es_ES\" \/>\n<meta property=\"og:type\" content=\"article\" \/>\n<meta property=\"og:title\" content=\"\u201cTintos y Tintas\u201d: arte, vino y cultura en una jornada \u00fanica en San Javier y Yacanto -\" \/>\n<meta property=\"og:description\" content=\"El encuentro ser\u00e1 el s\u00e1bado 8 de noviembre, de 11:00 a 16:30, en el Balneario Municipal de San Javier, con una propuesta que inluir\u00e1 m\u00fasica, gastronom\u00eda y espect\u00e1culos en vivo. La C\u00e1mara de Turismo de San Javier, con el auspicio del Municipio de San Javier y Yacanto y de la Agencia C\u00f3rdoba Turismo, presenta el [&hellip;]\" \/>\n<meta property=\"og:url\" content=\"https:\/\/modoviajeok.com.ar\/index.php\/2025\/11\/07\/tintos-y-tintas-arte-vino-y-cultura-en-una-jornada-unica-en-san-javier-y-yacanto\/\" \/>\n<meta property=\"article:publisher\" content=\"https:\/\/www.facebook.com\/mariana.otero1\/\" \/>\n<meta property=\"article:published_time\" content=\"2025-11-07T22:48:33+00:00\" \/>\n<meta property=\"article:modified_time\" content=\"2025-11-10T00:05:11+00:00\" \/>\n<meta property=\"og:image\" content=\"https:\/\/modoviajeok.com.ar\/wp-content\/uploads\/2025\/10\/WhatsApp-Image-2025-10-29-at-17.28.35-1.jpeg\" \/>\n\t<meta property=\"og:image:width\" content=\"720\" \/>\n\t<meta property=\"og:image:height\" content=\"1280\" \/>\n\t<meta property=\"og:image:type\" content=\"image\/jpeg\" \/>\n<meta name=\"author\" content=\"Pepe Segura\" \/>\n<meta name=\"twitter:card\" content=\"summary_large_image\" \/>\n<meta name=\"twitter:label1\" content=\"Escrito por\" \/>\n\t<meta name=\"twitter:data1\" content=\"Pepe Segura\" \/>\n\t<meta name=\"twitter:label2\" content=\"Tiempo de lectura\" \/>\n\t<meta name=\"twitter:data2\" content=\"2 minutos\" \/>\n<script type=\"application\/ld+json\" class=\"yoast-schema-graph\">{\"@context\":\"https:\/\/schema.org\",\"@graph\":[{\"@type\":\"Article\",\"@id\":\"https:\/\/modoviajeok.com.ar\/index.php\/2025\/11\/07\/tintos-y-tintas-arte-vino-y-cultura-en-una-jornada-unica-en-san-javier-y-yacanto\/#article\",\"isPartOf\":{\"@id\":\"https:\/\/modoviajeok.com.ar\/index.php\/2025\/11\/07\/tintos-y-tintas-arte-vino-y-cultura-en-una-jornada-unica-en-san-javier-y-yacanto\/\"},\"author\":{\"name\":\"Pepe Segura\",\"@id\":\"https:\/\/modoviajeok.com.ar\/#\/schema\/person\/2e299ed0d3d412a01d244fe28260d7f5\"},\"headline\":\"\u201cTintos y Tintas\u201d: arte, vino y cultura en una jornada \u00fanica en San Javier y Yacanto\",\"datePublished\":\"2025-11-07T22:48:33+00:00\",\"dateModified\":\"2025-11-10T00:05:11+00:00\",\"mainEntityOfPage\":{\"@id\":\"https:\/\/modoviajeok.com.ar\/index.php\/2025\/11\/07\/tintos-y-tintas-arte-vino-y-cultura-en-una-jornada-unica-en-san-javier-y-yacanto\/\"},\"wordCount\":356,\"commentCount\":0,\"publisher\":{\"@id\":\"https:\/\/modoviajeok.com.ar\/#organization\"},\"image\":{\"@id\":\"https:\/\/modoviajeok.com.ar\/index.php\/2025\/11\/07\/tintos-y-tintas-arte-vino-y-cultura-en-una-jornada-unica-en-san-javier-y-yacanto\/#primaryimage\"},\"thumbnailUrl\":\"https:\/\/modoviajeok.com.ar\/wp-content\/uploads\/2025\/10\/WhatsApp-Image-2025-10-29-at-17.28.35-1.jpeg\",\"keywords\":[\"san javier y yacanto\",\"tintos y tintas\",\"valle de traslasierra\"],\"articleSection\":[\"C\u00f3rdoba\"],\"inLanguage\":\"es\",\"potentialAction\":[{\"@type\":\"CommentAction\",\"name\":\"Comment\",\"target\":[\"https:\/\/modoviajeok.com.ar\/index.php\/2025\/11\/07\/tintos-y-tintas-arte-vino-y-cultura-en-una-jornada-unica-en-san-javier-y-yacanto\/#respond\"]}]},{\"@type\":\"WebPage\",\"@id\":\"https:\/\/modoviajeok.com.ar\/index.php\/2025\/11\/07\/tintos-y-tintas-arte-vino-y-cultura-en-una-jornada-unica-en-san-javier-y-yacanto\/\",\"url\":\"https:\/\/modoviajeok.com.ar\/index.php\/2025\/11\/07\/tintos-y-tintas-arte-vino-y-cultura-en-una-jornada-unica-en-san-javier-y-yacanto\/\",\"name\":\"\u201cTintos y Tintas\u201d: arte, vino y cultura en una jornada \u00fanica en San Javier y Yacanto -\",\"isPartOf\":{\"@id\":\"https:\/\/modoviajeok.com.ar\/#website\"},\"primaryImageOfPage\":{\"@id\":\"https:\/\/modoviajeok.com.ar\/index.php\/2025\/11\/07\/tintos-y-tintas-arte-vino-y-cultura-en-una-jornada-unica-en-san-javier-y-yacanto\/#primaryimage\"},\"image\":{\"@id\":\"https:\/\/modoviajeok.com.ar\/index.php\/2025\/11\/07\/tintos-y-tintas-arte-vino-y-cultura-en-una-jornada-unica-en-san-javier-y-yacanto\/#primaryimage\"},\"thumbnailUrl\":\"https:\/\/modoviajeok.com.ar\/wp-content\/uploads\/2025\/10\/WhatsApp-Image-2025-10-29-at-17.28.35-1.jpeg\",\"datePublished\":\"2025-11-07T22:48:33+00:00\",\"dateModified\":\"2025-11-10T00:05:11+00:00\",\"breadcrumb\":{\"@id\":\"https:\/\/modoviajeok.com.ar\/index.php\/2025\/11\/07\/tintos-y-tintas-arte-vino-y-cultura-en-una-jornada-unica-en-san-javier-y-yacanto\/#breadcrumb\"},\"inLanguage\":\"es\",\"potentialAction\":[{\"@type\":\"ReadAction\",\"target\":[\"https:\/\/modoviajeok.com.ar\/index.php\/2025\/11\/07\/tintos-y-tintas-arte-vino-y-cultura-en-una-jornada-unica-en-san-javier-y-yacanto\/\"]}]},{\"@type\":\"ImageObject\",\"inLanguage\":\"es\",\"@id\":\"https:\/\/modoviajeok.com.ar\/index.php\/2025\/11\/07\/tintos-y-tintas-arte-vino-y-cultura-en-una-jornada-unica-en-san-javier-y-yacanto\/#primaryimage\",\"url\":\"https:\/\/modoviajeok.com.ar\/wp-content\/uploads\/2025\/10\/WhatsApp-Image-2025-10-29-at-17.28.35-1.jpeg\",\"contentUrl\":\"https:\/\/modoviajeok.com.ar\/wp-content\/uploads\/2025\/10\/WhatsApp-Image-2025-10-29-at-17.28.35-1.jpeg\",\"width\":720,\"height\":1280},{\"@type\":\"BreadcrumbList\",\"@id\":\"https:\/\/modoviajeok.com.ar\/index.php\/2025\/11\/07\/tintos-y-tintas-arte-vino-y-cultura-en-una-jornada-unica-en-san-javier-y-yacanto\/#breadcrumb\",\"itemListElement\":[{\"@type\":\"ListItem\",\"position\":1,\"name\":\"Portada\",\"item\":\"https:\/\/modoviajeok.com.ar\/\"},{\"@type\":\"ListItem\",\"position\":2,\"name\":\"\u201cTintos y Tintas\u201d: arte, vino y cultura en una jornada \u00fanica en San Javier y Yacanto\"}]},{\"@type\":\"WebSite\",\"@id\":\"https:\/\/modoviajeok.com.ar\/#website\",\"url\":\"https:\/\/modoviajeok.com.ar\/\",\"name\":\"ModoViajeOK\",\"description\":\"\",\"publisher\":{\"@id\":\"https:\/\/modoviajeok.com.ar\/#organization\"},\"potentialAction\":[{\"@type\":\"SearchAction\",\"target\":{\"@type\":\"EntryPoint\",\"urlTemplate\":\"https:\/\/modoviajeok.com.ar\/?s={search_term_string}\"},\"query-input\":{\"@type\":\"PropertyValueSpecification\",\"valueRequired\":true,\"valueName\":\"search_term_string\"}}],\"inLanguage\":\"es\"},{\"@type\":\"Organization\",\"@id\":\"https:\/\/modoviajeok.com.ar\/#organization\",\"name\":\"ModoViajeOK\",\"url\":\"https:\/\/modoviajeok.com.ar\/\",\"logo\":{\"@type\":\"ImageObject\",\"inLanguage\":\"es\",\"@id\":\"https:\/\/modoviajeok.com.ar\/#\/schema\/logo\/image\/\",\"url\":\"https:\/\/modoviajeok.com.ar\/wp-content\/uploads\/2025\/01\/Logo-modoviajeok.png\",\"contentUrl\":\"https:\/\/modoviajeok.com.ar\/wp-content\/uploads\/2025\/01\/Logo-modoviajeok.png\",\"width\":2938,\"height\":2276,\"caption\":\"ModoViajeOK\"},\"image\":{\"@id\":\"https:\/\/modoviajeok.com.ar\/#\/schema\/logo\/image\/\"},\"sameAs\":[\"https:\/\/www.facebook.com\/mariana.otero1\/\",\"https:\/\/www.instagram.com\/modoviaje.ok\/\"]},{\"@type\":\"Person\",\"@id\":\"https:\/\/modoviajeok.com.ar\/#\/schema\/person\/2e299ed0d3d412a01d244fe28260d7f5\",\"name\":\"Pepe Segura\",\"image\":{\"@type\":\"ImageObject\",\"inLanguage\":\"es\",\"@id\":\"https:\/\/modoviajeok.com.ar\/#\/schema\/person\/image\/\",\"url\":\"https:\/\/secure.gravatar.com\/avatar\/65eb4b34deed761327f5b2c5535b987318ae807900ac46426de7258f5de6d345?s=96&d=mm&r=g\",\"contentUrl\":\"https:\/\/secure.gravatar.com\/avatar\/65eb4b34deed761327f5b2c5535b987318ae807900ac46426de7258f5de6d345?s=96&d=mm&r=g\",\"caption\":\"Pepe Segura\"},\"url\":\"https:\/\/modoviajeok.com.ar\/index.php\/author\/pepe2025\/\"}]}<\/script>\n<!-- \/ Yoast SEO plugin. -->","yoast_head_json":{"title":"\u201cTintos y Tintas\u201d: arte, vino y cultura en una jornada \u00fanica en San Javier y Yacanto -","robots":{"index":"index","follow":"follow","max-snippet":"max-snippet:-1","max-image-preview":"max-image-preview:large","max-video-preview":"max-video-preview:-1"},"canonical":"https:\/\/modoviajeok.com.ar\/index.php\/2025\/11\/07\/tintos-y-tintas-arte-vino-y-cultura-en-una-jornada-unica-en-san-javier-y-yacanto\/","og_locale":"es_ES","og_type":"article","og_title":"\u201cTintos y Tintas\u201d: arte, vino y cultura en una jornada \u00fanica en San Javier y Yacanto -","og_description":"El encuentro ser\u00e1 el s\u00e1bado 8 de noviembre, de 11:00 a 16:30, en el Balneario Municipal de San Javier, con una propuesta que inluir\u00e1 m\u00fasica, gastronom\u00eda y espect\u00e1culos en vivo. La C\u00e1mara de Turismo de San Javier, con el auspicio del Municipio de San Javier y Yacanto y de la Agencia C\u00f3rdoba Turismo, presenta el [&hellip;]","og_url":"https:\/\/modoviajeok.com.ar\/index.php\/2025\/11\/07\/tintos-y-tintas-arte-vino-y-cultura-en-una-jornada-unica-en-san-javier-y-yacanto\/","article_publisher":"https:\/\/www.facebook.com\/mariana.otero1\/","article_published_time":"2025-11-07T22:48:33+00:00","article_modified_time":"2025-11-10T00:05:11+00:00","og_image":[{"width":720,"height":1280,"url":"https:\/\/modoviajeok.com.ar\/wp-content\/uploads\/2025\/10\/WhatsApp-Image-2025-10-29-at-17.28.35-1.jpeg","type":"image\/jpeg"}],"author":"Pepe Segura","twitter_card":"summary_large_image","twitter_misc":{"Escrito por":"Pepe Segura","Tiempo de lectura":"2 minutos"},"schema":{"@context":"https:\/\/schema.org","@graph":[{"@type":"Article","@id":"https:\/\/modoviajeok.com.ar\/index.php\/2025\/11\/07\/tintos-y-tintas-arte-vino-y-cultura-en-una-jornada-unica-en-san-javier-y-yacanto\/#article","isPartOf":{"@id":"https:\/\/modoviajeok.com.ar\/index.php\/2025\/11\/07\/tintos-y-tintas-arte-vino-y-cultura-en-una-jornada-unica-en-san-javier-y-yacanto\/"},"author":{"name":"Pepe Segura","@id":"https:\/\/modoviajeok.com.ar\/#\/schema\/person\/2e299ed0d3d412a01d244fe28260d7f5"},"headline":"\u201cTintos y Tintas\u201d: arte, vino y cultura en una jornada \u00fanica en San Javier y Yacanto","datePublished":"2025-11-07T22:48:33+00:00","dateModified":"2025-11-10T00:05:11+00:00","mainEntityOfPage":{"@id":"https:\/\/modoviajeok.com.ar\/index.php\/2025\/11\/07\/tintos-y-tintas-arte-vino-y-cultura-en-una-jornada-unica-en-san-javier-y-yacanto\/"},"wordCount":356,"commentCount":0,"publisher":{"@id":"https:\/\/modoviajeok.com.ar\/#organization"},"image":{"@id":"https:\/\/modoviajeok.com.ar\/index.php\/2025\/11\/07\/tintos-y-tintas-arte-vino-y-cultura-en-una-jornada-unica-en-san-javier-y-yacanto\/#primaryimage"},"thumbnailUrl":"https:\/\/modoviajeok.com.ar\/wp-content\/uploads\/2025\/10\/WhatsApp-Image-2025-10-29-at-17.28.35-1.jpeg","keywords":["san javier y yacanto","tintos y tintas","valle de traslasierra"],"articleSection":["C\u00f3rdoba"],"inLanguage":"es","potentialAction":[{"@type":"CommentAction","name":"Comment","target":["https:\/\/modoviajeok.com.ar\/index.php\/2025\/11\/07\/tintos-y-tintas-arte-vino-y-cultura-en-una-jornada-unica-en-san-javier-y-yacanto\/#respond"]}]},{"@type":"WebPage","@id":"https:\/\/modoviajeok.com.ar\/index.php\/2025\/11\/07\/tintos-y-tintas-arte-vino-y-cultura-en-una-jornada-unica-en-san-javier-y-yacanto\/","url":"https:\/\/modoviajeok.com.ar\/index.php\/2025\/11\/07\/tintos-y-tintas-arte-vino-y-cultura-en-una-jornada-unica-en-san-javier-y-yacanto\/","name":"\u201cTintos y Tintas\u201d: arte, vino y cultura en una jornada \u00fanica en San Javier y Yacanto -","isPartOf":{"@id":"https:\/\/modoviajeok.com.ar\/#website"},"primaryImageOfPage":{"@id":"https:\/\/modoviajeok.com.ar\/index.php\/2025\/11\/07\/tintos-y-tintas-arte-vino-y-cultura-en-una-jornada-unica-en-san-javier-y-yacanto\/#primaryimage"},"image":{"@id":"https:\/\/modoviajeok.com.ar\/index.php\/2025\/11\/07\/tintos-y-tintas-arte-vino-y-cultura-en-una-jornada-unica-en-san-javier-y-yacanto\/#primaryimage"},"thumbnailUrl":"https:\/\/modoviajeok.com.ar\/wp-content\/uploads\/2025\/10\/WhatsApp-Image-2025-10-29-at-17.28.35-1.jpeg","datePublished":"2025-11-07T22:48:33+00:00","dateModified":"2025-11-10T00:05:11+00:00","breadcrumb":{"@id":"https:\/\/modoviajeok.com.ar\/index.php\/2025\/11\/07\/tintos-y-tintas-arte-vino-y-cultura-en-una-jornada-unica-en-san-javier-y-yacanto\/#breadcrumb"},"inLanguage":"es","potentialAction":[{"@type":"ReadAction","target":["https:\/\/modoviajeok.com.ar\/index.php\/2025\/11\/07\/tintos-y-tintas-arte-vino-y-cultura-en-una-jornada-unica-en-san-javier-y-yacanto\/"]}]},{"@type":"ImageObject","inLanguage":"es","@id":"https:\/\/modoviajeok.com.ar\/index.php\/2025\/11\/07\/tintos-y-tintas-arte-vino-y-cultura-en-una-jornada-unica-en-san-javier-y-yacanto\/#primaryimage","url":"https:\/\/modoviajeok.com.ar\/wp-content\/uploads\/2025\/10\/WhatsApp-Image-2025-10-29-at-17.28.35-1.jpeg","contentUrl":"https:\/\/modoviajeok.com.ar\/wp-content\/uploads\/2025\/10\/WhatsApp-Image-2025-10-29-at-17.28.35-1.jpeg","width":720,"height":1280},{"@type":"BreadcrumbList","@id":"https:\/\/modoviajeok.com.ar\/index.php\/2025\/11\/07\/tintos-y-tintas-arte-vino-y-cultura-en-una-jornada-unica-en-san-javier-y-yacanto\/#breadcrumb","itemListElement":[{"@type":"ListItem","position":1,"name":"Portada","item":"https:\/\/modoviajeok.com.ar\/"},{"@type":"ListItem","position":2,"name":"\u201cTintos y Tintas\u201d: arte, vino y cultura en una jornada \u00fanica en San Javier y Yacanto"}]},{"@type":"WebSite","@id":"https:\/\/modoviajeok.com.ar\/#website","url":"https:\/\/modoviajeok.com.ar\/","name":"ModoViajeOK","description":"","publisher":{"@id":"https:\/\/modoviajeok.com.ar\/#organization"},"potentialAction":[{"@type":"SearchAction","target":{"@type":"EntryPoint","urlTemplate":"https:\/\/modoviajeok.com.ar\/?s={search_term_string}"},"query-input":{"@type":"PropertyValueSpecification","valueRequired":true,"valueName":"search_term_string"}}],"inLanguage":"es"},{"@type":"Organization","@id":"https:\/\/modoviajeok.com.ar\/#organization","name":"ModoViajeOK","url":"https:\/\/modoviajeok.com.ar\/","logo":{"@type":"ImageObject","inLanguage":"es","@id":"https:\/\/modoviajeok.com.ar\/#\/schema\/logo\/image\/","url":"https:\/\/modoviajeok.com.ar\/wp-content\/uploads\/2025\/01\/Logo-modoviajeok.png","contentUrl":"https:\/\/modoviajeok.com.ar\/wp-content\/uploads\/2025\/01\/Logo-modoviajeok.png","width":2938,"height":2276,"caption":"ModoViajeOK"},"image":{"@id":"https:\/\/modoviajeok.com.ar\/#\/schema\/logo\/image\/"},"sameAs":["https:\/\/www.facebook.com\/mariana.otero1\/","https:\/\/www.instagram.com\/modoviaje.ok\/"]},{"@type":"Person","@id":"https:\/\/modoviajeok.com.ar\/#\/schema\/person\/2e299ed0d3d412a01d244fe28260d7f5","name":"Pepe Segura","image":{"@type":"ImageObject","inLanguage":"es","@id":"https:\/\/modoviajeok.com.ar\/#\/schema\/person\/image\/","url":"https:\/\/secure.gravatar.com\/avatar\/65eb4b34deed761327f5b2c5535b987318ae807900ac46426de7258f5de6d345?s=96&d=mm&r=g","contentUrl":"https:\/\/secure.gravatar.com\/avatar\/65eb4b34deed761327f5b2c5535b987318ae807900ac46426de7258f5de6d345?s=96&d=mm&r=g","caption":"Pepe Segura"},"url":"https:\/\/modoviajeok.com.ar\/index.php\/author\/pepe2025\/"}]}},"_links":{"self":[{"href":"https:\/\/modoviajeok.com.ar\/index.php\/wp-json\/wp\/v2\/posts\/6067","targetHints":{"allow":["GET"]}}],"collection":[{"href":"https:\/\/modoviajeok.com.ar\/index.php\/wp-json\/wp\/v2\/posts"}],"about":[{"href":"https:\/\/modoviajeok.com.ar\/index.php\/wp-json\/wp\/v2\/types\/post"}],"author":[{"embeddable":true,"href":"https:\/\/modoviajeok.com.ar\/index.php\/wp-json\/wp\/v2\/users\/3"}],"replies":[{"embeddable":true,"href":"https:\/\/modoviajeok.com.ar\/index.php\/wp-json\/wp\/v2\/comments?post=6067"}],"version-history":[{"count":2,"href":"https:\/\/modoviajeok.com.ar\/index.php\/wp-json\/wp\/v2\/posts\/6067\/revisions"}],"predecessor-version":[{"id":6098,"href":"https:\/\/modoviajeok.com.ar\/index.php\/wp-json\/wp\/v2\/posts\/6067\/revisions\/6098"}],"wp:featuredmedia":[{"embeddable":true,"href":"https:\/\/modoviajeok.com.ar\/index.php\/wp-json\/wp\/v2\/media\/6097"}],"wp:attachment":[{"href":"https:\/\/modoviajeok.com.ar\/index.php\/wp-json\/wp\/v2\/media?parent=6067"}],"wp:term":[{"taxonomy":"category","embeddable":true,"href":"https:\/\/modoviajeok.com.ar\/index.php\/wp-json\/wp\/v2\/categories?post=6067"},{"taxonomy":"post_tag","embeddable":true,"href":"https:\/\/modoviajeok.com.ar\/index.php\/wp-json\/wp\/v2\/tags?post=6067"}],"curies":[{"name":"wp","href":"https:\/\/api.w.org\/{rel}","templated":true}]}}