{"id":6114,"date":"2025-10-30T20:59:58","date_gmt":"2025-10-30T23:59:58","guid":{"rendered":"https:\/\/modoviajeok.com.ar\/?p=6114"},"modified":"2025-10-30T20:59:59","modified_gmt":"2025-10-30T23:59:59","slug":"370-inscriptos-participan-de-las-jornadas-nacionales-del-vino-en-cordoba","status":"publish","type":"post","link":"https:\/\/modoviajeok.com.ar\/index.php\/2025\/10\/30\/370-inscriptos-participan-de-las-jornadas-nacionales-del-vino-en-cordoba\/","title":{"rendered":"370 inscriptos participan de las Jornadas Nacionales del Vino en C\u00f3rdoba"},"content":{"rendered":"\n<figure class=\"wp-block-pullquote\"><blockquote><p>La quinta edici\u00f3n comenz\u00f3 en C\u00f3rdoba, con la participaci\u00f3n de bodegas, estudiantes y agencias de viajes y la presencia de representantes de distintas administraciones p\u00fablicas.<\/p><\/blockquote><\/figure>\n\n\n\n<p><\/p>\n\n\n\n<p>Las V Jornadas Nacionales de Turismo del Vino comenzaron \u00a0en C\u00f3rdoba, organizadas por la Secretar\u00eda de Turismo, Ambiente y Deportes de la Naci\u00f3n, la Agencia C\u00f3rdoba Turismo, la Corporaci\u00f3n Vitivin\u00edcola Argentina (COVIAR), la C\u00e1mara Argentina de Turismo (CAT) y la C\u00e1mara de Bodegas y Productores Vitivin\u00edcolas de la Provincia de C\u00f3rdoba (CaByP), instituciones que encararon un trabajo articulado para la realizaci\u00f3n de este encuentro anual y federal de enoturismo.<br><br>Con la participaci\u00f3n de 370 inscriptos -bodegas, estudiantes y agencias de viaje- y representantes p\u00fablicos y privados, las presentaciones incluyeron nuevos destinos y circuitos vinculados al vino en las provincias de Entre R\u00edos, Jujuy, C\u00f3rdoba y Buenos Aires, adem\u00e1s de experiencias innovadoras de bodegas tur\u00edsticas en la Ciudad de Buenos Aires, Valle de Uco (Mendoza), Valles Calchaqu\u00edes (Salta) y Valle de Calamuchita (C\u00f3rdoba).<br><br>C\u00f3rdoba, la provincia anfitriona, es uno de los principales destinos enotur\u00edsticos de la Argentina, con 42 bodegas abiertas en siete regiones vitivin\u00edcolas consolidadas en sus Caminos del Vino.<br><br>En la jornada inaugural, se abord\u00f3 el valor del binomio vino y cocina argentina y c\u00f3mo el turista demanda experiencias integrales de sabores en las bodegas que cuentan con este tipo de servicio.<br><br>Tambi\u00e9n se brindaron herramientas para mejorar la cadena de valor, afianzar la identidad enogastron\u00f3mica, la comercializaci\u00f3n y el posicionamiento del producto a nivel nacional e internacional.<br><br>Para el cierre de las jornadas se conform\u00f3 un Espacio Federal de Vinos, con la participaci\u00f3n de bodegas de las provincias de Mendoza, San Luis, San Juan, Jujuy, Salta, Tucum\u00e1n, Catamarca, Entre R\u00edos, Buenos Aires, Neuqu\u00e9n y C\u00f3rdoba.<br><br>La Secretar\u00eda de Turismo, Ambiente y Deportes acompa\u00f1a y fortalece el enoturismo en la Argentina, un producto federal que actualmente se ofrece en diecisiete provincias, cuenta con m\u00e1s de 400 bodegas abiertas al turismo y contin\u00faa en permanente crecimiento.<\/p>\n\n\n\n<p><br><\/p>\n\n\n      <div class=\"wp_bannerize_container wp_bannerize_layout_vertical\">\n\n        <div class=\"wp_bannerize_banner_box wp_bannerize_category_intertexto-1\" data-title=\"Modo viaje\" data-mime_type=\"image-gif\" data-banner_id=\"1783\" id=\"wpbanner-1783\" data-impressions_enabled=\"true\" data-clicks_enabled=\"true\"><a href=\"https:\/\/www.instagram.com\/modoviaje.ok?igsh=Z3c5emxsZWFtdXN3\"><img decoding=\"async\" border=\"0\" src=\"https:\/\/modoviajeok.com.ar\/wp-content\/uploads\/2025\/02\/modoviaje.ok-300-x-250-px.gif\" alt=\"Modo viaje\" title=\"Modo viaje\" \/><\/a><\/div>      <\/div>\n\n\n","protected":false},"excerpt":{"rendered":"<p>La quinta edici\u00f3n comenz\u00f3 en C\u00f3rdoba, con la participaci\u00f3n de bodegas, estudiantes y agencias de viajes y la presencia de representantes de distintas administraciones p\u00fablicas. Las V Jornadas Nacionales de Turismo del Vino comenzaron \u00a0en C\u00f3rdoba, organizadas por la Secretar\u00eda de Turismo, Ambiente y Deportes de la Naci\u00f3n, la Agencia C\u00f3rdoba Turismo, la Corporaci\u00f3n Vitivin\u00edcola [&hellip;]<\/p>\n","protected":false},"author":3,"featured_media":6116,"comment_status":"open","ping_status":"open","sticky":false,"template":"","format":"standard","meta":{"_acf_changed":false,"footnotes":""},"categories":[11,10],"tags":[1337,1338,1336,1335],"class_list":{"0":"post-6114","1":"post","2":"type-post","3":"status-publish","4":"format-standard","5":"has-post-thumbnail","7":"category-cordoba","8":"category-noticias","9":"tag-camara-argentina-de-turismo","10":"tag-camara-de-bodegas-y-productores-de-la-provincia-de-cordoba","11":"tag-corporacion-vitivinicola-argentina","12":"tag-jornadas-nacionales-de-turismo-del-vino"},"acf":[],"yoast_head":"<!-- This site is optimized with the Yoast SEO plugin v24.8.1 - https:\/\/yoast.com\/wordpress\/plugins\/seo\/ -->\n<title>370 inscriptos participan de las Jornadas Nacionales del Vino en C\u00f3rdoba -<\/title>\n<meta name=\"robots\" content=\"index, follow, max-snippet:-1, max-image-preview:large, max-video-preview:-1\" \/>\n<link rel=\"canonical\" href=\"https:\/\/modoviajeok.com.ar\/index.php\/2025\/10\/30\/370-inscriptos-participan-de-las-jornadas-nacionales-del-vino-en-cordoba\/\" \/>\n<meta property=\"og:locale\" content=\"es_ES\" \/>\n<meta property=\"og:type\" content=\"article\" \/>\n<meta property=\"og:title\" content=\"370 inscriptos participan de las Jornadas Nacionales del Vino en C\u00f3rdoba -\" \/>\n<meta property=\"og:description\" content=\"La quinta edici\u00f3n comenz\u00f3 en C\u00f3rdoba, con la participaci\u00f3n de bodegas, estudiantes y agencias de viajes y la presencia de representantes de distintas administraciones p\u00fablicas. Las V Jornadas Nacionales de Turismo del Vino comenzaron \u00a0en C\u00f3rdoba, organizadas por la Secretar\u00eda de Turismo, Ambiente y Deportes de la Naci\u00f3n, la Agencia C\u00f3rdoba Turismo, la Corporaci\u00f3n Vitivin\u00edcola [&hellip;]\" \/>\n<meta property=\"og:url\" content=\"https:\/\/modoviajeok.com.ar\/index.php\/2025\/10\/30\/370-inscriptos-participan-de-las-jornadas-nacionales-del-vino-en-cordoba\/\" \/>\n<meta property=\"article:publisher\" content=\"https:\/\/www.facebook.com\/mariana.otero1\/\" \/>\n<meta property=\"article:published_time\" content=\"2025-10-30T23:59:58+00:00\" \/>\n<meta property=\"article:modified_time\" content=\"2025-10-30T23:59:59+00:00\" \/>\n<meta property=\"og:image\" content=\"https:\/\/modoviajeok.com.ar\/wp-content\/uploads\/2025\/10\/V-Jornadas-del-Turismo-del-Vino.jpeg\" \/>\n\t<meta property=\"og:image:width\" content=\"1280\" \/>\n\t<meta property=\"og:image:height\" content=\"960\" \/>\n\t<meta property=\"og:image:type\" content=\"image\/jpeg\" \/>\n<meta name=\"author\" content=\"Pepe Segura\" \/>\n<meta name=\"twitter:card\" content=\"summary_large_image\" \/>\n<meta name=\"twitter:label1\" content=\"Escrito por\" \/>\n\t<meta name=\"twitter:data1\" content=\"Pepe Segura\" \/>\n\t<meta name=\"twitter:label2\" content=\"Tiempo de lectura\" \/>\n\t<meta name=\"twitter:data2\" content=\"2 minutos\" \/>\n<script type=\"application\/ld+json\" class=\"yoast-schema-graph\">{\"@context\":\"https:\/\/schema.org\",\"@graph\":[{\"@type\":\"Article\",\"@id\":\"https:\/\/modoviajeok.com.ar\/index.php\/2025\/10\/30\/370-inscriptos-participan-de-las-jornadas-nacionales-del-vino-en-cordoba\/#article\",\"isPartOf\":{\"@id\":\"https:\/\/modoviajeok.com.ar\/index.php\/2025\/10\/30\/370-inscriptos-participan-de-las-jornadas-nacionales-del-vino-en-cordoba\/\"},\"author\":{\"name\":\"Pepe Segura\",\"@id\":\"https:\/\/modoviajeok.com.ar\/#\/schema\/person\/2e299ed0d3d412a01d244fe28260d7f5\"},\"headline\":\"370 inscriptos participan de las Jornadas Nacionales del Vino en C\u00f3rdoba\",\"datePublished\":\"2025-10-30T23:59:58+00:00\",\"dateModified\":\"2025-10-30T23:59:59+00:00\",\"mainEntityOfPage\":{\"@id\":\"https:\/\/modoviajeok.com.ar\/index.php\/2025\/10\/30\/370-inscriptos-participan-de-las-jornadas-nacionales-del-vino-en-cordoba\/\"},\"wordCount\":375,\"commentCount\":0,\"publisher\":{\"@id\":\"https:\/\/modoviajeok.com.ar\/#organization\"},\"image\":{\"@id\":\"https:\/\/modoviajeok.com.ar\/index.php\/2025\/10\/30\/370-inscriptos-participan-de-las-jornadas-nacionales-del-vino-en-cordoba\/#primaryimage\"},\"thumbnailUrl\":\"https:\/\/modoviajeok.com.ar\/wp-content\/uploads\/2025\/10\/V-Jornadas-del-Turismo-del-Vino.jpeg\",\"keywords\":[\"camara argentina de turismo\",\"camara de bodegas y productores de la provincia de cordoba\",\"corporacion vitivin\u00edcola argentina\",\"Jornadas Nacionales de Turismo del Vino\"],\"articleSection\":[\"C\u00f3rdoba\",\"Noticias\"],\"inLanguage\":\"es\",\"potentialAction\":[{\"@type\":\"CommentAction\",\"name\":\"Comment\",\"target\":[\"https:\/\/modoviajeok.com.ar\/index.php\/2025\/10\/30\/370-inscriptos-participan-de-las-jornadas-nacionales-del-vino-en-cordoba\/#respond\"]}]},{\"@type\":\"WebPage\",\"@id\":\"https:\/\/modoviajeok.com.ar\/index.php\/2025\/10\/30\/370-inscriptos-participan-de-las-jornadas-nacionales-del-vino-en-cordoba\/\",\"url\":\"https:\/\/modoviajeok.com.ar\/index.php\/2025\/10\/30\/370-inscriptos-participan-de-las-jornadas-nacionales-del-vino-en-cordoba\/\",\"name\":\"370 inscriptos participan de las Jornadas Nacionales del Vino en C\u00f3rdoba -\",\"isPartOf\":{\"@id\":\"https:\/\/modoviajeok.com.ar\/#website\"},\"primaryImageOfPage\":{\"@id\":\"https:\/\/modoviajeok.com.ar\/index.php\/2025\/10\/30\/370-inscriptos-participan-de-las-jornadas-nacionales-del-vino-en-cordoba\/#primaryimage\"},\"image\":{\"@id\":\"https:\/\/modoviajeok.com.ar\/index.php\/2025\/10\/30\/370-inscriptos-participan-de-las-jornadas-nacionales-del-vino-en-cordoba\/#primaryimage\"},\"thumbnailUrl\":\"https:\/\/modoviajeok.com.ar\/wp-content\/uploads\/2025\/10\/V-Jornadas-del-Turismo-del-Vino.jpeg\",\"datePublished\":\"2025-10-30T23:59:58+00:00\",\"dateModified\":\"2025-10-30T23:59:59+00:00\",\"breadcrumb\":{\"@id\":\"https:\/\/modoviajeok.com.ar\/index.php\/2025\/10\/30\/370-inscriptos-participan-de-las-jornadas-nacionales-del-vino-en-cordoba\/#breadcrumb\"},\"inLanguage\":\"es\",\"potentialAction\":[{\"@type\":\"ReadAction\",\"target\":[\"https:\/\/modoviajeok.com.ar\/index.php\/2025\/10\/30\/370-inscriptos-participan-de-las-jornadas-nacionales-del-vino-en-cordoba\/\"]}]},{\"@type\":\"ImageObject\",\"inLanguage\":\"es\",\"@id\":\"https:\/\/modoviajeok.com.ar\/index.php\/2025\/10\/30\/370-inscriptos-participan-de-las-jornadas-nacionales-del-vino-en-cordoba\/#primaryimage\",\"url\":\"https:\/\/modoviajeok.com.ar\/wp-content\/uploads\/2025\/10\/V-Jornadas-del-Turismo-del-Vino.jpeg\",\"contentUrl\":\"https:\/\/modoviajeok.com.ar\/wp-content\/uploads\/2025\/10\/V-Jornadas-del-Turismo-del-Vino.jpeg\",\"width\":1280,\"height\":960},{\"@type\":\"BreadcrumbList\",\"@id\":\"https:\/\/modoviajeok.com.ar\/index.php\/2025\/10\/30\/370-inscriptos-participan-de-las-jornadas-nacionales-del-vino-en-cordoba\/#breadcrumb\",\"itemListElement\":[{\"@type\":\"ListItem\",\"position\":1,\"name\":\"Portada\",\"item\":\"https:\/\/modoviajeok.com.ar\/\"},{\"@type\":\"ListItem\",\"position\":2,\"name\":\"370 inscriptos participan de las Jornadas Nacionales del Vino en C\u00f3rdoba\"}]},{\"@type\":\"WebSite\",\"@id\":\"https:\/\/modoviajeok.com.ar\/#website\",\"url\":\"https:\/\/modoviajeok.com.ar\/\",\"name\":\"ModoViajeOK\",\"description\":\"\",\"publisher\":{\"@id\":\"https:\/\/modoviajeok.com.ar\/#organization\"},\"potentialAction\":[{\"@type\":\"SearchAction\",\"target\":{\"@type\":\"EntryPoint\",\"urlTemplate\":\"https:\/\/modoviajeok.com.ar\/?s={search_term_string}\"},\"query-input\":{\"@type\":\"PropertyValueSpecification\",\"valueRequired\":true,\"valueName\":\"search_term_string\"}}],\"inLanguage\":\"es\"},{\"@type\":\"Organization\",\"@id\":\"https:\/\/modoviajeok.com.ar\/#organization\",\"name\":\"ModoViajeOK\",\"url\":\"https:\/\/modoviajeok.com.ar\/\",\"logo\":{\"@type\":\"ImageObject\",\"inLanguage\":\"es\",\"@id\":\"https:\/\/modoviajeok.com.ar\/#\/schema\/logo\/image\/\",\"url\":\"https:\/\/modoviajeok.com.ar\/wp-content\/uploads\/2025\/01\/Logo-modoviajeok.png\",\"contentUrl\":\"https:\/\/modoviajeok.com.ar\/wp-content\/uploads\/2025\/01\/Logo-modoviajeok.png\",\"width\":2938,\"height\":2276,\"caption\":\"ModoViajeOK\"},\"image\":{\"@id\":\"https:\/\/modoviajeok.com.ar\/#\/schema\/logo\/image\/\"},\"sameAs\":[\"https:\/\/www.facebook.com\/mariana.otero1\/\",\"https:\/\/www.instagram.com\/modoviaje.ok\/\"]},{\"@type\":\"Person\",\"@id\":\"https:\/\/modoviajeok.com.ar\/#\/schema\/person\/2e299ed0d3d412a01d244fe28260d7f5\",\"name\":\"Pepe Segura\",\"image\":{\"@type\":\"ImageObject\",\"inLanguage\":\"es\",\"@id\":\"https:\/\/modoviajeok.com.ar\/#\/schema\/person\/image\/\",\"url\":\"https:\/\/secure.gravatar.com\/avatar\/65eb4b34deed761327f5b2c5535b987318ae807900ac46426de7258f5de6d345?s=96&d=mm&r=g\",\"contentUrl\":\"https:\/\/secure.gravatar.com\/avatar\/65eb4b34deed761327f5b2c5535b987318ae807900ac46426de7258f5de6d345?s=96&d=mm&r=g\",\"caption\":\"Pepe Segura\"},\"url\":\"https:\/\/modoviajeok.com.ar\/index.php\/author\/pepe2025\/\"}]}<\/script>\n<!-- \/ Yoast SEO plugin. -->","yoast_head_json":{"title":"370 inscriptos participan de las Jornadas Nacionales del Vino en C\u00f3rdoba -","robots":{"index":"index","follow":"follow","max-snippet":"max-snippet:-1","max-image-preview":"max-image-preview:large","max-video-preview":"max-video-preview:-1"},"canonical":"https:\/\/modoviajeok.com.ar\/index.php\/2025\/10\/30\/370-inscriptos-participan-de-las-jornadas-nacionales-del-vino-en-cordoba\/","og_locale":"es_ES","og_type":"article","og_title":"370 inscriptos participan de las Jornadas Nacionales del Vino en C\u00f3rdoba -","og_description":"La quinta edici\u00f3n comenz\u00f3 en C\u00f3rdoba, con la participaci\u00f3n de bodegas, estudiantes y agencias de viajes y la presencia de representantes de distintas administraciones p\u00fablicas. Las V Jornadas Nacionales de Turismo del Vino comenzaron \u00a0en C\u00f3rdoba, organizadas por la Secretar\u00eda de Turismo, Ambiente y Deportes de la Naci\u00f3n, la Agencia C\u00f3rdoba Turismo, la Corporaci\u00f3n Vitivin\u00edcola [&hellip;]","og_url":"https:\/\/modoviajeok.com.ar\/index.php\/2025\/10\/30\/370-inscriptos-participan-de-las-jornadas-nacionales-del-vino-en-cordoba\/","article_publisher":"https:\/\/www.facebook.com\/mariana.otero1\/","article_published_time":"2025-10-30T23:59:58+00:00","article_modified_time":"2025-10-30T23:59:59+00:00","og_image":[{"width":1280,"height":960,"url":"https:\/\/modoviajeok.com.ar\/wp-content\/uploads\/2025\/10\/V-Jornadas-del-Turismo-del-Vino.jpeg","type":"image\/jpeg"}],"author":"Pepe Segura","twitter_card":"summary_large_image","twitter_misc":{"Escrito por":"Pepe Segura","Tiempo de lectura":"2 minutos"},"schema":{"@context":"https:\/\/schema.org","@graph":[{"@type":"Article","@id":"https:\/\/modoviajeok.com.ar\/index.php\/2025\/10\/30\/370-inscriptos-participan-de-las-jornadas-nacionales-del-vino-en-cordoba\/#article","isPartOf":{"@id":"https:\/\/modoviajeok.com.ar\/index.php\/2025\/10\/30\/370-inscriptos-participan-de-las-jornadas-nacionales-del-vino-en-cordoba\/"},"author":{"name":"Pepe Segura","@id":"https:\/\/modoviajeok.com.ar\/#\/schema\/person\/2e299ed0d3d412a01d244fe28260d7f5"},"headline":"370 inscriptos participan de las Jornadas Nacionales del Vino en C\u00f3rdoba","datePublished":"2025-10-30T23:59:58+00:00","dateModified":"2025-10-30T23:59:59+00:00","mainEntityOfPage":{"@id":"https:\/\/modoviajeok.com.ar\/index.php\/2025\/10\/30\/370-inscriptos-participan-de-las-jornadas-nacionales-del-vino-en-cordoba\/"},"wordCount":375,"commentCount":0,"publisher":{"@id":"https:\/\/modoviajeok.com.ar\/#organization"},"image":{"@id":"https:\/\/modoviajeok.com.ar\/index.php\/2025\/10\/30\/370-inscriptos-participan-de-las-jornadas-nacionales-del-vino-en-cordoba\/#primaryimage"},"thumbnailUrl":"https:\/\/modoviajeok.com.ar\/wp-content\/uploads\/2025\/10\/V-Jornadas-del-Turismo-del-Vino.jpeg","keywords":["camara argentina de turismo","camara de bodegas y productores de la provincia de cordoba","corporacion vitivin\u00edcola argentina","Jornadas Nacionales de Turismo del Vino"],"articleSection":["C\u00f3rdoba","Noticias"],"inLanguage":"es","potentialAction":[{"@type":"CommentAction","name":"Comment","target":["https:\/\/modoviajeok.com.ar\/index.php\/2025\/10\/30\/370-inscriptos-participan-de-las-jornadas-nacionales-del-vino-en-cordoba\/#respond"]}]},{"@type":"WebPage","@id":"https:\/\/modoviajeok.com.ar\/index.php\/2025\/10\/30\/370-inscriptos-participan-de-las-jornadas-nacionales-del-vino-en-cordoba\/","url":"https:\/\/modoviajeok.com.ar\/index.php\/2025\/10\/30\/370-inscriptos-participan-de-las-jornadas-nacionales-del-vino-en-cordoba\/","name":"370 inscriptos participan de las Jornadas Nacionales del Vino en C\u00f3rdoba -","isPartOf":{"@id":"https:\/\/modoviajeok.com.ar\/#website"},"primaryImageOfPage":{"@id":"https:\/\/modoviajeok.com.ar\/index.php\/2025\/10\/30\/370-inscriptos-participan-de-las-jornadas-nacionales-del-vino-en-cordoba\/#primaryimage"},"image":{"@id":"https:\/\/modoviajeok.com.ar\/index.php\/2025\/10\/30\/370-inscriptos-participan-de-las-jornadas-nacionales-del-vino-en-cordoba\/#primaryimage"},"thumbnailUrl":"https:\/\/modoviajeok.com.ar\/wp-content\/uploads\/2025\/10\/V-Jornadas-del-Turismo-del-Vino.jpeg","datePublished":"2025-10-30T23:59:58+00:00","dateModified":"2025-10-30T23:59:59+00:00","breadcrumb":{"@id":"https:\/\/modoviajeok.com.ar\/index.php\/2025\/10\/30\/370-inscriptos-participan-de-las-jornadas-nacionales-del-vino-en-cordoba\/#breadcrumb"},"inLanguage":"es","potentialAction":[{"@type":"ReadAction","target":["https:\/\/modoviajeok.com.ar\/index.php\/2025\/10\/30\/370-inscriptos-participan-de-las-jornadas-nacionales-del-vino-en-cordoba\/"]}]},{"@type":"ImageObject","inLanguage":"es","@id":"https:\/\/modoviajeok.com.ar\/index.php\/2025\/10\/30\/370-inscriptos-participan-de-las-jornadas-nacionales-del-vino-en-cordoba\/#primaryimage","url":"https:\/\/modoviajeok.com.ar\/wp-content\/uploads\/2025\/10\/V-Jornadas-del-Turismo-del-Vino.jpeg","contentUrl":"https:\/\/modoviajeok.com.ar\/wp-content\/uploads\/2025\/10\/V-Jornadas-del-Turismo-del-Vino.jpeg","width":1280,"height":960},{"@type":"BreadcrumbList","@id":"https:\/\/modoviajeok.com.ar\/index.php\/2025\/10\/30\/370-inscriptos-participan-de-las-jornadas-nacionales-del-vino-en-cordoba\/#breadcrumb","itemListElement":[{"@type":"ListItem","position":1,"name":"Portada","item":"https:\/\/modoviajeok.com.ar\/"},{"@type":"ListItem","position":2,"name":"370 inscriptos participan de las Jornadas Nacionales del Vino en C\u00f3rdoba"}]},{"@type":"WebSite","@id":"https:\/\/modoviajeok.com.ar\/#website","url":"https:\/\/modoviajeok.com.ar\/","name":"ModoViajeOK","description":"","publisher":{"@id":"https:\/\/modoviajeok.com.ar\/#organization"},"potentialAction":[{"@type":"SearchAction","target":{"@type":"EntryPoint","urlTemplate":"https:\/\/modoviajeok.com.ar\/?s={search_term_string}"},"query-input":{"@type":"PropertyValueSpecification","valueRequired":true,"valueName":"search_term_string"}}],"inLanguage":"es"},{"@type":"Organization","@id":"https:\/\/modoviajeok.com.ar\/#organization","name":"ModoViajeOK","url":"https:\/\/modoviajeok.com.ar\/","logo":{"@type":"ImageObject","inLanguage":"es","@id":"https:\/\/modoviajeok.com.ar\/#\/schema\/logo\/image\/","url":"https:\/\/modoviajeok.com.ar\/wp-content\/uploads\/2025\/01\/Logo-modoviajeok.png","contentUrl":"https:\/\/modoviajeok.com.ar\/wp-content\/uploads\/2025\/01\/Logo-modoviajeok.png","width":2938,"height":2276,"caption":"ModoViajeOK"},"image":{"@id":"https:\/\/modoviajeok.com.ar\/#\/schema\/logo\/image\/"},"sameAs":["https:\/\/www.facebook.com\/mariana.otero1\/","https:\/\/www.instagram.com\/modoviaje.ok\/"]},{"@type":"Person","@id":"https:\/\/modoviajeok.com.ar\/#\/schema\/person\/2e299ed0d3d412a01d244fe28260d7f5","name":"Pepe Segura","image":{"@type":"ImageObject","inLanguage":"es","@id":"https:\/\/modoviajeok.com.ar\/#\/schema\/person\/image\/","url":"https:\/\/secure.gravatar.com\/avatar\/65eb4b34deed761327f5b2c5535b987318ae807900ac46426de7258f5de6d345?s=96&d=mm&r=g","contentUrl":"https:\/\/secure.gravatar.com\/avatar\/65eb4b34deed761327f5b2c5535b987318ae807900ac46426de7258f5de6d345?s=96&d=mm&r=g","caption":"Pepe Segura"},"url":"https:\/\/modoviajeok.com.ar\/index.php\/author\/pepe2025\/"}]}},"_links":{"self":[{"href":"https:\/\/modoviajeok.com.ar\/index.php\/wp-json\/wp\/v2\/posts\/6114","targetHints":{"allow":["GET"]}}],"collection":[{"href":"https:\/\/modoviajeok.com.ar\/index.php\/wp-json\/wp\/v2\/posts"}],"about":[{"href":"https:\/\/modoviajeok.com.ar\/index.php\/wp-json\/wp\/v2\/types\/post"}],"author":[{"embeddable":true,"href":"https:\/\/modoviajeok.com.ar\/index.php\/wp-json\/wp\/v2\/users\/3"}],"replies":[{"embeddable":true,"href":"https:\/\/modoviajeok.com.ar\/index.php\/wp-json\/wp\/v2\/comments?post=6114"}],"version-history":[{"count":1,"href":"https:\/\/modoviajeok.com.ar\/index.php\/wp-json\/wp\/v2\/posts\/6114\/revisions"}],"predecessor-version":[{"id":6117,"href":"https:\/\/modoviajeok.com.ar\/index.php\/wp-json\/wp\/v2\/posts\/6114\/revisions\/6117"}],"wp:featuredmedia":[{"embeddable":true,"href":"https:\/\/modoviajeok.com.ar\/index.php\/wp-json\/wp\/v2\/media\/6116"}],"wp:attachment":[{"href":"https:\/\/modoviajeok.com.ar\/index.php\/wp-json\/wp\/v2\/media?parent=6114"}],"wp:term":[{"taxonomy":"category","embeddable":true,"href":"https:\/\/modoviajeok.com.ar\/index.php\/wp-json\/wp\/v2\/categories?post=6114"},{"taxonomy":"post_tag","embeddable":true,"href":"https:\/\/modoviajeok.com.ar\/index.php\/wp-json\/wp\/v2\/tags?post=6114"}],"curies":[{"name":"wp","href":"https:\/\/api.w.org\/{rel}","templated":true}]}}