{"id":6168,"date":"2025-11-06T08:30:10","date_gmt":"2025-11-06T11:30:10","guid":{"rendered":"https:\/\/modoviajeok.com.ar\/?p=6168"},"modified":"2025-12-11T19:22:28","modified_gmt":"2025-12-11T22:22:28","slug":"mexico-mas-alla-de-la-vida","status":"publish","type":"post","link":"https:\/\/modoviajeok.com.ar\/index.php\/2025\/11\/06\/mexico-mas-alla-de-la-vida\/","title":{"rendered":"M\u00e9xico, m\u00e1s all\u00e1 de la vida"},"content":{"rendered":"\n<figure class=\"wp-block-pullquote\"><blockquote><p>El D\u00eda de Muertos es una comuni\u00f3n entre la vida y la muerte, es la esperanza de saber que quien se fue, no se fue del todo. En M\u00e9xico dicen que para ese d\u00eda vienen todos: primero llegan las mascotas, luego quienes se fueron de manera tr\u00e1gica, despu\u00e9s aquellos que se ahogaron, tambi\u00e9n llegan las almas solitarias, los ni\u00f1os no bautizados, luego los bautizados, y por \u00faltimo todos los adultos.<br><\/p><\/blockquote><\/figure>\n\n\n\n<figure class=\"wp-block-image size-full\"><img loading=\"lazy\" decoding=\"async\" width=\"1200\" height=\"1600\" src=\"https:\/\/modoviajeok.com.ar\/wp-content\/uploads\/2025\/11\/WhatsApp-Image-2025-11-05-at-12.28.34.jpeg\" alt=\"\" class=\"wp-image-6172\" srcset=\"https:\/\/modoviajeok.com.ar\/wp-content\/uploads\/2025\/11\/WhatsApp-Image-2025-11-05-at-12.28.34.jpeg 1200w, https:\/\/modoviajeok.com.ar\/wp-content\/uploads\/2025\/11\/WhatsApp-Image-2025-11-05-at-12.28.34-768x1024.jpeg 768w, https:\/\/modoviajeok.com.ar\/wp-content\/uploads\/2025\/11\/WhatsApp-Image-2025-11-05-at-12.28.34-1152x1536.jpeg 1152w, https:\/\/modoviajeok.com.ar\/wp-content\/uploads\/2025\/11\/WhatsApp-Image-2025-11-05-at-12.28.34-315x420.jpeg 315w, https:\/\/modoviajeok.com.ar\/wp-content\/uploads\/2025\/11\/WhatsApp-Image-2025-11-05-at-12.28.34-150x200.jpeg 150w, https:\/\/modoviajeok.com.ar\/wp-content\/uploads\/2025\/11\/WhatsApp-Image-2025-11-05-at-12.28.34-300x400.jpeg 300w, https:\/\/modoviajeok.com.ar\/wp-content\/uploads\/2025\/11\/WhatsApp-Image-2025-11-05-at-12.28.34-696x928.jpeg 696w, https:\/\/modoviajeok.com.ar\/wp-content\/uploads\/2025\/11\/WhatsApp-Image-2025-11-05-at-12.28.34-1068x1424.jpeg 1068w\" sizes=\"auto, (max-width: 1200px) 100vw, 1200px\" \/><figcaption class=\"wp-element-caption\">Ofrenda tradicional con flores, fotos, frutas y comidas.<\/figcaption><\/figure>\n\n\n\n<p><\/p>\n\n\n\n<p>En casa, mi madre, que qued\u00f3 hu\u00e9rfana a los ocho a\u00f1os, espera siempre a mi abuelo cada noviembre, ella sabe que llegar\u00e1 igual que mi abuela, quien falleci\u00f3 a finales de un invierno hace casi veinte a\u00f1os. Ellos, mis abuelos, llegan junto a mis otros abuelos, y mi sobrino, quien se fue hace un par de a\u00f1os y cuya ausencia pesa demasiado, pero sucede algo, los primeros d\u00edas de noviembre, creemos firmemente que vuelven, que nos visitan, que est\u00e1n aqu\u00ed entre nosotros, como quien llega de un lugar lejano para comprobar que estamos bien.&nbsp; Nos imaginamos que vuelven felices, que sonr\u00eden, que nos abrazan por un instante, creemos que la espera vale la pena, porque en esta tierra se nos ense\u00f1a que nadie se va del todo, se nos ense\u00f1a a esperarlos, se nos ense\u00f1a que el amor y la comida, son v\u00ednculos irrompibles entre ellos y nosotros. Mi pap\u00e1 dice que los panteones son los lugares donde viven nuestros muertos. Viven. No dice que sean lugares donde descansan, sino donde habitan.&nbsp; Entonces todos los mexicanos hacemos de dichos lugares, una fiesta de flores y de luces, de adornos, los panteones de M\u00e9xico son lugares llenos de colores, hay quien dice que celebramos la muerte, pero no es as\u00ed, los celebramos a ellos, ayudamos a que su ausencia no pese tanto. Ninguna otra fecha en el a\u00f1o hace que los sintamos tan cerca y tan llenos de felicidad como estos primeros d\u00edas de noviembre.<\/p>\n\n\n\n<figure class=\"wp-block-image size-full\"><img loading=\"lazy\" decoding=\"async\" width=\"1599\" height=\"1066\" src=\"https:\/\/modoviajeok.com.ar\/wp-content\/uploads\/2025\/11\/WhatsApp-Image-2025-11-05-at-12.28.11.jpeg\" alt=\"\" class=\"wp-image-6171\" srcset=\"https:\/\/modoviajeok.com.ar\/wp-content\/uploads\/2025\/11\/WhatsApp-Image-2025-11-05-at-12.28.11.jpeg 1599w, https:\/\/modoviajeok.com.ar\/wp-content\/uploads\/2025\/11\/WhatsApp-Image-2025-11-05-at-12.28.11-768x512.jpeg 768w, https:\/\/modoviajeok.com.ar\/wp-content\/uploads\/2025\/11\/WhatsApp-Image-2025-11-05-at-12.28.11-1536x1024.jpeg 1536w, https:\/\/modoviajeok.com.ar\/wp-content\/uploads\/2025\/11\/WhatsApp-Image-2025-11-05-at-12.28.11-630x420.jpeg 630w, https:\/\/modoviajeok.com.ar\/wp-content\/uploads\/2025\/11\/WhatsApp-Image-2025-11-05-at-12.28.11-150x100.jpeg 150w, https:\/\/modoviajeok.com.ar\/wp-content\/uploads\/2025\/11\/WhatsApp-Image-2025-11-05-at-12.28.11-300x200.jpeg 300w, https:\/\/modoviajeok.com.ar\/wp-content\/uploads\/2025\/11\/WhatsApp-Image-2025-11-05-at-12.28.11-696x464.jpeg 696w, https:\/\/modoviajeok.com.ar\/wp-content\/uploads\/2025\/11\/WhatsApp-Image-2025-11-05-at-12.28.11-1068x712.jpeg 1068w\" sizes=\"auto, (max-width: 1599px) 100vw, 1599px\" \/><figcaption class=\"wp-element-caption\">Pante\u00f3n en la Isla de Janitzio, Michoac\u00e1n, M\u00e9xico.<\/figcaption><\/figure>\n\n\n\n<p>En M\u00e9xico, comprendimos que la vida no termina con la muerte, la muerte es solo un puente para otro estado de existencia que descubrimos muy bien los mexicanos. Nosotros tenemos la firme convicci\u00f3n de que regresan cada a\u00f1o a recordarnos la importancia de la vida. Que la memoria y los recuerdos son lugares que se habitan, son tambi\u00e9n la llama que los mantiene presentes.<\/p>\n\n\n\n<p>Cada ser querido regresa a la casa donde fue feliz, a su lugar favorito, a jugar por un momento con el viento y los \u00e1rboles y las nubes del cielo. Cada ser querido regresa a comer y a beber aquello que tanto sol\u00eda disfrutar, regresa para estar m\u00e1s cerca de nosotros, quiz\u00e1 estos d\u00edas, se caiga el p\u00e9talo de alguna flor, se mueva la flama de la vela, corra un viento suave y eso, sea un suspiro mientras nos abrazan y nos besan sin que nos demos cuenta. Quienes crecimos con la tradici\u00f3n de esperarlos, corremos d\u00edas previos para preparar las ofrendas, ya sea en un altar o en el propio pante\u00f3n, comidas y bebidas, frutas, dulces, todo aquello que pueda hacer m\u00e1s bonita su estancia en la casa que habitaron. Nos esmeramos en recibirlos como se merecen. El viaje desde ese lugar debe ser emocionante, cruzar por un momento para volver a tocarnos, para decir que todo est\u00e1 bien, que mientras no los olvidemos, ellos seguir\u00e1n existiendo en el universo.<\/p>\n\n\n\n<figure class=\"wp-block-image size-full\"><img loading=\"lazy\" decoding=\"async\" width=\"1600\" height=\"1200\" src=\"https:\/\/modoviajeok.com.ar\/wp-content\/uploads\/2025\/11\/WhatsApp-Image-2025-11-05-at-12.28.02.jpeg\" alt=\"\" class=\"wp-image-6170\" srcset=\"https:\/\/modoviajeok.com.ar\/wp-content\/uploads\/2025\/11\/WhatsApp-Image-2025-11-05-at-12.28.02.jpeg 1600w, https:\/\/modoviajeok.com.ar\/wp-content\/uploads\/2025\/11\/WhatsApp-Image-2025-11-05-at-12.28.02-768x576.jpeg 768w, https:\/\/modoviajeok.com.ar\/wp-content\/uploads\/2025\/11\/WhatsApp-Image-2025-11-05-at-12.28.02-1536x1152.jpeg 1536w, https:\/\/modoviajeok.com.ar\/wp-content\/uploads\/2025\/11\/WhatsApp-Image-2025-11-05-at-12.28.02-560x420.jpeg 560w, https:\/\/modoviajeok.com.ar\/wp-content\/uploads\/2025\/11\/WhatsApp-Image-2025-11-05-at-12.28.02-80x60.jpeg 80w, https:\/\/modoviajeok.com.ar\/wp-content\/uploads\/2025\/11\/WhatsApp-Image-2025-11-05-at-12.28.02-150x113.jpeg 150w, https:\/\/modoviajeok.com.ar\/wp-content\/uploads\/2025\/11\/WhatsApp-Image-2025-11-05-at-12.28.02-300x225.jpeg 300w, https:\/\/modoviajeok.com.ar\/wp-content\/uploads\/2025\/11\/WhatsApp-Image-2025-11-05-at-12.28.02-696x522.jpeg 696w, https:\/\/modoviajeok.com.ar\/wp-content\/uploads\/2025\/11\/WhatsApp-Image-2025-11-05-at-12.28.02-1068x801.jpeg 1068w, https:\/\/modoviajeok.com.ar\/wp-content\/uploads\/2025\/11\/WhatsApp-Image-2025-11-05-at-12.28.02-265x198.jpeg 265w\" sizes=\"auto, (max-width: 1600px) 100vw, 1600px\" \/><figcaption class=\"wp-element-caption\">Pante\u00f3n donde las familias esperan la llegada de sus difuntos. Isla de Pacanda, Michoac\u00e1n, M\u00e9xico.<\/figcaption><\/figure>\n\n\n\n<p>Lejos de la parafernalia de la televisi\u00f3n y las redes sociales, lejos de las catrinas y de aquello que huela a marketing, lejos de esa hibridaci\u00f3n de costumbres entre el M\u00e9xico prehisp\u00e1nico y la evangelizaci\u00f3n de los espa\u00f1oles, el d\u00eda de muertos es una comuni\u00f3n entre la vida y la muerte, es la esperanza de saber que quien se fue, no se fue del todo.<\/p>\n\n\n\n<p>Dicen que todos vienen en orden, primero llegan las mascotas, luego quienes se fueron de manera tr\u00e1gica, despu\u00e9s aquellos que se ahogaron, tambi\u00e9n llegan las almas solitarias, los ni\u00f1os no bautizados, luego los bautizados, y por \u00faltimo todos los adultos. Y para todos, hay cabida en los corazones de quienes sabemos esperar, porque el amor y el cari\u00f1o persiste y crece a pesar de la ausencia, porque no, no se van para siempre, aqu\u00ed en M\u00e9xico, nos duele la muerte, lloramos d\u00edas enteros, pero ning\u00fan muerto merece ser olvidado y en este pa\u00eds, aprendimos que olvidar no es un verbo que deba conjugarse y que recordarlos, siempre ser\u00e1 una forma de seguir d\u00e1ndoles vida.<\/p>\n\n\n\n<p>Ahora, ya se fueron, pero seguiremos aqu\u00ed como cada a\u00f1o, esper\u00e1ndolos hasta que llegue el momento en que sea a nosotros a quienes nos esperen.<\/p>\n\n\n\n<figure class=\"wp-block-image size-full\"><img loading=\"lazy\" decoding=\"async\" width=\"1200\" height=\"1600\" src=\"https:\/\/modoviajeok.com.ar\/wp-content\/uploads\/2025\/11\/WhatsApp-Image-2025-11-05-at-12.28.01.jpeg\" alt=\"\" class=\"wp-image-6169\" srcset=\"https:\/\/modoviajeok.com.ar\/wp-content\/uploads\/2025\/11\/WhatsApp-Image-2025-11-05-at-12.28.01.jpeg 1200w, https:\/\/modoviajeok.com.ar\/wp-content\/uploads\/2025\/11\/WhatsApp-Image-2025-11-05-at-12.28.01-768x1024.jpeg 768w, https:\/\/modoviajeok.com.ar\/wp-content\/uploads\/2025\/11\/WhatsApp-Image-2025-11-05-at-12.28.01-1152x1536.jpeg 1152w, https:\/\/modoviajeok.com.ar\/wp-content\/uploads\/2025\/11\/WhatsApp-Image-2025-11-05-at-12.28.01-315x420.jpeg 315w, https:\/\/modoviajeok.com.ar\/wp-content\/uploads\/2025\/11\/WhatsApp-Image-2025-11-05-at-12.28.01-150x200.jpeg 150w, https:\/\/modoviajeok.com.ar\/wp-content\/uploads\/2025\/11\/WhatsApp-Image-2025-11-05-at-12.28.01-300x400.jpeg 300w, https:\/\/modoviajeok.com.ar\/wp-content\/uploads\/2025\/11\/WhatsApp-Image-2025-11-05-at-12.28.01-696x928.jpeg 696w, https:\/\/modoviajeok.com.ar\/wp-content\/uploads\/2025\/11\/WhatsApp-Image-2025-11-05-at-12.28.01-1068x1424.jpeg 1068w\" sizes=\"auto, (max-width: 1200px) 100vw, 1200px\" \/><figcaption class=\"wp-element-caption\">Flores de Cempas\u00fachil, tradicional de los D\u00edas de Muerto.<\/figcaption><\/figure>\n","protected":false},"excerpt":{"rendered":"<p>El D\u00eda de Muertos es una comuni\u00f3n entre la vida y la muerte, es la esperanza de saber que quien se fue, no se fue del todo. En M\u00e9xico dicen que para ese d\u00eda vienen todos: primero llegan las mascotas, luego quienes se fueron de manera tr\u00e1gica, despu\u00e9s aquellos que se ahogaron, tambi\u00e9n llegan las [&hellip;]<\/p>\n","protected":false},"author":3,"featured_media":6173,"comment_status":"open","ping_status":"open","sticky":false,"template":"","format":"standard","meta":{"_acf_changed":false,"footnotes":""},"categories":[19,9,12],"tags":[803,373],"class_list":{"0":"post-6168","1":"post","2":"type-post","3":"status-publish","4":"format-standard","5":"has-post-thumbnail","7":"category-contanos-tu-viaje","8":"category-mundo","9":"category-novedades","10":"tag-dia-de-los-muertos","11":"tag-mexico"},"acf":[],"yoast_head":"<!-- This site is optimized with the Yoast SEO plugin v24.8.1 - https:\/\/yoast.com\/wordpress\/plugins\/seo\/ -->\n<title>M\u00e9xico, m\u00e1s all\u00e1 de la vida -<\/title>\n<meta name=\"description\" content=\"En M\u00e9xico, nos duele la muerte, lloramos d\u00edas enteros. Aqu\u00ed aprendimos que olvidar no es un verbo que deba conjugarse\" \/>\n<meta name=\"robots\" content=\"index, follow, max-snippet:-1, max-image-preview:large, max-video-preview:-1\" \/>\n<link rel=\"canonical\" href=\"https:\/\/modoviajeok.com.ar\/index.php\/2025\/11\/06\/mexico-mas-alla-de-la-vida\/\" \/>\n<meta property=\"og:locale\" content=\"es_ES\" \/>\n<meta property=\"og:type\" content=\"article\" \/>\n<meta property=\"og:title\" content=\"M\u00e9xico, m\u00e1s all\u00e1 de la vida -\" \/>\n<meta property=\"og:description\" content=\"En M\u00e9xico, nos duele la muerte, lloramos d\u00edas enteros. Aqu\u00ed aprendimos que olvidar no es un verbo que deba conjugarse\" \/>\n<meta property=\"og:url\" content=\"https:\/\/modoviajeok.com.ar\/index.php\/2025\/11\/06\/mexico-mas-alla-de-la-vida\/\" \/>\n<meta property=\"article:publisher\" content=\"https:\/\/www.facebook.com\/mariana.otero1\/\" \/>\n<meta property=\"article:published_time\" content=\"2025-11-06T11:30:10+00:00\" \/>\n<meta property=\"article:modified_time\" content=\"2025-12-11T22:22:28+00:00\" \/>\n<meta property=\"og:image\" content=\"https:\/\/modoviajeok.com.ar\/wp-content\/uploads\/2025\/11\/WhatsApp-Image-2025-11-05-at-12.29.56.jpeg\" \/>\n\t<meta property=\"og:image:width\" content=\"1200\" \/>\n\t<meta property=\"og:image:height\" content=\"1600\" \/>\n\t<meta property=\"og:image:type\" content=\"image\/jpeg\" \/>\n<meta name=\"author\" content=\"Pepe Segura\" \/>\n<meta name=\"twitter:card\" content=\"summary_large_image\" \/>\n<meta name=\"twitter:label1\" content=\"Escrito por\" \/>\n\t<meta name=\"twitter:data1\" content=\"Pepe Segura\" \/>\n\t<meta name=\"twitter:label2\" content=\"Tiempo de lectura\" \/>\n\t<meta name=\"twitter:data2\" content=\"5 minutos\" \/>\n<script type=\"application\/ld+json\" class=\"yoast-schema-graph\">{\"@context\":\"https:\/\/schema.org\",\"@graph\":[{\"@type\":\"Article\",\"@id\":\"https:\/\/modoviajeok.com.ar\/index.php\/2025\/11\/06\/mexico-mas-alla-de-la-vida\/#article\",\"isPartOf\":{\"@id\":\"https:\/\/modoviajeok.com.ar\/index.php\/2025\/11\/06\/mexico-mas-alla-de-la-vida\/\"},\"author\":{\"name\":\"Pepe Segura\",\"@id\":\"https:\/\/modoviajeok.com.ar\/#\/schema\/person\/2e299ed0d3d412a01d244fe28260d7f5\"},\"headline\":\"M\u00e9xico, m\u00e1s all\u00e1 de la vida\",\"datePublished\":\"2025-11-06T11:30:10+00:00\",\"dateModified\":\"2025-12-11T22:22:28+00:00\",\"mainEntityOfPage\":{\"@id\":\"https:\/\/modoviajeok.com.ar\/index.php\/2025\/11\/06\/mexico-mas-alla-de-la-vida\/\"},\"wordCount\":866,\"commentCount\":0,\"publisher\":{\"@id\":\"https:\/\/modoviajeok.com.ar\/#organization\"},\"image\":{\"@id\":\"https:\/\/modoviajeok.com.ar\/index.php\/2025\/11\/06\/mexico-mas-alla-de-la-vida\/#primaryimage\"},\"thumbnailUrl\":\"https:\/\/modoviajeok.com.ar\/wp-content\/uploads\/2025\/11\/WhatsApp-Image-2025-11-05-at-12.29.56.jpeg\",\"keywords\":[\"dia de los muertos\",\"m\u00e9xico\"],\"articleSection\":[\"Contanos tu viaje\",\"Mundo\",\"Novedades\"],\"inLanguage\":\"es\",\"potentialAction\":[{\"@type\":\"CommentAction\",\"name\":\"Comment\",\"target\":[\"https:\/\/modoviajeok.com.ar\/index.php\/2025\/11\/06\/mexico-mas-alla-de-la-vida\/#respond\"]}]},{\"@type\":\"WebPage\",\"@id\":\"https:\/\/modoviajeok.com.ar\/index.php\/2025\/11\/06\/mexico-mas-alla-de-la-vida\/\",\"url\":\"https:\/\/modoviajeok.com.ar\/index.php\/2025\/11\/06\/mexico-mas-alla-de-la-vida\/\",\"name\":\"M\u00e9xico, m\u00e1s all\u00e1 de la vida -\",\"isPartOf\":{\"@id\":\"https:\/\/modoviajeok.com.ar\/#website\"},\"primaryImageOfPage\":{\"@id\":\"https:\/\/modoviajeok.com.ar\/index.php\/2025\/11\/06\/mexico-mas-alla-de-la-vida\/#primaryimage\"},\"image\":{\"@id\":\"https:\/\/modoviajeok.com.ar\/index.php\/2025\/11\/06\/mexico-mas-alla-de-la-vida\/#primaryimage\"},\"thumbnailUrl\":\"https:\/\/modoviajeok.com.ar\/wp-content\/uploads\/2025\/11\/WhatsApp-Image-2025-11-05-at-12.29.56.jpeg\",\"datePublished\":\"2025-11-06T11:30:10+00:00\",\"dateModified\":\"2025-12-11T22:22:28+00:00\",\"description\":\"En M\u00e9xico, nos duele la muerte, lloramos d\u00edas enteros. Aqu\u00ed aprendimos que olvidar no es un verbo que deba conjugarse\",\"breadcrumb\":{\"@id\":\"https:\/\/modoviajeok.com.ar\/index.php\/2025\/11\/06\/mexico-mas-alla-de-la-vida\/#breadcrumb\"},\"inLanguage\":\"es\",\"potentialAction\":[{\"@type\":\"ReadAction\",\"target\":[\"https:\/\/modoviajeok.com.ar\/index.php\/2025\/11\/06\/mexico-mas-alla-de-la-vida\/\"]}]},{\"@type\":\"ImageObject\",\"inLanguage\":\"es\",\"@id\":\"https:\/\/modoviajeok.com.ar\/index.php\/2025\/11\/06\/mexico-mas-alla-de-la-vida\/#primaryimage\",\"url\":\"https:\/\/modoviajeok.com.ar\/wp-content\/uploads\/2025\/11\/WhatsApp-Image-2025-11-05-at-12.29.56.jpeg\",\"contentUrl\":\"https:\/\/modoviajeok.com.ar\/wp-content\/uploads\/2025\/11\/WhatsApp-Image-2025-11-05-at-12.29.56.jpeg\",\"width\":1200,\"height\":1600},{\"@type\":\"BreadcrumbList\",\"@id\":\"https:\/\/modoviajeok.com.ar\/index.php\/2025\/11\/06\/mexico-mas-alla-de-la-vida\/#breadcrumb\",\"itemListElement\":[{\"@type\":\"ListItem\",\"position\":1,\"name\":\"Portada\",\"item\":\"https:\/\/modoviajeok.com.ar\/\"},{\"@type\":\"ListItem\",\"position\":2,\"name\":\"M\u00e9xico, m\u00e1s all\u00e1 de la vida\"}]},{\"@type\":\"WebSite\",\"@id\":\"https:\/\/modoviajeok.com.ar\/#website\",\"url\":\"https:\/\/modoviajeok.com.ar\/\",\"name\":\"ModoViajeOK\",\"description\":\"\",\"publisher\":{\"@id\":\"https:\/\/modoviajeok.com.ar\/#organization\"},\"potentialAction\":[{\"@type\":\"SearchAction\",\"target\":{\"@type\":\"EntryPoint\",\"urlTemplate\":\"https:\/\/modoviajeok.com.ar\/?s={search_term_string}\"},\"query-input\":{\"@type\":\"PropertyValueSpecification\",\"valueRequired\":true,\"valueName\":\"search_term_string\"}}],\"inLanguage\":\"es\"},{\"@type\":\"Organization\",\"@id\":\"https:\/\/modoviajeok.com.ar\/#organization\",\"name\":\"ModoViajeOK\",\"url\":\"https:\/\/modoviajeok.com.ar\/\",\"logo\":{\"@type\":\"ImageObject\",\"inLanguage\":\"es\",\"@id\":\"https:\/\/modoviajeok.com.ar\/#\/schema\/logo\/image\/\",\"url\":\"https:\/\/modoviajeok.com.ar\/wp-content\/uploads\/2025\/01\/Logo-modoviajeok.png\",\"contentUrl\":\"https:\/\/modoviajeok.com.ar\/wp-content\/uploads\/2025\/01\/Logo-modoviajeok.png\",\"width\":2938,\"height\":2276,\"caption\":\"ModoViajeOK\"},\"image\":{\"@id\":\"https:\/\/modoviajeok.com.ar\/#\/schema\/logo\/image\/\"},\"sameAs\":[\"https:\/\/www.facebook.com\/mariana.otero1\/\",\"https:\/\/www.instagram.com\/modoviaje.ok\/\"]},{\"@type\":\"Person\",\"@id\":\"https:\/\/modoviajeok.com.ar\/#\/schema\/person\/2e299ed0d3d412a01d244fe28260d7f5\",\"name\":\"Pepe Segura\",\"image\":{\"@type\":\"ImageObject\",\"inLanguage\":\"es\",\"@id\":\"https:\/\/modoviajeok.com.ar\/#\/schema\/person\/image\/\",\"url\":\"https:\/\/secure.gravatar.com\/avatar\/65eb4b34deed761327f5b2c5535b987318ae807900ac46426de7258f5de6d345?s=96&d=mm&r=g\",\"contentUrl\":\"https:\/\/secure.gravatar.com\/avatar\/65eb4b34deed761327f5b2c5535b987318ae807900ac46426de7258f5de6d345?s=96&d=mm&r=g\",\"caption\":\"Pepe Segura\"},\"url\":\"https:\/\/modoviajeok.com.ar\/index.php\/author\/pepe2025\/\"}]}<\/script>\n<!-- \/ Yoast SEO plugin. -->","yoast_head_json":{"title":"M\u00e9xico, m\u00e1s all\u00e1 de la vida -","description":"En M\u00e9xico, nos duele la muerte, lloramos d\u00edas enteros. Aqu\u00ed aprendimos que olvidar no es un verbo que deba conjugarse","robots":{"index":"index","follow":"follow","max-snippet":"max-snippet:-1","max-image-preview":"max-image-preview:large","max-video-preview":"max-video-preview:-1"},"canonical":"https:\/\/modoviajeok.com.ar\/index.php\/2025\/11\/06\/mexico-mas-alla-de-la-vida\/","og_locale":"es_ES","og_type":"article","og_title":"M\u00e9xico, m\u00e1s all\u00e1 de la vida -","og_description":"En M\u00e9xico, nos duele la muerte, lloramos d\u00edas enteros. Aqu\u00ed aprendimos que olvidar no es un verbo que deba conjugarse","og_url":"https:\/\/modoviajeok.com.ar\/index.php\/2025\/11\/06\/mexico-mas-alla-de-la-vida\/","article_publisher":"https:\/\/www.facebook.com\/mariana.otero1\/","article_published_time":"2025-11-06T11:30:10+00:00","article_modified_time":"2025-12-11T22:22:28+00:00","og_image":[{"width":1200,"height":1600,"url":"https:\/\/modoviajeok.com.ar\/wp-content\/uploads\/2025\/11\/WhatsApp-Image-2025-11-05-at-12.29.56.jpeg","type":"image\/jpeg"}],"author":"Pepe Segura","twitter_card":"summary_large_image","twitter_misc":{"Escrito por":"Pepe Segura","Tiempo de lectura":"5 minutos"},"schema":{"@context":"https:\/\/schema.org","@graph":[{"@type":"Article","@id":"https:\/\/modoviajeok.com.ar\/index.php\/2025\/11\/06\/mexico-mas-alla-de-la-vida\/#article","isPartOf":{"@id":"https:\/\/modoviajeok.com.ar\/index.php\/2025\/11\/06\/mexico-mas-alla-de-la-vida\/"},"author":{"name":"Pepe Segura","@id":"https:\/\/modoviajeok.com.ar\/#\/schema\/person\/2e299ed0d3d412a01d244fe28260d7f5"},"headline":"M\u00e9xico, m\u00e1s all\u00e1 de la vida","datePublished":"2025-11-06T11:30:10+00:00","dateModified":"2025-12-11T22:22:28+00:00","mainEntityOfPage":{"@id":"https:\/\/modoviajeok.com.ar\/index.php\/2025\/11\/06\/mexico-mas-alla-de-la-vida\/"},"wordCount":866,"commentCount":0,"publisher":{"@id":"https:\/\/modoviajeok.com.ar\/#organization"},"image":{"@id":"https:\/\/modoviajeok.com.ar\/index.php\/2025\/11\/06\/mexico-mas-alla-de-la-vida\/#primaryimage"},"thumbnailUrl":"https:\/\/modoviajeok.com.ar\/wp-content\/uploads\/2025\/11\/WhatsApp-Image-2025-11-05-at-12.29.56.jpeg","keywords":["dia de los muertos","m\u00e9xico"],"articleSection":["Contanos tu viaje","Mundo","Novedades"],"inLanguage":"es","potentialAction":[{"@type":"CommentAction","name":"Comment","target":["https:\/\/modoviajeok.com.ar\/index.php\/2025\/11\/06\/mexico-mas-alla-de-la-vida\/#respond"]}]},{"@type":"WebPage","@id":"https:\/\/modoviajeok.com.ar\/index.php\/2025\/11\/06\/mexico-mas-alla-de-la-vida\/","url":"https:\/\/modoviajeok.com.ar\/index.php\/2025\/11\/06\/mexico-mas-alla-de-la-vida\/","name":"M\u00e9xico, m\u00e1s all\u00e1 de la vida -","isPartOf":{"@id":"https:\/\/modoviajeok.com.ar\/#website"},"primaryImageOfPage":{"@id":"https:\/\/modoviajeok.com.ar\/index.php\/2025\/11\/06\/mexico-mas-alla-de-la-vida\/#primaryimage"},"image":{"@id":"https:\/\/modoviajeok.com.ar\/index.php\/2025\/11\/06\/mexico-mas-alla-de-la-vida\/#primaryimage"},"thumbnailUrl":"https:\/\/modoviajeok.com.ar\/wp-content\/uploads\/2025\/11\/WhatsApp-Image-2025-11-05-at-12.29.56.jpeg","datePublished":"2025-11-06T11:30:10+00:00","dateModified":"2025-12-11T22:22:28+00:00","description":"En M\u00e9xico, nos duele la muerte, lloramos d\u00edas enteros. Aqu\u00ed aprendimos que olvidar no es un verbo que deba conjugarse","breadcrumb":{"@id":"https:\/\/modoviajeok.com.ar\/index.php\/2025\/11\/06\/mexico-mas-alla-de-la-vida\/#breadcrumb"},"inLanguage":"es","potentialAction":[{"@type":"ReadAction","target":["https:\/\/modoviajeok.com.ar\/index.php\/2025\/11\/06\/mexico-mas-alla-de-la-vida\/"]}]},{"@type":"ImageObject","inLanguage":"es","@id":"https:\/\/modoviajeok.com.ar\/index.php\/2025\/11\/06\/mexico-mas-alla-de-la-vida\/#primaryimage","url":"https:\/\/modoviajeok.com.ar\/wp-content\/uploads\/2025\/11\/WhatsApp-Image-2025-11-05-at-12.29.56.jpeg","contentUrl":"https:\/\/modoviajeok.com.ar\/wp-content\/uploads\/2025\/11\/WhatsApp-Image-2025-11-05-at-12.29.56.jpeg","width":1200,"height":1600},{"@type":"BreadcrumbList","@id":"https:\/\/modoviajeok.com.ar\/index.php\/2025\/11\/06\/mexico-mas-alla-de-la-vida\/#breadcrumb","itemListElement":[{"@type":"ListItem","position":1,"name":"Portada","item":"https:\/\/modoviajeok.com.ar\/"},{"@type":"ListItem","position":2,"name":"M\u00e9xico, m\u00e1s all\u00e1 de la vida"}]},{"@type":"WebSite","@id":"https:\/\/modoviajeok.com.ar\/#website","url":"https:\/\/modoviajeok.com.ar\/","name":"ModoViajeOK","description":"","publisher":{"@id":"https:\/\/modoviajeok.com.ar\/#organization"},"potentialAction":[{"@type":"SearchAction","target":{"@type":"EntryPoint","urlTemplate":"https:\/\/modoviajeok.com.ar\/?s={search_term_string}"},"query-input":{"@type":"PropertyValueSpecification","valueRequired":true,"valueName":"search_term_string"}}],"inLanguage":"es"},{"@type":"Organization","@id":"https:\/\/modoviajeok.com.ar\/#organization","name":"ModoViajeOK","url":"https:\/\/modoviajeok.com.ar\/","logo":{"@type":"ImageObject","inLanguage":"es","@id":"https:\/\/modoviajeok.com.ar\/#\/schema\/logo\/image\/","url":"https:\/\/modoviajeok.com.ar\/wp-content\/uploads\/2025\/01\/Logo-modoviajeok.png","contentUrl":"https:\/\/modoviajeok.com.ar\/wp-content\/uploads\/2025\/01\/Logo-modoviajeok.png","width":2938,"height":2276,"caption":"ModoViajeOK"},"image":{"@id":"https:\/\/modoviajeok.com.ar\/#\/schema\/logo\/image\/"},"sameAs":["https:\/\/www.facebook.com\/mariana.otero1\/","https:\/\/www.instagram.com\/modoviaje.ok\/"]},{"@type":"Person","@id":"https:\/\/modoviajeok.com.ar\/#\/schema\/person\/2e299ed0d3d412a01d244fe28260d7f5","name":"Pepe Segura","image":{"@type":"ImageObject","inLanguage":"es","@id":"https:\/\/modoviajeok.com.ar\/#\/schema\/person\/image\/","url":"https:\/\/secure.gravatar.com\/avatar\/65eb4b34deed761327f5b2c5535b987318ae807900ac46426de7258f5de6d345?s=96&d=mm&r=g","contentUrl":"https:\/\/secure.gravatar.com\/avatar\/65eb4b34deed761327f5b2c5535b987318ae807900ac46426de7258f5de6d345?s=96&d=mm&r=g","caption":"Pepe Segura"},"url":"https:\/\/modoviajeok.com.ar\/index.php\/author\/pepe2025\/"}]}},"_links":{"self":[{"href":"https:\/\/modoviajeok.com.ar\/index.php\/wp-json\/wp\/v2\/posts\/6168","targetHints":{"allow":["GET"]}}],"collection":[{"href":"https:\/\/modoviajeok.com.ar\/index.php\/wp-json\/wp\/v2\/posts"}],"about":[{"href":"https:\/\/modoviajeok.com.ar\/index.php\/wp-json\/wp\/v2\/types\/post"}],"author":[{"embeddable":true,"href":"https:\/\/modoviajeok.com.ar\/index.php\/wp-json\/wp\/v2\/users\/3"}],"replies":[{"embeddable":true,"href":"https:\/\/modoviajeok.com.ar\/index.php\/wp-json\/wp\/v2\/comments?post=6168"}],"version-history":[{"count":3,"href":"https:\/\/modoviajeok.com.ar\/index.php\/wp-json\/wp\/v2\/posts\/6168\/revisions"}],"predecessor-version":[{"id":6177,"href":"https:\/\/modoviajeok.com.ar\/index.php\/wp-json\/wp\/v2\/posts\/6168\/revisions\/6177"}],"wp:featuredmedia":[{"embeddable":true,"href":"https:\/\/modoviajeok.com.ar\/index.php\/wp-json\/wp\/v2\/media\/6173"}],"wp:attachment":[{"href":"https:\/\/modoviajeok.com.ar\/index.php\/wp-json\/wp\/v2\/media?parent=6168"}],"wp:term":[{"taxonomy":"category","embeddable":true,"href":"https:\/\/modoviajeok.com.ar\/index.php\/wp-json\/wp\/v2\/categories?post=6168"},{"taxonomy":"post_tag","embeddable":true,"href":"https:\/\/modoviajeok.com.ar\/index.php\/wp-json\/wp\/v2\/tags?post=6168"}],"curies":[{"name":"wp","href":"https:\/\/api.w.org\/{rel}","templated":true}]}}