{"id":6189,"date":"2025-11-06T17:22:41","date_gmt":"2025-11-06T20:22:41","guid":{"rendered":"https:\/\/modoviajeok.com.ar\/?p=6189"},"modified":"2025-11-06T17:22:43","modified_gmt":"2025-11-06T20:22:43","slug":"primeras-jornadas-nacionales-de-oleoturismo-en-mendoza","status":"publish","type":"post","link":"https:\/\/modoviajeok.com.ar\/index.php\/2025\/11\/06\/primeras-jornadas-nacionales-de-oleoturismo-en-mendoza\/","title":{"rendered":"Primeras Jornadas Nacionales de Oleoturismo en Mendoza"},"content":{"rendered":"\n<figure class=\"wp-block-pullquote\"><blockquote><p>Se llevar\u00e1n a cabo el 7 y 8 de noviembre para impulsar el turismo vinculado al Aceite de Oliva Extra Virgen.<br><br><\/p><\/blockquote><\/figure>\n\n\n\n<figure class=\"wp-block-image size-full\"><img loading=\"lazy\" decoding=\"async\" width=\"1280\" height=\"847\" src=\"https:\/\/modoviajeok.com.ar\/wp-content\/uploads\/2025\/11\/Primeras-Jornadas-Nacionales-de-Oleoturismo-en-Mendoza-1.jpeg\" alt=\"\" class=\"wp-image-6193\" srcset=\"https:\/\/modoviajeok.com.ar\/wp-content\/uploads\/2025\/11\/Primeras-Jornadas-Nacionales-de-Oleoturismo-en-Mendoza-1.jpeg 1280w, https:\/\/modoviajeok.com.ar\/wp-content\/uploads\/2025\/11\/Primeras-Jornadas-Nacionales-de-Oleoturismo-en-Mendoza-1-768x508.jpeg 768w, https:\/\/modoviajeok.com.ar\/wp-content\/uploads\/2025\/11\/Primeras-Jornadas-Nacionales-de-Oleoturismo-en-Mendoza-1-635x420.jpeg 635w, https:\/\/modoviajeok.com.ar\/wp-content\/uploads\/2025\/11\/Primeras-Jornadas-Nacionales-de-Oleoturismo-en-Mendoza-1-150x99.jpeg 150w, https:\/\/modoviajeok.com.ar\/wp-content\/uploads\/2025\/11\/Primeras-Jornadas-Nacionales-de-Oleoturismo-en-Mendoza-1-300x199.jpeg 300w, https:\/\/modoviajeok.com.ar\/wp-content\/uploads\/2025\/11\/Primeras-Jornadas-Nacionales-de-Oleoturismo-en-Mendoza-1-696x461.jpeg 696w, https:\/\/modoviajeok.com.ar\/wp-content\/uploads\/2025\/11\/Primeras-Jornadas-Nacionales-de-Oleoturismo-en-Mendoza-1-1068x707.jpeg 1068w\" sizes=\"auto, (max-width: 1280px) 100vw, 1280px\" \/><\/figure>\n\n\n\n<p><br><br>La provincia de Mendoza ser\u00e1 la sede de las Primeras Jornadas Nacionales de Oleoturismo, con el fin de fortalecer el posicionamiento del aceite de oliva dentro de la oferta tur\u00edstica nacional.<br><br>Organizadas por el Ente Mendoza Turismo (EMETUR) en colaboraci\u00f3n con la Secretar\u00eda de Turismo, Ambiente y Deportes de la Naci\u00f3n, las jornadas reunir\u00e1n a referentes del \u00e1mbito tur\u00edstico, acad\u00e9mico y productivo, en un espacio de intercambio y aprendizaje acorde a su valor identitario y cultural.<br><br>Entre los ejes tem\u00e1ticos se incluyen programas como Mendoza Oliva Bien y el Turismo Rural Productivo; tambi\u00e9n se expondr\u00e1n modelos internacionales de referencia e innovaci\u00f3n que fusionan territorio y marca, e indicaciones geogr\u00e1ficas y rutas oleotur\u00edsticas.<br><br>El encuentro contar\u00e1 con la participaci\u00f3n de expositores de distintas provincias, autoridades nacionales de Turismo y Agricultura, e invitados internacionales provenientes de Espa\u00f1a y T\u00fanez. Tambi\u00e9n incluir\u00e1 representantes del sector privado, c\u00e1maras empresarias y asociaciones vinculadas al turismo y la producci\u00f3n oliv\u00edcola, que aportar\u00e1n su mirada sobre desaf\u00edos y oportunidades del oleoturismo a nivel nacional e internacional.<br><br>Desde la Secretaria de Turismo, Ambiente y Deporte se impulsa el desarrollo del Turismo Rural Productivo para diversificar la oferta tur\u00edstica y fortalecer econom\u00edas regionales. Junto a la Secretaria de Agricultura, Ganader\u00eda y Pesca se ha conformado una mesa de trabajo, por lo que durante las jornadas se presentar\u00e1n avances y acciones previstas para consolidar el producto a nivel federal.<br><br>Durante la segunda jornada, se visitar\u00e1n fincas, almazaras, olivares, miradores y espacios gastron\u00f3micos, que constituyen la propuesta mendocina en materia de oleoturismo.<\/p>\n\n\n\n<p><br><br><\/p>\n\n\n      <div class=\"wp_bannerize_container wp_bannerize_layout_vertical\">\n\n        <div class=\"wp_bannerize_banner_box wp_bannerize_category_intertexto-1\" data-title=\"Modo viaje\" data-mime_type=\"image-gif\" data-banner_id=\"1783\" id=\"wpbanner-1783\" data-impressions_enabled=\"true\" data-clicks_enabled=\"true\"><a href=\"https:\/\/www.instagram.com\/modoviaje.ok?igsh=Z3c5emxsZWFtdXN3\"><img decoding=\"async\" border=\"0\" src=\"https:\/\/modoviajeok.com.ar\/wp-content\/uploads\/2025\/02\/modoviaje.ok-300-x-250-px.gif\" alt=\"Modo viaje\" title=\"Modo viaje\" \/><\/a><\/div>      <\/div>\n\n\n","protected":false},"excerpt":{"rendered":"<p>Se llevar\u00e1n a cabo el 7 y 8 de noviembre para impulsar el turismo vinculado al Aceite de Oliva Extra Virgen. La provincia de Mendoza ser\u00e1 la sede de las Primeras Jornadas Nacionales de Oleoturismo, con el fin de fortalecer el posicionamiento del aceite de oliva dentro de la oferta tur\u00edstica nacional. Organizadas por el [&hellip;]<\/p>\n","protected":false},"author":3,"featured_media":6194,"comment_status":"open","ping_status":"open","sticky":false,"template":"","format":"standard","meta":{"_acf_changed":false,"footnotes":""},"categories":[13,10],"tags":[224,1349],"class_list":{"0":"post-6189","1":"post","2":"type-post","3":"status-publish","4":"format-standard","5":"has-post-thumbnail","7":"category-argentina","8":"category-noticias","9":"tag-mendoza","10":"tag-oleoturismo"},"acf":[],"yoast_head":"<!-- This site is optimized with the Yoast SEO plugin v24.8.1 - https:\/\/yoast.com\/wordpress\/plugins\/seo\/ -->\n<title>Primeras Jornadas Nacionales de Oleoturismo en Mendoza -<\/title>\n<meta name=\"robots\" content=\"index, follow, max-snippet:-1, max-image-preview:large, max-video-preview:-1\" \/>\n<link rel=\"canonical\" href=\"https:\/\/modoviajeok.com.ar\/index.php\/2025\/11\/06\/primeras-jornadas-nacionales-de-oleoturismo-en-mendoza\/\" \/>\n<meta property=\"og:locale\" content=\"es_ES\" \/>\n<meta property=\"og:type\" content=\"article\" \/>\n<meta property=\"og:title\" content=\"Primeras Jornadas Nacionales de Oleoturismo en Mendoza -\" \/>\n<meta property=\"og:description\" content=\"Se llevar\u00e1n a cabo el 7 y 8 de noviembre para impulsar el turismo vinculado al Aceite de Oliva Extra Virgen. La provincia de Mendoza ser\u00e1 la sede de las Primeras Jornadas Nacionales de Oleoturismo, con el fin de fortalecer el posicionamiento del aceite de oliva dentro de la oferta tur\u00edstica nacional. Organizadas por el [&hellip;]\" \/>\n<meta property=\"og:url\" content=\"https:\/\/modoviajeok.com.ar\/index.php\/2025\/11\/06\/primeras-jornadas-nacionales-de-oleoturismo-en-mendoza\/\" \/>\n<meta property=\"article:publisher\" content=\"https:\/\/www.facebook.com\/mariana.otero1\/\" \/>\n<meta property=\"article:published_time\" content=\"2025-11-06T20:22:41+00:00\" \/>\n<meta property=\"article:modified_time\" content=\"2025-11-06T20:22:43+00:00\" \/>\n<meta property=\"og:image\" content=\"https:\/\/modoviajeok.com.ar\/wp-content\/uploads\/2025\/11\/Primeras-Jornadas-Nacionales-de-Oleoturismo-en-Mendoza-1-1.jpeg\" \/>\n\t<meta property=\"og:image:width\" content=\"1280\" \/>\n\t<meta property=\"og:image:height\" content=\"853\" \/>\n\t<meta property=\"og:image:type\" content=\"image\/jpeg\" \/>\n<meta name=\"author\" content=\"Pepe Segura\" \/>\n<meta name=\"twitter:card\" content=\"summary_large_image\" \/>\n<meta name=\"twitter:label1\" content=\"Escrito por\" \/>\n\t<meta name=\"twitter:data1\" content=\"Pepe Segura\" \/>\n\t<meta name=\"twitter:label2\" content=\"Tiempo de lectura\" \/>\n\t<meta name=\"twitter:data2\" content=\"2 minutos\" \/>\n<script type=\"application\/ld+json\" class=\"yoast-schema-graph\">{\"@context\":\"https:\/\/schema.org\",\"@graph\":[{\"@type\":\"Article\",\"@id\":\"https:\/\/modoviajeok.com.ar\/index.php\/2025\/11\/06\/primeras-jornadas-nacionales-de-oleoturismo-en-mendoza\/#article\",\"isPartOf\":{\"@id\":\"https:\/\/modoviajeok.com.ar\/index.php\/2025\/11\/06\/primeras-jornadas-nacionales-de-oleoturismo-en-mendoza\/\"},\"author\":{\"name\":\"Pepe Segura\",\"@id\":\"https:\/\/modoviajeok.com.ar\/#\/schema\/person\/2e299ed0d3d412a01d244fe28260d7f5\"},\"headline\":\"Primeras Jornadas Nacionales de Oleoturismo en Mendoza\",\"datePublished\":\"2025-11-06T20:22:41+00:00\",\"dateModified\":\"2025-11-06T20:22:43+00:00\",\"mainEntityOfPage\":{\"@id\":\"https:\/\/modoviajeok.com.ar\/index.php\/2025\/11\/06\/primeras-jornadas-nacionales-de-oleoturismo-en-mendoza\/\"},\"wordCount\":313,\"commentCount\":0,\"publisher\":{\"@id\":\"https:\/\/modoviajeok.com.ar\/#organization\"},\"image\":{\"@id\":\"https:\/\/modoviajeok.com.ar\/index.php\/2025\/11\/06\/primeras-jornadas-nacionales-de-oleoturismo-en-mendoza\/#primaryimage\"},\"thumbnailUrl\":\"https:\/\/modoviajeok.com.ar\/wp-content\/uploads\/2025\/11\/Primeras-Jornadas-Nacionales-de-Oleoturismo-en-Mendoza-1-1.jpeg\",\"keywords\":[\"mendoza\",\"oleoturismo\"],\"articleSection\":[\"Argentina\",\"Noticias\"],\"inLanguage\":\"es\",\"potentialAction\":[{\"@type\":\"CommentAction\",\"name\":\"Comment\",\"target\":[\"https:\/\/modoviajeok.com.ar\/index.php\/2025\/11\/06\/primeras-jornadas-nacionales-de-oleoturismo-en-mendoza\/#respond\"]}]},{\"@type\":\"WebPage\",\"@id\":\"https:\/\/modoviajeok.com.ar\/index.php\/2025\/11\/06\/primeras-jornadas-nacionales-de-oleoturismo-en-mendoza\/\",\"url\":\"https:\/\/modoviajeok.com.ar\/index.php\/2025\/11\/06\/primeras-jornadas-nacionales-de-oleoturismo-en-mendoza\/\",\"name\":\"Primeras Jornadas Nacionales de Oleoturismo en Mendoza -\",\"isPartOf\":{\"@id\":\"https:\/\/modoviajeok.com.ar\/#website\"},\"primaryImageOfPage\":{\"@id\":\"https:\/\/modoviajeok.com.ar\/index.php\/2025\/11\/06\/primeras-jornadas-nacionales-de-oleoturismo-en-mendoza\/#primaryimage\"},\"image\":{\"@id\":\"https:\/\/modoviajeok.com.ar\/index.php\/2025\/11\/06\/primeras-jornadas-nacionales-de-oleoturismo-en-mendoza\/#primaryimage\"},\"thumbnailUrl\":\"https:\/\/modoviajeok.com.ar\/wp-content\/uploads\/2025\/11\/Primeras-Jornadas-Nacionales-de-Oleoturismo-en-Mendoza-1-1.jpeg\",\"datePublished\":\"2025-11-06T20:22:41+00:00\",\"dateModified\":\"2025-11-06T20:22:43+00:00\",\"breadcrumb\":{\"@id\":\"https:\/\/modoviajeok.com.ar\/index.php\/2025\/11\/06\/primeras-jornadas-nacionales-de-oleoturismo-en-mendoza\/#breadcrumb\"},\"inLanguage\":\"es\",\"potentialAction\":[{\"@type\":\"ReadAction\",\"target\":[\"https:\/\/modoviajeok.com.ar\/index.php\/2025\/11\/06\/primeras-jornadas-nacionales-de-oleoturismo-en-mendoza\/\"]}]},{\"@type\":\"ImageObject\",\"inLanguage\":\"es\",\"@id\":\"https:\/\/modoviajeok.com.ar\/index.php\/2025\/11\/06\/primeras-jornadas-nacionales-de-oleoturismo-en-mendoza\/#primaryimage\",\"url\":\"https:\/\/modoviajeok.com.ar\/wp-content\/uploads\/2025\/11\/Primeras-Jornadas-Nacionales-de-Oleoturismo-en-Mendoza-1-1.jpeg\",\"contentUrl\":\"https:\/\/modoviajeok.com.ar\/wp-content\/uploads\/2025\/11\/Primeras-Jornadas-Nacionales-de-Oleoturismo-en-Mendoza-1-1.jpeg\",\"width\":1280,\"height\":853},{\"@type\":\"BreadcrumbList\",\"@id\":\"https:\/\/modoviajeok.com.ar\/index.php\/2025\/11\/06\/primeras-jornadas-nacionales-de-oleoturismo-en-mendoza\/#breadcrumb\",\"itemListElement\":[{\"@type\":\"ListItem\",\"position\":1,\"name\":\"Portada\",\"item\":\"https:\/\/modoviajeok.com.ar\/\"},{\"@type\":\"ListItem\",\"position\":2,\"name\":\"Primeras Jornadas Nacionales de Oleoturismo en Mendoza\"}]},{\"@type\":\"WebSite\",\"@id\":\"https:\/\/modoviajeok.com.ar\/#website\",\"url\":\"https:\/\/modoviajeok.com.ar\/\",\"name\":\"ModoViajeOK\",\"description\":\"\",\"publisher\":{\"@id\":\"https:\/\/modoviajeok.com.ar\/#organization\"},\"potentialAction\":[{\"@type\":\"SearchAction\",\"target\":{\"@type\":\"EntryPoint\",\"urlTemplate\":\"https:\/\/modoviajeok.com.ar\/?s={search_term_string}\"},\"query-input\":{\"@type\":\"PropertyValueSpecification\",\"valueRequired\":true,\"valueName\":\"search_term_string\"}}],\"inLanguage\":\"es\"},{\"@type\":\"Organization\",\"@id\":\"https:\/\/modoviajeok.com.ar\/#organization\",\"name\":\"ModoViajeOK\",\"url\":\"https:\/\/modoviajeok.com.ar\/\",\"logo\":{\"@type\":\"ImageObject\",\"inLanguage\":\"es\",\"@id\":\"https:\/\/modoviajeok.com.ar\/#\/schema\/logo\/image\/\",\"url\":\"https:\/\/modoviajeok.com.ar\/wp-content\/uploads\/2025\/01\/Logo-modoviajeok.png\",\"contentUrl\":\"https:\/\/modoviajeok.com.ar\/wp-content\/uploads\/2025\/01\/Logo-modoviajeok.png\",\"width\":2938,\"height\":2276,\"caption\":\"ModoViajeOK\"},\"image\":{\"@id\":\"https:\/\/modoviajeok.com.ar\/#\/schema\/logo\/image\/\"},\"sameAs\":[\"https:\/\/www.facebook.com\/mariana.otero1\/\",\"https:\/\/www.instagram.com\/modoviaje.ok\/\"]},{\"@type\":\"Person\",\"@id\":\"https:\/\/modoviajeok.com.ar\/#\/schema\/person\/2e299ed0d3d412a01d244fe28260d7f5\",\"name\":\"Pepe Segura\",\"image\":{\"@type\":\"ImageObject\",\"inLanguage\":\"es\",\"@id\":\"https:\/\/modoviajeok.com.ar\/#\/schema\/person\/image\/\",\"url\":\"https:\/\/secure.gravatar.com\/avatar\/65eb4b34deed761327f5b2c5535b987318ae807900ac46426de7258f5de6d345?s=96&d=mm&r=g\",\"contentUrl\":\"https:\/\/secure.gravatar.com\/avatar\/65eb4b34deed761327f5b2c5535b987318ae807900ac46426de7258f5de6d345?s=96&d=mm&r=g\",\"caption\":\"Pepe Segura\"},\"url\":\"https:\/\/modoviajeok.com.ar\/index.php\/author\/pepe2025\/\"}]}<\/script>\n<!-- \/ Yoast SEO plugin. -->","yoast_head_json":{"title":"Primeras Jornadas Nacionales de Oleoturismo en Mendoza -","robots":{"index":"index","follow":"follow","max-snippet":"max-snippet:-1","max-image-preview":"max-image-preview:large","max-video-preview":"max-video-preview:-1"},"canonical":"https:\/\/modoviajeok.com.ar\/index.php\/2025\/11\/06\/primeras-jornadas-nacionales-de-oleoturismo-en-mendoza\/","og_locale":"es_ES","og_type":"article","og_title":"Primeras Jornadas Nacionales de Oleoturismo en Mendoza -","og_description":"Se llevar\u00e1n a cabo el 7 y 8 de noviembre para impulsar el turismo vinculado al Aceite de Oliva Extra Virgen. La provincia de Mendoza ser\u00e1 la sede de las Primeras Jornadas Nacionales de Oleoturismo, con el fin de fortalecer el posicionamiento del aceite de oliva dentro de la oferta tur\u00edstica nacional. Organizadas por el [&hellip;]","og_url":"https:\/\/modoviajeok.com.ar\/index.php\/2025\/11\/06\/primeras-jornadas-nacionales-de-oleoturismo-en-mendoza\/","article_publisher":"https:\/\/www.facebook.com\/mariana.otero1\/","article_published_time":"2025-11-06T20:22:41+00:00","article_modified_time":"2025-11-06T20:22:43+00:00","og_image":[{"width":1280,"height":853,"url":"https:\/\/modoviajeok.com.ar\/wp-content\/uploads\/2025\/11\/Primeras-Jornadas-Nacionales-de-Oleoturismo-en-Mendoza-1-1.jpeg","type":"image\/jpeg"}],"author":"Pepe Segura","twitter_card":"summary_large_image","twitter_misc":{"Escrito por":"Pepe Segura","Tiempo de lectura":"2 minutos"},"schema":{"@context":"https:\/\/schema.org","@graph":[{"@type":"Article","@id":"https:\/\/modoviajeok.com.ar\/index.php\/2025\/11\/06\/primeras-jornadas-nacionales-de-oleoturismo-en-mendoza\/#article","isPartOf":{"@id":"https:\/\/modoviajeok.com.ar\/index.php\/2025\/11\/06\/primeras-jornadas-nacionales-de-oleoturismo-en-mendoza\/"},"author":{"name":"Pepe Segura","@id":"https:\/\/modoviajeok.com.ar\/#\/schema\/person\/2e299ed0d3d412a01d244fe28260d7f5"},"headline":"Primeras Jornadas Nacionales de Oleoturismo en Mendoza","datePublished":"2025-11-06T20:22:41+00:00","dateModified":"2025-11-06T20:22:43+00:00","mainEntityOfPage":{"@id":"https:\/\/modoviajeok.com.ar\/index.php\/2025\/11\/06\/primeras-jornadas-nacionales-de-oleoturismo-en-mendoza\/"},"wordCount":313,"commentCount":0,"publisher":{"@id":"https:\/\/modoviajeok.com.ar\/#organization"},"image":{"@id":"https:\/\/modoviajeok.com.ar\/index.php\/2025\/11\/06\/primeras-jornadas-nacionales-de-oleoturismo-en-mendoza\/#primaryimage"},"thumbnailUrl":"https:\/\/modoviajeok.com.ar\/wp-content\/uploads\/2025\/11\/Primeras-Jornadas-Nacionales-de-Oleoturismo-en-Mendoza-1-1.jpeg","keywords":["mendoza","oleoturismo"],"articleSection":["Argentina","Noticias"],"inLanguage":"es","potentialAction":[{"@type":"CommentAction","name":"Comment","target":["https:\/\/modoviajeok.com.ar\/index.php\/2025\/11\/06\/primeras-jornadas-nacionales-de-oleoturismo-en-mendoza\/#respond"]}]},{"@type":"WebPage","@id":"https:\/\/modoviajeok.com.ar\/index.php\/2025\/11\/06\/primeras-jornadas-nacionales-de-oleoturismo-en-mendoza\/","url":"https:\/\/modoviajeok.com.ar\/index.php\/2025\/11\/06\/primeras-jornadas-nacionales-de-oleoturismo-en-mendoza\/","name":"Primeras Jornadas Nacionales de Oleoturismo en Mendoza -","isPartOf":{"@id":"https:\/\/modoviajeok.com.ar\/#website"},"primaryImageOfPage":{"@id":"https:\/\/modoviajeok.com.ar\/index.php\/2025\/11\/06\/primeras-jornadas-nacionales-de-oleoturismo-en-mendoza\/#primaryimage"},"image":{"@id":"https:\/\/modoviajeok.com.ar\/index.php\/2025\/11\/06\/primeras-jornadas-nacionales-de-oleoturismo-en-mendoza\/#primaryimage"},"thumbnailUrl":"https:\/\/modoviajeok.com.ar\/wp-content\/uploads\/2025\/11\/Primeras-Jornadas-Nacionales-de-Oleoturismo-en-Mendoza-1-1.jpeg","datePublished":"2025-11-06T20:22:41+00:00","dateModified":"2025-11-06T20:22:43+00:00","breadcrumb":{"@id":"https:\/\/modoviajeok.com.ar\/index.php\/2025\/11\/06\/primeras-jornadas-nacionales-de-oleoturismo-en-mendoza\/#breadcrumb"},"inLanguage":"es","potentialAction":[{"@type":"ReadAction","target":["https:\/\/modoviajeok.com.ar\/index.php\/2025\/11\/06\/primeras-jornadas-nacionales-de-oleoturismo-en-mendoza\/"]}]},{"@type":"ImageObject","inLanguage":"es","@id":"https:\/\/modoviajeok.com.ar\/index.php\/2025\/11\/06\/primeras-jornadas-nacionales-de-oleoturismo-en-mendoza\/#primaryimage","url":"https:\/\/modoviajeok.com.ar\/wp-content\/uploads\/2025\/11\/Primeras-Jornadas-Nacionales-de-Oleoturismo-en-Mendoza-1-1.jpeg","contentUrl":"https:\/\/modoviajeok.com.ar\/wp-content\/uploads\/2025\/11\/Primeras-Jornadas-Nacionales-de-Oleoturismo-en-Mendoza-1-1.jpeg","width":1280,"height":853},{"@type":"BreadcrumbList","@id":"https:\/\/modoviajeok.com.ar\/index.php\/2025\/11\/06\/primeras-jornadas-nacionales-de-oleoturismo-en-mendoza\/#breadcrumb","itemListElement":[{"@type":"ListItem","position":1,"name":"Portada","item":"https:\/\/modoviajeok.com.ar\/"},{"@type":"ListItem","position":2,"name":"Primeras Jornadas Nacionales de Oleoturismo en Mendoza"}]},{"@type":"WebSite","@id":"https:\/\/modoviajeok.com.ar\/#website","url":"https:\/\/modoviajeok.com.ar\/","name":"ModoViajeOK","description":"","publisher":{"@id":"https:\/\/modoviajeok.com.ar\/#organization"},"potentialAction":[{"@type":"SearchAction","target":{"@type":"EntryPoint","urlTemplate":"https:\/\/modoviajeok.com.ar\/?s={search_term_string}"},"query-input":{"@type":"PropertyValueSpecification","valueRequired":true,"valueName":"search_term_string"}}],"inLanguage":"es"},{"@type":"Organization","@id":"https:\/\/modoviajeok.com.ar\/#organization","name":"ModoViajeOK","url":"https:\/\/modoviajeok.com.ar\/","logo":{"@type":"ImageObject","inLanguage":"es","@id":"https:\/\/modoviajeok.com.ar\/#\/schema\/logo\/image\/","url":"https:\/\/modoviajeok.com.ar\/wp-content\/uploads\/2025\/01\/Logo-modoviajeok.png","contentUrl":"https:\/\/modoviajeok.com.ar\/wp-content\/uploads\/2025\/01\/Logo-modoviajeok.png","width":2938,"height":2276,"caption":"ModoViajeOK"},"image":{"@id":"https:\/\/modoviajeok.com.ar\/#\/schema\/logo\/image\/"},"sameAs":["https:\/\/www.facebook.com\/mariana.otero1\/","https:\/\/www.instagram.com\/modoviaje.ok\/"]},{"@type":"Person","@id":"https:\/\/modoviajeok.com.ar\/#\/schema\/person\/2e299ed0d3d412a01d244fe28260d7f5","name":"Pepe Segura","image":{"@type":"ImageObject","inLanguage":"es","@id":"https:\/\/modoviajeok.com.ar\/#\/schema\/person\/image\/","url":"https:\/\/secure.gravatar.com\/avatar\/65eb4b34deed761327f5b2c5535b987318ae807900ac46426de7258f5de6d345?s=96&d=mm&r=g","contentUrl":"https:\/\/secure.gravatar.com\/avatar\/65eb4b34deed761327f5b2c5535b987318ae807900ac46426de7258f5de6d345?s=96&d=mm&r=g","caption":"Pepe Segura"},"url":"https:\/\/modoviajeok.com.ar\/index.php\/author\/pepe2025\/"}]}},"_links":{"self":[{"href":"https:\/\/modoviajeok.com.ar\/index.php\/wp-json\/wp\/v2\/posts\/6189","targetHints":{"allow":["GET"]}}],"collection":[{"href":"https:\/\/modoviajeok.com.ar\/index.php\/wp-json\/wp\/v2\/posts"}],"about":[{"href":"https:\/\/modoviajeok.com.ar\/index.php\/wp-json\/wp\/v2\/types\/post"}],"author":[{"embeddable":true,"href":"https:\/\/modoviajeok.com.ar\/index.php\/wp-json\/wp\/v2\/users\/3"}],"replies":[{"embeddable":true,"href":"https:\/\/modoviajeok.com.ar\/index.php\/wp-json\/wp\/v2\/comments?post=6189"}],"version-history":[{"count":1,"href":"https:\/\/modoviajeok.com.ar\/index.php\/wp-json\/wp\/v2\/posts\/6189\/revisions"}],"predecessor-version":[{"id":6196,"href":"https:\/\/modoviajeok.com.ar\/index.php\/wp-json\/wp\/v2\/posts\/6189\/revisions\/6196"}],"wp:featuredmedia":[{"embeddable":true,"href":"https:\/\/modoviajeok.com.ar\/index.php\/wp-json\/wp\/v2\/media\/6194"}],"wp:attachment":[{"href":"https:\/\/modoviajeok.com.ar\/index.php\/wp-json\/wp\/v2\/media?parent=6189"}],"wp:term":[{"taxonomy":"category","embeddable":true,"href":"https:\/\/modoviajeok.com.ar\/index.php\/wp-json\/wp\/v2\/categories?post=6189"},{"taxonomy":"post_tag","embeddable":true,"href":"https:\/\/modoviajeok.com.ar\/index.php\/wp-json\/wp\/v2\/tags?post=6189"}],"curies":[{"name":"wp","href":"https:\/\/api.w.org\/{rel}","templated":true}]}}