{"id":6311,"date":"2025-11-12T08:26:00","date_gmt":"2025-11-12T11:26:00","guid":{"rendered":"https:\/\/modoviajeok.com.ar\/?p=6311"},"modified":"2025-11-12T09:45:45","modified_gmt":"2025-11-12T12:45:45","slug":"caxias-do-sul-centro-del-periodismo-turistico-y-de-las-revalorizacion-territorial","status":"publish","type":"post","link":"https:\/\/modoviajeok.com.ar\/index.php\/2025\/11\/12\/caxias-do-sul-centro-del-periodismo-turistico-y-de-las-revalorizacion-territorial\/","title":{"rendered":"Caxias do Sul, centro del periodismo tur\u00edstico y de la revalorizaci\u00f3n territorial"},"content":{"rendered":"\n<figure class=\"wp-block-pullquote\"><blockquote><p>La pujante ciudad del sur brasile\u00f1o, fue el punto de encuentro de m\u00e1s de una decena de comunicadores tur\u00edsticos, investigadores y gestores culturales de distintos pa\u00edses que fueron convocados para vivir una inmersi\u00f3n \u00fanica: el Congreso Internacional de la Organizaci\u00f3n Mundial de Periodismo Tur\u00edstico (OMPT).<br><\/p><\/blockquote><\/figure>\n\n\n\n<figure class=\"wp-block-image size-full\"><img loading=\"lazy\" decoding=\"async\" width=\"1110\" height=\"833\" src=\"https:\/\/modoviajeok.com.ar\/wp-content\/uploads\/2025\/11\/ec55d2_90da50bfd65f43ac9b86f9766f5d5ff9mv2.avif\" alt=\"\" class=\"wp-image-6313\" srcset=\"https:\/\/modoviajeok.com.ar\/wp-content\/uploads\/2025\/11\/ec55d2_90da50bfd65f43ac9b86f9766f5d5ff9mv2.avif 1110w, https:\/\/modoviajeok.com.ar\/wp-content\/uploads\/2025\/11\/ec55d2_90da50bfd65f43ac9b86f9766f5d5ff9mv2-768x576.avif 768w, https:\/\/modoviajeok.com.ar\/wp-content\/uploads\/2025\/11\/ec55d2_90da50bfd65f43ac9b86f9766f5d5ff9mv2-560x420.avif 560w, https:\/\/modoviajeok.com.ar\/wp-content\/uploads\/2025\/11\/ec55d2_90da50bfd65f43ac9b86f9766f5d5ff9mv2-80x60.avif 80w, https:\/\/modoviajeok.com.ar\/wp-content\/uploads\/2025\/11\/ec55d2_90da50bfd65f43ac9b86f9766f5d5ff9mv2-150x113.avif 150w, https:\/\/modoviajeok.com.ar\/wp-content\/uploads\/2025\/11\/ec55d2_90da50bfd65f43ac9b86f9766f5d5ff9mv2-300x225.avif 300w, https:\/\/modoviajeok.com.ar\/wp-content\/uploads\/2025\/11\/ec55d2_90da50bfd65f43ac9b86f9766f5d5ff9mv2-696x522.avif 696w, https:\/\/modoviajeok.com.ar\/wp-content\/uploads\/2025\/11\/ec55d2_90da50bfd65f43ac9b86f9766f5d5ff9mv2-1068x801.avif 1068w, https:\/\/modoviajeok.com.ar\/wp-content\/uploads\/2025\/11\/ec55d2_90da50bfd65f43ac9b86f9766f5d5ff9mv2-265x198.avif 265w\" sizes=\"auto, (max-width: 1110px) 100vw, 1110px\" \/><figcaption class=\"wp-element-caption\">Los participantes del Congreso en Caxias do Sul, en pleno paseo en el Parque M\u00f3nica, en Gramado. <\/figcaption><\/figure>\n\n\n\n<p><\/p>\n\n\n\n<p>El sur de Brasil se convirti\u00f3 en el punto de encuentro para m\u00e1s de una decena de comunicadores tur\u00edsticos, investigadores y gestores culturales de distintos pa\u00edses que fueron convocados para vivir una inmersi\u00f3n \u00fanica: el Congreso Internacional de la Organizaci\u00f3n Mundial de Periodismo Tur\u00edstico (OMPT) en Caxias do Sul, una ciudad de tradici\u00f3n europea que hoy busca proyectarse al mundo a trav\u00e9s de su identidad, su cultura y su potencial emergente.<\/p>\n\n\n\n<p>La apertura del encuentro estuvo marcada por la hospitalidad local: m\u00fasica, historia y palabras que destacaron a Caxias como un territorio en donde la industria y las ra\u00edces caminan juntas. \u201cAqu\u00ed, tradici\u00f3n e innovaci\u00f3n caminan de la mano\u201d, expres\u00f3 Luciana P\u00e9rez, presidenta del Convention &amp; Visitors Bureau, al dar la bienvenida. Sus palabras fueron acompa\u00f1adas por las voces de autoridades locales y regionales, entre ellas las del director general de la Organizaci\u00f3n Mundial de Periodismo Tur\u00edstico (OMPT), Kevin Casanova.<\/p>\n\n\n\n<p>Las ponencias del congreso no fueron solo exposiciones acad\u00e9micas: encendieron el debate, la reflexi\u00f3n y la emoci\u00f3n.<\/p>\n\n\n\n<p>Miguel Ledhesma, presidente fundador de la OMPT, abri\u00f3 la serie de presentaciones con el concepto de \u201cturismo de herencia cultural\u201d, proponiendo que contar un destino tambi\u00e9n implica rescatar la memoria que lo habita y darle voz a lo que no siempre se ve, pero define su identidad.<\/p>\n\n\n\n<p>Desde Colombia, Ricardo Le\u00f3n Giraldo ofreci\u00f3 una de las charlas m\u00e1s humanas e inspiradoras del encuentro: \u201cEl rugido que inspira: la historia de servir con prop\u00f3sito\u201d. All\u00ed reflexion\u00f3 sobre el liderazgo transformador: \u201cLa verdadera riqueza est\u00e1 en superar los miedos, creer en uno mismo y usar cada experiencia como impulso para crear un legado positivo\u201d.<\/p>\n\n\n\n<p>La periodista mexicana Lilia del Carmen Lara llev\u00f3 al auditorio a un viaje sensorial y simb\u00f3lico por el D\u00eda de Muertos en M\u00e9xico, bajo el t\u00edtulo \u201cSoy la Catrina, soy de M\u00e9xico y hoy les vengo a platicar de mi pa\u00eds\u201d. Su intervenci\u00f3n fue un recordatorio de que el turismo tambi\u00e9n es identidad cultural hecha relato vivo.<\/p>\n\n\n\n<p>Hubo miradas para todos los sentidos: desde el an\u00e1lisis del turismo religioso como motor econ\u00f3mico, presentado por el brasile\u00f1o Gustavo Toigo; hasta el valor espiritual y arqueol\u00f3gico del inframundo de Teotihuac\u00e1n, reflejado en la ponencia de Jorge Luis Olivarez.<\/p>\n\n\n\n<p>Tambi\u00e9n se habl\u00f3 de gastronom\u00eda, creatividad y branding tur\u00edstico:<\/p>\n\n\n\n<p>El chileno Andr\u00e9s \u00c1lvarez explic\u00f3 c\u00f3mo la investigaci\u00f3n mejora la experiencia culinaria como producto tur\u00edstico.<\/p>\n\n\n\n<p>Manoela da Costa Moschem, de Brasil, comparti\u00f3 la historia detr\u00e1s del parque tem\u00e1tico inspirado en la \u201cTurma da M\u00f4nica\u201d.<\/p>\n\n\n\n<p>Desde M\u00e9xico, Mauricio Reyes Jim\u00e9nez subray\u00f3 la fuerza emocional de la identidad visual de los destinos en redes sociales:<\/p>\n\n\n\n<p>\u201cCada destino tiene una voz y una personalidad. La tipograf\u00eda es su tono, y las redes sociales son el escenario donde esa voz se amplifica o se pierde\u201d.<\/p>\n\n\n\n<p>El congreso culmin\u00f3 con la conferencia de la argentina Florencia Cuneo, \u201cClic &amp; Touch-mania\u201d, reflexionando sobre c\u00f3mo la comida, la tecnolog\u00eda y la construcci\u00f3n de identidad dialogan en la era digital.<\/p>\n\n\n\n<p><strong>Turismo con impacto: el caso Nari\u00f1o<\/strong><\/p>\n\n\n\n<p>Se present\u00f3 tambi\u00e9n el informe de impacto de Pasaporte Abierto 2025, desarrollado en Nari\u00f1o, Colombia. Los resultados destacaron el alto valor generado por los periodistas participantes:<\/p>\n\n\n\n<p>-USD 111.600 en promoci\u00f3n org\u00e1nica estimada<\/p>\n\n\n\n<p>-Impacto tur\u00edstico directo de USD 27.200<\/p>\n\n\n\n<p>-35 participantes de 28 pa\u00edses<\/p>\n\n\n\n<p>-Un alcance potencial de m\u00e1s de 31.000 personas<\/p>\n\n\n\n<p>Lo que confirma una verdad esencial: cuando el turismo se cuenta con autenticidad, el impacto trasciende lo econ\u00f3mico. Alimenta el orgullo, revitaliza la identidad y conecta comunidades.<\/p>\n\n\n\n<p><strong>Galer\u00edas de Honor OMPT: reconocer a quienes dejan huella<\/strong><\/p>\n\n\n\n<p>La OMPT inaugur\u00f3 en Caxias dos espacios honor\u00edficos:<\/p>\n\n\n\n<p>La Galer\u00eda Mundial de L\u00edderes en Turismo, reconociendo como primer integrante al colombiano Kevin Casanova Solarte, por su labor formativa, innovadora y transformadora en el sector.<\/p>\n\n\n\n<p>La Galer\u00eda de Honor Mundial de Periodistas Tur\u00edsticos, incorporando al mexicano Jes\u00fas \u201cChuy\u201d Coronado, distinguido por una trayectoria dedicada a un turismo responsable, humano y creativo.<\/p>\n\n\n\n<p><strong>Caxias do Sul: un destino que emerge<\/strong><\/p>\n\n\n\n<p>Uno de los hitos del congreso fue la firma del acuerdo que posiciona a Caxias do Sul dentro de la Red Mundial de Destinos Emergentes, una iniciativa que busca visibilizar territorios con identidad propia, vocaci\u00f3n tur\u00edstica y alto potencial internacional.<\/p>\n\n\n\n<p>Desde Brasil al mundo, este congreso dej\u00f3 una fuerte se\u00f1al: el periodismo tur\u00edstico no es solo un canal de difusi\u00f3n. Es un puente entre la emoci\u00f3n y el territorio, entre el relato y el desarrollo, entre las comunidades y sus futuros posibles.<\/p>\n\n\n\n<p>Contar un destino es m\u00e1s que describirlo. Es darle la oportunidad de florecer desde adentro.<\/p>\n\n\n\n<p>Por Deby Ruiz<\/p>\n","protected":false},"excerpt":{"rendered":"<p>La pujante ciudad del sur brasile\u00f1o, fue el punto de encuentro de m\u00e1s de una decena de comunicadores tur\u00edsticos, investigadores y gestores culturales de distintos pa\u00edses que fueron convocados para vivir una inmersi\u00f3n \u00fanica: el Congreso Internacional de la Organizaci\u00f3n Mundial de Periodismo Tur\u00edstico (OMPT). El sur de Brasil se convirti\u00f3 en el punto de [&hellip;]<\/p>\n","protected":false},"author":3,"featured_media":6312,"comment_status":"open","ping_status":"open","sticky":false,"template":"","format":"standard","meta":{"_acf_changed":false,"footnotes":""},"categories":[2,9],"tags":[73,1371,147,1373],"class_list":{"0":"post-6311","1":"post","2":"type-post","3":"status-publish","4":"format-standard","5":"has-post-thumbnail","7":"category-destacadas","8":"category-mundo","9":"tag-brasil","10":"tag-caxias-do-sul","11":"tag-ompt","12":"tag-parque-de-monica-gramado"},"acf":[],"yoast_head":"<!-- This site is optimized with the Yoast SEO plugin v24.8.1 - https:\/\/yoast.com\/wordpress\/plugins\/seo\/ -->\n<title>Caxias do Sul, centro del periodismo tur\u00edstico y de la revalorizaci\u00f3n territorial -<\/title>\n<meta name=\"robots\" content=\"index, follow, max-snippet:-1, max-image-preview:large, max-video-preview:-1\" \/>\n<link rel=\"canonical\" href=\"https:\/\/modoviajeok.com.ar\/index.php\/2025\/11\/12\/caxias-do-sul-centro-del-periodismo-turistico-y-de-las-revalorizacion-territorial\/\" \/>\n<meta property=\"og:locale\" content=\"es_ES\" \/>\n<meta property=\"og:type\" content=\"article\" \/>\n<meta property=\"og:title\" content=\"Caxias do Sul, centro del periodismo tur\u00edstico y de la revalorizaci\u00f3n territorial -\" \/>\n<meta property=\"og:description\" content=\"La pujante ciudad del sur brasile\u00f1o, fue el punto de encuentro de m\u00e1s de una decena de comunicadores tur\u00edsticos, investigadores y gestores culturales de distintos pa\u00edses que fueron convocados para vivir una inmersi\u00f3n \u00fanica: el Congreso Internacional de la Organizaci\u00f3n Mundial de Periodismo Tur\u00edstico (OMPT). El sur de Brasil se convirti\u00f3 en el punto de [&hellip;]\" \/>\n<meta property=\"og:url\" content=\"https:\/\/modoviajeok.com.ar\/index.php\/2025\/11\/12\/caxias-do-sul-centro-del-periodismo-turistico-y-de-las-revalorizacion-territorial\/\" \/>\n<meta property=\"article:publisher\" content=\"https:\/\/www.facebook.com\/mariana.otero1\/\" \/>\n<meta property=\"article:published_time\" content=\"2025-11-12T11:26:00+00:00\" \/>\n<meta property=\"article:modified_time\" content=\"2025-11-12T12:45:45+00:00\" \/>\n<meta property=\"og:image\" content=\"https:\/\/modoviajeok.com.ar\/wp-content\/uploads\/2025\/11\/Chuy-Coronado-1068x1130-1.webp\" \/>\n\t<meta property=\"og:image:width\" content=\"1068\" \/>\n\t<meta property=\"og:image:height\" content=\"1130\" \/>\n\t<meta property=\"og:image:type\" content=\"image\/webp\" \/>\n<meta name=\"author\" content=\"Pepe Segura\" \/>\n<meta name=\"twitter:card\" content=\"summary_large_image\" \/>\n<meta name=\"twitter:label1\" content=\"Escrito por\" \/>\n\t<meta name=\"twitter:data1\" content=\"Pepe Segura\" \/>\n\t<meta name=\"twitter:label2\" content=\"Tiempo de lectura\" \/>\n\t<meta name=\"twitter:data2\" content=\"4 minutos\" \/>\n<script type=\"application\/ld+json\" class=\"yoast-schema-graph\">{\"@context\":\"https:\/\/schema.org\",\"@graph\":[{\"@type\":\"Article\",\"@id\":\"https:\/\/modoviajeok.com.ar\/index.php\/2025\/11\/12\/caxias-do-sul-centro-del-periodismo-turistico-y-de-las-revalorizacion-territorial\/#article\",\"isPartOf\":{\"@id\":\"https:\/\/modoviajeok.com.ar\/index.php\/2025\/11\/12\/caxias-do-sul-centro-del-periodismo-turistico-y-de-las-revalorizacion-territorial\/\"},\"author\":{\"name\":\"Pepe Segura\",\"@id\":\"https:\/\/modoviajeok.com.ar\/#\/schema\/person\/2e299ed0d3d412a01d244fe28260d7f5\"},\"headline\":\"Caxias do Sul, centro del periodismo tur\u00edstico y de la revalorizaci\u00f3n territorial\",\"datePublished\":\"2025-11-12T11:26:00+00:00\",\"dateModified\":\"2025-11-12T12:45:45+00:00\",\"mainEntityOfPage\":{\"@id\":\"https:\/\/modoviajeok.com.ar\/index.php\/2025\/11\/12\/caxias-do-sul-centro-del-periodismo-turistico-y-de-las-revalorizacion-territorial\/\"},\"wordCount\":900,\"commentCount\":0,\"publisher\":{\"@id\":\"https:\/\/modoviajeok.com.ar\/#organization\"},\"image\":{\"@id\":\"https:\/\/modoviajeok.com.ar\/index.php\/2025\/11\/12\/caxias-do-sul-centro-del-periodismo-turistico-y-de-las-revalorizacion-territorial\/#primaryimage\"},\"thumbnailUrl\":\"https:\/\/modoviajeok.com.ar\/wp-content\/uploads\/2025\/11\/Chuy-Coronado-1068x1130-1.webp\",\"keywords\":[\"brasil\",\"caxias do sul\",\"ompt\",\"parque de monica gramado\"],\"articleSection\":[\"Destacadas\",\"Mundo\"],\"inLanguage\":\"es\",\"potentialAction\":[{\"@type\":\"CommentAction\",\"name\":\"Comment\",\"target\":[\"https:\/\/modoviajeok.com.ar\/index.php\/2025\/11\/12\/caxias-do-sul-centro-del-periodismo-turistico-y-de-las-revalorizacion-territorial\/#respond\"]}]},{\"@type\":\"WebPage\",\"@id\":\"https:\/\/modoviajeok.com.ar\/index.php\/2025\/11\/12\/caxias-do-sul-centro-del-periodismo-turistico-y-de-las-revalorizacion-territorial\/\",\"url\":\"https:\/\/modoviajeok.com.ar\/index.php\/2025\/11\/12\/caxias-do-sul-centro-del-periodismo-turistico-y-de-las-revalorizacion-territorial\/\",\"name\":\"Caxias do Sul, centro del periodismo tur\u00edstico y de la revalorizaci\u00f3n territorial -\",\"isPartOf\":{\"@id\":\"https:\/\/modoviajeok.com.ar\/#website\"},\"primaryImageOfPage\":{\"@id\":\"https:\/\/modoviajeok.com.ar\/index.php\/2025\/11\/12\/caxias-do-sul-centro-del-periodismo-turistico-y-de-las-revalorizacion-territorial\/#primaryimage\"},\"image\":{\"@id\":\"https:\/\/modoviajeok.com.ar\/index.php\/2025\/11\/12\/caxias-do-sul-centro-del-periodismo-turistico-y-de-las-revalorizacion-territorial\/#primaryimage\"},\"thumbnailUrl\":\"https:\/\/modoviajeok.com.ar\/wp-content\/uploads\/2025\/11\/Chuy-Coronado-1068x1130-1.webp\",\"datePublished\":\"2025-11-12T11:26:00+00:00\",\"dateModified\":\"2025-11-12T12:45:45+00:00\",\"breadcrumb\":{\"@id\":\"https:\/\/modoviajeok.com.ar\/index.php\/2025\/11\/12\/caxias-do-sul-centro-del-periodismo-turistico-y-de-las-revalorizacion-territorial\/#breadcrumb\"},\"inLanguage\":\"es\",\"potentialAction\":[{\"@type\":\"ReadAction\",\"target\":[\"https:\/\/modoviajeok.com.ar\/index.php\/2025\/11\/12\/caxias-do-sul-centro-del-periodismo-turistico-y-de-las-revalorizacion-territorial\/\"]}]},{\"@type\":\"ImageObject\",\"inLanguage\":\"es\",\"@id\":\"https:\/\/modoviajeok.com.ar\/index.php\/2025\/11\/12\/caxias-do-sul-centro-del-periodismo-turistico-y-de-las-revalorizacion-territorial\/#primaryimage\",\"url\":\"https:\/\/modoviajeok.com.ar\/wp-content\/uploads\/2025\/11\/Chuy-Coronado-1068x1130-1.webp\",\"contentUrl\":\"https:\/\/modoviajeok.com.ar\/wp-content\/uploads\/2025\/11\/Chuy-Coronado-1068x1130-1.webp\",\"width\":1068,\"height\":1130},{\"@type\":\"BreadcrumbList\",\"@id\":\"https:\/\/modoviajeok.com.ar\/index.php\/2025\/11\/12\/caxias-do-sul-centro-del-periodismo-turistico-y-de-las-revalorizacion-territorial\/#breadcrumb\",\"itemListElement\":[{\"@type\":\"ListItem\",\"position\":1,\"name\":\"Portada\",\"item\":\"https:\/\/modoviajeok.com.ar\/\"},{\"@type\":\"ListItem\",\"position\":2,\"name\":\"Caxias do Sul, centro del periodismo tur\u00edstico y de la revalorizaci\u00f3n territorial\"}]},{\"@type\":\"WebSite\",\"@id\":\"https:\/\/modoviajeok.com.ar\/#website\",\"url\":\"https:\/\/modoviajeok.com.ar\/\",\"name\":\"ModoViajeOK\",\"description\":\"\",\"publisher\":{\"@id\":\"https:\/\/modoviajeok.com.ar\/#organization\"},\"potentialAction\":[{\"@type\":\"SearchAction\",\"target\":{\"@type\":\"EntryPoint\",\"urlTemplate\":\"https:\/\/modoviajeok.com.ar\/?s={search_term_string}\"},\"query-input\":{\"@type\":\"PropertyValueSpecification\",\"valueRequired\":true,\"valueName\":\"search_term_string\"}}],\"inLanguage\":\"es\"},{\"@type\":\"Organization\",\"@id\":\"https:\/\/modoviajeok.com.ar\/#organization\",\"name\":\"ModoViajeOK\",\"url\":\"https:\/\/modoviajeok.com.ar\/\",\"logo\":{\"@type\":\"ImageObject\",\"inLanguage\":\"es\",\"@id\":\"https:\/\/modoviajeok.com.ar\/#\/schema\/logo\/image\/\",\"url\":\"https:\/\/modoviajeok.com.ar\/wp-content\/uploads\/2025\/01\/Logo-modoviajeok.png\",\"contentUrl\":\"https:\/\/modoviajeok.com.ar\/wp-content\/uploads\/2025\/01\/Logo-modoviajeok.png\",\"width\":2938,\"height\":2276,\"caption\":\"ModoViajeOK\"},\"image\":{\"@id\":\"https:\/\/modoviajeok.com.ar\/#\/schema\/logo\/image\/\"},\"sameAs\":[\"https:\/\/www.facebook.com\/mariana.otero1\/\",\"https:\/\/www.instagram.com\/modoviaje.ok\/\"]},{\"@type\":\"Person\",\"@id\":\"https:\/\/modoviajeok.com.ar\/#\/schema\/person\/2e299ed0d3d412a01d244fe28260d7f5\",\"name\":\"Pepe Segura\",\"image\":{\"@type\":\"ImageObject\",\"inLanguage\":\"es\",\"@id\":\"https:\/\/modoviajeok.com.ar\/#\/schema\/person\/image\/\",\"url\":\"https:\/\/secure.gravatar.com\/avatar\/65eb4b34deed761327f5b2c5535b987318ae807900ac46426de7258f5de6d345?s=96&d=mm&r=g\",\"contentUrl\":\"https:\/\/secure.gravatar.com\/avatar\/65eb4b34deed761327f5b2c5535b987318ae807900ac46426de7258f5de6d345?s=96&d=mm&r=g\",\"caption\":\"Pepe Segura\"},\"url\":\"https:\/\/modoviajeok.com.ar\/index.php\/author\/pepe2025\/\"}]}<\/script>\n<!-- \/ Yoast SEO plugin. -->","yoast_head_json":{"title":"Caxias do Sul, centro del periodismo tur\u00edstico y de la revalorizaci\u00f3n territorial -","robots":{"index":"index","follow":"follow","max-snippet":"max-snippet:-1","max-image-preview":"max-image-preview:large","max-video-preview":"max-video-preview:-1"},"canonical":"https:\/\/modoviajeok.com.ar\/index.php\/2025\/11\/12\/caxias-do-sul-centro-del-periodismo-turistico-y-de-las-revalorizacion-territorial\/","og_locale":"es_ES","og_type":"article","og_title":"Caxias do Sul, centro del periodismo tur\u00edstico y de la revalorizaci\u00f3n territorial -","og_description":"La pujante ciudad del sur brasile\u00f1o, fue el punto de encuentro de m\u00e1s de una decena de comunicadores tur\u00edsticos, investigadores y gestores culturales de distintos pa\u00edses que fueron convocados para vivir una inmersi\u00f3n \u00fanica: el Congreso Internacional de la Organizaci\u00f3n Mundial de Periodismo Tur\u00edstico (OMPT). El sur de Brasil se convirti\u00f3 en el punto de [&hellip;]","og_url":"https:\/\/modoviajeok.com.ar\/index.php\/2025\/11\/12\/caxias-do-sul-centro-del-periodismo-turistico-y-de-las-revalorizacion-territorial\/","article_publisher":"https:\/\/www.facebook.com\/mariana.otero1\/","article_published_time":"2025-11-12T11:26:00+00:00","article_modified_time":"2025-11-12T12:45:45+00:00","og_image":[{"width":1068,"height":1130,"url":"https:\/\/modoviajeok.com.ar\/wp-content\/uploads\/2025\/11\/Chuy-Coronado-1068x1130-1.webp","type":"image\/webp"}],"author":"Pepe Segura","twitter_card":"summary_large_image","twitter_misc":{"Escrito por":"Pepe Segura","Tiempo de lectura":"4 minutos"},"schema":{"@context":"https:\/\/schema.org","@graph":[{"@type":"Article","@id":"https:\/\/modoviajeok.com.ar\/index.php\/2025\/11\/12\/caxias-do-sul-centro-del-periodismo-turistico-y-de-las-revalorizacion-territorial\/#article","isPartOf":{"@id":"https:\/\/modoviajeok.com.ar\/index.php\/2025\/11\/12\/caxias-do-sul-centro-del-periodismo-turistico-y-de-las-revalorizacion-territorial\/"},"author":{"name":"Pepe Segura","@id":"https:\/\/modoviajeok.com.ar\/#\/schema\/person\/2e299ed0d3d412a01d244fe28260d7f5"},"headline":"Caxias do Sul, centro del periodismo tur\u00edstico y de la revalorizaci\u00f3n territorial","datePublished":"2025-11-12T11:26:00+00:00","dateModified":"2025-11-12T12:45:45+00:00","mainEntityOfPage":{"@id":"https:\/\/modoviajeok.com.ar\/index.php\/2025\/11\/12\/caxias-do-sul-centro-del-periodismo-turistico-y-de-las-revalorizacion-territorial\/"},"wordCount":900,"commentCount":0,"publisher":{"@id":"https:\/\/modoviajeok.com.ar\/#organization"},"image":{"@id":"https:\/\/modoviajeok.com.ar\/index.php\/2025\/11\/12\/caxias-do-sul-centro-del-periodismo-turistico-y-de-las-revalorizacion-territorial\/#primaryimage"},"thumbnailUrl":"https:\/\/modoviajeok.com.ar\/wp-content\/uploads\/2025\/11\/Chuy-Coronado-1068x1130-1.webp","keywords":["brasil","caxias do sul","ompt","parque de monica gramado"],"articleSection":["Destacadas","Mundo"],"inLanguage":"es","potentialAction":[{"@type":"CommentAction","name":"Comment","target":["https:\/\/modoviajeok.com.ar\/index.php\/2025\/11\/12\/caxias-do-sul-centro-del-periodismo-turistico-y-de-las-revalorizacion-territorial\/#respond"]}]},{"@type":"WebPage","@id":"https:\/\/modoviajeok.com.ar\/index.php\/2025\/11\/12\/caxias-do-sul-centro-del-periodismo-turistico-y-de-las-revalorizacion-territorial\/","url":"https:\/\/modoviajeok.com.ar\/index.php\/2025\/11\/12\/caxias-do-sul-centro-del-periodismo-turistico-y-de-las-revalorizacion-territorial\/","name":"Caxias do Sul, centro del periodismo tur\u00edstico y de la revalorizaci\u00f3n territorial -","isPartOf":{"@id":"https:\/\/modoviajeok.com.ar\/#website"},"primaryImageOfPage":{"@id":"https:\/\/modoviajeok.com.ar\/index.php\/2025\/11\/12\/caxias-do-sul-centro-del-periodismo-turistico-y-de-las-revalorizacion-territorial\/#primaryimage"},"image":{"@id":"https:\/\/modoviajeok.com.ar\/index.php\/2025\/11\/12\/caxias-do-sul-centro-del-periodismo-turistico-y-de-las-revalorizacion-territorial\/#primaryimage"},"thumbnailUrl":"https:\/\/modoviajeok.com.ar\/wp-content\/uploads\/2025\/11\/Chuy-Coronado-1068x1130-1.webp","datePublished":"2025-11-12T11:26:00+00:00","dateModified":"2025-11-12T12:45:45+00:00","breadcrumb":{"@id":"https:\/\/modoviajeok.com.ar\/index.php\/2025\/11\/12\/caxias-do-sul-centro-del-periodismo-turistico-y-de-las-revalorizacion-territorial\/#breadcrumb"},"inLanguage":"es","potentialAction":[{"@type":"ReadAction","target":["https:\/\/modoviajeok.com.ar\/index.php\/2025\/11\/12\/caxias-do-sul-centro-del-periodismo-turistico-y-de-las-revalorizacion-territorial\/"]}]},{"@type":"ImageObject","inLanguage":"es","@id":"https:\/\/modoviajeok.com.ar\/index.php\/2025\/11\/12\/caxias-do-sul-centro-del-periodismo-turistico-y-de-las-revalorizacion-territorial\/#primaryimage","url":"https:\/\/modoviajeok.com.ar\/wp-content\/uploads\/2025\/11\/Chuy-Coronado-1068x1130-1.webp","contentUrl":"https:\/\/modoviajeok.com.ar\/wp-content\/uploads\/2025\/11\/Chuy-Coronado-1068x1130-1.webp","width":1068,"height":1130},{"@type":"BreadcrumbList","@id":"https:\/\/modoviajeok.com.ar\/index.php\/2025\/11\/12\/caxias-do-sul-centro-del-periodismo-turistico-y-de-las-revalorizacion-territorial\/#breadcrumb","itemListElement":[{"@type":"ListItem","position":1,"name":"Portada","item":"https:\/\/modoviajeok.com.ar\/"},{"@type":"ListItem","position":2,"name":"Caxias do Sul, centro del periodismo tur\u00edstico y de la revalorizaci\u00f3n territorial"}]},{"@type":"WebSite","@id":"https:\/\/modoviajeok.com.ar\/#website","url":"https:\/\/modoviajeok.com.ar\/","name":"ModoViajeOK","description":"","publisher":{"@id":"https:\/\/modoviajeok.com.ar\/#organization"},"potentialAction":[{"@type":"SearchAction","target":{"@type":"EntryPoint","urlTemplate":"https:\/\/modoviajeok.com.ar\/?s={search_term_string}"},"query-input":{"@type":"PropertyValueSpecification","valueRequired":true,"valueName":"search_term_string"}}],"inLanguage":"es"},{"@type":"Organization","@id":"https:\/\/modoviajeok.com.ar\/#organization","name":"ModoViajeOK","url":"https:\/\/modoviajeok.com.ar\/","logo":{"@type":"ImageObject","inLanguage":"es","@id":"https:\/\/modoviajeok.com.ar\/#\/schema\/logo\/image\/","url":"https:\/\/modoviajeok.com.ar\/wp-content\/uploads\/2025\/01\/Logo-modoviajeok.png","contentUrl":"https:\/\/modoviajeok.com.ar\/wp-content\/uploads\/2025\/01\/Logo-modoviajeok.png","width":2938,"height":2276,"caption":"ModoViajeOK"},"image":{"@id":"https:\/\/modoviajeok.com.ar\/#\/schema\/logo\/image\/"},"sameAs":["https:\/\/www.facebook.com\/mariana.otero1\/","https:\/\/www.instagram.com\/modoviaje.ok\/"]},{"@type":"Person","@id":"https:\/\/modoviajeok.com.ar\/#\/schema\/person\/2e299ed0d3d412a01d244fe28260d7f5","name":"Pepe Segura","image":{"@type":"ImageObject","inLanguage":"es","@id":"https:\/\/modoviajeok.com.ar\/#\/schema\/person\/image\/","url":"https:\/\/secure.gravatar.com\/avatar\/65eb4b34deed761327f5b2c5535b987318ae807900ac46426de7258f5de6d345?s=96&d=mm&r=g","contentUrl":"https:\/\/secure.gravatar.com\/avatar\/65eb4b34deed761327f5b2c5535b987318ae807900ac46426de7258f5de6d345?s=96&d=mm&r=g","caption":"Pepe Segura"},"url":"https:\/\/modoviajeok.com.ar\/index.php\/author\/pepe2025\/"}]}},"_links":{"self":[{"href":"https:\/\/modoviajeok.com.ar\/index.php\/wp-json\/wp\/v2\/posts\/6311","targetHints":{"allow":["GET"]}}],"collection":[{"href":"https:\/\/modoviajeok.com.ar\/index.php\/wp-json\/wp\/v2\/posts"}],"about":[{"href":"https:\/\/modoviajeok.com.ar\/index.php\/wp-json\/wp\/v2\/types\/post"}],"author":[{"embeddable":true,"href":"https:\/\/modoviajeok.com.ar\/index.php\/wp-json\/wp\/v2\/users\/3"}],"replies":[{"embeddable":true,"href":"https:\/\/modoviajeok.com.ar\/index.php\/wp-json\/wp\/v2\/comments?post=6311"}],"version-history":[{"count":3,"href":"https:\/\/modoviajeok.com.ar\/index.php\/wp-json\/wp\/v2\/posts\/6311\/revisions"}],"predecessor-version":[{"id":6319,"href":"https:\/\/modoviajeok.com.ar\/index.php\/wp-json\/wp\/v2\/posts\/6311\/revisions\/6319"}],"wp:featuredmedia":[{"embeddable":true,"href":"https:\/\/modoviajeok.com.ar\/index.php\/wp-json\/wp\/v2\/media\/6312"}],"wp:attachment":[{"href":"https:\/\/modoviajeok.com.ar\/index.php\/wp-json\/wp\/v2\/media?parent=6311"}],"wp:term":[{"taxonomy":"category","embeddable":true,"href":"https:\/\/modoviajeok.com.ar\/index.php\/wp-json\/wp\/v2\/categories?post=6311"},{"taxonomy":"post_tag","embeddable":true,"href":"https:\/\/modoviajeok.com.ar\/index.php\/wp-json\/wp\/v2\/tags?post=6311"}],"curies":[{"name":"wp","href":"https:\/\/api.w.org\/{rel}","templated":true}]}}