{"id":6368,"date":"2025-12-06T08:00:02","date_gmt":"2025-12-06T11:00:02","guid":{"rendered":"https:\/\/modoviajeok.com.ar\/?p=6368"},"modified":"2025-12-18T18:42:04","modified_gmt":"2025-12-18T21:42:04","slug":"arte-sacro-en-el-cerro-del-romero","status":"publish","type":"post","link":"https:\/\/modoviajeok.com.ar\/index.php\/2025\/12\/06\/arte-sacro-en-el-cerro-del-romero\/","title":{"rendered":"Arte sacro en el Cerro del Romero"},"content":{"rendered":"\n<hr class=\"wp-block-separator has-alpha-channel-opacity\"\/>\n\n\n\n<figure class=\"wp-block-pullquote\"><blockquote><p>La muestra itinerante de vitraux que impulsan Juan Villarroel y su esposa Liliana lleg\u00f3 a Villa de Mar\u00eda de R\u00edo Seco. Son \u00edconos ortodoxos.<\/p><\/blockquote><\/figure>\n\n\n\n<p>La tarde en que Juan Villarroel y su esposa Liliana abrieron su muestra itinerante de arte sacro en el Cerro del Romero, el pueblo entero parec\u00eda haber despertado con la alegr\u00eda de las fiestas patronales. Villa de Mar\u00eda de R\u00edo Seco, en el extremo norte de C\u00f3rdoba, a unos doscientos kil\u00f3metros de la capital, respiraba un aire antiguo, casi ceremonial, como si la tierra misma aguardara ese encuentro entre la oraci\u00f3n, la luz y el arte.<\/p>\n\n\n\n<figure class=\"wp-block-image size-full\"><img loading=\"lazy\" decoding=\"async\" width=\"2408\" height=\"1836\" src=\"https:\/\/modoviajeok.com.ar\/wp-content\/uploads\/2025\/11\/20251011_194530.jpg\" alt=\"\" class=\"wp-image-6370\" srcset=\"https:\/\/modoviajeok.com.ar\/wp-content\/uploads\/2025\/11\/20251011_194530.jpg 2408w, https:\/\/modoviajeok.com.ar\/wp-content\/uploads\/2025\/11\/20251011_194530-768x586.jpg 768w, https:\/\/modoviajeok.com.ar\/wp-content\/uploads\/2025\/11\/20251011_194530-1536x1171.jpg 1536w, https:\/\/modoviajeok.com.ar\/wp-content\/uploads\/2025\/11\/20251011_194530-2048x1562.jpg 2048w, https:\/\/modoviajeok.com.ar\/wp-content\/uploads\/2025\/11\/20251011_194530-551x420.jpg 551w, https:\/\/modoviajeok.com.ar\/wp-content\/uploads\/2025\/11\/20251011_194530-80x60.jpg 80w, https:\/\/modoviajeok.com.ar\/wp-content\/uploads\/2025\/11\/20251011_194530-150x114.jpg 150w, https:\/\/modoviajeok.com.ar\/wp-content\/uploads\/2025\/11\/20251011_194530-300x229.jpg 300w, https:\/\/modoviajeok.com.ar\/wp-content\/uploads\/2025\/11\/20251011_194530-696x531.jpg 696w, https:\/\/modoviajeok.com.ar\/wp-content\/uploads\/2025\/11\/20251011_194530-1068x814.jpg 1068w, https:\/\/modoviajeok.com.ar\/wp-content\/uploads\/2025\/11\/20251011_194530-1920x1464.jpg 1920w\" sizes=\"auto, (max-width: 2408px) 100vw, 2408px\" \/><\/figure>\n\n\n\n<p>La historia hab\u00eda empezado tiempo atr\u00e1s, casi por casualidad. En su primera visita a Villa de Mar\u00eda, durante la presentaci\u00f3n de un libro en el Museo de Leopoldo Lugones, descubrieron el cerro intervenido por palabras: en el oeste, reposan los restos del poeta; en el mismo camino hacia la cima, se exhiben extractos de las obras literarias ganadoras de un concurso anual de letras. Aquella mezcla de piedra, silencio y literatura dej\u00f3 en ellos una huella que regres\u00f3 meses despu\u00e9s, cuando decidieron sumar im\u00e1genes a esas palabras, como si un extremo del cerro llamara al otro.<\/p>\n\n\n\n<figure class=\"wp-block-image size-full\"><img loading=\"lazy\" decoding=\"async\" width=\"1152\" height=\"2560\" src=\"https:\/\/modoviajeok.com.ar\/wp-content\/uploads\/2025\/11\/20251010_195419-scaled.jpg\" alt=\"\" class=\"wp-image-6369\" srcset=\"https:\/\/modoviajeok.com.ar\/wp-content\/uploads\/2025\/11\/20251010_195419-scaled.jpg 1152w, https:\/\/modoviajeok.com.ar\/wp-content\/uploads\/2025\/11\/20251010_195419-768x1707.jpg 768w, https:\/\/modoviajeok.com.ar\/wp-content\/uploads\/2025\/11\/20251010_195419-691x1536.jpg 691w, https:\/\/modoviajeok.com.ar\/wp-content\/uploads\/2025\/11\/20251010_195419-922x2048.jpg 922w, https:\/\/modoviajeok.com.ar\/wp-content\/uploads\/2025\/11\/20251010_195419-189x420.jpg 189w, https:\/\/modoviajeok.com.ar\/wp-content\/uploads\/2025\/11\/20251010_195419-150x333.jpg 150w, https:\/\/modoviajeok.com.ar\/wp-content\/uploads\/2025\/11\/20251010_195419-300x667.jpg 300w, https:\/\/modoviajeok.com.ar\/wp-content\/uploads\/2025\/11\/20251010_195419-696x1547.jpg 696w, https:\/\/modoviajeok.com.ar\/wp-content\/uploads\/2025\/11\/20251010_195419-1068x2373.jpg 1068w\" sizes=\"auto, (max-width: 1152px) 100vw, 1152px\" \/><\/figure>\n\n\n\n<p>Juan suele decir que su acercamiento a los \u00edconos comenz\u00f3 en los a\u00f1os 80, cuando el papa polaco Juan Pablo II abri\u00f3 un di\u00e1logo nuevo entre la Iglesia Cat\u00f3lica y la Ortodoxa. Desde entonces, \u00e9l y Liliana se sintieron atra\u00eddos por esas im\u00e1genes que, m\u00e1s que pinturas, son ventanas hacia lo divino, gestos de color que no buscan atraer la mirada sino elevarla.<\/p>\n\n\n\n<figure class=\"wp-block-image size-full\"><img loading=\"lazy\" decoding=\"async\" width=\"1152\" height=\"2560\" src=\"https:\/\/modoviajeok.com.ar\/wp-content\/uploads\/2025\/11\/20251011_195647-scaled.jpg\" alt=\"\" class=\"wp-image-6371\" srcset=\"https:\/\/modoviajeok.com.ar\/wp-content\/uploads\/2025\/11\/20251011_195647-scaled.jpg 1152w, https:\/\/modoviajeok.com.ar\/wp-content\/uploads\/2025\/11\/20251011_195647-768x1707.jpg 768w, https:\/\/modoviajeok.com.ar\/wp-content\/uploads\/2025\/11\/20251011_195647-691x1536.jpg 691w, https:\/\/modoviajeok.com.ar\/wp-content\/uploads\/2025\/11\/20251011_195647-922x2048.jpg 922w, https:\/\/modoviajeok.com.ar\/wp-content\/uploads\/2025\/11\/20251011_195647-189x420.jpg 189w, https:\/\/modoviajeok.com.ar\/wp-content\/uploads\/2025\/11\/20251011_195647-150x333.jpg 150w, https:\/\/modoviajeok.com.ar\/wp-content\/uploads\/2025\/11\/20251011_195647-300x667.jpg 300w, https:\/\/modoviajeok.com.ar\/wp-content\/uploads\/2025\/11\/20251011_195647-696x1547.jpg 696w, https:\/\/modoviajeok.com.ar\/wp-content\/uploads\/2025\/11\/20251011_195647-1068x2373.jpg 1068w\" sizes=\"auto, (max-width: 1152px) 100vw, 1152px\" \/><\/figure>\n\n\n\n<p>Pero fue un hallazgo fortuito el que termin\u00f3 de dar forma al proyecto. Un d\u00eda se encontraron con los \u00edconos de una monja entrerriana que los chicos de Villa de Mar\u00eda hab\u00edan trabajado para una muestra de pintura y escritura. \u201cY dijimos: \u00bfqu\u00e9 pasa si alguien les pone color?\u201d, recuerda Juan.<\/p>\n\n\n\n<figure class=\"wp-block-image size-full\"><img loading=\"lazy\" decoding=\"async\" width=\"1152\" height=\"2560\" src=\"https:\/\/modoviajeok.com.ar\/wp-content\/uploads\/2025\/11\/20251011_200658-scaled.jpg\" alt=\"\" class=\"wp-image-6373\" srcset=\"https:\/\/modoviajeok.com.ar\/wp-content\/uploads\/2025\/11\/20251011_200658-scaled.jpg 1152w, https:\/\/modoviajeok.com.ar\/wp-content\/uploads\/2025\/11\/20251011_200658-768x1707.jpg 768w, https:\/\/modoviajeok.com.ar\/wp-content\/uploads\/2025\/11\/20251011_200658-691x1536.jpg 691w, https:\/\/modoviajeok.com.ar\/wp-content\/uploads\/2025\/11\/20251011_200658-922x2048.jpg 922w, https:\/\/modoviajeok.com.ar\/wp-content\/uploads\/2025\/11\/20251011_200658-189x420.jpg 189w, https:\/\/modoviajeok.com.ar\/wp-content\/uploads\/2025\/11\/20251011_200658-150x333.jpg 150w, https:\/\/modoviajeok.com.ar\/wp-content\/uploads\/2025\/11\/20251011_200658-300x667.jpg 300w, https:\/\/modoviajeok.com.ar\/wp-content\/uploads\/2025\/11\/20251011_200658-696x1547.jpg 696w, https:\/\/modoviajeok.com.ar\/wp-content\/uploads\/2025\/11\/20251011_200658-1068x2373.jpg 1068w\" sizes=\"auto, (max-width: 1152px) 100vw, 1152px\" \/><\/figure>\n\n\n\n<p>La decisi\u00f3n de llevarlos al vidrio vino despu\u00e9s, cuando conocieron a Genoveva P\u00e9rez, una pintora de Unquillo que le dar\u00eda vida a los colores. Entonces surgi\u00f3 otra pregunta: \u00bfc\u00f3mo hacer para que esas im\u00e1genes llegaran a la gente? La respuesta apareci\u00f3 pronto: <em>crear vitraux<\/em>.<\/p>\n\n\n\n<figure class=\"wp-block-image size-full\"><img loading=\"lazy\" decoding=\"async\" width=\"1152\" height=\"2560\" src=\"https:\/\/modoviajeok.com.ar\/wp-content\/uploads\/2025\/11\/20251011_200933-scaled.jpg\" alt=\"\" class=\"wp-image-6374\" srcset=\"https:\/\/modoviajeok.com.ar\/wp-content\/uploads\/2025\/11\/20251011_200933-scaled.jpg 1152w, https:\/\/modoviajeok.com.ar\/wp-content\/uploads\/2025\/11\/20251011_200933-768x1707.jpg 768w, https:\/\/modoviajeok.com.ar\/wp-content\/uploads\/2025\/11\/20251011_200933-691x1536.jpg 691w, https:\/\/modoviajeok.com.ar\/wp-content\/uploads\/2025\/11\/20251011_200933-922x2048.jpg 922w, https:\/\/modoviajeok.com.ar\/wp-content\/uploads\/2025\/11\/20251011_200933-189x420.jpg 189w, https:\/\/modoviajeok.com.ar\/wp-content\/uploads\/2025\/11\/20251011_200933-150x333.jpg 150w, https:\/\/modoviajeok.com.ar\/wp-content\/uploads\/2025\/11\/20251011_200933-300x667.jpg 300w, https:\/\/modoviajeok.com.ar\/wp-content\/uploads\/2025\/11\/20251011_200933-696x1547.jpg 696w, https:\/\/modoviajeok.com.ar\/wp-content\/uploads\/2025\/11\/20251011_200933-1068x2373.jpg 1068w\" sizes=\"auto, (max-width: 1152px) 100vw, 1152px\" \/><\/figure>\n\n\n\n<p>Los colocaron en cajas de vino recicladas, pintadas en dorado \u2014el color de lo sagrado\u2014, iluminadas desde dentro y sostenidas por pilares m\u00f3viles. Luego los llevaron a la ladera oriental del cerro, donde la luz cae oblicua y parece, por momentos, una bendici\u00f3n. Juan insiste en que son obras hechas para creyentes, pero la verdad es que los vitraux no piden credenciales de fe: basta mirarlos para entender que hablan un lenguaje universal.<\/p>\n\n\n\n<figure class=\"wp-block-image size-full\"><img loading=\"lazy\" decoding=\"async\" width=\"1152\" height=\"2560\" src=\"https:\/\/modoviajeok.com.ar\/wp-content\/uploads\/2025\/11\/20251011_201043-scaled.jpg\" alt=\"\" class=\"wp-image-6375\" srcset=\"https:\/\/modoviajeok.com.ar\/wp-content\/uploads\/2025\/11\/20251011_201043-scaled.jpg 1152w, https:\/\/modoviajeok.com.ar\/wp-content\/uploads\/2025\/11\/20251011_201043-768x1707.jpg 768w, https:\/\/modoviajeok.com.ar\/wp-content\/uploads\/2025\/11\/20251011_201043-691x1536.jpg 691w, https:\/\/modoviajeok.com.ar\/wp-content\/uploads\/2025\/11\/20251011_201043-922x2048.jpg 922w, https:\/\/modoviajeok.com.ar\/wp-content\/uploads\/2025\/11\/20251011_201043-189x420.jpg 189w, https:\/\/modoviajeok.com.ar\/wp-content\/uploads\/2025\/11\/20251011_201043-150x333.jpg 150w, https:\/\/modoviajeok.com.ar\/wp-content\/uploads\/2025\/11\/20251011_201043-300x667.jpg 300w, https:\/\/modoviajeok.com.ar\/wp-content\/uploads\/2025\/11\/20251011_201043-696x1547.jpg 696w, https:\/\/modoviajeok.com.ar\/wp-content\/uploads\/2025\/11\/20251011_201043-1068x2373.jpg 1068w\" sizes=\"auto, (max-width: 1152px) 100vw, 1152px\" \/><\/figure>\n\n\n\n<p>Cada \u00edcono representa un misterio del rosario. Juan explica que en la tradici\u00f3n ortodoxa estas im\u00e1genes no s\u00f3lo muestran figuras sagradas: <em>est\u00e1n presentes<\/em>. Revelan la gloria de Dios, pero tambi\u00e9n la belleza del mundo. \u201cDios se nos insin\u00faa a trav\u00e9s de los sentidos \u2014dice\u2014, por eso esta profusi\u00f3n de colores.\u201d<\/p>\n\n\n\n<figure class=\"wp-block-image size-full\"><img loading=\"lazy\" decoding=\"async\" width=\"1152\" height=\"2560\" src=\"https:\/\/modoviajeok.com.ar\/wp-content\/uploads\/2025\/11\/20251011_201148-scaled.jpg\" alt=\"\" class=\"wp-image-6376\" srcset=\"https:\/\/modoviajeok.com.ar\/wp-content\/uploads\/2025\/11\/20251011_201148-scaled.jpg 1152w, https:\/\/modoviajeok.com.ar\/wp-content\/uploads\/2025\/11\/20251011_201148-768x1707.jpg 768w, https:\/\/modoviajeok.com.ar\/wp-content\/uploads\/2025\/11\/20251011_201148-691x1536.jpg 691w, https:\/\/modoviajeok.com.ar\/wp-content\/uploads\/2025\/11\/20251011_201148-922x2048.jpg 922w, https:\/\/modoviajeok.com.ar\/wp-content\/uploads\/2025\/11\/20251011_201148-189x420.jpg 189w, https:\/\/modoviajeok.com.ar\/wp-content\/uploads\/2025\/11\/20251011_201148-150x333.jpg 150w, https:\/\/modoviajeok.com.ar\/wp-content\/uploads\/2025\/11\/20251011_201148-300x667.jpg 300w, https:\/\/modoviajeok.com.ar\/wp-content\/uploads\/2025\/11\/20251011_201148-696x1547.jpg 696w, https:\/\/modoviajeok.com.ar\/wp-content\/uploads\/2025\/11\/20251011_201148-1068x2373.jpg 1068w\" sizes=\"auto, (max-width: 1152px) 100vw, 1152px\" \/><\/figure>\n\n\n\n<p>El recorrido del que particip\u00f3 <strong>Modo Viaje<\/strong> comenz\u00f3 al caer la tarde, cuando la Opus 41 de Tchaikovsky \u2014la <em>Liturgia de San Juan Cris\u00f3stomo<\/em>\u2014 se mezclaba con la brisa c\u00e1lida del cerro. Juan y Liliana apenas ofrecieron algunas palabras iniciales; el resto qued\u00f3 entregado a nosotros, los visitantes, que avanzamos entre luces y sombras.<\/p>\n\n\n\n<figure class=\"wp-block-image size-full\"><img loading=\"lazy\" decoding=\"async\" width=\"1152\" height=\"2560\" src=\"https:\/\/modoviajeok.com.ar\/wp-content\/uploads\/2025\/11\/20251011_201339-scaled.jpg\" alt=\"\" class=\"wp-image-6377\" srcset=\"https:\/\/modoviajeok.com.ar\/wp-content\/uploads\/2025\/11\/20251011_201339-scaled.jpg 1152w, https:\/\/modoviajeok.com.ar\/wp-content\/uploads\/2025\/11\/20251011_201339-768x1707.jpg 768w, https:\/\/modoviajeok.com.ar\/wp-content\/uploads\/2025\/11\/20251011_201339-691x1536.jpg 691w, https:\/\/modoviajeok.com.ar\/wp-content\/uploads\/2025\/11\/20251011_201339-922x2048.jpg 922w, https:\/\/modoviajeok.com.ar\/wp-content\/uploads\/2025\/11\/20251011_201339-189x420.jpg 189w, https:\/\/modoviajeok.com.ar\/wp-content\/uploads\/2025\/11\/20251011_201339-150x333.jpg 150w, https:\/\/modoviajeok.com.ar\/wp-content\/uploads\/2025\/11\/20251011_201339-300x667.jpg 300w, https:\/\/modoviajeok.com.ar\/wp-content\/uploads\/2025\/11\/20251011_201339-696x1547.jpg 696w, https:\/\/modoviajeok.com.ar\/wp-content\/uploads\/2025\/11\/20251011_201339-1068x2373.jpg 1068w\" sizes=\"auto, (max-width: 1152px) 100vw, 1152px\" \/><\/figure>\n\n\n\n<p>Al final, la experiencia deja a muchos sin palabras. Los \u00edconos, con su paciencia de siglos, no imponen un mensaje: esperan. \u201cEl \u00edcono est\u00e1 incompleto \u2014piensa Juan\u2014. Uno lo termina con cada nueva mirada. Es fascinante: de pronto encontr\u00e1s un color, un gesto, una postura. Los \u00edconos no buscan distraerte, sino incluirte. Que entre por los sentidos y llegue a lo invisible.\u201d<\/p>\n\n\n\n<figure class=\"wp-block-image size-full\"><img loading=\"lazy\" decoding=\"async\" width=\"1152\" height=\"2560\" src=\"https:\/\/modoviajeok.com.ar\/wp-content\/uploads\/2025\/11\/20251011_201549-scaled.jpg\" alt=\"\" class=\"wp-image-6378\" srcset=\"https:\/\/modoviajeok.com.ar\/wp-content\/uploads\/2025\/11\/20251011_201549-scaled.jpg 1152w, https:\/\/modoviajeok.com.ar\/wp-content\/uploads\/2025\/11\/20251011_201549-768x1707.jpg 768w, https:\/\/modoviajeok.com.ar\/wp-content\/uploads\/2025\/11\/20251011_201549-691x1536.jpg 691w, https:\/\/modoviajeok.com.ar\/wp-content\/uploads\/2025\/11\/20251011_201549-922x2048.jpg 922w, https:\/\/modoviajeok.com.ar\/wp-content\/uploads\/2025\/11\/20251011_201549-189x420.jpg 189w, https:\/\/modoviajeok.com.ar\/wp-content\/uploads\/2025\/11\/20251011_201549-150x333.jpg 150w, https:\/\/modoviajeok.com.ar\/wp-content\/uploads\/2025\/11\/20251011_201549-300x667.jpg 300w, https:\/\/modoviajeok.com.ar\/wp-content\/uploads\/2025\/11\/20251011_201549-696x1547.jpg 696w, https:\/\/modoviajeok.com.ar\/wp-content\/uploads\/2025\/11\/20251011_201549-1068x2373.jpg 1068w\" sizes=\"auto, (max-width: 1152px) 100vw, 1152px\" \/><\/figure>\n\n\n\n<p>La muestra seguir\u00e1 su camino. Tal vez, como sugieren ellos, el pr\u00f3ximo destino sea la Puna juje\u00f1a. All\u00ed, en medio de un paisaje luminoso, los vitraux volver\u00e1n a encenderse y a esperar la mirada que los complete.<\/p>\n\n\n\n<figure class=\"wp-block-gallery has-nested-images columns-default is-cropped wp-block-gallery-1 is-layout-flex wp-block-gallery-is-layout-flex\"><\/figure>\n","protected":false},"excerpt":{"rendered":"<p>La muestra itinerante de vitraux que impulsan Juan Villarroel y su esposa Liliana lleg\u00f3 a Villa de Mar\u00eda de R\u00edo Seco. Son \u00edconos ortodoxos. La tarde en que Juan Villarroel y su esposa Liliana abrieron su muestra itinerante de arte sacro en el Cerro del Romero, el pueblo entero parec\u00eda haber despertado con la alegr\u00eda [&hellip;]<\/p>\n","protected":false},"author":2,"featured_media":6377,"comment_status":"open","ping_status":"open","sticky":false,"template":"","format":"standard","meta":{"_acf_changed":false,"footnotes":""},"categories":[11,2],"tags":[1380,1382,1381,1383,109,1282],"class_list":{"0":"post-6368","1":"post","2":"type-post","3":"status-publish","4":"format-standard","5":"has-post-thumbnail","7":"category-cordoba","8":"category-destacadas","9":"tag-arte-sacro","10":"tag-cerro-del-romero","11":"tag-juan-villarroel","12":"tag-leopoldo-lugones","13":"tag-norte-cordobes","14":"tag-villa-de-maria-de-rio-seco"},"acf":[],"yoast_head":"<!-- This site is optimized with the Yoast SEO plugin v24.8.1 - https:\/\/yoast.com\/wordpress\/plugins\/seo\/ -->\n<title>Arte sacro en el Cerro del Romero -<\/title>\n<meta name=\"description\" content=\"La muestra itinerante de vitraux que impulsan Juan Villarroel y su esposa Liliana lleg\u00f3 a Villa de Mar\u00eda de R\u00edo Seco. Son \u00edconos ortodoxos.\" \/>\n<meta name=\"robots\" content=\"index, follow, max-snippet:-1, max-image-preview:large, max-video-preview:-1\" \/>\n<link rel=\"canonical\" href=\"https:\/\/modoviajeok.com.ar\/index.php\/2025\/12\/06\/arte-sacro-en-el-cerro-del-romero\/\" \/>\n<meta property=\"og:locale\" content=\"es_ES\" \/>\n<meta property=\"og:type\" content=\"article\" \/>\n<meta property=\"og:title\" content=\"Arte sacro en el Cerro del Romero -\" \/>\n<meta property=\"og:description\" content=\"La muestra itinerante de vitraux que impulsan Juan Villarroel y su esposa Liliana lleg\u00f3 a Villa de Mar\u00eda de R\u00edo Seco. Son \u00edconos ortodoxos.\" \/>\n<meta property=\"og:url\" content=\"https:\/\/modoviajeok.com.ar\/index.php\/2025\/12\/06\/arte-sacro-en-el-cerro-del-romero\/\" \/>\n<meta property=\"article:publisher\" content=\"https:\/\/www.facebook.com\/mariana.otero1\/\" \/>\n<meta property=\"article:published_time\" content=\"2025-12-06T11:00:02+00:00\" \/>\n<meta property=\"article:modified_time\" content=\"2025-12-18T21:42:04+00:00\" \/>\n<meta property=\"og:image\" content=\"https:\/\/modoviajeok.com.ar\/wp-content\/uploads\/2025\/11\/20251011_201339-scaled.jpg\" \/>\n\t<meta property=\"og:image:width\" content=\"1152\" \/>\n\t<meta property=\"og:image:height\" content=\"2560\" \/>\n\t<meta property=\"og:image:type\" content=\"image\/jpeg\" \/>\n<meta name=\"author\" content=\"Mariana Otero\" \/>\n<meta name=\"twitter:card\" content=\"summary_large_image\" \/>\n<meta name=\"twitter:label1\" content=\"Escrito por\" \/>\n\t<meta name=\"twitter:data1\" content=\"Mariana Otero\" \/>\n\t<meta name=\"twitter:label2\" content=\"Tiempo de lectura\" \/>\n\t<meta name=\"twitter:data2\" content=\"5 minutos\" \/>\n<script type=\"application\/ld+json\" class=\"yoast-schema-graph\">{\"@context\":\"https:\/\/schema.org\",\"@graph\":[{\"@type\":\"Article\",\"@id\":\"https:\/\/modoviajeok.com.ar\/index.php\/2025\/12\/06\/arte-sacro-en-el-cerro-del-romero\/#article\",\"isPartOf\":{\"@id\":\"https:\/\/modoviajeok.com.ar\/index.php\/2025\/12\/06\/arte-sacro-en-el-cerro-del-romero\/\"},\"author\":{\"name\":\"Mariana Otero\",\"@id\":\"https:\/\/modoviajeok.com.ar\/#\/schema\/person\/1187013488537969db5b1320484d24f4\"},\"headline\":\"Arte sacro en el Cerro del Romero\",\"datePublished\":\"2025-12-06T11:00:02+00:00\",\"dateModified\":\"2025-12-18T21:42:04+00:00\",\"mainEntityOfPage\":{\"@id\":\"https:\/\/modoviajeok.com.ar\/index.php\/2025\/12\/06\/arte-sacro-en-el-cerro-del-romero\/\"},\"wordCount\":681,\"commentCount\":0,\"publisher\":{\"@id\":\"https:\/\/modoviajeok.com.ar\/#organization\"},\"image\":{\"@id\":\"https:\/\/modoviajeok.com.ar\/index.php\/2025\/12\/06\/arte-sacro-en-el-cerro-del-romero\/#primaryimage\"},\"thumbnailUrl\":\"https:\/\/modoviajeok.com.ar\/wp-content\/uploads\/2025\/11\/20251011_201339-scaled.jpg\",\"keywords\":[\"arte sacro\",\"cerro del romero\",\"juan villarroel\",\"leopoldo lugones\",\"norte cordob\u00e9s\",\"villa de mar\u00eda de rio seco\"],\"articleSection\":[\"C\u00f3rdoba\",\"Destacadas\"],\"inLanguage\":\"es\",\"potentialAction\":[{\"@type\":\"CommentAction\",\"name\":\"Comment\",\"target\":[\"https:\/\/modoviajeok.com.ar\/index.php\/2025\/12\/06\/arte-sacro-en-el-cerro-del-romero\/#respond\"]}]},{\"@type\":\"WebPage\",\"@id\":\"https:\/\/modoviajeok.com.ar\/index.php\/2025\/12\/06\/arte-sacro-en-el-cerro-del-romero\/\",\"url\":\"https:\/\/modoviajeok.com.ar\/index.php\/2025\/12\/06\/arte-sacro-en-el-cerro-del-romero\/\",\"name\":\"Arte sacro en el Cerro del Romero -\",\"isPartOf\":{\"@id\":\"https:\/\/modoviajeok.com.ar\/#website\"},\"primaryImageOfPage\":{\"@id\":\"https:\/\/modoviajeok.com.ar\/index.php\/2025\/12\/06\/arte-sacro-en-el-cerro-del-romero\/#primaryimage\"},\"image\":{\"@id\":\"https:\/\/modoviajeok.com.ar\/index.php\/2025\/12\/06\/arte-sacro-en-el-cerro-del-romero\/#primaryimage\"},\"thumbnailUrl\":\"https:\/\/modoviajeok.com.ar\/wp-content\/uploads\/2025\/11\/20251011_201339-scaled.jpg\",\"datePublished\":\"2025-12-06T11:00:02+00:00\",\"dateModified\":\"2025-12-18T21:42:04+00:00\",\"description\":\"La muestra itinerante de vitraux que impulsan Juan Villarroel y su esposa Liliana lleg\u00f3 a Villa de Mar\u00eda de R\u00edo Seco. Son \u00edconos ortodoxos.\",\"breadcrumb\":{\"@id\":\"https:\/\/modoviajeok.com.ar\/index.php\/2025\/12\/06\/arte-sacro-en-el-cerro-del-romero\/#breadcrumb\"},\"inLanguage\":\"es\",\"potentialAction\":[{\"@type\":\"ReadAction\",\"target\":[\"https:\/\/modoviajeok.com.ar\/index.php\/2025\/12\/06\/arte-sacro-en-el-cerro-del-romero\/\"]}]},{\"@type\":\"ImageObject\",\"inLanguage\":\"es\",\"@id\":\"https:\/\/modoviajeok.com.ar\/index.php\/2025\/12\/06\/arte-sacro-en-el-cerro-del-romero\/#primaryimage\",\"url\":\"https:\/\/modoviajeok.com.ar\/wp-content\/uploads\/2025\/11\/20251011_201339-scaled.jpg\",\"contentUrl\":\"https:\/\/modoviajeok.com.ar\/wp-content\/uploads\/2025\/11\/20251011_201339-scaled.jpg\",\"width\":1152,\"height\":2560},{\"@type\":\"BreadcrumbList\",\"@id\":\"https:\/\/modoviajeok.com.ar\/index.php\/2025\/12\/06\/arte-sacro-en-el-cerro-del-romero\/#breadcrumb\",\"itemListElement\":[{\"@type\":\"ListItem\",\"position\":1,\"name\":\"Portada\",\"item\":\"https:\/\/modoviajeok.com.ar\/\"},{\"@type\":\"ListItem\",\"position\":2,\"name\":\"Arte sacro en el Cerro del Romero\"}]},{\"@type\":\"WebSite\",\"@id\":\"https:\/\/modoviajeok.com.ar\/#website\",\"url\":\"https:\/\/modoviajeok.com.ar\/\",\"name\":\"ModoViajeOK\",\"description\":\"\",\"publisher\":{\"@id\":\"https:\/\/modoviajeok.com.ar\/#organization\"},\"potentialAction\":[{\"@type\":\"SearchAction\",\"target\":{\"@type\":\"EntryPoint\",\"urlTemplate\":\"https:\/\/modoviajeok.com.ar\/?s={search_term_string}\"},\"query-input\":{\"@type\":\"PropertyValueSpecification\",\"valueRequired\":true,\"valueName\":\"search_term_string\"}}],\"inLanguage\":\"es\"},{\"@type\":\"Organization\",\"@id\":\"https:\/\/modoviajeok.com.ar\/#organization\",\"name\":\"ModoViajeOK\",\"url\":\"https:\/\/modoviajeok.com.ar\/\",\"logo\":{\"@type\":\"ImageObject\",\"inLanguage\":\"es\",\"@id\":\"https:\/\/modoviajeok.com.ar\/#\/schema\/logo\/image\/\",\"url\":\"https:\/\/modoviajeok.com.ar\/wp-content\/uploads\/2025\/01\/Logo-modoviajeok.png\",\"contentUrl\":\"https:\/\/modoviajeok.com.ar\/wp-content\/uploads\/2025\/01\/Logo-modoviajeok.png\",\"width\":2938,\"height\":2276,\"caption\":\"ModoViajeOK\"},\"image\":{\"@id\":\"https:\/\/modoviajeok.com.ar\/#\/schema\/logo\/image\/\"},\"sameAs\":[\"https:\/\/www.facebook.com\/mariana.otero1\/\",\"https:\/\/www.instagram.com\/modoviaje.ok\/\"]},{\"@type\":\"Person\",\"@id\":\"https:\/\/modoviajeok.com.ar\/#\/schema\/person\/1187013488537969db5b1320484d24f4\",\"name\":\"Mariana Otero\",\"image\":{\"@type\":\"ImageObject\",\"inLanguage\":\"es\",\"@id\":\"https:\/\/modoviajeok.com.ar\/#\/schema\/person\/image\/\",\"url\":\"https:\/\/secure.gravatar.com\/avatar\/8a91a502a9336849a3500b9090c431bc1418f1d1263d893afeddba065f5add82?s=96&d=mm&r=g\",\"contentUrl\":\"https:\/\/secure.gravatar.com\/avatar\/8a91a502a9336849a3500b9090c431bc1418f1d1263d893afeddba065f5add82?s=96&d=mm&r=g\",\"caption\":\"Mariana Otero\"},\"url\":\"https:\/\/modoviajeok.com.ar\/index.php\/author\/mariana2025\/\"}]}<\/script>\n<!-- \/ Yoast SEO plugin. -->","yoast_head_json":{"title":"Arte sacro en el Cerro del Romero -","description":"La muestra itinerante de vitraux que impulsan Juan Villarroel y su esposa Liliana lleg\u00f3 a Villa de Mar\u00eda de R\u00edo Seco. Son \u00edconos ortodoxos.","robots":{"index":"index","follow":"follow","max-snippet":"max-snippet:-1","max-image-preview":"max-image-preview:large","max-video-preview":"max-video-preview:-1"},"canonical":"https:\/\/modoviajeok.com.ar\/index.php\/2025\/12\/06\/arte-sacro-en-el-cerro-del-romero\/","og_locale":"es_ES","og_type":"article","og_title":"Arte sacro en el Cerro del Romero -","og_description":"La muestra itinerante de vitraux que impulsan Juan Villarroel y su esposa Liliana lleg\u00f3 a Villa de Mar\u00eda de R\u00edo Seco. Son \u00edconos ortodoxos.","og_url":"https:\/\/modoviajeok.com.ar\/index.php\/2025\/12\/06\/arte-sacro-en-el-cerro-del-romero\/","article_publisher":"https:\/\/www.facebook.com\/mariana.otero1\/","article_published_time":"2025-12-06T11:00:02+00:00","article_modified_time":"2025-12-18T21:42:04+00:00","og_image":[{"width":1152,"height":2560,"url":"https:\/\/modoviajeok.com.ar\/wp-content\/uploads\/2025\/11\/20251011_201339-scaled.jpg","type":"image\/jpeg"}],"author":"Mariana Otero","twitter_card":"summary_large_image","twitter_misc":{"Escrito por":"Mariana Otero","Tiempo de lectura":"5 minutos"},"schema":{"@context":"https:\/\/schema.org","@graph":[{"@type":"Article","@id":"https:\/\/modoviajeok.com.ar\/index.php\/2025\/12\/06\/arte-sacro-en-el-cerro-del-romero\/#article","isPartOf":{"@id":"https:\/\/modoviajeok.com.ar\/index.php\/2025\/12\/06\/arte-sacro-en-el-cerro-del-romero\/"},"author":{"name":"Mariana Otero","@id":"https:\/\/modoviajeok.com.ar\/#\/schema\/person\/1187013488537969db5b1320484d24f4"},"headline":"Arte sacro en el Cerro del Romero","datePublished":"2025-12-06T11:00:02+00:00","dateModified":"2025-12-18T21:42:04+00:00","mainEntityOfPage":{"@id":"https:\/\/modoviajeok.com.ar\/index.php\/2025\/12\/06\/arte-sacro-en-el-cerro-del-romero\/"},"wordCount":681,"commentCount":0,"publisher":{"@id":"https:\/\/modoviajeok.com.ar\/#organization"},"image":{"@id":"https:\/\/modoviajeok.com.ar\/index.php\/2025\/12\/06\/arte-sacro-en-el-cerro-del-romero\/#primaryimage"},"thumbnailUrl":"https:\/\/modoviajeok.com.ar\/wp-content\/uploads\/2025\/11\/20251011_201339-scaled.jpg","keywords":["arte sacro","cerro del romero","juan villarroel","leopoldo lugones","norte cordob\u00e9s","villa de mar\u00eda de rio seco"],"articleSection":["C\u00f3rdoba","Destacadas"],"inLanguage":"es","potentialAction":[{"@type":"CommentAction","name":"Comment","target":["https:\/\/modoviajeok.com.ar\/index.php\/2025\/12\/06\/arte-sacro-en-el-cerro-del-romero\/#respond"]}]},{"@type":"WebPage","@id":"https:\/\/modoviajeok.com.ar\/index.php\/2025\/12\/06\/arte-sacro-en-el-cerro-del-romero\/","url":"https:\/\/modoviajeok.com.ar\/index.php\/2025\/12\/06\/arte-sacro-en-el-cerro-del-romero\/","name":"Arte sacro en el Cerro del Romero -","isPartOf":{"@id":"https:\/\/modoviajeok.com.ar\/#website"},"primaryImageOfPage":{"@id":"https:\/\/modoviajeok.com.ar\/index.php\/2025\/12\/06\/arte-sacro-en-el-cerro-del-romero\/#primaryimage"},"image":{"@id":"https:\/\/modoviajeok.com.ar\/index.php\/2025\/12\/06\/arte-sacro-en-el-cerro-del-romero\/#primaryimage"},"thumbnailUrl":"https:\/\/modoviajeok.com.ar\/wp-content\/uploads\/2025\/11\/20251011_201339-scaled.jpg","datePublished":"2025-12-06T11:00:02+00:00","dateModified":"2025-12-18T21:42:04+00:00","description":"La muestra itinerante de vitraux que impulsan Juan Villarroel y su esposa Liliana lleg\u00f3 a Villa de Mar\u00eda de R\u00edo Seco. Son \u00edconos ortodoxos.","breadcrumb":{"@id":"https:\/\/modoviajeok.com.ar\/index.php\/2025\/12\/06\/arte-sacro-en-el-cerro-del-romero\/#breadcrumb"},"inLanguage":"es","potentialAction":[{"@type":"ReadAction","target":["https:\/\/modoviajeok.com.ar\/index.php\/2025\/12\/06\/arte-sacro-en-el-cerro-del-romero\/"]}]},{"@type":"ImageObject","inLanguage":"es","@id":"https:\/\/modoviajeok.com.ar\/index.php\/2025\/12\/06\/arte-sacro-en-el-cerro-del-romero\/#primaryimage","url":"https:\/\/modoviajeok.com.ar\/wp-content\/uploads\/2025\/11\/20251011_201339-scaled.jpg","contentUrl":"https:\/\/modoviajeok.com.ar\/wp-content\/uploads\/2025\/11\/20251011_201339-scaled.jpg","width":1152,"height":2560},{"@type":"BreadcrumbList","@id":"https:\/\/modoviajeok.com.ar\/index.php\/2025\/12\/06\/arte-sacro-en-el-cerro-del-romero\/#breadcrumb","itemListElement":[{"@type":"ListItem","position":1,"name":"Portada","item":"https:\/\/modoviajeok.com.ar\/"},{"@type":"ListItem","position":2,"name":"Arte sacro en el Cerro del Romero"}]},{"@type":"WebSite","@id":"https:\/\/modoviajeok.com.ar\/#website","url":"https:\/\/modoviajeok.com.ar\/","name":"ModoViajeOK","description":"","publisher":{"@id":"https:\/\/modoviajeok.com.ar\/#organization"},"potentialAction":[{"@type":"SearchAction","target":{"@type":"EntryPoint","urlTemplate":"https:\/\/modoviajeok.com.ar\/?s={search_term_string}"},"query-input":{"@type":"PropertyValueSpecification","valueRequired":true,"valueName":"search_term_string"}}],"inLanguage":"es"},{"@type":"Organization","@id":"https:\/\/modoviajeok.com.ar\/#organization","name":"ModoViajeOK","url":"https:\/\/modoviajeok.com.ar\/","logo":{"@type":"ImageObject","inLanguage":"es","@id":"https:\/\/modoviajeok.com.ar\/#\/schema\/logo\/image\/","url":"https:\/\/modoviajeok.com.ar\/wp-content\/uploads\/2025\/01\/Logo-modoviajeok.png","contentUrl":"https:\/\/modoviajeok.com.ar\/wp-content\/uploads\/2025\/01\/Logo-modoviajeok.png","width":2938,"height":2276,"caption":"ModoViajeOK"},"image":{"@id":"https:\/\/modoviajeok.com.ar\/#\/schema\/logo\/image\/"},"sameAs":["https:\/\/www.facebook.com\/mariana.otero1\/","https:\/\/www.instagram.com\/modoviaje.ok\/"]},{"@type":"Person","@id":"https:\/\/modoviajeok.com.ar\/#\/schema\/person\/1187013488537969db5b1320484d24f4","name":"Mariana Otero","image":{"@type":"ImageObject","inLanguage":"es","@id":"https:\/\/modoviajeok.com.ar\/#\/schema\/person\/image\/","url":"https:\/\/secure.gravatar.com\/avatar\/8a91a502a9336849a3500b9090c431bc1418f1d1263d893afeddba065f5add82?s=96&d=mm&r=g","contentUrl":"https:\/\/secure.gravatar.com\/avatar\/8a91a502a9336849a3500b9090c431bc1418f1d1263d893afeddba065f5add82?s=96&d=mm&r=g","caption":"Mariana Otero"},"url":"https:\/\/modoviajeok.com.ar\/index.php\/author\/mariana2025\/"}]}},"_links":{"self":[{"href":"https:\/\/modoviajeok.com.ar\/index.php\/wp-json\/wp\/v2\/posts\/6368","targetHints":{"allow":["GET"]}}],"collection":[{"href":"https:\/\/modoviajeok.com.ar\/index.php\/wp-json\/wp\/v2\/posts"}],"about":[{"href":"https:\/\/modoviajeok.com.ar\/index.php\/wp-json\/wp\/v2\/types\/post"}],"author":[{"embeddable":true,"href":"https:\/\/modoviajeok.com.ar\/index.php\/wp-json\/wp\/v2\/users\/2"}],"replies":[{"embeddable":true,"href":"https:\/\/modoviajeok.com.ar\/index.php\/wp-json\/wp\/v2\/comments?post=6368"}],"version-history":[{"count":2,"href":"https:\/\/modoviajeok.com.ar\/index.php\/wp-json\/wp\/v2\/posts\/6368\/revisions"}],"predecessor-version":[{"id":6381,"href":"https:\/\/modoviajeok.com.ar\/index.php\/wp-json\/wp\/v2\/posts\/6368\/revisions\/6381"}],"wp:featuredmedia":[{"embeddable":true,"href":"https:\/\/modoviajeok.com.ar\/index.php\/wp-json\/wp\/v2\/media\/6377"}],"wp:attachment":[{"href":"https:\/\/modoviajeok.com.ar\/index.php\/wp-json\/wp\/v2\/media?parent=6368"}],"wp:term":[{"taxonomy":"category","embeddable":true,"href":"https:\/\/modoviajeok.com.ar\/index.php\/wp-json\/wp\/v2\/categories?post=6368"},{"taxonomy":"post_tag","embeddable":true,"href":"https:\/\/modoviajeok.com.ar\/index.php\/wp-json\/wp\/v2\/tags?post=6368"}],"curies":[{"name":"wp","href":"https:\/\/api.w.org\/{rel}","templated":true}]}}