{"id":6396,"date":"2025-11-17T19:59:40","date_gmt":"2025-11-17T22:59:40","guid":{"rendered":"https:\/\/modoviajeok.com.ar\/?p=6396"},"modified":"2025-11-28T18:38:00","modified_gmt":"2025-11-28T21:38:00","slug":"carlos-paz-presento-su-temporada-teatral-en-buenos-aires","status":"publish","type":"post","link":"https:\/\/modoviajeok.com.ar\/index.php\/2025\/11\/17\/carlos-paz-presento-su-temporada-teatral-en-buenos-aires\/","title":{"rendered":"La temporada teatral 2025\/26 de Villa Carlos Paz puso primera en Buenos Aires"},"content":{"rendered":"\n<figure class=\"wp-block-pullquote\"><blockquote><p>La villa serrana lanz\u00f3 la programaci\u00f3n teatral que ofrecer\u00e1 durante el verano 2025\/2026. Fue en el Teatro Picadero, en pleno coraz\u00f3n de Buenos Aires por iniciativa de la Agencia C\u00f3rdoba Turismo, la C\u00e1mara de Empresarios Teatrales de Villa Carlos Paz y la Municipalidad de Villa Carlos Paz.<br><br><\/p><\/blockquote><\/figure>\n\n\n\n<figure class=\"wp-block-image size-full\"><img loading=\"lazy\" decoding=\"async\" width=\"1280\" height=\"720\" src=\"https:\/\/modoviajeok.com.ar\/wp-content\/uploads\/2025\/11\/WhatsApp-Image-2025-11-17-at-17.01.48.jpeg\" alt=\"\" class=\"wp-image-6400\" srcset=\"https:\/\/modoviajeok.com.ar\/wp-content\/uploads\/2025\/11\/WhatsApp-Image-2025-11-17-at-17.01.48.jpeg 1280w, https:\/\/modoviajeok.com.ar\/wp-content\/uploads\/2025\/11\/WhatsApp-Image-2025-11-17-at-17.01.48-768x432.jpeg 768w, https:\/\/modoviajeok.com.ar\/wp-content\/uploads\/2025\/11\/WhatsApp-Image-2025-11-17-at-17.01.48-747x420.jpeg 747w, https:\/\/modoviajeok.com.ar\/wp-content\/uploads\/2025\/11\/WhatsApp-Image-2025-11-17-at-17.01.48-150x84.jpeg 150w, https:\/\/modoviajeok.com.ar\/wp-content\/uploads\/2025\/11\/WhatsApp-Image-2025-11-17-at-17.01.48-300x169.jpeg 300w, https:\/\/modoviajeok.com.ar\/wp-content\/uploads\/2025\/11\/WhatsApp-Image-2025-11-17-at-17.01.48-696x392.jpeg 696w, https:\/\/modoviajeok.com.ar\/wp-content\/uploads\/2025\/11\/WhatsApp-Image-2025-11-17-at-17.01.48-1068x601.jpeg 1068w\" sizes=\"auto, (max-width: 1280px) 100vw, 1280px\" \/><\/figure>\n\n\n\n<p><\/p>\n\n\n\n<p>Villa Carlos Paz present\u00f3 este lunes la programaci\u00f3n teatral que ofrecer\u00e1 durante el verano 2025\/2026, en un encuentro realizado en el Teatro Picadero, en pleno coraz\u00f3n de Buenos Aires. El lanzamiento reuni\u00f3 a artistas, productores, autoridades y medios, que conocieron de primera mano los t\u00edtulos que integrar\u00e1n la cartelera de la tradicional plaza cordobesa.<\/p>\n\n\n\n<p>La presentaci\u00f3n fue una iniciativa de la Agencia C\u00f3rdoba Turismo, junto a la C\u00e1mara de Empresarios Teatrales de Villa Carlos Paz y la Municipalidad de Villa Carlos Paz, que permiti\u00f3 conocer la programaci\u00f3n que se ofrecer\u00e1 este verano en una de las plazas teatrales m\u00e1s importantes del pa\u00eds. En ese contexto, Dar\u00edo Capitani, presidente de la Agencia C\u00f3rdoba Turismo, destac\u00f3 el impacto que la actividad esc\u00e9nica tiene para la provincia.<\/p>\n\n\n\n<p>\u201cPara nosotros es un gran orgullo estar ac\u00e1. Decidimos potenciar la decisi\u00f3n empresarial de empujar el teatro de Carlos Paz como epicentro nacional no solo art\u00edstico sino tur\u00edstico\u201d, se\u00f1al\u00f3.<\/p>\n\n\n\n<p>&nbsp;Adem\u00e1s, sostuvo: \u201cC\u00f3rdoba decidi\u00f3 no aflojar. Por eso le agradecemos a cada productor que arriesga, invierte. Y tambi\u00e9n a ustedes, los artistas, que son parte esencial del verano cordob\u00e9s\u201d.<\/p>\n\n\n\n<p>La temporada de verano llegar\u00e1 con una cartelera amplia y diversa. Entre los espect\u00e1culos anunciados figuran \u201cEl cuarto de Ver\u00f3nica\u201d, con Silvia Kutika y Fabio Aste; \u201cFil\u00f3mena Marturano\u201d, dirigida por Adri\u00e1n Vocos; y el show de stand up \u201cRid\u00edculas\u201d.<\/p>\n\n\n\n<p>Tambi\u00e9n habr\u00e1 nuevos estrenos como \u201cCorto-circuito\u201d, con Pedro Alfonso, Viviana Saccone, Yayo Guridi, Sebasti\u00e1n Almada y Julieta Poggio; la comedia \u201cNi media palabra\u201d, protagonizada por Nicol\u00e1s Cabr\u00e9, Mariano Mart\u00ednez y el \u201cBicho\u201d G\u00f3mez; y \u201cEs complicado\u201d, con Claribel Medina y Pablo Alarc\u00f3n.<\/p>\n\n\n\n<p>La grilla se completa con el espect\u00e1culo folkl\u00f3rico \u201cTrum Malambo\u201d; la propuesta humor\u00edstica \u201cCaos de risa\u201d, del \u201cFlaco\u201d Pailos y Carla Dogliani; y \u201cFloriGononal \u2013 Humor con efecto inmediato\u201d, con Gladys Florimonte y Sergio Gonal.<\/p>\n\n\n\n<p>En el marco del lanzamiento, algunos de los protagonistas compartieron sus sensaciones de cara al verano. \u201c\u2018Ni media palabra&#8217; es una obra que disfrutamos mucho hacer y creemos que va a conectar muy bien con la gente\u201d, expres\u00f3 Nicol\u00e1s Cabr\u00e9.<\/p>\n\n\n\n<p>Por otro lado, Claribel Medina sostuvo: \u201cPara m\u00ed es un privilegio regresar con una comedia como \u2018Es complicado\u2019. Formar parte de esa din\u00e1mica entre artistas y espectadores es algo que siempre te impulsa a dar lo mejor\u201d.<\/p>\n\n\n\n<p>\u201cSiempre hay un p\u00fablico fiel, atento, que disfruta cada funci\u00f3n. Estamos muy contentos con esta nueva temporada y con la posibilidad de reencontrarnos con la gente\u201d, agreg\u00f3 Mariano Mart\u00ednez.<\/p>\n\n\n\n<figure class=\"wp-block-image size-full\"><img loading=\"lazy\" decoding=\"async\" width=\"1280\" height=\"720\" src=\"https:\/\/modoviajeok.com.ar\/wp-content\/uploads\/2025\/11\/WhatsApp-Image-2025-11-17-at-17.01.57.jpeg\" alt=\"\" class=\"wp-image-6397\" srcset=\"https:\/\/modoviajeok.com.ar\/wp-content\/uploads\/2025\/11\/WhatsApp-Image-2025-11-17-at-17.01.57.jpeg 1280w, https:\/\/modoviajeok.com.ar\/wp-content\/uploads\/2025\/11\/WhatsApp-Image-2025-11-17-at-17.01.57-768x432.jpeg 768w, https:\/\/modoviajeok.com.ar\/wp-content\/uploads\/2025\/11\/WhatsApp-Image-2025-11-17-at-17.01.57-747x420.jpeg 747w, https:\/\/modoviajeok.com.ar\/wp-content\/uploads\/2025\/11\/WhatsApp-Image-2025-11-17-at-17.01.57-150x84.jpeg 150w, https:\/\/modoviajeok.com.ar\/wp-content\/uploads\/2025\/11\/WhatsApp-Image-2025-11-17-at-17.01.57-300x169.jpeg 300w, https:\/\/modoviajeok.com.ar\/wp-content\/uploads\/2025\/11\/WhatsApp-Image-2025-11-17-at-17.01.57-696x392.jpeg 696w, https:\/\/modoviajeok.com.ar\/wp-content\/uploads\/2025\/11\/WhatsApp-Image-2025-11-17-at-17.01.57-1068x601.jpeg 1068w\" sizes=\"auto, (max-width: 1280px) 100vw, 1280px\" \/><\/figure>\n\n\n\n<p>De esta manera, los distintos elencos coincidieron en que tanto Villa Carlos Paz como la provincia de C\u00f3rdoba se consolidan, a\u00f1o tras a\u00f1o, como uno de los puntos m\u00e1s convocantes del pa\u00eds durante la temporada de verano, no solo por su oferta teatral sino por la combinaci\u00f3n \u00fanica de atractivos tur\u00edsticos, entorno natural, y una agenda cultural en permanente crecimiento.<\/p>\n\n\n\n<p>A su turno, el presidente de la C\u00e1mara de Empresarios Teatrales de Villa Carlos Paz, Pablo Sittoni, destac\u00f3: \u201cCarlos Paz es hoy un ejemplo de c\u00f3mo el trabajo conjunto entre el sector p\u00fablico y privado impulsa una industria teatral vibrante y de calidad. Esta nueva programaci\u00f3n confirma que la plaza sigue creciendo, diversific\u00e1ndose y ofreciendo espect\u00e1culos de primer nivel\u201d.<\/p>\n\n\n      <div class=\"wp_bannerize_container wp_bannerize_layout_vertical\">\n\n        <div class=\"wp_bannerize_banner_box wp_bannerize_category_intertexto-1\" data-title=\"Modo viaje\" data-mime_type=\"image-gif\" data-banner_id=\"1783\" id=\"wpbanner-1783\" data-impressions_enabled=\"true\" data-clicks_enabled=\"true\"><a href=\"https:\/\/www.instagram.com\/modoviaje.ok?igsh=Z3c5emxsZWFtdXN3\"><img decoding=\"async\" border=\"0\" src=\"https:\/\/modoviajeok.com.ar\/wp-content\/uploads\/2025\/02\/modoviaje.ok-300-x-250-px.gif\" alt=\"Modo viaje\" title=\"Modo viaje\" \/><\/a><\/div>      <\/div>\n\n\n\n\n\n<p><\/p>\n","protected":false},"excerpt":{"rendered":"<p>La villa serrana lanz\u00f3 la programaci\u00f3n teatral que ofrecer\u00e1 durante el verano 2025\/2026. Fue en el Teatro Picadero, en pleno coraz\u00f3n de Buenos Aires por iniciativa de la Agencia C\u00f3rdoba Turismo, la C\u00e1mara de Empresarios Teatrales de Villa Carlos Paz y la Municipalidad de Villa Carlos Paz. Villa Carlos Paz present\u00f3 este lunes la programaci\u00f3n [&hellip;]<\/p>\n","protected":false},"author":3,"featured_media":6399,"comment_status":"open","ping_status":"open","sticky":false,"template":"","format":"standard","meta":{"_acf_changed":false,"footnotes":""},"categories":[11,10,12],"tags":[345,1386,1106],"class_list":{"0":"post-6396","1":"post","2":"type-post","3":"status-publish","4":"format-standard","5":"has-post-thumbnail","7":"category-cordoba","8":"category-noticias","9":"category-novedades","10":"tag-agencia-cordoba-turismo-2","11":"tag-camara-de-empresarios-teatrales-de-villa-carlos-paz","12":"tag-villa-carlos-paz"},"acf":[],"yoast_head":"<!-- This site is optimized with the Yoast SEO plugin v24.8.1 - https:\/\/yoast.com\/wordpress\/plugins\/seo\/ -->\n<title>La temporada teatral 2025\/26 de Villa Carlos Paz puso primera en Buenos Aires -<\/title>\n<meta name=\"robots\" content=\"index, follow, max-snippet:-1, max-image-preview:large, max-video-preview:-1\" \/>\n<link rel=\"canonical\" href=\"https:\/\/modoviajeok.com.ar\/index.php\/2025\/11\/17\/carlos-paz-presento-su-temporada-teatral-en-buenos-aires\/\" \/>\n<meta property=\"og:locale\" content=\"es_ES\" \/>\n<meta property=\"og:type\" content=\"article\" \/>\n<meta property=\"og:title\" content=\"La temporada teatral 2025\/26 de Villa Carlos Paz puso primera en Buenos Aires -\" \/>\n<meta property=\"og:description\" content=\"La villa serrana lanz\u00f3 la programaci\u00f3n teatral que ofrecer\u00e1 durante el verano 2025\/2026. Fue en el Teatro Picadero, en pleno coraz\u00f3n de Buenos Aires por iniciativa de la Agencia C\u00f3rdoba Turismo, la C\u00e1mara de Empresarios Teatrales de Villa Carlos Paz y la Municipalidad de Villa Carlos Paz. Villa Carlos Paz present\u00f3 este lunes la programaci\u00f3n [&hellip;]\" \/>\n<meta property=\"og:url\" content=\"https:\/\/modoviajeok.com.ar\/index.php\/2025\/11\/17\/carlos-paz-presento-su-temporada-teatral-en-buenos-aires\/\" \/>\n<meta property=\"article:publisher\" content=\"https:\/\/www.facebook.com\/mariana.otero1\/\" \/>\n<meta property=\"article:published_time\" content=\"2025-11-17T22:59:40+00:00\" \/>\n<meta property=\"article:modified_time\" content=\"2025-11-28T21:38:00+00:00\" \/>\n<meta property=\"og:image\" content=\"https:\/\/modoviajeok.com.ar\/wp-content\/uploads\/2025\/11\/WhatsApp-Image-2025-11-17-at-17.01.50.jpeg\" \/>\n\t<meta property=\"og:image:width\" content=\"1600\" \/>\n\t<meta property=\"og:image:height\" content=\"900\" \/>\n\t<meta property=\"og:image:type\" content=\"image\/jpeg\" \/>\n<meta name=\"author\" content=\"Pepe Segura\" \/>\n<meta name=\"twitter:card\" content=\"summary_large_image\" \/>\n<meta name=\"twitter:label1\" content=\"Escrito por\" \/>\n\t<meta name=\"twitter:data1\" content=\"Pepe Segura\" \/>\n\t<meta name=\"twitter:label2\" content=\"Tiempo de lectura\" \/>\n\t<meta name=\"twitter:data2\" content=\"4 minutos\" \/>\n<script type=\"application\/ld+json\" class=\"yoast-schema-graph\">{\"@context\":\"https:\/\/schema.org\",\"@graph\":[{\"@type\":\"Article\",\"@id\":\"https:\/\/modoviajeok.com.ar\/index.php\/2025\/11\/17\/carlos-paz-presento-su-temporada-teatral-en-buenos-aires\/#article\",\"isPartOf\":{\"@id\":\"https:\/\/modoviajeok.com.ar\/index.php\/2025\/11\/17\/carlos-paz-presento-su-temporada-teatral-en-buenos-aires\/\"},\"author\":{\"name\":\"Pepe Segura\",\"@id\":\"https:\/\/modoviajeok.com.ar\/#\/schema\/person\/2e299ed0d3d412a01d244fe28260d7f5\"},\"headline\":\"La temporada teatral 2025\/26 de Villa Carlos Paz puso primera en Buenos Aires\",\"datePublished\":\"2025-11-17T22:59:40+00:00\",\"dateModified\":\"2025-11-28T21:38:00+00:00\",\"mainEntityOfPage\":{\"@id\":\"https:\/\/modoviajeok.com.ar\/index.php\/2025\/11\/17\/carlos-paz-presento-su-temporada-teatral-en-buenos-aires\/\"},\"wordCount\":644,\"commentCount\":0,\"publisher\":{\"@id\":\"https:\/\/modoviajeok.com.ar\/#organization\"},\"image\":{\"@id\":\"https:\/\/modoviajeok.com.ar\/index.php\/2025\/11\/17\/carlos-paz-presento-su-temporada-teatral-en-buenos-aires\/#primaryimage\"},\"thumbnailUrl\":\"https:\/\/modoviajeok.com.ar\/wp-content\/uploads\/2025\/11\/WhatsApp-Image-2025-11-17-at-17.01.50.jpeg\",\"keywords\":[\"agencia cordoba turismo\",\"camara de empresarios teatrales de villa carlos paz\",\"villa carlos paz\"],\"articleSection\":[\"C\u00f3rdoba\",\"Noticias\",\"Novedades\"],\"inLanguage\":\"es\",\"potentialAction\":[{\"@type\":\"CommentAction\",\"name\":\"Comment\",\"target\":[\"https:\/\/modoviajeok.com.ar\/index.php\/2025\/11\/17\/carlos-paz-presento-su-temporada-teatral-en-buenos-aires\/#respond\"]}]},{\"@type\":\"WebPage\",\"@id\":\"https:\/\/modoviajeok.com.ar\/index.php\/2025\/11\/17\/carlos-paz-presento-su-temporada-teatral-en-buenos-aires\/\",\"url\":\"https:\/\/modoviajeok.com.ar\/index.php\/2025\/11\/17\/carlos-paz-presento-su-temporada-teatral-en-buenos-aires\/\",\"name\":\"La temporada teatral 2025\/26 de Villa Carlos Paz puso primera en Buenos Aires -\",\"isPartOf\":{\"@id\":\"https:\/\/modoviajeok.com.ar\/#website\"},\"primaryImageOfPage\":{\"@id\":\"https:\/\/modoviajeok.com.ar\/index.php\/2025\/11\/17\/carlos-paz-presento-su-temporada-teatral-en-buenos-aires\/#primaryimage\"},\"image\":{\"@id\":\"https:\/\/modoviajeok.com.ar\/index.php\/2025\/11\/17\/carlos-paz-presento-su-temporada-teatral-en-buenos-aires\/#primaryimage\"},\"thumbnailUrl\":\"https:\/\/modoviajeok.com.ar\/wp-content\/uploads\/2025\/11\/WhatsApp-Image-2025-11-17-at-17.01.50.jpeg\",\"datePublished\":\"2025-11-17T22:59:40+00:00\",\"dateModified\":\"2025-11-28T21:38:00+00:00\",\"breadcrumb\":{\"@id\":\"https:\/\/modoviajeok.com.ar\/index.php\/2025\/11\/17\/carlos-paz-presento-su-temporada-teatral-en-buenos-aires\/#breadcrumb\"},\"inLanguage\":\"es\",\"potentialAction\":[{\"@type\":\"ReadAction\",\"target\":[\"https:\/\/modoviajeok.com.ar\/index.php\/2025\/11\/17\/carlos-paz-presento-su-temporada-teatral-en-buenos-aires\/\"]}]},{\"@type\":\"ImageObject\",\"inLanguage\":\"es\",\"@id\":\"https:\/\/modoviajeok.com.ar\/index.php\/2025\/11\/17\/carlos-paz-presento-su-temporada-teatral-en-buenos-aires\/#primaryimage\",\"url\":\"https:\/\/modoviajeok.com.ar\/wp-content\/uploads\/2025\/11\/WhatsApp-Image-2025-11-17-at-17.01.50.jpeg\",\"contentUrl\":\"https:\/\/modoviajeok.com.ar\/wp-content\/uploads\/2025\/11\/WhatsApp-Image-2025-11-17-at-17.01.50.jpeg\",\"width\":1600,\"height\":900},{\"@type\":\"BreadcrumbList\",\"@id\":\"https:\/\/modoviajeok.com.ar\/index.php\/2025\/11\/17\/carlos-paz-presento-su-temporada-teatral-en-buenos-aires\/#breadcrumb\",\"itemListElement\":[{\"@type\":\"ListItem\",\"position\":1,\"name\":\"Portada\",\"item\":\"https:\/\/modoviajeok.com.ar\/\"},{\"@type\":\"ListItem\",\"position\":2,\"name\":\"La temporada teatral 2025\/26 de Villa Carlos Paz puso primera en Buenos Aires\"}]},{\"@type\":\"WebSite\",\"@id\":\"https:\/\/modoviajeok.com.ar\/#website\",\"url\":\"https:\/\/modoviajeok.com.ar\/\",\"name\":\"ModoViajeOK\",\"description\":\"\",\"publisher\":{\"@id\":\"https:\/\/modoviajeok.com.ar\/#organization\"},\"potentialAction\":[{\"@type\":\"SearchAction\",\"target\":{\"@type\":\"EntryPoint\",\"urlTemplate\":\"https:\/\/modoviajeok.com.ar\/?s={search_term_string}\"},\"query-input\":{\"@type\":\"PropertyValueSpecification\",\"valueRequired\":true,\"valueName\":\"search_term_string\"}}],\"inLanguage\":\"es\"},{\"@type\":\"Organization\",\"@id\":\"https:\/\/modoviajeok.com.ar\/#organization\",\"name\":\"ModoViajeOK\",\"url\":\"https:\/\/modoviajeok.com.ar\/\",\"logo\":{\"@type\":\"ImageObject\",\"inLanguage\":\"es\",\"@id\":\"https:\/\/modoviajeok.com.ar\/#\/schema\/logo\/image\/\",\"url\":\"https:\/\/modoviajeok.com.ar\/wp-content\/uploads\/2025\/01\/Logo-modoviajeok.png\",\"contentUrl\":\"https:\/\/modoviajeok.com.ar\/wp-content\/uploads\/2025\/01\/Logo-modoviajeok.png\",\"width\":2938,\"height\":2276,\"caption\":\"ModoViajeOK\"},\"image\":{\"@id\":\"https:\/\/modoviajeok.com.ar\/#\/schema\/logo\/image\/\"},\"sameAs\":[\"https:\/\/www.facebook.com\/mariana.otero1\/\",\"https:\/\/www.instagram.com\/modoviaje.ok\/\"]},{\"@type\":\"Person\",\"@id\":\"https:\/\/modoviajeok.com.ar\/#\/schema\/person\/2e299ed0d3d412a01d244fe28260d7f5\",\"name\":\"Pepe Segura\",\"image\":{\"@type\":\"ImageObject\",\"inLanguage\":\"es\",\"@id\":\"https:\/\/modoviajeok.com.ar\/#\/schema\/person\/image\/\",\"url\":\"https:\/\/secure.gravatar.com\/avatar\/65eb4b34deed761327f5b2c5535b987318ae807900ac46426de7258f5de6d345?s=96&d=mm&r=g\",\"contentUrl\":\"https:\/\/secure.gravatar.com\/avatar\/65eb4b34deed761327f5b2c5535b987318ae807900ac46426de7258f5de6d345?s=96&d=mm&r=g\",\"caption\":\"Pepe Segura\"},\"url\":\"https:\/\/modoviajeok.com.ar\/index.php\/author\/pepe2025\/\"}]}<\/script>\n<!-- \/ Yoast SEO plugin. -->","yoast_head_json":{"title":"La temporada teatral 2025\/26 de Villa Carlos Paz puso primera en Buenos Aires -","robots":{"index":"index","follow":"follow","max-snippet":"max-snippet:-1","max-image-preview":"max-image-preview:large","max-video-preview":"max-video-preview:-1"},"canonical":"https:\/\/modoviajeok.com.ar\/index.php\/2025\/11\/17\/carlos-paz-presento-su-temporada-teatral-en-buenos-aires\/","og_locale":"es_ES","og_type":"article","og_title":"La temporada teatral 2025\/26 de Villa Carlos Paz puso primera en Buenos Aires -","og_description":"La villa serrana lanz\u00f3 la programaci\u00f3n teatral que ofrecer\u00e1 durante el verano 2025\/2026. Fue en el Teatro Picadero, en pleno coraz\u00f3n de Buenos Aires por iniciativa de la Agencia C\u00f3rdoba Turismo, la C\u00e1mara de Empresarios Teatrales de Villa Carlos Paz y la Municipalidad de Villa Carlos Paz. Villa Carlos Paz present\u00f3 este lunes la programaci\u00f3n [&hellip;]","og_url":"https:\/\/modoviajeok.com.ar\/index.php\/2025\/11\/17\/carlos-paz-presento-su-temporada-teatral-en-buenos-aires\/","article_publisher":"https:\/\/www.facebook.com\/mariana.otero1\/","article_published_time":"2025-11-17T22:59:40+00:00","article_modified_time":"2025-11-28T21:38:00+00:00","og_image":[{"width":1600,"height":900,"url":"https:\/\/modoviajeok.com.ar\/wp-content\/uploads\/2025\/11\/WhatsApp-Image-2025-11-17-at-17.01.50.jpeg","type":"image\/jpeg"}],"author":"Pepe Segura","twitter_card":"summary_large_image","twitter_misc":{"Escrito por":"Pepe Segura","Tiempo de lectura":"4 minutos"},"schema":{"@context":"https:\/\/schema.org","@graph":[{"@type":"Article","@id":"https:\/\/modoviajeok.com.ar\/index.php\/2025\/11\/17\/carlos-paz-presento-su-temporada-teatral-en-buenos-aires\/#article","isPartOf":{"@id":"https:\/\/modoviajeok.com.ar\/index.php\/2025\/11\/17\/carlos-paz-presento-su-temporada-teatral-en-buenos-aires\/"},"author":{"name":"Pepe Segura","@id":"https:\/\/modoviajeok.com.ar\/#\/schema\/person\/2e299ed0d3d412a01d244fe28260d7f5"},"headline":"La temporada teatral 2025\/26 de Villa Carlos Paz puso primera en Buenos Aires","datePublished":"2025-11-17T22:59:40+00:00","dateModified":"2025-11-28T21:38:00+00:00","mainEntityOfPage":{"@id":"https:\/\/modoviajeok.com.ar\/index.php\/2025\/11\/17\/carlos-paz-presento-su-temporada-teatral-en-buenos-aires\/"},"wordCount":644,"commentCount":0,"publisher":{"@id":"https:\/\/modoviajeok.com.ar\/#organization"},"image":{"@id":"https:\/\/modoviajeok.com.ar\/index.php\/2025\/11\/17\/carlos-paz-presento-su-temporada-teatral-en-buenos-aires\/#primaryimage"},"thumbnailUrl":"https:\/\/modoviajeok.com.ar\/wp-content\/uploads\/2025\/11\/WhatsApp-Image-2025-11-17-at-17.01.50.jpeg","keywords":["agencia cordoba turismo","camara de empresarios teatrales de villa carlos paz","villa carlos paz"],"articleSection":["C\u00f3rdoba","Noticias","Novedades"],"inLanguage":"es","potentialAction":[{"@type":"CommentAction","name":"Comment","target":["https:\/\/modoviajeok.com.ar\/index.php\/2025\/11\/17\/carlos-paz-presento-su-temporada-teatral-en-buenos-aires\/#respond"]}]},{"@type":"WebPage","@id":"https:\/\/modoviajeok.com.ar\/index.php\/2025\/11\/17\/carlos-paz-presento-su-temporada-teatral-en-buenos-aires\/","url":"https:\/\/modoviajeok.com.ar\/index.php\/2025\/11\/17\/carlos-paz-presento-su-temporada-teatral-en-buenos-aires\/","name":"La temporada teatral 2025\/26 de Villa Carlos Paz puso primera en Buenos Aires -","isPartOf":{"@id":"https:\/\/modoviajeok.com.ar\/#website"},"primaryImageOfPage":{"@id":"https:\/\/modoviajeok.com.ar\/index.php\/2025\/11\/17\/carlos-paz-presento-su-temporada-teatral-en-buenos-aires\/#primaryimage"},"image":{"@id":"https:\/\/modoviajeok.com.ar\/index.php\/2025\/11\/17\/carlos-paz-presento-su-temporada-teatral-en-buenos-aires\/#primaryimage"},"thumbnailUrl":"https:\/\/modoviajeok.com.ar\/wp-content\/uploads\/2025\/11\/WhatsApp-Image-2025-11-17-at-17.01.50.jpeg","datePublished":"2025-11-17T22:59:40+00:00","dateModified":"2025-11-28T21:38:00+00:00","breadcrumb":{"@id":"https:\/\/modoviajeok.com.ar\/index.php\/2025\/11\/17\/carlos-paz-presento-su-temporada-teatral-en-buenos-aires\/#breadcrumb"},"inLanguage":"es","potentialAction":[{"@type":"ReadAction","target":["https:\/\/modoviajeok.com.ar\/index.php\/2025\/11\/17\/carlos-paz-presento-su-temporada-teatral-en-buenos-aires\/"]}]},{"@type":"ImageObject","inLanguage":"es","@id":"https:\/\/modoviajeok.com.ar\/index.php\/2025\/11\/17\/carlos-paz-presento-su-temporada-teatral-en-buenos-aires\/#primaryimage","url":"https:\/\/modoviajeok.com.ar\/wp-content\/uploads\/2025\/11\/WhatsApp-Image-2025-11-17-at-17.01.50.jpeg","contentUrl":"https:\/\/modoviajeok.com.ar\/wp-content\/uploads\/2025\/11\/WhatsApp-Image-2025-11-17-at-17.01.50.jpeg","width":1600,"height":900},{"@type":"BreadcrumbList","@id":"https:\/\/modoviajeok.com.ar\/index.php\/2025\/11\/17\/carlos-paz-presento-su-temporada-teatral-en-buenos-aires\/#breadcrumb","itemListElement":[{"@type":"ListItem","position":1,"name":"Portada","item":"https:\/\/modoviajeok.com.ar\/"},{"@type":"ListItem","position":2,"name":"La temporada teatral 2025\/26 de Villa Carlos Paz puso primera en Buenos Aires"}]},{"@type":"WebSite","@id":"https:\/\/modoviajeok.com.ar\/#website","url":"https:\/\/modoviajeok.com.ar\/","name":"ModoViajeOK","description":"","publisher":{"@id":"https:\/\/modoviajeok.com.ar\/#organization"},"potentialAction":[{"@type":"SearchAction","target":{"@type":"EntryPoint","urlTemplate":"https:\/\/modoviajeok.com.ar\/?s={search_term_string}"},"query-input":{"@type":"PropertyValueSpecification","valueRequired":true,"valueName":"search_term_string"}}],"inLanguage":"es"},{"@type":"Organization","@id":"https:\/\/modoviajeok.com.ar\/#organization","name":"ModoViajeOK","url":"https:\/\/modoviajeok.com.ar\/","logo":{"@type":"ImageObject","inLanguage":"es","@id":"https:\/\/modoviajeok.com.ar\/#\/schema\/logo\/image\/","url":"https:\/\/modoviajeok.com.ar\/wp-content\/uploads\/2025\/01\/Logo-modoviajeok.png","contentUrl":"https:\/\/modoviajeok.com.ar\/wp-content\/uploads\/2025\/01\/Logo-modoviajeok.png","width":2938,"height":2276,"caption":"ModoViajeOK"},"image":{"@id":"https:\/\/modoviajeok.com.ar\/#\/schema\/logo\/image\/"},"sameAs":["https:\/\/www.facebook.com\/mariana.otero1\/","https:\/\/www.instagram.com\/modoviaje.ok\/"]},{"@type":"Person","@id":"https:\/\/modoviajeok.com.ar\/#\/schema\/person\/2e299ed0d3d412a01d244fe28260d7f5","name":"Pepe Segura","image":{"@type":"ImageObject","inLanguage":"es","@id":"https:\/\/modoviajeok.com.ar\/#\/schema\/person\/image\/","url":"https:\/\/secure.gravatar.com\/avatar\/65eb4b34deed761327f5b2c5535b987318ae807900ac46426de7258f5de6d345?s=96&d=mm&r=g","contentUrl":"https:\/\/secure.gravatar.com\/avatar\/65eb4b34deed761327f5b2c5535b987318ae807900ac46426de7258f5de6d345?s=96&d=mm&r=g","caption":"Pepe Segura"},"url":"https:\/\/modoviajeok.com.ar\/index.php\/author\/pepe2025\/"}]}},"_links":{"self":[{"href":"https:\/\/modoviajeok.com.ar\/index.php\/wp-json\/wp\/v2\/posts\/6396","targetHints":{"allow":["GET"]}}],"collection":[{"href":"https:\/\/modoviajeok.com.ar\/index.php\/wp-json\/wp\/v2\/posts"}],"about":[{"href":"https:\/\/modoviajeok.com.ar\/index.php\/wp-json\/wp\/v2\/types\/post"}],"author":[{"embeddable":true,"href":"https:\/\/modoviajeok.com.ar\/index.php\/wp-json\/wp\/v2\/users\/3"}],"replies":[{"embeddable":true,"href":"https:\/\/modoviajeok.com.ar\/index.php\/wp-json\/wp\/v2\/comments?post=6396"}],"version-history":[{"count":3,"href":"https:\/\/modoviajeok.com.ar\/index.php\/wp-json\/wp\/v2\/posts\/6396\/revisions"}],"predecessor-version":[{"id":6404,"href":"https:\/\/modoviajeok.com.ar\/index.php\/wp-json\/wp\/v2\/posts\/6396\/revisions\/6404"}],"wp:featuredmedia":[{"embeddable":true,"href":"https:\/\/modoviajeok.com.ar\/index.php\/wp-json\/wp\/v2\/media\/6399"}],"wp:attachment":[{"href":"https:\/\/modoviajeok.com.ar\/index.php\/wp-json\/wp\/v2\/media?parent=6396"}],"wp:term":[{"taxonomy":"category","embeddable":true,"href":"https:\/\/modoviajeok.com.ar\/index.php\/wp-json\/wp\/v2\/categories?post=6396"},{"taxonomy":"post_tag","embeddable":true,"href":"https:\/\/modoviajeok.com.ar\/index.php\/wp-json\/wp\/v2\/tags?post=6396"}],"curies":[{"name":"wp","href":"https:\/\/api.w.org\/{rel}","templated":true}]}}