{"id":6427,"date":"2025-11-30T08:00:36","date_gmt":"2025-11-30T11:00:36","guid":{"rendered":"https:\/\/modoviajeok.com.ar\/?p=6427"},"modified":"2025-12-11T19:18:07","modified_gmt":"2025-12-11T22:18:07","slug":"nerudova-la-calle-en-praga-que-nos-recuerda-a-pablo-neruda","status":"publish","type":"post","link":"https:\/\/modoviajeok.com.ar\/index.php\/2025\/11\/30\/nerudova-la-calle-en-praga-que-nos-recuerda-a-pablo-neruda\/","title":{"rendered":"Nerudova, la calle en Praga que nos recuerda a Pablo Neruda"},"content":{"rendered":"\n<figure class=\"wp-block-pullquote\"><blockquote><p>La calle est\u00e1 en el barrio de Mal\u00e1 Strana y lleva ese nombre en homenaje al escritor checo Jan Nepomuk Neruda, el vecino ilustre que habit\u00f3 la casa identificada con el n\u00famero 47.<br><\/p><\/blockquote><\/figure>\n\n\n\n<figure class=\"wp-block-image size-full\"><img loading=\"lazy\" decoding=\"async\" width=\"2560\" height=\"1922\" src=\"https:\/\/modoviajeok.com.ar\/wp-content\/uploads\/2025\/11\/DSCN3574-scaled.jpg\" alt=\"\" class=\"wp-image-6432\" srcset=\"https:\/\/modoviajeok.com.ar\/wp-content\/uploads\/2025\/11\/DSCN3574-scaled.jpg 2560w, https:\/\/modoviajeok.com.ar\/wp-content\/uploads\/2025\/11\/DSCN3574-768x577.jpg 768w, https:\/\/modoviajeok.com.ar\/wp-content\/uploads\/2025\/11\/DSCN3574-1536x1153.jpg 1536w, https:\/\/modoviajeok.com.ar\/wp-content\/uploads\/2025\/11\/DSCN3574-2048x1537.jpg 2048w, https:\/\/modoviajeok.com.ar\/wp-content\/uploads\/2025\/11\/DSCN3574-559x420.jpg 559w, https:\/\/modoviajeok.com.ar\/wp-content\/uploads\/2025\/11\/DSCN3574-80x60.jpg 80w, https:\/\/modoviajeok.com.ar\/wp-content\/uploads\/2025\/11\/DSCN3574-150x113.jpg 150w, https:\/\/modoviajeok.com.ar\/wp-content\/uploads\/2025\/11\/DSCN3574-300x225.jpg 300w, https:\/\/modoviajeok.com.ar\/wp-content\/uploads\/2025\/11\/DSCN3574-696x522.jpg 696w, https:\/\/modoviajeok.com.ar\/wp-content\/uploads\/2025\/11\/DSCN3574-1068x802.jpg 1068w, https:\/\/modoviajeok.com.ar\/wp-content\/uploads\/2025\/11\/DSCN3574-1920x1441.jpg 1920w, https:\/\/modoviajeok.com.ar\/wp-content\/uploads\/2025\/11\/DSCN3574-265x198.jpg 265w\" sizes=\"auto, (max-width: 2560px) 100vw, 2560px\" \/><\/figure>\n\n\n\n<p>La tradici\u00f3n en Praga da cuanta que uno de los recorridos que no pueden faltar en nuestra agenda viajera, es el que va desde la Plaza del barrio Peque\u00f1o al Castillo. Pues bien, nosotros la hicimos en sentido contrario para que el regreso sea en bajada (la subida la sorteamos en un bus). Lo que no sab\u00edamos era que ese cambio de sentido nos permitir\u00eda encontrarnos y deleitarnos con una de las calles m\u00e1s famosas de la capital de Rep\u00fablica Checa: la calle Nerudova (Nerudova Ulice en checo). La calle est\u00e1 en el barrio de Mal\u00e1 Strana y lleva ese nombre en homenaje al escritor checo Jan Nepomuk Neruda, el vecino ilustre que habit\u00f3 la casa identificada con el n\u00famero 47.<\/p>\n\n\n\n<figure class=\"wp-block-image size-full\"><img loading=\"lazy\" decoding=\"async\" width=\"1967\" height=\"2560\" src=\"https:\/\/modoviajeok.com.ar\/wp-content\/uploads\/2025\/11\/DSCN35712-1-scaled.jpg\" alt=\"\" class=\"wp-image-6437\" srcset=\"https:\/\/modoviajeok.com.ar\/wp-content\/uploads\/2025\/11\/DSCN35712-1-scaled.jpg 1967w, https:\/\/modoviajeok.com.ar\/wp-content\/uploads\/2025\/11\/DSCN35712-1-768x1000.jpg 768w, https:\/\/modoviajeok.com.ar\/wp-content\/uploads\/2025\/11\/DSCN35712-1-1180x1536.jpg 1180w, https:\/\/modoviajeok.com.ar\/wp-content\/uploads\/2025\/11\/DSCN35712-1-1574x2048.jpg 1574w, https:\/\/modoviajeok.com.ar\/wp-content\/uploads\/2025\/11\/DSCN35712-1-323x420.jpg 323w, https:\/\/modoviajeok.com.ar\/wp-content\/uploads\/2025\/11\/DSCN35712-1-150x195.jpg 150w, https:\/\/modoviajeok.com.ar\/wp-content\/uploads\/2025\/11\/DSCN35712-1-300x390.jpg 300w, https:\/\/modoviajeok.com.ar\/wp-content\/uploads\/2025\/11\/DSCN35712-1-696x906.jpg 696w, https:\/\/modoviajeok.com.ar\/wp-content\/uploads\/2025\/11\/DSCN35712-1-1068x1390.jpg 1068w, https:\/\/modoviajeok.com.ar\/wp-content\/uploads\/2025\/11\/DSCN35712-1-1920x2499.jpg 1920w\" sizes=\"auto, (max-width: 1967px) 100vw, 1967px\" \/><\/figure>\n\n\n\n<p>Para los sudamericanos, la menci\u00f3n del apellido Neruda nos remonta, casi autom\u00e1ticamente, al escritor chileno ganador del premio Nobel en 1971, Ricardo Eli\u00e9cer Neftal\u00ed Reyes Basoalto. Entonces comenzamos a preguntarnos. Por qu\u00e9 el trasandino eligi\u00f3 el seud\u00f3nimo Pablo Neruda al que despu\u00e9s le dio car\u00e1cter de nombre legal?<\/p>\n\n\n\n<figure class=\"wp-block-image size-full\"><img loading=\"lazy\" decoding=\"async\" width=\"1811\" height=\"2560\" src=\"https:\/\/modoviajeok.com.ar\/wp-content\/uploads\/2025\/11\/20250824_102117-2-scaled.jpg\" alt=\"\" class=\"wp-image-6442\" srcset=\"https:\/\/modoviajeok.com.ar\/wp-content\/uploads\/2025\/11\/20250824_102117-2-scaled.jpg 1811w, https:\/\/modoviajeok.com.ar\/wp-content\/uploads\/2025\/11\/20250824_102117-2-768x1086.jpg 768w, https:\/\/modoviajeok.com.ar\/wp-content\/uploads\/2025\/11\/20250824_102117-2-1086x1536.jpg 1086w, https:\/\/modoviajeok.com.ar\/wp-content\/uploads\/2025\/11\/20250824_102117-2-1448x2048.jpg 1448w, https:\/\/modoviajeok.com.ar\/wp-content\/uploads\/2025\/11\/20250824_102117-2-297x420.jpg 297w, https:\/\/modoviajeok.com.ar\/wp-content\/uploads\/2025\/11\/20250824_102117-2-150x212.jpg 150w, https:\/\/modoviajeok.com.ar\/wp-content\/uploads\/2025\/11\/20250824_102117-2-300x424.jpg 300w, https:\/\/modoviajeok.com.ar\/wp-content\/uploads\/2025\/11\/20250824_102117-2-696x984.jpg 696w, https:\/\/modoviajeok.com.ar\/wp-content\/uploads\/2025\/11\/20250824_102117-2-1068x1510.jpg 1068w\" sizes=\"auto, (max-width: 1811px) 100vw, 1811px\" \/><\/figure>\n\n\n\n<p>Algunos gu\u00edas que consultamos nos dijeron que el libro \u201cCuentos de Mal\u00e1 Strana\u201d del escritor checo, fue determinante para que el poeta chileno se decidiera a utilizar ese seud\u00f3nimo a partir del a\u00f1o 1920. Sin embargo, otros escritos dan cuenta que el chileno se habr\u00eda inspirado en un personaje de Arthur Conan Doyle que en su novela Estudio en Escarlata nombre a la violinista Guillermina Mar\u00eda Francisca Neruda.<\/p>\n\n\n\n<p>Dejamos el porqu\u00e9 de la elecci\u00f3n a gusto de cada uno y nos adentramos por una calle llena de encantos. Bares, restoranes, tiendas de marcas muy conocidas y galer\u00edas de arte para todos los gustos conforman la postal de la calle Nerudova cuando uno comienza a desandarla camino a la Plaza. Nuestro recorrido fue en horas del mediod\u00eda y lo hicimos junto a decenas de visitantes que, como nosotros, buscaban en esta calle, restos de una ciudad repleta de historias.<\/p>\n\n\n\n<p>Los s\u00edmbolos que distinguen este sector de Praga son, entre otros, los portales decorados con dinteles que evocan a los antiguos sistemas postales. Tambi\u00e9n llam\u00f3 nuestra atenci\u00f3n que cada casa, o la mayor\u00eda de ellas, mostraran alg\u00fan cartel que la identificaran. La gu\u00eda nos apunt\u00f3 que en la antig\u00fcedad y hasta que se introdujeron los n\u00fameros c\u00edvicos, era la \u00fanica manera de dar con ese domicilio. As\u00ed, en nuestro recorrido pudimos ver la Casa del Le\u00f3n Rojo, la Casa de los Dos Soles (all\u00ed vivi\u00f3 Neruda), la Casa de la Rueda de Oro, la Casa del Gato, la Casa del Ciervo y la Casa del Cisne Blanco, entre otras. Tiendas de marionetas, librer\u00edas y cervecer\u00edas terminan de darle color al paseo que termina, inevitablemente, en un coqueto bar en la plaza del barrio Peque\u00f1o donde una exquisita cerveza local nos recuerda que estamos muy cerca del para\u00edso.<\/p>\n\n\n\n<figure class=\"wp-block-image size-full\"><img loading=\"lazy\" decoding=\"async\" width=\"1928\" height=\"2560\" src=\"https:\/\/modoviajeok.com.ar\/wp-content\/uploads\/2025\/11\/IMG_20250824_102541-1-scaled.jpg\" alt=\"\" class=\"wp-image-6436\" srcset=\"https:\/\/modoviajeok.com.ar\/wp-content\/uploads\/2025\/11\/IMG_20250824_102541-1-scaled.jpg 1928w, https:\/\/modoviajeok.com.ar\/wp-content\/uploads\/2025\/11\/IMG_20250824_102541-1-768x1020.jpg 768w, https:\/\/modoviajeok.com.ar\/wp-content\/uploads\/2025\/11\/IMG_20250824_102541-1-1157x1536.jpg 1157w, https:\/\/modoviajeok.com.ar\/wp-content\/uploads\/2025\/11\/IMG_20250824_102541-1-1542x2048.jpg 1542w, https:\/\/modoviajeok.com.ar\/wp-content\/uploads\/2025\/11\/IMG_20250824_102541-1-316x420.jpg 316w, https:\/\/modoviajeok.com.ar\/wp-content\/uploads\/2025\/11\/IMG_20250824_102541-1-150x199.jpg 150w, https:\/\/modoviajeok.com.ar\/wp-content\/uploads\/2025\/11\/IMG_20250824_102541-1-300x398.jpg 300w, https:\/\/modoviajeok.com.ar\/wp-content\/uploads\/2025\/11\/IMG_20250824_102541-1-696x924.jpg 696w, https:\/\/modoviajeok.com.ar\/wp-content\/uploads\/2025\/11\/IMG_20250824_102541-1-1068x1418.jpg 1068w, https:\/\/modoviajeok.com.ar\/wp-content\/uploads\/2025\/11\/IMG_20250824_102541-1-1920x2550.jpg 1920w\" sizes=\"auto, (max-width: 1928px) 100vw, 1928px\" \/><\/figure>\n\n\n\n<p><\/p>\n\n\n\n<figure class=\"wp-block-gallery has-nested-images columns-default is-cropped wp-block-gallery-1 is-layout-flex wp-block-gallery-is-layout-flex\">\n<figure class=\"wp-block-image size-large\"><img loading=\"lazy\" decoding=\"async\" width=\"1815\" height=\"2560\" data-id=\"6433\" src=\"https:\/\/modoviajeok.com.ar\/wp-content\/uploads\/2025\/11\/20250824_102948-1-scaled.jpg\" alt=\"\" class=\"wp-image-6433\" srcset=\"https:\/\/modoviajeok.com.ar\/wp-content\/uploads\/2025\/11\/20250824_102948-1-scaled.jpg 1815w, https:\/\/modoviajeok.com.ar\/wp-content\/uploads\/2025\/11\/20250824_102948-1-768x1083.jpg 768w, https:\/\/modoviajeok.com.ar\/wp-content\/uploads\/2025\/11\/20250824_102948-1-1089x1536.jpg 1089w, https:\/\/modoviajeok.com.ar\/wp-content\/uploads\/2025\/11\/20250824_102948-1-1452x2048.jpg 1452w, https:\/\/modoviajeok.com.ar\/wp-content\/uploads\/2025\/11\/20250824_102948-1-298x420.jpg 298w, https:\/\/modoviajeok.com.ar\/wp-content\/uploads\/2025\/11\/20250824_102948-1-150x212.jpg 150w, https:\/\/modoviajeok.com.ar\/wp-content\/uploads\/2025\/11\/20250824_102948-1-300x423.jpg 300w, https:\/\/modoviajeok.com.ar\/wp-content\/uploads\/2025\/11\/20250824_102948-1-696x981.jpg 696w, https:\/\/modoviajeok.com.ar\/wp-content\/uploads\/2025\/11\/20250824_102948-1-1068x1506.jpg 1068w\" sizes=\"auto, (max-width: 1815px) 100vw, 1815px\" \/><\/figure>\n\n\n\n<figure class=\"wp-block-image size-large\"><img loading=\"lazy\" decoding=\"async\" width=\"1320\" height=\"2560\" data-id=\"6429\" src=\"https:\/\/modoviajeok.com.ar\/wp-content\/uploads\/2025\/11\/20250824_104015-1-scaled.jpg\" alt=\"\" class=\"wp-image-6429\" srcset=\"https:\/\/modoviajeok.com.ar\/wp-content\/uploads\/2025\/11\/20250824_104015-1-scaled.jpg 1320w, https:\/\/modoviajeok.com.ar\/wp-content\/uploads\/2025\/11\/20250824_104015-1-768x1490.jpg 768w, https:\/\/modoviajeok.com.ar\/wp-content\/uploads\/2025\/11\/20250824_104015-1-792x1536.jpg 792w, https:\/\/modoviajeok.com.ar\/wp-content\/uploads\/2025\/11\/20250824_104015-1-1056x2048.jpg 1056w, https:\/\/modoviajeok.com.ar\/wp-content\/uploads\/2025\/11\/20250824_104015-1-217x420.jpg 217w, https:\/\/modoviajeok.com.ar\/wp-content\/uploads\/2025\/11\/20250824_104015-1-150x291.jpg 150w, https:\/\/modoviajeok.com.ar\/wp-content\/uploads\/2025\/11\/20250824_104015-1-300x582.jpg 300w, https:\/\/modoviajeok.com.ar\/wp-content\/uploads\/2025\/11\/20250824_104015-1-696x1350.jpg 696w, https:\/\/modoviajeok.com.ar\/wp-content\/uploads\/2025\/11\/20250824_104015-1-1068x2072.jpg 1068w\" sizes=\"auto, (max-width: 1320px) 100vw, 1320px\" \/><\/figure>\n\n\n\n<figure class=\"wp-block-image size-large\"><img loading=\"lazy\" decoding=\"async\" width=\"1382\" height=\"2560\" data-id=\"6430\" src=\"https:\/\/modoviajeok.com.ar\/wp-content\/uploads\/2025\/11\/20250824_103303-2-scaled.jpg\" alt=\"\" class=\"wp-image-6430\" srcset=\"https:\/\/modoviajeok.com.ar\/wp-content\/uploads\/2025\/11\/20250824_103303-2-scaled.jpg 1382w, https:\/\/modoviajeok.com.ar\/wp-content\/uploads\/2025\/11\/20250824_103303-2-768x1422.jpg 768w, https:\/\/modoviajeok.com.ar\/wp-content\/uploads\/2025\/11\/20250824_103303-2-829x1536.jpg 829w, https:\/\/modoviajeok.com.ar\/wp-content\/uploads\/2025\/11\/20250824_103303-2-1106x2048.jpg 1106w, https:\/\/modoviajeok.com.ar\/wp-content\/uploads\/2025\/11\/20250824_103303-2-227x420.jpg 227w, https:\/\/modoviajeok.com.ar\/wp-content\/uploads\/2025\/11\/20250824_103303-2-150x278.jpg 150w, https:\/\/modoviajeok.com.ar\/wp-content\/uploads\/2025\/11\/20250824_103303-2-300x556.jpg 300w, https:\/\/modoviajeok.com.ar\/wp-content\/uploads\/2025\/11\/20250824_103303-2-696x1289.jpg 696w, https:\/\/modoviajeok.com.ar\/wp-content\/uploads\/2025\/11\/20250824_103303-2-1068x1978.jpg 1068w\" sizes=\"auto, (max-width: 1382px) 100vw, 1382px\" \/><\/figure>\n\n\n\n<figure class=\"wp-block-image size-large\"><img loading=\"lazy\" decoding=\"async\" width=\"1210\" height=\"2143\" data-id=\"6428\" src=\"https:\/\/modoviajeok.com.ar\/wp-content\/uploads\/2025\/11\/20250824_104043-1.jpg\" alt=\"\" class=\"wp-image-6428\" srcset=\"https:\/\/modoviajeok.com.ar\/wp-content\/uploads\/2025\/11\/20250824_104043-1.jpg 1210w, https:\/\/modoviajeok.com.ar\/wp-content\/uploads\/2025\/11\/20250824_104043-1-768x1360.jpg 768w, https:\/\/modoviajeok.com.ar\/wp-content\/uploads\/2025\/11\/20250824_104043-1-867x1536.jpg 867w, https:\/\/modoviajeok.com.ar\/wp-content\/uploads\/2025\/11\/20250824_104043-1-1156x2048.jpg 1156w, https:\/\/modoviajeok.com.ar\/wp-content\/uploads\/2025\/11\/20250824_104043-1-237x420.jpg 237w, https:\/\/modoviajeok.com.ar\/wp-content\/uploads\/2025\/11\/20250824_104043-1-150x266.jpg 150w, https:\/\/modoviajeok.com.ar\/wp-content\/uploads\/2025\/11\/20250824_104043-1-300x531.jpg 300w, https:\/\/modoviajeok.com.ar\/wp-content\/uploads\/2025\/11\/20250824_104043-1-696x1233.jpg 696w, https:\/\/modoviajeok.com.ar\/wp-content\/uploads\/2025\/11\/20250824_104043-1-1068x1892.jpg 1068w\" sizes=\"auto, (max-width: 1210px) 100vw, 1210px\" \/><\/figure>\n\n\n\n<figure class=\"wp-block-image size-large\"><img loading=\"lazy\" decoding=\"async\" width=\"2560\" height=\"2552\" data-id=\"6438\" src=\"https:\/\/modoviajeok.com.ar\/wp-content\/uploads\/2025\/11\/DSCN3569-scaled.jpg\" alt=\"\" class=\"wp-image-6438\" srcset=\"https:\/\/modoviajeok.com.ar\/wp-content\/uploads\/2025\/11\/DSCN3569-scaled.jpg 2560w, https:\/\/modoviajeok.com.ar\/wp-content\/uploads\/2025\/11\/DSCN3569-768x765.jpg 768w, https:\/\/modoviajeok.com.ar\/wp-content\/uploads\/2025\/11\/DSCN3569-1536x1531.jpg 1536w, https:\/\/modoviajeok.com.ar\/wp-content\/uploads\/2025\/11\/DSCN3569-2048x2041.jpg 2048w, https:\/\/modoviajeok.com.ar\/wp-content\/uploads\/2025\/11\/DSCN3569-421x420.jpg 421w, https:\/\/modoviajeok.com.ar\/wp-content\/uploads\/2025\/11\/DSCN3569-150x150.jpg 150w, https:\/\/modoviajeok.com.ar\/wp-content\/uploads\/2025\/11\/DSCN3569-300x299.jpg 300w, https:\/\/modoviajeok.com.ar\/wp-content\/uploads\/2025\/11\/DSCN3569-696x694.jpg 696w, https:\/\/modoviajeok.com.ar\/wp-content\/uploads\/2025\/11\/DSCN3569-1068x1065.jpg 1068w, https:\/\/modoviajeok.com.ar\/wp-content\/uploads\/2025\/11\/DSCN3569-1920x1914.jpg 1920w\" sizes=\"auto, (max-width: 2560px) 100vw, 2560px\" \/><\/figure>\n\n\n\n<figure class=\"wp-block-image size-large\"><img loading=\"lazy\" decoding=\"async\" width=\"2052\" height=\"2560\" data-id=\"6441\" src=\"https:\/\/modoviajeok.com.ar\/wp-content\/uploads\/2025\/11\/DSCN3568-scaled.jpg\" alt=\"\" class=\"wp-image-6441\" srcset=\"https:\/\/modoviajeok.com.ar\/wp-content\/uploads\/2025\/11\/DSCN3568-scaled.jpg 2052w, https:\/\/modoviajeok.com.ar\/wp-content\/uploads\/2025\/11\/DSCN3568-768x958.jpg 768w, https:\/\/modoviajeok.com.ar\/wp-content\/uploads\/2025\/11\/DSCN3568-1231x1536.jpg 1231w, https:\/\/modoviajeok.com.ar\/wp-content\/uploads\/2025\/11\/DSCN3568-1642x2048.jpg 1642w, https:\/\/modoviajeok.com.ar\/wp-content\/uploads\/2025\/11\/DSCN3568-337x420.jpg 337w, https:\/\/modoviajeok.com.ar\/wp-content\/uploads\/2025\/11\/DSCN3568-150x187.jpg 150w, https:\/\/modoviajeok.com.ar\/wp-content\/uploads\/2025\/11\/DSCN3568-300x374.jpg 300w, https:\/\/modoviajeok.com.ar\/wp-content\/uploads\/2025\/11\/DSCN3568-696x868.jpg 696w, https:\/\/modoviajeok.com.ar\/wp-content\/uploads\/2025\/11\/DSCN3568-1068x1332.jpg 1068w, https:\/\/modoviajeok.com.ar\/wp-content\/uploads\/2025\/11\/DSCN3568-1920x2395.jpg 1920w\" sizes=\"auto, (max-width: 2052px) 100vw, 2052px\" \/><\/figure>\n<\/figure>\n","protected":false},"excerpt":{"rendered":"<p>La calle est\u00e1 en el barrio de Mal\u00e1 Strana y lleva ese nombre en homenaje al escritor checo Jan Nepomuk Neruda, el vecino ilustre que habit\u00f3 la casa identificada con el n\u00famero 47. La tradici\u00f3n en Praga da cuanta que uno de los recorridos que no pueden faltar en nuestra agenda viajera, es el que [&hellip;]<\/p>\n","protected":false},"author":3,"featured_media":6440,"comment_status":"open","ping_status":"open","sticky":false,"template":"","format":"standard","meta":{"_acf_changed":false,"footnotes":""},"categories":[9,12],"tags":[1390,1251],"class_list":{"0":"post-6427","1":"post","2":"type-post","3":"status-publish","4":"format-standard","5":"has-post-thumbnail","7":"category-mundo","8":"category-novedades","9":"tag-calle-nerudova","10":"tag-praga"},"acf":[],"yoast_head":"<!-- This site is optimized with the Yoast SEO plugin v24.8.1 - https:\/\/yoast.com\/wordpress\/plugins\/seo\/ -->\n<title>Nerudova, la calle en Praga que nos recuerda a Pablo Neruda -<\/title>\n<meta name=\"robots\" content=\"index, follow, max-snippet:-1, max-image-preview:large, max-video-preview:-1\" \/>\n<link rel=\"canonical\" href=\"https:\/\/modoviajeok.com.ar\/index.php\/2025\/11\/30\/nerudova-la-calle-en-praga-que-nos-recuerda-a-pablo-neruda\/\" \/>\n<meta property=\"og:locale\" content=\"es_ES\" \/>\n<meta property=\"og:type\" content=\"article\" \/>\n<meta property=\"og:title\" content=\"Nerudova, la calle en Praga que nos recuerda a Pablo Neruda -\" \/>\n<meta property=\"og:description\" content=\"La calle est\u00e1 en el barrio de Mal\u00e1 Strana y lleva ese nombre en homenaje al escritor checo Jan Nepomuk Neruda, el vecino ilustre que habit\u00f3 la casa identificada con el n\u00famero 47. La tradici\u00f3n en Praga da cuanta que uno de los recorridos que no pueden faltar en nuestra agenda viajera, es el que [&hellip;]\" \/>\n<meta property=\"og:url\" content=\"https:\/\/modoviajeok.com.ar\/index.php\/2025\/11\/30\/nerudova-la-calle-en-praga-que-nos-recuerda-a-pablo-neruda\/\" \/>\n<meta property=\"article:publisher\" content=\"https:\/\/www.facebook.com\/mariana.otero1\/\" \/>\n<meta property=\"article:published_time\" content=\"2025-11-30T11:00:36+00:00\" \/>\n<meta property=\"article:modified_time\" content=\"2025-12-11T22:18:07+00:00\" \/>\n<meta property=\"og:image\" content=\"https:\/\/modoviajeok.com.ar\/wp-content\/uploads\/2025\/11\/20250824_102205-2.jpg\" \/>\n\t<meta property=\"og:image:width\" content=\"1787\" \/>\n\t<meta property=\"og:image:height\" content=\"2292\" \/>\n\t<meta property=\"og:image:type\" content=\"image\/jpeg\" \/>\n<meta name=\"author\" content=\"Pepe Segura\" \/>\n<meta name=\"twitter:card\" content=\"summary_large_image\" \/>\n<meta name=\"twitter:label1\" content=\"Escrito por\" \/>\n\t<meta name=\"twitter:data1\" content=\"Pepe Segura\" \/>\n\t<meta name=\"twitter:label2\" content=\"Tiempo de lectura\" \/>\n\t<meta name=\"twitter:data2\" content=\"5 minutos\" \/>\n<script type=\"application\/ld+json\" class=\"yoast-schema-graph\">{\"@context\":\"https:\/\/schema.org\",\"@graph\":[{\"@type\":\"Article\",\"@id\":\"https:\/\/modoviajeok.com.ar\/index.php\/2025\/11\/30\/nerudova-la-calle-en-praga-que-nos-recuerda-a-pablo-neruda\/#article\",\"isPartOf\":{\"@id\":\"https:\/\/modoviajeok.com.ar\/index.php\/2025\/11\/30\/nerudova-la-calle-en-praga-que-nos-recuerda-a-pablo-neruda\/\"},\"author\":{\"name\":\"Pepe Segura\",\"@id\":\"https:\/\/modoviajeok.com.ar\/#\/schema\/person\/2e299ed0d3d412a01d244fe28260d7f5\"},\"headline\":\"Nerudova, la calle en Praga que nos recuerda a Pablo Neruda\",\"datePublished\":\"2025-11-30T11:00:36+00:00\",\"dateModified\":\"2025-12-11T22:18:07+00:00\",\"mainEntityOfPage\":{\"@id\":\"https:\/\/modoviajeok.com.ar\/index.php\/2025\/11\/30\/nerudova-la-calle-en-praga-que-nos-recuerda-a-pablo-neruda\/\"},\"wordCount\":540,\"commentCount\":0,\"publisher\":{\"@id\":\"https:\/\/modoviajeok.com.ar\/#organization\"},\"image\":{\"@id\":\"https:\/\/modoviajeok.com.ar\/index.php\/2025\/11\/30\/nerudova-la-calle-en-praga-que-nos-recuerda-a-pablo-neruda\/#primaryimage\"},\"thumbnailUrl\":\"https:\/\/modoviajeok.com.ar\/wp-content\/uploads\/2025\/11\/20250824_102205-2.jpg\",\"keywords\":[\"calle nerudova\",\"praga\"],\"articleSection\":[\"Mundo\",\"Novedades\"],\"inLanguage\":\"es\",\"potentialAction\":[{\"@type\":\"CommentAction\",\"name\":\"Comment\",\"target\":[\"https:\/\/modoviajeok.com.ar\/index.php\/2025\/11\/30\/nerudova-la-calle-en-praga-que-nos-recuerda-a-pablo-neruda\/#respond\"]}]},{\"@type\":\"WebPage\",\"@id\":\"https:\/\/modoviajeok.com.ar\/index.php\/2025\/11\/30\/nerudova-la-calle-en-praga-que-nos-recuerda-a-pablo-neruda\/\",\"url\":\"https:\/\/modoviajeok.com.ar\/index.php\/2025\/11\/30\/nerudova-la-calle-en-praga-que-nos-recuerda-a-pablo-neruda\/\",\"name\":\"Nerudova, la calle en Praga que nos recuerda a Pablo Neruda -\",\"isPartOf\":{\"@id\":\"https:\/\/modoviajeok.com.ar\/#website\"},\"primaryImageOfPage\":{\"@id\":\"https:\/\/modoviajeok.com.ar\/index.php\/2025\/11\/30\/nerudova-la-calle-en-praga-que-nos-recuerda-a-pablo-neruda\/#primaryimage\"},\"image\":{\"@id\":\"https:\/\/modoviajeok.com.ar\/index.php\/2025\/11\/30\/nerudova-la-calle-en-praga-que-nos-recuerda-a-pablo-neruda\/#primaryimage\"},\"thumbnailUrl\":\"https:\/\/modoviajeok.com.ar\/wp-content\/uploads\/2025\/11\/20250824_102205-2.jpg\",\"datePublished\":\"2025-11-30T11:00:36+00:00\",\"dateModified\":\"2025-12-11T22:18:07+00:00\",\"breadcrumb\":{\"@id\":\"https:\/\/modoviajeok.com.ar\/index.php\/2025\/11\/30\/nerudova-la-calle-en-praga-que-nos-recuerda-a-pablo-neruda\/#breadcrumb\"},\"inLanguage\":\"es\",\"potentialAction\":[{\"@type\":\"ReadAction\",\"target\":[\"https:\/\/modoviajeok.com.ar\/index.php\/2025\/11\/30\/nerudova-la-calle-en-praga-que-nos-recuerda-a-pablo-neruda\/\"]}]},{\"@type\":\"ImageObject\",\"inLanguage\":\"es\",\"@id\":\"https:\/\/modoviajeok.com.ar\/index.php\/2025\/11\/30\/nerudova-la-calle-en-praga-que-nos-recuerda-a-pablo-neruda\/#primaryimage\",\"url\":\"https:\/\/modoviajeok.com.ar\/wp-content\/uploads\/2025\/11\/20250824_102205-2.jpg\",\"contentUrl\":\"https:\/\/modoviajeok.com.ar\/wp-content\/uploads\/2025\/11\/20250824_102205-2.jpg\",\"width\":1787,\"height\":2292},{\"@type\":\"BreadcrumbList\",\"@id\":\"https:\/\/modoviajeok.com.ar\/index.php\/2025\/11\/30\/nerudova-la-calle-en-praga-que-nos-recuerda-a-pablo-neruda\/#breadcrumb\",\"itemListElement\":[{\"@type\":\"ListItem\",\"position\":1,\"name\":\"Portada\",\"item\":\"https:\/\/modoviajeok.com.ar\/\"},{\"@type\":\"ListItem\",\"position\":2,\"name\":\"Nerudova, la calle en Praga que nos recuerda a Pablo Neruda\"}]},{\"@type\":\"WebSite\",\"@id\":\"https:\/\/modoviajeok.com.ar\/#website\",\"url\":\"https:\/\/modoviajeok.com.ar\/\",\"name\":\"ModoViajeOK\",\"description\":\"\",\"publisher\":{\"@id\":\"https:\/\/modoviajeok.com.ar\/#organization\"},\"potentialAction\":[{\"@type\":\"SearchAction\",\"target\":{\"@type\":\"EntryPoint\",\"urlTemplate\":\"https:\/\/modoviajeok.com.ar\/?s={search_term_string}\"},\"query-input\":{\"@type\":\"PropertyValueSpecification\",\"valueRequired\":true,\"valueName\":\"search_term_string\"}}],\"inLanguage\":\"es\"},{\"@type\":\"Organization\",\"@id\":\"https:\/\/modoviajeok.com.ar\/#organization\",\"name\":\"ModoViajeOK\",\"url\":\"https:\/\/modoviajeok.com.ar\/\",\"logo\":{\"@type\":\"ImageObject\",\"inLanguage\":\"es\",\"@id\":\"https:\/\/modoviajeok.com.ar\/#\/schema\/logo\/image\/\",\"url\":\"https:\/\/modoviajeok.com.ar\/wp-content\/uploads\/2025\/01\/Logo-modoviajeok.png\",\"contentUrl\":\"https:\/\/modoviajeok.com.ar\/wp-content\/uploads\/2025\/01\/Logo-modoviajeok.png\",\"width\":2938,\"height\":2276,\"caption\":\"ModoViajeOK\"},\"image\":{\"@id\":\"https:\/\/modoviajeok.com.ar\/#\/schema\/logo\/image\/\"},\"sameAs\":[\"https:\/\/www.facebook.com\/mariana.otero1\/\",\"https:\/\/www.instagram.com\/modoviaje.ok\/\"]},{\"@type\":\"Person\",\"@id\":\"https:\/\/modoviajeok.com.ar\/#\/schema\/person\/2e299ed0d3d412a01d244fe28260d7f5\",\"name\":\"Pepe Segura\",\"image\":{\"@type\":\"ImageObject\",\"inLanguage\":\"es\",\"@id\":\"https:\/\/modoviajeok.com.ar\/#\/schema\/person\/image\/\",\"url\":\"https:\/\/secure.gravatar.com\/avatar\/65eb4b34deed761327f5b2c5535b987318ae807900ac46426de7258f5de6d345?s=96&d=mm&r=g\",\"contentUrl\":\"https:\/\/secure.gravatar.com\/avatar\/65eb4b34deed761327f5b2c5535b987318ae807900ac46426de7258f5de6d345?s=96&d=mm&r=g\",\"caption\":\"Pepe Segura\"},\"url\":\"https:\/\/modoviajeok.com.ar\/index.php\/author\/pepe2025\/\"}]}<\/script>\n<!-- \/ Yoast SEO plugin. -->","yoast_head_json":{"title":"Nerudova, la calle en Praga que nos recuerda a Pablo Neruda -","robots":{"index":"index","follow":"follow","max-snippet":"max-snippet:-1","max-image-preview":"max-image-preview:large","max-video-preview":"max-video-preview:-1"},"canonical":"https:\/\/modoviajeok.com.ar\/index.php\/2025\/11\/30\/nerudova-la-calle-en-praga-que-nos-recuerda-a-pablo-neruda\/","og_locale":"es_ES","og_type":"article","og_title":"Nerudova, la calle en Praga que nos recuerda a Pablo Neruda -","og_description":"La calle est\u00e1 en el barrio de Mal\u00e1 Strana y lleva ese nombre en homenaje al escritor checo Jan Nepomuk Neruda, el vecino ilustre que habit\u00f3 la casa identificada con el n\u00famero 47. La tradici\u00f3n en Praga da cuanta que uno de los recorridos que no pueden faltar en nuestra agenda viajera, es el que [&hellip;]","og_url":"https:\/\/modoviajeok.com.ar\/index.php\/2025\/11\/30\/nerudova-la-calle-en-praga-que-nos-recuerda-a-pablo-neruda\/","article_publisher":"https:\/\/www.facebook.com\/mariana.otero1\/","article_published_time":"2025-11-30T11:00:36+00:00","article_modified_time":"2025-12-11T22:18:07+00:00","og_image":[{"width":1787,"height":2292,"url":"https:\/\/modoviajeok.com.ar\/wp-content\/uploads\/2025\/11\/20250824_102205-2.jpg","type":"image\/jpeg"}],"author":"Pepe Segura","twitter_card":"summary_large_image","twitter_misc":{"Escrito por":"Pepe Segura","Tiempo de lectura":"5 minutos"},"schema":{"@context":"https:\/\/schema.org","@graph":[{"@type":"Article","@id":"https:\/\/modoviajeok.com.ar\/index.php\/2025\/11\/30\/nerudova-la-calle-en-praga-que-nos-recuerda-a-pablo-neruda\/#article","isPartOf":{"@id":"https:\/\/modoviajeok.com.ar\/index.php\/2025\/11\/30\/nerudova-la-calle-en-praga-que-nos-recuerda-a-pablo-neruda\/"},"author":{"name":"Pepe Segura","@id":"https:\/\/modoviajeok.com.ar\/#\/schema\/person\/2e299ed0d3d412a01d244fe28260d7f5"},"headline":"Nerudova, la calle en Praga que nos recuerda a Pablo Neruda","datePublished":"2025-11-30T11:00:36+00:00","dateModified":"2025-12-11T22:18:07+00:00","mainEntityOfPage":{"@id":"https:\/\/modoviajeok.com.ar\/index.php\/2025\/11\/30\/nerudova-la-calle-en-praga-que-nos-recuerda-a-pablo-neruda\/"},"wordCount":540,"commentCount":0,"publisher":{"@id":"https:\/\/modoviajeok.com.ar\/#organization"},"image":{"@id":"https:\/\/modoviajeok.com.ar\/index.php\/2025\/11\/30\/nerudova-la-calle-en-praga-que-nos-recuerda-a-pablo-neruda\/#primaryimage"},"thumbnailUrl":"https:\/\/modoviajeok.com.ar\/wp-content\/uploads\/2025\/11\/20250824_102205-2.jpg","keywords":["calle nerudova","praga"],"articleSection":["Mundo","Novedades"],"inLanguage":"es","potentialAction":[{"@type":"CommentAction","name":"Comment","target":["https:\/\/modoviajeok.com.ar\/index.php\/2025\/11\/30\/nerudova-la-calle-en-praga-que-nos-recuerda-a-pablo-neruda\/#respond"]}]},{"@type":"WebPage","@id":"https:\/\/modoviajeok.com.ar\/index.php\/2025\/11\/30\/nerudova-la-calle-en-praga-que-nos-recuerda-a-pablo-neruda\/","url":"https:\/\/modoviajeok.com.ar\/index.php\/2025\/11\/30\/nerudova-la-calle-en-praga-que-nos-recuerda-a-pablo-neruda\/","name":"Nerudova, la calle en Praga que nos recuerda a Pablo Neruda -","isPartOf":{"@id":"https:\/\/modoviajeok.com.ar\/#website"},"primaryImageOfPage":{"@id":"https:\/\/modoviajeok.com.ar\/index.php\/2025\/11\/30\/nerudova-la-calle-en-praga-que-nos-recuerda-a-pablo-neruda\/#primaryimage"},"image":{"@id":"https:\/\/modoviajeok.com.ar\/index.php\/2025\/11\/30\/nerudova-la-calle-en-praga-que-nos-recuerda-a-pablo-neruda\/#primaryimage"},"thumbnailUrl":"https:\/\/modoviajeok.com.ar\/wp-content\/uploads\/2025\/11\/20250824_102205-2.jpg","datePublished":"2025-11-30T11:00:36+00:00","dateModified":"2025-12-11T22:18:07+00:00","breadcrumb":{"@id":"https:\/\/modoviajeok.com.ar\/index.php\/2025\/11\/30\/nerudova-la-calle-en-praga-que-nos-recuerda-a-pablo-neruda\/#breadcrumb"},"inLanguage":"es","potentialAction":[{"@type":"ReadAction","target":["https:\/\/modoviajeok.com.ar\/index.php\/2025\/11\/30\/nerudova-la-calle-en-praga-que-nos-recuerda-a-pablo-neruda\/"]}]},{"@type":"ImageObject","inLanguage":"es","@id":"https:\/\/modoviajeok.com.ar\/index.php\/2025\/11\/30\/nerudova-la-calle-en-praga-que-nos-recuerda-a-pablo-neruda\/#primaryimage","url":"https:\/\/modoviajeok.com.ar\/wp-content\/uploads\/2025\/11\/20250824_102205-2.jpg","contentUrl":"https:\/\/modoviajeok.com.ar\/wp-content\/uploads\/2025\/11\/20250824_102205-2.jpg","width":1787,"height":2292},{"@type":"BreadcrumbList","@id":"https:\/\/modoviajeok.com.ar\/index.php\/2025\/11\/30\/nerudova-la-calle-en-praga-que-nos-recuerda-a-pablo-neruda\/#breadcrumb","itemListElement":[{"@type":"ListItem","position":1,"name":"Portada","item":"https:\/\/modoviajeok.com.ar\/"},{"@type":"ListItem","position":2,"name":"Nerudova, la calle en Praga que nos recuerda a Pablo Neruda"}]},{"@type":"WebSite","@id":"https:\/\/modoviajeok.com.ar\/#website","url":"https:\/\/modoviajeok.com.ar\/","name":"ModoViajeOK","description":"","publisher":{"@id":"https:\/\/modoviajeok.com.ar\/#organization"},"potentialAction":[{"@type":"SearchAction","target":{"@type":"EntryPoint","urlTemplate":"https:\/\/modoviajeok.com.ar\/?s={search_term_string}"},"query-input":{"@type":"PropertyValueSpecification","valueRequired":true,"valueName":"search_term_string"}}],"inLanguage":"es"},{"@type":"Organization","@id":"https:\/\/modoviajeok.com.ar\/#organization","name":"ModoViajeOK","url":"https:\/\/modoviajeok.com.ar\/","logo":{"@type":"ImageObject","inLanguage":"es","@id":"https:\/\/modoviajeok.com.ar\/#\/schema\/logo\/image\/","url":"https:\/\/modoviajeok.com.ar\/wp-content\/uploads\/2025\/01\/Logo-modoviajeok.png","contentUrl":"https:\/\/modoviajeok.com.ar\/wp-content\/uploads\/2025\/01\/Logo-modoviajeok.png","width":2938,"height":2276,"caption":"ModoViajeOK"},"image":{"@id":"https:\/\/modoviajeok.com.ar\/#\/schema\/logo\/image\/"},"sameAs":["https:\/\/www.facebook.com\/mariana.otero1\/","https:\/\/www.instagram.com\/modoviaje.ok\/"]},{"@type":"Person","@id":"https:\/\/modoviajeok.com.ar\/#\/schema\/person\/2e299ed0d3d412a01d244fe28260d7f5","name":"Pepe Segura","image":{"@type":"ImageObject","inLanguage":"es","@id":"https:\/\/modoviajeok.com.ar\/#\/schema\/person\/image\/","url":"https:\/\/secure.gravatar.com\/avatar\/65eb4b34deed761327f5b2c5535b987318ae807900ac46426de7258f5de6d345?s=96&d=mm&r=g","contentUrl":"https:\/\/secure.gravatar.com\/avatar\/65eb4b34deed761327f5b2c5535b987318ae807900ac46426de7258f5de6d345?s=96&d=mm&r=g","caption":"Pepe Segura"},"url":"https:\/\/modoviajeok.com.ar\/index.php\/author\/pepe2025\/"}]}},"_links":{"self":[{"href":"https:\/\/modoviajeok.com.ar\/index.php\/wp-json\/wp\/v2\/posts\/6427","targetHints":{"allow":["GET"]}}],"collection":[{"href":"https:\/\/modoviajeok.com.ar\/index.php\/wp-json\/wp\/v2\/posts"}],"about":[{"href":"https:\/\/modoviajeok.com.ar\/index.php\/wp-json\/wp\/v2\/types\/post"}],"author":[{"embeddable":true,"href":"https:\/\/modoviajeok.com.ar\/index.php\/wp-json\/wp\/v2\/users\/3"}],"replies":[{"embeddable":true,"href":"https:\/\/modoviajeok.com.ar\/index.php\/wp-json\/wp\/v2\/comments?post=6427"}],"version-history":[{"count":2,"href":"https:\/\/modoviajeok.com.ar\/index.php\/wp-json\/wp\/v2\/posts\/6427\/revisions"}],"predecessor-version":[{"id":6447,"href":"https:\/\/modoviajeok.com.ar\/index.php\/wp-json\/wp\/v2\/posts\/6427\/revisions\/6447"}],"wp:featuredmedia":[{"embeddable":true,"href":"https:\/\/modoviajeok.com.ar\/index.php\/wp-json\/wp\/v2\/media\/6440"}],"wp:attachment":[{"href":"https:\/\/modoviajeok.com.ar\/index.php\/wp-json\/wp\/v2\/media?parent=6427"}],"wp:term":[{"taxonomy":"category","embeddable":true,"href":"https:\/\/modoviajeok.com.ar\/index.php\/wp-json\/wp\/v2\/categories?post=6427"},{"taxonomy":"post_tag","embeddable":true,"href":"https:\/\/modoviajeok.com.ar\/index.php\/wp-json\/wp\/v2\/tags?post=6427"}],"curies":[{"name":"wp","href":"https:\/\/api.w.org\/{rel}","templated":true}]}}