{"id":6455,"date":"2025-11-24T14:30:48","date_gmt":"2025-11-24T17:30:48","guid":{"rendered":"https:\/\/modoviajeok.com.ar\/?p=6455"},"modified":"2025-11-24T14:30:49","modified_gmt":"2025-11-24T17:30:49","slug":"por-el-finde-extra-largo-169-millones-de-viajeros-se-movilizaron-por-argentina","status":"publish","type":"post","link":"https:\/\/modoviajeok.com.ar\/index.php\/2025\/11\/24\/por-el-finde-extra-largo-169-millones-de-viajeros-se-movilizaron-por-argentina\/","title":{"rendered":"Por el finde extra largo, 1,69 millones de viajeros se movilizaron por Argentina"},"content":{"rendered":"\n<p><\/p>\n\n\n\n<figure class=\"wp-block-pullquote\"><blockquote><p>As\u00ed lo marca el relevamiento de la Confederaci\u00f3n Argentina de la Mediana Empresa (CAME). Se desplazaron 1.694.000 turistas, un 21% m\u00e1s que en el mismo feriado de 2024. El crecimiento se vio favorecido por la combinaci\u00f3n de un clima templado, una agenda nacional muy activa y el formato de cuatro d\u00edas, que ampli\u00f3 las posibilidades de viaje.<\/p><\/blockquote><\/figure>\n\n\n\n<p>El feriado de cuatro d\u00edas de noviembre permiti\u00f3 un aumento del 21% en el n\u00famero de turistas que viajaron, con un crecimiento real del 34% en el gasto total frente al mismo per\u00edodo del a\u00f1o pasado. El clima y la agenda de actividades y eventos fueron determinantes en los buenos resultados.<\/p>\n\n\n\n<p>De acuerdo con el&nbsp;relevamiento de la Confederaci\u00f3n Argentina de la Mediana Empresa (CAME), durante el fin de semana por el D\u00eda de la Soberan\u00eda Nacional se desplazaron 1.694.000 turistas por la Argentina, un 21% m\u00e1s que en el mismo feriado de 2024. El crecimiento se vio favorecido por la combinaci\u00f3n de un clima templado, una agenda nacional muy activa y el formato de cuatro d\u00edas, que ampli\u00f3 las posibilidades de viaje.<\/p>\n\n\n\n<p>La estad\u00eda promedio fue de 2,3 noches (un 15% superior a 2024). Este incremento se explica porque el a\u00f1o pasado el fin de semana tuvo s\u00f3lo tres d\u00edas.<\/p>\n\n\n\n<p>El gasto promedio diario por turista fue de $ 91.317, un 3,7% menor en t\u00e9rminos reales a 2024, reflejando un comportamiento m\u00e1s austero, pero sosteniendo el consumo b\u00e1sico en gastronom\u00eda, alojamiento y transporte.<\/p>\n\n\n\n<p>En total, los turistas desembolsaron $ 355.789 millones el fin de semana, lo que implica un aumento del 34% real frente a los $ 196.233 millones gastados en 2024.<\/p>\n\n\n\n<p>Los destinos con mayor movimiento fueron Mar del Plata, C\u00f3rdoba, Puerto Iguaz\u00fa, Mendoza y las ciudades termales de Entre R\u00edos, que alcanzaron ocupaciones muy altas. Tambi\u00e9n se destacaron Bariloche, Salta, Tucum\u00e1n y los corredores serranos bonaerenses como Tandil. En la Patagonia, sobresalieron El Calafate, El Chalt\u00e9n, Puerto Madryn y Los Antiguos.<\/p>\n\n\n\n<p><strong>Balance tur\u00edstico enero-noviembre de 2025<\/strong><strong><\/strong><\/p>\n\n\n\n<p>En lo que va del a\u00f1o se celebraron siete fines de semana largos, en los que viajaron 11.964.940 turistas por el pa\u00eds. Estas escapadas representaron un movimiento econ\u00f3mico estimado de $ 2.722.208 millones, lo que equivale a 1.944 millones de d\u00f3lares.<\/p>\n\n\n\n<p>El impacto de estos feriados fue significativo no s\u00f3lo por la cantidad de personas movilizadas, sino tambi\u00e9n por su efecto dinamizador sobre las econom\u00edas regionales, beneficiando a miles de pymes vinculadas con la actividad tur\u00edstica.<\/p>\n\n\n      <div class=\"wp_bannerize_container wp_bannerize_layout_vertical\">\n\n        <div class=\"wp_bannerize_banner_box wp_bannerize_category_intertexto-1\" data-title=\"Modo viaje\" data-mime_type=\"image-gif\" data-banner_id=\"1783\" id=\"wpbanner-1783\" data-impressions_enabled=\"true\" data-clicks_enabled=\"true\"><a href=\"https:\/\/www.instagram.com\/modoviaje.ok?igsh=Z3c5emxsZWFtdXN3\"><img decoding=\"async\" border=\"0\" src=\"https:\/\/modoviajeok.com.ar\/wp-content\/uploads\/2025\/02\/modoviaje.ok-300-x-250-px.gif\" alt=\"Modo viaje\" title=\"Modo viaje\" \/><\/a><\/div>      <\/div>\n\n\n\n\n\n<p><strong>N\u00fameros para tener en cuenta<\/strong><strong><\/strong><\/p>\n\n\n\n<ul class=\"wp-block-list\">\n<li><strong>El costo de una escapada<\/strong>.\u00a0Seg\u00fan un informe del Instituto de Econom\u00eda (INECO) de la UADE, una familia tipo necesita $ 1.156.988 para realizar una escapada, monto equivalente al 74% del salario medio. La proporci\u00f3n casi no vari\u00f3 respecto del a\u00f1o pasado, lo que indica que el poder adquisitivo tur\u00edstico se mantuvo estable. \u00a0<\/li>\n\n\n\n<li><strong>Clima a\u00e9reo<\/strong>.\u00a0Aerol\u00edneas Argentinas y Flybondi operaron con alt\u00edsimos niveles de ocupaci\u00f3n, llegando en algunos tramos al 97%, lo que marc\u00f3 uno de los fines de semana con m\u00e1s movimiento a\u00e9reo del a\u00f1o. En el caso de AR, proyect\u00f3 un movimiento r\u00e9cord para el fin de semana con 180 mil pasajeros transportados, un 2,4% m\u00e1s que el a\u00f1o pasado. Las rutas m\u00e1s demandadas fueron Bariloche, Ushuaia, El Calafate, Puerto Iguaz\u00fa, Mendoza, Salta, Neuqu\u00e9n, C\u00f3rdoba, Comodoro Rivadavia, Tucum\u00e1n, Trelew y Jujuy.<\/li>\n\n\n\n<li><strong>Black Friday<\/strong>.\u00a0El Black Friday de Paraguay coincidi\u00f3 con el feriado argentino y provoc\u00f3 un movimiento extraordinario en el cruce Posadas-Encarnaci\u00f3n. Desde la madrugada del jueves se registraron colas kilom\u00e9tricas de veh\u00edculos que superaron la avenida Cabred, andenes del tren colmados y un flujo superior a los 2.100 autos por hora que intentaban atravesar el Puente Internacional San Roque Gonz\u00e1lez de Santa Cruz. El intenso tr\u00e1nsito se mantuvo durante toda la jornada, impulsado por miles de argentinos que cruzaron para aprovechar uno de los eventos comerciales m\u00e1s convocantes de la regi\u00f3n.<\/li>\n\n\n\n<li><strong>Feriado carioca<\/strong>.\u00a0Por el feriado del D\u00eda de la Conciencia Negra en Brasil, celebrado el 20 de noviembre \u2013que coincidi\u00f3 con el fin de semana largo argentino\u2013 miles de visitantes del pa\u00eds vecino cruzaron a Misiones por los pasos fronterizos, impulsando la ocupaci\u00f3n en Puerto Iguaz\u00fa hasta niveles cercanos al 90%.<\/li>\n\n\n\n<li><strong>Plataformas digitales<\/strong>.\u00a0Plataformas como Booking, Airbnb y Alohar registraron un aumento del 35% en las b\u00fasquedas de escapadas cortas dentro de la Argentina en comparaci\u00f3n con otros fines de semana del a\u00f1o. La tendencia mostr\u00f3 un fuerte inter\u00e9s por viajes de \u00faltimo momento, especialmente hacia destinos cercanos y de naturaleza.<\/li>\n<\/ul>\n","protected":false},"excerpt":{"rendered":"<p>As\u00ed lo marca el relevamiento de la Confederaci\u00f3n Argentina de la Mediana Empresa (CAME). Se desplazaron 1.694.000 turistas, un 21% m\u00e1s que en el mismo feriado de 2024. El crecimiento se vio favorecido por la combinaci\u00f3n de un clima templado, una agenda nacional muy activa y el formato de cuatro d\u00edas, que ampli\u00f3 las posibilidades [&hellip;]<\/p>\n","protected":false},"author":3,"featured_media":6456,"comment_status":"open","ping_status":"open","sticky":false,"template":"","format":"standard","meta":{"_acf_changed":false,"footnotes":""},"categories":[13,10],"tags":[575,1391],"class_list":{"0":"post-6455","1":"post","2":"type-post","3":"status-publish","4":"format-standard","5":"has-post-thumbnail","7":"category-argentina","8":"category-noticias","9":"tag-camea","10":"tag-finde-largo"},"acf":[],"yoast_head":"<!-- This site is optimized with the Yoast SEO plugin v24.8.1 - https:\/\/yoast.com\/wordpress\/plugins\/seo\/ -->\n<title>Por el finde extra largo, 1,69 millones de viajeros se movilizaron por Argentina -<\/title>\n<meta name=\"robots\" content=\"index, follow, max-snippet:-1, max-image-preview:large, max-video-preview:-1\" \/>\n<link rel=\"canonical\" href=\"https:\/\/modoviajeok.com.ar\/index.php\/2025\/11\/24\/por-el-finde-extra-largo-169-millones-de-viajeros-se-movilizaron-por-argentina\/\" \/>\n<meta property=\"og:locale\" content=\"es_ES\" \/>\n<meta property=\"og:type\" content=\"article\" \/>\n<meta property=\"og:title\" content=\"Por el finde extra largo, 1,69 millones de viajeros se movilizaron por Argentina -\" \/>\n<meta property=\"og:description\" content=\"As\u00ed lo marca el relevamiento de la Confederaci\u00f3n Argentina de la Mediana Empresa (CAME). Se desplazaron 1.694.000 turistas, un 21% m\u00e1s que en el mismo feriado de 2024. El crecimiento se vio favorecido por la combinaci\u00f3n de un clima templado, una agenda nacional muy activa y el formato de cuatro d\u00edas, que ampli\u00f3 las posibilidades [&hellip;]\" \/>\n<meta property=\"og:url\" content=\"https:\/\/modoviajeok.com.ar\/index.php\/2025\/11\/24\/por-el-finde-extra-largo-169-millones-de-viajeros-se-movilizaron-por-argentina\/\" \/>\n<meta property=\"article:publisher\" content=\"https:\/\/www.facebook.com\/mariana.otero1\/\" \/>\n<meta property=\"article:published_time\" content=\"2025-11-24T17:30:48+00:00\" \/>\n<meta property=\"article:modified_time\" content=\"2025-11-24T17:30:49+00:00\" \/>\n<meta property=\"og:image\" content=\"https:\/\/modoviajeok.com.ar\/wp-content\/uploads\/2025\/11\/findesemanalargo-24.11.2025-scaled.jpeg\" \/>\n\t<meta property=\"og:image:width\" content=\"2560\" \/>\n\t<meta property=\"og:image:height\" content=\"1628\" \/>\n\t<meta property=\"og:image:type\" content=\"image\/jpeg\" \/>\n<meta name=\"author\" content=\"Pepe Segura\" \/>\n<meta name=\"twitter:card\" content=\"summary_large_image\" \/>\n<meta name=\"twitter:label1\" content=\"Escrito por\" \/>\n\t<meta name=\"twitter:data1\" content=\"Pepe Segura\" \/>\n\t<meta name=\"twitter:label2\" content=\"Tiempo de lectura\" \/>\n\t<meta name=\"twitter:data2\" content=\"4 minutos\" \/>\n<script type=\"application\/ld+json\" class=\"yoast-schema-graph\">{\"@context\":\"https:\/\/schema.org\",\"@graph\":[{\"@type\":\"Article\",\"@id\":\"https:\/\/modoviajeok.com.ar\/index.php\/2025\/11\/24\/por-el-finde-extra-largo-169-millones-de-viajeros-se-movilizaron-por-argentina\/#article\",\"isPartOf\":{\"@id\":\"https:\/\/modoviajeok.com.ar\/index.php\/2025\/11\/24\/por-el-finde-extra-largo-169-millones-de-viajeros-se-movilizaron-por-argentina\/\"},\"author\":{\"name\":\"Pepe Segura\",\"@id\":\"https:\/\/modoviajeok.com.ar\/#\/schema\/person\/2e299ed0d3d412a01d244fe28260d7f5\"},\"headline\":\"Por el finde extra largo, 1,69 millones de viajeros se movilizaron por Argentina\",\"datePublished\":\"2025-11-24T17:30:48+00:00\",\"dateModified\":\"2025-11-24T17:30:49+00:00\",\"mainEntityOfPage\":{\"@id\":\"https:\/\/modoviajeok.com.ar\/index.php\/2025\/11\/24\/por-el-finde-extra-largo-169-millones-de-viajeros-se-movilizaron-por-argentina\/\"},\"wordCount\":786,\"commentCount\":0,\"publisher\":{\"@id\":\"https:\/\/modoviajeok.com.ar\/#organization\"},\"image\":{\"@id\":\"https:\/\/modoviajeok.com.ar\/index.php\/2025\/11\/24\/por-el-finde-extra-largo-169-millones-de-viajeros-se-movilizaron-por-argentina\/#primaryimage\"},\"thumbnailUrl\":\"https:\/\/modoviajeok.com.ar\/wp-content\/uploads\/2025\/11\/findesemanalargo-24.11.2025-scaled.jpeg\",\"keywords\":[\"camea\",\"finde largo\"],\"articleSection\":[\"Argentina\",\"Noticias\"],\"inLanguage\":\"es\",\"potentialAction\":[{\"@type\":\"CommentAction\",\"name\":\"Comment\",\"target\":[\"https:\/\/modoviajeok.com.ar\/index.php\/2025\/11\/24\/por-el-finde-extra-largo-169-millones-de-viajeros-se-movilizaron-por-argentina\/#respond\"]}]},{\"@type\":\"WebPage\",\"@id\":\"https:\/\/modoviajeok.com.ar\/index.php\/2025\/11\/24\/por-el-finde-extra-largo-169-millones-de-viajeros-se-movilizaron-por-argentina\/\",\"url\":\"https:\/\/modoviajeok.com.ar\/index.php\/2025\/11\/24\/por-el-finde-extra-largo-169-millones-de-viajeros-se-movilizaron-por-argentina\/\",\"name\":\"Por el finde extra largo, 1,69 millones de viajeros se movilizaron por Argentina -\",\"isPartOf\":{\"@id\":\"https:\/\/modoviajeok.com.ar\/#website\"},\"primaryImageOfPage\":{\"@id\":\"https:\/\/modoviajeok.com.ar\/index.php\/2025\/11\/24\/por-el-finde-extra-largo-169-millones-de-viajeros-se-movilizaron-por-argentina\/#primaryimage\"},\"image\":{\"@id\":\"https:\/\/modoviajeok.com.ar\/index.php\/2025\/11\/24\/por-el-finde-extra-largo-169-millones-de-viajeros-se-movilizaron-por-argentina\/#primaryimage\"},\"thumbnailUrl\":\"https:\/\/modoviajeok.com.ar\/wp-content\/uploads\/2025\/11\/findesemanalargo-24.11.2025-scaled.jpeg\",\"datePublished\":\"2025-11-24T17:30:48+00:00\",\"dateModified\":\"2025-11-24T17:30:49+00:00\",\"breadcrumb\":{\"@id\":\"https:\/\/modoviajeok.com.ar\/index.php\/2025\/11\/24\/por-el-finde-extra-largo-169-millones-de-viajeros-se-movilizaron-por-argentina\/#breadcrumb\"},\"inLanguage\":\"es\",\"potentialAction\":[{\"@type\":\"ReadAction\",\"target\":[\"https:\/\/modoviajeok.com.ar\/index.php\/2025\/11\/24\/por-el-finde-extra-largo-169-millones-de-viajeros-se-movilizaron-por-argentina\/\"]}]},{\"@type\":\"ImageObject\",\"inLanguage\":\"es\",\"@id\":\"https:\/\/modoviajeok.com.ar\/index.php\/2025\/11\/24\/por-el-finde-extra-largo-169-millones-de-viajeros-se-movilizaron-por-argentina\/#primaryimage\",\"url\":\"https:\/\/modoviajeok.com.ar\/wp-content\/uploads\/2025\/11\/findesemanalargo-24.11.2025-scaled.jpeg\",\"contentUrl\":\"https:\/\/modoviajeok.com.ar\/wp-content\/uploads\/2025\/11\/findesemanalargo-24.11.2025-scaled.jpeg\",\"width\":2560,\"height\":1628},{\"@type\":\"BreadcrumbList\",\"@id\":\"https:\/\/modoviajeok.com.ar\/index.php\/2025\/11\/24\/por-el-finde-extra-largo-169-millones-de-viajeros-se-movilizaron-por-argentina\/#breadcrumb\",\"itemListElement\":[{\"@type\":\"ListItem\",\"position\":1,\"name\":\"Portada\",\"item\":\"https:\/\/modoviajeok.com.ar\/\"},{\"@type\":\"ListItem\",\"position\":2,\"name\":\"Por el finde extra largo, 1,69 millones de viajeros se movilizaron por Argentina\"}]},{\"@type\":\"WebSite\",\"@id\":\"https:\/\/modoviajeok.com.ar\/#website\",\"url\":\"https:\/\/modoviajeok.com.ar\/\",\"name\":\"ModoViajeOK\",\"description\":\"\",\"publisher\":{\"@id\":\"https:\/\/modoviajeok.com.ar\/#organization\"},\"potentialAction\":[{\"@type\":\"SearchAction\",\"target\":{\"@type\":\"EntryPoint\",\"urlTemplate\":\"https:\/\/modoviajeok.com.ar\/?s={search_term_string}\"},\"query-input\":{\"@type\":\"PropertyValueSpecification\",\"valueRequired\":true,\"valueName\":\"search_term_string\"}}],\"inLanguage\":\"es\"},{\"@type\":\"Organization\",\"@id\":\"https:\/\/modoviajeok.com.ar\/#organization\",\"name\":\"ModoViajeOK\",\"url\":\"https:\/\/modoviajeok.com.ar\/\",\"logo\":{\"@type\":\"ImageObject\",\"inLanguage\":\"es\",\"@id\":\"https:\/\/modoviajeok.com.ar\/#\/schema\/logo\/image\/\",\"url\":\"https:\/\/modoviajeok.com.ar\/wp-content\/uploads\/2025\/01\/Logo-modoviajeok.png\",\"contentUrl\":\"https:\/\/modoviajeok.com.ar\/wp-content\/uploads\/2025\/01\/Logo-modoviajeok.png\",\"width\":2938,\"height\":2276,\"caption\":\"ModoViajeOK\"},\"image\":{\"@id\":\"https:\/\/modoviajeok.com.ar\/#\/schema\/logo\/image\/\"},\"sameAs\":[\"https:\/\/www.facebook.com\/mariana.otero1\/\",\"https:\/\/www.instagram.com\/modoviaje.ok\/\"]},{\"@type\":\"Person\",\"@id\":\"https:\/\/modoviajeok.com.ar\/#\/schema\/person\/2e299ed0d3d412a01d244fe28260d7f5\",\"name\":\"Pepe Segura\",\"image\":{\"@type\":\"ImageObject\",\"inLanguage\":\"es\",\"@id\":\"https:\/\/modoviajeok.com.ar\/#\/schema\/person\/image\/\",\"url\":\"https:\/\/secure.gravatar.com\/avatar\/65eb4b34deed761327f5b2c5535b987318ae807900ac46426de7258f5de6d345?s=96&d=mm&r=g\",\"contentUrl\":\"https:\/\/secure.gravatar.com\/avatar\/65eb4b34deed761327f5b2c5535b987318ae807900ac46426de7258f5de6d345?s=96&d=mm&r=g\",\"caption\":\"Pepe Segura\"},\"url\":\"https:\/\/modoviajeok.com.ar\/index.php\/author\/pepe2025\/\"}]}<\/script>\n<!-- \/ Yoast SEO plugin. -->","yoast_head_json":{"title":"Por el finde extra largo, 1,69 millones de viajeros se movilizaron por Argentina -","robots":{"index":"index","follow":"follow","max-snippet":"max-snippet:-1","max-image-preview":"max-image-preview:large","max-video-preview":"max-video-preview:-1"},"canonical":"https:\/\/modoviajeok.com.ar\/index.php\/2025\/11\/24\/por-el-finde-extra-largo-169-millones-de-viajeros-se-movilizaron-por-argentina\/","og_locale":"es_ES","og_type":"article","og_title":"Por el finde extra largo, 1,69 millones de viajeros se movilizaron por Argentina -","og_description":"As\u00ed lo marca el relevamiento de la Confederaci\u00f3n Argentina de la Mediana Empresa (CAME). Se desplazaron 1.694.000 turistas, un 21% m\u00e1s que en el mismo feriado de 2024. El crecimiento se vio favorecido por la combinaci\u00f3n de un clima templado, una agenda nacional muy activa y el formato de cuatro d\u00edas, que ampli\u00f3 las posibilidades [&hellip;]","og_url":"https:\/\/modoviajeok.com.ar\/index.php\/2025\/11\/24\/por-el-finde-extra-largo-169-millones-de-viajeros-se-movilizaron-por-argentina\/","article_publisher":"https:\/\/www.facebook.com\/mariana.otero1\/","article_published_time":"2025-11-24T17:30:48+00:00","article_modified_time":"2025-11-24T17:30:49+00:00","og_image":[{"width":2560,"height":1628,"url":"https:\/\/modoviajeok.com.ar\/wp-content\/uploads\/2025\/11\/findesemanalargo-24.11.2025-scaled.jpeg","type":"image\/jpeg"}],"author":"Pepe Segura","twitter_card":"summary_large_image","twitter_misc":{"Escrito por":"Pepe Segura","Tiempo de lectura":"4 minutos"},"schema":{"@context":"https:\/\/schema.org","@graph":[{"@type":"Article","@id":"https:\/\/modoviajeok.com.ar\/index.php\/2025\/11\/24\/por-el-finde-extra-largo-169-millones-de-viajeros-se-movilizaron-por-argentina\/#article","isPartOf":{"@id":"https:\/\/modoviajeok.com.ar\/index.php\/2025\/11\/24\/por-el-finde-extra-largo-169-millones-de-viajeros-se-movilizaron-por-argentina\/"},"author":{"name":"Pepe Segura","@id":"https:\/\/modoviajeok.com.ar\/#\/schema\/person\/2e299ed0d3d412a01d244fe28260d7f5"},"headline":"Por el finde extra largo, 1,69 millones de viajeros se movilizaron por Argentina","datePublished":"2025-11-24T17:30:48+00:00","dateModified":"2025-11-24T17:30:49+00:00","mainEntityOfPage":{"@id":"https:\/\/modoviajeok.com.ar\/index.php\/2025\/11\/24\/por-el-finde-extra-largo-169-millones-de-viajeros-se-movilizaron-por-argentina\/"},"wordCount":786,"commentCount":0,"publisher":{"@id":"https:\/\/modoviajeok.com.ar\/#organization"},"image":{"@id":"https:\/\/modoviajeok.com.ar\/index.php\/2025\/11\/24\/por-el-finde-extra-largo-169-millones-de-viajeros-se-movilizaron-por-argentina\/#primaryimage"},"thumbnailUrl":"https:\/\/modoviajeok.com.ar\/wp-content\/uploads\/2025\/11\/findesemanalargo-24.11.2025-scaled.jpeg","keywords":["camea","finde largo"],"articleSection":["Argentina","Noticias"],"inLanguage":"es","potentialAction":[{"@type":"CommentAction","name":"Comment","target":["https:\/\/modoviajeok.com.ar\/index.php\/2025\/11\/24\/por-el-finde-extra-largo-169-millones-de-viajeros-se-movilizaron-por-argentina\/#respond"]}]},{"@type":"WebPage","@id":"https:\/\/modoviajeok.com.ar\/index.php\/2025\/11\/24\/por-el-finde-extra-largo-169-millones-de-viajeros-se-movilizaron-por-argentina\/","url":"https:\/\/modoviajeok.com.ar\/index.php\/2025\/11\/24\/por-el-finde-extra-largo-169-millones-de-viajeros-se-movilizaron-por-argentina\/","name":"Por el finde extra largo, 1,69 millones de viajeros se movilizaron por Argentina -","isPartOf":{"@id":"https:\/\/modoviajeok.com.ar\/#website"},"primaryImageOfPage":{"@id":"https:\/\/modoviajeok.com.ar\/index.php\/2025\/11\/24\/por-el-finde-extra-largo-169-millones-de-viajeros-se-movilizaron-por-argentina\/#primaryimage"},"image":{"@id":"https:\/\/modoviajeok.com.ar\/index.php\/2025\/11\/24\/por-el-finde-extra-largo-169-millones-de-viajeros-se-movilizaron-por-argentina\/#primaryimage"},"thumbnailUrl":"https:\/\/modoviajeok.com.ar\/wp-content\/uploads\/2025\/11\/findesemanalargo-24.11.2025-scaled.jpeg","datePublished":"2025-11-24T17:30:48+00:00","dateModified":"2025-11-24T17:30:49+00:00","breadcrumb":{"@id":"https:\/\/modoviajeok.com.ar\/index.php\/2025\/11\/24\/por-el-finde-extra-largo-169-millones-de-viajeros-se-movilizaron-por-argentina\/#breadcrumb"},"inLanguage":"es","potentialAction":[{"@type":"ReadAction","target":["https:\/\/modoviajeok.com.ar\/index.php\/2025\/11\/24\/por-el-finde-extra-largo-169-millones-de-viajeros-se-movilizaron-por-argentina\/"]}]},{"@type":"ImageObject","inLanguage":"es","@id":"https:\/\/modoviajeok.com.ar\/index.php\/2025\/11\/24\/por-el-finde-extra-largo-169-millones-de-viajeros-se-movilizaron-por-argentina\/#primaryimage","url":"https:\/\/modoviajeok.com.ar\/wp-content\/uploads\/2025\/11\/findesemanalargo-24.11.2025-scaled.jpeg","contentUrl":"https:\/\/modoviajeok.com.ar\/wp-content\/uploads\/2025\/11\/findesemanalargo-24.11.2025-scaled.jpeg","width":2560,"height":1628},{"@type":"BreadcrumbList","@id":"https:\/\/modoviajeok.com.ar\/index.php\/2025\/11\/24\/por-el-finde-extra-largo-169-millones-de-viajeros-se-movilizaron-por-argentina\/#breadcrumb","itemListElement":[{"@type":"ListItem","position":1,"name":"Portada","item":"https:\/\/modoviajeok.com.ar\/"},{"@type":"ListItem","position":2,"name":"Por el finde extra largo, 1,69 millones de viajeros se movilizaron por Argentina"}]},{"@type":"WebSite","@id":"https:\/\/modoviajeok.com.ar\/#website","url":"https:\/\/modoviajeok.com.ar\/","name":"ModoViajeOK","description":"","publisher":{"@id":"https:\/\/modoviajeok.com.ar\/#organization"},"potentialAction":[{"@type":"SearchAction","target":{"@type":"EntryPoint","urlTemplate":"https:\/\/modoviajeok.com.ar\/?s={search_term_string}"},"query-input":{"@type":"PropertyValueSpecification","valueRequired":true,"valueName":"search_term_string"}}],"inLanguage":"es"},{"@type":"Organization","@id":"https:\/\/modoviajeok.com.ar\/#organization","name":"ModoViajeOK","url":"https:\/\/modoviajeok.com.ar\/","logo":{"@type":"ImageObject","inLanguage":"es","@id":"https:\/\/modoviajeok.com.ar\/#\/schema\/logo\/image\/","url":"https:\/\/modoviajeok.com.ar\/wp-content\/uploads\/2025\/01\/Logo-modoviajeok.png","contentUrl":"https:\/\/modoviajeok.com.ar\/wp-content\/uploads\/2025\/01\/Logo-modoviajeok.png","width":2938,"height":2276,"caption":"ModoViajeOK"},"image":{"@id":"https:\/\/modoviajeok.com.ar\/#\/schema\/logo\/image\/"},"sameAs":["https:\/\/www.facebook.com\/mariana.otero1\/","https:\/\/www.instagram.com\/modoviaje.ok\/"]},{"@type":"Person","@id":"https:\/\/modoviajeok.com.ar\/#\/schema\/person\/2e299ed0d3d412a01d244fe28260d7f5","name":"Pepe Segura","image":{"@type":"ImageObject","inLanguage":"es","@id":"https:\/\/modoviajeok.com.ar\/#\/schema\/person\/image\/","url":"https:\/\/secure.gravatar.com\/avatar\/65eb4b34deed761327f5b2c5535b987318ae807900ac46426de7258f5de6d345?s=96&d=mm&r=g","contentUrl":"https:\/\/secure.gravatar.com\/avatar\/65eb4b34deed761327f5b2c5535b987318ae807900ac46426de7258f5de6d345?s=96&d=mm&r=g","caption":"Pepe Segura"},"url":"https:\/\/modoviajeok.com.ar\/index.php\/author\/pepe2025\/"}]}},"_links":{"self":[{"href":"https:\/\/modoviajeok.com.ar\/index.php\/wp-json\/wp\/v2\/posts\/6455","targetHints":{"allow":["GET"]}}],"collection":[{"href":"https:\/\/modoviajeok.com.ar\/index.php\/wp-json\/wp\/v2\/posts"}],"about":[{"href":"https:\/\/modoviajeok.com.ar\/index.php\/wp-json\/wp\/v2\/types\/post"}],"author":[{"embeddable":true,"href":"https:\/\/modoviajeok.com.ar\/index.php\/wp-json\/wp\/v2\/users\/3"}],"replies":[{"embeddable":true,"href":"https:\/\/modoviajeok.com.ar\/index.php\/wp-json\/wp\/v2\/comments?post=6455"}],"version-history":[{"count":1,"href":"https:\/\/modoviajeok.com.ar\/index.php\/wp-json\/wp\/v2\/posts\/6455\/revisions"}],"predecessor-version":[{"id":6457,"href":"https:\/\/modoviajeok.com.ar\/index.php\/wp-json\/wp\/v2\/posts\/6455\/revisions\/6457"}],"wp:featuredmedia":[{"embeddable":true,"href":"https:\/\/modoviajeok.com.ar\/index.php\/wp-json\/wp\/v2\/media\/6456"}],"wp:attachment":[{"href":"https:\/\/modoviajeok.com.ar\/index.php\/wp-json\/wp\/v2\/media?parent=6455"}],"wp:term":[{"taxonomy":"category","embeddable":true,"href":"https:\/\/modoviajeok.com.ar\/index.php\/wp-json\/wp\/v2\/categories?post=6455"},{"taxonomy":"post_tag","embeddable":true,"href":"https:\/\/modoviajeok.com.ar\/index.php\/wp-json\/wp\/v2\/tags?post=6455"}],"curies":[{"name":"wp","href":"https:\/\/api.w.org\/{rel}","templated":true}]}}