{"id":6485,"date":"2025-11-26T06:00:00","date_gmt":"2025-11-26T09:00:00","guid":{"rendered":"https:\/\/modoviajeok.com.ar\/?p=6485"},"modified":"2025-12-11T19:19:49","modified_gmt":"2025-12-11T22:19:49","slug":"los-premios-bitacora-cordoba-2025-ya-tienen-sus-duenos","status":"publish","type":"post","link":"https:\/\/modoviajeok.com.ar\/index.php\/2025\/11\/26\/los-premios-bitacora-cordoba-2025-ya-tienen-sus-duenos\/","title":{"rendered":"Los Premios Bit\u00e1cora C\u00f3rdoba 2025 ya tienen sus 57 due\u00f1os"},"content":{"rendered":"\n<figure class=\"wp-block-pullquote\"><blockquote><p>Las distinciones consagraron a los m\u00e1ximos exponentes del turismo en 19 ternas. Se tuvieron en cuenta la calidad, innovaci\u00f3n, compromiso y profesionalizaci\u00f3n de un sector clave para la econom\u00eda y la identidad provincial.<br><\/p><\/blockquote><\/figure>\n\n\n\n<figure class=\"wp-block-image size-full\"><img loading=\"lazy\" decoding=\"async\" width=\"2560\" height=\"1920\" src=\"https:\/\/modoviajeok.com.ar\/wp-content\/uploads\/2025\/11\/DSCN3305-scaled.jpg\" alt=\"\" class=\"wp-image-6487\" srcset=\"https:\/\/modoviajeok.com.ar\/wp-content\/uploads\/2025\/11\/DSCN3305-scaled.jpg 2560w, https:\/\/modoviajeok.com.ar\/wp-content\/uploads\/2025\/11\/DSCN3305-768x576.jpg 768w, https:\/\/modoviajeok.com.ar\/wp-content\/uploads\/2025\/11\/DSCN3305-1536x1152.jpg 1536w, https:\/\/modoviajeok.com.ar\/wp-content\/uploads\/2025\/11\/DSCN3305-2048x1536.jpg 2048w, https:\/\/modoviajeok.com.ar\/wp-content\/uploads\/2025\/11\/DSCN3305-560x420.jpg 560w, https:\/\/modoviajeok.com.ar\/wp-content\/uploads\/2025\/11\/DSCN3305-80x60.jpg 80w, https:\/\/modoviajeok.com.ar\/wp-content\/uploads\/2025\/11\/DSCN3305-150x113.jpg 150w, https:\/\/modoviajeok.com.ar\/wp-content\/uploads\/2025\/11\/DSCN3305-300x225.jpg 300w, https:\/\/modoviajeok.com.ar\/wp-content\/uploads\/2025\/11\/DSCN3305-696x522.jpg 696w, https:\/\/modoviajeok.com.ar\/wp-content\/uploads\/2025\/11\/DSCN3305-1068x801.jpg 1068w, https:\/\/modoviajeok.com.ar\/wp-content\/uploads\/2025\/11\/DSCN3305-1920x1440.jpg 1920w, https:\/\/modoviajeok.com.ar\/wp-content\/uploads\/2025\/11\/DSCN3305-265x198.jpg 265w\" sizes=\"auto, (max-width: 2560px) 100vw, 2560px\" \/><figcaption class=\"wp-element-caption\">Festival de Doma y Folklore de Jes\u00fas Mar\u00eda, un cl\u00e1sico del verano en Argentina.<\/figcaption><\/figure>\n\n\n\n<p>C\u00f3rdoba vivi\u00f3 una noche hist\u00f3rica para su industria tur\u00edstica con la realizaci\u00f3n de la primera edici\u00f3n de los Premios Bit\u00e1cora C\u00f3rdoba 2025, organizada por Mensajero Producciones y llevada a cabo este 25 de noviembre en el Centro de Convenciones C\u00f3rdoba. Con un marco colmado de referentes, empresarios, prestadores, instituciones y autoridades provinciales y municipales, la gala consagr\u00f3 a los m\u00e1ximos exponentes del turismo en 19 ternas, destacando la calidad, innovaci\u00f3n, compromiso y profesionalizaci\u00f3n de un sector clave para la econom\u00eda y la identidad provincial.<\/p>\n\n\n\n<p>Los premios -que por primera vez tuvieron una edici\u00f3n exclusiva en C\u00f3rdoba- reconocieron el trabajo de agencias de viajes, operadores receptivos, hoteleros, gastron\u00f3micos, transportistas, destinos, emprendimientos rurales, prestadores de aventura, proyectos tecnol\u00f3gicos, iniciativas sustentables y propuestas culturales y religiosas que consolidaron un a\u00f1o de fuerte crecimiento para el turismo provincial. Estuvieron presentes la vicegobernadora Myriam Prunotto, el presidente de la Agencia C\u00f3rdoba Turismo, Dar\u00edo Capitani, y el director de Mensajero Tur\u00edstico, Marcelo Frontales, junto a representantes del sector p\u00fablico y privado.<\/p>\n\n\n\n<p>Durante la gala, Dar\u00edo Capitani destac\u00f3 que&nbsp;\u201cla creaci\u00f3n de una distinci\u00f3n propia para C\u00f3rdoba es un orgullo porque permite reconocer y visibilizar el trabajo real que hacen cada d\u00eda el sector p\u00fablico y el sector privado. Esta primera edici\u00f3n en el interior del pa\u00eds demuestra la fuerza y el crecimiento de la industria tur\u00edstica cordobesa\u201d.<\/p>\n\n\n\n<p>A su turno, Marcelo Frontales subray\u00f3 que&nbsp;\u201cC\u00f3rdoba lo tiene todo: infraestructura, conectividad, gastronom\u00eda y un ecosistema tur\u00edstico que late todo el a\u00f1o; por eso elegimos hacer aqu\u00ed los Premios Bit\u00e1cora C\u00f3rdoba y ya pensamos en una segunda edici\u00f3n\u201d, agradeciendo especialmente \u201ca hoteleros, gastron\u00f3micos, transportistas, emprendedores y todos los que construyen turismo d\u00eda a d\u00eda\u201d.<\/p>\n\n\n\n<figure class=\"wp-block-image size-full\"><img loading=\"lazy\" decoding=\"async\" width=\"1024\" height=\"720\" src=\"https:\/\/modoviajeok.com.ar\/wp-content\/uploads\/2025\/11\/la-matilde-1-1024x720-1.jpeg\" alt=\"\" class=\"wp-image-6488\" srcset=\"https:\/\/modoviajeok.com.ar\/wp-content\/uploads\/2025\/11\/la-matilde-1-1024x720-1.jpeg 1024w, https:\/\/modoviajeok.com.ar\/wp-content\/uploads\/2025\/11\/la-matilde-1-1024x720-1-768x540.jpeg 768w, https:\/\/modoviajeok.com.ar\/wp-content\/uploads\/2025\/11\/la-matilde-1-1024x720-1-597x420.jpeg 597w, https:\/\/modoviajeok.com.ar\/wp-content\/uploads\/2025\/11\/la-matilde-1-1024x720-1-150x105.jpeg 150w, https:\/\/modoviajeok.com.ar\/wp-content\/uploads\/2025\/11\/la-matilde-1-1024x720-1-300x211.jpeg 300w, https:\/\/modoviajeok.com.ar\/wp-content\/uploads\/2025\/11\/la-matilde-1-1024x720-1-696x489.jpeg 696w, https:\/\/modoviajeok.com.ar\/wp-content\/uploads\/2025\/11\/la-matilde-1-1024x720-1-100x70.jpeg 100w\" sizes=\"auto, (max-width: 1024px) 100vw, 1024px\" \/><figcaption class=\"wp-element-caption\">Posada La Matilda, un lugar \u00fanico en el valle de Traslasierra.<\/figcaption><\/figure>\n\n\n\n<p><strong>Ganadores de los Premios Bit\u00e1cora C\u00f3rdoba 2025<\/strong><strong><\/strong><\/p>\n\n\n\n<ul class=\"wp-block-list\">\n<li>Mejor Agencia de Viajes Provincial: Oro Toselli Viajes, Plata Setil Viajes, Bronce Viajes TDH.<\/li>\n\n\n\n<li>Mejor Operador Receptivo: Oro Nativo Viajes, Plata Rutur Viajes, Bronce Stylo Viajes.<\/li>\n\n\n\n<li>Mejor Hoteler\u00eda Provincial: Oro Amerian Hoteles, Plata Holiday Inn, Bronce Howard Johnson Villa Carlos Paz.<\/li>\n\n\n\n<li>Mejor Transporte y Conectividad: Oro Fono Bus, Plata Transporte Sarmiento, Bronce Buses Lep.<\/li>\n\n\n\n<li>Mejor Evento o Fiesta Provincial: Oro Festival de Doma y Folklore, Plata Cosqu\u00edn Rock, Bronce Festival de Pe\u00f1as.<\/li>\n\n\n\n<li>Destino Mejor Promocionado: Oro Villa Carlos Paz, Plata Ciudad de C\u00f3rdoba, Bronce Villa General Belgrano.<\/li>\n\n\n\n<li>Mejor Innovaci\u00f3n en Turismo: Oro App Turismo C\u00f3rdoba, Plata Ciudad Gamer, Bronce Bus-Gamer.<\/li>\n\n\n\n<li>Mejor Festival Gastron\u00f3mico: Oro Peperina, Plata Fiesta del Man\u00ed, Bronce Asadoras de Marull.<\/li>\n\n\n\n<li>Mejor Asistencia al Viajero: Oro Assist Card, Plata Universal Assistance, Bronce CORIS.<\/li>\n\n\n\n<li>Mejor Parque Tem\u00e1tico: Oro Peko\u2019s Multiparque, Plata Quaras, Bronce La Serranita.<\/li>\n\n\n\n<li>Mejor Turismo Rural: Oro Posada La Matilde, Plata Estancia La Dorada, Bronce Nono Luigi.<\/li>\n\n\n\n<li>Mejor Experiencia de Aventura: Oro Alto Rumbo, Plata Hoy No Duermo en Casa, Bronce EcoChampaqu\u00ed.<\/li>\n\n\n\n<li>Mejor Bodega: Oro Ar\u00e1oz de Lamadrid, Plata Bodega Vista Grande, Bronce La Caroyense.<\/li>\n\n\n\n<li>Mejor Destino de Sierras: Oro Villa General Belgrano, Plata San Javier\u2013Yacanto, Bronce Miramar de Ansenuza.<\/li>\n\n\n\n<li>Mejor Propuesta Cultural: Oro Casa Museo Atahualpa Yupanqui, Plata Museo Rocsen, Bronce Manzana Jesu\u00edtica.<\/li>\n\n\n\n<li>Mejor Turismo Gastron\u00f3mico: Oro Camino del Olivo, Plata Somos UtUco, Bronce El Mejor Asado del Mundo.<\/li>\n\n\n\n<li>Mejor Turismo Estudiantil: Oro Mundo Cocoguana, Plata Parque Crazy Donkey, Bronce ADICPAZ.<\/li>\n\n\n\n<li>Mejor Desarrollo Sustentable: Oro Despe\u00f1aderos Florece, Plata Sembradores de Agua, Bronce Proyecto UMEPAY.<\/li>\n\n\n\n<li>Mejor Propuesta de Turismo Religioso: Oro Camino de Brochero, Plata Brochero Ni\u00f1o, Bronce Cripta Jesu\u00edtica.<\/li>\n<\/ul>\n\n\n\n<p>La primera edici\u00f3n de los Premios Bit\u00e1cora C\u00f3rdoba 2025 consolid\u00f3 un nuevo espacio para celebrar la excelencia tur\u00edstica provincial, evidenciando el talento, profesionalismo e innovaci\u00f3n que posicionan a C\u00f3rdoba como uno de los destinos m\u00e1s elegidos del pa\u00eds y proyectando un 2026 con m\u00e1s desaf\u00edos y oportunidades para todo el sector.<\/p>\n","protected":false},"excerpt":{"rendered":"<p>Las distinciones consagraron a los m\u00e1ximos exponentes del turismo en 19 ternas. Se tuvieron en cuenta la calidad, innovaci\u00f3n, compromiso y profesionalizaci\u00f3n de un sector clave para la econom\u00eda y la identidad provincial. C\u00f3rdoba vivi\u00f3 una noche hist\u00f3rica para su industria tur\u00edstica con la realizaci\u00f3n de la primera edici\u00f3n de los Premios Bit\u00e1cora C\u00f3rdoba 2025, [&hellip;]<\/p>\n","protected":false},"author":3,"featured_media":6489,"comment_status":"open","ping_status":"open","sticky":false,"template":"","format":"standard","meta":{"_acf_changed":false,"footnotes":""},"categories":[11,10],"tags":[666,1399,1398,1397,1400],"class_list":{"0":"post-6485","1":"post","2":"type-post","3":"status-publish","4":"format-standard","5":"has-post-thumbnail","7":"category-cordoba","8":"category-noticias","9":"tag-camino-de-brochero","10":"tag-festival-de-doma-y-folklore-de-jesus-maria","11":"tag-posada-la-matilda","12":"tag-premios-bitacora-cordoba","13":"tag-san-javier-yacanto"},"acf":[],"yoast_head":"<!-- This site is optimized with the Yoast SEO plugin v24.8.1 - https:\/\/yoast.com\/wordpress\/plugins\/seo\/ -->\n<title>Los Premios Bit\u00e1cora C\u00f3rdoba 2025 ya tienen sus 57 due\u00f1os -<\/title>\n<meta name=\"robots\" content=\"index, follow, max-snippet:-1, max-image-preview:large, max-video-preview:-1\" \/>\n<link rel=\"canonical\" href=\"https:\/\/modoviajeok.com.ar\/index.php\/2025\/11\/26\/los-premios-bitacora-cordoba-2025-ya-tienen-sus-duenos\/\" \/>\n<meta property=\"og:locale\" content=\"es_ES\" \/>\n<meta property=\"og:type\" content=\"article\" \/>\n<meta property=\"og:title\" content=\"Los Premios Bit\u00e1cora C\u00f3rdoba 2025 ya tienen sus 57 due\u00f1os -\" \/>\n<meta property=\"og:description\" content=\"Las distinciones consagraron a los m\u00e1ximos exponentes del turismo en 19 ternas. Se tuvieron en cuenta la calidad, innovaci\u00f3n, compromiso y profesionalizaci\u00f3n de un sector clave para la econom\u00eda y la identidad provincial. C\u00f3rdoba vivi\u00f3 una noche hist\u00f3rica para su industria tur\u00edstica con la realizaci\u00f3n de la primera edici\u00f3n de los Premios Bit\u00e1cora C\u00f3rdoba 2025, [&hellip;]\" \/>\n<meta property=\"og:url\" content=\"https:\/\/modoviajeok.com.ar\/index.php\/2025\/11\/26\/los-premios-bitacora-cordoba-2025-ya-tienen-sus-duenos\/\" \/>\n<meta property=\"article:publisher\" content=\"https:\/\/www.facebook.com\/mariana.otero1\/\" \/>\n<meta property=\"article:published_time\" content=\"2025-11-26T09:00:00+00:00\" \/>\n<meta property=\"article:modified_time\" content=\"2025-12-11T22:19:49+00:00\" \/>\n<meta property=\"og:image\" content=\"https:\/\/modoviajeok.com.ar\/wp-content\/uploads\/2025\/11\/WhatsApp-Image-2025-11-26-at-08.59.41.jpeg\" \/>\n\t<meta property=\"og:image:width\" content=\"1280\" \/>\n\t<meta property=\"og:image:height\" content=\"852\" \/>\n\t<meta property=\"og:image:type\" content=\"image\/jpeg\" \/>\n<meta name=\"author\" content=\"Pepe Segura\" \/>\n<meta name=\"twitter:card\" content=\"summary_large_image\" \/>\n<meta name=\"twitter:label1\" content=\"Escrito por\" \/>\n\t<meta name=\"twitter:data1\" content=\"Pepe Segura\" \/>\n\t<meta name=\"twitter:label2\" content=\"Tiempo de lectura\" \/>\n\t<meta name=\"twitter:data2\" content=\"4 minutos\" \/>\n<script type=\"application\/ld+json\" class=\"yoast-schema-graph\">{\"@context\":\"https:\/\/schema.org\",\"@graph\":[{\"@type\":\"Article\",\"@id\":\"https:\/\/modoviajeok.com.ar\/index.php\/2025\/11\/26\/los-premios-bitacora-cordoba-2025-ya-tienen-sus-duenos\/#article\",\"isPartOf\":{\"@id\":\"https:\/\/modoviajeok.com.ar\/index.php\/2025\/11\/26\/los-premios-bitacora-cordoba-2025-ya-tienen-sus-duenos\/\"},\"author\":{\"name\":\"Pepe Segura\",\"@id\":\"https:\/\/modoviajeok.com.ar\/#\/schema\/person\/2e299ed0d3d412a01d244fe28260d7f5\"},\"headline\":\"Los Premios Bit\u00e1cora C\u00f3rdoba 2025 ya tienen sus 57 due\u00f1os\",\"datePublished\":\"2025-11-26T09:00:00+00:00\",\"dateModified\":\"2025-12-11T22:19:49+00:00\",\"mainEntityOfPage\":{\"@id\":\"https:\/\/modoviajeok.com.ar\/index.php\/2025\/11\/26\/los-premios-bitacora-cordoba-2025-ya-tienen-sus-duenos\/\"},\"wordCount\":736,\"commentCount\":0,\"publisher\":{\"@id\":\"https:\/\/modoviajeok.com.ar\/#organization\"},\"image\":{\"@id\":\"https:\/\/modoviajeok.com.ar\/index.php\/2025\/11\/26\/los-premios-bitacora-cordoba-2025-ya-tienen-sus-duenos\/#primaryimage\"},\"thumbnailUrl\":\"https:\/\/modoviajeok.com.ar\/wp-content\/uploads\/2025\/11\/WhatsApp-Image-2025-11-26-at-08.59.41.jpeg\",\"keywords\":[\"camino de brochero\",\"festival de doma y folklore de jesus maria\",\"posada la matilda\",\"premios bitacora cordoba\",\"san javier yacanto\"],\"articleSection\":[\"C\u00f3rdoba\",\"Noticias\"],\"inLanguage\":\"es\",\"potentialAction\":[{\"@type\":\"CommentAction\",\"name\":\"Comment\",\"target\":[\"https:\/\/modoviajeok.com.ar\/index.php\/2025\/11\/26\/los-premios-bitacora-cordoba-2025-ya-tienen-sus-duenos\/#respond\"]}]},{\"@type\":\"WebPage\",\"@id\":\"https:\/\/modoviajeok.com.ar\/index.php\/2025\/11\/26\/los-premios-bitacora-cordoba-2025-ya-tienen-sus-duenos\/\",\"url\":\"https:\/\/modoviajeok.com.ar\/index.php\/2025\/11\/26\/los-premios-bitacora-cordoba-2025-ya-tienen-sus-duenos\/\",\"name\":\"Los Premios Bit\u00e1cora C\u00f3rdoba 2025 ya tienen sus 57 due\u00f1os -\",\"isPartOf\":{\"@id\":\"https:\/\/modoviajeok.com.ar\/#website\"},\"primaryImageOfPage\":{\"@id\":\"https:\/\/modoviajeok.com.ar\/index.php\/2025\/11\/26\/los-premios-bitacora-cordoba-2025-ya-tienen-sus-duenos\/#primaryimage\"},\"image\":{\"@id\":\"https:\/\/modoviajeok.com.ar\/index.php\/2025\/11\/26\/los-premios-bitacora-cordoba-2025-ya-tienen-sus-duenos\/#primaryimage\"},\"thumbnailUrl\":\"https:\/\/modoviajeok.com.ar\/wp-content\/uploads\/2025\/11\/WhatsApp-Image-2025-11-26-at-08.59.41.jpeg\",\"datePublished\":\"2025-11-26T09:00:00+00:00\",\"dateModified\":\"2025-12-11T22:19:49+00:00\",\"breadcrumb\":{\"@id\":\"https:\/\/modoviajeok.com.ar\/index.php\/2025\/11\/26\/los-premios-bitacora-cordoba-2025-ya-tienen-sus-duenos\/#breadcrumb\"},\"inLanguage\":\"es\",\"potentialAction\":[{\"@type\":\"ReadAction\",\"target\":[\"https:\/\/modoviajeok.com.ar\/index.php\/2025\/11\/26\/los-premios-bitacora-cordoba-2025-ya-tienen-sus-duenos\/\"]}]},{\"@type\":\"ImageObject\",\"inLanguage\":\"es\",\"@id\":\"https:\/\/modoviajeok.com.ar\/index.php\/2025\/11\/26\/los-premios-bitacora-cordoba-2025-ya-tienen-sus-duenos\/#primaryimage\",\"url\":\"https:\/\/modoviajeok.com.ar\/wp-content\/uploads\/2025\/11\/WhatsApp-Image-2025-11-26-at-08.59.41.jpeg\",\"contentUrl\":\"https:\/\/modoviajeok.com.ar\/wp-content\/uploads\/2025\/11\/WhatsApp-Image-2025-11-26-at-08.59.41.jpeg\",\"width\":1280,\"height\":852},{\"@type\":\"BreadcrumbList\",\"@id\":\"https:\/\/modoviajeok.com.ar\/index.php\/2025\/11\/26\/los-premios-bitacora-cordoba-2025-ya-tienen-sus-duenos\/#breadcrumb\",\"itemListElement\":[{\"@type\":\"ListItem\",\"position\":1,\"name\":\"Portada\",\"item\":\"https:\/\/modoviajeok.com.ar\/\"},{\"@type\":\"ListItem\",\"position\":2,\"name\":\"Los Premios Bit\u00e1cora C\u00f3rdoba 2025 ya tienen sus 57 due\u00f1os\"}]},{\"@type\":\"WebSite\",\"@id\":\"https:\/\/modoviajeok.com.ar\/#website\",\"url\":\"https:\/\/modoviajeok.com.ar\/\",\"name\":\"ModoViajeOK\",\"description\":\"\",\"publisher\":{\"@id\":\"https:\/\/modoviajeok.com.ar\/#organization\"},\"potentialAction\":[{\"@type\":\"SearchAction\",\"target\":{\"@type\":\"EntryPoint\",\"urlTemplate\":\"https:\/\/modoviajeok.com.ar\/?s={search_term_string}\"},\"query-input\":{\"@type\":\"PropertyValueSpecification\",\"valueRequired\":true,\"valueName\":\"search_term_string\"}}],\"inLanguage\":\"es\"},{\"@type\":\"Organization\",\"@id\":\"https:\/\/modoviajeok.com.ar\/#organization\",\"name\":\"ModoViajeOK\",\"url\":\"https:\/\/modoviajeok.com.ar\/\",\"logo\":{\"@type\":\"ImageObject\",\"inLanguage\":\"es\",\"@id\":\"https:\/\/modoviajeok.com.ar\/#\/schema\/logo\/image\/\",\"url\":\"https:\/\/modoviajeok.com.ar\/wp-content\/uploads\/2025\/01\/Logo-modoviajeok.png\",\"contentUrl\":\"https:\/\/modoviajeok.com.ar\/wp-content\/uploads\/2025\/01\/Logo-modoviajeok.png\",\"width\":2938,\"height\":2276,\"caption\":\"ModoViajeOK\"},\"image\":{\"@id\":\"https:\/\/modoviajeok.com.ar\/#\/schema\/logo\/image\/\"},\"sameAs\":[\"https:\/\/www.facebook.com\/mariana.otero1\/\",\"https:\/\/www.instagram.com\/modoviaje.ok\/\"]},{\"@type\":\"Person\",\"@id\":\"https:\/\/modoviajeok.com.ar\/#\/schema\/person\/2e299ed0d3d412a01d244fe28260d7f5\",\"name\":\"Pepe Segura\",\"image\":{\"@type\":\"ImageObject\",\"inLanguage\":\"es\",\"@id\":\"https:\/\/modoviajeok.com.ar\/#\/schema\/person\/image\/\",\"url\":\"https:\/\/secure.gravatar.com\/avatar\/65eb4b34deed761327f5b2c5535b987318ae807900ac46426de7258f5de6d345?s=96&d=mm&r=g\",\"contentUrl\":\"https:\/\/secure.gravatar.com\/avatar\/65eb4b34deed761327f5b2c5535b987318ae807900ac46426de7258f5de6d345?s=96&d=mm&r=g\",\"caption\":\"Pepe Segura\"},\"url\":\"https:\/\/modoviajeok.com.ar\/index.php\/author\/pepe2025\/\"}]}<\/script>\n<!-- \/ Yoast SEO plugin. -->","yoast_head_json":{"title":"Los Premios Bit\u00e1cora C\u00f3rdoba 2025 ya tienen sus 57 due\u00f1os -","robots":{"index":"index","follow":"follow","max-snippet":"max-snippet:-1","max-image-preview":"max-image-preview:large","max-video-preview":"max-video-preview:-1"},"canonical":"https:\/\/modoviajeok.com.ar\/index.php\/2025\/11\/26\/los-premios-bitacora-cordoba-2025-ya-tienen-sus-duenos\/","og_locale":"es_ES","og_type":"article","og_title":"Los Premios Bit\u00e1cora C\u00f3rdoba 2025 ya tienen sus 57 due\u00f1os -","og_description":"Las distinciones consagraron a los m\u00e1ximos exponentes del turismo en 19 ternas. Se tuvieron en cuenta la calidad, innovaci\u00f3n, compromiso y profesionalizaci\u00f3n de un sector clave para la econom\u00eda y la identidad provincial. C\u00f3rdoba vivi\u00f3 una noche hist\u00f3rica para su industria tur\u00edstica con la realizaci\u00f3n de la primera edici\u00f3n de los Premios Bit\u00e1cora C\u00f3rdoba 2025, [&hellip;]","og_url":"https:\/\/modoviajeok.com.ar\/index.php\/2025\/11\/26\/los-premios-bitacora-cordoba-2025-ya-tienen-sus-duenos\/","article_publisher":"https:\/\/www.facebook.com\/mariana.otero1\/","article_published_time":"2025-11-26T09:00:00+00:00","article_modified_time":"2025-12-11T22:19:49+00:00","og_image":[{"width":1280,"height":852,"url":"https:\/\/modoviajeok.com.ar\/wp-content\/uploads\/2025\/11\/WhatsApp-Image-2025-11-26-at-08.59.41.jpeg","type":"image\/jpeg"}],"author":"Pepe Segura","twitter_card":"summary_large_image","twitter_misc":{"Escrito por":"Pepe Segura","Tiempo de lectura":"4 minutos"},"schema":{"@context":"https:\/\/schema.org","@graph":[{"@type":"Article","@id":"https:\/\/modoviajeok.com.ar\/index.php\/2025\/11\/26\/los-premios-bitacora-cordoba-2025-ya-tienen-sus-duenos\/#article","isPartOf":{"@id":"https:\/\/modoviajeok.com.ar\/index.php\/2025\/11\/26\/los-premios-bitacora-cordoba-2025-ya-tienen-sus-duenos\/"},"author":{"name":"Pepe Segura","@id":"https:\/\/modoviajeok.com.ar\/#\/schema\/person\/2e299ed0d3d412a01d244fe28260d7f5"},"headline":"Los Premios Bit\u00e1cora C\u00f3rdoba 2025 ya tienen sus 57 due\u00f1os","datePublished":"2025-11-26T09:00:00+00:00","dateModified":"2025-12-11T22:19:49+00:00","mainEntityOfPage":{"@id":"https:\/\/modoviajeok.com.ar\/index.php\/2025\/11\/26\/los-premios-bitacora-cordoba-2025-ya-tienen-sus-duenos\/"},"wordCount":736,"commentCount":0,"publisher":{"@id":"https:\/\/modoviajeok.com.ar\/#organization"},"image":{"@id":"https:\/\/modoviajeok.com.ar\/index.php\/2025\/11\/26\/los-premios-bitacora-cordoba-2025-ya-tienen-sus-duenos\/#primaryimage"},"thumbnailUrl":"https:\/\/modoviajeok.com.ar\/wp-content\/uploads\/2025\/11\/WhatsApp-Image-2025-11-26-at-08.59.41.jpeg","keywords":["camino de brochero","festival de doma y folklore de jesus maria","posada la matilda","premios bitacora cordoba","san javier yacanto"],"articleSection":["C\u00f3rdoba","Noticias"],"inLanguage":"es","potentialAction":[{"@type":"CommentAction","name":"Comment","target":["https:\/\/modoviajeok.com.ar\/index.php\/2025\/11\/26\/los-premios-bitacora-cordoba-2025-ya-tienen-sus-duenos\/#respond"]}]},{"@type":"WebPage","@id":"https:\/\/modoviajeok.com.ar\/index.php\/2025\/11\/26\/los-premios-bitacora-cordoba-2025-ya-tienen-sus-duenos\/","url":"https:\/\/modoviajeok.com.ar\/index.php\/2025\/11\/26\/los-premios-bitacora-cordoba-2025-ya-tienen-sus-duenos\/","name":"Los Premios Bit\u00e1cora C\u00f3rdoba 2025 ya tienen sus 57 due\u00f1os -","isPartOf":{"@id":"https:\/\/modoviajeok.com.ar\/#website"},"primaryImageOfPage":{"@id":"https:\/\/modoviajeok.com.ar\/index.php\/2025\/11\/26\/los-premios-bitacora-cordoba-2025-ya-tienen-sus-duenos\/#primaryimage"},"image":{"@id":"https:\/\/modoviajeok.com.ar\/index.php\/2025\/11\/26\/los-premios-bitacora-cordoba-2025-ya-tienen-sus-duenos\/#primaryimage"},"thumbnailUrl":"https:\/\/modoviajeok.com.ar\/wp-content\/uploads\/2025\/11\/WhatsApp-Image-2025-11-26-at-08.59.41.jpeg","datePublished":"2025-11-26T09:00:00+00:00","dateModified":"2025-12-11T22:19:49+00:00","breadcrumb":{"@id":"https:\/\/modoviajeok.com.ar\/index.php\/2025\/11\/26\/los-premios-bitacora-cordoba-2025-ya-tienen-sus-duenos\/#breadcrumb"},"inLanguage":"es","potentialAction":[{"@type":"ReadAction","target":["https:\/\/modoviajeok.com.ar\/index.php\/2025\/11\/26\/los-premios-bitacora-cordoba-2025-ya-tienen-sus-duenos\/"]}]},{"@type":"ImageObject","inLanguage":"es","@id":"https:\/\/modoviajeok.com.ar\/index.php\/2025\/11\/26\/los-premios-bitacora-cordoba-2025-ya-tienen-sus-duenos\/#primaryimage","url":"https:\/\/modoviajeok.com.ar\/wp-content\/uploads\/2025\/11\/WhatsApp-Image-2025-11-26-at-08.59.41.jpeg","contentUrl":"https:\/\/modoviajeok.com.ar\/wp-content\/uploads\/2025\/11\/WhatsApp-Image-2025-11-26-at-08.59.41.jpeg","width":1280,"height":852},{"@type":"BreadcrumbList","@id":"https:\/\/modoviajeok.com.ar\/index.php\/2025\/11\/26\/los-premios-bitacora-cordoba-2025-ya-tienen-sus-duenos\/#breadcrumb","itemListElement":[{"@type":"ListItem","position":1,"name":"Portada","item":"https:\/\/modoviajeok.com.ar\/"},{"@type":"ListItem","position":2,"name":"Los Premios Bit\u00e1cora C\u00f3rdoba 2025 ya tienen sus 57 due\u00f1os"}]},{"@type":"WebSite","@id":"https:\/\/modoviajeok.com.ar\/#website","url":"https:\/\/modoviajeok.com.ar\/","name":"ModoViajeOK","description":"","publisher":{"@id":"https:\/\/modoviajeok.com.ar\/#organization"},"potentialAction":[{"@type":"SearchAction","target":{"@type":"EntryPoint","urlTemplate":"https:\/\/modoviajeok.com.ar\/?s={search_term_string}"},"query-input":{"@type":"PropertyValueSpecification","valueRequired":true,"valueName":"search_term_string"}}],"inLanguage":"es"},{"@type":"Organization","@id":"https:\/\/modoviajeok.com.ar\/#organization","name":"ModoViajeOK","url":"https:\/\/modoviajeok.com.ar\/","logo":{"@type":"ImageObject","inLanguage":"es","@id":"https:\/\/modoviajeok.com.ar\/#\/schema\/logo\/image\/","url":"https:\/\/modoviajeok.com.ar\/wp-content\/uploads\/2025\/01\/Logo-modoviajeok.png","contentUrl":"https:\/\/modoviajeok.com.ar\/wp-content\/uploads\/2025\/01\/Logo-modoviajeok.png","width":2938,"height":2276,"caption":"ModoViajeOK"},"image":{"@id":"https:\/\/modoviajeok.com.ar\/#\/schema\/logo\/image\/"},"sameAs":["https:\/\/www.facebook.com\/mariana.otero1\/","https:\/\/www.instagram.com\/modoviaje.ok\/"]},{"@type":"Person","@id":"https:\/\/modoviajeok.com.ar\/#\/schema\/person\/2e299ed0d3d412a01d244fe28260d7f5","name":"Pepe Segura","image":{"@type":"ImageObject","inLanguage":"es","@id":"https:\/\/modoviajeok.com.ar\/#\/schema\/person\/image\/","url":"https:\/\/secure.gravatar.com\/avatar\/65eb4b34deed761327f5b2c5535b987318ae807900ac46426de7258f5de6d345?s=96&d=mm&r=g","contentUrl":"https:\/\/secure.gravatar.com\/avatar\/65eb4b34deed761327f5b2c5535b987318ae807900ac46426de7258f5de6d345?s=96&d=mm&r=g","caption":"Pepe Segura"},"url":"https:\/\/modoviajeok.com.ar\/index.php\/author\/pepe2025\/"}]}},"_links":{"self":[{"href":"https:\/\/modoviajeok.com.ar\/index.php\/wp-json\/wp\/v2\/posts\/6485","targetHints":{"allow":["GET"]}}],"collection":[{"href":"https:\/\/modoviajeok.com.ar\/index.php\/wp-json\/wp\/v2\/posts"}],"about":[{"href":"https:\/\/modoviajeok.com.ar\/index.php\/wp-json\/wp\/v2\/types\/post"}],"author":[{"embeddable":true,"href":"https:\/\/modoviajeok.com.ar\/index.php\/wp-json\/wp\/v2\/users\/3"}],"replies":[{"embeddable":true,"href":"https:\/\/modoviajeok.com.ar\/index.php\/wp-json\/wp\/v2\/comments?post=6485"}],"version-history":[{"count":4,"href":"https:\/\/modoviajeok.com.ar\/index.php\/wp-json\/wp\/v2\/posts\/6485\/revisions"}],"predecessor-version":[{"id":6492,"href":"https:\/\/modoviajeok.com.ar\/index.php\/wp-json\/wp\/v2\/posts\/6485\/revisions\/6492"}],"wp:featuredmedia":[{"embeddable":true,"href":"https:\/\/modoviajeok.com.ar\/index.php\/wp-json\/wp\/v2\/media\/6489"}],"wp:attachment":[{"href":"https:\/\/modoviajeok.com.ar\/index.php\/wp-json\/wp\/v2\/media?parent=6485"}],"wp:term":[{"taxonomy":"category","embeddable":true,"href":"https:\/\/modoviajeok.com.ar\/index.php\/wp-json\/wp\/v2\/categories?post=6485"},{"taxonomy":"post_tag","embeddable":true,"href":"https:\/\/modoviajeok.com.ar\/index.php\/wp-json\/wp\/v2\/tags?post=6485"}],"curies":[{"name":"wp","href":"https:\/\/api.w.org\/{rel}","templated":true}]}}