{"id":649,"date":"2025-01-20T20:13:45","date_gmt":"2025-01-20T23:13:45","guid":{"rendered":"https:\/\/modoviajeok.com.ar\/?p=649"},"modified":"2025-02-24T15:22:52","modified_gmt":"2025-02-24T18:22:52","slug":"rocinha-la-favela-mas-grande-de-america","status":"publish","type":"post","link":"https:\/\/modoviajeok.com.ar\/index.php\/2025\/01\/20\/rocinha-la-favela-mas-grande-de-america\/","title":{"rendered":"Rocinha, la favela m\u00e1s grande de Am\u00e9rica"},"content":{"rendered":"\n<h1 class=\"wp-block-heading\">Un tour a pie, para conocer la otra cara de R\u00edo de Janeiro.<\/h1>\n\n\n\n<p><\/p>\n\n\n\n<p>\u00abBienvenidos a la Rocinha. Bienvenidos a mi casa\u201d. Con esta frase, Carlos nos invita a visitar la favela m\u00e1s grande de Latinoam\u00e9rica, donde habitan unas 100 mil personas (aunque podr\u00edan ser 70 mil o 160 mil, el equivalente a la poblaci\u00f3n de Copacabana). La gigantesca comunidad, rodeada de dos de los vecindarios m\u00e1s lujosos de R\u00edo de Janeiro (Gavea y S\u00e3o Conrado), es un \u00edcono mundial de las sociedades desiguales del continente.<\/p>\n\n\n\n<p>Carlos (54) vive desde siempre en la Rocinha y es gu\u00eda tur\u00edstico desde hace 26 a\u00f1os. Habla cinco idiomas que \u2013cuenta\u2013 aprendi\u00f3 solo, sin recursos ni posibilidades de acceso a una universidad.<\/p>\n\n\n\n<figure class=\"wp-block-image size-full\"><img loading=\"lazy\" decoding=\"async\" width=\"2560\" height=\"1920\" src=\"https:\/\/modoviajeok.com.ar\/wp-content\/uploads\/2025\/01\/IMG_20190125_162328263-scaled.jpg\" alt=\"\" class=\"wp-image-660\" srcset=\"https:\/\/modoviajeok.com.ar\/wp-content\/uploads\/2025\/01\/IMG_20190125_162328263-scaled.jpg 2560w, https:\/\/modoviajeok.com.ar\/wp-content\/uploads\/2025\/01\/IMG_20190125_162328263-768x576.jpg 768w, https:\/\/modoviajeok.com.ar\/wp-content\/uploads\/2025\/01\/IMG_20190125_162328263-1536x1152.jpg 1536w, https:\/\/modoviajeok.com.ar\/wp-content\/uploads\/2025\/01\/IMG_20190125_162328263-2048x1536.jpg 2048w, https:\/\/modoviajeok.com.ar\/wp-content\/uploads\/2025\/01\/IMG_20190125_162328263-560x420.jpg 560w, https:\/\/modoviajeok.com.ar\/wp-content\/uploads\/2025\/01\/IMG_20190125_162328263-80x60.jpg 80w, https:\/\/modoviajeok.com.ar\/wp-content\/uploads\/2025\/01\/IMG_20190125_162328263-150x113.jpg 150w, https:\/\/modoviajeok.com.ar\/wp-content\/uploads\/2025\/01\/IMG_20190125_162328263-300x225.jpg 300w, https:\/\/modoviajeok.com.ar\/wp-content\/uploads\/2025\/01\/IMG_20190125_162328263-696x522.jpg 696w, https:\/\/modoviajeok.com.ar\/wp-content\/uploads\/2025\/01\/IMG_20190125_162328263-1068x801.jpg 1068w, https:\/\/modoviajeok.com.ar\/wp-content\/uploads\/2025\/01\/IMG_20190125_162328263-1920x1440.jpg 1920w, https:\/\/modoviajeok.com.ar\/wp-content\/uploads\/2025\/01\/IMG_20190125_162328263-265x198.jpg 265w\" sizes=\"auto, (max-width: 2560px) 100vw, 2560px\" \/><\/figure>\n\n\n\n<p>El gu\u00eda se alegra de que una familia argentina realice el tour a pie por la favela, que intenta mostrar la vida real de los marginados y echar por tierra los prejuicios y la estigmatizaci\u00f3n de la pobreza.<\/p>\n\n\n\n<figure class=\"wp-block-image size-full\"><img loading=\"lazy\" decoding=\"async\" width=\"2560\" height=\"1920\" src=\"https:\/\/modoviajeok.com.ar\/wp-content\/uploads\/2025\/01\/IMG_20190125_152020418_HDR-scaled.jpg\" alt=\"\" class=\"wp-image-650\" srcset=\"https:\/\/modoviajeok.com.ar\/wp-content\/uploads\/2025\/01\/IMG_20190125_152020418_HDR-scaled.jpg 2560w, https:\/\/modoviajeok.com.ar\/wp-content\/uploads\/2025\/01\/IMG_20190125_152020418_HDR-768x576.jpg 768w, https:\/\/modoviajeok.com.ar\/wp-content\/uploads\/2025\/01\/IMG_20190125_152020418_HDR-1536x1152.jpg 1536w, https:\/\/modoviajeok.com.ar\/wp-content\/uploads\/2025\/01\/IMG_20190125_152020418_HDR-2048x1536.jpg 2048w, https:\/\/modoviajeok.com.ar\/wp-content\/uploads\/2025\/01\/IMG_20190125_152020418_HDR-560x420.jpg 560w, https:\/\/modoviajeok.com.ar\/wp-content\/uploads\/2025\/01\/IMG_20190125_152020418_HDR-80x60.jpg 80w, https:\/\/modoviajeok.com.ar\/wp-content\/uploads\/2025\/01\/IMG_20190125_152020418_HDR-150x113.jpg 150w, https:\/\/modoviajeok.com.ar\/wp-content\/uploads\/2025\/01\/IMG_20190125_152020418_HDR-300x225.jpg 300w, https:\/\/modoviajeok.com.ar\/wp-content\/uploads\/2025\/01\/IMG_20190125_152020418_HDR-696x522.jpg 696w, https:\/\/modoviajeok.com.ar\/wp-content\/uploads\/2025\/01\/IMG_20190125_152020418_HDR-1068x801.jpg 1068w, https:\/\/modoviajeok.com.ar\/wp-content\/uploads\/2025\/01\/IMG_20190125_152020418_HDR-1920x1440.jpg 1920w, https:\/\/modoviajeok.com.ar\/wp-content\/uploads\/2025\/01\/IMG_20190125_152020418_HDR-265x198.jpg 265w\" sizes=\"auto, (max-width: 2560px) 100vw, 2560px\" \/><\/figure>\n\n\n\n<p>\u201cAlgunos realizan la excursi\u00f3n en auto, sin poner un pie en el terreno. Esto es otra cosa\u201d, asegura Carlos. Se refiere a que no haremos \u201cturismo de la&nbsp; miseria\u201d, como aquellos que recorren el inmenso territorio empobrecido en un jeep con vidrios blindados, como si fuera un safari humano.<\/p>\n\n\n\n<p>Carlos nos muestra un mapa donde se alcanza a ver la gigantesca dimensi\u00f3n de Rocinha (143 hect\u00e1reas), que goza de una de las mejores vistas de la ciudad. \u201cEsto tambi\u00e9n es R\u00edo\u201d, apunta. Y advierte: \u201cVan a conocer dos pa\u00edses en un solo viaje\u201d.<\/p>\n\n\n\n<p>Seg\u00fan explica, lo primero que hay que saber es que, desde hace una d\u00e9cada, las favelas comenzaron a convertirse en \u201ccomunidades\u201d y a usar ese t\u00e9rmino para desterrar aquel que las identifica como un espacio marginal y violento.<\/p>\n\n\n\n<figure class=\"wp-block-image size-full\"><img loading=\"lazy\" decoding=\"async\" width=\"2560\" height=\"1920\" src=\"https:\/\/modoviajeok.com.ar\/wp-content\/uploads\/2025\/01\/IMG_20190123_120600101-1-scaled.jpg\" alt=\"\" class=\"wp-image-651\" srcset=\"https:\/\/modoviajeok.com.ar\/wp-content\/uploads\/2025\/01\/IMG_20190123_120600101-1-scaled.jpg 2560w, https:\/\/modoviajeok.com.ar\/wp-content\/uploads\/2025\/01\/IMG_20190123_120600101-1-768x576.jpg 768w, https:\/\/modoviajeok.com.ar\/wp-content\/uploads\/2025\/01\/IMG_20190123_120600101-1-1536x1152.jpg 1536w, https:\/\/modoviajeok.com.ar\/wp-content\/uploads\/2025\/01\/IMG_20190123_120600101-1-2048x1536.jpg 2048w, https:\/\/modoviajeok.com.ar\/wp-content\/uploads\/2025\/01\/IMG_20190123_120600101-1-560x420.jpg 560w, https:\/\/modoviajeok.com.ar\/wp-content\/uploads\/2025\/01\/IMG_20190123_120600101-1-80x60.jpg 80w, https:\/\/modoviajeok.com.ar\/wp-content\/uploads\/2025\/01\/IMG_20190123_120600101-1-150x113.jpg 150w, https:\/\/modoviajeok.com.ar\/wp-content\/uploads\/2025\/01\/IMG_20190123_120600101-1-300x225.jpg 300w, https:\/\/modoviajeok.com.ar\/wp-content\/uploads\/2025\/01\/IMG_20190123_120600101-1-696x522.jpg 696w, https:\/\/modoviajeok.com.ar\/wp-content\/uploads\/2025\/01\/IMG_20190123_120600101-1-1068x801.jpg 1068w, https:\/\/modoviajeok.com.ar\/wp-content\/uploads\/2025\/01\/IMG_20190123_120600101-1-1920x1440.jpg 1920w, https:\/\/modoviajeok.com.ar\/wp-content\/uploads\/2025\/01\/IMG_20190123_120600101-1-265x198.jpg 265w\" sizes=\"auto, (max-width: 2560px) 100vw, 2560px\" \/><\/figure>\n\n\n\n<p><strong>A\u00f1os de olvido<\/strong><\/p>\n\n\n\n<p>En 2008, pocos a\u00f1os antes de los eventos deportivos internacionales que pondr\u00edan a R\u00edo en las pantallas del mundo, el Gobierno brasile\u00f1o inici\u00f3 un \u201cproceso de pacificaci\u00f3n\u201d, que, entre otras cosas, implic\u00f3 la militarizaci\u00f3n de un territorio acosado por la violencia y el narcotr\u00e1fico. Fue un intento del Estado por reconquistar ese espacio olvidado por d\u00e9cadas y que, en sus fundamentos te\u00f3ricos, pretend\u00eda reforzar la seguridad p\u00fablica de la mano de un cambio social y cultural.<\/p>\n\n\n\n<p>Sin embargo, Carlos cree que aquello fue pura demagogia. \u201cPintaron las casas de colores y construyeron un arco de ingreso que cost\u00f3 millones de reales, pero a la gente no le mejoraron en nada la vida\u201d, opina.<\/p>\n\n\n\n<figure class=\"wp-block-image size-full\"><img loading=\"lazy\" decoding=\"async\" width=\"2560\" height=\"1920\" src=\"https:\/\/modoviajeok.com.ar\/wp-content\/uploads\/2025\/01\/IMG_20190125_152413671-scaled.jpg\" alt=\"\" class=\"wp-image-662\" srcset=\"https:\/\/modoviajeok.com.ar\/wp-content\/uploads\/2025\/01\/IMG_20190125_152413671-scaled.jpg 2560w, https:\/\/modoviajeok.com.ar\/wp-content\/uploads\/2025\/01\/IMG_20190125_152413671-768x576.jpg 768w, https:\/\/modoviajeok.com.ar\/wp-content\/uploads\/2025\/01\/IMG_20190125_152413671-1536x1152.jpg 1536w, https:\/\/modoviajeok.com.ar\/wp-content\/uploads\/2025\/01\/IMG_20190125_152413671-2048x1536.jpg 2048w, https:\/\/modoviajeok.com.ar\/wp-content\/uploads\/2025\/01\/IMG_20190125_152413671-560x420.jpg 560w, https:\/\/modoviajeok.com.ar\/wp-content\/uploads\/2025\/01\/IMG_20190125_152413671-80x60.jpg 80w, https:\/\/modoviajeok.com.ar\/wp-content\/uploads\/2025\/01\/IMG_20190125_152413671-150x113.jpg 150w, https:\/\/modoviajeok.com.ar\/wp-content\/uploads\/2025\/01\/IMG_20190125_152413671-300x225.jpg 300w, https:\/\/modoviajeok.com.ar\/wp-content\/uploads\/2025\/01\/IMG_20190125_152413671-696x522.jpg 696w, https:\/\/modoviajeok.com.ar\/wp-content\/uploads\/2025\/01\/IMG_20190125_152413671-1068x801.jpg 1068w, https:\/\/modoviajeok.com.ar\/wp-content\/uploads\/2025\/01\/IMG_20190125_152413671-1920x1440.jpg 1920w, https:\/\/modoviajeok.com.ar\/wp-content\/uploads\/2025\/01\/IMG_20190125_152413671-265x198.jpg 265w\" sizes=\"auto, (max-width: 2560px) 100vw, 2560px\" \/><\/figure>\n\n\n\n<p>Hoy los habitantes de Rocinha tienen agua y luz, mara\u00f1as de cables de alta tensi\u00f3n y aguas servidas. Cuatro bancos, m\u00e1s de 30 mil negocios, una escuela, una iglesia, un predio deportivo y miles de casas que cuelgan en el morro empinado y que se hunden en laberintos donde casi no entra el sol.<\/p>\n\n\n\n<figure class=\"wp-block-image size-full\"><img loading=\"lazy\" decoding=\"async\" width=\"2560\" height=\"1920\" src=\"https:\/\/modoviajeok.com.ar\/wp-content\/uploads\/2025\/01\/IMG_20190125_145214351-scaled.jpg\" alt=\"\" class=\"wp-image-652\" srcset=\"https:\/\/modoviajeok.com.ar\/wp-content\/uploads\/2025\/01\/IMG_20190125_145214351-scaled.jpg 2560w, https:\/\/modoviajeok.com.ar\/wp-content\/uploads\/2025\/01\/IMG_20190125_145214351-768x576.jpg 768w, https:\/\/modoviajeok.com.ar\/wp-content\/uploads\/2025\/01\/IMG_20190125_145214351-1536x1152.jpg 1536w, https:\/\/modoviajeok.com.ar\/wp-content\/uploads\/2025\/01\/IMG_20190125_145214351-2048x1536.jpg 2048w, https:\/\/modoviajeok.com.ar\/wp-content\/uploads\/2025\/01\/IMG_20190125_145214351-560x420.jpg 560w, https:\/\/modoviajeok.com.ar\/wp-content\/uploads\/2025\/01\/IMG_20190125_145214351-80x60.jpg 80w, https:\/\/modoviajeok.com.ar\/wp-content\/uploads\/2025\/01\/IMG_20190125_145214351-150x113.jpg 150w, https:\/\/modoviajeok.com.ar\/wp-content\/uploads\/2025\/01\/IMG_20190125_145214351-300x225.jpg 300w, https:\/\/modoviajeok.com.ar\/wp-content\/uploads\/2025\/01\/IMG_20190125_145214351-696x522.jpg 696w, https:\/\/modoviajeok.com.ar\/wp-content\/uploads\/2025\/01\/IMG_20190125_145214351-1068x801.jpg 1068w, https:\/\/modoviajeok.com.ar\/wp-content\/uploads\/2025\/01\/IMG_20190125_145214351-1920x1440.jpg 1920w, https:\/\/modoviajeok.com.ar\/wp-content\/uploads\/2025\/01\/IMG_20190125_145214351-265x198.jpg 265w\" sizes=\"auto, (max-width: 2560px) 100vw, 2560px\" \/><\/figure>\n\n\n\n<p>As\u00ed, Rocinha aparece ante el visitante como un barrio lleno de contradicciones, donde los automovilistas ceden el paso al peat\u00f3n mientras se confunden con las motos delivery de sustancias ilegales y las inscripciones en las paredes que recuerdan las muertes violentas.<\/p>\n\n\n\n<p>La favela naci\u00f3 de a poco, hace unos 90 a\u00f1os, con migrantes campesinos que fueron ocupando las laderas de la monta\u00f1a y, luego, con la llegada de nuevos pobres urbanos que constru\u00edan sus propias casas y las calles y le dieron una identidad al vecindario.<\/p>\n\n\n\n<p>Mientras los marginados buscaban un lugar, y sin intervenci\u00f3n de los gobiernos, las bandas criminales y de narcotraficantes se fortalecieron hasta convertirse en un poder paralelo al Estado.<\/p>\n\n\n\n<figure class=\"wp-block-image size-full\"><img loading=\"lazy\" decoding=\"async\" width=\"2560\" height=\"1920\" src=\"https:\/\/modoviajeok.com.ar\/wp-content\/uploads\/2025\/01\/IMG_20190125_161834145-scaled.jpg\" alt=\"\" class=\"wp-image-664\" srcset=\"https:\/\/modoviajeok.com.ar\/wp-content\/uploads\/2025\/01\/IMG_20190125_161834145-scaled.jpg 2560w, https:\/\/modoviajeok.com.ar\/wp-content\/uploads\/2025\/01\/IMG_20190125_161834145-768x576.jpg 768w, https:\/\/modoviajeok.com.ar\/wp-content\/uploads\/2025\/01\/IMG_20190125_161834145-1536x1152.jpg 1536w, https:\/\/modoviajeok.com.ar\/wp-content\/uploads\/2025\/01\/IMG_20190125_161834145-2048x1536.jpg 2048w, https:\/\/modoviajeok.com.ar\/wp-content\/uploads\/2025\/01\/IMG_20190125_161834145-560x420.jpg 560w, https:\/\/modoviajeok.com.ar\/wp-content\/uploads\/2025\/01\/IMG_20190125_161834145-80x60.jpg 80w, https:\/\/modoviajeok.com.ar\/wp-content\/uploads\/2025\/01\/IMG_20190125_161834145-150x113.jpg 150w, https:\/\/modoviajeok.com.ar\/wp-content\/uploads\/2025\/01\/IMG_20190125_161834145-300x225.jpg 300w, https:\/\/modoviajeok.com.ar\/wp-content\/uploads\/2025\/01\/IMG_20190125_161834145-696x522.jpg 696w, https:\/\/modoviajeok.com.ar\/wp-content\/uploads\/2025\/01\/IMG_20190125_161834145-1068x801.jpg 1068w, https:\/\/modoviajeok.com.ar\/wp-content\/uploads\/2025\/01\/IMG_20190125_161834145-1920x1440.jpg 1920w, https:\/\/modoviajeok.com.ar\/wp-content\/uploads\/2025\/01\/IMG_20190125_161834145-265x198.jpg 265w\" sizes=\"auto, (max-width: 2560px) 100vw, 2560px\" \/><\/figure>\n\n\n\n<p>Carlos prefiere hablar poco del tema; elige hablar de educaci\u00f3n y de progreso, aunque admite que la droga circula en cantidades dif\u00edciles de precisar.<\/p>\n\n\n\n<p>En las bocas de fumo (puntos de venta de coca\u00edna y otras drogas) se consigue de todo, tanto para los habitantes como para quienes viven en S\u00e3o Conrado o en Barra de Tijuca. \u201cEn Copacabana, Ipanema y Lebl\u00f3n se ve m\u00e1s droga que ac\u00e1\u201d, asegura el gu\u00eda.<\/p>\n\n\n\n<figure class=\"wp-block-image size-full\"><img loading=\"lazy\" decoding=\"async\" width=\"2560\" height=\"1920\" src=\"https:\/\/modoviajeok.com.ar\/wp-content\/uploads\/2025\/01\/IMG_20190125_150331046-scaled.jpg\" alt=\"\" class=\"wp-image-653\" srcset=\"https:\/\/modoviajeok.com.ar\/wp-content\/uploads\/2025\/01\/IMG_20190125_150331046-scaled.jpg 2560w, https:\/\/modoviajeok.com.ar\/wp-content\/uploads\/2025\/01\/IMG_20190125_150331046-768x576.jpg 768w, https:\/\/modoviajeok.com.ar\/wp-content\/uploads\/2025\/01\/IMG_20190125_150331046-1536x1152.jpg 1536w, https:\/\/modoviajeok.com.ar\/wp-content\/uploads\/2025\/01\/IMG_20190125_150331046-2048x1536.jpg 2048w, https:\/\/modoviajeok.com.ar\/wp-content\/uploads\/2025\/01\/IMG_20190125_150331046-560x420.jpg 560w, https:\/\/modoviajeok.com.ar\/wp-content\/uploads\/2025\/01\/IMG_20190125_150331046-80x60.jpg 80w, https:\/\/modoviajeok.com.ar\/wp-content\/uploads\/2025\/01\/IMG_20190125_150331046-150x113.jpg 150w, https:\/\/modoviajeok.com.ar\/wp-content\/uploads\/2025\/01\/IMG_20190125_150331046-300x225.jpg 300w, https:\/\/modoviajeok.com.ar\/wp-content\/uploads\/2025\/01\/IMG_20190125_150331046-696x522.jpg 696w, https:\/\/modoviajeok.com.ar\/wp-content\/uploads\/2025\/01\/IMG_20190125_150331046-1068x801.jpg 1068w, https:\/\/modoviajeok.com.ar\/wp-content\/uploads\/2025\/01\/IMG_20190125_150331046-1920x1440.jpg 1920w, https:\/\/modoviajeok.com.ar\/wp-content\/uploads\/2025\/01\/IMG_20190125_150331046-265x198.jpg 265w\" sizes=\"auto, (max-width: 2560px) 100vw, 2560px\" \/><\/figure>\n\n\n\n<h4 class=\"wp-block-heading\"><strong>A todo ritmo<\/strong><\/h4>\n\n\n\n<p>El tour arranca en la calle principal, un lugar con mucho ruido, negocios, polic\u00eda militar, grafitis y cables que cuelgan y se enrollan en enormes nudos. La vida transcurre a un ritmo vertiginoso y muy distinto al que dejamos pocas cuadras atr\u00e1s.<\/p>\n\n\n\n<p>Rocinha es una enorme ciudad con miles de excluidos, donde algunos ganan apenas tres reales al d\u00eda. La mayor\u00eda de las familias viven de trabajos informales; son vendedores ambulantes en las playas o empleados no registrados en bares.<\/p>\n\n\n\n<figure class=\"wp-block-image size-full\"><img loading=\"lazy\" decoding=\"async\" width=\"2560\" height=\"1920\" src=\"https:\/\/modoviajeok.com.ar\/wp-content\/uploads\/2025\/01\/IMG_20190125_153932737-scaled.jpg\" alt=\"\" class=\"wp-image-665\" srcset=\"https:\/\/modoviajeok.com.ar\/wp-content\/uploads\/2025\/01\/IMG_20190125_153932737-scaled.jpg 2560w, https:\/\/modoviajeok.com.ar\/wp-content\/uploads\/2025\/01\/IMG_20190125_153932737-768x576.jpg 768w, https:\/\/modoviajeok.com.ar\/wp-content\/uploads\/2025\/01\/IMG_20190125_153932737-1536x1152.jpg 1536w, https:\/\/modoviajeok.com.ar\/wp-content\/uploads\/2025\/01\/IMG_20190125_153932737-2048x1536.jpg 2048w, https:\/\/modoviajeok.com.ar\/wp-content\/uploads\/2025\/01\/IMG_20190125_153932737-560x420.jpg 560w, https:\/\/modoviajeok.com.ar\/wp-content\/uploads\/2025\/01\/IMG_20190125_153932737-80x60.jpg 80w, https:\/\/modoviajeok.com.ar\/wp-content\/uploads\/2025\/01\/IMG_20190125_153932737-150x113.jpg 150w, https:\/\/modoviajeok.com.ar\/wp-content\/uploads\/2025\/01\/IMG_20190125_153932737-300x225.jpg 300w, https:\/\/modoviajeok.com.ar\/wp-content\/uploads\/2025\/01\/IMG_20190125_153932737-696x522.jpg 696w, https:\/\/modoviajeok.com.ar\/wp-content\/uploads\/2025\/01\/IMG_20190125_153932737-1068x801.jpg 1068w, https:\/\/modoviajeok.com.ar\/wp-content\/uploads\/2025\/01\/IMG_20190125_153932737-1920x1440.jpg 1920w, https:\/\/modoviajeok.com.ar\/wp-content\/uploads\/2025\/01\/IMG_20190125_153932737-265x198.jpg 265w\" sizes=\"auto, (max-width: 2560px) 100vw, 2560px\" \/><\/figure>\n\n\n\n<p>Lejos de la imagen impuesta por el cine o la fotograf\u00eda, en las calles se respira energ\u00eda. Los moradores de Rocinha creen que el estereotipo que cre\u00f3 la pel\u00edcula Ciudad de Dios<strong> <\/strong>(K\u00e1tia Lund y FernandoMeirelles, 2002) les hizo mucho da\u00f1o, por eso les agrada que los turistas se interesen en su mundo complejo y diverso.<\/p>\n\n\n\n\n\n<figure class=\"wp-block-image size-full\"><img loading=\"lazy\" decoding=\"async\" width=\"2560\" height=\"1920\" src=\"https:\/\/modoviajeok.com.ar\/wp-content\/uploads\/2025\/01\/IMG_20190125_161358390_HDR-scaled.jpg\" alt=\"\" class=\"wp-image-654\" srcset=\"https:\/\/modoviajeok.com.ar\/wp-content\/uploads\/2025\/01\/IMG_20190125_161358390_HDR-scaled.jpg 2560w, https:\/\/modoviajeok.com.ar\/wp-content\/uploads\/2025\/01\/IMG_20190125_161358390_HDR-768x576.jpg 768w, https:\/\/modoviajeok.com.ar\/wp-content\/uploads\/2025\/01\/IMG_20190125_161358390_HDR-1536x1152.jpg 1536w, https:\/\/modoviajeok.com.ar\/wp-content\/uploads\/2025\/01\/IMG_20190125_161358390_HDR-2048x1536.jpg 2048w, https:\/\/modoviajeok.com.ar\/wp-content\/uploads\/2025\/01\/IMG_20190125_161358390_HDR-560x420.jpg 560w, https:\/\/modoviajeok.com.ar\/wp-content\/uploads\/2025\/01\/IMG_20190125_161358390_HDR-80x60.jpg 80w, https:\/\/modoviajeok.com.ar\/wp-content\/uploads\/2025\/01\/IMG_20190125_161358390_HDR-150x113.jpg 150w, https:\/\/modoviajeok.com.ar\/wp-content\/uploads\/2025\/01\/IMG_20190125_161358390_HDR-300x225.jpg 300w, https:\/\/modoviajeok.com.ar\/wp-content\/uploads\/2025\/01\/IMG_20190125_161358390_HDR-696x522.jpg 696w, https:\/\/modoviajeok.com.ar\/wp-content\/uploads\/2025\/01\/IMG_20190125_161358390_HDR-1068x801.jpg 1068w, https:\/\/modoviajeok.com.ar\/wp-content\/uploads\/2025\/01\/IMG_20190125_161358390_HDR-1920x1440.jpg 1920w, https:\/\/modoviajeok.com.ar\/wp-content\/uploads\/2025\/01\/IMG_20190125_161358390_HDR-265x198.jpg 265w\" sizes=\"auto, (max-width: 2560px) 100vw, 2560px\" \/><\/figure>\n\n\n\n<p>Carlos nos invita a salir de las arterias principales para descender el morro por pasillos estrechos, oscuros y, en ocasiones, malolientes. All\u00ed, todo cambia.<\/p>\n\n\n\n<p>En los pasadizos no entran m\u00e1s de dos personas a la vez y por momentos se convierten en una especie de t\u00faneles con viviendas de ventanas diminutas empotradas en las paredes, que permiten imaginar la cotidianeidad de sus pobladores.<\/p>\n\n\n\n<p>Hacia arriba se observan las casas de colores, una encima de la otra. Las construcciones alcanzan los tres o cuatro pisos sobre pilotes de madera, hierro o cemento.<\/p>\n\n\n\n<p>Mientras caminamos por esos corredores de escaleras peque\u00f1as y casi siempre mojadas, aparece la escuela. El gu\u00eda asegura que la educaci\u00f3n es pobre, que el analfabetismo es alto y que los ni\u00f1os pasan por \u201cpromoci\u00f3n autom\u00e1tica\u201d: sin conocimientos b\u00e1sicos.<\/p>\n\n\n\n<p>\u201cAs\u00ed, nunca vamos a salir adelante. Sin educaci\u00f3n la gente no se hace preguntas: ni por qu\u00e9 vive c\u00f3mo vive ni c\u00f3mo puede salir de aqu\u00ed\u201d, piensa.<\/p>\n\n\n\n<h4 class=\"wp-block-heading\"><strong>Un laberinto<\/strong><\/h4>\n\n\n\n<figure class=\"wp-block-image size-full\"><img loading=\"lazy\" decoding=\"async\" width=\"2560\" height=\"1920\" src=\"https:\/\/modoviajeok.com.ar\/wp-content\/uploads\/2025\/01\/IMG_20190125_152233870-scaled.jpg\" alt=\"\" class=\"wp-image-663\" srcset=\"https:\/\/modoviajeok.com.ar\/wp-content\/uploads\/2025\/01\/IMG_20190125_152233870-scaled.jpg 2560w, https:\/\/modoviajeok.com.ar\/wp-content\/uploads\/2025\/01\/IMG_20190125_152233870-768x576.jpg 768w, https:\/\/modoviajeok.com.ar\/wp-content\/uploads\/2025\/01\/IMG_20190125_152233870-1536x1152.jpg 1536w, https:\/\/modoviajeok.com.ar\/wp-content\/uploads\/2025\/01\/IMG_20190125_152233870-2048x1536.jpg 2048w, https:\/\/modoviajeok.com.ar\/wp-content\/uploads\/2025\/01\/IMG_20190125_152233870-560x420.jpg 560w, https:\/\/modoviajeok.com.ar\/wp-content\/uploads\/2025\/01\/IMG_20190125_152233870-80x60.jpg 80w, https:\/\/modoviajeok.com.ar\/wp-content\/uploads\/2025\/01\/IMG_20190125_152233870-150x113.jpg 150w, https:\/\/modoviajeok.com.ar\/wp-content\/uploads\/2025\/01\/IMG_20190125_152233870-300x225.jpg 300w, https:\/\/modoviajeok.com.ar\/wp-content\/uploads\/2025\/01\/IMG_20190125_152233870-696x522.jpg 696w, https:\/\/modoviajeok.com.ar\/wp-content\/uploads\/2025\/01\/IMG_20190125_152233870-1068x801.jpg 1068w, https:\/\/modoviajeok.com.ar\/wp-content\/uploads\/2025\/01\/IMG_20190125_152233870-1920x1440.jpg 1920w, https:\/\/modoviajeok.com.ar\/wp-content\/uploads\/2025\/01\/IMG_20190125_152233870-265x198.jpg 265w\" sizes=\"auto, (max-width: 2560px) 100vw, 2560px\" \/><\/figure>\n\n\n\n<p>Dos hombres sentados en un pasillo observan nuestros pasos. \u201c\u00a1Maradona!\u201d, nos gritan, mientras esperan un gesto c\u00f3mplice. M\u00e1s all\u00e1, una mujer nos cede el paso y tres ni\u00f1os juegan a las escondidas, mientras en una vivienda un grupo de hombres se disputa un espacio frente al televisor, que transmite el campeonato carioca de f\u00fatbol sub 20.<\/p>\n\n\n\n<p>Afuera suena ritmo de samba y, en los muros, los grafitis hablan: en varias esquinas se observan dos angelitos de la mano (\u00bfni\u00f1os v\u00edctimas de muertes violentas?), un coraz\u00f3n sangrante con una corona de espinas o leyendas que dicen \u201cHelp Rocinha\u201d.<\/p>\n\n\n\n<p>Casi al final del recorrido, Carlos se detiene en la iglesia con el morro imponente de fondo y, al costado, un impresionante mural interpretando \u201cLa \u00faltima cena de los pobres\u201d, con un l\u00edder negro de rodillas cerca de una pelota de f\u00fatbol, que abraza a los despose\u00eddos que casi no pueden sonre\u00edr.<\/p>\n\n\n\n<figure class=\"wp-block-image size-full\"><img loading=\"lazy\" decoding=\"async\" width=\"2560\" height=\"1920\" src=\"https:\/\/modoviajeok.com.ar\/wp-content\/uploads\/2025\/01\/IMG_20190125_162039420-scaled.jpg\" alt=\"\" class=\"wp-image-657\" srcset=\"https:\/\/modoviajeok.com.ar\/wp-content\/uploads\/2025\/01\/IMG_20190125_162039420-scaled.jpg 2560w, https:\/\/modoviajeok.com.ar\/wp-content\/uploads\/2025\/01\/IMG_20190125_162039420-768x576.jpg 768w, https:\/\/modoviajeok.com.ar\/wp-content\/uploads\/2025\/01\/IMG_20190125_162039420-1536x1152.jpg 1536w, https:\/\/modoviajeok.com.ar\/wp-content\/uploads\/2025\/01\/IMG_20190125_162039420-2048x1536.jpg 2048w, https:\/\/modoviajeok.com.ar\/wp-content\/uploads\/2025\/01\/IMG_20190125_162039420-560x420.jpg 560w, https:\/\/modoviajeok.com.ar\/wp-content\/uploads\/2025\/01\/IMG_20190125_162039420-80x60.jpg 80w, https:\/\/modoviajeok.com.ar\/wp-content\/uploads\/2025\/01\/IMG_20190125_162039420-150x113.jpg 150w, https:\/\/modoviajeok.com.ar\/wp-content\/uploads\/2025\/01\/IMG_20190125_162039420-300x225.jpg 300w, https:\/\/modoviajeok.com.ar\/wp-content\/uploads\/2025\/01\/IMG_20190125_162039420-696x522.jpg 696w, https:\/\/modoviajeok.com.ar\/wp-content\/uploads\/2025\/01\/IMG_20190125_162039420-1068x801.jpg 1068w, https:\/\/modoviajeok.com.ar\/wp-content\/uploads\/2025\/01\/IMG_20190125_162039420-1920x1440.jpg 1920w, https:\/\/modoviajeok.com.ar\/wp-content\/uploads\/2025\/01\/IMG_20190125_162039420-265x198.jpg 265w\" sizes=\"auto, (max-width: 2560px) 100vw, 2560px\" \/><\/figure>\n\n\n\n<p>En medio de la capilla, el gu\u00eda habla de los pobres y la pobreza, de los ricos y sus riquezas, de los \u00edndices de alfabetizaci\u00f3n, del salario m\u00ednimo y de las oportunidades que se les escapan de las manos a quienes habitan las favelas. Luego, agradece la visita.<\/p>\n\n\n\n<figure class=\"wp-block-image size-full\"><img loading=\"lazy\" decoding=\"async\" width=\"2560\" height=\"1920\" src=\"https:\/\/modoviajeok.com.ar\/wp-content\/uploads\/2025\/01\/IMG_20190125_152549393-1-scaled.jpg\" alt=\"\" class=\"wp-image-655\" srcset=\"https:\/\/modoviajeok.com.ar\/wp-content\/uploads\/2025\/01\/IMG_20190125_152549393-1-scaled.jpg 2560w, https:\/\/modoviajeok.com.ar\/wp-content\/uploads\/2025\/01\/IMG_20190125_152549393-1-768x576.jpg 768w, https:\/\/modoviajeok.com.ar\/wp-content\/uploads\/2025\/01\/IMG_20190125_152549393-1-1536x1152.jpg 1536w, https:\/\/modoviajeok.com.ar\/wp-content\/uploads\/2025\/01\/IMG_20190125_152549393-1-2048x1536.jpg 2048w, https:\/\/modoviajeok.com.ar\/wp-content\/uploads\/2025\/01\/IMG_20190125_152549393-1-560x420.jpg 560w, https:\/\/modoviajeok.com.ar\/wp-content\/uploads\/2025\/01\/IMG_20190125_152549393-1-80x60.jpg 80w, https:\/\/modoviajeok.com.ar\/wp-content\/uploads\/2025\/01\/IMG_20190125_152549393-1-150x113.jpg 150w, https:\/\/modoviajeok.com.ar\/wp-content\/uploads\/2025\/01\/IMG_20190125_152549393-1-300x225.jpg 300w, https:\/\/modoviajeok.com.ar\/wp-content\/uploads\/2025\/01\/IMG_20190125_152549393-1-696x522.jpg 696w, https:\/\/modoviajeok.com.ar\/wp-content\/uploads\/2025\/01\/IMG_20190125_152549393-1-1068x801.jpg 1068w, https:\/\/modoviajeok.com.ar\/wp-content\/uploads\/2025\/01\/IMG_20190125_152549393-1-1920x1440.jpg 1920w, https:\/\/modoviajeok.com.ar\/wp-content\/uploads\/2025\/01\/IMG_20190125_152549393-1-265x198.jpg 265w\" sizes=\"auto, (max-width: 2560px) 100vw, 2560px\" \/><\/figure>\n\n\n\n<p>\u201cEspero que haya sido una experiencia social\u201d, subraya, antes de indicar el camino de regreso hacia el otro pa\u00eds, el de las postales, que nos espera a la vuelta de la esquina.<\/p>\n\n\n\n<p><em>Esta nota se public\u00f3 originalmente en el diario La Voz del Interior. LINK: <a href=\"https:\/\/voydeviaje.lavoz.com.ar\/mundo\/asi-es-rocinha-favela-mas-grande-de-america\/\" data-type=\"link\" data-id=\"https:\/\/voydeviaje.lavoz.com.ar\/mundo\/asi-es-rocinha-favela-mas-grande-de-america\/\">As\u00ed es Rocinha, la favela m\u00e1s grande de Am\u00e9rica<\/a>.<\/em><\/p>\n\n\n\n<p><em>)<\/em><\/p>\n\n\n\n<p><strong>DATOS \u00daTILES&nbsp;<\/strong><\/p>\n\n\n\n<p><strong>C\u00f3mo llegar.<\/strong> C\u00f3rdoba a R\u00edo de Janeiro: 3 horas de un vuelo sin escalas. Vuelan: Aerol\u00edneas Argentinas y Gol, entre otras.<\/p>\n\n\n\n<p><strong>D\u00f3nde est\u00e1.<\/strong> Rocinha est\u00e1 en la Zona Sur de R\u00edo de Janeiro. En 1993 adquiri\u00f3 la categor\u00eda oficial de barrio.\u200b Ocupa un \u00e1rea de 865.000 metros cuadrados.<\/p>\n\n\n\n<p><strong>Tours a pie.<\/strong> <a href=\"https:\/\/faveladarocinhatour.com\/en\/?gad_source=1&amp;gclid=Cj0KCQiAhbi8BhDIARIsAJLOluddyvXsFjyGDxi6aemUQafPR7FGaNGoHeFj7E8upSvpsVb08oyRcakaAmw5EALw_wcB\" data-type=\"link\" data-id=\"https:\/\/faveladarocinhatour.com\/en\/?gad_source=1&amp;gclid=Cj0KCQiAhbi8BhDIARIsAJLOluddyvXsFjyGDxi6aemUQafPR7FGaNGoHeFj7E8upSvpsVb08oyRcakaAmw5EALw_wcB\">Favela da Rocinha Tours<\/a>.<\/p>\n","protected":false},"excerpt":{"rendered":"<p>Un tour a pie, para conocer la otra cara de R\u00edo de Janeiro. \u00abBienvenidos a la Rocinha. Bienvenidos a mi casa\u201d. Con esta frase, Carlos nos invita a visitar la favela m\u00e1s grande de Latinoam\u00e9rica, donde habitan unas 100 mil personas (aunque podr\u00edan ser 70 mil o 160 mil, el equivalente a la poblaci\u00f3n de [&hellip;]<\/p>\n","protected":false},"author":2,"featured_media":650,"comment_status":"open","ping_status":"open","sticky":false,"template":"","format":"standard","meta":{"_acf_changed":false,"footnotes":""},"categories":[16,9,10],"tags":[74,73,75,72,71],"class_list":{"0":"post-649","1":"post","2":"type-post","3":"status-publish","4":"format-standard","5":"has-post-thumbnail","7":"category-en-la-prensa","8":"category-mundo","9":"category-noticias","10":"tag-america-del-sur","11":"tag-brasil","12":"tag-favela","13":"tag-rio-de-janeiro","14":"tag-rocinha"},"acf":[],"yoast_head":"<!-- This site is optimized with the Yoast SEO plugin v24.8.1 - https:\/\/yoast.com\/wordpress\/plugins\/seo\/ -->\n<title>Rocinha, la favela m\u00e1s grande de Am\u00e9rica -<\/title>\n<meta name=\"robots\" content=\"index, follow, max-snippet:-1, max-image-preview:large, max-video-preview:-1\" \/>\n<link rel=\"canonical\" href=\"https:\/\/modoviajeok.com.ar\/index.php\/2025\/01\/20\/rocinha-la-favela-mas-grande-de-america\/\" \/>\n<meta property=\"og:locale\" content=\"es_ES\" \/>\n<meta property=\"og:type\" content=\"article\" \/>\n<meta property=\"og:title\" content=\"Rocinha, la favela m\u00e1s grande de Am\u00e9rica -\" \/>\n<meta property=\"og:description\" content=\"Un tour a pie, para conocer la otra cara de R\u00edo de Janeiro. \u00abBienvenidos a la Rocinha. Bienvenidos a mi casa\u201d. Con esta frase, Carlos nos invita a visitar la favela m\u00e1s grande de Latinoam\u00e9rica, donde habitan unas 100 mil personas (aunque podr\u00edan ser 70 mil o 160 mil, el equivalente a la poblaci\u00f3n de [&hellip;]\" \/>\n<meta property=\"og:url\" content=\"https:\/\/modoviajeok.com.ar\/index.php\/2025\/01\/20\/rocinha-la-favela-mas-grande-de-america\/\" \/>\n<meta property=\"article:publisher\" content=\"https:\/\/www.facebook.com\/mariana.otero1\/\" \/>\n<meta property=\"article:published_time\" content=\"2025-01-20T23:13:45+00:00\" \/>\n<meta property=\"article:modified_time\" content=\"2025-02-24T18:22:52+00:00\" \/>\n<meta property=\"og:image\" content=\"https:\/\/modoviajeok.com.ar\/wp-content\/uploads\/2025\/01\/IMG_20190125_152020418_HDR-scaled.jpg\" \/>\n\t<meta property=\"og:image:width\" content=\"2560\" \/>\n\t<meta property=\"og:image:height\" content=\"1920\" \/>\n\t<meta property=\"og:image:type\" content=\"image\/jpeg\" \/>\n<meta name=\"author\" content=\"Mariana Otero\" \/>\n<meta name=\"twitter:card\" content=\"summary_large_image\" \/>\n<meta name=\"twitter:label1\" content=\"Escrito por\" \/>\n\t<meta name=\"twitter:data1\" content=\"Mariana Otero\" \/>\n\t<meta name=\"twitter:label2\" content=\"Tiempo de lectura\" \/>\n\t<meta name=\"twitter:data2\" content=\"7 minutos\" \/>\n<script type=\"application\/ld+json\" class=\"yoast-schema-graph\">{\"@context\":\"https:\/\/schema.org\",\"@graph\":[{\"@type\":\"Article\",\"@id\":\"https:\/\/modoviajeok.com.ar\/index.php\/2025\/01\/20\/rocinha-la-favela-mas-grande-de-america\/#article\",\"isPartOf\":{\"@id\":\"https:\/\/modoviajeok.com.ar\/index.php\/2025\/01\/20\/rocinha-la-favela-mas-grande-de-america\/\"},\"author\":{\"name\":\"Mariana Otero\",\"@id\":\"https:\/\/modoviajeok.com.ar\/#\/schema\/person\/1187013488537969db5b1320484d24f4\"},\"headline\":\"Rocinha, la favela m\u00e1s grande de Am\u00e9rica\",\"datePublished\":\"2025-01-20T23:13:45+00:00\",\"dateModified\":\"2025-02-24T18:22:52+00:00\",\"mainEntityOfPage\":{\"@id\":\"https:\/\/modoviajeok.com.ar\/index.php\/2025\/01\/20\/rocinha-la-favela-mas-grande-de-america\/\"},\"wordCount\":1338,\"commentCount\":0,\"publisher\":{\"@id\":\"https:\/\/modoviajeok.com.ar\/#organization\"},\"image\":{\"@id\":\"https:\/\/modoviajeok.com.ar\/index.php\/2025\/01\/20\/rocinha-la-favela-mas-grande-de-america\/#primaryimage\"},\"thumbnailUrl\":\"https:\/\/modoviajeok.com.ar\/wp-content\/uploads\/2025\/01\/IMG_20190125_152020418_HDR-scaled.jpg\",\"keywords\":[\"america del sur\",\"brasil\",\"favela\",\"rio de janeiro\",\"rocinha\"],\"articleSection\":[\"En la prensa\",\"Mundo\",\"Noticias\"],\"inLanguage\":\"es\",\"potentialAction\":[{\"@type\":\"CommentAction\",\"name\":\"Comment\",\"target\":[\"https:\/\/modoviajeok.com.ar\/index.php\/2025\/01\/20\/rocinha-la-favela-mas-grande-de-america\/#respond\"]}]},{\"@type\":\"WebPage\",\"@id\":\"https:\/\/modoviajeok.com.ar\/index.php\/2025\/01\/20\/rocinha-la-favela-mas-grande-de-america\/\",\"url\":\"https:\/\/modoviajeok.com.ar\/index.php\/2025\/01\/20\/rocinha-la-favela-mas-grande-de-america\/\",\"name\":\"Rocinha, la favela m\u00e1s grande de Am\u00e9rica -\",\"isPartOf\":{\"@id\":\"https:\/\/modoviajeok.com.ar\/#website\"},\"primaryImageOfPage\":{\"@id\":\"https:\/\/modoviajeok.com.ar\/index.php\/2025\/01\/20\/rocinha-la-favela-mas-grande-de-america\/#primaryimage\"},\"image\":{\"@id\":\"https:\/\/modoviajeok.com.ar\/index.php\/2025\/01\/20\/rocinha-la-favela-mas-grande-de-america\/#primaryimage\"},\"thumbnailUrl\":\"https:\/\/modoviajeok.com.ar\/wp-content\/uploads\/2025\/01\/IMG_20190125_152020418_HDR-scaled.jpg\",\"datePublished\":\"2025-01-20T23:13:45+00:00\",\"dateModified\":\"2025-02-24T18:22:52+00:00\",\"breadcrumb\":{\"@id\":\"https:\/\/modoviajeok.com.ar\/index.php\/2025\/01\/20\/rocinha-la-favela-mas-grande-de-america\/#breadcrumb\"},\"inLanguage\":\"es\",\"potentialAction\":[{\"@type\":\"ReadAction\",\"target\":[\"https:\/\/modoviajeok.com.ar\/index.php\/2025\/01\/20\/rocinha-la-favela-mas-grande-de-america\/\"]}]},{\"@type\":\"ImageObject\",\"inLanguage\":\"es\",\"@id\":\"https:\/\/modoviajeok.com.ar\/index.php\/2025\/01\/20\/rocinha-la-favela-mas-grande-de-america\/#primaryimage\",\"url\":\"https:\/\/modoviajeok.com.ar\/wp-content\/uploads\/2025\/01\/IMG_20190125_152020418_HDR-scaled.jpg\",\"contentUrl\":\"https:\/\/modoviajeok.com.ar\/wp-content\/uploads\/2025\/01\/IMG_20190125_152020418_HDR-scaled.jpg\",\"width\":2560,\"height\":1920},{\"@type\":\"BreadcrumbList\",\"@id\":\"https:\/\/modoviajeok.com.ar\/index.php\/2025\/01\/20\/rocinha-la-favela-mas-grande-de-america\/#breadcrumb\",\"itemListElement\":[{\"@type\":\"ListItem\",\"position\":1,\"name\":\"Portada\",\"item\":\"https:\/\/modoviajeok.com.ar\/\"},{\"@type\":\"ListItem\",\"position\":2,\"name\":\"Rocinha, la favela m\u00e1s grande de Am\u00e9rica\"}]},{\"@type\":\"WebSite\",\"@id\":\"https:\/\/modoviajeok.com.ar\/#website\",\"url\":\"https:\/\/modoviajeok.com.ar\/\",\"name\":\"ModoViajeOK\",\"description\":\"\",\"publisher\":{\"@id\":\"https:\/\/modoviajeok.com.ar\/#organization\"},\"potentialAction\":[{\"@type\":\"SearchAction\",\"target\":{\"@type\":\"EntryPoint\",\"urlTemplate\":\"https:\/\/modoviajeok.com.ar\/?s={search_term_string}\"},\"query-input\":{\"@type\":\"PropertyValueSpecification\",\"valueRequired\":true,\"valueName\":\"search_term_string\"}}],\"inLanguage\":\"es\"},{\"@type\":\"Organization\",\"@id\":\"https:\/\/modoviajeok.com.ar\/#organization\",\"name\":\"ModoViajeOK\",\"url\":\"https:\/\/modoviajeok.com.ar\/\",\"logo\":{\"@type\":\"ImageObject\",\"inLanguage\":\"es\",\"@id\":\"https:\/\/modoviajeok.com.ar\/#\/schema\/logo\/image\/\",\"url\":\"https:\/\/modoviajeok.com.ar\/wp-content\/uploads\/2025\/01\/Logo-modoviajeok.png\",\"contentUrl\":\"https:\/\/modoviajeok.com.ar\/wp-content\/uploads\/2025\/01\/Logo-modoviajeok.png\",\"width\":2938,\"height\":2276,\"caption\":\"ModoViajeOK\"},\"image\":{\"@id\":\"https:\/\/modoviajeok.com.ar\/#\/schema\/logo\/image\/\"},\"sameAs\":[\"https:\/\/www.facebook.com\/mariana.otero1\/\",\"https:\/\/www.instagram.com\/modoviaje.ok\/\"]},{\"@type\":\"Person\",\"@id\":\"https:\/\/modoviajeok.com.ar\/#\/schema\/person\/1187013488537969db5b1320484d24f4\",\"name\":\"Mariana Otero\",\"image\":{\"@type\":\"ImageObject\",\"inLanguage\":\"es\",\"@id\":\"https:\/\/modoviajeok.com.ar\/#\/schema\/person\/image\/\",\"url\":\"https:\/\/secure.gravatar.com\/avatar\/8a91a502a9336849a3500b9090c431bc1418f1d1263d893afeddba065f5add82?s=96&d=mm&r=g\",\"contentUrl\":\"https:\/\/secure.gravatar.com\/avatar\/8a91a502a9336849a3500b9090c431bc1418f1d1263d893afeddba065f5add82?s=96&d=mm&r=g\",\"caption\":\"Mariana Otero\"},\"url\":\"https:\/\/modoviajeok.com.ar\/index.php\/author\/mariana2025\/\"}]}<\/script>\n<!-- \/ Yoast SEO plugin. -->","yoast_head_json":{"title":"Rocinha, la favela m\u00e1s grande de Am\u00e9rica -","robots":{"index":"index","follow":"follow","max-snippet":"max-snippet:-1","max-image-preview":"max-image-preview:large","max-video-preview":"max-video-preview:-1"},"canonical":"https:\/\/modoviajeok.com.ar\/index.php\/2025\/01\/20\/rocinha-la-favela-mas-grande-de-america\/","og_locale":"es_ES","og_type":"article","og_title":"Rocinha, la favela m\u00e1s grande de Am\u00e9rica -","og_description":"Un tour a pie, para conocer la otra cara de R\u00edo de Janeiro. \u00abBienvenidos a la Rocinha. Bienvenidos a mi casa\u201d. Con esta frase, Carlos nos invita a visitar la favela m\u00e1s grande de Latinoam\u00e9rica, donde habitan unas 100 mil personas (aunque podr\u00edan ser 70 mil o 160 mil, el equivalente a la poblaci\u00f3n de [&hellip;]","og_url":"https:\/\/modoviajeok.com.ar\/index.php\/2025\/01\/20\/rocinha-la-favela-mas-grande-de-america\/","article_publisher":"https:\/\/www.facebook.com\/mariana.otero1\/","article_published_time":"2025-01-20T23:13:45+00:00","article_modified_time":"2025-02-24T18:22:52+00:00","og_image":[{"width":2560,"height":1920,"url":"https:\/\/modoviajeok.com.ar\/wp-content\/uploads\/2025\/01\/IMG_20190125_152020418_HDR-scaled.jpg","type":"image\/jpeg"}],"author":"Mariana Otero","twitter_card":"summary_large_image","twitter_misc":{"Escrito por":"Mariana Otero","Tiempo de lectura":"7 minutos"},"schema":{"@context":"https:\/\/schema.org","@graph":[{"@type":"Article","@id":"https:\/\/modoviajeok.com.ar\/index.php\/2025\/01\/20\/rocinha-la-favela-mas-grande-de-america\/#article","isPartOf":{"@id":"https:\/\/modoviajeok.com.ar\/index.php\/2025\/01\/20\/rocinha-la-favela-mas-grande-de-america\/"},"author":{"name":"Mariana Otero","@id":"https:\/\/modoviajeok.com.ar\/#\/schema\/person\/1187013488537969db5b1320484d24f4"},"headline":"Rocinha, la favela m\u00e1s grande de Am\u00e9rica","datePublished":"2025-01-20T23:13:45+00:00","dateModified":"2025-02-24T18:22:52+00:00","mainEntityOfPage":{"@id":"https:\/\/modoviajeok.com.ar\/index.php\/2025\/01\/20\/rocinha-la-favela-mas-grande-de-america\/"},"wordCount":1338,"commentCount":0,"publisher":{"@id":"https:\/\/modoviajeok.com.ar\/#organization"},"image":{"@id":"https:\/\/modoviajeok.com.ar\/index.php\/2025\/01\/20\/rocinha-la-favela-mas-grande-de-america\/#primaryimage"},"thumbnailUrl":"https:\/\/modoviajeok.com.ar\/wp-content\/uploads\/2025\/01\/IMG_20190125_152020418_HDR-scaled.jpg","keywords":["america del sur","brasil","favela","rio de janeiro","rocinha"],"articleSection":["En la prensa","Mundo","Noticias"],"inLanguage":"es","potentialAction":[{"@type":"CommentAction","name":"Comment","target":["https:\/\/modoviajeok.com.ar\/index.php\/2025\/01\/20\/rocinha-la-favela-mas-grande-de-america\/#respond"]}]},{"@type":"WebPage","@id":"https:\/\/modoviajeok.com.ar\/index.php\/2025\/01\/20\/rocinha-la-favela-mas-grande-de-america\/","url":"https:\/\/modoviajeok.com.ar\/index.php\/2025\/01\/20\/rocinha-la-favela-mas-grande-de-america\/","name":"Rocinha, la favela m\u00e1s grande de Am\u00e9rica -","isPartOf":{"@id":"https:\/\/modoviajeok.com.ar\/#website"},"primaryImageOfPage":{"@id":"https:\/\/modoviajeok.com.ar\/index.php\/2025\/01\/20\/rocinha-la-favela-mas-grande-de-america\/#primaryimage"},"image":{"@id":"https:\/\/modoviajeok.com.ar\/index.php\/2025\/01\/20\/rocinha-la-favela-mas-grande-de-america\/#primaryimage"},"thumbnailUrl":"https:\/\/modoviajeok.com.ar\/wp-content\/uploads\/2025\/01\/IMG_20190125_152020418_HDR-scaled.jpg","datePublished":"2025-01-20T23:13:45+00:00","dateModified":"2025-02-24T18:22:52+00:00","breadcrumb":{"@id":"https:\/\/modoviajeok.com.ar\/index.php\/2025\/01\/20\/rocinha-la-favela-mas-grande-de-america\/#breadcrumb"},"inLanguage":"es","potentialAction":[{"@type":"ReadAction","target":["https:\/\/modoviajeok.com.ar\/index.php\/2025\/01\/20\/rocinha-la-favela-mas-grande-de-america\/"]}]},{"@type":"ImageObject","inLanguage":"es","@id":"https:\/\/modoviajeok.com.ar\/index.php\/2025\/01\/20\/rocinha-la-favela-mas-grande-de-america\/#primaryimage","url":"https:\/\/modoviajeok.com.ar\/wp-content\/uploads\/2025\/01\/IMG_20190125_152020418_HDR-scaled.jpg","contentUrl":"https:\/\/modoviajeok.com.ar\/wp-content\/uploads\/2025\/01\/IMG_20190125_152020418_HDR-scaled.jpg","width":2560,"height":1920},{"@type":"BreadcrumbList","@id":"https:\/\/modoviajeok.com.ar\/index.php\/2025\/01\/20\/rocinha-la-favela-mas-grande-de-america\/#breadcrumb","itemListElement":[{"@type":"ListItem","position":1,"name":"Portada","item":"https:\/\/modoviajeok.com.ar\/"},{"@type":"ListItem","position":2,"name":"Rocinha, la favela m\u00e1s grande de Am\u00e9rica"}]},{"@type":"WebSite","@id":"https:\/\/modoviajeok.com.ar\/#website","url":"https:\/\/modoviajeok.com.ar\/","name":"ModoViajeOK","description":"","publisher":{"@id":"https:\/\/modoviajeok.com.ar\/#organization"},"potentialAction":[{"@type":"SearchAction","target":{"@type":"EntryPoint","urlTemplate":"https:\/\/modoviajeok.com.ar\/?s={search_term_string}"},"query-input":{"@type":"PropertyValueSpecification","valueRequired":true,"valueName":"search_term_string"}}],"inLanguage":"es"},{"@type":"Organization","@id":"https:\/\/modoviajeok.com.ar\/#organization","name":"ModoViajeOK","url":"https:\/\/modoviajeok.com.ar\/","logo":{"@type":"ImageObject","inLanguage":"es","@id":"https:\/\/modoviajeok.com.ar\/#\/schema\/logo\/image\/","url":"https:\/\/modoviajeok.com.ar\/wp-content\/uploads\/2025\/01\/Logo-modoviajeok.png","contentUrl":"https:\/\/modoviajeok.com.ar\/wp-content\/uploads\/2025\/01\/Logo-modoviajeok.png","width":2938,"height":2276,"caption":"ModoViajeOK"},"image":{"@id":"https:\/\/modoviajeok.com.ar\/#\/schema\/logo\/image\/"},"sameAs":["https:\/\/www.facebook.com\/mariana.otero1\/","https:\/\/www.instagram.com\/modoviaje.ok\/"]},{"@type":"Person","@id":"https:\/\/modoviajeok.com.ar\/#\/schema\/person\/1187013488537969db5b1320484d24f4","name":"Mariana Otero","image":{"@type":"ImageObject","inLanguage":"es","@id":"https:\/\/modoviajeok.com.ar\/#\/schema\/person\/image\/","url":"https:\/\/secure.gravatar.com\/avatar\/8a91a502a9336849a3500b9090c431bc1418f1d1263d893afeddba065f5add82?s=96&d=mm&r=g","contentUrl":"https:\/\/secure.gravatar.com\/avatar\/8a91a502a9336849a3500b9090c431bc1418f1d1263d893afeddba065f5add82?s=96&d=mm&r=g","caption":"Mariana Otero"},"url":"https:\/\/modoviajeok.com.ar\/index.php\/author\/mariana2025\/"}]}},"_links":{"self":[{"href":"https:\/\/modoviajeok.com.ar\/index.php\/wp-json\/wp\/v2\/posts\/649","targetHints":{"allow":["GET"]}}],"collection":[{"href":"https:\/\/modoviajeok.com.ar\/index.php\/wp-json\/wp\/v2\/posts"}],"about":[{"href":"https:\/\/modoviajeok.com.ar\/index.php\/wp-json\/wp\/v2\/types\/post"}],"author":[{"embeddable":true,"href":"https:\/\/modoviajeok.com.ar\/index.php\/wp-json\/wp\/v2\/users\/2"}],"replies":[{"embeddable":true,"href":"https:\/\/modoviajeok.com.ar\/index.php\/wp-json\/wp\/v2\/comments?post=649"}],"version-history":[{"count":4,"href":"https:\/\/modoviajeok.com.ar\/index.php\/wp-json\/wp\/v2\/posts\/649\/revisions"}],"predecessor-version":[{"id":962,"href":"https:\/\/modoviajeok.com.ar\/index.php\/wp-json\/wp\/v2\/posts\/649\/revisions\/962"}],"wp:featuredmedia":[{"embeddable":true,"href":"https:\/\/modoviajeok.com.ar\/index.php\/wp-json\/wp\/v2\/media\/650"}],"wp:attachment":[{"href":"https:\/\/modoviajeok.com.ar\/index.php\/wp-json\/wp\/v2\/media?parent=649"}],"wp:term":[{"taxonomy":"category","embeddable":true,"href":"https:\/\/modoviajeok.com.ar\/index.php\/wp-json\/wp\/v2\/categories?post=649"},{"taxonomy":"post_tag","embeddable":true,"href":"https:\/\/modoviajeok.com.ar\/index.php\/wp-json\/wp\/v2\/tags?post=649"}],"curies":[{"name":"wp","href":"https:\/\/api.w.org\/{rel}","templated":true}]}}