{"id":6493,"date":"2025-11-27T10:27:34","date_gmt":"2025-11-27T13:27:34","guid":{"rendered":"https:\/\/modoviajeok.com.ar\/?p=6493"},"modified":"2025-11-27T10:27:35","modified_gmt":"2025-11-27T13:27:35","slug":"mas-cultura-mas-deporte-y-mas-servicios-la-carta-de-presentacion-de-mina-clavero-para-el-verano-25-26","status":"publish","type":"post","link":"https:\/\/modoviajeok.com.ar\/index.php\/2025\/11\/27\/mas-cultura-mas-deporte-y-mas-servicios-la-carta-de-presentacion-de-mina-clavero-para-el-verano-25-26\/","title":{"rendered":"M\u00e1s cultura, m\u00e1s deporte y m\u00e1s servicios: la carta de presentaci\u00f3n de Mina Clavero para el verano 25-26"},"content":{"rendered":"\n<figure class=\"wp-block-pullquote\"><blockquote><p>El lanzamiento de la temporada se realiz\u00f3 en C\u00f3rdoba e incluy\u00f3, adem\u00e1s, la presentaci\u00f3n del Gran Premio Rally Jorge Recalde, uno de los eventos deportivos m\u00e1s emblem\u00e1ticos de la regi\u00f3n.<br><\/p><\/blockquote><\/figure>\n\n\n\n<figure class=\"wp-block-image size-full\"><img loading=\"lazy\" decoding=\"async\" width=\"1280\" height=\"960\" src=\"https:\/\/modoviajeok.com.ar\/wp-content\/uploads\/2025\/11\/WhatsApp-Image-2025-11-26-at-11.47.02.jpeg\" alt=\"\" class=\"wp-image-6497\" srcset=\"https:\/\/modoviajeok.com.ar\/wp-content\/uploads\/2025\/11\/WhatsApp-Image-2025-11-26-at-11.47.02.jpeg 1280w, https:\/\/modoviajeok.com.ar\/wp-content\/uploads\/2025\/11\/WhatsApp-Image-2025-11-26-at-11.47.02-768x576.jpeg 768w, https:\/\/modoviajeok.com.ar\/wp-content\/uploads\/2025\/11\/WhatsApp-Image-2025-11-26-at-11.47.02-560x420.jpeg 560w, https:\/\/modoviajeok.com.ar\/wp-content\/uploads\/2025\/11\/WhatsApp-Image-2025-11-26-at-11.47.02-80x60.jpeg 80w, https:\/\/modoviajeok.com.ar\/wp-content\/uploads\/2025\/11\/WhatsApp-Image-2025-11-26-at-11.47.02-150x113.jpeg 150w, https:\/\/modoviajeok.com.ar\/wp-content\/uploads\/2025\/11\/WhatsApp-Image-2025-11-26-at-11.47.02-300x225.jpeg 300w, https:\/\/modoviajeok.com.ar\/wp-content\/uploads\/2025\/11\/WhatsApp-Image-2025-11-26-at-11.47.02-696x522.jpeg 696w, https:\/\/modoviajeok.com.ar\/wp-content\/uploads\/2025\/11\/WhatsApp-Image-2025-11-26-at-11.47.02-1068x801.jpeg 1068w, https:\/\/modoviajeok.com.ar\/wp-content\/uploads\/2025\/11\/WhatsApp-Image-2025-11-26-at-11.47.02-265x198.jpeg 265w\" sizes=\"auto, (max-width: 1280px) 100vw, 1280px\" \/><\/figure>\n\n\n\n<p>El pasado mi\u00e9rcoles, la Municipalidad de Mina Clavero realiz\u00f3 la presentaci\u00f3n oficial de la Temporada Tur\u00edstica 2025\/26, en un encuentro que reuni\u00f3 a autoridades, medios de comunicaci\u00f3n y referentes del sector. El lanzamiento incluy\u00f3 adem\u00e1s la presentaci\u00f3n del Gran Premio Rally Jorge Recalde, uno de los eventos deportivos m\u00e1s emblem\u00e1ticos de la regi\u00f3n.<\/p>\n\n\n\n<p>El acto cont\u00f3 con la presencia del presidente de la Agencia C\u00f3rdoba Turismo, Dar\u00edo Capitani; el intendente de Mina Clavero, Luis Quiroga; el secretario de Turismo y Cultura municipal, Alberto P\u00e9rez, el presidente del Rally Argentino, Fernando Scarlatta y representantes del corredor tur\u00edstico de Traslasierra.<\/p>\n\n\n\n<p>Durante el encuentro se present\u00f3 el video institucional de la temporada, que resume la esencia de un destino consolidado por sus r\u00edos, paisajes, la aventura, la cultura y su creciente agenda deportiva.&nbsp;\u201cMina Clavero sigue reafirmando su identidad como un destino tur\u00edstico, con infinidad de actividades, su rio que es una maravilla de C\u00f3rdoba y con una fuerte impronta serrana. En cada temporada demuestra que tiene mucho para ofrecer.\u201d,&nbsp;destac\u00f3 Capitani, al cierre del bloque de oradores.<\/p>\n\n\n\n<figure class=\"wp-block-image size-full\"><img loading=\"lazy\" decoding=\"async\" width=\"1585\" height=\"2560\" src=\"https:\/\/modoviajeok.com.ar\/wp-content\/uploads\/2025\/11\/20251017_105805-scaled.jpg\" alt=\"\" class=\"wp-image-6495\" srcset=\"https:\/\/modoviajeok.com.ar\/wp-content\/uploads\/2025\/11\/20251017_105805-scaled.jpg 1585w, https:\/\/modoviajeok.com.ar\/wp-content\/uploads\/2025\/11\/20251017_105805-768x1240.jpg 768w, https:\/\/modoviajeok.com.ar\/wp-content\/uploads\/2025\/11\/20251017_105805-951x1536.jpg 951w, https:\/\/modoviajeok.com.ar\/wp-content\/uploads\/2025\/11\/20251017_105805-1268x2048.jpg 1268w, https:\/\/modoviajeok.com.ar\/wp-content\/uploads\/2025\/11\/20251017_105805-260x420.jpg 260w, https:\/\/modoviajeok.com.ar\/wp-content\/uploads\/2025\/11\/20251017_105805-150x242.jpg 150w, https:\/\/modoviajeok.com.ar\/wp-content\/uploads\/2025\/11\/20251017_105805-300x485.jpg 300w, https:\/\/modoviajeok.com.ar\/wp-content\/uploads\/2025\/11\/20251017_105805-696x1124.jpg 696w, https:\/\/modoviajeok.com.ar\/wp-content\/uploads\/2025\/11\/20251017_105805-1068x1725.jpg 1068w\" sizes=\"auto, (max-width: 1585px) 100vw, 1585px\" \/><\/figure>\n\n\n\n<p>A su turno, el intendente Luis Quiroga celebr\u00f3 el inicio de una nueva temporada y el trabajo conjunto con la Provincia: \u201cPresentar nuestra propuesta en la capital cordobesa nos permite mostrar, con orgullo, todo lo que Mina Clavero tiene para compartir. Este es un a\u00f1o con m\u00e1s cultura, m\u00e1s deporte y m\u00e1s servicios para recibir al visitante como se merece\u201d.<\/p>\n\n\n\n<p><strong>Una temporada con fuerte apuesta cultural y art\u00edstica<\/strong><strong><\/strong><\/p>\n\n\n\n<p>Como parte del lanzamiento, se present\u00f3 la Temporada Teatral 2026 del Auditorio Mina Clavero, que vuelve a consolidarse como una de las principales plazas culturales del verano cordob\u00e9s. La cartelera incluye humor, m\u00fasica y espect\u00e1culos de primer nivel, con figuras como Flaco Pailos, Band\u00edn, Camilo, Sa\u00fal, Raly Barrionuevo, Pirulo, adem\u00e1s de los tradicionales sunsets que combinan m\u00fasica y naturaleza.<\/p>\n\n\n\n<p><strong>Lanzamiento del Gran Premio Rally Jorge Recalde<\/strong><strong><\/strong><\/p>\n\n\n\n<p>El presidente del Rally Argentino, Fernando Scarlatta, particip\u00f3 del anuncio del Gran Premio Rally Jorge Recalde, un cl\u00e1sico que vuelve a poner a Traslasierra en el centro de la escena nacional. Su realizaci\u00f3n en el marco de la temporada refuerza el posicionamiento del destino como sede de grandes eventos deportivos.<\/p>\n\n\n\n<p><strong>Gastronom\u00eda y m\u00fasica para vivir el esp\u00edritu serrano<\/strong><strong><\/strong><\/p>\n\n\n\n<p>Tras el acto formal, los asistentes participaron de una degustaci\u00f3n a cargo de Punto G Bodeg\u00f3n Serrano, del chef Iv\u00e1n Dagfel, una referencia gastron\u00f3mica de Mina Clavero. Por la tarde, el evento continu\u00f3 con el Sunset Transerrano, un espacio que reuni\u00f3 gastronom\u00eda de autor y m\u00fasica en vivo con Victoria Alfonsina, el Tr\u00edo Burgol y la DJ Mar\u00eda Falivene, llevando al Paseo del Buen Pastor el clima aut\u00e9ntico de Traslasierra.<\/p>\n\n\n      <div class=\"wp_bannerize_container wp_bannerize_layout_vertical\">\n\n        <div class=\"wp_bannerize_banner_box wp_bannerize_category_intertexto-1\" data-title=\"Modo viaje\" data-mime_type=\"image-gif\" data-banner_id=\"1783\" id=\"wpbanner-1783\" data-impressions_enabled=\"true\" data-clicks_enabled=\"true\"><a href=\"https:\/\/www.instagram.com\/modoviaje.ok?igsh=Z3c5emxsZWFtdXN3\"><img decoding=\"async\" border=\"0\" src=\"https:\/\/modoviajeok.com.ar\/wp-content\/uploads\/2025\/02\/modoviaje.ok-300-x-250-px.gif\" alt=\"Modo viaje\" title=\"Modo viaje\" \/><\/a><\/div>      <\/div>\n\n\n","protected":false},"excerpt":{"rendered":"<p>El lanzamiento de la temporada se realiz\u00f3 en C\u00f3rdoba e incluy\u00f3, adem\u00e1s, la presentaci\u00f3n del Gran Premio Rally Jorge Recalde, uno de los eventos deportivos m\u00e1s emblem\u00e1ticos de la regi\u00f3n. El pasado mi\u00e9rcoles, la Municipalidad de Mina Clavero realiz\u00f3 la presentaci\u00f3n oficial de la Temporada Tur\u00edstica 2025\/26, en un encuentro que reuni\u00f3 a autoridades, medios [&hellip;]<\/p>\n","protected":false},"author":3,"featured_media":6494,"comment_status":"open","ping_status":"open","sticky":false,"template":"","format":"standard","meta":{"_acf_changed":false,"footnotes":""},"categories":[11,10],"tags":[1401,340,644],"class_list":{"0":"post-6493","1":"post","2":"type-post","3":"status-publish","4":"format-standard","5":"has-post-thumbnail","7":"category-cordoba","8":"category-noticias","9":"tag-jorge-recalde","10":"tag-mina-clavero","11":"tag-traslasierra"},"acf":[],"yoast_head":"<!-- This site is optimized with the Yoast SEO plugin v24.8.1 - https:\/\/yoast.com\/wordpress\/plugins\/seo\/ -->\n<title>M\u00e1s cultura, m\u00e1s deporte y m\u00e1s servicios: la carta de presentaci\u00f3n de Mina Clavero para el verano 25-26 -<\/title>\n<meta name=\"robots\" content=\"index, follow, max-snippet:-1, max-image-preview:large, max-video-preview:-1\" \/>\n<link rel=\"canonical\" href=\"https:\/\/modoviajeok.com.ar\/index.php\/2025\/11\/27\/mas-cultura-mas-deporte-y-mas-servicios-la-carta-de-presentacion-de-mina-clavero-para-el-verano-25-26\/\" \/>\n<meta property=\"og:locale\" content=\"es_ES\" \/>\n<meta property=\"og:type\" content=\"article\" \/>\n<meta property=\"og:title\" content=\"M\u00e1s cultura, m\u00e1s deporte y m\u00e1s servicios: la carta de presentaci\u00f3n de Mina Clavero para el verano 25-26 -\" \/>\n<meta property=\"og:description\" content=\"El lanzamiento de la temporada se realiz\u00f3 en C\u00f3rdoba e incluy\u00f3, adem\u00e1s, la presentaci\u00f3n del Gran Premio Rally Jorge Recalde, uno de los eventos deportivos m\u00e1s emblem\u00e1ticos de la regi\u00f3n. El pasado mi\u00e9rcoles, la Municipalidad de Mina Clavero realiz\u00f3 la presentaci\u00f3n oficial de la Temporada Tur\u00edstica 2025\/26, en un encuentro que reuni\u00f3 a autoridades, medios [&hellip;]\" \/>\n<meta property=\"og:url\" content=\"https:\/\/modoviajeok.com.ar\/index.php\/2025\/11\/27\/mas-cultura-mas-deporte-y-mas-servicios-la-carta-de-presentacion-de-mina-clavero-para-el-verano-25-26\/\" \/>\n<meta property=\"article:publisher\" content=\"https:\/\/www.facebook.com\/mariana.otero1\/\" \/>\n<meta property=\"article:published_time\" content=\"2025-11-27T13:27:34+00:00\" \/>\n<meta property=\"article:modified_time\" content=\"2025-11-27T13:27:35+00:00\" \/>\n<meta property=\"og:image\" content=\"https:\/\/modoviajeok.com.ar\/wp-content\/uploads\/2025\/11\/IMG-20221210-WA0026.jpg\" \/>\n\t<meta property=\"og:image:width\" content=\"1200\" \/>\n\t<meta property=\"og:image:height\" content=\"1600\" \/>\n\t<meta property=\"og:image:type\" content=\"image\/jpeg\" \/>\n<meta name=\"author\" content=\"Pepe Segura\" \/>\n<meta name=\"twitter:card\" content=\"summary_large_image\" \/>\n<meta name=\"twitter:label1\" content=\"Escrito por\" \/>\n\t<meta name=\"twitter:data1\" content=\"Pepe Segura\" \/>\n\t<meta name=\"twitter:label2\" content=\"Tiempo de lectura\" \/>\n\t<meta name=\"twitter:data2\" content=\"3 minutos\" \/>\n<script type=\"application\/ld+json\" class=\"yoast-schema-graph\">{\"@context\":\"https:\/\/schema.org\",\"@graph\":[{\"@type\":\"Article\",\"@id\":\"https:\/\/modoviajeok.com.ar\/index.php\/2025\/11\/27\/mas-cultura-mas-deporte-y-mas-servicios-la-carta-de-presentacion-de-mina-clavero-para-el-verano-25-26\/#article\",\"isPartOf\":{\"@id\":\"https:\/\/modoviajeok.com.ar\/index.php\/2025\/11\/27\/mas-cultura-mas-deporte-y-mas-servicios-la-carta-de-presentacion-de-mina-clavero-para-el-verano-25-26\/\"},\"author\":{\"name\":\"Pepe Segura\",\"@id\":\"https:\/\/modoviajeok.com.ar\/#\/schema\/person\/2e299ed0d3d412a01d244fe28260d7f5\"},\"headline\":\"M\u00e1s cultura, m\u00e1s deporte y m\u00e1s servicios: la carta de presentaci\u00f3n de Mina Clavero para el verano 25-26\",\"datePublished\":\"2025-11-27T13:27:34+00:00\",\"dateModified\":\"2025-11-27T13:27:35+00:00\",\"mainEntityOfPage\":{\"@id\":\"https:\/\/modoviajeok.com.ar\/index.php\/2025\/11\/27\/mas-cultura-mas-deporte-y-mas-servicios-la-carta-de-presentacion-de-mina-clavero-para-el-verano-25-26\/\"},\"wordCount\":544,\"commentCount\":0,\"publisher\":{\"@id\":\"https:\/\/modoviajeok.com.ar\/#organization\"},\"image\":{\"@id\":\"https:\/\/modoviajeok.com.ar\/index.php\/2025\/11\/27\/mas-cultura-mas-deporte-y-mas-servicios-la-carta-de-presentacion-de-mina-clavero-para-el-verano-25-26\/#primaryimage\"},\"thumbnailUrl\":\"https:\/\/modoviajeok.com.ar\/wp-content\/uploads\/2025\/11\/IMG-20221210-WA0026.jpg\",\"keywords\":[\"jorge recalde\",\"mina clavero\",\"traslasierra\"],\"articleSection\":[\"C\u00f3rdoba\",\"Noticias\"],\"inLanguage\":\"es\",\"potentialAction\":[{\"@type\":\"CommentAction\",\"name\":\"Comment\",\"target\":[\"https:\/\/modoviajeok.com.ar\/index.php\/2025\/11\/27\/mas-cultura-mas-deporte-y-mas-servicios-la-carta-de-presentacion-de-mina-clavero-para-el-verano-25-26\/#respond\"]}]},{\"@type\":\"WebPage\",\"@id\":\"https:\/\/modoviajeok.com.ar\/index.php\/2025\/11\/27\/mas-cultura-mas-deporte-y-mas-servicios-la-carta-de-presentacion-de-mina-clavero-para-el-verano-25-26\/\",\"url\":\"https:\/\/modoviajeok.com.ar\/index.php\/2025\/11\/27\/mas-cultura-mas-deporte-y-mas-servicios-la-carta-de-presentacion-de-mina-clavero-para-el-verano-25-26\/\",\"name\":\"M\u00e1s cultura, m\u00e1s deporte y m\u00e1s servicios: la carta de presentaci\u00f3n de Mina Clavero para el verano 25-26 -\",\"isPartOf\":{\"@id\":\"https:\/\/modoviajeok.com.ar\/#website\"},\"primaryImageOfPage\":{\"@id\":\"https:\/\/modoviajeok.com.ar\/index.php\/2025\/11\/27\/mas-cultura-mas-deporte-y-mas-servicios-la-carta-de-presentacion-de-mina-clavero-para-el-verano-25-26\/#primaryimage\"},\"image\":{\"@id\":\"https:\/\/modoviajeok.com.ar\/index.php\/2025\/11\/27\/mas-cultura-mas-deporte-y-mas-servicios-la-carta-de-presentacion-de-mina-clavero-para-el-verano-25-26\/#primaryimage\"},\"thumbnailUrl\":\"https:\/\/modoviajeok.com.ar\/wp-content\/uploads\/2025\/11\/IMG-20221210-WA0026.jpg\",\"datePublished\":\"2025-11-27T13:27:34+00:00\",\"dateModified\":\"2025-11-27T13:27:35+00:00\",\"breadcrumb\":{\"@id\":\"https:\/\/modoviajeok.com.ar\/index.php\/2025\/11\/27\/mas-cultura-mas-deporte-y-mas-servicios-la-carta-de-presentacion-de-mina-clavero-para-el-verano-25-26\/#breadcrumb\"},\"inLanguage\":\"es\",\"potentialAction\":[{\"@type\":\"ReadAction\",\"target\":[\"https:\/\/modoviajeok.com.ar\/index.php\/2025\/11\/27\/mas-cultura-mas-deporte-y-mas-servicios-la-carta-de-presentacion-de-mina-clavero-para-el-verano-25-26\/\"]}]},{\"@type\":\"ImageObject\",\"inLanguage\":\"es\",\"@id\":\"https:\/\/modoviajeok.com.ar\/index.php\/2025\/11\/27\/mas-cultura-mas-deporte-y-mas-servicios-la-carta-de-presentacion-de-mina-clavero-para-el-verano-25-26\/#primaryimage\",\"url\":\"https:\/\/modoviajeok.com.ar\/wp-content\/uploads\/2025\/11\/IMG-20221210-WA0026.jpg\",\"contentUrl\":\"https:\/\/modoviajeok.com.ar\/wp-content\/uploads\/2025\/11\/IMG-20221210-WA0026.jpg\",\"width\":1200,\"height\":1600},{\"@type\":\"BreadcrumbList\",\"@id\":\"https:\/\/modoviajeok.com.ar\/index.php\/2025\/11\/27\/mas-cultura-mas-deporte-y-mas-servicios-la-carta-de-presentacion-de-mina-clavero-para-el-verano-25-26\/#breadcrumb\",\"itemListElement\":[{\"@type\":\"ListItem\",\"position\":1,\"name\":\"Portada\",\"item\":\"https:\/\/modoviajeok.com.ar\/\"},{\"@type\":\"ListItem\",\"position\":2,\"name\":\"M\u00e1s cultura, m\u00e1s deporte y m\u00e1s servicios: la carta de presentaci\u00f3n de Mina Clavero para el verano 25-26\"}]},{\"@type\":\"WebSite\",\"@id\":\"https:\/\/modoviajeok.com.ar\/#website\",\"url\":\"https:\/\/modoviajeok.com.ar\/\",\"name\":\"ModoViajeOK\",\"description\":\"\",\"publisher\":{\"@id\":\"https:\/\/modoviajeok.com.ar\/#organization\"},\"potentialAction\":[{\"@type\":\"SearchAction\",\"target\":{\"@type\":\"EntryPoint\",\"urlTemplate\":\"https:\/\/modoviajeok.com.ar\/?s={search_term_string}\"},\"query-input\":{\"@type\":\"PropertyValueSpecification\",\"valueRequired\":true,\"valueName\":\"search_term_string\"}}],\"inLanguage\":\"es\"},{\"@type\":\"Organization\",\"@id\":\"https:\/\/modoviajeok.com.ar\/#organization\",\"name\":\"ModoViajeOK\",\"url\":\"https:\/\/modoviajeok.com.ar\/\",\"logo\":{\"@type\":\"ImageObject\",\"inLanguage\":\"es\",\"@id\":\"https:\/\/modoviajeok.com.ar\/#\/schema\/logo\/image\/\",\"url\":\"https:\/\/modoviajeok.com.ar\/wp-content\/uploads\/2025\/01\/Logo-modoviajeok.png\",\"contentUrl\":\"https:\/\/modoviajeok.com.ar\/wp-content\/uploads\/2025\/01\/Logo-modoviajeok.png\",\"width\":2938,\"height\":2276,\"caption\":\"ModoViajeOK\"},\"image\":{\"@id\":\"https:\/\/modoviajeok.com.ar\/#\/schema\/logo\/image\/\"},\"sameAs\":[\"https:\/\/www.facebook.com\/mariana.otero1\/\",\"https:\/\/www.instagram.com\/modoviaje.ok\/\"]},{\"@type\":\"Person\",\"@id\":\"https:\/\/modoviajeok.com.ar\/#\/schema\/person\/2e299ed0d3d412a01d244fe28260d7f5\",\"name\":\"Pepe Segura\",\"image\":{\"@type\":\"ImageObject\",\"inLanguage\":\"es\",\"@id\":\"https:\/\/modoviajeok.com.ar\/#\/schema\/person\/image\/\",\"url\":\"https:\/\/secure.gravatar.com\/avatar\/65eb4b34deed761327f5b2c5535b987318ae807900ac46426de7258f5de6d345?s=96&d=mm&r=g\",\"contentUrl\":\"https:\/\/secure.gravatar.com\/avatar\/65eb4b34deed761327f5b2c5535b987318ae807900ac46426de7258f5de6d345?s=96&d=mm&r=g\",\"caption\":\"Pepe Segura\"},\"url\":\"https:\/\/modoviajeok.com.ar\/index.php\/author\/pepe2025\/\"}]}<\/script>\n<!-- \/ Yoast SEO plugin. -->","yoast_head_json":{"title":"M\u00e1s cultura, m\u00e1s deporte y m\u00e1s servicios: la carta de presentaci\u00f3n de Mina Clavero para el verano 25-26 -","robots":{"index":"index","follow":"follow","max-snippet":"max-snippet:-1","max-image-preview":"max-image-preview:large","max-video-preview":"max-video-preview:-1"},"canonical":"https:\/\/modoviajeok.com.ar\/index.php\/2025\/11\/27\/mas-cultura-mas-deporte-y-mas-servicios-la-carta-de-presentacion-de-mina-clavero-para-el-verano-25-26\/","og_locale":"es_ES","og_type":"article","og_title":"M\u00e1s cultura, m\u00e1s deporte y m\u00e1s servicios: la carta de presentaci\u00f3n de Mina Clavero para el verano 25-26 -","og_description":"El lanzamiento de la temporada se realiz\u00f3 en C\u00f3rdoba e incluy\u00f3, adem\u00e1s, la presentaci\u00f3n del Gran Premio Rally Jorge Recalde, uno de los eventos deportivos m\u00e1s emblem\u00e1ticos de la regi\u00f3n. El pasado mi\u00e9rcoles, la Municipalidad de Mina Clavero realiz\u00f3 la presentaci\u00f3n oficial de la Temporada Tur\u00edstica 2025\/26, en un encuentro que reuni\u00f3 a autoridades, medios [&hellip;]","og_url":"https:\/\/modoviajeok.com.ar\/index.php\/2025\/11\/27\/mas-cultura-mas-deporte-y-mas-servicios-la-carta-de-presentacion-de-mina-clavero-para-el-verano-25-26\/","article_publisher":"https:\/\/www.facebook.com\/mariana.otero1\/","article_published_time":"2025-11-27T13:27:34+00:00","article_modified_time":"2025-11-27T13:27:35+00:00","og_image":[{"width":1200,"height":1600,"url":"https:\/\/modoviajeok.com.ar\/wp-content\/uploads\/2025\/11\/IMG-20221210-WA0026.jpg","type":"image\/jpeg"}],"author":"Pepe Segura","twitter_card":"summary_large_image","twitter_misc":{"Escrito por":"Pepe Segura","Tiempo de lectura":"3 minutos"},"schema":{"@context":"https:\/\/schema.org","@graph":[{"@type":"Article","@id":"https:\/\/modoviajeok.com.ar\/index.php\/2025\/11\/27\/mas-cultura-mas-deporte-y-mas-servicios-la-carta-de-presentacion-de-mina-clavero-para-el-verano-25-26\/#article","isPartOf":{"@id":"https:\/\/modoviajeok.com.ar\/index.php\/2025\/11\/27\/mas-cultura-mas-deporte-y-mas-servicios-la-carta-de-presentacion-de-mina-clavero-para-el-verano-25-26\/"},"author":{"name":"Pepe Segura","@id":"https:\/\/modoviajeok.com.ar\/#\/schema\/person\/2e299ed0d3d412a01d244fe28260d7f5"},"headline":"M\u00e1s cultura, m\u00e1s deporte y m\u00e1s servicios: la carta de presentaci\u00f3n de Mina Clavero para el verano 25-26","datePublished":"2025-11-27T13:27:34+00:00","dateModified":"2025-11-27T13:27:35+00:00","mainEntityOfPage":{"@id":"https:\/\/modoviajeok.com.ar\/index.php\/2025\/11\/27\/mas-cultura-mas-deporte-y-mas-servicios-la-carta-de-presentacion-de-mina-clavero-para-el-verano-25-26\/"},"wordCount":544,"commentCount":0,"publisher":{"@id":"https:\/\/modoviajeok.com.ar\/#organization"},"image":{"@id":"https:\/\/modoviajeok.com.ar\/index.php\/2025\/11\/27\/mas-cultura-mas-deporte-y-mas-servicios-la-carta-de-presentacion-de-mina-clavero-para-el-verano-25-26\/#primaryimage"},"thumbnailUrl":"https:\/\/modoviajeok.com.ar\/wp-content\/uploads\/2025\/11\/IMG-20221210-WA0026.jpg","keywords":["jorge recalde","mina clavero","traslasierra"],"articleSection":["C\u00f3rdoba","Noticias"],"inLanguage":"es","potentialAction":[{"@type":"CommentAction","name":"Comment","target":["https:\/\/modoviajeok.com.ar\/index.php\/2025\/11\/27\/mas-cultura-mas-deporte-y-mas-servicios-la-carta-de-presentacion-de-mina-clavero-para-el-verano-25-26\/#respond"]}]},{"@type":"WebPage","@id":"https:\/\/modoviajeok.com.ar\/index.php\/2025\/11\/27\/mas-cultura-mas-deporte-y-mas-servicios-la-carta-de-presentacion-de-mina-clavero-para-el-verano-25-26\/","url":"https:\/\/modoviajeok.com.ar\/index.php\/2025\/11\/27\/mas-cultura-mas-deporte-y-mas-servicios-la-carta-de-presentacion-de-mina-clavero-para-el-verano-25-26\/","name":"M\u00e1s cultura, m\u00e1s deporte y m\u00e1s servicios: la carta de presentaci\u00f3n de Mina Clavero para el verano 25-26 -","isPartOf":{"@id":"https:\/\/modoviajeok.com.ar\/#website"},"primaryImageOfPage":{"@id":"https:\/\/modoviajeok.com.ar\/index.php\/2025\/11\/27\/mas-cultura-mas-deporte-y-mas-servicios-la-carta-de-presentacion-de-mina-clavero-para-el-verano-25-26\/#primaryimage"},"image":{"@id":"https:\/\/modoviajeok.com.ar\/index.php\/2025\/11\/27\/mas-cultura-mas-deporte-y-mas-servicios-la-carta-de-presentacion-de-mina-clavero-para-el-verano-25-26\/#primaryimage"},"thumbnailUrl":"https:\/\/modoviajeok.com.ar\/wp-content\/uploads\/2025\/11\/IMG-20221210-WA0026.jpg","datePublished":"2025-11-27T13:27:34+00:00","dateModified":"2025-11-27T13:27:35+00:00","breadcrumb":{"@id":"https:\/\/modoviajeok.com.ar\/index.php\/2025\/11\/27\/mas-cultura-mas-deporte-y-mas-servicios-la-carta-de-presentacion-de-mina-clavero-para-el-verano-25-26\/#breadcrumb"},"inLanguage":"es","potentialAction":[{"@type":"ReadAction","target":["https:\/\/modoviajeok.com.ar\/index.php\/2025\/11\/27\/mas-cultura-mas-deporte-y-mas-servicios-la-carta-de-presentacion-de-mina-clavero-para-el-verano-25-26\/"]}]},{"@type":"ImageObject","inLanguage":"es","@id":"https:\/\/modoviajeok.com.ar\/index.php\/2025\/11\/27\/mas-cultura-mas-deporte-y-mas-servicios-la-carta-de-presentacion-de-mina-clavero-para-el-verano-25-26\/#primaryimage","url":"https:\/\/modoviajeok.com.ar\/wp-content\/uploads\/2025\/11\/IMG-20221210-WA0026.jpg","contentUrl":"https:\/\/modoviajeok.com.ar\/wp-content\/uploads\/2025\/11\/IMG-20221210-WA0026.jpg","width":1200,"height":1600},{"@type":"BreadcrumbList","@id":"https:\/\/modoviajeok.com.ar\/index.php\/2025\/11\/27\/mas-cultura-mas-deporte-y-mas-servicios-la-carta-de-presentacion-de-mina-clavero-para-el-verano-25-26\/#breadcrumb","itemListElement":[{"@type":"ListItem","position":1,"name":"Portada","item":"https:\/\/modoviajeok.com.ar\/"},{"@type":"ListItem","position":2,"name":"M\u00e1s cultura, m\u00e1s deporte y m\u00e1s servicios: la carta de presentaci\u00f3n de Mina Clavero para el verano 25-26"}]},{"@type":"WebSite","@id":"https:\/\/modoviajeok.com.ar\/#website","url":"https:\/\/modoviajeok.com.ar\/","name":"ModoViajeOK","description":"","publisher":{"@id":"https:\/\/modoviajeok.com.ar\/#organization"},"potentialAction":[{"@type":"SearchAction","target":{"@type":"EntryPoint","urlTemplate":"https:\/\/modoviajeok.com.ar\/?s={search_term_string}"},"query-input":{"@type":"PropertyValueSpecification","valueRequired":true,"valueName":"search_term_string"}}],"inLanguage":"es"},{"@type":"Organization","@id":"https:\/\/modoviajeok.com.ar\/#organization","name":"ModoViajeOK","url":"https:\/\/modoviajeok.com.ar\/","logo":{"@type":"ImageObject","inLanguage":"es","@id":"https:\/\/modoviajeok.com.ar\/#\/schema\/logo\/image\/","url":"https:\/\/modoviajeok.com.ar\/wp-content\/uploads\/2025\/01\/Logo-modoviajeok.png","contentUrl":"https:\/\/modoviajeok.com.ar\/wp-content\/uploads\/2025\/01\/Logo-modoviajeok.png","width":2938,"height":2276,"caption":"ModoViajeOK"},"image":{"@id":"https:\/\/modoviajeok.com.ar\/#\/schema\/logo\/image\/"},"sameAs":["https:\/\/www.facebook.com\/mariana.otero1\/","https:\/\/www.instagram.com\/modoviaje.ok\/"]},{"@type":"Person","@id":"https:\/\/modoviajeok.com.ar\/#\/schema\/person\/2e299ed0d3d412a01d244fe28260d7f5","name":"Pepe Segura","image":{"@type":"ImageObject","inLanguage":"es","@id":"https:\/\/modoviajeok.com.ar\/#\/schema\/person\/image\/","url":"https:\/\/secure.gravatar.com\/avatar\/65eb4b34deed761327f5b2c5535b987318ae807900ac46426de7258f5de6d345?s=96&d=mm&r=g","contentUrl":"https:\/\/secure.gravatar.com\/avatar\/65eb4b34deed761327f5b2c5535b987318ae807900ac46426de7258f5de6d345?s=96&d=mm&r=g","caption":"Pepe Segura"},"url":"https:\/\/modoviajeok.com.ar\/index.php\/author\/pepe2025\/"}]}},"_links":{"self":[{"href":"https:\/\/modoviajeok.com.ar\/index.php\/wp-json\/wp\/v2\/posts\/6493","targetHints":{"allow":["GET"]}}],"collection":[{"href":"https:\/\/modoviajeok.com.ar\/index.php\/wp-json\/wp\/v2\/posts"}],"about":[{"href":"https:\/\/modoviajeok.com.ar\/index.php\/wp-json\/wp\/v2\/types\/post"}],"author":[{"embeddable":true,"href":"https:\/\/modoviajeok.com.ar\/index.php\/wp-json\/wp\/v2\/users\/3"}],"replies":[{"embeddable":true,"href":"https:\/\/modoviajeok.com.ar\/index.php\/wp-json\/wp\/v2\/comments?post=6493"}],"version-history":[{"count":1,"href":"https:\/\/modoviajeok.com.ar\/index.php\/wp-json\/wp\/v2\/posts\/6493\/revisions"}],"predecessor-version":[{"id":6498,"href":"https:\/\/modoviajeok.com.ar\/index.php\/wp-json\/wp\/v2\/posts\/6493\/revisions\/6498"}],"wp:featuredmedia":[{"embeddable":true,"href":"https:\/\/modoviajeok.com.ar\/index.php\/wp-json\/wp\/v2\/media\/6494"}],"wp:attachment":[{"href":"https:\/\/modoviajeok.com.ar\/index.php\/wp-json\/wp\/v2\/media?parent=6493"}],"wp:term":[{"taxonomy":"category","embeddable":true,"href":"https:\/\/modoviajeok.com.ar\/index.php\/wp-json\/wp\/v2\/categories?post=6493"},{"taxonomy":"post_tag","embeddable":true,"href":"https:\/\/modoviajeok.com.ar\/index.php\/wp-json\/wp\/v2\/tags?post=6493"}],"curies":[{"name":"wp","href":"https:\/\/api.w.org\/{rel}","templated":true}]}}