{"id":6499,"date":"2025-11-28T08:00:00","date_gmt":"2025-11-28T11:00:00","guid":{"rendered":"https:\/\/modoviajeok.com.ar\/?p=6499"},"modified":"2025-11-27T17:24:58","modified_gmt":"2025-11-27T20:24:58","slug":"scioli-en-una-mesa-de-dialogo-con-referentes-del-sector-turistico-en-cordoba","status":"publish","type":"post","link":"https:\/\/modoviajeok.com.ar\/index.php\/2025\/11\/28\/scioli-en-una-mesa-de-dialogo-con-referentes-del-sector-turistico-en-cordoba\/","title":{"rendered":"Scioli, en una mesa de di\u00e1logo con referentes del sector tur\u00edstico en C\u00f3rdoba"},"content":{"rendered":"\n<figure class=\"wp-block-pullquote\"><blockquote><p>El Secretario de Turismo y Ambiente de la Naci\u00f3n, Daniel Scioli, encabez\u00f3 un encuentro clave con el sector tur\u00edstico de C\u00f3rdoba para coordinar acciones en conjunto de cara a la temporada de verano, entreg\u00f3 reconocimientos a la provincia y destac\u00f3 la federalizaci\u00f3n de los Premios Bit\u00e1cora.<\/p><\/blockquote><\/figure>\n\n\n\n<p>El Secretario de Turismo y Ambiente de la Naci\u00f3n, Daniel Scioli, encabez\u00f3 un encuentro clave con el sector tur\u00edstico de C\u00f3rdoba para coordinar acciones en conjunto de cara a la temporada de verano, entreg\u00f3 reconocimientos a la provincia y destac\u00f3 la federalizaci\u00f3n de los Premios Bit\u00e1cora.<br><br>Scioli, junto al presidente de la Agencia C\u00f3rdoba Turismo, Dario Capitani, y a la presidenta de la C\u00e1mara Argentina de Turismo, Laura Teruel, particip\u00f3 de un encuentro con m\u00e1s de 30 referentes del sector tur\u00edstico, incluyendo actores del \u00e1mbito p\u00fablico, privado y acad\u00e9mico de la provincia.<br><br>El objetivo principal fue trazar las estrategias conjuntas para la pr\u00f3xima temporada de verano 2026. Los ejes centrales del debate incluyeron la financiaci\u00f3n, la promoci\u00f3n y la conectividad necesaria para potenciar la oferta tur\u00edstica regional, no solo para el verano, sino tambi\u00e9n para consolidar los fines de semana largos.<br><br>En su intervenci\u00f3n, Scioli destac\u00f3 la estabilidad econ\u00f3mica alcanzada bajo el liderazgo del Presidente Javier Milei, se\u00f1alando que esta previsibilidad es clave para que las familias argentinas elijan recorrer el pa\u00eds, y reafirm\u00f3: \u201cEl compromiso del Gobierno en apoyar nuestro sector ya que es un motor esencial de la econom\u00eda nacional y fuente de crecimiento. Estamos trabajando en un punto central para nuestra \u00e1rea, en el incremento del turismo receptivo, y para lograr este objetivo el aporte de C\u00f3rdoba es clave, ya que se ha consolidado como un gran hub a\u00e9reo que facilita el recorrido de los turistas extranjeros por toda la Argentina\u201d, finaliz\u00f3 el funcionario.<br><br>El secretario reconoci\u00f3 a la provincia de C\u00f3rdoba por su rol hist\u00f3rico y fundamental en el turismo argentino, y destac\u00f3 su consolidaci\u00f3n como destino emblem\u00e1tico y uno de los m\u00e1s elegidos del pa\u00eds a\u00f1o tras a\u00f1o.<\/p>\n\n\n\n<p><br><br>Asimismo, Scioli entreg\u00f3 un valioso reconocimiento a la localidad de San Javier y Yacanto en el marco del programa Best Tourism Villages 2025 de ONU Turismo. El destino fue elegido entre 260 postulaciones de todo el mundo para integrar el Programa \u201cUpgrade\u201d, que ofrece mentor\u00eda para fortalecer la gesti\u00f3n tur\u00edstica y acompa\u00f1ar su camino hacia ser reconocido como uno de los Mejores Pueblos Tur\u00edsticos del Mundo en futuras ediciones.<br><br>Luego, el director Nacional de Desarrollo y Promoci\u00f3n, Pablo Cagnoni, present\u00f3 la propuesta de fines de semana largos para el pr\u00f3ximo a\u00f1o y los programas de la Secretar\u00eda de Turismo y Ambiente de la Naci\u00f3n para fomentar y facilitar el turismo interno.<br><br>Durante la reuni\u00f3n referentes del sector tur\u00edstico cordob\u00e9s plantearon la situaci\u00f3n actual, las inquietudes, dificultades, necesidades y las expectativas que tienen para la pr\u00f3xima temporada estival.<br><br>Como parte de su agenda, el Secretario particip\u00f3 en la 19\u00aa edici\u00f3n de los Premios Bit\u00e1cora 2025, que por primera vez en casi dos d\u00e9cadas se realiza fuera de Buenos Aires buscando federalizar el reconocimiento al sector. Durante la ceremonia con la presencia m\u00e1s de 400 operadores tur\u00edsticos y autoridades, se realiz\u00f3 un reconocimiento a Daniel Scioli por su compromiso con el sector tur\u00edstico. En esta ocasi\u00f3n el Secretario destac\u00f3 la federalizaci\u00f3n de la entrega de los Bit\u00e1cora.<br>\u00a0<\/p>\n\n\n\n<figure class=\"wp-block-image size-full\"><img loading=\"lazy\" decoding=\"async\" width=\"2560\" height=\"1110\" src=\"https:\/\/modoviajeok.com.ar\/wp-content\/uploads\/2025\/11\/20251017_192122-scaled.jpg\" alt=\"\" class=\"wp-image-6503\" srcset=\"https:\/\/modoviajeok.com.ar\/wp-content\/uploads\/2025\/11\/20251017_192122-scaled.jpg 2560w, https:\/\/modoviajeok.com.ar\/wp-content\/uploads\/2025\/11\/20251017_192122-768x333.jpg 768w, https:\/\/modoviajeok.com.ar\/wp-content\/uploads\/2025\/11\/20251017_192122-1536x666.jpg 1536w, https:\/\/modoviajeok.com.ar\/wp-content\/uploads\/2025\/11\/20251017_192122-2048x888.jpg 2048w, https:\/\/modoviajeok.com.ar\/wp-content\/uploads\/2025\/11\/20251017_192122-968x420.jpg 968w, https:\/\/modoviajeok.com.ar\/wp-content\/uploads\/2025\/11\/20251017_192122-150x65.jpg 150w, https:\/\/modoviajeok.com.ar\/wp-content\/uploads\/2025\/11\/20251017_192122-300x130.jpg 300w, https:\/\/modoviajeok.com.ar\/wp-content\/uploads\/2025\/11\/20251017_192122-696x302.jpg 696w, https:\/\/modoviajeok.com.ar\/wp-content\/uploads\/2025\/11\/20251017_192122-1068x463.jpg 1068w, https:\/\/modoviajeok.com.ar\/wp-content\/uploads\/2025\/11\/20251017_192122-1920x833.jpg 1920w\" sizes=\"auto, (max-width: 2560px) 100vw, 2560px\" \/><figcaption class=\"wp-element-caption\">Scioli entreg\u00f3 un reconocimiento a San Javier y Yacanto por su postulaci\u00f3n para el Programa \u201cUpgrade\u201d.<\/figcaption><\/figure>\n\n\n\n<p><\/p>\n\n\n      <div class=\"wp_bannerize_container wp_bannerize_layout_vertical\">\n\n        <div class=\"wp_bannerize_banner_box wp_bannerize_category_intertexto-1\" data-title=\"Modo viaje\" data-mime_type=\"image-gif\" data-banner_id=\"1783\" id=\"wpbanner-1783\" data-impressions_enabled=\"true\" data-clicks_enabled=\"true\"><a href=\"https:\/\/www.instagram.com\/modoviaje.ok?igsh=Z3c5emxsZWFtdXN3\"><img decoding=\"async\" border=\"0\" src=\"https:\/\/modoviajeok.com.ar\/wp-content\/uploads\/2025\/02\/modoviaje.ok-300-x-250-px.gif\" alt=\"Modo viaje\" title=\"Modo viaje\" \/><\/a><\/div>      <\/div>\n\n\n","protected":false},"excerpt":{"rendered":"<p>El Secretario de Turismo y Ambiente de la Naci\u00f3n, Daniel Scioli, encabez\u00f3 un encuentro clave con el sector tur\u00edstico de C\u00f3rdoba para coordinar acciones en conjunto de cara a la temporada de verano, entreg\u00f3 reconocimientos a la provincia y destac\u00f3 la federalizaci\u00f3n de los Premios Bit\u00e1cora. El Secretario de Turismo y Ambiente de la Naci\u00f3n, [&hellip;]<\/p>\n","protected":false},"author":3,"featured_media":6502,"comment_status":"open","ping_status":"open","sticky":false,"template":"","format":"standard","meta":{"_acf_changed":false,"footnotes":""},"categories":[13,10],"tags":[48,1402,1403,858],"class_list":{"0":"post-6499","1":"post","2":"type-post","3":"status-publish","4":"format-standard","5":"has-post-thumbnail","7":"category-argentina","8":"category-noticias","9":"tag-cordoba","10":"tag-dario-capitani","11":"tag-laura-teruel","12":"tag-scioli"},"acf":[],"yoast_head":"<!-- This site is optimized with the Yoast SEO plugin v24.8.1 - https:\/\/yoast.com\/wordpress\/plugins\/seo\/ -->\n<title>Scioli, en una mesa de di\u00e1logo con referentes del sector tur\u00edstico en C\u00f3rdoba -<\/title>\n<meta name=\"robots\" content=\"index, follow, max-snippet:-1, max-image-preview:large, max-video-preview:-1\" \/>\n<link rel=\"canonical\" href=\"https:\/\/modoviajeok.com.ar\/index.php\/2025\/11\/28\/scioli-en-una-mesa-de-dialogo-con-referentes-del-sector-turistico-en-cordoba\/\" \/>\n<meta property=\"og:locale\" content=\"es_ES\" \/>\n<meta property=\"og:type\" content=\"article\" \/>\n<meta property=\"og:title\" content=\"Scioli, en una mesa de di\u00e1logo con referentes del sector tur\u00edstico en C\u00f3rdoba -\" \/>\n<meta property=\"og:description\" content=\"El Secretario de Turismo y Ambiente de la Naci\u00f3n, Daniel Scioli, encabez\u00f3 un encuentro clave con el sector tur\u00edstico de C\u00f3rdoba para coordinar acciones en conjunto de cara a la temporada de verano, entreg\u00f3 reconocimientos a la provincia y destac\u00f3 la federalizaci\u00f3n de los Premios Bit\u00e1cora. El Secretario de Turismo y Ambiente de la Naci\u00f3n, [&hellip;]\" \/>\n<meta property=\"og:url\" content=\"https:\/\/modoviajeok.com.ar\/index.php\/2025\/11\/28\/scioli-en-una-mesa-de-dialogo-con-referentes-del-sector-turistico-en-cordoba\/\" \/>\n<meta property=\"article:publisher\" content=\"https:\/\/www.facebook.com\/mariana.otero1\/\" \/>\n<meta property=\"article:published_time\" content=\"2025-11-28T11:00:00+00:00\" \/>\n<meta property=\"og:image\" content=\"https:\/\/modoviajeok.com.ar\/wp-content\/uploads\/2025\/11\/Sector-privado-Cordoba-scaled.jpeg\" \/>\n\t<meta property=\"og:image:width\" content=\"2560\" \/>\n\t<meta property=\"og:image:height\" content=\"1775\" \/>\n\t<meta property=\"og:image:type\" content=\"image\/jpeg\" \/>\n<meta name=\"author\" content=\"Pepe Segura\" \/>\n<meta name=\"twitter:card\" content=\"summary_large_image\" \/>\n<meta name=\"twitter:label1\" content=\"Escrito por\" \/>\n\t<meta name=\"twitter:data1\" content=\"Pepe Segura\" \/>\n\t<meta name=\"twitter:label2\" content=\"Tiempo de lectura\" \/>\n\t<meta name=\"twitter:data2\" content=\"3 minutos\" \/>\n<script type=\"application\/ld+json\" class=\"yoast-schema-graph\">{\"@context\":\"https:\/\/schema.org\",\"@graph\":[{\"@type\":\"Article\",\"@id\":\"https:\/\/modoviajeok.com.ar\/index.php\/2025\/11\/28\/scioli-en-una-mesa-de-dialogo-con-referentes-del-sector-turistico-en-cordoba\/#article\",\"isPartOf\":{\"@id\":\"https:\/\/modoviajeok.com.ar\/index.php\/2025\/11\/28\/scioli-en-una-mesa-de-dialogo-con-referentes-del-sector-turistico-en-cordoba\/\"},\"author\":{\"name\":\"Pepe Segura\",\"@id\":\"https:\/\/modoviajeok.com.ar\/#\/schema\/person\/2e299ed0d3d412a01d244fe28260d7f5\"},\"headline\":\"Scioli, en una mesa de di\u00e1logo con referentes del sector tur\u00edstico en C\u00f3rdoba\",\"datePublished\":\"2025-11-28T11:00:00+00:00\",\"mainEntityOfPage\":{\"@id\":\"https:\/\/modoviajeok.com.ar\/index.php\/2025\/11\/28\/scioli-en-una-mesa-de-dialogo-con-referentes-del-sector-turistico-en-cordoba\/\"},\"wordCount\":637,\"commentCount\":0,\"publisher\":{\"@id\":\"https:\/\/modoviajeok.com.ar\/#organization\"},\"image\":{\"@id\":\"https:\/\/modoviajeok.com.ar\/index.php\/2025\/11\/28\/scioli-en-una-mesa-de-dialogo-con-referentes-del-sector-turistico-en-cordoba\/#primaryimage\"},\"thumbnailUrl\":\"https:\/\/modoviajeok.com.ar\/wp-content\/uploads\/2025\/11\/Sector-privado-Cordoba-scaled.jpeg\",\"keywords\":[\"c\u00f3rdoba\",\"dario capitani\",\"laura teruel\",\"scioli\"],\"articleSection\":[\"Argentina\",\"Noticias\"],\"inLanguage\":\"es\",\"potentialAction\":[{\"@type\":\"CommentAction\",\"name\":\"Comment\",\"target\":[\"https:\/\/modoviajeok.com.ar\/index.php\/2025\/11\/28\/scioli-en-una-mesa-de-dialogo-con-referentes-del-sector-turistico-en-cordoba\/#respond\"]}]},{\"@type\":\"WebPage\",\"@id\":\"https:\/\/modoviajeok.com.ar\/index.php\/2025\/11\/28\/scioli-en-una-mesa-de-dialogo-con-referentes-del-sector-turistico-en-cordoba\/\",\"url\":\"https:\/\/modoviajeok.com.ar\/index.php\/2025\/11\/28\/scioli-en-una-mesa-de-dialogo-con-referentes-del-sector-turistico-en-cordoba\/\",\"name\":\"Scioli, en una mesa de di\u00e1logo con referentes del sector tur\u00edstico en C\u00f3rdoba -\",\"isPartOf\":{\"@id\":\"https:\/\/modoviajeok.com.ar\/#website\"},\"primaryImageOfPage\":{\"@id\":\"https:\/\/modoviajeok.com.ar\/index.php\/2025\/11\/28\/scioli-en-una-mesa-de-dialogo-con-referentes-del-sector-turistico-en-cordoba\/#primaryimage\"},\"image\":{\"@id\":\"https:\/\/modoviajeok.com.ar\/index.php\/2025\/11\/28\/scioli-en-una-mesa-de-dialogo-con-referentes-del-sector-turistico-en-cordoba\/#primaryimage\"},\"thumbnailUrl\":\"https:\/\/modoviajeok.com.ar\/wp-content\/uploads\/2025\/11\/Sector-privado-Cordoba-scaled.jpeg\",\"datePublished\":\"2025-11-28T11:00:00+00:00\",\"breadcrumb\":{\"@id\":\"https:\/\/modoviajeok.com.ar\/index.php\/2025\/11\/28\/scioli-en-una-mesa-de-dialogo-con-referentes-del-sector-turistico-en-cordoba\/#breadcrumb\"},\"inLanguage\":\"es\",\"potentialAction\":[{\"@type\":\"ReadAction\",\"target\":[\"https:\/\/modoviajeok.com.ar\/index.php\/2025\/11\/28\/scioli-en-una-mesa-de-dialogo-con-referentes-del-sector-turistico-en-cordoba\/\"]}]},{\"@type\":\"ImageObject\",\"inLanguage\":\"es\",\"@id\":\"https:\/\/modoviajeok.com.ar\/index.php\/2025\/11\/28\/scioli-en-una-mesa-de-dialogo-con-referentes-del-sector-turistico-en-cordoba\/#primaryimage\",\"url\":\"https:\/\/modoviajeok.com.ar\/wp-content\/uploads\/2025\/11\/Sector-privado-Cordoba-scaled.jpeg\",\"contentUrl\":\"https:\/\/modoviajeok.com.ar\/wp-content\/uploads\/2025\/11\/Sector-privado-Cordoba-scaled.jpeg\",\"width\":2560,\"height\":1775},{\"@type\":\"BreadcrumbList\",\"@id\":\"https:\/\/modoviajeok.com.ar\/index.php\/2025\/11\/28\/scioli-en-una-mesa-de-dialogo-con-referentes-del-sector-turistico-en-cordoba\/#breadcrumb\",\"itemListElement\":[{\"@type\":\"ListItem\",\"position\":1,\"name\":\"Portada\",\"item\":\"https:\/\/modoviajeok.com.ar\/\"},{\"@type\":\"ListItem\",\"position\":2,\"name\":\"Scioli, en una mesa de di\u00e1logo con referentes del sector tur\u00edstico en C\u00f3rdoba\"}]},{\"@type\":\"WebSite\",\"@id\":\"https:\/\/modoviajeok.com.ar\/#website\",\"url\":\"https:\/\/modoviajeok.com.ar\/\",\"name\":\"ModoViajeOK\",\"description\":\"\",\"publisher\":{\"@id\":\"https:\/\/modoviajeok.com.ar\/#organization\"},\"potentialAction\":[{\"@type\":\"SearchAction\",\"target\":{\"@type\":\"EntryPoint\",\"urlTemplate\":\"https:\/\/modoviajeok.com.ar\/?s={search_term_string}\"},\"query-input\":{\"@type\":\"PropertyValueSpecification\",\"valueRequired\":true,\"valueName\":\"search_term_string\"}}],\"inLanguage\":\"es\"},{\"@type\":\"Organization\",\"@id\":\"https:\/\/modoviajeok.com.ar\/#organization\",\"name\":\"ModoViajeOK\",\"url\":\"https:\/\/modoviajeok.com.ar\/\",\"logo\":{\"@type\":\"ImageObject\",\"inLanguage\":\"es\",\"@id\":\"https:\/\/modoviajeok.com.ar\/#\/schema\/logo\/image\/\",\"url\":\"https:\/\/modoviajeok.com.ar\/wp-content\/uploads\/2025\/01\/Logo-modoviajeok.png\",\"contentUrl\":\"https:\/\/modoviajeok.com.ar\/wp-content\/uploads\/2025\/01\/Logo-modoviajeok.png\",\"width\":2938,\"height\":2276,\"caption\":\"ModoViajeOK\"},\"image\":{\"@id\":\"https:\/\/modoviajeok.com.ar\/#\/schema\/logo\/image\/\"},\"sameAs\":[\"https:\/\/www.facebook.com\/mariana.otero1\/\",\"https:\/\/www.instagram.com\/modoviaje.ok\/\"]},{\"@type\":\"Person\",\"@id\":\"https:\/\/modoviajeok.com.ar\/#\/schema\/person\/2e299ed0d3d412a01d244fe28260d7f5\",\"name\":\"Pepe Segura\",\"image\":{\"@type\":\"ImageObject\",\"inLanguage\":\"es\",\"@id\":\"https:\/\/modoviajeok.com.ar\/#\/schema\/person\/image\/\",\"url\":\"https:\/\/secure.gravatar.com\/avatar\/65eb4b34deed761327f5b2c5535b987318ae807900ac46426de7258f5de6d345?s=96&d=mm&r=g\",\"contentUrl\":\"https:\/\/secure.gravatar.com\/avatar\/65eb4b34deed761327f5b2c5535b987318ae807900ac46426de7258f5de6d345?s=96&d=mm&r=g\",\"caption\":\"Pepe Segura\"},\"url\":\"https:\/\/modoviajeok.com.ar\/index.php\/author\/pepe2025\/\"}]}<\/script>\n<!-- \/ Yoast SEO plugin. -->","yoast_head_json":{"title":"Scioli, en una mesa de di\u00e1logo con referentes del sector tur\u00edstico en C\u00f3rdoba -","robots":{"index":"index","follow":"follow","max-snippet":"max-snippet:-1","max-image-preview":"max-image-preview:large","max-video-preview":"max-video-preview:-1"},"canonical":"https:\/\/modoviajeok.com.ar\/index.php\/2025\/11\/28\/scioli-en-una-mesa-de-dialogo-con-referentes-del-sector-turistico-en-cordoba\/","og_locale":"es_ES","og_type":"article","og_title":"Scioli, en una mesa de di\u00e1logo con referentes del sector tur\u00edstico en C\u00f3rdoba -","og_description":"El Secretario de Turismo y Ambiente de la Naci\u00f3n, Daniel Scioli, encabez\u00f3 un encuentro clave con el sector tur\u00edstico de C\u00f3rdoba para coordinar acciones en conjunto de cara a la temporada de verano, entreg\u00f3 reconocimientos a la provincia y destac\u00f3 la federalizaci\u00f3n de los Premios Bit\u00e1cora. El Secretario de Turismo y Ambiente de la Naci\u00f3n, [&hellip;]","og_url":"https:\/\/modoviajeok.com.ar\/index.php\/2025\/11\/28\/scioli-en-una-mesa-de-dialogo-con-referentes-del-sector-turistico-en-cordoba\/","article_publisher":"https:\/\/www.facebook.com\/mariana.otero1\/","article_published_time":"2025-11-28T11:00:00+00:00","og_image":[{"width":2560,"height":1775,"url":"https:\/\/modoviajeok.com.ar\/wp-content\/uploads\/2025\/11\/Sector-privado-Cordoba-scaled.jpeg","type":"image\/jpeg"}],"author":"Pepe Segura","twitter_card":"summary_large_image","twitter_misc":{"Escrito por":"Pepe Segura","Tiempo de lectura":"3 minutos"},"schema":{"@context":"https:\/\/schema.org","@graph":[{"@type":"Article","@id":"https:\/\/modoviajeok.com.ar\/index.php\/2025\/11\/28\/scioli-en-una-mesa-de-dialogo-con-referentes-del-sector-turistico-en-cordoba\/#article","isPartOf":{"@id":"https:\/\/modoviajeok.com.ar\/index.php\/2025\/11\/28\/scioli-en-una-mesa-de-dialogo-con-referentes-del-sector-turistico-en-cordoba\/"},"author":{"name":"Pepe Segura","@id":"https:\/\/modoviajeok.com.ar\/#\/schema\/person\/2e299ed0d3d412a01d244fe28260d7f5"},"headline":"Scioli, en una mesa de di\u00e1logo con referentes del sector tur\u00edstico en C\u00f3rdoba","datePublished":"2025-11-28T11:00:00+00:00","mainEntityOfPage":{"@id":"https:\/\/modoviajeok.com.ar\/index.php\/2025\/11\/28\/scioli-en-una-mesa-de-dialogo-con-referentes-del-sector-turistico-en-cordoba\/"},"wordCount":637,"commentCount":0,"publisher":{"@id":"https:\/\/modoviajeok.com.ar\/#organization"},"image":{"@id":"https:\/\/modoviajeok.com.ar\/index.php\/2025\/11\/28\/scioli-en-una-mesa-de-dialogo-con-referentes-del-sector-turistico-en-cordoba\/#primaryimage"},"thumbnailUrl":"https:\/\/modoviajeok.com.ar\/wp-content\/uploads\/2025\/11\/Sector-privado-Cordoba-scaled.jpeg","keywords":["c\u00f3rdoba","dario capitani","laura teruel","scioli"],"articleSection":["Argentina","Noticias"],"inLanguage":"es","potentialAction":[{"@type":"CommentAction","name":"Comment","target":["https:\/\/modoviajeok.com.ar\/index.php\/2025\/11\/28\/scioli-en-una-mesa-de-dialogo-con-referentes-del-sector-turistico-en-cordoba\/#respond"]}]},{"@type":"WebPage","@id":"https:\/\/modoviajeok.com.ar\/index.php\/2025\/11\/28\/scioli-en-una-mesa-de-dialogo-con-referentes-del-sector-turistico-en-cordoba\/","url":"https:\/\/modoviajeok.com.ar\/index.php\/2025\/11\/28\/scioli-en-una-mesa-de-dialogo-con-referentes-del-sector-turistico-en-cordoba\/","name":"Scioli, en una mesa de di\u00e1logo con referentes del sector tur\u00edstico en C\u00f3rdoba -","isPartOf":{"@id":"https:\/\/modoviajeok.com.ar\/#website"},"primaryImageOfPage":{"@id":"https:\/\/modoviajeok.com.ar\/index.php\/2025\/11\/28\/scioli-en-una-mesa-de-dialogo-con-referentes-del-sector-turistico-en-cordoba\/#primaryimage"},"image":{"@id":"https:\/\/modoviajeok.com.ar\/index.php\/2025\/11\/28\/scioli-en-una-mesa-de-dialogo-con-referentes-del-sector-turistico-en-cordoba\/#primaryimage"},"thumbnailUrl":"https:\/\/modoviajeok.com.ar\/wp-content\/uploads\/2025\/11\/Sector-privado-Cordoba-scaled.jpeg","datePublished":"2025-11-28T11:00:00+00:00","breadcrumb":{"@id":"https:\/\/modoviajeok.com.ar\/index.php\/2025\/11\/28\/scioli-en-una-mesa-de-dialogo-con-referentes-del-sector-turistico-en-cordoba\/#breadcrumb"},"inLanguage":"es","potentialAction":[{"@type":"ReadAction","target":["https:\/\/modoviajeok.com.ar\/index.php\/2025\/11\/28\/scioli-en-una-mesa-de-dialogo-con-referentes-del-sector-turistico-en-cordoba\/"]}]},{"@type":"ImageObject","inLanguage":"es","@id":"https:\/\/modoviajeok.com.ar\/index.php\/2025\/11\/28\/scioli-en-una-mesa-de-dialogo-con-referentes-del-sector-turistico-en-cordoba\/#primaryimage","url":"https:\/\/modoviajeok.com.ar\/wp-content\/uploads\/2025\/11\/Sector-privado-Cordoba-scaled.jpeg","contentUrl":"https:\/\/modoviajeok.com.ar\/wp-content\/uploads\/2025\/11\/Sector-privado-Cordoba-scaled.jpeg","width":2560,"height":1775},{"@type":"BreadcrumbList","@id":"https:\/\/modoviajeok.com.ar\/index.php\/2025\/11\/28\/scioli-en-una-mesa-de-dialogo-con-referentes-del-sector-turistico-en-cordoba\/#breadcrumb","itemListElement":[{"@type":"ListItem","position":1,"name":"Portada","item":"https:\/\/modoviajeok.com.ar\/"},{"@type":"ListItem","position":2,"name":"Scioli, en una mesa de di\u00e1logo con referentes del sector tur\u00edstico en C\u00f3rdoba"}]},{"@type":"WebSite","@id":"https:\/\/modoviajeok.com.ar\/#website","url":"https:\/\/modoviajeok.com.ar\/","name":"ModoViajeOK","description":"","publisher":{"@id":"https:\/\/modoviajeok.com.ar\/#organization"},"potentialAction":[{"@type":"SearchAction","target":{"@type":"EntryPoint","urlTemplate":"https:\/\/modoviajeok.com.ar\/?s={search_term_string}"},"query-input":{"@type":"PropertyValueSpecification","valueRequired":true,"valueName":"search_term_string"}}],"inLanguage":"es"},{"@type":"Organization","@id":"https:\/\/modoviajeok.com.ar\/#organization","name":"ModoViajeOK","url":"https:\/\/modoviajeok.com.ar\/","logo":{"@type":"ImageObject","inLanguage":"es","@id":"https:\/\/modoviajeok.com.ar\/#\/schema\/logo\/image\/","url":"https:\/\/modoviajeok.com.ar\/wp-content\/uploads\/2025\/01\/Logo-modoviajeok.png","contentUrl":"https:\/\/modoviajeok.com.ar\/wp-content\/uploads\/2025\/01\/Logo-modoviajeok.png","width":2938,"height":2276,"caption":"ModoViajeOK"},"image":{"@id":"https:\/\/modoviajeok.com.ar\/#\/schema\/logo\/image\/"},"sameAs":["https:\/\/www.facebook.com\/mariana.otero1\/","https:\/\/www.instagram.com\/modoviaje.ok\/"]},{"@type":"Person","@id":"https:\/\/modoviajeok.com.ar\/#\/schema\/person\/2e299ed0d3d412a01d244fe28260d7f5","name":"Pepe Segura","image":{"@type":"ImageObject","inLanguage":"es","@id":"https:\/\/modoviajeok.com.ar\/#\/schema\/person\/image\/","url":"https:\/\/secure.gravatar.com\/avatar\/65eb4b34deed761327f5b2c5535b987318ae807900ac46426de7258f5de6d345?s=96&d=mm&r=g","contentUrl":"https:\/\/secure.gravatar.com\/avatar\/65eb4b34deed761327f5b2c5535b987318ae807900ac46426de7258f5de6d345?s=96&d=mm&r=g","caption":"Pepe Segura"},"url":"https:\/\/modoviajeok.com.ar\/index.php\/author\/pepe2025\/"}]}},"_links":{"self":[{"href":"https:\/\/modoviajeok.com.ar\/index.php\/wp-json\/wp\/v2\/posts\/6499","targetHints":{"allow":["GET"]}}],"collection":[{"href":"https:\/\/modoviajeok.com.ar\/index.php\/wp-json\/wp\/v2\/posts"}],"about":[{"href":"https:\/\/modoviajeok.com.ar\/index.php\/wp-json\/wp\/v2\/types\/post"}],"author":[{"embeddable":true,"href":"https:\/\/modoviajeok.com.ar\/index.php\/wp-json\/wp\/v2\/users\/3"}],"replies":[{"embeddable":true,"href":"https:\/\/modoviajeok.com.ar\/index.php\/wp-json\/wp\/v2\/comments?post=6499"}],"version-history":[{"count":1,"href":"https:\/\/modoviajeok.com.ar\/index.php\/wp-json\/wp\/v2\/posts\/6499\/revisions"}],"predecessor-version":[{"id":6504,"href":"https:\/\/modoviajeok.com.ar\/index.php\/wp-json\/wp\/v2\/posts\/6499\/revisions\/6504"}],"wp:featuredmedia":[{"embeddable":true,"href":"https:\/\/modoviajeok.com.ar\/index.php\/wp-json\/wp\/v2\/media\/6502"}],"wp:attachment":[{"href":"https:\/\/modoviajeok.com.ar\/index.php\/wp-json\/wp\/v2\/media?parent=6499"}],"wp:term":[{"taxonomy":"category","embeddable":true,"href":"https:\/\/modoviajeok.com.ar\/index.php\/wp-json\/wp\/v2\/categories?post=6499"},{"taxonomy":"post_tag","embeddable":true,"href":"https:\/\/modoviajeok.com.ar\/index.php\/wp-json\/wp\/v2\/tags?post=6499"}],"curies":[{"name":"wp","href":"https:\/\/api.w.org\/{rel}","templated":true}]}}