{"id":6505,"date":"2025-11-28T08:00:00","date_gmt":"2025-11-28T11:00:00","guid":{"rendered":"https:\/\/modoviajeok.com.ar\/?p=6505"},"modified":"2025-12-11T19:19:02","modified_gmt":"2025-12-11T22:19:02","slug":"cordoba-reforzo-la-seguridad-y-el-acompanamiento-para-la-practica-de-senderismo-y-trekking","status":"publish","type":"post","link":"https:\/\/modoviajeok.com.ar\/index.php\/2025\/11\/28\/cordoba-reforzo-la-seguridad-y-el-acompanamiento-para-la-practica-de-senderismo-y-trekking\/","title":{"rendered":"C\u00f3rdoba reforz\u00f3 la seguridad y el acompa\u00f1amiento para la pr\u00e1ctica de senderismo y trekking"},"content":{"rendered":"\n<figure class=\"wp-block-pullquote\"><blockquote><p>La Agencia C\u00f3rdoba Turismo junto a la APTAC (Asociaci\u00f3n de Prestadores de Turismo Alternativo C\u00f3rdoba)<strong> <\/strong>y la Asociaci\u00f3n de Gu\u00edas de la Quebrada del Condorito, delinearon los nuevos par\u00e1metros para la actividad.<br><\/p><\/blockquote><\/figure>\n\n\n\n<figure class=\"wp-block-image size-full\"><img loading=\"lazy\" decoding=\"async\" width=\"775\" height=\"1088\" src=\"https:\/\/modoviajeok.com.ar\/wp-content\/uploads\/2025\/11\/DSCN0010_1.jpg\" alt=\"\" class=\"wp-image-6506\" srcset=\"https:\/\/modoviajeok.com.ar\/wp-content\/uploads\/2025\/11\/DSCN0010_1.jpg 775w, https:\/\/modoviajeok.com.ar\/wp-content\/uploads\/2025\/11\/DSCN0010_1-768x1078.jpg 768w, https:\/\/modoviajeok.com.ar\/wp-content\/uploads\/2025\/11\/DSCN0010_1-299x420.jpg 299w, https:\/\/modoviajeok.com.ar\/wp-content\/uploads\/2025\/11\/DSCN0010_1-150x211.jpg 150w, https:\/\/modoviajeok.com.ar\/wp-content\/uploads\/2025\/11\/DSCN0010_1-300x421.jpg 300w, https:\/\/modoviajeok.com.ar\/wp-content\/uploads\/2025\/11\/DSCN0010_1-696x977.jpg 696w\" sizes=\"auto, (max-width: 775px) 100vw, 775px\" \/><\/figure>\n\n\n\n<p><\/p>\n\n\n\n<p>La Provincia de C\u00f3rdoba reforz\u00f3 las condiciones para las actividades de senderismo y trekking, con el objetivo de mejorar las condiciones de seguridad y garantizar un acompa\u00f1amiento profesional adecuado en cada experiencia tur\u00edstica.<\/p>\n\n\n\n<p>La resoluci\u00f3n \u2014publicada en el Bolet\u00edn Oficial\u2014 redefine criterios vinculados a la capacidad de los grupos, los niveles de riesgo y los requisitos para los prestadores habilitados, en el marco de la Ley 8.801 y su decreto reglamentario.<\/p>\n\n\n\n<p><strong>Un trabajo conjunto para mejorar la experiencia<\/strong><\/p>\n\n\n\n<p>La actualizaci\u00f3n nace de un proceso de varios meses de trabajo entre la Agencia C\u00f3rdoba Turismo y diversas asociaciones del sector, entre ellas APTAC (Asociaci\u00f3n de Prestadores de Turismo Alternativo C\u00f3rdoba)<strong> <\/strong>y la Asociaci\u00f3n de Gu\u00edas de la Quebrada del Condorito, que aportaron su conocimiento t\u00e9cnico y operativo.<\/p>\n\n\n\n<p>El director de Inversiones y Servicios Tur\u00edsticos de la Agencia C\u00f3rdoba Turismo, Marcos Baradiotti, se\u00f1al\u00f3 que la legislaci\u00f3n previa no establec\u00eda un tope de personas por gu\u00eda, lo que hac\u00eda que algunas actividades se desarrollaran con grupos muy numerosos y, por lo tanto, con mayor exposici\u00f3n al riesgo.&nbsp;\u201cLo que hicimos fue fijar ratios de participantes por prestador seg\u00fan el tipo de actividad y su nivel de riesgo, tomando como referencia los criterios que ya aplican los Parques Nacionales\u201d<strong><em>,&nbsp;<\/em><\/strong>explic\u00f3.<\/p>\n\n\n\n<p>Esta medida permite fortalecer el contacto directo entre el profesional y cada excursionista, favoreciendo un manejo responsable y seguro de los grupos.<\/p>\n\n\n\n<figure class=\"wp-block-image size-full\"><img loading=\"lazy\" decoding=\"async\" width=\"1334\" height=\"2560\" src=\"https:\/\/modoviajeok.com.ar\/wp-content\/uploads\/2025\/11\/20251018_105111-scaled.jpg\" alt=\"\" class=\"wp-image-6507\" srcset=\"https:\/\/modoviajeok.com.ar\/wp-content\/uploads\/2025\/11\/20251018_105111-scaled.jpg 1334w, https:\/\/modoviajeok.com.ar\/wp-content\/uploads\/2025\/11\/20251018_105111-768x1473.jpg 768w, https:\/\/modoviajeok.com.ar\/wp-content\/uploads\/2025\/11\/20251018_105111-801x1536.jpg 801w, https:\/\/modoviajeok.com.ar\/wp-content\/uploads\/2025\/11\/20251018_105111-219x420.jpg 219w, https:\/\/modoviajeok.com.ar\/wp-content\/uploads\/2025\/11\/20251018_105111-150x288.jpg 150w, https:\/\/modoviajeok.com.ar\/wp-content\/uploads\/2025\/11\/20251018_105111-300x576.jpg 300w, https:\/\/modoviajeok.com.ar\/wp-content\/uploads\/2025\/11\/20251018_105111-696x1335.jpg 696w, https:\/\/modoviajeok.com.ar\/wp-content\/uploads\/2025\/11\/20251018_105111-1068x2049.jpg 1068w\" sizes=\"auto, (max-width: 1334px) 100vw, 1334px\" \/><\/figure>\n\n\n\n<p><strong>Nuevos criterios y l\u00edmites para cada actividad<\/strong><\/p>\n\n\n\n<p>La resoluci\u00f3n establece los siguientes topes de participantes por prestador habilitado:<\/p>\n\n\n\n<ul class=\"wp-block-list\">\n<li><strong>Caminatas de hasta segundo grado \u2013 Riesgo bajo:\u00a0<\/strong>Un prestador cada 20 participantes.<\/li>\n\n\n\n<li><strong>Trekking \u2013 Riesgo medio:\u00a0<\/strong>Un prestador cada 15 participantes.<\/li>\n\n\n\n<li><strong>Actividades de trekking con pasos t\u00e9cnicos o uso de equipo de seguridad:\u00a0<\/strong>Un prestador cada 8 participantes\u00a0(Ej.: Cerro de la Cruz, Cerro Mogote y zonas similares).<\/li>\n<\/ul>\n\n\n\n<p>Cuando el n\u00famero de asistentes excede lo permitido, se debe incorporar un segundo o tercer prestador seg\u00fan el tama\u00f1o del grupo. El prestador no se computa como participante.<\/p>\n\n\n\n<p>Tambi\u00e9n se incluyen esquemas espec\u00edficos para actividades con menores y para instituciones sin fines de lucro, con presencia obligatoria de adultos responsables.<\/p>\n\n\n\n<p><strong>La importancia de contratar prestadores habilitados<\/strong><\/p>\n\n\n\n<p>Los prestadores de turismo alternativo son profesionales responsables de organizar, coordinar y gestionar el riesgo en cada salida, adem\u00e1s de transmitir la informaci\u00f3n esencial para el desarrollo seguro de la actividad.<\/p>\n\n\n\n<p>Desde APTAC resaltaron que la normativa refuerza el compromiso con la calidad del servicio y recordaron que es fundamental verificar la habilitaci\u00f3n vigente de quien se contrata. Actualmente, la Agencia C\u00f3rdoba Turismo registra 470 prestadores habilitados, de los cuales 60 integran la asociaci\u00f3n.<\/p>\n\n\n\n<p><strong>Seguridad, calidad y cuidado del entorno natural<\/strong><\/p>\n\n\n\n<p>Con esta actualizaci\u00f3n normativa, C\u00f3rdoba se alinea a est\u00e1ndares nacionales que ya aplican organismos como la Administraci\u00f3n de Parques Nacionales, fortaleciendo la seguridad en monta\u00f1a y promoviendo un manejo responsable del ambiente.<\/p>\n\n\n\n<p>La Agencia C\u00f3rdoba Turismo ser\u00e1 la encargada de supervisar su cumplimiento y aplicar las sanciones correspondientes ante cualquier infracci\u00f3n, conforme lo establece la Ley 8.801.<\/p>\n\n\n      <div class=\"wp_bannerize_container wp_bannerize_layout_vertical\">\n\n        <div class=\"wp_bannerize_banner_box wp_bannerize_category_intertexto-1\" data-title=\"Modo viaje\" data-mime_type=\"image-gif\" data-banner_id=\"1783\" id=\"wpbanner-1783\" data-impressions_enabled=\"true\" data-clicks_enabled=\"true\"><a href=\"https:\/\/www.instagram.com\/modoviaje.ok?igsh=Z3c5emxsZWFtdXN3\"><img decoding=\"async\" border=\"0\" src=\"https:\/\/modoviajeok.com.ar\/wp-content\/uploads\/2025\/02\/modoviaje.ok-300-x-250-px.gif\" alt=\"Modo viaje\" title=\"Modo viaje\" \/><\/a><\/div>      <\/div>\n\n\n","protected":false},"excerpt":{"rendered":"<p>La Agencia C\u00f3rdoba Turismo junto a la APTAC (Asociaci\u00f3n de Prestadores de Turismo Alternativo C\u00f3rdoba) y la Asociaci\u00f3n de Gu\u00edas de la Quebrada del Condorito, delinearon los nuevos par\u00e1metros para la actividad. La Provincia de C\u00f3rdoba reforz\u00f3 las condiciones para las actividades de senderismo y trekking, con el objetivo de mejorar las condiciones de seguridad [&hellip;]<\/p>\n","protected":false},"author":3,"featured_media":6509,"comment_status":"open","ping_status":"open","sticky":false,"template":"","format":"standard","meta":{"_acf_changed":false,"footnotes":""},"categories":[11,2,12],"tags":[1404,457],"class_list":{"0":"post-6505","1":"post","2":"type-post","3":"status-publish","4":"format-standard","5":"has-post-thumbnail","7":"category-cordoba","8":"category-destacadas","9":"category-novedades","10":"tag-senderismo","11":"tag-trekking"},"acf":[],"yoast_head":"<!-- This site is optimized with the Yoast SEO plugin v24.8.1 - https:\/\/yoast.com\/wordpress\/plugins\/seo\/ -->\n<title>C\u00f3rdoba reforz\u00f3 la seguridad y el acompa\u00f1amiento para la pr\u00e1ctica de senderismo y trekking -<\/title>\n<meta name=\"robots\" content=\"index, follow, max-snippet:-1, max-image-preview:large, max-video-preview:-1\" \/>\n<link rel=\"canonical\" href=\"https:\/\/modoviajeok.com.ar\/index.php\/2025\/11\/28\/cordoba-reforzo-la-seguridad-y-el-acompanamiento-para-la-practica-de-senderismo-y-trekking\/\" \/>\n<meta property=\"og:locale\" content=\"es_ES\" \/>\n<meta property=\"og:type\" content=\"article\" \/>\n<meta property=\"og:title\" content=\"C\u00f3rdoba reforz\u00f3 la seguridad y el acompa\u00f1amiento para la pr\u00e1ctica de senderismo y trekking -\" \/>\n<meta property=\"og:description\" content=\"La Agencia C\u00f3rdoba Turismo junto a la APTAC (Asociaci\u00f3n de Prestadores de Turismo Alternativo C\u00f3rdoba) y la Asociaci\u00f3n de Gu\u00edas de la Quebrada del Condorito, delinearon los nuevos par\u00e1metros para la actividad. La Provincia de C\u00f3rdoba reforz\u00f3 las condiciones para las actividades de senderismo y trekking, con el objetivo de mejorar las condiciones de seguridad [&hellip;]\" \/>\n<meta property=\"og:url\" content=\"https:\/\/modoviajeok.com.ar\/index.php\/2025\/11\/28\/cordoba-reforzo-la-seguridad-y-el-acompanamiento-para-la-practica-de-senderismo-y-trekking\/\" \/>\n<meta property=\"article:publisher\" content=\"https:\/\/www.facebook.com\/mariana.otero1\/\" \/>\n<meta property=\"article:published_time\" content=\"2025-11-28T11:00:00+00:00\" \/>\n<meta property=\"article:modified_time\" content=\"2025-12-11T22:19:02+00:00\" \/>\n<meta property=\"og:image\" content=\"https:\/\/modoviajeok.com.ar\/wp-content\/uploads\/2025\/11\/camino-a-la-cumbre-1536x1152-1.jpg\" \/>\n\t<meta property=\"og:image:width\" content=\"1536\" \/>\n\t<meta property=\"og:image:height\" content=\"1152\" \/>\n\t<meta property=\"og:image:type\" content=\"image\/jpeg\" \/>\n<meta name=\"author\" content=\"Pepe Segura\" \/>\n<meta name=\"twitter:card\" content=\"summary_large_image\" \/>\n<meta name=\"twitter:label1\" content=\"Escrito por\" \/>\n\t<meta name=\"twitter:data1\" content=\"Pepe Segura\" \/>\n\t<meta name=\"twitter:label2\" content=\"Tiempo de lectura\" \/>\n\t<meta name=\"twitter:data2\" content=\"3 minutos\" \/>\n<script type=\"application\/ld+json\" class=\"yoast-schema-graph\">{\"@context\":\"https:\/\/schema.org\",\"@graph\":[{\"@type\":\"Article\",\"@id\":\"https:\/\/modoviajeok.com.ar\/index.php\/2025\/11\/28\/cordoba-reforzo-la-seguridad-y-el-acompanamiento-para-la-practica-de-senderismo-y-trekking\/#article\",\"isPartOf\":{\"@id\":\"https:\/\/modoviajeok.com.ar\/index.php\/2025\/11\/28\/cordoba-reforzo-la-seguridad-y-el-acompanamiento-para-la-practica-de-senderismo-y-trekking\/\"},\"author\":{\"name\":\"Pepe Segura\",\"@id\":\"https:\/\/modoviajeok.com.ar\/#\/schema\/person\/2e299ed0d3d412a01d244fe28260d7f5\"},\"headline\":\"C\u00f3rdoba reforz\u00f3 la seguridad y el acompa\u00f1amiento para la pr\u00e1ctica de senderismo y trekking\",\"datePublished\":\"2025-11-28T11:00:00+00:00\",\"dateModified\":\"2025-12-11T22:19:02+00:00\",\"mainEntityOfPage\":{\"@id\":\"https:\/\/modoviajeok.com.ar\/index.php\/2025\/11\/28\/cordoba-reforzo-la-seguridad-y-el-acompanamiento-para-la-practica-de-senderismo-y-trekking\/\"},\"wordCount\":585,\"commentCount\":0,\"publisher\":{\"@id\":\"https:\/\/modoviajeok.com.ar\/#organization\"},\"image\":{\"@id\":\"https:\/\/modoviajeok.com.ar\/index.php\/2025\/11\/28\/cordoba-reforzo-la-seguridad-y-el-acompanamiento-para-la-practica-de-senderismo-y-trekking\/#primaryimage\"},\"thumbnailUrl\":\"https:\/\/modoviajeok.com.ar\/wp-content\/uploads\/2025\/11\/camino-a-la-cumbre-1536x1152-1.jpg\",\"keywords\":[\"senderismo\",\"trekking\"],\"articleSection\":[\"C\u00f3rdoba\",\"Destacadas\",\"Novedades\"],\"inLanguage\":\"es\",\"potentialAction\":[{\"@type\":\"CommentAction\",\"name\":\"Comment\",\"target\":[\"https:\/\/modoviajeok.com.ar\/index.php\/2025\/11\/28\/cordoba-reforzo-la-seguridad-y-el-acompanamiento-para-la-practica-de-senderismo-y-trekking\/#respond\"]}]},{\"@type\":\"WebPage\",\"@id\":\"https:\/\/modoviajeok.com.ar\/index.php\/2025\/11\/28\/cordoba-reforzo-la-seguridad-y-el-acompanamiento-para-la-practica-de-senderismo-y-trekking\/\",\"url\":\"https:\/\/modoviajeok.com.ar\/index.php\/2025\/11\/28\/cordoba-reforzo-la-seguridad-y-el-acompanamiento-para-la-practica-de-senderismo-y-trekking\/\",\"name\":\"C\u00f3rdoba reforz\u00f3 la seguridad y el acompa\u00f1amiento para la pr\u00e1ctica de senderismo y trekking -\",\"isPartOf\":{\"@id\":\"https:\/\/modoviajeok.com.ar\/#website\"},\"primaryImageOfPage\":{\"@id\":\"https:\/\/modoviajeok.com.ar\/index.php\/2025\/11\/28\/cordoba-reforzo-la-seguridad-y-el-acompanamiento-para-la-practica-de-senderismo-y-trekking\/#primaryimage\"},\"image\":{\"@id\":\"https:\/\/modoviajeok.com.ar\/index.php\/2025\/11\/28\/cordoba-reforzo-la-seguridad-y-el-acompanamiento-para-la-practica-de-senderismo-y-trekking\/#primaryimage\"},\"thumbnailUrl\":\"https:\/\/modoviajeok.com.ar\/wp-content\/uploads\/2025\/11\/camino-a-la-cumbre-1536x1152-1.jpg\",\"datePublished\":\"2025-11-28T11:00:00+00:00\",\"dateModified\":\"2025-12-11T22:19:02+00:00\",\"breadcrumb\":{\"@id\":\"https:\/\/modoviajeok.com.ar\/index.php\/2025\/11\/28\/cordoba-reforzo-la-seguridad-y-el-acompanamiento-para-la-practica-de-senderismo-y-trekking\/#breadcrumb\"},\"inLanguage\":\"es\",\"potentialAction\":[{\"@type\":\"ReadAction\",\"target\":[\"https:\/\/modoviajeok.com.ar\/index.php\/2025\/11\/28\/cordoba-reforzo-la-seguridad-y-el-acompanamiento-para-la-practica-de-senderismo-y-trekking\/\"]}]},{\"@type\":\"ImageObject\",\"inLanguage\":\"es\",\"@id\":\"https:\/\/modoviajeok.com.ar\/index.php\/2025\/11\/28\/cordoba-reforzo-la-seguridad-y-el-acompanamiento-para-la-practica-de-senderismo-y-trekking\/#primaryimage\",\"url\":\"https:\/\/modoviajeok.com.ar\/wp-content\/uploads\/2025\/11\/camino-a-la-cumbre-1536x1152-1.jpg\",\"contentUrl\":\"https:\/\/modoviajeok.com.ar\/wp-content\/uploads\/2025\/11\/camino-a-la-cumbre-1536x1152-1.jpg\",\"width\":1536,\"height\":1152},{\"@type\":\"BreadcrumbList\",\"@id\":\"https:\/\/modoviajeok.com.ar\/index.php\/2025\/11\/28\/cordoba-reforzo-la-seguridad-y-el-acompanamiento-para-la-practica-de-senderismo-y-trekking\/#breadcrumb\",\"itemListElement\":[{\"@type\":\"ListItem\",\"position\":1,\"name\":\"Portada\",\"item\":\"https:\/\/modoviajeok.com.ar\/\"},{\"@type\":\"ListItem\",\"position\":2,\"name\":\"C\u00f3rdoba reforz\u00f3 la seguridad y el acompa\u00f1amiento para la pr\u00e1ctica de senderismo y trekking\"}]},{\"@type\":\"WebSite\",\"@id\":\"https:\/\/modoviajeok.com.ar\/#website\",\"url\":\"https:\/\/modoviajeok.com.ar\/\",\"name\":\"ModoViajeOK\",\"description\":\"\",\"publisher\":{\"@id\":\"https:\/\/modoviajeok.com.ar\/#organization\"},\"potentialAction\":[{\"@type\":\"SearchAction\",\"target\":{\"@type\":\"EntryPoint\",\"urlTemplate\":\"https:\/\/modoviajeok.com.ar\/?s={search_term_string}\"},\"query-input\":{\"@type\":\"PropertyValueSpecification\",\"valueRequired\":true,\"valueName\":\"search_term_string\"}}],\"inLanguage\":\"es\"},{\"@type\":\"Organization\",\"@id\":\"https:\/\/modoviajeok.com.ar\/#organization\",\"name\":\"ModoViajeOK\",\"url\":\"https:\/\/modoviajeok.com.ar\/\",\"logo\":{\"@type\":\"ImageObject\",\"inLanguage\":\"es\",\"@id\":\"https:\/\/modoviajeok.com.ar\/#\/schema\/logo\/image\/\",\"url\":\"https:\/\/modoviajeok.com.ar\/wp-content\/uploads\/2025\/01\/Logo-modoviajeok.png\",\"contentUrl\":\"https:\/\/modoviajeok.com.ar\/wp-content\/uploads\/2025\/01\/Logo-modoviajeok.png\",\"width\":2938,\"height\":2276,\"caption\":\"ModoViajeOK\"},\"image\":{\"@id\":\"https:\/\/modoviajeok.com.ar\/#\/schema\/logo\/image\/\"},\"sameAs\":[\"https:\/\/www.facebook.com\/mariana.otero1\/\",\"https:\/\/www.instagram.com\/modoviaje.ok\/\"]},{\"@type\":\"Person\",\"@id\":\"https:\/\/modoviajeok.com.ar\/#\/schema\/person\/2e299ed0d3d412a01d244fe28260d7f5\",\"name\":\"Pepe Segura\",\"image\":{\"@type\":\"ImageObject\",\"inLanguage\":\"es\",\"@id\":\"https:\/\/modoviajeok.com.ar\/#\/schema\/person\/image\/\",\"url\":\"https:\/\/secure.gravatar.com\/avatar\/65eb4b34deed761327f5b2c5535b987318ae807900ac46426de7258f5de6d345?s=96&d=mm&r=g\",\"contentUrl\":\"https:\/\/secure.gravatar.com\/avatar\/65eb4b34deed761327f5b2c5535b987318ae807900ac46426de7258f5de6d345?s=96&d=mm&r=g\",\"caption\":\"Pepe Segura\"},\"url\":\"https:\/\/modoviajeok.com.ar\/index.php\/author\/pepe2025\/\"}]}<\/script>\n<!-- \/ Yoast SEO plugin. -->","yoast_head_json":{"title":"C\u00f3rdoba reforz\u00f3 la seguridad y el acompa\u00f1amiento para la pr\u00e1ctica de senderismo y trekking -","robots":{"index":"index","follow":"follow","max-snippet":"max-snippet:-1","max-image-preview":"max-image-preview:large","max-video-preview":"max-video-preview:-1"},"canonical":"https:\/\/modoviajeok.com.ar\/index.php\/2025\/11\/28\/cordoba-reforzo-la-seguridad-y-el-acompanamiento-para-la-practica-de-senderismo-y-trekking\/","og_locale":"es_ES","og_type":"article","og_title":"C\u00f3rdoba reforz\u00f3 la seguridad y el acompa\u00f1amiento para la pr\u00e1ctica de senderismo y trekking -","og_description":"La Agencia C\u00f3rdoba Turismo junto a la APTAC (Asociaci\u00f3n de Prestadores de Turismo Alternativo C\u00f3rdoba) y la Asociaci\u00f3n de Gu\u00edas de la Quebrada del Condorito, delinearon los nuevos par\u00e1metros para la actividad. La Provincia de C\u00f3rdoba reforz\u00f3 las condiciones para las actividades de senderismo y trekking, con el objetivo de mejorar las condiciones de seguridad [&hellip;]","og_url":"https:\/\/modoviajeok.com.ar\/index.php\/2025\/11\/28\/cordoba-reforzo-la-seguridad-y-el-acompanamiento-para-la-practica-de-senderismo-y-trekking\/","article_publisher":"https:\/\/www.facebook.com\/mariana.otero1\/","article_published_time":"2025-11-28T11:00:00+00:00","article_modified_time":"2025-12-11T22:19:02+00:00","og_image":[{"width":1536,"height":1152,"url":"https:\/\/modoviajeok.com.ar\/wp-content\/uploads\/2025\/11\/camino-a-la-cumbre-1536x1152-1.jpg","type":"image\/jpeg"}],"author":"Pepe Segura","twitter_card":"summary_large_image","twitter_misc":{"Escrito por":"Pepe Segura","Tiempo de lectura":"3 minutos"},"schema":{"@context":"https:\/\/schema.org","@graph":[{"@type":"Article","@id":"https:\/\/modoviajeok.com.ar\/index.php\/2025\/11\/28\/cordoba-reforzo-la-seguridad-y-el-acompanamiento-para-la-practica-de-senderismo-y-trekking\/#article","isPartOf":{"@id":"https:\/\/modoviajeok.com.ar\/index.php\/2025\/11\/28\/cordoba-reforzo-la-seguridad-y-el-acompanamiento-para-la-practica-de-senderismo-y-trekking\/"},"author":{"name":"Pepe Segura","@id":"https:\/\/modoviajeok.com.ar\/#\/schema\/person\/2e299ed0d3d412a01d244fe28260d7f5"},"headline":"C\u00f3rdoba reforz\u00f3 la seguridad y el acompa\u00f1amiento para la pr\u00e1ctica de senderismo y trekking","datePublished":"2025-11-28T11:00:00+00:00","dateModified":"2025-12-11T22:19:02+00:00","mainEntityOfPage":{"@id":"https:\/\/modoviajeok.com.ar\/index.php\/2025\/11\/28\/cordoba-reforzo-la-seguridad-y-el-acompanamiento-para-la-practica-de-senderismo-y-trekking\/"},"wordCount":585,"commentCount":0,"publisher":{"@id":"https:\/\/modoviajeok.com.ar\/#organization"},"image":{"@id":"https:\/\/modoviajeok.com.ar\/index.php\/2025\/11\/28\/cordoba-reforzo-la-seguridad-y-el-acompanamiento-para-la-practica-de-senderismo-y-trekking\/#primaryimage"},"thumbnailUrl":"https:\/\/modoviajeok.com.ar\/wp-content\/uploads\/2025\/11\/camino-a-la-cumbre-1536x1152-1.jpg","keywords":["senderismo","trekking"],"articleSection":["C\u00f3rdoba","Destacadas","Novedades"],"inLanguage":"es","potentialAction":[{"@type":"CommentAction","name":"Comment","target":["https:\/\/modoviajeok.com.ar\/index.php\/2025\/11\/28\/cordoba-reforzo-la-seguridad-y-el-acompanamiento-para-la-practica-de-senderismo-y-trekking\/#respond"]}]},{"@type":"WebPage","@id":"https:\/\/modoviajeok.com.ar\/index.php\/2025\/11\/28\/cordoba-reforzo-la-seguridad-y-el-acompanamiento-para-la-practica-de-senderismo-y-trekking\/","url":"https:\/\/modoviajeok.com.ar\/index.php\/2025\/11\/28\/cordoba-reforzo-la-seguridad-y-el-acompanamiento-para-la-practica-de-senderismo-y-trekking\/","name":"C\u00f3rdoba reforz\u00f3 la seguridad y el acompa\u00f1amiento para la pr\u00e1ctica de senderismo y trekking -","isPartOf":{"@id":"https:\/\/modoviajeok.com.ar\/#website"},"primaryImageOfPage":{"@id":"https:\/\/modoviajeok.com.ar\/index.php\/2025\/11\/28\/cordoba-reforzo-la-seguridad-y-el-acompanamiento-para-la-practica-de-senderismo-y-trekking\/#primaryimage"},"image":{"@id":"https:\/\/modoviajeok.com.ar\/index.php\/2025\/11\/28\/cordoba-reforzo-la-seguridad-y-el-acompanamiento-para-la-practica-de-senderismo-y-trekking\/#primaryimage"},"thumbnailUrl":"https:\/\/modoviajeok.com.ar\/wp-content\/uploads\/2025\/11\/camino-a-la-cumbre-1536x1152-1.jpg","datePublished":"2025-11-28T11:00:00+00:00","dateModified":"2025-12-11T22:19:02+00:00","breadcrumb":{"@id":"https:\/\/modoviajeok.com.ar\/index.php\/2025\/11\/28\/cordoba-reforzo-la-seguridad-y-el-acompanamiento-para-la-practica-de-senderismo-y-trekking\/#breadcrumb"},"inLanguage":"es","potentialAction":[{"@type":"ReadAction","target":["https:\/\/modoviajeok.com.ar\/index.php\/2025\/11\/28\/cordoba-reforzo-la-seguridad-y-el-acompanamiento-para-la-practica-de-senderismo-y-trekking\/"]}]},{"@type":"ImageObject","inLanguage":"es","@id":"https:\/\/modoviajeok.com.ar\/index.php\/2025\/11\/28\/cordoba-reforzo-la-seguridad-y-el-acompanamiento-para-la-practica-de-senderismo-y-trekking\/#primaryimage","url":"https:\/\/modoviajeok.com.ar\/wp-content\/uploads\/2025\/11\/camino-a-la-cumbre-1536x1152-1.jpg","contentUrl":"https:\/\/modoviajeok.com.ar\/wp-content\/uploads\/2025\/11\/camino-a-la-cumbre-1536x1152-1.jpg","width":1536,"height":1152},{"@type":"BreadcrumbList","@id":"https:\/\/modoviajeok.com.ar\/index.php\/2025\/11\/28\/cordoba-reforzo-la-seguridad-y-el-acompanamiento-para-la-practica-de-senderismo-y-trekking\/#breadcrumb","itemListElement":[{"@type":"ListItem","position":1,"name":"Portada","item":"https:\/\/modoviajeok.com.ar\/"},{"@type":"ListItem","position":2,"name":"C\u00f3rdoba reforz\u00f3 la seguridad y el acompa\u00f1amiento para la pr\u00e1ctica de senderismo y trekking"}]},{"@type":"WebSite","@id":"https:\/\/modoviajeok.com.ar\/#website","url":"https:\/\/modoviajeok.com.ar\/","name":"ModoViajeOK","description":"","publisher":{"@id":"https:\/\/modoviajeok.com.ar\/#organization"},"potentialAction":[{"@type":"SearchAction","target":{"@type":"EntryPoint","urlTemplate":"https:\/\/modoviajeok.com.ar\/?s={search_term_string}"},"query-input":{"@type":"PropertyValueSpecification","valueRequired":true,"valueName":"search_term_string"}}],"inLanguage":"es"},{"@type":"Organization","@id":"https:\/\/modoviajeok.com.ar\/#organization","name":"ModoViajeOK","url":"https:\/\/modoviajeok.com.ar\/","logo":{"@type":"ImageObject","inLanguage":"es","@id":"https:\/\/modoviajeok.com.ar\/#\/schema\/logo\/image\/","url":"https:\/\/modoviajeok.com.ar\/wp-content\/uploads\/2025\/01\/Logo-modoviajeok.png","contentUrl":"https:\/\/modoviajeok.com.ar\/wp-content\/uploads\/2025\/01\/Logo-modoviajeok.png","width":2938,"height":2276,"caption":"ModoViajeOK"},"image":{"@id":"https:\/\/modoviajeok.com.ar\/#\/schema\/logo\/image\/"},"sameAs":["https:\/\/www.facebook.com\/mariana.otero1\/","https:\/\/www.instagram.com\/modoviaje.ok\/"]},{"@type":"Person","@id":"https:\/\/modoviajeok.com.ar\/#\/schema\/person\/2e299ed0d3d412a01d244fe28260d7f5","name":"Pepe Segura","image":{"@type":"ImageObject","inLanguage":"es","@id":"https:\/\/modoviajeok.com.ar\/#\/schema\/person\/image\/","url":"https:\/\/secure.gravatar.com\/avatar\/65eb4b34deed761327f5b2c5535b987318ae807900ac46426de7258f5de6d345?s=96&d=mm&r=g","contentUrl":"https:\/\/secure.gravatar.com\/avatar\/65eb4b34deed761327f5b2c5535b987318ae807900ac46426de7258f5de6d345?s=96&d=mm&r=g","caption":"Pepe Segura"},"url":"https:\/\/modoviajeok.com.ar\/index.php\/author\/pepe2025\/"}]}},"_links":{"self":[{"href":"https:\/\/modoviajeok.com.ar\/index.php\/wp-json\/wp\/v2\/posts\/6505","targetHints":{"allow":["GET"]}}],"collection":[{"href":"https:\/\/modoviajeok.com.ar\/index.php\/wp-json\/wp\/v2\/posts"}],"about":[{"href":"https:\/\/modoviajeok.com.ar\/index.php\/wp-json\/wp\/v2\/types\/post"}],"author":[{"embeddable":true,"href":"https:\/\/modoviajeok.com.ar\/index.php\/wp-json\/wp\/v2\/users\/3"}],"replies":[{"embeddable":true,"href":"https:\/\/modoviajeok.com.ar\/index.php\/wp-json\/wp\/v2\/comments?post=6505"}],"version-history":[{"count":1,"href":"https:\/\/modoviajeok.com.ar\/index.php\/wp-json\/wp\/v2\/posts\/6505\/revisions"}],"predecessor-version":[{"id":6510,"href":"https:\/\/modoviajeok.com.ar\/index.php\/wp-json\/wp\/v2\/posts\/6505\/revisions\/6510"}],"wp:featuredmedia":[{"embeddable":true,"href":"https:\/\/modoviajeok.com.ar\/index.php\/wp-json\/wp\/v2\/media\/6509"}],"wp:attachment":[{"href":"https:\/\/modoviajeok.com.ar\/index.php\/wp-json\/wp\/v2\/media?parent=6505"}],"wp:term":[{"taxonomy":"category","embeddable":true,"href":"https:\/\/modoviajeok.com.ar\/index.php\/wp-json\/wp\/v2\/categories?post=6505"},{"taxonomy":"post_tag","embeddable":true,"href":"https:\/\/modoviajeok.com.ar\/index.php\/wp-json\/wp\/v2\/tags?post=6505"}],"curies":[{"name":"wp","href":"https:\/\/api.w.org\/{rel}","templated":true}]}}