{"id":6548,"date":"2025-12-01T16:15:49","date_gmt":"2025-12-01T19:15:49","guid":{"rendered":"https:\/\/modoviajeok.com.ar\/?p=6548"},"modified":"2025-12-01T16:17:02","modified_gmt":"2025-12-01T19:17:02","slug":"procolombia-lanza-campana-que-busca-atraer-a-la-diaspora-colombiana-en-medio-del-boom-turistico","status":"publish","type":"post","link":"https:\/\/modoviajeok.com.ar\/index.php\/2025\/12\/01\/procolombia-lanza-campana-que-busca-atraer-a-la-diaspora-colombiana-en-medio-del-boom-turistico\/","title":{"rendered":"ProColombia lanza campa\u00f1a que busca atraer a la di\u00e1spora colombiana en medio del boom tur\u00edstico"},"content":{"rendered":"\n<figure class=\"wp-block-pullquote\"><blockquote><p>La agencia gubernamental de Colombia encargada de promover el turismo internacional y la compa\u00f1\u00eda a\u00e9rea <a href=\"https:\/\/www.avianca.com\/es\/sobre-nosotros\/noticias-corporativas\/\" target=\"_blank\" rel=\"noreferrer noopener\">Avianca<\/a>, lanzaron la campa\u00f1a \u201cVuelve, esta es la belleza que te espera en casa\u201d, una invitaci\u00f3n dirigida a la di\u00e1spora para reencontrarse con sus ra\u00edces y, al mismo tiempo, fortalecer la oferta tur\u00edstica nacional.<br><\/p><\/blockquote><\/figure>\n\n\n\n<figure class=\"wp-block-image size-full\"><img loading=\"lazy\" decoding=\"async\" width=\"2560\" height=\"1440\" src=\"https:\/\/modoviajeok.com.ar\/wp-content\/uploads\/2025\/12\/upscalemedia-transformed-scaled-1.jpeg\" alt=\"\" class=\"wp-image-6551\" srcset=\"https:\/\/modoviajeok.com.ar\/wp-content\/uploads\/2025\/12\/upscalemedia-transformed-scaled-1.jpeg 2560w, https:\/\/modoviajeok.com.ar\/wp-content\/uploads\/2025\/12\/upscalemedia-transformed-scaled-1-768x432.jpeg 768w, https:\/\/modoviajeok.com.ar\/wp-content\/uploads\/2025\/12\/upscalemedia-transformed-scaled-1-1536x864.jpeg 1536w, https:\/\/modoviajeok.com.ar\/wp-content\/uploads\/2025\/12\/upscalemedia-transformed-scaled-1-2048x1152.jpeg 2048w, https:\/\/modoviajeok.com.ar\/wp-content\/uploads\/2025\/12\/upscalemedia-transformed-scaled-1-747x420.jpeg 747w, https:\/\/modoviajeok.com.ar\/wp-content\/uploads\/2025\/12\/upscalemedia-transformed-scaled-1-150x84.jpeg 150w, https:\/\/modoviajeok.com.ar\/wp-content\/uploads\/2025\/12\/upscalemedia-transformed-scaled-1-300x169.jpeg 300w, https:\/\/modoviajeok.com.ar\/wp-content\/uploads\/2025\/12\/upscalemedia-transformed-scaled-1-696x392.jpeg 696w, https:\/\/modoviajeok.com.ar\/wp-content\/uploads\/2025\/12\/upscalemedia-transformed-scaled-1-1068x601.jpeg 1068w, https:\/\/modoviajeok.com.ar\/wp-content\/uploads\/2025\/12\/upscalemedia-transformed-scaled-1-1920x1080.jpeg 1920w\" sizes=\"auto, (max-width: 2560px) 100vw, 2560px\" \/><\/figure>\n\n\n\n<p>Colombia vive un momento in\u00e9dito en su historia como destino tur\u00edstico. Con cifras r\u00e9cord de visitantes, crecimiento sostenido de la industria y una reputaci\u00f3n internacional que no para de consolidarse, el pa\u00eds ahora apunta a su propio capital humano m\u00e1s all\u00e1 de sus fronteras: los millones de colombianos que hoy viven en el exterior. Con ese objetivo, Pro Colombia (la agencia gubernamental de Colombia encargada de promover el turismo internacional) junto a la compa\u00f1\u00eda a\u00e9rea <a href=\"https:\/\/www.avianca.com\/es\/sobre-nosotros\/noticias-corporativas\/\" target=\"_blank\" rel=\"noreferrer noopener\">Avianca<\/a>, lanz\u00f3 la campa\u00f1a \u201cVuelve, esta es la belleza que te espera en casa\u201d, una invitaci\u00f3n dirigida a la di\u00e1spora para reencontrarse con sus ra\u00edces y, al mismo tiempo, fortalecer la oferta tur\u00edstica nacional.<\/p>\n\n\n\n<p><strong>Terreno f\u00e9rtil para la campa\u00f1a<\/strong><\/p>\n\n\n\n<p>El turismo en Colombia no da se\u00f1ales de desaceleraci\u00f3n. En 2024, el pa\u00eds recibi\u00f3 m\u00e1s de 7 millones de visitantes internacionales, un r\u00e9cord hist\u00f3rico que representa un aumento cercano al 12 % con respecto al a\u00f1o anterior. De ese total, alrededor del 31 % corresponden a colombianos residentes en el exterior, lo que convierte a la di\u00e1spora en uno de los actores clave del impulso tur\u00edstico en esta etapa.<\/p>\n\n\n\n<p>Adem\u00e1s, la conectividad a\u00e9rea acompa\u00f1a este crecimiento: hoy Colombia dispone de m\u00e1s de 1.500 frecuencias semanales y cerca de 288.000 asientos disponibles cada semana, con rutas directas hacia 29 pa\u00edses, lo que facilita el retorno de quienes viven fuera.<\/p>\n\n\n\n<p>El respaldo internacional tambi\u00e9n es evidente. En 2025, medios como The New York Times, The Washington Post y Cond\u00e9 Nast Traveler han incluido a Colombia en sus listados de destinos imperdibles; para 2026, gu\u00edas como Lonely Planet y National Geographic ya lo posicionan como una parada obligatoria.<\/p>\n\n\n\n<p><strong>\u00bfCu\u00e1ntos colombianos viven en el exterior?<\/strong><\/p>\n\n\n\n<p>Una pregunta clave para evaluar el impacto de la campa\u00f1a es cu\u00e1ntos colombianos realmente residen fuera del pa\u00eds. Si bien no existe un registro \u00fanico certero, varias fuentes recientes coinciden en que la di\u00e1spora ronda los 4,7 millones de personas a corte de abril de 2023, seg\u00fan estimaciones de la Canciller\u00eda.<\/p>\n\n\n\n<p>De esa poblaci\u00f3n, un porcentaje significativo se concentra en unos pocos pa\u00edses. Los principales destinos son: Estados Unidos, que acoge aproximadamente 30 % de la di\u00e1spora colombiana, con cerca de 1,04 millones de personas. Espa\u00f1a: cerca de 715.700 \u2013 856.000 colombianos viven all\u00ed, seg\u00fan diferentes fuentes recientes. Otros pa\u00edses con presencia significativa de colombianos son Chile, M\u00e9xico, Canad\u00e1 y algunos en Europa \u2014 aunque ninguno con cifras comparables a EE. UU. o Espa\u00f1a.<\/p>\n\n\n\n<p>Estas cifras evidencian que la di\u00e1spora no es un grupo marginal: representa una comunidad numerosa, con la capacidad de convertirse en un motor importante para el turismo de retorno.<\/p>\n\n\n\n<p><strong>La campa\u00f1a: objetivos y mecanismos<\/strong><\/p>\n\n\n\n<p>Seg\u00fan explic\u00f3 Carmen Caballero, presidenta de ProColombia, la campa\u00f1a busca algo m\u00e1s que \u201cturismo de nostalgia\u201d: pretende reavivar el v\u00ednculo emocional y cultural entre el pa\u00eds y los colombianos en el exterior, pero tambi\u00e9n aprovechar su conocimiento, sus redes y su afinidad cultural para moldear una oferta tur\u00edstica m\u00e1s cercana, diversa y aut\u00e9ntica.<\/p>\n\n\n\n<p>Para ello, la campa\u00f1a incluye una encuesta permanente dirigida a los colombianos en el exterior \u2014mayores de 18 a\u00f1os y que hayan residido al menos un a\u00f1o continuo fuera\u2014, as\u00ed como a descendientes de segunda o tercera generaci\u00f3n que se identifiquen culturalmente con Colombia. En la encuesta se busca recoger sus motivaciones, expectativas y experiencias al viajar de regreso. Como incentivo, Avianca ofrece USD 10 en \u201cAvianca Credits\u201d para quienes completen la encuesta \u2014v\u00e1lidos para un pr\u00f3ximo viaje al pa\u00eds en rutas operadas por la aerol\u00ednea\u2014, hasta agotar existencias.<\/p>\n\n\n\n<p>La idea es que este feedback ayude a ProColombia a dise\u00f1ar paquetes tur\u00edsticos m\u00e1s ajustados a las expectativas de esa comunidad: desde rutas familiares hasta experiencias culturales o de reencuentro, con un enfoque en autenticidad y pertenencia.<\/p>\n\n\n\n<p><strong>Ventajas estrat\u00e9gicas para Colombia:<\/strong><\/p>\n\n\n\n<p>Mayor gasto por viajero: Quienes regresan al pa\u00eds muchas veces combinan ocio con visitas familiares, compras o inversiones \u2014 algo que multiplica el impacto econ\u00f3mico. Difusi\u00f3n internacional org\u00e1nica: La di\u00e1spora act\u00faa como embajadores informales. Cada viaje, cada historia compartida puede atraer a nuevos visitantes desde sus c\u00edrculos.<\/p>\n\n\n\n<p><strong>\u00bfQu\u00e9 tan realista es el reto?<\/strong><\/p>\n\n\n\n<p>La propuesta tiene sentido, pero tambi\u00e9n desaf\u00edos. Primero: muchas de las cifras de la di\u00e1spora son estimativas. La cifra de 4,7 millones proviene de registros consulares y encuestas, por lo que no todos los colombianos en el exterior est\u00e1n incluidos. Segundo: la dispersi\u00f3n geogr\u00e1fica implica que adaptar la oferta tur\u00edstica para satisfacer gustos, medios y expectativas diversas no es trivial.<\/p>\n\n\n\n<p>Asimismo, aunque Espa\u00f1a y Estados Unidos concentran gran parte de la di\u00e1spora, los perfiles en cada pa\u00eds pueden ser muy distintos \u2014desde j\u00f3venes emigrados por trabajo, hasta familias de segunda generaci\u00f3n buscando reconectar, pasando por profesionales con v\u00ednculos emocionales muy diversos con Colombia.<\/p>\n\n\n\n<p>Por \u00faltimo, la tasa de retorno (frecuencia, motivos, tiempo de estad\u00eda) puede variar mucho, lo que dificulta proyectar cu\u00e1ntos realmente participar\u00e1n de la campa\u00f1a.<\/p>\n\n\n\n<p>La campa\u00f1a \u201cVuelve, esta es la belleza que te espera en casa\u201d&nbsp;es una jugada interesante de ProColombia y Avianca: combina el contexto favorable del boom tur\u00edstico con una estrategia de reactivaci\u00f3n cultural y econ\u00f3mica basada en la di\u00e1spora. Los n\u00fameros \u2014millones de emigrados, casas, ra\u00edces, nostalgia\u2014 le dan peso. Pero su efectividad depender\u00e1 de la capacidad para traducir esas intenciones en experiencias reales que respondan de verdad a lo que los colombianos en el exterior esperan.<\/p>\n\n\n\n<p>Esta nota fue publicada en <a href=\"https:\/\/www.seis-grados.com\/procolombia-crea-campana-que-busca-atraer-a-la-diaspora-colombiana-en-medio-del-boom-turistico\/\">https:\/\/www.seis-grados.com\/procolombia-crea-campana-que-busca-atraer-a-la-diaspora-colombiana-en-medio-del-boom-turistico\/<\/a><\/p>\n\n\n\n<p><\/p>\n\n\n      <div class=\"wp_bannerize_container wp_bannerize_layout_vertical\">\n\n        <div class=\"wp_bannerize_banner_box wp_bannerize_category_intertexto-1\" data-title=\"Modo viaje\" data-mime_type=\"image-gif\" data-banner_id=\"1783\" id=\"wpbanner-1783\" data-impressions_enabled=\"true\" data-clicks_enabled=\"true\"><a href=\"https:\/\/www.instagram.com\/modoviaje.ok?igsh=Z3c5emxsZWFtdXN3\"><img decoding=\"async\" border=\"0\" src=\"https:\/\/modoviajeok.com.ar\/wp-content\/uploads\/2025\/02\/modoviaje.ok-300-x-250-px.gif\" alt=\"Modo viaje\" title=\"Modo viaje\" \/><\/a><\/div>      <\/div>\n\n\n","protected":false},"excerpt":{"rendered":"<p>La agencia gubernamental de Colombia encargada de promover el turismo internacional y la compa\u00f1\u00eda a\u00e9rea Avianca, lanzaron la campa\u00f1a \u201cVuelve, esta es la belleza que te espera en casa\u201d, una invitaci\u00f3n dirigida a la di\u00e1spora para reencontrarse con sus ra\u00edces y, al mismo tiempo, fortalecer la oferta tur\u00edstica nacional. Colombia vive un momento in\u00e9dito en [&hellip;]<\/p>\n","protected":false},"author":3,"featured_media":6550,"comment_status":"open","ping_status":"open","sticky":false,"template":"","format":"standard","meta":{"_acf_changed":false,"footnotes":""},"categories":[9,10],"tags":[510,144],"class_list":{"0":"post-6548","1":"post","2":"type-post","3":"status-publish","4":"format-standard","5":"has-post-thumbnail","7":"category-mundo","8":"category-noticias","9":"tag-avianca","10":"tag-colombia"},"acf":[],"yoast_head":"<!-- This site is optimized with the Yoast SEO plugin v24.8.1 - https:\/\/yoast.com\/wordpress\/plugins\/seo\/ -->\n<title>ProColombia lanza campa\u00f1a que busca atraer a la di\u00e1spora colombiana en medio del boom tur\u00edstico -<\/title>\n<meta name=\"robots\" content=\"index, follow, max-snippet:-1, max-image-preview:large, max-video-preview:-1\" \/>\n<link rel=\"canonical\" href=\"https:\/\/modoviajeok.com.ar\/index.php\/2025\/12\/01\/procolombia-lanza-campana-que-busca-atraer-a-la-diaspora-colombiana-en-medio-del-boom-turistico\/\" \/>\n<meta property=\"og:locale\" content=\"es_ES\" \/>\n<meta property=\"og:type\" content=\"article\" \/>\n<meta property=\"og:title\" content=\"ProColombia lanza campa\u00f1a que busca atraer a la di\u00e1spora colombiana en medio del boom tur\u00edstico -\" \/>\n<meta property=\"og:description\" content=\"La agencia gubernamental de Colombia encargada de promover el turismo internacional y la compa\u00f1\u00eda a\u00e9rea Avianca, lanzaron la campa\u00f1a \u201cVuelve, esta es la belleza que te espera en casa\u201d, una invitaci\u00f3n dirigida a la di\u00e1spora para reencontrarse con sus ra\u00edces y, al mismo tiempo, fortalecer la oferta tur\u00edstica nacional. Colombia vive un momento in\u00e9dito en [&hellip;]\" \/>\n<meta property=\"og:url\" content=\"https:\/\/modoviajeok.com.ar\/index.php\/2025\/12\/01\/procolombia-lanza-campana-que-busca-atraer-a-la-diaspora-colombiana-en-medio-del-boom-turistico\/\" \/>\n<meta property=\"article:publisher\" content=\"https:\/\/www.facebook.com\/mariana.otero1\/\" \/>\n<meta property=\"article:published_time\" content=\"2025-12-01T19:15:49+00:00\" \/>\n<meta property=\"article:modified_time\" content=\"2025-12-01T19:17:02+00:00\" \/>\n<meta property=\"og:image\" content=\"https:\/\/modoviajeok.com.ar\/wp-content\/uploads\/2025\/12\/IMG_20170130_225429-3.jpg\" \/>\n\t<meta property=\"og:image:width\" content=\"1185\" \/>\n\t<meta property=\"og:image:height\" content=\"1141\" \/>\n\t<meta property=\"og:image:type\" content=\"image\/jpeg\" \/>\n<meta name=\"author\" content=\"Pepe Segura\" \/>\n<meta name=\"twitter:card\" content=\"summary_large_image\" \/>\n<meta name=\"twitter:label1\" content=\"Escrito por\" \/>\n\t<meta name=\"twitter:data1\" content=\"Pepe Segura\" \/>\n\t<meta name=\"twitter:label2\" content=\"Tiempo de lectura\" \/>\n\t<meta name=\"twitter:data2\" content=\"5 minutos\" \/>\n<script type=\"application\/ld+json\" class=\"yoast-schema-graph\">{\"@context\":\"https:\/\/schema.org\",\"@graph\":[{\"@type\":\"Article\",\"@id\":\"https:\/\/modoviajeok.com.ar\/index.php\/2025\/12\/01\/procolombia-lanza-campana-que-busca-atraer-a-la-diaspora-colombiana-en-medio-del-boom-turistico\/#article\",\"isPartOf\":{\"@id\":\"https:\/\/modoviajeok.com.ar\/index.php\/2025\/12\/01\/procolombia-lanza-campana-que-busca-atraer-a-la-diaspora-colombiana-en-medio-del-boom-turistico\/\"},\"author\":{\"name\":\"Pepe Segura\",\"@id\":\"https:\/\/modoviajeok.com.ar\/#\/schema\/person\/2e299ed0d3d412a01d244fe28260d7f5\"},\"headline\":\"ProColombia lanza campa\u00f1a que busca atraer a la di\u00e1spora colombiana en medio del boom tur\u00edstico\",\"datePublished\":\"2025-12-01T19:15:49+00:00\",\"dateModified\":\"2025-12-01T19:17:02+00:00\",\"mainEntityOfPage\":{\"@id\":\"https:\/\/modoviajeok.com.ar\/index.php\/2025\/12\/01\/procolombia-lanza-campana-que-busca-atraer-a-la-diaspora-colombiana-en-medio-del-boom-turistico\/\"},\"wordCount\":1041,\"commentCount\":0,\"publisher\":{\"@id\":\"https:\/\/modoviajeok.com.ar\/#organization\"},\"image\":{\"@id\":\"https:\/\/modoviajeok.com.ar\/index.php\/2025\/12\/01\/procolombia-lanza-campana-que-busca-atraer-a-la-diaspora-colombiana-en-medio-del-boom-turistico\/#primaryimage\"},\"thumbnailUrl\":\"https:\/\/modoviajeok.com.ar\/wp-content\/uploads\/2025\/12\/IMG_20170130_225429-3.jpg\",\"keywords\":[\"avianca\",\"colombia\"],\"articleSection\":[\"Mundo\",\"Noticias\"],\"inLanguage\":\"es\",\"potentialAction\":[{\"@type\":\"CommentAction\",\"name\":\"Comment\",\"target\":[\"https:\/\/modoviajeok.com.ar\/index.php\/2025\/12\/01\/procolombia-lanza-campana-que-busca-atraer-a-la-diaspora-colombiana-en-medio-del-boom-turistico\/#respond\"]}]},{\"@type\":\"WebPage\",\"@id\":\"https:\/\/modoviajeok.com.ar\/index.php\/2025\/12\/01\/procolombia-lanza-campana-que-busca-atraer-a-la-diaspora-colombiana-en-medio-del-boom-turistico\/\",\"url\":\"https:\/\/modoviajeok.com.ar\/index.php\/2025\/12\/01\/procolombia-lanza-campana-que-busca-atraer-a-la-diaspora-colombiana-en-medio-del-boom-turistico\/\",\"name\":\"ProColombia lanza campa\u00f1a que busca atraer a la di\u00e1spora colombiana en medio del boom tur\u00edstico -\",\"isPartOf\":{\"@id\":\"https:\/\/modoviajeok.com.ar\/#website\"},\"primaryImageOfPage\":{\"@id\":\"https:\/\/modoviajeok.com.ar\/index.php\/2025\/12\/01\/procolombia-lanza-campana-que-busca-atraer-a-la-diaspora-colombiana-en-medio-del-boom-turistico\/#primaryimage\"},\"image\":{\"@id\":\"https:\/\/modoviajeok.com.ar\/index.php\/2025\/12\/01\/procolombia-lanza-campana-que-busca-atraer-a-la-diaspora-colombiana-en-medio-del-boom-turistico\/#primaryimage\"},\"thumbnailUrl\":\"https:\/\/modoviajeok.com.ar\/wp-content\/uploads\/2025\/12\/IMG_20170130_225429-3.jpg\",\"datePublished\":\"2025-12-01T19:15:49+00:00\",\"dateModified\":\"2025-12-01T19:17:02+00:00\",\"breadcrumb\":{\"@id\":\"https:\/\/modoviajeok.com.ar\/index.php\/2025\/12\/01\/procolombia-lanza-campana-que-busca-atraer-a-la-diaspora-colombiana-en-medio-del-boom-turistico\/#breadcrumb\"},\"inLanguage\":\"es\",\"potentialAction\":[{\"@type\":\"ReadAction\",\"target\":[\"https:\/\/modoviajeok.com.ar\/index.php\/2025\/12\/01\/procolombia-lanza-campana-que-busca-atraer-a-la-diaspora-colombiana-en-medio-del-boom-turistico\/\"]}]},{\"@type\":\"ImageObject\",\"inLanguage\":\"es\",\"@id\":\"https:\/\/modoviajeok.com.ar\/index.php\/2025\/12\/01\/procolombia-lanza-campana-que-busca-atraer-a-la-diaspora-colombiana-en-medio-del-boom-turistico\/#primaryimage\",\"url\":\"https:\/\/modoviajeok.com.ar\/wp-content\/uploads\/2025\/12\/IMG_20170130_225429-3.jpg\",\"contentUrl\":\"https:\/\/modoviajeok.com.ar\/wp-content\/uploads\/2025\/12\/IMG_20170130_225429-3.jpg\",\"width\":1185,\"height\":1141},{\"@type\":\"BreadcrumbList\",\"@id\":\"https:\/\/modoviajeok.com.ar\/index.php\/2025\/12\/01\/procolombia-lanza-campana-que-busca-atraer-a-la-diaspora-colombiana-en-medio-del-boom-turistico\/#breadcrumb\",\"itemListElement\":[{\"@type\":\"ListItem\",\"position\":1,\"name\":\"Portada\",\"item\":\"https:\/\/modoviajeok.com.ar\/\"},{\"@type\":\"ListItem\",\"position\":2,\"name\":\"ProColombia lanza campa\u00f1a que busca atraer a la di\u00e1spora colombiana en medio del boom tur\u00edstico\"}]},{\"@type\":\"WebSite\",\"@id\":\"https:\/\/modoviajeok.com.ar\/#website\",\"url\":\"https:\/\/modoviajeok.com.ar\/\",\"name\":\"ModoViajeOK\",\"description\":\"\",\"publisher\":{\"@id\":\"https:\/\/modoviajeok.com.ar\/#organization\"},\"potentialAction\":[{\"@type\":\"SearchAction\",\"target\":{\"@type\":\"EntryPoint\",\"urlTemplate\":\"https:\/\/modoviajeok.com.ar\/?s={search_term_string}\"},\"query-input\":{\"@type\":\"PropertyValueSpecification\",\"valueRequired\":true,\"valueName\":\"search_term_string\"}}],\"inLanguage\":\"es\"},{\"@type\":\"Organization\",\"@id\":\"https:\/\/modoviajeok.com.ar\/#organization\",\"name\":\"ModoViajeOK\",\"url\":\"https:\/\/modoviajeok.com.ar\/\",\"logo\":{\"@type\":\"ImageObject\",\"inLanguage\":\"es\",\"@id\":\"https:\/\/modoviajeok.com.ar\/#\/schema\/logo\/image\/\",\"url\":\"https:\/\/modoviajeok.com.ar\/wp-content\/uploads\/2025\/01\/Logo-modoviajeok.png\",\"contentUrl\":\"https:\/\/modoviajeok.com.ar\/wp-content\/uploads\/2025\/01\/Logo-modoviajeok.png\",\"width\":2938,\"height\":2276,\"caption\":\"ModoViajeOK\"},\"image\":{\"@id\":\"https:\/\/modoviajeok.com.ar\/#\/schema\/logo\/image\/\"},\"sameAs\":[\"https:\/\/www.facebook.com\/mariana.otero1\/\",\"https:\/\/www.instagram.com\/modoviaje.ok\/\"]},{\"@type\":\"Person\",\"@id\":\"https:\/\/modoviajeok.com.ar\/#\/schema\/person\/2e299ed0d3d412a01d244fe28260d7f5\",\"name\":\"Pepe Segura\",\"image\":{\"@type\":\"ImageObject\",\"inLanguage\":\"es\",\"@id\":\"https:\/\/modoviajeok.com.ar\/#\/schema\/person\/image\/\",\"url\":\"https:\/\/secure.gravatar.com\/avatar\/65eb4b34deed761327f5b2c5535b987318ae807900ac46426de7258f5de6d345?s=96&d=mm&r=g\",\"contentUrl\":\"https:\/\/secure.gravatar.com\/avatar\/65eb4b34deed761327f5b2c5535b987318ae807900ac46426de7258f5de6d345?s=96&d=mm&r=g\",\"caption\":\"Pepe Segura\"},\"url\":\"https:\/\/modoviajeok.com.ar\/index.php\/author\/pepe2025\/\"}]}<\/script>\n<!-- \/ Yoast SEO plugin. -->","yoast_head_json":{"title":"ProColombia lanza campa\u00f1a que busca atraer a la di\u00e1spora colombiana en medio del boom tur\u00edstico -","robots":{"index":"index","follow":"follow","max-snippet":"max-snippet:-1","max-image-preview":"max-image-preview:large","max-video-preview":"max-video-preview:-1"},"canonical":"https:\/\/modoviajeok.com.ar\/index.php\/2025\/12\/01\/procolombia-lanza-campana-que-busca-atraer-a-la-diaspora-colombiana-en-medio-del-boom-turistico\/","og_locale":"es_ES","og_type":"article","og_title":"ProColombia lanza campa\u00f1a que busca atraer a la di\u00e1spora colombiana en medio del boom tur\u00edstico -","og_description":"La agencia gubernamental de Colombia encargada de promover el turismo internacional y la compa\u00f1\u00eda a\u00e9rea Avianca, lanzaron la campa\u00f1a \u201cVuelve, esta es la belleza que te espera en casa\u201d, una invitaci\u00f3n dirigida a la di\u00e1spora para reencontrarse con sus ra\u00edces y, al mismo tiempo, fortalecer la oferta tur\u00edstica nacional. Colombia vive un momento in\u00e9dito en [&hellip;]","og_url":"https:\/\/modoviajeok.com.ar\/index.php\/2025\/12\/01\/procolombia-lanza-campana-que-busca-atraer-a-la-diaspora-colombiana-en-medio-del-boom-turistico\/","article_publisher":"https:\/\/www.facebook.com\/mariana.otero1\/","article_published_time":"2025-12-01T19:15:49+00:00","article_modified_time":"2025-12-01T19:17:02+00:00","og_image":[{"width":1185,"height":1141,"url":"https:\/\/modoviajeok.com.ar\/wp-content\/uploads\/2025\/12\/IMG_20170130_225429-3.jpg","type":"image\/jpeg"}],"author":"Pepe Segura","twitter_card":"summary_large_image","twitter_misc":{"Escrito por":"Pepe Segura","Tiempo de lectura":"5 minutos"},"schema":{"@context":"https:\/\/schema.org","@graph":[{"@type":"Article","@id":"https:\/\/modoviajeok.com.ar\/index.php\/2025\/12\/01\/procolombia-lanza-campana-que-busca-atraer-a-la-diaspora-colombiana-en-medio-del-boom-turistico\/#article","isPartOf":{"@id":"https:\/\/modoviajeok.com.ar\/index.php\/2025\/12\/01\/procolombia-lanza-campana-que-busca-atraer-a-la-diaspora-colombiana-en-medio-del-boom-turistico\/"},"author":{"name":"Pepe Segura","@id":"https:\/\/modoviajeok.com.ar\/#\/schema\/person\/2e299ed0d3d412a01d244fe28260d7f5"},"headline":"ProColombia lanza campa\u00f1a que busca atraer a la di\u00e1spora colombiana en medio del boom tur\u00edstico","datePublished":"2025-12-01T19:15:49+00:00","dateModified":"2025-12-01T19:17:02+00:00","mainEntityOfPage":{"@id":"https:\/\/modoviajeok.com.ar\/index.php\/2025\/12\/01\/procolombia-lanza-campana-que-busca-atraer-a-la-diaspora-colombiana-en-medio-del-boom-turistico\/"},"wordCount":1041,"commentCount":0,"publisher":{"@id":"https:\/\/modoviajeok.com.ar\/#organization"},"image":{"@id":"https:\/\/modoviajeok.com.ar\/index.php\/2025\/12\/01\/procolombia-lanza-campana-que-busca-atraer-a-la-diaspora-colombiana-en-medio-del-boom-turistico\/#primaryimage"},"thumbnailUrl":"https:\/\/modoviajeok.com.ar\/wp-content\/uploads\/2025\/12\/IMG_20170130_225429-3.jpg","keywords":["avianca","colombia"],"articleSection":["Mundo","Noticias"],"inLanguage":"es","potentialAction":[{"@type":"CommentAction","name":"Comment","target":["https:\/\/modoviajeok.com.ar\/index.php\/2025\/12\/01\/procolombia-lanza-campana-que-busca-atraer-a-la-diaspora-colombiana-en-medio-del-boom-turistico\/#respond"]}]},{"@type":"WebPage","@id":"https:\/\/modoviajeok.com.ar\/index.php\/2025\/12\/01\/procolombia-lanza-campana-que-busca-atraer-a-la-diaspora-colombiana-en-medio-del-boom-turistico\/","url":"https:\/\/modoviajeok.com.ar\/index.php\/2025\/12\/01\/procolombia-lanza-campana-que-busca-atraer-a-la-diaspora-colombiana-en-medio-del-boom-turistico\/","name":"ProColombia lanza campa\u00f1a que busca atraer a la di\u00e1spora colombiana en medio del boom tur\u00edstico -","isPartOf":{"@id":"https:\/\/modoviajeok.com.ar\/#website"},"primaryImageOfPage":{"@id":"https:\/\/modoviajeok.com.ar\/index.php\/2025\/12\/01\/procolombia-lanza-campana-que-busca-atraer-a-la-diaspora-colombiana-en-medio-del-boom-turistico\/#primaryimage"},"image":{"@id":"https:\/\/modoviajeok.com.ar\/index.php\/2025\/12\/01\/procolombia-lanza-campana-que-busca-atraer-a-la-diaspora-colombiana-en-medio-del-boom-turistico\/#primaryimage"},"thumbnailUrl":"https:\/\/modoviajeok.com.ar\/wp-content\/uploads\/2025\/12\/IMG_20170130_225429-3.jpg","datePublished":"2025-12-01T19:15:49+00:00","dateModified":"2025-12-01T19:17:02+00:00","breadcrumb":{"@id":"https:\/\/modoviajeok.com.ar\/index.php\/2025\/12\/01\/procolombia-lanza-campana-que-busca-atraer-a-la-diaspora-colombiana-en-medio-del-boom-turistico\/#breadcrumb"},"inLanguage":"es","potentialAction":[{"@type":"ReadAction","target":["https:\/\/modoviajeok.com.ar\/index.php\/2025\/12\/01\/procolombia-lanza-campana-que-busca-atraer-a-la-diaspora-colombiana-en-medio-del-boom-turistico\/"]}]},{"@type":"ImageObject","inLanguage":"es","@id":"https:\/\/modoviajeok.com.ar\/index.php\/2025\/12\/01\/procolombia-lanza-campana-que-busca-atraer-a-la-diaspora-colombiana-en-medio-del-boom-turistico\/#primaryimage","url":"https:\/\/modoviajeok.com.ar\/wp-content\/uploads\/2025\/12\/IMG_20170130_225429-3.jpg","contentUrl":"https:\/\/modoviajeok.com.ar\/wp-content\/uploads\/2025\/12\/IMG_20170130_225429-3.jpg","width":1185,"height":1141},{"@type":"BreadcrumbList","@id":"https:\/\/modoviajeok.com.ar\/index.php\/2025\/12\/01\/procolombia-lanza-campana-que-busca-atraer-a-la-diaspora-colombiana-en-medio-del-boom-turistico\/#breadcrumb","itemListElement":[{"@type":"ListItem","position":1,"name":"Portada","item":"https:\/\/modoviajeok.com.ar\/"},{"@type":"ListItem","position":2,"name":"ProColombia lanza campa\u00f1a que busca atraer a la di\u00e1spora colombiana en medio del boom tur\u00edstico"}]},{"@type":"WebSite","@id":"https:\/\/modoviajeok.com.ar\/#website","url":"https:\/\/modoviajeok.com.ar\/","name":"ModoViajeOK","description":"","publisher":{"@id":"https:\/\/modoviajeok.com.ar\/#organization"},"potentialAction":[{"@type":"SearchAction","target":{"@type":"EntryPoint","urlTemplate":"https:\/\/modoviajeok.com.ar\/?s={search_term_string}"},"query-input":{"@type":"PropertyValueSpecification","valueRequired":true,"valueName":"search_term_string"}}],"inLanguage":"es"},{"@type":"Organization","@id":"https:\/\/modoviajeok.com.ar\/#organization","name":"ModoViajeOK","url":"https:\/\/modoviajeok.com.ar\/","logo":{"@type":"ImageObject","inLanguage":"es","@id":"https:\/\/modoviajeok.com.ar\/#\/schema\/logo\/image\/","url":"https:\/\/modoviajeok.com.ar\/wp-content\/uploads\/2025\/01\/Logo-modoviajeok.png","contentUrl":"https:\/\/modoviajeok.com.ar\/wp-content\/uploads\/2025\/01\/Logo-modoviajeok.png","width":2938,"height":2276,"caption":"ModoViajeOK"},"image":{"@id":"https:\/\/modoviajeok.com.ar\/#\/schema\/logo\/image\/"},"sameAs":["https:\/\/www.facebook.com\/mariana.otero1\/","https:\/\/www.instagram.com\/modoviaje.ok\/"]},{"@type":"Person","@id":"https:\/\/modoviajeok.com.ar\/#\/schema\/person\/2e299ed0d3d412a01d244fe28260d7f5","name":"Pepe Segura","image":{"@type":"ImageObject","inLanguage":"es","@id":"https:\/\/modoviajeok.com.ar\/#\/schema\/person\/image\/","url":"https:\/\/secure.gravatar.com\/avatar\/65eb4b34deed761327f5b2c5535b987318ae807900ac46426de7258f5de6d345?s=96&d=mm&r=g","contentUrl":"https:\/\/secure.gravatar.com\/avatar\/65eb4b34deed761327f5b2c5535b987318ae807900ac46426de7258f5de6d345?s=96&d=mm&r=g","caption":"Pepe Segura"},"url":"https:\/\/modoviajeok.com.ar\/index.php\/author\/pepe2025\/"}]}},"_links":{"self":[{"href":"https:\/\/modoviajeok.com.ar\/index.php\/wp-json\/wp\/v2\/posts\/6548","targetHints":{"allow":["GET"]}}],"collection":[{"href":"https:\/\/modoviajeok.com.ar\/index.php\/wp-json\/wp\/v2\/posts"}],"about":[{"href":"https:\/\/modoviajeok.com.ar\/index.php\/wp-json\/wp\/v2\/types\/post"}],"author":[{"embeddable":true,"href":"https:\/\/modoviajeok.com.ar\/index.php\/wp-json\/wp\/v2\/users\/3"}],"replies":[{"embeddable":true,"href":"https:\/\/modoviajeok.com.ar\/index.php\/wp-json\/wp\/v2\/comments?post=6548"}],"version-history":[{"count":1,"href":"https:\/\/modoviajeok.com.ar\/index.php\/wp-json\/wp\/v2\/posts\/6548\/revisions"}],"predecessor-version":[{"id":6552,"href":"https:\/\/modoviajeok.com.ar\/index.php\/wp-json\/wp\/v2\/posts\/6548\/revisions\/6552"}],"wp:featuredmedia":[{"embeddable":true,"href":"https:\/\/modoviajeok.com.ar\/index.php\/wp-json\/wp\/v2\/media\/6550"}],"wp:attachment":[{"href":"https:\/\/modoviajeok.com.ar\/index.php\/wp-json\/wp\/v2\/media?parent=6548"}],"wp:term":[{"taxonomy":"category","embeddable":true,"href":"https:\/\/modoviajeok.com.ar\/index.php\/wp-json\/wp\/v2\/categories?post=6548"},{"taxonomy":"post_tag","embeddable":true,"href":"https:\/\/modoviajeok.com.ar\/index.php\/wp-json\/wp\/v2\/tags?post=6548"}],"curies":[{"name":"wp","href":"https:\/\/api.w.org\/{rel}","templated":true}]}}