{"id":6669,"date":"2025-12-05T07:30:02","date_gmt":"2025-12-05T10:30:02","guid":{"rendered":"https:\/\/modoviajeok.com.ar\/?p=6669"},"modified":"2025-12-04T20:50:16","modified_gmt":"2025-12-04T23:50:16","slug":"arajet-ya-vuela-su-ruta-directa-cordoba-punta-cana","status":"publish","type":"post","link":"https:\/\/modoviajeok.com.ar\/index.php\/2025\/12\/05\/arajet-ya-vuela-su-ruta-directa-cordoba-punta-cana\/","title":{"rendered":"Arajet ya vuela su ruta directa C\u00f3rdoba\u2013Punta Cana"},"content":{"rendered":"\n<figure class=\"wp-block-pullquote\"><blockquote><p>La aerol\u00ednea de bandera de la Rep\u00fablica Dominicana, realiz\u00f3 el vuelo inaugural de su nueva ruta directa que conecta C\u00f3rdoba con Punta Cana, el pasado 1\u00b0 de diciembre desde el Aeropuerto Internacional Ingeniero Ambrosio Taravella, C\u00f3rdoba.<br><\/p><\/blockquote><\/figure>\n\n\n\n<figure class=\"wp-block-image size-full\"><img loading=\"lazy\" decoding=\"async\" width=\"2560\" height=\"1111\" src=\"https:\/\/modoviajeok.com.ar\/wp-content\/uploads\/2025\/12\/IMG_0617-scaled.jpg\" alt=\"\" class=\"wp-image-6672\" srcset=\"https:\/\/modoviajeok.com.ar\/wp-content\/uploads\/2025\/12\/IMG_0617-scaled.jpg 2560w, https:\/\/modoviajeok.com.ar\/wp-content\/uploads\/2025\/12\/IMG_0617-768x333.jpg 768w, https:\/\/modoviajeok.com.ar\/wp-content\/uploads\/2025\/12\/IMG_0617-1536x667.jpg 1536w, https:\/\/modoviajeok.com.ar\/wp-content\/uploads\/2025\/12\/IMG_0617-2048x889.jpg 2048w, https:\/\/modoviajeok.com.ar\/wp-content\/uploads\/2025\/12\/IMG_0617-968x420.jpg 968w, https:\/\/modoviajeok.com.ar\/wp-content\/uploads\/2025\/12\/IMG_0617-150x65.jpg 150w, https:\/\/modoviajeok.com.ar\/wp-content\/uploads\/2025\/12\/IMG_0617-300x130.jpg 300w, https:\/\/modoviajeok.com.ar\/wp-content\/uploads\/2025\/12\/IMG_0617-696x302.jpg 696w, https:\/\/modoviajeok.com.ar\/wp-content\/uploads\/2025\/12\/IMG_0617-1068x464.jpg 1068w, https:\/\/modoviajeok.com.ar\/wp-content\/uploads\/2025\/12\/IMG_0617-1920x833.jpg 1920w\" sizes=\"auto, (max-width: 2560px) 100vw, 2560px\" \/><\/figure>\n\n\n\n<p>Arajet, la aerol\u00ednea de bandera de la Rep\u00fablica Dominicana, realiz\u00f3 el vuelo inaugural de su nueva ruta directa que conecta C\u00f3rdoba con Punta Cana. El pasado 1\u00b0 de diciembre, desde el Aeropuerto Internacional Ingeniero Ambrosio Taravella, C\u00f3rdoba estren\u00f3 esta ruta que la une a uno de los destinos tur\u00edsticos m\u00e1s importantes del Caribe.<\/p>\n\n\n\n<p>La nueva ruta contar\u00e1 con cinco frecuencias semanales, ampliando la conectividad internacional del interior del pa\u00eds y ofreciendo a los viajeros cordobeses la posibilidad de volar al Caribe de manera directa, c\u00f3moda y eficiente. Este lanzamiento se produce en un contexto de fuerte crecimiento del tr\u00e1fico entre Argentina y la Rep\u00fablica Dominicana: durante el primer semestre de 2025, la llegada de turistas argentinos al pa\u00eds aument\u00f3 un 89.5 % en comparaci\u00f3n con el mismo per\u00edodo de 2024, y Argentina se posicion\u00f3 como el tercer pa\u00eds emisor de turistas hacia el destino, con proyecciones de alcanzar los 450.000 visitantes en 2025.<\/p>\n\n\n\n<p>Con el inicio de esta operaci\u00f3n, C\u00f3rdoba se convierte en el segundo destino de Arajet en Argentina, un paso estrat\u00e9gico que consolida la expansi\u00f3n de la aerol\u00ednea en el Cono Sur. La elecci\u00f3n de C\u00f3rdoba responde a la creciente demanda del mercado argentino y al inter\u00e9s de los viajeros del interior por<\/p>\n\n\n\n<p>contar con opciones directas hacia el Caribe. Este nuevo punto de entrada se suma a la presencia ya establecida en Buenos Aires y ampl\u00eda significativamente las oportunidades de conectividad para miles de pasajeros que ahora pueden acceder no solo a Punta Cana, sino tambi\u00e9n a la red regional de destinos que Arajet opera desde la Rep\u00fablica Dominicana.<\/p>\n\n\n\n<p>\u201cLa respuesta del mercado cordob\u00e9s ha superado nuestras expectativas desde el primer d\u00eda. La demanda ha sido extraordinaria y confirma el enorme potencial de esta conexi\u00f3n. Nuestro objetivo es seguir creciendo hasta alcanzar siete frecuencias semanales\u201d, afirm\u00f3 Jos\u00e9 Cabrera, Vicepresidente de Comunicaciones de Arajet.<\/p>\n\n\n\n<p>La llegada de Arajet a C\u00f3rdoba fortalece la oferta a\u00e9rea del interior argentino y abre nuevas alternativas para el turismo y los viajes regionales, conectando a m\u00e1s argentinos con el Caribe y ampliando el acceso a m\u00faltiples destinos en Norte, Centro y Suram\u00e9rica. Con esta inauguraci\u00f3n, Arajet reafirma su compromiso con el mercado argentino y con su estrategia de expansi\u00f3n en el Cono Sur.<\/p>\n\n\n\n<p><strong>Acerca de Arajet<\/strong><\/p>\n\n\n\n<p>Arajet es la aerol\u00ednea bandera de la Rep\u00fablica Dominicana. Desde el inicio de sus operaciones en 2022, opera dos bases \u2014en el Aeropuerto Las Am\u00e9ricas de Santo Domingo y en el Aeropuerto Internacional de Punta Cana\u2014 con una moderna flota de aeronaves Boeing 737 MAX. La aerol\u00ednea ofrece viajes hacia y entre la Rep\u00fablica Dominicana y m\u00faltiples destinos en Norte, Centro y Suram\u00e9rica, as\u00ed como en el Caribe. M\u00e1s informaci\u00f3n en <a href=\"http:\/\/www.arajet.com.\"><strong>www.arajet.com<\/strong>.<\/a><\/p>\n\n\n      <div class=\"wp_bannerize_container wp_bannerize_layout_vertical\">\n\n        <div class=\"wp_bannerize_banner_box wp_bannerize_category_intertexto-1\" data-title=\"Modo viaje\" data-mime_type=\"image-gif\" data-banner_id=\"1783\" id=\"wpbanner-1783\" data-impressions_enabled=\"true\" data-clicks_enabled=\"true\"><a href=\"https:\/\/www.instagram.com\/modoviaje.ok?igsh=Z3c5emxsZWFtdXN3\"><img decoding=\"async\" border=\"0\" src=\"https:\/\/modoviajeok.com.ar\/wp-content\/uploads\/2025\/02\/modoviaje.ok-300-x-250-px.gif\" alt=\"Modo viaje\" title=\"Modo viaje\" \/><\/a><\/div>      <\/div>\n\n\n","protected":false},"excerpt":{"rendered":"<p>La aerol\u00ednea de bandera de la Rep\u00fablica Dominicana, realiz\u00f3 el vuelo inaugural de su nueva ruta directa que conecta C\u00f3rdoba con Punta Cana, el pasado 1\u00b0 de diciembre desde el Aeropuerto Internacional Ingeniero Ambrosio Taravella, C\u00f3rdoba. Arajet, la aerol\u00ednea de bandera de la Rep\u00fablica Dominicana, realiz\u00f3 el vuelo inaugural de su nueva ruta directa que [&hellip;]<\/p>\n","protected":false},"author":3,"featured_media":6674,"comment_status":"open","ping_status":"open","sticky":false,"template":"","format":"standard","meta":{"_acf_changed":false,"footnotes":""},"categories":[11,10],"tags":[1435,1301,159],"class_list":{"0":"post-6669","1":"post","2":"type-post","3":"status-publish","4":"format-standard","5":"has-post-thumbnail","7":"category-cordoba","8":"category-noticias","9":"tag-arajet","10":"tag-punta-cana","11":"tag-republica-dominicana"},"acf":[],"yoast_head":"<!-- This site is optimized with the Yoast SEO plugin v24.8.1 - https:\/\/yoast.com\/wordpress\/plugins\/seo\/ -->\n<title>Arajet ya vuela su ruta directa C\u00f3rdoba\u2013Punta Cana -<\/title>\n<meta name=\"robots\" content=\"index, follow, max-snippet:-1, max-image-preview:large, max-video-preview:-1\" \/>\n<link rel=\"canonical\" href=\"https:\/\/modoviajeok.com.ar\/index.php\/2025\/12\/05\/arajet-ya-vuela-su-ruta-directa-cordoba-punta-cana\/\" \/>\n<meta property=\"og:locale\" content=\"es_ES\" \/>\n<meta property=\"og:type\" content=\"article\" \/>\n<meta property=\"og:title\" content=\"Arajet ya vuela su ruta directa C\u00f3rdoba\u2013Punta Cana -\" \/>\n<meta property=\"og:description\" content=\"La aerol\u00ednea de bandera de la Rep\u00fablica Dominicana, realiz\u00f3 el vuelo inaugural de su nueva ruta directa que conecta C\u00f3rdoba con Punta Cana, el pasado 1\u00b0 de diciembre desde el Aeropuerto Internacional Ingeniero Ambrosio Taravella, C\u00f3rdoba. Arajet, la aerol\u00ednea de bandera de la Rep\u00fablica Dominicana, realiz\u00f3 el vuelo inaugural de su nueva ruta directa que [&hellip;]\" \/>\n<meta property=\"og:url\" content=\"https:\/\/modoviajeok.com.ar\/index.php\/2025\/12\/05\/arajet-ya-vuela-su-ruta-directa-cordoba-punta-cana\/\" \/>\n<meta property=\"article:publisher\" content=\"https:\/\/www.facebook.com\/mariana.otero1\/\" \/>\n<meta property=\"article:published_time\" content=\"2025-12-05T10:30:02+00:00\" \/>\n<meta property=\"og:image\" content=\"https:\/\/modoviajeok.com.ar\/wp-content\/uploads\/2025\/12\/WhatsApp-Image-2025-12-03-at-17.18.22-1.jpeg\" \/>\n\t<meta property=\"og:image:width\" content=\"1280\" \/>\n\t<meta property=\"og:image:height\" content=\"854\" \/>\n\t<meta property=\"og:image:type\" content=\"image\/jpeg\" \/>\n<meta name=\"author\" content=\"Pepe Segura\" \/>\n<meta name=\"twitter:card\" content=\"summary_large_image\" \/>\n<meta name=\"twitter:label1\" content=\"Escrito por\" \/>\n\t<meta name=\"twitter:data1\" content=\"Pepe Segura\" \/>\n\t<meta name=\"twitter:label2\" content=\"Tiempo de lectura\" \/>\n\t<meta name=\"twitter:data2\" content=\"3 minutos\" \/>\n<script type=\"application\/ld+json\" class=\"yoast-schema-graph\">{\"@context\":\"https:\/\/schema.org\",\"@graph\":[{\"@type\":\"Article\",\"@id\":\"https:\/\/modoviajeok.com.ar\/index.php\/2025\/12\/05\/arajet-ya-vuela-su-ruta-directa-cordoba-punta-cana\/#article\",\"isPartOf\":{\"@id\":\"https:\/\/modoviajeok.com.ar\/index.php\/2025\/12\/05\/arajet-ya-vuela-su-ruta-directa-cordoba-punta-cana\/\"},\"author\":{\"name\":\"Pepe Segura\",\"@id\":\"https:\/\/modoviajeok.com.ar\/#\/schema\/person\/2e299ed0d3d412a01d244fe28260d7f5\"},\"headline\":\"Arajet ya vuela su ruta directa C\u00f3rdoba\u2013Punta Cana\",\"datePublished\":\"2025-12-05T10:30:02+00:00\",\"mainEntityOfPage\":{\"@id\":\"https:\/\/modoviajeok.com.ar\/index.php\/2025\/12\/05\/arajet-ya-vuela-su-ruta-directa-cordoba-punta-cana\/\"},\"wordCount\":538,\"commentCount\":0,\"publisher\":{\"@id\":\"https:\/\/modoviajeok.com.ar\/#organization\"},\"image\":{\"@id\":\"https:\/\/modoviajeok.com.ar\/index.php\/2025\/12\/05\/arajet-ya-vuela-su-ruta-directa-cordoba-punta-cana\/#primaryimage\"},\"thumbnailUrl\":\"https:\/\/modoviajeok.com.ar\/wp-content\/uploads\/2025\/12\/WhatsApp-Image-2025-12-03-at-17.18.22-1.jpeg\",\"keywords\":[\"arajet\",\"punta cana\",\"republica dominicana\"],\"articleSection\":[\"C\u00f3rdoba\",\"Noticias\"],\"inLanguage\":\"es\",\"potentialAction\":[{\"@type\":\"CommentAction\",\"name\":\"Comment\",\"target\":[\"https:\/\/modoviajeok.com.ar\/index.php\/2025\/12\/05\/arajet-ya-vuela-su-ruta-directa-cordoba-punta-cana\/#respond\"]}]},{\"@type\":\"WebPage\",\"@id\":\"https:\/\/modoviajeok.com.ar\/index.php\/2025\/12\/05\/arajet-ya-vuela-su-ruta-directa-cordoba-punta-cana\/\",\"url\":\"https:\/\/modoviajeok.com.ar\/index.php\/2025\/12\/05\/arajet-ya-vuela-su-ruta-directa-cordoba-punta-cana\/\",\"name\":\"Arajet ya vuela su ruta directa C\u00f3rdoba\u2013Punta Cana -\",\"isPartOf\":{\"@id\":\"https:\/\/modoviajeok.com.ar\/#website\"},\"primaryImageOfPage\":{\"@id\":\"https:\/\/modoviajeok.com.ar\/index.php\/2025\/12\/05\/arajet-ya-vuela-su-ruta-directa-cordoba-punta-cana\/#primaryimage\"},\"image\":{\"@id\":\"https:\/\/modoviajeok.com.ar\/index.php\/2025\/12\/05\/arajet-ya-vuela-su-ruta-directa-cordoba-punta-cana\/#primaryimage\"},\"thumbnailUrl\":\"https:\/\/modoviajeok.com.ar\/wp-content\/uploads\/2025\/12\/WhatsApp-Image-2025-12-03-at-17.18.22-1.jpeg\",\"datePublished\":\"2025-12-05T10:30:02+00:00\",\"breadcrumb\":{\"@id\":\"https:\/\/modoviajeok.com.ar\/index.php\/2025\/12\/05\/arajet-ya-vuela-su-ruta-directa-cordoba-punta-cana\/#breadcrumb\"},\"inLanguage\":\"es\",\"potentialAction\":[{\"@type\":\"ReadAction\",\"target\":[\"https:\/\/modoviajeok.com.ar\/index.php\/2025\/12\/05\/arajet-ya-vuela-su-ruta-directa-cordoba-punta-cana\/\"]}]},{\"@type\":\"ImageObject\",\"inLanguage\":\"es\",\"@id\":\"https:\/\/modoviajeok.com.ar\/index.php\/2025\/12\/05\/arajet-ya-vuela-su-ruta-directa-cordoba-punta-cana\/#primaryimage\",\"url\":\"https:\/\/modoviajeok.com.ar\/wp-content\/uploads\/2025\/12\/WhatsApp-Image-2025-12-03-at-17.18.22-1.jpeg\",\"contentUrl\":\"https:\/\/modoviajeok.com.ar\/wp-content\/uploads\/2025\/12\/WhatsApp-Image-2025-12-03-at-17.18.22-1.jpeg\",\"width\":1280,\"height\":854},{\"@type\":\"BreadcrumbList\",\"@id\":\"https:\/\/modoviajeok.com.ar\/index.php\/2025\/12\/05\/arajet-ya-vuela-su-ruta-directa-cordoba-punta-cana\/#breadcrumb\",\"itemListElement\":[{\"@type\":\"ListItem\",\"position\":1,\"name\":\"Portada\",\"item\":\"https:\/\/modoviajeok.com.ar\/\"},{\"@type\":\"ListItem\",\"position\":2,\"name\":\"Arajet ya vuela su ruta directa C\u00f3rdoba\u2013Punta Cana\"}]},{\"@type\":\"WebSite\",\"@id\":\"https:\/\/modoviajeok.com.ar\/#website\",\"url\":\"https:\/\/modoviajeok.com.ar\/\",\"name\":\"ModoViajeOK\",\"description\":\"\",\"publisher\":{\"@id\":\"https:\/\/modoviajeok.com.ar\/#organization\"},\"potentialAction\":[{\"@type\":\"SearchAction\",\"target\":{\"@type\":\"EntryPoint\",\"urlTemplate\":\"https:\/\/modoviajeok.com.ar\/?s={search_term_string}\"},\"query-input\":{\"@type\":\"PropertyValueSpecification\",\"valueRequired\":true,\"valueName\":\"search_term_string\"}}],\"inLanguage\":\"es\"},{\"@type\":\"Organization\",\"@id\":\"https:\/\/modoviajeok.com.ar\/#organization\",\"name\":\"ModoViajeOK\",\"url\":\"https:\/\/modoviajeok.com.ar\/\",\"logo\":{\"@type\":\"ImageObject\",\"inLanguage\":\"es\",\"@id\":\"https:\/\/modoviajeok.com.ar\/#\/schema\/logo\/image\/\",\"url\":\"https:\/\/modoviajeok.com.ar\/wp-content\/uploads\/2025\/01\/Logo-modoviajeok.png\",\"contentUrl\":\"https:\/\/modoviajeok.com.ar\/wp-content\/uploads\/2025\/01\/Logo-modoviajeok.png\",\"width\":2938,\"height\":2276,\"caption\":\"ModoViajeOK\"},\"image\":{\"@id\":\"https:\/\/modoviajeok.com.ar\/#\/schema\/logo\/image\/\"},\"sameAs\":[\"https:\/\/www.facebook.com\/mariana.otero1\/\",\"https:\/\/www.instagram.com\/modoviaje.ok\/\"]},{\"@type\":\"Person\",\"@id\":\"https:\/\/modoviajeok.com.ar\/#\/schema\/person\/2e299ed0d3d412a01d244fe28260d7f5\",\"name\":\"Pepe Segura\",\"image\":{\"@type\":\"ImageObject\",\"inLanguage\":\"es\",\"@id\":\"https:\/\/modoviajeok.com.ar\/#\/schema\/person\/image\/\",\"url\":\"https:\/\/secure.gravatar.com\/avatar\/65eb4b34deed761327f5b2c5535b987318ae807900ac46426de7258f5de6d345?s=96&d=mm&r=g\",\"contentUrl\":\"https:\/\/secure.gravatar.com\/avatar\/65eb4b34deed761327f5b2c5535b987318ae807900ac46426de7258f5de6d345?s=96&d=mm&r=g\",\"caption\":\"Pepe Segura\"},\"url\":\"https:\/\/modoviajeok.com.ar\/index.php\/author\/pepe2025\/\"}]}<\/script>\n<!-- \/ Yoast SEO plugin. -->","yoast_head_json":{"title":"Arajet ya vuela su ruta directa C\u00f3rdoba\u2013Punta Cana -","robots":{"index":"index","follow":"follow","max-snippet":"max-snippet:-1","max-image-preview":"max-image-preview:large","max-video-preview":"max-video-preview:-1"},"canonical":"https:\/\/modoviajeok.com.ar\/index.php\/2025\/12\/05\/arajet-ya-vuela-su-ruta-directa-cordoba-punta-cana\/","og_locale":"es_ES","og_type":"article","og_title":"Arajet ya vuela su ruta directa C\u00f3rdoba\u2013Punta Cana -","og_description":"La aerol\u00ednea de bandera de la Rep\u00fablica Dominicana, realiz\u00f3 el vuelo inaugural de su nueva ruta directa que conecta C\u00f3rdoba con Punta Cana, el pasado 1\u00b0 de diciembre desde el Aeropuerto Internacional Ingeniero Ambrosio Taravella, C\u00f3rdoba. Arajet, la aerol\u00ednea de bandera de la Rep\u00fablica Dominicana, realiz\u00f3 el vuelo inaugural de su nueva ruta directa que [&hellip;]","og_url":"https:\/\/modoviajeok.com.ar\/index.php\/2025\/12\/05\/arajet-ya-vuela-su-ruta-directa-cordoba-punta-cana\/","article_publisher":"https:\/\/www.facebook.com\/mariana.otero1\/","article_published_time":"2025-12-05T10:30:02+00:00","og_image":[{"width":1280,"height":854,"url":"https:\/\/modoviajeok.com.ar\/wp-content\/uploads\/2025\/12\/WhatsApp-Image-2025-12-03-at-17.18.22-1.jpeg","type":"image\/jpeg"}],"author":"Pepe Segura","twitter_card":"summary_large_image","twitter_misc":{"Escrito por":"Pepe Segura","Tiempo de lectura":"3 minutos"},"schema":{"@context":"https:\/\/schema.org","@graph":[{"@type":"Article","@id":"https:\/\/modoviajeok.com.ar\/index.php\/2025\/12\/05\/arajet-ya-vuela-su-ruta-directa-cordoba-punta-cana\/#article","isPartOf":{"@id":"https:\/\/modoviajeok.com.ar\/index.php\/2025\/12\/05\/arajet-ya-vuela-su-ruta-directa-cordoba-punta-cana\/"},"author":{"name":"Pepe Segura","@id":"https:\/\/modoviajeok.com.ar\/#\/schema\/person\/2e299ed0d3d412a01d244fe28260d7f5"},"headline":"Arajet ya vuela su ruta directa C\u00f3rdoba\u2013Punta Cana","datePublished":"2025-12-05T10:30:02+00:00","mainEntityOfPage":{"@id":"https:\/\/modoviajeok.com.ar\/index.php\/2025\/12\/05\/arajet-ya-vuela-su-ruta-directa-cordoba-punta-cana\/"},"wordCount":538,"commentCount":0,"publisher":{"@id":"https:\/\/modoviajeok.com.ar\/#organization"},"image":{"@id":"https:\/\/modoviajeok.com.ar\/index.php\/2025\/12\/05\/arajet-ya-vuela-su-ruta-directa-cordoba-punta-cana\/#primaryimage"},"thumbnailUrl":"https:\/\/modoviajeok.com.ar\/wp-content\/uploads\/2025\/12\/WhatsApp-Image-2025-12-03-at-17.18.22-1.jpeg","keywords":["arajet","punta cana","republica dominicana"],"articleSection":["C\u00f3rdoba","Noticias"],"inLanguage":"es","potentialAction":[{"@type":"CommentAction","name":"Comment","target":["https:\/\/modoviajeok.com.ar\/index.php\/2025\/12\/05\/arajet-ya-vuela-su-ruta-directa-cordoba-punta-cana\/#respond"]}]},{"@type":"WebPage","@id":"https:\/\/modoviajeok.com.ar\/index.php\/2025\/12\/05\/arajet-ya-vuela-su-ruta-directa-cordoba-punta-cana\/","url":"https:\/\/modoviajeok.com.ar\/index.php\/2025\/12\/05\/arajet-ya-vuela-su-ruta-directa-cordoba-punta-cana\/","name":"Arajet ya vuela su ruta directa C\u00f3rdoba\u2013Punta Cana -","isPartOf":{"@id":"https:\/\/modoviajeok.com.ar\/#website"},"primaryImageOfPage":{"@id":"https:\/\/modoviajeok.com.ar\/index.php\/2025\/12\/05\/arajet-ya-vuela-su-ruta-directa-cordoba-punta-cana\/#primaryimage"},"image":{"@id":"https:\/\/modoviajeok.com.ar\/index.php\/2025\/12\/05\/arajet-ya-vuela-su-ruta-directa-cordoba-punta-cana\/#primaryimage"},"thumbnailUrl":"https:\/\/modoviajeok.com.ar\/wp-content\/uploads\/2025\/12\/WhatsApp-Image-2025-12-03-at-17.18.22-1.jpeg","datePublished":"2025-12-05T10:30:02+00:00","breadcrumb":{"@id":"https:\/\/modoviajeok.com.ar\/index.php\/2025\/12\/05\/arajet-ya-vuela-su-ruta-directa-cordoba-punta-cana\/#breadcrumb"},"inLanguage":"es","potentialAction":[{"@type":"ReadAction","target":["https:\/\/modoviajeok.com.ar\/index.php\/2025\/12\/05\/arajet-ya-vuela-su-ruta-directa-cordoba-punta-cana\/"]}]},{"@type":"ImageObject","inLanguage":"es","@id":"https:\/\/modoviajeok.com.ar\/index.php\/2025\/12\/05\/arajet-ya-vuela-su-ruta-directa-cordoba-punta-cana\/#primaryimage","url":"https:\/\/modoviajeok.com.ar\/wp-content\/uploads\/2025\/12\/WhatsApp-Image-2025-12-03-at-17.18.22-1.jpeg","contentUrl":"https:\/\/modoviajeok.com.ar\/wp-content\/uploads\/2025\/12\/WhatsApp-Image-2025-12-03-at-17.18.22-1.jpeg","width":1280,"height":854},{"@type":"BreadcrumbList","@id":"https:\/\/modoviajeok.com.ar\/index.php\/2025\/12\/05\/arajet-ya-vuela-su-ruta-directa-cordoba-punta-cana\/#breadcrumb","itemListElement":[{"@type":"ListItem","position":1,"name":"Portada","item":"https:\/\/modoviajeok.com.ar\/"},{"@type":"ListItem","position":2,"name":"Arajet ya vuela su ruta directa C\u00f3rdoba\u2013Punta Cana"}]},{"@type":"WebSite","@id":"https:\/\/modoviajeok.com.ar\/#website","url":"https:\/\/modoviajeok.com.ar\/","name":"ModoViajeOK","description":"","publisher":{"@id":"https:\/\/modoviajeok.com.ar\/#organization"},"potentialAction":[{"@type":"SearchAction","target":{"@type":"EntryPoint","urlTemplate":"https:\/\/modoviajeok.com.ar\/?s={search_term_string}"},"query-input":{"@type":"PropertyValueSpecification","valueRequired":true,"valueName":"search_term_string"}}],"inLanguage":"es"},{"@type":"Organization","@id":"https:\/\/modoviajeok.com.ar\/#organization","name":"ModoViajeOK","url":"https:\/\/modoviajeok.com.ar\/","logo":{"@type":"ImageObject","inLanguage":"es","@id":"https:\/\/modoviajeok.com.ar\/#\/schema\/logo\/image\/","url":"https:\/\/modoviajeok.com.ar\/wp-content\/uploads\/2025\/01\/Logo-modoviajeok.png","contentUrl":"https:\/\/modoviajeok.com.ar\/wp-content\/uploads\/2025\/01\/Logo-modoviajeok.png","width":2938,"height":2276,"caption":"ModoViajeOK"},"image":{"@id":"https:\/\/modoviajeok.com.ar\/#\/schema\/logo\/image\/"},"sameAs":["https:\/\/www.facebook.com\/mariana.otero1\/","https:\/\/www.instagram.com\/modoviaje.ok\/"]},{"@type":"Person","@id":"https:\/\/modoviajeok.com.ar\/#\/schema\/person\/2e299ed0d3d412a01d244fe28260d7f5","name":"Pepe Segura","image":{"@type":"ImageObject","inLanguage":"es","@id":"https:\/\/modoviajeok.com.ar\/#\/schema\/person\/image\/","url":"https:\/\/secure.gravatar.com\/avatar\/65eb4b34deed761327f5b2c5535b987318ae807900ac46426de7258f5de6d345?s=96&d=mm&r=g","contentUrl":"https:\/\/secure.gravatar.com\/avatar\/65eb4b34deed761327f5b2c5535b987318ae807900ac46426de7258f5de6d345?s=96&d=mm&r=g","caption":"Pepe Segura"},"url":"https:\/\/modoviajeok.com.ar\/index.php\/author\/pepe2025\/"}]}},"_links":{"self":[{"href":"https:\/\/modoviajeok.com.ar\/index.php\/wp-json\/wp\/v2\/posts\/6669","targetHints":{"allow":["GET"]}}],"collection":[{"href":"https:\/\/modoviajeok.com.ar\/index.php\/wp-json\/wp\/v2\/posts"}],"about":[{"href":"https:\/\/modoviajeok.com.ar\/index.php\/wp-json\/wp\/v2\/types\/post"}],"author":[{"embeddable":true,"href":"https:\/\/modoviajeok.com.ar\/index.php\/wp-json\/wp\/v2\/users\/3"}],"replies":[{"embeddable":true,"href":"https:\/\/modoviajeok.com.ar\/index.php\/wp-json\/wp\/v2\/comments?post=6669"}],"version-history":[{"count":1,"href":"https:\/\/modoviajeok.com.ar\/index.php\/wp-json\/wp\/v2\/posts\/6669\/revisions"}],"predecessor-version":[{"id":6675,"href":"https:\/\/modoviajeok.com.ar\/index.php\/wp-json\/wp\/v2\/posts\/6669\/revisions\/6675"}],"wp:featuredmedia":[{"embeddable":true,"href":"https:\/\/modoviajeok.com.ar\/index.php\/wp-json\/wp\/v2\/media\/6674"}],"wp:attachment":[{"href":"https:\/\/modoviajeok.com.ar\/index.php\/wp-json\/wp\/v2\/media?parent=6669"}],"wp:term":[{"taxonomy":"category","embeddable":true,"href":"https:\/\/modoviajeok.com.ar\/index.php\/wp-json\/wp\/v2\/categories?post=6669"},{"taxonomy":"post_tag","embeddable":true,"href":"https:\/\/modoviajeok.com.ar\/index.php\/wp-json\/wp\/v2\/tags?post=6669"}],"curies":[{"name":"wp","href":"https:\/\/api.w.org\/{rel}","templated":true}]}}