{"id":667,"date":"2025-01-21T10:01:12","date_gmt":"2025-01-21T13:01:12","guid":{"rendered":"https:\/\/modoviajeok.com.ar\/?p=667"},"modified":"2025-02-04T09:30:44","modified_gmt":"2025-02-04T12:30:44","slug":"esteros-del-ibera-el-segundo-humedal-mas-grande-de-america","status":"publish","type":"post","link":"https:\/\/modoviajeok.com.ar\/index.php\/2025\/01\/21\/esteros-del-ibera-el-segundo-humedal-mas-grande-de-america\/","title":{"rendered":"Esteros del Iber\u00e1, el segundo humedal m\u00e1s grande de Am\u00e9rica"},"content":{"rendered":"\n<p><\/p>\n\n\n\n<p>En 2011 llegamos a los correntinos Esteros del Iber\u00e1, el segundo humedal m\u00e1s grande de Am\u00e9rica y uno de los mejores destinos de Am\u00e9rica Latina para la observaci\u00f3n de fauna silvestre.&nbsp;<\/p>\n\n\n\n<figure class=\"wp-block-image size-full\"><img loading=\"lazy\" decoding=\"async\" width=\"1535\" height=\"963\" src=\"https:\/\/modoviajeok.com.ar\/wp-content\/uploads\/2025\/01\/WhatsApp-Image-2025-01-21-at-10.07.52-AM-1.jpeg\" alt=\"\" class=\"wp-image-683\" srcset=\"https:\/\/modoviajeok.com.ar\/wp-content\/uploads\/2025\/01\/WhatsApp-Image-2025-01-21-at-10.07.52-AM-1.jpeg 1535w, https:\/\/modoviajeok.com.ar\/wp-content\/uploads\/2025\/01\/WhatsApp-Image-2025-01-21-at-10.07.52-AM-1-768x482.jpeg 768w, https:\/\/modoviajeok.com.ar\/wp-content\/uploads\/2025\/01\/WhatsApp-Image-2025-01-21-at-10.07.52-AM-1-669x420.jpeg 669w, https:\/\/modoviajeok.com.ar\/wp-content\/uploads\/2025\/01\/WhatsApp-Image-2025-01-21-at-10.07.52-AM-1-150x94.jpeg 150w, https:\/\/modoviajeok.com.ar\/wp-content\/uploads\/2025\/01\/WhatsApp-Image-2025-01-21-at-10.07.52-AM-1-300x188.jpeg 300w, https:\/\/modoviajeok.com.ar\/wp-content\/uploads\/2025\/01\/WhatsApp-Image-2025-01-21-at-10.07.52-AM-1-696x437.jpeg 696w, https:\/\/modoviajeok.com.ar\/wp-content\/uploads\/2025\/01\/WhatsApp-Image-2025-01-21-at-10.07.52-AM-1-1068x670.jpeg 1068w\" sizes=\"auto, (max-width: 1535px) 100vw, 1535px\" \/><figcaption class=\"wp-element-caption\">FOTOGRAF\u00cdA: Miguel \u00abCoc\u00f3\u00bb Cabrera.<\/figcaption><\/figure>\n\n\n\n<p>Lo hicimos con un auto peque\u00f1o, dos ni\u00f1os tambi\u00e9n peque\u00f1os y grandes expectativas de inmersi\u00f3n en la naturaleza. Dormimos en la ciudad de Mercedes y al d\u00eda siguiente, bien temprano, comenzamos a andar los 120 kil\u00f3metros que nos separaban de Colonia Carlos Pellegrini (a 350 kil\u00f3metros de la ciudad de Corrientes) donde hicimos base. Paramos en la preciosa <a href=\"https:\/\/www.instagram.com\/posadadelalagunalodge\/\" data-type=\"link\" data-id=\"https:\/\/www.instagram.com\/posadadelalagunalodge\/\">Posada de la Laguna<\/a>, con servicio de gu\u00edas.<\/p>\n\n\n\n<figure class=\"wp-block-image size-full\"><img loading=\"lazy\" decoding=\"async\" width=\"1600\" height=\"1117\" src=\"https:\/\/modoviajeok.com.ar\/wp-content\/uploads\/2025\/01\/WhatsApp-Image-2025-01-21-at-10.07.53-AM-1.jpeg\" alt=\"\" class=\"wp-image-678\" srcset=\"https:\/\/modoviajeok.com.ar\/wp-content\/uploads\/2025\/01\/WhatsApp-Image-2025-01-21-at-10.07.53-AM-1.jpeg 1600w, https:\/\/modoviajeok.com.ar\/wp-content\/uploads\/2025\/01\/WhatsApp-Image-2025-01-21-at-10.07.53-AM-1-768x536.jpeg 768w, https:\/\/modoviajeok.com.ar\/wp-content\/uploads\/2025\/01\/WhatsApp-Image-2025-01-21-at-10.07.53-AM-1-1536x1072.jpeg 1536w, https:\/\/modoviajeok.com.ar\/wp-content\/uploads\/2025\/01\/WhatsApp-Image-2025-01-21-at-10.07.53-AM-1-602x420.jpeg 602w, https:\/\/modoviajeok.com.ar\/wp-content\/uploads\/2025\/01\/WhatsApp-Image-2025-01-21-at-10.07.53-AM-1-150x105.jpeg 150w, https:\/\/modoviajeok.com.ar\/wp-content\/uploads\/2025\/01\/WhatsApp-Image-2025-01-21-at-10.07.53-AM-1-300x209.jpeg 300w, https:\/\/modoviajeok.com.ar\/wp-content\/uploads\/2025\/01\/WhatsApp-Image-2025-01-21-at-10.07.53-AM-1-696x486.jpeg 696w, https:\/\/modoviajeok.com.ar\/wp-content\/uploads\/2025\/01\/WhatsApp-Image-2025-01-21-at-10.07.53-AM-1-1068x746.jpeg 1068w, https:\/\/modoviajeok.com.ar\/wp-content\/uploads\/2025\/01\/WhatsApp-Image-2025-01-21-at-10.07.53-AM-1-100x70.jpeg 100w\" sizes=\"auto, (max-width: 1600px) 100vw, 1600px\" \/><figcaption class=\"wp-element-caption\">FOTOGRAF\u00cdA: Miguel \u00abCoc\u00f3\u00bb Cabrera.<\/figcaption><\/figure>\n\n\n\n<figure class=\"wp-block-image size-full\"><img loading=\"lazy\" decoding=\"async\" width=\"1600\" height=\"1200\" src=\"https:\/\/modoviajeok.com.ar\/wp-content\/uploads\/2025\/01\/WhatsApp-Image-2025-01-21-at-9.46.47-AM-4.jpeg\" alt=\"\" class=\"wp-image-674\" srcset=\"https:\/\/modoviajeok.com.ar\/wp-content\/uploads\/2025\/01\/WhatsApp-Image-2025-01-21-at-9.46.47-AM-4.jpeg 1600w, https:\/\/modoviajeok.com.ar\/wp-content\/uploads\/2025\/01\/WhatsApp-Image-2025-01-21-at-9.46.47-AM-4-768x576.jpeg 768w, https:\/\/modoviajeok.com.ar\/wp-content\/uploads\/2025\/01\/WhatsApp-Image-2025-01-21-at-9.46.47-AM-4-1536x1152.jpeg 1536w, https:\/\/modoviajeok.com.ar\/wp-content\/uploads\/2025\/01\/WhatsApp-Image-2025-01-21-at-9.46.47-AM-4-560x420.jpeg 560w, https:\/\/modoviajeok.com.ar\/wp-content\/uploads\/2025\/01\/WhatsApp-Image-2025-01-21-at-9.46.47-AM-4-80x60.jpeg 80w, https:\/\/modoviajeok.com.ar\/wp-content\/uploads\/2025\/01\/WhatsApp-Image-2025-01-21-at-9.46.47-AM-4-150x113.jpeg 150w, https:\/\/modoviajeok.com.ar\/wp-content\/uploads\/2025\/01\/WhatsApp-Image-2025-01-21-at-9.46.47-AM-4-300x225.jpeg 300w, https:\/\/modoviajeok.com.ar\/wp-content\/uploads\/2025\/01\/WhatsApp-Image-2025-01-21-at-9.46.47-AM-4-696x522.jpeg 696w, https:\/\/modoviajeok.com.ar\/wp-content\/uploads\/2025\/01\/WhatsApp-Image-2025-01-21-at-9.46.47-AM-4-1068x801.jpeg 1068w, https:\/\/modoviajeok.com.ar\/wp-content\/uploads\/2025\/01\/WhatsApp-Image-2025-01-21-at-9.46.47-AM-4-265x198.jpeg 265w\" sizes=\"auto, (max-width: 1600px) 100vw, 1600px\" \/><\/figure>\n\n\n\n<p>La primera sorpresa fueron las familias de carpinchos o capibaras, los roedores herb\u00edvoros anfibios m\u00e1s grandes del mundo, que parecen cobayos gigantes. Un adulto pesa unos 55 kilos, mide m\u00e1s de un metro de largo y 50 cm de altura.<\/p>\n\n\n\n<p>Junto con la del Amazonas ecuatoriano y el Impenetrable chaque\u00f1o, esta fue para nosotros la experiencia m\u00e1s profunda con la naturaleza.&nbsp;<\/p>\n\n\n\n<figure class=\"wp-block-image size-full\"><img loading=\"lazy\" decoding=\"async\" width=\"1600\" height=\"1200\" src=\"https:\/\/modoviajeok.com.ar\/wp-content\/uploads\/2025\/01\/WhatsApp-Image-2025-01-21-at-9.46.47-AM-1.jpeg\" alt=\"\" class=\"wp-image-668\" srcset=\"https:\/\/modoviajeok.com.ar\/wp-content\/uploads\/2025\/01\/WhatsApp-Image-2025-01-21-at-9.46.47-AM-1.jpeg 1600w, https:\/\/modoviajeok.com.ar\/wp-content\/uploads\/2025\/01\/WhatsApp-Image-2025-01-21-at-9.46.47-AM-1-768x576.jpeg 768w, https:\/\/modoviajeok.com.ar\/wp-content\/uploads\/2025\/01\/WhatsApp-Image-2025-01-21-at-9.46.47-AM-1-1536x1152.jpeg 1536w, https:\/\/modoviajeok.com.ar\/wp-content\/uploads\/2025\/01\/WhatsApp-Image-2025-01-21-at-9.46.47-AM-1-560x420.jpeg 560w, https:\/\/modoviajeok.com.ar\/wp-content\/uploads\/2025\/01\/WhatsApp-Image-2025-01-21-at-9.46.47-AM-1-80x60.jpeg 80w, https:\/\/modoviajeok.com.ar\/wp-content\/uploads\/2025\/01\/WhatsApp-Image-2025-01-21-at-9.46.47-AM-1-150x113.jpeg 150w, https:\/\/modoviajeok.com.ar\/wp-content\/uploads\/2025\/01\/WhatsApp-Image-2025-01-21-at-9.46.47-AM-1-300x225.jpeg 300w, https:\/\/modoviajeok.com.ar\/wp-content\/uploads\/2025\/01\/WhatsApp-Image-2025-01-21-at-9.46.47-AM-1-696x522.jpeg 696w, https:\/\/modoviajeok.com.ar\/wp-content\/uploads\/2025\/01\/WhatsApp-Image-2025-01-21-at-9.46.47-AM-1-1068x801.jpeg 1068w, https:\/\/modoviajeok.com.ar\/wp-content\/uploads\/2025\/01\/WhatsApp-Image-2025-01-21-at-9.46.47-AM-1-265x198.jpeg 265w\" sizes=\"auto, (max-width: 1600px) 100vw, 1600px\" \/><\/figure>\n\n\n\n<p>Ubicados en el coraz\u00f3n de la provincia de Corrientes, los esteros fueron un antes y un despu\u00e9s en la conexi\u00f3n con el ambiente. Cuando visitamos el Gran Parque Iber\u00e1 de 780.000 hect\u00e1reas (el Parque Nacional + el Parque Provincial), los yaguaret\u00e9s (el mayor felino de Am\u00e9rica y uno de los mam\u00edferos m\u00e1s amenazados de Argentina) hab\u00edan desaparecido por completo y reci\u00e9n se iniciaban acciones para recuperarlos, junto a otros como la nutria gigante, el tapir, los pecar\u00edes de collar y labiado, el oso hormiguero gigante y los guacamayos. Hoy, 13 a\u00f1os despu\u00e9s, por all\u00ed caminan 21 yaguaret\u00e9s y se han restaurado otras especies gracias al <a href=\"https:\/\/www.rewildingargentina.org\/proyecto-ibera\/\" data-type=\"link\" data-id=\"https:\/\/www.rewildingargentina.org\/proyecto-ibera\/\">Proyecto Iber\u00e1<\/a> que lleva adelante <a href=\"https:\/\/www.rewildingargentina.org\/\" data-type=\"link\" data-id=\"https:\/\/www.rewildingargentina.org\/\">Rewilding Argentina<\/a>.&nbsp;<\/p>\n\n\n\n<figure class=\"wp-block-image size-full\"><img loading=\"lazy\" decoding=\"async\" width=\"1600\" height=\"1030\" src=\"https:\/\/modoviajeok.com.ar\/wp-content\/uploads\/2025\/01\/WhatsApp-Image-2025-01-21-at-10.07.54-AM-1.jpeg\" alt=\"\" class=\"wp-image-680\" srcset=\"https:\/\/modoviajeok.com.ar\/wp-content\/uploads\/2025\/01\/WhatsApp-Image-2025-01-21-at-10.07.54-AM-1.jpeg 1600w, https:\/\/modoviajeok.com.ar\/wp-content\/uploads\/2025\/01\/WhatsApp-Image-2025-01-21-at-10.07.54-AM-1-768x494.jpeg 768w, https:\/\/modoviajeok.com.ar\/wp-content\/uploads\/2025\/01\/WhatsApp-Image-2025-01-21-at-10.07.54-AM-1-1536x989.jpeg 1536w, https:\/\/modoviajeok.com.ar\/wp-content\/uploads\/2025\/01\/WhatsApp-Image-2025-01-21-at-10.07.54-AM-1-652x420.jpeg 652w, https:\/\/modoviajeok.com.ar\/wp-content\/uploads\/2025\/01\/WhatsApp-Image-2025-01-21-at-10.07.54-AM-1-150x97.jpeg 150w, https:\/\/modoviajeok.com.ar\/wp-content\/uploads\/2025\/01\/WhatsApp-Image-2025-01-21-at-10.07.54-AM-1-300x193.jpeg 300w, https:\/\/modoviajeok.com.ar\/wp-content\/uploads\/2025\/01\/WhatsApp-Image-2025-01-21-at-10.07.54-AM-1-696x448.jpeg 696w, https:\/\/modoviajeok.com.ar\/wp-content\/uploads\/2025\/01\/WhatsApp-Image-2025-01-21-at-10.07.54-AM-1-1068x688.jpeg 1068w\" sizes=\"auto, (max-width: 1600px) 100vw, 1600px\" \/><figcaption class=\"wp-element-caption\">FOTOGRAF\u00cdA: Miguel \u00abCoc\u00f3\u00bb Cabrera.<\/figcaption><\/figure>\n\n\n\n<p>Los esteros son un remanso en ebullici\u00f3n, valga la paradoja, que invita a la contemplaci\u00f3n de la vida silvestre en su estado m\u00e1s puro y asombroso. Avistamos monos, carpinchos y un pu\u00f1ado de las 370 especies&nbsp; de aves que habitan el lugar, ciervos de los pantanos, osos hormiguero, yacar\u00e9s y venados de las pampas. Qu\u00e9 m\u00e1s se puede pedir de este para\u00edso que la revista National Geographic ubic\u00f3 este a\u00f1o entre los lugares tur\u00edsticos m\u00e1s atractivos y atrapantes del mundo.&nbsp;<\/p>\n\n\n\n<figure class=\"wp-block-image size-full\"><img loading=\"lazy\" decoding=\"async\" width=\"1600\" height=\"1200\" src=\"https:\/\/modoviajeok.com.ar\/wp-content\/uploads\/2025\/01\/WhatsApp-Image-2025-01-21-at-9.46.46-AM-1.jpeg\" alt=\"\" class=\"wp-image-669\" srcset=\"https:\/\/modoviajeok.com.ar\/wp-content\/uploads\/2025\/01\/WhatsApp-Image-2025-01-21-at-9.46.46-AM-1.jpeg 1600w, https:\/\/modoviajeok.com.ar\/wp-content\/uploads\/2025\/01\/WhatsApp-Image-2025-01-21-at-9.46.46-AM-1-768x576.jpeg 768w, https:\/\/modoviajeok.com.ar\/wp-content\/uploads\/2025\/01\/WhatsApp-Image-2025-01-21-at-9.46.46-AM-1-1536x1152.jpeg 1536w, https:\/\/modoviajeok.com.ar\/wp-content\/uploads\/2025\/01\/WhatsApp-Image-2025-01-21-at-9.46.46-AM-1-560x420.jpeg 560w, https:\/\/modoviajeok.com.ar\/wp-content\/uploads\/2025\/01\/WhatsApp-Image-2025-01-21-at-9.46.46-AM-1-80x60.jpeg 80w, https:\/\/modoviajeok.com.ar\/wp-content\/uploads\/2025\/01\/WhatsApp-Image-2025-01-21-at-9.46.46-AM-1-150x113.jpeg 150w, https:\/\/modoviajeok.com.ar\/wp-content\/uploads\/2025\/01\/WhatsApp-Image-2025-01-21-at-9.46.46-AM-1-300x225.jpeg 300w, https:\/\/modoviajeok.com.ar\/wp-content\/uploads\/2025\/01\/WhatsApp-Image-2025-01-21-at-9.46.46-AM-1-696x522.jpeg 696w, https:\/\/modoviajeok.com.ar\/wp-content\/uploads\/2025\/01\/WhatsApp-Image-2025-01-21-at-9.46.46-AM-1-1068x801.jpeg 1068w, https:\/\/modoviajeok.com.ar\/wp-content\/uploads\/2025\/01\/WhatsApp-Image-2025-01-21-at-9.46.46-AM-1-265x198.jpeg 265w\" sizes=\"auto, (max-width: 1600px) 100vw, 1600px\" \/><\/figure>\n\n\n\n<p><\/p>\n\n\n\n<p><strong>Contemplar, nada m\u00e1s<\/strong><\/p>\n\n\n\n<p>Una vez instalados en el lugar elegido, uno queda en las buenas manos de los expertos gu\u00edas del lugar. Para romper el hielo y entrar de lleno en el mundo de los esteros, nada mejor que arrancar con un paseo en lancha para ver, bien de cerca, a uno de los s\u00edmbolos de la regi\u00f3n: el yacar\u00e9 en sus dos versiones, overo (<a href=\"https:\/\/es.wikipedia.org\/wiki\/Caiman_latirostris\">Caiman latirostris<\/a>) y negro (<a href=\"https:\/\/es.wikipedia.org\/wiki\/Caiman_yacare\">Caiman yacare<\/a>). Invisibilizados en las orillas de la Laguna, los caimanes apenas dejan ver sus ojos y narices mientras esperan, pacientes, que aparezca su comida. La dieta es carn\u00edvora: ingiere caracoles, crust\u00e1ceos y peces. &nbsp;<\/p>\n\n\n\n<figure class=\"wp-block-image size-full\"><img loading=\"lazy\" decoding=\"async\" width=\"1600\" height=\"1113\" src=\"https:\/\/modoviajeok.com.ar\/wp-content\/uploads\/2025\/01\/WhatsApp-Image-2025-01-21-at-10.07.53-AM.jpeg\" alt=\"\" class=\"wp-image-681\" srcset=\"https:\/\/modoviajeok.com.ar\/wp-content\/uploads\/2025\/01\/WhatsApp-Image-2025-01-21-at-10.07.53-AM.jpeg 1600w, https:\/\/modoviajeok.com.ar\/wp-content\/uploads\/2025\/01\/WhatsApp-Image-2025-01-21-at-10.07.53-AM-768x534.jpeg 768w, https:\/\/modoviajeok.com.ar\/wp-content\/uploads\/2025\/01\/WhatsApp-Image-2025-01-21-at-10.07.53-AM-1536x1068.jpeg 1536w, https:\/\/modoviajeok.com.ar\/wp-content\/uploads\/2025\/01\/WhatsApp-Image-2025-01-21-at-10.07.53-AM-604x420.jpeg 604w, https:\/\/modoviajeok.com.ar\/wp-content\/uploads\/2025\/01\/WhatsApp-Image-2025-01-21-at-10.07.53-AM-150x104.jpeg 150w, https:\/\/modoviajeok.com.ar\/wp-content\/uploads\/2025\/01\/WhatsApp-Image-2025-01-21-at-10.07.53-AM-300x209.jpeg 300w, https:\/\/modoviajeok.com.ar\/wp-content\/uploads\/2025\/01\/WhatsApp-Image-2025-01-21-at-10.07.53-AM-696x484.jpeg 696w, https:\/\/modoviajeok.com.ar\/wp-content\/uploads\/2025\/01\/WhatsApp-Image-2025-01-21-at-10.07.53-AM-1068x743.jpeg 1068w, https:\/\/modoviajeok.com.ar\/wp-content\/uploads\/2025\/01\/WhatsApp-Image-2025-01-21-at-10.07.53-AM-100x70.jpeg 100w\" sizes=\"auto, (max-width: 1600px) 100vw, 1600px\" \/><figcaption class=\"wp-element-caption\">FOTOGRAFIA: Miguel \u00abCoc\u00f3\u00bb Cabrera.<\/figcaption><\/figure>\n\n\n\n<p>Sin sacar las manos de nuestra embarcaci\u00f3n, y sin impacientarse, es posible ver a estos animales como consiguen su alimento. Quietos, sin pesta\u00f1ear, esperan que la presa se acerque lo suficiente para que sus fauces se conviertan en la trampa perfecta y el plato del d\u00eda est\u00e9 asegurado. Es uno de los grandes espect\u00e1culos del lugar.<\/p>\n\n\n\n<figure class=\"wp-block-image size-full\"><img loading=\"lazy\" decoding=\"async\" width=\"1600\" height=\"1200\" src=\"https:\/\/modoviajeok.com.ar\/wp-content\/uploads\/2025\/01\/WhatsApp-Image-2025-01-21-at-9.46.47-AM-3.jpeg\" alt=\"\" class=\"wp-image-673\" srcset=\"https:\/\/modoviajeok.com.ar\/wp-content\/uploads\/2025\/01\/WhatsApp-Image-2025-01-21-at-9.46.47-AM-3.jpeg 1600w, https:\/\/modoviajeok.com.ar\/wp-content\/uploads\/2025\/01\/WhatsApp-Image-2025-01-21-at-9.46.47-AM-3-768x576.jpeg 768w, https:\/\/modoviajeok.com.ar\/wp-content\/uploads\/2025\/01\/WhatsApp-Image-2025-01-21-at-9.46.47-AM-3-1536x1152.jpeg 1536w, https:\/\/modoviajeok.com.ar\/wp-content\/uploads\/2025\/01\/WhatsApp-Image-2025-01-21-at-9.46.47-AM-3-560x420.jpeg 560w, https:\/\/modoviajeok.com.ar\/wp-content\/uploads\/2025\/01\/WhatsApp-Image-2025-01-21-at-9.46.47-AM-3-80x60.jpeg 80w, https:\/\/modoviajeok.com.ar\/wp-content\/uploads\/2025\/01\/WhatsApp-Image-2025-01-21-at-9.46.47-AM-3-150x113.jpeg 150w, https:\/\/modoviajeok.com.ar\/wp-content\/uploads\/2025\/01\/WhatsApp-Image-2025-01-21-at-9.46.47-AM-3-300x225.jpeg 300w, https:\/\/modoviajeok.com.ar\/wp-content\/uploads\/2025\/01\/WhatsApp-Image-2025-01-21-at-9.46.47-AM-3-696x522.jpeg 696w, https:\/\/modoviajeok.com.ar\/wp-content\/uploads\/2025\/01\/WhatsApp-Image-2025-01-21-at-9.46.47-AM-3-1068x801.jpeg 1068w, https:\/\/modoviajeok.com.ar\/wp-content\/uploads\/2025\/01\/WhatsApp-Image-2025-01-21-at-9.46.47-AM-3-265x198.jpeg 265w\" sizes=\"auto, (max-width: 1600px) 100vw, 1600px\" \/><\/figure>\n\n\n\n<figure class=\"wp-block-image size-full\"><img loading=\"lazy\" decoding=\"async\" width=\"1600\" height=\"1200\" src=\"https:\/\/modoviajeok.com.ar\/wp-content\/uploads\/2025\/01\/WhatsApp-Image-2025-01-21-at-9.46.46-AM.jpeg\" alt=\"\" class=\"wp-image-670\" srcset=\"https:\/\/modoviajeok.com.ar\/wp-content\/uploads\/2025\/01\/WhatsApp-Image-2025-01-21-at-9.46.46-AM.jpeg 1600w, https:\/\/modoviajeok.com.ar\/wp-content\/uploads\/2025\/01\/WhatsApp-Image-2025-01-21-at-9.46.46-AM-768x576.jpeg 768w, https:\/\/modoviajeok.com.ar\/wp-content\/uploads\/2025\/01\/WhatsApp-Image-2025-01-21-at-9.46.46-AM-1536x1152.jpeg 1536w, https:\/\/modoviajeok.com.ar\/wp-content\/uploads\/2025\/01\/WhatsApp-Image-2025-01-21-at-9.46.46-AM-560x420.jpeg 560w, https:\/\/modoviajeok.com.ar\/wp-content\/uploads\/2025\/01\/WhatsApp-Image-2025-01-21-at-9.46.46-AM-80x60.jpeg 80w, https:\/\/modoviajeok.com.ar\/wp-content\/uploads\/2025\/01\/WhatsApp-Image-2025-01-21-at-9.46.46-AM-150x113.jpeg 150w, https:\/\/modoviajeok.com.ar\/wp-content\/uploads\/2025\/01\/WhatsApp-Image-2025-01-21-at-9.46.46-AM-300x225.jpeg 300w, https:\/\/modoviajeok.com.ar\/wp-content\/uploads\/2025\/01\/WhatsApp-Image-2025-01-21-at-9.46.46-AM-696x522.jpeg 696w, https:\/\/modoviajeok.com.ar\/wp-content\/uploads\/2025\/01\/WhatsApp-Image-2025-01-21-at-9.46.46-AM-1068x801.jpeg 1068w, https:\/\/modoviajeok.com.ar\/wp-content\/uploads\/2025\/01\/WhatsApp-Image-2025-01-21-at-9.46.46-AM-265x198.jpeg 265w\" sizes=\"auto, (max-width: 1600px) 100vw, 1600px\" \/><\/figure>\n\n\n\n<p>El paseo nos llevar\u00e1, tambi\u00e9n, por el centro de la laguna desde donde uno deber\u00e1 agudizar sus sentidos para no perderse el espect\u00e1culo. Infinidad de aves surcan el cielo de Iber\u00e1, todas tienen algo para llamar la atenci\u00f3n, pero nosotros nos quedamos con dos especies que nos impactaron: una fue el Chaj\u00e1 grande y otra el Jacana. Al primero, lo vimos en una arbusto en medio de la laguna junto a un compa\u00f1ero y fuimos testigos de cuando rompi\u00f3 el silencio con el sonido que le da sentido a su nombre: \u201ccha \u2013 j\u00e1\u201d y la hembra, al toque, contest\u00f3:&nbsp; \u201ccha \u2013 ja \u2013 li\u201d. Lo dicho, un espect\u00e1culo de este cl\u00e1sico del lugar que tambi\u00e9n se distingue por su tama\u00f1o, mide hasta 85 cent\u00edmetros y por ello se destaca en el paisaje.<\/p>\n\n\n\n<figure class=\"wp-block-image size-full\"><img loading=\"lazy\" decoding=\"async\" width=\"1600\" height=\"1146\" src=\"https:\/\/modoviajeok.com.ar\/wp-content\/uploads\/2025\/01\/WhatsApp-Image-2025-01-21-at-10.07.52-AM.jpeg\" alt=\"\" class=\"wp-image-682\" srcset=\"https:\/\/modoviajeok.com.ar\/wp-content\/uploads\/2025\/01\/WhatsApp-Image-2025-01-21-at-10.07.52-AM.jpeg 1600w, https:\/\/modoviajeok.com.ar\/wp-content\/uploads\/2025\/01\/WhatsApp-Image-2025-01-21-at-10.07.52-AM-768x550.jpeg 768w, https:\/\/modoviajeok.com.ar\/wp-content\/uploads\/2025\/01\/WhatsApp-Image-2025-01-21-at-10.07.52-AM-1536x1100.jpeg 1536w, https:\/\/modoviajeok.com.ar\/wp-content\/uploads\/2025\/01\/WhatsApp-Image-2025-01-21-at-10.07.52-AM-586x420.jpeg 586w, https:\/\/modoviajeok.com.ar\/wp-content\/uploads\/2025\/01\/WhatsApp-Image-2025-01-21-at-10.07.52-AM-150x107.jpeg 150w, https:\/\/modoviajeok.com.ar\/wp-content\/uploads\/2025\/01\/WhatsApp-Image-2025-01-21-at-10.07.52-AM-300x215.jpeg 300w, https:\/\/modoviajeok.com.ar\/wp-content\/uploads\/2025\/01\/WhatsApp-Image-2025-01-21-at-10.07.52-AM-696x499.jpeg 696w, https:\/\/modoviajeok.com.ar\/wp-content\/uploads\/2025\/01\/WhatsApp-Image-2025-01-21-at-10.07.52-AM-1068x765.jpeg 1068w\" sizes=\"auto, (max-width: 1600px) 100vw, 1600px\" \/><figcaption class=\"wp-element-caption\">FOTOGRAF\u00cdA: Miguel \u00abCoc\u00f3\u00bb Cabrera.<\/figcaption><\/figure>\n\n\n\n<p>Nuestro otro elegido fue el Jacana, una zancuda que, al tener sus extremidades y dedos tan largos, puede caminar sobre la vegetaci\u00f3n flotante buscando su alimento y, cuando alg\u00fan peligro se acerca, puede despegar raudamente. En el Iber\u00e1, territorio de grandes extensiones de vegetaci\u00f3n acu\u00e1tica, cuando uno ve a este animalito salir disparado, es porque un yacar\u00e9 anda buscando comida y \u00e9l, es uno de sus platos preferidos.<\/p>\n\n\n\n<figure class=\"wp-block-image size-full\"><img loading=\"lazy\" decoding=\"async\" width=\"1146\" height=\"1334\" src=\"https:\/\/modoviajeok.com.ar\/wp-content\/uploads\/2025\/01\/WhatsApp-Image-2025-01-21-at-9.46.47-AM-6.jpeg\" alt=\"\" class=\"wp-image-672\" srcset=\"https:\/\/modoviajeok.com.ar\/wp-content\/uploads\/2025\/01\/WhatsApp-Image-2025-01-21-at-9.46.47-AM-6.jpeg 1146w, https:\/\/modoviajeok.com.ar\/wp-content\/uploads\/2025\/01\/WhatsApp-Image-2025-01-21-at-9.46.47-AM-6-768x894.jpeg 768w, https:\/\/modoviajeok.com.ar\/wp-content\/uploads\/2025\/01\/WhatsApp-Image-2025-01-21-at-9.46.47-AM-6-361x420.jpeg 361w, https:\/\/modoviajeok.com.ar\/wp-content\/uploads\/2025\/01\/WhatsApp-Image-2025-01-21-at-9.46.47-AM-6-150x175.jpeg 150w, https:\/\/modoviajeok.com.ar\/wp-content\/uploads\/2025\/01\/WhatsApp-Image-2025-01-21-at-9.46.47-AM-6-300x349.jpeg 300w, https:\/\/modoviajeok.com.ar\/wp-content\/uploads\/2025\/01\/WhatsApp-Image-2025-01-21-at-9.46.47-AM-6-696x810.jpeg 696w, https:\/\/modoviajeok.com.ar\/wp-content\/uploads\/2025\/01\/WhatsApp-Image-2025-01-21-at-9.46.47-AM-6-1068x1243.jpeg 1068w\" sizes=\"auto, (max-width: 1146px) 100vw, 1146px\" \/><\/figure>\n\n\n\n<figure class=\"wp-block-image size-full\"><img loading=\"lazy\" decoding=\"async\" width=\"1600\" height=\"1200\" src=\"https:\/\/modoviajeok.com.ar\/wp-content\/uploads\/2025\/01\/WhatsApp-Image-2025-01-21-at-9.46.47-AM-2.jpeg\" alt=\"\" class=\"wp-image-671\" srcset=\"https:\/\/modoviajeok.com.ar\/wp-content\/uploads\/2025\/01\/WhatsApp-Image-2025-01-21-at-9.46.47-AM-2.jpeg 1600w, https:\/\/modoviajeok.com.ar\/wp-content\/uploads\/2025\/01\/WhatsApp-Image-2025-01-21-at-9.46.47-AM-2-768x576.jpeg 768w, https:\/\/modoviajeok.com.ar\/wp-content\/uploads\/2025\/01\/WhatsApp-Image-2025-01-21-at-9.46.47-AM-2-1536x1152.jpeg 1536w, https:\/\/modoviajeok.com.ar\/wp-content\/uploads\/2025\/01\/WhatsApp-Image-2025-01-21-at-9.46.47-AM-2-560x420.jpeg 560w, https:\/\/modoviajeok.com.ar\/wp-content\/uploads\/2025\/01\/WhatsApp-Image-2025-01-21-at-9.46.47-AM-2-80x60.jpeg 80w, https:\/\/modoviajeok.com.ar\/wp-content\/uploads\/2025\/01\/WhatsApp-Image-2025-01-21-at-9.46.47-AM-2-150x113.jpeg 150w, https:\/\/modoviajeok.com.ar\/wp-content\/uploads\/2025\/01\/WhatsApp-Image-2025-01-21-at-9.46.47-AM-2-300x225.jpeg 300w, https:\/\/modoviajeok.com.ar\/wp-content\/uploads\/2025\/01\/WhatsApp-Image-2025-01-21-at-9.46.47-AM-2-696x522.jpeg 696w, https:\/\/modoviajeok.com.ar\/wp-content\/uploads\/2025\/01\/WhatsApp-Image-2025-01-21-at-9.46.47-AM-2-1068x801.jpeg 1068w, https:\/\/modoviajeok.com.ar\/wp-content\/uploads\/2025\/01\/WhatsApp-Image-2025-01-21-at-9.46.47-AM-2-265x198.jpeg 265w\" sizes=\"auto, (max-width: 1600px) 100vw, 1600px\" \/><\/figure>\n\n\n\n<p><em>Esta nota fue nominada al Premio Pasaporte Abierto, que organiza la <a href=\"https:\/\/www.periodismoturistico.org\/\" data-type=\"link\" data-id=\"https:\/\/www.periodismoturistico.org\/\">Organizaci\u00f3n Mundial de Periodismo Tur\u00edstico<\/a>. Se public\u00f3 originalmente en EnRedacci\u00f3n.com. LINK:  <a href=\"https:\/\/enredaccion.com.ar\/la-naturaleza-manda-en-los-esteros-del-ibera\/\" data-type=\"link\" data-id=\"https:\/\/enredaccion.com.ar\/la-naturaleza-manda-en-los-esteros-del-ibera\/\">La naturaleza manda en los Esteros del Iber\u00e1<\/a>. <\/em><\/p>\n\n\n\n<p><\/p>\n","protected":false},"excerpt":{"rendered":"<p>En 2011 llegamos a los correntinos Esteros del Iber\u00e1, el segundo humedal m\u00e1s grande de Am\u00e9rica y uno de los mejores destinos de Am\u00e9rica Latina para la observaci\u00f3n de fauna silvestre.&nbsp; Lo hicimos con un auto peque\u00f1o, dos ni\u00f1os tambi\u00e9n peque\u00f1os y grandes expectativas de inmersi\u00f3n en la naturaleza. Dormimos en la ciudad de Mercedes [&hellip;]<\/p>\n","protected":false},"author":2,"featured_media":680,"comment_status":"open","ping_status":"open","sticky":false,"template":"","format":"standard","meta":{"_acf_changed":false,"footnotes":""},"categories":[13,2,16],"tags":[31,77,76,78],"class_list":{"0":"post-667","1":"post","2":"type-post","3":"status-publish","4":"format-standard","5":"has-post-thumbnail","7":"category-argentina","8":"category-destacadas","9":"category-en-la-prensa","10":"tag-argentina","11":"tag-corrientes","12":"tag-esteros-del-ibera","13":"tag-naturaleza"},"acf":[],"yoast_head":"<!-- This site is optimized with the Yoast SEO plugin v24.8.1 - https:\/\/yoast.com\/wordpress\/plugins\/seo\/ -->\n<title>Esteros del Iber\u00e1, el segundo humedal m\u00e1s grande de Am\u00e9rica -<\/title>\n<meta name=\"robots\" content=\"index, follow, max-snippet:-1, max-image-preview:large, max-video-preview:-1\" \/>\n<link rel=\"canonical\" href=\"https:\/\/modoviajeok.com.ar\/index.php\/2025\/01\/21\/esteros-del-ibera-el-segundo-humedal-mas-grande-de-america\/\" \/>\n<meta property=\"og:locale\" content=\"es_ES\" \/>\n<meta property=\"og:type\" content=\"article\" \/>\n<meta property=\"og:title\" content=\"Esteros del Iber\u00e1, el segundo humedal m\u00e1s grande de Am\u00e9rica -\" \/>\n<meta property=\"og:description\" content=\"En 2011 llegamos a los correntinos Esteros del Iber\u00e1, el segundo humedal m\u00e1s grande de Am\u00e9rica y uno de los mejores destinos de Am\u00e9rica Latina para la observaci\u00f3n de fauna silvestre.&nbsp; Lo hicimos con un auto peque\u00f1o, dos ni\u00f1os tambi\u00e9n peque\u00f1os y grandes expectativas de inmersi\u00f3n en la naturaleza. Dormimos en la ciudad de Mercedes [&hellip;]\" \/>\n<meta property=\"og:url\" content=\"https:\/\/modoviajeok.com.ar\/index.php\/2025\/01\/21\/esteros-del-ibera-el-segundo-humedal-mas-grande-de-america\/\" \/>\n<meta property=\"article:publisher\" content=\"https:\/\/www.facebook.com\/mariana.otero1\/\" \/>\n<meta property=\"article:published_time\" content=\"2025-01-21T13:01:12+00:00\" \/>\n<meta property=\"article:modified_time\" content=\"2025-02-04T12:30:44+00:00\" \/>\n<meta property=\"og:image\" content=\"https:\/\/modoviajeok.com.ar\/wp-content\/uploads\/2025\/01\/WhatsApp-Image-2025-01-21-at-10.07.54-AM-1.jpeg\" \/>\n\t<meta property=\"og:image:width\" content=\"1600\" \/>\n\t<meta property=\"og:image:height\" content=\"1030\" \/>\n\t<meta property=\"og:image:type\" content=\"image\/jpeg\" \/>\n<meta name=\"author\" content=\"Mariana Otero\" \/>\n<meta name=\"twitter:card\" content=\"summary_large_image\" \/>\n<meta name=\"twitter:label1\" content=\"Escrito por\" \/>\n\t<meta name=\"twitter:data1\" content=\"Mariana Otero\" \/>\n\t<meta name=\"twitter:label2\" content=\"Tiempo de lectura\" \/>\n\t<meta name=\"twitter:data2\" content=\"4 minutos\" \/>\n<script type=\"application\/ld+json\" class=\"yoast-schema-graph\">{\"@context\":\"https:\/\/schema.org\",\"@graph\":[{\"@type\":\"Article\",\"@id\":\"https:\/\/modoviajeok.com.ar\/index.php\/2025\/01\/21\/esteros-del-ibera-el-segundo-humedal-mas-grande-de-america\/#article\",\"isPartOf\":{\"@id\":\"https:\/\/modoviajeok.com.ar\/index.php\/2025\/01\/21\/esteros-del-ibera-el-segundo-humedal-mas-grande-de-america\/\"},\"author\":{\"name\":\"Mariana Otero\",\"@id\":\"https:\/\/modoviajeok.com.ar\/#\/schema\/person\/1187013488537969db5b1320484d24f4\"},\"headline\":\"Esteros del Iber\u00e1, el segundo humedal m\u00e1s grande de Am\u00e9rica\",\"datePublished\":\"2025-01-21T13:01:12+00:00\",\"dateModified\":\"2025-02-04T12:30:44+00:00\",\"mainEntityOfPage\":{\"@id\":\"https:\/\/modoviajeok.com.ar\/index.php\/2025\/01\/21\/esteros-del-ibera-el-segundo-humedal-mas-grande-de-america\/\"},\"wordCount\":838,\"commentCount\":0,\"publisher\":{\"@id\":\"https:\/\/modoviajeok.com.ar\/#organization\"},\"image\":{\"@id\":\"https:\/\/modoviajeok.com.ar\/index.php\/2025\/01\/21\/esteros-del-ibera-el-segundo-humedal-mas-grande-de-america\/#primaryimage\"},\"thumbnailUrl\":\"https:\/\/modoviajeok.com.ar\/wp-content\/uploads\/2025\/01\/WhatsApp-Image-2025-01-21-at-10.07.54-AM-1.jpeg\",\"keywords\":[\"argentina\",\"corrientes\",\"esteros del iber\u00e1\",\"naturaleza\"],\"articleSection\":[\"Argentina\",\"Destacadas\",\"En la prensa\"],\"inLanguage\":\"es\",\"potentialAction\":[{\"@type\":\"CommentAction\",\"name\":\"Comment\",\"target\":[\"https:\/\/modoviajeok.com.ar\/index.php\/2025\/01\/21\/esteros-del-ibera-el-segundo-humedal-mas-grande-de-america\/#respond\"]}]},{\"@type\":\"WebPage\",\"@id\":\"https:\/\/modoviajeok.com.ar\/index.php\/2025\/01\/21\/esteros-del-ibera-el-segundo-humedal-mas-grande-de-america\/\",\"url\":\"https:\/\/modoviajeok.com.ar\/index.php\/2025\/01\/21\/esteros-del-ibera-el-segundo-humedal-mas-grande-de-america\/\",\"name\":\"Esteros del Iber\u00e1, el segundo humedal m\u00e1s grande de Am\u00e9rica -\",\"isPartOf\":{\"@id\":\"https:\/\/modoviajeok.com.ar\/#website\"},\"primaryImageOfPage\":{\"@id\":\"https:\/\/modoviajeok.com.ar\/index.php\/2025\/01\/21\/esteros-del-ibera-el-segundo-humedal-mas-grande-de-america\/#primaryimage\"},\"image\":{\"@id\":\"https:\/\/modoviajeok.com.ar\/index.php\/2025\/01\/21\/esteros-del-ibera-el-segundo-humedal-mas-grande-de-america\/#primaryimage\"},\"thumbnailUrl\":\"https:\/\/modoviajeok.com.ar\/wp-content\/uploads\/2025\/01\/WhatsApp-Image-2025-01-21-at-10.07.54-AM-1.jpeg\",\"datePublished\":\"2025-01-21T13:01:12+00:00\",\"dateModified\":\"2025-02-04T12:30:44+00:00\",\"breadcrumb\":{\"@id\":\"https:\/\/modoviajeok.com.ar\/index.php\/2025\/01\/21\/esteros-del-ibera-el-segundo-humedal-mas-grande-de-america\/#breadcrumb\"},\"inLanguage\":\"es\",\"potentialAction\":[{\"@type\":\"ReadAction\",\"target\":[\"https:\/\/modoviajeok.com.ar\/index.php\/2025\/01\/21\/esteros-del-ibera-el-segundo-humedal-mas-grande-de-america\/\"]}]},{\"@type\":\"ImageObject\",\"inLanguage\":\"es\",\"@id\":\"https:\/\/modoviajeok.com.ar\/index.php\/2025\/01\/21\/esteros-del-ibera-el-segundo-humedal-mas-grande-de-america\/#primaryimage\",\"url\":\"https:\/\/modoviajeok.com.ar\/wp-content\/uploads\/2025\/01\/WhatsApp-Image-2025-01-21-at-10.07.54-AM-1.jpeg\",\"contentUrl\":\"https:\/\/modoviajeok.com.ar\/wp-content\/uploads\/2025\/01\/WhatsApp-Image-2025-01-21-at-10.07.54-AM-1.jpeg\",\"width\":1600,\"height\":1030},{\"@type\":\"BreadcrumbList\",\"@id\":\"https:\/\/modoviajeok.com.ar\/index.php\/2025\/01\/21\/esteros-del-ibera-el-segundo-humedal-mas-grande-de-america\/#breadcrumb\",\"itemListElement\":[{\"@type\":\"ListItem\",\"position\":1,\"name\":\"Portada\",\"item\":\"https:\/\/modoviajeok.com.ar\/\"},{\"@type\":\"ListItem\",\"position\":2,\"name\":\"Esteros del Iber\u00e1, el segundo humedal m\u00e1s grande de Am\u00e9rica\"}]},{\"@type\":\"WebSite\",\"@id\":\"https:\/\/modoviajeok.com.ar\/#website\",\"url\":\"https:\/\/modoviajeok.com.ar\/\",\"name\":\"ModoViajeOK\",\"description\":\"\",\"publisher\":{\"@id\":\"https:\/\/modoviajeok.com.ar\/#organization\"},\"potentialAction\":[{\"@type\":\"SearchAction\",\"target\":{\"@type\":\"EntryPoint\",\"urlTemplate\":\"https:\/\/modoviajeok.com.ar\/?s={search_term_string}\"},\"query-input\":{\"@type\":\"PropertyValueSpecification\",\"valueRequired\":true,\"valueName\":\"search_term_string\"}}],\"inLanguage\":\"es\"},{\"@type\":\"Organization\",\"@id\":\"https:\/\/modoviajeok.com.ar\/#organization\",\"name\":\"ModoViajeOK\",\"url\":\"https:\/\/modoviajeok.com.ar\/\",\"logo\":{\"@type\":\"ImageObject\",\"inLanguage\":\"es\",\"@id\":\"https:\/\/modoviajeok.com.ar\/#\/schema\/logo\/image\/\",\"url\":\"https:\/\/modoviajeok.com.ar\/wp-content\/uploads\/2025\/01\/Logo-modoviajeok.png\",\"contentUrl\":\"https:\/\/modoviajeok.com.ar\/wp-content\/uploads\/2025\/01\/Logo-modoviajeok.png\",\"width\":2938,\"height\":2276,\"caption\":\"ModoViajeOK\"},\"image\":{\"@id\":\"https:\/\/modoviajeok.com.ar\/#\/schema\/logo\/image\/\"},\"sameAs\":[\"https:\/\/www.facebook.com\/mariana.otero1\/\",\"https:\/\/www.instagram.com\/modoviaje.ok\/\"]},{\"@type\":\"Person\",\"@id\":\"https:\/\/modoviajeok.com.ar\/#\/schema\/person\/1187013488537969db5b1320484d24f4\",\"name\":\"Mariana Otero\",\"image\":{\"@type\":\"ImageObject\",\"inLanguage\":\"es\",\"@id\":\"https:\/\/modoviajeok.com.ar\/#\/schema\/person\/image\/\",\"url\":\"https:\/\/secure.gravatar.com\/avatar\/8a91a502a9336849a3500b9090c431bc1418f1d1263d893afeddba065f5add82?s=96&d=mm&r=g\",\"contentUrl\":\"https:\/\/secure.gravatar.com\/avatar\/8a91a502a9336849a3500b9090c431bc1418f1d1263d893afeddba065f5add82?s=96&d=mm&r=g\",\"caption\":\"Mariana Otero\"},\"url\":\"https:\/\/modoviajeok.com.ar\/index.php\/author\/mariana2025\/\"}]}<\/script>\n<!-- \/ Yoast SEO plugin. -->","yoast_head_json":{"title":"Esteros del Iber\u00e1, el segundo humedal m\u00e1s grande de Am\u00e9rica -","robots":{"index":"index","follow":"follow","max-snippet":"max-snippet:-1","max-image-preview":"max-image-preview:large","max-video-preview":"max-video-preview:-1"},"canonical":"https:\/\/modoviajeok.com.ar\/index.php\/2025\/01\/21\/esteros-del-ibera-el-segundo-humedal-mas-grande-de-america\/","og_locale":"es_ES","og_type":"article","og_title":"Esteros del Iber\u00e1, el segundo humedal m\u00e1s grande de Am\u00e9rica -","og_description":"En 2011 llegamos a los correntinos Esteros del Iber\u00e1, el segundo humedal m\u00e1s grande de Am\u00e9rica y uno de los mejores destinos de Am\u00e9rica Latina para la observaci\u00f3n de fauna silvestre.&nbsp; Lo hicimos con un auto peque\u00f1o, dos ni\u00f1os tambi\u00e9n peque\u00f1os y grandes expectativas de inmersi\u00f3n en la naturaleza. Dormimos en la ciudad de Mercedes [&hellip;]","og_url":"https:\/\/modoviajeok.com.ar\/index.php\/2025\/01\/21\/esteros-del-ibera-el-segundo-humedal-mas-grande-de-america\/","article_publisher":"https:\/\/www.facebook.com\/mariana.otero1\/","article_published_time":"2025-01-21T13:01:12+00:00","article_modified_time":"2025-02-04T12:30:44+00:00","og_image":[{"width":1600,"height":1030,"url":"https:\/\/modoviajeok.com.ar\/wp-content\/uploads\/2025\/01\/WhatsApp-Image-2025-01-21-at-10.07.54-AM-1.jpeg","type":"image\/jpeg"}],"author":"Mariana Otero","twitter_card":"summary_large_image","twitter_misc":{"Escrito por":"Mariana Otero","Tiempo de lectura":"4 minutos"},"schema":{"@context":"https:\/\/schema.org","@graph":[{"@type":"Article","@id":"https:\/\/modoviajeok.com.ar\/index.php\/2025\/01\/21\/esteros-del-ibera-el-segundo-humedal-mas-grande-de-america\/#article","isPartOf":{"@id":"https:\/\/modoviajeok.com.ar\/index.php\/2025\/01\/21\/esteros-del-ibera-el-segundo-humedal-mas-grande-de-america\/"},"author":{"name":"Mariana Otero","@id":"https:\/\/modoviajeok.com.ar\/#\/schema\/person\/1187013488537969db5b1320484d24f4"},"headline":"Esteros del Iber\u00e1, el segundo humedal m\u00e1s grande de Am\u00e9rica","datePublished":"2025-01-21T13:01:12+00:00","dateModified":"2025-02-04T12:30:44+00:00","mainEntityOfPage":{"@id":"https:\/\/modoviajeok.com.ar\/index.php\/2025\/01\/21\/esteros-del-ibera-el-segundo-humedal-mas-grande-de-america\/"},"wordCount":838,"commentCount":0,"publisher":{"@id":"https:\/\/modoviajeok.com.ar\/#organization"},"image":{"@id":"https:\/\/modoviajeok.com.ar\/index.php\/2025\/01\/21\/esteros-del-ibera-el-segundo-humedal-mas-grande-de-america\/#primaryimage"},"thumbnailUrl":"https:\/\/modoviajeok.com.ar\/wp-content\/uploads\/2025\/01\/WhatsApp-Image-2025-01-21-at-10.07.54-AM-1.jpeg","keywords":["argentina","corrientes","esteros del iber\u00e1","naturaleza"],"articleSection":["Argentina","Destacadas","En la prensa"],"inLanguage":"es","potentialAction":[{"@type":"CommentAction","name":"Comment","target":["https:\/\/modoviajeok.com.ar\/index.php\/2025\/01\/21\/esteros-del-ibera-el-segundo-humedal-mas-grande-de-america\/#respond"]}]},{"@type":"WebPage","@id":"https:\/\/modoviajeok.com.ar\/index.php\/2025\/01\/21\/esteros-del-ibera-el-segundo-humedal-mas-grande-de-america\/","url":"https:\/\/modoviajeok.com.ar\/index.php\/2025\/01\/21\/esteros-del-ibera-el-segundo-humedal-mas-grande-de-america\/","name":"Esteros del Iber\u00e1, el segundo humedal m\u00e1s grande de Am\u00e9rica -","isPartOf":{"@id":"https:\/\/modoviajeok.com.ar\/#website"},"primaryImageOfPage":{"@id":"https:\/\/modoviajeok.com.ar\/index.php\/2025\/01\/21\/esteros-del-ibera-el-segundo-humedal-mas-grande-de-america\/#primaryimage"},"image":{"@id":"https:\/\/modoviajeok.com.ar\/index.php\/2025\/01\/21\/esteros-del-ibera-el-segundo-humedal-mas-grande-de-america\/#primaryimage"},"thumbnailUrl":"https:\/\/modoviajeok.com.ar\/wp-content\/uploads\/2025\/01\/WhatsApp-Image-2025-01-21-at-10.07.54-AM-1.jpeg","datePublished":"2025-01-21T13:01:12+00:00","dateModified":"2025-02-04T12:30:44+00:00","breadcrumb":{"@id":"https:\/\/modoviajeok.com.ar\/index.php\/2025\/01\/21\/esteros-del-ibera-el-segundo-humedal-mas-grande-de-america\/#breadcrumb"},"inLanguage":"es","potentialAction":[{"@type":"ReadAction","target":["https:\/\/modoviajeok.com.ar\/index.php\/2025\/01\/21\/esteros-del-ibera-el-segundo-humedal-mas-grande-de-america\/"]}]},{"@type":"ImageObject","inLanguage":"es","@id":"https:\/\/modoviajeok.com.ar\/index.php\/2025\/01\/21\/esteros-del-ibera-el-segundo-humedal-mas-grande-de-america\/#primaryimage","url":"https:\/\/modoviajeok.com.ar\/wp-content\/uploads\/2025\/01\/WhatsApp-Image-2025-01-21-at-10.07.54-AM-1.jpeg","contentUrl":"https:\/\/modoviajeok.com.ar\/wp-content\/uploads\/2025\/01\/WhatsApp-Image-2025-01-21-at-10.07.54-AM-1.jpeg","width":1600,"height":1030},{"@type":"BreadcrumbList","@id":"https:\/\/modoviajeok.com.ar\/index.php\/2025\/01\/21\/esteros-del-ibera-el-segundo-humedal-mas-grande-de-america\/#breadcrumb","itemListElement":[{"@type":"ListItem","position":1,"name":"Portada","item":"https:\/\/modoviajeok.com.ar\/"},{"@type":"ListItem","position":2,"name":"Esteros del Iber\u00e1, el segundo humedal m\u00e1s grande de Am\u00e9rica"}]},{"@type":"WebSite","@id":"https:\/\/modoviajeok.com.ar\/#website","url":"https:\/\/modoviajeok.com.ar\/","name":"ModoViajeOK","description":"","publisher":{"@id":"https:\/\/modoviajeok.com.ar\/#organization"},"potentialAction":[{"@type":"SearchAction","target":{"@type":"EntryPoint","urlTemplate":"https:\/\/modoviajeok.com.ar\/?s={search_term_string}"},"query-input":{"@type":"PropertyValueSpecification","valueRequired":true,"valueName":"search_term_string"}}],"inLanguage":"es"},{"@type":"Organization","@id":"https:\/\/modoviajeok.com.ar\/#organization","name":"ModoViajeOK","url":"https:\/\/modoviajeok.com.ar\/","logo":{"@type":"ImageObject","inLanguage":"es","@id":"https:\/\/modoviajeok.com.ar\/#\/schema\/logo\/image\/","url":"https:\/\/modoviajeok.com.ar\/wp-content\/uploads\/2025\/01\/Logo-modoviajeok.png","contentUrl":"https:\/\/modoviajeok.com.ar\/wp-content\/uploads\/2025\/01\/Logo-modoviajeok.png","width":2938,"height":2276,"caption":"ModoViajeOK"},"image":{"@id":"https:\/\/modoviajeok.com.ar\/#\/schema\/logo\/image\/"},"sameAs":["https:\/\/www.facebook.com\/mariana.otero1\/","https:\/\/www.instagram.com\/modoviaje.ok\/"]},{"@type":"Person","@id":"https:\/\/modoviajeok.com.ar\/#\/schema\/person\/1187013488537969db5b1320484d24f4","name":"Mariana Otero","image":{"@type":"ImageObject","inLanguage":"es","@id":"https:\/\/modoviajeok.com.ar\/#\/schema\/person\/image\/","url":"https:\/\/secure.gravatar.com\/avatar\/8a91a502a9336849a3500b9090c431bc1418f1d1263d893afeddba065f5add82?s=96&d=mm&r=g","contentUrl":"https:\/\/secure.gravatar.com\/avatar\/8a91a502a9336849a3500b9090c431bc1418f1d1263d893afeddba065f5add82?s=96&d=mm&r=g","caption":"Mariana Otero"},"url":"https:\/\/modoviajeok.com.ar\/index.php\/author\/mariana2025\/"}]}},"_links":{"self":[{"href":"https:\/\/modoviajeok.com.ar\/index.php\/wp-json\/wp\/v2\/posts\/667","targetHints":{"allow":["GET"]}}],"collection":[{"href":"https:\/\/modoviajeok.com.ar\/index.php\/wp-json\/wp\/v2\/posts"}],"about":[{"href":"https:\/\/modoviajeok.com.ar\/index.php\/wp-json\/wp\/v2\/types\/post"}],"author":[{"embeddable":true,"href":"https:\/\/modoviajeok.com.ar\/index.php\/wp-json\/wp\/v2\/users\/2"}],"replies":[{"embeddable":true,"href":"https:\/\/modoviajeok.com.ar\/index.php\/wp-json\/wp\/v2\/comments?post=667"}],"version-history":[{"count":6,"href":"https:\/\/modoviajeok.com.ar\/index.php\/wp-json\/wp\/v2\/posts\/667\/revisions"}],"predecessor-version":[{"id":961,"href":"https:\/\/modoviajeok.com.ar\/index.php\/wp-json\/wp\/v2\/posts\/667\/revisions\/961"}],"wp:featuredmedia":[{"embeddable":true,"href":"https:\/\/modoviajeok.com.ar\/index.php\/wp-json\/wp\/v2\/media\/680"}],"wp:attachment":[{"href":"https:\/\/modoviajeok.com.ar\/index.php\/wp-json\/wp\/v2\/media?parent=667"}],"wp:term":[{"taxonomy":"category","embeddable":true,"href":"https:\/\/modoviajeok.com.ar\/index.php\/wp-json\/wp\/v2\/categories?post=667"},{"taxonomy":"post_tag","embeddable":true,"href":"https:\/\/modoviajeok.com.ar\/index.php\/wp-json\/wp\/v2\/tags?post=667"}],"curies":[{"name":"wp","href":"https:\/\/api.w.org\/{rel}","templated":true}]}}