{"id":6676,"date":"2025-12-16T11:56:30","date_gmt":"2025-12-16T14:56:30","guid":{"rendered":"https:\/\/modoviajeok.com.ar\/?p=6676"},"modified":"2026-02-11T21:06:31","modified_gmt":"2026-02-12T00:06:31","slug":"el-chiflon-un-paseo-por-las-eras-geologicas-de-la-rioja","status":"publish","type":"post","link":"https:\/\/modoviajeok.com.ar\/index.php\/2025\/12\/16\/el-chiflon-un-paseo-por-las-eras-geologicas-de-la-rioja\/","title":{"rendered":"El Chifl\u00f3n: Un paseo por\u00a0las eras geol\u00f3gicas de La Rioja"},"content":{"rendered":"\n<figure class=\"wp-block-pullquote\"><blockquote><p>Muy cerca de Talampaya e Ischigualasto, este parque provincial alberga un imponente paisaje del Per\u00edodo Tri\u00e1sico. Hay asombrosas geoformas de arenisca esculpidas por el viento y el agua durante millones de a\u00f1os.<\/p><\/blockquote><\/figure>\n\n\n\n<p>En el coraz\u00f3n del desierto riojano, sobre la RN 150, emerge un paisaje que detiene el tiempo y despierta la imaginaci\u00f3n con sus curiosas geoformas: el <a href=\"https:\/\/turismo.larioja.gob.ar\/actividades\/el-chiflon\/\">Parque Provincial El Chifl\u00f3n<\/a>.\u00a0<\/p>\n\n\n\n<figure class=\"wp-block-image size-full\"><img loading=\"lazy\" decoding=\"async\" width=\"1204\" height=\"1600\" src=\"https:\/\/modoviajeok.com.ar\/wp-content\/uploads\/2025\/12\/WhatsApp-Image-2025-12-05-at-17.29.08.jpeg\" alt=\"\" class=\"wp-image-6683\" srcset=\"https:\/\/modoviajeok.com.ar\/wp-content\/uploads\/2025\/12\/WhatsApp-Image-2025-12-05-at-17.29.08.jpeg 1204w, https:\/\/modoviajeok.com.ar\/wp-content\/uploads\/2025\/12\/WhatsApp-Image-2025-12-05-at-17.29.08-768x1021.jpeg 768w, https:\/\/modoviajeok.com.ar\/wp-content\/uploads\/2025\/12\/WhatsApp-Image-2025-12-05-at-17.29.08-1156x1536.jpeg 1156w, https:\/\/modoviajeok.com.ar\/wp-content\/uploads\/2025\/12\/WhatsApp-Image-2025-12-05-at-17.29.08-316x420.jpeg 316w, https:\/\/modoviajeok.com.ar\/wp-content\/uploads\/2025\/12\/WhatsApp-Image-2025-12-05-at-17.29.08-150x199.jpeg 150w, https:\/\/modoviajeok.com.ar\/wp-content\/uploads\/2025\/12\/WhatsApp-Image-2025-12-05-at-17.29.08-300x399.jpeg 300w, https:\/\/modoviajeok.com.ar\/wp-content\/uploads\/2025\/12\/WhatsApp-Image-2025-12-05-at-17.29.08-696x925.jpeg 696w, https:\/\/modoviajeok.com.ar\/wp-content\/uploads\/2025\/12\/WhatsApp-Image-2025-12-05-at-17.29.08-1068x1419.jpeg 1068w\" sizes=\"auto, (max-width: 1204px) 100vw, 1204px\" \/><\/figure>\n\n\n\n<p>A poco m\u00e1s de 150 kil\u00f3metros de la capital provincial, y como parte de la misma cuenca geol\u00f3gica que el imponente <a href=\"https:\/\/talampaya.com\/02-aventura-4x4\/?utm_source=google&amp;utm_medium=cpc&amp;utm_campaign=search&amp;gad_source=1&amp;gad_campaignid=17472550545&amp;gbraid=0AAAAAofdH4hI5_sqIOlgITgqV8GFf4coQ&amp;gclid=CjwKCAiAxc_JBhA2EiwAFVs7XC1XQCuPEUm-VrlnWtzuPt-Uw9jK4G4vc2C2Bf0iiXhgixAnLXKjhRoCwVYQAvD_BwE\">Talampaya <\/a>(La Rioja) e <a href=\"https:\/\/www.ischigualasto.gob.ar\/\">Ischigualasto <\/a>(San Juan), El Chifl\u00f3n es una joya que conjuga geolog\u00eda, arqueolog\u00eda y una quietud profunda.<\/p>\n\n\n\n<figure class=\"wp-block-image size-full\"><img loading=\"lazy\" decoding=\"async\" width=\"900\" height=\"1600\" src=\"https:\/\/modoviajeok.com.ar\/wp-content\/uploads\/2025\/12\/WhatsApp-Image-2025-12-05-at-17.29.37.jpeg\" alt=\"\" class=\"wp-image-6684\" srcset=\"https:\/\/modoviajeok.com.ar\/wp-content\/uploads\/2025\/12\/WhatsApp-Image-2025-12-05-at-17.29.37.jpeg 900w, https:\/\/modoviajeok.com.ar\/wp-content\/uploads\/2025\/12\/WhatsApp-Image-2025-12-05-at-17.29.37-768x1365.jpeg 768w, https:\/\/modoviajeok.com.ar\/wp-content\/uploads\/2025\/12\/WhatsApp-Image-2025-12-05-at-17.29.37-864x1536.jpeg 864w, https:\/\/modoviajeok.com.ar\/wp-content\/uploads\/2025\/12\/WhatsApp-Image-2025-12-05-at-17.29.37-236x420.jpeg 236w, https:\/\/modoviajeok.com.ar\/wp-content\/uploads\/2025\/12\/WhatsApp-Image-2025-12-05-at-17.29.37-150x267.jpeg 150w, https:\/\/modoviajeok.com.ar\/wp-content\/uploads\/2025\/12\/WhatsApp-Image-2025-12-05-at-17.29.37-300x533.jpeg 300w, https:\/\/modoviajeok.com.ar\/wp-content\/uploads\/2025\/12\/WhatsApp-Image-2025-12-05-at-17.29.37-696x1237.jpeg 696w\" sizes=\"auto, (max-width: 900px) 100vw, 900px\" \/><\/figure>\n\n\n\n<p>Llegamos all\u00ed gracias a la recomendaci\u00f3n de unos viajeros. \u00a1Salud por ese dato!<\/p>\n\n\n\n<figure class=\"wp-block-image size-full\"><img loading=\"lazy\" decoding=\"async\" width=\"1600\" height=\"738\" src=\"https:\/\/modoviajeok.com.ar\/wp-content\/uploads\/2025\/12\/WhatsApp-Image-2025-12-05-at-17.30.06.jpeg\" alt=\"\" class=\"wp-image-6685\" srcset=\"https:\/\/modoviajeok.com.ar\/wp-content\/uploads\/2025\/12\/WhatsApp-Image-2025-12-05-at-17.30.06.jpeg 1600w, https:\/\/modoviajeok.com.ar\/wp-content\/uploads\/2025\/12\/WhatsApp-Image-2025-12-05-at-17.30.06-768x354.jpeg 768w, https:\/\/modoviajeok.com.ar\/wp-content\/uploads\/2025\/12\/WhatsApp-Image-2025-12-05-at-17.30.06-1536x708.jpeg 1536w, https:\/\/modoviajeok.com.ar\/wp-content\/uploads\/2025\/12\/WhatsApp-Image-2025-12-05-at-17.30.06-911x420.jpeg 911w, https:\/\/modoviajeok.com.ar\/wp-content\/uploads\/2025\/12\/WhatsApp-Image-2025-12-05-at-17.30.06-150x69.jpeg 150w, https:\/\/modoviajeok.com.ar\/wp-content\/uploads\/2025\/12\/WhatsApp-Image-2025-12-05-at-17.30.06-300x138.jpeg 300w, https:\/\/modoviajeok.com.ar\/wp-content\/uploads\/2025\/12\/WhatsApp-Image-2025-12-05-at-17.30.06-696x321.jpeg 696w, https:\/\/modoviajeok.com.ar\/wp-content\/uploads\/2025\/12\/WhatsApp-Image-2025-12-05-at-17.30.06-1068x493.jpeg 1068w\" sizes=\"auto, (max-width: 1600px) 100vw, 1600px\" \/><\/figure>\n\n\n\n<p>&nbsp;La visita realmente merece la pena y no tiene nada que envidiarle a&nbsp; sus parques vecinos. Nuestro gu\u00eda fue Fernando, un riojano generoso con la informaci\u00f3n que nos ilustr\u00f3 sobre esta maravilla natural y nos acompa\u00f1\u00f3 en un trekking de baja intensidad hasta llegar al mirador que es una ventana a un paisaje asombrosamente bello.&nbsp;<\/p>\n\n\n\n<p>El recorrido dura unas dos horas y media.<\/p>\n\n\n\n<figure class=\"wp-block-image size-full\"><img loading=\"lazy\" decoding=\"async\" width=\"900\" height=\"1599\" src=\"https:\/\/modoviajeok.com.ar\/wp-content\/uploads\/2025\/12\/WhatsApp-Image-2025-12-05-at-17.31.54.jpeg\" alt=\"\" class=\"wp-image-6686\" srcset=\"https:\/\/modoviajeok.com.ar\/wp-content\/uploads\/2025\/12\/WhatsApp-Image-2025-12-05-at-17.31.54.jpeg 900w, https:\/\/modoviajeok.com.ar\/wp-content\/uploads\/2025\/12\/WhatsApp-Image-2025-12-05-at-17.31.54-768x1364.jpeg 768w, https:\/\/modoviajeok.com.ar\/wp-content\/uploads\/2025\/12\/WhatsApp-Image-2025-12-05-at-17.31.54-865x1536.jpeg 865w, https:\/\/modoviajeok.com.ar\/wp-content\/uploads\/2025\/12\/WhatsApp-Image-2025-12-05-at-17.31.54-236x420.jpeg 236w, https:\/\/modoviajeok.com.ar\/wp-content\/uploads\/2025\/12\/WhatsApp-Image-2025-12-05-at-17.31.54-150x267.jpeg 150w, https:\/\/modoviajeok.com.ar\/wp-content\/uploads\/2025\/12\/WhatsApp-Image-2025-12-05-at-17.31.54-300x533.jpeg 300w, https:\/\/modoviajeok.com.ar\/wp-content\/uploads\/2025\/12\/WhatsApp-Image-2025-12-05-at-17.31.54-696x1237.jpeg 696w\" sizes=\"auto, (max-width: 900px) 100vw, 900px\" \/><\/figure>\n\n\n\n<p><strong>Ecos de millones de a\u00f1os<\/strong><\/p>\n\n\n\n<p>El nombre de este parque, que evoca el silbido del viento (\u00abchiflete\u00bb) al colarse por las formaciones rocosas, es el primer indicio de la fuerza natural que esculpi\u00f3 este valle.&nbsp;<\/p>\n\n\n\n<figure class=\"wp-block-image size-full\"><img loading=\"lazy\" decoding=\"async\" width=\"738\" height=\"1600\" src=\"https:\/\/modoviajeok.com.ar\/wp-content\/uploads\/2025\/12\/WhatsApp-Image-2025-12-05-at-17.33.10.jpeg\" alt=\"\" class=\"wp-image-6687\" srcset=\"https:\/\/modoviajeok.com.ar\/wp-content\/uploads\/2025\/12\/WhatsApp-Image-2025-12-05-at-17.33.10.jpeg 738w, https:\/\/modoviajeok.com.ar\/wp-content\/uploads\/2025\/12\/WhatsApp-Image-2025-12-05-at-17.33.10-708x1536.jpeg 708w, https:\/\/modoviajeok.com.ar\/wp-content\/uploads\/2025\/12\/WhatsApp-Image-2025-12-05-at-17.33.10-194x420.jpeg 194w, https:\/\/modoviajeok.com.ar\/wp-content\/uploads\/2025\/12\/WhatsApp-Image-2025-12-05-at-17.33.10-150x325.jpeg 150w, https:\/\/modoviajeok.com.ar\/wp-content\/uploads\/2025\/12\/WhatsApp-Image-2025-12-05-at-17.33.10-300x650.jpeg 300w, https:\/\/modoviajeok.com.ar\/wp-content\/uploads\/2025\/12\/WhatsApp-Image-2025-12-05-at-17.33.10-696x1509.jpeg 696w\" sizes=\"auto, (max-width: 738px) 100vw, 738px\" \/><\/figure>\n\n\n\n<p>El Chifl\u00f3n es un testimonio vivo del Periodo Tri\u00e1sico, que ofrece evidencias de formaciones geol\u00f3gicas de distintas eras, con vestigios de madera petrificada de con\u00edferas y araucarias que datan de hace 250 a 280 millones de a\u00f1os.<\/p>\n\n\n\n<figure class=\"wp-block-image size-full\"><img loading=\"lazy\" decoding=\"async\" width=\"1128\" height=\"1599\" src=\"https:\/\/modoviajeok.com.ar\/wp-content\/uploads\/2025\/12\/WhatsApp-Image-2025-12-05-at-17.35.02.jpeg\" alt=\"\" class=\"wp-image-6689\" srcset=\"https:\/\/modoviajeok.com.ar\/wp-content\/uploads\/2025\/12\/WhatsApp-Image-2025-12-05-at-17.35.02.jpeg 1128w, https:\/\/modoviajeok.com.ar\/wp-content\/uploads\/2025\/12\/WhatsApp-Image-2025-12-05-at-17.35.02-768x1089.jpeg 768w, https:\/\/modoviajeok.com.ar\/wp-content\/uploads\/2025\/12\/WhatsApp-Image-2025-12-05-at-17.35.02-1084x1536.jpeg 1084w, https:\/\/modoviajeok.com.ar\/wp-content\/uploads\/2025\/12\/WhatsApp-Image-2025-12-05-at-17.35.02-296x420.jpeg 296w, https:\/\/modoviajeok.com.ar\/wp-content\/uploads\/2025\/12\/WhatsApp-Image-2025-12-05-at-17.35.02-150x213.jpeg 150w, https:\/\/modoviajeok.com.ar\/wp-content\/uploads\/2025\/12\/WhatsApp-Image-2025-12-05-at-17.35.02-300x425.jpeg 300w, https:\/\/modoviajeok.com.ar\/wp-content\/uploads\/2025\/12\/WhatsApp-Image-2025-12-05-at-17.35.02-696x987.jpeg 696w, https:\/\/modoviajeok.com.ar\/wp-content\/uploads\/2025\/12\/WhatsApp-Image-2025-12-05-at-17.35.02-1068x1514.jpeg 1068w\" sizes=\"auto, (max-width: 1128px) 100vw, 1128px\" \/><\/figure>\n\n\n\n<p>La erosi\u00f3n e\u00f3lica ha cincelado las blandas rocas de arenisca, dando lugar a un desfile de geoformas bautizadas espont\u00e1neamente por los pobladores. El recorrido se convierte en un juego de adivinanzas visuales: all\u00ed est\u00e1n \u201cEl castillo\u201d, \u201cEl pan dulce\u201d, \u00abEl hongo\u00bb, \u00abLa tortuga\u00bb, \u00abEl loro\u00bb, \u00abLa casa\u00bb, \u00abEl caballito de mar\u00bb, \u00abLa cara del gaucho\u00bb y \u00abEl ojo de la cerradura\u00bb, siluetas que emergen entre los ocres y rojizos del suelo bajo un cielo inmenso, de celestes profundos.<\/p>\n\n\n\n<figure class=\"wp-block-image size-full\"><img loading=\"lazy\" decoding=\"async\" width=\"738\" height=\"1600\" src=\"https:\/\/modoviajeok.com.ar\/wp-content\/uploads\/2025\/12\/WhatsApp-Image-2025-12-05-at-17.33.52.jpeg\" alt=\"\" class=\"wp-image-6688\" srcset=\"https:\/\/modoviajeok.com.ar\/wp-content\/uploads\/2025\/12\/WhatsApp-Image-2025-12-05-at-17.33.52.jpeg 738w, https:\/\/modoviajeok.com.ar\/wp-content\/uploads\/2025\/12\/WhatsApp-Image-2025-12-05-at-17.33.52-708x1536.jpeg 708w, https:\/\/modoviajeok.com.ar\/wp-content\/uploads\/2025\/12\/WhatsApp-Image-2025-12-05-at-17.33.52-194x420.jpeg 194w, https:\/\/modoviajeok.com.ar\/wp-content\/uploads\/2025\/12\/WhatsApp-Image-2025-12-05-at-17.33.52-150x325.jpeg 150w, https:\/\/modoviajeok.com.ar\/wp-content\/uploads\/2025\/12\/WhatsApp-Image-2025-12-05-at-17.33.52-300x650.jpeg 300w, https:\/\/modoviajeok.com.ar\/wp-content\/uploads\/2025\/12\/WhatsApp-Image-2025-12-05-at-17.33.52-696x1509.jpeg 696w\" sizes=\"auto, (max-width: 738px) 100vw, 738px\" \/><\/figure>\n\n\n\n<p>El circuito se recorre hasta la tercera parada en veh\u00edculo, pero la esencia de El Chifl\u00f3n se descubre a pie, en una caminata de unos 800 metros por el ca\u00f1\u00f3n, donde los gu\u00edas develan sus secretos.<\/p>\n\n\n\n<figure class=\"wp-block-image size-full\"><img loading=\"lazy\" decoding=\"async\" width=\"1204\" height=\"1600\" src=\"https:\/\/modoviajeok.com.ar\/wp-content\/uploads\/2025\/12\/WhatsApp-Image-2025-12-05-at-17.27.00.jpeg\" alt=\"\" class=\"wp-image-6679\" srcset=\"https:\/\/modoviajeok.com.ar\/wp-content\/uploads\/2025\/12\/WhatsApp-Image-2025-12-05-at-17.27.00.jpeg 1204w, https:\/\/modoviajeok.com.ar\/wp-content\/uploads\/2025\/12\/WhatsApp-Image-2025-12-05-at-17.27.00-768x1021.jpeg 768w, https:\/\/modoviajeok.com.ar\/wp-content\/uploads\/2025\/12\/WhatsApp-Image-2025-12-05-at-17.27.00-1156x1536.jpeg 1156w, https:\/\/modoviajeok.com.ar\/wp-content\/uploads\/2025\/12\/WhatsApp-Image-2025-12-05-at-17.27.00-316x420.jpeg 316w, https:\/\/modoviajeok.com.ar\/wp-content\/uploads\/2025\/12\/WhatsApp-Image-2025-12-05-at-17.27.00-150x199.jpeg 150w, https:\/\/modoviajeok.com.ar\/wp-content\/uploads\/2025\/12\/WhatsApp-Image-2025-12-05-at-17.27.00-300x399.jpeg 300w, https:\/\/modoviajeok.com.ar\/wp-content\/uploads\/2025\/12\/WhatsApp-Image-2025-12-05-at-17.27.00-696x925.jpeg 696w, https:\/\/modoviajeok.com.ar\/wp-content\/uploads\/2025\/12\/WhatsApp-Image-2025-12-05-at-17.27.00-1068x1419.jpeg 1068w\" sizes=\"auto, (max-width: 1204px) 100vw, 1204px\" \/><\/figure>\n\n\n\n<p><strong>Culturas prehisp\u00e1nicas<\/strong><\/p>\n\n\n\n<p>El Chifl\u00f3n es mucho m\u00e1s que un museo geol\u00f3gico al aire libre. Es un sitio de profunda riqueza cultural, un santuario de la memoria aborigen. Aqu\u00ed se encuentran rastros de antiguas civilizaciones, especialmente de los n\u00f3mades&nbsp; aguada y de los diaguitas, que dejaron su marca en la piedra.<\/p>\n\n\n\n<p>En la primera parada del recorrido, nuestro gu\u00eda y baqueano nos mostr\u00f3 los morteros comunitarios. Se han encontrado unos 350&nbsp; tallados en la piedra, que se utilizaban para moler semillas y frutos del monte.<\/p>\n\n\n\n<figure class=\"wp-block-image size-full\"><img loading=\"lazy\" decoding=\"async\" width=\"900\" height=\"1600\" src=\"https:\/\/modoviajeok.com.ar\/wp-content\/uploads\/2025\/12\/WhatsApp-Image-2025-12-05-at-17.26.08.jpeg\" alt=\"\" class=\"wp-image-6678\" srcset=\"https:\/\/modoviajeok.com.ar\/wp-content\/uploads\/2025\/12\/WhatsApp-Image-2025-12-05-at-17.26.08.jpeg 900w, https:\/\/modoviajeok.com.ar\/wp-content\/uploads\/2025\/12\/WhatsApp-Image-2025-12-05-at-17.26.08-768x1365.jpeg 768w, https:\/\/modoviajeok.com.ar\/wp-content\/uploads\/2025\/12\/WhatsApp-Image-2025-12-05-at-17.26.08-864x1536.jpeg 864w, https:\/\/modoviajeok.com.ar\/wp-content\/uploads\/2025\/12\/WhatsApp-Image-2025-12-05-at-17.26.08-236x420.jpeg 236w, https:\/\/modoviajeok.com.ar\/wp-content\/uploads\/2025\/12\/WhatsApp-Image-2025-12-05-at-17.26.08-150x267.jpeg 150w, https:\/\/modoviajeok.com.ar\/wp-content\/uploads\/2025\/12\/WhatsApp-Image-2025-12-05-at-17.26.08-300x533.jpeg 300w, https:\/\/modoviajeok.com.ar\/wp-content\/uploads\/2025\/12\/WhatsApp-Image-2025-12-05-at-17.26.08-696x1237.jpeg 696w\" sizes=\"auto, (max-width: 900px) 100vw, 900px\" \/><\/figure>\n\n\n\n<p>M\u00e1s adelante, encontramos petroglifos: im\u00e1genes grabadas en las rocas, principalmente c\u00edrculos, que son vestigios de los pueblos que habitaron la zona. Fernando nos habl\u00f3 de la existencia de un pucar\u00e1, es decir de una antigua fortificaci\u00f3n ind\u00edgena, que habla de la importancia estrat\u00e9gica del lugar.<\/p>\n\n\n\n<figure class=\"wp-block-embed is-type-video is-provider-youtube wp-block-embed-youtube wp-embed-aspect-16-9 wp-has-aspect-ratio\"><div class=\"wp-block-embed__wrapper\">\n<iframe loading=\"lazy\" title=\"El Chifl\u00f3n, La Rioja\" width=\"696\" height=\"392\" src=\"https:\/\/www.youtube.com\/embed\/ucT5BbbbRfs?feature=oembed\" frameborder=\"0\" allow=\"accelerometer; autoplay; clipboard-write; encrypted-media; gyroscope; picture-in-picture; web-share\" referrerpolicy=\"strict-origin-when-cross-origin\" allowfullscreen><\/iframe>\n<\/div><\/figure>\n\n\n\n<p><strong>Datos \u00fatiles<\/strong><\/p>\n\n\n\n<p>Ubicaci\u00f3n: a s\u00f3lo 30 km del Parque Provincial Ischigualasto, ya en San Juan, donde es posible acampar o pernoctar con el motorhome (damos fe que el lugar est\u00e1 muy bueno y con muy buenas instalaciones). Tambi\u00e9n se encuentra a 60 km del Parque Nacional Talampaya.&nbsp;<\/p>\n\n\n\n<figure class=\"wp-block-image size-full\"><img loading=\"lazy\" decoding=\"async\" width=\"900\" height=\"1600\" src=\"https:\/\/modoviajeok.com.ar\/wp-content\/uploads\/2025\/12\/WhatsApp-Image-2025-12-05-at-17.36.23.jpeg\" alt=\"\" class=\"wp-image-6690\" srcset=\"https:\/\/modoviajeok.com.ar\/wp-content\/uploads\/2025\/12\/WhatsApp-Image-2025-12-05-at-17.36.23.jpeg 900w, https:\/\/modoviajeok.com.ar\/wp-content\/uploads\/2025\/12\/WhatsApp-Image-2025-12-05-at-17.36.23-768x1365.jpeg 768w, https:\/\/modoviajeok.com.ar\/wp-content\/uploads\/2025\/12\/WhatsApp-Image-2025-12-05-at-17.36.23-864x1536.jpeg 864w, https:\/\/modoviajeok.com.ar\/wp-content\/uploads\/2025\/12\/WhatsApp-Image-2025-12-05-at-17.36.23-236x420.jpeg 236w, https:\/\/modoviajeok.com.ar\/wp-content\/uploads\/2025\/12\/WhatsApp-Image-2025-12-05-at-17.36.23-150x267.jpeg 150w, https:\/\/modoviajeok.com.ar\/wp-content\/uploads\/2025\/12\/WhatsApp-Image-2025-12-05-at-17.36.23-300x533.jpeg 300w, https:\/\/modoviajeok.com.ar\/wp-content\/uploads\/2025\/12\/WhatsApp-Image-2025-12-05-at-17.36.23-696x1237.jpeg 696w\" sizes=\"auto, (max-width: 900px) 100vw, 900px\" \/><\/figure>\n\n\n\n<p>Otra opci\u00f3n de alojamiento, en el ingreso a la reserva es <a href=\"https:\/\/www.elchiflon.com.ar\/?tag=PxsolHotelAdsGoogle&amp;gad_source=1&amp;gad_campaignid=22356385652&amp;gbraid=0AAAAAD1PfEBd3LgmCGcvC8X-E6rOfenY9&amp;gclid=CjwKCAiAxc_JBhA2EiwAFVs7XKu5-lImZ6qQ2I89U4b06vJJlJUwY4zoiIQkDdDTH489EeZbmvFibRoCnQwQAvD_BwE\">El Chifl\u00f3n Posta Pueblo <\/a>que ofrece instalaciones c\u00f3modas y buenos servicios, adem\u00e1s de un comedor con gastronom\u00eda regional, donde el chivito a la parrilla es la estrella.\u00a0<\/p>\n\n\n\n<p>Costo del paseo por la reserva natural: $25.000 por persona (personas con discapacidad no pagan).<\/p>\n\n\n\n<p>Horario: Abierto de 8 a 17.<\/p>\n","protected":false},"excerpt":{"rendered":"<p>Muy cerca de Talampaya e Ischigualasto, este parque provincial alberga un imponente paisaje del Per\u00edodo Tri\u00e1sico. Hay asombrosas geoformas de arenisca esculpidas por el viento y el agua durante millones de a\u00f1os. En el coraz\u00f3n del desierto riojano, sobre la RN 150, emerge un paisaje que detiene el tiempo y despierta la imaginaci\u00f3n con sus [&hellip;]<\/p>\n","protected":false},"author":2,"featured_media":6682,"comment_status":"open","ping_status":"open","sticky":false,"template":"","format":"standard","meta":{"_acf_changed":false,"footnotes":""},"categories":[13,2,1427,15],"tags":[31,1436,1422,1437],"class_list":{"0":"post-6676","1":"post","2":"type-post","3":"status-publish","4":"format-standard","5":"has-post-thumbnail","7":"category-argentina","8":"category-destacadas","9":"category-motorhome","10":"category-recomendaciones","11":"tag-argentina","12":"tag-el-chiflon","13":"tag-geoformas","14":"tag-parque-provincial"},"acf":[],"yoast_head":"<!-- This site is optimized with the Yoast SEO plugin v24.8.1 - https:\/\/yoast.com\/wordpress\/plugins\/seo\/ -->\n<title>El Chifl\u00f3n: Un paseo por\u00a0las eras geol\u00f3gicas de La Rioja -<\/title>\n<meta name=\"description\" content=\"Muy cerca de Talampaya e Ischigualasto, esta reserva alberga un paisaje del Per\u00edodo Tri\u00e1sico. Hay asombrosas geoformas de arenisca esculpidas por el vieto y el agua.\" \/>\n<meta name=\"robots\" content=\"index, follow, max-snippet:-1, max-image-preview:large, max-video-preview:-1\" \/>\n<link rel=\"canonical\" href=\"https:\/\/modoviajeok.com.ar\/index.php\/2025\/12\/16\/el-chiflon-un-paseo-por-las-eras-geologicas-de-la-rioja\/\" \/>\n<meta property=\"og:locale\" content=\"es_ES\" \/>\n<meta property=\"og:type\" content=\"article\" \/>\n<meta property=\"og:title\" content=\"El Chifl\u00f3n: Un paseo por\u00a0las eras geol\u00f3gicas de La Rioja -\" \/>\n<meta property=\"og:description\" content=\"Muy cerca de Talampaya e Ischigualasto, esta reserva alberga un paisaje del Per\u00edodo Tri\u00e1sico. Hay asombrosas geoformas de arenisca esculpidas por el vieto y el agua.\" \/>\n<meta property=\"og:url\" content=\"https:\/\/modoviajeok.com.ar\/index.php\/2025\/12\/16\/el-chiflon-un-paseo-por-las-eras-geologicas-de-la-rioja\/\" \/>\n<meta property=\"article:publisher\" content=\"https:\/\/www.facebook.com\/mariana.otero1\/\" \/>\n<meta property=\"article:published_time\" content=\"2025-12-16T14:56:30+00:00\" \/>\n<meta property=\"article:modified_time\" content=\"2026-02-12T00:06:31+00:00\" \/>\n<meta property=\"og:image\" content=\"https:\/\/modoviajeok.com.ar\/wp-content\/uploads\/2025\/12\/WhatsApp-Image-2025-12-05-at-17.28.33.jpeg\" \/>\n\t<meta property=\"og:image:width\" content=\"1600\" \/>\n\t<meta property=\"og:image:height\" content=\"1204\" \/>\n\t<meta property=\"og:image:type\" content=\"image\/jpeg\" \/>\n<meta name=\"author\" content=\"Mariana Otero\" \/>\n<meta name=\"twitter:card\" content=\"summary_large_image\" \/>\n<meta name=\"twitter:label1\" content=\"Escrito por\" \/>\n\t<meta name=\"twitter:data1\" content=\"Mariana Otero\" \/>\n\t<meta name=\"twitter:label2\" content=\"Tiempo de lectura\" \/>\n\t<meta name=\"twitter:data2\" content=\"5 minutos\" \/>\n<script type=\"application\/ld+json\" class=\"yoast-schema-graph\">{\"@context\":\"https:\/\/schema.org\",\"@graph\":[{\"@type\":\"Article\",\"@id\":\"https:\/\/modoviajeok.com.ar\/index.php\/2025\/12\/16\/el-chiflon-un-paseo-por-las-eras-geologicas-de-la-rioja\/#article\",\"isPartOf\":{\"@id\":\"https:\/\/modoviajeok.com.ar\/index.php\/2025\/12\/16\/el-chiflon-un-paseo-por-las-eras-geologicas-de-la-rioja\/\"},\"author\":{\"name\":\"Mariana Otero\",\"@id\":\"https:\/\/modoviajeok.com.ar\/#\/schema\/person\/1187013488537969db5b1320484d24f4\"},\"headline\":\"El Chifl\u00f3n: Un paseo por\u00a0las eras geol\u00f3gicas de La Rioja\",\"datePublished\":\"2025-12-16T14:56:30+00:00\",\"dateModified\":\"2026-02-12T00:06:31+00:00\",\"mainEntityOfPage\":{\"@id\":\"https:\/\/modoviajeok.com.ar\/index.php\/2025\/12\/16\/el-chiflon-un-paseo-por-las-eras-geologicas-de-la-rioja\/\"},\"wordCount\":663,\"commentCount\":0,\"publisher\":{\"@id\":\"https:\/\/modoviajeok.com.ar\/#organization\"},\"image\":{\"@id\":\"https:\/\/modoviajeok.com.ar\/index.php\/2025\/12\/16\/el-chiflon-un-paseo-por-las-eras-geologicas-de-la-rioja\/#primaryimage\"},\"thumbnailUrl\":\"https:\/\/modoviajeok.com.ar\/wp-content\/uploads\/2025\/12\/WhatsApp-Image-2025-12-05-at-17.28.33.jpeg\",\"keywords\":[\"argentina\",\"el chifl\u00f3n\",\"geoformas\",\"parque provincial\"],\"articleSection\":[\"Argentina\",\"Destacadas\",\"Motorhome\",\"Recomendaciones\"],\"inLanguage\":\"es\",\"potentialAction\":[{\"@type\":\"CommentAction\",\"name\":\"Comment\",\"target\":[\"https:\/\/modoviajeok.com.ar\/index.php\/2025\/12\/16\/el-chiflon-un-paseo-por-las-eras-geologicas-de-la-rioja\/#respond\"]}]},{\"@type\":\"WebPage\",\"@id\":\"https:\/\/modoviajeok.com.ar\/index.php\/2025\/12\/16\/el-chiflon-un-paseo-por-las-eras-geologicas-de-la-rioja\/\",\"url\":\"https:\/\/modoviajeok.com.ar\/index.php\/2025\/12\/16\/el-chiflon-un-paseo-por-las-eras-geologicas-de-la-rioja\/\",\"name\":\"El Chifl\u00f3n: Un paseo por\u00a0las eras geol\u00f3gicas de La Rioja -\",\"isPartOf\":{\"@id\":\"https:\/\/modoviajeok.com.ar\/#website\"},\"primaryImageOfPage\":{\"@id\":\"https:\/\/modoviajeok.com.ar\/index.php\/2025\/12\/16\/el-chiflon-un-paseo-por-las-eras-geologicas-de-la-rioja\/#primaryimage\"},\"image\":{\"@id\":\"https:\/\/modoviajeok.com.ar\/index.php\/2025\/12\/16\/el-chiflon-un-paseo-por-las-eras-geologicas-de-la-rioja\/#primaryimage\"},\"thumbnailUrl\":\"https:\/\/modoviajeok.com.ar\/wp-content\/uploads\/2025\/12\/WhatsApp-Image-2025-12-05-at-17.28.33.jpeg\",\"datePublished\":\"2025-12-16T14:56:30+00:00\",\"dateModified\":\"2026-02-12T00:06:31+00:00\",\"description\":\"Muy cerca de Talampaya e Ischigualasto, esta reserva alberga un paisaje del Per\u00edodo Tri\u00e1sico. Hay asombrosas geoformas de arenisca esculpidas por el vieto y el agua.\",\"breadcrumb\":{\"@id\":\"https:\/\/modoviajeok.com.ar\/index.php\/2025\/12\/16\/el-chiflon-un-paseo-por-las-eras-geologicas-de-la-rioja\/#breadcrumb\"},\"inLanguage\":\"es\",\"potentialAction\":[{\"@type\":\"ReadAction\",\"target\":[\"https:\/\/modoviajeok.com.ar\/index.php\/2025\/12\/16\/el-chiflon-un-paseo-por-las-eras-geologicas-de-la-rioja\/\"]}]},{\"@type\":\"ImageObject\",\"inLanguage\":\"es\",\"@id\":\"https:\/\/modoviajeok.com.ar\/index.php\/2025\/12\/16\/el-chiflon-un-paseo-por-las-eras-geologicas-de-la-rioja\/#primaryimage\",\"url\":\"https:\/\/modoviajeok.com.ar\/wp-content\/uploads\/2025\/12\/WhatsApp-Image-2025-12-05-at-17.28.33.jpeg\",\"contentUrl\":\"https:\/\/modoviajeok.com.ar\/wp-content\/uploads\/2025\/12\/WhatsApp-Image-2025-12-05-at-17.28.33.jpeg\",\"width\":1600,\"height\":1204},{\"@type\":\"BreadcrumbList\",\"@id\":\"https:\/\/modoviajeok.com.ar\/index.php\/2025\/12\/16\/el-chiflon-un-paseo-por-las-eras-geologicas-de-la-rioja\/#breadcrumb\",\"itemListElement\":[{\"@type\":\"ListItem\",\"position\":1,\"name\":\"Portada\",\"item\":\"https:\/\/modoviajeok.com.ar\/\"},{\"@type\":\"ListItem\",\"position\":2,\"name\":\"El Chifl\u00f3n: Un paseo por\u00a0las eras geol\u00f3gicas de La Rioja\"}]},{\"@type\":\"WebSite\",\"@id\":\"https:\/\/modoviajeok.com.ar\/#website\",\"url\":\"https:\/\/modoviajeok.com.ar\/\",\"name\":\"ModoViajeOK\",\"description\":\"\",\"publisher\":{\"@id\":\"https:\/\/modoviajeok.com.ar\/#organization\"},\"potentialAction\":[{\"@type\":\"SearchAction\",\"target\":{\"@type\":\"EntryPoint\",\"urlTemplate\":\"https:\/\/modoviajeok.com.ar\/?s={search_term_string}\"},\"query-input\":{\"@type\":\"PropertyValueSpecification\",\"valueRequired\":true,\"valueName\":\"search_term_string\"}}],\"inLanguage\":\"es\"},{\"@type\":\"Organization\",\"@id\":\"https:\/\/modoviajeok.com.ar\/#organization\",\"name\":\"ModoViajeOK\",\"url\":\"https:\/\/modoviajeok.com.ar\/\",\"logo\":{\"@type\":\"ImageObject\",\"inLanguage\":\"es\",\"@id\":\"https:\/\/modoviajeok.com.ar\/#\/schema\/logo\/image\/\",\"url\":\"https:\/\/modoviajeok.com.ar\/wp-content\/uploads\/2025\/01\/Logo-modoviajeok.png\",\"contentUrl\":\"https:\/\/modoviajeok.com.ar\/wp-content\/uploads\/2025\/01\/Logo-modoviajeok.png\",\"width\":2938,\"height\":2276,\"caption\":\"ModoViajeOK\"},\"image\":{\"@id\":\"https:\/\/modoviajeok.com.ar\/#\/schema\/logo\/image\/\"},\"sameAs\":[\"https:\/\/www.facebook.com\/mariana.otero1\/\",\"https:\/\/www.instagram.com\/modoviaje.ok\/\"]},{\"@type\":\"Person\",\"@id\":\"https:\/\/modoviajeok.com.ar\/#\/schema\/person\/1187013488537969db5b1320484d24f4\",\"name\":\"Mariana Otero\",\"image\":{\"@type\":\"ImageObject\",\"inLanguage\":\"es\",\"@id\":\"https:\/\/modoviajeok.com.ar\/#\/schema\/person\/image\/\",\"url\":\"https:\/\/secure.gravatar.com\/avatar\/8a91a502a9336849a3500b9090c431bc1418f1d1263d893afeddba065f5add82?s=96&d=mm&r=g\",\"contentUrl\":\"https:\/\/secure.gravatar.com\/avatar\/8a91a502a9336849a3500b9090c431bc1418f1d1263d893afeddba065f5add82?s=96&d=mm&r=g\",\"caption\":\"Mariana Otero\"},\"url\":\"https:\/\/modoviajeok.com.ar\/index.php\/author\/mariana2025\/\"}]}<\/script>\n<!-- \/ Yoast SEO plugin. -->","yoast_head_json":{"title":"El Chifl\u00f3n: Un paseo por\u00a0las eras geol\u00f3gicas de La Rioja -","description":"Muy cerca de Talampaya e Ischigualasto, esta reserva alberga un paisaje del Per\u00edodo Tri\u00e1sico. Hay asombrosas geoformas de arenisca esculpidas por el vieto y el agua.","robots":{"index":"index","follow":"follow","max-snippet":"max-snippet:-1","max-image-preview":"max-image-preview:large","max-video-preview":"max-video-preview:-1"},"canonical":"https:\/\/modoviajeok.com.ar\/index.php\/2025\/12\/16\/el-chiflon-un-paseo-por-las-eras-geologicas-de-la-rioja\/","og_locale":"es_ES","og_type":"article","og_title":"El Chifl\u00f3n: Un paseo por\u00a0las eras geol\u00f3gicas de La Rioja -","og_description":"Muy cerca de Talampaya e Ischigualasto, esta reserva alberga un paisaje del Per\u00edodo Tri\u00e1sico. Hay asombrosas geoformas de arenisca esculpidas por el vieto y el agua.","og_url":"https:\/\/modoviajeok.com.ar\/index.php\/2025\/12\/16\/el-chiflon-un-paseo-por-las-eras-geologicas-de-la-rioja\/","article_publisher":"https:\/\/www.facebook.com\/mariana.otero1\/","article_published_time":"2025-12-16T14:56:30+00:00","article_modified_time":"2026-02-12T00:06:31+00:00","og_image":[{"width":1600,"height":1204,"url":"https:\/\/modoviajeok.com.ar\/wp-content\/uploads\/2025\/12\/WhatsApp-Image-2025-12-05-at-17.28.33.jpeg","type":"image\/jpeg"}],"author":"Mariana Otero","twitter_card":"summary_large_image","twitter_misc":{"Escrito por":"Mariana Otero","Tiempo de lectura":"5 minutos"},"schema":{"@context":"https:\/\/schema.org","@graph":[{"@type":"Article","@id":"https:\/\/modoviajeok.com.ar\/index.php\/2025\/12\/16\/el-chiflon-un-paseo-por-las-eras-geologicas-de-la-rioja\/#article","isPartOf":{"@id":"https:\/\/modoviajeok.com.ar\/index.php\/2025\/12\/16\/el-chiflon-un-paseo-por-las-eras-geologicas-de-la-rioja\/"},"author":{"name":"Mariana Otero","@id":"https:\/\/modoviajeok.com.ar\/#\/schema\/person\/1187013488537969db5b1320484d24f4"},"headline":"El Chifl\u00f3n: Un paseo por\u00a0las eras geol\u00f3gicas de La Rioja","datePublished":"2025-12-16T14:56:30+00:00","dateModified":"2026-02-12T00:06:31+00:00","mainEntityOfPage":{"@id":"https:\/\/modoviajeok.com.ar\/index.php\/2025\/12\/16\/el-chiflon-un-paseo-por-las-eras-geologicas-de-la-rioja\/"},"wordCount":663,"commentCount":0,"publisher":{"@id":"https:\/\/modoviajeok.com.ar\/#organization"},"image":{"@id":"https:\/\/modoviajeok.com.ar\/index.php\/2025\/12\/16\/el-chiflon-un-paseo-por-las-eras-geologicas-de-la-rioja\/#primaryimage"},"thumbnailUrl":"https:\/\/modoviajeok.com.ar\/wp-content\/uploads\/2025\/12\/WhatsApp-Image-2025-12-05-at-17.28.33.jpeg","keywords":["argentina","el chifl\u00f3n","geoformas","parque provincial"],"articleSection":["Argentina","Destacadas","Motorhome","Recomendaciones"],"inLanguage":"es","potentialAction":[{"@type":"CommentAction","name":"Comment","target":["https:\/\/modoviajeok.com.ar\/index.php\/2025\/12\/16\/el-chiflon-un-paseo-por-las-eras-geologicas-de-la-rioja\/#respond"]}]},{"@type":"WebPage","@id":"https:\/\/modoviajeok.com.ar\/index.php\/2025\/12\/16\/el-chiflon-un-paseo-por-las-eras-geologicas-de-la-rioja\/","url":"https:\/\/modoviajeok.com.ar\/index.php\/2025\/12\/16\/el-chiflon-un-paseo-por-las-eras-geologicas-de-la-rioja\/","name":"El Chifl\u00f3n: Un paseo por\u00a0las eras geol\u00f3gicas de La Rioja -","isPartOf":{"@id":"https:\/\/modoviajeok.com.ar\/#website"},"primaryImageOfPage":{"@id":"https:\/\/modoviajeok.com.ar\/index.php\/2025\/12\/16\/el-chiflon-un-paseo-por-las-eras-geologicas-de-la-rioja\/#primaryimage"},"image":{"@id":"https:\/\/modoviajeok.com.ar\/index.php\/2025\/12\/16\/el-chiflon-un-paseo-por-las-eras-geologicas-de-la-rioja\/#primaryimage"},"thumbnailUrl":"https:\/\/modoviajeok.com.ar\/wp-content\/uploads\/2025\/12\/WhatsApp-Image-2025-12-05-at-17.28.33.jpeg","datePublished":"2025-12-16T14:56:30+00:00","dateModified":"2026-02-12T00:06:31+00:00","description":"Muy cerca de Talampaya e Ischigualasto, esta reserva alberga un paisaje del Per\u00edodo Tri\u00e1sico. Hay asombrosas geoformas de arenisca esculpidas por el vieto y el agua.","breadcrumb":{"@id":"https:\/\/modoviajeok.com.ar\/index.php\/2025\/12\/16\/el-chiflon-un-paseo-por-las-eras-geologicas-de-la-rioja\/#breadcrumb"},"inLanguage":"es","potentialAction":[{"@type":"ReadAction","target":["https:\/\/modoviajeok.com.ar\/index.php\/2025\/12\/16\/el-chiflon-un-paseo-por-las-eras-geologicas-de-la-rioja\/"]}]},{"@type":"ImageObject","inLanguage":"es","@id":"https:\/\/modoviajeok.com.ar\/index.php\/2025\/12\/16\/el-chiflon-un-paseo-por-las-eras-geologicas-de-la-rioja\/#primaryimage","url":"https:\/\/modoviajeok.com.ar\/wp-content\/uploads\/2025\/12\/WhatsApp-Image-2025-12-05-at-17.28.33.jpeg","contentUrl":"https:\/\/modoviajeok.com.ar\/wp-content\/uploads\/2025\/12\/WhatsApp-Image-2025-12-05-at-17.28.33.jpeg","width":1600,"height":1204},{"@type":"BreadcrumbList","@id":"https:\/\/modoviajeok.com.ar\/index.php\/2025\/12\/16\/el-chiflon-un-paseo-por-las-eras-geologicas-de-la-rioja\/#breadcrumb","itemListElement":[{"@type":"ListItem","position":1,"name":"Portada","item":"https:\/\/modoviajeok.com.ar\/"},{"@type":"ListItem","position":2,"name":"El Chifl\u00f3n: Un paseo por\u00a0las eras geol\u00f3gicas de La Rioja"}]},{"@type":"WebSite","@id":"https:\/\/modoviajeok.com.ar\/#website","url":"https:\/\/modoviajeok.com.ar\/","name":"ModoViajeOK","description":"","publisher":{"@id":"https:\/\/modoviajeok.com.ar\/#organization"},"potentialAction":[{"@type":"SearchAction","target":{"@type":"EntryPoint","urlTemplate":"https:\/\/modoviajeok.com.ar\/?s={search_term_string}"},"query-input":{"@type":"PropertyValueSpecification","valueRequired":true,"valueName":"search_term_string"}}],"inLanguage":"es"},{"@type":"Organization","@id":"https:\/\/modoviajeok.com.ar\/#organization","name":"ModoViajeOK","url":"https:\/\/modoviajeok.com.ar\/","logo":{"@type":"ImageObject","inLanguage":"es","@id":"https:\/\/modoviajeok.com.ar\/#\/schema\/logo\/image\/","url":"https:\/\/modoviajeok.com.ar\/wp-content\/uploads\/2025\/01\/Logo-modoviajeok.png","contentUrl":"https:\/\/modoviajeok.com.ar\/wp-content\/uploads\/2025\/01\/Logo-modoviajeok.png","width":2938,"height":2276,"caption":"ModoViajeOK"},"image":{"@id":"https:\/\/modoviajeok.com.ar\/#\/schema\/logo\/image\/"},"sameAs":["https:\/\/www.facebook.com\/mariana.otero1\/","https:\/\/www.instagram.com\/modoviaje.ok\/"]},{"@type":"Person","@id":"https:\/\/modoviajeok.com.ar\/#\/schema\/person\/1187013488537969db5b1320484d24f4","name":"Mariana Otero","image":{"@type":"ImageObject","inLanguage":"es","@id":"https:\/\/modoviajeok.com.ar\/#\/schema\/person\/image\/","url":"https:\/\/secure.gravatar.com\/avatar\/8a91a502a9336849a3500b9090c431bc1418f1d1263d893afeddba065f5add82?s=96&d=mm&r=g","contentUrl":"https:\/\/secure.gravatar.com\/avatar\/8a91a502a9336849a3500b9090c431bc1418f1d1263d893afeddba065f5add82?s=96&d=mm&r=g","caption":"Mariana Otero"},"url":"https:\/\/modoviajeok.com.ar\/index.php\/author\/mariana2025\/"}]}},"_links":{"self":[{"href":"https:\/\/modoviajeok.com.ar\/index.php\/wp-json\/wp\/v2\/posts\/6676","targetHints":{"allow":["GET"]}}],"collection":[{"href":"https:\/\/modoviajeok.com.ar\/index.php\/wp-json\/wp\/v2\/posts"}],"about":[{"href":"https:\/\/modoviajeok.com.ar\/index.php\/wp-json\/wp\/v2\/types\/post"}],"author":[{"embeddable":true,"href":"https:\/\/modoviajeok.com.ar\/index.php\/wp-json\/wp\/v2\/users\/2"}],"replies":[{"embeddable":true,"href":"https:\/\/modoviajeok.com.ar\/index.php\/wp-json\/wp\/v2\/comments?post=6676"}],"version-history":[{"count":6,"href":"https:\/\/modoviajeok.com.ar\/index.php\/wp-json\/wp\/v2\/posts\/6676\/revisions"}],"predecessor-version":[{"id":6754,"href":"https:\/\/modoviajeok.com.ar\/index.php\/wp-json\/wp\/v2\/posts\/6676\/revisions\/6754"}],"wp:featuredmedia":[{"embeddable":true,"href":"https:\/\/modoviajeok.com.ar\/index.php\/wp-json\/wp\/v2\/media\/6682"}],"wp:attachment":[{"href":"https:\/\/modoviajeok.com.ar\/index.php\/wp-json\/wp\/v2\/media?parent=6676"}],"wp:term":[{"taxonomy":"category","embeddable":true,"href":"https:\/\/modoviajeok.com.ar\/index.php\/wp-json\/wp\/v2\/categories?post=6676"},{"taxonomy":"post_tag","embeddable":true,"href":"https:\/\/modoviajeok.com.ar\/index.php\/wp-json\/wp\/v2\/tags?post=6676"}],"curies":[{"name":"wp","href":"https:\/\/api.w.org\/{rel}","templated":true}]}}