{"id":6698,"date":"2025-12-08T12:42:13","date_gmt":"2025-12-08T15:42:13","guid":{"rendered":"https:\/\/modoviajeok.com.ar\/?p=6698"},"modified":"2025-12-08T13:17:58","modified_gmt":"2025-12-08T16:17:58","slug":"en-almafuerte-cordoba-presento-el-mes-de-los-lagos-y-las-lagunas","status":"publish","type":"post","link":"https:\/\/modoviajeok.com.ar\/index.php\/2025\/12\/08\/en-almafuerte-cordoba-presento-el-mes-de-los-lagos-y-las-lagunas\/","title":{"rendered":"En Almafuerte, C\u00f3rdoba present\u00f3 el Mes de los Lagos y las Lagunas"},"content":{"rendered":"\n<figure class=\"wp-block-pullquote\"><blockquote><p>Coincidiendo con el lanzamiento de la temporada de verano de la localidad del Departamento Tercero Arriba, la Agencia C\u00f3rdoba Turismo lanz\u00f3 su nuevo propuesta que tiene como eje los 28 espejos de agua de la geograf\u00eda provincial.  <br> <br>\u00a0<\/p><\/blockquote><\/figure>\n\n\n\n<figure class=\"wp-block-image size-full\"><img loading=\"lazy\" decoding=\"async\" width=\"1280\" height=\"720\" src=\"https:\/\/modoviajeok.com.ar\/wp-content\/uploads\/2025\/12\/WhatsApp-Image-2025-12-06-at-20.34.34.jpeg\" alt=\"\" class=\"wp-image-6702\" srcset=\"https:\/\/modoviajeok.com.ar\/wp-content\/uploads\/2025\/12\/WhatsApp-Image-2025-12-06-at-20.34.34.jpeg 1280w, https:\/\/modoviajeok.com.ar\/wp-content\/uploads\/2025\/12\/WhatsApp-Image-2025-12-06-at-20.34.34-768x432.jpeg 768w, https:\/\/modoviajeok.com.ar\/wp-content\/uploads\/2025\/12\/WhatsApp-Image-2025-12-06-at-20.34.34-747x420.jpeg 747w, https:\/\/modoviajeok.com.ar\/wp-content\/uploads\/2025\/12\/WhatsApp-Image-2025-12-06-at-20.34.34-150x84.jpeg 150w, https:\/\/modoviajeok.com.ar\/wp-content\/uploads\/2025\/12\/WhatsApp-Image-2025-12-06-at-20.34.34-300x169.jpeg 300w, https:\/\/modoviajeok.com.ar\/wp-content\/uploads\/2025\/12\/WhatsApp-Image-2025-12-06-at-20.34.34-696x392.jpeg 696w, https:\/\/modoviajeok.com.ar\/wp-content\/uploads\/2025\/12\/WhatsApp-Image-2025-12-06-at-20.34.34-1068x601.jpeg 1068w\" sizes=\"auto, (max-width: 1280px) 100vw, 1280px\" \/><\/figure>\n\n\n\n<p>Con una amplia convocatoria y la presencia de autoridades provinciales, municipales y referentes del sector tur\u00edstico, Almafuerte se convirti\u00f3 en el escenario elegido para el lanzamiento oficial del Mes de los Lagos y las Lagunas, la nueva propuesta de la Agencia C\u00f3rdoba Turismo que busca poner en valor los espejos de agua de la provincia y la diversidad de experiencias que ofrecen.<\/p>\n\n\n\n<p>En el mismo encuentro, la ciudad present\u00f3 formalmente su Temporada de Verano, reafirmando su crecimiento como destino asociado al Lago Piedras Moras y a las actividades al aire libre.<\/p>\n\n\n\n<p>El evento fue encabezado por el presidente de la Agencia C\u00f3rdoba Turismo, Dar\u00edo Capitani, y el intendente de Almafuerte, Rub\u00e9n Dagum, junto a legisladores nacionales y provinciales, intendentes y jefes comunales de la regi\u00f3n, autoridades provinciales, representantes del sector privado e instituciones locales.<\/p>\n\n\n\n<p>\u201cC\u00f3rdoba es la provincia tur\u00edstica n\u00famero uno del pa\u00eds no solo por su naturaleza, su riqueza cultural, sus festivales y eventos, sino tambi\u00e9n por una pol\u00edtica de Estado que impulsa y potencia el crecimiento del turismo. Si algo nos identifica es nuestra idiosincrasia y nuestro humor. En Almafuerte creemos y seguimos esos principios: somos buenos anfitriones y hemos aprendido a serlo. Hoy, Almafuerte est\u00e1 lista para seguir creciendo en el turismo, porque esta industria crea nuevas oportunidades y genera empleo en un pa\u00eds donde las cosas no son f\u00e1ciles\u201d,\u00a0destac\u00f3 Ruben Dagum.<\/p>\n\n\n\n<p>Por su parte, Dario Capitani, destac\u00f3&nbsp;\u201cAlmafuerte merece estar en el centro de la escena, merece ser protagonista, tienen su lugar ganado en el desarrollo tur\u00edstico cordob\u00e9s. Estamos aqu\u00ed decididos en ayudarlos para seguir creciendo, trabajando juntos\u201d<\/p>\n\n\n\n<p><strong>El Mes de los Lagos y las Lagunas<\/strong><strong><\/strong><\/p>\n\n\n\n<p>La Agencia C\u00f3rdoba Turismo eligi\u00f3 este marco en Almafuerte para dar a conocer oficialmente este nuevo proyecto tur\u00edstico que se desarrollar\u00e1 durante todo diciembre. El Mes de los Lagos y las Lagunas re\u00fane actividades recreativas, deportivas, culturales y gastron\u00f3micas en los diversos espejos de agua de la provincia.<\/p>\n\n\n\n<p>C\u00f3rdoba cuenta con 28 embalses que superan las 13.000 hect\u00e1reas de superficie, adem\u00e1s de lagunas emblem\u00e1ticas como Mar Chiquita, uno de los humedales salinos m\u00e1s importantes del mundo.<\/p>\n\n\n\n<p>Entre las experiencias destacadas se incluyen:<\/p>\n\n\n\n<ul class=\"wp-block-list\">\n<li>Paseos embarcados y navegaci\u00f3n<\/li>\n\n\n\n<li>Kayak, windsurf, canotaje y paddle surf<\/li>\n\n\n\n<li>Nataci\u00f3n y playas habilitadas<\/li>\n\n\n\n<li>Buceo en entornos naturales<\/li>\n\n\n\n<li>Pesca deportiva<\/li>\n\n\n\n<li>Senderismo y cicloturismo<\/li>\n\n\n\n<li>Astroturismo, gastronom\u00eda y turismo cultural<\/li>\n<\/ul>\n\n\n\n<p>Esta nueva propuesta busca potenciar la identidad acu\u00e1tica de C\u00f3rdoba, diversificar la oferta tur\u00edstica y favorecer la actividad econ\u00f3mica de cada comunidad vinculada a los lagos y lagunas.<\/p>\n\n\n\n<p>\u201cLos lagos y las lagunas son uno de los grandes tesoros naturales de C\u00f3rdoba. Este nuevo producto nos permite visibilizar su enorme potencial, generar movimiento durante todo el mes y acompa\u00f1ar el desarrollo de cada destino\u201d, expres\u00f3\u00a0Dar\u00edo Capitani, presidente de la Agencia C\u00f3rdoba Turismo.<\/p>\n\n\n\n<p><\/p>\n\n\n\n<p>Conoc\u00e9 el cronograma de actividades en <a href=\"https:\/\/cordobaturismo.gov.ar\/prensa\/diciembre-mes-de-los-lagos-y-las-lagunas\/\">https:\/\/cordobaturismo.gov.ar\/prensa\/diciembre-mes-de-los-lagos-y-las-lagunas\/<\/a><\/p>\n\n\n\n<p><\/p>\n\n\n      <div class=\"wp_bannerize_container wp_bannerize_layout_vertical\">\n\n        <div class=\"wp_bannerize_banner_box wp_bannerize_category_intertexto-1\" data-title=\"Modo viaje\" data-mime_type=\"image-gif\" data-banner_id=\"1783\" id=\"wpbanner-1783\" data-impressions_enabled=\"true\" data-clicks_enabled=\"true\"><a href=\"https:\/\/www.instagram.com\/modoviaje.ok?igsh=Z3c5emxsZWFtdXN3\"><img decoding=\"async\" border=\"0\" src=\"https:\/\/modoviajeok.com.ar\/wp-content\/uploads\/2025\/02\/modoviaje.ok-300-x-250-px.gif\" alt=\"Modo viaje\" title=\"Modo viaje\" \/><\/a><\/div>      <\/div>\n\n\n\n\n\n<p><\/p>\n","protected":false},"excerpt":{"rendered":"<p>Coincidiendo con el lanzamiento de la temporada de verano de la localidad del Departamento Tercero Arriba, la Agencia C\u00f3rdoba Turismo lanz\u00f3 su nuevo propuesta que tiene como eje los 28 espejos de agua de la geograf\u00eda provincial. \u00a0 Con una amplia convocatoria y la presencia de autoridades provinciales, municipales y referentes del sector tur\u00edstico, Almafuerte [&hellip;]<\/p>\n","protected":false},"author":3,"featured_media":6699,"comment_status":"open","ping_status":"open","sticky":false,"template":"","format":"standard","meta":{"_acf_changed":false,"footnotes":""},"categories":[11,10,12],"tags":[345,1366,1439],"class_list":{"0":"post-6698","1":"post","2":"type-post","3":"status-publish","4":"format-standard","5":"has-post-thumbnail","7":"category-cordoba","8":"category-noticias","9":"category-novedades","10":"tag-agencia-cordoba-turismo-2","11":"tag-almafuerte","12":"tag-mes-de-los-lagos-y-las-lagunas"},"acf":[],"yoast_head":"<!-- This site is optimized with the Yoast SEO plugin v24.8.1 - https:\/\/yoast.com\/wordpress\/plugins\/seo\/ -->\n<title>En Almafuerte, C\u00f3rdoba present\u00f3 el Mes de los Lagos y las Lagunas -<\/title>\n<meta name=\"robots\" content=\"index, follow, max-snippet:-1, max-image-preview:large, max-video-preview:-1\" \/>\n<link rel=\"canonical\" href=\"https:\/\/modoviajeok.com.ar\/index.php\/2025\/12\/08\/en-almafuerte-cordoba-presento-el-mes-de-los-lagos-y-las-lagunas\/\" \/>\n<meta property=\"og:locale\" content=\"es_ES\" \/>\n<meta property=\"og:type\" content=\"article\" \/>\n<meta property=\"og:title\" content=\"En Almafuerte, C\u00f3rdoba present\u00f3 el Mes de los Lagos y las Lagunas -\" \/>\n<meta property=\"og:description\" content=\"Coincidiendo con el lanzamiento de la temporada de verano de la localidad del Departamento Tercero Arriba, la Agencia C\u00f3rdoba Turismo lanz\u00f3 su nuevo propuesta que tiene como eje los 28 espejos de agua de la geograf\u00eda provincial. \u00a0 Con una amplia convocatoria y la presencia de autoridades provinciales, municipales y referentes del sector tur\u00edstico, Almafuerte [&hellip;]\" \/>\n<meta property=\"og:url\" content=\"https:\/\/modoviajeok.com.ar\/index.php\/2025\/12\/08\/en-almafuerte-cordoba-presento-el-mes-de-los-lagos-y-las-lagunas\/\" \/>\n<meta property=\"article:publisher\" content=\"https:\/\/www.facebook.com\/mariana.otero1\/\" \/>\n<meta property=\"article:published_time\" content=\"2025-12-08T15:42:13+00:00\" \/>\n<meta property=\"article:modified_time\" content=\"2025-12-08T16:17:58+00:00\" \/>\n<meta property=\"og:image\" content=\"https:\/\/modoviajeok.com.ar\/wp-content\/uploads\/2025\/12\/065.jpg\" \/>\n\t<meta property=\"og:image:width\" content=\"2560\" \/>\n\t<meta property=\"og:image:height\" content=\"1440\" \/>\n\t<meta property=\"og:image:type\" content=\"image\/jpeg\" \/>\n<meta name=\"author\" content=\"Pepe Segura\" \/>\n<meta name=\"twitter:card\" content=\"summary_large_image\" \/>\n<meta name=\"twitter:label1\" content=\"Escrito por\" \/>\n\t<meta name=\"twitter:data1\" content=\"Pepe Segura\" \/>\n\t<meta name=\"twitter:label2\" content=\"Tiempo de lectura\" \/>\n\t<meta name=\"twitter:data2\" content=\"3 minutos\" \/>\n<script type=\"application\/ld+json\" class=\"yoast-schema-graph\">{\"@context\":\"https:\/\/schema.org\",\"@graph\":[{\"@type\":\"Article\",\"@id\":\"https:\/\/modoviajeok.com.ar\/index.php\/2025\/12\/08\/en-almafuerte-cordoba-presento-el-mes-de-los-lagos-y-las-lagunas\/#article\",\"isPartOf\":{\"@id\":\"https:\/\/modoviajeok.com.ar\/index.php\/2025\/12\/08\/en-almafuerte-cordoba-presento-el-mes-de-los-lagos-y-las-lagunas\/\"},\"author\":{\"name\":\"Pepe Segura\",\"@id\":\"https:\/\/modoviajeok.com.ar\/#\/schema\/person\/2e299ed0d3d412a01d244fe28260d7f5\"},\"headline\":\"En Almafuerte, C\u00f3rdoba present\u00f3 el Mes de los Lagos y las Lagunas\",\"datePublished\":\"2025-12-08T15:42:13+00:00\",\"dateModified\":\"2025-12-08T16:17:58+00:00\",\"mainEntityOfPage\":{\"@id\":\"https:\/\/modoviajeok.com.ar\/index.php\/2025\/12\/08\/en-almafuerte-cordoba-presento-el-mes-de-los-lagos-y-las-lagunas\/\"},\"wordCount\":559,\"commentCount\":0,\"publisher\":{\"@id\":\"https:\/\/modoviajeok.com.ar\/#organization\"},\"image\":{\"@id\":\"https:\/\/modoviajeok.com.ar\/index.php\/2025\/12\/08\/en-almafuerte-cordoba-presento-el-mes-de-los-lagos-y-las-lagunas\/#primaryimage\"},\"thumbnailUrl\":\"https:\/\/modoviajeok.com.ar\/wp-content\/uploads\/2025\/12\/065.jpg\",\"keywords\":[\"agencia cordoba turismo\",\"almafuerte\",\"mes de los lagos y las lagunas\"],\"articleSection\":[\"C\u00f3rdoba\",\"Noticias\",\"Novedades\"],\"inLanguage\":\"es\",\"potentialAction\":[{\"@type\":\"CommentAction\",\"name\":\"Comment\",\"target\":[\"https:\/\/modoviajeok.com.ar\/index.php\/2025\/12\/08\/en-almafuerte-cordoba-presento-el-mes-de-los-lagos-y-las-lagunas\/#respond\"]}]},{\"@type\":\"WebPage\",\"@id\":\"https:\/\/modoviajeok.com.ar\/index.php\/2025\/12\/08\/en-almafuerte-cordoba-presento-el-mes-de-los-lagos-y-las-lagunas\/\",\"url\":\"https:\/\/modoviajeok.com.ar\/index.php\/2025\/12\/08\/en-almafuerte-cordoba-presento-el-mes-de-los-lagos-y-las-lagunas\/\",\"name\":\"En Almafuerte, C\u00f3rdoba present\u00f3 el Mes de los Lagos y las Lagunas -\",\"isPartOf\":{\"@id\":\"https:\/\/modoviajeok.com.ar\/#website\"},\"primaryImageOfPage\":{\"@id\":\"https:\/\/modoviajeok.com.ar\/index.php\/2025\/12\/08\/en-almafuerte-cordoba-presento-el-mes-de-los-lagos-y-las-lagunas\/#primaryimage\"},\"image\":{\"@id\":\"https:\/\/modoviajeok.com.ar\/index.php\/2025\/12\/08\/en-almafuerte-cordoba-presento-el-mes-de-los-lagos-y-las-lagunas\/#primaryimage\"},\"thumbnailUrl\":\"https:\/\/modoviajeok.com.ar\/wp-content\/uploads\/2025\/12\/065.jpg\",\"datePublished\":\"2025-12-08T15:42:13+00:00\",\"dateModified\":\"2025-12-08T16:17:58+00:00\",\"breadcrumb\":{\"@id\":\"https:\/\/modoviajeok.com.ar\/index.php\/2025\/12\/08\/en-almafuerte-cordoba-presento-el-mes-de-los-lagos-y-las-lagunas\/#breadcrumb\"},\"inLanguage\":\"es\",\"potentialAction\":[{\"@type\":\"ReadAction\",\"target\":[\"https:\/\/modoviajeok.com.ar\/index.php\/2025\/12\/08\/en-almafuerte-cordoba-presento-el-mes-de-los-lagos-y-las-lagunas\/\"]}]},{\"@type\":\"ImageObject\",\"inLanguage\":\"es\",\"@id\":\"https:\/\/modoviajeok.com.ar\/index.php\/2025\/12\/08\/en-almafuerte-cordoba-presento-el-mes-de-los-lagos-y-las-lagunas\/#primaryimage\",\"url\":\"https:\/\/modoviajeok.com.ar\/wp-content\/uploads\/2025\/12\/065.jpg\",\"contentUrl\":\"https:\/\/modoviajeok.com.ar\/wp-content\/uploads\/2025\/12\/065.jpg\",\"width\":2560,\"height\":1440},{\"@type\":\"BreadcrumbList\",\"@id\":\"https:\/\/modoviajeok.com.ar\/index.php\/2025\/12\/08\/en-almafuerte-cordoba-presento-el-mes-de-los-lagos-y-las-lagunas\/#breadcrumb\",\"itemListElement\":[{\"@type\":\"ListItem\",\"position\":1,\"name\":\"Portada\",\"item\":\"https:\/\/modoviajeok.com.ar\/\"},{\"@type\":\"ListItem\",\"position\":2,\"name\":\"En Almafuerte, C\u00f3rdoba present\u00f3 el Mes de los Lagos y las Lagunas\"}]},{\"@type\":\"WebSite\",\"@id\":\"https:\/\/modoviajeok.com.ar\/#website\",\"url\":\"https:\/\/modoviajeok.com.ar\/\",\"name\":\"ModoViajeOK\",\"description\":\"\",\"publisher\":{\"@id\":\"https:\/\/modoviajeok.com.ar\/#organization\"},\"potentialAction\":[{\"@type\":\"SearchAction\",\"target\":{\"@type\":\"EntryPoint\",\"urlTemplate\":\"https:\/\/modoviajeok.com.ar\/?s={search_term_string}\"},\"query-input\":{\"@type\":\"PropertyValueSpecification\",\"valueRequired\":true,\"valueName\":\"search_term_string\"}}],\"inLanguage\":\"es\"},{\"@type\":\"Organization\",\"@id\":\"https:\/\/modoviajeok.com.ar\/#organization\",\"name\":\"ModoViajeOK\",\"url\":\"https:\/\/modoviajeok.com.ar\/\",\"logo\":{\"@type\":\"ImageObject\",\"inLanguage\":\"es\",\"@id\":\"https:\/\/modoviajeok.com.ar\/#\/schema\/logo\/image\/\",\"url\":\"https:\/\/modoviajeok.com.ar\/wp-content\/uploads\/2025\/01\/Logo-modoviajeok.png\",\"contentUrl\":\"https:\/\/modoviajeok.com.ar\/wp-content\/uploads\/2025\/01\/Logo-modoviajeok.png\",\"width\":2938,\"height\":2276,\"caption\":\"ModoViajeOK\"},\"image\":{\"@id\":\"https:\/\/modoviajeok.com.ar\/#\/schema\/logo\/image\/\"},\"sameAs\":[\"https:\/\/www.facebook.com\/mariana.otero1\/\",\"https:\/\/www.instagram.com\/modoviaje.ok\/\"]},{\"@type\":\"Person\",\"@id\":\"https:\/\/modoviajeok.com.ar\/#\/schema\/person\/2e299ed0d3d412a01d244fe28260d7f5\",\"name\":\"Pepe Segura\",\"image\":{\"@type\":\"ImageObject\",\"inLanguage\":\"es\",\"@id\":\"https:\/\/modoviajeok.com.ar\/#\/schema\/person\/image\/\",\"url\":\"https:\/\/secure.gravatar.com\/avatar\/65eb4b34deed761327f5b2c5535b987318ae807900ac46426de7258f5de6d345?s=96&d=mm&r=g\",\"contentUrl\":\"https:\/\/secure.gravatar.com\/avatar\/65eb4b34deed761327f5b2c5535b987318ae807900ac46426de7258f5de6d345?s=96&d=mm&r=g\",\"caption\":\"Pepe Segura\"},\"url\":\"https:\/\/modoviajeok.com.ar\/index.php\/author\/pepe2025\/\"}]}<\/script>\n<!-- \/ Yoast SEO plugin. -->","yoast_head_json":{"title":"En Almafuerte, C\u00f3rdoba present\u00f3 el Mes de los Lagos y las Lagunas -","robots":{"index":"index","follow":"follow","max-snippet":"max-snippet:-1","max-image-preview":"max-image-preview:large","max-video-preview":"max-video-preview:-1"},"canonical":"https:\/\/modoviajeok.com.ar\/index.php\/2025\/12\/08\/en-almafuerte-cordoba-presento-el-mes-de-los-lagos-y-las-lagunas\/","og_locale":"es_ES","og_type":"article","og_title":"En Almafuerte, C\u00f3rdoba present\u00f3 el Mes de los Lagos y las Lagunas -","og_description":"Coincidiendo con el lanzamiento de la temporada de verano de la localidad del Departamento Tercero Arriba, la Agencia C\u00f3rdoba Turismo lanz\u00f3 su nuevo propuesta que tiene como eje los 28 espejos de agua de la geograf\u00eda provincial. \u00a0 Con una amplia convocatoria y la presencia de autoridades provinciales, municipales y referentes del sector tur\u00edstico, Almafuerte [&hellip;]","og_url":"https:\/\/modoviajeok.com.ar\/index.php\/2025\/12\/08\/en-almafuerte-cordoba-presento-el-mes-de-los-lagos-y-las-lagunas\/","article_publisher":"https:\/\/www.facebook.com\/mariana.otero1\/","article_published_time":"2025-12-08T15:42:13+00:00","article_modified_time":"2025-12-08T16:17:58+00:00","og_image":[{"width":2560,"height":1440,"url":"https:\/\/modoviajeok.com.ar\/wp-content\/uploads\/2025\/12\/065.jpg","type":"image\/jpeg"}],"author":"Pepe Segura","twitter_card":"summary_large_image","twitter_misc":{"Escrito por":"Pepe Segura","Tiempo de lectura":"3 minutos"},"schema":{"@context":"https:\/\/schema.org","@graph":[{"@type":"Article","@id":"https:\/\/modoviajeok.com.ar\/index.php\/2025\/12\/08\/en-almafuerte-cordoba-presento-el-mes-de-los-lagos-y-las-lagunas\/#article","isPartOf":{"@id":"https:\/\/modoviajeok.com.ar\/index.php\/2025\/12\/08\/en-almafuerte-cordoba-presento-el-mes-de-los-lagos-y-las-lagunas\/"},"author":{"name":"Pepe Segura","@id":"https:\/\/modoviajeok.com.ar\/#\/schema\/person\/2e299ed0d3d412a01d244fe28260d7f5"},"headline":"En Almafuerte, C\u00f3rdoba present\u00f3 el Mes de los Lagos y las Lagunas","datePublished":"2025-12-08T15:42:13+00:00","dateModified":"2025-12-08T16:17:58+00:00","mainEntityOfPage":{"@id":"https:\/\/modoviajeok.com.ar\/index.php\/2025\/12\/08\/en-almafuerte-cordoba-presento-el-mes-de-los-lagos-y-las-lagunas\/"},"wordCount":559,"commentCount":0,"publisher":{"@id":"https:\/\/modoviajeok.com.ar\/#organization"},"image":{"@id":"https:\/\/modoviajeok.com.ar\/index.php\/2025\/12\/08\/en-almafuerte-cordoba-presento-el-mes-de-los-lagos-y-las-lagunas\/#primaryimage"},"thumbnailUrl":"https:\/\/modoviajeok.com.ar\/wp-content\/uploads\/2025\/12\/065.jpg","keywords":["agencia cordoba turismo","almafuerte","mes de los lagos y las lagunas"],"articleSection":["C\u00f3rdoba","Noticias","Novedades"],"inLanguage":"es","potentialAction":[{"@type":"CommentAction","name":"Comment","target":["https:\/\/modoviajeok.com.ar\/index.php\/2025\/12\/08\/en-almafuerte-cordoba-presento-el-mes-de-los-lagos-y-las-lagunas\/#respond"]}]},{"@type":"WebPage","@id":"https:\/\/modoviajeok.com.ar\/index.php\/2025\/12\/08\/en-almafuerte-cordoba-presento-el-mes-de-los-lagos-y-las-lagunas\/","url":"https:\/\/modoviajeok.com.ar\/index.php\/2025\/12\/08\/en-almafuerte-cordoba-presento-el-mes-de-los-lagos-y-las-lagunas\/","name":"En Almafuerte, C\u00f3rdoba present\u00f3 el Mes de los Lagos y las Lagunas -","isPartOf":{"@id":"https:\/\/modoviajeok.com.ar\/#website"},"primaryImageOfPage":{"@id":"https:\/\/modoviajeok.com.ar\/index.php\/2025\/12\/08\/en-almafuerte-cordoba-presento-el-mes-de-los-lagos-y-las-lagunas\/#primaryimage"},"image":{"@id":"https:\/\/modoviajeok.com.ar\/index.php\/2025\/12\/08\/en-almafuerte-cordoba-presento-el-mes-de-los-lagos-y-las-lagunas\/#primaryimage"},"thumbnailUrl":"https:\/\/modoviajeok.com.ar\/wp-content\/uploads\/2025\/12\/065.jpg","datePublished":"2025-12-08T15:42:13+00:00","dateModified":"2025-12-08T16:17:58+00:00","breadcrumb":{"@id":"https:\/\/modoviajeok.com.ar\/index.php\/2025\/12\/08\/en-almafuerte-cordoba-presento-el-mes-de-los-lagos-y-las-lagunas\/#breadcrumb"},"inLanguage":"es","potentialAction":[{"@type":"ReadAction","target":["https:\/\/modoviajeok.com.ar\/index.php\/2025\/12\/08\/en-almafuerte-cordoba-presento-el-mes-de-los-lagos-y-las-lagunas\/"]}]},{"@type":"ImageObject","inLanguage":"es","@id":"https:\/\/modoviajeok.com.ar\/index.php\/2025\/12\/08\/en-almafuerte-cordoba-presento-el-mes-de-los-lagos-y-las-lagunas\/#primaryimage","url":"https:\/\/modoviajeok.com.ar\/wp-content\/uploads\/2025\/12\/065.jpg","contentUrl":"https:\/\/modoviajeok.com.ar\/wp-content\/uploads\/2025\/12\/065.jpg","width":2560,"height":1440},{"@type":"BreadcrumbList","@id":"https:\/\/modoviajeok.com.ar\/index.php\/2025\/12\/08\/en-almafuerte-cordoba-presento-el-mes-de-los-lagos-y-las-lagunas\/#breadcrumb","itemListElement":[{"@type":"ListItem","position":1,"name":"Portada","item":"https:\/\/modoviajeok.com.ar\/"},{"@type":"ListItem","position":2,"name":"En Almafuerte, C\u00f3rdoba present\u00f3 el Mes de los Lagos y las Lagunas"}]},{"@type":"WebSite","@id":"https:\/\/modoviajeok.com.ar\/#website","url":"https:\/\/modoviajeok.com.ar\/","name":"ModoViajeOK","description":"","publisher":{"@id":"https:\/\/modoviajeok.com.ar\/#organization"},"potentialAction":[{"@type":"SearchAction","target":{"@type":"EntryPoint","urlTemplate":"https:\/\/modoviajeok.com.ar\/?s={search_term_string}"},"query-input":{"@type":"PropertyValueSpecification","valueRequired":true,"valueName":"search_term_string"}}],"inLanguage":"es"},{"@type":"Organization","@id":"https:\/\/modoviajeok.com.ar\/#organization","name":"ModoViajeOK","url":"https:\/\/modoviajeok.com.ar\/","logo":{"@type":"ImageObject","inLanguage":"es","@id":"https:\/\/modoviajeok.com.ar\/#\/schema\/logo\/image\/","url":"https:\/\/modoviajeok.com.ar\/wp-content\/uploads\/2025\/01\/Logo-modoviajeok.png","contentUrl":"https:\/\/modoviajeok.com.ar\/wp-content\/uploads\/2025\/01\/Logo-modoviajeok.png","width":2938,"height":2276,"caption":"ModoViajeOK"},"image":{"@id":"https:\/\/modoviajeok.com.ar\/#\/schema\/logo\/image\/"},"sameAs":["https:\/\/www.facebook.com\/mariana.otero1\/","https:\/\/www.instagram.com\/modoviaje.ok\/"]},{"@type":"Person","@id":"https:\/\/modoviajeok.com.ar\/#\/schema\/person\/2e299ed0d3d412a01d244fe28260d7f5","name":"Pepe Segura","image":{"@type":"ImageObject","inLanguage":"es","@id":"https:\/\/modoviajeok.com.ar\/#\/schema\/person\/image\/","url":"https:\/\/secure.gravatar.com\/avatar\/65eb4b34deed761327f5b2c5535b987318ae807900ac46426de7258f5de6d345?s=96&d=mm&r=g","contentUrl":"https:\/\/secure.gravatar.com\/avatar\/65eb4b34deed761327f5b2c5535b987318ae807900ac46426de7258f5de6d345?s=96&d=mm&r=g","caption":"Pepe Segura"},"url":"https:\/\/modoviajeok.com.ar\/index.php\/author\/pepe2025\/"}]}},"_links":{"self":[{"href":"https:\/\/modoviajeok.com.ar\/index.php\/wp-json\/wp\/v2\/posts\/6698","targetHints":{"allow":["GET"]}}],"collection":[{"href":"https:\/\/modoviajeok.com.ar\/index.php\/wp-json\/wp\/v2\/posts"}],"about":[{"href":"https:\/\/modoviajeok.com.ar\/index.php\/wp-json\/wp\/v2\/types\/post"}],"author":[{"embeddable":true,"href":"https:\/\/modoviajeok.com.ar\/index.php\/wp-json\/wp\/v2\/users\/3"}],"replies":[{"embeddable":true,"href":"https:\/\/modoviajeok.com.ar\/index.php\/wp-json\/wp\/v2\/comments?post=6698"}],"version-history":[{"count":2,"href":"https:\/\/modoviajeok.com.ar\/index.php\/wp-json\/wp\/v2\/posts\/6698\/revisions"}],"predecessor-version":[{"id":6707,"href":"https:\/\/modoviajeok.com.ar\/index.php\/wp-json\/wp\/v2\/posts\/6698\/revisions\/6707"}],"wp:featuredmedia":[{"embeddable":true,"href":"https:\/\/modoviajeok.com.ar\/index.php\/wp-json\/wp\/v2\/media\/6699"}],"wp:attachment":[{"href":"https:\/\/modoviajeok.com.ar\/index.php\/wp-json\/wp\/v2\/media?parent=6698"}],"wp:term":[{"taxonomy":"category","embeddable":true,"href":"https:\/\/modoviajeok.com.ar\/index.php\/wp-json\/wp\/v2\/categories?post=6698"},{"taxonomy":"post_tag","embeddable":true,"href":"https:\/\/modoviajeok.com.ar\/index.php\/wp-json\/wp\/v2\/tags?post=6698"}],"curies":[{"name":"wp","href":"https:\/\/api.w.org\/{rel}","templated":true}]}}