{"id":6720,"date":"2026-01-28T14:57:00","date_gmt":"2026-01-28T17:57:00","guid":{"rendered":"https:\/\/modoviajeok.com.ar\/?p=6720"},"modified":"2026-01-21T10:19:55","modified_gmt":"2026-01-21T13:19:55","slug":"modoviajeok-com-ar-nominado-al-premio-pasaporte-abierto","status":"publish","type":"post","link":"https:\/\/modoviajeok.com.ar\/index.php\/2026\/01\/28\/modoviajeok-com-ar-nominado-al-premio-pasaporte-abierto\/","title":{"rendered":"Premio Pasaporte Abierto: ModoviajeOK y sus editores reciben 4 nominaciones"},"content":{"rendered":"\n<figure class=\"wp-block-pullquote\"><blockquote><p><\/p><\/blockquote><\/figure>\n\n\n\n<p>Modoviajeok.com.ar, el sitio cordob\u00e9s dedicado al turismo, fue nominado en el rubro Medio Especializado en turismo destacado para competir en los premios Pasaporte Abierto 2026 que organiza la Organizaci\u00f3n Mundial de Periodismo Tur\u00edstico y que este a\u00f1o se entregar\u00e1n el 30 de enero en Panam\u00e1. Mariana Otero y Pepe Segura, editores del sitio, tambi\u00e9n fueron nominados por sendas notas period\u00edsticas. Otero por: \u201c<a href=\"https:\/\/voydeviaje.lavoz.com.ar\/mundo\/valle-del-rio-cauca-mosaico-de-increibles-ecosistemas\/\" target=\"_blank\" rel=\"noreferrer noopener\">Valle del Cauca: mosaico de incre\u00edbles ecosistemas<\/a>\u201d y \u201c<a href=\"https:\/\/voydeviaje.lavoz.com.ar\/especiales\/colombia-donde-se-rumbea-al-ritmo-del-cafe\/\" target=\"_blank\" rel=\"noreferrer noopener\">Colombia: donde se rumbea al ritmo del caf\u00e9<\/a>\u201d, ambas publicadas en Voy de Viaje del diario La Voz del Interior y Segura  por \u201c53 playas, ballenas y un mar que cautiva: El ADN de San Sebasti\u00e1n, el para\u00edso paulista\u201d  publicada en la Secci\u00f3n \u00bfViajamos? De EnRedacci\u00f3n. por:<a href=\"https:\/\/enredaccion.com.ar\/viajamos-53-playas-ballenas-y-un-mar-que-cautiva-el-adn-de-san-sebastian-el-paraiso-paulista\/\">https:\/\/enredaccion.com.ar\/viajamos-53-playas-ballenas-y-un-mar-que-cautiva-el-adn-de-san-sebastian-el-paraiso-paulista\/<\/a><\/p>\n\n\n\n<p>Las nominaciones se conocieron durante la Declaraci\u00f3n del D\u00eda Mundial de la Quincea\u00f1era que se realiz\u00f3 el 7 de diciembre en Tepeapulco, Hidalgo, M\u00e9xico.<\/p>\n\n\n\n<p>El presidente y Fundador de la Organizaci\u00f3n Mundial de Periodismo Tur\u00edstico, Miguel Ledhesma, fue el encargado de difundir el listado de los nominados.<\/p>\n\n\n\n<p>Publicaciones<\/p>\n\n\n\n<p>1. Relevancia social.<\/p>\n\n\n\n<ol class=\"wp-block-list\">\n<li><a href=\"https:\/\/dominicantoday.com\/dr\/tourism\/2025\/11\/22\/de-sol-y-playa-a-mentes-seguras-el-pilar-oculto-de-la-hospitalidad-dominicana\/\" target=\"_blank\" rel=\"noreferrer noopener\">De sol y playa a mentes seguras: el pilar oculto de la hospitalidad dominicana<\/a>. Anita Gonz\u00e1lez Sigler. Rep\u00fablica Dominicana.<\/li>\n\n\n\n<li><a href=\"https:\/\/www.somosohlala.com\/lifestyle\/gastronomia\/desafinado-club-el-oasis-urbano-de-city-bell-donde-el-jazz-la-gastronomia-y-la-mixologia-conviven-al-mismo-nivel-nid13102025\" target=\"_blank\" rel=\"noreferrer noopener\">Desafinado Club, el oasis urbano de City Bell donde el jazz, la gastronom\u00eda y la mixolog\u00eda conviven al mismo nivel<\/a>. Mar\u00eda Celina Lundin. Argentina.<\/li>\n\n\n\n<li><a href=\"https:\/\/youtu.be\/qH5lCBkZW0E?si=DW0X3dy3g_Xv2GT4\">Hern\u00e1n &amp; Eugenia \u2013 M\u00e1s que solo estelas en el agua<\/a>. Irina Grassmann. Alemania.<\/li>\n\n\n\n<li><a href=\"https:\/\/do.municipiosaldia.com\/opinion\/item\/49163-puede-el-turismo-salvar-a-las-tortugas-marinas\" target=\"_blank\" rel=\"noreferrer noopener\">\u00bfPuede el turismo salvar a las tortugas marinas? <\/a>Augusto Valdivia. Rep\u00fablica Dominicana.<\/li>\n\n\n\n<li><a href=\"https:\/\/drive.google.com\/file\/d\/1iu-1vlmedN7DrLw0Kxm9Le1DRLiIEWbC\/view?usp=sharing\" target=\"_blank\" rel=\"noreferrer noopener\">Tenemos que invertir en marketing<\/a>. Juliana Bevilaqua. Brasil.<\/li>\n\n\n\n<li><a href=\"https:\/\/www.chanarcillo.cl\/turismo-en-atacama-entre-el-esplendor-y-la-urgencia\/\" target=\"_blank\" rel=\"noreferrer noopener\">Turismo en Atacama: Entre el esplendor y la urgencia<\/a>. Paula Carmona. Chile.<\/li>\n\n\n\n<li><a href=\"https:\/\/ehplus.do\/turismo-de-buceo-una-oportunidad-emergente-y-sostenible-para-el-destino-la-romana\/\" target=\"_blank\" rel=\"noreferrer noopener\">Turismo y sostenibilidad: Buceo, una oportunidad emergente para el destino La Romana<\/a>. Elena Crespo. Rep\u00fablica Dominicana.<\/li>\n\n\n\n<li><a href=\"https:\/\/voydeviaje.lavoz.com.ar\/mundo\/valle-del-rio-cauca-mosaico-de-increibles-ecosistemas\/\" target=\"_blank\" rel=\"noreferrer noopener\">Valle del Cauca: mosaico de incre\u00edbles ecosistemas<\/a>. Mariana Otero. Argentina.<\/li>\n<\/ol>\n\n\n\n<p><br>2. Reconocimiento de los otros.<\/p>\n\n\n\n<ol class=\"wp-block-list\">\n<li><a href=\"https:\/\/www.ceroestrespanama.com\/panama\/suenos-tejidos-en-barro-que-buscan-sobrevivir-a-la-modernidad\/\" target=\"_blank\" rel=\"noreferrer noopener\">Casas de quincha: sue\u00f1os tejidos en barro que sobreviven a la modernidad<\/a>. Mara Rivera. Panam\u00e1.<\/li>\n\n\n\n<li><a href=\"https:\/\/voydeviaje.lavoz.com.ar\/especiales\/colombia-donde-se-rumbea-al-ritmo-del-cafe\/\" target=\"_blank\" rel=\"noreferrer noopener\">Colombia: donde se rumbea al ritmo del caf\u00e9<\/a>. Mariana Otero. Argentina.<\/li>\n\n\n\n<li><a href=\"https:\/\/www.notyouraverageamerican.es\/chontacuro-larva-comestible-amazon-ecuador\/\" target=\"_blank\" rel=\"noreferrer noopener\">El Chontacuro: el Manjar Ex\u00f3tico de la Palma de La Chonta<\/a>. Jacqueline Granda. Ecuador.<\/li>\n\n\n\n<li><a href=\"https:\/\/www.sinergiatv.com\/post\/feria-mazahua-del-hongo-donato-guerra\" target=\"_blank\" rel=\"noreferrer noopener\">La Feria donde los hongos cuentan historias<\/a>. Humberto Thom\u00e9 Ortiz. M\u00e9xico.<\/li>\n\n\n\n<li><a href=\"https:\/\/voyagermagazinepty.com\/las-farotas-de-talaigua-la-danza-que-defiende-el-honor-de-la-mujer\/\" target=\"_blank\" rel=\"noreferrer noopener\">Las Farotas de Talaigua: La danza que defiende el honor de la mujer<\/a>. Rosario Ortiz. Colombia.<\/li>\n\n\n\n<li><a href=\"https:\/\/www.somosohlala.com\/lifestyle\/viajes\/senti-la-magia-de-tucuman-a-traves-de-sus-tejidos-ancestrales-una-ruta-artesanal-increible-nid18092025\" target=\"_blank\" rel=\"noreferrer noopener\">Sent\u00ed la magia de Tucum\u00e1n a trav\u00e9s de sus tejidos ancestrales: una ruta artesanal incre\u00edble<\/a>. Mar\u00eda Celina Lundin. Argentina.<\/li>\n\n\n\n<li><a href=\"https:\/\/ojosdelmundo.news\/tilcara-arte-devocion-y-juramento-a-la-mamita-del-cerro\/\" target=\"_blank\" rel=\"noreferrer noopener\">Tilcara: Arte, devoci\u00f3n y juramento a la mamita del cerro<\/a>. Luc\u00eda Sant. Argentina.<\/li>\n<\/ol>\n\n\n\n<p>3. Originalidad.<\/p>\n\n\n\n<p><br>1. <a href=\"https:\/\/enredaccion.com.ar\/viajamos-53-playas-ballenas-y-un-mar-que-cautiva-el-adn-de-san-sebastian-el-paraiso-paulista\/\" target=\"_blank\" rel=\"noreferrer noopener\">53 playas, ballenas y un mar que cautiva: el ADN de San Sebasti\u00e1n, el para\u00edso paulista<\/a>. Jos\u00e9 Humberto Segura. Argentina.<\/p>\n\n\n\n<ul class=\"wp-block-list\">\n<li><a href=\"https:\/\/www.ceroestrespanama.com\/curiosidades\/el-paramo-del-duende-una-joya-en-el-valle-del-cauca\/\" target=\"_blank\" rel=\"noreferrer noopener\">El P\u00e1ramo del duende: una joya en el Valle del Cauca<\/a>. Mara Rivera. Panam\u00e1.<\/li>\n\n\n\n<li><a href=\"https:\/\/medium.com\/@mviktorix\/pedas%C3%AD-un-destino-para-reencontrarse-con-la-calma-52bc5e1a4b0c\" target=\"_blank\" rel=\"noreferrer noopener\">Pedas\u00ed, un destino para reencontrarse con la calma<\/a>. Mar\u00eda Victoria Echeverr\u00eda. Panam\u00e1.<\/li>\n\n\n\n<li><a href=\"https:\/\/www.raphanomundo.com\/2025\/02\/httpswww.raphanomundo.com202502sicilia-de-carro-em-5-dias-um-roteiro-gastronomico-pelo-melhor-da-ilha-italiana.html\" target=\"_blank\" rel=\"noreferrer noopener\">Sic\u00edlia de carro em 5 dias: um roteiro gastron\u00f4mico pelo melhor da ilha italiana<\/a>. Rapha Aretakis. Brasil.<\/li>\n\n\n\n<li><a href=\"https:\/\/www.eater.com\/24254275\/midwest-heartland-food-travel-restaurants-guide\" target=\"_blank\" rel=\"noreferrer noopener\">The Eater Guide to the Heartland<\/a>. Eater. Estados unidos.<\/li>\n\n\n\n<li><a href=\"https:\/\/www.foodieandtraveler.com\/index.php\/turismo-de-bienestar-un-refugio-para-el-alma\/\" target=\"_blank\" rel=\"noreferrer noopener\">Turismo de bienestar, un refugio para el alma.<\/a><a href=\"https:\/\/www.foodieandtraveler.com\/index.php\/turismo-de-bienestar-un-refugio-para-el-alma\/\" target=\"_blank\" rel=\"noreferrer noopener\"> Juan de Dios Valentin<\/a>. Rep\u00fablica Dominicana.<\/li>\n\n\n\n<li><a href=\"https:\/\/infoturismowebblog.wordpress.com\/2025\/07\/30\/cronica-de-una-emocion-llamada-fiesta-nacional-e-internacional-del-poncho\/\" target=\"_blank\" rel=\"noreferrer noopener\">Una emoci\u00f3n llamada Fiesta Nacional e Internacional del Poncho<\/a>. Debora Valeria Ruiz. Argentina.&nbsp;<\/li>\n\n\n\n<li><a href=\"https:\/\/diariosabemos.com\/estilo-vida\/viajar\/viajar-sonar-mediterraneo_512409_102.html\" target=\"_blank\" rel=\"noreferrer noopener\">Viajar, so\u00f1ar el Mediterr\u00e1neo<\/a>. Juan-Carlos Arias. Espa\u00f1a.<\/li>\n<\/ul>\n\n\n\n<p><br>4. Investigaci\u00f3n period\u00edstica.<\/p>\n\n\n\n<ol class=\"wp-block-list\">\n<li><a href=\"https:\/\/eldinero.com.do\/335182\/artesanos-dominicanos-manos-creativas-que-impulsan-el-turismo-cultural-y-sostenible\/\" target=\"_blank\" rel=\"noreferrer noopener\">Artesanos dominicanos: manos creativas que impulsan el turismo cultural y sostenible<\/a>. Massiel de Jes\u00fas Acosta. Rep\u00fablica Dominicana.<\/li>\n\n\n\n<li><a href=\"https:\/\/elprovincialnoticias.com.ar\/nota\/1098\/copa-del-mundo-2026-la-alimentacion-infantil-derrotada\/\" target=\"_blank\" rel=\"noreferrer noopener\">Copa del Mundo 2026: La alimentaci\u00f3n infantil derrotada<\/a>. Florencia Cuneo. Argentina.<\/li>\n\n\n\n<li><a href=\"https:\/\/bohionews.com\/la-ciudad-en-una-tabla-y-si-hacemos-de-santo-domingo-un-destino-para-skaters\/\" target=\"_blank\" rel=\"noreferrer noopener\">La ciudad en una tabla: \u00bfY si hacemos de Santo Domingo un destino para skaters?<\/a> Adrian Rafael Morales. Rep\u00fablica Dominicana.<\/li>\n\n\n\n<li><a href=\"https:\/\/viajeporai.com\/2025\/11\/21\/herdeiros-de-um-projeto-orfaos-de-um-passaporte-os-150-anos-da-imigracao-italiana-no-brasil\/\" target=\"_blank\" rel=\"noreferrer noopener\">Herdeiros de um Projeto, \u00d3rf\u00e3os de um Passaporte: os 150 anos da imigra\u00e7\u00e3o italiana no Brasil.<\/a> Eliane de Souza. Brasil.<\/li>\n\n\n\n<li><a href=\"https:\/\/www.notyouraverageamerican.es\/cueva-de-los-tayos-ecuador\/\" target=\"_blank\" rel=\"noreferrer noopener\">La Cueva de los Tayos: De Santuario Sagrado a Atracci\u00f3n Tur\u00edstica de Moda<\/a>. Jacqueline Granda. Ecuador.<\/li>\n\n\n\n<li><a href=\"https:\/\/www.wusf.org\/podcast\/florida-matters\/2025-11-17\/loving-or-leaving-florida-sky-high-solution-to-traffic-jams-air-travel-took-off-in-tampa-bay\" target=\"_blank\" rel=\"noreferrer noopener\">Loving or leaving Florida? A sky-high solution to traffic jams. Air travel took off in Tampa Bay<\/a>. Matthew Peddie, Gracyn Doctor, Amelie Horace, Lily Belcher. Estados Unidos.<\/li>\n<\/ol>\n\n\n\n<p>Experiencias:<\/p>\n\n\n\n<p>5. Medio especializado en turismo destacado.<\/p>\n\n\n\n<ol class=\"wp-block-list\">\n<li><a href=\"http:\/\/apuntesyviajes.com\/\" target=\"_blank\" rel=\"noreferrer noopener\">Apuntesyviajes.com<\/a>. Chile<\/li>\n\n\n\n<li><a href=\"http:\/\/ceroestrespanama.com\/\" target=\"_blank\" rel=\"noreferrer noopener\">Ceroestrespanama.com<\/a>. Panam\u00e1.<\/li>\n\n\n\n<li><a href=\"http:\/\/cuadernodeviaje.com.mx\/\" target=\"_blank\" rel=\"noreferrer noopener\">Cuadernodeviaje.com.mx\/<\/a>. M\u00e9xico.<\/li>\n\n\n\n<li><a href=\"http:\/\/eldinero.com.do\/turismo\" target=\"_blank\" rel=\"noreferrer noopener\">Eldinero.com.do<\/a>. Rep\u00fablica Dominicana.<\/li>\n\n\n\n<li><a href=\"http:\/\/explorandomagazine.com\/\" target=\"_blank\" rel=\"noreferrer noopener\">Explorandomagazine.com<\/a>. Espa\u00f1a.<\/li>\n\n\n\n<li><a href=\"https:\/\/www.falstaff.com\/nordics\" target=\"_blank\" rel=\"noreferrer noopener\">Falstaff Nordics.<\/a> Dinamarca.<\/li>\n\n\n\n<li><a href=\"http:\/\/foodandtravel.mx\/\" target=\"_blank\" rel=\"noreferrer noopener\">Foodandtravel.mx<\/a>. M\u00e9xico.<\/li>\n\n\n\n<li><a href=\"http:\/\/modoviajeok.com.ar\/\" target=\"_blank\" rel=\"noreferrer noopener\">Modoviajeok.com.ar<\/a>. Argentina.<\/li>\n\n\n\n<li><a href=\"http:\/\/nexotur.com\/\" target=\"_blank\" rel=\"noreferrer noopener\">Nexotur.com<\/a>. Espa\u00f1a.<\/li>\n\n\n\n<li><a href=\"https:\/\/caliradio.co\/nuestro-oxigeno-youtube\/\" target=\"_blank\" rel=\"noreferrer noopener\">Nuestro Ox\u00edgeno<\/a>. Colombia.<\/li>\n\n\n\n<li><a href=\"https:\/\/viajar.elperiodico.com\/\" target=\"_blank\" rel=\"noreferrer noopener\">Revista Viajar.<\/a> Espa\u00f1a.<\/li>\n\n\n\n<li><a href=\"https:\/\/youtube.com\/playlist?list=PLa3MysZl9PvgwijXEDaJMBngFhES3vGX_&amp;si=69E97-fHnM2fd08_\" target=\"_blank\" rel=\"noreferrer noopener\">Podcast Viaje Por A\u00ed<\/a>. Brasil.<\/li>\n\n\n\n<li><a href=\"http:\/\/tubuenviaje.com\/\" target=\"_blank\" rel=\"noreferrer noopener\">Tubuenviaje.com<\/a>. Venezuela.<\/li>\n<\/ol>\n\n\n\n<p>6. Evento del a\u00f1o.<\/p>\n\n\n\n<ol class=\"wp-block-list\">\n<li><a href=\"https:\/\/ich.unesco.org\/es\/RL\/el-carnaval-de-negros-y-blancos-00287\" target=\"_blank\" rel=\"noreferrer noopener\">Carnaval de Negros y Blancos de Pasto.<\/a> Colombia.<\/li>\n\n\n\n<li><a href=\"https:\/\/edt.uy\/\" target=\"_blank\" rel=\"noreferrer noopener\">Expo Destinos do Uruguay<\/a>. Uruguay.<\/li>\n\n\n\n<li><a href=\"https:\/\/www.festivalcamposdojordao.org.br\/\" target=\"_blank\" rel=\"noreferrer noopener\">Festival de Inverno de Campos do Jord\u00e3o<\/a>. Brasil.<\/li>\n\n\n\n<li><a href=\"https:\/\/fiestadelponcho.gob.ar\/\" target=\"_blank\" rel=\"noreferrer noopener\">Fiesta Nacional e Internacional del Poncho<\/a>. Argentina.<\/li>\n\n\n\n<li><a href=\"https:\/\/www.instagram.com\/forumturismoresponsavel?igsh=cjcxcWJidnZ4a3li\" target=\"_blank\" rel=\"noreferrer noopener\">Forum Brasileiro de Turismo respons\u00e1vel<\/a>. Brasil.<\/li>\n\n\n\n<li><a href=\"https:\/\/www.periodismoturistico.org\/post\/cuenca-acogi%C3%B3-el-i-congreso-internacional-el-otro-turismo-leyendas-y-misterios-y-anuncia-su-sede\" target=\"_blank\" rel=\"noreferrer noopener\">Primer Congreso El Otro Turismo: Leyendas y Misterios<\/a>. Ecuador.<\/li>\n\n\n\n<li><a href=\"https:\/\/g1.globo.com\/pb\/paraiba\/noticia\/2025\/06\/30\/rota-cultural-caminhos-do-frio-tem-inicio-nesta-segunda-feira-30-em-areia-veja-programacao.ghtml\" target=\"_blank\" rel=\"noreferrer noopener\">Rota Cultural Caminhos do Frio, Para\u00edba<\/a>. Brasil.<\/li>\n\n\n\n<li><a href=\"https:\/\/www.rosario.gob.ar\/inicio\/tricentenario\" target=\"_blank\" rel=\"noreferrer noopener\">Tricentenario Rosario<\/a>. Argentina.<\/li>\n<\/ol>\n\n\n\n<p>7. Mejor propuesta tur\u00edstica.<\/p>\n\n\n\n<ol class=\"wp-block-list\">\n<li><a href=\"https:\/\/www.instagram.com\/turismo.curtacaxias\/?hl=es\" target=\"_blank\" rel=\"noreferrer noopener\">Curta Caxias<\/a>. Brasil.<\/li>\n\n\n\n<li><a href=\"http:\/\/ecoplore.com\/\" target=\"_blank\" rel=\"noreferrer noopener\">Ecoplore.com<\/a>. Prerna Prasad. India.<\/li>\n\n\n\n<li><a href=\"https:\/\/www.notyouraverageamerican.es\/fiestas-de-quito\/?utm_source=chatgpt.com\" target=\"_blank\" rel=\"noreferrer noopener\">Fiestas de Quito<\/a>. Ecuador.<\/li>\n\n\n\n<li><a href=\"https:\/\/www.elheraldo.com.ar\/noticias\/cultura\/historia-del-turismo-de-entre-rios-jorge-mario-medina-magdalena-pandiani\" target=\"_blank\" rel=\"noreferrer noopener\">Historia del Turismo de Entre R\u00edos.<\/a> Jorge Mario Medina. Argentina.<\/li>\n\n\n\n<li><a href=\"https:\/\/elcierredigital.com\/cultura\/periodista-kris-ubach-nos-lleva-al-sur-italia-su-nuevo-libro-napoles-fuego-del-mediterraneo\" target=\"_blank\" rel=\"noreferrer noopener\">N\u00e1poles, el fuego del Mediterr\u00e1neo<\/a>. Kris Ubach. Espa\u00f1a.<\/li>\n\n\n\n<li><a href=\"https:\/\/www.youtube.com\/watch?v=643Q8kG0SBU\" target=\"_blank\" rel=\"noreferrer noopener\">Podcast Apuntes y Viajes<\/a>. Chile.<\/li>\n\n\n\n<li>Terrazul Expediciones. Argentina.<\/li>\n\n\n\n<li><a href=\"https:\/\/www.facebook.com\/transandona\/?locale=es_LA\" target=\"_blank\" rel=\"noreferrer noopener\">Transsandona<\/a>. Colombia.<\/li>\n<\/ol>\n\n\n\n<p>8. Destinos emergentes.<\/p>\n\n\n\n<ol class=\"wp-block-list\">\n<li>Buga. Colombia.<\/li>\n\n\n\n<li>Candelaria. Colombia.<\/li>\n\n\n\n<li>Nari\u00f1o. Colombia.<\/li>\n\n\n\n<li>Popay\u00e1n. Colombia.<\/li>\n\n\n\n<li>Riofr\u00edo. Colombia.<\/li>\n\n\n\n<li>Ruta Macondo del Gran Caribe Colombiano.<\/li>\n\n\n\n<li>Trujillo. Colombia.<\/li>\n<\/ol>\n\n\n\n<p>Personas:<\/p>\n\n\n\n<p>9. Emprendedores tur\u00edsticos comprometidos.<\/p>\n\n\n\n<ol class=\"wp-block-list\">\n<li><a href=\"https:\/\/www.instagram.com\/copaairlines?igsh=MTJkcnUwbWY0bWE0bQ==\">Copa Airlines<\/a>. Panam\u00e1.<\/li>\n\n\n\n<li><a href=\"https:\/\/www.notyouraverageamerican.es\/machica-the-next-andean-superfood\/\" target=\"_blank\" rel=\"noreferrer noopener\">Freddy Molina<\/a>. Ecuador.<\/li>\n\n\n\n<li><a href=\"https:\/\/www.instagram.com\/cuerdasrd\/?hl=es\" target=\"_blank\" rel=\"noreferrer noopener\">Giordano De Pe\u00f1a Crespo<\/a>. Rep\u00fablica Dominicana.<\/li>\n\n\n\n<li><a href=\"https:\/\/www.instagram.com\/morada_dulce_cana\/?hl=es\" target=\"_blank\" rel=\"noreferrer noopener\">Morada Dulce de Ca\u00f1a<\/a>. Colombia.<\/li>\n<\/ol>\n\n\n\n<p>10. Trabajo en equipo.<\/p>\n\n\n\n<ol class=\"wp-block-list\">\n<li><a href=\"https:\/\/www.instagram.com\/p\/DAR4zkVSrJG\/\" target=\"_blank\" rel=\"noreferrer noopener\">Caf\u00e9 Jeri, Jericoacoara, Cear\u00e1<\/a>. Brasil.<\/li>\n\n\n\n<li><a href=\"https:\/\/www.instagram.com\/laslajas_travel\/?hl=es\" target=\"_blank\" rel=\"noreferrer noopener\">Las Lajas Travel<\/a>. Colombia.<\/li>\n\n\n\n<li><a href=\"https:\/\/www.google.com\/search?q=Secretar%C3%ADa+Municipal+de+Turismo+y+Desenvolvimiento+Econ%C3%B3mico+de+Caxias+do+Sul&amp;oq=Secretar%C3%ADa+Municipal+de+Turismo+y+Desenvolvimiento+Econ%C3%B3mico+de+Caxias+do+Sul&amp;gs_lcrp=EgZjaHJvbWUyBggAEEUYOdIBBzMyMWowajSoAgCwAgA&amp;sourceid=chrome&amp;ie=UTF-8\" target=\"_blank\" rel=\"noreferrer noopener\">Secretar\u00eda Municipal de Turismo y Desenvolvimiento Econ\u00f3mico de Caxias do Sul<\/a>. Brasil<\/li>\n\n\n\n<li><a href=\"https:\/\/www.lagomera.es\/area\/turismo\/\" target=\"_blank\" rel=\"noreferrer noopener\">Turismo de la Gomera<\/a>. Espa\u00f1a.<\/li>\n<\/ol>\n\n\n\n<p>11. Organismo colaborador.<\/p>\n\n\n\n<ol class=\"wp-block-list\">\n<li><a href=\"https:\/\/caxiaseventos.org.br\/quem-somos\" target=\"_blank\" rel=\"noreferrer noopener\">Caxias Convention &amp; Visitors Bureau<\/a>. Brasil.<\/li>\n\n\n\n<li><a href=\"https:\/\/www.instagram.com\/nogalsuite\/?hl=es-la\" target=\"_blank\" rel=\"noreferrer noopener\">Hotel Nogal Suite<\/a>. Colombia.<\/li>\n\n\n\n<li><a href=\"https:\/\/www.iberoatur.org\/\" target=\"_blank\" rel=\"noreferrer noopener\">Instituto Iberoamericano de Turismo Rural-IBEROATUR<\/a>. Espa\u00f1a.<\/li>\n\n\n\n<li><a href=\"https:\/\/www.panrotas.com.br\/mercado\/feiras\/2025\/10\/jericoacora-agora-tem-nucleo-de-pesquisa-e-desenvolvimento-do-turismo_222411.html\" target=\"_blank\" rel=\"noreferrer noopener\">Secretaria de Turismo de Jijoca de Jericoacoara, Cear\u00e1<\/a>. Brasil.<\/li>\n\n\n\n<li>Promtur. Panam\u00e1.<\/li>\n<\/ol>\n\n\n\n<p>12. A la trayectoria.<\/p>\n\n\n\n<ol class=\"wp-block-list\">\n<li><a href=\"https:\/\/www.instagram.com\/albertopiernas\" target=\"_blank\" rel=\"noreferrer noopener\">Alberto Piernas Medina<\/a>. Espa\u00f1a.<\/li>\n\n\n\n<li><a href=\"https:\/\/www.facebook.com\/annikammueller?mibextid=wwXIfr&amp;rdid=TwnlkBF2I4LtZZrX&amp;share_url=https%3A%2F%2Fwww.facebook.com%2Fshare%2F17Cj84vp4t%2F%3Fmibextid%3DwwXIfr\" target=\"_blank\" rel=\"noreferrer noopener\">Annika M\u00fcller<\/a>. Alemania.<\/li>\n\n\n\n<li><a href=\"https:\/\/sampi.net.br\/ovale\/noticias\/632190\/jose-luiz\/2020\/02\/novidade-na-cozinha-da-montanha\" target=\"_blank\" rel=\"noreferrer noopener\">Carmola C\u00e2ndido<\/a>. Brasil.<\/li>\n\n\n\n<li><a href=\"https:\/\/heraldodemexico.com.mx\/autor\/chary-cambero.html\" target=\"_blank\" rel=\"noreferrer noopener\">Chary Cambero<\/a>. M\u00e9xico.<\/li>\n\n\n\n<li><a href=\"https:\/\/do.linkedin.com\/in\/daniel-antonio-mercado-burgos-2a575a2a\" target=\"_blank\" rel=\"noreferrer noopener\">Daniel Mercado Burgos<\/a>. Rep\u00fablica Dominicana.<\/li>\n\n\n\n<li><a href=\"https:\/\/losnoticieristas.com\/sinaloa\/2025\/09\/con-llamado-a-la-transformacion-social-celebran-en-mazatlan-sinaloa-33-anos-de-la-escuela-de-turismo-de-la-uas-893416\/\" target=\"_blank\" rel=\"noreferrer noopener\">Escuela de turismo UAS<\/a>. M\u00e9xico.<\/li>\n\n\n\n<li><a href=\"https:\/\/www.instagram.com\/periodistan1\" target=\"_blank\" rel=\"noreferrer noopener\">Fernando Duclos<\/a>. Argentina.<\/li>\n\n\n\n<li><a href=\"https:\/\/angeldelturismo.com\/\" target=\"_blank\" rel=\"noreferrer noopener\">Fidel Ovando<\/a>. M\u00e9xico.<\/li>\n\n\n\n<li><a href=\"http:\/\/instagram.com\/sloveniantraveller\/\" target=\"_blank\" rel=\"noreferrer noopener\">Igor Fabjan<\/a>. Eslovenia.<\/li>\n\n\n\n<li><a href=\"https:\/\/www.instagram.com\/khaledhallar?igsh=MTdwdTV1MG5odzV5NQ\" target=\"_blank\" rel=\"noreferrer noopener\">Khaled Hallar<\/a>. Argentina.<\/li>\n\n\n\n<li><a href=\"https:\/\/www.debate.com.mx\/staff\/lupita.gamez\" target=\"_blank\" rel=\"noreferrer noopener\">Lupita G\u00e1mez<\/a>. M\u00e9xico.<\/li>\n\n\n\n<li><a href=\"https:\/\/foodandtravel.mx\/author\/michelle-hidalgo\/page\/2\/\" target=\"_blank\" rel=\"noreferrer noopener\">Michelle Delgado<\/a>. M\u00e9xico.<\/li>\n\n\n\n<li><a href=\"https:\/\/www.facebook.com\/pensarbonitoproductora\/posts\/do%C3%B1a-orfa-marina-ascuntar-si-que-piensa-bonitoemana-de-la-tierra-la-tranquilidad\/1512828392082496\/\" target=\"_blank\" rel=\"noreferrer noopener\">Orfa Marina Ascuntar<\/a>. Colombia.<\/li>\n\n\n\n<li><a href=\"https:\/\/www.pata.org\/\" target=\"_blank\" rel=\"noreferrer noopener\">Pacific Asia Travel Association<\/a>. Tailandia.<\/li>\n\n\n\n<li><a href=\"https:\/\/www.elnuevodia.com\/autor\/raisa-rivas-espanol\/\" target=\"_blank\" rel=\"noreferrer noopener\">Raisa Rivas Espa\u00f1ol<\/a>. Puerto Rico.<\/li>\n\n\n\n<li><a href=\"https:\/\/substack.com\/@sarahstodola\" target=\"_blank\" rel=\"noreferrer noopener\">Sarah Stodola<\/a>. Estados Unidos.<\/li>\n\n\n\n<li><a href=\"https:\/\/www.instagram.com\/yoelvzla?igsh=MWFyMDBxbmk1c3Zzdg\" target=\"_blank\" rel=\"noreferrer noopener\">Yoel Diaz<\/a>. Venezuela.<\/li>\n<\/ol>\n\n\n\n<p>13. Fotograf\u00eda con prop\u00f3sito.<\/p>\n\n\n\n<ol class=\"wp-block-list\">\n<li><a href=\"https:\/\/aldiaporjosealfredomercado.blogspot.com\/2025\/09\/cabarete-paraiso-de-surfistas-en-el.html\" target=\"_blank\" rel=\"noreferrer noopener\">Cabarete: Para\u00edso de Surfistas en el Caribe<\/a>. Jos\u00e9 Mercado Hern\u00e1ndez. Rep\u00fablica Dominicana.<\/li>\n\n\n\n<li><a href=\"https:\/\/drive.google.com\/file\/d\/1MPSgQsFmt-4_jaloshS_bb7rgrHb0XsO\/view?usp=drivesdk\" target=\"_blank\" rel=\"noreferrer noopener\">Entre el cielo y la tierra<\/a>. Cristian Carvajal. Chile.<\/li>\n\n\n\n<li><a href=\"https:\/\/cuadernodeviaje.com.mx\/triptico-de-dia-de-muertos\/\" target=\"_blank\" rel=\"noreferrer noopener\">Tr\u00edptico de D\u00eda de Muertos. <\/a>Aleks G. Camacho. M\u00e9xico.<\/li>\n\n\n\n<li><a href=\"https:\/\/drive.google.com\/file\/d\/12NSyzbhLTl-cCFsRf0g0c7ZQFyXYYAB9\/view?usp=sharing\" target=\"_blank\" rel=\"noreferrer noopener\">Valle de la Luna<\/a>. Queipo Guti\u00e9rrez. Panam\u00e1.<\/li>\n<\/ol>\n\n\n\n<p>14. Video con impacto social.<\/p>\n\n\n\n<ol class=\"wp-block-list\">\n<li><a href=\"https:\/\/www.youtube.com\/watch?v=p3G0G5_OS7g\" target=\"_blank\" rel=\"noreferrer noopener\">CAIGUA : Entre Arepas, Patrimonio y Gente \u00danica<\/a>. Genaro Rivas. Venezuela.<\/li>\n\n\n\n<li><a href=\"https:\/\/www.youtube.com\/watch?v=sRcektZglHk\" target=\"_blank\" rel=\"noreferrer noopener\">Caxias 2025<\/a>. Viva Misiones. Argentina.<\/li>\n\n\n\n<li><a href=\"http:\/\/youtube.com\/watch?si=LygDolNjZrTV0yh0&amp;v=h12IPSsLQkI&amp;feature=youtu.be\" target=\"_blank\" rel=\"noreferrer noopener\">En la Esperanza, Intibuc\u00e1: Disfrutando del Festival del Choro y del Vino<\/a>. Manuel Enrique Menj\u00edvar Flores. Honduras.<\/li>\n\n\n\n<li><a href=\"https:\/\/www.facebook.com\/reel\/684648881374137\" target=\"_blank\" rel=\"noreferrer noopener\">Independencia de Cartagena de Indias<\/a>. Hern\u00e1n Ortiz. Colombia.<\/li>\n<\/ol>\n\n\n\n<p>15. Contenido original en redes sociales.<\/p>\n\n\n\n<ol class=\"wp-block-list\">\n<li><a href=\"https:\/\/www.instagram.com\/p\/DQ40kQBj8xV\/?img_index=2&amp;igsh=NzIyNGdmaGpzdHE5\" target=\"_blank\" rel=\"noreferrer noopener\">Jap\u00f3n est\u00e1 l\u00edmite<\/a>. Joseba. Espa\u00f1a.<\/li>\n\n\n\n<li><a href=\"https:\/\/www.instagram.com\/\" target=\"_blank\" rel=\"noreferrer noopener\">Qu\u00e9date en C\u00facuta&#8230;<\/a> Audrey Dayana Salcedo S\u00e1nchez y Edwin Camargo Guerrero. Colombia.<\/li>\n\n\n\n<li><a href=\"https:\/\/vm.tiktok.com\/ZMAqBEUDJ\/\" target=\"_blank\" rel=\"noreferrer noopener\">Te Invito a conocer San Cristobal &#8211; Tachira, Venezuela conocida tambi\u00e9n como la ciudad Cordial<\/a>. Yovanny Valero. Venezuela.<\/li>\n\n\n\n<li><a href=\"https:\/\/www.instagram.com\/reel\/DLiz43MP8zP\/?igsh=eXRsOWNhdDN1MzZ0\" target=\"_blank\" rel=\"noreferrer noopener\">Trem da Rep\u00fablica, de Salto a Itu<\/a>. Ziomar Santos. Brasil.<\/li>\n\n\n\n<li><a href=\"https:\/\/www.instagram.com\/p\/DQXFalTgB6y\/?igsh=dWFwMDVzbmVyOW1m\" target=\"_blank\" rel=\"noreferrer noopener\">Turismo del silencio<\/a>. Jengibre. Chile.<\/li>\n<\/ol>\n\n\n\n<ol class=\"wp-block-list\">\n<li>Gran Premio Pasaporte Abierto (Lo puede ganar cualquiera de los nominados).<\/li>\n<\/ol>\n\n\n\n<p><br>Galer\u00eda de Honor de los L\u00edderes en Turismo.<\/p>\n\n\n\n<p><br>Galer\u00eda de Honor del Periodismo Tur\u00edstico.<\/p>\n","protected":false},"excerpt":{"rendered":"<p>Modoviajeok.com.ar, el sitio cordob\u00e9s dedicado al turismo, fue nominado en el rubro Medio Especializado en turismo destacado para competir en los premios Pasaporte Abierto 2026 que organiza la Organizaci\u00f3n Mundial de Periodismo Tur\u00edstico y que este a\u00f1o se entregar\u00e1n el 30 de enero en Panam\u00e1. Mariana Otero y Pepe Segura, editores del sitio, tambi\u00e9n fueron [&hellip;]<\/p>\n","protected":false},"author":3,"featured_media":6722,"comment_status":"open","ping_status":"open","sticky":false,"template":"","format":"standard","meta":{"_acf_changed":false,"footnotes":""},"categories":[2,9,10,12],"tags":[1444,147,1265],"class_list":{"0":"post-6720","1":"post","2":"type-post","3":"status-publish","4":"format-standard","5":"has-post-thumbnail","7":"category-destacadas","8":"category-mundo","9":"category-noticias","10":"category-novedades","11":"tag-modoviajeok","12":"tag-ompt","13":"tag-panama"},"acf":[],"yoast_head":"<!-- This site is optimized with the Yoast SEO plugin v24.8.1 - https:\/\/yoast.com\/wordpress\/plugins\/seo\/ -->\n<title>Premio Pasaporte Abierto: ModoviajeOK y sus editores reciben 4 nominaciones -<\/title>\n<meta name=\"description\" content=\"Mariana Otero y Pepe Segura, editores del sitio, tambi\u00e9n fueron nominados por sendas notas period\u00edsticas. Otero por: \u201cValle del Cauca: mosaico de incre\u00edbles ecosistemas\u201d y \u201cColombia: donde se rumbea al ritmo del caf\u00e9\u201d y Segura por: \u201c53 playas, ballenas y un mar que cautiva: El ADN de San Sebasti\u00e1n, el para\u00edso paulista\u201d\" \/>\n<meta name=\"robots\" content=\"index, follow, max-snippet:-1, max-image-preview:large, max-video-preview:-1\" \/>\n<link rel=\"canonical\" href=\"https:\/\/modoviajeok.com.ar\/index.php\/2026\/01\/28\/modoviajeok-com-ar-nominado-al-premio-pasaporte-abierto\/\" \/>\n<meta property=\"og:locale\" content=\"es_ES\" \/>\n<meta property=\"og:type\" content=\"article\" \/>\n<meta property=\"og:title\" content=\"Premio Pasaporte Abierto: ModoviajeOK y sus editores reciben 4 nominaciones -\" \/>\n<meta property=\"og:description\" content=\"Mariana Otero y Pepe Segura, editores del sitio, tambi\u00e9n fueron nominados por sendas notas period\u00edsticas. Otero por: \u201cValle del Cauca: mosaico de incre\u00edbles ecosistemas\u201d y \u201cColombia: donde se rumbea al ritmo del caf\u00e9\u201d y Segura por: \u201c53 playas, ballenas y un mar que cautiva: El ADN de San Sebasti\u00e1n, el para\u00edso paulista\u201d\" \/>\n<meta property=\"og:url\" content=\"https:\/\/modoviajeok.com.ar\/index.php\/2026\/01\/28\/modoviajeok-com-ar-nominado-al-premio-pasaporte-abierto\/\" \/>\n<meta property=\"article:publisher\" content=\"https:\/\/www.facebook.com\/mariana.otero1\/\" \/>\n<meta property=\"article:published_time\" content=\"2026-01-28T17:57:00+00:00\" \/>\n<meta property=\"og:image\" content=\"https:\/\/modoviajeok.com.ar\/wp-content\/uploads\/2025\/12\/WhatsApp-Image-2025-12-08-at-14.46.59.jpeg\" \/>\n\t<meta property=\"og:image:width\" content=\"732\" \/>\n\t<meta property=\"og:image:height\" content=\"1280\" \/>\n\t<meta property=\"og:image:type\" content=\"image\/jpeg\" \/>\n<meta name=\"author\" content=\"Pepe Segura\" \/>\n<meta name=\"twitter:card\" content=\"summary_large_image\" \/>\n<meta name=\"twitter:label1\" content=\"Escrito por\" \/>\n\t<meta name=\"twitter:data1\" content=\"Pepe Segura\" \/>\n\t<meta name=\"twitter:label2\" content=\"Tiempo de lectura\" \/>\n\t<meta name=\"twitter:data2\" content=\"6 minutos\" \/>\n<script type=\"application\/ld+json\" class=\"yoast-schema-graph\">{\"@context\":\"https:\/\/schema.org\",\"@graph\":[{\"@type\":\"Article\",\"@id\":\"https:\/\/modoviajeok.com.ar\/index.php\/2026\/01\/28\/modoviajeok-com-ar-nominado-al-premio-pasaporte-abierto\/#article\",\"isPartOf\":{\"@id\":\"https:\/\/modoviajeok.com.ar\/index.php\/2026\/01\/28\/modoviajeok-com-ar-nominado-al-premio-pasaporte-abierto\/\"},\"author\":{\"name\":\"Pepe Segura\",\"@id\":\"https:\/\/modoviajeok.com.ar\/#\/schema\/person\/2e299ed0d3d412a01d244fe28260d7f5\"},\"headline\":\"Premio Pasaporte Abierto: ModoviajeOK y sus editores reciben 4 nominaciones\",\"datePublished\":\"2026-01-28T17:57:00+00:00\",\"mainEntityOfPage\":{\"@id\":\"https:\/\/modoviajeok.com.ar\/index.php\/2026\/01\/28\/modoviajeok-com-ar-nominado-al-premio-pasaporte-abierto\/\"},\"wordCount\":1211,\"commentCount\":0,\"publisher\":{\"@id\":\"https:\/\/modoviajeok.com.ar\/#organization\"},\"image\":{\"@id\":\"https:\/\/modoviajeok.com.ar\/index.php\/2026\/01\/28\/modoviajeok-com-ar-nominado-al-premio-pasaporte-abierto\/#primaryimage\"},\"thumbnailUrl\":\"https:\/\/modoviajeok.com.ar\/wp-content\/uploads\/2025\/12\/WhatsApp-Image-2025-12-08-at-14.46.59.jpeg\",\"keywords\":[\"modoviajeok\",\"ompt\",\"panama\"],\"articleSection\":[\"Destacadas\",\"Mundo\",\"Noticias\",\"Novedades\"],\"inLanguage\":\"es\",\"potentialAction\":[{\"@type\":\"CommentAction\",\"name\":\"Comment\",\"target\":[\"https:\/\/modoviajeok.com.ar\/index.php\/2026\/01\/28\/modoviajeok-com-ar-nominado-al-premio-pasaporte-abierto\/#respond\"]}]},{\"@type\":\"WebPage\",\"@id\":\"https:\/\/modoviajeok.com.ar\/index.php\/2026\/01\/28\/modoviajeok-com-ar-nominado-al-premio-pasaporte-abierto\/\",\"url\":\"https:\/\/modoviajeok.com.ar\/index.php\/2026\/01\/28\/modoviajeok-com-ar-nominado-al-premio-pasaporte-abierto\/\",\"name\":\"Premio Pasaporte Abierto: ModoviajeOK y sus editores reciben 4 nominaciones -\",\"isPartOf\":{\"@id\":\"https:\/\/modoviajeok.com.ar\/#website\"},\"primaryImageOfPage\":{\"@id\":\"https:\/\/modoviajeok.com.ar\/index.php\/2026\/01\/28\/modoviajeok-com-ar-nominado-al-premio-pasaporte-abierto\/#primaryimage\"},\"image\":{\"@id\":\"https:\/\/modoviajeok.com.ar\/index.php\/2026\/01\/28\/modoviajeok-com-ar-nominado-al-premio-pasaporte-abierto\/#primaryimage\"},\"thumbnailUrl\":\"https:\/\/modoviajeok.com.ar\/wp-content\/uploads\/2025\/12\/WhatsApp-Image-2025-12-08-at-14.46.59.jpeg\",\"datePublished\":\"2026-01-28T17:57:00+00:00\",\"description\":\"Mariana Otero y Pepe Segura, editores del sitio, tambi\u00e9n fueron nominados por sendas notas period\u00edsticas. Otero por: \u201cValle del Cauca: mosaico de incre\u00edbles ecosistemas\u201d y \u201cColombia: donde se rumbea al ritmo del caf\u00e9\u201d y Segura por: \u201c53 playas, ballenas y un mar que cautiva: El ADN de San Sebasti\u00e1n, el para\u00edso paulista\u201d\",\"breadcrumb\":{\"@id\":\"https:\/\/modoviajeok.com.ar\/index.php\/2026\/01\/28\/modoviajeok-com-ar-nominado-al-premio-pasaporte-abierto\/#breadcrumb\"},\"inLanguage\":\"es\",\"potentialAction\":[{\"@type\":\"ReadAction\",\"target\":[\"https:\/\/modoviajeok.com.ar\/index.php\/2026\/01\/28\/modoviajeok-com-ar-nominado-al-premio-pasaporte-abierto\/\"]}]},{\"@type\":\"ImageObject\",\"inLanguage\":\"es\",\"@id\":\"https:\/\/modoviajeok.com.ar\/index.php\/2026\/01\/28\/modoviajeok-com-ar-nominado-al-premio-pasaporte-abierto\/#primaryimage\",\"url\":\"https:\/\/modoviajeok.com.ar\/wp-content\/uploads\/2025\/12\/WhatsApp-Image-2025-12-08-at-14.46.59.jpeg\",\"contentUrl\":\"https:\/\/modoviajeok.com.ar\/wp-content\/uploads\/2025\/12\/WhatsApp-Image-2025-12-08-at-14.46.59.jpeg\",\"width\":732,\"height\":1280},{\"@type\":\"BreadcrumbList\",\"@id\":\"https:\/\/modoviajeok.com.ar\/index.php\/2026\/01\/28\/modoviajeok-com-ar-nominado-al-premio-pasaporte-abierto\/#breadcrumb\",\"itemListElement\":[{\"@type\":\"ListItem\",\"position\":1,\"name\":\"Portada\",\"item\":\"https:\/\/modoviajeok.com.ar\/\"},{\"@type\":\"ListItem\",\"position\":2,\"name\":\"Premio Pasaporte Abierto: ModoviajeOK y sus editores reciben 4 nominaciones\"}]},{\"@type\":\"WebSite\",\"@id\":\"https:\/\/modoviajeok.com.ar\/#website\",\"url\":\"https:\/\/modoviajeok.com.ar\/\",\"name\":\"ModoViajeOK\",\"description\":\"\",\"publisher\":{\"@id\":\"https:\/\/modoviajeok.com.ar\/#organization\"},\"potentialAction\":[{\"@type\":\"SearchAction\",\"target\":{\"@type\":\"EntryPoint\",\"urlTemplate\":\"https:\/\/modoviajeok.com.ar\/?s={search_term_string}\"},\"query-input\":{\"@type\":\"PropertyValueSpecification\",\"valueRequired\":true,\"valueName\":\"search_term_string\"}}],\"inLanguage\":\"es\"},{\"@type\":\"Organization\",\"@id\":\"https:\/\/modoviajeok.com.ar\/#organization\",\"name\":\"ModoViajeOK\",\"url\":\"https:\/\/modoviajeok.com.ar\/\",\"logo\":{\"@type\":\"ImageObject\",\"inLanguage\":\"es\",\"@id\":\"https:\/\/modoviajeok.com.ar\/#\/schema\/logo\/image\/\",\"url\":\"https:\/\/modoviajeok.com.ar\/wp-content\/uploads\/2025\/01\/Logo-modoviajeok.png\",\"contentUrl\":\"https:\/\/modoviajeok.com.ar\/wp-content\/uploads\/2025\/01\/Logo-modoviajeok.png\",\"width\":2938,\"height\":2276,\"caption\":\"ModoViajeOK\"},\"image\":{\"@id\":\"https:\/\/modoviajeok.com.ar\/#\/schema\/logo\/image\/\"},\"sameAs\":[\"https:\/\/www.facebook.com\/mariana.otero1\/\",\"https:\/\/www.instagram.com\/modoviaje.ok\/\"]},{\"@type\":\"Person\",\"@id\":\"https:\/\/modoviajeok.com.ar\/#\/schema\/person\/2e299ed0d3d412a01d244fe28260d7f5\",\"name\":\"Pepe Segura\",\"image\":{\"@type\":\"ImageObject\",\"inLanguage\":\"es\",\"@id\":\"https:\/\/modoviajeok.com.ar\/#\/schema\/person\/image\/\",\"url\":\"https:\/\/secure.gravatar.com\/avatar\/65eb4b34deed761327f5b2c5535b987318ae807900ac46426de7258f5de6d345?s=96&d=mm&r=g\",\"contentUrl\":\"https:\/\/secure.gravatar.com\/avatar\/65eb4b34deed761327f5b2c5535b987318ae807900ac46426de7258f5de6d345?s=96&d=mm&r=g\",\"caption\":\"Pepe Segura\"},\"url\":\"https:\/\/modoviajeok.com.ar\/index.php\/author\/pepe2025\/\"}]}<\/script>\n<!-- \/ Yoast SEO plugin. -->","yoast_head_json":{"title":"Premio Pasaporte Abierto: ModoviajeOK y sus editores reciben 4 nominaciones -","description":"Mariana Otero y Pepe Segura, editores del sitio, tambi\u00e9n fueron nominados por sendas notas period\u00edsticas. Otero por: \u201cValle del Cauca: mosaico de incre\u00edbles ecosistemas\u201d y \u201cColombia: donde se rumbea al ritmo del caf\u00e9\u201d y Segura por: \u201c53 playas, ballenas y un mar que cautiva: El ADN de San Sebasti\u00e1n, el para\u00edso paulista\u201d","robots":{"index":"index","follow":"follow","max-snippet":"max-snippet:-1","max-image-preview":"max-image-preview:large","max-video-preview":"max-video-preview:-1"},"canonical":"https:\/\/modoviajeok.com.ar\/index.php\/2026\/01\/28\/modoviajeok-com-ar-nominado-al-premio-pasaporte-abierto\/","og_locale":"es_ES","og_type":"article","og_title":"Premio Pasaporte Abierto: ModoviajeOK y sus editores reciben 4 nominaciones -","og_description":"Mariana Otero y Pepe Segura, editores del sitio, tambi\u00e9n fueron nominados por sendas notas period\u00edsticas. Otero por: \u201cValle del Cauca: mosaico de incre\u00edbles ecosistemas\u201d y \u201cColombia: donde se rumbea al ritmo del caf\u00e9\u201d y Segura por: \u201c53 playas, ballenas y un mar que cautiva: El ADN de San Sebasti\u00e1n, el para\u00edso paulista\u201d","og_url":"https:\/\/modoviajeok.com.ar\/index.php\/2026\/01\/28\/modoviajeok-com-ar-nominado-al-premio-pasaporte-abierto\/","article_publisher":"https:\/\/www.facebook.com\/mariana.otero1\/","article_published_time":"2026-01-28T17:57:00+00:00","og_image":[{"width":732,"height":1280,"url":"https:\/\/modoviajeok.com.ar\/wp-content\/uploads\/2025\/12\/WhatsApp-Image-2025-12-08-at-14.46.59.jpeg","type":"image\/jpeg"}],"author":"Pepe Segura","twitter_card":"summary_large_image","twitter_misc":{"Escrito por":"Pepe Segura","Tiempo de lectura":"6 minutos"},"schema":{"@context":"https:\/\/schema.org","@graph":[{"@type":"Article","@id":"https:\/\/modoviajeok.com.ar\/index.php\/2026\/01\/28\/modoviajeok-com-ar-nominado-al-premio-pasaporte-abierto\/#article","isPartOf":{"@id":"https:\/\/modoviajeok.com.ar\/index.php\/2026\/01\/28\/modoviajeok-com-ar-nominado-al-premio-pasaporte-abierto\/"},"author":{"name":"Pepe Segura","@id":"https:\/\/modoviajeok.com.ar\/#\/schema\/person\/2e299ed0d3d412a01d244fe28260d7f5"},"headline":"Premio Pasaporte Abierto: ModoviajeOK y sus editores reciben 4 nominaciones","datePublished":"2026-01-28T17:57:00+00:00","mainEntityOfPage":{"@id":"https:\/\/modoviajeok.com.ar\/index.php\/2026\/01\/28\/modoviajeok-com-ar-nominado-al-premio-pasaporte-abierto\/"},"wordCount":1211,"commentCount":0,"publisher":{"@id":"https:\/\/modoviajeok.com.ar\/#organization"},"image":{"@id":"https:\/\/modoviajeok.com.ar\/index.php\/2026\/01\/28\/modoviajeok-com-ar-nominado-al-premio-pasaporte-abierto\/#primaryimage"},"thumbnailUrl":"https:\/\/modoviajeok.com.ar\/wp-content\/uploads\/2025\/12\/WhatsApp-Image-2025-12-08-at-14.46.59.jpeg","keywords":["modoviajeok","ompt","panama"],"articleSection":["Destacadas","Mundo","Noticias","Novedades"],"inLanguage":"es","potentialAction":[{"@type":"CommentAction","name":"Comment","target":["https:\/\/modoviajeok.com.ar\/index.php\/2026\/01\/28\/modoviajeok-com-ar-nominado-al-premio-pasaporte-abierto\/#respond"]}]},{"@type":"WebPage","@id":"https:\/\/modoviajeok.com.ar\/index.php\/2026\/01\/28\/modoviajeok-com-ar-nominado-al-premio-pasaporte-abierto\/","url":"https:\/\/modoviajeok.com.ar\/index.php\/2026\/01\/28\/modoviajeok-com-ar-nominado-al-premio-pasaporte-abierto\/","name":"Premio Pasaporte Abierto: ModoviajeOK y sus editores reciben 4 nominaciones -","isPartOf":{"@id":"https:\/\/modoviajeok.com.ar\/#website"},"primaryImageOfPage":{"@id":"https:\/\/modoviajeok.com.ar\/index.php\/2026\/01\/28\/modoviajeok-com-ar-nominado-al-premio-pasaporte-abierto\/#primaryimage"},"image":{"@id":"https:\/\/modoviajeok.com.ar\/index.php\/2026\/01\/28\/modoviajeok-com-ar-nominado-al-premio-pasaporte-abierto\/#primaryimage"},"thumbnailUrl":"https:\/\/modoviajeok.com.ar\/wp-content\/uploads\/2025\/12\/WhatsApp-Image-2025-12-08-at-14.46.59.jpeg","datePublished":"2026-01-28T17:57:00+00:00","description":"Mariana Otero y Pepe Segura, editores del sitio, tambi\u00e9n fueron nominados por sendas notas period\u00edsticas. Otero por: \u201cValle del Cauca: mosaico de incre\u00edbles ecosistemas\u201d y \u201cColombia: donde se rumbea al ritmo del caf\u00e9\u201d y Segura por: \u201c53 playas, ballenas y un mar que cautiva: El ADN de San Sebasti\u00e1n, el para\u00edso paulista\u201d","breadcrumb":{"@id":"https:\/\/modoviajeok.com.ar\/index.php\/2026\/01\/28\/modoviajeok-com-ar-nominado-al-premio-pasaporte-abierto\/#breadcrumb"},"inLanguage":"es","potentialAction":[{"@type":"ReadAction","target":["https:\/\/modoviajeok.com.ar\/index.php\/2026\/01\/28\/modoviajeok-com-ar-nominado-al-premio-pasaporte-abierto\/"]}]},{"@type":"ImageObject","inLanguage":"es","@id":"https:\/\/modoviajeok.com.ar\/index.php\/2026\/01\/28\/modoviajeok-com-ar-nominado-al-premio-pasaporte-abierto\/#primaryimage","url":"https:\/\/modoviajeok.com.ar\/wp-content\/uploads\/2025\/12\/WhatsApp-Image-2025-12-08-at-14.46.59.jpeg","contentUrl":"https:\/\/modoviajeok.com.ar\/wp-content\/uploads\/2025\/12\/WhatsApp-Image-2025-12-08-at-14.46.59.jpeg","width":732,"height":1280},{"@type":"BreadcrumbList","@id":"https:\/\/modoviajeok.com.ar\/index.php\/2026\/01\/28\/modoviajeok-com-ar-nominado-al-premio-pasaporte-abierto\/#breadcrumb","itemListElement":[{"@type":"ListItem","position":1,"name":"Portada","item":"https:\/\/modoviajeok.com.ar\/"},{"@type":"ListItem","position":2,"name":"Premio Pasaporte Abierto: ModoviajeOK y sus editores reciben 4 nominaciones"}]},{"@type":"WebSite","@id":"https:\/\/modoviajeok.com.ar\/#website","url":"https:\/\/modoviajeok.com.ar\/","name":"ModoViajeOK","description":"","publisher":{"@id":"https:\/\/modoviajeok.com.ar\/#organization"},"potentialAction":[{"@type":"SearchAction","target":{"@type":"EntryPoint","urlTemplate":"https:\/\/modoviajeok.com.ar\/?s={search_term_string}"},"query-input":{"@type":"PropertyValueSpecification","valueRequired":true,"valueName":"search_term_string"}}],"inLanguage":"es"},{"@type":"Organization","@id":"https:\/\/modoviajeok.com.ar\/#organization","name":"ModoViajeOK","url":"https:\/\/modoviajeok.com.ar\/","logo":{"@type":"ImageObject","inLanguage":"es","@id":"https:\/\/modoviajeok.com.ar\/#\/schema\/logo\/image\/","url":"https:\/\/modoviajeok.com.ar\/wp-content\/uploads\/2025\/01\/Logo-modoviajeok.png","contentUrl":"https:\/\/modoviajeok.com.ar\/wp-content\/uploads\/2025\/01\/Logo-modoviajeok.png","width":2938,"height":2276,"caption":"ModoViajeOK"},"image":{"@id":"https:\/\/modoviajeok.com.ar\/#\/schema\/logo\/image\/"},"sameAs":["https:\/\/www.facebook.com\/mariana.otero1\/","https:\/\/www.instagram.com\/modoviaje.ok\/"]},{"@type":"Person","@id":"https:\/\/modoviajeok.com.ar\/#\/schema\/person\/2e299ed0d3d412a01d244fe28260d7f5","name":"Pepe Segura","image":{"@type":"ImageObject","inLanguage":"es","@id":"https:\/\/modoviajeok.com.ar\/#\/schema\/person\/image\/","url":"https:\/\/secure.gravatar.com\/avatar\/65eb4b34deed761327f5b2c5535b987318ae807900ac46426de7258f5de6d345?s=96&d=mm&r=g","contentUrl":"https:\/\/secure.gravatar.com\/avatar\/65eb4b34deed761327f5b2c5535b987318ae807900ac46426de7258f5de6d345?s=96&d=mm&r=g","caption":"Pepe Segura"},"url":"https:\/\/modoviajeok.com.ar\/index.php\/author\/pepe2025\/"}]}},"_links":{"self":[{"href":"https:\/\/modoviajeok.com.ar\/index.php\/wp-json\/wp\/v2\/posts\/6720","targetHints":{"allow":["GET"]}}],"collection":[{"href":"https:\/\/modoviajeok.com.ar\/index.php\/wp-json\/wp\/v2\/posts"}],"about":[{"href":"https:\/\/modoviajeok.com.ar\/index.php\/wp-json\/wp\/v2\/types\/post"}],"author":[{"embeddable":true,"href":"https:\/\/modoviajeok.com.ar\/index.php\/wp-json\/wp\/v2\/users\/3"}],"replies":[{"embeddable":true,"href":"https:\/\/modoviajeok.com.ar\/index.php\/wp-json\/wp\/v2\/comments?post=6720"}],"version-history":[{"count":5,"href":"https:\/\/modoviajeok.com.ar\/index.php\/wp-json\/wp\/v2\/posts\/6720\/revisions"}],"predecessor-version":[{"id":7268,"href":"https:\/\/modoviajeok.com.ar\/index.php\/wp-json\/wp\/v2\/posts\/6720\/revisions\/7268"}],"wp:featuredmedia":[{"embeddable":true,"href":"https:\/\/modoviajeok.com.ar\/index.php\/wp-json\/wp\/v2\/media\/6722"}],"wp:attachment":[{"href":"https:\/\/modoviajeok.com.ar\/index.php\/wp-json\/wp\/v2\/media?parent=6720"}],"wp:term":[{"taxonomy":"category","embeddable":true,"href":"https:\/\/modoviajeok.com.ar\/index.php\/wp-json\/wp\/v2\/categories?post=6720"},{"taxonomy":"post_tag","embeddable":true,"href":"https:\/\/modoviajeok.com.ar\/index.php\/wp-json\/wp\/v2\/tags?post=6720"}],"curies":[{"name":"wp","href":"https:\/\/api.w.org\/{rel}","templated":true}]}}