{"id":6733,"date":"2025-12-14T08:50:43","date_gmt":"2025-12-14T11:50:43","guid":{"rendered":"https:\/\/modoviajeok.com.ar\/?p=6733"},"modified":"2026-01-10T11:41:12","modified_gmt":"2026-01-10T14:41:12","slug":"la-poblacion-el-silencio-que-vale-la-pena-escuchar","status":"publish","type":"post","link":"https:\/\/modoviajeok.com.ar\/index.php\/2025\/12\/14\/la-poblacion-el-silencio-que-vale-la-pena-escuchar\/","title":{"rendered":"La Poblaci\u00f3n, el silencio que vale la pena escuchar"},"content":{"rendered":"\n<figure class=\"wp-block-pullquote\"><blockquote><p>Ubicado a 200 kil\u00f3metros de C\u00f3rdoba Capital, a los pies del cerro Champaqu\u00ed, este rinc\u00f3n parece haberse detenido en el tiempo hace siglos. No lo dice s\u00f3lo su paisaje, cerros dorados, quebradas suaves, arroyos cristalinos, sino su alma. Aqu\u00ed, el aire sabe distinto: m\u00e1s limpio, m\u00e1s lento. ideal para quienes buscan un verdadero reseteo digital.<br><\/p><\/blockquote><\/figure>\n\n\n\n<figure class=\"wp-block-image size-full\"><img loading=\"lazy\" decoding=\"async\" width=\"1280\" height=\"1055\" src=\"https:\/\/modoviajeok.com.ar\/wp-content\/uploads\/2025\/12\/WhatsApp-Image-2025-12-07-at-18.51.04-2.jpeg\" alt=\"\" class=\"wp-image-6741\" srcset=\"https:\/\/modoviajeok.com.ar\/wp-content\/uploads\/2025\/12\/WhatsApp-Image-2025-12-07-at-18.51.04-2.jpeg 1280w, https:\/\/modoviajeok.com.ar\/wp-content\/uploads\/2025\/12\/WhatsApp-Image-2025-12-07-at-18.51.04-2-768x633.jpeg 768w, https:\/\/modoviajeok.com.ar\/wp-content\/uploads\/2025\/12\/WhatsApp-Image-2025-12-07-at-18.51.04-2-510x420.jpeg 510w, https:\/\/modoviajeok.com.ar\/wp-content\/uploads\/2025\/12\/WhatsApp-Image-2025-12-07-at-18.51.04-2-150x124.jpeg 150w, https:\/\/modoviajeok.com.ar\/wp-content\/uploads\/2025\/12\/WhatsApp-Image-2025-12-07-at-18.51.04-2-300x247.jpeg 300w, https:\/\/modoviajeok.com.ar\/wp-content\/uploads\/2025\/12\/WhatsApp-Image-2025-12-07-at-18.51.04-2-696x574.jpeg 696w, https:\/\/modoviajeok.com.ar\/wp-content\/uploads\/2025\/12\/WhatsApp-Image-2025-12-07-at-18.51.04-2-1068x880.jpeg 1068w\" sizes=\"auto, (max-width: 1280px) 100vw, 1280px\" \/><\/figure>\n\n\n\n<p><\/p>\n\n\n\n<p>He recorrido la Argentina de punta a punta, he dormido en estancias del norte, en refugios cordilleranos y en pueblos olvidados por el asfalto. He dormido en infinidad de lugares pero hay algunos que no se olvidan. La Poblaci\u00f3n, un diminuto poblado de apenas 700 almas escondido en el coraz\u00f3n de Traslasierra, es uno de ellos.<\/p>\n\n\n\n<p>Ubicado a 200 kil\u00f3metros de C\u00f3rdoba Capital, a los pies del cerro Champaqu\u00ed, este rinc\u00f3n parece haberse detenido en el tiempo hace siglos. No lo dice solo su paisaje, cerros dorados, quebradas suaves, arroyos cristalinos, sino su alma. Aqu\u00ed, el aire sabe distinto: m\u00e1s limpio, m\u00e1s lento. Y el silencio no es ausencia de ruido, sino presencia de paz. Es, sin dudas, uno de los destinos m\u00e1s bellos y tranquilos del Valle, ideal para quienes buscan un verdadero reseteo digital, no como moda, sino como necesidad vital.<\/p>\n\n\n\n<p>Fundada en torno a 1626, cuando Alonso de Vera don\u00f3 estas tierras a Don Miguel de Maldonado, la historia de La Poblaci\u00f3n es larga, tejida por manos an\u00f3nimas y familias que supieron vivir con poco y sentir mucho. A trav\u00e9s de los a\u00f1os, pas\u00f3 por distintos due\u00f1os hasta convertirse en La Poblaci\u00f3n de Vilches. Fue Jos\u00e9 Mestre, sin embargo, quien le dio forma humana: construy\u00f3 las primeras casas y fund\u00f3 una f\u00e1brica de dulces y el legendario Licor de los Nueve Yuyos, una infusi\u00f3n de hierbas arom\u00e1ticas nativas que a\u00fan hoy evoca remedios ancestrales y sabores perdidos.<\/p>\n\n\n\n<p>Hoy, el pueblo conserva esa esencia artesanal, casi \u00edntima. Sus calles son caminables, sus casonas de adobe y techos de tejas respiran historia, y sus alojamientos, mayormente caba\u00f1as atendidas por sus propios due\u00f1os, generan una cercan\u00eda que ya casi no existe en el turismo masivo. No hay recepciones fr\u00edas ni protocolos impersonales. Hay gente que vive ac\u00e1, que mira a los ojos, que recomienda un sendero como si uno fuera familia.<\/p>\n\n\n\n<p>Uno de los tesoros m\u00e1s singulares del lugar es un campo de lavandas \u00fanico en todo Traslasierra. Durante la floraci\u00f3n, entre noviembre y enero, el paisaje se ti\u00f1e de violeta y el aire se carga con un aroma hipn\u00f3tico, calmante, casi medicinal. All\u00ed, con mucho amor y paciencia, se elaboran blends \u00fanicos, aromatizadores, aceites esenciales y jabones naturales, todos pensados para despertar los sentidos. Cada mezcla combina flores y hierbas serranas (tomillo, cedr\u00f3n, poleo, manzanilla, melisa) fusionadas con la esencia pura e intensa de la lavanda. No son simples productos: son composiciones sensoriales que buscan transmitir, a trav\u00e9s del olfato y el tacto, el alma del lugar. Se pueden disfrutar en las caba\u00f1as o llevarlo como un regalo con memoria, con sabor a monta\u00f1a y a tiempo detenido. (Contacto: <a href=\"http:\/\/@lavandas_laaguada).\">http:\/\/@lavandas_laaguada).<\/a><\/p>\n\n\n\n<p>Pero si hay algo que define el car\u00e1cter contempor\u00e1neo de La Poblaci\u00f3n, es su delicada fusi\u00f3n entre tradici\u00f3n y sofisticaci\u00f3n consciente. En pleno coraz\u00f3n del pueblo, se encuentra \u201cMadre Ra\u00edz\u201d, una panader\u00eda consciente que diariamente, con materia prima honesta y procesos lentos, hornea panes artesanales con harinas org\u00e1nicas y masa madre. Cada baguette, hogaza de centeno o medialuna de miel parece provenir de otro tiempo. Sus due\u00f1os son los mismos que crearon el m\u00edtico Caf\u00e9 Monta\u00f1a de San Javier: hermanos en visi\u00f3n, \u00e9tica y sabor. Ambos espacios comparten un compromiso profundo con la materia prima noble, el trabajo honesto y el amor puesto en cada detalle.<\/p>\n\n\n\n<p>El arte tambi\u00e9n tiene su espacio. En el Atelier y Museo Luis Tessandroni (1897\u20131974), reconocido como el m\u00e1s relevante animalista nacional junto a su maestro Fernando Fader, el pintor, ceramista y m\u00fasico funde figuras serranas con una atm\u00f3sfera armoniosa y silente. Formado en la Academia Nacional de Bellas Artes y amigo de Antonio Berni y Benito Quinquela Mart\u00edn, fue invitado por Fader a De\u00e1n Funes y luego, fascinado por el paisaje cordob\u00e9s, se instal\u00f3 definitivamente en este inigualable poblado al pie del cerro Champaqu\u00ed.<\/p>\n\n\n\n<p>Y luego est\u00e1 la peque\u00f1a y pintoresca Capilla Nuestra Se\u00f1ora de F\u00e1tima, levantada con el esfuerzo de los primeros vecinos, que conserva dos vitrales originales hechos por ellos mismos. Es un espacio de quietud, luz coloreada y recogimiento, perfecto para una pausa contemplativa.<\/p>\n\n\n\n<figure class=\"wp-block-image size-full\"><img loading=\"lazy\" decoding=\"async\" width=\"1080\" height=\"1085\" src=\"https:\/\/modoviajeok.com.ar\/wp-content\/uploads\/2025\/12\/WhatsApp-Image-2025-12-07-at-18.51.04.jpeg\" alt=\"\" class=\"wp-image-6743\" srcset=\"https:\/\/modoviajeok.com.ar\/wp-content\/uploads\/2025\/12\/WhatsApp-Image-2025-12-07-at-18.51.04.jpeg 1080w, https:\/\/modoviajeok.com.ar\/wp-content\/uploads\/2025\/12\/WhatsApp-Image-2025-12-07-at-18.51.04-768x772.jpeg 768w, https:\/\/modoviajeok.com.ar\/wp-content\/uploads\/2025\/12\/WhatsApp-Image-2025-12-07-at-18.51.04-418x420.jpeg 418w, https:\/\/modoviajeok.com.ar\/wp-content\/uploads\/2025\/12\/WhatsApp-Image-2025-12-07-at-18.51.04-150x151.jpeg 150w, https:\/\/modoviajeok.com.ar\/wp-content\/uploads\/2025\/12\/WhatsApp-Image-2025-12-07-at-18.51.04-300x301.jpeg 300w, https:\/\/modoviajeok.com.ar\/wp-content\/uploads\/2025\/12\/WhatsApp-Image-2025-12-07-at-18.51.04-696x699.jpeg 696w, https:\/\/modoviajeok.com.ar\/wp-content\/uploads\/2025\/12\/WhatsApp-Image-2025-12-07-at-18.51.04-1068x1073.jpeg 1068w\" sizes=\"auto, (max-width: 1080px) 100vw, 1080px\" \/><\/figure>\n\n\n\n<p><strong>Cuatro Senderos para Conectarse con la Naturaleza<\/strong><\/p>\n\n\n\n<p>La Poblaci\u00f3n invita a perderse y encontrarse a trav\u00e9s de cuatro senderos cuidadosamente trazados:<\/p>\n\n\n\n<ol class=\"wp-block-list\">\n<li><strong>Sendero Agua Amarillas y Piedra Bola:<\/strong> Un recorrido de dificultad media que culmina en una vista panor\u00e1mica privilegiada. Desde <em>\u00abPiedra Bola\u00bb<\/em>, el valle se despliega a tus pies y los atardeceres incendian el horizonte con tonos magenta que parecen salir de un lienzo. Ideal para fot\u00f3grafos, enamorados y almas so\u00f1adoras.<\/li>\n\n\n\n<li><strong>Sendero de la Virgen:<\/strong> Una caminata amigable de apenas 30 minutos, perfecta para familias o quienes buscan una experiencia ligera. Atraviesa ejemplares de flora nativa y conduce a dos puntos panor\u00e1micos: uno dedicado a la Virgen y otro al Comeching\u00f3n, la imponente escultura de hierro realizada por el destacado artista local Basilio Chelli.<\/li>\n\n\n\n<li><strong>Arroyo Cruz de Quebracho:<\/strong> Un oasis natural con aguas cristalinas y serpentinas, rodeado de vegetaci\u00f3n exuberante. Perfecto para pasar el d\u00eda, descansar bajo la sombra de los \u00e1rboles y dejarse llevar por el murmullo del agua y el canto de los p\u00e1jaros.<\/li>\n\n\n\n<li><strong>Cascada Los Chorros:<\/strong> El m\u00e1s exigente de los senderos, una traves\u00eda de 6 a 8 horas dentro de un bosque de tabaquillos. El camino se abre paso entre ca\u00f1adas y pe\u00f1as hasta revelar una cascada con cuatro saltos de agua, un espect\u00e1culo de fuerza y belleza donde el cuerpo y el alma encuentran su reseteo f\u00edsico y emocional. <\/li>\n<\/ol>\n\n\n\n<figure class=\"wp-block-image size-full\"><img loading=\"lazy\" decoding=\"async\" width=\"1080\" height=\"1130\" src=\"https:\/\/modoviajeok.com.ar\/wp-content\/uploads\/2025\/12\/WhatsApp-Image-2025-12-07-at-18.51.01-1.jpeg\" alt=\"\" class=\"wp-image-6734\" srcset=\"https:\/\/modoviajeok.com.ar\/wp-content\/uploads\/2025\/12\/WhatsApp-Image-2025-12-07-at-18.51.01-1.jpeg 1080w, https:\/\/modoviajeok.com.ar\/wp-content\/uploads\/2025\/12\/WhatsApp-Image-2025-12-07-at-18.51.01-1-768x804.jpeg 768w, https:\/\/modoviajeok.com.ar\/wp-content\/uploads\/2025\/12\/WhatsApp-Image-2025-12-07-at-18.51.01-1-401x420.jpeg 401w, https:\/\/modoviajeok.com.ar\/wp-content\/uploads\/2025\/12\/WhatsApp-Image-2025-12-07-at-18.51.01-1-150x157.jpeg 150w, https:\/\/modoviajeok.com.ar\/wp-content\/uploads\/2025\/12\/WhatsApp-Image-2025-12-07-at-18.51.01-1-300x314.jpeg 300w, https:\/\/modoviajeok.com.ar\/wp-content\/uploads\/2025\/12\/WhatsApp-Image-2025-12-07-at-18.51.01-1-696x728.jpeg 696w, https:\/\/modoviajeok.com.ar\/wp-content\/uploads\/2025\/12\/WhatsApp-Image-2025-12-07-at-18.51.01-1-1068x1117.jpeg 1068w\" sizes=\"auto, (max-width: 1080px) 100vw, 1080px\" \/><\/figure>\n\n\n\n<p>En la plaza central, justo frente a la capilla, se encuentra la obra de Basilio Chelli: la escultura del indio, un homenaje a los pueblos originarios que resguardan la memoria de estas tierras.<\/p>\n\n\n\n<p>El primer y tercer domingo de cada mes, la plaza se transforma con la feria de productores artesanales, donde se re\u00fanen peque\u00f1os productores de miel, queso, textiles y plantas medicinales. Es un pulso vivo del alma del pueblo: aut\u00e9ntico, conectado y generoso.<\/p>\n\n\n\n<p>Con su clima excepcional, su gastronom\u00eda consciente, sus expresiones artesanales y su paisaje encantador, La Poblaci\u00f3n ha dejado de ser un secreto bien guardado. Se ha transformado, silenciosamente, en un destino de elecci\u00f3n para turistas que buscan m\u00e1s que unas vacaciones: buscan una pausa, una respiraci\u00f3n profunda, un encuentro consigo mismos. Porque en La Poblaci\u00f3n, como dicen los lugare\u00f1os, \u201cno solo se visita un lugar. Se descubre un ritmo\u201d.<br>&nbsp;<\/p>\n\n\n\n<figure class=\"wp-block-gallery has-nested-images columns-default is-cropped wp-block-gallery-1 is-layout-flex wp-block-gallery-is-layout-flex\">\n<figure class=\"wp-block-image size-large\"><img loading=\"lazy\" decoding=\"async\" width=\"860\" height=\"1280\" data-id=\"6745\" src=\"https:\/\/modoviajeok.com.ar\/wp-content\/uploads\/2025\/12\/WhatsApp-Image-2025-12-07-at-18.51.03-1.jpeg\" alt=\"\" class=\"wp-image-6745\" srcset=\"https:\/\/modoviajeok.com.ar\/wp-content\/uploads\/2025\/12\/WhatsApp-Image-2025-12-07-at-18.51.03-1.jpeg 860w, https:\/\/modoviajeok.com.ar\/wp-content\/uploads\/2025\/12\/WhatsApp-Image-2025-12-07-at-18.51.03-1-768x1143.jpeg 768w, https:\/\/modoviajeok.com.ar\/wp-content\/uploads\/2025\/12\/WhatsApp-Image-2025-12-07-at-18.51.03-1-282x420.jpeg 282w, https:\/\/modoviajeok.com.ar\/wp-content\/uploads\/2025\/12\/WhatsApp-Image-2025-12-07-at-18.51.03-1-150x223.jpeg 150w, https:\/\/modoviajeok.com.ar\/wp-content\/uploads\/2025\/12\/WhatsApp-Image-2025-12-07-at-18.51.03-1-300x447.jpeg 300w, https:\/\/modoviajeok.com.ar\/wp-content\/uploads\/2025\/12\/WhatsApp-Image-2025-12-07-at-18.51.03-1-696x1036.jpeg 696w\" sizes=\"auto, (max-width: 860px) 100vw, 860px\" \/><\/figure>\n\n\n\n<figure class=\"wp-block-image size-large\"><img loading=\"lazy\" decoding=\"async\" width=\"900\" height=\"1199\" data-id=\"6744\" src=\"https:\/\/modoviajeok.com.ar\/wp-content\/uploads\/2025\/12\/WhatsApp-Image-2025-12-07-at-18.51.03-2.jpeg\" alt=\"\" class=\"wp-image-6744\" srcset=\"https:\/\/modoviajeok.com.ar\/wp-content\/uploads\/2025\/12\/WhatsApp-Image-2025-12-07-at-18.51.03-2.jpeg 900w, https:\/\/modoviajeok.com.ar\/wp-content\/uploads\/2025\/12\/WhatsApp-Image-2025-12-07-at-18.51.03-2-768x1023.jpeg 768w, https:\/\/modoviajeok.com.ar\/wp-content\/uploads\/2025\/12\/WhatsApp-Image-2025-12-07-at-18.51.03-2-315x420.jpeg 315w, https:\/\/modoviajeok.com.ar\/wp-content\/uploads\/2025\/12\/WhatsApp-Image-2025-12-07-at-18.51.03-2-150x200.jpeg 150w, https:\/\/modoviajeok.com.ar\/wp-content\/uploads\/2025\/12\/WhatsApp-Image-2025-12-07-at-18.51.03-2-300x400.jpeg 300w, https:\/\/modoviajeok.com.ar\/wp-content\/uploads\/2025\/12\/WhatsApp-Image-2025-12-07-at-18.51.03-2-696x927.jpeg 696w\" sizes=\"auto, (max-width: 900px) 100vw, 900px\" \/><\/figure>\n\n\n\n<figure class=\"wp-block-image size-large\"><img loading=\"lazy\" decoding=\"async\" width=\"657\" height=\"1280\" data-id=\"6738\" src=\"https:\/\/modoviajeok.com.ar\/wp-content\/uploads\/2025\/12\/WhatsApp-Image-2025-12-07-at-18.51.00.jpeg\" alt=\"\" class=\"wp-image-6738\" srcset=\"https:\/\/modoviajeok.com.ar\/wp-content\/uploads\/2025\/12\/WhatsApp-Image-2025-12-07-at-18.51.00.jpeg 657w, https:\/\/modoviajeok.com.ar\/wp-content\/uploads\/2025\/12\/WhatsApp-Image-2025-12-07-at-18.51.00-216x420.jpeg 216w, https:\/\/modoviajeok.com.ar\/wp-content\/uploads\/2025\/12\/WhatsApp-Image-2025-12-07-at-18.51.00-150x292.jpeg 150w, https:\/\/modoviajeok.com.ar\/wp-content\/uploads\/2025\/12\/WhatsApp-Image-2025-12-07-at-18.51.00-300x584.jpeg 300w\" sizes=\"auto, (max-width: 657px) 100vw, 657px\" \/><\/figure>\n\n\n\n<figure class=\"wp-block-image size-large\"><img loading=\"lazy\" decoding=\"async\" width=\"576\" height=\"1280\" data-id=\"6737\" src=\"https:\/\/modoviajeok.com.ar\/wp-content\/uploads\/2025\/12\/WhatsApp-Image-2025-12-07-at-18.51.00-1.jpeg\" alt=\"\" class=\"wp-image-6737\" srcset=\"https:\/\/modoviajeok.com.ar\/wp-content\/uploads\/2025\/12\/WhatsApp-Image-2025-12-07-at-18.51.00-1.jpeg 576w, https:\/\/modoviajeok.com.ar\/wp-content\/uploads\/2025\/12\/WhatsApp-Image-2025-12-07-at-18.51.00-1-189x420.jpeg 189w, https:\/\/modoviajeok.com.ar\/wp-content\/uploads\/2025\/12\/WhatsApp-Image-2025-12-07-at-18.51.00-1-150x333.jpeg 150w, https:\/\/modoviajeok.com.ar\/wp-content\/uploads\/2025\/12\/WhatsApp-Image-2025-12-07-at-18.51.00-1-300x667.jpeg 300w\" sizes=\"auto, (max-width: 576px) 100vw, 576px\" \/><\/figure>\n\n\n\n<figure class=\"wp-block-image size-large\"><img loading=\"lazy\" decoding=\"async\" width=\"720\" height=\"1600\" data-id=\"6739\" src=\"https:\/\/modoviajeok.com.ar\/wp-content\/uploads\/2025\/12\/WhatsApp-Image-2025-12-07-at-18.51.05.jpeg\" alt=\"\" class=\"wp-image-6739\" srcset=\"https:\/\/modoviajeok.com.ar\/wp-content\/uploads\/2025\/12\/WhatsApp-Image-2025-12-07-at-18.51.05.jpeg 720w, https:\/\/modoviajeok.com.ar\/wp-content\/uploads\/2025\/12\/WhatsApp-Image-2025-12-07-at-18.51.05-691x1536.jpeg 691w, https:\/\/modoviajeok.com.ar\/wp-content\/uploads\/2025\/12\/WhatsApp-Image-2025-12-07-at-18.51.05-189x420.jpeg 189w, https:\/\/modoviajeok.com.ar\/wp-content\/uploads\/2025\/12\/WhatsApp-Image-2025-12-07-at-18.51.05-150x333.jpeg 150w, https:\/\/modoviajeok.com.ar\/wp-content\/uploads\/2025\/12\/WhatsApp-Image-2025-12-07-at-18.51.05-300x667.jpeg 300w, https:\/\/modoviajeok.com.ar\/wp-content\/uploads\/2025\/12\/WhatsApp-Image-2025-12-07-at-18.51.05-696x1547.jpeg 696w\" sizes=\"auto, (max-width: 720px) 100vw, 720px\" \/><\/figure>\n<\/figure>\n","protected":false},"excerpt":{"rendered":"<p>Ubicado a 200 kil\u00f3metros de C\u00f3rdoba Capital, a los pies del cerro Champaqu\u00ed, este rinc\u00f3n parece haberse detenido en el tiempo hace siglos. No lo dice s\u00f3lo su paisaje, cerros dorados, quebradas suaves, arroyos cristalinos, sino su alma. Aqu\u00ed, el aire sabe distinto: m\u00e1s limpio, m\u00e1s lento. ideal para quienes buscan un verdadero reseteo digital. [&hellip;]<\/p>\n","protected":false},"author":3,"featured_media":6740,"comment_status":"open","ping_status":"open","sticky":false,"template":"","format":"standard","meta":{"_acf_changed":false,"footnotes":""},"categories":[11,18],"tags":[1446,1405,675],"class_list":{"0":"post-6733","1":"post","2":"type-post","3":"status-publish","4":"format-standard","5":"has-post-thumbnail","7":"category-cordoba","8":"category-resetep-digital","9":"tag-cerro-champaqui","10":"tag-la-poblacion","11":"tag-valle-de-traslasierra"},"acf":[],"yoast_head":"<!-- This site is optimized with the Yoast SEO plugin v24.8.1 - https:\/\/yoast.com\/wordpress\/plugins\/seo\/ -->\n<title>La Poblaci\u00f3n, el silencio que vale la pena escuchar -<\/title>\n<meta name=\"robots\" content=\"index, follow, max-snippet:-1, max-image-preview:large, max-video-preview:-1\" \/>\n<link rel=\"canonical\" href=\"https:\/\/modoviajeok.com.ar\/index.php\/2025\/12\/14\/la-poblacion-el-silencio-que-vale-la-pena-escuchar\/\" \/>\n<meta property=\"og:locale\" content=\"es_ES\" \/>\n<meta property=\"og:type\" content=\"article\" \/>\n<meta property=\"og:title\" content=\"La Poblaci\u00f3n, el silencio que vale la pena escuchar -\" \/>\n<meta property=\"og:description\" content=\"Ubicado a 200 kil\u00f3metros de C\u00f3rdoba Capital, a los pies del cerro Champaqu\u00ed, este rinc\u00f3n parece haberse detenido en el tiempo hace siglos. No lo dice s\u00f3lo su paisaje, cerros dorados, quebradas suaves, arroyos cristalinos, sino su alma. Aqu\u00ed, el aire sabe distinto: m\u00e1s limpio, m\u00e1s lento. ideal para quienes buscan un verdadero reseteo digital. [&hellip;]\" \/>\n<meta property=\"og:url\" content=\"https:\/\/modoviajeok.com.ar\/index.php\/2025\/12\/14\/la-poblacion-el-silencio-que-vale-la-pena-escuchar\/\" \/>\n<meta property=\"article:publisher\" content=\"https:\/\/www.facebook.com\/mariana.otero1\/\" \/>\n<meta property=\"article:published_time\" content=\"2025-12-14T11:50:43+00:00\" \/>\n<meta property=\"article:modified_time\" content=\"2026-01-10T14:41:12+00:00\" \/>\n<meta property=\"og:image\" content=\"https:\/\/modoviajeok.com.ar\/wp-content\/uploads\/2025\/12\/WhatsApp-Image-2025-12-07-at-18.51.04-3.jpeg\" \/>\n\t<meta property=\"og:image:width\" content=\"1500\" \/>\n\t<meta property=\"og:image:height\" content=\"1341\" \/>\n\t<meta property=\"og:image:type\" content=\"image\/jpeg\" \/>\n<meta name=\"author\" content=\"Pepe Segura\" \/>\n<meta name=\"twitter:card\" content=\"summary_large_image\" \/>\n<meta name=\"twitter:label1\" content=\"Escrito por\" \/>\n\t<meta name=\"twitter:data1\" content=\"Pepe Segura\" \/>\n\t<meta name=\"twitter:label2\" content=\"Tiempo de lectura\" \/>\n\t<meta name=\"twitter:data2\" content=\"1 minuto\" \/>\n<script type=\"application\/ld+json\" class=\"yoast-schema-graph\">{\"@context\":\"https:\/\/schema.org\",\"@graph\":[{\"@type\":\"Article\",\"@id\":\"https:\/\/modoviajeok.com.ar\/index.php\/2025\/12\/14\/la-poblacion-el-silencio-que-vale-la-pena-escuchar\/#article\",\"isPartOf\":{\"@id\":\"https:\/\/modoviajeok.com.ar\/index.php\/2025\/12\/14\/la-poblacion-el-silencio-que-vale-la-pena-escuchar\/\"},\"author\":{\"name\":\"Pepe Segura\",\"@id\":\"https:\/\/modoviajeok.com.ar\/#\/schema\/person\/2e299ed0d3d412a01d244fe28260d7f5\"},\"headline\":\"La Poblaci\u00f3n, el silencio que vale la pena escuchar\",\"datePublished\":\"2025-12-14T11:50:43+00:00\",\"dateModified\":\"2026-01-10T14:41:12+00:00\",\"mainEntityOfPage\":{\"@id\":\"https:\/\/modoviajeok.com.ar\/index.php\/2025\/12\/14\/la-poblacion-el-silencio-que-vale-la-pena-escuchar\/\"},\"wordCount\":1188,\"commentCount\":0,\"publisher\":{\"@id\":\"https:\/\/modoviajeok.com.ar\/#organization\"},\"image\":{\"@id\":\"https:\/\/modoviajeok.com.ar\/index.php\/2025\/12\/14\/la-poblacion-el-silencio-que-vale-la-pena-escuchar\/#primaryimage\"},\"thumbnailUrl\":\"https:\/\/modoviajeok.com.ar\/wp-content\/uploads\/2025\/12\/WhatsApp-Image-2025-12-07-at-18.51.04-3.jpeg\",\"keywords\":[\"cerro champaqui\",\"la poblacion\",\"valle de traslasierra\"],\"articleSection\":[\"C\u00f3rdoba\",\"Reseteo digital\"],\"inLanguage\":\"es\",\"potentialAction\":[{\"@type\":\"CommentAction\",\"name\":\"Comment\",\"target\":[\"https:\/\/modoviajeok.com.ar\/index.php\/2025\/12\/14\/la-poblacion-el-silencio-que-vale-la-pena-escuchar\/#respond\"]}]},{\"@type\":\"WebPage\",\"@id\":\"https:\/\/modoviajeok.com.ar\/index.php\/2025\/12\/14\/la-poblacion-el-silencio-que-vale-la-pena-escuchar\/\",\"url\":\"https:\/\/modoviajeok.com.ar\/index.php\/2025\/12\/14\/la-poblacion-el-silencio-que-vale-la-pena-escuchar\/\",\"name\":\"La Poblaci\u00f3n, el silencio que vale la pena escuchar -\",\"isPartOf\":{\"@id\":\"https:\/\/modoviajeok.com.ar\/#website\"},\"primaryImageOfPage\":{\"@id\":\"https:\/\/modoviajeok.com.ar\/index.php\/2025\/12\/14\/la-poblacion-el-silencio-que-vale-la-pena-escuchar\/#primaryimage\"},\"image\":{\"@id\":\"https:\/\/modoviajeok.com.ar\/index.php\/2025\/12\/14\/la-poblacion-el-silencio-que-vale-la-pena-escuchar\/#primaryimage\"},\"thumbnailUrl\":\"https:\/\/modoviajeok.com.ar\/wp-content\/uploads\/2025\/12\/WhatsApp-Image-2025-12-07-at-18.51.04-3.jpeg\",\"datePublished\":\"2025-12-14T11:50:43+00:00\",\"dateModified\":\"2026-01-10T14:41:12+00:00\",\"breadcrumb\":{\"@id\":\"https:\/\/modoviajeok.com.ar\/index.php\/2025\/12\/14\/la-poblacion-el-silencio-que-vale-la-pena-escuchar\/#breadcrumb\"},\"inLanguage\":\"es\",\"potentialAction\":[{\"@type\":\"ReadAction\",\"target\":[\"https:\/\/modoviajeok.com.ar\/index.php\/2025\/12\/14\/la-poblacion-el-silencio-que-vale-la-pena-escuchar\/\"]}]},{\"@type\":\"ImageObject\",\"inLanguage\":\"es\",\"@id\":\"https:\/\/modoviajeok.com.ar\/index.php\/2025\/12\/14\/la-poblacion-el-silencio-que-vale-la-pena-escuchar\/#primaryimage\",\"url\":\"https:\/\/modoviajeok.com.ar\/wp-content\/uploads\/2025\/12\/WhatsApp-Image-2025-12-07-at-18.51.04-3.jpeg\",\"contentUrl\":\"https:\/\/modoviajeok.com.ar\/wp-content\/uploads\/2025\/12\/WhatsApp-Image-2025-12-07-at-18.51.04-3.jpeg\",\"width\":1500,\"height\":1341},{\"@type\":\"BreadcrumbList\",\"@id\":\"https:\/\/modoviajeok.com.ar\/index.php\/2025\/12\/14\/la-poblacion-el-silencio-que-vale-la-pena-escuchar\/#breadcrumb\",\"itemListElement\":[{\"@type\":\"ListItem\",\"position\":1,\"name\":\"Portada\",\"item\":\"https:\/\/modoviajeok.com.ar\/\"},{\"@type\":\"ListItem\",\"position\":2,\"name\":\"La Poblaci\u00f3n, el silencio que vale la pena escuchar\"}]},{\"@type\":\"WebSite\",\"@id\":\"https:\/\/modoviajeok.com.ar\/#website\",\"url\":\"https:\/\/modoviajeok.com.ar\/\",\"name\":\"ModoViajeOK\",\"description\":\"\",\"publisher\":{\"@id\":\"https:\/\/modoviajeok.com.ar\/#organization\"},\"potentialAction\":[{\"@type\":\"SearchAction\",\"target\":{\"@type\":\"EntryPoint\",\"urlTemplate\":\"https:\/\/modoviajeok.com.ar\/?s={search_term_string}\"},\"query-input\":{\"@type\":\"PropertyValueSpecification\",\"valueRequired\":true,\"valueName\":\"search_term_string\"}}],\"inLanguage\":\"es\"},{\"@type\":\"Organization\",\"@id\":\"https:\/\/modoviajeok.com.ar\/#organization\",\"name\":\"ModoViajeOK\",\"url\":\"https:\/\/modoviajeok.com.ar\/\",\"logo\":{\"@type\":\"ImageObject\",\"inLanguage\":\"es\",\"@id\":\"https:\/\/modoviajeok.com.ar\/#\/schema\/logo\/image\/\",\"url\":\"https:\/\/modoviajeok.com.ar\/wp-content\/uploads\/2025\/01\/Logo-modoviajeok.png\",\"contentUrl\":\"https:\/\/modoviajeok.com.ar\/wp-content\/uploads\/2025\/01\/Logo-modoviajeok.png\",\"width\":2938,\"height\":2276,\"caption\":\"ModoViajeOK\"},\"image\":{\"@id\":\"https:\/\/modoviajeok.com.ar\/#\/schema\/logo\/image\/\"},\"sameAs\":[\"https:\/\/www.facebook.com\/mariana.otero1\/\",\"https:\/\/www.instagram.com\/modoviaje.ok\/\"]},{\"@type\":\"Person\",\"@id\":\"https:\/\/modoviajeok.com.ar\/#\/schema\/person\/2e299ed0d3d412a01d244fe28260d7f5\",\"name\":\"Pepe Segura\",\"image\":{\"@type\":\"ImageObject\",\"inLanguage\":\"es\",\"@id\":\"https:\/\/modoviajeok.com.ar\/#\/schema\/person\/image\/\",\"url\":\"https:\/\/secure.gravatar.com\/avatar\/65eb4b34deed761327f5b2c5535b987318ae807900ac46426de7258f5de6d345?s=96&d=mm&r=g\",\"contentUrl\":\"https:\/\/secure.gravatar.com\/avatar\/65eb4b34deed761327f5b2c5535b987318ae807900ac46426de7258f5de6d345?s=96&d=mm&r=g\",\"caption\":\"Pepe Segura\"},\"url\":\"https:\/\/modoviajeok.com.ar\/index.php\/author\/pepe2025\/\"}]}<\/script>\n<!-- \/ Yoast SEO plugin. -->","yoast_head_json":{"title":"La Poblaci\u00f3n, el silencio que vale la pena escuchar -","robots":{"index":"index","follow":"follow","max-snippet":"max-snippet:-1","max-image-preview":"max-image-preview:large","max-video-preview":"max-video-preview:-1"},"canonical":"https:\/\/modoviajeok.com.ar\/index.php\/2025\/12\/14\/la-poblacion-el-silencio-que-vale-la-pena-escuchar\/","og_locale":"es_ES","og_type":"article","og_title":"La Poblaci\u00f3n, el silencio que vale la pena escuchar -","og_description":"Ubicado a 200 kil\u00f3metros de C\u00f3rdoba Capital, a los pies del cerro Champaqu\u00ed, este rinc\u00f3n parece haberse detenido en el tiempo hace siglos. No lo dice s\u00f3lo su paisaje, cerros dorados, quebradas suaves, arroyos cristalinos, sino su alma. Aqu\u00ed, el aire sabe distinto: m\u00e1s limpio, m\u00e1s lento. ideal para quienes buscan un verdadero reseteo digital. [&hellip;]","og_url":"https:\/\/modoviajeok.com.ar\/index.php\/2025\/12\/14\/la-poblacion-el-silencio-que-vale-la-pena-escuchar\/","article_publisher":"https:\/\/www.facebook.com\/mariana.otero1\/","article_published_time":"2025-12-14T11:50:43+00:00","article_modified_time":"2026-01-10T14:41:12+00:00","og_image":[{"width":1500,"height":1341,"url":"https:\/\/modoviajeok.com.ar\/wp-content\/uploads\/2025\/12\/WhatsApp-Image-2025-12-07-at-18.51.04-3.jpeg","type":"image\/jpeg"}],"author":"Pepe Segura","twitter_card":"summary_large_image","twitter_misc":{"Escrito por":"Pepe Segura","Tiempo de lectura":"1 minuto"},"schema":{"@context":"https:\/\/schema.org","@graph":[{"@type":"Article","@id":"https:\/\/modoviajeok.com.ar\/index.php\/2025\/12\/14\/la-poblacion-el-silencio-que-vale-la-pena-escuchar\/#article","isPartOf":{"@id":"https:\/\/modoviajeok.com.ar\/index.php\/2025\/12\/14\/la-poblacion-el-silencio-que-vale-la-pena-escuchar\/"},"author":{"name":"Pepe Segura","@id":"https:\/\/modoviajeok.com.ar\/#\/schema\/person\/2e299ed0d3d412a01d244fe28260d7f5"},"headline":"La Poblaci\u00f3n, el silencio que vale la pena escuchar","datePublished":"2025-12-14T11:50:43+00:00","dateModified":"2026-01-10T14:41:12+00:00","mainEntityOfPage":{"@id":"https:\/\/modoviajeok.com.ar\/index.php\/2025\/12\/14\/la-poblacion-el-silencio-que-vale-la-pena-escuchar\/"},"wordCount":1188,"commentCount":0,"publisher":{"@id":"https:\/\/modoviajeok.com.ar\/#organization"},"image":{"@id":"https:\/\/modoviajeok.com.ar\/index.php\/2025\/12\/14\/la-poblacion-el-silencio-que-vale-la-pena-escuchar\/#primaryimage"},"thumbnailUrl":"https:\/\/modoviajeok.com.ar\/wp-content\/uploads\/2025\/12\/WhatsApp-Image-2025-12-07-at-18.51.04-3.jpeg","keywords":["cerro champaqui","la poblacion","valle de traslasierra"],"articleSection":["C\u00f3rdoba","Reseteo digital"],"inLanguage":"es","potentialAction":[{"@type":"CommentAction","name":"Comment","target":["https:\/\/modoviajeok.com.ar\/index.php\/2025\/12\/14\/la-poblacion-el-silencio-que-vale-la-pena-escuchar\/#respond"]}]},{"@type":"WebPage","@id":"https:\/\/modoviajeok.com.ar\/index.php\/2025\/12\/14\/la-poblacion-el-silencio-que-vale-la-pena-escuchar\/","url":"https:\/\/modoviajeok.com.ar\/index.php\/2025\/12\/14\/la-poblacion-el-silencio-que-vale-la-pena-escuchar\/","name":"La Poblaci\u00f3n, el silencio que vale la pena escuchar -","isPartOf":{"@id":"https:\/\/modoviajeok.com.ar\/#website"},"primaryImageOfPage":{"@id":"https:\/\/modoviajeok.com.ar\/index.php\/2025\/12\/14\/la-poblacion-el-silencio-que-vale-la-pena-escuchar\/#primaryimage"},"image":{"@id":"https:\/\/modoviajeok.com.ar\/index.php\/2025\/12\/14\/la-poblacion-el-silencio-que-vale-la-pena-escuchar\/#primaryimage"},"thumbnailUrl":"https:\/\/modoviajeok.com.ar\/wp-content\/uploads\/2025\/12\/WhatsApp-Image-2025-12-07-at-18.51.04-3.jpeg","datePublished":"2025-12-14T11:50:43+00:00","dateModified":"2026-01-10T14:41:12+00:00","breadcrumb":{"@id":"https:\/\/modoviajeok.com.ar\/index.php\/2025\/12\/14\/la-poblacion-el-silencio-que-vale-la-pena-escuchar\/#breadcrumb"},"inLanguage":"es","potentialAction":[{"@type":"ReadAction","target":["https:\/\/modoviajeok.com.ar\/index.php\/2025\/12\/14\/la-poblacion-el-silencio-que-vale-la-pena-escuchar\/"]}]},{"@type":"ImageObject","inLanguage":"es","@id":"https:\/\/modoviajeok.com.ar\/index.php\/2025\/12\/14\/la-poblacion-el-silencio-que-vale-la-pena-escuchar\/#primaryimage","url":"https:\/\/modoviajeok.com.ar\/wp-content\/uploads\/2025\/12\/WhatsApp-Image-2025-12-07-at-18.51.04-3.jpeg","contentUrl":"https:\/\/modoviajeok.com.ar\/wp-content\/uploads\/2025\/12\/WhatsApp-Image-2025-12-07-at-18.51.04-3.jpeg","width":1500,"height":1341},{"@type":"BreadcrumbList","@id":"https:\/\/modoviajeok.com.ar\/index.php\/2025\/12\/14\/la-poblacion-el-silencio-que-vale-la-pena-escuchar\/#breadcrumb","itemListElement":[{"@type":"ListItem","position":1,"name":"Portada","item":"https:\/\/modoviajeok.com.ar\/"},{"@type":"ListItem","position":2,"name":"La Poblaci\u00f3n, el silencio que vale la pena escuchar"}]},{"@type":"WebSite","@id":"https:\/\/modoviajeok.com.ar\/#website","url":"https:\/\/modoviajeok.com.ar\/","name":"ModoViajeOK","description":"","publisher":{"@id":"https:\/\/modoviajeok.com.ar\/#organization"},"potentialAction":[{"@type":"SearchAction","target":{"@type":"EntryPoint","urlTemplate":"https:\/\/modoviajeok.com.ar\/?s={search_term_string}"},"query-input":{"@type":"PropertyValueSpecification","valueRequired":true,"valueName":"search_term_string"}}],"inLanguage":"es"},{"@type":"Organization","@id":"https:\/\/modoviajeok.com.ar\/#organization","name":"ModoViajeOK","url":"https:\/\/modoviajeok.com.ar\/","logo":{"@type":"ImageObject","inLanguage":"es","@id":"https:\/\/modoviajeok.com.ar\/#\/schema\/logo\/image\/","url":"https:\/\/modoviajeok.com.ar\/wp-content\/uploads\/2025\/01\/Logo-modoviajeok.png","contentUrl":"https:\/\/modoviajeok.com.ar\/wp-content\/uploads\/2025\/01\/Logo-modoviajeok.png","width":2938,"height":2276,"caption":"ModoViajeOK"},"image":{"@id":"https:\/\/modoviajeok.com.ar\/#\/schema\/logo\/image\/"},"sameAs":["https:\/\/www.facebook.com\/mariana.otero1\/","https:\/\/www.instagram.com\/modoviaje.ok\/"]},{"@type":"Person","@id":"https:\/\/modoviajeok.com.ar\/#\/schema\/person\/2e299ed0d3d412a01d244fe28260d7f5","name":"Pepe Segura","image":{"@type":"ImageObject","inLanguage":"es","@id":"https:\/\/modoviajeok.com.ar\/#\/schema\/person\/image\/","url":"https:\/\/secure.gravatar.com\/avatar\/65eb4b34deed761327f5b2c5535b987318ae807900ac46426de7258f5de6d345?s=96&d=mm&r=g","contentUrl":"https:\/\/secure.gravatar.com\/avatar\/65eb4b34deed761327f5b2c5535b987318ae807900ac46426de7258f5de6d345?s=96&d=mm&r=g","caption":"Pepe Segura"},"url":"https:\/\/modoviajeok.com.ar\/index.php\/author\/pepe2025\/"}]}},"_links":{"self":[{"href":"https:\/\/modoviajeok.com.ar\/index.php\/wp-json\/wp\/v2\/posts\/6733","targetHints":{"allow":["GET"]}}],"collection":[{"href":"https:\/\/modoviajeok.com.ar\/index.php\/wp-json\/wp\/v2\/posts"}],"about":[{"href":"https:\/\/modoviajeok.com.ar\/index.php\/wp-json\/wp\/v2\/types\/post"}],"author":[{"embeddable":true,"href":"https:\/\/modoviajeok.com.ar\/index.php\/wp-json\/wp\/v2\/users\/3"}],"replies":[{"embeddable":true,"href":"https:\/\/modoviajeok.com.ar\/index.php\/wp-json\/wp\/v2\/comments?post=6733"}],"version-history":[{"count":5,"href":"https:\/\/modoviajeok.com.ar\/index.php\/wp-json\/wp\/v2\/posts\/6733\/revisions"}],"predecessor-version":[{"id":6865,"href":"https:\/\/modoviajeok.com.ar\/index.php\/wp-json\/wp\/v2\/posts\/6733\/revisions\/6865"}],"wp:featuredmedia":[{"embeddable":true,"href":"https:\/\/modoviajeok.com.ar\/index.php\/wp-json\/wp\/v2\/media\/6740"}],"wp:attachment":[{"href":"https:\/\/modoviajeok.com.ar\/index.php\/wp-json\/wp\/v2\/media?parent=6733"}],"wp:term":[{"taxonomy":"category","embeddable":true,"href":"https:\/\/modoviajeok.com.ar\/index.php\/wp-json\/wp\/v2\/categories?post=6733"},{"taxonomy":"post_tag","embeddable":true,"href":"https:\/\/modoviajeok.com.ar\/index.php\/wp-json\/wp\/v2\/tags?post=6733"}],"curies":[{"name":"wp","href":"https:\/\/api.w.org\/{rel}","templated":true}]}}