{"id":6755,"date":"2025-12-18T08:16:42","date_gmt":"2025-12-18T11:16:42","guid":{"rendered":"https:\/\/modoviajeok.com.ar\/?p=6755"},"modified":"2025-12-17T10:34:14","modified_gmt":"2025-12-17T13:34:14","slug":"cartagena-oaxaca-y-salvador-los-cascos-antiguos-mas-bellos-de-america-latina","status":"publish","type":"post","link":"https:\/\/modoviajeok.com.ar\/index.php\/2025\/12\/18\/cartagena-oaxaca-y-salvador-los-cascos-antiguos-mas-bellos-de-america-latina\/","title":{"rendered":"Cartagena, Oaxaca y Salvador, los cascos antiguos m\u00e1s bellos de Am\u00e9rica Latina"},"content":{"rendered":"\n<p><\/p>\n\n\n\n<figure class=\"wp-block-pullquote\"><blockquote><p>El \u00faltimo informe de la agencia alemana TourLane estableci\u00f3 el r\u00e1nking en base a  criterios como la antig\u00fcedad, la facilidad para recorrerlas a pie, el precio medio de una visita guiada y su popularidad en redes sociales.  <br><\/p><\/blockquote><\/figure>\n\n\n\n<figure class=\"wp-block-image size-full\"><img loading=\"lazy\" decoding=\"async\" width=\"1536\" height=\"1574\" src=\"https:\/\/modoviajeok.com.ar\/wp-content\/uploads\/2025\/12\/original_d1a752ef-ee9c-4775-88b2-09c28e3a430c_DSCN4527.jpg\" alt=\"\" class=\"wp-image-6756\" srcset=\"https:\/\/modoviajeok.com.ar\/wp-content\/uploads\/2025\/12\/original_d1a752ef-ee9c-4775-88b2-09c28e3a430c_DSCN4527.jpg 1536w, https:\/\/modoviajeok.com.ar\/wp-content\/uploads\/2025\/12\/original_d1a752ef-ee9c-4775-88b2-09c28e3a430c_DSCN4527-768x787.jpg 768w, https:\/\/modoviajeok.com.ar\/wp-content\/uploads\/2025\/12\/original_d1a752ef-ee9c-4775-88b2-09c28e3a430c_DSCN4527-1499x1536.jpg 1499w, https:\/\/modoviajeok.com.ar\/wp-content\/uploads\/2025\/12\/original_d1a752ef-ee9c-4775-88b2-09c28e3a430c_DSCN4527-410x420.jpg 410w, https:\/\/modoviajeok.com.ar\/wp-content\/uploads\/2025\/12\/original_d1a752ef-ee9c-4775-88b2-09c28e3a430c_DSCN4527-150x154.jpg 150w, https:\/\/modoviajeok.com.ar\/wp-content\/uploads\/2025\/12\/original_d1a752ef-ee9c-4775-88b2-09c28e3a430c_DSCN4527-300x307.jpg 300w, https:\/\/modoviajeok.com.ar\/wp-content\/uploads\/2025\/12\/original_d1a752ef-ee9c-4775-88b2-09c28e3a430c_DSCN4527-696x713.jpg 696w, https:\/\/modoviajeok.com.ar\/wp-content\/uploads\/2025\/12\/original_d1a752ef-ee9c-4775-88b2-09c28e3a430c_DSCN4527-1068x1094.jpg 1068w, https:\/\/modoviajeok.com.ar\/wp-content\/uploads\/2025\/12\/original_d1a752ef-ee9c-4775-88b2-09c28e3a430c_DSCN4527-356x364.jpg 356w\" sizes=\"auto, (max-width: 1536px) 100vw, 1536px\" \/><\/figure>\n\n\n\n<p>Los&nbsp;centros hist\u00f3ricos de&nbsp;<a href=\"https:\/\/www.hosteltur.com\/tag\/america-latina\">Am\u00e9rica Latina<\/a>&nbsp;conservan una herencia que entrelaza pasado colonial, ra\u00edces ind\u00edgenas y vitalidad contempor\u00e1nea. Las fachadas coloridas, las plazas trazadas al estilo espa\u00f1ol y portugu\u00e9s y las catedrales levantadas sobre antiguos templos precolombinos conforman un patrimonio urbano donde la historia sigue viva. En sus calles, la m\u00fasica, la gastronom\u00eda y los oficios tradicionales mantienen el pulso cultural de una regi\u00f3n que, a diferencia de otras partes del mundo, ha hecho de la mezcla su identidad.<\/p>\n\n\n\n<p>El \u00faltimo informe de la agencia alemana TourLane, analiza&nbsp;las diez ciudades latinoamericanas con los cascos antiguos m\u00e1s bellos del continente, tomando en cuenta criterios como la antig\u00fcedad, la facilidad para recorrerlas a pie, el precio medio de una visita guiada y su popularidad en redes sociales. Los datos fueron recopilados a partir de 65 ciudades del mundo, de las cuales 10 pertenecen a Am\u00e9rica Latina.<\/p>\n\n\n\n<p>Colombia, M\u00e9xico y Brasil lideran la lista, con Cartagena, Oaxaca y Salvador de Bah\u00eda ocupando los tres primeros puestos. Les siguen urbes de Centroam\u00e9rica y el Cono Sur, como Antigua (Guatemala), Buenos Aires (Argentina) o Colonia del Sacramento (Uruguay), todas reconocidas por la UNESCO por su valor hist\u00f3rico y por conservar la trazabilidad de sus or\u00edgenes coloniales.<\/p>\n\n\n\n<p><strong>Cartagena<\/strong><\/p>\n\n\n\n<p>En el primer puesto,&nbsp;Cartagena&nbsp;(<a href=\"https:\/\/www.hosteltur.com\/tag\/colombia\">Colombia<\/a>) destaca por su muralla del siglo XVI y su trazado colonial intacto. Conocida como la Ciudad Amurallada, es Patrimonio Mundial de la Unesco y uno de los cascos antiguos m\u00e1s vibrantes del continente. Sus balcones cubiertos de buganvillas y sus calles empedradas evocan el esplendor del puerto colonial que fue, y hoy siguen siendo un escenario vivo de historia, arte y cultura caribe\u00f1a.<\/p>\n\n\n\n<p><strong>Oaxaca<\/strong><\/p>\n\n\n\n<p>Oaxaca&nbsp;(<a href=\"https:\/\/www.hosteltur.com\/tag\/mexico\">M\u00e9xico<\/a>) ocupa el segundo lugar con un casco hist\u00f3rico que fusiona influencias zapotecas y mixtecas con la arquitectura barroca espa\u00f1ola. En torno al Z\u00f3calo, las iglesias coloniales, los mercados artesanales y los puestos callejeros crean una atm\u00f3sfera \u00fanica. TourLane destaca su \u201cequilibrio entre patrimonio tangible e intangible\u201d, donde la gastronom\u00eda -con el mole como plato emblem\u00e1tico- y las tradiciones comunitarias son parte esencial del paisaje urbano.<\/p>\n\n\n\n<p><strong>Salvador de Bah\u00eda<\/strong><\/p>\n\n\n\n<p>En el tercer puesto,&nbsp;Salvador de Bah\u00eda&nbsp;(<a href=\"https:\/\/www.hosteltur.com\/tag\/brasil\">Brasil<\/a>) combina la huella portuguesa con la fuerza de las culturas afrobrasile\u00f1as. El barrio de Pelourinho, coraz\u00f3n hist\u00f3rico y cultural de la ciudad, fue el centro del imperio colonial en el siglo XVI y hoy late al ritmo de la samba y el candombl\u00e9. Entre fachadas pastel y plazas empedradas se encuentran la Iglesia de S\u00e3o Francisco, la Catedral Bas\u00edlica y el Museo Afrobrasile\u00f1o, s\u00edmbolos de un mestizaje que define la identidad de Brasil.<\/p>\n\n\n\n<p><strong>Las otras joyas de la regi\u00f3n<\/strong><\/p>\n\n\n\n<p>El ranking tambi\u00e9n incluye otras ciudades de la regi\u00f3n:&nbsp;<strong>Panam\u00e1<\/strong>, con su casco viejo frente al Pac\u00edfico;&nbsp;<strong>Buenos Aires<\/strong>&nbsp;(Argentina);&nbsp;<strong>Antigua<\/strong>&nbsp;(Guatemala), ejemplo de planificaci\u00f3n urbana colonial;&nbsp;<strong>M\u00e9rida<\/strong>&nbsp;(M\u00e9xico), que conserva vestigios mayas en su trazado; y<strong>&nbsp;Colonia del Sacramento<\/strong>&nbsp;(Uruguay), cuya mezcla de influencias espa\u00f1olas y portuguesas le otorga un car\u00e1cter singular. Completan la lista&nbsp;<strong>Sucre<\/strong>&nbsp;(Bolivia) y&nbsp;<strong>Quito<\/strong>&nbsp;(Ecuador), ambas declaradas Patrimonio Mundial por la Unesco y reconocidas por la excelente conservaci\u00f3n de sus conjuntos arquitect\u00f3nicos.<\/p>\n\n\n\n<p><strong>Las ciudades con los cascos antiguos m\u00e1s bellos de Am\u00e9rica Latina<\/strong><\/p>\n\n\n\n<ol class=\"wp-block-list\">\n<li>Cartagena (Colombia)<\/li>\n\n\n\n<li>Oaxaca (M\u00e9xico)<\/li>\n\n\n\n<li>Salvador de Bah\u00eda (Brasil)<\/li>\n\n\n\n<li>Ciudad de Panam\u00e1 (Panam\u00e1)<\/li>\n\n\n\n<li>Buenos Aires (Argentina)<\/li>\n\n\n\n<li>Antigua (Guatemala)<\/li>\n\n\n\n<li>M\u00e9rida (M\u00e9xico)<\/li>\n\n\n\n<li>Colonia del Sacramento (Uruguay)<\/li>\n\n\n\n<li>Sucre (Bolivia)<\/li>\n\n\n\n<li>Quito (Ecuador)<\/li>\n\n\n\n<li><\/li>\n<\/ol>\n\n\n      <div class=\"wp_bannerize_container wp_bannerize_layout_vertical\">\n\n        <div class=\"wp_bannerize_banner_box wp_bannerize_category_intertexto-1\" data-title=\"Modo viaje\" data-mime_type=\"image-gif\" data-banner_id=\"1783\" id=\"wpbanner-1783\" data-impressions_enabled=\"true\" data-clicks_enabled=\"true\"><a href=\"https:\/\/www.instagram.com\/modoviaje.ok?igsh=Z3c5emxsZWFtdXN3\"><img decoding=\"async\" border=\"0\" src=\"https:\/\/modoviajeok.com.ar\/wp-content\/uploads\/2025\/02\/modoviaje.ok-300-x-250-px.gif\" alt=\"Modo viaje\" title=\"Modo viaje\" \/><\/a><\/div>      <\/div>\n\n\n","protected":false},"excerpt":{"rendered":"<p>El \u00faltimo informe de la agencia alemana TourLane estableci\u00f3 el r\u00e1nking en base a criterios como la antig\u00fcedad, la facilidad para recorrerlas a pie, el precio medio de una visita guiada y su popularidad en redes sociales. Los&nbsp;centros hist\u00f3ricos de&nbsp;Am\u00e9rica Latina&nbsp;conservan una herencia que entrelaza pasado colonial, ra\u00edces ind\u00edgenas y vitalidad contempor\u00e1nea. Las fachadas coloridas, [&hellip;]<\/p>\n","protected":false},"author":3,"featured_media":6758,"comment_status":"open","ping_status":"open","sticky":false,"template":"","format":"standard","meta":{"_acf_changed":false,"footnotes":""},"categories":[2,9,12],"tags":[324,1448,845],"class_list":{"0":"post-6755","1":"post","2":"type-post","3":"status-publish","4":"format-standard","5":"has-post-thumbnail","7":"category-destacadas","8":"category-mundo","9":"category-novedades","10":"tag-cartagena","11":"tag-oaxaca","12":"tag-salvador-de-bahia"},"acf":[],"yoast_head":"<!-- This site is optimized with the Yoast SEO plugin v24.8.1 - https:\/\/yoast.com\/wordpress\/plugins\/seo\/ -->\n<title>Cartagena, Oaxaca y Salvador, los cascos antiguos m\u00e1s bellos de Am\u00e9rica Latina -<\/title>\n<meta name=\"robots\" content=\"index, follow, max-snippet:-1, max-image-preview:large, max-video-preview:-1\" \/>\n<link rel=\"canonical\" href=\"https:\/\/modoviajeok.com.ar\/index.php\/2025\/12\/18\/cartagena-oaxaca-y-salvador-los-cascos-antiguos-mas-bellos-de-america-latina\/\" \/>\n<meta property=\"og:locale\" content=\"es_ES\" \/>\n<meta property=\"og:type\" content=\"article\" \/>\n<meta property=\"og:title\" content=\"Cartagena, Oaxaca y Salvador, los cascos antiguos m\u00e1s bellos de Am\u00e9rica Latina -\" \/>\n<meta property=\"og:description\" content=\"El \u00faltimo informe de la agencia alemana TourLane estableci\u00f3 el r\u00e1nking en base a criterios como la antig\u00fcedad, la facilidad para recorrerlas a pie, el precio medio de una visita guiada y su popularidad en redes sociales. Los&nbsp;centros hist\u00f3ricos de&nbsp;Am\u00e9rica Latina&nbsp;conservan una herencia que entrelaza pasado colonial, ra\u00edces ind\u00edgenas y vitalidad contempor\u00e1nea. Las fachadas coloridas, [&hellip;]\" \/>\n<meta property=\"og:url\" content=\"https:\/\/modoviajeok.com.ar\/index.php\/2025\/12\/18\/cartagena-oaxaca-y-salvador-los-cascos-antiguos-mas-bellos-de-america-latina\/\" \/>\n<meta property=\"article:publisher\" content=\"https:\/\/www.facebook.com\/mariana.otero1\/\" \/>\n<meta property=\"article:published_time\" content=\"2025-12-18T11:16:42+00:00\" \/>\n<meta property=\"og:image\" content=\"https:\/\/modoviajeok.com.ar\/wp-content\/uploads\/2025\/12\/colombia-20-scaled.jpg\" \/>\n\t<meta property=\"og:image:width\" content=\"2560\" \/>\n\t<meta property=\"og:image:height\" content=\"2538\" \/>\n\t<meta property=\"og:image:type\" content=\"image\/jpeg\" \/>\n<meta name=\"author\" content=\"Pepe Segura\" \/>\n<meta name=\"twitter:card\" content=\"summary_large_image\" \/>\n<meta name=\"twitter:label1\" content=\"Escrito por\" \/>\n\t<meta name=\"twitter:data1\" content=\"Pepe Segura\" \/>\n\t<meta name=\"twitter:label2\" content=\"Tiempo de lectura\" \/>\n\t<meta name=\"twitter:data2\" content=\"3 minutos\" \/>\n<script type=\"application\/ld+json\" class=\"yoast-schema-graph\">{\"@context\":\"https:\/\/schema.org\",\"@graph\":[{\"@type\":\"Article\",\"@id\":\"https:\/\/modoviajeok.com.ar\/index.php\/2025\/12\/18\/cartagena-oaxaca-y-salvador-los-cascos-antiguos-mas-bellos-de-america-latina\/#article\",\"isPartOf\":{\"@id\":\"https:\/\/modoviajeok.com.ar\/index.php\/2025\/12\/18\/cartagena-oaxaca-y-salvador-los-cascos-antiguos-mas-bellos-de-america-latina\/\"},\"author\":{\"name\":\"Pepe Segura\",\"@id\":\"https:\/\/modoviajeok.com.ar\/#\/schema\/person\/2e299ed0d3d412a01d244fe28260d7f5\"},\"headline\":\"Cartagena, Oaxaca y Salvador, los cascos antiguos m\u00e1s bellos de Am\u00e9rica Latina\",\"datePublished\":\"2025-12-18T11:16:42+00:00\",\"mainEntityOfPage\":{\"@id\":\"https:\/\/modoviajeok.com.ar\/index.php\/2025\/12\/18\/cartagena-oaxaca-y-salvador-los-cascos-antiguos-mas-bellos-de-america-latina\/\"},\"wordCount\":679,\"commentCount\":0,\"publisher\":{\"@id\":\"https:\/\/modoviajeok.com.ar\/#organization\"},\"image\":{\"@id\":\"https:\/\/modoviajeok.com.ar\/index.php\/2025\/12\/18\/cartagena-oaxaca-y-salvador-los-cascos-antiguos-mas-bellos-de-america-latina\/#primaryimage\"},\"thumbnailUrl\":\"https:\/\/modoviajeok.com.ar\/wp-content\/uploads\/2025\/12\/colombia-20-scaled.jpg\",\"keywords\":[\"cartagena\",\"oaxaca\",\"salvador de bahia\"],\"articleSection\":[\"Destacadas\",\"Mundo\",\"Novedades\"],\"inLanguage\":\"es\",\"potentialAction\":[{\"@type\":\"CommentAction\",\"name\":\"Comment\",\"target\":[\"https:\/\/modoviajeok.com.ar\/index.php\/2025\/12\/18\/cartagena-oaxaca-y-salvador-los-cascos-antiguos-mas-bellos-de-america-latina\/#respond\"]}]},{\"@type\":\"WebPage\",\"@id\":\"https:\/\/modoviajeok.com.ar\/index.php\/2025\/12\/18\/cartagena-oaxaca-y-salvador-los-cascos-antiguos-mas-bellos-de-america-latina\/\",\"url\":\"https:\/\/modoviajeok.com.ar\/index.php\/2025\/12\/18\/cartagena-oaxaca-y-salvador-los-cascos-antiguos-mas-bellos-de-america-latina\/\",\"name\":\"Cartagena, Oaxaca y Salvador, los cascos antiguos m\u00e1s bellos de Am\u00e9rica Latina -\",\"isPartOf\":{\"@id\":\"https:\/\/modoviajeok.com.ar\/#website\"},\"primaryImageOfPage\":{\"@id\":\"https:\/\/modoviajeok.com.ar\/index.php\/2025\/12\/18\/cartagena-oaxaca-y-salvador-los-cascos-antiguos-mas-bellos-de-america-latina\/#primaryimage\"},\"image\":{\"@id\":\"https:\/\/modoviajeok.com.ar\/index.php\/2025\/12\/18\/cartagena-oaxaca-y-salvador-los-cascos-antiguos-mas-bellos-de-america-latina\/#primaryimage\"},\"thumbnailUrl\":\"https:\/\/modoviajeok.com.ar\/wp-content\/uploads\/2025\/12\/colombia-20-scaled.jpg\",\"datePublished\":\"2025-12-18T11:16:42+00:00\",\"breadcrumb\":{\"@id\":\"https:\/\/modoviajeok.com.ar\/index.php\/2025\/12\/18\/cartagena-oaxaca-y-salvador-los-cascos-antiguos-mas-bellos-de-america-latina\/#breadcrumb\"},\"inLanguage\":\"es\",\"potentialAction\":[{\"@type\":\"ReadAction\",\"target\":[\"https:\/\/modoviajeok.com.ar\/index.php\/2025\/12\/18\/cartagena-oaxaca-y-salvador-los-cascos-antiguos-mas-bellos-de-america-latina\/\"]}]},{\"@type\":\"ImageObject\",\"inLanguage\":\"es\",\"@id\":\"https:\/\/modoviajeok.com.ar\/index.php\/2025\/12\/18\/cartagena-oaxaca-y-salvador-los-cascos-antiguos-mas-bellos-de-america-latina\/#primaryimage\",\"url\":\"https:\/\/modoviajeok.com.ar\/wp-content\/uploads\/2025\/12\/colombia-20-scaled.jpg\",\"contentUrl\":\"https:\/\/modoviajeok.com.ar\/wp-content\/uploads\/2025\/12\/colombia-20-scaled.jpg\",\"width\":2560,\"height\":2538},{\"@type\":\"BreadcrumbList\",\"@id\":\"https:\/\/modoviajeok.com.ar\/index.php\/2025\/12\/18\/cartagena-oaxaca-y-salvador-los-cascos-antiguos-mas-bellos-de-america-latina\/#breadcrumb\",\"itemListElement\":[{\"@type\":\"ListItem\",\"position\":1,\"name\":\"Portada\",\"item\":\"https:\/\/modoviajeok.com.ar\/\"},{\"@type\":\"ListItem\",\"position\":2,\"name\":\"Cartagena, Oaxaca y Salvador, los cascos antiguos m\u00e1s bellos de Am\u00e9rica Latina\"}]},{\"@type\":\"WebSite\",\"@id\":\"https:\/\/modoviajeok.com.ar\/#website\",\"url\":\"https:\/\/modoviajeok.com.ar\/\",\"name\":\"ModoViajeOK\",\"description\":\"\",\"publisher\":{\"@id\":\"https:\/\/modoviajeok.com.ar\/#organization\"},\"potentialAction\":[{\"@type\":\"SearchAction\",\"target\":{\"@type\":\"EntryPoint\",\"urlTemplate\":\"https:\/\/modoviajeok.com.ar\/?s={search_term_string}\"},\"query-input\":{\"@type\":\"PropertyValueSpecification\",\"valueRequired\":true,\"valueName\":\"search_term_string\"}}],\"inLanguage\":\"es\"},{\"@type\":\"Organization\",\"@id\":\"https:\/\/modoviajeok.com.ar\/#organization\",\"name\":\"ModoViajeOK\",\"url\":\"https:\/\/modoviajeok.com.ar\/\",\"logo\":{\"@type\":\"ImageObject\",\"inLanguage\":\"es\",\"@id\":\"https:\/\/modoviajeok.com.ar\/#\/schema\/logo\/image\/\",\"url\":\"https:\/\/modoviajeok.com.ar\/wp-content\/uploads\/2025\/01\/Logo-modoviajeok.png\",\"contentUrl\":\"https:\/\/modoviajeok.com.ar\/wp-content\/uploads\/2025\/01\/Logo-modoviajeok.png\",\"width\":2938,\"height\":2276,\"caption\":\"ModoViajeOK\"},\"image\":{\"@id\":\"https:\/\/modoviajeok.com.ar\/#\/schema\/logo\/image\/\"},\"sameAs\":[\"https:\/\/www.facebook.com\/mariana.otero1\/\",\"https:\/\/www.instagram.com\/modoviaje.ok\/\"]},{\"@type\":\"Person\",\"@id\":\"https:\/\/modoviajeok.com.ar\/#\/schema\/person\/2e299ed0d3d412a01d244fe28260d7f5\",\"name\":\"Pepe Segura\",\"image\":{\"@type\":\"ImageObject\",\"inLanguage\":\"es\",\"@id\":\"https:\/\/modoviajeok.com.ar\/#\/schema\/person\/image\/\",\"url\":\"https:\/\/secure.gravatar.com\/avatar\/65eb4b34deed761327f5b2c5535b987318ae807900ac46426de7258f5de6d345?s=96&d=mm&r=g\",\"contentUrl\":\"https:\/\/secure.gravatar.com\/avatar\/65eb4b34deed761327f5b2c5535b987318ae807900ac46426de7258f5de6d345?s=96&d=mm&r=g\",\"caption\":\"Pepe Segura\"},\"url\":\"https:\/\/modoviajeok.com.ar\/index.php\/author\/pepe2025\/\"}]}<\/script>\n<!-- \/ Yoast SEO plugin. -->","yoast_head_json":{"title":"Cartagena, Oaxaca y Salvador, los cascos antiguos m\u00e1s bellos de Am\u00e9rica Latina -","robots":{"index":"index","follow":"follow","max-snippet":"max-snippet:-1","max-image-preview":"max-image-preview:large","max-video-preview":"max-video-preview:-1"},"canonical":"https:\/\/modoviajeok.com.ar\/index.php\/2025\/12\/18\/cartagena-oaxaca-y-salvador-los-cascos-antiguos-mas-bellos-de-america-latina\/","og_locale":"es_ES","og_type":"article","og_title":"Cartagena, Oaxaca y Salvador, los cascos antiguos m\u00e1s bellos de Am\u00e9rica Latina -","og_description":"El \u00faltimo informe de la agencia alemana TourLane estableci\u00f3 el r\u00e1nking en base a criterios como la antig\u00fcedad, la facilidad para recorrerlas a pie, el precio medio de una visita guiada y su popularidad en redes sociales. Los&nbsp;centros hist\u00f3ricos de&nbsp;Am\u00e9rica Latina&nbsp;conservan una herencia que entrelaza pasado colonial, ra\u00edces ind\u00edgenas y vitalidad contempor\u00e1nea. Las fachadas coloridas, [&hellip;]","og_url":"https:\/\/modoviajeok.com.ar\/index.php\/2025\/12\/18\/cartagena-oaxaca-y-salvador-los-cascos-antiguos-mas-bellos-de-america-latina\/","article_publisher":"https:\/\/www.facebook.com\/mariana.otero1\/","article_published_time":"2025-12-18T11:16:42+00:00","og_image":[{"width":2560,"height":2538,"url":"https:\/\/modoviajeok.com.ar\/wp-content\/uploads\/2025\/12\/colombia-20-scaled.jpg","type":"image\/jpeg"}],"author":"Pepe Segura","twitter_card":"summary_large_image","twitter_misc":{"Escrito por":"Pepe Segura","Tiempo de lectura":"3 minutos"},"schema":{"@context":"https:\/\/schema.org","@graph":[{"@type":"Article","@id":"https:\/\/modoviajeok.com.ar\/index.php\/2025\/12\/18\/cartagena-oaxaca-y-salvador-los-cascos-antiguos-mas-bellos-de-america-latina\/#article","isPartOf":{"@id":"https:\/\/modoviajeok.com.ar\/index.php\/2025\/12\/18\/cartagena-oaxaca-y-salvador-los-cascos-antiguos-mas-bellos-de-america-latina\/"},"author":{"name":"Pepe Segura","@id":"https:\/\/modoviajeok.com.ar\/#\/schema\/person\/2e299ed0d3d412a01d244fe28260d7f5"},"headline":"Cartagena, Oaxaca y Salvador, los cascos antiguos m\u00e1s bellos de Am\u00e9rica Latina","datePublished":"2025-12-18T11:16:42+00:00","mainEntityOfPage":{"@id":"https:\/\/modoviajeok.com.ar\/index.php\/2025\/12\/18\/cartagena-oaxaca-y-salvador-los-cascos-antiguos-mas-bellos-de-america-latina\/"},"wordCount":679,"commentCount":0,"publisher":{"@id":"https:\/\/modoviajeok.com.ar\/#organization"},"image":{"@id":"https:\/\/modoviajeok.com.ar\/index.php\/2025\/12\/18\/cartagena-oaxaca-y-salvador-los-cascos-antiguos-mas-bellos-de-america-latina\/#primaryimage"},"thumbnailUrl":"https:\/\/modoviajeok.com.ar\/wp-content\/uploads\/2025\/12\/colombia-20-scaled.jpg","keywords":["cartagena","oaxaca","salvador de bahia"],"articleSection":["Destacadas","Mundo","Novedades"],"inLanguage":"es","potentialAction":[{"@type":"CommentAction","name":"Comment","target":["https:\/\/modoviajeok.com.ar\/index.php\/2025\/12\/18\/cartagena-oaxaca-y-salvador-los-cascos-antiguos-mas-bellos-de-america-latina\/#respond"]}]},{"@type":"WebPage","@id":"https:\/\/modoviajeok.com.ar\/index.php\/2025\/12\/18\/cartagena-oaxaca-y-salvador-los-cascos-antiguos-mas-bellos-de-america-latina\/","url":"https:\/\/modoviajeok.com.ar\/index.php\/2025\/12\/18\/cartagena-oaxaca-y-salvador-los-cascos-antiguos-mas-bellos-de-america-latina\/","name":"Cartagena, Oaxaca y Salvador, los cascos antiguos m\u00e1s bellos de Am\u00e9rica Latina -","isPartOf":{"@id":"https:\/\/modoviajeok.com.ar\/#website"},"primaryImageOfPage":{"@id":"https:\/\/modoviajeok.com.ar\/index.php\/2025\/12\/18\/cartagena-oaxaca-y-salvador-los-cascos-antiguos-mas-bellos-de-america-latina\/#primaryimage"},"image":{"@id":"https:\/\/modoviajeok.com.ar\/index.php\/2025\/12\/18\/cartagena-oaxaca-y-salvador-los-cascos-antiguos-mas-bellos-de-america-latina\/#primaryimage"},"thumbnailUrl":"https:\/\/modoviajeok.com.ar\/wp-content\/uploads\/2025\/12\/colombia-20-scaled.jpg","datePublished":"2025-12-18T11:16:42+00:00","breadcrumb":{"@id":"https:\/\/modoviajeok.com.ar\/index.php\/2025\/12\/18\/cartagena-oaxaca-y-salvador-los-cascos-antiguos-mas-bellos-de-america-latina\/#breadcrumb"},"inLanguage":"es","potentialAction":[{"@type":"ReadAction","target":["https:\/\/modoviajeok.com.ar\/index.php\/2025\/12\/18\/cartagena-oaxaca-y-salvador-los-cascos-antiguos-mas-bellos-de-america-latina\/"]}]},{"@type":"ImageObject","inLanguage":"es","@id":"https:\/\/modoviajeok.com.ar\/index.php\/2025\/12\/18\/cartagena-oaxaca-y-salvador-los-cascos-antiguos-mas-bellos-de-america-latina\/#primaryimage","url":"https:\/\/modoviajeok.com.ar\/wp-content\/uploads\/2025\/12\/colombia-20-scaled.jpg","contentUrl":"https:\/\/modoviajeok.com.ar\/wp-content\/uploads\/2025\/12\/colombia-20-scaled.jpg","width":2560,"height":2538},{"@type":"BreadcrumbList","@id":"https:\/\/modoviajeok.com.ar\/index.php\/2025\/12\/18\/cartagena-oaxaca-y-salvador-los-cascos-antiguos-mas-bellos-de-america-latina\/#breadcrumb","itemListElement":[{"@type":"ListItem","position":1,"name":"Portada","item":"https:\/\/modoviajeok.com.ar\/"},{"@type":"ListItem","position":2,"name":"Cartagena, Oaxaca y Salvador, los cascos antiguos m\u00e1s bellos de Am\u00e9rica Latina"}]},{"@type":"WebSite","@id":"https:\/\/modoviajeok.com.ar\/#website","url":"https:\/\/modoviajeok.com.ar\/","name":"ModoViajeOK","description":"","publisher":{"@id":"https:\/\/modoviajeok.com.ar\/#organization"},"potentialAction":[{"@type":"SearchAction","target":{"@type":"EntryPoint","urlTemplate":"https:\/\/modoviajeok.com.ar\/?s={search_term_string}"},"query-input":{"@type":"PropertyValueSpecification","valueRequired":true,"valueName":"search_term_string"}}],"inLanguage":"es"},{"@type":"Organization","@id":"https:\/\/modoviajeok.com.ar\/#organization","name":"ModoViajeOK","url":"https:\/\/modoviajeok.com.ar\/","logo":{"@type":"ImageObject","inLanguage":"es","@id":"https:\/\/modoviajeok.com.ar\/#\/schema\/logo\/image\/","url":"https:\/\/modoviajeok.com.ar\/wp-content\/uploads\/2025\/01\/Logo-modoviajeok.png","contentUrl":"https:\/\/modoviajeok.com.ar\/wp-content\/uploads\/2025\/01\/Logo-modoviajeok.png","width":2938,"height":2276,"caption":"ModoViajeOK"},"image":{"@id":"https:\/\/modoviajeok.com.ar\/#\/schema\/logo\/image\/"},"sameAs":["https:\/\/www.facebook.com\/mariana.otero1\/","https:\/\/www.instagram.com\/modoviaje.ok\/"]},{"@type":"Person","@id":"https:\/\/modoviajeok.com.ar\/#\/schema\/person\/2e299ed0d3d412a01d244fe28260d7f5","name":"Pepe Segura","image":{"@type":"ImageObject","inLanguage":"es","@id":"https:\/\/modoviajeok.com.ar\/#\/schema\/person\/image\/","url":"https:\/\/secure.gravatar.com\/avatar\/65eb4b34deed761327f5b2c5535b987318ae807900ac46426de7258f5de6d345?s=96&d=mm&r=g","contentUrl":"https:\/\/secure.gravatar.com\/avatar\/65eb4b34deed761327f5b2c5535b987318ae807900ac46426de7258f5de6d345?s=96&d=mm&r=g","caption":"Pepe Segura"},"url":"https:\/\/modoviajeok.com.ar\/index.php\/author\/pepe2025\/"}]}},"_links":{"self":[{"href":"https:\/\/modoviajeok.com.ar\/index.php\/wp-json\/wp\/v2\/posts\/6755","targetHints":{"allow":["GET"]}}],"collection":[{"href":"https:\/\/modoviajeok.com.ar\/index.php\/wp-json\/wp\/v2\/posts"}],"about":[{"href":"https:\/\/modoviajeok.com.ar\/index.php\/wp-json\/wp\/v2\/types\/post"}],"author":[{"embeddable":true,"href":"https:\/\/modoviajeok.com.ar\/index.php\/wp-json\/wp\/v2\/users\/3"}],"replies":[{"embeddable":true,"href":"https:\/\/modoviajeok.com.ar\/index.php\/wp-json\/wp\/v2\/comments?post=6755"}],"version-history":[{"count":1,"href":"https:\/\/modoviajeok.com.ar\/index.php\/wp-json\/wp\/v2\/posts\/6755\/revisions"}],"predecessor-version":[{"id":6760,"href":"https:\/\/modoviajeok.com.ar\/index.php\/wp-json\/wp\/v2\/posts\/6755\/revisions\/6760"}],"wp:featuredmedia":[{"embeddable":true,"href":"https:\/\/modoviajeok.com.ar\/index.php\/wp-json\/wp\/v2\/media\/6758"}],"wp:attachment":[{"href":"https:\/\/modoviajeok.com.ar\/index.php\/wp-json\/wp\/v2\/media?parent=6755"}],"wp:term":[{"taxonomy":"category","embeddable":true,"href":"https:\/\/modoviajeok.com.ar\/index.php\/wp-json\/wp\/v2\/categories?post=6755"},{"taxonomy":"post_tag","embeddable":true,"href":"https:\/\/modoviajeok.com.ar\/index.php\/wp-json\/wp\/v2\/tags?post=6755"}],"curies":[{"name":"wp","href":"https:\/\/api.w.org\/{rel}","templated":true}]}}