{"id":6821,"date":"2025-12-22T08:52:27","date_gmt":"2025-12-22T11:52:27","guid":{"rendered":"https:\/\/modoviajeok.com.ar\/?p=6821"},"modified":"2026-01-10T11:36:37","modified_gmt":"2026-01-10T14:36:37","slug":"faro-il-bolo-sierras-apart-un-enclave-de-luz-en-la-cima-de-traslasierra","status":"publish","type":"post","link":"https:\/\/modoviajeok.com.ar\/index.php\/2025\/12\/22\/faro-il-bolo-sierras-apart-un-enclave-de-luz-en-la-cima-de-traslasierra\/","title":{"rendered":"Faro Il Bolo Sierras Apart: un enclave de luz en la cima de Traslasierra"},"content":{"rendered":"\n<figure class=\"wp-block-pullquote\"><blockquote><p>Est\u00e1 en la parte m\u00e1s alta de Villa Cura Brochero y se ofrece como un punto de encuentro entre el cielo y la tierra. Es  m\u00e1s que un alojamiento: es un lugar que ofrece un regalo muy valioso para el viajero moderno: la perspectiva.<br><\/p><\/blockquote><\/figure>\n\n\n\n<figure class=\"wp-block-image size-full\"><img loading=\"lazy\" decoding=\"async\" width=\"1280\" height=\"720\" src=\"https:\/\/modoviajeok.com.ar\/wp-content\/uploads\/2025\/12\/WhatsApp-Image-2025-12-09-at-13.15.33.jpeg\" alt=\"\" class=\"wp-image-6825\" srcset=\"https:\/\/modoviajeok.com.ar\/wp-content\/uploads\/2025\/12\/WhatsApp-Image-2025-12-09-at-13.15.33.jpeg 1280w, https:\/\/modoviajeok.com.ar\/wp-content\/uploads\/2025\/12\/WhatsApp-Image-2025-12-09-at-13.15.33-768x432.jpeg 768w, https:\/\/modoviajeok.com.ar\/wp-content\/uploads\/2025\/12\/WhatsApp-Image-2025-12-09-at-13.15.33-747x420.jpeg 747w, https:\/\/modoviajeok.com.ar\/wp-content\/uploads\/2025\/12\/WhatsApp-Image-2025-12-09-at-13.15.33-150x84.jpeg 150w, https:\/\/modoviajeok.com.ar\/wp-content\/uploads\/2025\/12\/WhatsApp-Image-2025-12-09-at-13.15.33-300x169.jpeg 300w, https:\/\/modoviajeok.com.ar\/wp-content\/uploads\/2025\/12\/WhatsApp-Image-2025-12-09-at-13.15.33-696x392.jpeg 696w, https:\/\/modoviajeok.com.ar\/wp-content\/uploads\/2025\/12\/WhatsApp-Image-2025-12-09-at-13.15.33-1068x601.jpeg 1068w\" sizes=\"auto, (max-width: 1280px) 100vw, 1280px\" \/><\/figure>\n\n\n\n<p>En el Valle de Traslasierra, donde las cumbres dibujan el horizonte y el silencio tiene una textura propia, existe un punto de encuentro entre el cielo y la tierra. No es un lugar al que simplemente se llega; es un destino hacia el que se asciende.&nbsp;Faro Il Bolo Sierras Apart, enclavado en la parte m\u00e1s alta de Villa Cura Brochero, es m\u00e1s que un alojamiento: es un lugar que ofrece el regalo m\u00e1s valioso para el viajero moderno: la perspectiva.<\/p>\n\n\n\n<p>El nombre mismo es una historia de amor y legado.&nbsp;<em>Faro<\/em>, la primera idea, como un llamado, un punto de referencia en la noche serrana que dice \u201caqu\u00ed estamos\u201d.&nbsp;<em>Il Bolo<\/em>&nbsp;es el latido emocional: el apodo cari\u00f1oso que los nietos daban al padre de Juan Carlos, fundador del lugar, cuyo esp\u00edritu y memoria se iluminan cada noche desde lo alto. Juntos, forman una promesa: ser el faro que gu\u00eda hacia un encuentro familiar inolvidable.<\/p>\n\n\n\n<figure class=\"wp-block-image size-full\"><img loading=\"lazy\" decoding=\"async\" width=\"1080\" height=\"810\" src=\"https:\/\/modoviajeok.com.ar\/wp-content\/uploads\/2025\/12\/WhatsApp-Image-2025-12-09-at-13.15.32-1.jpeg\" alt=\"\" class=\"wp-image-6826\" srcset=\"https:\/\/modoviajeok.com.ar\/wp-content\/uploads\/2025\/12\/WhatsApp-Image-2025-12-09-at-13.15.32-1.jpeg 1080w, https:\/\/modoviajeok.com.ar\/wp-content\/uploads\/2025\/12\/WhatsApp-Image-2025-12-09-at-13.15.32-1-768x576.jpeg 768w, https:\/\/modoviajeok.com.ar\/wp-content\/uploads\/2025\/12\/WhatsApp-Image-2025-12-09-at-13.15.32-1-560x420.jpeg 560w, https:\/\/modoviajeok.com.ar\/wp-content\/uploads\/2025\/12\/WhatsApp-Image-2025-12-09-at-13.15.32-1-80x60.jpeg 80w, https:\/\/modoviajeok.com.ar\/wp-content\/uploads\/2025\/12\/WhatsApp-Image-2025-12-09-at-13.15.32-1-150x113.jpeg 150w, https:\/\/modoviajeok.com.ar\/wp-content\/uploads\/2025\/12\/WhatsApp-Image-2025-12-09-at-13.15.32-1-300x225.jpeg 300w, https:\/\/modoviajeok.com.ar\/wp-content\/uploads\/2025\/12\/WhatsApp-Image-2025-12-09-at-13.15.32-1-696x522.jpeg 696w, https:\/\/modoviajeok.com.ar\/wp-content\/uploads\/2025\/12\/WhatsApp-Image-2025-12-09-at-13.15.32-1-1068x801.jpeg 1068w, https:\/\/modoviajeok.com.ar\/wp-content\/uploads\/2025\/12\/WhatsApp-Image-2025-12-09-at-13.15.32-1-265x198.jpeg 265w\" sizes=\"auto, (max-width: 1080px) 100vw, 1080px\" \/><\/figure>\n\n\n\n<p>Abierto en diciembre de 2018, este complejo entiende que el verdadero lujo no es la opulencia, sino la inmensidad. Aqu\u00ed, cada apartamento moderno (con capacidad para hasta seis personas) es una atalaya privada. Despertar significa abrir los ojos a una vista panor\u00e1mica y envolvente de las sierras, un lienzo vivo que cambia del azul profundo al dorado incandescente con el paso del sol. Los atardeceres no se observan; se experimentan, ti\u00f1endo el cielo de una paleta de morados, naranjas y rosas que parece pintada s\u00f3lo para los hu\u00e9spedes de este balc\u00f3n al mundo.<\/p>\n\n\n\n<p>Pero este \u201cReseteo Digital\u201d familiar va m\u00e1s all\u00e1 de lo visual. Es una propuesta sensorial completa:<\/p>\n\n\n\n<figure class=\"wp-block-image size-full\"><img loading=\"lazy\" decoding=\"async\" width=\"1152\" height=\"648\" src=\"https:\/\/modoviajeok.com.ar\/wp-content\/uploads\/2025\/12\/WhatsApp-Image-2025-12-09-at-13.15.29.jpeg\" alt=\"\" class=\"wp-image-6835\" srcset=\"https:\/\/modoviajeok.com.ar\/wp-content\/uploads\/2025\/12\/WhatsApp-Image-2025-12-09-at-13.15.29.jpeg 1152w, https:\/\/modoviajeok.com.ar\/wp-content\/uploads\/2025\/12\/WhatsApp-Image-2025-12-09-at-13.15.29-768x432.jpeg 768w, https:\/\/modoviajeok.com.ar\/wp-content\/uploads\/2025\/12\/WhatsApp-Image-2025-12-09-at-13.15.29-747x420.jpeg 747w, https:\/\/modoviajeok.com.ar\/wp-content\/uploads\/2025\/12\/WhatsApp-Image-2025-12-09-at-13.15.29-150x84.jpeg 150w, https:\/\/modoviajeok.com.ar\/wp-content\/uploads\/2025\/12\/WhatsApp-Image-2025-12-09-at-13.15.29-300x169.jpeg 300w, https:\/\/modoviajeok.com.ar\/wp-content\/uploads\/2025\/12\/WhatsApp-Image-2025-12-09-at-13.15.29-696x392.jpeg 696w, https:\/\/modoviajeok.com.ar\/wp-content\/uploads\/2025\/12\/WhatsApp-Image-2025-12-09-at-13.15.29-1068x601.jpeg 1068w\" sizes=\"auto, (max-width: 1152px) 100vw, 1152px\" \/><\/figure>\n\n\n\n<ul class=\"wp-block-list\">\n<li>El tacto reconfortante&nbsp;del agua de las&nbsp;dos piletas climatizadas&nbsp;(una para ni\u00f1os y otra para adultos), que permite extender el disfrute a cualquier estaci\u00f3n, contrastando con la frescura del aire serrano.<\/li>\n\n\n\n<li>El sonido de la quietud, roto s\u00f3lo por las risas familiares que resuenan en los espacios verdes o por el chisporroteo de un&nbsp;asador individual&nbsp;al anochecer, donde el ritual de cocinar se convierte en un acto de reuni\u00f3n.<\/li>\n\n\n\n<li>El sabor de la desconexi\u00f3n, con desayunos que saben a tranquilidad y la posibilidad de disfrutar del bar y la confiter\u00eda del lugar sin prisas.<\/li>\n<\/ul>\n\n\n\n<p>Conscientes de que la paz mental es el cimiento de una escapada perfecta, Faro Il Bolo ha sido dise\u00f1ado como un&nbsp;predio cerrado con seguridad 24 horas. Esto libera a padres y ni\u00f1os de la preocupaci\u00f3n, permitiendo una inmersi\u00f3n total. Los m\u00e1s peque\u00f1os encuentran su para\u00edso en juegos infantiles con vistas que ning\u00fan parque urbano puede ofrecer, mientras los adultos se entregan al ocio contemplativo o exploran las bondades de la regi\u00f3n.<\/p>\n\n\n\n<figure class=\"wp-block-image size-full\"><img loading=\"lazy\" decoding=\"async\" width=\"1600\" height=\"739\" src=\"https:\/\/modoviajeok.com.ar\/wp-content\/uploads\/2025\/12\/WhatsApp-Image-2025-12-09-at-13.15.29-1.jpeg\" alt=\"\" class=\"wp-image-6834\" srcset=\"https:\/\/modoviajeok.com.ar\/wp-content\/uploads\/2025\/12\/WhatsApp-Image-2025-12-09-at-13.15.29-1.jpeg 1600w, https:\/\/modoviajeok.com.ar\/wp-content\/uploads\/2025\/12\/WhatsApp-Image-2025-12-09-at-13.15.29-1-768x355.jpeg 768w, https:\/\/modoviajeok.com.ar\/wp-content\/uploads\/2025\/12\/WhatsApp-Image-2025-12-09-at-13.15.29-1-1536x709.jpeg 1536w, https:\/\/modoviajeok.com.ar\/wp-content\/uploads\/2025\/12\/WhatsApp-Image-2025-12-09-at-13.15.29-1-909x420.jpeg 909w, https:\/\/modoviajeok.com.ar\/wp-content\/uploads\/2025\/12\/WhatsApp-Image-2025-12-09-at-13.15.29-1-150x69.jpeg 150w, https:\/\/modoviajeok.com.ar\/wp-content\/uploads\/2025\/12\/WhatsApp-Image-2025-12-09-at-13.15.29-1-300x139.jpeg 300w, https:\/\/modoviajeok.com.ar\/wp-content\/uploads\/2025\/12\/WhatsApp-Image-2025-12-09-at-13.15.29-1-696x321.jpeg 696w, https:\/\/modoviajeok.com.ar\/wp-content\/uploads\/2025\/12\/WhatsApp-Image-2025-12-09-at-13.15.29-1-1068x493.jpeg 1068w\" sizes=\"auto, (max-width: 1600px) 100vw, 1600px\" \/><\/figure>\n\n\n\n<p>Y, cuando cae la noche, llega el momento m\u00e1gico que define su esencia: el&nbsp;faro caracter\u00edstico del complejo se enciende, comenzando un lento ballet de colores que ba\u00f1a la colina de tonalidades cambiantes. Es una imagen fascinante y serena, un faro moderno que ya no gu\u00eda a los navegantes del r\u00edo, sino a las familias que buscan un puerto seguro de desconexi\u00f3n y reconexi\u00f3n.<\/p>\n\n\n\n<p>Su ubicaci\u00f3n privilegiada permite descubrir los tesoros del valle. A los pies de la colina, Villa Cura Brochero late con la tranquilidad pueblerina y atrae con las&nbsp;aguas mesotermales y curativas del R\u00edo Panaholma, un contrapunto perfecto de relax activo. El acceso en s\u00ed es parte de la aventura: la Ruta Nacional 20, convirti\u00e9ndose en el majestuoso&nbsp;Camino de las Altas Cumbres, ofrece un preludio de asombro antes de llegar al destino.<\/p>\n\n\n\n<p>Faro Il Bolo Sierras Apart no es s\u00f3lo un lugar para alojarse: es una invitaci\u00f3n a elevarse, literal y metaf\u00f3ricamente. A cambiar la mirada sobre la pantalla por la mirada sobre el infinito, a intercambiar el ruido digital por el silencio c\u00f3mplice de la familia, y a dejar que la luz de un faro, heredero de un apodo lleno de cari\u00f1o, ilumine unas vacaciones que prometen ser, simplemente, inolvidables.<\/p>\n\n\n\n<p>Un lugar donde la vista es infinita, la tranquilidad es absoluta y cada atardecer es un espect\u00e1culo privado.<\/p>\n\n\n      <div class=\"wp_bannerize_container wp_bannerize_layout_vertical\">\n\n        <div class=\"wp_bannerize_banner_box wp_bannerize_category_intertexto-1\" data-title=\"Modo viaje\" data-mime_type=\"image-gif\" data-banner_id=\"1783\" id=\"wpbanner-1783\" data-impressions_enabled=\"true\" data-clicks_enabled=\"true\"><a href=\"https:\/\/www.instagram.com\/modoviaje.ok?igsh=Z3c5emxsZWFtdXN3\"><img decoding=\"async\" border=\"0\" src=\"https:\/\/modoviajeok.com.ar\/wp-content\/uploads\/2025\/02\/modoviaje.ok-300-x-250-px.gif\" alt=\"Modo viaje\" title=\"Modo viaje\" \/><\/a><\/div>      <\/div>\n\n\n","protected":false},"excerpt":{"rendered":"<p>Est\u00e1 en la parte m\u00e1s alta de Villa Cura Brochero y se ofrece como un punto de encuentro entre el cielo y la tierra. Es m\u00e1s que un alojamiento: es un lugar que ofrece un regalo muy valioso para el viajero moderno: la perspectiva. En el Valle de Traslasierra, donde las cumbres dibujan el horizonte [&hellip;]<\/p>\n","protected":false},"author":3,"featured_media":6831,"comment_status":"open","ping_status":"open","sticky":false,"template":"","format":"standard","meta":{"_acf_changed":false,"footnotes":""},"categories":[11,15,18],"tags":[1449,644,1367],"class_list":{"0":"post-6821","1":"post","2":"type-post","3":"status-publish","4":"format-standard","5":"has-post-thumbnail","7":"category-cordoba","8":"category-recomendaciones","9":"category-resetep-digital","10":"tag-faro-il-bolo-sierras-apart","11":"tag-traslasierra","12":"tag-villa-cura-brochero"},"acf":[],"yoast_head":"<!-- This site is optimized with the Yoast SEO plugin v24.8.1 - https:\/\/yoast.com\/wordpress\/plugins\/seo\/ -->\n<title>Faro Il Bolo Sierras Apart: un enclave de luz en la cima de Traslasierra -<\/title>\n<meta name=\"robots\" content=\"index, follow, max-snippet:-1, max-image-preview:large, max-video-preview:-1\" \/>\n<link rel=\"canonical\" href=\"https:\/\/modoviajeok.com.ar\/index.php\/2025\/12\/22\/faro-il-bolo-sierras-apart-un-enclave-de-luz-en-la-cima-de-traslasierra\/\" \/>\n<meta property=\"og:locale\" content=\"es_ES\" \/>\n<meta property=\"og:type\" content=\"article\" \/>\n<meta property=\"og:title\" content=\"Faro Il Bolo Sierras Apart: un enclave de luz en la cima de Traslasierra -\" \/>\n<meta property=\"og:description\" content=\"Est\u00e1 en la parte m\u00e1s alta de Villa Cura Brochero y se ofrece como un punto de encuentro entre el cielo y la tierra. Es m\u00e1s que un alojamiento: es un lugar que ofrece un regalo muy valioso para el viajero moderno: la perspectiva. En el Valle de Traslasierra, donde las cumbres dibujan el horizonte [&hellip;]\" \/>\n<meta property=\"og:url\" content=\"https:\/\/modoviajeok.com.ar\/index.php\/2025\/12\/22\/faro-il-bolo-sierras-apart-un-enclave-de-luz-en-la-cima-de-traslasierra\/\" \/>\n<meta property=\"article:publisher\" content=\"https:\/\/www.facebook.com\/mariana.otero1\/\" \/>\n<meta property=\"article:published_time\" content=\"2025-12-22T11:52:27+00:00\" \/>\n<meta property=\"article:modified_time\" content=\"2026-01-10T14:36:37+00:00\" \/>\n<meta property=\"og:image\" content=\"https:\/\/modoviajeok.com.ar\/wp-content\/uploads\/2025\/12\/WhatsApp-Image-2025-12-09-at-13.15.30-2.jpeg\" \/>\n\t<meta property=\"og:image:width\" content=\"412\" \/>\n\t<meta property=\"og:image:height\" content=\"549\" \/>\n\t<meta property=\"og:image:type\" content=\"image\/jpeg\" \/>\n<meta name=\"author\" content=\"Pepe Segura\" \/>\n<meta name=\"twitter:card\" content=\"summary_large_image\" \/>\n<meta name=\"twitter:label1\" content=\"Escrito por\" \/>\n\t<meta name=\"twitter:data1\" content=\"Pepe Segura\" \/>\n\t<meta name=\"twitter:label2\" content=\"Tiempo de lectura\" \/>\n\t<meta name=\"twitter:data2\" content=\"5 minutos\" \/>\n<script type=\"application\/ld+json\" class=\"yoast-schema-graph\">{\"@context\":\"https:\/\/schema.org\",\"@graph\":[{\"@type\":\"Article\",\"@id\":\"https:\/\/modoviajeok.com.ar\/index.php\/2025\/12\/22\/faro-il-bolo-sierras-apart-un-enclave-de-luz-en-la-cima-de-traslasierra\/#article\",\"isPartOf\":{\"@id\":\"https:\/\/modoviajeok.com.ar\/index.php\/2025\/12\/22\/faro-il-bolo-sierras-apart-un-enclave-de-luz-en-la-cima-de-traslasierra\/\"},\"author\":{\"name\":\"Pepe Segura\",\"@id\":\"https:\/\/modoviajeok.com.ar\/#\/schema\/person\/2e299ed0d3d412a01d244fe28260d7f5\"},\"headline\":\"Faro Il Bolo Sierras Apart: un enclave de luz en la cima de Traslasierra\",\"datePublished\":\"2025-12-22T11:52:27+00:00\",\"dateModified\":\"2026-01-10T14:36:37+00:00\",\"mainEntityOfPage\":{\"@id\":\"https:\/\/modoviajeok.com.ar\/index.php\/2025\/12\/22\/faro-il-bolo-sierras-apart-un-enclave-de-luz-en-la-cima-de-traslasierra\/\"},\"wordCount\":776,\"commentCount\":0,\"publisher\":{\"@id\":\"https:\/\/modoviajeok.com.ar\/#organization\"},\"image\":{\"@id\":\"https:\/\/modoviajeok.com.ar\/index.php\/2025\/12\/22\/faro-il-bolo-sierras-apart-un-enclave-de-luz-en-la-cima-de-traslasierra\/#primaryimage\"},\"thumbnailUrl\":\"https:\/\/modoviajeok.com.ar\/wp-content\/uploads\/2025\/12\/WhatsApp-Image-2025-12-09-at-13.15.30-2.jpeg\",\"keywords\":[\"faro il bolo sierras apart\",\"traslasierra\",\"villa cura brochero\"],\"articleSection\":[\"C\u00f3rdoba\",\"Recomendaciones\",\"Reseteo digital\"],\"inLanguage\":\"es\",\"potentialAction\":[{\"@type\":\"CommentAction\",\"name\":\"Comment\",\"target\":[\"https:\/\/modoviajeok.com.ar\/index.php\/2025\/12\/22\/faro-il-bolo-sierras-apart-un-enclave-de-luz-en-la-cima-de-traslasierra\/#respond\"]}]},{\"@type\":\"WebPage\",\"@id\":\"https:\/\/modoviajeok.com.ar\/index.php\/2025\/12\/22\/faro-il-bolo-sierras-apart-un-enclave-de-luz-en-la-cima-de-traslasierra\/\",\"url\":\"https:\/\/modoviajeok.com.ar\/index.php\/2025\/12\/22\/faro-il-bolo-sierras-apart-un-enclave-de-luz-en-la-cima-de-traslasierra\/\",\"name\":\"Faro Il Bolo Sierras Apart: un enclave de luz en la cima de Traslasierra -\",\"isPartOf\":{\"@id\":\"https:\/\/modoviajeok.com.ar\/#website\"},\"primaryImageOfPage\":{\"@id\":\"https:\/\/modoviajeok.com.ar\/index.php\/2025\/12\/22\/faro-il-bolo-sierras-apart-un-enclave-de-luz-en-la-cima-de-traslasierra\/#primaryimage\"},\"image\":{\"@id\":\"https:\/\/modoviajeok.com.ar\/index.php\/2025\/12\/22\/faro-il-bolo-sierras-apart-un-enclave-de-luz-en-la-cima-de-traslasierra\/#primaryimage\"},\"thumbnailUrl\":\"https:\/\/modoviajeok.com.ar\/wp-content\/uploads\/2025\/12\/WhatsApp-Image-2025-12-09-at-13.15.30-2.jpeg\",\"datePublished\":\"2025-12-22T11:52:27+00:00\",\"dateModified\":\"2026-01-10T14:36:37+00:00\",\"breadcrumb\":{\"@id\":\"https:\/\/modoviajeok.com.ar\/index.php\/2025\/12\/22\/faro-il-bolo-sierras-apart-un-enclave-de-luz-en-la-cima-de-traslasierra\/#breadcrumb\"},\"inLanguage\":\"es\",\"potentialAction\":[{\"@type\":\"ReadAction\",\"target\":[\"https:\/\/modoviajeok.com.ar\/index.php\/2025\/12\/22\/faro-il-bolo-sierras-apart-un-enclave-de-luz-en-la-cima-de-traslasierra\/\"]}]},{\"@type\":\"ImageObject\",\"inLanguage\":\"es\",\"@id\":\"https:\/\/modoviajeok.com.ar\/index.php\/2025\/12\/22\/faro-il-bolo-sierras-apart-un-enclave-de-luz-en-la-cima-de-traslasierra\/#primaryimage\",\"url\":\"https:\/\/modoviajeok.com.ar\/wp-content\/uploads\/2025\/12\/WhatsApp-Image-2025-12-09-at-13.15.30-2.jpeg\",\"contentUrl\":\"https:\/\/modoviajeok.com.ar\/wp-content\/uploads\/2025\/12\/WhatsApp-Image-2025-12-09-at-13.15.30-2.jpeg\",\"width\":412,\"height\":549},{\"@type\":\"BreadcrumbList\",\"@id\":\"https:\/\/modoviajeok.com.ar\/index.php\/2025\/12\/22\/faro-il-bolo-sierras-apart-un-enclave-de-luz-en-la-cima-de-traslasierra\/#breadcrumb\",\"itemListElement\":[{\"@type\":\"ListItem\",\"position\":1,\"name\":\"Portada\",\"item\":\"https:\/\/modoviajeok.com.ar\/\"},{\"@type\":\"ListItem\",\"position\":2,\"name\":\"Faro Il Bolo Sierras Apart: un enclave de luz en la cima de Traslasierra\"}]},{\"@type\":\"WebSite\",\"@id\":\"https:\/\/modoviajeok.com.ar\/#website\",\"url\":\"https:\/\/modoviajeok.com.ar\/\",\"name\":\"ModoViajeOK\",\"description\":\"\",\"publisher\":{\"@id\":\"https:\/\/modoviajeok.com.ar\/#organization\"},\"potentialAction\":[{\"@type\":\"SearchAction\",\"target\":{\"@type\":\"EntryPoint\",\"urlTemplate\":\"https:\/\/modoviajeok.com.ar\/?s={search_term_string}\"},\"query-input\":{\"@type\":\"PropertyValueSpecification\",\"valueRequired\":true,\"valueName\":\"search_term_string\"}}],\"inLanguage\":\"es\"},{\"@type\":\"Organization\",\"@id\":\"https:\/\/modoviajeok.com.ar\/#organization\",\"name\":\"ModoViajeOK\",\"url\":\"https:\/\/modoviajeok.com.ar\/\",\"logo\":{\"@type\":\"ImageObject\",\"inLanguage\":\"es\",\"@id\":\"https:\/\/modoviajeok.com.ar\/#\/schema\/logo\/image\/\",\"url\":\"https:\/\/modoviajeok.com.ar\/wp-content\/uploads\/2025\/01\/Logo-modoviajeok.png\",\"contentUrl\":\"https:\/\/modoviajeok.com.ar\/wp-content\/uploads\/2025\/01\/Logo-modoviajeok.png\",\"width\":2938,\"height\":2276,\"caption\":\"ModoViajeOK\"},\"image\":{\"@id\":\"https:\/\/modoviajeok.com.ar\/#\/schema\/logo\/image\/\"},\"sameAs\":[\"https:\/\/www.facebook.com\/mariana.otero1\/\",\"https:\/\/www.instagram.com\/modoviaje.ok\/\"]},{\"@type\":\"Person\",\"@id\":\"https:\/\/modoviajeok.com.ar\/#\/schema\/person\/2e299ed0d3d412a01d244fe28260d7f5\",\"name\":\"Pepe Segura\",\"image\":{\"@type\":\"ImageObject\",\"inLanguage\":\"es\",\"@id\":\"https:\/\/modoviajeok.com.ar\/#\/schema\/person\/image\/\",\"url\":\"https:\/\/secure.gravatar.com\/avatar\/65eb4b34deed761327f5b2c5535b987318ae807900ac46426de7258f5de6d345?s=96&d=mm&r=g\",\"contentUrl\":\"https:\/\/secure.gravatar.com\/avatar\/65eb4b34deed761327f5b2c5535b987318ae807900ac46426de7258f5de6d345?s=96&d=mm&r=g\",\"caption\":\"Pepe Segura\"},\"url\":\"https:\/\/modoviajeok.com.ar\/index.php\/author\/pepe2025\/\"}]}<\/script>\n<!-- \/ Yoast SEO plugin. -->","yoast_head_json":{"title":"Faro Il Bolo Sierras Apart: un enclave de luz en la cima de Traslasierra -","robots":{"index":"index","follow":"follow","max-snippet":"max-snippet:-1","max-image-preview":"max-image-preview:large","max-video-preview":"max-video-preview:-1"},"canonical":"https:\/\/modoviajeok.com.ar\/index.php\/2025\/12\/22\/faro-il-bolo-sierras-apart-un-enclave-de-luz-en-la-cima-de-traslasierra\/","og_locale":"es_ES","og_type":"article","og_title":"Faro Il Bolo Sierras Apart: un enclave de luz en la cima de Traslasierra -","og_description":"Est\u00e1 en la parte m\u00e1s alta de Villa Cura Brochero y se ofrece como un punto de encuentro entre el cielo y la tierra. Es m\u00e1s que un alojamiento: es un lugar que ofrece un regalo muy valioso para el viajero moderno: la perspectiva. En el Valle de Traslasierra, donde las cumbres dibujan el horizonte [&hellip;]","og_url":"https:\/\/modoviajeok.com.ar\/index.php\/2025\/12\/22\/faro-il-bolo-sierras-apart-un-enclave-de-luz-en-la-cima-de-traslasierra\/","article_publisher":"https:\/\/www.facebook.com\/mariana.otero1\/","article_published_time":"2025-12-22T11:52:27+00:00","article_modified_time":"2026-01-10T14:36:37+00:00","og_image":[{"width":412,"height":549,"url":"https:\/\/modoviajeok.com.ar\/wp-content\/uploads\/2025\/12\/WhatsApp-Image-2025-12-09-at-13.15.30-2.jpeg","type":"image\/jpeg"}],"author":"Pepe Segura","twitter_card":"summary_large_image","twitter_misc":{"Escrito por":"Pepe Segura","Tiempo de lectura":"5 minutos"},"schema":{"@context":"https:\/\/schema.org","@graph":[{"@type":"Article","@id":"https:\/\/modoviajeok.com.ar\/index.php\/2025\/12\/22\/faro-il-bolo-sierras-apart-un-enclave-de-luz-en-la-cima-de-traslasierra\/#article","isPartOf":{"@id":"https:\/\/modoviajeok.com.ar\/index.php\/2025\/12\/22\/faro-il-bolo-sierras-apart-un-enclave-de-luz-en-la-cima-de-traslasierra\/"},"author":{"name":"Pepe Segura","@id":"https:\/\/modoviajeok.com.ar\/#\/schema\/person\/2e299ed0d3d412a01d244fe28260d7f5"},"headline":"Faro Il Bolo Sierras Apart: un enclave de luz en la cima de Traslasierra","datePublished":"2025-12-22T11:52:27+00:00","dateModified":"2026-01-10T14:36:37+00:00","mainEntityOfPage":{"@id":"https:\/\/modoviajeok.com.ar\/index.php\/2025\/12\/22\/faro-il-bolo-sierras-apart-un-enclave-de-luz-en-la-cima-de-traslasierra\/"},"wordCount":776,"commentCount":0,"publisher":{"@id":"https:\/\/modoviajeok.com.ar\/#organization"},"image":{"@id":"https:\/\/modoviajeok.com.ar\/index.php\/2025\/12\/22\/faro-il-bolo-sierras-apart-un-enclave-de-luz-en-la-cima-de-traslasierra\/#primaryimage"},"thumbnailUrl":"https:\/\/modoviajeok.com.ar\/wp-content\/uploads\/2025\/12\/WhatsApp-Image-2025-12-09-at-13.15.30-2.jpeg","keywords":["faro il bolo sierras apart","traslasierra","villa cura brochero"],"articleSection":["C\u00f3rdoba","Recomendaciones","Reseteo digital"],"inLanguage":"es","potentialAction":[{"@type":"CommentAction","name":"Comment","target":["https:\/\/modoviajeok.com.ar\/index.php\/2025\/12\/22\/faro-il-bolo-sierras-apart-un-enclave-de-luz-en-la-cima-de-traslasierra\/#respond"]}]},{"@type":"WebPage","@id":"https:\/\/modoviajeok.com.ar\/index.php\/2025\/12\/22\/faro-il-bolo-sierras-apart-un-enclave-de-luz-en-la-cima-de-traslasierra\/","url":"https:\/\/modoviajeok.com.ar\/index.php\/2025\/12\/22\/faro-il-bolo-sierras-apart-un-enclave-de-luz-en-la-cima-de-traslasierra\/","name":"Faro Il Bolo Sierras Apart: un enclave de luz en la cima de Traslasierra -","isPartOf":{"@id":"https:\/\/modoviajeok.com.ar\/#website"},"primaryImageOfPage":{"@id":"https:\/\/modoviajeok.com.ar\/index.php\/2025\/12\/22\/faro-il-bolo-sierras-apart-un-enclave-de-luz-en-la-cima-de-traslasierra\/#primaryimage"},"image":{"@id":"https:\/\/modoviajeok.com.ar\/index.php\/2025\/12\/22\/faro-il-bolo-sierras-apart-un-enclave-de-luz-en-la-cima-de-traslasierra\/#primaryimage"},"thumbnailUrl":"https:\/\/modoviajeok.com.ar\/wp-content\/uploads\/2025\/12\/WhatsApp-Image-2025-12-09-at-13.15.30-2.jpeg","datePublished":"2025-12-22T11:52:27+00:00","dateModified":"2026-01-10T14:36:37+00:00","breadcrumb":{"@id":"https:\/\/modoviajeok.com.ar\/index.php\/2025\/12\/22\/faro-il-bolo-sierras-apart-un-enclave-de-luz-en-la-cima-de-traslasierra\/#breadcrumb"},"inLanguage":"es","potentialAction":[{"@type":"ReadAction","target":["https:\/\/modoviajeok.com.ar\/index.php\/2025\/12\/22\/faro-il-bolo-sierras-apart-un-enclave-de-luz-en-la-cima-de-traslasierra\/"]}]},{"@type":"ImageObject","inLanguage":"es","@id":"https:\/\/modoviajeok.com.ar\/index.php\/2025\/12\/22\/faro-il-bolo-sierras-apart-un-enclave-de-luz-en-la-cima-de-traslasierra\/#primaryimage","url":"https:\/\/modoviajeok.com.ar\/wp-content\/uploads\/2025\/12\/WhatsApp-Image-2025-12-09-at-13.15.30-2.jpeg","contentUrl":"https:\/\/modoviajeok.com.ar\/wp-content\/uploads\/2025\/12\/WhatsApp-Image-2025-12-09-at-13.15.30-2.jpeg","width":412,"height":549},{"@type":"BreadcrumbList","@id":"https:\/\/modoviajeok.com.ar\/index.php\/2025\/12\/22\/faro-il-bolo-sierras-apart-un-enclave-de-luz-en-la-cima-de-traslasierra\/#breadcrumb","itemListElement":[{"@type":"ListItem","position":1,"name":"Portada","item":"https:\/\/modoviajeok.com.ar\/"},{"@type":"ListItem","position":2,"name":"Faro Il Bolo Sierras Apart: un enclave de luz en la cima de Traslasierra"}]},{"@type":"WebSite","@id":"https:\/\/modoviajeok.com.ar\/#website","url":"https:\/\/modoviajeok.com.ar\/","name":"ModoViajeOK","description":"","publisher":{"@id":"https:\/\/modoviajeok.com.ar\/#organization"},"potentialAction":[{"@type":"SearchAction","target":{"@type":"EntryPoint","urlTemplate":"https:\/\/modoviajeok.com.ar\/?s={search_term_string}"},"query-input":{"@type":"PropertyValueSpecification","valueRequired":true,"valueName":"search_term_string"}}],"inLanguage":"es"},{"@type":"Organization","@id":"https:\/\/modoviajeok.com.ar\/#organization","name":"ModoViajeOK","url":"https:\/\/modoviajeok.com.ar\/","logo":{"@type":"ImageObject","inLanguage":"es","@id":"https:\/\/modoviajeok.com.ar\/#\/schema\/logo\/image\/","url":"https:\/\/modoviajeok.com.ar\/wp-content\/uploads\/2025\/01\/Logo-modoviajeok.png","contentUrl":"https:\/\/modoviajeok.com.ar\/wp-content\/uploads\/2025\/01\/Logo-modoviajeok.png","width":2938,"height":2276,"caption":"ModoViajeOK"},"image":{"@id":"https:\/\/modoviajeok.com.ar\/#\/schema\/logo\/image\/"},"sameAs":["https:\/\/www.facebook.com\/mariana.otero1\/","https:\/\/www.instagram.com\/modoviaje.ok\/"]},{"@type":"Person","@id":"https:\/\/modoviajeok.com.ar\/#\/schema\/person\/2e299ed0d3d412a01d244fe28260d7f5","name":"Pepe Segura","image":{"@type":"ImageObject","inLanguage":"es","@id":"https:\/\/modoviajeok.com.ar\/#\/schema\/person\/image\/","url":"https:\/\/secure.gravatar.com\/avatar\/65eb4b34deed761327f5b2c5535b987318ae807900ac46426de7258f5de6d345?s=96&d=mm&r=g","contentUrl":"https:\/\/secure.gravatar.com\/avatar\/65eb4b34deed761327f5b2c5535b987318ae807900ac46426de7258f5de6d345?s=96&d=mm&r=g","caption":"Pepe Segura"},"url":"https:\/\/modoviajeok.com.ar\/index.php\/author\/pepe2025\/"}]}},"_links":{"self":[{"href":"https:\/\/modoviajeok.com.ar\/index.php\/wp-json\/wp\/v2\/posts\/6821","targetHints":{"allow":["GET"]}}],"collection":[{"href":"https:\/\/modoviajeok.com.ar\/index.php\/wp-json\/wp\/v2\/posts"}],"about":[{"href":"https:\/\/modoviajeok.com.ar\/index.php\/wp-json\/wp\/v2\/types\/post"}],"author":[{"embeddable":true,"href":"https:\/\/modoviajeok.com.ar\/index.php\/wp-json\/wp\/v2\/users\/3"}],"replies":[{"embeddable":true,"href":"https:\/\/modoviajeok.com.ar\/index.php\/wp-json\/wp\/v2\/comments?post=6821"}],"version-history":[{"count":2,"href":"https:\/\/modoviajeok.com.ar\/index.php\/wp-json\/wp\/v2\/posts\/6821\/revisions"}],"predecessor-version":[{"id":6840,"href":"https:\/\/modoviajeok.com.ar\/index.php\/wp-json\/wp\/v2\/posts\/6821\/revisions\/6840"}],"wp:featuredmedia":[{"embeddable":true,"href":"https:\/\/modoviajeok.com.ar\/index.php\/wp-json\/wp\/v2\/media\/6831"}],"wp:attachment":[{"href":"https:\/\/modoviajeok.com.ar\/index.php\/wp-json\/wp\/v2\/media?parent=6821"}],"wp:term":[{"taxonomy":"category","embeddable":true,"href":"https:\/\/modoviajeok.com.ar\/index.php\/wp-json\/wp\/v2\/categories?post=6821"},{"taxonomy":"post_tag","embeddable":true,"href":"https:\/\/modoviajeok.com.ar\/index.php\/wp-json\/wp\/v2\/tags?post=6821"}],"curies":[{"name":"wp","href":"https:\/\/api.w.org\/{rel}","templated":true}]}}