{"id":6845,"date":"2025-12-13T08:00:00","date_gmt":"2025-12-13T11:00:00","guid":{"rendered":"https:\/\/modoviajeok.com.ar\/?p=6845"},"modified":"2025-12-13T10:35:08","modified_gmt":"2025-12-13T13:35:08","slug":"carlos-paz-tendra-su-propio-tramo-al-camino-de-brochero","status":"publish","type":"post","link":"https:\/\/modoviajeok.com.ar\/index.php\/2025\/12\/13\/carlos-paz-tendra-su-propio-tramo-al-camino-de-brochero\/","title":{"rendered":"Carlos Paz tendr\u00e1 su propio tramo al Camino de Brochero"},"content":{"rendered":"\n<figure class=\"wp-block-image size-full\"><img loading=\"lazy\" decoding=\"async\" width=\"1836\" height=\"1766\" src=\"https:\/\/modoviajeok.com.ar\/wp-content\/uploads\/2025\/12\/20250117_102200-2.jpg\" alt=\"\" class=\"wp-image-6847\" srcset=\"https:\/\/modoviajeok.com.ar\/wp-content\/uploads\/2025\/12\/20250117_102200-2.jpg 1836w, https:\/\/modoviajeok.com.ar\/wp-content\/uploads\/2025\/12\/20250117_102200-2-768x739.jpg 768w, https:\/\/modoviajeok.com.ar\/wp-content\/uploads\/2025\/12\/20250117_102200-2-1536x1477.jpg 1536w, https:\/\/modoviajeok.com.ar\/wp-content\/uploads\/2025\/12\/20250117_102200-2-437x420.jpg 437w, https:\/\/modoviajeok.com.ar\/wp-content\/uploads\/2025\/12\/20250117_102200-2-150x144.jpg 150w, https:\/\/modoviajeok.com.ar\/wp-content\/uploads\/2025\/12\/20250117_102200-2-300x289.jpg 300w, https:\/\/modoviajeok.com.ar\/wp-content\/uploads\/2025\/12\/20250117_102200-2-696x669.jpg 696w, https:\/\/modoviajeok.com.ar\/wp-content\/uploads\/2025\/12\/20250117_102200-2-1068x1027.jpg 1068w\" sizes=\"auto, (max-width: 1836px) 100vw, 1836px\" \/><figcaption class=\"wp-element-caption\">En el Parque Estancia La Quinta funcionar\u00e1 el&nbsp;primer punto de sellado del pasaporte Brochero.<\/figcaption><\/figure>\n\n\n\n<p><a href=\"https:\/\/www.facebook.com\/sharer.php?u=https%3A%2F%2Fwww.carlospazvivo.com%2Fcarlos-paz-tendra-su-propio-tramo-al-camino-de-brochero-que-lugares-recorrera%2F\"><\/a><\/p>\n\n\n\n<p><a href=\"https:\/\/www.carlospazvivo.com\/carlos-paz-tendra-su-propio-tramo-al-camino-de-brochero-que-lugares-recorrera\/\">Villa Carlos Paz<\/a>&nbsp;oficializ\u00f3 el pasado jueves 11 su incorporaci\u00f3n al&nbsp;Camino de Brochero, el proyecto tur\u00edstico-religioso m\u00e1s relevante que impulsa la provincia en honor al Cura Gaucho, primer santo argentino.<\/p>\n\n\n\n<p><a href=\"https:\/\/go.ezodn.com\/ads\/charity\/proxy?p_id=3fd5893e-aad9-4c19-75cb-b3a7fb28b68a&amp;d_id=700627&amp;imp_id=400022450646078&amp;c_id=1156&amp;l_id=10016&amp;url=https%3A%2F%2Fplanetwild.com%2Fcontribute%2Fstart%3Fredirect%3D%2F%26amp%3Butm_campaign%3Dtofu_free_traffic_25%5B%C3%A2%E2%82%AC%C2%A6%5D_medium%3DAd%26amp%3Butm_source%3DGoogle%26amp%3Butm_funnel%3Dtofu%26amp%3Butm_type%3Dtraffic.&amp;ffid=1&amp;co=AR\"><\/a><\/p>\n\n\n\n<p>La presentaci\u00f3n cont\u00f3 con la participaci\u00f3n del&nbsp;presidente de la Agencia C\u00f3rdoba Turismo, Dar\u00edo Capitani; el&nbsp;intendente, Esteban Avil\u00e9s y el secretario de Turismo, Sebasti\u00e1n Boldrini.<\/p>\n\n\n\n<p>El tramo local que tendr\u00e1 11 kil\u00f3metros de extensi\u00f3n ser\u00e1 se\u00f1alizado para lo cual se aprob\u00f3 recientemente una ordenanza que permite la intervenci\u00f3n con baldosas y mojones que respetan el mismo dise\u00f1o que en el resto de la provincia.<\/p>\n\n\n\n<p>El camino se iniciar\u00e1 en el acceso a la ciudad por calle&nbsp;Nahuel Huapi, seguir\u00e1 por la&nbsp;Costanera&nbsp;con puntos emblem\u00e1ticos como el&nbsp;Puente Uruguay&nbsp;y el&nbsp;Puente Centenario, y llegar\u00e1 hasta el&nbsp;Parque Estancia La Quinta, donde funcionar\u00e1 el&nbsp;primer punto de sellado del pasaporte Brochero.<\/p>\n\n\n\n<p>Luego continuar\u00e1 hacia&nbsp;Playa de Oro&nbsp;y desde all\u00ed bordear\u00e1 el r\u00edo rumbo a&nbsp;San Antonio de Arredondo.<\/p>\n\n\n\n<p>El presidente de la Agencia C\u00f3rdoba Turismo, Dar\u00edo Capitani, &nbsp;destac\u00f3 la visi\u00f3n estrat\u00e9gica del proyecto, que busca consolidar un producto competitivo a nivel internacional. Record\u00f3 que muchas de las gestiones comenzaron cuando Avil\u00e9s presid\u00eda la Agencia C\u00f3rdoba Turismo, entre ellas el hermanamiento con el&nbsp;Camino de Santiago de Compostela. \u201cEn Villa Carlos Paz se intervendr\u00e1n esos 11 kil\u00f3metros con&nbsp;baldosas identitarias, mojones y se\u00f1alizaci\u00f3n. Esto se integra a una segunda etapa del proyecto, que incluye la recuperaci\u00f3n del&nbsp;Hotel El C\u00f3ndor&nbsp;como centro de recepci\u00f3n del peregrino y una nueva infraestructura de acogida en Villa Cura Brochero\u201d, detall\u00f3.<\/p>\n\n\n\n<p>Tambi\u00e9n remarc\u00f3 que ya est\u00e1 en marcha el&nbsp;certificado dual&nbsp;con Compostela, que permite validar kil\u00f3metros recorridos en ambos caminos, potenciando la llegada de visitantes internacionales.<\/p>\n\n\n\n<p>Sobre cu\u00e1ndo comenzar\u00e1n las tareas de se\u00f1alizaci\u00f3n, desde la Agencia C\u00f3rdoba Turismo confirmaron que la semana pr\u00f3xima ya se instalar\u00e1n las baldosas.<\/p>\n\n\n\n<p><strong>Un camino que recorre 16 barrios<\/strong><\/p>\n\n\n\n<p>Avil\u00e9s, en tanto, subray\u00f3 que el tramo local del Camino de Brochero ofrecer\u00e1&nbsp;accesibilidad, seguridad y paisajes \u00fanicos. \u201cEste camino nos obliga a tomar una responsabilidad compartida entre el sector p\u00fablico y el privado. Recorre m\u00e1s de&nbsp;16 barrios, integra a la comunidad y permitir\u00e1 potenciar las fortalezas del turismo religioso en la ciudad\u201d, sostuvo.<\/p>\n\n\n\n<p>Tambi\u00e9n se anunci\u00f3 que, a trav\u00e9s de c\u00f3digo QR, se podr\u00e1 acceder al detalle del circuito en la web oficial de Turismo.<\/p>\n\n\n      <div class=\"wp_bannerize_container wp_bannerize_layout_vertical\">\n\n        <div class=\"wp_bannerize_banner_box wp_bannerize_category_intertexto-1\" data-title=\"Modo viaje\" data-mime_type=\"image-gif\" data-banner_id=\"1783\" id=\"wpbanner-1783\" data-impressions_enabled=\"true\" data-clicks_enabled=\"true\"><a href=\"https:\/\/www.instagram.com\/modoviaje.ok?igsh=Z3c5emxsZWFtdXN3\"><img decoding=\"async\" border=\"0\" src=\"https:\/\/modoviajeok.com.ar\/wp-content\/uploads\/2025\/02\/modoviaje.ok-300-x-250-px.gif\" alt=\"Modo viaje\" title=\"Modo viaje\" \/><\/a><\/div>      <\/div>\n\n\n","protected":false},"excerpt":{"rendered":"<p>Villa Carlos Paz&nbsp;oficializ\u00f3 el pasado jueves 11 su incorporaci\u00f3n al&nbsp;Camino de Brochero, el proyecto tur\u00edstico-religioso m\u00e1s relevante que impulsa la provincia en honor al Cura Gaucho, primer santo argentino. La presentaci\u00f3n cont\u00f3 con la participaci\u00f3n del&nbsp;presidente de la Agencia C\u00f3rdoba Turismo, Dar\u00edo Capitani; el&nbsp;intendente, Esteban Avil\u00e9s y el secretario de Turismo, Sebasti\u00e1n Boldrini. El tramo [&hellip;]<\/p>\n","protected":false},"author":3,"featured_media":6846,"comment_status":"open","ping_status":"open","sticky":false,"template":"","format":"standard","meta":{"_acf_changed":false,"footnotes":""},"categories":[11,10],"tags":[666,1106],"class_list":{"0":"post-6845","1":"post","2":"type-post","3":"status-publish","4":"format-standard","5":"has-post-thumbnail","7":"category-cordoba","8":"category-noticias","9":"tag-camino-de-brochero","10":"tag-villa-carlos-paz"},"acf":[],"yoast_head":"<!-- This site is optimized with the Yoast SEO plugin v24.8.1 - https:\/\/yoast.com\/wordpress\/plugins\/seo\/ -->\n<title>Carlos Paz tendr\u00e1 su propio tramo al Camino de Brochero -<\/title>\n<meta name=\"robots\" content=\"index, follow, max-snippet:-1, max-image-preview:large, max-video-preview:-1\" \/>\n<link rel=\"canonical\" href=\"https:\/\/modoviajeok.com.ar\/index.php\/2025\/12\/13\/carlos-paz-tendra-su-propio-tramo-al-camino-de-brochero\/\" \/>\n<meta property=\"og:locale\" content=\"es_ES\" \/>\n<meta property=\"og:type\" content=\"article\" \/>\n<meta property=\"og:title\" content=\"Carlos Paz tendr\u00e1 su propio tramo al Camino de Brochero -\" \/>\n<meta property=\"og:description\" content=\"Villa Carlos Paz&nbsp;oficializ\u00f3 el pasado jueves 11 su incorporaci\u00f3n al&nbsp;Camino de Brochero, el proyecto tur\u00edstico-religioso m\u00e1s relevante que impulsa la provincia en honor al Cura Gaucho, primer santo argentino. La presentaci\u00f3n cont\u00f3 con la participaci\u00f3n del&nbsp;presidente de la Agencia C\u00f3rdoba Turismo, Dar\u00edo Capitani; el&nbsp;intendente, Esteban Avil\u00e9s y el secretario de Turismo, Sebasti\u00e1n Boldrini. El tramo [&hellip;]\" \/>\n<meta property=\"og:url\" content=\"https:\/\/modoviajeok.com.ar\/index.php\/2025\/12\/13\/carlos-paz-tendra-su-propio-tramo-al-camino-de-brochero\/\" \/>\n<meta property=\"article:publisher\" content=\"https:\/\/www.facebook.com\/mariana.otero1\/\" \/>\n<meta property=\"article:published_time\" content=\"2025-12-13T11:00:00+00:00\" \/>\n<meta property=\"article:modified_time\" content=\"2025-12-13T13:35:08+00:00\" \/>\n<meta property=\"og:image\" content=\"https:\/\/modoviajeok.com.ar\/wp-content\/uploads\/2025\/12\/20251114_174159.jpg\" \/>\n\t<meta property=\"og:image:width\" content=\"1822\" \/>\n\t<meta property=\"og:image:height\" content=\"2233\" \/>\n\t<meta property=\"og:image:type\" content=\"image\/jpeg\" \/>\n<meta name=\"author\" content=\"Pepe Segura\" \/>\n<meta name=\"twitter:card\" content=\"summary_large_image\" \/>\n<meta name=\"twitter:label1\" content=\"Escrito por\" \/>\n\t<meta name=\"twitter:data1\" content=\"Pepe Segura\" \/>\n\t<meta name=\"twitter:label2\" content=\"Tiempo de lectura\" \/>\n\t<meta name=\"twitter:data2\" content=\"3 minutos\" \/>\n<script type=\"application\/ld+json\" class=\"yoast-schema-graph\">{\"@context\":\"https:\/\/schema.org\",\"@graph\":[{\"@type\":\"Article\",\"@id\":\"https:\/\/modoviajeok.com.ar\/index.php\/2025\/12\/13\/carlos-paz-tendra-su-propio-tramo-al-camino-de-brochero\/#article\",\"isPartOf\":{\"@id\":\"https:\/\/modoviajeok.com.ar\/index.php\/2025\/12\/13\/carlos-paz-tendra-su-propio-tramo-al-camino-de-brochero\/\"},\"author\":{\"name\":\"Pepe Segura\",\"@id\":\"https:\/\/modoviajeok.com.ar\/#\/schema\/person\/2e299ed0d3d412a01d244fe28260d7f5\"},\"headline\":\"Carlos Paz tendr\u00e1 su propio tramo al Camino de Brochero\",\"datePublished\":\"2025-12-13T11:00:00+00:00\",\"dateModified\":\"2025-12-13T13:35:08+00:00\",\"mainEntityOfPage\":{\"@id\":\"https:\/\/modoviajeok.com.ar\/index.php\/2025\/12\/13\/carlos-paz-tendra-su-propio-tramo-al-camino-de-brochero\/\"},\"wordCount\":487,\"commentCount\":0,\"publisher\":{\"@id\":\"https:\/\/modoviajeok.com.ar\/#organization\"},\"image\":{\"@id\":\"https:\/\/modoviajeok.com.ar\/index.php\/2025\/12\/13\/carlos-paz-tendra-su-propio-tramo-al-camino-de-brochero\/#primaryimage\"},\"thumbnailUrl\":\"https:\/\/modoviajeok.com.ar\/wp-content\/uploads\/2025\/12\/20251114_174159.jpg\",\"keywords\":[\"camino de brochero\",\"villa carlos paz\"],\"articleSection\":[\"C\u00f3rdoba\",\"Noticias\"],\"inLanguage\":\"es\",\"potentialAction\":[{\"@type\":\"CommentAction\",\"name\":\"Comment\",\"target\":[\"https:\/\/modoviajeok.com.ar\/index.php\/2025\/12\/13\/carlos-paz-tendra-su-propio-tramo-al-camino-de-brochero\/#respond\"]}]},{\"@type\":\"WebPage\",\"@id\":\"https:\/\/modoviajeok.com.ar\/index.php\/2025\/12\/13\/carlos-paz-tendra-su-propio-tramo-al-camino-de-brochero\/\",\"url\":\"https:\/\/modoviajeok.com.ar\/index.php\/2025\/12\/13\/carlos-paz-tendra-su-propio-tramo-al-camino-de-brochero\/\",\"name\":\"Carlos Paz tendr\u00e1 su propio tramo al Camino de Brochero -\",\"isPartOf\":{\"@id\":\"https:\/\/modoviajeok.com.ar\/#website\"},\"primaryImageOfPage\":{\"@id\":\"https:\/\/modoviajeok.com.ar\/index.php\/2025\/12\/13\/carlos-paz-tendra-su-propio-tramo-al-camino-de-brochero\/#primaryimage\"},\"image\":{\"@id\":\"https:\/\/modoviajeok.com.ar\/index.php\/2025\/12\/13\/carlos-paz-tendra-su-propio-tramo-al-camino-de-brochero\/#primaryimage\"},\"thumbnailUrl\":\"https:\/\/modoviajeok.com.ar\/wp-content\/uploads\/2025\/12\/20251114_174159.jpg\",\"datePublished\":\"2025-12-13T11:00:00+00:00\",\"dateModified\":\"2025-12-13T13:35:08+00:00\",\"breadcrumb\":{\"@id\":\"https:\/\/modoviajeok.com.ar\/index.php\/2025\/12\/13\/carlos-paz-tendra-su-propio-tramo-al-camino-de-brochero\/#breadcrumb\"},\"inLanguage\":\"es\",\"potentialAction\":[{\"@type\":\"ReadAction\",\"target\":[\"https:\/\/modoviajeok.com.ar\/index.php\/2025\/12\/13\/carlos-paz-tendra-su-propio-tramo-al-camino-de-brochero\/\"]}]},{\"@type\":\"ImageObject\",\"inLanguage\":\"es\",\"@id\":\"https:\/\/modoviajeok.com.ar\/index.php\/2025\/12\/13\/carlos-paz-tendra-su-propio-tramo-al-camino-de-brochero\/#primaryimage\",\"url\":\"https:\/\/modoviajeok.com.ar\/wp-content\/uploads\/2025\/12\/20251114_174159.jpg\",\"contentUrl\":\"https:\/\/modoviajeok.com.ar\/wp-content\/uploads\/2025\/12\/20251114_174159.jpg\",\"width\":1822,\"height\":2233},{\"@type\":\"BreadcrumbList\",\"@id\":\"https:\/\/modoviajeok.com.ar\/index.php\/2025\/12\/13\/carlos-paz-tendra-su-propio-tramo-al-camino-de-brochero\/#breadcrumb\",\"itemListElement\":[{\"@type\":\"ListItem\",\"position\":1,\"name\":\"Portada\",\"item\":\"https:\/\/modoviajeok.com.ar\/\"},{\"@type\":\"ListItem\",\"position\":2,\"name\":\"Carlos Paz tendr\u00e1 su propio tramo al Camino de Brochero\"}]},{\"@type\":\"WebSite\",\"@id\":\"https:\/\/modoviajeok.com.ar\/#website\",\"url\":\"https:\/\/modoviajeok.com.ar\/\",\"name\":\"ModoViajeOK\",\"description\":\"\",\"publisher\":{\"@id\":\"https:\/\/modoviajeok.com.ar\/#organization\"},\"potentialAction\":[{\"@type\":\"SearchAction\",\"target\":{\"@type\":\"EntryPoint\",\"urlTemplate\":\"https:\/\/modoviajeok.com.ar\/?s={search_term_string}\"},\"query-input\":{\"@type\":\"PropertyValueSpecification\",\"valueRequired\":true,\"valueName\":\"search_term_string\"}}],\"inLanguage\":\"es\"},{\"@type\":\"Organization\",\"@id\":\"https:\/\/modoviajeok.com.ar\/#organization\",\"name\":\"ModoViajeOK\",\"url\":\"https:\/\/modoviajeok.com.ar\/\",\"logo\":{\"@type\":\"ImageObject\",\"inLanguage\":\"es\",\"@id\":\"https:\/\/modoviajeok.com.ar\/#\/schema\/logo\/image\/\",\"url\":\"https:\/\/modoviajeok.com.ar\/wp-content\/uploads\/2025\/01\/Logo-modoviajeok.png\",\"contentUrl\":\"https:\/\/modoviajeok.com.ar\/wp-content\/uploads\/2025\/01\/Logo-modoviajeok.png\",\"width\":2938,\"height\":2276,\"caption\":\"ModoViajeOK\"},\"image\":{\"@id\":\"https:\/\/modoviajeok.com.ar\/#\/schema\/logo\/image\/\"},\"sameAs\":[\"https:\/\/www.facebook.com\/mariana.otero1\/\",\"https:\/\/www.instagram.com\/modoviaje.ok\/\"]},{\"@type\":\"Person\",\"@id\":\"https:\/\/modoviajeok.com.ar\/#\/schema\/person\/2e299ed0d3d412a01d244fe28260d7f5\",\"name\":\"Pepe Segura\",\"image\":{\"@type\":\"ImageObject\",\"inLanguage\":\"es\",\"@id\":\"https:\/\/modoviajeok.com.ar\/#\/schema\/person\/image\/\",\"url\":\"https:\/\/secure.gravatar.com\/avatar\/65eb4b34deed761327f5b2c5535b987318ae807900ac46426de7258f5de6d345?s=96&d=mm&r=g\",\"contentUrl\":\"https:\/\/secure.gravatar.com\/avatar\/65eb4b34deed761327f5b2c5535b987318ae807900ac46426de7258f5de6d345?s=96&d=mm&r=g\",\"caption\":\"Pepe Segura\"},\"url\":\"https:\/\/modoviajeok.com.ar\/index.php\/author\/pepe2025\/\"}]}<\/script>\n<!-- \/ Yoast SEO plugin. -->","yoast_head_json":{"title":"Carlos Paz tendr\u00e1 su propio tramo al Camino de Brochero -","robots":{"index":"index","follow":"follow","max-snippet":"max-snippet:-1","max-image-preview":"max-image-preview:large","max-video-preview":"max-video-preview:-1"},"canonical":"https:\/\/modoviajeok.com.ar\/index.php\/2025\/12\/13\/carlos-paz-tendra-su-propio-tramo-al-camino-de-brochero\/","og_locale":"es_ES","og_type":"article","og_title":"Carlos Paz tendr\u00e1 su propio tramo al Camino de Brochero -","og_description":"Villa Carlos Paz&nbsp;oficializ\u00f3 el pasado jueves 11 su incorporaci\u00f3n al&nbsp;Camino de Brochero, el proyecto tur\u00edstico-religioso m\u00e1s relevante que impulsa la provincia en honor al Cura Gaucho, primer santo argentino. La presentaci\u00f3n cont\u00f3 con la participaci\u00f3n del&nbsp;presidente de la Agencia C\u00f3rdoba Turismo, Dar\u00edo Capitani; el&nbsp;intendente, Esteban Avil\u00e9s y el secretario de Turismo, Sebasti\u00e1n Boldrini. El tramo [&hellip;]","og_url":"https:\/\/modoviajeok.com.ar\/index.php\/2025\/12\/13\/carlos-paz-tendra-su-propio-tramo-al-camino-de-brochero\/","article_publisher":"https:\/\/www.facebook.com\/mariana.otero1\/","article_published_time":"2025-12-13T11:00:00+00:00","article_modified_time":"2025-12-13T13:35:08+00:00","og_image":[{"width":1822,"height":2233,"url":"https:\/\/modoviajeok.com.ar\/wp-content\/uploads\/2025\/12\/20251114_174159.jpg","type":"image\/jpeg"}],"author":"Pepe Segura","twitter_card":"summary_large_image","twitter_misc":{"Escrito por":"Pepe Segura","Tiempo de lectura":"3 minutos"},"schema":{"@context":"https:\/\/schema.org","@graph":[{"@type":"Article","@id":"https:\/\/modoviajeok.com.ar\/index.php\/2025\/12\/13\/carlos-paz-tendra-su-propio-tramo-al-camino-de-brochero\/#article","isPartOf":{"@id":"https:\/\/modoviajeok.com.ar\/index.php\/2025\/12\/13\/carlos-paz-tendra-su-propio-tramo-al-camino-de-brochero\/"},"author":{"name":"Pepe Segura","@id":"https:\/\/modoviajeok.com.ar\/#\/schema\/person\/2e299ed0d3d412a01d244fe28260d7f5"},"headline":"Carlos Paz tendr\u00e1 su propio tramo al Camino de Brochero","datePublished":"2025-12-13T11:00:00+00:00","dateModified":"2025-12-13T13:35:08+00:00","mainEntityOfPage":{"@id":"https:\/\/modoviajeok.com.ar\/index.php\/2025\/12\/13\/carlos-paz-tendra-su-propio-tramo-al-camino-de-brochero\/"},"wordCount":487,"commentCount":0,"publisher":{"@id":"https:\/\/modoviajeok.com.ar\/#organization"},"image":{"@id":"https:\/\/modoviajeok.com.ar\/index.php\/2025\/12\/13\/carlos-paz-tendra-su-propio-tramo-al-camino-de-brochero\/#primaryimage"},"thumbnailUrl":"https:\/\/modoviajeok.com.ar\/wp-content\/uploads\/2025\/12\/20251114_174159.jpg","keywords":["camino de brochero","villa carlos paz"],"articleSection":["C\u00f3rdoba","Noticias"],"inLanguage":"es","potentialAction":[{"@type":"CommentAction","name":"Comment","target":["https:\/\/modoviajeok.com.ar\/index.php\/2025\/12\/13\/carlos-paz-tendra-su-propio-tramo-al-camino-de-brochero\/#respond"]}]},{"@type":"WebPage","@id":"https:\/\/modoviajeok.com.ar\/index.php\/2025\/12\/13\/carlos-paz-tendra-su-propio-tramo-al-camino-de-brochero\/","url":"https:\/\/modoviajeok.com.ar\/index.php\/2025\/12\/13\/carlos-paz-tendra-su-propio-tramo-al-camino-de-brochero\/","name":"Carlos Paz tendr\u00e1 su propio tramo al Camino de Brochero -","isPartOf":{"@id":"https:\/\/modoviajeok.com.ar\/#website"},"primaryImageOfPage":{"@id":"https:\/\/modoviajeok.com.ar\/index.php\/2025\/12\/13\/carlos-paz-tendra-su-propio-tramo-al-camino-de-brochero\/#primaryimage"},"image":{"@id":"https:\/\/modoviajeok.com.ar\/index.php\/2025\/12\/13\/carlos-paz-tendra-su-propio-tramo-al-camino-de-brochero\/#primaryimage"},"thumbnailUrl":"https:\/\/modoviajeok.com.ar\/wp-content\/uploads\/2025\/12\/20251114_174159.jpg","datePublished":"2025-12-13T11:00:00+00:00","dateModified":"2025-12-13T13:35:08+00:00","breadcrumb":{"@id":"https:\/\/modoviajeok.com.ar\/index.php\/2025\/12\/13\/carlos-paz-tendra-su-propio-tramo-al-camino-de-brochero\/#breadcrumb"},"inLanguage":"es","potentialAction":[{"@type":"ReadAction","target":["https:\/\/modoviajeok.com.ar\/index.php\/2025\/12\/13\/carlos-paz-tendra-su-propio-tramo-al-camino-de-brochero\/"]}]},{"@type":"ImageObject","inLanguage":"es","@id":"https:\/\/modoviajeok.com.ar\/index.php\/2025\/12\/13\/carlos-paz-tendra-su-propio-tramo-al-camino-de-brochero\/#primaryimage","url":"https:\/\/modoviajeok.com.ar\/wp-content\/uploads\/2025\/12\/20251114_174159.jpg","contentUrl":"https:\/\/modoviajeok.com.ar\/wp-content\/uploads\/2025\/12\/20251114_174159.jpg","width":1822,"height":2233},{"@type":"BreadcrumbList","@id":"https:\/\/modoviajeok.com.ar\/index.php\/2025\/12\/13\/carlos-paz-tendra-su-propio-tramo-al-camino-de-brochero\/#breadcrumb","itemListElement":[{"@type":"ListItem","position":1,"name":"Portada","item":"https:\/\/modoviajeok.com.ar\/"},{"@type":"ListItem","position":2,"name":"Carlos Paz tendr\u00e1 su propio tramo al Camino de Brochero"}]},{"@type":"WebSite","@id":"https:\/\/modoviajeok.com.ar\/#website","url":"https:\/\/modoviajeok.com.ar\/","name":"ModoViajeOK","description":"","publisher":{"@id":"https:\/\/modoviajeok.com.ar\/#organization"},"potentialAction":[{"@type":"SearchAction","target":{"@type":"EntryPoint","urlTemplate":"https:\/\/modoviajeok.com.ar\/?s={search_term_string}"},"query-input":{"@type":"PropertyValueSpecification","valueRequired":true,"valueName":"search_term_string"}}],"inLanguage":"es"},{"@type":"Organization","@id":"https:\/\/modoviajeok.com.ar\/#organization","name":"ModoViajeOK","url":"https:\/\/modoviajeok.com.ar\/","logo":{"@type":"ImageObject","inLanguage":"es","@id":"https:\/\/modoviajeok.com.ar\/#\/schema\/logo\/image\/","url":"https:\/\/modoviajeok.com.ar\/wp-content\/uploads\/2025\/01\/Logo-modoviajeok.png","contentUrl":"https:\/\/modoviajeok.com.ar\/wp-content\/uploads\/2025\/01\/Logo-modoviajeok.png","width":2938,"height":2276,"caption":"ModoViajeOK"},"image":{"@id":"https:\/\/modoviajeok.com.ar\/#\/schema\/logo\/image\/"},"sameAs":["https:\/\/www.facebook.com\/mariana.otero1\/","https:\/\/www.instagram.com\/modoviaje.ok\/"]},{"@type":"Person","@id":"https:\/\/modoviajeok.com.ar\/#\/schema\/person\/2e299ed0d3d412a01d244fe28260d7f5","name":"Pepe Segura","image":{"@type":"ImageObject","inLanguage":"es","@id":"https:\/\/modoviajeok.com.ar\/#\/schema\/person\/image\/","url":"https:\/\/secure.gravatar.com\/avatar\/65eb4b34deed761327f5b2c5535b987318ae807900ac46426de7258f5de6d345?s=96&d=mm&r=g","contentUrl":"https:\/\/secure.gravatar.com\/avatar\/65eb4b34deed761327f5b2c5535b987318ae807900ac46426de7258f5de6d345?s=96&d=mm&r=g","caption":"Pepe Segura"},"url":"https:\/\/modoviajeok.com.ar\/index.php\/author\/pepe2025\/"}]}},"_links":{"self":[{"href":"https:\/\/modoviajeok.com.ar\/index.php\/wp-json\/wp\/v2\/posts\/6845","targetHints":{"allow":["GET"]}}],"collection":[{"href":"https:\/\/modoviajeok.com.ar\/index.php\/wp-json\/wp\/v2\/posts"}],"about":[{"href":"https:\/\/modoviajeok.com.ar\/index.php\/wp-json\/wp\/v2\/types\/post"}],"author":[{"embeddable":true,"href":"https:\/\/modoviajeok.com.ar\/index.php\/wp-json\/wp\/v2\/users\/3"}],"replies":[{"embeddable":true,"href":"https:\/\/modoviajeok.com.ar\/index.php\/wp-json\/wp\/v2\/comments?post=6845"}],"version-history":[{"count":3,"href":"https:\/\/modoviajeok.com.ar\/index.php\/wp-json\/wp\/v2\/posts\/6845\/revisions"}],"predecessor-version":[{"id":6855,"href":"https:\/\/modoviajeok.com.ar\/index.php\/wp-json\/wp\/v2\/posts\/6845\/revisions\/6855"}],"wp:featuredmedia":[{"embeddable":true,"href":"https:\/\/modoviajeok.com.ar\/index.php\/wp-json\/wp\/v2\/media\/6846"}],"wp:attachment":[{"href":"https:\/\/modoviajeok.com.ar\/index.php\/wp-json\/wp\/v2\/media?parent=6845"}],"wp:term":[{"taxonomy":"category","embeddable":true,"href":"https:\/\/modoviajeok.com.ar\/index.php\/wp-json\/wp\/v2\/categories?post=6845"},{"taxonomy":"post_tag","embeddable":true,"href":"https:\/\/modoviajeok.com.ar\/index.php\/wp-json\/wp\/v2\/tags?post=6845"}],"curies":[{"name":"wp","href":"https:\/\/api.w.org\/{rel}","templated":true}]}}