{"id":6908,"date":"2025-12-16T16:23:34","date_gmt":"2025-12-16T19:23:34","guid":{"rendered":"https:\/\/modoviajeok.com.ar\/?p=6908"},"modified":"2025-12-18T18:11:52","modified_gmt":"2025-12-18T21:11:52","slug":"ya-se-conocen-los-ganadores-de-las-entradas-para-el-parque-de-montana-quaras-en-villa-general-belgrano","status":"publish","type":"post","link":"https:\/\/modoviajeok.com.ar\/index.php\/2025\/12\/16\/ya-se-conocen-los-ganadores-de-las-entradas-para-el-parque-de-montana-quaras-en-villa-general-belgrano\/","title":{"rendered":"Ya se conocen los ganadores de las entradas para el PARQUE DE MONTA\u00d1A QUARAS en Villa General Belgrano"},"content":{"rendered":"\n<figure class=\"wp-block-image size-full\"><img loading=\"lazy\" decoding=\"async\" width=\"1440\" height=\"2560\" src=\"https:\/\/modoviajeok.com.ar\/wp-content\/uploads\/2025\/12\/DSC08128-scaled.jpg\" alt=\"\" class=\"wp-image-6910\" srcset=\"https:\/\/modoviajeok.com.ar\/wp-content\/uploads\/2025\/12\/DSC08128-scaled.jpg 1440w, https:\/\/modoviajeok.com.ar\/wp-content\/uploads\/2025\/12\/DSC08128-768x1365.jpg 768w, https:\/\/modoviajeok.com.ar\/wp-content\/uploads\/2025\/12\/DSC08128-864x1536.jpg 864w, https:\/\/modoviajeok.com.ar\/wp-content\/uploads\/2025\/12\/DSC08128-1152x2048.jpg 1152w, https:\/\/modoviajeok.com.ar\/wp-content\/uploads\/2025\/12\/DSC08128-236x420.jpg 236w, https:\/\/modoviajeok.com.ar\/wp-content\/uploads\/2025\/12\/DSC08128-150x267.jpg 150w, https:\/\/modoviajeok.com.ar\/wp-content\/uploads\/2025\/12\/DSC08128-300x533.jpg 300w, https:\/\/modoviajeok.com.ar\/wp-content\/uploads\/2025\/12\/DSC08128-696x1237.jpg 696w, https:\/\/modoviajeok.com.ar\/wp-content\/uploads\/2025\/12\/DSC08128-1068x1898.jpg 1068w, https:\/\/modoviajeok.com.ar\/wp-content\/uploads\/2025\/12\/DSC08128-1920x3412.jpg 1920w\" sizes=\"auto, (max-width: 1440px) 100vw, 1440px\" \/><\/figure>\n\n\n\n<p>\ud83e\udd29 Felicitaciones a&nbsp;<a href=\"https:\/\/www.instagram.com\/heredia.nadia\/\">@heredia.nadia<\/a>&nbsp;y&nbsp;<a href=\"https:\/\/www.instagram.com\/meli.racca\/\">@meli.racca<\/a>&nbsp;, que ganaron las entradas para el espectacular parque de monta\u00f1a&nbsp;<a href=\"https:\/\/www.instagram.com\/parquequaras\/\">@parquequaras<\/a>&nbsp;!!<br><br>\u2728 El sorteo se realiz\u00f3 hoy a las 13 horas, a trav\u00e9s de la aplicaci\u00f3n giveway picker, entre m\u00e1s de 1600 comentarios que cumpl\u00edan con todas las condiciones de participaci\u00f3n.<br><br>En el caso de que alguna de las ganadoras desista del premio, tenemos dos participantes suplentes para ocupar dicho lugar. Lo informaremos por aqu\u00ed.<br><br>\ud83e\udec2 Gracias a todos\/as por participar! Los invitamos a seguir las publicaciones viajeras de&nbsp;<a href=\"https:\/\/www.instagram.com\/modoviaje.ok\/\">@modoviaje.ok<\/a>&nbsp;y a visitar el&nbsp;<a href=\"https:\/\/www.instagram.com\/parquequaras\/\">@parquequaras<\/a>&nbsp;este verano!.<br><br>Un abrazo y felices fiestas \ud83c\udf8a\ud83c\udf84<br><br><a href=\"https:\/\/www.instagram.com\/explore\/tags\/parquequaras\/\">#parquequaras<\/a>&nbsp;<a href=\"https:\/\/www.instagram.com\/explore\/tags\/parquedemonta%C3%B1a\/\">#parquedemonta\u00f1a<\/a><br><a href=\"https:\/\/www.instagram.com\/explore\/tags\/villageneralbelgrano\/\">#villageneralbelgrano<\/a><\/p>\n\n\n      <div class=\"wp_bannerize_container wp_bannerize_layout_vertical\">\n\n        <div class=\"wp_bannerize_banner_box wp_bannerize_category_intertexto-1\" data-title=\"Modo viaje\" data-mime_type=\"image-gif\" data-banner_id=\"1783\" id=\"wpbanner-1783\" data-impressions_enabled=\"true\" data-clicks_enabled=\"true\"><a href=\"https:\/\/www.instagram.com\/modoviaje.ok?igsh=Z3c5emxsZWFtdXN3\"><img decoding=\"async\" border=\"0\" src=\"https:\/\/modoviajeok.com.ar\/wp-content\/uploads\/2025\/02\/modoviaje.ok-300-x-250-px.gif\" alt=\"Modo viaje\" title=\"Modo viaje\" \/><\/a><\/div>      <\/div>\n\n\n\n\n\n<p><\/p>\n","protected":false},"excerpt":{"rendered":"<p>\ud83e\udd29 Felicitaciones a&nbsp;@heredia.nadia&nbsp;y&nbsp;@meli.racca&nbsp;, que ganaron las entradas para el espectacular parque de monta\u00f1a&nbsp;@parquequaras&nbsp;!! \u2728 El sorteo se realiz\u00f3 hoy a las 13 horas, a trav\u00e9s de la aplicaci\u00f3n giveway picker, entre m\u00e1s de 1600 comentarios que cumpl\u00edan con todas las condiciones de participaci\u00f3n. En el caso de que alguna de las ganadoras desista del premio, [&hellip;]<\/p>\n","protected":false},"author":3,"featured_media":6712,"comment_status":"open","ping_status":"open","sticky":false,"template":"","format":"standard","meta":{"_acf_changed":false,"footnotes":""},"categories":[2],"tags":[1460,1443],"class_list":{"0":"post-6908","1":"post","2":"type-post","3":"status-publish","4":"format-standard","5":"has-post-thumbnail","7":"category-destacadas","8":"tag-parque-de-montana-quaras","9":"tag-villa-general-belgrano"},"acf":[],"yoast_head":"<!-- This site is optimized with the Yoast SEO plugin v24.8.1 - https:\/\/yoast.com\/wordpress\/plugins\/seo\/ -->\n<title>Ya se conocen los ganadores de las entradas para el PARQUE DE MONTA\u00d1A QUARAS en Villa General Belgrano -<\/title>\n<meta name=\"robots\" content=\"index, follow, max-snippet:-1, max-image-preview:large, max-video-preview:-1\" \/>\n<link rel=\"canonical\" href=\"https:\/\/modoviajeok.com.ar\/index.php\/2025\/12\/16\/ya-se-conocen-los-ganadores-de-las-entradas-para-el-parque-de-montana-quaras-en-villa-general-belgrano\/\" \/>\n<meta property=\"og:locale\" content=\"es_ES\" \/>\n<meta property=\"og:type\" content=\"article\" \/>\n<meta property=\"og:title\" content=\"Ya se conocen los ganadores de las entradas para el PARQUE DE MONTA\u00d1A QUARAS en Villa General Belgrano -\" \/>\n<meta property=\"og:description\" content=\"\ud83e\udd29 Felicitaciones a&nbsp;@heredia.nadia&nbsp;y&nbsp;@meli.racca&nbsp;, que ganaron las entradas para el espectacular parque de monta\u00f1a&nbsp;@parquequaras&nbsp;!! \u2728 El sorteo se realiz\u00f3 hoy a las 13 horas, a trav\u00e9s de la aplicaci\u00f3n giveway picker, entre m\u00e1s de 1600 comentarios que cumpl\u00edan con todas las condiciones de participaci\u00f3n. En el caso de que alguna de las ganadoras desista del premio, [&hellip;]\" \/>\n<meta property=\"og:url\" content=\"https:\/\/modoviajeok.com.ar\/index.php\/2025\/12\/16\/ya-se-conocen-los-ganadores-de-las-entradas-para-el-parque-de-montana-quaras-en-villa-general-belgrano\/\" \/>\n<meta property=\"article:publisher\" content=\"https:\/\/www.facebook.com\/mariana.otero1\/\" \/>\n<meta property=\"article:published_time\" content=\"2025-12-16T19:23:34+00:00\" \/>\n<meta property=\"article:modified_time\" content=\"2025-12-18T21:11:52+00:00\" \/>\n<meta property=\"og:image\" content=\"https:\/\/modoviajeok.com.ar\/wp-content\/uploads\/2025\/12\/DSC08179-scaled.jpg\" \/>\n\t<meta property=\"og:image:width\" content=\"1440\" \/>\n\t<meta property=\"og:image:height\" content=\"2560\" \/>\n\t<meta property=\"og:image:type\" content=\"image\/jpeg\" \/>\n<meta name=\"author\" content=\"Pepe Segura\" \/>\n<meta name=\"twitter:card\" content=\"summary_large_image\" \/>\n<meta name=\"twitter:label1\" content=\"Escrito por\" \/>\n\t<meta name=\"twitter:data1\" content=\"Pepe Segura\" \/>\n\t<meta name=\"twitter:label2\" content=\"Tiempo de lectura\" \/>\n\t<meta name=\"twitter:data2\" content=\"1 minuto\" \/>\n<script type=\"application\/ld+json\" class=\"yoast-schema-graph\">{\"@context\":\"https:\/\/schema.org\",\"@graph\":[{\"@type\":\"Article\",\"@id\":\"https:\/\/modoviajeok.com.ar\/index.php\/2025\/12\/16\/ya-se-conocen-los-ganadores-de-las-entradas-para-el-parque-de-montana-quaras-en-villa-general-belgrano\/#article\",\"isPartOf\":{\"@id\":\"https:\/\/modoviajeok.com.ar\/index.php\/2025\/12\/16\/ya-se-conocen-los-ganadores-de-las-entradas-para-el-parque-de-montana-quaras-en-villa-general-belgrano\/\"},\"author\":{\"name\":\"Pepe Segura\",\"@id\":\"https:\/\/modoviajeok.com.ar\/#\/schema\/person\/2e299ed0d3d412a01d244fe28260d7f5\"},\"headline\":\"Ya se conocen los ganadores de las entradas para el PARQUE DE MONTA\u00d1A QUARAS en Villa General Belgrano\",\"datePublished\":\"2025-12-16T19:23:34+00:00\",\"dateModified\":\"2025-12-18T21:11:52+00:00\",\"mainEntityOfPage\":{\"@id\":\"https:\/\/modoviajeok.com.ar\/index.php\/2025\/12\/16\/ya-se-conocen-los-ganadores-de-las-entradas-para-el-parque-de-montana-quaras-en-villa-general-belgrano\/\"},\"wordCount\":144,\"commentCount\":0,\"publisher\":{\"@id\":\"https:\/\/modoviajeok.com.ar\/#organization\"},\"image\":{\"@id\":\"https:\/\/modoviajeok.com.ar\/index.php\/2025\/12\/16\/ya-se-conocen-los-ganadores-de-las-entradas-para-el-parque-de-montana-quaras-en-villa-general-belgrano\/#primaryimage\"},\"thumbnailUrl\":\"https:\/\/modoviajeok.com.ar\/wp-content\/uploads\/2025\/12\/DSC08179-scaled.jpg\",\"keywords\":[\"parque de monta\u00f1a quaras\",\"villa general belgrano\"],\"articleSection\":[\"Destacadas\"],\"inLanguage\":\"es\",\"potentialAction\":[{\"@type\":\"CommentAction\",\"name\":\"Comment\",\"target\":[\"https:\/\/modoviajeok.com.ar\/index.php\/2025\/12\/16\/ya-se-conocen-los-ganadores-de-las-entradas-para-el-parque-de-montana-quaras-en-villa-general-belgrano\/#respond\"]}]},{\"@type\":\"WebPage\",\"@id\":\"https:\/\/modoviajeok.com.ar\/index.php\/2025\/12\/16\/ya-se-conocen-los-ganadores-de-las-entradas-para-el-parque-de-montana-quaras-en-villa-general-belgrano\/\",\"url\":\"https:\/\/modoviajeok.com.ar\/index.php\/2025\/12\/16\/ya-se-conocen-los-ganadores-de-las-entradas-para-el-parque-de-montana-quaras-en-villa-general-belgrano\/\",\"name\":\"Ya se conocen los ganadores de las entradas para el PARQUE DE MONTA\u00d1A QUARAS en Villa General Belgrano -\",\"isPartOf\":{\"@id\":\"https:\/\/modoviajeok.com.ar\/#website\"},\"primaryImageOfPage\":{\"@id\":\"https:\/\/modoviajeok.com.ar\/index.php\/2025\/12\/16\/ya-se-conocen-los-ganadores-de-las-entradas-para-el-parque-de-montana-quaras-en-villa-general-belgrano\/#primaryimage\"},\"image\":{\"@id\":\"https:\/\/modoviajeok.com.ar\/index.php\/2025\/12\/16\/ya-se-conocen-los-ganadores-de-las-entradas-para-el-parque-de-montana-quaras-en-villa-general-belgrano\/#primaryimage\"},\"thumbnailUrl\":\"https:\/\/modoviajeok.com.ar\/wp-content\/uploads\/2025\/12\/DSC08179-scaled.jpg\",\"datePublished\":\"2025-12-16T19:23:34+00:00\",\"dateModified\":\"2025-12-18T21:11:52+00:00\",\"breadcrumb\":{\"@id\":\"https:\/\/modoviajeok.com.ar\/index.php\/2025\/12\/16\/ya-se-conocen-los-ganadores-de-las-entradas-para-el-parque-de-montana-quaras-en-villa-general-belgrano\/#breadcrumb\"},\"inLanguage\":\"es\",\"potentialAction\":[{\"@type\":\"ReadAction\",\"target\":[\"https:\/\/modoviajeok.com.ar\/index.php\/2025\/12\/16\/ya-se-conocen-los-ganadores-de-las-entradas-para-el-parque-de-montana-quaras-en-villa-general-belgrano\/\"]}]},{\"@type\":\"ImageObject\",\"inLanguage\":\"es\",\"@id\":\"https:\/\/modoviajeok.com.ar\/index.php\/2025\/12\/16\/ya-se-conocen-los-ganadores-de-las-entradas-para-el-parque-de-montana-quaras-en-villa-general-belgrano\/#primaryimage\",\"url\":\"https:\/\/modoviajeok.com.ar\/wp-content\/uploads\/2025\/12\/DSC08179-scaled.jpg\",\"contentUrl\":\"https:\/\/modoviajeok.com.ar\/wp-content\/uploads\/2025\/12\/DSC08179-scaled.jpg\",\"width\":1440,\"height\":2560},{\"@type\":\"BreadcrumbList\",\"@id\":\"https:\/\/modoviajeok.com.ar\/index.php\/2025\/12\/16\/ya-se-conocen-los-ganadores-de-las-entradas-para-el-parque-de-montana-quaras-en-villa-general-belgrano\/#breadcrumb\",\"itemListElement\":[{\"@type\":\"ListItem\",\"position\":1,\"name\":\"Portada\",\"item\":\"https:\/\/modoviajeok.com.ar\/\"},{\"@type\":\"ListItem\",\"position\":2,\"name\":\"Ya se conocen los ganadores de las entradas para el PARQUE DE MONTA\u00d1A QUARAS en Villa General Belgrano\"}]},{\"@type\":\"WebSite\",\"@id\":\"https:\/\/modoviajeok.com.ar\/#website\",\"url\":\"https:\/\/modoviajeok.com.ar\/\",\"name\":\"ModoViajeOK\",\"description\":\"\",\"publisher\":{\"@id\":\"https:\/\/modoviajeok.com.ar\/#organization\"},\"potentialAction\":[{\"@type\":\"SearchAction\",\"target\":{\"@type\":\"EntryPoint\",\"urlTemplate\":\"https:\/\/modoviajeok.com.ar\/?s={search_term_string}\"},\"query-input\":{\"@type\":\"PropertyValueSpecification\",\"valueRequired\":true,\"valueName\":\"search_term_string\"}}],\"inLanguage\":\"es\"},{\"@type\":\"Organization\",\"@id\":\"https:\/\/modoviajeok.com.ar\/#organization\",\"name\":\"ModoViajeOK\",\"url\":\"https:\/\/modoviajeok.com.ar\/\",\"logo\":{\"@type\":\"ImageObject\",\"inLanguage\":\"es\",\"@id\":\"https:\/\/modoviajeok.com.ar\/#\/schema\/logo\/image\/\",\"url\":\"https:\/\/modoviajeok.com.ar\/wp-content\/uploads\/2025\/01\/Logo-modoviajeok.png\",\"contentUrl\":\"https:\/\/modoviajeok.com.ar\/wp-content\/uploads\/2025\/01\/Logo-modoviajeok.png\",\"width\":2938,\"height\":2276,\"caption\":\"ModoViajeOK\"},\"image\":{\"@id\":\"https:\/\/modoviajeok.com.ar\/#\/schema\/logo\/image\/\"},\"sameAs\":[\"https:\/\/www.facebook.com\/mariana.otero1\/\",\"https:\/\/www.instagram.com\/modoviaje.ok\/\"]},{\"@type\":\"Person\",\"@id\":\"https:\/\/modoviajeok.com.ar\/#\/schema\/person\/2e299ed0d3d412a01d244fe28260d7f5\",\"name\":\"Pepe Segura\",\"image\":{\"@type\":\"ImageObject\",\"inLanguage\":\"es\",\"@id\":\"https:\/\/modoviajeok.com.ar\/#\/schema\/person\/image\/\",\"url\":\"https:\/\/secure.gravatar.com\/avatar\/65eb4b34deed761327f5b2c5535b987318ae807900ac46426de7258f5de6d345?s=96&d=mm&r=g\",\"contentUrl\":\"https:\/\/secure.gravatar.com\/avatar\/65eb4b34deed761327f5b2c5535b987318ae807900ac46426de7258f5de6d345?s=96&d=mm&r=g\",\"caption\":\"Pepe Segura\"},\"url\":\"https:\/\/modoviajeok.com.ar\/index.php\/author\/pepe2025\/\"}]}<\/script>\n<!-- \/ Yoast SEO plugin. -->","yoast_head_json":{"title":"Ya se conocen los ganadores de las entradas para el PARQUE DE MONTA\u00d1A QUARAS en Villa General Belgrano -","robots":{"index":"index","follow":"follow","max-snippet":"max-snippet:-1","max-image-preview":"max-image-preview:large","max-video-preview":"max-video-preview:-1"},"canonical":"https:\/\/modoviajeok.com.ar\/index.php\/2025\/12\/16\/ya-se-conocen-los-ganadores-de-las-entradas-para-el-parque-de-montana-quaras-en-villa-general-belgrano\/","og_locale":"es_ES","og_type":"article","og_title":"Ya se conocen los ganadores de las entradas para el PARQUE DE MONTA\u00d1A QUARAS en Villa General Belgrano -","og_description":"\ud83e\udd29 Felicitaciones a&nbsp;@heredia.nadia&nbsp;y&nbsp;@meli.racca&nbsp;, que ganaron las entradas para el espectacular parque de monta\u00f1a&nbsp;@parquequaras&nbsp;!! \u2728 El sorteo se realiz\u00f3 hoy a las 13 horas, a trav\u00e9s de la aplicaci\u00f3n giveway picker, entre m\u00e1s de 1600 comentarios que cumpl\u00edan con todas las condiciones de participaci\u00f3n. En el caso de que alguna de las ganadoras desista del premio, [&hellip;]","og_url":"https:\/\/modoviajeok.com.ar\/index.php\/2025\/12\/16\/ya-se-conocen-los-ganadores-de-las-entradas-para-el-parque-de-montana-quaras-en-villa-general-belgrano\/","article_publisher":"https:\/\/www.facebook.com\/mariana.otero1\/","article_published_time":"2025-12-16T19:23:34+00:00","article_modified_time":"2025-12-18T21:11:52+00:00","og_image":[{"width":1440,"height":2560,"url":"https:\/\/modoviajeok.com.ar\/wp-content\/uploads\/2025\/12\/DSC08179-scaled.jpg","type":"image\/jpeg"}],"author":"Pepe Segura","twitter_card":"summary_large_image","twitter_misc":{"Escrito por":"Pepe Segura","Tiempo de lectura":"1 minuto"},"schema":{"@context":"https:\/\/schema.org","@graph":[{"@type":"Article","@id":"https:\/\/modoviajeok.com.ar\/index.php\/2025\/12\/16\/ya-se-conocen-los-ganadores-de-las-entradas-para-el-parque-de-montana-quaras-en-villa-general-belgrano\/#article","isPartOf":{"@id":"https:\/\/modoviajeok.com.ar\/index.php\/2025\/12\/16\/ya-se-conocen-los-ganadores-de-las-entradas-para-el-parque-de-montana-quaras-en-villa-general-belgrano\/"},"author":{"name":"Pepe Segura","@id":"https:\/\/modoviajeok.com.ar\/#\/schema\/person\/2e299ed0d3d412a01d244fe28260d7f5"},"headline":"Ya se conocen los ganadores de las entradas para el PARQUE DE MONTA\u00d1A QUARAS en Villa General Belgrano","datePublished":"2025-12-16T19:23:34+00:00","dateModified":"2025-12-18T21:11:52+00:00","mainEntityOfPage":{"@id":"https:\/\/modoviajeok.com.ar\/index.php\/2025\/12\/16\/ya-se-conocen-los-ganadores-de-las-entradas-para-el-parque-de-montana-quaras-en-villa-general-belgrano\/"},"wordCount":144,"commentCount":0,"publisher":{"@id":"https:\/\/modoviajeok.com.ar\/#organization"},"image":{"@id":"https:\/\/modoviajeok.com.ar\/index.php\/2025\/12\/16\/ya-se-conocen-los-ganadores-de-las-entradas-para-el-parque-de-montana-quaras-en-villa-general-belgrano\/#primaryimage"},"thumbnailUrl":"https:\/\/modoviajeok.com.ar\/wp-content\/uploads\/2025\/12\/DSC08179-scaled.jpg","keywords":["parque de monta\u00f1a quaras","villa general belgrano"],"articleSection":["Destacadas"],"inLanguage":"es","potentialAction":[{"@type":"CommentAction","name":"Comment","target":["https:\/\/modoviajeok.com.ar\/index.php\/2025\/12\/16\/ya-se-conocen-los-ganadores-de-las-entradas-para-el-parque-de-montana-quaras-en-villa-general-belgrano\/#respond"]}]},{"@type":"WebPage","@id":"https:\/\/modoviajeok.com.ar\/index.php\/2025\/12\/16\/ya-se-conocen-los-ganadores-de-las-entradas-para-el-parque-de-montana-quaras-en-villa-general-belgrano\/","url":"https:\/\/modoviajeok.com.ar\/index.php\/2025\/12\/16\/ya-se-conocen-los-ganadores-de-las-entradas-para-el-parque-de-montana-quaras-en-villa-general-belgrano\/","name":"Ya se conocen los ganadores de las entradas para el PARQUE DE MONTA\u00d1A QUARAS en Villa General Belgrano -","isPartOf":{"@id":"https:\/\/modoviajeok.com.ar\/#website"},"primaryImageOfPage":{"@id":"https:\/\/modoviajeok.com.ar\/index.php\/2025\/12\/16\/ya-se-conocen-los-ganadores-de-las-entradas-para-el-parque-de-montana-quaras-en-villa-general-belgrano\/#primaryimage"},"image":{"@id":"https:\/\/modoviajeok.com.ar\/index.php\/2025\/12\/16\/ya-se-conocen-los-ganadores-de-las-entradas-para-el-parque-de-montana-quaras-en-villa-general-belgrano\/#primaryimage"},"thumbnailUrl":"https:\/\/modoviajeok.com.ar\/wp-content\/uploads\/2025\/12\/DSC08179-scaled.jpg","datePublished":"2025-12-16T19:23:34+00:00","dateModified":"2025-12-18T21:11:52+00:00","breadcrumb":{"@id":"https:\/\/modoviajeok.com.ar\/index.php\/2025\/12\/16\/ya-se-conocen-los-ganadores-de-las-entradas-para-el-parque-de-montana-quaras-en-villa-general-belgrano\/#breadcrumb"},"inLanguage":"es","potentialAction":[{"@type":"ReadAction","target":["https:\/\/modoviajeok.com.ar\/index.php\/2025\/12\/16\/ya-se-conocen-los-ganadores-de-las-entradas-para-el-parque-de-montana-quaras-en-villa-general-belgrano\/"]}]},{"@type":"ImageObject","inLanguage":"es","@id":"https:\/\/modoviajeok.com.ar\/index.php\/2025\/12\/16\/ya-se-conocen-los-ganadores-de-las-entradas-para-el-parque-de-montana-quaras-en-villa-general-belgrano\/#primaryimage","url":"https:\/\/modoviajeok.com.ar\/wp-content\/uploads\/2025\/12\/DSC08179-scaled.jpg","contentUrl":"https:\/\/modoviajeok.com.ar\/wp-content\/uploads\/2025\/12\/DSC08179-scaled.jpg","width":1440,"height":2560},{"@type":"BreadcrumbList","@id":"https:\/\/modoviajeok.com.ar\/index.php\/2025\/12\/16\/ya-se-conocen-los-ganadores-de-las-entradas-para-el-parque-de-montana-quaras-en-villa-general-belgrano\/#breadcrumb","itemListElement":[{"@type":"ListItem","position":1,"name":"Portada","item":"https:\/\/modoviajeok.com.ar\/"},{"@type":"ListItem","position":2,"name":"Ya se conocen los ganadores de las entradas para el PARQUE DE MONTA\u00d1A QUARAS en Villa General Belgrano"}]},{"@type":"WebSite","@id":"https:\/\/modoviajeok.com.ar\/#website","url":"https:\/\/modoviajeok.com.ar\/","name":"ModoViajeOK","description":"","publisher":{"@id":"https:\/\/modoviajeok.com.ar\/#organization"},"potentialAction":[{"@type":"SearchAction","target":{"@type":"EntryPoint","urlTemplate":"https:\/\/modoviajeok.com.ar\/?s={search_term_string}"},"query-input":{"@type":"PropertyValueSpecification","valueRequired":true,"valueName":"search_term_string"}}],"inLanguage":"es"},{"@type":"Organization","@id":"https:\/\/modoviajeok.com.ar\/#organization","name":"ModoViajeOK","url":"https:\/\/modoviajeok.com.ar\/","logo":{"@type":"ImageObject","inLanguage":"es","@id":"https:\/\/modoviajeok.com.ar\/#\/schema\/logo\/image\/","url":"https:\/\/modoviajeok.com.ar\/wp-content\/uploads\/2025\/01\/Logo-modoviajeok.png","contentUrl":"https:\/\/modoviajeok.com.ar\/wp-content\/uploads\/2025\/01\/Logo-modoviajeok.png","width":2938,"height":2276,"caption":"ModoViajeOK"},"image":{"@id":"https:\/\/modoviajeok.com.ar\/#\/schema\/logo\/image\/"},"sameAs":["https:\/\/www.facebook.com\/mariana.otero1\/","https:\/\/www.instagram.com\/modoviaje.ok\/"]},{"@type":"Person","@id":"https:\/\/modoviajeok.com.ar\/#\/schema\/person\/2e299ed0d3d412a01d244fe28260d7f5","name":"Pepe Segura","image":{"@type":"ImageObject","inLanguage":"es","@id":"https:\/\/modoviajeok.com.ar\/#\/schema\/person\/image\/","url":"https:\/\/secure.gravatar.com\/avatar\/65eb4b34deed761327f5b2c5535b987318ae807900ac46426de7258f5de6d345?s=96&d=mm&r=g","contentUrl":"https:\/\/secure.gravatar.com\/avatar\/65eb4b34deed761327f5b2c5535b987318ae807900ac46426de7258f5de6d345?s=96&d=mm&r=g","caption":"Pepe Segura"},"url":"https:\/\/modoviajeok.com.ar\/index.php\/author\/pepe2025\/"}]}},"_links":{"self":[{"href":"https:\/\/modoviajeok.com.ar\/index.php\/wp-json\/wp\/v2\/posts\/6908","targetHints":{"allow":["GET"]}}],"collection":[{"href":"https:\/\/modoviajeok.com.ar\/index.php\/wp-json\/wp\/v2\/posts"}],"about":[{"href":"https:\/\/modoviajeok.com.ar\/index.php\/wp-json\/wp\/v2\/types\/post"}],"author":[{"embeddable":true,"href":"https:\/\/modoviajeok.com.ar\/index.php\/wp-json\/wp\/v2\/users\/3"}],"replies":[{"embeddable":true,"href":"https:\/\/modoviajeok.com.ar\/index.php\/wp-json\/wp\/v2\/comments?post=6908"}],"version-history":[{"count":2,"href":"https:\/\/modoviajeok.com.ar\/index.php\/wp-json\/wp\/v2\/posts\/6908\/revisions"}],"predecessor-version":[{"id":6912,"href":"https:\/\/modoviajeok.com.ar\/index.php\/wp-json\/wp\/v2\/posts\/6908\/revisions\/6912"}],"wp:featuredmedia":[{"embeddable":true,"href":"https:\/\/modoviajeok.com.ar\/index.php\/wp-json\/wp\/v2\/media\/6712"}],"wp:attachment":[{"href":"https:\/\/modoviajeok.com.ar\/index.php\/wp-json\/wp\/v2\/media?parent=6908"}],"wp:term":[{"taxonomy":"category","embeddable":true,"href":"https:\/\/modoviajeok.com.ar\/index.php\/wp-json\/wp\/v2\/categories?post=6908"},{"taxonomy":"post_tag","embeddable":true,"href":"https:\/\/modoviajeok.com.ar\/index.php\/wp-json\/wp\/v2\/tags?post=6908"}],"curies":[{"name":"wp","href":"https:\/\/api.w.org\/{rel}","templated":true}]}}