{"id":6915,"date":"2025-12-28T12:10:52","date_gmt":"2025-12-28T15:10:52","guid":{"rendered":"https:\/\/modoviajeok.com.ar\/?p=6915"},"modified":"2026-01-24T19:42:29","modified_gmt":"2026-01-24T22:42:29","slug":"jachal-un-destino-de-historia-cultura-y-naturaleza","status":"publish","type":"post","link":"https:\/\/modoviajeok.com.ar\/index.php\/2025\/12\/28\/jachal-un-destino-de-historia-cultura-y-naturaleza\/","title":{"rendered":"J\u00e1chal, un destino de historia, cultura y naturaleza"},"content":{"rendered":"\n<h2 class=\"wp-block-heading\">Este pueblo del norte de San Juan es parte del Camino Sanmartiniano. El Santuario de San Jos\u00e9 resguarda al Cristo Doliente, una imagen tra\u00edda de Potos\u00ed en el siglo XVIII.<\/h2>\n\n\n\n<p>\u200bEn nuestro road trip de amigas en motorhome por las provincias de San Juan y La Rioja hicimos una parada en J\u00e1chal, en el norte sanjuanino, un destino tur\u00edstico que fusiona una rica herencia cultural, tradiciones y paisajes hermosos.&nbsp;<\/p>\n\n\n\n<figure class=\"wp-block-image size-full\"><img loading=\"lazy\" decoding=\"async\" width=\"1204\" height=\"1600\" src=\"https:\/\/modoviajeok.com.ar\/wp-content\/uploads\/2025\/12\/WhatsApp-Image-2025-12-17-at-11.10.52.jpeg\" alt=\"\" class=\"wp-image-6939\" srcset=\"https:\/\/modoviajeok.com.ar\/wp-content\/uploads\/2025\/12\/WhatsApp-Image-2025-12-17-at-11.10.52.jpeg 1204w, https:\/\/modoviajeok.com.ar\/wp-content\/uploads\/2025\/12\/WhatsApp-Image-2025-12-17-at-11.10.52-768x1021.jpeg 768w, https:\/\/modoviajeok.com.ar\/wp-content\/uploads\/2025\/12\/WhatsApp-Image-2025-12-17-at-11.10.52-1156x1536.jpeg 1156w, https:\/\/modoviajeok.com.ar\/wp-content\/uploads\/2025\/12\/WhatsApp-Image-2025-12-17-at-11.10.52-316x420.jpeg 316w, https:\/\/modoviajeok.com.ar\/wp-content\/uploads\/2025\/12\/WhatsApp-Image-2025-12-17-at-11.10.52-150x199.jpeg 150w, https:\/\/modoviajeok.com.ar\/wp-content\/uploads\/2025\/12\/WhatsApp-Image-2025-12-17-at-11.10.52-300x399.jpeg 300w, https:\/\/modoviajeok.com.ar\/wp-content\/uploads\/2025\/12\/WhatsApp-Image-2025-12-17-at-11.10.52-696x925.jpeg 696w, https:\/\/modoviajeok.com.ar\/wp-content\/uploads\/2025\/12\/WhatsApp-Image-2025-12-17-at-11.10.52-1068x1419.jpeg 1068w\" sizes=\"auto, (max-width: 1204px) 100vw, 1204px\" \/><\/figure>\n\n\n\n<p>Hab\u00edamos pasado la noche en el camping del PN Talampaya en La Rioja (muy recomendable) y desde all\u00ed emprendimos nuestro camino de 150 kil\u00f3metros hacia J\u00e1chal por la RN150, tambi\u00e9n conocida como la \u201cruta de los t\u00faneles\u201d, enmarcada por paisajes impresionantes de la precordillera andina y sus seis t\u00faneles excavados en la monta\u00f1a. Es una ruta esc\u00e9nica y es parte del corredor bioce\u00e1nico central que une dos grandes puertos regionales: el de Porto Alegre, en Brasil, y el puerto de Coquimbo, en Chile. Esta ruta conecta el norte de San Juan, pasando por Huaco, J\u00e1chal y Valle F\u00e9rtil hasta el paso de Agua Negra. En definitiva, une cuatro valles sanjuaninos, la precordillera y la cordillera de Los Andes hasta el paso internacional, que vincula la provincia y el pa\u00eds con Chile.&nbsp;<\/p>\n\n\n\n<figure class=\"wp-block-image size-full\"><img loading=\"lazy\" decoding=\"async\" width=\"1204\" height=\"1600\" src=\"https:\/\/modoviajeok.com.ar\/wp-content\/uploads\/2025\/12\/WhatsApp-Image-2025-12-17-at-11.12.33.jpeg\" alt=\"\" class=\"wp-image-6936\" srcset=\"https:\/\/modoviajeok.com.ar\/wp-content\/uploads\/2025\/12\/WhatsApp-Image-2025-12-17-at-11.12.33.jpeg 1204w, https:\/\/modoviajeok.com.ar\/wp-content\/uploads\/2025\/12\/WhatsApp-Image-2025-12-17-at-11.12.33-768x1021.jpeg 768w, https:\/\/modoviajeok.com.ar\/wp-content\/uploads\/2025\/12\/WhatsApp-Image-2025-12-17-at-11.12.33-1156x1536.jpeg 1156w, https:\/\/modoviajeok.com.ar\/wp-content\/uploads\/2025\/12\/WhatsApp-Image-2025-12-17-at-11.12.33-316x420.jpeg 316w, https:\/\/modoviajeok.com.ar\/wp-content\/uploads\/2025\/12\/WhatsApp-Image-2025-12-17-at-11.12.33-150x199.jpeg 150w, https:\/\/modoviajeok.com.ar\/wp-content\/uploads\/2025\/12\/WhatsApp-Image-2025-12-17-at-11.12.33-300x399.jpeg 300w, https:\/\/modoviajeok.com.ar\/wp-content\/uploads\/2025\/12\/WhatsApp-Image-2025-12-17-at-11.12.33-696x925.jpeg 696w, https:\/\/modoviajeok.com.ar\/wp-content\/uploads\/2025\/12\/WhatsApp-Image-2025-12-17-at-11.12.33-1068x1419.jpeg 1068w\" sizes=\"auto, (max-width: 1204px) 100vw, 1204px\" \/><\/figure>\n\n\n\n<p><strong>El Santuario San Jos\u00e9<\/strong><\/p>\n\n\n\n<p>\u200bEl coraz\u00f3n hist\u00f3rico y espiritual de J\u00e1chal es, sin duda, el Santuario San Jos\u00e9 de J\u00e1chal, declarado Monumento Hist\u00f3rico Nacional. Tiene imponentes muros de adobe de 1,20 metros de espesor y una austera ornamentaci\u00f3n interior, dividida en tres naves por columnas centrales. Aqu\u00ed se narran siglos de historia. Fue fundado frente a la plaza en 1751, y el templo actual se habilit\u00f3 en 1785.&nbsp;<\/p>\n\n\n\n<figure class=\"wp-block-image size-full\"><img loading=\"lazy\" decoding=\"async\" width=\"1204\" height=\"1600\" src=\"https:\/\/modoviajeok.com.ar\/wp-content\/uploads\/2025\/12\/WhatsApp-Image-2025-12-17-at-11.21.42.jpeg\" alt=\"\" class=\"wp-image-6926\" srcset=\"https:\/\/modoviajeok.com.ar\/wp-content\/uploads\/2025\/12\/WhatsApp-Image-2025-12-17-at-11.21.42.jpeg 1204w, https:\/\/modoviajeok.com.ar\/wp-content\/uploads\/2025\/12\/WhatsApp-Image-2025-12-17-at-11.21.42-768x1021.jpeg 768w, https:\/\/modoviajeok.com.ar\/wp-content\/uploads\/2025\/12\/WhatsApp-Image-2025-12-17-at-11.21.42-1156x1536.jpeg 1156w, https:\/\/modoviajeok.com.ar\/wp-content\/uploads\/2025\/12\/WhatsApp-Image-2025-12-17-at-11.21.42-316x420.jpeg 316w, https:\/\/modoviajeok.com.ar\/wp-content\/uploads\/2025\/12\/WhatsApp-Image-2025-12-17-at-11.21.42-150x199.jpeg 150w, https:\/\/modoviajeok.com.ar\/wp-content\/uploads\/2025\/12\/WhatsApp-Image-2025-12-17-at-11.21.42-300x399.jpeg 300w, https:\/\/modoviajeok.com.ar\/wp-content\/uploads\/2025\/12\/WhatsApp-Image-2025-12-17-at-11.21.42-696x925.jpeg 696w, https:\/\/modoviajeok.com.ar\/wp-content\/uploads\/2025\/12\/WhatsApp-Image-2025-12-17-at-11.21.42-1068x1419.jpeg 1068w\" sizes=\"auto, (max-width: 1204px) 100vw, 1204px\" \/><\/figure>\n\n\n\n<p>Su principal tesoro es el famoso Cristo Doliente (tambi\u00e9n conocido como el&nbsp; Cristo Negro). Esta imagen de tama\u00f1o real, articulada y confeccionada en cuero con pelo humano, fue tra\u00edda desde Potos\u00ed (por entonces perteneciente al virreinato del Alto Per\u00fa) en 1783. Es considerada una pieza \u00fanica.&nbsp;<\/p>\n\n\n\n<p>La sala parroquial del templo tambi\u00e9n tiene valor hist\u00f3rico y emotivo para J\u00e1chal, ya que all\u00ed funcion\u00f3 la primera escuela p\u00fablica del pueblo y las autoridades juraron la independencia en 1816.<\/p>\n\n\n\n<p>En la puerta de la iglesia nos encontramos con Lisandro \u201cMamerto\u201d Marinero, un vecino de 81 a\u00f1os, ferviente impulsor de la cultura de J\u00e1chal. Nos cont\u00f3 sobre la historia del pueblo, nos acompa\u00f1\u00f3 en la visita al museo de reliquias religiosas y hasta nos recit\u00f3 un poema de Miguel Tejada que relata el apoyo de este pueblo sanjuanino a las tropas del General San Mart\u00edn.<\/p>\n\n\n\n<figure class=\"wp-block-embed is-type-video is-provider-youtube wp-block-embed-youtube wp-embed-aspect-9-16 wp-has-aspect-ratio\"><div class=\"wp-block-embed__wrapper\">\n<div class=\"youtube-embed\" data-video_id=\"\"><iframe loading=\"lazy\" title=\"Lisandro &quot;Mamerto&quot; Marinero, vecino de J\u00e1chal, San Juan.\" width=\"563\" height=\"1000\" src=\"https:\/\/www.youtube.com\/embed\/20ZdXUFz_n4?feature=oembed&#038;enablejsapi=1\" frameborder=\"0\" allow=\"accelerometer; autoplay; clipboard-write; encrypted-media; gyroscope; picture-in-picture; web-share\" referrerpolicy=\"strict-origin-when-cross-origin\" allowfullscreen><\/iframe><\/div>\n<\/div><\/figure>\n\n\n\n<p>J\u00e1chal es parte del Camino Sanmartiniano, un recorrido hist\u00f3rico que conmemora la gesta libertadora de San Mart\u00edn y el Ej\u00e9rcito de los Andes.<\/p>\n\n\n\n<figure class=\"wp-block-pullquote\"><blockquote><p>Dejamos nuestro motorhome a metros de la plaza, y nada m\u00e1s ingresar al coraz\u00f3n del pueblo, el periodista Roberto P\u00e1ez nos hizo una entrevista para una FM local. Nos pregunt\u00f3 sobre nuestra visita y nuestra valoraci\u00f3n como turistas en la provincia de San Juan. \u00a1La vida de los peque\u00f1os lugares del interior es tan diferente y hermosa! Gracias a J\u00e1chal y a sus vecinos por ser tan buenos anfitriones.<\/p><\/blockquote><\/figure>\n\n\n\n<p><strong>El museo de reliquias<\/strong><\/p>\n\n\n\n<p>Magal\u00ed, gu\u00eda del museo de la iglesia de San Jos\u00e9 de J\u00e1chal, nos mostr\u00f3 las reliquias que atesoran: elementos de la liturgia antigua, un templete, un sagrario&nbsp; de plata realizado por orfebres y el libro de f\u00e1brica, realizado por un p\u00e1rroco que brind\u00f3 all\u00ed sus servicios durante 20 a\u00f1os y que escribi\u00f3 durante todo ese tiempo lo ocurrido en el pueblo. Un registro invaluable.<\/p>\n\n\n\n<figure class=\"wp-block-image size-full\"><img loading=\"lazy\" decoding=\"async\" width=\"1600\" height=\"1204\" src=\"https:\/\/modoviajeok.com.ar\/wp-content\/uploads\/2025\/12\/WhatsApp-Image-2025-12-17-at-11.25.00.jpeg\" alt=\"\" class=\"wp-image-6920\" srcset=\"https:\/\/modoviajeok.com.ar\/wp-content\/uploads\/2025\/12\/WhatsApp-Image-2025-12-17-at-11.25.00.jpeg 1600w, https:\/\/modoviajeok.com.ar\/wp-content\/uploads\/2025\/12\/WhatsApp-Image-2025-12-17-at-11.25.00-768x578.jpeg 768w, https:\/\/modoviajeok.com.ar\/wp-content\/uploads\/2025\/12\/WhatsApp-Image-2025-12-17-at-11.25.00-1536x1156.jpeg 1536w, https:\/\/modoviajeok.com.ar\/wp-content\/uploads\/2025\/12\/WhatsApp-Image-2025-12-17-at-11.25.00-558x420.jpeg 558w, https:\/\/modoviajeok.com.ar\/wp-content\/uploads\/2025\/12\/WhatsApp-Image-2025-12-17-at-11.25.00-80x60.jpeg 80w, https:\/\/modoviajeok.com.ar\/wp-content\/uploads\/2025\/12\/WhatsApp-Image-2025-12-17-at-11.25.00-150x113.jpeg 150w, https:\/\/modoviajeok.com.ar\/wp-content\/uploads\/2025\/12\/WhatsApp-Image-2025-12-17-at-11.25.00-300x226.jpeg 300w, https:\/\/modoviajeok.com.ar\/wp-content\/uploads\/2025\/12\/WhatsApp-Image-2025-12-17-at-11.25.00-696x524.jpeg 696w, https:\/\/modoviajeok.com.ar\/wp-content\/uploads\/2025\/12\/WhatsApp-Image-2025-12-17-at-11.25.00-1068x804.jpeg 1068w, https:\/\/modoviajeok.com.ar\/wp-content\/uploads\/2025\/12\/WhatsApp-Image-2025-12-17-at-11.25.00-265x198.jpeg 265w\" sizes=\"auto, (max-width: 1600px) 100vw, 1600px\" \/><\/figure>\n\n\n\n<p><strong>\u200bQu\u00e9 ver en J\u00e1chal<\/strong><\/p>\n\n\n\n<p>\u200bM\u00e1s all\u00e1 de su emblem\u00e1tico Santuario, J\u00e1chal ofrece un abanico de atractivos para el visitante. En esta oportunidad, nosotras -por cuesti\u00f3n de tiempo- s\u00f3lo visitamos la iglesia y el museo parroquial. As\u00ed que tendremos que regresar para visitar lo pendiente.<\/p>\n\n\n\n<ul class=\"wp-block-list\">\n<li>\u200bMuseo Prieto: Un importante centro cultural que resguarda valiosas colecciones arqueol\u00f3gicas de las culturas abor\u00edgenes que habitaron la regi\u00f3n, con cer\u00e1micas y herramientas precolombinas.<\/li>\n\n\n\n<li>\u200bMolinos Harineros de Huaco: El Molino Viejo o Dojorti es un s\u00edmbolo de la historia productiva de la regi\u00f3n. Estos antiguos molinos del siglo XVIII han sido declarados Monumentos Hist\u00f3ricos Nacionales.<\/li>\n\n\n\n<li>Un paseo por la Plaza Departamental (Plaza San Mart\u00edn), donde se encuentra el monumento a Francisco Narciso Laprida, el Paseo de los Artesanos, y la Herrer\u00eda de Balderramo.<\/li>\n\n\n\n<li>\u200bLa Ci\u00e9naga de Huaco: Un oasis natural rodeado de sierras multicolores, perfecto para el avistamiento de aves y caminatas. Ojo que el camino es complicado para los motorhomes.<\/li>\n\n\n\n<li>\u200b<strong>Tradici\u00f3n y Gastronom\u00eda: <\/strong>J\u00e1chal es cuna de la Fiesta Nacional de la Tradici\u00f3n, que se celebra en noviembre.<\/li>\n\n\n\n<li><\/li>\n<\/ul>\n\n\n\n<figure class=\"wp-block-image size-full\"><img loading=\"lazy\" decoding=\"async\" width=\"900\" height=\"1600\" src=\"https:\/\/modoviajeok.com.ar\/wp-content\/uploads\/2025\/12\/WhatsApp-Image-2025-12-17-at-11.26.22.jpeg\" alt=\"\" class=\"wp-image-6919\" srcset=\"https:\/\/modoviajeok.com.ar\/wp-content\/uploads\/2025\/12\/WhatsApp-Image-2025-12-17-at-11.26.22.jpeg 900w, https:\/\/modoviajeok.com.ar\/wp-content\/uploads\/2025\/12\/WhatsApp-Image-2025-12-17-at-11.26.22-768x1365.jpeg 768w, https:\/\/modoviajeok.com.ar\/wp-content\/uploads\/2025\/12\/WhatsApp-Image-2025-12-17-at-11.26.22-864x1536.jpeg 864w, https:\/\/modoviajeok.com.ar\/wp-content\/uploads\/2025\/12\/WhatsApp-Image-2025-12-17-at-11.26.22-236x420.jpeg 236w, https:\/\/modoviajeok.com.ar\/wp-content\/uploads\/2025\/12\/WhatsApp-Image-2025-12-17-at-11.26.22-150x267.jpeg 150w, https:\/\/modoviajeok.com.ar\/wp-content\/uploads\/2025\/12\/WhatsApp-Image-2025-12-17-at-11.26.22-300x533.jpeg 300w, https:\/\/modoviajeok.com.ar\/wp-content\/uploads\/2025\/12\/WhatsApp-Image-2025-12-17-at-11.26.22-696x1237.jpeg 696w\" sizes=\"auto, (max-width: 900px) 100vw, 900px\" \/><\/figure>\n\n\n\n<p><strong>Datos \u00fatiles<\/strong><\/p>\n\n\n\n<p>Para motorhome. Camping Agua Negra: $5.000 por persona. Tiene amplias instalaciones y un r\u00edo de vertientes al pie de la monta\u00f1a. Falta mejorar la infraestructura de duchas y ba\u00f1os.<\/p>\n","protected":false},"excerpt":{"rendered":"<p>Este pueblo del norte de San Juan es parte del Camino Sanmartiniano. El Santuario de San Jos\u00e9 resguarda al Cristo Doliente, una imagen tra\u00edda de Potos\u00ed en el siglo XVIII. \u200bEn nuestro road trip de amigas en motorhome por las provincias de San Juan y La Rioja hicimos una parada en J\u00e1chal, en el norte [&hellip;]<\/p>\n","protected":false},"author":2,"featured_media":6948,"comment_status":"open","ping_status":"open","sticky":false,"template":"","format":"standard","meta":{"_acf_changed":false,"footnotes":""},"categories":[13,1427,12],"tags":[],"class_list":{"0":"post-6915","1":"post","2":"type-post","3":"status-publish","4":"format-standard","5":"has-post-thumbnail","7":"category-argentina","8":"category-motorhome","9":"category-novedades"},"acf":[],"yoast_head":"<!-- This site is optimized with the Yoast SEO plugin v24.8.1 - https:\/\/yoast.com\/wordpress\/plugins\/seo\/ -->\n<title>J\u00e1chal, un destino de historia, cultura y naturaleza -<\/title>\n<meta name=\"description\" content=\"Este pueblo del norte de San Juan es parte del Camino Sanmartiniano. El Santuario de San Jos\u00e9 resguarda al Cristo Doliente, una imagen tra\u00edda de Potos\u00ed en el siglo XVIII.\" \/>\n<meta name=\"robots\" content=\"index, follow, max-snippet:-1, max-image-preview:large, max-video-preview:-1\" \/>\n<link rel=\"canonical\" href=\"https:\/\/modoviajeok.com.ar\/index.php\/2025\/12\/28\/jachal-un-destino-de-historia-cultura-y-naturaleza\/\" \/>\n<meta property=\"og:locale\" content=\"es_ES\" \/>\n<meta property=\"og:type\" content=\"article\" \/>\n<meta property=\"og:title\" content=\"J\u00e1chal, un destino de historia, cultura y naturaleza -\" \/>\n<meta property=\"og:description\" content=\"Este pueblo del norte de San Juan es parte del Camino Sanmartiniano. El Santuario de San Jos\u00e9 resguarda al Cristo Doliente, una imagen tra\u00edda de Potos\u00ed en el siglo XVIII.\" \/>\n<meta property=\"og:url\" content=\"https:\/\/modoviajeok.com.ar\/index.php\/2025\/12\/28\/jachal-un-destino-de-historia-cultura-y-naturaleza\/\" \/>\n<meta property=\"article:publisher\" content=\"https:\/\/www.facebook.com\/mariana.otero1\/\" \/>\n<meta property=\"article:published_time\" content=\"2025-12-28T15:10:52+00:00\" \/>\n<meta property=\"article:modified_time\" content=\"2026-01-24T22:42:29+00:00\" \/>\n<meta property=\"og:image\" content=\"https:\/\/modoviajeok.com.ar\/wp-content\/uploads\/2025\/12\/WhatsApp-Image-2025-12-17-at-11.06.11.jpeg\" \/>\n\t<meta property=\"og:image:width\" content=\"1599\" \/>\n\t<meta property=\"og:image:height\" content=\"1404\" \/>\n\t<meta property=\"og:image:type\" content=\"image\/jpeg\" \/>\n<meta name=\"author\" content=\"Mariana Otero\" \/>\n<meta name=\"twitter:card\" content=\"summary_large_image\" \/>\n<meta name=\"twitter:label1\" content=\"Escrito por\" \/>\n\t<meta name=\"twitter:data1\" content=\"Mariana Otero\" \/>\n\t<meta name=\"twitter:label2\" content=\"Tiempo de lectura\" \/>\n\t<meta name=\"twitter:data2\" content=\"5 minutos\" \/>\n<script type=\"application\/ld+json\" class=\"yoast-schema-graph\">{\"@context\":\"https:\/\/schema.org\",\"@graph\":[{\"@type\":\"Article\",\"@id\":\"https:\/\/modoviajeok.com.ar\/index.php\/2025\/12\/28\/jachal-un-destino-de-historia-cultura-y-naturaleza\/#article\",\"isPartOf\":{\"@id\":\"https:\/\/modoviajeok.com.ar\/index.php\/2025\/12\/28\/jachal-un-destino-de-historia-cultura-y-naturaleza\/\"},\"author\":{\"name\":\"Mariana Otero\",\"@id\":\"https:\/\/modoviajeok.com.ar\/#\/schema\/person\/1187013488537969db5b1320484d24f4\"},\"headline\":\"J\u00e1chal, un destino de historia, cultura y naturaleza\",\"datePublished\":\"2025-12-28T15:10:52+00:00\",\"dateModified\":\"2026-01-24T22:42:29+00:00\",\"mainEntityOfPage\":{\"@id\":\"https:\/\/modoviajeok.com.ar\/index.php\/2025\/12\/28\/jachal-un-destino-de-historia-cultura-y-naturaleza\/\"},\"wordCount\":857,\"commentCount\":0,\"publisher\":{\"@id\":\"https:\/\/modoviajeok.com.ar\/#organization\"},\"image\":{\"@id\":\"https:\/\/modoviajeok.com.ar\/index.php\/2025\/12\/28\/jachal-un-destino-de-historia-cultura-y-naturaleza\/#primaryimage\"},\"thumbnailUrl\":\"https:\/\/modoviajeok.com.ar\/wp-content\/uploads\/2025\/12\/WhatsApp-Image-2025-12-17-at-11.06.11.jpeg\",\"articleSection\":[\"Argentina\",\"Motorhome\",\"Novedades\"],\"inLanguage\":\"es\",\"potentialAction\":[{\"@type\":\"CommentAction\",\"name\":\"Comment\",\"target\":[\"https:\/\/modoviajeok.com.ar\/index.php\/2025\/12\/28\/jachal-un-destino-de-historia-cultura-y-naturaleza\/#respond\"]}]},{\"@type\":\"WebPage\",\"@id\":\"https:\/\/modoviajeok.com.ar\/index.php\/2025\/12\/28\/jachal-un-destino-de-historia-cultura-y-naturaleza\/\",\"url\":\"https:\/\/modoviajeok.com.ar\/index.php\/2025\/12\/28\/jachal-un-destino-de-historia-cultura-y-naturaleza\/\",\"name\":\"J\u00e1chal, un destino de historia, cultura y naturaleza -\",\"isPartOf\":{\"@id\":\"https:\/\/modoviajeok.com.ar\/#website\"},\"primaryImageOfPage\":{\"@id\":\"https:\/\/modoviajeok.com.ar\/index.php\/2025\/12\/28\/jachal-un-destino-de-historia-cultura-y-naturaleza\/#primaryimage\"},\"image\":{\"@id\":\"https:\/\/modoviajeok.com.ar\/index.php\/2025\/12\/28\/jachal-un-destino-de-historia-cultura-y-naturaleza\/#primaryimage\"},\"thumbnailUrl\":\"https:\/\/modoviajeok.com.ar\/wp-content\/uploads\/2025\/12\/WhatsApp-Image-2025-12-17-at-11.06.11.jpeg\",\"datePublished\":\"2025-12-28T15:10:52+00:00\",\"dateModified\":\"2026-01-24T22:42:29+00:00\",\"description\":\"Este pueblo del norte de San Juan es parte del Camino Sanmartiniano. El Santuario de San Jos\u00e9 resguarda al Cristo Doliente, una imagen tra\u00edda de Potos\u00ed en el siglo XVIII.\",\"breadcrumb\":{\"@id\":\"https:\/\/modoviajeok.com.ar\/index.php\/2025\/12\/28\/jachal-un-destino-de-historia-cultura-y-naturaleza\/#breadcrumb\"},\"inLanguage\":\"es\",\"potentialAction\":[{\"@type\":\"ReadAction\",\"target\":[\"https:\/\/modoviajeok.com.ar\/index.php\/2025\/12\/28\/jachal-un-destino-de-historia-cultura-y-naturaleza\/\"]}]},{\"@type\":\"ImageObject\",\"inLanguage\":\"es\",\"@id\":\"https:\/\/modoviajeok.com.ar\/index.php\/2025\/12\/28\/jachal-un-destino-de-historia-cultura-y-naturaleza\/#primaryimage\",\"url\":\"https:\/\/modoviajeok.com.ar\/wp-content\/uploads\/2025\/12\/WhatsApp-Image-2025-12-17-at-11.06.11.jpeg\",\"contentUrl\":\"https:\/\/modoviajeok.com.ar\/wp-content\/uploads\/2025\/12\/WhatsApp-Image-2025-12-17-at-11.06.11.jpeg\",\"width\":1599,\"height\":1404},{\"@type\":\"BreadcrumbList\",\"@id\":\"https:\/\/modoviajeok.com.ar\/index.php\/2025\/12\/28\/jachal-un-destino-de-historia-cultura-y-naturaleza\/#breadcrumb\",\"itemListElement\":[{\"@type\":\"ListItem\",\"position\":1,\"name\":\"Portada\",\"item\":\"https:\/\/modoviajeok.com.ar\/\"},{\"@type\":\"ListItem\",\"position\":2,\"name\":\"J\u00e1chal, un destino de historia, cultura y naturaleza\"}]},{\"@type\":\"WebSite\",\"@id\":\"https:\/\/modoviajeok.com.ar\/#website\",\"url\":\"https:\/\/modoviajeok.com.ar\/\",\"name\":\"ModoViajeOK\",\"description\":\"\",\"publisher\":{\"@id\":\"https:\/\/modoviajeok.com.ar\/#organization\"},\"potentialAction\":[{\"@type\":\"SearchAction\",\"target\":{\"@type\":\"EntryPoint\",\"urlTemplate\":\"https:\/\/modoviajeok.com.ar\/?s={search_term_string}\"},\"query-input\":{\"@type\":\"PropertyValueSpecification\",\"valueRequired\":true,\"valueName\":\"search_term_string\"}}],\"inLanguage\":\"es\"},{\"@type\":\"Organization\",\"@id\":\"https:\/\/modoviajeok.com.ar\/#organization\",\"name\":\"ModoViajeOK\",\"url\":\"https:\/\/modoviajeok.com.ar\/\",\"logo\":{\"@type\":\"ImageObject\",\"inLanguage\":\"es\",\"@id\":\"https:\/\/modoviajeok.com.ar\/#\/schema\/logo\/image\/\",\"url\":\"https:\/\/modoviajeok.com.ar\/wp-content\/uploads\/2025\/01\/Logo-modoviajeok.png\",\"contentUrl\":\"https:\/\/modoviajeok.com.ar\/wp-content\/uploads\/2025\/01\/Logo-modoviajeok.png\",\"width\":2938,\"height\":2276,\"caption\":\"ModoViajeOK\"},\"image\":{\"@id\":\"https:\/\/modoviajeok.com.ar\/#\/schema\/logo\/image\/\"},\"sameAs\":[\"https:\/\/www.facebook.com\/mariana.otero1\/\",\"https:\/\/www.instagram.com\/modoviaje.ok\/\"]},{\"@type\":\"Person\",\"@id\":\"https:\/\/modoviajeok.com.ar\/#\/schema\/person\/1187013488537969db5b1320484d24f4\",\"name\":\"Mariana Otero\",\"image\":{\"@type\":\"ImageObject\",\"inLanguage\":\"es\",\"@id\":\"https:\/\/modoviajeok.com.ar\/#\/schema\/person\/image\/\",\"url\":\"https:\/\/secure.gravatar.com\/avatar\/8a91a502a9336849a3500b9090c431bc1418f1d1263d893afeddba065f5add82?s=96&d=mm&r=g\",\"contentUrl\":\"https:\/\/secure.gravatar.com\/avatar\/8a91a502a9336849a3500b9090c431bc1418f1d1263d893afeddba065f5add82?s=96&d=mm&r=g\",\"caption\":\"Mariana Otero\"},\"url\":\"https:\/\/modoviajeok.com.ar\/index.php\/author\/mariana2025\/\"}]}<\/script>\n<!-- \/ Yoast SEO plugin. -->","yoast_head_json":{"title":"J\u00e1chal, un destino de historia, cultura y naturaleza -","description":"Este pueblo del norte de San Juan es parte del Camino Sanmartiniano. El Santuario de San Jos\u00e9 resguarda al Cristo Doliente, una imagen tra\u00edda de Potos\u00ed en el siglo XVIII.","robots":{"index":"index","follow":"follow","max-snippet":"max-snippet:-1","max-image-preview":"max-image-preview:large","max-video-preview":"max-video-preview:-1"},"canonical":"https:\/\/modoviajeok.com.ar\/index.php\/2025\/12\/28\/jachal-un-destino-de-historia-cultura-y-naturaleza\/","og_locale":"es_ES","og_type":"article","og_title":"J\u00e1chal, un destino de historia, cultura y naturaleza -","og_description":"Este pueblo del norte de San Juan es parte del Camino Sanmartiniano. El Santuario de San Jos\u00e9 resguarda al Cristo Doliente, una imagen tra\u00edda de Potos\u00ed en el siglo XVIII.","og_url":"https:\/\/modoviajeok.com.ar\/index.php\/2025\/12\/28\/jachal-un-destino-de-historia-cultura-y-naturaleza\/","article_publisher":"https:\/\/www.facebook.com\/mariana.otero1\/","article_published_time":"2025-12-28T15:10:52+00:00","article_modified_time":"2026-01-24T22:42:29+00:00","og_image":[{"width":1599,"height":1404,"url":"https:\/\/modoviajeok.com.ar\/wp-content\/uploads\/2025\/12\/WhatsApp-Image-2025-12-17-at-11.06.11.jpeg","type":"image\/jpeg"}],"author":"Mariana Otero","twitter_card":"summary_large_image","twitter_misc":{"Escrito por":"Mariana Otero","Tiempo de lectura":"5 minutos"},"schema":{"@context":"https:\/\/schema.org","@graph":[{"@type":"Article","@id":"https:\/\/modoviajeok.com.ar\/index.php\/2025\/12\/28\/jachal-un-destino-de-historia-cultura-y-naturaleza\/#article","isPartOf":{"@id":"https:\/\/modoviajeok.com.ar\/index.php\/2025\/12\/28\/jachal-un-destino-de-historia-cultura-y-naturaleza\/"},"author":{"name":"Mariana Otero","@id":"https:\/\/modoviajeok.com.ar\/#\/schema\/person\/1187013488537969db5b1320484d24f4"},"headline":"J\u00e1chal, un destino de historia, cultura y naturaleza","datePublished":"2025-12-28T15:10:52+00:00","dateModified":"2026-01-24T22:42:29+00:00","mainEntityOfPage":{"@id":"https:\/\/modoviajeok.com.ar\/index.php\/2025\/12\/28\/jachal-un-destino-de-historia-cultura-y-naturaleza\/"},"wordCount":857,"commentCount":0,"publisher":{"@id":"https:\/\/modoviajeok.com.ar\/#organization"},"image":{"@id":"https:\/\/modoviajeok.com.ar\/index.php\/2025\/12\/28\/jachal-un-destino-de-historia-cultura-y-naturaleza\/#primaryimage"},"thumbnailUrl":"https:\/\/modoviajeok.com.ar\/wp-content\/uploads\/2025\/12\/WhatsApp-Image-2025-12-17-at-11.06.11.jpeg","articleSection":["Argentina","Motorhome","Novedades"],"inLanguage":"es","potentialAction":[{"@type":"CommentAction","name":"Comment","target":["https:\/\/modoviajeok.com.ar\/index.php\/2025\/12\/28\/jachal-un-destino-de-historia-cultura-y-naturaleza\/#respond"]}]},{"@type":"WebPage","@id":"https:\/\/modoviajeok.com.ar\/index.php\/2025\/12\/28\/jachal-un-destino-de-historia-cultura-y-naturaleza\/","url":"https:\/\/modoviajeok.com.ar\/index.php\/2025\/12\/28\/jachal-un-destino-de-historia-cultura-y-naturaleza\/","name":"J\u00e1chal, un destino de historia, cultura y naturaleza -","isPartOf":{"@id":"https:\/\/modoviajeok.com.ar\/#website"},"primaryImageOfPage":{"@id":"https:\/\/modoviajeok.com.ar\/index.php\/2025\/12\/28\/jachal-un-destino-de-historia-cultura-y-naturaleza\/#primaryimage"},"image":{"@id":"https:\/\/modoviajeok.com.ar\/index.php\/2025\/12\/28\/jachal-un-destino-de-historia-cultura-y-naturaleza\/#primaryimage"},"thumbnailUrl":"https:\/\/modoviajeok.com.ar\/wp-content\/uploads\/2025\/12\/WhatsApp-Image-2025-12-17-at-11.06.11.jpeg","datePublished":"2025-12-28T15:10:52+00:00","dateModified":"2026-01-24T22:42:29+00:00","description":"Este pueblo del norte de San Juan es parte del Camino Sanmartiniano. El Santuario de San Jos\u00e9 resguarda al Cristo Doliente, una imagen tra\u00edda de Potos\u00ed en el siglo XVIII.","breadcrumb":{"@id":"https:\/\/modoviajeok.com.ar\/index.php\/2025\/12\/28\/jachal-un-destino-de-historia-cultura-y-naturaleza\/#breadcrumb"},"inLanguage":"es","potentialAction":[{"@type":"ReadAction","target":["https:\/\/modoviajeok.com.ar\/index.php\/2025\/12\/28\/jachal-un-destino-de-historia-cultura-y-naturaleza\/"]}]},{"@type":"ImageObject","inLanguage":"es","@id":"https:\/\/modoviajeok.com.ar\/index.php\/2025\/12\/28\/jachal-un-destino-de-historia-cultura-y-naturaleza\/#primaryimage","url":"https:\/\/modoviajeok.com.ar\/wp-content\/uploads\/2025\/12\/WhatsApp-Image-2025-12-17-at-11.06.11.jpeg","contentUrl":"https:\/\/modoviajeok.com.ar\/wp-content\/uploads\/2025\/12\/WhatsApp-Image-2025-12-17-at-11.06.11.jpeg","width":1599,"height":1404},{"@type":"BreadcrumbList","@id":"https:\/\/modoviajeok.com.ar\/index.php\/2025\/12\/28\/jachal-un-destino-de-historia-cultura-y-naturaleza\/#breadcrumb","itemListElement":[{"@type":"ListItem","position":1,"name":"Portada","item":"https:\/\/modoviajeok.com.ar\/"},{"@type":"ListItem","position":2,"name":"J\u00e1chal, un destino de historia, cultura y naturaleza"}]},{"@type":"WebSite","@id":"https:\/\/modoviajeok.com.ar\/#website","url":"https:\/\/modoviajeok.com.ar\/","name":"ModoViajeOK","description":"","publisher":{"@id":"https:\/\/modoviajeok.com.ar\/#organization"},"potentialAction":[{"@type":"SearchAction","target":{"@type":"EntryPoint","urlTemplate":"https:\/\/modoviajeok.com.ar\/?s={search_term_string}"},"query-input":{"@type":"PropertyValueSpecification","valueRequired":true,"valueName":"search_term_string"}}],"inLanguage":"es"},{"@type":"Organization","@id":"https:\/\/modoviajeok.com.ar\/#organization","name":"ModoViajeOK","url":"https:\/\/modoviajeok.com.ar\/","logo":{"@type":"ImageObject","inLanguage":"es","@id":"https:\/\/modoviajeok.com.ar\/#\/schema\/logo\/image\/","url":"https:\/\/modoviajeok.com.ar\/wp-content\/uploads\/2025\/01\/Logo-modoviajeok.png","contentUrl":"https:\/\/modoviajeok.com.ar\/wp-content\/uploads\/2025\/01\/Logo-modoviajeok.png","width":2938,"height":2276,"caption":"ModoViajeOK"},"image":{"@id":"https:\/\/modoviajeok.com.ar\/#\/schema\/logo\/image\/"},"sameAs":["https:\/\/www.facebook.com\/mariana.otero1\/","https:\/\/www.instagram.com\/modoviaje.ok\/"]},{"@type":"Person","@id":"https:\/\/modoviajeok.com.ar\/#\/schema\/person\/1187013488537969db5b1320484d24f4","name":"Mariana Otero","image":{"@type":"ImageObject","inLanguage":"es","@id":"https:\/\/modoviajeok.com.ar\/#\/schema\/person\/image\/","url":"https:\/\/secure.gravatar.com\/avatar\/8a91a502a9336849a3500b9090c431bc1418f1d1263d893afeddba065f5add82?s=96&d=mm&r=g","contentUrl":"https:\/\/secure.gravatar.com\/avatar\/8a91a502a9336849a3500b9090c431bc1418f1d1263d893afeddba065f5add82?s=96&d=mm&r=g","caption":"Mariana Otero"},"url":"https:\/\/modoviajeok.com.ar\/index.php\/author\/mariana2025\/"}]}},"_links":{"self":[{"href":"https:\/\/modoviajeok.com.ar\/index.php\/wp-json\/wp\/v2\/posts\/6915","targetHints":{"allow":["GET"]}}],"collection":[{"href":"https:\/\/modoviajeok.com.ar\/index.php\/wp-json\/wp\/v2\/posts"}],"about":[{"href":"https:\/\/modoviajeok.com.ar\/index.php\/wp-json\/wp\/v2\/types\/post"}],"author":[{"embeddable":true,"href":"https:\/\/modoviajeok.com.ar\/index.php\/wp-json\/wp\/v2\/users\/2"}],"replies":[{"embeddable":true,"href":"https:\/\/modoviajeok.com.ar\/index.php\/wp-json\/wp\/v2\/comments?post=6915"}],"version-history":[{"count":5,"href":"https:\/\/modoviajeok.com.ar\/index.php\/wp-json\/wp\/v2\/posts\/6915\/revisions"}],"predecessor-version":[{"id":6992,"href":"https:\/\/modoviajeok.com.ar\/index.php\/wp-json\/wp\/v2\/posts\/6915\/revisions\/6992"}],"wp:featuredmedia":[{"embeddable":true,"href":"https:\/\/modoviajeok.com.ar\/index.php\/wp-json\/wp\/v2\/media\/6948"}],"wp:attachment":[{"href":"https:\/\/modoviajeok.com.ar\/index.php\/wp-json\/wp\/v2\/media?parent=6915"}],"wp:term":[{"taxonomy":"category","embeddable":true,"href":"https:\/\/modoviajeok.com.ar\/index.php\/wp-json\/wp\/v2\/categories?post=6915"},{"taxonomy":"post_tag","embeddable":true,"href":"https:\/\/modoviajeok.com.ar\/index.php\/wp-json\/wp\/v2\/tags?post=6915"}],"curies":[{"name":"wp","href":"https:\/\/api.w.org\/{rel}","templated":true}]}}