{"id":6953,"date":"2025-12-19T06:48:00","date_gmt":"2025-12-19T09:48:00","guid":{"rendered":"https:\/\/modoviajeok.com.ar\/?p=6953"},"modified":"2025-12-18T20:26:30","modified_gmt":"2025-12-18T23:26:30","slug":"sierras-del-sur-lanzo-su-temporada-de-verano","status":"publish","type":"post","link":"https:\/\/modoviajeok.com.ar\/index.php\/2025\/12\/19\/sierras-del-sur-lanzo-su-temporada-de-verano\/","title":{"rendered":"Sierras del Sur lanz\u00f3 su temporada de verano"},"content":{"rendered":"\n<figure class=\"wp-block-pullquote\"><blockquote><p>La agenda de la regi\u00f3n incluye eventos tradicionales como la Fiesta Provincial del Turismo en Achiras, el Festival de Doma y Folclore de R\u00edo de los Sauces, la Fiesta Provincial del Cordero en Alpa Corral y el Festival de Doma y Folclore de Las Albahacas, entre otros.<br><\/p><\/blockquote><\/figure>\n\n\n\n<figure class=\"wp-block-image size-full\"><img loading=\"lazy\" decoding=\"async\" width=\"1536\" height=\"547\" src=\"https:\/\/modoviajeok.com.ar\/wp-content\/uploads\/2025\/12\/WhatsApp-Image-2025-12-17-at-13.13.56-1-1536x1152-2.jpeg\" alt=\"\" class=\"wp-image-6961\" srcset=\"https:\/\/modoviajeok.com.ar\/wp-content\/uploads\/2025\/12\/WhatsApp-Image-2025-12-17-at-13.13.56-1-1536x1152-2.jpeg 1536w, https:\/\/modoviajeok.com.ar\/wp-content\/uploads\/2025\/12\/WhatsApp-Image-2025-12-17-at-13.13.56-1-1536x1152-2-768x274.jpeg 768w, https:\/\/modoviajeok.com.ar\/wp-content\/uploads\/2025\/12\/WhatsApp-Image-2025-12-17-at-13.13.56-1-1536x1152-2-1179x420.jpeg 1179w, https:\/\/modoviajeok.com.ar\/wp-content\/uploads\/2025\/12\/WhatsApp-Image-2025-12-17-at-13.13.56-1-1536x1152-2-150x53.jpeg 150w, https:\/\/modoviajeok.com.ar\/wp-content\/uploads\/2025\/12\/WhatsApp-Image-2025-12-17-at-13.13.56-1-1536x1152-2-300x107.jpeg 300w, https:\/\/modoviajeok.com.ar\/wp-content\/uploads\/2025\/12\/WhatsApp-Image-2025-12-17-at-13.13.56-1-1536x1152-2-696x248.jpeg 696w, https:\/\/modoviajeok.com.ar\/wp-content\/uploads\/2025\/12\/WhatsApp-Image-2025-12-17-at-13.13.56-1-1536x1152-2-1068x380.jpeg 1068w\" sizes=\"auto, (max-width: 1536px) 100vw, 1536px\" \/><\/figure>\n\n\n\n<p>La Regi\u00f3n Tur\u00edstica de Sierras del Sur present\u00f3 oficialmente su Temporada de Verano 2026 en un acto realizado en una acci\u00f3n conjunta entre la Agencia C\u00f3rdoba Turismo y las localidades que integran el corredor. Bajo el lema&nbsp;\u201cTierra de Sol y Festivales de las Sierras del Sur\u201d, el lanzamiento puso en valor la identidad regional, sus paisajes, la diversidad cultural y el trabajo articulado entre municipios y comunas para fortalecer el turismo como motor de desarrollo.<\/p>\n\n\n\n<p>El encuentro fue encabezado por el presidente de la Agencia C\u00f3rdoba Turismo, Dar\u00edo Capitani, y cont\u00f3 con la participaci\u00f3n de Mauricio Garc\u00eda, intendente de Achiras; Vanina Gonz\u00e1lez, intendenta de Alpa Corral; Miriam Ag\u00fcero, jefa comunal de Las Albahacas; In\u00e9s Loduca, secretaria de Turismo, Cultura y Deporte de R\u00edo de los Sauces; y Araceli Isla, secretaria de Deporte y Turismo de R\u00edo Cuarto, adem\u00e1s de autoridades provinciales, municipales y representantes del sector tur\u00edstico.<\/p>\n\n\n\n<p>Durante la presentaci\u00f3n, los intendentes y secretarios de turismo agradecieron al Gobierno de la Provincia de C\u00f3rdoba y a la Agencia C\u00f3rdoba Turismo por la posibilidad de visibilizar la propuesta de la regi\u00f3n, destacaron la conectividad vial que une a las Sierras del Sur a trav\u00e9s de rutas provinciales y subrayaron el valor de las fiestas y festivales como uno de los principales atractivos del verano, capaces de convocar visitantes y dinamizar las econom\u00edas locales.<\/p>\n\n\n\n<p>La agenda de verano incluye eventos tradicionales y convocantes como la 63\u00b0 Fiesta Provincial del Turismo en Achiras, el 37\u00b0 Festival de Doma y Folclore de R\u00edo de los Sauces, la 8\u00b0 Fiesta Provincial del Cordero en Alpa Corral y el 15\u00b0 Festival de Doma y Folclore de Las Albahacas, entre otras celebraciones que reflejan la identidad, la cultura y la alegr\u00eda de la regi\u00f3n.<\/p>\n\n\n\n<p>En su mensaje de cierre, Dar\u00edo Capitani destac\u00f3 el trabajo conjunto y el compromiso de los gobiernos locales con el desarrollo tur\u00edstico:&nbsp;\u201cEl desaf\u00edo de nuestra Agencia es visibilizar cada vez m\u00e1s este hermoso rinc\u00f3n de la provincia y mostrar sus cualidades, sus condiciones y este trabajo en conjunto. El esfuerzo que hacen los intendentes y jefes comunales para poner al turismo en agenda es muy valioso y sin dudas acompa\u00f1a el crecimiento de C\u00f3rdoba. Esa conectividad terrestre que tenemos nos permite seguir posicionando destinos que a\u00f1o a a\u00f1o siguen creciendo\u201d,expres\u00f3.<\/p>\n\n\n      <div class=\"wp_bannerize_container wp_bannerize_layout_vertical\">\n\n        <div class=\"wp_bannerize_banner_box wp_bannerize_category_intertexto-1\" data-title=\"Modo viaje\" data-mime_type=\"image-gif\" data-banner_id=\"1783\" id=\"wpbanner-1783\" data-impressions_enabled=\"true\" data-clicks_enabled=\"true\"><a href=\"https:\/\/www.instagram.com\/modoviaje.ok?igsh=Z3c5emxsZWFtdXN3\"><img decoding=\"async\" border=\"0\" src=\"https:\/\/modoviajeok.com.ar\/wp-content\/uploads\/2025\/02\/modoviaje.ok-300-x-250-px.gif\" alt=\"Modo viaje\" title=\"Modo viaje\" \/><\/a><\/div>      <\/div>\n\n\n","protected":false},"excerpt":{"rendered":"<p>La agenda de la regi\u00f3n incluye eventos tradicionales como la Fiesta Provincial del Turismo en Achiras, el Festival de Doma y Folclore de R\u00edo de los Sauces, la Fiesta Provincial del Cordero en Alpa Corral y el Festival de Doma y Folclore de Las Albahacas, entre otros. La Regi\u00f3n Tur\u00edstica de Sierras del Sur present\u00f3 [&hellip;]<\/p>\n","protected":false},"author":3,"featured_media":6955,"comment_status":"open","ping_status":"open","sticky":false,"template":"","format":"standard","meta":{"_acf_changed":false,"footnotes":""},"categories":[11,10],"tags":[1416,1465,1466,1464,1463],"class_list":{"0":"post-6953","1":"post","2":"type-post","3":"status-publish","4":"format-standard","5":"has-post-thumbnail","7":"category-cordoba","8":"category-noticias","9":"tag-achiras","10":"tag-alpa-corral","11":"tag-las-albahacas","12":"tag-rio-de-los-sauces","13":"tag-sierras-del-sur"},"acf":[],"yoast_head":"<!-- This site is optimized with the Yoast SEO plugin v24.8.1 - https:\/\/yoast.com\/wordpress\/plugins\/seo\/ -->\n<title>Sierras del Sur lanz\u00f3 su temporada de verano -<\/title>\n<meta name=\"robots\" content=\"index, follow, max-snippet:-1, max-image-preview:large, max-video-preview:-1\" \/>\n<link rel=\"canonical\" href=\"https:\/\/modoviajeok.com.ar\/index.php\/2025\/12\/19\/sierras-del-sur-lanzo-su-temporada-de-verano\/\" \/>\n<meta property=\"og:locale\" content=\"es_ES\" \/>\n<meta property=\"og:type\" content=\"article\" \/>\n<meta property=\"og:title\" content=\"Sierras del Sur lanz\u00f3 su temporada de verano -\" \/>\n<meta property=\"og:description\" content=\"La agenda de la regi\u00f3n incluye eventos tradicionales como la Fiesta Provincial del Turismo en Achiras, el Festival de Doma y Folclore de R\u00edo de los Sauces, la Fiesta Provincial del Cordero en Alpa Corral y el Festival de Doma y Folclore de Las Albahacas, entre otros. La Regi\u00f3n Tur\u00edstica de Sierras del Sur present\u00f3 [&hellip;]\" \/>\n<meta property=\"og:url\" content=\"https:\/\/modoviajeok.com.ar\/index.php\/2025\/12\/19\/sierras-del-sur-lanzo-su-temporada-de-verano\/\" \/>\n<meta property=\"article:publisher\" content=\"https:\/\/www.facebook.com\/mariana.otero1\/\" \/>\n<meta property=\"article:published_time\" content=\"2025-12-19T09:48:00+00:00\" \/>\n<meta property=\"og:image\" content=\"https:\/\/modoviajeok.com.ar\/wp-content\/uploads\/2025\/12\/Alpa-Corral-EL-CODITO2.webp\" \/>\n\t<meta property=\"og:image:width\" content=\"1080\" \/>\n\t<meta property=\"og:image:height\" content=\"720\" \/>\n\t<meta property=\"og:image:type\" content=\"image\/webp\" \/>\n<meta name=\"author\" content=\"Pepe Segura\" \/>\n<meta name=\"twitter:card\" content=\"summary_large_image\" \/>\n<meta name=\"twitter:label1\" content=\"Escrito por\" \/>\n\t<meta name=\"twitter:data1\" content=\"Pepe Segura\" \/>\n\t<meta name=\"twitter:label2\" content=\"Tiempo de lectura\" \/>\n\t<meta name=\"twitter:data2\" content=\"3 minutos\" \/>\n<script type=\"application\/ld+json\" class=\"yoast-schema-graph\">{\"@context\":\"https:\/\/schema.org\",\"@graph\":[{\"@type\":\"Article\",\"@id\":\"https:\/\/modoviajeok.com.ar\/index.php\/2025\/12\/19\/sierras-del-sur-lanzo-su-temporada-de-verano\/#article\",\"isPartOf\":{\"@id\":\"https:\/\/modoviajeok.com.ar\/index.php\/2025\/12\/19\/sierras-del-sur-lanzo-su-temporada-de-verano\/\"},\"author\":{\"name\":\"Pepe Segura\",\"@id\":\"https:\/\/modoviajeok.com.ar\/#\/schema\/person\/2e299ed0d3d412a01d244fe28260d7f5\"},\"headline\":\"Sierras del Sur lanz\u00f3 su temporada de verano\",\"datePublished\":\"2025-12-19T09:48:00+00:00\",\"mainEntityOfPage\":{\"@id\":\"https:\/\/modoviajeok.com.ar\/index.php\/2025\/12\/19\/sierras-del-sur-lanzo-su-temporada-de-verano\/\"},\"wordCount\":474,\"commentCount\":0,\"publisher\":{\"@id\":\"https:\/\/modoviajeok.com.ar\/#organization\"},\"image\":{\"@id\":\"https:\/\/modoviajeok.com.ar\/index.php\/2025\/12\/19\/sierras-del-sur-lanzo-su-temporada-de-verano\/#primaryimage\"},\"thumbnailUrl\":\"https:\/\/modoviajeok.com.ar\/wp-content\/uploads\/2025\/12\/Alpa-Corral-EL-CODITO2.webp\",\"keywords\":[\"achiras\",\"alpa corral\",\"las albahacas\",\"rio de los sauces\",\"sierras del sur\"],\"articleSection\":[\"C\u00f3rdoba\",\"Noticias\"],\"inLanguage\":\"es\",\"potentialAction\":[{\"@type\":\"CommentAction\",\"name\":\"Comment\",\"target\":[\"https:\/\/modoviajeok.com.ar\/index.php\/2025\/12\/19\/sierras-del-sur-lanzo-su-temporada-de-verano\/#respond\"]}]},{\"@type\":\"WebPage\",\"@id\":\"https:\/\/modoviajeok.com.ar\/index.php\/2025\/12\/19\/sierras-del-sur-lanzo-su-temporada-de-verano\/\",\"url\":\"https:\/\/modoviajeok.com.ar\/index.php\/2025\/12\/19\/sierras-del-sur-lanzo-su-temporada-de-verano\/\",\"name\":\"Sierras del Sur lanz\u00f3 su temporada de verano -\",\"isPartOf\":{\"@id\":\"https:\/\/modoviajeok.com.ar\/#website\"},\"primaryImageOfPage\":{\"@id\":\"https:\/\/modoviajeok.com.ar\/index.php\/2025\/12\/19\/sierras-del-sur-lanzo-su-temporada-de-verano\/#primaryimage\"},\"image\":{\"@id\":\"https:\/\/modoviajeok.com.ar\/index.php\/2025\/12\/19\/sierras-del-sur-lanzo-su-temporada-de-verano\/#primaryimage\"},\"thumbnailUrl\":\"https:\/\/modoviajeok.com.ar\/wp-content\/uploads\/2025\/12\/Alpa-Corral-EL-CODITO2.webp\",\"datePublished\":\"2025-12-19T09:48:00+00:00\",\"breadcrumb\":{\"@id\":\"https:\/\/modoviajeok.com.ar\/index.php\/2025\/12\/19\/sierras-del-sur-lanzo-su-temporada-de-verano\/#breadcrumb\"},\"inLanguage\":\"es\",\"potentialAction\":[{\"@type\":\"ReadAction\",\"target\":[\"https:\/\/modoviajeok.com.ar\/index.php\/2025\/12\/19\/sierras-del-sur-lanzo-su-temporada-de-verano\/\"]}]},{\"@type\":\"ImageObject\",\"inLanguage\":\"es\",\"@id\":\"https:\/\/modoviajeok.com.ar\/index.php\/2025\/12\/19\/sierras-del-sur-lanzo-su-temporada-de-verano\/#primaryimage\",\"url\":\"https:\/\/modoviajeok.com.ar\/wp-content\/uploads\/2025\/12\/Alpa-Corral-EL-CODITO2.webp\",\"contentUrl\":\"https:\/\/modoviajeok.com.ar\/wp-content\/uploads\/2025\/12\/Alpa-Corral-EL-CODITO2.webp\",\"width\":1080,\"height\":720},{\"@type\":\"BreadcrumbList\",\"@id\":\"https:\/\/modoviajeok.com.ar\/index.php\/2025\/12\/19\/sierras-del-sur-lanzo-su-temporada-de-verano\/#breadcrumb\",\"itemListElement\":[{\"@type\":\"ListItem\",\"position\":1,\"name\":\"Portada\",\"item\":\"https:\/\/modoviajeok.com.ar\/\"},{\"@type\":\"ListItem\",\"position\":2,\"name\":\"Sierras del Sur lanz\u00f3 su temporada de verano\"}]},{\"@type\":\"WebSite\",\"@id\":\"https:\/\/modoviajeok.com.ar\/#website\",\"url\":\"https:\/\/modoviajeok.com.ar\/\",\"name\":\"ModoViajeOK\",\"description\":\"\",\"publisher\":{\"@id\":\"https:\/\/modoviajeok.com.ar\/#organization\"},\"potentialAction\":[{\"@type\":\"SearchAction\",\"target\":{\"@type\":\"EntryPoint\",\"urlTemplate\":\"https:\/\/modoviajeok.com.ar\/?s={search_term_string}\"},\"query-input\":{\"@type\":\"PropertyValueSpecification\",\"valueRequired\":true,\"valueName\":\"search_term_string\"}}],\"inLanguage\":\"es\"},{\"@type\":\"Organization\",\"@id\":\"https:\/\/modoviajeok.com.ar\/#organization\",\"name\":\"ModoViajeOK\",\"url\":\"https:\/\/modoviajeok.com.ar\/\",\"logo\":{\"@type\":\"ImageObject\",\"inLanguage\":\"es\",\"@id\":\"https:\/\/modoviajeok.com.ar\/#\/schema\/logo\/image\/\",\"url\":\"https:\/\/modoviajeok.com.ar\/wp-content\/uploads\/2025\/01\/Logo-modoviajeok.png\",\"contentUrl\":\"https:\/\/modoviajeok.com.ar\/wp-content\/uploads\/2025\/01\/Logo-modoviajeok.png\",\"width\":2938,\"height\":2276,\"caption\":\"ModoViajeOK\"},\"image\":{\"@id\":\"https:\/\/modoviajeok.com.ar\/#\/schema\/logo\/image\/\"},\"sameAs\":[\"https:\/\/www.facebook.com\/mariana.otero1\/\",\"https:\/\/www.instagram.com\/modoviaje.ok\/\"]},{\"@type\":\"Person\",\"@id\":\"https:\/\/modoviajeok.com.ar\/#\/schema\/person\/2e299ed0d3d412a01d244fe28260d7f5\",\"name\":\"Pepe Segura\",\"image\":{\"@type\":\"ImageObject\",\"inLanguage\":\"es\",\"@id\":\"https:\/\/modoviajeok.com.ar\/#\/schema\/person\/image\/\",\"url\":\"https:\/\/secure.gravatar.com\/avatar\/65eb4b34deed761327f5b2c5535b987318ae807900ac46426de7258f5de6d345?s=96&d=mm&r=g\",\"contentUrl\":\"https:\/\/secure.gravatar.com\/avatar\/65eb4b34deed761327f5b2c5535b987318ae807900ac46426de7258f5de6d345?s=96&d=mm&r=g\",\"caption\":\"Pepe Segura\"},\"url\":\"https:\/\/modoviajeok.com.ar\/index.php\/author\/pepe2025\/\"}]}<\/script>\n<!-- \/ Yoast SEO plugin. -->","yoast_head_json":{"title":"Sierras del Sur lanz\u00f3 su temporada de verano -","robots":{"index":"index","follow":"follow","max-snippet":"max-snippet:-1","max-image-preview":"max-image-preview:large","max-video-preview":"max-video-preview:-1"},"canonical":"https:\/\/modoviajeok.com.ar\/index.php\/2025\/12\/19\/sierras-del-sur-lanzo-su-temporada-de-verano\/","og_locale":"es_ES","og_type":"article","og_title":"Sierras del Sur lanz\u00f3 su temporada de verano -","og_description":"La agenda de la regi\u00f3n incluye eventos tradicionales como la Fiesta Provincial del Turismo en Achiras, el Festival de Doma y Folclore de R\u00edo de los Sauces, la Fiesta Provincial del Cordero en Alpa Corral y el Festival de Doma y Folclore de Las Albahacas, entre otros. La Regi\u00f3n Tur\u00edstica de Sierras del Sur present\u00f3 [&hellip;]","og_url":"https:\/\/modoviajeok.com.ar\/index.php\/2025\/12\/19\/sierras-del-sur-lanzo-su-temporada-de-verano\/","article_publisher":"https:\/\/www.facebook.com\/mariana.otero1\/","article_published_time":"2025-12-19T09:48:00+00:00","og_image":[{"width":1080,"height":720,"url":"https:\/\/modoviajeok.com.ar\/wp-content\/uploads\/2025\/12\/Alpa-Corral-EL-CODITO2.webp","type":"image\/webp"}],"author":"Pepe Segura","twitter_card":"summary_large_image","twitter_misc":{"Escrito por":"Pepe Segura","Tiempo de lectura":"3 minutos"},"schema":{"@context":"https:\/\/schema.org","@graph":[{"@type":"Article","@id":"https:\/\/modoviajeok.com.ar\/index.php\/2025\/12\/19\/sierras-del-sur-lanzo-su-temporada-de-verano\/#article","isPartOf":{"@id":"https:\/\/modoviajeok.com.ar\/index.php\/2025\/12\/19\/sierras-del-sur-lanzo-su-temporada-de-verano\/"},"author":{"name":"Pepe Segura","@id":"https:\/\/modoviajeok.com.ar\/#\/schema\/person\/2e299ed0d3d412a01d244fe28260d7f5"},"headline":"Sierras del Sur lanz\u00f3 su temporada de verano","datePublished":"2025-12-19T09:48:00+00:00","mainEntityOfPage":{"@id":"https:\/\/modoviajeok.com.ar\/index.php\/2025\/12\/19\/sierras-del-sur-lanzo-su-temporada-de-verano\/"},"wordCount":474,"commentCount":0,"publisher":{"@id":"https:\/\/modoviajeok.com.ar\/#organization"},"image":{"@id":"https:\/\/modoviajeok.com.ar\/index.php\/2025\/12\/19\/sierras-del-sur-lanzo-su-temporada-de-verano\/#primaryimage"},"thumbnailUrl":"https:\/\/modoviajeok.com.ar\/wp-content\/uploads\/2025\/12\/Alpa-Corral-EL-CODITO2.webp","keywords":["achiras","alpa corral","las albahacas","rio de los sauces","sierras del sur"],"articleSection":["C\u00f3rdoba","Noticias"],"inLanguage":"es","potentialAction":[{"@type":"CommentAction","name":"Comment","target":["https:\/\/modoviajeok.com.ar\/index.php\/2025\/12\/19\/sierras-del-sur-lanzo-su-temporada-de-verano\/#respond"]}]},{"@type":"WebPage","@id":"https:\/\/modoviajeok.com.ar\/index.php\/2025\/12\/19\/sierras-del-sur-lanzo-su-temporada-de-verano\/","url":"https:\/\/modoviajeok.com.ar\/index.php\/2025\/12\/19\/sierras-del-sur-lanzo-su-temporada-de-verano\/","name":"Sierras del Sur lanz\u00f3 su temporada de verano -","isPartOf":{"@id":"https:\/\/modoviajeok.com.ar\/#website"},"primaryImageOfPage":{"@id":"https:\/\/modoviajeok.com.ar\/index.php\/2025\/12\/19\/sierras-del-sur-lanzo-su-temporada-de-verano\/#primaryimage"},"image":{"@id":"https:\/\/modoviajeok.com.ar\/index.php\/2025\/12\/19\/sierras-del-sur-lanzo-su-temporada-de-verano\/#primaryimage"},"thumbnailUrl":"https:\/\/modoviajeok.com.ar\/wp-content\/uploads\/2025\/12\/Alpa-Corral-EL-CODITO2.webp","datePublished":"2025-12-19T09:48:00+00:00","breadcrumb":{"@id":"https:\/\/modoviajeok.com.ar\/index.php\/2025\/12\/19\/sierras-del-sur-lanzo-su-temporada-de-verano\/#breadcrumb"},"inLanguage":"es","potentialAction":[{"@type":"ReadAction","target":["https:\/\/modoviajeok.com.ar\/index.php\/2025\/12\/19\/sierras-del-sur-lanzo-su-temporada-de-verano\/"]}]},{"@type":"ImageObject","inLanguage":"es","@id":"https:\/\/modoviajeok.com.ar\/index.php\/2025\/12\/19\/sierras-del-sur-lanzo-su-temporada-de-verano\/#primaryimage","url":"https:\/\/modoviajeok.com.ar\/wp-content\/uploads\/2025\/12\/Alpa-Corral-EL-CODITO2.webp","contentUrl":"https:\/\/modoviajeok.com.ar\/wp-content\/uploads\/2025\/12\/Alpa-Corral-EL-CODITO2.webp","width":1080,"height":720},{"@type":"BreadcrumbList","@id":"https:\/\/modoviajeok.com.ar\/index.php\/2025\/12\/19\/sierras-del-sur-lanzo-su-temporada-de-verano\/#breadcrumb","itemListElement":[{"@type":"ListItem","position":1,"name":"Portada","item":"https:\/\/modoviajeok.com.ar\/"},{"@type":"ListItem","position":2,"name":"Sierras del Sur lanz\u00f3 su temporada de verano"}]},{"@type":"WebSite","@id":"https:\/\/modoviajeok.com.ar\/#website","url":"https:\/\/modoviajeok.com.ar\/","name":"ModoViajeOK","description":"","publisher":{"@id":"https:\/\/modoviajeok.com.ar\/#organization"},"potentialAction":[{"@type":"SearchAction","target":{"@type":"EntryPoint","urlTemplate":"https:\/\/modoviajeok.com.ar\/?s={search_term_string}"},"query-input":{"@type":"PropertyValueSpecification","valueRequired":true,"valueName":"search_term_string"}}],"inLanguage":"es"},{"@type":"Organization","@id":"https:\/\/modoviajeok.com.ar\/#organization","name":"ModoViajeOK","url":"https:\/\/modoviajeok.com.ar\/","logo":{"@type":"ImageObject","inLanguage":"es","@id":"https:\/\/modoviajeok.com.ar\/#\/schema\/logo\/image\/","url":"https:\/\/modoviajeok.com.ar\/wp-content\/uploads\/2025\/01\/Logo-modoviajeok.png","contentUrl":"https:\/\/modoviajeok.com.ar\/wp-content\/uploads\/2025\/01\/Logo-modoviajeok.png","width":2938,"height":2276,"caption":"ModoViajeOK"},"image":{"@id":"https:\/\/modoviajeok.com.ar\/#\/schema\/logo\/image\/"},"sameAs":["https:\/\/www.facebook.com\/mariana.otero1\/","https:\/\/www.instagram.com\/modoviaje.ok\/"]},{"@type":"Person","@id":"https:\/\/modoviajeok.com.ar\/#\/schema\/person\/2e299ed0d3d412a01d244fe28260d7f5","name":"Pepe Segura","image":{"@type":"ImageObject","inLanguage":"es","@id":"https:\/\/modoviajeok.com.ar\/#\/schema\/person\/image\/","url":"https:\/\/secure.gravatar.com\/avatar\/65eb4b34deed761327f5b2c5535b987318ae807900ac46426de7258f5de6d345?s=96&d=mm&r=g","contentUrl":"https:\/\/secure.gravatar.com\/avatar\/65eb4b34deed761327f5b2c5535b987318ae807900ac46426de7258f5de6d345?s=96&d=mm&r=g","caption":"Pepe Segura"},"url":"https:\/\/modoviajeok.com.ar\/index.php\/author\/pepe2025\/"}]}},"_links":{"self":[{"href":"https:\/\/modoviajeok.com.ar\/index.php\/wp-json\/wp\/v2\/posts\/6953","targetHints":{"allow":["GET"]}}],"collection":[{"href":"https:\/\/modoviajeok.com.ar\/index.php\/wp-json\/wp\/v2\/posts"}],"about":[{"href":"https:\/\/modoviajeok.com.ar\/index.php\/wp-json\/wp\/v2\/types\/post"}],"author":[{"embeddable":true,"href":"https:\/\/modoviajeok.com.ar\/index.php\/wp-json\/wp\/v2\/users\/3"}],"replies":[{"embeddable":true,"href":"https:\/\/modoviajeok.com.ar\/index.php\/wp-json\/wp\/v2\/comments?post=6953"}],"version-history":[{"count":2,"href":"https:\/\/modoviajeok.com.ar\/index.php\/wp-json\/wp\/v2\/posts\/6953\/revisions"}],"predecessor-version":[{"id":6963,"href":"https:\/\/modoviajeok.com.ar\/index.php\/wp-json\/wp\/v2\/posts\/6953\/revisions\/6963"}],"wp:featuredmedia":[{"embeddable":true,"href":"https:\/\/modoviajeok.com.ar\/index.php\/wp-json\/wp\/v2\/media\/6955"}],"wp:attachment":[{"href":"https:\/\/modoviajeok.com.ar\/index.php\/wp-json\/wp\/v2\/media?parent=6953"}],"wp:term":[{"taxonomy":"category","embeddable":true,"href":"https:\/\/modoviajeok.com.ar\/index.php\/wp-json\/wp\/v2\/categories?post=6953"},{"taxonomy":"post_tag","embeddable":true,"href":"https:\/\/modoviajeok.com.ar\/index.php\/wp-json\/wp\/v2\/tags?post=6953"}],"curies":[{"name":"wp","href":"https:\/\/api.w.org\/{rel}","templated":true}]}}