{"id":6988,"date":"2026-01-05T08:58:56","date_gmt":"2026-01-05T11:58:56","guid":{"rendered":"https:\/\/modoviajeok.com.ar\/?p=6988"},"modified":"2026-02-19T21:11:21","modified_gmt":"2026-02-20T00:11:21","slug":"la-comarca-del-jarillal-un-complejo-turistico-de-barro-adobe","status":"publish","type":"post","link":"https:\/\/modoviajeok.com.ar\/index.php\/2026\/01\/05\/la-comarca-del-jarillal-un-complejo-turistico-de-barro-adobe\/","title":{"rendered":"La Comarca del Jarillal: Un complejo tur\u00edstico de barro y adobe"},"content":{"rendered":"\n<p><\/p>\n\n\n\n<h2 class=\"wp-block-heading\">En el peque\u00f1o pueblo sanjuanino de Las Flores, a 2 km del paso internacional Agua Negra, existe un emprendimiento familiar \u00fanico en su tipo: un \u201crefugio\u201d de bioconstrucci\u00f3n. Una propuesta de \u201cturismo experiencial\u201d.<\/h2>\n\n\n\n<figure class=\"wp-block-image size-full\"><img loading=\"lazy\" decoding=\"async\" width=\"900\" height=\"1600\" src=\"https:\/\/modoviajeok.com.ar\/wp-content\/uploads\/2025\/12\/WhatsApp-Image-2025-12-20-at-21.17.05-2.jpeg\" alt=\"\" class=\"wp-image-7012\" srcset=\"https:\/\/modoviajeok.com.ar\/wp-content\/uploads\/2025\/12\/WhatsApp-Image-2025-12-20-at-21.17.05-2.jpeg 900w, https:\/\/modoviajeok.com.ar\/wp-content\/uploads\/2025\/12\/WhatsApp-Image-2025-12-20-at-21.17.05-2-768x1365.jpeg 768w, https:\/\/modoviajeok.com.ar\/wp-content\/uploads\/2025\/12\/WhatsApp-Image-2025-12-20-at-21.17.05-2-864x1536.jpeg 864w, https:\/\/modoviajeok.com.ar\/wp-content\/uploads\/2025\/12\/WhatsApp-Image-2025-12-20-at-21.17.05-2-236x420.jpeg 236w, https:\/\/modoviajeok.com.ar\/wp-content\/uploads\/2025\/12\/WhatsApp-Image-2025-12-20-at-21.17.05-2-150x267.jpeg 150w, https:\/\/modoviajeok.com.ar\/wp-content\/uploads\/2025\/12\/WhatsApp-Image-2025-12-20-at-21.17.05-2-300x533.jpeg 300w, https:\/\/modoviajeok.com.ar\/wp-content\/uploads\/2025\/12\/WhatsApp-Image-2025-12-20-at-21.17.05-2-696x1237.jpeg 696w\" sizes=\"auto, (max-width: 900px) 100vw, 900px\" \/><\/figure>\n\n\n\n<p>Al pie de la Cordillera de los Andes, a 190 kms al noroeste de la capital de San Juan, rodeados por paisajes majestuosos cargados de historia y de prehistoria, se encuentra La Comarca del Jarillal, en el peque\u00f1o pueblo Las Flores, en el coraz\u00f3n del departamento Iglesia.&nbsp;&nbsp;<\/p>\n\n\n\n<p>Se trata de un complejo tur\u00edstico sustentable en un predio de m\u00e1s de cuatro hect\u00e1reas, con un hotel de campo y otros edificios construidos con t\u00e9cnicas y dise\u00f1os de arquitectura natural de barro y adobe, y con todas las comodidades.&nbsp;<\/p>\n\n\n\n<p>Est\u00e1 ubicado a s\u00f3lo 2 kms del control del paso de Agua Negra, uno de los cruces fronterizos a Chile m\u00e1s sorprendentes con su cima a 4.750 msnm.&nbsp;<\/p>\n\n\n\n<p>El pueblo de Rodeo y el ic\u00f3nico Dique Cuesta del Viento est\u00e1n a 18 km al norte.&nbsp;&nbsp;<\/p>\n\n\n\n<p>Cuentan que los <em>apus<\/em> (esp\u00edritus de las monta\u00f1as, en quechua) de la Cordillera de Los Andes circundan La Comarca y la envuelven cargados de su energ\u00eda renovadora y ancestral.<\/p>\n\n\n\n<figure class=\"wp-block-image size-full\"><img loading=\"lazy\" decoding=\"async\" width=\"900\" height=\"1599\" src=\"https:\/\/modoviajeok.com.ar\/wp-content\/uploads\/2025\/12\/WhatsApp-Image-2025-12-20-at-21.17.02-1.jpeg\" alt=\"\" class=\"wp-image-7016\" srcset=\"https:\/\/modoviajeok.com.ar\/wp-content\/uploads\/2025\/12\/WhatsApp-Image-2025-12-20-at-21.17.02-1.jpeg 900w, https:\/\/modoviajeok.com.ar\/wp-content\/uploads\/2025\/12\/WhatsApp-Image-2025-12-20-at-21.17.02-1-768x1364.jpeg 768w, https:\/\/modoviajeok.com.ar\/wp-content\/uploads\/2025\/12\/WhatsApp-Image-2025-12-20-at-21.17.02-1-865x1536.jpeg 865w, https:\/\/modoviajeok.com.ar\/wp-content\/uploads\/2025\/12\/WhatsApp-Image-2025-12-20-at-21.17.02-1-236x420.jpeg 236w, https:\/\/modoviajeok.com.ar\/wp-content\/uploads\/2025\/12\/WhatsApp-Image-2025-12-20-at-21.17.02-1-150x267.jpeg 150w, https:\/\/modoviajeok.com.ar\/wp-content\/uploads\/2025\/12\/WhatsApp-Image-2025-12-20-at-21.17.02-1-300x533.jpeg 300w, https:\/\/modoviajeok.com.ar\/wp-content\/uploads\/2025\/12\/WhatsApp-Image-2025-12-20-at-21.17.02-1-696x1237.jpeg 696w\" sizes=\"auto, (max-width: 900px) 100vw, 900px\" \/><\/figure>\n\n\n\n<p><strong>Arquitectura que respira<\/strong><\/p>\n\n\n\n<p>Llegamos por recomendaci\u00f3n de nuestros anfitriones en&nbsp; Rodeo (hostel y camping Lamaral), sin saber exactamente con qu\u00e9 nos \u00edbamos a encontrar all\u00ed.&nbsp;<\/p>\n\n\n\n<p>Felipe Iacopino y su hija Janhavi nos recibieron con toda la amabilidad del mundo y nos mostraron este complejo levantado con arquitectura natural y con una est\u00e9tica que se condice con el entorno y aspira a conectarte con la tierra.<\/p>\n\n\n\n<p><strong>\u200b<\/strong>\u200bLo primero que nos impact\u00f3 del lugar es la armon\u00eda visual. Aqu\u00ed no hay estructuras que rompen el paisaje; las construcciones parecen brotar de la tierra. Siguiendo los principios de la bioconstrucci\u00f3n, el complejo est\u00e1 en permanente movimiento y para ello utilizan materiales del lugar: barro, ca\u00f1a, madera y piedra. Incluso elaboran el \u201cs\u00faper adobe\u201d, al que le incorporan -tambi\u00e9n- guano, aserr\u00edn y arcilla.\u00a0<\/p>\n\n\n\n<p>\u200bPara conocer m\u00e1s, los visitantes pueden participar del \u00abBio-arquitecTour\u00bb, un recorrido guiado donde se explica c\u00f3mo estos materiales&nbsp; ecol\u00f3gicos ofrecen beneficios t\u00e9rmicos naturales (las paredes llegan a medir hasta 80 cm), manteniendo la frescura en los t\u00f3rridos veranos de Iglesia y, el calor acogedor durante las noches andinas.<\/p>\n\n\n\n<p><strong>Turismo vivencial<\/strong><\/p>\n\n\n\n<p><strong>\u200b<\/strong>\u200bLa propuesta de La Comarca va m\u00e1s all\u00e1 del alojamiento convencional. Es un ecosistema vivo donde conviven la agricultura regenerativa, la educaci\u00f3n y el descanso.&nbsp;<\/p>\n\n\n\n<ul class=\"wp-block-list\">\n<li>\u200b<strong>Sabores de la tierra:<\/strong> El predio cuenta con una producci\u00f3n hort\u00edcola y frutal propia, lo que garantiza una mesa con sabores aut\u00e9nticos y estacionales.<\/li>\n\n\n\n<li>\u200b<strong>Bienestar natural:<\/strong> Est\u00e1 en construcci\u00f3n un \u00e1rea de spa con t\u00e9cnicas de barro, que incluye una estufa de alto rendimiento para el invierno, jacuzzi y \u00e1reas de masajes.<\/li>\n\n\n\n<li>\u200b<strong>Aventura en el entorno:<\/strong> Su ubicaci\u00f3n es privilegiada para los amantes de la naturaleza. A pocos minutos se encuentra el Dique Cuesta del Viento, meca mundial del windsurf y kitesurf, y la imponente Garganta del R\u00edo J\u00e1chal.<\/li>\n<\/ul>\n\n\n\n<p><strong>Un sue\u00f1o familiar<\/strong><\/p>\n\n\n\n<p>La Comarca del Jarillal es el sue\u00f1o de dos familias que emigraron a la provincia de San Juan. Felipe lleg\u00f3 desde Buenos Aires con sus dos hijos en 2009 (nos cont\u00f3 que fue monje en la India) y Antonio, con su esposa y tres hijos, se mudaron desde Chicago, Estados Unidos. en 2011.<\/p>\n\n\n\n<p>\u201cLa experiencia de salir de las urbes es fant\u00e1stica\u201d, nos asegur\u00f3 Felipe, mientras nos mostraba el predio.<\/p>\n\n\n\n<p>El proyecto era vivir respetando y apreciando los ritmos de la Tierra, con foco en la autenticidad y la elecci\u00f3n consciente. En otras palabras, la idea era \u00abvolver a la fuente\u00bb.<\/p>\n\n\n\n<p>Las dos familias compraron esta finca con potreros, manantiales, un bosque de \u00e1lamos y acacias centenarias, y una casa de 180 a\u00f1os, la primera en la zona. \u201cMi pap\u00e1 y mi t\u00edo siempre han sido muy Unidos y han tenido el sue\u00f1o de criar a las dos familias juntas con una forma de vida alejada de la rueda del sistema que nos obliga a estar todo el tiempo produciendo\u201d, nos explic\u00f3 Janhavi, que se dedica al trabajo en cer\u00e1mica.<\/p>\n\n\n\n<figure class=\"wp-block-image size-full\"><img loading=\"lazy\" decoding=\"async\" width=\"900\" height=\"707\" src=\"https:\/\/modoviajeok.com.ar\/wp-content\/uploads\/2025\/12\/mm.png\" alt=\"\" class=\"wp-image-7019\" srcset=\"https:\/\/modoviajeok.com.ar\/wp-content\/uploads\/2025\/12\/mm.png 900w, https:\/\/modoviajeok.com.ar\/wp-content\/uploads\/2025\/12\/mm-768x603.png 768w, https:\/\/modoviajeok.com.ar\/wp-content\/uploads\/2025\/12\/mm-535x420.png 535w, https:\/\/modoviajeok.com.ar\/wp-content\/uploads\/2025\/12\/mm-150x118.png 150w, https:\/\/modoviajeok.com.ar\/wp-content\/uploads\/2025\/12\/mm-300x236.png 300w, https:\/\/modoviajeok.com.ar\/wp-content\/uploads\/2025\/12\/mm-696x547.png 696w\" sizes=\"auto, (max-width: 900px) 100vw, 900px\" \/><\/figure>\n\n\n\n<p>Los hermanos Iacopino renovaron el lugar y desarrollaron nueva infraestructura hasta convertir la casona en un eco-hotel de campo con habitaciones amplias dobles y triples y ba\u00f1os privados.&nbsp;&nbsp;<\/p>\n\n\n\n<p>Hace casi dos siglos all\u00ed viv\u00eda el guardaespaldas de Federico Cantoni, un pol\u00edtico y terrateniente, caudillo de San Juan.&nbsp;<\/p>\n\n\n\n<p>El complejo cuenta con un sal\u00f3n de usos m\u00faltiples equipado con cocina, heladera, un espacio de esparcimiento para los hu\u00e9spedes y pileta.<\/p>\n\n\n\n<p>Adem\u00e1s construyeron una casa ecol\u00f3gica con un dise\u00f1o bioclim\u00e1tico, \u00fanica en su estilo en la provincia de San Juan.&nbsp;<\/p>\n\n\n\n<p>\u201cNuestra idea es vivir de manera m\u00e1s consciente y en contacto con la naturaleza. Mis padres han tenido v\u00ednculo con la construcci\u00f3n; cuando vinimos a vivir ac\u00e1 conocieron la construcci\u00f3n en tierra, que es nuestra principal identidad. Eso con todo el proceso que implica y el desarrollo de nuevas tecnolog\u00edas hemos ido implementando y mejorando los procesos constructivos\u201d, detalla Janhavi.<\/p>\n\n\n\n<p>El espacio sigue en constante desarrollo.&nbsp;&nbsp;<\/p>\n\n\n\n<p>\u201cNuestros hu\u00e9spedes eligen y vienen a buscar disfrute y desconexi\u00f3n para reconectar. A la ma\u00f1ana se escuchan los pajaritos y no vuela una mosca. Ofrecemos tranquilidad, un rico desayuno, una cama c\u00f3moda y un entorno que acompa\u00f1a esa experiencia\u201d, agrega Janhavi.<\/p>\n\n\n\n<p>La Comarca es tambi\u00e9n un espacio de aprendizaje donde se realizan festivales como el <em>\u00abTree Hugger Fest\u00bb<\/em> (Festival de Abraza \u00c1rboles) y talleres sobre vida sustentable y cer\u00e1mica, donde se trabajan las arcillas locales.&nbsp;<\/p>\n\n\n\n<p>En ocasiones, Antonio tambi\u00e9n realiza peque\u00f1as experiencias con la bioconstrucci\u00f3n. Si a alg\u00fan hu\u00e9sped le interesa, se revocan paredes o rellenan muros. \u201cEs tener la oportunidad de un turismo experiencial, con cer\u00e1mica, con&nbsp; agricultura regenerativa, con la huerta y nuestro festival\u201d, subraya Janhavi.<\/p>\n\n\n\n<p><strong>Una comunidad sustentable<\/strong><\/p>\n\n\n\n<p>El nombre de \u201cLa Comarca\u201d no es casual; remite a la idea de comunidad, de pertenencia y de un territorio protegido. Adem\u00e1s de construir caba\u00f1as y diversos espacios, los hermanos regeneraron el suelo. Plantaron cientos de \u00e1rboles donde antes s\u00f3lo hab\u00eda tierra seca y transformaron el Jarillal en un oasis verde.&nbsp;<\/p>\n\n\n\n<p>El lugar es una inspiraci\u00f3n para el turismo sustentable en Argentina.<\/p>\n\n\n\n<figure class=\"wp-block-image size-full\"><img loading=\"lazy\" decoding=\"async\" width=\"900\" height=\"1600\" src=\"https:\/\/modoviajeok.com.ar\/wp-content\/uploads\/2025\/12\/WhatsApp-Image-2025-12-20-at-21.17.06.jpeg\" alt=\"\" class=\"wp-image-7011\" srcset=\"https:\/\/modoviajeok.com.ar\/wp-content\/uploads\/2025\/12\/WhatsApp-Image-2025-12-20-at-21.17.06.jpeg 900w, https:\/\/modoviajeok.com.ar\/wp-content\/uploads\/2025\/12\/WhatsApp-Image-2025-12-20-at-21.17.06-768x1365.jpeg 768w, https:\/\/modoviajeok.com.ar\/wp-content\/uploads\/2025\/12\/WhatsApp-Image-2025-12-20-at-21.17.06-864x1536.jpeg 864w, https:\/\/modoviajeok.com.ar\/wp-content\/uploads\/2025\/12\/WhatsApp-Image-2025-12-20-at-21.17.06-236x420.jpeg 236w, https:\/\/modoviajeok.com.ar\/wp-content\/uploads\/2025\/12\/WhatsApp-Image-2025-12-20-at-21.17.06-150x267.jpeg 150w, https:\/\/modoviajeok.com.ar\/wp-content\/uploads\/2025\/12\/WhatsApp-Image-2025-12-20-at-21.17.06-300x533.jpeg 300w, https:\/\/modoviajeok.com.ar\/wp-content\/uploads\/2025\/12\/WhatsApp-Image-2025-12-20-at-21.17.06-696x1237.jpeg 696w\" sizes=\"auto, (max-width: 900px) 100vw, 900px\" \/><\/figure>\n\n\n\n<p><strong>Datos \u00fatiles<\/strong><\/p>\n\n\n\n<ul class=\"wp-block-list\">\n<li>\u200b<strong>Ubicaci\u00f3n:<\/strong> Las Flores, Departamento de Iglesia, San Juan.<\/li>\n\n\n\n<li>\u200b<strong>Actividades:<\/strong> Cabalgatas, excursiones a la monta\u00f1a, tours de bioconstrucci\u00f3n y cercan\u00eda a deportes n\u00e1uticos.<\/li>\n\n\n\n<li>\u200b<strong>Ideal para:<\/strong> Viajeros eco-conscientes, familias y quienes busquen una experiencia de \u00abslow travel\u00bb. Tambi\u00e9n para pernoctar antes del cruce por el paso internacional Agua Negra<\/li>\n\n\n\n<li>\u200b<strong>Contacto:<\/strong><a href=\"https:\/\/lacomarcadeljarillal.com.ar\"> lacomarcadeljarillal.com.ar<\/a> \/ Instagram: @la.comarca.del.jarillal. reservas@lacomarcadeljarillal.com.ar. Tel\u00e9fono: 264 586-1303<\/li>\n\n\n\n<li><strong>Tour.<\/strong> La Comarca del Jarillal ofrece el Bio-arquitecTour: un fin de semana aprendiendo y conociendo sobre la arquitectura natural.<\/li>\n\n\n\n<li><strong>Paquetes<\/strong>: incluyen actividades y excursiones para dos noches o m\u00e1s.<\/li>\n<\/ul>\n","protected":false},"excerpt":{"rendered":"<p>En el peque\u00f1o pueblo sanjuanino de Las Flores, a 2 km del paso internacional Agua Negra, existe un emprendimiento familiar \u00fanico en su tipo: un \u201crefugio\u201d de bioconstrucci\u00f3n. Una propuesta de \u201cturismo experiencial\u201d. Al pie de la Cordillera de los Andes, a 190 kms al noroeste de la capital de San Juan, rodeados por paisajes [&hellip;]<\/p>\n","protected":false},"author":2,"featured_media":7014,"comment_status":"open","ping_status":"open","sticky":false,"template":"","format":"standard","meta":{"_acf_changed":false,"footnotes":""},"categories":[13,1427,12],"tags":[],"class_list":{"0":"post-6988","1":"post","2":"type-post","3":"status-publish","4":"format-standard","5":"has-post-thumbnail","7":"category-argentina","8":"category-motorhome","9":"category-novedades"},"acf":[],"yoast_head":"<!-- This site is optimized with the Yoast SEO plugin v24.8.1 - https:\/\/yoast.com\/wordpress\/plugins\/seo\/ -->\n<title>La Comarca del Jarillal: Un complejo tur\u00edstico de barro y adobe -<\/title>\n<meta name=\"description\" content=\"En el peque\u00f1o pueblo sanjuanino de Las Flores, a 2 km del paso internacional Agua Negra, existe un \u201crefugio\u201d de bioconstrucci\u00f3n. .\" \/>\n<meta name=\"robots\" content=\"index, follow, max-snippet:-1, max-image-preview:large, max-video-preview:-1\" \/>\n<link rel=\"canonical\" href=\"https:\/\/modoviajeok.com.ar\/index.php\/2026\/01\/05\/la-comarca-del-jarillal-un-complejo-turistico-de-barro-adobe\/\" \/>\n<meta property=\"og:locale\" content=\"es_ES\" \/>\n<meta property=\"og:type\" content=\"article\" \/>\n<meta property=\"og:title\" content=\"La Comarca del Jarillal: Un complejo tur\u00edstico de barro y adobe -\" \/>\n<meta property=\"og:description\" content=\"En el peque\u00f1o pueblo sanjuanino de Las Flores, a 2 km del paso internacional Agua Negra, existe un \u201crefugio\u201d de bioconstrucci\u00f3n. .\" \/>\n<meta property=\"og:url\" content=\"https:\/\/modoviajeok.com.ar\/index.php\/2026\/01\/05\/la-comarca-del-jarillal-un-complejo-turistico-de-barro-adobe\/\" \/>\n<meta property=\"article:publisher\" content=\"https:\/\/www.facebook.com\/mariana.otero1\/\" \/>\n<meta property=\"article:published_time\" content=\"2026-01-05T11:58:56+00:00\" \/>\n<meta property=\"article:modified_time\" content=\"2026-02-20T00:11:21+00:00\" \/>\n<meta property=\"og:image\" content=\"https:\/\/modoviajeok.com.ar\/wp-content\/uploads\/2025\/12\/WhatsApp-Image-2025-12-20-at-21.17.05.jpeg\" \/>\n\t<meta property=\"og:image:width\" content=\"900\" \/>\n\t<meta property=\"og:image:height\" content=\"1600\" \/>\n\t<meta property=\"og:image:type\" content=\"image\/jpeg\" \/>\n<meta name=\"author\" content=\"Mariana Otero\" \/>\n<meta name=\"twitter:card\" content=\"summary_large_image\" \/>\n<meta name=\"twitter:label1\" content=\"Escrito por\" \/>\n\t<meta name=\"twitter:data1\" content=\"Mariana Otero\" \/>\n\t<meta name=\"twitter:label2\" content=\"Tiempo de lectura\" \/>\n\t<meta name=\"twitter:data2\" content=\"7 minutos\" \/>\n<script type=\"application\/ld+json\" class=\"yoast-schema-graph\">{\"@context\":\"https:\/\/schema.org\",\"@graph\":[{\"@type\":\"Article\",\"@id\":\"https:\/\/modoviajeok.com.ar\/index.php\/2026\/01\/05\/la-comarca-del-jarillal-un-complejo-turistico-de-barro-adobe\/#article\",\"isPartOf\":{\"@id\":\"https:\/\/modoviajeok.com.ar\/index.php\/2026\/01\/05\/la-comarca-del-jarillal-un-complejo-turistico-de-barro-adobe\/\"},\"author\":{\"name\":\"Mariana Otero\",\"@id\":\"https:\/\/modoviajeok.com.ar\/#\/schema\/person\/1187013488537969db5b1320484d24f4\"},\"headline\":\"La Comarca del Jarillal: Un complejo tur\u00edstico de barro y adobe\",\"datePublished\":\"2026-01-05T11:58:56+00:00\",\"dateModified\":\"2026-02-20T00:11:21+00:00\",\"mainEntityOfPage\":{\"@id\":\"https:\/\/modoviajeok.com.ar\/index.php\/2026\/01\/05\/la-comarca-del-jarillal-un-complejo-turistico-de-barro-adobe\/\"},\"wordCount\":1210,\"commentCount\":0,\"publisher\":{\"@id\":\"https:\/\/modoviajeok.com.ar\/#organization\"},\"image\":{\"@id\":\"https:\/\/modoviajeok.com.ar\/index.php\/2026\/01\/05\/la-comarca-del-jarillal-un-complejo-turistico-de-barro-adobe\/#primaryimage\"},\"thumbnailUrl\":\"https:\/\/modoviajeok.com.ar\/wp-content\/uploads\/2025\/12\/WhatsApp-Image-2025-12-20-at-21.17.05.jpeg\",\"articleSection\":[\"Argentina\",\"Motorhome\",\"Novedades\"],\"inLanguage\":\"es\",\"potentialAction\":[{\"@type\":\"CommentAction\",\"name\":\"Comment\",\"target\":[\"https:\/\/modoviajeok.com.ar\/index.php\/2026\/01\/05\/la-comarca-del-jarillal-un-complejo-turistico-de-barro-adobe\/#respond\"]}]},{\"@type\":\"WebPage\",\"@id\":\"https:\/\/modoviajeok.com.ar\/index.php\/2026\/01\/05\/la-comarca-del-jarillal-un-complejo-turistico-de-barro-adobe\/\",\"url\":\"https:\/\/modoviajeok.com.ar\/index.php\/2026\/01\/05\/la-comarca-del-jarillal-un-complejo-turistico-de-barro-adobe\/\",\"name\":\"La Comarca del Jarillal: Un complejo tur\u00edstico de barro y adobe -\",\"isPartOf\":{\"@id\":\"https:\/\/modoviajeok.com.ar\/#website\"},\"primaryImageOfPage\":{\"@id\":\"https:\/\/modoviajeok.com.ar\/index.php\/2026\/01\/05\/la-comarca-del-jarillal-un-complejo-turistico-de-barro-adobe\/#primaryimage\"},\"image\":{\"@id\":\"https:\/\/modoviajeok.com.ar\/index.php\/2026\/01\/05\/la-comarca-del-jarillal-un-complejo-turistico-de-barro-adobe\/#primaryimage\"},\"thumbnailUrl\":\"https:\/\/modoviajeok.com.ar\/wp-content\/uploads\/2025\/12\/WhatsApp-Image-2025-12-20-at-21.17.05.jpeg\",\"datePublished\":\"2026-01-05T11:58:56+00:00\",\"dateModified\":\"2026-02-20T00:11:21+00:00\",\"description\":\"En el peque\u00f1o pueblo sanjuanino de Las Flores, a 2 km del paso internacional Agua Negra, existe un \u201crefugio\u201d de bioconstrucci\u00f3n. .\",\"breadcrumb\":{\"@id\":\"https:\/\/modoviajeok.com.ar\/index.php\/2026\/01\/05\/la-comarca-del-jarillal-un-complejo-turistico-de-barro-adobe\/#breadcrumb\"},\"inLanguage\":\"es\",\"potentialAction\":[{\"@type\":\"ReadAction\",\"target\":[\"https:\/\/modoviajeok.com.ar\/index.php\/2026\/01\/05\/la-comarca-del-jarillal-un-complejo-turistico-de-barro-adobe\/\"]}]},{\"@type\":\"ImageObject\",\"inLanguage\":\"es\",\"@id\":\"https:\/\/modoviajeok.com.ar\/index.php\/2026\/01\/05\/la-comarca-del-jarillal-un-complejo-turistico-de-barro-adobe\/#primaryimage\",\"url\":\"https:\/\/modoviajeok.com.ar\/wp-content\/uploads\/2025\/12\/WhatsApp-Image-2025-12-20-at-21.17.05.jpeg\",\"contentUrl\":\"https:\/\/modoviajeok.com.ar\/wp-content\/uploads\/2025\/12\/WhatsApp-Image-2025-12-20-at-21.17.05.jpeg\",\"width\":900,\"height\":1600},{\"@type\":\"BreadcrumbList\",\"@id\":\"https:\/\/modoviajeok.com.ar\/index.php\/2026\/01\/05\/la-comarca-del-jarillal-un-complejo-turistico-de-barro-adobe\/#breadcrumb\",\"itemListElement\":[{\"@type\":\"ListItem\",\"position\":1,\"name\":\"Portada\",\"item\":\"https:\/\/modoviajeok.com.ar\/\"},{\"@type\":\"ListItem\",\"position\":2,\"name\":\"La Comarca del Jarillal: Un complejo tur\u00edstico de barro y adobe\"}]},{\"@type\":\"WebSite\",\"@id\":\"https:\/\/modoviajeok.com.ar\/#website\",\"url\":\"https:\/\/modoviajeok.com.ar\/\",\"name\":\"ModoViajeOK\",\"description\":\"\",\"publisher\":{\"@id\":\"https:\/\/modoviajeok.com.ar\/#organization\"},\"potentialAction\":[{\"@type\":\"SearchAction\",\"target\":{\"@type\":\"EntryPoint\",\"urlTemplate\":\"https:\/\/modoviajeok.com.ar\/?s={search_term_string}\"},\"query-input\":{\"@type\":\"PropertyValueSpecification\",\"valueRequired\":true,\"valueName\":\"search_term_string\"}}],\"inLanguage\":\"es\"},{\"@type\":\"Organization\",\"@id\":\"https:\/\/modoviajeok.com.ar\/#organization\",\"name\":\"ModoViajeOK\",\"url\":\"https:\/\/modoviajeok.com.ar\/\",\"logo\":{\"@type\":\"ImageObject\",\"inLanguage\":\"es\",\"@id\":\"https:\/\/modoviajeok.com.ar\/#\/schema\/logo\/image\/\",\"url\":\"https:\/\/modoviajeok.com.ar\/wp-content\/uploads\/2025\/01\/Logo-modoviajeok.png\",\"contentUrl\":\"https:\/\/modoviajeok.com.ar\/wp-content\/uploads\/2025\/01\/Logo-modoviajeok.png\",\"width\":2938,\"height\":2276,\"caption\":\"ModoViajeOK\"},\"image\":{\"@id\":\"https:\/\/modoviajeok.com.ar\/#\/schema\/logo\/image\/\"},\"sameAs\":[\"https:\/\/www.facebook.com\/mariana.otero1\/\",\"https:\/\/www.instagram.com\/modoviaje.ok\/\"]},{\"@type\":\"Person\",\"@id\":\"https:\/\/modoviajeok.com.ar\/#\/schema\/person\/1187013488537969db5b1320484d24f4\",\"name\":\"Mariana Otero\",\"image\":{\"@type\":\"ImageObject\",\"inLanguage\":\"es\",\"@id\":\"https:\/\/modoviajeok.com.ar\/#\/schema\/person\/image\/\",\"url\":\"https:\/\/secure.gravatar.com\/avatar\/8a91a502a9336849a3500b9090c431bc1418f1d1263d893afeddba065f5add82?s=96&d=mm&r=g\",\"contentUrl\":\"https:\/\/secure.gravatar.com\/avatar\/8a91a502a9336849a3500b9090c431bc1418f1d1263d893afeddba065f5add82?s=96&d=mm&r=g\",\"caption\":\"Mariana Otero\"},\"url\":\"https:\/\/modoviajeok.com.ar\/index.php\/author\/mariana2025\/\"}]}<\/script>\n<!-- \/ Yoast SEO plugin. -->","yoast_head_json":{"title":"La Comarca del Jarillal: Un complejo tur\u00edstico de barro y adobe -","description":"En el peque\u00f1o pueblo sanjuanino de Las Flores, a 2 km del paso internacional Agua Negra, existe un \u201crefugio\u201d de bioconstrucci\u00f3n. .","robots":{"index":"index","follow":"follow","max-snippet":"max-snippet:-1","max-image-preview":"max-image-preview:large","max-video-preview":"max-video-preview:-1"},"canonical":"https:\/\/modoviajeok.com.ar\/index.php\/2026\/01\/05\/la-comarca-del-jarillal-un-complejo-turistico-de-barro-adobe\/","og_locale":"es_ES","og_type":"article","og_title":"La Comarca del Jarillal: Un complejo tur\u00edstico de barro y adobe -","og_description":"En el peque\u00f1o pueblo sanjuanino de Las Flores, a 2 km del paso internacional Agua Negra, existe un \u201crefugio\u201d de bioconstrucci\u00f3n. .","og_url":"https:\/\/modoviajeok.com.ar\/index.php\/2026\/01\/05\/la-comarca-del-jarillal-un-complejo-turistico-de-barro-adobe\/","article_publisher":"https:\/\/www.facebook.com\/mariana.otero1\/","article_published_time":"2026-01-05T11:58:56+00:00","article_modified_time":"2026-02-20T00:11:21+00:00","og_image":[{"width":900,"height":1600,"url":"https:\/\/modoviajeok.com.ar\/wp-content\/uploads\/2025\/12\/WhatsApp-Image-2025-12-20-at-21.17.05.jpeg","type":"image\/jpeg"}],"author":"Mariana Otero","twitter_card":"summary_large_image","twitter_misc":{"Escrito por":"Mariana Otero","Tiempo de lectura":"7 minutos"},"schema":{"@context":"https:\/\/schema.org","@graph":[{"@type":"Article","@id":"https:\/\/modoviajeok.com.ar\/index.php\/2026\/01\/05\/la-comarca-del-jarillal-un-complejo-turistico-de-barro-adobe\/#article","isPartOf":{"@id":"https:\/\/modoviajeok.com.ar\/index.php\/2026\/01\/05\/la-comarca-del-jarillal-un-complejo-turistico-de-barro-adobe\/"},"author":{"name":"Mariana Otero","@id":"https:\/\/modoviajeok.com.ar\/#\/schema\/person\/1187013488537969db5b1320484d24f4"},"headline":"La Comarca del Jarillal: Un complejo tur\u00edstico de barro y adobe","datePublished":"2026-01-05T11:58:56+00:00","dateModified":"2026-02-20T00:11:21+00:00","mainEntityOfPage":{"@id":"https:\/\/modoviajeok.com.ar\/index.php\/2026\/01\/05\/la-comarca-del-jarillal-un-complejo-turistico-de-barro-adobe\/"},"wordCount":1210,"commentCount":0,"publisher":{"@id":"https:\/\/modoviajeok.com.ar\/#organization"},"image":{"@id":"https:\/\/modoviajeok.com.ar\/index.php\/2026\/01\/05\/la-comarca-del-jarillal-un-complejo-turistico-de-barro-adobe\/#primaryimage"},"thumbnailUrl":"https:\/\/modoviajeok.com.ar\/wp-content\/uploads\/2025\/12\/WhatsApp-Image-2025-12-20-at-21.17.05.jpeg","articleSection":["Argentina","Motorhome","Novedades"],"inLanguage":"es","potentialAction":[{"@type":"CommentAction","name":"Comment","target":["https:\/\/modoviajeok.com.ar\/index.php\/2026\/01\/05\/la-comarca-del-jarillal-un-complejo-turistico-de-barro-adobe\/#respond"]}]},{"@type":"WebPage","@id":"https:\/\/modoviajeok.com.ar\/index.php\/2026\/01\/05\/la-comarca-del-jarillal-un-complejo-turistico-de-barro-adobe\/","url":"https:\/\/modoviajeok.com.ar\/index.php\/2026\/01\/05\/la-comarca-del-jarillal-un-complejo-turistico-de-barro-adobe\/","name":"La Comarca del Jarillal: Un complejo tur\u00edstico de barro y adobe -","isPartOf":{"@id":"https:\/\/modoviajeok.com.ar\/#website"},"primaryImageOfPage":{"@id":"https:\/\/modoviajeok.com.ar\/index.php\/2026\/01\/05\/la-comarca-del-jarillal-un-complejo-turistico-de-barro-adobe\/#primaryimage"},"image":{"@id":"https:\/\/modoviajeok.com.ar\/index.php\/2026\/01\/05\/la-comarca-del-jarillal-un-complejo-turistico-de-barro-adobe\/#primaryimage"},"thumbnailUrl":"https:\/\/modoviajeok.com.ar\/wp-content\/uploads\/2025\/12\/WhatsApp-Image-2025-12-20-at-21.17.05.jpeg","datePublished":"2026-01-05T11:58:56+00:00","dateModified":"2026-02-20T00:11:21+00:00","description":"En el peque\u00f1o pueblo sanjuanino de Las Flores, a 2 km del paso internacional Agua Negra, existe un \u201crefugio\u201d de bioconstrucci\u00f3n. .","breadcrumb":{"@id":"https:\/\/modoviajeok.com.ar\/index.php\/2026\/01\/05\/la-comarca-del-jarillal-un-complejo-turistico-de-barro-adobe\/#breadcrumb"},"inLanguage":"es","potentialAction":[{"@type":"ReadAction","target":["https:\/\/modoviajeok.com.ar\/index.php\/2026\/01\/05\/la-comarca-del-jarillal-un-complejo-turistico-de-barro-adobe\/"]}]},{"@type":"ImageObject","inLanguage":"es","@id":"https:\/\/modoviajeok.com.ar\/index.php\/2026\/01\/05\/la-comarca-del-jarillal-un-complejo-turistico-de-barro-adobe\/#primaryimage","url":"https:\/\/modoviajeok.com.ar\/wp-content\/uploads\/2025\/12\/WhatsApp-Image-2025-12-20-at-21.17.05.jpeg","contentUrl":"https:\/\/modoviajeok.com.ar\/wp-content\/uploads\/2025\/12\/WhatsApp-Image-2025-12-20-at-21.17.05.jpeg","width":900,"height":1600},{"@type":"BreadcrumbList","@id":"https:\/\/modoviajeok.com.ar\/index.php\/2026\/01\/05\/la-comarca-del-jarillal-un-complejo-turistico-de-barro-adobe\/#breadcrumb","itemListElement":[{"@type":"ListItem","position":1,"name":"Portada","item":"https:\/\/modoviajeok.com.ar\/"},{"@type":"ListItem","position":2,"name":"La Comarca del Jarillal: Un complejo tur\u00edstico de barro y adobe"}]},{"@type":"WebSite","@id":"https:\/\/modoviajeok.com.ar\/#website","url":"https:\/\/modoviajeok.com.ar\/","name":"ModoViajeOK","description":"","publisher":{"@id":"https:\/\/modoviajeok.com.ar\/#organization"},"potentialAction":[{"@type":"SearchAction","target":{"@type":"EntryPoint","urlTemplate":"https:\/\/modoviajeok.com.ar\/?s={search_term_string}"},"query-input":{"@type":"PropertyValueSpecification","valueRequired":true,"valueName":"search_term_string"}}],"inLanguage":"es"},{"@type":"Organization","@id":"https:\/\/modoviajeok.com.ar\/#organization","name":"ModoViajeOK","url":"https:\/\/modoviajeok.com.ar\/","logo":{"@type":"ImageObject","inLanguage":"es","@id":"https:\/\/modoviajeok.com.ar\/#\/schema\/logo\/image\/","url":"https:\/\/modoviajeok.com.ar\/wp-content\/uploads\/2025\/01\/Logo-modoviajeok.png","contentUrl":"https:\/\/modoviajeok.com.ar\/wp-content\/uploads\/2025\/01\/Logo-modoviajeok.png","width":2938,"height":2276,"caption":"ModoViajeOK"},"image":{"@id":"https:\/\/modoviajeok.com.ar\/#\/schema\/logo\/image\/"},"sameAs":["https:\/\/www.facebook.com\/mariana.otero1\/","https:\/\/www.instagram.com\/modoviaje.ok\/"]},{"@type":"Person","@id":"https:\/\/modoviajeok.com.ar\/#\/schema\/person\/1187013488537969db5b1320484d24f4","name":"Mariana Otero","image":{"@type":"ImageObject","inLanguage":"es","@id":"https:\/\/modoviajeok.com.ar\/#\/schema\/person\/image\/","url":"https:\/\/secure.gravatar.com\/avatar\/8a91a502a9336849a3500b9090c431bc1418f1d1263d893afeddba065f5add82?s=96&d=mm&r=g","contentUrl":"https:\/\/secure.gravatar.com\/avatar\/8a91a502a9336849a3500b9090c431bc1418f1d1263d893afeddba065f5add82?s=96&d=mm&r=g","caption":"Mariana Otero"},"url":"https:\/\/modoviajeok.com.ar\/index.php\/author\/mariana2025\/"}]}},"_links":{"self":[{"href":"https:\/\/modoviajeok.com.ar\/index.php\/wp-json\/wp\/v2\/posts\/6988","targetHints":{"allow":["GET"]}}],"collection":[{"href":"https:\/\/modoviajeok.com.ar\/index.php\/wp-json\/wp\/v2\/posts"}],"about":[{"href":"https:\/\/modoviajeok.com.ar\/index.php\/wp-json\/wp\/v2\/types\/post"}],"author":[{"embeddable":true,"href":"https:\/\/modoviajeok.com.ar\/index.php\/wp-json\/wp\/v2\/users\/2"}],"replies":[{"embeddable":true,"href":"https:\/\/modoviajeok.com.ar\/index.php\/wp-json\/wp\/v2\/comments?post=6988"}],"version-history":[{"count":7,"href":"https:\/\/modoviajeok.com.ar\/index.php\/wp-json\/wp\/v2\/posts\/6988\/revisions"}],"predecessor-version":[{"id":7103,"href":"https:\/\/modoviajeok.com.ar\/index.php\/wp-json\/wp\/v2\/posts\/6988\/revisions\/7103"}],"wp:featuredmedia":[{"embeddable":true,"href":"https:\/\/modoviajeok.com.ar\/index.php\/wp-json\/wp\/v2\/media\/7014"}],"wp:attachment":[{"href":"https:\/\/modoviajeok.com.ar\/index.php\/wp-json\/wp\/v2\/media?parent=6988"}],"wp:term":[{"taxonomy":"category","embeddable":true,"href":"https:\/\/modoviajeok.com.ar\/index.php\/wp-json\/wp\/v2\/categories?post=6988"},{"taxonomy":"post_tag","embeddable":true,"href":"https:\/\/modoviajeok.com.ar\/index.php\/wp-json\/wp\/v2\/tags?post=6988"}],"curies":[{"name":"wp","href":"https:\/\/api.w.org\/{rel}","templated":true}]}}